{"id":1318123,"date":"2021-03-17T08:30:50","date_gmt":"2021-03-17T07:30:50","guid":{"rendered":"https:\/\/www.varesenews.it\/?p=1318123"},"modified":"2021-03-16T17:37:08","modified_gmt":"2021-03-16T16:37:08","slug":"uisp-tiziano-pesce-presidente-nazionale","status":"publish","type":"post","link":"https:\/\/staging.varesenews.it\/2021\/03\/uisp-tiziano-pesce-presidente-nazionale\/1318123\/","title":{"rendered":"Uisp: Tiziano Pesce \u00e8 il nuovo presidente nazionale"},"content":{"rendered":"<p><strong>Tiziano Pesce, 45 anni, di Genova<\/strong>, \u00e8 il nuovo <strong>presidente nazionale Uisp.<\/strong> \u00c8 stato eletto al termine del Congresso nazionale dell\u2019associazione, che si \u00e8 concluso nella mattinata di <strong>domenica 14 marzo<\/strong>, al termine di tre giorni di lavori. Sono stati impegnati 278 delegati in videoconferenza, in <strong>rappresentanza di 1.112.047 soci e 14.158 asd e societ\u00e0 sportive<\/strong>. Tiziano Pesce, con una\u00a0 radicata esperienza nello sport sociale e nel terzo settore, sia nel territorio ligure, sia a livello nazionale,\u00a0<strong>raccoglie il testimone di Vincenzo Manco<\/strong>, che ha concluso un ciclo di due mandati, otto anni, al timone di Uisp.<\/p>\n<p>\u201cSoprattutto in momenti difficili come questi <strong>si misura il valore sociale di Uisp<\/strong> &#8211; dice Pesce, ringraziando i delegati &#8211;\u00a0Il nostro compito principale oggi \u00e8 quello di essere al fianco di asd e societ\u00e0 sportive del territorio, al <strong>dramma di un movimento di base<\/strong> che rischia di essere spazzato via dall\u2019emergenza sanitaria, che Uisp ha il dovere di difendere e rappresentare nei confronti del governo e ad ogni livello delle istituzioni locali\u201d.<\/p>\n<p>Subito dopo la sua proclamazione da parte della Presidenza del XIX Congresso nazionale Uisp, Tiziano <strong>Pesce ha ringraziato Vincenzo Manco<\/strong>, presidente nazionale uscente, <strong>Tommaso Dorati,<\/strong> segretario generale Uisp<strong> e l\u2019intero gruppo dirigente,<\/strong> a cominciare da quello territoriale sino a quello nazionale, che lo ha accompagnato in questi anni nei quali \u00e8 stato vicepresidente nazionale dell\u2019associazione.<br \/>\n\u201cLe trasformazioni saranno continue e<strong> viviamo in un periodo di emergenza dal quale speriamo di poter uscire presto<\/strong>, per questo il mio \u00e8 un programma di inizio mandato \u2013 ha detto il neopresidente nazionale \u2013\u00a0<strong>siamo la Uisp dei territori che alza lo sguardo<\/strong> alla dimensione europea. Quello dello sport sociale \u00e8 un importante banco di prova per nuove politiche pubbliche sulla salute, sul benessere, sull\u2019inclusione, sull\u2019ambiente, sulla solidariet\u00e0, sulle pari opportunit\u00e0 tra generi. Uisp \u00e8 una grande rete associativa e la conferma \u00e8 venuta proprio da questo nostro Congresso. Come ci ha detto Luca Gori, della Scuola Sant\u2019Anna di Pisa,<strong> la rete alimenta la riforma e la riforma sollecita la rete<\/strong>. Uisp deve raccogliere questa sfida, sperimentando nuove metriche e nuovi indicatori, qualitativi e quantitativi\u201d.<\/p>\n<p>\u201cPer superare questo terribile momento <strong>c\u2019\u00e8 bisogno di responsabilit\u00e0:<\/strong> abbiamo davanti sfide enormi e ce la faremo soltanto se saremo capaci di affrontarle tutti insieme. C\u2019\u00e8 bisogno di tanta umilt\u00e0: la chiedo a me stesso e all\u2019intero gruppo dirigente Uisp. Dobbiamo rimanere sempre<strong> attenti alle esigenze e ai problemi dell\u2019intero tessuto associativo.<\/strong> Solo cos\u00ec potremo superare la crisi alla quale ci ha indotto la pandemia e tornare a crescere. La presidenza nazionale Uisp per me \u00e8 una tappa importante di un percorso. C\u2019\u00e8 bisogno di tutti, \u00e8 il noi che vince\u201d.<\/p>\n","protected":false},"excerpt":{"rendered":"<p>\u00abCi vogliono responsabilit\u00e0 e umilt\u00e0 per superare il dramma della pandemia. \u00c8 il &#8220;noi&#8221; che vince\u00bb. Il nuovo numero uno succede a Vincenzo Manco<\/p>\n","protected":false},"author":38,"featured_media":0,"comment_status":"open","ping_status":"open","sticky":false,"template":"","format":"standard","meta":{"footnotes":""},"categories":[9,14],"tags":[104640],"acf":[],"yoast_head":"<!-- This site is optimized with the Yoast SEO plugin v20.1 - https:\/\/yoast.com\/wordpress\/plugins\/seo\/ -->\n<title>Uisp: Tiziano Pesce \u00e8 il nuovo presidente nazionale<\/title>\n<meta name=\"description\" content=\"\u00abCi vogliono responsabilit\u00e0 e umilt\u00e0 per superare il dramma della pandemia. \u00c8 il &quot;noi&quot; che vince\u00bb. Il nuovo numero uno succede a Vincenzo Manco\" \/>\n<meta name=\"robots\" content=\"noindex, follow, max-snippet:-1, max-image-preview:large, max-video-preview:-1\" \/>\n<meta property=\"og:locale\" content=\"it_IT\" \/>\n<meta property=\"og:type\" content=\"article\" \/>\n<meta property=\"og:title\" content=\"Uisp: Tiziano Pesce \u00e8 il nuovo presidente nazionale\" \/>\n<meta property=\"og:description\" content=\"\u00abCi vogliono responsabilit\u00e0 e umilt\u00e0 per superare il dramma della pandemia. \u00c8 il &quot;noi&quot; che vince\u00bb. Il nuovo numero uno succede a Vincenzo Manco\" \/>\n<meta property=\"og:url\" content=\"https:\/\/staging.varesenews.it\/2021\/03\/uisp-tiziano-pesce-presidente-nazionale\/1318123\/\" \/>\n<meta property=\"og:site_name\" content=\"VareseNews\" \/>\n<meta property=\"article:publisher\" content=\"https:\/\/www.facebook.com\/varesenews\" \/>\n<meta property=\"article:published_time\" content=\"2021-03-17T07:30:50+00:00\" \/>\n<meta property=\"article:modified_time\" content=\"2021-03-16T16:37:08+00:00\" \/>\n<meta name=\"author\" content=\"Damiano Franzetti\" \/>\n<meta name=\"twitter:card\" content=\"summary_large_image\" \/>\n<meta name=\"twitter:creator\" content=\"@damianofranz\" \/>\n<meta name=\"twitter:site\" content=\"@varesenews\" \/>\n<meta name=\"twitter:label1\" content=\"Scritto da\" \/>\n\t<meta name=\"twitter:data1\" content=\"Damiano Franzetti\" \/>\n\t<meta name=\"twitter:label2\" content=\"Tempo di lettura stimato\" \/>\n\t<meta name=\"twitter:data2\" content=\"2 minuti\" \/>\n<script type=\"application\/ld+json\" class=\"yoast-schema-graph\">{\"@context\":\"https:\/\/schema.org\",\"@graph\":[{\"@type\":\"WebPage\",\"@id\":\"https:\/\/staging.varesenews.it\/2021\/03\/uisp-tiziano-pesce-presidente-nazionale\/1318123\/\",\"url\":\"https:\/\/staging.varesenews.it\/2021\/03\/uisp-tiziano-pesce-presidente-nazionale\/1318123\/\",\"name\":\"Uisp: Tiziano Pesce \u00e8 il nuovo presidente nazionale\",\"isPartOf\":{\"@id\":\"https:\/\/staging.varesenews.it\/#website\"},\"datePublished\":\"2021-03-17T07:30:50+00:00\",\"dateModified\":\"2021-03-16T16:37:08+00:00\",\"author\":{\"@id\":\"https:\/\/staging.varesenews.it\/#\/schema\/person\/709ae3769f6b4dbde8ec332baede8a5b\"},\"description\":\"\u00abCi vogliono responsabilit\u00e0 e umilt\u00e0 per superare il dramma della pandemia. \u00c8 il \\\"noi\\\" che vince\u00bb. Il nuovo numero uno succede a Vincenzo Manco\",\"breadcrumb\":{\"@id\":\"https:\/\/staging.varesenews.it\/2021\/03\/uisp-tiziano-pesce-presidente-nazionale\/1318123\/#breadcrumb\"},\"inLanguage\":\"it-IT\",\"potentialAction\":[{\"@type\":\"ReadAction\",\"target\":[\"https:\/\/staging.varesenews.it\/2021\/03\/uisp-tiziano-pesce-presidente-nazionale\/1318123\/\"]}]},{\"@type\":\"BreadcrumbList\",\"@id\":\"https:\/\/staging.varesenews.it\/2021\/03\/uisp-tiziano-pesce-presidente-nazionale\/1318123\/#breadcrumb\",\"itemListElement\":[{\"@type\":\"ListItem\",\"position\":1,\"name\":\"Home\",\"item\":\"https:\/\/www.varesenews.it\/\"},{\"@type\":\"ListItem\",\"position\":2,\"name\":\"Uisp: Tiziano Pesce \u00e8 il nuovo presidente nazionale\"}]},{\"@type\":\"WebSite\",\"@id\":\"https:\/\/staging.varesenews.it\/#website\",\"url\":\"https:\/\/staging.varesenews.it\/\",\"name\":\"VareseNews\",\"description\":\"\",\"potentialAction\":[{\"@type\":\"SearchAction\",\"target\":{\"@type\":\"EntryPoint\",\"urlTemplate\":\"https:\/\/staging.varesenews.it\/?s={search_term_string}\"},\"query-input\":\"required name=search_term_string\"}],\"inLanguage\":\"it-IT\"},{\"@type\":\"Person\",\"@id\":\"https:\/\/staging.varesenews.it\/#\/schema\/person\/709ae3769f6b4dbde8ec332baede8a5b\",\"name\":\"Damiano Franzetti\",\"image\":{\"@type\":\"ImageObject\",\"inLanguage\":\"it-IT\",\"@id\":\"https:\/\/staging.varesenews.it\/#\/schema\/person\/image\/\",\"url\":\"https:\/\/staging.varesenews.it\/wp-content\/uploads\/2020\/12\/damiano_franzetti_colori_500.jpg\",\"contentUrl\":\"https:\/\/staging.varesenews.it\/wp-content\/uploads\/2020\/12\/damiano_franzetti_colori_500.jpg\",\"caption\":\"Damiano Franzetti\"},\"description\":\"Classe 1976, una laurea (nel cassetto) in scienze e tecnologie alimentari; sono giornalista professionista dal 2009 nato e cresciuto con VareseNews dove mi occupo soprattutto di sport ormai da vent&rsquo;anni. Inviato sui campi (sulle piste, sulle strade...), intervistatore, coordinatore e responsabile delle pagine sportive, mi ritaglio volentieri lo spazio per scrivere di birra sul blog Malto Gradimento. Ho seguito innumerevoli campionati di Serie A di basket, di serie B di calcio, due Mondiali di ciclismo, qualche Giro d&rsquo;;Italia e tanto altro ancora. Collaboro con Tuttosport e altre testate, mi diletto di social. Ho una moglie, un figlio, vivo nella mia Gemonio e ho purtroppo smesso con il basket giocato. &nbsp;\",\"sameAs\":[\"damianofranz\",\"https:\/\/www.linkedin.com\/profile\/view?id=241597124&trk=nav_responsive_tab_profile\",\"https:\/\/twitter.com\/damianofranz\"],\"url\":\"https:\/\/staging.varesenews.it\/persona\/damiano_franzetti-2\/\"}]}<\/script>\n<!-- \/ Yoast SEO plugin. -->","yoast_head_json":{"title":"Uisp: Tiziano Pesce \u00e8 il nuovo presidente nazionale","description":"\u00abCi vogliono responsabilit\u00e0 e umilt\u00e0 per superare il dramma della pandemia. \u00c8 il \"noi\" che vince\u00bb. Il nuovo numero uno succede a Vincenzo Manco","robots":{"index":"noindex","follow":"follow","max-snippet":"max-snippet:-1","max-image-preview":"max-image-preview:large","max-video-preview":"max-video-preview:-1"},"og_locale":"it_IT","og_type":"article","og_title":"Uisp: Tiziano Pesce \u00e8 il nuovo presidente nazionale","og_description":"\u00abCi vogliono responsabilit\u00e0 e umilt\u00e0 per superare il dramma della pandemia. \u00c8 il \"noi\" che vince\u00bb. Il nuovo numero uno succede a Vincenzo Manco","og_url":"https:\/\/staging.varesenews.it\/2021\/03\/uisp-tiziano-pesce-presidente-nazionale\/1318123\/","og_site_name":"VareseNews","article_publisher":"https:\/\/www.facebook.com\/varesenews","article_published_time":"2021-03-17T07:30:50+00:00","article_modified_time":"2021-03-16T16:37:08+00:00","author":"Damiano Franzetti","twitter_card":"summary_large_image","twitter_creator":"@damianofranz","twitter_site":"@varesenews","twitter_misc":{"Scritto da":"Damiano Franzetti","Tempo di lettura stimato":"2 minuti"},"schema":{"@context":"https:\/\/schema.org","@graph":[{"@type":"WebPage","@id":"https:\/\/staging.varesenews.it\/2021\/03\/uisp-tiziano-pesce-presidente-nazionale\/1318123\/","url":"https:\/\/staging.varesenews.it\/2021\/03\/uisp-tiziano-pesce-presidente-nazionale\/1318123\/","name":"Uisp: Tiziano Pesce \u00e8 il nuovo presidente nazionale","isPartOf":{"@id":"https:\/\/staging.varesenews.it\/#website"},"datePublished":"2021-03-17T07:30:50+00:00","dateModified":"2021-03-16T16:37:08+00:00","author":{"@id":"https:\/\/staging.varesenews.it\/#\/schema\/person\/709ae3769f6b4dbde8ec332baede8a5b"},"description":"\u00abCi vogliono responsabilit\u00e0 e umilt\u00e0 per superare il dramma della pandemia. \u00c8 il \"noi\" che vince\u00bb. Il nuovo numero uno succede a Vincenzo Manco","breadcrumb":{"@id":"https:\/\/staging.varesenews.it\/2021\/03\/uisp-tiziano-pesce-presidente-nazionale\/1318123\/#breadcrumb"},"inLanguage":"it-IT","potentialAction":[{"@type":"ReadAction","target":["https:\/\/staging.varesenews.it\/2021\/03\/uisp-tiziano-pesce-presidente-nazionale\/1318123\/"]}]},{"@type":"BreadcrumbList","@id":"https:\/\/staging.varesenews.it\/2021\/03\/uisp-tiziano-pesce-presidente-nazionale\/1318123\/#breadcrumb","itemListElement":[{"@type":"ListItem","position":1,"name":"Home","item":"https:\/\/www.varesenews.it\/"},{"@type":"ListItem","position":2,"name":"Uisp: Tiziano Pesce \u00e8 il nuovo presidente nazionale"}]},{"@type":"WebSite","@id":"https:\/\/staging.varesenews.it\/#website","url":"https:\/\/staging.varesenews.it\/","name":"VareseNews","description":"","potentialAction":[{"@type":"SearchAction","target":{"@type":"EntryPoint","urlTemplate":"https:\/\/staging.varesenews.it\/?s={search_term_string}"},"query-input":"required name=search_term_string"}],"inLanguage":"it-IT"},{"@type":"Person","@id":"https:\/\/staging.varesenews.it\/#\/schema\/person\/709ae3769f6b4dbde8ec332baede8a5b","name":"Damiano Franzetti","image":{"@type":"ImageObject","inLanguage":"it-IT","@id":"https:\/\/staging.varesenews.it\/#\/schema\/person\/image\/","url":"https:\/\/staging.varesenews.it\/wp-content\/uploads\/2020\/12\/damiano_franzetti_colori_500.jpg","contentUrl":"https:\/\/staging.varesenews.it\/wp-content\/uploads\/2020\/12\/damiano_franzetti_colori_500.jpg","caption":"Damiano Franzetti"},"description":"Classe 1976, una laurea (nel cassetto) in scienze e tecnologie alimentari; sono giornalista professionista dal 2009 nato e cresciuto con VareseNews dove mi occupo soprattutto di sport ormai da vent&rsquo;anni. Inviato sui campi (sulle piste, sulle strade...), intervistatore, coordinatore e responsabile delle pagine sportive, mi ritaglio volentieri lo spazio per scrivere di birra sul blog Malto Gradimento. Ho seguito innumerevoli campionati di Serie A di basket, di serie B di calcio, due Mondiali di ciclismo, qualche Giro d&rsquo;;Italia e tanto altro ancora. Collaboro con Tuttosport e altre testate, mi diletto di social. Ho una moglie, un figlio, vivo nella mia Gemonio e ho purtroppo smesso con il basket giocato. &nbsp;","sameAs":["damianofranz","https:\/\/www.linkedin.com\/profile\/view?id=241597124&trk=nav_responsive_tab_profile","https:\/\/twitter.com\/damianofranz"],"url":"https:\/\/staging.varesenews.it\/persona\/damiano_franzetti-2\/"}]}},"post_meta":{"_edit_lock":"1615912796:38","_edit_last":"38","_category_permalink":"a:1:{s:8:\"category\";s:2:\"14\";}","foto":"1209838","firma-personalizzata":"Redazione Uisp nazionale","argomento":"Speciale UISP","_yoast_wpseo_content_score":"30","_jd_tweet_this":"yes","_wpt_short_url":"http:\/\/www.varesenews.it\/2021\/03\/uisp-tiziano-pesce-presidente-nazionale\/1318123\/","_wp_jd_target":"http:\/\/www.varesenews.it\/2021\/03\/uisp-tiziano-pesce-presidente-nazionale\/1318123\/","_jd_wp_twitter":"a:1:{i:0;s:148:\"Uisp: Tiziano Pesce \u00e8 il nuovo presidente nazionale http:\/\/www.varesenews.it\/2021\/03\/uisp-tiziano-pesce-presidente-nazionale\/1318123\/ #specialeuisp\";}","_wpt_status_message":"Tweet inviato con successo.","_encloseme":"1","ratings_users":"0","ratings_score":"0","ratings_average":"0"},"photos":[{"original":"https:\/\/staging.varesenews.it\/photogallery_new\/images\/2021\/03\/tiziano-pesce-vincenzo-manco-uisp-1209838.jpg","full":"https:\/\/staging.varesenews.it\/photogallery_new\/images\/2021\/03\/tiziano-pesce-vincenzo-manco-uisp-1209838.1024x768.jpg","large":"https:\/\/staging.varesenews.it\/photogallery_new\/images\/2021\/03\/tiziano-pesce-vincenzo-manco-uisp-1209838.610x431.jpg"}],"_links":{"self":[{"href":"https:\/\/staging.varesenews.it\/swgapi\/v1\/wp\/v2\/posts\/1318123"}],"collection":[{"href":"https:\/\/staging.varesenews.it\/swgapi\/v1\/wp\/v2\/posts"}],"about":[{"href":"https:\/\/staging.varesenews.it\/swgapi\/v1\/wp\/v2\/types\/post"}],"author":[{"embeddable":true,"href":"https:\/\/staging.varesenews.it\/swgapi\/v1\/wp\/v2\/users\/38"}],"replies":[{"embeddable":true,"href":"https:\/\/staging.varesenews.it\/swgapi\/v1\/wp\/v2\/comments?post=1318123"}],"version-history":[{"count":0,"href":"https:\/\/staging.varesenews.it\/swgapi\/v1\/wp\/v2\/posts\/1318123\/revisions"}],"wp:attachment":[{"href":"https:\/\/staging.varesenews.it\/swgapi\/v1\/wp\/v2\/media?parent=1318123"}],"wp:term":[{"taxonomy":"category","embeddable":true,"href":"https:\/\/staging.varesenews.it\/swgapi\/v1\/wp\/v2\/categories?post=1318123"},{"taxonomy":"post_tag","embeddable":true,"href":"https:\/\/staging.varesenews.it\/swgapi\/v1\/wp\/v2\/tags?post=1318123"}],"curies":[{"name":"wp","href":"https:\/\/api.w.org\/{rel}","templated":true}]}}