{"id":1318320,"date":"2021-03-17T12:27:32","date_gmt":"2021-03-17T11:27:32","guid":{"rendered":"https:\/\/www.varesenews.it\/?p=1318320"},"modified":"2021-03-17T12:27:32","modified_gmt":"2021-03-17T11:27:32","slug":"zona-rossa-lombardia-consigli-della-uisp","status":"publish","type":"post","link":"https:\/\/staging.varesenews.it\/2021\/03\/zona-rossa-lombardia-consigli-della-uisp\/1318320\/","title":{"rendered":"Zona rossa in Lombardia, i consigli della Uisp"},"content":{"rendered":"<blockquote><p><span style=\"color: #ff0000;\"><strong>NOTIZIARIO UISP<\/strong><\/span> del 17 marzo 2021<\/p><\/blockquote>\n<p><strong>LOMBARDIA &#8211;\u00a0Zona Rossa s\u00ec, ma continuiamo a stare in movimento<br \/>\n<\/strong><br \/>\nIn base all\u2019Ordinanza del Ministro della Salute del 12 marzo 2021, a partire da luned\u00ec 15 marzo la Lombardia \u00e8 collocata in &#8220;zona rossa&#8221;.<br \/>\nSono sospese le attivit\u00e0 sportive, comprese quelle che si svolgono nei centri sportivi all\u2019aperto, cos\u00ec come tutti gli eventi e le competizioni sportive organizzate dagli enti di promozione sportiva che dovranno essere riprogrammati. Restano chiuse palestre, piscine, centri natatori, centri benessere e centri termali (fatta eccezione per l\u2019erogazione delle prestazioni rientranti nei livelli essenziali di assistenza e per le attivit\u00e0 riabilitative o terapeutiche).<br \/>\n\u00c8 consentito svolgere individualmente attivit\u00e0 motoria all&#8217;aperto in prossimit\u00e0 della propria abitazione, purch\u00e9 nel rispetto della distanza di sicurezza di almeno un metro da ogni altra persona, fatti salvi i casi in cui sia necessaria la presenza di un accompagnatore per i minori o le persone non completamente autosufficienti, e con obbligo di utilizzo di dispositivi di protezione delle vie respiratorie (salvo che per i soggetti esclusi da tale obbligo).<\/p>\n<p>\u00c8 altres\u00ec consentito lo svolgimento di attivit\u00e0 sportiva all\u2019aperto in forma individuale. Nonostante le restrizioni, lo sport ed il movimento sono ancora in parte consentiti, perci\u00f2 vi invitiamo a continuare a fare movimento, nel rispetto di tutte le regole in essere.<br \/>\nLo sport \u00e8 salute! L&#8217;attivit\u00e0 fisica regolare migliora il rendimento del cuore e la funzione respiratoria, permette all&#8217;apparato cardiovascolare di apportare una quantit\u00e0 maggiore di ossigeno all&#8217;organismo per ogni battito cardiaco e aumenta la quantit\u00e0 massima di ossigeno che i polmoni riescono ad assorbire. Sul sito di UISP Lombardia saranno pubblicati i successivi aggiornamenti.<\/p>\n<p><strong>VELA &#8211; Il Progetto Capitan Uncino prosegue sul Lago d&#8217;Iseo<\/strong><\/p>\n<p>\u201cCapitan Uncino\u201d \u00e8 un progetto Uisp nazionale, in collaborazione con l&#8217;SdA Uisp nazionale Vela, co-finanziato da Fondazione Vodafone Italia. In sei localit\u00e0 italiane sono stati attivati altrettanti laboratori sportivi, che coinvolgono 180 giovani con e senza disabilit\u00e0 fra i 13 e i 20 anni, con l&#8217;obiettivo di lavorare insieme alla coprogettazione, costruzione e utilizzo di sei barche a vela disegnate per equipaggio misto.<br \/>\nLe localit\u00e0 coinvolte sono Lago D\u2019Iseo, Ragusa, Civitavecchia, Fano, Salerno e Porto Cesareo\/Gallipoli. Sul Lago d&#8217;Iseo la costruzione della barca \u00e8 ormai ben avviata e i ragazzi partecipanti stanno seguendo la formazione necessaria per essere poi autonomi nella realizzazione finale dell\u2019imbarcazione e nella sua gestione in mare.\u00a0\u201cIl progetto si avvia verso le sue fasi finali, con la costruzione della barca a vela che vede la partecipazione della ciurma della scuola Istituto Madonna della Neve di Adro\u00a0\u2013 spiega il referente del progetto,\u00a0Danilo Ragni\u00a0-.\u00a0Il varo avverr\u00e0 in primavera presso il porto turistico di Lovere con il patrocinio del Comune di Lovere, con una ciurma di 30 ragazzi\u00a0\u00a0abili e diversamente abili\u201d.<br \/>\n<em>(di Fabio Spaterna \u2013 redazione Uisp Lombardia)<\/em><\/p>\n<p><strong>ITALIA &#8211; &#8220;Capovolgere il futuro&#8221;: i video del Congresso nazionale<\/strong><\/p>\n<p>\u201cCapovolgere il futuro: sport sociale, ripresa, resilienza\u201d: \u00e8 questo lo slogan che ha caratterizzato il XIX Congresso nazionale Uisp che si \u00e8 tenuto\u00a0in videoconferenza da venerd\u00ec 12 a domenica 14 marzo. Sono stati 278 i delegati che sono collegati da tutta Italia per partecipare ai lavori.<br \/>\nI momenti pubblici del Congresso e gli interventi dei rappresentanti di istituzioni, sistema sportivo, terzo settore e mondo dell&#8217;informazione sono stati trasmessi anche sulla pagina Facebook e canale YouTube di Uisp Nazionale, e sono rimasti a disposizione degli utenti.<br \/>\nOltre all\u2019intervento iniziale del presidente uscente, Vincenzo Manco, si sono alternati anche rappresentanti delle istituzioni come il ministro del Lavoro Andrea Orlando, il presidente Conferenza delle Regioni Stefano Bonaccini, la portavoce Forum terzo settore Claudia Fiaschi, o il presidente Coni Giovanni Malag\u00f2. Nella seconda giornata \u00e8 stato possibile partecipare a due workshop sui temi di sostenibilit\u00e0 e innovazioni nella vita associativa, mentre domenica ha visto la proclamazione degli eletti.<\/p>\n<p><span style=\"color: #008000;\"><strong>SPECIALE UISP<\/strong><\/span>\u00a0\u2013\u00a0<a href=\"https:\/\/www.varesenews.it\/tag\/speciale-uisp\/\">Tutti gli articoli su VareseNews<\/a><\/p>\n","protected":false},"excerpt":{"rendered":"<p>L&#8217;ente dello &#8220;sport per tutti&#8221; invita a proseguire nell&#8217;attivit\u00e0 fisica rispettando i regolamenti. Vela: prosegue il progetto Capitan Uncino<\/p>\n","protected":false},"author":38,"featured_media":0,"comment_status":"open","ping_status":"open","sticky":false,"template":"","format":"standard","meta":{"footnotes":""},"categories":[7,14],"tags":[104646,104640],"acf":[],"yoast_head":"<!-- This site is optimized with the Yoast SEO plugin v20.1 - https:\/\/yoast.com\/wordpress\/plugins\/seo\/ -->\n<title>Zona rossa in Lombardia, i consigli della Uisp<\/title>\n<meta name=\"description\" content=\"L&#039;ente dello &quot;sport per tutti&quot; invita a proseguire nell&#039;attivit\u00e0 fisica rispettando i regolamenti. Vela: prosegue il progetto Capitan Uncino\" \/>\n<meta name=\"robots\" content=\"noindex, follow, max-snippet:-1, max-image-preview:large, max-video-preview:-1\" \/>\n<meta property=\"og:locale\" content=\"it_IT\" \/>\n<meta property=\"og:type\" content=\"article\" \/>\n<meta property=\"og:title\" content=\"Zona rossa in Lombardia, i consigli della Uisp\" \/>\n<meta property=\"og:description\" content=\"L&#039;ente dello &quot;sport per tutti&quot; invita a proseguire nell&#039;attivit\u00e0 fisica rispettando i regolamenti. Vela: prosegue il progetto Capitan Uncino\" \/>\n<meta property=\"og:url\" content=\"https:\/\/staging.varesenews.it\/2021\/03\/zona-rossa-lombardia-consigli-della-uisp\/1318320\/\" \/>\n<meta property=\"og:site_name\" content=\"VareseNews\" \/>\n<meta property=\"article:publisher\" content=\"https:\/\/www.facebook.com\/varesenews\" \/>\n<meta property=\"article:published_time\" content=\"2021-03-17T11:27:32+00:00\" \/>\n<meta name=\"author\" content=\"Damiano Franzetti\" \/>\n<meta name=\"twitter:card\" content=\"summary_large_image\" \/>\n<meta name=\"twitter:creator\" content=\"@damianofranz\" \/>\n<meta name=\"twitter:site\" content=\"@varesenews\" \/>\n<meta name=\"twitter:label1\" content=\"Scritto da\" \/>\n\t<meta name=\"twitter:data1\" content=\"Damiano Franzetti\" \/>\n\t<meta name=\"twitter:label2\" content=\"Tempo di lettura stimato\" \/>\n\t<meta name=\"twitter:data2\" content=\"3 minuti\" \/>\n<script type=\"application\/ld+json\" class=\"yoast-schema-graph\">{\"@context\":\"https:\/\/schema.org\",\"@graph\":[{\"@type\":\"WebPage\",\"@id\":\"https:\/\/staging.varesenews.it\/2021\/03\/zona-rossa-lombardia-consigli-della-uisp\/1318320\/\",\"url\":\"https:\/\/staging.varesenews.it\/2021\/03\/zona-rossa-lombardia-consigli-della-uisp\/1318320\/\",\"name\":\"Zona rossa in Lombardia, i consigli della Uisp\",\"isPartOf\":{\"@id\":\"https:\/\/staging.varesenews.it\/#website\"},\"datePublished\":\"2021-03-17T11:27:32+00:00\",\"dateModified\":\"2021-03-17T11:27:32+00:00\",\"author\":{\"@id\":\"https:\/\/staging.varesenews.it\/#\/schema\/person\/709ae3769f6b4dbde8ec332baede8a5b\"},\"description\":\"L'ente dello \\\"sport per tutti\\\" invita a proseguire nell'attivit\u00e0 fisica rispettando i regolamenti. Vela: prosegue il progetto Capitan Uncino\",\"breadcrumb\":{\"@id\":\"https:\/\/staging.varesenews.it\/2021\/03\/zona-rossa-lombardia-consigli-della-uisp\/1318320\/#breadcrumb\"},\"inLanguage\":\"it-IT\",\"potentialAction\":[{\"@type\":\"ReadAction\",\"target\":[\"https:\/\/staging.varesenews.it\/2021\/03\/zona-rossa-lombardia-consigli-della-uisp\/1318320\/\"]}]},{\"@type\":\"BreadcrumbList\",\"@id\":\"https:\/\/staging.varesenews.it\/2021\/03\/zona-rossa-lombardia-consigli-della-uisp\/1318320\/#breadcrumb\",\"itemListElement\":[{\"@type\":\"ListItem\",\"position\":1,\"name\":\"Home\",\"item\":\"https:\/\/www.varesenews.it\/\"},{\"@type\":\"ListItem\",\"position\":2,\"name\":\"Zona rossa in Lombardia, i consigli della Uisp\"}]},{\"@type\":\"WebSite\",\"@id\":\"https:\/\/staging.varesenews.it\/#website\",\"url\":\"https:\/\/staging.varesenews.it\/\",\"name\":\"VareseNews\",\"description\":\"\",\"potentialAction\":[{\"@type\":\"SearchAction\",\"target\":{\"@type\":\"EntryPoint\",\"urlTemplate\":\"https:\/\/staging.varesenews.it\/?s={search_term_string}\"},\"query-input\":\"required name=search_term_string\"}],\"inLanguage\":\"it-IT\"},{\"@type\":\"Person\",\"@id\":\"https:\/\/staging.varesenews.it\/#\/schema\/person\/709ae3769f6b4dbde8ec332baede8a5b\",\"name\":\"Damiano Franzetti\",\"image\":{\"@type\":\"ImageObject\",\"inLanguage\":\"it-IT\",\"@id\":\"https:\/\/staging.varesenews.it\/#\/schema\/person\/image\/\",\"url\":\"https:\/\/staging.varesenews.it\/wp-content\/uploads\/2020\/12\/damiano_franzetti_colori_500.jpg\",\"contentUrl\":\"https:\/\/staging.varesenews.it\/wp-content\/uploads\/2020\/12\/damiano_franzetti_colori_500.jpg\",\"caption\":\"Damiano Franzetti\"},\"description\":\"Classe 1976, una laurea (nel cassetto) in scienze e tecnologie alimentari; sono giornalista professionista dal 2009 nato e cresciuto con VareseNews dove mi occupo soprattutto di sport ormai da vent&rsquo;anni. Inviato sui campi (sulle piste, sulle strade...), intervistatore, coordinatore e responsabile delle pagine sportive, mi ritaglio volentieri lo spazio per scrivere di birra sul blog Malto Gradimento. Ho seguito innumerevoli campionati di Serie A di basket, di serie B di calcio, due Mondiali di ciclismo, qualche Giro d&rsquo;;Italia e tanto altro ancora. Collaboro con Tuttosport e altre testate, mi diletto di social. Ho una moglie, un figlio, vivo nella mia Gemonio e ho purtroppo smesso con il basket giocato. &nbsp;\",\"sameAs\":[\"damianofranz\",\"https:\/\/www.linkedin.com\/profile\/view?id=241597124&trk=nav_responsive_tab_profile\",\"https:\/\/twitter.com\/damianofranz\"],\"url\":\"https:\/\/staging.varesenews.it\/persona\/damiano_franzetti-2\/\"}]}<\/script>\n<!-- \/ Yoast SEO plugin. -->","yoast_head_json":{"title":"Zona rossa in Lombardia, i consigli della Uisp","description":"L'ente dello \"sport per tutti\" invita a proseguire nell'attivit\u00e0 fisica rispettando i regolamenti. Vela: prosegue il progetto Capitan Uncino","robots":{"index":"noindex","follow":"follow","max-snippet":"max-snippet:-1","max-image-preview":"max-image-preview:large","max-video-preview":"max-video-preview:-1"},"og_locale":"it_IT","og_type":"article","og_title":"Zona rossa in Lombardia, i consigli della Uisp","og_description":"L'ente dello \"sport per tutti\" invita a proseguire nell'attivit\u00e0 fisica rispettando i regolamenti. Vela: prosegue il progetto Capitan Uncino","og_url":"https:\/\/staging.varesenews.it\/2021\/03\/zona-rossa-lombardia-consigli-della-uisp\/1318320\/","og_site_name":"VareseNews","article_publisher":"https:\/\/www.facebook.com\/varesenews","article_published_time":"2021-03-17T11:27:32+00:00","author":"Damiano Franzetti","twitter_card":"summary_large_image","twitter_creator":"@damianofranz","twitter_site":"@varesenews","twitter_misc":{"Scritto da":"Damiano Franzetti","Tempo di lettura stimato":"3 minuti"},"schema":{"@context":"https:\/\/schema.org","@graph":[{"@type":"WebPage","@id":"https:\/\/staging.varesenews.it\/2021\/03\/zona-rossa-lombardia-consigli-della-uisp\/1318320\/","url":"https:\/\/staging.varesenews.it\/2021\/03\/zona-rossa-lombardia-consigli-della-uisp\/1318320\/","name":"Zona rossa in Lombardia, i consigli della Uisp","isPartOf":{"@id":"https:\/\/staging.varesenews.it\/#website"},"datePublished":"2021-03-17T11:27:32+00:00","dateModified":"2021-03-17T11:27:32+00:00","author":{"@id":"https:\/\/staging.varesenews.it\/#\/schema\/person\/709ae3769f6b4dbde8ec332baede8a5b"},"description":"L'ente dello \"sport per tutti\" invita a proseguire nell'attivit\u00e0 fisica rispettando i regolamenti. Vela: prosegue il progetto Capitan Uncino","breadcrumb":{"@id":"https:\/\/staging.varesenews.it\/2021\/03\/zona-rossa-lombardia-consigli-della-uisp\/1318320\/#breadcrumb"},"inLanguage":"it-IT","potentialAction":[{"@type":"ReadAction","target":["https:\/\/staging.varesenews.it\/2021\/03\/zona-rossa-lombardia-consigli-della-uisp\/1318320\/"]}]},{"@type":"BreadcrumbList","@id":"https:\/\/staging.varesenews.it\/2021\/03\/zona-rossa-lombardia-consigli-della-uisp\/1318320\/#breadcrumb","itemListElement":[{"@type":"ListItem","position":1,"name":"Home","item":"https:\/\/www.varesenews.it\/"},{"@type":"ListItem","position":2,"name":"Zona rossa in Lombardia, i consigli della Uisp"}]},{"@type":"WebSite","@id":"https:\/\/staging.varesenews.it\/#website","url":"https:\/\/staging.varesenews.it\/","name":"VareseNews","description":"","potentialAction":[{"@type":"SearchAction","target":{"@type":"EntryPoint","urlTemplate":"https:\/\/staging.varesenews.it\/?s={search_term_string}"},"query-input":"required name=search_term_string"}],"inLanguage":"it-IT"},{"@type":"Person","@id":"https:\/\/staging.varesenews.it\/#\/schema\/person\/709ae3769f6b4dbde8ec332baede8a5b","name":"Damiano Franzetti","image":{"@type":"ImageObject","inLanguage":"it-IT","@id":"https:\/\/staging.varesenews.it\/#\/schema\/person\/image\/","url":"https:\/\/staging.varesenews.it\/wp-content\/uploads\/2020\/12\/damiano_franzetti_colori_500.jpg","contentUrl":"https:\/\/staging.varesenews.it\/wp-content\/uploads\/2020\/12\/damiano_franzetti_colori_500.jpg","caption":"Damiano Franzetti"},"description":"Classe 1976, una laurea (nel cassetto) in scienze e tecnologie alimentari; sono giornalista professionista dal 2009 nato e cresciuto con VareseNews dove mi occupo soprattutto di sport ormai da vent&rsquo;anni. Inviato sui campi (sulle piste, sulle strade...), intervistatore, coordinatore e responsabile delle pagine sportive, mi ritaglio volentieri lo spazio per scrivere di birra sul blog Malto Gradimento. Ho seguito innumerevoli campionati di Serie A di basket, di serie B di calcio, due Mondiali di ciclismo, qualche Giro d&rsquo;;Italia e tanto altro ancora. Collaboro con Tuttosport e altre testate, mi diletto di social. Ho una moglie, un figlio, vivo nella mia Gemonio e ho purtroppo smesso con il basket giocato. &nbsp;","sameAs":["damianofranz","https:\/\/www.linkedin.com\/profile\/view?id=241597124&trk=nav_responsive_tab_profile","https:\/\/twitter.com\/damianofranz"],"url":"https:\/\/staging.varesenews.it\/persona\/damiano_franzetti-2\/"}]}},"post_meta":{"_edit_lock":"1616000584:38","_edit_last":"38","_category_permalink":"a:1:{s:8:\"category\";s:2:\"14\";}","argomento":"Notiziario UISP","_yoast_wpseo_content_score":"30","_jd_tweet_this":"yes","_encloseme":"1","ratings_users":"0","ratings_score":"0","ratings_average":"0","foto":"791508","firma-personalizzata":"A cura di Uisp Varese","_wpt_short_url":"https:\/\/www.varesenews.it\/2021\/03\/zona-rossa-lombardia-consigli-della-uisp\/1318320\/","_wp_jd_target":"https:\/\/www.varesenews.it\/2021\/03\/zona-rossa-lombardia-consigli-della-uisp\/1318320\/","_jd_wp_twitter":"a:1:{i:0;s:160:\"Zona rossa in Lombardia, i consigli della Uisp https:\/\/www.varesenews.it\/2021\/03\/zona-rossa-lombardia-consigli-della-uisp\/1318320\/ #notiziariouisp #specialeuisp\";}","_wpt_status_message":"Tweet inviato con successo."},"photos":[{"original":"https:\/\/staging.varesenews.it\/photogallery_new\/images\/2020\/03\/notiziario-uisp-varese-791508.jpg","full":"https:\/\/staging.varesenews.it\/photogallery_new\/images\/2020\/03\/notiziario-uisp-varese-791508.1024x768.jpg","large":"https:\/\/staging.varesenews.it\/photogallery_new\/images\/2020\/03\/notiziario-uisp-varese-791508.610x431.jpg"}],"_links":{"self":[{"href":"https:\/\/staging.varesenews.it\/swgapi\/v1\/wp\/v2\/posts\/1318320"}],"collection":[{"href":"https:\/\/staging.varesenews.it\/swgapi\/v1\/wp\/v2\/posts"}],"about":[{"href":"https:\/\/staging.varesenews.it\/swgapi\/v1\/wp\/v2\/types\/post"}],"author":[{"embeddable":true,"href":"https:\/\/staging.varesenews.it\/swgapi\/v1\/wp\/v2\/users\/38"}],"replies":[{"embeddable":true,"href":"https:\/\/staging.varesenews.it\/swgapi\/v1\/wp\/v2\/comments?post=1318320"}],"version-history":[{"count":0,"href":"https:\/\/staging.varesenews.it\/swgapi\/v1\/wp\/v2\/posts\/1318320\/revisions"}],"wp:attachment":[{"href":"https:\/\/staging.varesenews.it\/swgapi\/v1\/wp\/v2\/media?parent=1318320"}],"wp:term":[{"taxonomy":"category","embeddable":true,"href":"https:\/\/staging.varesenews.it\/swgapi\/v1\/wp\/v2\/categories?post=1318320"},{"taxonomy":"post_tag","embeddable":true,"href":"https:\/\/staging.varesenews.it\/swgapi\/v1\/wp\/v2\/tags?post=1318320"}],"curies":[{"name":"wp","href":"https:\/\/api.w.org\/{rel}","templated":true}]}}