{"id":1320701,"date":"2021-03-23T16:40:53","date_gmt":"2021-03-23T15:40:53","guid":{"rendered":"https:\/\/www.varesenews.it\/?p=1320701"},"modified":"2021-03-23T16:43:01","modified_gmt":"2021-03-23T15:43:01","slug":"fabrizio-cavalli-segretario-della-filcams-cgil-como","status":"publish","type":"post","link":"https:\/\/staging.varesenews.it\/2021\/03\/fabrizio-cavalli-segretario-della-filcams-cgil-como\/1320701\/","title":{"rendered":"Fabrizio Cavalli \u00e8 il nuovo segretario della Filcams Cgil di Como"},"content":{"rendered":"<p><strong>Fabrizio Cavalli<\/strong>\u00a0(a destra nella foto) \u00e8 il nuovo segretario generale della\u00a0<strong>Filcams Cgil di Como<\/strong>. \u00c8 stato eletto dalla assemblea generale della Filcams\u00a0 con\u00a0<strong>32 voti favorevoli<\/strong> e <strong>due astenuti su 34 votanti <\/strong>alla presenza di\u00a0<strong>Antonella Protopapa<\/strong>, segretaria della Filcams Cgil Lombardia<strong>.<\/strong><\/p>\n<p><strong>Cavalli<\/strong>, che \u00e8 in Filcams dal 2016,prende il posto di <strong>Marco Fontana<\/strong>, segretario della categoria negli ultimi 4 anni, in pensione dal 1 aprile. Quarantasei anni, prima di entrare in Cgil Cavalli ha lavorato come barista, cameriere e aiuto cuoco. Per il sindacato, ha seguito le aziende del legno ed edili per poi passare alle grandi opere, fra cui ospedale Sant\u2019Anna, terza corsia dell\u2019A9 ed entrambi i lotti di Pedemontana.<\/p>\n<p>\u00abOggi \u00e8 la pi\u00f9 grande categoria dei lavoratori attivi della Camera del Lavoro, con oltre <strong>6000 iscritti<\/strong> \u2013 commenta Cavalli- ed \u00e8 anche la pi\u00f9 giovane, grazie alla bassa et\u00e0 media dei lavoratori\u00bb.<\/p>\n<p>La Filcams rappresenta <strong>molti settori:<\/strong> commercio e grande distribuzione, terziario, turismo e ristorazione, vigilanza, multiservizi, lavoro domestico, studi professionali, farmacie, acconciatura ed estetica. <strong>La gran parte dei lavoratori rappresentati sono precari,<\/strong> con contratti a termine, stagionali, apprendistato, con un alto tasso di rotazione all\u2019interno dei luoghi di lavoro.<\/p>\n<p>\u00abNel <strong>turismo<\/strong>, oggi fortemente colpito dalla pandemia \u2013 continua Cavalli &#8211; la stagionalit\u00e0 la fa da padrone e non consente di avere certezze sulla stagione successiva. Questo nonostante le norme cerchino di tutelare i lavoratori, garantendo il diritto di precedenza a coloro che intendono tornare nello stesso posto di lavoro l\u2019anno seguente\u00bb.<\/p>\n<p>Sempre nel turismo e in particolare nella ristorazione e nei pubblici esercizi, si nota ancora l\u2019abitudine ad assumere i lavoratori per poche ore, salvo poi impegnarli anche oltre le 40 ore. \u00abAnche in questo caso<strong> i pi\u00f9 giovani sono spesso i pi\u00f9 colpiti<\/strong> in quanto pi\u00f9 fragili, meno preparati sui diritti e meno esigenti, magari perch\u00e9 vivono ancora in famiglia. Stesso discorso vale per molti lavoratori migranti costretti ad accettare condizioni al di l\u00e0 delle regole. A questo proposito, chiediamo un tavolo di discussione per la stagionalit\u00e0\u00bb. Negli appalti di ristorazione, pulizie e vigilanza si verifica spesso il meccanismo per cui, per i rinnovi degli appalti, il committente, per risparmiare, fa gare al ribasso con conseguente taglio di ore alle lavoratrici e ai lavoratori interessati. \u00ab\u00c8 una situazione inaccettabile e che ci deve vedere impegnati in una battaglia per un miglioramento legislativo che, oltre a tutelare la salvaguardia dei posti di lavoro, la cosiddetta clausola sociale, garantisca anche le condizioni di lavoro migliori\u00bb.<\/p>\n","protected":false},"excerpt":{"rendered":"<p>Con 6mila iscritti \u00e8 la pi\u00f9 grande categoria dei lavoratori attivi della Camera del Lavoro<\/p>\n","protected":false},"author":45,"featured_media":0,"comment_status":"open","ping_status":"open","sticky":false,"template":"","format":"standard","meta":{"footnotes":""},"categories":[17],"tags":[952],"acf":[],"yoast_head":"<!-- This site is optimized with the Yoast SEO plugin v20.1 - https:\/\/yoast.com\/wordpress\/plugins\/seo\/ -->\n<title>Fabrizio Cavalli \u00e8 il nuovo segretario della Filcams Cgil di Como<\/title>\n<meta name=\"description\" content=\"Con 6mila iscritti \u00e8 la pi\u00f9 grande categoria dei lavoratori attivi della Camera del Lavoro\" \/>\n<meta name=\"robots\" content=\"noindex, follow, max-snippet:-1, max-image-preview:large, max-video-preview:-1\" \/>\n<meta property=\"og:locale\" content=\"it_IT\" \/>\n<meta property=\"og:type\" content=\"article\" \/>\n<meta property=\"og:title\" content=\"Fabrizio Cavalli \u00e8 il nuovo segretario della Filcams Cgil di Como\" \/>\n<meta property=\"og:description\" content=\"Con 6mila iscritti \u00e8 la pi\u00f9 grande categoria dei lavoratori attivi della Camera del Lavoro\" \/>\n<meta property=\"og:url\" content=\"https:\/\/staging.varesenews.it\/2021\/03\/fabrizio-cavalli-segretario-della-filcams-cgil-como\/1320701\/\" \/>\n<meta property=\"og:site_name\" content=\"VareseNews\" \/>\n<meta property=\"article:publisher\" content=\"https:\/\/www.facebook.com\/varesenews\" \/>\n<meta property=\"article:author\" content=\"https:\/\/www.facebook.com\/michele.mancino.5\" \/>\n<meta property=\"article:published_time\" content=\"2021-03-23T15:40:53+00:00\" \/>\n<meta property=\"article:modified_time\" content=\"2021-03-23T15:43:01+00:00\" \/>\n<meta name=\"author\" content=\"Michele Mancino\" \/>\n<meta name=\"twitter:card\" content=\"summary_large_image\" \/>\n<meta name=\"twitter:creator\" content=\"@micmancio\" \/>\n<meta name=\"twitter:site\" content=\"@varesenews\" \/>\n<meta name=\"twitter:label1\" content=\"Scritto da\" \/>\n\t<meta name=\"twitter:data1\" content=\"Michele Mancino\" \/>\n\t<meta name=\"twitter:label2\" content=\"Tempo di lettura stimato\" \/>\n\t<meta name=\"twitter:data2\" content=\"2 minuti\" \/>\n<script type=\"application\/ld+json\" class=\"yoast-schema-graph\">{\"@context\":\"https:\/\/schema.org\",\"@graph\":[{\"@type\":\"WebPage\",\"@id\":\"https:\/\/staging.varesenews.it\/2021\/03\/fabrizio-cavalli-segretario-della-filcams-cgil-como\/1320701\/\",\"url\":\"https:\/\/staging.varesenews.it\/2021\/03\/fabrizio-cavalli-segretario-della-filcams-cgil-como\/1320701\/\",\"name\":\"Fabrizio Cavalli \u00e8 il nuovo segretario della Filcams Cgil di Como\",\"isPartOf\":{\"@id\":\"https:\/\/staging.varesenews.it\/#website\"},\"datePublished\":\"2021-03-23T15:40:53+00:00\",\"dateModified\":\"2021-03-23T15:43:01+00:00\",\"author\":{\"@id\":\"https:\/\/staging.varesenews.it\/#\/schema\/person\/308b491d3cb680ead199e5ff6c6ce540\"},\"description\":\"Con 6mila iscritti \u00e8 la pi\u00f9 grande categoria dei lavoratori attivi della Camera del Lavoro\",\"breadcrumb\":{\"@id\":\"https:\/\/staging.varesenews.it\/2021\/03\/fabrizio-cavalli-segretario-della-filcams-cgil-como\/1320701\/#breadcrumb\"},\"inLanguage\":\"it-IT\",\"potentialAction\":[{\"@type\":\"ReadAction\",\"target\":[\"https:\/\/staging.varesenews.it\/2021\/03\/fabrizio-cavalli-segretario-della-filcams-cgil-como\/1320701\/\"]}]},{\"@type\":\"BreadcrumbList\",\"@id\":\"https:\/\/staging.varesenews.it\/2021\/03\/fabrizio-cavalli-segretario-della-filcams-cgil-como\/1320701\/#breadcrumb\",\"itemListElement\":[{\"@type\":\"ListItem\",\"position\":1,\"name\":\"Home\",\"item\":\"https:\/\/www.varesenews.it\/\"},{\"@type\":\"ListItem\",\"position\":2,\"name\":\"Fabrizio Cavalli \u00e8 il nuovo segretario della Filcams Cgil di Como\"}]},{\"@type\":\"WebSite\",\"@id\":\"https:\/\/staging.varesenews.it\/#website\",\"url\":\"https:\/\/staging.varesenews.it\/\",\"name\":\"VareseNews\",\"description\":\"\",\"potentialAction\":[{\"@type\":\"SearchAction\",\"target\":{\"@type\":\"EntryPoint\",\"urlTemplate\":\"https:\/\/staging.varesenews.it\/?s={search_term_string}\"},\"query-input\":\"required name=search_term_string\"}],\"inLanguage\":\"it-IT\"},{\"@type\":\"Person\",\"@id\":\"https:\/\/staging.varesenews.it\/#\/schema\/person\/308b491d3cb680ead199e5ff6c6ce540\",\"name\":\"Michele Mancino\",\"image\":{\"@type\":\"ImageObject\",\"inLanguage\":\"it-IT\",\"@id\":\"https:\/\/staging.varesenews.it\/#\/schema\/person\/image\/\",\"url\":\"https:\/\/staging.varesenews.it\/wp-content\/uploads\/2020\/12\/michele_mancino_colori_500.jpg\",\"contentUrl\":\"https:\/\/staging.varesenews.it\/wp-content\/uploads\/2020\/12\/michele_mancino_colori_500.jpg\",\"caption\":\"Michele Mancino\"},\"description\":\"Sono a VareseNews da prima che nascesse. Ho inserito le prime notizie in una stringa di codice html, la lingua di internet. Aprivo i computer, cambiavo schede di rete e portavo i server dal provider. A met&agrave; degli anni &rsquo;90 il giornalista online doveva saper fare anche questo. Ho vissuto gli anni drammatici della bolla speculativa di Internet e quelli entusiastici della crescita, anni in cui VareseNews era un Davide in mezzo a tanti Golia. Poi sono arrivati i social, le nuove piattaforme e soprattutto gli smartphone, una postazione di lavoro racchiusa in una mano. Una nuova rivoluzione. Insomma, &egrave; stata, ed &egrave; ancora, un&rsquo;avventura entusiasmante perch&eacute; mi insegna giorno dopo giorno che il cambiamento &egrave; l&rsquo;unica certezza di questa fragile esistenza.\",\"sameAs\":[\"https:\/\/www.facebook.com\/michele.mancino.5\",\"micmancio\",\"Aggiorna le impostazioni del tuo profilo pubblicoit.linkedin.com\/pub\/michele-mancino\/28\/b71\/890\/it\",\"https:\/\/twitter.com\/micmancio\"],\"url\":\"https:\/\/staging.varesenews.it\/persona\/michele_mancino\/\"}]}<\/script>\n<!-- \/ Yoast SEO plugin. -->","yoast_head_json":{"title":"Fabrizio Cavalli \u00e8 il nuovo segretario della Filcams Cgil di Como","description":"Con 6mila iscritti \u00e8 la pi\u00f9 grande categoria dei lavoratori attivi della Camera del Lavoro","robots":{"index":"noindex","follow":"follow","max-snippet":"max-snippet:-1","max-image-preview":"max-image-preview:large","max-video-preview":"max-video-preview:-1"},"og_locale":"it_IT","og_type":"article","og_title":"Fabrizio Cavalli \u00e8 il nuovo segretario della Filcams Cgil di Como","og_description":"Con 6mila iscritti \u00e8 la pi\u00f9 grande categoria dei lavoratori attivi della Camera del Lavoro","og_url":"https:\/\/staging.varesenews.it\/2021\/03\/fabrizio-cavalli-segretario-della-filcams-cgil-como\/1320701\/","og_site_name":"VareseNews","article_publisher":"https:\/\/www.facebook.com\/varesenews","article_author":"https:\/\/www.facebook.com\/michele.mancino.5","article_published_time":"2021-03-23T15:40:53+00:00","article_modified_time":"2021-03-23T15:43:01+00:00","author":"Michele Mancino","twitter_card":"summary_large_image","twitter_creator":"@micmancio","twitter_site":"@varesenews","twitter_misc":{"Scritto da":"Michele Mancino","Tempo di lettura stimato":"2 minuti"},"schema":{"@context":"https:\/\/schema.org","@graph":[{"@type":"WebPage","@id":"https:\/\/staging.varesenews.it\/2021\/03\/fabrizio-cavalli-segretario-della-filcams-cgil-como\/1320701\/","url":"https:\/\/staging.varesenews.it\/2021\/03\/fabrizio-cavalli-segretario-della-filcams-cgil-como\/1320701\/","name":"Fabrizio Cavalli \u00e8 il nuovo segretario della Filcams Cgil di Como","isPartOf":{"@id":"https:\/\/staging.varesenews.it\/#website"},"datePublished":"2021-03-23T15:40:53+00:00","dateModified":"2021-03-23T15:43:01+00:00","author":{"@id":"https:\/\/staging.varesenews.it\/#\/schema\/person\/308b491d3cb680ead199e5ff6c6ce540"},"description":"Con 6mila iscritti \u00e8 la pi\u00f9 grande categoria dei lavoratori attivi della Camera del Lavoro","breadcrumb":{"@id":"https:\/\/staging.varesenews.it\/2021\/03\/fabrizio-cavalli-segretario-della-filcams-cgil-como\/1320701\/#breadcrumb"},"inLanguage":"it-IT","potentialAction":[{"@type":"ReadAction","target":["https:\/\/staging.varesenews.it\/2021\/03\/fabrizio-cavalli-segretario-della-filcams-cgil-como\/1320701\/"]}]},{"@type":"BreadcrumbList","@id":"https:\/\/staging.varesenews.it\/2021\/03\/fabrizio-cavalli-segretario-della-filcams-cgil-como\/1320701\/#breadcrumb","itemListElement":[{"@type":"ListItem","position":1,"name":"Home","item":"https:\/\/www.varesenews.it\/"},{"@type":"ListItem","position":2,"name":"Fabrizio Cavalli \u00e8 il nuovo segretario della Filcams Cgil di Como"}]},{"@type":"WebSite","@id":"https:\/\/staging.varesenews.it\/#website","url":"https:\/\/staging.varesenews.it\/","name":"VareseNews","description":"","potentialAction":[{"@type":"SearchAction","target":{"@type":"EntryPoint","urlTemplate":"https:\/\/staging.varesenews.it\/?s={search_term_string}"},"query-input":"required name=search_term_string"}],"inLanguage":"it-IT"},{"@type":"Person","@id":"https:\/\/staging.varesenews.it\/#\/schema\/person\/308b491d3cb680ead199e5ff6c6ce540","name":"Michele Mancino","image":{"@type":"ImageObject","inLanguage":"it-IT","@id":"https:\/\/staging.varesenews.it\/#\/schema\/person\/image\/","url":"https:\/\/staging.varesenews.it\/wp-content\/uploads\/2020\/12\/michele_mancino_colori_500.jpg","contentUrl":"https:\/\/staging.varesenews.it\/wp-content\/uploads\/2020\/12\/michele_mancino_colori_500.jpg","caption":"Michele Mancino"},"description":"Sono a VareseNews da prima che nascesse. Ho inserito le prime notizie in una stringa di codice html, la lingua di internet. Aprivo i computer, cambiavo schede di rete e portavo i server dal provider. A met&agrave; degli anni &rsquo;90 il giornalista online doveva saper fare anche questo. Ho vissuto gli anni drammatici della bolla speculativa di Internet e quelli entusiastici della crescita, anni in cui VareseNews era un Davide in mezzo a tanti Golia. Poi sono arrivati i social, le nuove piattaforme e soprattutto gli smartphone, una postazione di lavoro racchiusa in una mano. Una nuova rivoluzione. Insomma, &egrave; stata, ed &egrave; ancora, un&rsquo;avventura entusiasmante perch&eacute; mi insegna giorno dopo giorno che il cambiamento &egrave; l&rsquo;unica certezza di questa fragile esistenza.","sameAs":["https:\/\/www.facebook.com\/michele.mancino.5","micmancio","Aggiorna le impostazioni del tuo profilo pubblicoit.linkedin.com\/pub\/michele-mancino\/28\/b71\/890\/it","https:\/\/twitter.com\/micmancio"],"url":"https:\/\/staging.varesenews.it\/persona\/michele_mancino\/"}]}},"post_meta":{"_edit_lock":"1616514116:45","_edit_last":"45","_category_permalink":"a:1:{s:8:\"category\";s:2:\"17\";}","_encloseme":"1","ratings_users":"0","ratings_score":"0","ratings_average":"0","foto":"1211284","firma_come_redazione":"1","nascondi_adsense":"1","argomento":"Lavoro","_yoast_wpseo_content_score":"30","_jd_tweet_this":"yes","_wpt_short_url":"https:\/\/www.varesenews.it\/2021\/03\/fabrizio-cavalli-segretario-della-filcams-cgil-como\/1320701\/","_wp_jd_target":"https:\/\/www.varesenews.it\/2021\/03\/fabrizio-cavalli-segretario-della-filcams-cgil-como\/1320701\/","_jd_wp_twitter":"a:1:{i:0;s:174:\"Fabrizio Cavalli \u00e8 il nuovo segretario della Filcams Cgil di Como https:\/\/www.varesenews.it\/2021\/03\/fabrizio-cavalli-segretario-della-filcams-cgil-como\/1320701\/ #filcamscgil\";}","_wpt_status_message":"Tweet inviato con successo."},"photos":[{"original":"https:\/\/staging.varesenews.it\/photogallery_new\/images\/2021\/03\/generica-2020-1211284.jpg","full":"https:\/\/staging.varesenews.it\/photogallery_new\/images\/2021\/03\/generica-2020-1211284.1024x768.jpg","large":"https:\/\/staging.varesenews.it\/photogallery_new\/images\/2021\/03\/generica-2020-1211284.610x431.jpg"}],"_links":{"self":[{"href":"https:\/\/staging.varesenews.it\/swgapi\/v1\/wp\/v2\/posts\/1320701"}],"collection":[{"href":"https:\/\/staging.varesenews.it\/swgapi\/v1\/wp\/v2\/posts"}],"about":[{"href":"https:\/\/staging.varesenews.it\/swgapi\/v1\/wp\/v2\/types\/post"}],"author":[{"embeddable":true,"href":"https:\/\/staging.varesenews.it\/swgapi\/v1\/wp\/v2\/users\/45"}],"replies":[{"embeddable":true,"href":"https:\/\/staging.varesenews.it\/swgapi\/v1\/wp\/v2\/comments?post=1320701"}],"version-history":[{"count":0,"href":"https:\/\/staging.varesenews.it\/swgapi\/v1\/wp\/v2\/posts\/1320701\/revisions"}],"wp:attachment":[{"href":"https:\/\/staging.varesenews.it\/swgapi\/v1\/wp\/v2\/media?parent=1320701"}],"wp:term":[{"taxonomy":"category","embeddable":true,"href":"https:\/\/staging.varesenews.it\/swgapi\/v1\/wp\/v2\/categories?post=1320701"},{"taxonomy":"post_tag","embeddable":true,"href":"https:\/\/staging.varesenews.it\/swgapi\/v1\/wp\/v2\/tags?post=1320701"}],"curies":[{"name":"wp","href":"https:\/\/api.w.org\/{rel}","templated":true}]}}