{"id":1320851,"date":"2021-03-25T07:19:49","date_gmt":"2021-03-25T06:19:49","guid":{"rendered":"https:\/\/www.varesenews.it\/?p=1320851"},"modified":"2021-03-25T07:22:49","modified_gmt":"2021-03-25T06:22:49","slug":"coinger-al-belvedere-temi-caldi-consiglio-comunale-azzate","status":"publish","type":"post","link":"https:\/\/staging.varesenews.it\/2021\/03\/coinger-al-belvedere-temi-caldi-consiglio-comunale-azzate\/1320851\/","title":{"rendered":"Da Coinger al Belvedere, temi &#8220;caldi&#8221; in consiglio comunale di Azzate"},"content":{"rendered":"<p>Un consiglio comunale di quelli intensi, da seguire mettendosi comodi. E dato che sar\u00e0 in streaming lo si potr\u00e0 fare. L&#8217;ordine del giorno dei lavori del <strong>31 marzo (convocazione per le ore 18.45) \u00e8 davvero fitto di argomenti, molti dei quali proposti dai due gruppi d&#8217;opposizione &#8220;Azzate in Valbossa&#8221; e &#8220;Insieme per Azzate&#8221;<\/strong>.<\/p>\n<p>Quattro le interrogazioni presentate dai consiglieri Raffaele Simone e Carlo Arioli: una sull&#8217;area del Belvedere, una con richieste di chiarimenti sul possibile allargamento della gestione associata della polizia locale al Comune di Cazzago Brabbia, una, in materia di pari opportunit\u00e0 e politiche giovanili. L&#8217;ultima\u00a0che riguarda la ristrutturazione dell&#8217;area adiacente la chiesa di San Rocco, ma non \u00e8 certo sia inserita nel prossimo ordine del giorno.<\/p>\n<p>A queste si aggiungono gli altri temi come l&#8217;addizionale comunale Irpef 2020, l&#8217;approvazione del Documento Unico di Programmazione 2021-2023 corredato del programma di opere pubbliche e, argomento complesso e delicato, la fase sperimentale &#8220;a doppia velocit\u00e0&#8221; per il passaggio alla tariffa puntuale di Coinger.<\/p>\n<p><strong>Belvedere<\/strong><\/p>\n<p>Un luogo che \u00e8 il fulcro del paese. Ammirato in tutta la provincia \u00e8 croce e delizia per l&#8217;amministrazione comunale che si trova spesso a gestire situazioni complesse, non solo in epoca di Covid. Le opposizioni chiedono quali iniziative intenda attuare per mettere in sicurezza e tutelare quell&#8217;area il gruppo guidato dal sindaco Gianmario Bernasconi .\u00a0 Si parla di parcheggi ma non solo: &#8220;Si chiede &#8211; si legge nell&#8217;interrogazione &#8211;\u00a0\u00a0quali interventi siano stati studiati per tutelare la sicurezza dei cittadini in assenza di attraversamenti pedonali protetti e illuminati tra la piazza e la zona pubblica con panchine; quali provvedimenti siano stati predisposti al fine di evitare il fenomeno del cosiddetto \u201cparcheggio selvaggio\u201d che, oltre a creare sistematici problemi ai residenti, comporta anche un considerevole aumento dei rischi per i pedoni; quali opere siano state previste e con quali tempistiche per dotare l\u2019area di servizi igienici pubblici fissi&#8221;. Per finire le minoranze chiedono se si sia trovato un accordo con\u00a0 i proprietari dei chioschi che vendono alimenti e bevande\u00a0per la raccolta e lo smaltimento dei rifiuti al fine di evitare &#8220;in una zona di pregio paesaggistico la presenza fissa di antiestetici bidoni per la raccolta differenziata&#8221;. E ancora il ripristino della fontanella e interventi per la sistemazione della pavimentazione danneggiata e sconnessa.<\/p>\n<p><strong>Polizia Locale Gestione Associata<\/strong><\/p>\n<p>La questione riguarda la richiesta fatta dal sindaco di Cazzago Brabbia, Emilio Magni, di far entrare il suo comune nel gruppo di gestione associata della polizia locale che comprende Azzate, Galliate Lombardo e Daverio. Le minoranze vogliono sapere che risposte si intendano dare a questa richiesta considerato &#8211; si legge- &#8220;che un allargamento dei Comuni partecipanti alla convenzione pu\u00f2 favorire un ampliamento dell\u2019organico nonch\u00e9 un maggiore apporto di risorse utili al potenziamento del servizio&#8221;.<\/p>\n<p><strong>Pari Opportunit\u00e0<\/strong><\/p>\n<p>L&#8217;interrogazione chiama in causa la consigliera comunale\u00a0Claudia Miterangelis, che ha delega alle Pari Opportunit\u00e0, e\u00a0i consiglieri comunali Giorgia Broggi e Tommaso Foti, ai quali si domanda quali siano i progetti concreti sul territorio del Comune di Azzate in materia di Pari Opportunit\u00e0 e di Politiche Giovanili.<\/p>\n<p>L&#8217;ultima interrogazione, che non \u00e8 detto si discuta in questo consiglio comunale, riguarda invece il <strong>progetto di fattibilit\u00e0 tecnica ed economica dell\u2019intervento di riqualificazione urbana\u00a0<\/strong><strong>dell\u2019area \u201cex Pesa\u201d. <\/strong>Il tema \u00e8 complesso e anche piuttosto delicato, in parte gi\u00e0 toccato nel corso dell&#8217;ultimo consiglio.<\/p>\n<p>&#8220;I termini della questione sono essenzialmente due &#8211; spiega il consigliere Raffaele Simone che firma, con Arioli, l&#8217;interrogazione &#8211; il primo riguarda la lievitazione dei costi dell&#8217;intera opera di riqualificazione che comprende tre lotti. Oggi si parla di un totale di 900 mila euro, davvero una cifra importante, a fronte di un finanziamento della regione Lombardia di 200mila euro solo per il primo lotto 1, quello in cui i lavori sono gi\u00e0 cominciati. Per quanto riguarda invece il secondo e il terzo lotto si dice siano stati accorpati dopo che sono emerse &#8220;svariate problematiche&#8221; che avrebbero portato anche ad aumento dei costi dell&#8217;opera. I due lotti, che riguardano il resto della piazza, il parcheggio, lo spostamento della casetta dell&#8217;acqua alle spalle della fermata del bus e la creazione di un &#8220;manufatto&#8221; che ricordi la pensilina della fermata del tram,\u00a0 <strong>sono ancora da finanziare<\/strong>. Insomma a fronte di un progetto cos\u00ec importante per il paese, e cos\u00ec costoso, ci chiediamo perch\u00e9 la maggioranza non sia stata pi\u00f9 chiara con noi e con i cittadini. Infine vogliamo sapere quale sia il termine previsto dei lavori del lotto 1, al momento indicato, sul cartellone affisso sulla recinzione del cantiere, al 31 marzo 2021&#8243;<\/p>\n<p>C&#8217;\u00e8 poi un ultimo aspetto, dice Simone: &#8220;La giunta ha approvato il progetto di fattibilit\u00e0 poco prima che iniziasse la seduta dell&#8217;ultimo consiglio comunale. Eppure nel corso della seduta trasmessa in streaming la giunta non ha fatto cenno alla cosa, restando sul vago quando abbiamo chiesto precisazioni sul progetto di riqualificazione della piazza. Insomma, siamo alle solite: nessuna condivisione e nessuna comunicazione trasparente, nemmeno su temi cos\u00ec importanti&#8221;.<\/p>\n<p>&nbsp;<\/p>\n<p>&nbsp;<\/p>\n","protected":false},"excerpt":{"rendered":"<p>Molti i punti all&#8217;ordine del giorno dei lavori del 31 marzo. Le opposizioni hanno presentato quattro interrogazioni, tre delle quali saranno discusse in questa seduta<\/p>\n","protected":false},"author":49,"featured_media":0,"comment_status":"open","ping_status":"open","sticky":false,"template":"","format":"standard","meta":{"footnotes":""},"categories":[2],"tags":[41633,11266,3799,1065,113318],"acf":[],"yoast_head":"<!-- This site is optimized with the Yoast SEO plugin v20.1 - https:\/\/yoast.com\/wordpress\/plugins\/seo\/ -->\n<title>Da Coinger al Belvedere, temi &quot;caldi&quot; in consiglio comunale di Azzate<\/title>\n<meta name=\"description\" content=\"Molti i punti all&#039;ordine del giorno dei lavori del 31 marzo. Le opposizioni hanno presentato quattro interrogazioni, tre delle quali saranno discusse in questa seduta\" \/>\n<meta name=\"robots\" content=\"noindex, follow, max-snippet:-1, max-image-preview:large, max-video-preview:-1\" \/>\n<meta property=\"og:locale\" content=\"it_IT\" \/>\n<meta property=\"og:type\" content=\"article\" \/>\n<meta property=\"og:title\" content=\"Da Coinger al Belvedere, temi &quot;caldi&quot; in consiglio comunale di Azzate\" \/>\n<meta property=\"og:description\" content=\"Molti i punti all&#039;ordine del giorno dei lavori del 31 marzo. Le opposizioni hanno presentato quattro interrogazioni, tre delle quali saranno discusse in questa seduta\" \/>\n<meta property=\"og:url\" content=\"https:\/\/staging.varesenews.it\/2021\/03\/coinger-al-belvedere-temi-caldi-consiglio-comunale-azzate\/1320851\/\" \/>\n<meta property=\"og:site_name\" content=\"VareseNews\" \/>\n<meta property=\"article:publisher\" content=\"https:\/\/www.facebook.com\/varesenews\" \/>\n<meta property=\"article:author\" content=\"https:\/\/www.facebook.com\/roberta.bertolini.9\" \/>\n<meta property=\"article:published_time\" content=\"2021-03-25T06:19:49+00:00\" \/>\n<meta property=\"article:modified_time\" content=\"2021-03-25T06:22:49+00:00\" \/>\n<meta name=\"author\" content=\"Roberta Bertolini\" \/>\n<meta name=\"twitter:card\" content=\"summary_large_image\" \/>\n<meta name=\"twitter:creator\" content=\"@robybertolini\" \/>\n<meta name=\"twitter:site\" content=\"@varesenews\" \/>\n<meta name=\"twitter:label1\" content=\"Scritto da\" \/>\n\t<meta name=\"twitter:data1\" content=\"Roberta Bertolini\" \/>\n\t<meta name=\"twitter:label2\" content=\"Tempo di lettura stimato\" \/>\n\t<meta name=\"twitter:data2\" content=\"4 minuti\" \/>\n<script type=\"application\/ld+json\" class=\"yoast-schema-graph\">{\"@context\":\"https:\/\/schema.org\",\"@graph\":[{\"@type\":\"WebPage\",\"@id\":\"https:\/\/staging.varesenews.it\/2021\/03\/coinger-al-belvedere-temi-caldi-consiglio-comunale-azzate\/1320851\/\",\"url\":\"https:\/\/staging.varesenews.it\/2021\/03\/coinger-al-belvedere-temi-caldi-consiglio-comunale-azzate\/1320851\/\",\"name\":\"Da Coinger al Belvedere, temi \\\"caldi\\\" in consiglio comunale di Azzate\",\"isPartOf\":{\"@id\":\"https:\/\/staging.varesenews.it\/#website\"},\"datePublished\":\"2021-03-25T06:19:49+00:00\",\"dateModified\":\"2021-03-25T06:22:49+00:00\",\"author\":{\"@id\":\"https:\/\/staging.varesenews.it\/#\/schema\/person\/58fbd3e567d5c00f0a64d5137fef3e68\"},\"description\":\"Molti i punti all'ordine del giorno dei lavori del 31 marzo. Le opposizioni hanno presentato quattro interrogazioni, tre delle quali saranno discusse in questa seduta\",\"breadcrumb\":{\"@id\":\"https:\/\/staging.varesenews.it\/2021\/03\/coinger-al-belvedere-temi-caldi-consiglio-comunale-azzate\/1320851\/#breadcrumb\"},\"inLanguage\":\"it-IT\",\"potentialAction\":[{\"@type\":\"ReadAction\",\"target\":[\"https:\/\/staging.varesenews.it\/2021\/03\/coinger-al-belvedere-temi-caldi-consiglio-comunale-azzate\/1320851\/\"]}]},{\"@type\":\"BreadcrumbList\",\"@id\":\"https:\/\/staging.varesenews.it\/2021\/03\/coinger-al-belvedere-temi-caldi-consiglio-comunale-azzate\/1320851\/#breadcrumb\",\"itemListElement\":[{\"@type\":\"ListItem\",\"position\":1,\"name\":\"Home\",\"item\":\"https:\/\/www.varesenews.it\/\"},{\"@type\":\"ListItem\",\"position\":2,\"name\":\"Da Coinger al Belvedere, temi &#8220;caldi&#8221; in consiglio comunale di Azzate\"}]},{\"@type\":\"WebSite\",\"@id\":\"https:\/\/staging.varesenews.it\/#website\",\"url\":\"https:\/\/staging.varesenews.it\/\",\"name\":\"VareseNews\",\"description\":\"\",\"potentialAction\":[{\"@type\":\"SearchAction\",\"target\":{\"@type\":\"EntryPoint\",\"urlTemplate\":\"https:\/\/staging.varesenews.it\/?s={search_term_string}\"},\"query-input\":\"required name=search_term_string\"}],\"inLanguage\":\"it-IT\"},{\"@type\":\"Person\",\"@id\":\"https:\/\/staging.varesenews.it\/#\/schema\/person\/58fbd3e567d5c00f0a64d5137fef3e68\",\"name\":\"Roberta Bertolini\",\"image\":{\"@type\":\"ImageObject\",\"inLanguage\":\"it-IT\",\"@id\":\"https:\/\/staging.varesenews.it\/#\/schema\/person\/image\/\",\"url\":\"https:\/\/staging.varesenews.it\/wp-content\/uploads\/2020\/12\/roberta_bertolini_colori_500.jpg\",\"contentUrl\":\"https:\/\/staging.varesenews.it\/wp-content\/uploads\/2020\/12\/roberta_bertolini_colori_500.jpg\",\"caption\":\"Roberta Bertolini\"},\"description\":\"Giornalista professionista dal 1991, sono passata, ormai molti anni fa, dalla carta al web. Oggi mi occupo di cronaca locale e guardo con curiosit&agrave; ed attenzione il mondo dei social. Parlo poco, ascolto molto.\",\"sameAs\":[\"https:\/\/www.facebook.com\/roberta.bertolini.9\",\"bettabertolini\",\"https:\/\/www.linkedin.com\/hp\/?dnr=v9e-Gp7a6_oxqTuQyZA0Lf4aEi4t91g6wMH\",\"https:\/\/twitter.com\/robybertolini\"],\"url\":\"https:\/\/staging.varesenews.it\/persona\/roberta-bertolini1\/\"}]}<\/script>\n<!-- \/ Yoast SEO plugin. -->","yoast_head_json":{"title":"Da Coinger al Belvedere, temi \"caldi\" in consiglio comunale di Azzate","description":"Molti i punti all'ordine del giorno dei lavori del 31 marzo. Le opposizioni hanno presentato quattro interrogazioni, tre delle quali saranno discusse in questa seduta","robots":{"index":"noindex","follow":"follow","max-snippet":"max-snippet:-1","max-image-preview":"max-image-preview:large","max-video-preview":"max-video-preview:-1"},"og_locale":"it_IT","og_type":"article","og_title":"Da Coinger al Belvedere, temi \"caldi\" in consiglio comunale di Azzate","og_description":"Molti i punti all'ordine del giorno dei lavori del 31 marzo. Le opposizioni hanno presentato quattro interrogazioni, tre delle quali saranno discusse in questa seduta","og_url":"https:\/\/staging.varesenews.it\/2021\/03\/coinger-al-belvedere-temi-caldi-consiglio-comunale-azzate\/1320851\/","og_site_name":"VareseNews","article_publisher":"https:\/\/www.facebook.com\/varesenews","article_author":"https:\/\/www.facebook.com\/roberta.bertolini.9","article_published_time":"2021-03-25T06:19:49+00:00","article_modified_time":"2021-03-25T06:22:49+00:00","author":"Roberta Bertolini","twitter_card":"summary_large_image","twitter_creator":"@robybertolini","twitter_site":"@varesenews","twitter_misc":{"Scritto da":"Roberta Bertolini","Tempo di lettura stimato":"4 minuti"},"schema":{"@context":"https:\/\/schema.org","@graph":[{"@type":"WebPage","@id":"https:\/\/staging.varesenews.it\/2021\/03\/coinger-al-belvedere-temi-caldi-consiglio-comunale-azzate\/1320851\/","url":"https:\/\/staging.varesenews.it\/2021\/03\/coinger-al-belvedere-temi-caldi-consiglio-comunale-azzate\/1320851\/","name":"Da Coinger al Belvedere, temi \"caldi\" in consiglio comunale di Azzate","isPartOf":{"@id":"https:\/\/staging.varesenews.it\/#website"},"datePublished":"2021-03-25T06:19:49+00:00","dateModified":"2021-03-25T06:22:49+00:00","author":{"@id":"https:\/\/staging.varesenews.it\/#\/schema\/person\/58fbd3e567d5c00f0a64d5137fef3e68"},"description":"Molti i punti all'ordine del giorno dei lavori del 31 marzo. Le opposizioni hanno presentato quattro interrogazioni, tre delle quali saranno discusse in questa seduta","breadcrumb":{"@id":"https:\/\/staging.varesenews.it\/2021\/03\/coinger-al-belvedere-temi-caldi-consiglio-comunale-azzate\/1320851\/#breadcrumb"},"inLanguage":"it-IT","potentialAction":[{"@type":"ReadAction","target":["https:\/\/staging.varesenews.it\/2021\/03\/coinger-al-belvedere-temi-caldi-consiglio-comunale-azzate\/1320851\/"]}]},{"@type":"BreadcrumbList","@id":"https:\/\/staging.varesenews.it\/2021\/03\/coinger-al-belvedere-temi-caldi-consiglio-comunale-azzate\/1320851\/#breadcrumb","itemListElement":[{"@type":"ListItem","position":1,"name":"Home","item":"https:\/\/www.varesenews.it\/"},{"@type":"ListItem","position":2,"name":"Da Coinger al Belvedere, temi &#8220;caldi&#8221; in consiglio comunale di Azzate"}]},{"@type":"WebSite","@id":"https:\/\/staging.varesenews.it\/#website","url":"https:\/\/staging.varesenews.it\/","name":"VareseNews","description":"","potentialAction":[{"@type":"SearchAction","target":{"@type":"EntryPoint","urlTemplate":"https:\/\/staging.varesenews.it\/?s={search_term_string}"},"query-input":"required name=search_term_string"}],"inLanguage":"it-IT"},{"@type":"Person","@id":"https:\/\/staging.varesenews.it\/#\/schema\/person\/58fbd3e567d5c00f0a64d5137fef3e68","name":"Roberta Bertolini","image":{"@type":"ImageObject","inLanguage":"it-IT","@id":"https:\/\/staging.varesenews.it\/#\/schema\/person\/image\/","url":"https:\/\/staging.varesenews.it\/wp-content\/uploads\/2020\/12\/roberta_bertolini_colori_500.jpg","contentUrl":"https:\/\/staging.varesenews.it\/wp-content\/uploads\/2020\/12\/roberta_bertolini_colori_500.jpg","caption":"Roberta Bertolini"},"description":"Giornalista professionista dal 1991, sono passata, ormai molti anni fa, dalla carta al web. Oggi mi occupo di cronaca locale e guardo con curiosit&agrave; ed attenzione il mondo dei social. Parlo poco, ascolto molto.","sameAs":["https:\/\/www.facebook.com\/roberta.bertolini.9","bettabertolini","https:\/\/www.linkedin.com\/hp\/?dnr=v9e-Gp7a6_oxqTuQyZA0Lf4aEi4t91g6wMH","https:\/\/twitter.com\/robybertolini"],"url":"https:\/\/staging.varesenews.it\/persona\/roberta-bertolini1\/"}]}},"post_meta":{"_edit_lock":"1616653300:49","_edit_last":"49","_category_permalink":"a:1:{s:8:\"category\";s:0:\"\";}","_yoast_wpseo_content_score":"30","_jd_tweet_this":"yes","foto":"753404","firma-personalizzata":"R.B.","argomento":"Azzate","_encloseme":"1","ratings_users":"0","ratings_score":"0","ratings_average":"0","id_leggi_anche":"1315824,1294518,1321774,1327359","_wp_old_date":"2021-03-24","_wpt_short_url":"https:\/\/www.varesenews.it\/2021\/03\/coinger-al-belvedere-temi-caldi-consiglio-comunale-azzate\/1320851\/","_wp_jd_target":"https:\/\/www.varesenews.it\/2021\/03\/coinger-al-belvedere-temi-caldi-consiglio-comunale-azzate\/1320851\/","_jd_wp_twitter":"a:1:{i:0;s:202:\"Da Coinger al Belvedere, temi \u201ccaldi\u201d in consiglio comunale di Azzate https:\/\/www.varesenews.it\/2021\/03\/coinger-al-belvedere-temi-caldi-consiglio-comunale-azzate\/1320851\/ #azzate #belvedere #coinger\";}","_wpt_status_message":"Tweet inviato con successo."},"photos":[{"original":"https:\/\/staging.varesenews.it\/photogallery_new\/images\/2019\/08\/belvedere-di-azzate-di-angela-boschiroli-753404.jpg","full":"https:\/\/staging.varesenews.it\/photogallery_new\/images\/2019\/08\/belvedere-di-azzate-di-angela-boschiroli-753404.1024x768.jpg","large":"https:\/\/staging.varesenews.it\/photogallery_new\/images\/2019\/08\/belvedere-di-azzate-di-angela-boschiroli-753404.610x431.jpg"}],"_links":{"self":[{"href":"https:\/\/staging.varesenews.it\/swgapi\/v1\/wp\/v2\/posts\/1320851"}],"collection":[{"href":"https:\/\/staging.varesenews.it\/swgapi\/v1\/wp\/v2\/posts"}],"about":[{"href":"https:\/\/staging.varesenews.it\/swgapi\/v1\/wp\/v2\/types\/post"}],"author":[{"embeddable":true,"href":"https:\/\/staging.varesenews.it\/swgapi\/v1\/wp\/v2\/users\/49"}],"replies":[{"embeddable":true,"href":"https:\/\/staging.varesenews.it\/swgapi\/v1\/wp\/v2\/comments?post=1320851"}],"version-history":[{"count":0,"href":"https:\/\/staging.varesenews.it\/swgapi\/v1\/wp\/v2\/posts\/1320851\/revisions"}],"wp:attachment":[{"href":"https:\/\/staging.varesenews.it\/swgapi\/v1\/wp\/v2\/media?parent=1320851"}],"wp:term":[{"taxonomy":"category","embeddable":true,"href":"https:\/\/staging.varesenews.it\/swgapi\/v1\/wp\/v2\/categories?post=1320851"},{"taxonomy":"post_tag","embeddable":true,"href":"https:\/\/staging.varesenews.it\/swgapi\/v1\/wp\/v2\/tags?post=1320851"}],"curies":[{"name":"wp","href":"https:\/\/api.w.org\/{rel}","templated":true}]}}