{"id":1322214,"date":"2021-03-27T18:53:28","date_gmt":"2021-03-27T17:53:28","guid":{"rendered":"https:\/\/www.varesenews.it\/?p=1322214"},"modified":"2021-03-27T18:53:28","modified_gmt":"2021-03-27T17:53:28","slug":"nasce-network-italian-design-week-varese-ce","status":"publish","type":"post","link":"https:\/\/staging.varesenews.it\/2021\/03\/nasce-network-italian-design-week-varese-ce\/1322214\/","title":{"rendered":"Nasce il network &#8220;Italian design week&#8221;: Varese c&#8217;\u00e8"},"content":{"rendered":"<p>Sette rassegne di design fanno rete per promuovere la creativit\u00e0, l\u2019industria e l\u2019artigianato italiani ricchi di storia, specificit\u00e0 locali, realt\u00e0 produttive e maestranze di qualit\u00e0 in ogni settore: dal tessile all\u2019arredamento, dall\u2019oggettistica alla moda, alle nuove tecnologie.<\/p>\n<p>Nasce con questa finalit\u00e0 \u201c<strong>Italian Design Week<\/strong>\u201d, il <strong>network lanciato a fine 2019<\/strong>, consolidato lo scorso anno durante il lockdown e adesso pronto a partire e presentarsi al pubblico con <strong>un sito<\/strong>, una <strong>pagina Instagram<\/strong> e un <strong>lungo calendario di eventi online<\/strong> e in presenza da Nord a Sud per tutto il 2021. Un modo per promuovere attraverso il format \u201c<strong>design week<\/strong>\u201d, riconosciuto internazionalmente, le peculiarit\u00e0 creative, commerciali, produttive dei vari territori italiani ed attivare scambi internazionali.<\/p>\n<p>Progetti, idee, finalit\u00e0 e protagonisti di #IDW sono al centro di <strong>Udine Design Week<\/strong>, una delle rassegne del network che focalizzer\u00e0 l\u2019attenzione sulle Design weeks con un<a href=\"https:\/\/global.gotomeeting.com\/join\/413305005)\"><strong> incontro online mercoled\u00ec 31 marzo 2021<\/strong> <\/a>a partire <strong>dalle 14.10<\/strong> dal <strong>Liceo Scientifico Niccol\u00f2 Copernico di Udine<\/strong>.<\/p>\n<p>\u00abLa scuola ci \u00e8 sembrato il luogo migliore per parlare di design \u2013 dice la curatrice di Udine Design Week, <strong>Anna Aurora Lombardi<\/strong> &#8211; Non solo perch\u00e9 tra le nostre ambizioni c\u2019\u00e8 la promozione tra le giovani generazioni della creativit\u00e0 e della Cultura del Design con i valori espressivi, economici e tecnologici di cui \u00e8 portatrice, ma perch\u00e9 la scuola \u00e8 uno dei luoghi-simbolo per la ripartenza. L\u2019incontro permetter\u00e0 di spaziare in diverse citt\u00e0 e scoprire come ogni design week declini in modo specifico le proprie attivit\u00e0\u00bb.<\/p>\n<p>Il convegno si intitola: \u201c<strong>Italian Design Week \u2013 Design e territorio, racconti di esperienze in Italia<\/strong>\u201d. Oltre a Lombardi interverranno i curatori delle varie DW: <strong>Daniela Brignone<\/strong> per I Design \u2013 Palermo; <strong>Palmarosa Fuccella<\/strong> per Basilicata Design; <strong>Pierlorenzi Giordano<\/strong> per Ancona Design Week; <strong>Alessandro Pumpo<\/strong> per Florence Design Week; <strong>Lisa Balasso<\/strong> per Venice Design Week; <strong>Nicoletta Romano<\/strong> per Varese Design Week.<\/p>\n<p>Prodotta dal Museo del Design del Friuli Venezia Giulia, MuDeFri, Udine Design Week coinvolge progettisti e aziende che si presentano in un circuito che coinvolge tutta la citt\u00e0. La settimana si conclude con il premio Window Shopping Contest, un momento di inseminazione creativa che ogni anno porta alla realizzazione di progetti a tema a scala sia interior che urbana. Quest\u2019anno \u2013 causa covid \u2013 molte attivit\u00e0 si svolgeranno online proponendo percorsi ed esperienze virtuali innovative anche con il coinvolgimento dei giovani delle scuole superiori.<\/p>\n","protected":false},"excerpt":{"rendered":"<p>7 rassegne dedicate al design, compresa quella di Varese,  si uniscono per dar vita ad un cartellone lungo un anno e che unisce il Paese da Nord a Sud in nome della creativit\u00e0: convegno di presentazione il 31 marzo <\/p>\n","protected":false},"author":48,"featured_media":0,"comment_status":"open","ping_status":"open","sticky":false,"template":"","format":"standard","meta":{"footnotes":""},"categories":[18,21,2],"tags":[113385,59806],"acf":[],"yoast_head":"<!-- This site is optimized with the Yoast SEO plugin v20.1 - https:\/\/yoast.com\/wordpress\/plugins\/seo\/ -->\n<title>Nasce il network &quot;Italian design week&quot;: Varese c&#039;\u00e8<\/title>\n<meta name=\"description\" content=\"7 rassegne dedicate al design, compresa quella di Varese, si uniscono per dar vita ad un cartellone lungo un anno e che unisce il Paese da Nord a Sud in nome della creativit\u00e0: convegno di presentazione il 31 marzo\" \/>\n<meta name=\"robots\" content=\"noindex, follow, max-snippet:-1, max-image-preview:large, max-video-preview:-1\" \/>\n<meta property=\"og:locale\" content=\"it_IT\" \/>\n<meta property=\"og:type\" content=\"article\" \/>\n<meta property=\"og:title\" content=\"Nasce il network &quot;Italian design week&quot;: Varese c&#039;\u00e8\" \/>\n<meta property=\"og:description\" content=\"7 rassegne dedicate al design, compresa quella di Varese, si uniscono per dar vita ad un cartellone lungo un anno e che unisce il Paese da Nord a Sud in nome della creativit\u00e0: convegno di presentazione il 31 marzo\" \/>\n<meta property=\"og:url\" content=\"https:\/\/staging.varesenews.it\/2021\/03\/nasce-network-italian-design-week-varese-ce\/1322214\/\" \/>\n<meta property=\"og:site_name\" content=\"VareseNews\" \/>\n<meta property=\"article:publisher\" content=\"https:\/\/www.facebook.com\/varesenews\" \/>\n<meta property=\"article:author\" content=\"https:\/\/www.facebook.com\/stefaniaradman\" \/>\n<meta property=\"article:published_time\" content=\"2021-03-27T17:53:28+00:00\" \/>\n<meta name=\"author\" content=\"Stefania Radman\" \/>\n<meta name=\"twitter:card\" content=\"summary_large_image\" \/>\n<meta name=\"twitter:creator\" content=\"@LaRadman\" \/>\n<meta name=\"twitter:site\" content=\"@varesenews\" \/>\n<meta name=\"twitter:label1\" content=\"Scritto da\" \/>\n\t<meta name=\"twitter:data1\" content=\"Stefania Radman\" \/>\n\t<meta name=\"twitter:label2\" content=\"Tempo di lettura stimato\" \/>\n\t<meta name=\"twitter:data2\" content=\"2 minuti\" \/>\n<script type=\"application\/ld+json\" class=\"yoast-schema-graph\">{\"@context\":\"https:\/\/schema.org\",\"@graph\":[{\"@type\":\"WebPage\",\"@id\":\"https:\/\/staging.varesenews.it\/2021\/03\/nasce-network-italian-design-week-varese-ce\/1322214\/\",\"url\":\"https:\/\/staging.varesenews.it\/2021\/03\/nasce-network-italian-design-week-varese-ce\/1322214\/\",\"name\":\"Nasce il network \\\"Italian design week\\\": Varese c'\u00e8\",\"isPartOf\":{\"@id\":\"https:\/\/staging.varesenews.it\/#website\"},\"datePublished\":\"2021-03-27T17:53:28+00:00\",\"dateModified\":\"2021-03-27T17:53:28+00:00\",\"author\":{\"@id\":\"https:\/\/staging.varesenews.it\/#\/schema\/person\/995d2e6a31c67237a9a1bc1f0079f3aa\"},\"description\":\"7 rassegne dedicate al design, compresa quella di Varese, si uniscono per dar vita ad un cartellone lungo un anno e che unisce il Paese da Nord a Sud in nome della creativit\u00e0: convegno di presentazione il 31 marzo\",\"breadcrumb\":{\"@id\":\"https:\/\/staging.varesenews.it\/2021\/03\/nasce-network-italian-design-week-varese-ce\/1322214\/#breadcrumb\"},\"inLanguage\":\"it-IT\",\"potentialAction\":[{\"@type\":\"ReadAction\",\"target\":[\"https:\/\/staging.varesenews.it\/2021\/03\/nasce-network-italian-design-week-varese-ce\/1322214\/\"]}]},{\"@type\":\"BreadcrumbList\",\"@id\":\"https:\/\/staging.varesenews.it\/2021\/03\/nasce-network-italian-design-week-varese-ce\/1322214\/#breadcrumb\",\"itemListElement\":[{\"@type\":\"ListItem\",\"position\":1,\"name\":\"Home\",\"item\":\"https:\/\/www.varesenews.it\/\"},{\"@type\":\"ListItem\",\"position\":2,\"name\":\"Nasce il network &#8220;Italian design week&#8221;: Varese c&#8217;\u00e8\"}]},{\"@type\":\"WebSite\",\"@id\":\"https:\/\/staging.varesenews.it\/#website\",\"url\":\"https:\/\/staging.varesenews.it\/\",\"name\":\"VareseNews\",\"description\":\"\",\"potentialAction\":[{\"@type\":\"SearchAction\",\"target\":{\"@type\":\"EntryPoint\",\"urlTemplate\":\"https:\/\/staging.varesenews.it\/?s={search_term_string}\"},\"query-input\":\"required name=search_term_string\"}],\"inLanguage\":\"it-IT\"},{\"@type\":\"Person\",\"@id\":\"https:\/\/staging.varesenews.it\/#\/schema\/person\/995d2e6a31c67237a9a1bc1f0079f3aa\",\"name\":\"Stefania Radman\",\"image\":{\"@type\":\"ImageObject\",\"inLanguage\":\"it-IT\",\"@id\":\"https:\/\/staging.varesenews.it\/#\/schema\/person\/image\/\",\"url\":\"https:\/\/staging.varesenews.it\/wp-content\/uploads\/2020\/12\/stefania_radman_colori_500.jpg\",\"contentUrl\":\"https:\/\/staging.varesenews.it\/wp-content\/uploads\/2020\/12\/stefania_radman_colori_500.jpg\",\"caption\":\"Stefania Radman\"},\"description\":\"Varesina dal 1991, lavoro dal 2000 per Varesenews.it, prima come responsabile della pagina dell&rsquo;economia, poi della pagina life, ora della citt&agrave; di Varese.Ma sono (e sono stata) anche altro: per esempio, agli albori delle radio private ero dj in una radio milanese, Onda Radio. Da 20 anni sono corrispondente da Varese di Radio Popolare e ho collaborato con Espresso, Repubblica, Diario della Settimana, Italia Oggi. &ldquo;Smanettona&rdquo; da sempre, ho aperto il mio primo sito personale con Geocities nei primi anni novanta (chi se lo ricorda?) e i miei primi blog in Splinder all&rsquo;inizio del 2000. Ora sono sui social: qui quasi sempre sono semplicemente \\\"LaRadman&rdquo;.\",\"sameAs\":[\"http:\/\/laradman.blogspot.it\",\"https:\/\/www.facebook.com\/stefaniaradman\",\"@LaRadman\",\"https:\/\/www.linkedin.com\/in\/stefaniaradman\",\"https:\/\/twitter.com\/LaRadman\"],\"url\":\"https:\/\/staging.varesenews.it\/persona\/stefania-radman1\/\"}]}<\/script>\n<!-- \/ Yoast SEO plugin. -->","yoast_head_json":{"title":"Nasce il network \"Italian design week\": Varese c'\u00e8","description":"7 rassegne dedicate al design, compresa quella di Varese, si uniscono per dar vita ad un cartellone lungo un anno e che unisce il Paese da Nord a Sud in nome della creativit\u00e0: convegno di presentazione il 31 marzo","robots":{"index":"noindex","follow":"follow","max-snippet":"max-snippet:-1","max-image-preview":"max-image-preview:large","max-video-preview":"max-video-preview:-1"},"og_locale":"it_IT","og_type":"article","og_title":"Nasce il network \"Italian design week\": Varese c'\u00e8","og_description":"7 rassegne dedicate al design, compresa quella di Varese, si uniscono per dar vita ad un cartellone lungo un anno e che unisce il Paese da Nord a Sud in nome della creativit\u00e0: convegno di presentazione il 31 marzo","og_url":"https:\/\/staging.varesenews.it\/2021\/03\/nasce-network-italian-design-week-varese-ce\/1322214\/","og_site_name":"VareseNews","article_publisher":"https:\/\/www.facebook.com\/varesenews","article_author":"https:\/\/www.facebook.com\/stefaniaradman","article_published_time":"2021-03-27T17:53:28+00:00","author":"Stefania Radman","twitter_card":"summary_large_image","twitter_creator":"@LaRadman","twitter_site":"@varesenews","twitter_misc":{"Scritto da":"Stefania Radman","Tempo di lettura stimato":"2 minuti"},"schema":{"@context":"https:\/\/schema.org","@graph":[{"@type":"WebPage","@id":"https:\/\/staging.varesenews.it\/2021\/03\/nasce-network-italian-design-week-varese-ce\/1322214\/","url":"https:\/\/staging.varesenews.it\/2021\/03\/nasce-network-italian-design-week-varese-ce\/1322214\/","name":"Nasce il network \"Italian design week\": Varese c'\u00e8","isPartOf":{"@id":"https:\/\/staging.varesenews.it\/#website"},"datePublished":"2021-03-27T17:53:28+00:00","dateModified":"2021-03-27T17:53:28+00:00","author":{"@id":"https:\/\/staging.varesenews.it\/#\/schema\/person\/995d2e6a31c67237a9a1bc1f0079f3aa"},"description":"7 rassegne dedicate al design, compresa quella di Varese, si uniscono per dar vita ad un cartellone lungo un anno e che unisce il Paese da Nord a Sud in nome della creativit\u00e0: convegno di presentazione il 31 marzo","breadcrumb":{"@id":"https:\/\/staging.varesenews.it\/2021\/03\/nasce-network-italian-design-week-varese-ce\/1322214\/#breadcrumb"},"inLanguage":"it-IT","potentialAction":[{"@type":"ReadAction","target":["https:\/\/staging.varesenews.it\/2021\/03\/nasce-network-italian-design-week-varese-ce\/1322214\/"]}]},{"@type":"BreadcrumbList","@id":"https:\/\/staging.varesenews.it\/2021\/03\/nasce-network-italian-design-week-varese-ce\/1322214\/#breadcrumb","itemListElement":[{"@type":"ListItem","position":1,"name":"Home","item":"https:\/\/www.varesenews.it\/"},{"@type":"ListItem","position":2,"name":"Nasce il network &#8220;Italian design week&#8221;: Varese c&#8217;\u00e8"}]},{"@type":"WebSite","@id":"https:\/\/staging.varesenews.it\/#website","url":"https:\/\/staging.varesenews.it\/","name":"VareseNews","description":"","potentialAction":[{"@type":"SearchAction","target":{"@type":"EntryPoint","urlTemplate":"https:\/\/staging.varesenews.it\/?s={search_term_string}"},"query-input":"required name=search_term_string"}],"inLanguage":"it-IT"},{"@type":"Person","@id":"https:\/\/staging.varesenews.it\/#\/schema\/person\/995d2e6a31c67237a9a1bc1f0079f3aa","name":"Stefania Radman","image":{"@type":"ImageObject","inLanguage":"it-IT","@id":"https:\/\/staging.varesenews.it\/#\/schema\/person\/image\/","url":"https:\/\/staging.varesenews.it\/wp-content\/uploads\/2020\/12\/stefania_radman_colori_500.jpg","contentUrl":"https:\/\/staging.varesenews.it\/wp-content\/uploads\/2020\/12\/stefania_radman_colori_500.jpg","caption":"Stefania Radman"},"description":"Varesina dal 1991, lavoro dal 2000 per Varesenews.it, prima come responsabile della pagina dell&rsquo;economia, poi della pagina life, ora della citt&agrave; di Varese.Ma sono (e sono stata) anche altro: per esempio, agli albori delle radio private ero dj in una radio milanese, Onda Radio. Da 20 anni sono corrispondente da Varese di Radio Popolare e ho collaborato con Espresso, Repubblica, Diario della Settimana, Italia Oggi. &ldquo;Smanettona&rdquo; da sempre, ho aperto il mio primo sito personale con Geocities nei primi anni novanta (chi se lo ricorda?) e i miei primi blog in Splinder all&rsquo;inizio del 2000. Ora sono sui social: qui quasi sempre sono semplicemente \"LaRadman&rdquo;.","sameAs":["http:\/\/laradman.blogspot.it","https:\/\/www.facebook.com\/stefaniaradman","@LaRadman","https:\/\/www.linkedin.com\/in\/stefaniaradman","https:\/\/twitter.com\/LaRadman"],"url":"https:\/\/staging.varesenews.it\/persona\/stefania-radman1\/"}]}},"post_meta":{"_edit_lock":"1616867477:48","_edit_last":"48","_category_permalink":"a:1:{s:8:\"category\";s:0:\"\";}","_yoast_wpseo_content_score":"30","_jd_tweet_this":"yes","argomento":"Varese","_encloseme":"1","ratings_users":"0","ratings_score":"0","ratings_average":"0","foto":"1212014","firma_come_redazione":"1","_wpt_short_url":"https:\/\/www.varesenews.it\/2021\/03\/nasce-network-italian-design-week-varese-ce\/1322214\/","_wp_jd_target":"https:\/\/www.varesenews.it\/2021\/03\/nasce-network-italian-design-week-varese-ce\/1322214\/","_jd_wp_twitter":"a:1:{i:0;s:145:\"Nasce il network \u201cItalian design week\u201d: Varese c\u2019\u00e8 https:\/\/www.varesenews.it\/2021\/03\/nasce-network-italian-design-week-varese-ce\/1322214\/ \";}","_wpt_status_message":"Tweet inviato con successo.","_yoast_wpseo_focuskw_text_input":"italian design week","_yoast_wpseo_focuskw":"italian design week","_yoast_wpseo_linkdex":"64"},"photos":[{"original":"https:\/\/staging.varesenews.it\/photogallery_new\/images\/2021\/03\/generica-2020-1212014.jpg","full":"https:\/\/staging.varesenews.it\/photogallery_new\/images\/2021\/03\/generica-2020-1212014.1024x768.jpg","large":"https:\/\/staging.varesenews.it\/photogallery_new\/images\/2021\/03\/generica-2020-1212014.610x431.jpg"}],"_links":{"self":[{"href":"https:\/\/staging.varesenews.it\/swgapi\/v1\/wp\/v2\/posts\/1322214"}],"collection":[{"href":"https:\/\/staging.varesenews.it\/swgapi\/v1\/wp\/v2\/posts"}],"about":[{"href":"https:\/\/staging.varesenews.it\/swgapi\/v1\/wp\/v2\/types\/post"}],"author":[{"embeddable":true,"href":"https:\/\/staging.varesenews.it\/swgapi\/v1\/wp\/v2\/users\/48"}],"replies":[{"embeddable":true,"href":"https:\/\/staging.varesenews.it\/swgapi\/v1\/wp\/v2\/comments?post=1322214"}],"version-history":[{"count":0,"href":"https:\/\/staging.varesenews.it\/swgapi\/v1\/wp\/v2\/posts\/1322214\/revisions"}],"wp:attachment":[{"href":"https:\/\/staging.varesenews.it\/swgapi\/v1\/wp\/v2\/media?parent=1322214"}],"wp:term":[{"taxonomy":"category","embeddable":true,"href":"https:\/\/staging.varesenews.it\/swgapi\/v1\/wp\/v2\/categories?post=1322214"},{"taxonomy":"post_tag","embeddable":true,"href":"https:\/\/staging.varesenews.it\/swgapi\/v1\/wp\/v2\/tags?post=1322214"}],"curies":[{"name":"wp","href":"https:\/\/api.w.org\/{rel}","templated":true}]}}