{"id":1324986,"date":"2021-04-04T12:12:52","date_gmt":"2021-04-04T10:12:52","guid":{"rendered":"https:\/\/www.varesenews.it\/?p=1324986"},"modified":"2021-04-04T12:13:21","modified_gmt":"2021-04-04T10:13:21","slug":"la-prima-cena","status":"publish","type":"post","link":"https:\/\/staging.varesenews.it\/2021\/04\/la-prima-cena\/1324986\/","title":{"rendered":"La prima cena"},"content":{"rendered":"<p>Allora, vediamo se tutto \u00e8 pronto. Pasta con le sarde scappate, fatta. L\u2019acqua gi\u00e0 bolle. La spigola al sale la metto in forno quando servo l\u2019aperitivo, cos\u00ec la mangiamo calda. Le zucchine alla scapece sono perfette tiepide, nessun problema. In frigo ci sono le cassatine alla siciliana (ricetta segreta di Nonna Rosalia, non hanno mai fallito un colpo). IL Donnafugata \u00e8 in freezer, gi\u00e0 aperto. Continuo a tormentarmi cos\u00ec da piu\u2019 un\u2019ora, facendo la spola tra cucina e finestra della sala da pranzo. \u00c8 tutto pronto. Bicchieri di cristallo, posate d\u2019argento prese in prestito dai miei, portatovaglioli e sottopiatti di legno. Perch\u00e9 sono cos\u00ec agitato, allora? Perch\u00e9 non arriva, sono due settimane \u2013 da quando cio\u00e8 l\u2019ho convinta a venire a cena da me \u2013 che non solo non dormo, ma avr\u00f2 cambiato il menu una trentina di volte. Poi dicono che la strada del cuore passa per lo stomaco. Quale stomaco? Non penso che a lei. Non ho pi\u00f9 fame. Non ho pi\u00f9 concentrazione. E la sogno, irrimediabilmente, a occhi aperti. Sogno quello che le potrei dire, di rivederla non appena ci siamo salutati, di come la potrei far ridere ancora, per sentire quella sua risata a testa indietro che squarcia qualsiasi discorso, per vedere quei denti bianchi e quegli occhi che si inumidiscono. Cazzo, comincia pure a nevicare. Cos\u2019\u00e8, il citofono? Mi precipito, s\u00ec, \u00e8 al terzo piano!<br \/>\nIl suo odore la precede. Un misto di timo e mughetto, sfacciato, quasi arrogante. Entra, ed \u00e8 un pugno allo stomaco. Provo a darmi un contegno, ma sono gi\u00e0 fuori uso. Mi guarda ed \u00e8 come se dicesse \u201cMio\u201d. Beviamo, e non capisco cosa sto dicendo. Provo una sorta di dicotomia. Lei parla, ride, scherza, mi guarda con il suo solito sguardo che mette in disordine mente e stomaco e poi c\u2019\u00e8 un altro io che parla e la fa ridere. Ma in realt\u00e0 io, il mio vero io, non ha altra occupazione che guardarla, goderla, immergersi nei suoi occhi. I piatti mi danno una mano, Nonna Rosalia \u00e8 una garanzia. Mi fai vedere la tua casetta? Certo, vieni, non \u00e8 un gran che. E in un attimo (ma non stavamo in soggiorno?) ci troviamo sul letto. E l\u00ec continuiamo a mangiare, a nutrirci l\u2019uno dell\u2019altra. Io perdo la conoscenza di spazio e tempo. \u00c8 tutta una nebbia indistinta che ruota attorno a questi due occhi magici, che mi parlano di calore, di tramonti, di vino, di corse sulla spiaggia. Le nostre pelli restano attaccate, a lungo, come se l\u2019unica possibilit\u00e0 per sopravvivere fosse quella di unirci il pi\u00f9 possibile. Odori, sapori, sguardi, parole, si uniscono. I nostri piedi, freddi, parlano un linguaggio che non conoscevano prima. Si accarezzano, si intrecciano, si conoscono, si capiscono.<br \/>\n\u00c8 questo l\u2019amore?<br \/>\nNon lo so, l\u2019unica cosa che capisco \u00e8 che i nostri corpi, le nostre anime si stanno appartenendo. Restiamo incollati cos\u00ec, nel buio, con i battiti dei cuori che rallentano, solo ora. Ed \u00e8 qui che ho cominciato ad avere paura. Di quello che succeder\u00e0 tra qualche minuto, o di quello che succeder\u00e0 domani. \u00c8 questo l\u2019amore?<\/p>\n<p><strong>Racconto di Gianluca Fiore<\/strong><\/p>\n<p><strong><a href=\"https:\/\/www.varesenews.it\/tag\/il-racconto-della-domenica\/\">TUTTI I RACCONTI DELLA DOMENICA<\/a><\/strong><\/p>\n","protected":false},"excerpt":{"rendered":"<p>di Gianluca Fiore<\/p>\n","protected":false},"author":45,"featured_media":0,"comment_status":"open","ping_status":"open","sticky":false,"template":"","format":"standard","meta":{"footnotes":""},"categories":[18,2],"tags":[794,2678,102400,767],"acf":[],"yoast_head":"<!-- This site is optimized with the Yoast SEO plugin v20.1 - https:\/\/yoast.com\/wordpress\/plugins\/seo\/ -->\n<title>La prima cena<\/title>\n<meta name=\"description\" content=\"di Gianluca Fiore\" \/>\n<meta name=\"robots\" content=\"noindex, follow, max-snippet:-1, max-image-preview:large, max-video-preview:-1\" \/>\n<meta property=\"og:locale\" content=\"it_IT\" \/>\n<meta property=\"og:type\" content=\"article\" \/>\n<meta property=\"og:title\" content=\"La prima cena\" \/>\n<meta property=\"og:description\" content=\"di Gianluca Fiore\" \/>\n<meta property=\"og:url\" content=\"https:\/\/staging.varesenews.it\/2021\/04\/la-prima-cena\/1324986\/\" \/>\n<meta property=\"og:site_name\" content=\"VareseNews\" \/>\n<meta property=\"article:publisher\" content=\"https:\/\/www.facebook.com\/varesenews\" \/>\n<meta property=\"article:author\" content=\"https:\/\/www.facebook.com\/michele.mancino.5\" \/>\n<meta property=\"article:published_time\" content=\"2021-04-04T10:12:52+00:00\" \/>\n<meta property=\"article:modified_time\" content=\"2021-04-04T10:13:21+00:00\" \/>\n<meta name=\"author\" content=\"Michele Mancino\" \/>\n<meta name=\"twitter:card\" content=\"summary_large_image\" \/>\n<meta name=\"twitter:creator\" content=\"@micmancio\" \/>\n<meta name=\"twitter:site\" content=\"@varesenews\" \/>\n<meta name=\"twitter:label1\" content=\"Scritto da\" \/>\n\t<meta name=\"twitter:data1\" content=\"Michele Mancino\" \/>\n\t<meta name=\"twitter:label2\" content=\"Tempo di lettura stimato\" \/>\n\t<meta name=\"twitter:data2\" content=\"3 minuti\" \/>\n<script type=\"application\/ld+json\" class=\"yoast-schema-graph\">{\"@context\":\"https:\/\/schema.org\",\"@graph\":[{\"@type\":\"WebPage\",\"@id\":\"https:\/\/staging.varesenews.it\/2021\/04\/la-prima-cena\/1324986\/\",\"url\":\"https:\/\/staging.varesenews.it\/2021\/04\/la-prima-cena\/1324986\/\",\"name\":\"La prima cena\",\"isPartOf\":{\"@id\":\"https:\/\/staging.varesenews.it\/#website\"},\"datePublished\":\"2021-04-04T10:12:52+00:00\",\"dateModified\":\"2021-04-04T10:13:21+00:00\",\"author\":{\"@id\":\"https:\/\/staging.varesenews.it\/#\/schema\/person\/308b491d3cb680ead199e5ff6c6ce540\"},\"description\":\"di Gianluca Fiore\",\"breadcrumb\":{\"@id\":\"https:\/\/staging.varesenews.it\/2021\/04\/la-prima-cena\/1324986\/#breadcrumb\"},\"inLanguage\":\"it-IT\",\"potentialAction\":[{\"@type\":\"ReadAction\",\"target\":[\"https:\/\/staging.varesenews.it\/2021\/04\/la-prima-cena\/1324986\/\"]}]},{\"@type\":\"BreadcrumbList\",\"@id\":\"https:\/\/staging.varesenews.it\/2021\/04\/la-prima-cena\/1324986\/#breadcrumb\",\"itemListElement\":[{\"@type\":\"ListItem\",\"position\":1,\"name\":\"Home\",\"item\":\"https:\/\/www.varesenews.it\/\"},{\"@type\":\"ListItem\",\"position\":2,\"name\":\"La prima cena\"}]},{\"@type\":\"WebSite\",\"@id\":\"https:\/\/staging.varesenews.it\/#website\",\"url\":\"https:\/\/staging.varesenews.it\/\",\"name\":\"VareseNews\",\"description\":\"\",\"potentialAction\":[{\"@type\":\"SearchAction\",\"target\":{\"@type\":\"EntryPoint\",\"urlTemplate\":\"https:\/\/staging.varesenews.it\/?s={search_term_string}\"},\"query-input\":\"required name=search_term_string\"}],\"inLanguage\":\"it-IT\"},{\"@type\":\"Person\",\"@id\":\"https:\/\/staging.varesenews.it\/#\/schema\/person\/308b491d3cb680ead199e5ff6c6ce540\",\"name\":\"Michele Mancino\",\"image\":{\"@type\":\"ImageObject\",\"inLanguage\":\"it-IT\",\"@id\":\"https:\/\/staging.varesenews.it\/#\/schema\/person\/image\/\",\"url\":\"https:\/\/staging.varesenews.it\/wp-content\/uploads\/2020\/12\/michele_mancino_colori_500.jpg\",\"contentUrl\":\"https:\/\/staging.varesenews.it\/wp-content\/uploads\/2020\/12\/michele_mancino_colori_500.jpg\",\"caption\":\"Michele Mancino\"},\"description\":\"Sono a VareseNews da prima che nascesse. Ho inserito le prime notizie in una stringa di codice html, la lingua di internet. Aprivo i computer, cambiavo schede di rete e portavo i server dal provider. A met&agrave; degli anni &rsquo;90 il giornalista online doveva saper fare anche questo. Ho vissuto gli anni drammatici della bolla speculativa di Internet e quelli entusiastici della crescita, anni in cui VareseNews era un Davide in mezzo a tanti Golia. Poi sono arrivati i social, le nuove piattaforme e soprattutto gli smartphone, una postazione di lavoro racchiusa in una mano. Una nuova rivoluzione. Insomma, &egrave; stata, ed &egrave; ancora, un&rsquo;avventura entusiasmante perch&eacute; mi insegna giorno dopo giorno che il cambiamento &egrave; l&rsquo;unica certezza di questa fragile esistenza.\",\"sameAs\":[\"https:\/\/www.facebook.com\/michele.mancino.5\",\"micmancio\",\"Aggiorna le impostazioni del tuo profilo pubblicoit.linkedin.com\/pub\/michele-mancino\/28\/b71\/890\/it\",\"https:\/\/twitter.com\/micmancio\"],\"url\":\"https:\/\/staging.varesenews.it\/persona\/michele_mancino\/\"}]}<\/script>\n<!-- \/ Yoast SEO plugin. -->","yoast_head_json":{"title":"La prima cena","description":"di Gianluca Fiore","robots":{"index":"noindex","follow":"follow","max-snippet":"max-snippet:-1","max-image-preview":"max-image-preview:large","max-video-preview":"max-video-preview:-1"},"og_locale":"it_IT","og_type":"article","og_title":"La prima cena","og_description":"di Gianluca Fiore","og_url":"https:\/\/staging.varesenews.it\/2021\/04\/la-prima-cena\/1324986\/","og_site_name":"VareseNews","article_publisher":"https:\/\/www.facebook.com\/varesenews","article_author":"https:\/\/www.facebook.com\/michele.mancino.5","article_published_time":"2021-04-04T10:12:52+00:00","article_modified_time":"2021-04-04T10:13:21+00:00","author":"Michele Mancino","twitter_card":"summary_large_image","twitter_creator":"@micmancio","twitter_site":"@varesenews","twitter_misc":{"Scritto da":"Michele Mancino","Tempo di lettura stimato":"3 minuti"},"schema":{"@context":"https:\/\/schema.org","@graph":[{"@type":"WebPage","@id":"https:\/\/staging.varesenews.it\/2021\/04\/la-prima-cena\/1324986\/","url":"https:\/\/staging.varesenews.it\/2021\/04\/la-prima-cena\/1324986\/","name":"La prima cena","isPartOf":{"@id":"https:\/\/staging.varesenews.it\/#website"},"datePublished":"2021-04-04T10:12:52+00:00","dateModified":"2021-04-04T10:13:21+00:00","author":{"@id":"https:\/\/staging.varesenews.it\/#\/schema\/person\/308b491d3cb680ead199e5ff6c6ce540"},"description":"di Gianluca Fiore","breadcrumb":{"@id":"https:\/\/staging.varesenews.it\/2021\/04\/la-prima-cena\/1324986\/#breadcrumb"},"inLanguage":"it-IT","potentialAction":[{"@type":"ReadAction","target":["https:\/\/staging.varesenews.it\/2021\/04\/la-prima-cena\/1324986\/"]}]},{"@type":"BreadcrumbList","@id":"https:\/\/staging.varesenews.it\/2021\/04\/la-prima-cena\/1324986\/#breadcrumb","itemListElement":[{"@type":"ListItem","position":1,"name":"Home","item":"https:\/\/www.varesenews.it\/"},{"@type":"ListItem","position":2,"name":"La prima cena"}]},{"@type":"WebSite","@id":"https:\/\/staging.varesenews.it\/#website","url":"https:\/\/staging.varesenews.it\/","name":"VareseNews","description":"","potentialAction":[{"@type":"SearchAction","target":{"@type":"EntryPoint","urlTemplate":"https:\/\/staging.varesenews.it\/?s={search_term_string}"},"query-input":"required name=search_term_string"}],"inLanguage":"it-IT"},{"@type":"Person","@id":"https:\/\/staging.varesenews.it\/#\/schema\/person\/308b491d3cb680ead199e5ff6c6ce540","name":"Michele Mancino","image":{"@type":"ImageObject","inLanguage":"it-IT","@id":"https:\/\/staging.varesenews.it\/#\/schema\/person\/image\/","url":"https:\/\/staging.varesenews.it\/wp-content\/uploads\/2020\/12\/michele_mancino_colori_500.jpg","contentUrl":"https:\/\/staging.varesenews.it\/wp-content\/uploads\/2020\/12\/michele_mancino_colori_500.jpg","caption":"Michele Mancino"},"description":"Sono a VareseNews da prima che nascesse. Ho inserito le prime notizie in una stringa di codice html, la lingua di internet. Aprivo i computer, cambiavo schede di rete e portavo i server dal provider. A met&agrave; degli anni &rsquo;90 il giornalista online doveva saper fare anche questo. Ho vissuto gli anni drammatici della bolla speculativa di Internet e quelli entusiastici della crescita, anni in cui VareseNews era un Davide in mezzo a tanti Golia. Poi sono arrivati i social, le nuove piattaforme e soprattutto gli smartphone, una postazione di lavoro racchiusa in una mano. Una nuova rivoluzione. Insomma, &egrave; stata, ed &egrave; ancora, un&rsquo;avventura entusiasmante perch&eacute; mi insegna giorno dopo giorno che il cambiamento &egrave; l&rsquo;unica certezza di questa fragile esistenza.","sameAs":["https:\/\/www.facebook.com\/michele.mancino.5","micmancio","Aggiorna le impostazioni del tuo profilo pubblicoit.linkedin.com\/pub\/michele-mancino\/28\/b71\/890\/it","https:\/\/twitter.com\/micmancio"],"url":"https:\/\/staging.varesenews.it\/persona\/michele_mancino\/"}]}},"post_meta":{"_edit_lock":"1617531396:45","_edit_last":"45","_category_permalink":"a:1:{s:8:\"category\";s:2:\"18\";}","_encloseme":"1","ratings_users":"0","ratings_score":"0","ratings_average":"0","foto":"1213427","firma-personalizzata":"Gianluca Fiore","argomento":"IL RACCONTO DELLA DOMENICA","_yoast_wpseo_content_score":"30","_jd_tweet_this":"yes","_wpt_short_url":"https:\/\/www.varesenews.it\/2021\/04\/la-prima-cena\/1324986\/","_wp_jd_target":"https:\/\/www.varesenews.it\/2021\/04\/la-prima-cena\/1324986\/","_jd_wp_twitter":"a:1:{i:0;s:97:\"La prima cena https:\/\/www.varesenews.it\/2021\/04\/la-prima-cena\/1324986\/ #cultura #ilcavedio #libri\";}","_wpt_status_message":"Tweet inviato con successo.","_oembed_cc61acb8d995e346350c2f6a997b9e99":"<iframe width=\"500\" height=\"281\" src=\"https:\/\/www.youtube.com\/embed\/pFaEEf6KobY?feature=oembed\" frameborder=\"0\" allow=\"accelerometer; autoplay; clipboard-write; encrypted-media; gyroscope; picture-in-picture\" allowfullscreen><\/iframe>","_oembed_time_cc61acb8d995e346350c2f6a997b9e99":"1617531234","_oembed_9bc5c539bbc027b0df61415a1036ba3a":"<iframe width=\"500\" height=\"281\" src=\"https:\/\/www.youtube.com\/embed\/HrGApHDhjDM?feature=oembed\" frameborder=\"0\" allow=\"accelerometer; autoplay; clipboard-write; encrypted-media; gyroscope; picture-in-picture\" allowfullscreen><\/iframe>","_oembed_time_9bc5c539bbc027b0df61415a1036ba3a":"1617531234","_oembed_17a5f6a9653d2aeaa17a385126ae97ff":"<blockquote class=\"wp-embedded-content\" data-secret=\"iQXfLjbiwH\"><a href=\"https:\/\/www.varesenews.it\/2021\/04\/weekend-dei-bambini-un-uovo-scoprire-gustare-colorare\/1324524\/\">Il weekend dei bambini \u00e8 un uovo da scoprire, gustare e colorare<\/a><\/blockquote><iframe class=\"wp-embedded-content\" sandbox=\"allow-scripts\" security=\"restricted\" style=\"position: absolute; clip: rect(1px, 1px, 1px, 1px);\" src=\"https:\/\/www.varesenews.it\/2021\/04\/weekend-dei-bambini-un-uovo-scoprire-gustare-colorare\/1324524\/embed\/#?secret=iQXfLjbiwH\" data-secret=\"iQXfLjbiwH\" width=\"500\" height=\"282\" title=\"&#8220;Il weekend dei bambini \u00e8 un uovo da scoprire, gustare e colorare&#8221; &#8212; VareseNews\" frameborder=\"0\" marginwidth=\"0\" marginheight=\"0\" scrolling=\"no\"><\/iframe>","_oembed_time_17a5f6a9653d2aeaa17a385126ae97ff":"1617531234","_oembed_a9c9ca9de58b812a38584ec72ab5bc97":"<iframe width=\"500\" height=\"281\" src=\"https:\/\/www.youtube.com\/embed\/E2__YBrIEwg?feature=oembed\" frameborder=\"0\" allow=\"accelerometer; autoplay; clipboard-write; encrypted-media; gyroscope; picture-in-picture\" allowfullscreen><\/iframe>","_oembed_time_a9c9ca9de58b812a38584ec72ab5bc97":"1617531235","_oembed_12ebe24b688329869e5870a4392e900f":"<blockquote class=\"wp-embedded-content\" data-secret=\"YwdsOi0aDG\"><a href=\"https:\/\/www.varesenews.it\/2021\/03\/priorita-alle-vaccinazioni-gli-operatori-del-commercio\/1323258\/\">Priorit\u00e0 alle vaccinazioni per gli operatori del commercio<\/a><\/blockquote><iframe class=\"wp-embedded-content\" sandbox=\"allow-scripts\" security=\"restricted\" style=\"position: absolute; clip: rect(1px, 1px, 1px, 1px);\" src=\"https:\/\/www.varesenews.it\/2021\/03\/priorita-alle-vaccinazioni-gli-operatori-del-commercio\/1323258\/embed\/#?secret=YwdsOi0aDG\" data-secret=\"YwdsOi0aDG\" width=\"500\" height=\"282\" title=\"&#8220;Priorit\u00e0 alle vaccinazioni per gli operatori del commercio&#8221; &#8212; VareseNews\" frameborder=\"0\" marginwidth=\"0\" marginheight=\"0\" scrolling=\"no\"><\/iframe>","_oembed_time_12ebe24b688329869e5870a4392e900f":"1617531235","_oembed_3ad5513b9cdb1ed10092bc57aaef45ef":"<blockquote class=\"wp-embedded-content\" data-secret=\"fJmZsDX8bR\"><a href=\"https:\/\/www.varesenews.it\/2021\/01\/caso-figli-diritti-bonus-contributi-2021\/1291746\/\">In caso di figli: diritti, bonus e contributi 2021<\/a><\/blockquote><iframe class=\"wp-embedded-content\" sandbox=\"allow-scripts\" security=\"restricted\" style=\"position: absolute; clip: rect(1px, 1px, 1px, 1px);\" src=\"https:\/\/www.varesenews.it\/2021\/01\/caso-figli-diritti-bonus-contributi-2021\/1291746\/embed\/#?secret=fJmZsDX8bR\" data-secret=\"fJmZsDX8bR\" width=\"500\" height=\"282\" title=\"&#8220;In caso di figli: diritti, bonus e contributi 2021&#8221; &#8212; VareseNews\" frameborder=\"0\" marginwidth=\"0\" marginheight=\"0\" scrolling=\"no\"><\/iframe>","_oembed_time_3ad5513b9cdb1ed10092bc57aaef45ef":"1617531235","_oembed_b63f71d00352711f5ea10a197a6d8660":"<blockquote class=\"wp-embedded-content\" data-secret=\"SKpxIEz3Xx\"><a href=\"https:\/\/www.varesenews.it\/2019\/04\/my-job-piattaforma-cerca-offre-lavoro\/813968\/\">My Job, una piattaforma per chi cerca e offre lavoro<\/a><\/blockquote><iframe class=\"wp-embedded-content\" sandbox=\"allow-scripts\" security=\"restricted\" style=\"position: absolute; clip: rect(1px, 1px, 1px, 1px);\" src=\"https:\/\/www.varesenews.it\/2019\/04\/my-job-piattaforma-cerca-offre-lavoro\/813968\/embed\/#?secret=SKpxIEz3Xx\" data-secret=\"SKpxIEz3Xx\" width=\"500\" height=\"282\" title=\"&#8220;My Job, una piattaforma per chi cerca e offre lavoro&#8221; &#8212; VareseNews\" frameborder=\"0\" marginwidth=\"0\" marginheight=\"0\" scrolling=\"no\"><\/iframe>","_oembed_time_b63f71d00352711f5ea10a197a6d8660":"1617531402","_oembed_ce5c4a8ab3a76f301ecca492ea555db2":"<iframe width=\"500\" height=\"281\" src=\"https:\/\/www.youtube.com\/embed\/TtHaU2TaPmk?feature=oembed\" frameborder=\"0\" allow=\"accelerometer; autoplay; clipboard-write; encrypted-media; gyroscope; picture-in-picture\" allowfullscreen><\/iframe>","_oembed_time_ce5c4a8ab3a76f301ecca492ea555db2":"1617531402","_oembed_6963b8e4f6855b2ff33d0aa14f91fa21":"<blockquote class=\"wp-embedded-content\" data-secret=\"mnn20EGMTC\"><a href=\"https:\/\/www.verbanonews.it\/aree-geografiche\/piemonte\/2021\/04\/02\/coronavirus-1-942-nuovi-positivi-e-63-decessi-in-piemonte\/928820\/\">Coronavirus: 1.942 nuovi positivi e 63 decessi in Piemonte<\/a><\/blockquote><iframe class=\"wp-embedded-content\" sandbox=\"allow-scripts\" security=\"restricted\" style=\"position: absolute; clip: rect(1px, 1px, 1px, 1px);\" src=\"https:\/\/www.verbanonews.it\/aree-geografiche\/piemonte\/2021\/04\/02\/coronavirus-1-942-nuovi-positivi-e-63-decessi-in-piemonte\/928820\/embed\/#?secret=mnn20EGMTC\" data-secret=\"mnn20EGMTC\" width=\"500\" height=\"282\" title=\"&#8220;Coronavirus: 1.942 nuovi positivi e 63 decessi in Piemonte&#8221; &#8212; VerbanoNews\" frameborder=\"0\" marginwidth=\"0\" marginheight=\"0\" scrolling=\"no\"><\/iframe>","_oembed_time_6963b8e4f6855b2ff33d0aa14f91fa21":"1617531403","_oembed_5fd85888dc878e11211f6c99e827d446":"<blockquote class=\"wp-embedded-content\" data-secret=\"mUJEdmIy0W\"><a href=\"https:\/\/www.varesenews.it\/2021\/03\/galimberti-intitoliamo-punto-vaccini-schiranna-giuseppe-zamberletti\/1315330\/\">Galimberti: &#8220;Intitoliamo il punto vaccini a Schiranna a Giuseppe Zamberletti&#8221;<\/a><\/blockquote><iframe class=\"wp-embedded-content\" sandbox=\"allow-scripts\" security=\"restricted\" style=\"position: absolute; clip: rect(1px, 1px, 1px, 1px);\" src=\"https:\/\/www.varesenews.it\/2021\/03\/galimberti-intitoliamo-punto-vaccini-schiranna-giuseppe-zamberletti\/1315330\/embed\/#?secret=mUJEdmIy0W\" data-secret=\"mUJEdmIy0W\" width=\"500\" height=\"282\" title=\"&#8220;Galimberti: &#8220;Intitoliamo il punto vaccini a Schiranna a Giuseppe Zamberletti&#8221;&#8221; &#8212; VareseNews\" frameborder=\"0\" marginwidth=\"0\" marginheight=\"0\" scrolling=\"no\"><\/iframe>","_oembed_time_5fd85888dc878e11211f6c99e827d446":"1617531403","_oembed_932d01852ee0dde9435a10a9a8da2579":"<iframe width=\"500\" height=\"281\" src=\"https:\/\/www.youtube.com\/embed\/-g4lpQiN1-s?feature=oembed\" frameborder=\"0\" allow=\"accelerometer; autoplay; clipboard-write; encrypted-media; gyroscope; picture-in-picture\" allowfullscreen><\/iframe>","_oembed_time_932d01852ee0dde9435a10a9a8da2579":"1617531642","_oembed_4d5e48b1046a578d5d42a75a06d3663c":"<blockquote class=\"wp-embedded-content\" data-secret=\"hn0SFeuj0r\"><a href=\"https:\/\/www.verbanonews.it\/aree-geografiche\/canton-ticino\/2021\/03\/15\/la-svizzera-cambia-strategia-test-rapidi-e-gratuiti-per-tutti\/928104\/\">La Svizzera cambia strategia, test rapidi e gratuiti per tutti<\/a><\/blockquote><iframe class=\"wp-embedded-content\" sandbox=\"allow-scripts\" security=\"restricted\" style=\"position: absolute; clip: rect(1px, 1px, 1px, 1px);\" src=\"https:\/\/www.verbanonews.it\/aree-geografiche\/canton-ticino\/2021\/03\/15\/la-svizzera-cambia-strategia-test-rapidi-e-gratuiti-per-tutti\/928104\/embed\/#?secret=hn0SFeuj0r\" data-secret=\"hn0SFeuj0r\" width=\"500\" height=\"282\" title=\"&#8220;La Svizzera cambia strategia, test rapidi e gratuiti per tutti&#8221; &#8212; VerbanoNews\" frameborder=\"0\" marginwidth=\"0\" marginheight=\"0\" scrolling=\"no\"><\/iframe>","_oembed_time_4d5e48b1046a578d5d42a75a06d3663c":"1617531644","_oembed_7008e688e96b9bb3307f03dd3d7c7d93":"<blockquote class=\"wp-embedded-content\" data-secret=\"oDzUSjKAmp\"><a href=\"https:\/\/www.varesenews.it\/2021\/03\/depuratori-arcisate-cuasso-le-preoccupazioni-legambiente-gli-studi-alfa\/1315274\/\">Depuratori di Arcisate e Cuasso: le preoccupazioni di Legambiente e gli studi di Alfa<\/a><\/blockquote><iframe class=\"wp-embedded-content\" sandbox=\"allow-scripts\" security=\"restricted\" style=\"position: absolute; clip: rect(1px, 1px, 1px, 1px);\" src=\"https:\/\/www.varesenews.it\/2021\/03\/depuratori-arcisate-cuasso-le-preoccupazioni-legambiente-gli-studi-alfa\/1315274\/embed\/#?secret=oDzUSjKAmp\" data-secret=\"oDzUSjKAmp\" width=\"500\" height=\"282\" title=\"&#8220;Depuratori di Arcisate e Cuasso: le preoccupazioni di Legambiente e gli studi di Alfa&#8221; &#8212; VareseNews\" frameborder=\"0\" marginwidth=\"0\" marginheight=\"0\" scrolling=\"no\"><\/iframe>","_oembed_time_7008e688e96b9bb3307f03dd3d7c7d93":"1617531644","_oembed_2b967cd2999333e76cdaa81e762d4ec1":"<blockquote class=\"wp-embedded-content\" data-secret=\"gJTZ7wn3yT\"><a href=\"https:\/\/www.varesenews.it\/2021\/04\/sorpresa-la-prenotazione-del-vaccino-poste-funziona-bene\/1324421\/\">Sorpresa: la prenotazione del vaccino con Poste funziona bene<\/a><\/blockquote><iframe class=\"wp-embedded-content\" sandbox=\"allow-scripts\" security=\"restricted\" style=\"position: absolute; clip: rect(1px, 1px, 1px, 1px);\" src=\"https:\/\/www.varesenews.it\/2021\/04\/sorpresa-la-prenotazione-del-vaccino-poste-funziona-bene\/1324421\/embed\/#?secret=gJTZ7wn3yT\" data-secret=\"gJTZ7wn3yT\" width=\"500\" height=\"282\" title=\"&#8220;Sorpresa: la prenotazione del vaccino con Poste funziona bene&#8221; &#8212; VareseNews\" frameborder=\"0\" marginwidth=\"0\" marginheight=\"0\" scrolling=\"no\"><\/iframe>","_oembed_time_2b967cd2999333e76cdaa81e762d4ec1":"1617531712","_oembed_e3731c6235a41bb5a0d5deb728fcc960":"<iframe width=\"500\" height=\"281\" src=\"https:\/\/www.youtube.com\/embed\/cBNwZ7vlL0Y?feature=oembed\" frameborder=\"0\" allow=\"accelerometer; autoplay; clipboard-write; encrypted-media; gyroscope; picture-in-picture\" allowfullscreen><\/iframe>","_oembed_time_e3731c6235a41bb5a0d5deb728fcc960":"1617531712","_oembed_c63d627e956b59613913b66844113be4":"<blockquote class=\"wp-embedded-content\" data-secret=\"RGeDsj0Z8C\"><a href=\"https:\/\/www.verbanonews.it\/aree-geografiche\/piemonte\/2021\/04\/01\/piemonte-2584-nuovi-contagi\/928931\/\">Piemonte, 2584 nuovi contagi<\/a><\/blockquote><iframe class=\"wp-embedded-content\" sandbox=\"allow-scripts\" security=\"restricted\" style=\"position: absolute; clip: rect(1px, 1px, 1px, 1px);\" src=\"https:\/\/www.verbanonews.it\/aree-geografiche\/piemonte\/2021\/04\/01\/piemonte-2584-nuovi-contagi\/928931\/embed\/#?secret=RGeDsj0Z8C\" data-secret=\"RGeDsj0Z8C\" width=\"500\" height=\"282\" title=\"&#8220;Piemonte, 2584 nuovi contagi&#8221; &#8212; VerbanoNews\" frameborder=\"0\" marginwidth=\"0\" marginheight=\"0\" scrolling=\"no\"><\/iframe>","_oembed_time_c63d627e956b59613913b66844113be4":"1617531713","_oembed_c662f05a688a9bfdcb47ad80a3473b15":"<iframe width=\"500\" height=\"281\" src=\"https:\/\/www.youtube.com\/embed\/YKXvLZymy1E?feature=oembed\" frameborder=\"0\" allow=\"accelerometer; autoplay; clipboard-write; encrypted-media; gyroscope; picture-in-picture\" allowfullscreen><\/iframe>","_oembed_time_c662f05a688a9bfdcb47ad80a3473b15":"1617531717","_oembed_e5af1e8c95d4b8010499d6a3c27dedb2":"<blockquote class=\"wp-embedded-content\" data-secret=\"21SRG1vKSW\"><a href=\"https:\/\/www.varesenews.it\/2021\/04\/al-via-la-campagna-vaccinale-massa-lombardia-portale-attivo-2-aprile\/1324010\/\">Al via la campagna vaccinale di massa in Lombardia: nuovo portale attivo il 2 aprile<\/a><\/blockquote><iframe class=\"wp-embedded-content\" sandbox=\"allow-scripts\" security=\"restricted\" style=\"position: absolute; clip: rect(1px, 1px, 1px, 1px);\" src=\"https:\/\/www.varesenews.it\/2021\/04\/al-via-la-campagna-vaccinale-massa-lombardia-portale-attivo-2-aprile\/1324010\/embed\/#?secret=21SRG1vKSW\" data-secret=\"21SRG1vKSW\" width=\"500\" height=\"282\" title=\"&#8220;Al via la campagna vaccinale di massa in Lombardia: nuovo portale attivo il 2 aprile&#8221; &#8212; VareseNews\" frameborder=\"0\" marginwidth=\"0\" marginheight=\"0\" scrolling=\"no\"><\/iframe>","_oembed_time_e5af1e8c95d4b8010499d6a3c27dedb2":"1617531717","_oembed_1e869c25ea2df9ba8078d2c716a307df":"<blockquote class=\"wp-embedded-content\" data-secret=\"i3nT90EDqU\"><a href=\"https:\/\/www.varesenews.it\/2021\/04\/un-cittadino-lombardo-scopri-prevista-la-tua-vaccinazione-anticovid\/1324153\/\">Se sei un cittadino lombardo scopri quando \u00e8 prevista la tua vaccinazione anticovid<\/a><\/blockquote><iframe class=\"wp-embedded-content\" sandbox=\"allow-scripts\" security=\"restricted\" style=\"position: absolute; clip: rect(1px, 1px, 1px, 1px);\" src=\"https:\/\/www.varesenews.it\/2021\/04\/un-cittadino-lombardo-scopri-prevista-la-tua-vaccinazione-anticovid\/1324153\/embed\/#?secret=i3nT90EDqU\" data-secret=\"i3nT90EDqU\" width=\"500\" height=\"282\" title=\"&#8220;Se sei un cittadino lombardo scopri quando \u00e8 prevista la tua vaccinazione anticovid&#8221; &#8212; VareseNews\" frameborder=\"0\" marginwidth=\"0\" marginheight=\"0\" scrolling=\"no\"><\/iframe>","_oembed_time_1e869c25ea2df9ba8078d2c716a307df":"1617531717","_oembed_d843fa73c642fb57abe0ac51158a2674":"<blockquote class=\"wp-embedded-content\" data-secret=\"0lGPGrQjt2\"><a href=\"https:\/\/www.varesenews.it\/2021\/01\/1500-famiglie-appese-ad-un-filo-la-lettera-dei-dipendenti-air-italy\/1299836\/\">\u00ab1500 famiglie appese ad un filo\u00bb, la lettera dei dipendenti Air Italy<\/a><\/blockquote><iframe class=\"wp-embedded-content\" sandbox=\"allow-scripts\" security=\"restricted\" style=\"position: absolute; clip: rect(1px, 1px, 1px, 1px);\" src=\"https:\/\/www.varesenews.it\/2021\/01\/1500-famiglie-appese-ad-un-filo-la-lettera-dei-dipendenti-air-italy\/1299836\/embed\/#?secret=0lGPGrQjt2\" data-secret=\"0lGPGrQjt2\" width=\"500\" height=\"282\" title=\"&#8220;\u00ab1500 famiglie appese ad un filo\u00bb, la lettera dei dipendenti Air Italy&#8221; &#8212; VareseNews\" frameborder=\"0\" marginwidth=\"0\" marginheight=\"0\" scrolling=\"no\"><\/iframe>","_oembed_time_d843fa73c642fb57abe0ac51158a2674":"1617531717","_oembed_53a1713de21e6c2a8ae22772f18e2651":"<iframe width=\"500\" height=\"281\" src=\"https:\/\/www.youtube.com\/embed\/4QiD3Em8DuM?feature=oembed\" frameborder=\"0\" allow=\"accelerometer; autoplay; clipboard-write; encrypted-media; gyroscope; picture-in-picture\" allowfullscreen><\/iframe>","_oembed_time_53a1713de21e6c2a8ae22772f18e2651":"1617531732","_oembed_b4b35fcc4f832044bbce8dfb632c8bb7":"<blockquote class=\"wp-embedded-content\" data-secret=\"jomjhpSVp8\"><a href=\"https:\/\/www.varesenews.it\/2021\/03\/digital-green-pass-cose-passaporto-vaccinale-varato-dalla-commissione-europea\/1320624\/\">Digital green pass: cos&#8217;\u00e8 il passaporto vaccinale varato dalla Commissione europea<\/a><\/blockquote><iframe class=\"wp-embedded-content\" sandbox=\"allow-scripts\" security=\"restricted\" style=\"position: absolute; clip: rect(1px, 1px, 1px, 1px);\" src=\"https:\/\/www.varesenews.it\/2021\/03\/digital-green-pass-cose-passaporto-vaccinale-varato-dalla-commissione-europea\/1320624\/embed\/#?secret=jomjhpSVp8\" data-secret=\"jomjhpSVp8\" width=\"500\" height=\"282\" title=\"&#8220;Digital green pass: cos&#8217;\u00e8 il passaporto vaccinale varato dalla Commissione europea&#8221; &#8212; VareseNews\" frameborder=\"0\" marginwidth=\"0\" marginheight=\"0\" scrolling=\"no\"><\/iframe>","_oembed_time_b4b35fcc4f832044bbce8dfb632c8bb7":"1617531732","_oembed_6c597dac009e9c671832b6577c702487":"<blockquote class=\"wp-embedded-content\" data-secret=\"wydsG7K2rY\"><a href=\"https:\/\/www.varesenews.it\/2021\/03\/decollato-malpensa-primo-volo-covid-tested-le-isole-canarie\/1322208\/\">Decollato a Malpensa il primo volo &#8220;Covid-tested&#8221; per le isole Canarie<\/a><\/blockquote><iframe class=\"wp-embedded-content\" sandbox=\"allow-scripts\" security=\"restricted\" style=\"position: absolute; clip: rect(1px, 1px, 1px, 1px);\" src=\"https:\/\/www.varesenews.it\/2021\/03\/decollato-malpensa-primo-volo-covid-tested-le-isole-canarie\/1322208\/embed\/#?secret=wydsG7K2rY\" data-secret=\"wydsG7K2rY\" width=\"500\" height=\"282\" title=\"&#8220;Decollato a Malpensa il primo volo &#8220;Covid-tested&#8221; per le isole Canarie&#8221; &#8212; VareseNews\" frameborder=\"0\" marginwidth=\"0\" marginheight=\"0\" scrolling=\"no\"><\/iframe>","_oembed_time_6c597dac009e9c671832b6577c702487":"1617531732","_oembed_9fde89b3199a4180f3cc6bd36de8009d":"<blockquote class=\"wp-embedded-content\" data-secret=\"7dUIX11rGW\"><a href=\"https:\/\/www.varesenews.it\/2021\/03\/arrivano-gli-europei-canottaggio-ne-parliamo-diretta-varesenews\/1322609\/\">Arrivano gli Europei di canottaggio, ne parliamo in diretta su VareseNews<\/a><\/blockquote><iframe class=\"wp-embedded-content\" sandbox=\"allow-scripts\" security=\"restricted\" style=\"position: absolute; clip: rect(1px, 1px, 1px, 1px);\" src=\"https:\/\/www.varesenews.it\/2021\/03\/arrivano-gli-europei-canottaggio-ne-parliamo-diretta-varesenews\/1322609\/embed\/#?secret=7dUIX11rGW\" data-secret=\"7dUIX11rGW\" width=\"500\" height=\"282\" title=\"&#8220;Arrivano gli Europei di canottaggio, ne parliamo in diretta su VareseNews&#8221; &#8212; VareseNews\" frameborder=\"0\" marginwidth=\"0\" marginheight=\"0\" scrolling=\"no\"><\/iframe>","_oembed_time_9fde89b3199a4180f3cc6bd36de8009d":"1617531732","_oembed_60d5cb7ec8b3672a241fc0fb14f621fa":"<blockquote class=\"wp-embedded-content\" data-secret=\"wKbgjnMewj\"><a href=\"https:\/\/www.varesenews.it\/2021\/03\/le-cooperative-sociali-tipo-b-alleate-ideali-delle-aziende-private\/1322590\/\">Le cooperative sociali di tipo B alleate ideali delle aziende private<\/a><\/blockquote><iframe class=\"wp-embedded-content\" sandbox=\"allow-scripts\" security=\"restricted\" style=\"position: absolute; clip: rect(1px, 1px, 1px, 1px);\" src=\"https:\/\/www.varesenews.it\/2021\/03\/le-cooperative-sociali-tipo-b-alleate-ideali-delle-aziende-private\/1322590\/embed\/#?secret=wKbgjnMewj\" data-secret=\"wKbgjnMewj\" width=\"500\" height=\"282\" title=\"&#8220;Le cooperative sociali di tipo B alleate ideali delle aziende private&#8221; &#8212; VareseNews\" frameborder=\"0\" marginwidth=\"0\" marginheight=\"0\" scrolling=\"no\"><\/iframe>","_oembed_time_60d5cb7ec8b3672a241fc0fb14f621fa":"1617531897","_oembed_74842d4aa5d6cb8cfe39c22e78d80ea0":"<blockquote class=\"wp-embedded-content\" data-secret=\"eWP5JChXym\"><a href=\"https:\/\/www.varesenews.it\/2021\/03\/dito-schiacciato-nellimpastatrice-bimba-liberata-dai-vigili-del-fuoco\/1322301\/\">Resta con un dito incastrato nell&#8217;impastatrice, bimba liberata dai Vigili del fuoco<\/a><\/blockquote><iframe class=\"wp-embedded-content\" sandbox=\"allow-scripts\" security=\"restricted\" style=\"position: absolute; clip: rect(1px, 1px, 1px, 1px);\" src=\"https:\/\/www.varesenews.it\/2021\/03\/dito-schiacciato-nellimpastatrice-bimba-liberata-dai-vigili-del-fuoco\/1322301\/embed\/#?secret=eWP5JChXym\" data-secret=\"eWP5JChXym\" width=\"500\" height=\"282\" title=\"&#8220;Resta con un dito incastrato nell&#8217;impastatrice, bimba liberata dai Vigili del fuoco&#8221; &#8212; VareseNews\" frameborder=\"0\" marginwidth=\"0\" marginheight=\"0\" scrolling=\"no\"><\/iframe>","_oembed_time_74842d4aa5d6cb8cfe39c22e78d80ea0":"1617531897"},"photos":[{"original":"https:\/\/staging.varesenews.it\/photogallery_new\/images\/2021\/04\/il-racconto-della-domenica-1213427.jpg","full":"https:\/\/staging.varesenews.it\/photogallery_new\/images\/2021\/04\/il-racconto-della-domenica-1213427.1024x768.jpg","large":"https:\/\/staging.varesenews.it\/photogallery_new\/images\/2021\/04\/il-racconto-della-domenica-1213427.610x431.jpg"}],"_links":{"self":[{"href":"https:\/\/staging.varesenews.it\/swgapi\/v1\/wp\/v2\/posts\/1324986"}],"collection":[{"href":"https:\/\/staging.varesenews.it\/swgapi\/v1\/wp\/v2\/posts"}],"about":[{"href":"https:\/\/staging.varesenews.it\/swgapi\/v1\/wp\/v2\/types\/post"}],"author":[{"embeddable":true,"href":"https:\/\/staging.varesenews.it\/swgapi\/v1\/wp\/v2\/users\/45"}],"replies":[{"embeddable":true,"href":"https:\/\/staging.varesenews.it\/swgapi\/v1\/wp\/v2\/comments?post=1324986"}],"version-history":[{"count":0,"href":"https:\/\/staging.varesenews.it\/swgapi\/v1\/wp\/v2\/posts\/1324986\/revisions"}],"wp:attachment":[{"href":"https:\/\/staging.varesenews.it\/swgapi\/v1\/wp\/v2\/media?parent=1324986"}],"wp:term":[{"taxonomy":"category","embeddable":true,"href":"https:\/\/staging.varesenews.it\/swgapi\/v1\/wp\/v2\/categories?post=1324986"},{"taxonomy":"post_tag","embeddable":true,"href":"https:\/\/staging.varesenews.it\/swgapi\/v1\/wp\/v2\/tags?post=1324986"}],"curies":[{"name":"wp","href":"https:\/\/api.w.org\/{rel}","templated":true}]}}