{"id":1325395,"date":"2021-04-06T11:50:28","date_gmt":"2021-04-06T09:50:28","guid":{"rendered":"https:\/\/www.varesenews.it\/?p=1325395"},"modified":"2021-04-06T11:50:28","modified_gmt":"2021-04-06T09:50:28","slug":"tornera-splendere-maccagno-confine-luminoso","status":"publish","type":"post","link":"https:\/\/staging.varesenews.it\/2021\/04\/tornera-splendere-maccagno-confine-luminoso\/1325395\/","title":{"rendered":"Torner\u00e0 a splendere a Maccagno il \u201cconfine luminoso\u201c"},"content":{"rendered":"<p><strong>Pesca e contrabbando<\/strong>. Ci vogliono pochi giri di parole per spiegare come in tanti stavano in piedi dalle parti del confine pi\u00f9 di cinquant\u2019anni fa.<\/p>\n<p>E proprio a queste due categorie di personaggi che animavano <strong>la vita spesso notturna della frontiera<\/strong> era diretto quel faro che al calare del sole si accendeva per delimitare le acque italiane da quelle svizzere, ma anche per illuminare quei tratti di riva dove passavano i traffici proibiti, soprattutto di sigarette.<\/p>\n<p><strong>Oggi c\u2019\u00e8 la volont\u00e0 di rimettere a nuovo quel casotto in riva al lago a Pino<\/strong>, frazione del comune aggregato qualche anno fa e che \u00e8 un ultimo scampolo di Lombardia prima del valico di Zenna: Regione Lombardia attraverso l\u2019autorit\u00e0 di Bacino finanzier\u00e0 la ristrutturazione della darsena dove si trovava il grande faro che dalla parte italiana veniva acceso verso la Svizzera.<\/p>\n<p>\u00abEra <strong>il \u201cconfine luminoso\u201c<\/strong>. Di fatto grazie alla proiezione del il faro sulla costa piemontese<strong> tutti i pescatori sapevano che non sarebbero potuti andare pi\u00f9 a nord<\/strong>\u00bb, spiega il sindaco <strong>Fabio Passera,<\/strong> appassionato di storia locale che dopo una breve ricognizione con le memorie storiche del posto ha ricostruito anche un altro utilizzo del faro, quello per evitare il contrabbando via terra, cio\u00e8 lungo le rive o nella parte superiore del paese dove specialmente d\u2019inverno e con poche foglie sugli alberi diveniva un\u2019impresa scampare alle<strong> luci fotoelettriche delle lampade contraeree<\/strong> \u201csparate\u201c per il controllo dei sentieri.<\/p>\n<div class=\"photo-inside-post\"><img decoding=\"async\" loading=\"lazy\" fetchpriority=\"low\" width=\"610\" height=\"431\" src=\"https:\/\/staging.varesenews.it\/photogallery_new\/images\/2021\/04\/generica-2020-1213612.610x431.jpg\" alt=\"Generica 2020\"><\/div>\n<p><strong>Cos\u00ec il faro lombardo attivato da Pino illuminava la costa piemontese e quello di Piaggio Valmara, a Cannobio rischiarava la \u201cparte di qua\u201d della sponda<\/strong>.<\/p>\n<p>\u00abUn particolare gustoso di questa storia riguarda il fatto che questo luogo era presidiato dalla <strong>Guardia di finanza di Mare<\/strong>, corpo dispiegato anche per le zone lacuali\u00bb. Finanzieri di mare per il controllo delle frontiere particolari, quindi, dove terra e acqua si incontrano.<\/p>\n<p><strong>Il faro venne spento sul finire degli anni Settanta<\/strong>. L\u2019intervento di ristrutturazione coster\u00e0 40 mila euro e riguarda la sostituzione della copertura in eternit che consentir\u00e0 di vivere pi\u00f9 da vicino quell\u2019aura romantica che si respira al confine.<\/p>\n<p>\u00abIl ritrovo di questa darsena \u00e8 un modo per ricordare anche la nostra storia che, ci piaccia o no, \u00e8 legata anche dai traffici illegali. <strong>Da questo fascio di luce passa un pezzo di storia dei nostri luoghi<\/strong> che hanno fatto del contrabbando una ragione di vita e spesso di sussistenza per molte famiglie\u00bb, conclude il sindaco Fabio Passera.<\/p>\n<blockquote>\n<p class=\"p1\"><span class=\"s1\"><strong>Servizio navale della Guardia di Finanza<\/strong> (da <a href=\"https:\/\/it.wikipedia.org\/wiki\/Servizio_navale_della_Guardia_di_Finanza\"><em>wikipedia<\/em><\/a>)<br \/>\nIl\u00a0Servizio navale della Guardia di Finanza\u00a0\u00e8 un servizio della\u00a0Guardia di Finanza\u00a0che ha lo scopo di contrastare il\u00a0contrabbando\u00a0marittimo e i traffici illeciti mediante l&#8217;esplorazione navale, in particolare il grande traffico internazionale di droga. Esercita inoltre le funzioni di polizia economica e finanziaria in mare.<\/span><\/p>\n<\/blockquote>\n","protected":false},"excerpt":{"rendered":"<p>Verr\u00e0 restaurata la piccola darsena di Pino che ospitava il faro acceso dai \u201cfinanzieri di mare\u201c: serviva ai pescatori ma anche per illuminare i traffici del contrabbando. \u201cIl ripristino delle tradizioni\u201c<\/p>\n","protected":false},"author":34,"featured_media":0,"comment_status":"open","ping_status":"open","sticky":false,"template":"","format":"standard","meta":{"footnotes":""},"categories":[2],"tags":[751,13167,3992],"acf":[],"yoast_head":"<!-- This site is optimized with the Yoast SEO plugin v20.1 - https:\/\/yoast.com\/wordpress\/plugins\/seo\/ -->\n<title>Torner\u00e0 a splendere a Maccagno il \u201cconfine luminoso\u201c<\/title>\n<meta name=\"description\" content=\"Verr\u00e0 restaurata la piccola darsena di Pino che ospitava il faro acceso dai \u201cfinanzieri di mare\u201c: serviva ai pescatori ma anche per illuminare i traffici del contrabbando. \u201cIl ripristino delle tradizioni\u201c\" \/>\n<meta name=\"robots\" content=\"noindex, follow, max-snippet:-1, max-image-preview:large, max-video-preview:-1\" \/>\n<meta property=\"og:locale\" content=\"it_IT\" \/>\n<meta property=\"og:type\" content=\"article\" \/>\n<meta property=\"og:title\" content=\"Torner\u00e0 a splendere a Maccagno il \u201cconfine luminoso\u201c\" \/>\n<meta property=\"og:description\" content=\"Verr\u00e0 restaurata la piccola darsena di Pino che ospitava il faro acceso dai \u201cfinanzieri di mare\u201c: serviva ai pescatori ma anche per illuminare i traffici del contrabbando. \u201cIl ripristino delle tradizioni\u201c\" \/>\n<meta property=\"og:url\" content=\"https:\/\/staging.varesenews.it\/2021\/04\/tornera-splendere-maccagno-confine-luminoso\/1325395\/\" \/>\n<meta property=\"og:site_name\" content=\"VareseNews\" \/>\n<meta property=\"article:publisher\" content=\"https:\/\/www.facebook.com\/varesenews\" \/>\n<meta property=\"article:author\" content=\"https:\/\/www.facebook.com\/andrea.camurani?fref=photo\" \/>\n<meta property=\"article:published_time\" content=\"2021-04-06T09:50:28+00:00\" \/>\n<meta name=\"author\" content=\"Andrea Camurani\" \/>\n<meta name=\"twitter:card\" content=\"summary_large_image\" \/>\n<meta name=\"twitter:creator\" content=\"@AndreaCamurani\" \/>\n<meta name=\"twitter:site\" content=\"@varesenews\" \/>\n<meta name=\"twitter:label1\" content=\"Scritto da\" \/>\n\t<meta name=\"twitter:data1\" content=\"Andrea Camurani\" \/>\n\t<meta name=\"twitter:label2\" content=\"Tempo di lettura stimato\" \/>\n\t<meta name=\"twitter:data2\" content=\"2 minuti\" \/>\n<script type=\"application\/ld+json\" class=\"yoast-schema-graph\">{\"@context\":\"https:\/\/schema.org\",\"@graph\":[{\"@type\":\"WebPage\",\"@id\":\"https:\/\/staging.varesenews.it\/2021\/04\/tornera-splendere-maccagno-confine-luminoso\/1325395\/\",\"url\":\"https:\/\/staging.varesenews.it\/2021\/04\/tornera-splendere-maccagno-confine-luminoso\/1325395\/\",\"name\":\"Torner\u00e0 a splendere a Maccagno il \u201cconfine luminoso\u201c\",\"isPartOf\":{\"@id\":\"https:\/\/staging.varesenews.it\/#website\"},\"datePublished\":\"2021-04-06T09:50:28+00:00\",\"dateModified\":\"2021-04-06T09:50:28+00:00\",\"author\":{\"@id\":\"https:\/\/staging.varesenews.it\/#\/schema\/person\/3eb5832c6beae763de8d9596fdbe8c49\"},\"description\":\"Verr\u00e0 restaurata la piccola darsena di Pino che ospitava il faro acceso dai \u201cfinanzieri di mare\u201c: serviva ai pescatori ma anche per illuminare i traffici del contrabbando. \u201cIl ripristino delle tradizioni\u201c\",\"breadcrumb\":{\"@id\":\"https:\/\/staging.varesenews.it\/2021\/04\/tornera-splendere-maccagno-confine-luminoso\/1325395\/#breadcrumb\"},\"inLanguage\":\"it-IT\",\"potentialAction\":[{\"@type\":\"ReadAction\",\"target\":[\"https:\/\/staging.varesenews.it\/2021\/04\/tornera-splendere-maccagno-confine-luminoso\/1325395\/\"]}]},{\"@type\":\"BreadcrumbList\",\"@id\":\"https:\/\/staging.varesenews.it\/2021\/04\/tornera-splendere-maccagno-confine-luminoso\/1325395\/#breadcrumb\",\"itemListElement\":[{\"@type\":\"ListItem\",\"position\":1,\"name\":\"Home\",\"item\":\"https:\/\/www.varesenews.it\/\"},{\"@type\":\"ListItem\",\"position\":2,\"name\":\"Torner\u00e0 a splendere a Maccagno il \u201cconfine luminoso\u201c\"}]},{\"@type\":\"WebSite\",\"@id\":\"https:\/\/staging.varesenews.it\/#website\",\"url\":\"https:\/\/staging.varesenews.it\/\",\"name\":\"VareseNews\",\"description\":\"\",\"potentialAction\":[{\"@type\":\"SearchAction\",\"target\":{\"@type\":\"EntryPoint\",\"urlTemplate\":\"https:\/\/staging.varesenews.it\/?s={search_term_string}\"},\"query-input\":\"required name=search_term_string\"}],\"inLanguage\":\"it-IT\"},{\"@type\":\"Person\",\"@id\":\"https:\/\/staging.varesenews.it\/#\/schema\/person\/3eb5832c6beae763de8d9596fdbe8c49\",\"name\":\"Andrea Camurani\",\"image\":{\"@type\":\"ImageObject\",\"inLanguage\":\"it-IT\",\"@id\":\"https:\/\/staging.varesenews.it\/#\/schema\/person\/image\/\",\"url\":\"https:\/\/staging.varesenews.it\/wp-content\/uploads\/2020\/12\/andrea_camurani_colori_500.jpg\",\"contentUrl\":\"https:\/\/staging.varesenews.it\/wp-content\/uploads\/2020\/12\/andrea_camurani_colori_500.jpg\",\"caption\":\"Andrea Camurani\"},\"description\":\"Sono figlio degli anni Settanta e di Milano, dove ho imparato a riconoscere buoni e cattivi. Laurea in scienze politiche, lavoro a VareseNews dal 2000. Racconto quel che trovo quando incontro chi vuole lasciare al mondo un pezzetto di vita, che si chiama cronaca. &ldquo;...perch&eacute; &egrave; la gente il pi&ugrave; grande spettacolo del mondo. E non si paga il biglietto...&rdquo; (Charles Bukowsky)\",\"sameAs\":[\"https:\/\/www.facebook.com\/andrea.camurani?fref=photo\",\"andreacamurani\",\"https:\/\/www.linkedin.com\/hp\/?dnr=A9a84RfzsLdo9xg4NcGV4dLiMknoc9ms4WM\",\"https:\/\/twitter.com\/AndreaCamurani\"],\"url\":\"https:\/\/staging.varesenews.it\/persona\/andrea_camurani\/\"}]}<\/script>\n<!-- \/ Yoast SEO plugin. -->","yoast_head_json":{"title":"Torner\u00e0 a splendere a Maccagno il \u201cconfine luminoso\u201c","description":"Verr\u00e0 restaurata la piccola darsena di Pino che ospitava il faro acceso dai \u201cfinanzieri di mare\u201c: serviva ai pescatori ma anche per illuminare i traffici del contrabbando. \u201cIl ripristino delle tradizioni\u201c","robots":{"index":"noindex","follow":"follow","max-snippet":"max-snippet:-1","max-image-preview":"max-image-preview:large","max-video-preview":"max-video-preview:-1"},"og_locale":"it_IT","og_type":"article","og_title":"Torner\u00e0 a splendere a Maccagno il \u201cconfine luminoso\u201c","og_description":"Verr\u00e0 restaurata la piccola darsena di Pino che ospitava il faro acceso dai \u201cfinanzieri di mare\u201c: serviva ai pescatori ma anche per illuminare i traffici del contrabbando. \u201cIl ripristino delle tradizioni\u201c","og_url":"https:\/\/staging.varesenews.it\/2021\/04\/tornera-splendere-maccagno-confine-luminoso\/1325395\/","og_site_name":"VareseNews","article_publisher":"https:\/\/www.facebook.com\/varesenews","article_author":"https:\/\/www.facebook.com\/andrea.camurani?fref=photo","article_published_time":"2021-04-06T09:50:28+00:00","author":"Andrea Camurani","twitter_card":"summary_large_image","twitter_creator":"@AndreaCamurani","twitter_site":"@varesenews","twitter_misc":{"Scritto da":"Andrea Camurani","Tempo di lettura stimato":"2 minuti"},"schema":{"@context":"https:\/\/schema.org","@graph":[{"@type":"WebPage","@id":"https:\/\/staging.varesenews.it\/2021\/04\/tornera-splendere-maccagno-confine-luminoso\/1325395\/","url":"https:\/\/staging.varesenews.it\/2021\/04\/tornera-splendere-maccagno-confine-luminoso\/1325395\/","name":"Torner\u00e0 a splendere a Maccagno il \u201cconfine luminoso\u201c","isPartOf":{"@id":"https:\/\/staging.varesenews.it\/#website"},"datePublished":"2021-04-06T09:50:28+00:00","dateModified":"2021-04-06T09:50:28+00:00","author":{"@id":"https:\/\/staging.varesenews.it\/#\/schema\/person\/3eb5832c6beae763de8d9596fdbe8c49"},"description":"Verr\u00e0 restaurata la piccola darsena di Pino che ospitava il faro acceso dai \u201cfinanzieri di mare\u201c: serviva ai pescatori ma anche per illuminare i traffici del contrabbando. \u201cIl ripristino delle tradizioni\u201c","breadcrumb":{"@id":"https:\/\/staging.varesenews.it\/2021\/04\/tornera-splendere-maccagno-confine-luminoso\/1325395\/#breadcrumb"},"inLanguage":"it-IT","potentialAction":[{"@type":"ReadAction","target":["https:\/\/staging.varesenews.it\/2021\/04\/tornera-splendere-maccagno-confine-luminoso\/1325395\/"]}]},{"@type":"BreadcrumbList","@id":"https:\/\/staging.varesenews.it\/2021\/04\/tornera-splendere-maccagno-confine-luminoso\/1325395\/#breadcrumb","itemListElement":[{"@type":"ListItem","position":1,"name":"Home","item":"https:\/\/www.varesenews.it\/"},{"@type":"ListItem","position":2,"name":"Torner\u00e0 a splendere a Maccagno il \u201cconfine luminoso\u201c"}]},{"@type":"WebSite","@id":"https:\/\/staging.varesenews.it\/#website","url":"https:\/\/staging.varesenews.it\/","name":"VareseNews","description":"","potentialAction":[{"@type":"SearchAction","target":{"@type":"EntryPoint","urlTemplate":"https:\/\/staging.varesenews.it\/?s={search_term_string}"},"query-input":"required name=search_term_string"}],"inLanguage":"it-IT"},{"@type":"Person","@id":"https:\/\/staging.varesenews.it\/#\/schema\/person\/3eb5832c6beae763de8d9596fdbe8c49","name":"Andrea Camurani","image":{"@type":"ImageObject","inLanguage":"it-IT","@id":"https:\/\/staging.varesenews.it\/#\/schema\/person\/image\/","url":"https:\/\/staging.varesenews.it\/wp-content\/uploads\/2020\/12\/andrea_camurani_colori_500.jpg","contentUrl":"https:\/\/staging.varesenews.it\/wp-content\/uploads\/2020\/12\/andrea_camurani_colori_500.jpg","caption":"Andrea Camurani"},"description":"Sono figlio degli anni Settanta e di Milano, dove ho imparato a riconoscere buoni e cattivi. Laurea in scienze politiche, lavoro a VareseNews dal 2000. Racconto quel che trovo quando incontro chi vuole lasciare al mondo un pezzetto di vita, che si chiama cronaca. &ldquo;...perch&eacute; &egrave; la gente il pi&ugrave; grande spettacolo del mondo. E non si paga il biglietto...&rdquo; (Charles Bukowsky)","sameAs":["https:\/\/www.facebook.com\/andrea.camurani?fref=photo","andreacamurani","https:\/\/www.linkedin.com\/hp\/?dnr=A9a84RfzsLdo9xg4NcGV4dLiMknoc9ms4WM","https:\/\/twitter.com\/AndreaCamurani"],"url":"https:\/\/staging.varesenews.it\/persona\/andrea_camurani\/"}]}},"post_meta":{"_edit_lock":"1617785397:5261","_edit_last":"34","_category_permalink":"a:1:{s:8:\"category\";s:0:\"\";}","_encloseme":"1","ratings_users":"0","ratings_score":"0","ratings_average":"0","foto":"1213613","argomento":"Maccagno con Pino e Veddasca","_yoast_wpseo_content_score":"30","_jd_tweet_this":"yes","_wpt_short_url":"https:\/\/www.varesenews.it\/2021\/04\/tornera-splendere-maccagno-confine-luminoso\/1325395\/","_wp_jd_target":"https:\/\/www.varesenews.it\/2021\/04\/tornera-splendere-maccagno-confine-luminoso\/1325395\/","_jd_wp_twitter":"a:1:{i:0;s:157:\"Torner\u00e0 a splendere a Maccagno il \u201cconfine luminoso\u201c https:\/\/www.varesenews.it\/2021\/04\/tornera-splendere-maccagno-confine-luminoso\/1325395\/ #pino #zenna\";}","_wpt_status_message":"Tweet inviato con successo."},"photos":[{"original":"https:\/\/staging.varesenews.it\/photogallery_new\/images\/2021\/04\/generica-2020-1213613.jpg","full":"https:\/\/staging.varesenews.it\/photogallery_new\/images\/2021\/04\/generica-2020-1213613.1024x768.jpg","large":"https:\/\/staging.varesenews.it\/photogallery_new\/images\/2021\/04\/generica-2020-1213613.610x431.jpg"}],"_links":{"self":[{"href":"https:\/\/staging.varesenews.it\/swgapi\/v1\/wp\/v2\/posts\/1325395"}],"collection":[{"href":"https:\/\/staging.varesenews.it\/swgapi\/v1\/wp\/v2\/posts"}],"about":[{"href":"https:\/\/staging.varesenews.it\/swgapi\/v1\/wp\/v2\/types\/post"}],"author":[{"embeddable":true,"href":"https:\/\/staging.varesenews.it\/swgapi\/v1\/wp\/v2\/users\/34"}],"replies":[{"embeddable":true,"href":"https:\/\/staging.varesenews.it\/swgapi\/v1\/wp\/v2\/comments?post=1325395"}],"version-history":[{"count":0,"href":"https:\/\/staging.varesenews.it\/swgapi\/v1\/wp\/v2\/posts\/1325395\/revisions"}],"wp:attachment":[{"href":"https:\/\/staging.varesenews.it\/swgapi\/v1\/wp\/v2\/media?parent=1325395"}],"wp:term":[{"taxonomy":"category","embeddable":true,"href":"https:\/\/staging.varesenews.it\/swgapi\/v1\/wp\/v2\/categories?post=1325395"},{"taxonomy":"post_tag","embeddable":true,"href":"https:\/\/staging.varesenews.it\/swgapi\/v1\/wp\/v2\/tags?post=1325395"}],"curies":[{"name":"wp","href":"https:\/\/api.w.org\/{rel}","templated":true}]}}