{"id":1327247,"date":"2021-04-11T15:19:58","date_gmt":"2021-04-11T13:19:58","guid":{"rendered":"https:\/\/www.varesenews.it\/?p=1327247"},"modified":"2021-04-11T15:19:58","modified_gmt":"2021-04-11T13:19:58","slug":"temporali-vento-allerta-gialla-anche-nel-varesotto","status":"publish","type":"post","link":"https:\/\/staging.varesenews.it\/2021\/04\/temporali-vento-allerta-gialla-anche-nel-varesotto\/1327247\/","title":{"rendered":"Temporali e vento, allerta &#8220;gialla&#8221; anche nel Varesotto"},"content":{"rendered":"<p><em>Allerta gialla per<strong> rischio idrogeologico, idraulico e per vento forte<\/strong> sul territorio lombardo.<\/em><\/p>\n<p><em>Il testo del documento della Protezione civile regionale:<\/em><\/p>\n<p>Il transito di una perturbazione determina precipitazioni diffuse, per lo pi\u00f9 moderate su tutte le aree, localmente forti su Prealpi e alta pianura ma poco probabili. <strong>Le precipitazioni interesseranno l&#8217;intera regione per tutta la giornata di domani<\/strong>, luned\u00ec 12 aprile. Saranno intermittenti sulla bassa pianura, pi\u00f9 insistenti altrove, pi\u00f9 diffuse e intense tra pomeriggio e prima serata.<\/p>\n<p>Possibile qualche rovescio temporalesco su pianura ed Oltrep\u00f2 pavese, pi\u00f9 probabile sulla pianura centrorientale. Nella seconda parte della giornata previsti rinforzi di vento da Est sulla pianura centrorientale, da Nord altrove; rinforzi da Nordest sul Garda in serata.<strong> Possibili raffiche fino a 90 km\/h sui settori Nordoccidentali e sul Garda.<\/strong> Nevicate previste sui settori alpini e prealpini della regione.<\/p>\n<p>Limite della neve inizialmente tra 1300 e 1500 m; dal primo pomeriggio in abbassamento fino a 800 &#8211; 1000 m; a 2000 m neve fresca fino a 30 &#8211; 50 cm in 24h. Sar\u00e0 cura del Centro Funzionale della Lombardia <strong>rivalutare nella mattina di domani 12\/04 le previsioni meteo e i possibili effetti al suolo, per aggiornare i codici colore di allerta sul territorio lombardo.<\/strong><\/p>\n<p>&nbsp;<\/p>\n","protected":false},"excerpt":{"rendered":"<p>Le precipitazioni interesseranno l&#8217;intera regione per tutta la giornata di luned\u00ec 12 aprile<\/p>\n","protected":false},"author":43,"featured_media":0,"comment_status":"open","ping_status":"open","sticky":false,"template":"","format":"standard","meta":{"footnotes":""},"categories":[7,2],"tags":[19929],"acf":[],"yoast_head":"<!-- This site is optimized with the Yoast SEO plugin v20.1 - https:\/\/yoast.com\/wordpress\/plugins\/seo\/ -->\n<title>Temporali e vento, allerta &quot;gialla&quot; anche nel Varesotto<\/title>\n<meta name=\"description\" content=\"Le precipitazioni interesseranno l&#039;intera regione per tutta la giornata di luned\u00ec 12 aprile\" \/>\n<meta name=\"robots\" content=\"noindex, follow, max-snippet:-1, max-image-preview:large, max-video-preview:-1\" \/>\n<meta property=\"og:locale\" content=\"it_IT\" \/>\n<meta property=\"og:type\" content=\"article\" \/>\n<meta property=\"og:title\" content=\"Temporali e vento, allerta &quot;gialla&quot; anche nel Varesotto\" \/>\n<meta property=\"og:description\" content=\"Le precipitazioni interesseranno l&#039;intera regione per tutta la giornata di luned\u00ec 12 aprile\" \/>\n<meta property=\"og:url\" content=\"https:\/\/staging.varesenews.it\/2021\/04\/temporali-vento-allerta-gialla-anche-nel-varesotto\/1327247\/\" \/>\n<meta property=\"og:site_name\" content=\"VareseNews\" \/>\n<meta property=\"article:publisher\" content=\"https:\/\/www.facebook.com\/varesenews\" \/>\n<meta property=\"article:author\" content=\"https:\/\/www.facebook.com\/mariacarla.cebrelli\" \/>\n<meta property=\"article:published_time\" content=\"2021-04-11T13:19:58+00:00\" \/>\n<meta name=\"author\" content=\"Maria Carla Cebrelli\" \/>\n<meta name=\"twitter:card\" content=\"summary_large_image\" \/>\n<meta name=\"twitter:creator\" content=\"@pikapiketti\" \/>\n<meta name=\"twitter:site\" content=\"@varesenews\" \/>\n<meta name=\"twitter:label1\" content=\"Scritto da\" \/>\n\t<meta name=\"twitter:data1\" content=\"Maria Carla Cebrelli\" \/>\n\t<meta name=\"twitter:label2\" content=\"Tempo di lettura stimato\" \/>\n\t<meta name=\"twitter:data2\" content=\"1 minuto\" \/>\n<script type=\"application\/ld+json\" class=\"yoast-schema-graph\">{\"@context\":\"https:\/\/schema.org\",\"@graph\":[{\"@type\":\"WebPage\",\"@id\":\"https:\/\/staging.varesenews.it\/2021\/04\/temporali-vento-allerta-gialla-anche-nel-varesotto\/1327247\/\",\"url\":\"https:\/\/staging.varesenews.it\/2021\/04\/temporali-vento-allerta-gialla-anche-nel-varesotto\/1327247\/\",\"name\":\"Temporali e vento, allerta \\\"gialla\\\" anche nel Varesotto\",\"isPartOf\":{\"@id\":\"https:\/\/staging.varesenews.it\/#website\"},\"datePublished\":\"2021-04-11T13:19:58+00:00\",\"dateModified\":\"2021-04-11T13:19:58+00:00\",\"author\":{\"@id\":\"https:\/\/staging.varesenews.it\/#\/schema\/person\/5bf790e99d7ec50061119cc825c454de\"},\"description\":\"Le precipitazioni interesseranno l'intera regione per tutta la giornata di luned\u00ec 12 aprile\",\"breadcrumb\":{\"@id\":\"https:\/\/staging.varesenews.it\/2021\/04\/temporali-vento-allerta-gialla-anche-nel-varesotto\/1327247\/#breadcrumb\"},\"inLanguage\":\"it-IT\",\"potentialAction\":[{\"@type\":\"ReadAction\",\"target\":[\"https:\/\/staging.varesenews.it\/2021\/04\/temporali-vento-allerta-gialla-anche-nel-varesotto\/1327247\/\"]}]},{\"@type\":\"BreadcrumbList\",\"@id\":\"https:\/\/staging.varesenews.it\/2021\/04\/temporali-vento-allerta-gialla-anche-nel-varesotto\/1327247\/#breadcrumb\",\"itemListElement\":[{\"@type\":\"ListItem\",\"position\":1,\"name\":\"Home\",\"item\":\"https:\/\/www.varesenews.it\/\"},{\"@type\":\"ListItem\",\"position\":2,\"name\":\"Temporali e vento, allerta &#8220;gialla&#8221; anche nel Varesotto\"}]},{\"@type\":\"WebSite\",\"@id\":\"https:\/\/staging.varesenews.it\/#website\",\"url\":\"https:\/\/staging.varesenews.it\/\",\"name\":\"VareseNews\",\"description\":\"\",\"potentialAction\":[{\"@type\":\"SearchAction\",\"target\":{\"@type\":\"EntryPoint\",\"urlTemplate\":\"https:\/\/staging.varesenews.it\/?s={search_term_string}\"},\"query-input\":\"required name=search_term_string\"}],\"inLanguage\":\"it-IT\"},{\"@type\":\"Person\",\"@id\":\"https:\/\/staging.varesenews.it\/#\/schema\/person\/5bf790e99d7ec50061119cc825c454de\",\"name\":\"Maria Carla Cebrelli\",\"image\":{\"@type\":\"ImageObject\",\"inLanguage\":\"it-IT\",\"@id\":\"https:\/\/staging.varesenews.it\/#\/schema\/person\/image\/\",\"url\":\"https:\/\/staging.varesenews.it\/wp-content\/uploads\/2020\/12\/mariacarla_cebrelli_colori_500-1.jpg\",\"contentUrl\":\"https:\/\/staging.varesenews.it\/wp-content\/uploads\/2020\/12\/mariacarla_cebrelli_colori_500-1.jpg\",\"caption\":\"Maria Carla Cebrelli\"},\"description\":\"Economista di formazione, giornalista per passione. A VareseNews dal 2005, mi sono occupata negli anni di universit&agrave;, tematiche di confine, news locali e comunicazione nel settore sociale. Attualmente sono responsabile di VerbanoNews, del canale di VareseNews dedicato al Turismo e seguo i social dell'area business.\",\"sameAs\":[\"https:\/\/www.facebook.com\/mariacarla.cebrelli\",\"pikapiketti\",\"https:\/\/twitter.com\/pikapiketti\"],\"url\":\"https:\/\/staging.varesenews.it\/persona\/mariacarla-cebrelli1\/\"}]}<\/script>\n<!-- \/ Yoast SEO plugin. -->","yoast_head_json":{"title":"Temporali e vento, allerta \"gialla\" anche nel Varesotto","description":"Le precipitazioni interesseranno l'intera regione per tutta la giornata di luned\u00ec 12 aprile","robots":{"index":"noindex","follow":"follow","max-snippet":"max-snippet:-1","max-image-preview":"max-image-preview:large","max-video-preview":"max-video-preview:-1"},"og_locale":"it_IT","og_type":"article","og_title":"Temporali e vento, allerta \"gialla\" anche nel Varesotto","og_description":"Le precipitazioni interesseranno l'intera regione per tutta la giornata di luned\u00ec 12 aprile","og_url":"https:\/\/staging.varesenews.it\/2021\/04\/temporali-vento-allerta-gialla-anche-nel-varesotto\/1327247\/","og_site_name":"VareseNews","article_publisher":"https:\/\/www.facebook.com\/varesenews","article_author":"https:\/\/www.facebook.com\/mariacarla.cebrelli","article_published_time":"2021-04-11T13:19:58+00:00","author":"Maria Carla Cebrelli","twitter_card":"summary_large_image","twitter_creator":"@pikapiketti","twitter_site":"@varesenews","twitter_misc":{"Scritto da":"Maria Carla Cebrelli","Tempo di lettura stimato":"1 minuto"},"schema":{"@context":"https:\/\/schema.org","@graph":[{"@type":"WebPage","@id":"https:\/\/staging.varesenews.it\/2021\/04\/temporali-vento-allerta-gialla-anche-nel-varesotto\/1327247\/","url":"https:\/\/staging.varesenews.it\/2021\/04\/temporali-vento-allerta-gialla-anche-nel-varesotto\/1327247\/","name":"Temporali e vento, allerta \"gialla\" anche nel Varesotto","isPartOf":{"@id":"https:\/\/staging.varesenews.it\/#website"},"datePublished":"2021-04-11T13:19:58+00:00","dateModified":"2021-04-11T13:19:58+00:00","author":{"@id":"https:\/\/staging.varesenews.it\/#\/schema\/person\/5bf790e99d7ec50061119cc825c454de"},"description":"Le precipitazioni interesseranno l'intera regione per tutta la giornata di luned\u00ec 12 aprile","breadcrumb":{"@id":"https:\/\/staging.varesenews.it\/2021\/04\/temporali-vento-allerta-gialla-anche-nel-varesotto\/1327247\/#breadcrumb"},"inLanguage":"it-IT","potentialAction":[{"@type":"ReadAction","target":["https:\/\/staging.varesenews.it\/2021\/04\/temporali-vento-allerta-gialla-anche-nel-varesotto\/1327247\/"]}]},{"@type":"BreadcrumbList","@id":"https:\/\/staging.varesenews.it\/2021\/04\/temporali-vento-allerta-gialla-anche-nel-varesotto\/1327247\/#breadcrumb","itemListElement":[{"@type":"ListItem","position":1,"name":"Home","item":"https:\/\/www.varesenews.it\/"},{"@type":"ListItem","position":2,"name":"Temporali e vento, allerta &#8220;gialla&#8221; anche nel Varesotto"}]},{"@type":"WebSite","@id":"https:\/\/staging.varesenews.it\/#website","url":"https:\/\/staging.varesenews.it\/","name":"VareseNews","description":"","potentialAction":[{"@type":"SearchAction","target":{"@type":"EntryPoint","urlTemplate":"https:\/\/staging.varesenews.it\/?s={search_term_string}"},"query-input":"required name=search_term_string"}],"inLanguage":"it-IT"},{"@type":"Person","@id":"https:\/\/staging.varesenews.it\/#\/schema\/person\/5bf790e99d7ec50061119cc825c454de","name":"Maria Carla Cebrelli","image":{"@type":"ImageObject","inLanguage":"it-IT","@id":"https:\/\/staging.varesenews.it\/#\/schema\/person\/image\/","url":"https:\/\/staging.varesenews.it\/wp-content\/uploads\/2020\/12\/mariacarla_cebrelli_colori_500-1.jpg","contentUrl":"https:\/\/staging.varesenews.it\/wp-content\/uploads\/2020\/12\/mariacarla_cebrelli_colori_500-1.jpg","caption":"Maria Carla Cebrelli"},"description":"Economista di formazione, giornalista per passione. A VareseNews dal 2005, mi sono occupata negli anni di universit&agrave;, tematiche di confine, news locali e comunicazione nel settore sociale. Attualmente sono responsabile di VerbanoNews, del canale di VareseNews dedicato al Turismo e seguo i social dell'area business.","sameAs":["https:\/\/www.facebook.com\/mariacarla.cebrelli","pikapiketti","https:\/\/twitter.com\/pikapiketti"],"url":"https:\/\/staging.varesenews.it\/persona\/mariacarla-cebrelli1\/"}]}},"post_meta":{"_edit_lock":"1618310794:33","_edit_last":"43","_oembed_db975ab05122ca00266afe6d6c87cc5c":"<blockquote class=\"wp-embedded-content\" data-secret=\"j51DMjO85E\"><a href=\"https:\/\/www.varesenews.it\/2021\/04\/giornate-pioggia-nuvole-forcora-torna-la-neve\/1327175\/\">Giornate di pioggia e nuvole, in Forcora torna la neve<\/a><\/blockquote><iframe class=\"wp-embedded-content\" sandbox=\"allow-scripts\" security=\"restricted\" style=\"position: absolute; clip: rect(1px, 1px, 1px, 1px);\" src=\"https:\/\/www.varesenews.it\/2021\/04\/giornate-pioggia-nuvole-forcora-torna-la-neve\/1327175\/embed\/#?secret=j51DMjO85E\" data-secret=\"j51DMjO85E\" width=\"600\" height=\"338\" title=\"&#8220;Giornate di pioggia e nuvole, in Forcora torna la neve&#8221; &#8212; VareseNews\" frameborder=\"0\" marginwidth=\"0\" marginheight=\"0\" scrolling=\"no\"><\/iframe>","_oembed_time_db975ab05122ca00266afe6d6c87cc5c":"1618146581","_category_permalink":"a:1:{s:8:\"category\";s:0:\"\";}","_encloseme":"1","ratings_users":"0","ratings_score":"0","ratings_average":"0","foto":"1214849","firma_come_redazione":"1","argomento":"Meteo","_yoast_wpseo_content_score":"30","_jd_tweet_this":"yes","_wpt_short_url":"https:\/\/www.varesenews.it\/2021\/04\/temporali-vento-allerta-gialla-anche-nel-varesotto\/1327247\/","_wp_jd_target":"https:\/\/www.varesenews.it\/2021\/04\/temporali-vento-allerta-gialla-anche-nel-varesotto\/1327247\/","_jd_wp_twitter":"a:1:{i:0;s:167:\"Temporali e vento, allerta \u201cgialla\u201d anche nel Varesotto https:\/\/www.varesenews.it\/2021\/04\/temporali-vento-allerta-gialla-anche-nel-varesotto\/1327247\/ #allertameteo\";}","_wpt_status_message":"Tweet inviato con successo.","_oembed_17a5f6a9653d2aeaa17a385126ae97ff":"<blockquote class=\"wp-embedded-content\" data-secret=\"F8rA0pa3KD\"><a href=\"https:\/\/www.varesenews.it\/2021\/04\/weekend-dei-bambini-un-uovo-scoprire-gustare-colorare\/1324524\/\">Il weekend dei bambini \u00e8 un uovo da scoprire, gustare e colorare<\/a><\/blockquote><iframe class=\"wp-embedded-content\" sandbox=\"allow-scripts\" security=\"restricted\" style=\"position: absolute; clip: rect(1px, 1px, 1px, 1px);\" src=\"https:\/\/www.varesenews.it\/2021\/04\/weekend-dei-bambini-un-uovo-scoprire-gustare-colorare\/1324524\/embed\/#?secret=F8rA0pa3KD\" data-secret=\"F8rA0pa3KD\" width=\"500\" height=\"282\" title=\"&#8220;Il weekend dei bambini \u00e8 un uovo da scoprire, gustare e colorare&#8221; &#8212; VareseNews\" frameborder=\"0\" marginwidth=\"0\" marginheight=\"0\" scrolling=\"no\"><\/iframe>","_oembed_time_17a5f6a9653d2aeaa17a385126ae97ff":"1618147250","_oembed_ba38a7ce2236cbaec1dfd93419a7ee17":"<blockquote class=\"wp-embedded-content\" data-secret=\"BpWJ8093np\"><a href=\"https:\/\/www.varesenews.it\/2021\/04\/rientro-scuola-oltre-70-mila-bambini-varese-provincia\/1325358\/\">Rientro a scuola per oltre 70 mila bambini tra Varese e provincia<\/a><\/blockquote><iframe class=\"wp-embedded-content\" sandbox=\"allow-scripts\" security=\"restricted\" style=\"position: absolute; clip: rect(1px, 1px, 1px, 1px);\" src=\"https:\/\/www.varesenews.it\/2021\/04\/rientro-scuola-oltre-70-mila-bambini-varese-provincia\/1325358\/embed\/#?secret=BpWJ8093np\" data-secret=\"BpWJ8093np\" width=\"500\" height=\"282\" title=\"&#8220;Rientro a scuola per oltre 70 mila bambini tra Varese e provincia&#8221; &#8212; VareseNews\" frameborder=\"0\" marginwidth=\"0\" marginheight=\"0\" scrolling=\"no\"><\/iframe>","_oembed_time_ba38a7ce2236cbaec1dfd93419a7ee17":"1618147317","_oembed_f6b02e441fc9e36a94e3c39e99272896":"<blockquote class=\"wp-embedded-content\" data-secret=\"HHX5EUL9jK\"><a href=\"https:\/\/www.varesenews.it\/2021\/04\/arte-giochi-primavera-nel-weekend-dei-bambini\/1326723\/\">Arte e giochi di primavera nel weekend dei bambini<\/a><\/blockquote><iframe class=\"wp-embedded-content\" sandbox=\"allow-scripts\" security=\"restricted\" style=\"position: absolute; clip: rect(1px, 1px, 1px, 1px);\" src=\"https:\/\/www.varesenews.it\/2021\/04\/arte-giochi-primavera-nel-weekend-dei-bambini\/1326723\/embed\/#?secret=HHX5EUL9jK\" data-secret=\"HHX5EUL9jK\" width=\"500\" height=\"282\" title=\"&#8220;Arte e giochi di primavera nel weekend dei bambini&#8221; &#8212; VareseNews\" frameborder=\"0\" marginwidth=\"0\" marginheight=\"0\" scrolling=\"no\"><\/iframe>","_oembed_time_f6b02e441fc9e36a94e3c39e99272896":"1618147318","_oembed_991988687c2e70ba4b0f21694061f148":"<blockquote class=\"wp-embedded-content\" data-secret=\"PAt6N6sTy9\"><a href=\"https:\/\/www.varesenews.it\/2021\/04\/gli-invisibili-di-air-italy-ora-si-appellano-al-ministro-giorgetti\/1326141\/\">Gli &#8220;invisibili&#8221; di Air Italy ora si appellano al ministro Giorgetti<\/a><\/blockquote><iframe class=\"wp-embedded-content\" sandbox=\"allow-scripts\" security=\"restricted\" style=\"position: absolute; clip: rect(1px, 1px, 1px, 1px);\" src=\"https:\/\/www.varesenews.it\/2021\/04\/gli-invisibili-di-air-italy-ora-si-appellano-al-ministro-giorgetti\/1326141\/embed\/#?secret=PAt6N6sTy9\" data-secret=\"PAt6N6sTy9\" width=\"500\" height=\"282\" title=\"&#8220;Gli &#8220;invisibili&#8221; di Air Italy ora si appellano al ministro Giorgetti&#8221; &#8212; VareseNews\" frameborder=\"0\" marginwidth=\"0\" marginheight=\"0\" scrolling=\"no\"><\/iframe>","_oembed_time_991988687c2e70ba4b0f21694061f148":"1618147320","_oembed_ed86e57b3f0f1dd7598330be2e0fa865":"<blockquote class=\"wp-embedded-content\" data-secret=\"dxrGybNCoa\"><a href=\"https:\/\/www.varesenews.it\/2021\/01\/centro-raccolta-scuole-viabilita-opere-pubbliche-2021-somma-lombardo\/1296047\/\">Centro di raccolta, scuole e viabilit\u00e0: le opere pubbliche del 2021 a Somma Lombardo<\/a><\/blockquote><iframe class=\"wp-embedded-content\" sandbox=\"allow-scripts\" security=\"restricted\" style=\"position: absolute; clip: rect(1px, 1px, 1px, 1px);\" src=\"https:\/\/www.varesenews.it\/2021\/01\/centro-raccolta-scuole-viabilita-opere-pubbliche-2021-somma-lombardo\/1296047\/embed\/#?secret=dxrGybNCoa\" data-secret=\"dxrGybNCoa\" width=\"500\" height=\"282\" title=\"&#8220;Centro di raccolta, scuole e viabilit\u00e0: le opere pubbliche del 2021 a Somma Lombardo&#8221; &#8212; VareseNews\" frameborder=\"0\" marginwidth=\"0\" marginheight=\"0\" scrolling=\"no\"><\/iframe>","_oembed_time_ed86e57b3f0f1dd7598330be2e0fa865":"1618147320","_oembed_1c071e14e3484f0f654902020cc166cf":"<iframe width=\"500\" height=\"375\" src=\"https:\/\/www.youtube.com\/embed\/9w63HHkHl24?feature=oembed\" frameborder=\"0\" allow=\"accelerometer; autoplay; clipboard-write; encrypted-media; gyroscope; picture-in-picture\" allowfullscreen><\/iframe>","_oembed_time_1c071e14e3484f0f654902020cc166cf":"1618147320","_oembed_09f38b081a6260f6ba742a24c58be621":"<blockquote class=\"wp-embedded-content\" data-secret=\"1KqCyYnqRu\"><a href=\"https:\/\/www.varesenews.it\/2009\/08\/da-castronno-parte-il-calabria-express\/171104\/\">Da Castronno  parte il Calabria Express<\/a><\/blockquote><iframe class=\"wp-embedded-content\" sandbox=\"allow-scripts\" security=\"restricted\" style=\"position: absolute; clip: rect(1px, 1px, 1px, 1px);\" src=\"https:\/\/www.varesenews.it\/2009\/08\/da-castronno-parte-il-calabria-express\/171104\/embed\/#?secret=1KqCyYnqRu\" data-secret=\"1KqCyYnqRu\" width=\"500\" height=\"282\" title=\"&#8220;Da Castronno  parte il Calabria Express&#8221; &#8212; VareseNews\" frameborder=\"0\" marginwidth=\"0\" marginheight=\"0\" scrolling=\"no\"><\/iframe>","_oembed_time_09f38b081a6260f6ba742a24c58be621":"1618147320","_oembed_c6eaaa51e88de619d919958e2ae08b21":"<blockquote class=\"wp-embedded-content\" data-secret=\"pSt6j7v3AG\"><a href=\"https:\/\/www.varesenews.it\/2021\/04\/gli-europei-canottaggio-diretta-dalla-schiranna-varese\/1326543\/\">Gli Europei di Canottaggio in diretta dalla Schiranna di Varese<\/a><\/blockquote><iframe class=\"wp-embedded-content\" sandbox=\"allow-scripts\" security=\"restricted\" style=\"position: absolute; clip: rect(1px, 1px, 1px, 1px);\" src=\"https:\/\/www.varesenews.it\/2021\/04\/gli-europei-canottaggio-diretta-dalla-schiranna-varese\/1326543\/embed\/#?secret=pSt6j7v3AG\" data-secret=\"pSt6j7v3AG\" width=\"500\" height=\"282\" title=\"&#8220;Gli Europei di Canottaggio in diretta dalla Schiranna di Varese&#8221; &#8212; VareseNews\" frameborder=\"0\" marginwidth=\"0\" marginheight=\"0\" scrolling=\"no\"><\/iframe>","_oembed_time_c6eaaa51e88de619d919958e2ae08b21":"1618147340","_oembed_10c9f0c618cd3a29022a06dc80afcfe4":"<blockquote class=\"wp-embedded-content\" data-secret=\"jPXRD38nt1\"><a href=\"https:\/\/www.varesenews.it\/2021\/04\/colonna-fumo-sul-varesotto-lincendio-piemonte\/1325936\/\">Colonna di fumo sul Varesotto ma l&#8217;incendio \u00e8 in Piemonte<\/a><\/blockquote><iframe class=\"wp-embedded-content\" sandbox=\"allow-scripts\" security=\"restricted\" style=\"position: absolute; clip: rect(1px, 1px, 1px, 1px);\" src=\"https:\/\/www.varesenews.it\/2021\/04\/colonna-fumo-sul-varesotto-lincendio-piemonte\/1325936\/embed\/#?secret=jPXRD38nt1\" data-secret=\"jPXRD38nt1\" width=\"500\" height=\"282\" title=\"&#8220;Colonna di fumo sul Varesotto ma l&#8217;incendio \u00e8 in Piemonte&#8221; &#8212; VareseNews\" frameborder=\"0\" marginwidth=\"0\" marginheight=\"0\" scrolling=\"no\"><\/iframe>","_oembed_time_10c9f0c618cd3a29022a06dc80afcfe4":"1618147340","_oembed_72644a640c78ec9386f979d3aaed2737":"<blockquote class=\"wp-embedded-content\" data-secret=\"l3DkLpg7Bz\"><a href=\"https:\/\/www.saronnonews.it\/2021\/03\/22\/ventiquattro-ore-senza-pacchi-amazon-lo-sciopero-a-origgio\/\">Ventiquattro ore senza pacchi Amazon, lo sciopero a Origgio<\/a><\/blockquote><iframe class=\"wp-embedded-content\" sandbox=\"allow-scripts\" security=\"restricted\" style=\"position: absolute; clip: rect(1px, 1px, 1px, 1px);\" src=\"https:\/\/www.saronnonews.it\/2021\/03\/22\/ventiquattro-ore-senza-pacchi-amazon-lo-sciopero-a-origgio\/embed\/#?secret=l3DkLpg7Bz\" data-secret=\"l3DkLpg7Bz\" width=\"500\" height=\"282\" title=\"&#8220;Ventiquattro ore senza pacchi Amazon, lo sciopero a Origgio&#8221; &#8212; SaronnoNews\" frameborder=\"0\" marginwidth=\"0\" marginheight=\"0\" scrolling=\"no\"><\/iframe>","_oembed_time_72644a640c78ec9386f979d3aaed2737":"1618147342","_oembed_8ed0448622fdebbdb97f584635f61606":"<blockquote class=\"wp-embedded-content\" data-secret=\"VXicxz8Fbc\"><a href=\"https:\/\/www.varesenews.it\/2021\/04\/zamberletti-divenne-politico-cui-la-repubblica-grata\/1324376\/\">Come Zamberletti divenne il politico &#8220;a cui la Repubblica \u00e8 grata&#8221;<\/a><\/blockquote><iframe class=\"wp-embedded-content\" sandbox=\"allow-scripts\" security=\"restricted\" style=\"position: absolute; clip: rect(1px, 1px, 1px, 1px);\" src=\"https:\/\/www.varesenews.it\/2021\/04\/zamberletti-divenne-politico-cui-la-repubblica-grata\/1324376\/embed\/#?secret=VXicxz8Fbc\" data-secret=\"VXicxz8Fbc\" width=\"500\" height=\"282\" title=\"&#8220;Come Zamberletti divenne il politico &#8220;a cui la Repubblica \u00e8 grata&#8221;&#8221; &#8212; VareseNews\" frameborder=\"0\" marginwidth=\"0\" marginheight=\"0\" scrolling=\"no\"><\/iframe>","_oembed_time_8ed0448622fdebbdb97f584635f61606":"1618147342","_oembed_4146c4def565d8048dde576f6c127153":"<blockquote class=\"wp-embedded-content\" data-secret=\"sCamN1gNzC\"><a href=\"https:\/\/www.varesenews.it\/2019\/10\/approvato-primo-lotto-del-sottopasso-santanna-14-anni\/858526\/\">Approvato il primo lotto del sottopasso di Sant&#8217;Anna, dopo 14 anni<\/a><\/blockquote><iframe class=\"wp-embedded-content\" sandbox=\"allow-scripts\" security=\"restricted\" style=\"position: absolute; clip: rect(1px, 1px, 1px, 1px);\" src=\"https:\/\/www.varesenews.it\/2019\/10\/approvato-primo-lotto-del-sottopasso-santanna-14-anni\/858526\/embed\/#?secret=sCamN1gNzC\" data-secret=\"sCamN1gNzC\" width=\"500\" height=\"282\" title=\"&#8220;Approvato il primo lotto del sottopasso di Sant&#8217;Anna, dopo 14 anni&#8221; &#8212; VareseNews\" frameborder=\"0\" marginwidth=\"0\" marginheight=\"0\" scrolling=\"no\"><\/iframe>","_oembed_time_4146c4def565d8048dde576f6c127153":"1618147832","_oembed_6cffefdec1088028682f58859f4560de":"<blockquote class=\"wp-embedded-content\" data-secret=\"0TSl78PWyy\"><a href=\"https:\/\/www.varesenews.it\/2020\/03\/la-nonna-racconta-larte-leonardo\/914828\/\">La nonna racconta con l&#8217;arte: Leonardo<\/a><\/blockquote><iframe class=\"wp-embedded-content\" sandbox=\"allow-scripts\" security=\"restricted\" style=\"position: absolute; clip: rect(1px, 1px, 1px, 1px);\" src=\"https:\/\/www.varesenews.it\/2020\/03\/la-nonna-racconta-larte-leonardo\/914828\/embed\/#?secret=0TSl78PWyy\" data-secret=\"0TSl78PWyy\" width=\"500\" height=\"282\" title=\"&#8220;La nonna racconta con l&#8217;arte: Leonardo&#8221; &#8212; VareseNews\" frameborder=\"0\" marginwidth=\"0\" marginheight=\"0\" scrolling=\"no\"><\/iframe>","_oembed_time_6cffefdec1088028682f58859f4560de":"1618147832","_oembed_5b997781eb12e4b3b3bb2076086fd7ac":"<blockquote class=\"wp-embedded-content\" data-secret=\"MHESOxbm4f\"><a href=\"https:\/\/www.varesenews.it\/2021\/04\/della-mara-salvatrucha-dacci-50-euro-la-polfer-gallarate-arresta-tre-latinos-sul-treno\/1325462\/\">&#8220;Siamo della Mara Salvatrucha, dacci 50 euro&#8221;, la Polfer di Gallarate arresta tre latinos sul treno<\/a><\/blockquote><iframe class=\"wp-embedded-content\" sandbox=\"allow-scripts\" security=\"restricted\" style=\"position: absolute; clip: rect(1px, 1px, 1px, 1px);\" src=\"https:\/\/www.varesenews.it\/2021\/04\/della-mara-salvatrucha-dacci-50-euro-la-polfer-gallarate-arresta-tre-latinos-sul-treno\/1325462\/embed\/#?secret=MHESOxbm4f\" data-secret=\"MHESOxbm4f\" width=\"500\" height=\"282\" title=\"&#8220;&#8220;Siamo della Mara Salvatrucha, dacci 50 euro&#8221;, la Polfer di Gallarate arresta tre latinos sul treno&#8221; &#8212; VareseNews\" frameborder=\"0\" marginwidth=\"0\" marginheight=\"0\" scrolling=\"no\"><\/iframe>","_oembed_time_5b997781eb12e4b3b3bb2076086fd7ac":"1618147832"},"photos":[{"original":"https:\/\/staging.varesenews.it\/photogallery_new\/images\/2021\/04\/allerta-gialla-regione-lombardia-1214849.jpg","full":"https:\/\/staging.varesenews.it\/photogallery_new\/images\/2021\/04\/allerta-gialla-regione-lombardia-1214849.1024x768.jpg","large":"https:\/\/staging.varesenews.it\/photogallery_new\/images\/2021\/04\/allerta-gialla-regione-lombardia-1214849.610x431.jpg"}],"_links":{"self":[{"href":"https:\/\/staging.varesenews.it\/swgapi\/v1\/wp\/v2\/posts\/1327247"}],"collection":[{"href":"https:\/\/staging.varesenews.it\/swgapi\/v1\/wp\/v2\/posts"}],"about":[{"href":"https:\/\/staging.varesenews.it\/swgapi\/v1\/wp\/v2\/types\/post"}],"author":[{"embeddable":true,"href":"https:\/\/staging.varesenews.it\/swgapi\/v1\/wp\/v2\/users\/43"}],"replies":[{"embeddable":true,"href":"https:\/\/staging.varesenews.it\/swgapi\/v1\/wp\/v2\/comments?post=1327247"}],"version-history":[{"count":0,"href":"https:\/\/staging.varesenews.it\/swgapi\/v1\/wp\/v2\/posts\/1327247\/revisions"}],"wp:attachment":[{"href":"https:\/\/staging.varesenews.it\/swgapi\/v1\/wp\/v2\/media?parent=1327247"}],"wp:term":[{"taxonomy":"category","embeddable":true,"href":"https:\/\/staging.varesenews.it\/swgapi\/v1\/wp\/v2\/categories?post=1327247"},{"taxonomy":"post_tag","embeddable":true,"href":"https:\/\/staging.varesenews.it\/swgapi\/v1\/wp\/v2\/tags?post=1327247"}],"curies":[{"name":"wp","href":"https:\/\/api.w.org\/{rel}","templated":true}]}}