{"id":1331576,"date":"2021-04-23T10:56:43","date_gmt":"2021-04-23T08:56:43","guid":{"rendered":"https:\/\/www.varesenews.it\/?p=1331576"},"modified":"2021-04-23T10:56:43","modified_gmt":"2021-04-23T08:56:43","slug":"eccellenza-sfide-importanti-nella-terza-giornata","status":"publish","type":"post","link":"https:\/\/staging.varesenews.it\/2021\/04\/eccellenza-sfide-importanti-nella-terza-giornata\/1331576\/","title":{"rendered":"Eccellenza, sfide importanti nella terza giornata"},"content":{"rendered":"<p>Terza giornata per il campionato di Eccellenza, che scender\u00e0 in campo domenica 25 aprile alle 15.30.<\/p>\n<p>La <strong>Varesina<\/strong>, unica a punteggio pieno dopo le prime due gare, torner\u00e0 a Venegono Superiore per ospitare la Brianza Olginatese. Sar\u00e0 una gara molto importante per la classifica perch\u00e9 i bianconeri lecchesi hanno tutta l\u2019intenzione di rifarsi sotto e rispondere \u201cpresenti\u201d all\u2019appello per il primo posto. Le Fenici, dal canto loro, con una vittoria compirebbero un mezzo allungo che potrebbe gi\u00e0 essere decisivo.<\/p>\n<p>Al \u201cMilano\u201d di Sesto Calende la <strong>Sestese<\/strong>, seconda solitaria a quota 4 punti, affronter\u00e0 l\u2019Ardor Lazzate che \u00e8 ancora scottata per l\u2019ultimo ko interno rimediato contro la Varesina nei minuti finali di gara.<\/p>\n<p>Lo scontro tra varesotte si svolger\u00e0 a <strong>Vergiate<\/strong> con il <strong>Gavirate<\/strong> che prover\u00e0 a conquistare la prima vittoria di questo mini-campionato. I ragazzi di mister Fiorito invece sperano di ripetere la gara d\u2019esordio, il convincente successo contro la Pontelambrese.<\/p>\n<blockquote><p><strong>PROGRAMMA<\/strong>: Castanese &#8211; Base 96; Luciano Manara &#8211; Milano City; Sestese &#8211; Ardor Lazzate; Varesina &#8211; Brianza Olginatese; Vergiatese &#8211; Gavirate. Riposa: Pontelambrese.<\/p>\n<p><strong>CLASSIFICA<\/strong>: Varesina 6; Sestese 4; Vergiatese, Milano City, Base 96; Brianza Olginatese, Pontelambrese 3; Ardor Lazzate, Castanese, Gavirate 1; Luciano Manara 0.<\/p><\/blockquote>\n","protected":false},"excerpt":{"rendered":"<p>La Varesina ospita la Brianza Olginatese, la Sestese affronta l\u2019Ardor Lazzate, Vergiatese contro il Gavirate<\/p>\n","protected":false},"author":37,"featured_media":0,"comment_status":"open","ping_status":"open","sticky":false,"template":"","format":"standard","meta":{"footnotes":""},"categories":[14],"tags":[144,206,208,51617,66377,29410,22141],"acf":[],"yoast_head":"<!-- This site is optimized with the Yoast SEO plugin v20.1 - https:\/\/yoast.com\/wordpress\/plugins\/seo\/ -->\n<title>Eccellenza, sfide importanti nella terza giornata<\/title>\n<meta name=\"description\" content=\"La Varesina ospita la Brianza Olginatese, la Sestese affronta l\u2019Ardor Lazzate, Vergiatese contro il Gavirate\" \/>\n<meta name=\"robots\" content=\"noindex, follow, max-snippet:-1, max-image-preview:large, max-video-preview:-1\" \/>\n<meta property=\"og:locale\" content=\"it_IT\" \/>\n<meta property=\"og:type\" content=\"article\" \/>\n<meta property=\"og:title\" content=\"Eccellenza, sfide importanti nella terza giornata\" \/>\n<meta property=\"og:description\" content=\"La Varesina ospita la Brianza Olginatese, la Sestese affronta l\u2019Ardor Lazzate, Vergiatese contro il Gavirate\" \/>\n<meta property=\"og:url\" content=\"https:\/\/staging.varesenews.it\/2021\/04\/eccellenza-sfide-importanti-nella-terza-giornata\/1331576\/\" \/>\n<meta property=\"og:site_name\" content=\"VareseNews\" \/>\n<meta property=\"article:publisher\" content=\"https:\/\/www.facebook.com\/varesenews\" \/>\n<meta property=\"article:published_time\" content=\"2021-04-23T08:56:43+00:00\" \/>\n<meta name=\"author\" content=\"Francesco Mazzoleni\" \/>\n<meta name=\"twitter:card\" content=\"summary_large_image\" \/>\n<meta name=\"twitter:creator\" content=\"@fmazzof\" \/>\n<meta name=\"twitter:site\" content=\"@varesenews\" \/>\n<meta name=\"twitter:label1\" content=\"Scritto da\" \/>\n\t<meta name=\"twitter:data1\" content=\"Francesco Mazzoleni\" \/>\n\t<meta name=\"twitter:label2\" content=\"Tempo di lettura stimato\" \/>\n\t<meta name=\"twitter:data2\" content=\"1 minuto\" \/>\n<script type=\"application\/ld+json\" class=\"yoast-schema-graph\">{\"@context\":\"https:\/\/schema.org\",\"@graph\":[{\"@type\":\"WebPage\",\"@id\":\"https:\/\/staging.varesenews.it\/2021\/04\/eccellenza-sfide-importanti-nella-terza-giornata\/1331576\/\",\"url\":\"https:\/\/staging.varesenews.it\/2021\/04\/eccellenza-sfide-importanti-nella-terza-giornata\/1331576\/\",\"name\":\"Eccellenza, sfide importanti nella terza giornata\",\"isPartOf\":{\"@id\":\"https:\/\/staging.varesenews.it\/#website\"},\"datePublished\":\"2021-04-23T08:56:43+00:00\",\"dateModified\":\"2021-04-23T08:56:43+00:00\",\"author\":{\"@id\":\"https:\/\/staging.varesenews.it\/#\/schema\/person\/e82236e79160d30d4e1f942004ac3038\"},\"description\":\"La Varesina ospita la Brianza Olginatese, la Sestese affronta l\u2019Ardor Lazzate, Vergiatese contro il Gavirate\",\"breadcrumb\":{\"@id\":\"https:\/\/staging.varesenews.it\/2021\/04\/eccellenza-sfide-importanti-nella-terza-giornata\/1331576\/#breadcrumb\"},\"inLanguage\":\"it-IT\",\"potentialAction\":[{\"@type\":\"ReadAction\",\"target\":[\"https:\/\/staging.varesenews.it\/2021\/04\/eccellenza-sfide-importanti-nella-terza-giornata\/1331576\/\"]}]},{\"@type\":\"BreadcrumbList\",\"@id\":\"https:\/\/staging.varesenews.it\/2021\/04\/eccellenza-sfide-importanti-nella-terza-giornata\/1331576\/#breadcrumb\",\"itemListElement\":[{\"@type\":\"ListItem\",\"position\":1,\"name\":\"Home\",\"item\":\"https:\/\/www.varesenews.it\/\"},{\"@type\":\"ListItem\",\"position\":2,\"name\":\"Eccellenza, sfide importanti nella terza giornata\"}]},{\"@type\":\"WebSite\",\"@id\":\"https:\/\/staging.varesenews.it\/#website\",\"url\":\"https:\/\/staging.varesenews.it\/\",\"name\":\"VareseNews\",\"description\":\"\",\"potentialAction\":[{\"@type\":\"SearchAction\",\"target\":{\"@type\":\"EntryPoint\",\"urlTemplate\":\"https:\/\/staging.varesenews.it\/?s={search_term_string}\"},\"query-input\":\"required name=search_term_string\"}],\"inLanguage\":\"it-IT\"},{\"@type\":\"Person\",\"@id\":\"https:\/\/staging.varesenews.it\/#\/schema\/person\/e82236e79160d30d4e1f942004ac3038\",\"name\":\"Francesco Mazzoleni\",\"image\":{\"@type\":\"ImageObject\",\"inLanguage\":\"it-IT\",\"@id\":\"https:\/\/staging.varesenews.it\/#\/schema\/person\/image\/\",\"url\":\"https:\/\/staging.varesenews.it\/wp-content\/uploads\/2020\/12\/francesco_mazzoleni_colori_500-1.jpg\",\"contentUrl\":\"https:\/\/staging.varesenews.it\/wp-content\/uploads\/2020\/12\/francesco_mazzoleni_colori_500-1.jpg\",\"caption\":\"Francesco Mazzoleni\"},\"description\":\"\\\"Uomo di campo\\\" della redazione sportiva. Nutro una vera passione per il calcio, che sia ad alti livelli, sui campi di provincia o in altri continenti. Sono nato a Varese nel 1984, vivo da sempre a Malnate e ho una laurea in Scienze Motorie. Ho mosso i primi passi a VareseNews da stagista nel 2002; nel 2008 ho iniziato a collaborare con maggiore continuit\u00e0 e dal 2018 sono giornalista professionista. Orgoglioso pap\u00e0 di Federico e Adelaide.\",\"sameAs\":[\"fmazzof\",\"it.linkedin.com\/in\/francescomazzolenif\",\"https:\/\/twitter.com\/fmazzof\"],\"url\":\"https:\/\/staging.varesenews.it\/persona\/francesco_mazzoleniferracini\/\"}]}<\/script>\n<!-- \/ Yoast SEO plugin. -->","yoast_head_json":{"title":"Eccellenza, sfide importanti nella terza giornata","description":"La Varesina ospita la Brianza Olginatese, la Sestese affronta l\u2019Ardor Lazzate, Vergiatese contro il Gavirate","robots":{"index":"noindex","follow":"follow","max-snippet":"max-snippet:-1","max-image-preview":"max-image-preview:large","max-video-preview":"max-video-preview:-1"},"og_locale":"it_IT","og_type":"article","og_title":"Eccellenza, sfide importanti nella terza giornata","og_description":"La Varesina ospita la Brianza Olginatese, la Sestese affronta l\u2019Ardor Lazzate, Vergiatese contro il Gavirate","og_url":"https:\/\/staging.varesenews.it\/2021\/04\/eccellenza-sfide-importanti-nella-terza-giornata\/1331576\/","og_site_name":"VareseNews","article_publisher":"https:\/\/www.facebook.com\/varesenews","article_published_time":"2021-04-23T08:56:43+00:00","author":"Francesco Mazzoleni","twitter_card":"summary_large_image","twitter_creator":"@fmazzof","twitter_site":"@varesenews","twitter_misc":{"Scritto da":"Francesco Mazzoleni","Tempo di lettura stimato":"1 minuto"},"schema":{"@context":"https:\/\/schema.org","@graph":[{"@type":"WebPage","@id":"https:\/\/staging.varesenews.it\/2021\/04\/eccellenza-sfide-importanti-nella-terza-giornata\/1331576\/","url":"https:\/\/staging.varesenews.it\/2021\/04\/eccellenza-sfide-importanti-nella-terza-giornata\/1331576\/","name":"Eccellenza, sfide importanti nella terza giornata","isPartOf":{"@id":"https:\/\/staging.varesenews.it\/#website"},"datePublished":"2021-04-23T08:56:43+00:00","dateModified":"2021-04-23T08:56:43+00:00","author":{"@id":"https:\/\/staging.varesenews.it\/#\/schema\/person\/e82236e79160d30d4e1f942004ac3038"},"description":"La Varesina ospita la Brianza Olginatese, la Sestese affronta l\u2019Ardor Lazzate, Vergiatese contro il Gavirate","breadcrumb":{"@id":"https:\/\/staging.varesenews.it\/2021\/04\/eccellenza-sfide-importanti-nella-terza-giornata\/1331576\/#breadcrumb"},"inLanguage":"it-IT","potentialAction":[{"@type":"ReadAction","target":["https:\/\/staging.varesenews.it\/2021\/04\/eccellenza-sfide-importanti-nella-terza-giornata\/1331576\/"]}]},{"@type":"BreadcrumbList","@id":"https:\/\/staging.varesenews.it\/2021\/04\/eccellenza-sfide-importanti-nella-terza-giornata\/1331576\/#breadcrumb","itemListElement":[{"@type":"ListItem","position":1,"name":"Home","item":"https:\/\/www.varesenews.it\/"},{"@type":"ListItem","position":2,"name":"Eccellenza, sfide importanti nella terza giornata"}]},{"@type":"WebSite","@id":"https:\/\/staging.varesenews.it\/#website","url":"https:\/\/staging.varesenews.it\/","name":"VareseNews","description":"","potentialAction":[{"@type":"SearchAction","target":{"@type":"EntryPoint","urlTemplate":"https:\/\/staging.varesenews.it\/?s={search_term_string}"},"query-input":"required name=search_term_string"}],"inLanguage":"it-IT"},{"@type":"Person","@id":"https:\/\/staging.varesenews.it\/#\/schema\/person\/e82236e79160d30d4e1f942004ac3038","name":"Francesco Mazzoleni","image":{"@type":"ImageObject","inLanguage":"it-IT","@id":"https:\/\/staging.varesenews.it\/#\/schema\/person\/image\/","url":"https:\/\/staging.varesenews.it\/wp-content\/uploads\/2020\/12\/francesco_mazzoleni_colori_500-1.jpg","contentUrl":"https:\/\/staging.varesenews.it\/wp-content\/uploads\/2020\/12\/francesco_mazzoleni_colori_500-1.jpg","caption":"Francesco Mazzoleni"},"description":"\"Uomo di campo\" della redazione sportiva. Nutro una vera passione per il calcio, che sia ad alti livelli, sui campi di provincia o in altri continenti. Sono nato a Varese nel 1984, vivo da sempre a Malnate e ho una laurea in Scienze Motorie. Ho mosso i primi passi a VareseNews da stagista nel 2002; nel 2008 ho iniziato a collaborare con maggiore continuit\u00e0 e dal 2018 sono giornalista professionista. Orgoglioso pap\u00e0 di Federico e Adelaide.","sameAs":["fmazzof","it.linkedin.com\/in\/francescomazzolenif","https:\/\/twitter.com\/fmazzof"],"url":"https:\/\/staging.varesenews.it\/persona\/francesco_mazzoleniferracini\/"}]}},"post_meta":{"_edit_lock":"1619268844:37","_edit_last":"37","_category_permalink":"a:1:{s:8:\"category\";s:2:\"14\";}","_encloseme":"1","ratings_users":"0","ratings_score":"0","ratings_average":"0","foto":"571719","firma_come_redazione":"1","argomento":"Calcio - Dilettanti","_yoast_wpseo_content_score":"30","_jd_tweet_this":"yes","_wpt_short_url":"https:\/\/www.varesenews.it\/2021\/04\/eccellenza-sfide-importanti-nella-terza-giornata\/1331576\/","_wp_jd_target":"https:\/\/www.varesenews.it\/2021\/04\/eccellenza-sfide-importanti-nella-terza-giornata\/1331576\/","_jd_wp_twitter":"a:1:{i:0;s:173:\"Eccellenza, sfide importanti nella terza giornata https:\/\/www.varesenews.it\/2021\/04\/eccellenza-sfide-importanti-nella-terza-giornata\/1331576\/ #calcio #dilettanti #eccellenza\";}","_wpt_status_message":"Tweet inviato con successo.","_oembed_626263d476606b2d2b9601d1c31d9210":"<blockquote class=\"wp-embedded-content\" data-secret=\"y59ZDBuht7\"><a href=\"https:\/\/www.varesenews.it\/2021\/04\/il-murales-di-andrea-ravo-mattoni-diventa-una-lezione-per-ottocento-studenti\/1326019\/\">Il murales di Andrea Ravo Mattoni diventa una lezione per ottocento studenti<\/a><\/blockquote><iframe class=\"wp-embedded-content\" sandbox=\"allow-scripts\" security=\"restricted\" style=\"position: absolute; clip: rect(1px, 1px, 1px, 1px);\" src=\"https:\/\/www.varesenews.it\/2021\/04\/il-murales-di-andrea-ravo-mattoni-diventa-una-lezione-per-ottocento-studenti\/1326019\/embed\/#?secret=y59ZDBuht7\" data-secret=\"y59ZDBuht7\" width=\"500\" height=\"282\" title=\"&#8220;Il murales di Andrea Ravo Mattoni diventa una lezione per ottocento studenti&#8221; &#8212; VareseNews\" frameborder=\"0\" marginwidth=\"0\" marginheight=\"0\" scrolling=\"no\"><\/iframe>","_oembed_time_626263d476606b2d2b9601d1c31d9210":"1619168209","_oembed_4e8c6dda913a0ab3e059fee716adfa52":"<blockquote class=\"wp-embedded-content\" data-secret=\"BNqMChQddZ\"><a href=\"https:\/\/www.varesenews.it\/2021\/04\/troupe-porta-porta-lavena-ponte-tresa-parlare-frontalieri-negozi-crisi\/1330649\/\">Una troupe di &#8220;Porta a porta&#8221; a Lavena Ponte Tresa per parlare di frontalieri e negozi in crisi<\/a><\/blockquote><iframe class=\"wp-embedded-content\" sandbox=\"allow-scripts\" security=\"restricted\" style=\"position: absolute; clip: rect(1px, 1px, 1px, 1px);\" src=\"https:\/\/www.varesenews.it\/2021\/04\/troupe-porta-porta-lavena-ponte-tresa-parlare-frontalieri-negozi-crisi\/1330649\/embed\/#?secret=BNqMChQddZ\" data-secret=\"BNqMChQddZ\" width=\"500\" height=\"282\" title=\"&#8220;Una troupe di &#8220;Porta a porta&#8221; a Lavena Ponte Tresa per parlare di frontalieri e negozi in crisi&#8221; &#8212; VareseNews\" frameborder=\"0\" marginwidth=\"0\" marginheight=\"0\" scrolling=\"no\"><\/iframe>","_oembed_time_4e8c6dda913a0ab3e059fee716adfa52":"1619168209"},"photos":[{"original":"https:\/\/staging.varesenews.it\/photogallery_new\/images\/2016\/10\/varesina-calcio-571719.jpg","full":"https:\/\/staging.varesenews.it\/photogallery_new\/images\/2016\/10\/varesina-calcio-571719.1024x768.jpg","large":"https:\/\/staging.varesenews.it\/photogallery_new\/images\/2016\/10\/varesina-calcio-571719.610x431.jpg"}],"_links":{"self":[{"href":"https:\/\/staging.varesenews.it\/swgapi\/v1\/wp\/v2\/posts\/1331576"}],"collection":[{"href":"https:\/\/staging.varesenews.it\/swgapi\/v1\/wp\/v2\/posts"}],"about":[{"href":"https:\/\/staging.varesenews.it\/swgapi\/v1\/wp\/v2\/types\/post"}],"author":[{"embeddable":true,"href":"https:\/\/staging.varesenews.it\/swgapi\/v1\/wp\/v2\/users\/37"}],"replies":[{"embeddable":true,"href":"https:\/\/staging.varesenews.it\/swgapi\/v1\/wp\/v2\/comments?post=1331576"}],"version-history":[{"count":0,"href":"https:\/\/staging.varesenews.it\/swgapi\/v1\/wp\/v2\/posts\/1331576\/revisions"}],"wp:attachment":[{"href":"https:\/\/staging.varesenews.it\/swgapi\/v1\/wp\/v2\/media?parent=1331576"}],"wp:term":[{"taxonomy":"category","embeddable":true,"href":"https:\/\/staging.varesenews.it\/swgapi\/v1\/wp\/v2\/categories?post=1331576"},{"taxonomy":"post_tag","embeddable":true,"href":"https:\/\/staging.varesenews.it\/swgapi\/v1\/wp\/v2\/tags?post=1331576"}],"curies":[{"name":"wp","href":"https:\/\/api.w.org\/{rel}","templated":true}]}}