{"id":1332805,"date":"2021-04-27T12:00:57","date_gmt":"2021-04-27T10:00:57","guid":{"rendered":"https:\/\/www.varesenews.it\/?p=1332805"},"modified":"2022-09-27T11:19:29","modified_gmt":"2022-09-27T09:19:29","slug":"la-lombardia-nord-sud-lungo-la-via-francisca-del-lucomagno","status":"publish","type":"post","link":"https:\/\/staging.varesenews.it\/2021\/04\/la-lombardia-nord-sud-lungo-la-via-francisca-del-lucomagno\/1332805\/","title":{"rendered":"La Lombardia da Nord a Sud lungo la Via Francisca del Lucomagno"},"content":{"rendered":"<p><strong>Si riparte<\/strong>. Che sia per un giorno, un week-end oppure una settimana intera, <strong>la \u201cnuova\u201d vacanza \u00e8 sostenibile,<\/strong> <strong>accessibile<\/strong> e a <strong>basso costo<\/strong>. Sono decine e decine le <strong>richieste di credenziali per la Via Francisca del Lucomagno<\/strong>. Arrivano <strong>da ogni parte d\u2019Italia<\/strong> e qualcuna anche dall\u2019Europa, dando un forte segnale per<strong> riprendere a camminare<\/strong> e conoscere i territori grazie al movimento lento.<\/p>\n<p>La pandemia ha accelerato il processo di cambiamento gi\u00e0 in atto da alcuni anni: i Cammini italiani,<strong> i viaggi a piedi lungo percorsi storici, sono stati la\u00a0sorpresa di questo nuovo mondo<\/strong> ai tempi del Covid. Questo modo lento e naturale di scoprire la storia e il territorio del nostro Paese \u00e8 tra i pochi che <a href=\"https:\/\/www.terre.it\/cammini-percorsi\/italia-paese-di-cammini-ecco-tutti-i-numeri-del-2020\/\" target=\"_blank\" rel=\"noopener\"><strong>ha incrementato le presenze a partire dall\u2019estate 2020<\/strong><\/a>. Molte persone hanno scelto questo tipo di viaggio per la prima volta, scoprendo un<strong> nuovo modo di vivere i territori<\/strong>, attraversandoli a passo lento, vivendo destinazioni sorprendenti magari a pochi passi da casa.<\/p>\n<p style=\"text-align: center;\"><iframe loading=\"lazy\" title=\"YouTube video player\" src=\"https:\/\/www.youtube.com\/embed\/ij3Bju0kI7M\" width=\"560\" height=\"315\" frameborder=\"0\" allowfullscreen=\"allowfullscreen\"><\/iframe><\/p>\n<p>\u00c8 il caso della <strong>Via Francisca del Lucomagno<\/strong>, entrata a far parte dei grandi cammini italiani che, in questi mesi particolarmente complessi per l\u2019emergenza sanitaria, ha visto la sua consacrazione ufficiale. I <strong>135 km che attraversano la Lombardia da nord a sud, collegando Lavena Ponte Tresa al confine con la Svizzera con la citt\u00e0 di Pavia<\/strong>, sono stati al centro di un <strong>progetto di valorizzazione<\/strong>, sviluppato da nove realt\u00e0 insieme con 50 enti e con la collaborazione di Regione Lombardia e delle province interessate, anche con il sostegno del Fondo Europeo di Sviluppo Regionale di Regione Lombardia.<\/p>\n<p><div class=\"photo-inside-post\"><img decoding=\"async\" loading=\"lazy\" fetchpriority=\"low\" width=\"610\" height=\"431\" src=\"https:\/\/staging.varesenews.it\/photogallery_new\/images\/2021\/04\/francisca-generico-1218361.610x431.jpg\" alt=\"Francisca Generico\"><\/div> La segnaletica della Via Francisca del Lucomagno<\/p>\n<p>Il lavoro messo in campo ha visto la mappatura dell\u2019intero tracciato, il posizionamento di oltre mille segnavia, la creazione di una rete di accoglienza con pi\u00f9 di 600 posti letto, lo sviluppo di un\u2019apposita app e la pubblicazione della<a href=\"https:\/\/www.amazon.it\/dp\/886189626X\/ref=cm_sw_r_u_apa_i_8QJDF7CX6TWRWWW5DGDT\"> Guida ufficiale<\/a>, redatta da <strong>Marco Giovannelli, direttore di VareseNews,\u00a0<\/strong>\u00a0e <strong>Alberto Cont<\/strong>e per Terre di Mezzo editore.<\/p>\n<h3><strong>Il percorso<\/strong><\/h3>\n<p>Si parla di \u201ctratto italiano\u201d della Via Francisca del Lucomagno perch\u00e9 <strong>il percorso nella sua interezza parte 375 chilometri a monte, a Costanza<\/strong> in Germania. Attraverso il <strong>Canton San Gallo<\/strong>, il <strong>Liechtenstein<\/strong>, il <strong>Canton Grigioni<\/strong> e il <strong>passo del Lucomagno<\/strong> a cui deve il nome, giunge in <strong>Canton Ticino<\/strong> per entrare in Italia al confine con il <strong>Lago Ceresio<\/strong>.<\/p>\n<blockquote class=\"wp-embedded-content\" data-secret=\"kkQnxxRvyC\"><p><a href=\"https:\/\/www.varesenews.it\/2019\/08\/la-via-francisca-del-lucomagno-svizzera\/846713\/\">La Via Francisca del Lucomagno in Svizzera<\/a><\/p><\/blockquote>\n<p><iframe class=\"wp-embedded-content\" sandbox=\"allow-scripts\" security=\"restricted\" style=\"position: absolute; clip: rect(1px, 1px, 1px, 1px);\" src=\"https:\/\/www.varesenews.it\/2019\/08\/la-via-francisca-del-lucomagno-svizzera\/846713\/embed\/#?secret=kkQnxxRvyC\" data-secret=\"kkQnxxRvyC\" width=\"500\" height=\"282\" title=\"&#8220;La Via Francisca del Lucomagno in Svizzera&#8221; &#8212; VareseNews\" frameborder=\"0\" marginwidth=\"0\" marginheight=\"0\" scrolling=\"no\"><\/iframe><\/p>\n<p>Proprio dal piccolo comune di <strong>Lavena Ponte Tresa<\/strong> parte il percorso che in otto tappe giunge a <strong>Pavia<\/strong> e arriva alla tomba di Sant\u2019Agostino nella <strong>basilica di San Pietro in Ciel d\u2019oro.<\/strong> Nella antica capitale Longobarda, la Via Francisca <strong>si unisce alla Via Francigena<\/strong>, offrendo la possibilit\u00e0 ai pellegrini di proseguire il viaggio sino a Roma, la Citt\u00e0 eterna.<\/p>\n<p><div class=\"photo-inside-post\"><img decoding=\"async\" loading=\"lazy\" fetchpriority=\"low\" width=\"610\" height=\"431\" src=\"https:\/\/staging.varesenews.it\/photogallery_new\/images\/2021\/04\/generica-2020-1218364.610x431.jpg\" alt=\"Generica 2020\"><\/div> Il ponte coperto a Pavia, citt\u00e0 dove la Via Francisca incontra la Via Francigena<\/p>\n<p>Il cammino si sviluppa seguendo le orme di quanti <strong>fin dall\u2019anno mille<\/strong> scendevano dal nord Europa per raggiungere Roma. Il tratto italiano della Via Francisca del Lucomagno si inserisce infatti in un <strong>percorso storico della tradizione dei pellegrinaggi:<\/strong> per chi arriva dal Centro Europa, la Via Francisca \u00e8 un\u2019arteria nodale per raggiungere Vercelli e da l\u00ec Briancon e Arles fino a <strong>Santiago di Compostela.<\/strong><\/p>\n<p>\u00c8 un\u2019arteria che si snoda in un territorio fortemente urbanizzato, ma che nel tempo ha saputo conservare quegli elementi capaci di renderla unica e ben riconoscibile. <strong>Una linea verde che attraversa la Lombardia<\/strong> attraverso <strong>cinque parchi<\/strong> (Argentera, Campo dei Fiori, Medio Olona, Altomilanese e della Valle del Ticino), <strong>luoghi impregnati di grande fede<\/strong> come il suggestivo <strong>Sacro Monte di Varese (sito UNESCO)<\/strong> , la<strong> badia di Ganna,<\/strong> il <strong>monastero di Cairate<\/strong>, l\u2019<strong>abbazia di Morimondo<\/strong> e non certo ultima la basilica di San Pietro in Ciel d\u2019Oro, ma anche testimonianze storiche di assoluto valore quali il <strong>monastero di Torba (sito UNESCO)<\/strong> e borghi come <strong>Castiglione Olona<\/strong>, prima <strong>citt\u00e0 ideale dell\u2019Umanesimo<\/strong>, ne fanno un itinerario suggestivo e arricchente. Il tutto accompagnato dall\u2019elemento costante dell\u2019acqua: laghi, fiumi, canali e navigli ne arricchiscono gli scenari e la bellezza del paesaggio.<\/p>\n<p><div class=\"photo-inside-post\"><img decoding=\"async\" loading=\"lazy\" fetchpriority=\"low\" width=\"610\" height=\"431\" src=\"https:\/\/staging.varesenews.it\/photogallery_new\/images\/2021\/04\/francisca-generico-1218357.610x431.jpg\" alt=\"Francisca Generico\"><\/div> Parco dell&#8217;Argentera, Cadegliano Viconago VA<\/p>\n<h3><strong>Credenziali, accoglienze e Testimonium<\/strong><\/h3>\n<p>La <a href=\"https:\/\/www.laviafrancisca.org\/prepararsi\/credenziali\/\">credenziale della Via Francisca del Lucomagno<\/a> \u00e8 gratuita ed \u00e8 un documento importante: il \u201c<strong>passaporto del pellegrino<\/strong>\u201d che lo accompagna lungo il cammino e sul quale apporre i <strong>timbri<\/strong> dei ristornati, musei, luoghi di interesse visitati,<strong> d\u00e0 accesso a sconti e convenzioni pensati appositamente per i pellegrini,<\/strong> come presso le <strong>oltre 40 strutture recettive<\/strong> &#8211; tra ostelli, locande, bed &amp; breakfast &#8211; presenti lungo la Via. Molte strutture ospitano in pieno spirito pellegrino: essenzialit\u00e0, condivisione, fiducia: \u00e8 necessario un documento che provi tale impresa e che consenta di ricevere riduzioni e servizi ad hoc. La credenziale d\u00e0 diritto anche al <strong>10% di sconto per i pellegrini sui treni Trenord<\/strong> che affiancano il percorso. Una volta giunti a Pavia la credenziale timbrata nei vari punti tappa d\u00e0 diritto a ricevere il <em>Testimonium,<\/em> il certificato che <strong>attesta di aver percorso il cammino<\/strong>, proprio come un vero pellegrino di un tempo.<\/p>\n<p><div class=\"photo-inside-post\"><img decoding=\"async\" loading=\"lazy\" fetchpriority=\"low\" width=\"610\" height=\"431\" src=\"https:\/\/staging.varesenews.it\/photogallery_new\/images\/2021\/04\/francisca-generico-1218360.610x431.jpg\" alt=\"Francisca Generico\"><\/div> La Credenziale del pellegrino<\/p>\n<h3><strong>Una Via adatta a tutte le esigenze<\/strong><\/h3>\n<p>La Via Francisca del Lucomagno <strong>\u00e8 percorribile da tutti<\/strong>, da 0 a oltre 100 anni. Quasi tutte le tappe si snodano in<strong> assenza di dislivello<\/strong> (fanno eccezione le prime tre). \u00c8 l<strong>\u2019ideale per le famiglie<\/strong>, anche con bambini piccoli. Il suo percorso<strong> \u00e8 affrontabile anche da persone a mobilit\u00e0 ridotta<\/strong> che per spostarsi ricorrono all\u2019ausilio, per esempio, di carrozzine. La Via Francisca \u00e8 infatti stata <strong>progettata da subito per essere una Via inclusiva<\/strong>, e grazia alla collaborazione con l\u2019associazione <strong>FreeWheels Onlus<\/strong>, che fornisce tutela e\u00a0sostegno alle persone con disabilit\u00e0 e promuove l\u2019abbattimento delle barriere fisiche e mentali, \u00e8 mappata come \u201c<strong>percorso ed itinerario accessibile<\/strong>\u201d.<\/p>\n<p>La Via Francisca del Lucomagno <strong>\u00e8 molto ben servita dai mezzi pubblici<\/strong>, lungo il suo percorso \u00e8 possibile muoversi con i<strong> treni delle ferrovie Trenord<\/strong> (approfittando dello sconto sul biglietto) o con gli autobus delle varie <strong>autolinee provinciali.<\/strong> Esiste il percorso con le deviazioni necessarie e l\u2019apposita segnaletica per chi\u00a0 la voglia percorrere in bicicletta o con special bike.<\/p>\n<p><div class=\"photo-inside-post\"><img decoding=\"async\" loading=\"lazy\" fetchpriority=\"low\" width=\"610\" height=\"431\" src=\"https:\/\/staging.varesenews.it\/photogallery_new\/images\/2021\/04\/francisca-generico-1218359.610x431.jpg\" alt=\"Francisca Generico\"><\/div> Una delle ciclabili lungo cui si sviluppa la Via Francisca del Lucomagno<\/p>\n<h3><strong>Una risorsa per le economie locali <\/strong><\/h3>\n<p>\u00abDal numero delle credenziali richieste, abbiamo verificato che <strong>nei soli mesi estivi del 2020 pi\u00f9 di 400 pellegrini<\/strong> hanno percorso tutti i 135 Km della Francisca, ma <strong>sono oltre mille<\/strong> coloro che ne hanno percorso solo qualche tappa. Tutto questo ha generato un <strong>controvalore economico<\/strong> per il sistema delle accoglienze e attivit\u00e0 economiche locali <strong>superiore a 250 mila euro<\/strong>. Pi\u00f9 di 3.000 le notti passate nelle oltre 40 strutture, tra ostelli (non ultimi quelli di Castiglione Olona e Morimondo gestiti da volontari), pensioni e B&amp;B, che si trovano lungo il cammino e pi\u00f9 del doppio i pasti consumati.<\/p>\n<blockquote class=\"wp-embedded-content\" data-secret=\"G7kXA0dPZa\"><p><a href=\"https:\/\/www.varesenews.it\/2020\/10\/la-via-francisca-generato-tre-mesi-piu-250mila-euro\/968483\/\">La via Francisca ha generato in tre mesi pi\u00f9 di 250mila euro<\/a><\/p><\/blockquote>\n<p><iframe class=\"wp-embedded-content\" sandbox=\"allow-scripts\" security=\"restricted\" style=\"position: absolute; clip: rect(1px, 1px, 1px, 1px);\" src=\"https:\/\/www.varesenews.it\/2020\/10\/la-via-francisca-generato-tre-mesi-piu-250mila-euro\/968483\/embed\/#?secret=G7kXA0dPZa\" data-secret=\"G7kXA0dPZa\" width=\"500\" height=\"282\" title=\"&#8220;La via Francisca ha generato in tre mesi pi\u00f9 di 250mila euro&#8221; &#8212; VareseNews\" frameborder=\"0\" marginwidth=\"0\" marginheight=\"0\" scrolling=\"no\"><\/iframe><\/p>\n<p><strong>\u00c8 un segnale importante<\/strong>, soprattutto in un momento di grande difficolt\u00e0 per tutto il settore turistico\u00bb, ricorda il vicepresidente della Provincia di Varese e presidente del Tavolo di coordinamento del progetto di valorizzazione della Via, <strong>Alessandro Fagioli.<\/strong> \u00abLa Via Francisca del Lucomagno ha avuto in questo anno il suo decollo definitivo e, dalle testimonianze ricevute da chi l\u2019ha percorsa, abbiamo avuto anche <strong>un grande riscontro<\/strong> sia per la<strong> qualit\u00e0 del tracciato e dei servizi<\/strong> di accoglienza, sia per la q<strong>ualit\u00e0 delle informazioni diffuse<\/strong>. \u00c8 un risultato importante per quanti hanno sostenuto il progetto di valorizzazione, ma \u00e8 soprattutto un risultato significativo per tutto il territorio interessato dal cammino\u00bb.<\/p>\n<h3><strong>La guida e la app<\/strong><\/h3>\n<p>Oltre al sito ufficiale sono <strong>disponibili due utili strumenti<\/strong> pensati per l\u2019esigenza del pellegrino in viaggio:<\/p>\n<ul>\n<li>La Guida Ufficiale edita da Terre di Mezzo editore da Alberto Conte e Marco Giovannelli: <a href=\"https:\/\/www.amazon.it\/dp\/886189626X\/ref=cm_sw_r_u_apa_i_8QJDF7CX6TWRWWW5DGDT\">acquistabile qui\u00a0<\/a><\/li>\n<li>La App gratuita per smartphone, versione Android e IOS<\/li>\n<\/ul>\n<p>&nbsp;<\/p>\n<p><strong>LINK UTILI:<\/strong><\/p>\n<p>Sito ufficiale Via Francisca, che descrive le otto tappe e i percorsi in bici o special bike: <a href=\"http:\/\/www.laviafrancisca.org\/\">www.laviafrancisca.org<\/a><\/p>\n<p>Mail: <a href=\"mailto:info@laviafrancisca.org\">info@laviafrancisca.org<\/a><\/p>\n<p>Facebook: <a href=\"https:\/\/www.facebook.com\/laviafrancisca\">@laviafrancisca<\/a><\/p>\n<p>Instagram: <a href=\"http:\/\/www.instagram.com\/laviafrancisca\/\">@laviafrancisca<\/a><\/p>\n<p>YouTube: <a href=\"http:\/\/www.youtube.com\/channel\/UCnfJtQdDXyVu7WvEfoHDNsg\">Canale della Via Francisca del Lucomagno<\/a><\/p>\n<p>&nbsp;<\/p>\n<h3>LA PARTE SVIZZERA<\/h3>\n<p>Non rientra nella guida e nelle App. Ma il direttore di VareseNews Marco Giovannelli ne ha percorse quasi tutte le tappe e qui trovate il diario di viaggio:<\/p>\n<p class=\"p1\"><span class=\"s1\">Tappa 1: Costanza \u2013 Amriswil\u00a0 \u00a0 \u00a0 21 km\u00a0 \u00a0<a href=\"https:\/\/www.varesenews.it\/2019\/08\/alla-scoperta-della-via-francisca-costanza\/845727\/\" target=\"_blank\" rel=\"noopener\">il diario<\/a><br \/>\n<\/span><\/p>\n<p class=\"p1\"><span class=\"s1\">Tappa 2: Amriswil \u2013 St.Gallen\u00a0 \u00a0 \u00a019 km\u00a0 \u00a0<a href=\"https:\/\/www.varesenews.it\/2019\/08\/verso-san-gallo-paesaggi-dipinti\/845803\/\" target=\"_blank\" rel=\"noopener\">il diario<\/a><\/span><\/p>\n<p class=\"p1\"><span class=\"s1\">Tappa 3: San Gallo \u2013\u00a0<\/span><span class=\"s1\">Altst\u00e4tten\u00a0 \u00a021 km\u00a0 \u00a0<a href=\"https:\/\/www.varesenews.it\/2019\/08\/lappenzello-sulla-via-francisca\/846057\/\" target=\"_blank\" rel=\"noopener\">il diario<\/a><\/span><\/p>\n<p class=\"p1\"><span class=\"s1\">Tappa 4:\u00a0<\/span><span class=\"s1\">Altst\u00e4tten \u2013 Sennwald\u00a0 \u00a021 km\u00a0 \u00a0<a href=\"https:\/\/www.varesenews.it\/2019\/08\/svizzera-nascosta-affascinante\/846283\/\" target=\"_blank\" rel=\"noopener\">il diario<\/a><\/span><\/p>\n<p class=\"p1\"><span class=\"s1\">Tappa 5:\u00a0Sennwald\u00a0 \u2013 Schaan\u00a0 \u00a0 \u00a0 \u00a021 km\u00a0 \u00a0<a href=\"https:\/\/www.varesenews.it\/2019\/08\/piedi-nel-liechtenstein-lungo-la-francisca\/846466\/\" target=\"_blank\" rel=\"noopener\">il diario<\/a><\/span><\/p>\n<p class=\"p1\"><span class=\"s1\">Tappa 6:\u00a0\u00a0<\/span><span class=\"s1\">Schaan\u00a0 \u2013 Maienfeld\u00a0 \u00a0 \u00a024 km\u00a0 \u00a0<a href=\"https:\/\/www.varesenews.it\/2019\/08\/nel-villaggio-heidi-piedi\/846516\/\" target=\"_blank\" rel=\"noopener\">il diario<\/a><\/span><\/p>\n<p><span class=\"s1\">Tappa 7:\u00a0\u00a0<\/span><span class=\"s1\">Maienfeld\u00a0 \u2013 Coira\u00a0 \u00a0 \u00a0 \u00a0 \u00a024 km\u00a0 \u00a0<a href=\"https:\/\/www.varesenews.it\/2019\/08\/cammina-cammina-arrivati-coira\/846689\/\" target=\"_blank\" rel=\"noopener\">il diario<\/a><\/span><\/p>\n<p>Tappa 8: Coira &#8211; Bonaduz\u00a0 \u00a0 \u00a0 \u00a0 \u00a0 \u00a0 \u00a0 \u00a015 km\u00a0 <a href=\"https:\/\/www.varesenews.it\/2022\/07\/coira-bonaduz-sulla-francisca-svizzera\/1485624\/\">il diario<\/a><\/p>\n<p>Tappa 9 Bonaduz &#8211; Illanz\u00a0 \u00a0 \u00a0 \u00a0 \u00a0 \u00a0 \u00a0 \u00a0 22 km\u00a0\u00a0<a href=\"https:\/\/www.varesenews.it\/2022\/07\/bonaduz-illanz-entriamo-nella-valle-porta-al-lucomagno\/1485928\/\">il diario<\/a><\/p>\n<p>Tappa 10 Illanz Disentis\u00a0 \u00a0 \u00a0 \u00a0 \u00a0 \u00a0 \u00a0 \u00a0 \u00a0 31 km\u00a0\u00a0<a href=\"https:\/\/www.varesenews.it\/2022\/07\/illanz-disentis-nel-cuore-della-via-francisca-svizzera\/1486249\/\">il diario<\/a><\/p>\n<p>Tappa 11 Disentis &#8211; Passo del Lucomagno\u00a0 \u00a0 \u00a0 \u00a0 \u00a023 km\u00a0 \u00a0\u00a0<a href=\"https:\/\/www.varesenews.it\/2022\/07\/disentis-al-passo-del-lucomagno-la-vetta-della-via-francisca\/1486591\/\">il diario<\/a><\/p>\n<p>Tappa 12 Passo del Lucomagno &#8211; Aquila\u00a0 \u00a0 \u00a0 \u00a0 \u00a0 \u00a0 \u00a020 km\u00a0 \u00a0<a href=\"https:\/\/www.varesenews.it\/2022\/07\/dal-passo-del-lucomagno-ad-aquila-la-francisca-entra-ticino\/1486942\/\">il diario<\/a><\/p>\n","protected":false},"excerpt":{"rendered":"<p>A piedi, in bici o special bike tra arte, natura, spiritualit\u00e0 alla scoperta di parchi, siti Unesco, laghi e ciclovie; perfetta come gita del week end o come viaggio di pi\u00f9 giorni \u00e8 la soluzione slow per scoprire il bello che ci circonda<\/p>\n","protected":false},"author":5261,"featured_media":0,"comment_status":"open","ping_status":"open","sticky":false,"template":"","format":"standard","meta":{"footnotes":""},"categories":[4,18,113031,9,26,7,24,14,21,46,2],"tags":[6409,110815,16265,59434],"acf":[],"yoast_head":"<!-- This site is optimized with the Yoast SEO plugin v20.1 - https:\/\/yoast.com\/wordpress\/plugins\/seo\/ -->\n<title>La Lombardia da Nord a Sud lungo la Via Francisca del Lucomagno<\/title>\n<meta name=\"description\" content=\"A piedi, in bici o special bike tra arte, natura, spiritualit\u00e0 alla scoperta di parchi, siti Unesco, laghi e ciclovie; perfetta come gita del week end o come viaggio di pi\u00f9 giorni \u00e8 la soluzione slow per scoprire il bello che ci circonda\" \/>\n<meta name=\"robots\" content=\"noindex, follow, max-snippet:-1, max-image-preview:large, max-video-preview:-1\" \/>\n<meta property=\"og:locale\" content=\"it_IT\" \/>\n<meta property=\"og:type\" content=\"article\" \/>\n<meta property=\"og:title\" content=\"La Lombardia da Nord a Sud lungo la Via Francisca del Lucomagno\" \/>\n<meta property=\"og:description\" content=\"A piedi, in bici o special bike tra arte, natura, spiritualit\u00e0 alla scoperta di parchi, siti Unesco, laghi e ciclovie; perfetta come gita del week end o come viaggio di pi\u00f9 giorni \u00e8 la soluzione slow per scoprire il bello che ci circonda\" \/>\n<meta property=\"og:url\" content=\"https:\/\/www.varesenews.it\/2021\/04\/la-lombardia-nord-sud-lungo-la-via-francisca-del-lucomagno\/1332805\/\" \/>\n<meta property=\"og:site_name\" content=\"VareseNews\" \/>\n<meta property=\"article:publisher\" content=\"https:\/\/www.facebook.com\/varesenews\" \/>\n<meta property=\"article:published_time\" content=\"2021-04-27T10:00:57+00:00\" \/>\n<meta property=\"article:modified_time\" content=\"2022-09-27T09:19:29+00:00\" \/>\n<meta name=\"author\" content=\"Eleonora Martinelli\" \/>\n<meta name=\"twitter:card\" content=\"summary_large_image\" \/>\n<meta name=\"twitter:creator\" content=\"@varesenews\" \/>\n<meta name=\"twitter:site\" content=\"@varesenews\" \/>\n<meta name=\"twitter:label1\" content=\"Scritto da\" \/>\n\t<meta name=\"twitter:data1\" content=\"Eleonora Martinelli\" \/>\n\t<meta name=\"twitter:label2\" content=\"Tempo di lettura stimato\" \/>\n\t<meta name=\"twitter:data2\" content=\"7 minuti\" \/>\n<script type=\"application\/ld+json\" class=\"yoast-schema-graph\">{\"@context\":\"https:\/\/schema.org\",\"@graph\":[{\"@type\":\"WebPage\",\"@id\":\"https:\/\/www.varesenews.it\/2021\/04\/la-lombardia-nord-sud-lungo-la-via-francisca-del-lucomagno\/1332805\/\",\"url\":\"https:\/\/www.varesenews.it\/2021\/04\/la-lombardia-nord-sud-lungo-la-via-francisca-del-lucomagno\/1332805\/\",\"name\":\"La Lombardia da Nord a Sud lungo la Via Francisca del Lucomagno\",\"isPartOf\":{\"@id\":\"https:\/\/staging.varesenews.it\/#website\"},\"datePublished\":\"2021-04-27T10:00:57+00:00\",\"dateModified\":\"2022-09-27T09:19:29+00:00\",\"author\":{\"@id\":\"https:\/\/staging.varesenews.it\/#\/schema\/person\/3e2576be2a507c7c573a96b82aa974f2\"},\"description\":\"A piedi, in bici o special bike tra arte, natura, spiritualit\u00e0 alla scoperta di parchi, siti Unesco, laghi e ciclovie; perfetta come gita del week end o come viaggio di pi\u00f9 giorni \u00e8 la soluzione slow per scoprire il bello che ci circonda\",\"breadcrumb\":{\"@id\":\"https:\/\/www.varesenews.it\/2021\/04\/la-lombardia-nord-sud-lungo-la-via-francisca-del-lucomagno\/1332805\/#breadcrumb\"},\"inLanguage\":\"it-IT\",\"potentialAction\":[{\"@type\":\"ReadAction\",\"target\":[\"https:\/\/www.varesenews.it\/2021\/04\/la-lombardia-nord-sud-lungo-la-via-francisca-del-lucomagno\/1332805\/\"]}]},{\"@type\":\"BreadcrumbList\",\"@id\":\"https:\/\/www.varesenews.it\/2021\/04\/la-lombardia-nord-sud-lungo-la-via-francisca-del-lucomagno\/1332805\/#breadcrumb\",\"itemListElement\":[{\"@type\":\"ListItem\",\"position\":1,\"name\":\"Home\",\"item\":\"https:\/\/www.varesenews.it\/\"},{\"@type\":\"ListItem\",\"position\":2,\"name\":\"La Lombardia da Nord a Sud lungo la Via Francisca del Lucomagno\"}]},{\"@type\":\"WebSite\",\"@id\":\"https:\/\/staging.varesenews.it\/#website\",\"url\":\"https:\/\/staging.varesenews.it\/\",\"name\":\"VareseNews\",\"description\":\"\",\"potentialAction\":[{\"@type\":\"SearchAction\",\"target\":{\"@type\":\"EntryPoint\",\"urlTemplate\":\"https:\/\/staging.varesenews.it\/?s={search_term_string}\"},\"query-input\":\"required name=search_term_string\"}],\"inLanguage\":\"it-IT\"},{\"@type\":\"Person\",\"@id\":\"https:\/\/staging.varesenews.it\/#\/schema\/person\/3e2576be2a507c7c573a96b82aa974f2\",\"name\":\"Eleonora Martinelli\",\"image\":{\"@type\":\"ImageObject\",\"inLanguage\":\"it-IT\",\"@id\":\"https:\/\/staging.varesenews.it\/#\/schema\/person\/image\/\",\"url\":\"https:\/\/staging.varesenews.it\/wp-content\/uploads\/2020\/12\/eleonorta_martinelli_colori_500.jpg\",\"contentUrl\":\"https:\/\/staging.varesenews.it\/wp-content\/uploads\/2020\/12\/eleonorta_martinelli_colori_500.jpg\",\"caption\":\"Eleonora Martinelli\"},\"description\":\"Vendemmia 1988. Evitato il pericolo di diventare avvocato mi tuffo nel mondo del vino e mi reinvento sommelier professionista. Il pallino del raccontare esplorando mi porta pi&ugrave; per vigne e cantine, con gli scarponi ai piedi, che in ristoranti eleganti in divisa da pinguino. Gli scarponi non li ho poi pi&ugrave; tolti, mi ci trovavo cos&igrave; bene!, cos&igrave; oggi sono la responsabile comunicazione di due importanti cammini italiani: la Via Francigena e la Via Francisca del Lucomagno. &Egrave; un onore scrivere anche per VareseNews. Dai terroir (del vino) ai territori il passo &egrave; stato breve, pieno di chilometri sotto le suole e di storie da raccontare. Per valorizzare il locale, nel mondo globale.\",\"url\":\"https:\/\/staging.varesenews.it\/persona\/landroidee\/\"}]}<\/script>\n<!-- \/ Yoast SEO plugin. -->","yoast_head_json":{"title":"La Lombardia da Nord a Sud lungo la Via Francisca del Lucomagno","description":"A piedi, in bici o special bike tra arte, natura, spiritualit\u00e0 alla scoperta di parchi, siti Unesco, laghi e ciclovie; perfetta come gita del week end o come viaggio di pi\u00f9 giorni \u00e8 la soluzione slow per scoprire il bello che ci circonda","robots":{"index":"noindex","follow":"follow","max-snippet":"max-snippet:-1","max-image-preview":"max-image-preview:large","max-video-preview":"max-video-preview:-1"},"og_locale":"it_IT","og_type":"article","og_title":"La Lombardia da Nord a Sud lungo la Via Francisca del Lucomagno","og_description":"A piedi, in bici o special bike tra arte, natura, spiritualit\u00e0 alla scoperta di parchi, siti Unesco, laghi e ciclovie; perfetta come gita del week end o come viaggio di pi\u00f9 giorni \u00e8 la soluzione slow per scoprire il bello che ci circonda","og_url":"https:\/\/www.varesenews.it\/2021\/04\/la-lombardia-nord-sud-lungo-la-via-francisca-del-lucomagno\/1332805\/","og_site_name":"VareseNews","article_publisher":"https:\/\/www.facebook.com\/varesenews","article_published_time":"2021-04-27T10:00:57+00:00","article_modified_time":"2022-09-27T09:19:29+00:00","author":"Eleonora Martinelli","twitter_card":"summary_large_image","twitter_creator":"@varesenews","twitter_site":"@varesenews","twitter_misc":{"Scritto da":"Eleonora Martinelli","Tempo di lettura stimato":"7 minuti"},"schema":{"@context":"https:\/\/schema.org","@graph":[{"@type":"WebPage","@id":"https:\/\/www.varesenews.it\/2021\/04\/la-lombardia-nord-sud-lungo-la-via-francisca-del-lucomagno\/1332805\/","url":"https:\/\/www.varesenews.it\/2021\/04\/la-lombardia-nord-sud-lungo-la-via-francisca-del-lucomagno\/1332805\/","name":"La Lombardia da Nord a Sud lungo la Via Francisca del Lucomagno","isPartOf":{"@id":"https:\/\/staging.varesenews.it\/#website"},"datePublished":"2021-04-27T10:00:57+00:00","dateModified":"2022-09-27T09:19:29+00:00","author":{"@id":"https:\/\/staging.varesenews.it\/#\/schema\/person\/3e2576be2a507c7c573a96b82aa974f2"},"description":"A piedi, in bici o special bike tra arte, natura, spiritualit\u00e0 alla scoperta di parchi, siti Unesco, laghi e ciclovie; perfetta come gita del week end o come viaggio di pi\u00f9 giorni \u00e8 la soluzione slow per scoprire il bello che ci circonda","breadcrumb":{"@id":"https:\/\/www.varesenews.it\/2021\/04\/la-lombardia-nord-sud-lungo-la-via-francisca-del-lucomagno\/1332805\/#breadcrumb"},"inLanguage":"it-IT","potentialAction":[{"@type":"ReadAction","target":["https:\/\/www.varesenews.it\/2021\/04\/la-lombardia-nord-sud-lungo-la-via-francisca-del-lucomagno\/1332805\/"]}]},{"@type":"BreadcrumbList","@id":"https:\/\/www.varesenews.it\/2021\/04\/la-lombardia-nord-sud-lungo-la-via-francisca-del-lucomagno\/1332805\/#breadcrumb","itemListElement":[{"@type":"ListItem","position":1,"name":"Home","item":"https:\/\/www.varesenews.it\/"},{"@type":"ListItem","position":2,"name":"La Lombardia da Nord a Sud lungo la Via Francisca del Lucomagno"}]},{"@type":"WebSite","@id":"https:\/\/staging.varesenews.it\/#website","url":"https:\/\/staging.varesenews.it\/","name":"VareseNews","description":"","potentialAction":[{"@type":"SearchAction","target":{"@type":"EntryPoint","urlTemplate":"https:\/\/staging.varesenews.it\/?s={search_term_string}"},"query-input":"required name=search_term_string"}],"inLanguage":"it-IT"},{"@type":"Person","@id":"https:\/\/staging.varesenews.it\/#\/schema\/person\/3e2576be2a507c7c573a96b82aa974f2","name":"Eleonora Martinelli","image":{"@type":"ImageObject","inLanguage":"it-IT","@id":"https:\/\/staging.varesenews.it\/#\/schema\/person\/image\/","url":"https:\/\/staging.varesenews.it\/wp-content\/uploads\/2020\/12\/eleonorta_martinelli_colori_500.jpg","contentUrl":"https:\/\/staging.varesenews.it\/wp-content\/uploads\/2020\/12\/eleonorta_martinelli_colori_500.jpg","caption":"Eleonora Martinelli"},"description":"Vendemmia 1988. Evitato il pericolo di diventare avvocato mi tuffo nel mondo del vino e mi reinvento sommelier professionista. Il pallino del raccontare esplorando mi porta pi&ugrave; per vigne e cantine, con gli scarponi ai piedi, che in ristoranti eleganti in divisa da pinguino. Gli scarponi non li ho poi pi&ugrave; tolti, mi ci trovavo cos&igrave; bene!, cos&igrave; oggi sono la responsabile comunicazione di due importanti cammini italiani: la Via Francigena e la Via Francisca del Lucomagno. &Egrave; un onore scrivere anche per VareseNews. Dai terroir (del vino) ai territori il passo &egrave; stato breve, pieno di chilometri sotto le suole e di storie da raccontare. Per valorizzare il locale, nel mondo globale.","url":"https:\/\/staging.varesenews.it\/persona\/landroidee\/"}]}},"post_meta":{"_edit_lock":"1664271197:5261","_edit_last":"5261","_category_permalink":"a:1:{s:8:\"category\";s:2:\"46\";}","argomento":"Via Francisca Del Lucomagno","_yoast_wpseo_content_score":"30","_jd_tweet_this":"yes","foto":"1218362","_encloseme":"1","ratings_users":"0","ratings_score":"0","ratings_average":"0","_wpt_short_url":"https:\/\/www.varesenews.it\/2021\/04\/la-lombardia-nord-sud-lungo-la-via-francisca-del-lucomagno\/1332805\/","_wp_jd_target":"https:\/\/www.varesenews.it\/2021\/04\/la-lombardia-nord-sud-lungo-la-via-francisca-del-lucomagno\/1332805\/","_jd_wp_twitter":"a:1:{i:0;s:199:\"La Lombardia da Nord a Sud lungo la Via Francisca del Lucomagno https:\/\/www.varesenews.it\/2021\/04\/la-lombardia-nord-sud-lungo-la-via-francisca-del-lucomagno\/1332805\/ #parchi #slowtourism #stilidivita\";}","_wpt_status_message":"Tweet inviato con successo.","_oembed_2b2e77620e374e8b7eea75a35431702b":"<iframe width=\"500\" height=\"281\" src=\"https:\/\/www.youtube.com\/embed\/ZFRzqsi0bM8?feature=oembed\" frameborder=\"0\" allow=\"accelerometer; autoplay; clipboard-write; encrypted-media; gyroscope; picture-in-picture\" allowfullscreen><\/iframe>","_oembed_time_2b2e77620e374e8b7eea75a35431702b":"1619517712","_oembed_72f69e2bd477e9612d3bdb8b125eb7fd":"<blockquote class=\"wp-embedded-content\" data-secret=\"mZQB0RrNVX\"><a href=\"https:\/\/www.varesenews.it\/2021\/04\/scontro-via-cavallotti-gallarate-le-auto-finiscono-sul-marciapiedi\/1332273\/\">Scontro in via Cavallotti a Gallarate, le auto finiscono sul marciapiedi<\/a><\/blockquote><iframe class=\"wp-embedded-content\" sandbox=\"allow-scripts\" security=\"restricted\" style=\"position: absolute; clip: rect(1px, 1px, 1px, 1px);\" src=\"https:\/\/www.varesenews.it\/2021\/04\/scontro-via-cavallotti-gallarate-le-auto-finiscono-sul-marciapiedi\/1332273\/embed\/#?secret=mZQB0RrNVX\" data-secret=\"mZQB0RrNVX\" width=\"500\" height=\"282\" title=\"&#8220;Scontro in via Cavallotti a Gallarate, le auto finiscono sul marciapiedi&#8221; &#8212; VareseNews\" frameborder=\"0\" marginwidth=\"0\" marginheight=\"0\" scrolling=\"no\"><\/iframe>","_oembed_time_72f69e2bd477e9612d3bdb8b125eb7fd":"1619517712","_oembed_3420483350d365fe0c01351fd25a0094":"<blockquote class=\"wp-embedded-content\" data-secret=\"ztwyKqUn3q\"><a href=\"https:\/\/www.varesenews.it\/2020\/11\/la-quarantena-delle-famiglie-attesa-un-vademecum-ufficiale\/1271127\/\">La quarantena delle famiglie: come fare, in attesa di un vademecum ufficiale<\/a><\/blockquote><iframe class=\"wp-embedded-content\" sandbox=\"allow-scripts\" security=\"restricted\" style=\"position: absolute; clip: rect(1px, 1px, 1px, 1px);\" src=\"https:\/\/www.varesenews.it\/2020\/11\/la-quarantena-delle-famiglie-attesa-un-vademecum-ufficiale\/1271127\/embed\/#?secret=ztwyKqUn3q\" data-secret=\"ztwyKqUn3q\" width=\"500\" height=\"282\" title=\"&#8220;La quarantena delle famiglie: come fare, in attesa di un vademecum ufficiale&#8221; &#8212; VareseNews\" frameborder=\"0\" marginwidth=\"0\" marginheight=\"0\" scrolling=\"no\"><\/iframe>","_oembed_time_3420483350d365fe0c01351fd25a0094":"1619517712","_oembed_dc7f0110e5b908c17e0129df1875523b":"<blockquote class=\"wp-embedded-content\" data-secret=\"LAvqEEDEIS\"><a href=\"https:\/\/www.varesenews.it\/2019\/09\/quaranta-giorni-liberta-dellossola\/851688\/\">I quaranta giorni di libert\u00e0 dell&#8217;Ossola<\/a><\/blockquote><iframe class=\"wp-embedded-content\" sandbox=\"allow-scripts\" security=\"restricted\" style=\"position: absolute; clip: rect(1px, 1px, 1px, 1px);\" src=\"https:\/\/www.varesenews.it\/2019\/09\/quaranta-giorni-liberta-dellossola\/851688\/embed\/#?secret=LAvqEEDEIS\" data-secret=\"LAvqEEDEIS\" width=\"500\" height=\"282\" title=\"&#8220;I quaranta giorni di libert\u00e0 dell&#8217;Ossola&#8221; &#8212; VareseNews\" frameborder=\"0\" marginwidth=\"0\" marginheight=\"0\" scrolling=\"no\"><\/iframe>","_oembed_time_dc7f0110e5b908c17e0129df1875523b":"1619517712","_oembed_3a5d36f512aab3fca563bc5cdbfa54f5":"<blockquote class=\"wp-embedded-content\" data-secret=\"O0ecAPHqc3\"><a href=\"https:\/\/www.varesenews.it\/2019\/08\/assalto-silenzioso-nella-notte-laudace-azione-cavaria\/842310\/\">Assalto silenzioso nella notte: l\u2019audace azione di Cavaria, 75 anni fa<\/a><\/blockquote><iframe class=\"wp-embedded-content\" sandbox=\"allow-scripts\" security=\"restricted\" style=\"position: absolute; clip: rect(1px, 1px, 1px, 1px);\" src=\"https:\/\/www.varesenews.it\/2019\/08\/assalto-silenzioso-nella-notte-laudace-azione-cavaria\/842310\/embed\/#?secret=O0ecAPHqc3\" data-secret=\"O0ecAPHqc3\" width=\"500\" height=\"282\" title=\"&#8220;Assalto silenzioso nella notte: l\u2019audace azione di Cavaria, 75 anni fa&#8221; &#8212; VareseNews\" frameborder=\"0\" marginwidth=\"0\" marginheight=\"0\" scrolling=\"no\"><\/iframe>","_oembed_time_3a5d36f512aab3fca563bc5cdbfa54f5":"1619517712","_oembed_42c70594330aefb4a1c458980ccae919":"<blockquote class=\"wp-embedded-content\" data-secret=\"SeZ1tRxWnh\"><a href=\"https:\/\/www.varesenews.it\/2021\/04\/dobbiamo-farci-forti-della-democrazia-anpi-gallarate-ricorda-la-resistenza-partigiana\/1331922\/\">&#8220;Dobbiamo farci forti della democrazia&#8221;: Anpi Gallarate ricorda la resistenza partigiana<\/a><\/blockquote><iframe class=\"wp-embedded-content\" sandbox=\"allow-scripts\" security=\"restricted\" style=\"position: absolute; clip: rect(1px, 1px, 1px, 1px);\" src=\"https:\/\/www.varesenews.it\/2021\/04\/dobbiamo-farci-forti-della-democrazia-anpi-gallarate-ricorda-la-resistenza-partigiana\/1331922\/embed\/#?secret=SeZ1tRxWnh\" data-secret=\"SeZ1tRxWnh\" width=\"500\" height=\"282\" title=\"&#8220;&#8220;Dobbiamo farci forti della democrazia&#8221;: Anpi Gallarate ricorda la resistenza partigiana&#8221; &#8212; VareseNews\" frameborder=\"0\" marginwidth=\"0\" marginheight=\"0\" scrolling=\"no\"><\/iframe>","_oembed_time_42c70594330aefb4a1c458980ccae919":"1619517712","_oembed_f193bb280e06932210db5d2a674464fe":"<blockquote class=\"wp-embedded-content\" data-secret=\"CqZqvRzYEj\"><a href=\"https:\/\/www.varesenews.it\/2015\/12\/monumento-alla-resistenza-lopera-di-pomodoro-fu-scelta-tra-69-progetti\/470323\/\">Pomodoro e la Resistenza: il monumento che stup\u00ec Gallarate<\/a><\/blockquote><iframe class=\"wp-embedded-content\" sandbox=\"allow-scripts\" security=\"restricted\" style=\"position: absolute; clip: rect(1px, 1px, 1px, 1px);\" src=\"https:\/\/www.varesenews.it\/2015\/12\/monumento-alla-resistenza-lopera-di-pomodoro-fu-scelta-tra-69-progetti\/470323\/embed\/#?secret=CqZqvRzYEj\" data-secret=\"CqZqvRzYEj\" width=\"500\" height=\"282\" title=\"&#8220;Pomodoro e la Resistenza: il monumento che stup\u00ec Gallarate&#8221; &#8212; VareseNews\" frameborder=\"0\" marginwidth=\"0\" marginheight=\"0\" scrolling=\"no\"><\/iframe>","_oembed_time_f193bb280e06932210db5d2a674464fe":"1619517712","_oembed_f13cb8daaeecc16627cab0c0b8012bfa":"<blockquote class=\"wp-embedded-content\" data-secret=\"oeDsE2eV3l\"><a href=\"https:\/\/www.varesenews.it\/2021\/04\/giorni-delle-barricate-gallarate-25-aprile-raccontato-ai-ragazzi\/1331385\/\">I giorni delle barricate a Gallarate: il 25 aprile raccontato ai ragazzi<\/a><\/blockquote><iframe class=\"wp-embedded-content\" sandbox=\"allow-scripts\" security=\"restricted\" style=\"position: absolute; clip: rect(1px, 1px, 1px, 1px);\" src=\"https:\/\/www.varesenews.it\/2021\/04\/giorni-delle-barricate-gallarate-25-aprile-raccontato-ai-ragazzi\/1331385\/embed\/#?secret=oeDsE2eV3l\" data-secret=\"oeDsE2eV3l\" width=\"500\" height=\"282\" title=\"&#8220;I giorni delle barricate a Gallarate: il 25 aprile raccontato ai ragazzi&#8221; &#8212; VareseNews\" frameborder=\"0\" marginwidth=\"0\" marginheight=\"0\" scrolling=\"no\"><\/iframe>","_oembed_time_f13cb8daaeecc16627cab0c0b8012bfa":"1619517713","_oembed_d75ce07b1cbfb7110e8895e6c0e27a57":"<blockquote class=\"wp-embedded-content\" data-secret=\"ltbTg1nD2I\"><a href=\"https:\/\/www.verbanonews.it\/aree-geografiche\/lombardia\/2021\/04\/26\/568-nuovi-positivi-in-piemonte\/930008\/\">568 nuovi positivi in Piemonte<\/a><\/blockquote><iframe class=\"wp-embedded-content\" sandbox=\"allow-scripts\" security=\"restricted\" style=\"position: absolute; clip: rect(1px, 1px, 1px, 1px);\" src=\"https:\/\/www.verbanonews.it\/aree-geografiche\/lombardia\/2021\/04\/26\/568-nuovi-positivi-in-piemonte\/930008\/embed\/#?secret=ltbTg1nD2I\" data-secret=\"ltbTg1nD2I\" width=\"500\" height=\"282\" title=\"&#8220;568 nuovi positivi in Piemonte&#8221; &#8212; VerbanoNews\" frameborder=\"0\" marginwidth=\"0\" marginheight=\"0\" scrolling=\"no\"><\/iframe>","_oembed_time_d75ce07b1cbfb7110e8895e6c0e27a57":"1619517718","_oembed_5923173b16779a9f0ccbf3a2a480bc50":"<blockquote class=\"wp-embedded-content\" data-secret=\"v4YVgoJ17H\"><a href=\"https:\/\/www.varesenews.it\/2021\/03\/classifica-institute-for-entrepreneurship-and-competitiveness-liuc\/1323334\/\">Territori e sviluppo, ecco le province pi\u00f9 dinamiche dove fiorisce l&#8217;imprenditorialit\u00e0<\/a><\/blockquote><iframe class=\"wp-embedded-content\" sandbox=\"allow-scripts\" security=\"restricted\" style=\"position: absolute; clip: rect(1px, 1px, 1px, 1px);\" src=\"https:\/\/www.varesenews.it\/2021\/03\/classifica-institute-for-entrepreneurship-and-competitiveness-liuc\/1323334\/embed\/#?secret=v4YVgoJ17H\" data-secret=\"v4YVgoJ17H\" width=\"500\" height=\"282\" title=\"&#8220;Territori e sviluppo, ecco le province pi\u00f9 dinamiche dove fiorisce l&#8217;imprenditorialit\u00e0&#8221; &#8212; VareseNews\" frameborder=\"0\" marginwidth=\"0\" marginheight=\"0\" scrolling=\"no\"><\/iframe>","_oembed_time_5923173b16779a9f0ccbf3a2a480bc50":"1619517718","_oembed_089936bbeb1e5b373d241b3c21c99a69":"<blockquote class=\"wp-embedded-content\" data-secret=\"rIh16Ly4Av\"><a href=\"https:\/\/www.verbanonews.it\/canali-tematici\/turismo\/2021\/04\/23\/ritorno-in-zona-gialla-riaprono-la-rocca-di-angera-e-il-parco-pallavicino-di-stresa\/929932\/\">Ritorno in zona gialla, riaprono la Rocca di Angera e il Parco Pallavicino di Stresa<\/a><\/blockquote><iframe class=\"wp-embedded-content\" sandbox=\"allow-scripts\" security=\"restricted\" style=\"position: absolute; clip: rect(1px, 1px, 1px, 1px);\" src=\"https:\/\/www.verbanonews.it\/canali-tematici\/turismo\/2021\/04\/23\/ritorno-in-zona-gialla-riaprono-la-rocca-di-angera-e-il-parco-pallavicino-di-stresa\/929932\/embed\/#?secret=rIh16Ly4Av\" data-secret=\"rIh16Ly4Av\" width=\"500\" height=\"282\" title=\"&#8220;Ritorno in zona gialla, riaprono la Rocca di Angera e il Parco Pallavicino di Stresa&#8221; &#8212; VerbanoNews\" frameborder=\"0\" marginwidth=\"0\" marginheight=\"0\" scrolling=\"no\"><\/iframe>","_oembed_time_089936bbeb1e5b373d241b3c21c99a69":"1619517719","_oembed_6050892136e54c534d7607f1e6795a18":"<blockquote class=\"wp-embedded-content\" data-secret=\"HE8yiGTQh0\"><a href=\"https:\/\/museonazionaleresistenza.it\/\">Museo Nazionale Resistenza<\/a><\/blockquote><iframe class=\"wp-embedded-content\" sandbox=\"allow-scripts\" security=\"restricted\" style=\"position: absolute; clip: rect(1px, 1px, 1px, 1px);\" src=\"https:\/\/museonazionaleresistenza.it\/embed\/#?secret=HE8yiGTQh0\" data-secret=\"HE8yiGTQh0\" width=\"500\" height=\"282\" title=\"&#8220;Museo Nazionale Resistenza&#8221; &#8212; Museo Nazionale della Resistenza\" frameborder=\"0\" marginwidth=\"0\" marginheight=\"0\" scrolling=\"no\"><\/iframe>","_oembed_time_6050892136e54c534d7607f1e6795a18":"1619517723","_oembed_d2262154808e573209574f84b584ccc6":"<blockquote class=\"wp-embedded-content\" data-secret=\"uNNzM5FuOL\"><a href=\"https:\/\/www.varesenews.it\/2021\/01\/guida-pratica-alla-filantropia-perche-la-bonta-non-basta\/1296131\/\">Guida pratica alla filantropia, perch\u00e9 la bont\u00e0 non basta<\/a><\/blockquote><iframe class=\"wp-embedded-content\" sandbox=\"allow-scripts\" security=\"restricted\" style=\"position: absolute; clip: rect(1px, 1px, 1px, 1px);\" src=\"https:\/\/www.varesenews.it\/2021\/01\/guida-pratica-alla-filantropia-perche-la-bonta-non-basta\/1296131\/embed\/#?secret=uNNzM5FuOL\" data-secret=\"uNNzM5FuOL\" width=\"500\" height=\"282\" title=\"&#8220;Guida pratica alla filantropia, perch\u00e9 la bont\u00e0 non basta&#8221; &#8212; VareseNews\" frameborder=\"0\" marginwidth=\"0\" marginheight=\"0\" scrolling=\"no\"><\/iframe>","_oembed_time_d2262154808e573209574f84b584ccc6":"1619517732","_oembed_4e8c6dda913a0ab3e059fee716adfa52":"<blockquote class=\"wp-embedded-content\" data-secret=\"TwYbK9lowb\"><a href=\"https:\/\/www.varesenews.it\/2021\/04\/troupe-porta-porta-lavena-ponte-tresa-parlare-frontalieri-negozi-crisi\/1330649\/\">Una troupe di &#8220;Porta a porta&#8221; a Lavena Ponte Tresa per parlare di frontalieri e negozi in crisi<\/a><\/blockquote><iframe class=\"wp-embedded-content\" sandbox=\"allow-scripts\" security=\"restricted\" style=\"position: absolute; clip: rect(1px, 1px, 1px, 1px);\" src=\"https:\/\/www.varesenews.it\/2021\/04\/troupe-porta-porta-lavena-ponte-tresa-parlare-frontalieri-negozi-crisi\/1330649\/embed\/#?secret=TwYbK9lowb\" data-secret=\"TwYbK9lowb\" width=\"500\" height=\"282\" title=\"&#8220;Una troupe di &#8220;Porta a porta&#8221; a Lavena Ponte Tresa per parlare di frontalieri e negozi in crisi&#8221; &#8212; VareseNews\" frameborder=\"0\" marginwidth=\"0\" marginheight=\"0\" scrolling=\"no\"><\/iframe>","_oembed_time_4e8c6dda913a0ab3e059fee716adfa52":"1619517733","_oembed_609f33aff594c5c331b9f78d8b93359f":"<blockquote class=\"wp-embedded-content\" data-secret=\"zA46KuTFdA\"><a href=\"https:\/\/www.varesenews.it\/2021\/04\/bauli-in-piazza-le-maestranze-del-mondo-dello-spettacolo-rischiano-di-sparire\/1330590\/\">Bauli in piazza: &#8220;Le maestranze del mondo dello spettacolo rischiano di sparire&#8221;<\/a><\/blockquote><iframe class=\"wp-embedded-content\" sandbox=\"allow-scripts\" security=\"restricted\" style=\"position: absolute; clip: rect(1px, 1px, 1px, 1px);\" src=\"https:\/\/www.varesenews.it\/2021\/04\/bauli-in-piazza-le-maestranze-del-mondo-dello-spettacolo-rischiano-di-sparire\/1330590\/embed\/#?secret=zA46KuTFdA\" data-secret=\"zA46KuTFdA\" width=\"500\" height=\"282\" title=\"&#8220;Bauli in piazza: &#8220;Le maestranze del mondo dello spettacolo rischiano di sparire&#8221;&#8221; &#8212; VareseNews\" frameborder=\"0\" marginwidth=\"0\" marginheight=\"0\" scrolling=\"no\"><\/iframe>","_oembed_time_609f33aff594c5c331b9f78d8b93359f":"1619517733","_oembed_589a001edceaf8ba4c45f0571c5de2d1":"<blockquote class=\"wp-embedded-content\" data-secret=\"DE8LqiW8gk\"><a href=\"https:\/\/www.varesenews.it\/2021\/04\/politeama-rinasce-puo-far-grande-varese\/1328484\/\">Il PoliteAma rinasce e pu\u00f2 far grande Varese<\/a><\/blockquote><iframe class=\"wp-embedded-content\" sandbox=\"allow-scripts\" security=\"restricted\" style=\"position: absolute; clip: rect(1px, 1px, 1px, 1px);\" src=\"https:\/\/www.varesenews.it\/2021\/04\/politeama-rinasce-puo-far-grande-varese\/1328484\/embed\/#?secret=DE8LqiW8gk\" data-secret=\"DE8LqiW8gk\" width=\"500\" height=\"282\" title=\"&#8220;Il PoliteAma rinasce e pu\u00f2 far grande Varese&#8221; &#8212; VareseNews\" frameborder=\"0\" marginwidth=\"0\" marginheight=\"0\" scrolling=\"no\"><\/iframe>","_oembed_time_589a001edceaf8ba4c45f0571c5de2d1":"1619517883","_oembed_9179a8cc518c6e1bfd7ae21a247a2fc2":"<blockquote class=\"wp-embedded-content\" data-secret=\"YNNGkkY1GD\"><a href=\"https:\/\/www.varesenews.it\/2021\/04\/morto-carlo-alessandro-pisoni-fondatore-del-magazzeno-storico-verbanese\/1332668\/\">\u00c8 morto Carlo Alessandro Pisoni, fondatore del Magazzeno storico verbanese<\/a><\/blockquote><iframe class=\"wp-embedded-content\" sandbox=\"allow-scripts\" security=\"restricted\" style=\"position: absolute; clip: rect(1px, 1px, 1px, 1px);\" src=\"https:\/\/www.varesenews.it\/2021\/04\/morto-carlo-alessandro-pisoni-fondatore-del-magazzeno-storico-verbanese\/1332668\/embed\/#?secret=YNNGkkY1GD\" data-secret=\"YNNGkkY1GD\" width=\"500\" height=\"282\" title=\"&#8220;\u00c8 morto Carlo Alessandro Pisoni, fondatore del Magazzeno storico verbanese&#8221; &#8212; VareseNews\" frameborder=\"0\" marginwidth=\"0\" marginheight=\"0\" scrolling=\"no\"><\/iframe>","_oembed_time_9179a8cc518c6e1bfd7ae21a247a2fc2":"1619517883","_oembed_22774139c3b33edbb0067691e6eb1468":"<blockquote class=\"wp-embedded-content\" data-secret=\"6sGgIKGRQD\"><a href=\"https:\/\/www.varesenews.it\/2020\/01\/neanche-discarica-decolla-la-seconda-vita-dellexpo-hub\/874766\/\">Neanche in discarica decolla la seconda vita dell\u2019Expo Hub<\/a><\/blockquote><iframe class=\"wp-embedded-content\" sandbox=\"allow-scripts\" security=\"restricted\" style=\"position: absolute; clip: rect(1px, 1px, 1px, 1px);\" src=\"https:\/\/www.varesenews.it\/2020\/01\/neanche-discarica-decolla-la-seconda-vita-dellexpo-hub\/874766\/embed\/#?secret=6sGgIKGRQD\" data-secret=\"6sGgIKGRQD\" width=\"500\" height=\"282\" title=\"&#8220;Neanche in discarica decolla la seconda vita dell\u2019Expo Hub&#8221; &#8212; VareseNews\" frameborder=\"0\" marginwidth=\"0\" marginheight=\"0\" scrolling=\"no\"><\/iframe>","_oembed_time_22774139c3b33edbb0067691e6eb1468":"1619518227","_oembed_227072c3bfe1f7815fea7e7d864272d6":"<blockquote class=\"wp-embedded-content\" data-secret=\"AHHnOQXCR0\"><a href=\"https:\/\/www.varesenews.it\/2021\/02\/la-latitanza-mirko-rosa-dura-poco-le-manette-scattano-mendrisio\/1304914\/\">La latitanza di Mirko Rosa dura poco, le manette scattano a Mendrisio<\/a><\/blockquote><iframe class=\"wp-embedded-content\" sandbox=\"allow-scripts\" security=\"restricted\" style=\"position: absolute; clip: rect(1px, 1px, 1px, 1px);\" src=\"https:\/\/www.varesenews.it\/2021\/02\/la-latitanza-mirko-rosa-dura-poco-le-manette-scattano-mendrisio\/1304914\/embed\/#?secret=AHHnOQXCR0\" data-secret=\"AHHnOQXCR0\" width=\"500\" height=\"282\" title=\"&#8220;La latitanza di Mirko Rosa dura poco, le manette scattano a Mendrisio&#8221; &#8212; VareseNews\" frameborder=\"0\" marginwidth=\"0\" marginheight=\"0\" scrolling=\"no\"><\/iframe>","_oembed_time_227072c3bfe1f7815fea7e7d864272d6":"1619518227","_oembed_d83b29c00a0224612cea6546fb044c20":"<blockquote class=\"wp-embedded-content\" data-secret=\"EqTFWhgYjN\"><a href=\"https:\/\/www.varesenews.it\/2019\/08\/la-via-francisca-del-lucomagno-svizzera\/846713\/\">La Via Francisca del Lucomagno in Svizzera<\/a><\/blockquote><iframe class=\"wp-embedded-content\" sandbox=\"allow-scripts\" security=\"restricted\" style=\"position: absolute; clip: rect(1px, 1px, 1px, 1px);\" src=\"https:\/\/www.varesenews.it\/2019\/08\/la-via-francisca-del-lucomagno-svizzera\/846713\/embed\/#?secret=EqTFWhgYjN\" data-secret=\"EqTFWhgYjN\" width=\"600\" height=\"338\" title=\"&#8220;La Via Francisca del Lucomagno in Svizzera&#8221; &#8212; VareseNews\" frameborder=\"0\" marginwidth=\"0\" marginheight=\"0\" scrolling=\"no\"><\/iframe>","_oembed_time_d83b29c00a0224612cea6546fb044c20":"1664269588","content-image-gallery":"","_oembed_e2ab322e436d3320f9502364724bcbea":"<blockquote class=\"wp-embedded-content\" data-secret=\"lVKYcj0IeW\"><a href=\"https:\/\/www.varesenews.it\/2020\/10\/la-via-francisca-generato-tre-mesi-piu-250mila-euro\/968483\/\">La via Francisca ha generato in tre mesi pi\u00f9 di 250mila euro<\/a><\/blockquote><iframe class=\"wp-embedded-content\" sandbox=\"allow-scripts\" security=\"restricted\" style=\"position: absolute; clip: rect(1px, 1px, 1px, 1px);\" src=\"https:\/\/www.varesenews.it\/2020\/10\/la-via-francisca-generato-tre-mesi-piu-250mila-euro\/968483\/embed\/#?secret=lVKYcj0IeW\" data-secret=\"lVKYcj0IeW\" width=\"600\" height=\"338\" title=\"&#8220;La via Francisca ha generato in tre mesi pi\u00f9 di 250mila euro&#8221; &#8212; VareseNews\" frameborder=\"0\" marginwidth=\"0\" marginheight=\"0\" scrolling=\"no\"><\/iframe>","_oembed_time_e2ab322e436d3320f9502364724bcbea":"1664270300","_yoast_wpseo_focuskw_text_input":"via francisca del lucomagnop","_yoast_wpseo_focuskw":"via francisca del lucomagnop","_yoast_wpseo_linkdex":"67","_oembed_cdb7203a4f78318e5f98526d744f7934":"<blockquote class=\"wp-embedded-content\" data-secret=\"kkQnxxRvyC\"><a href=\"https:\/\/www.varesenews.it\/2019\/08\/la-via-francisca-del-lucomagno-svizzera\/846713\/\">La Via Francisca del Lucomagno in Svizzera<\/a><\/blockquote><iframe class=\"wp-embedded-content\" sandbox=\"allow-scripts\" security=\"restricted\" style=\"position: absolute; clip: rect(1px, 1px, 1px, 1px);\" src=\"https:\/\/www.varesenews.it\/2019\/08\/la-via-francisca-del-lucomagno-svizzera\/846713\/embed\/#?secret=kkQnxxRvyC\" data-secret=\"kkQnxxRvyC\" width=\"500\" height=\"282\" title=\"&#8220;La Via Francisca del Lucomagno in Svizzera&#8221; &#8212; VareseNews\" frameborder=\"0\" marginwidth=\"0\" marginheight=\"0\" scrolling=\"no\"><\/iframe>","_oembed_time_cdb7203a4f78318e5f98526d744f7934":"1664270315","_oembed_e7f013eef0d2ad721ea9c5be87d74b73":"<blockquote class=\"wp-embedded-content\" data-secret=\"G7kXA0dPZa\"><a href=\"https:\/\/www.varesenews.it\/2020\/10\/la-via-francisca-generato-tre-mesi-piu-250mila-euro\/968483\/\">La via Francisca ha generato in tre mesi pi\u00f9 di 250mila euro<\/a><\/blockquote><iframe class=\"wp-embedded-content\" sandbox=\"allow-scripts\" security=\"restricted\" style=\"position: absolute; clip: rect(1px, 1px, 1px, 1px);\" src=\"https:\/\/www.varesenews.it\/2020\/10\/la-via-francisca-generato-tre-mesi-piu-250mila-euro\/968483\/embed\/#?secret=G7kXA0dPZa\" data-secret=\"G7kXA0dPZa\" width=\"500\" height=\"282\" title=\"&#8220;La via Francisca ha generato in tre mesi pi\u00f9 di 250mila euro&#8221; &#8212; VareseNews\" frameborder=\"0\" marginwidth=\"0\" marginheight=\"0\" scrolling=\"no\"><\/iframe>","_oembed_time_e7f013eef0d2ad721ea9c5be87d74b73":"1664270315","_oembed_18d08478a524f8360451b5e02364b15a":"<blockquote class=\"wp-embedded-content\" data-secret=\"LE3sS0v3q3\"><a href=\"https:\/\/www.varesenews.it\/2019\/08\/la-via-francisca-del-lucomagno-svizzera\/846713\/\">La Via Francisca del Lucomagno in Svizzera<\/a><\/blockquote><iframe class=\"wp-embedded-content\" sandbox=\"allow-scripts\" security=\"restricted\" style=\"position: absolute; clip: rect(1px, 1px, 1px, 1px);\" src=\"https:\/\/www.varesenews.it\/2019\/08\/la-via-francisca-del-lucomagno-svizzera\/846713\/embed\/#?secret=LE3sS0v3q3\" data-secret=\"LE3sS0v3q3\" width=\"600\" height=\"338\" title=\"&#8220;La Via Francisca del Lucomagno in Svizzera&#8221; &#8212; VareseNews\" frameborder=\"0\" marginwidth=\"0\" marginheight=\"0\" scrolling=\"no\"><\/iframe>","_oembed_time_18d08478a524f8360451b5e02364b15a":"1664270322","_oembed_1c29c7fb206382a22dc4607434d7a6b9":"<blockquote class=\"wp-embedded-content\" data-secret=\"Sj4LDIuZyd\"><a href=\"https:\/\/www.varesenews.it\/2020\/10\/la-via-francisca-generato-tre-mesi-piu-250mila-euro\/968483\/\">La via Francisca ha generato in tre mesi pi\u00f9 di 250mila euro<\/a><\/blockquote><iframe class=\"wp-embedded-content\" sandbox=\"allow-scripts\" security=\"restricted\" style=\"position: absolute; clip: rect(1px, 1px, 1px, 1px);\" src=\"https:\/\/www.varesenews.it\/2020\/10\/la-via-francisca-generato-tre-mesi-piu-250mila-euro\/968483\/embed\/#?secret=Sj4LDIuZyd\" data-secret=\"Sj4LDIuZyd\" width=\"600\" height=\"338\" title=\"&#8220;La via Francisca ha generato in tre mesi pi\u00f9 di 250mila euro&#8221; &#8212; VareseNews\" frameborder=\"0\" marginwidth=\"0\" marginheight=\"0\" scrolling=\"no\"><\/iframe>","_oembed_time_1c29c7fb206382a22dc4607434d7a6b9":"1664270322"},"photos":[{"original":"https:\/\/staging.varesenews.it\/photogallery_new\/images\/2021\/04\/francisca-generico-1218362.jpg","full":"https:\/\/staging.varesenews.it\/photogallery_new\/images\/2021\/04\/francisca-generico-1218362.1024x768.jpg","large":"https:\/\/staging.varesenews.it\/photogallery_new\/images\/2021\/04\/francisca-generico-1218362.610x431.jpg"}],"_links":{"self":[{"href":"https:\/\/staging.varesenews.it\/swgapi\/v1\/wp\/v2\/posts\/1332805"}],"collection":[{"href":"https:\/\/staging.varesenews.it\/swgapi\/v1\/wp\/v2\/posts"}],"about":[{"href":"https:\/\/staging.varesenews.it\/swgapi\/v1\/wp\/v2\/types\/post"}],"author":[{"embeddable":true,"href":"https:\/\/staging.varesenews.it\/swgapi\/v1\/wp\/v2\/users\/5261"}],"replies":[{"embeddable":true,"href":"https:\/\/staging.varesenews.it\/swgapi\/v1\/wp\/v2\/comments?post=1332805"}],"version-history":[{"count":0,"href":"https:\/\/staging.varesenews.it\/swgapi\/v1\/wp\/v2\/posts\/1332805\/revisions"}],"wp:attachment":[{"href":"https:\/\/staging.varesenews.it\/swgapi\/v1\/wp\/v2\/media?parent=1332805"}],"wp:term":[{"taxonomy":"category","embeddable":true,"href":"https:\/\/staging.varesenews.it\/swgapi\/v1\/wp\/v2\/categories?post=1332805"},{"taxonomy":"post_tag","embeddable":true,"href":"https:\/\/staging.varesenews.it\/swgapi\/v1\/wp\/v2\/tags?post=1332805"}],"curies":[{"name":"wp","href":"https:\/\/api.w.org\/{rel}","templated":true}]}}