{"id":1333544,"date":"2021-04-28T22:12:55","date_gmt":"2021-04-28T20:12:55","guid":{"rendered":"https:\/\/www.varesenews.it\/?p=1333544"},"modified":"2021-04-28T22:12:55","modified_gmt":"2021-04-28T20:12:55","slug":"salone-del-mobile-milano-2021-ci-sara","status":"publish","type":"post","link":"https:\/\/staging.varesenews.it\/2021\/04\/salone-del-mobile-milano-2021-ci-sara\/1333544\/","title":{"rendered":"Il Salone del Mobile di Milano 2021 ci sar\u00e0"},"content":{"rendered":"<p>Un\u2019edizione innovativa, iconica, unica. <strong>La cinquantanovesima edizione del Salone del Mobile.Milano si svolger\u00e0 dal 5 al 10 settembre 2021<\/strong>. Sar\u00e0 con una veste inedita, attenta a valorizzare le novit\u00e0, le tecnologie e i progetti delle aziende. A riprendere \u201cil filo\u201d di un discorso interrotto in presenza, ma non per relazione, contatto con mercato, professionisti, clienti o semplici appassionati.<\/p>\n<p>Al termine di un costruttivo dibattito interno, di un intenso lavoro progettuale a cui ci siamo dedicati in queste settimane conclusosi con la totale condivisione e un voto unanime \u2013 in cui sono stati analizzati i punti di forza della Manifestazione, i valori storici e simbolici, quelli attuali e prospettici, la coerenza con il programma di rilancio dell\u2019economia del Paese sotto la guida del nuovo Esecutivo, la rilevante condivisione della collettivit\u00e0, le aspettative sia di un pubblico professionale sia di quello generalista in Italia e nel mondo \u2013 i vertici del Salone del Mobile.Milano hanno definito i passaggi che nei prossimi giorni determineranno il percorso che porter\u00e0 all\u2019organizzazione dell\u2019edizione di settembre.<\/p>\n<p>Il progetto dell\u2019evento 2021 \u2013 che \u00e8 stato primariamente annunciato alla Presidenza del Consiglio dei Ministri e successivamente a tutte le istituzioni nazionali coinvolte e a quelle del territorio, nonch\u00e9 condiviso con il partner storico Fiera Milano \u2013 sar\u00e0 affidato e coordinato da un curatore di fama internazionale e punter\u00e0 a rafforzare legame, relazioni e azioni concrete con il tessuto economico e sociale che riconosce centralit\u00e0 e rilevanza al Salone del Mobile.Milano.<\/p>\n<p>Il Salone, aperto a tutte le aziende espositrici internazionali e italiane, si terr\u00e0 a FieraMilano Rho e vedr\u00e0 mostre e percorsi tematici integrati con prodotti e le novit\u00e0 degli ultimi 18 mesi: questi dialogheranno con la nuova, inedita piattaforma digitale che sar\u00e0 presentata a breve. Con attenzione e rispetto delle direttive e delle ordinanze di prevenzione e sicurezza previste per lo svolgimento di eventi fieristici.<\/p>\n<p>Riteniamo che l\u2019appuntamento del 5 settembre prossimo, sviluppi un potenziale di adesioni rilevante e una rappresentativit\u00e0 globale di prodotti, eccellenze e innovazioni del settore. Intorno alla cinquantanovesima edizione del Salone del Mobile.Milano \u2013 grazie al fattuale contributo di un territorio storicamente produttivo, fortemente dinamico e proattivo \u2013 si potranno sviluppare quelle iniziative e quegli eventi che in termini di clima e ambiente ne fanno un \u201cunicum mondiale\u201d.<\/p>\n<p>\u201cSono fiducioso che grazie al supporto ricevuto dalle istituzioni, in primis dal Presidente della Repubblica, Sergio Mattarella e dalla Presidenza del Consiglio, cos\u00ec come dagli altri Ministeri coinvolti e partecipi\u201d\u2013 sottolinea Gianfranco Marinelli, Presidente di FLA Eventi SpA \u2013 \u201ce alla volont\u00e0 delle aziende di dare un contributo alla riuscita della manifestazione, saremo in grado di dare vita a un Salone innovativo e attrattivo sul piano internazionale e di qualit\u00e0. Siamo consapevoli che il successo di una manifestazione come il Salone del Mobile.Milano sar\u00e0 confermato dal fatto che i cittadini comprenderanno e apprezzeranno, ancora una volta, l\u2019apporto che \u00e8 in grado di dare al Paese in termini di crescita, immagine e credibilit\u00e0. Sono orgoglioso di affermare che anche questa volta daremo il nostro contributo\u201d.<\/p>\n<p>Ringrazio il consiglio di Presidenza di FederlegnoArredo, i componenti del CdA di Federlegno Arredo Eventi e i nostri imprenditori per aver condiviso punti di vista, idee e necessit\u00e0\u201d \u2013 afferma Claudio Feltrin, Presidente di FederlegnoArredo \u2013 \u201cun lavoro di squadra che ci permetter\u00e0 di organizzare un\u2019edizione speciale, unica, come unico \u00e8 il periodo che stiamo vivendo. Abbiamo vinto una grande sfida: dare alle aziende, dalle grandi alle piccole realt\u00e0, che rappresentano il tessuto della filiera, la migliore vetrina per valorizzare le eccellenze internazionali e del made in Italy\u201d. \u201cOra proseguiremo in questa direzione \u2013 ribadisce Feltrin \u2013 come sempre in stretta sinergia con la Citt\u00e0 di Milano. Gli attestati di stima e vicinanza, giunti in questi giorni da parte di tutte le istituzioni nazionali e locali, sono il riconoscimento migliore ai tanti imprenditori che negli anni hanno reso il Salone del Mobile un concept unico e ammirato nel mondo\u201d.<\/p>\n","protected":false},"excerpt":{"rendered":"<p>La cinquantanovesima edizione del Salone del Mobile.Milano si svolger\u00e0 dal 5 al 10 settembre 2021<\/p>\n","protected":false},"author":32,"featured_media":0,"comment_status":"open","ping_status":"open","sticky":false,"template":"","format":"standard","meta":{"footnotes":""},"categories":[26,7,21],"tags":[114156],"acf":[],"yoast_head":"<!-- This site is optimized with the Yoast SEO plugin v20.1 - https:\/\/yoast.com\/wordpress\/plugins\/seo\/ -->\n<title>Il Salone del Mobile di Milano 2021 ci sar\u00e0<\/title>\n<meta name=\"description\" content=\"La cinquantanovesima edizione del Salone del Mobile.Milano si svolger\u00e0 dal 5 al 10 settembre 2021\" \/>\n<meta name=\"robots\" content=\"noindex, follow, max-snippet:-1, max-image-preview:large, max-video-preview:-1\" \/>\n<meta property=\"og:locale\" content=\"it_IT\" \/>\n<meta property=\"og:type\" content=\"article\" \/>\n<meta property=\"og:title\" content=\"Il Salone del Mobile di Milano 2021 ci sar\u00e0\" \/>\n<meta property=\"og:description\" content=\"La cinquantanovesima edizione del Salone del Mobile.Milano si svolger\u00e0 dal 5 al 10 settembre 2021\" \/>\n<meta property=\"og:url\" content=\"https:\/\/staging.varesenews.it\/2021\/04\/salone-del-mobile-milano-2021-ci-sara\/1333544\/\" \/>\n<meta property=\"og:site_name\" content=\"VareseNews\" \/>\n<meta property=\"article:publisher\" content=\"https:\/\/www.facebook.com\/varesenews\" \/>\n<meta property=\"article:published_time\" content=\"2021-04-28T20:12:55+00:00\" \/>\n<meta name=\"author\" content=\"Adelia Brigo\" \/>\n<meta name=\"twitter:card\" content=\"summary_large_image\" \/>\n<meta name=\"twitter:creator\" content=\"@AdeliaBrigo\" \/>\n<meta name=\"twitter:site\" content=\"@varesenews\" \/>\n<meta name=\"twitter:label1\" content=\"Scritto da\" \/>\n\t<meta name=\"twitter:data1\" content=\"Adelia Brigo\" \/>\n\t<meta name=\"twitter:label2\" content=\"Tempo di lettura stimato\" \/>\n\t<meta name=\"twitter:data2\" content=\"3 minuti\" \/>\n<script type=\"application\/ld+json\" class=\"yoast-schema-graph\">{\"@context\":\"https:\/\/schema.org\",\"@graph\":[{\"@type\":\"WebPage\",\"@id\":\"https:\/\/staging.varesenews.it\/2021\/04\/salone-del-mobile-milano-2021-ci-sara\/1333544\/\",\"url\":\"https:\/\/staging.varesenews.it\/2021\/04\/salone-del-mobile-milano-2021-ci-sara\/1333544\/\",\"name\":\"Il Salone del Mobile di Milano 2021 ci sar\u00e0\",\"isPartOf\":{\"@id\":\"https:\/\/staging.varesenews.it\/#website\"},\"datePublished\":\"2021-04-28T20:12:55+00:00\",\"dateModified\":\"2021-04-28T20:12:55+00:00\",\"author\":{\"@id\":\"https:\/\/staging.varesenews.it\/#\/schema\/person\/272ac0f5b2dbfd572218c2d86e013f1a\"},\"description\":\"La cinquantanovesima edizione del Salone del Mobile.Milano si svolger\u00e0 dal 5 al 10 settembre 2021\",\"breadcrumb\":{\"@id\":\"https:\/\/staging.varesenews.it\/2021\/04\/salone-del-mobile-milano-2021-ci-sara\/1333544\/#breadcrumb\"},\"inLanguage\":\"it-IT\",\"potentialAction\":[{\"@type\":\"ReadAction\",\"target\":[\"https:\/\/staging.varesenews.it\/2021\/04\/salone-del-mobile-milano-2021-ci-sara\/1333544\/\"]}]},{\"@type\":\"BreadcrumbList\",\"@id\":\"https:\/\/staging.varesenews.it\/2021\/04\/salone-del-mobile-milano-2021-ci-sara\/1333544\/#breadcrumb\",\"itemListElement\":[{\"@type\":\"ListItem\",\"position\":1,\"name\":\"Home\",\"item\":\"https:\/\/www.varesenews.it\/\"},{\"@type\":\"ListItem\",\"position\":2,\"name\":\"Il Salone del Mobile di Milano 2021 ci sar\u00e0\"}]},{\"@type\":\"WebSite\",\"@id\":\"https:\/\/staging.varesenews.it\/#website\",\"url\":\"https:\/\/staging.varesenews.it\/\",\"name\":\"VareseNews\",\"description\":\"\",\"potentialAction\":[{\"@type\":\"SearchAction\",\"target\":{\"@type\":\"EntryPoint\",\"urlTemplate\":\"https:\/\/staging.varesenews.it\/?s={search_term_string}\"},\"query-input\":\"required name=search_term_string\"}],\"inLanguage\":\"it-IT\"},{\"@type\":\"Person\",\"@id\":\"https:\/\/staging.varesenews.it\/#\/schema\/person\/272ac0f5b2dbfd572218c2d86e013f1a\",\"name\":\"Adelia Brigo\",\"image\":{\"@type\":\"ImageObject\",\"inLanguage\":\"it-IT\",\"@id\":\"https:\/\/staging.varesenews.it\/#\/schema\/person\/image\/\",\"url\":\"https:\/\/staging.varesenews.it\/wp-content\/uploads\/2020\/12\/adelia_brigo_colori_500.jpg\",\"contentUrl\":\"https:\/\/staging.varesenews.it\/wp-content\/uploads\/2020\/12\/adelia_brigo_colori_500.jpg\",\"caption\":\"Adelia Brigo\"},\"description\":\"Giornalista pubblicista, lavoro a VareseNews dal 2007 e mi occupo di cronaca locale e del settore dedicato alla cultura. In questi anni ho seguito diversi progetti di comunicazione, amo sperimentare strategie per i Social Network e raccontare storie. Varesina, classe 1984, sono laureata in Scienze della Comunicazione.&nbsp;\",\"sameAs\":[\"AdeliaBrigo\",\"https:\/\/twitter.com\/AdeliaBrigo\"],\"url\":\"https:\/\/staging.varesenews.it\/persona\/adelia_brigo\/\"}]}<\/script>\n<!-- \/ Yoast SEO plugin. -->","yoast_head_json":{"title":"Il Salone del Mobile di Milano 2021 ci sar\u00e0","description":"La cinquantanovesima edizione del Salone del Mobile.Milano si svolger\u00e0 dal 5 al 10 settembre 2021","robots":{"index":"noindex","follow":"follow","max-snippet":"max-snippet:-1","max-image-preview":"max-image-preview:large","max-video-preview":"max-video-preview:-1"},"og_locale":"it_IT","og_type":"article","og_title":"Il Salone del Mobile di Milano 2021 ci sar\u00e0","og_description":"La cinquantanovesima edizione del Salone del Mobile.Milano si svolger\u00e0 dal 5 al 10 settembre 2021","og_url":"https:\/\/staging.varesenews.it\/2021\/04\/salone-del-mobile-milano-2021-ci-sara\/1333544\/","og_site_name":"VareseNews","article_publisher":"https:\/\/www.facebook.com\/varesenews","article_published_time":"2021-04-28T20:12:55+00:00","author":"Adelia Brigo","twitter_card":"summary_large_image","twitter_creator":"@AdeliaBrigo","twitter_site":"@varesenews","twitter_misc":{"Scritto da":"Adelia Brigo","Tempo di lettura stimato":"3 minuti"},"schema":{"@context":"https:\/\/schema.org","@graph":[{"@type":"WebPage","@id":"https:\/\/staging.varesenews.it\/2021\/04\/salone-del-mobile-milano-2021-ci-sara\/1333544\/","url":"https:\/\/staging.varesenews.it\/2021\/04\/salone-del-mobile-milano-2021-ci-sara\/1333544\/","name":"Il Salone del Mobile di Milano 2021 ci sar\u00e0","isPartOf":{"@id":"https:\/\/staging.varesenews.it\/#website"},"datePublished":"2021-04-28T20:12:55+00:00","dateModified":"2021-04-28T20:12:55+00:00","author":{"@id":"https:\/\/staging.varesenews.it\/#\/schema\/person\/272ac0f5b2dbfd572218c2d86e013f1a"},"description":"La cinquantanovesima edizione del Salone del Mobile.Milano si svolger\u00e0 dal 5 al 10 settembre 2021","breadcrumb":{"@id":"https:\/\/staging.varesenews.it\/2021\/04\/salone-del-mobile-milano-2021-ci-sara\/1333544\/#breadcrumb"},"inLanguage":"it-IT","potentialAction":[{"@type":"ReadAction","target":["https:\/\/staging.varesenews.it\/2021\/04\/salone-del-mobile-milano-2021-ci-sara\/1333544\/"]}]},{"@type":"BreadcrumbList","@id":"https:\/\/staging.varesenews.it\/2021\/04\/salone-del-mobile-milano-2021-ci-sara\/1333544\/#breadcrumb","itemListElement":[{"@type":"ListItem","position":1,"name":"Home","item":"https:\/\/www.varesenews.it\/"},{"@type":"ListItem","position":2,"name":"Il Salone del Mobile di Milano 2021 ci sar\u00e0"}]},{"@type":"WebSite","@id":"https:\/\/staging.varesenews.it\/#website","url":"https:\/\/staging.varesenews.it\/","name":"VareseNews","description":"","potentialAction":[{"@type":"SearchAction","target":{"@type":"EntryPoint","urlTemplate":"https:\/\/staging.varesenews.it\/?s={search_term_string}"},"query-input":"required name=search_term_string"}],"inLanguage":"it-IT"},{"@type":"Person","@id":"https:\/\/staging.varesenews.it\/#\/schema\/person\/272ac0f5b2dbfd572218c2d86e013f1a","name":"Adelia Brigo","image":{"@type":"ImageObject","inLanguage":"it-IT","@id":"https:\/\/staging.varesenews.it\/#\/schema\/person\/image\/","url":"https:\/\/staging.varesenews.it\/wp-content\/uploads\/2020\/12\/adelia_brigo_colori_500.jpg","contentUrl":"https:\/\/staging.varesenews.it\/wp-content\/uploads\/2020\/12\/adelia_brigo_colori_500.jpg","caption":"Adelia Brigo"},"description":"Giornalista pubblicista, lavoro a VareseNews dal 2007 e mi occupo di cronaca locale e del settore dedicato alla cultura. In questi anni ho seguito diversi progetti di comunicazione, amo sperimentare strategie per i Social Network e raccontare storie. Varesina, classe 1984, sono laureata in Scienze della Comunicazione.&nbsp;","sameAs":["AdeliaBrigo","https:\/\/twitter.com\/AdeliaBrigo"],"url":"https:\/\/staging.varesenews.it\/persona\/adelia_brigo\/"}]}},"post_meta":{"_edit_lock":"1619640827:32","_edit_last":"32","_category_permalink":"a:1:{s:8:\"category\";s:1:\"7\";}","_encloseme":"1","ratings_users":"0","ratings_score":"0","ratings_average":"0","foto":"603115","firma_come_redazione":"1","argomento":"Milano","_yoast_wpseo_content_score":"30","_jd_tweet_this":"yes","_wpt_short_url":"https:\/\/www.varesenews.it\/2021\/04\/salone-del-mobile-milano-2021-ci-sara\/1333544\/","_wp_jd_target":"https:\/\/www.varesenews.it\/2021\/04\/salone-del-mobile-milano-2021-ci-sara\/1333544\/","_jd_wp_twitter":"a:1:{i:0;s:126:\"Il Salone del Mobile di Milano 2021 ci sar\u00e0 https:\/\/www.varesenews.it\/2021\/04\/salone-del-mobile-milano-2021-ci-sara\/1333544\/ \";}","_wpt_status_message":"Tweet inviato con successo.","_oembed_08b30fc559f4b0afec54ee6196a3ddaa":"<blockquote class=\"wp-embedded-content\" data-secret=\"0OFDPb9Ehf\"><a href=\"https:\/\/www.saronnonews.it\/2021\/04\/27\/contestazione-no-tav-oscurato-il-treno-saronno-milano-albairate\/\">Contestazione No Tav, oscurato il treno Saronno-Milano-Albairate e &#8220;spruzzato&#8221; il macchinista<\/a><\/blockquote><iframe class=\"wp-embedded-content\" sandbox=\"allow-scripts\" security=\"restricted\" style=\"position: absolute; clip: rect(1px, 1px, 1px, 1px);\" src=\"https:\/\/www.saronnonews.it\/2021\/04\/27\/contestazione-no-tav-oscurato-il-treno-saronno-milano-albairate\/embed\/#?secret=0OFDPb9Ehf\" data-secret=\"0OFDPb9Ehf\" width=\"500\" height=\"282\" title=\"&#8220;Contestazione No Tav, oscurato il treno Saronno-Milano-Albairate e &#8220;spruzzato&#8221; il macchinista&#8221; &#8212; SaronnoNews\" frameborder=\"0\" marginwidth=\"0\" marginheight=\"0\" scrolling=\"no\"><\/iframe>","_oembed_time_08b30fc559f4b0afec54ee6196a3ddaa":"1619640840","_oembed_4e6b1a5ebed3245c2564a7de126223a7":"<blockquote class=\"wp-embedded-content\" data-secret=\"vwQNxpSVHc\"><a href=\"https:\/\/www.varesenews.it\/2021\/04\/giochi-tutti-bambini-nel-parco-inclusivo-al-pratone-venegono-superiore\/1329389\/\">Giochi per tutti i bambini nel parco inclusivo al Pratone di Venegono Superiore<\/a><\/blockquote><iframe class=\"wp-embedded-content\" sandbox=\"allow-scripts\" security=\"restricted\" style=\"position: absolute; clip: rect(1px, 1px, 1px, 1px);\" src=\"https:\/\/www.varesenews.it\/2021\/04\/giochi-tutti-bambini-nel-parco-inclusivo-al-pratone-venegono-superiore\/1329389\/embed\/#?secret=vwQNxpSVHc\" data-secret=\"vwQNxpSVHc\" width=\"500\" height=\"282\" title=\"&#8220;Giochi per tutti i bambini nel parco inclusivo al Pratone di Venegono Superiore&#8221; &#8212; VareseNews\" frameborder=\"0\" marginwidth=\"0\" marginheight=\"0\" scrolling=\"no\"><\/iframe>","_oembed_time_4e6b1a5ebed3245c2564a7de126223a7":"1619640840","_oembed_3420483350d365fe0c01351fd25a0094":"<blockquote class=\"wp-embedded-content\" data-secret=\"uBBXwoQYcQ\"><a href=\"https:\/\/www.varesenews.it\/2020\/11\/la-quarantena-delle-famiglie-attesa-un-vademecum-ufficiale\/1271127\/\">La quarantena delle famiglie: come fare, in attesa di un vademecum ufficiale<\/a><\/blockquote><iframe class=\"wp-embedded-content\" sandbox=\"allow-scripts\" security=\"restricted\" style=\"position: absolute; clip: rect(1px, 1px, 1px, 1px);\" src=\"https:\/\/www.varesenews.it\/2020\/11\/la-quarantena-delle-famiglie-attesa-un-vademecum-ufficiale\/1271127\/embed\/#?secret=uBBXwoQYcQ\" data-secret=\"uBBXwoQYcQ\" width=\"500\" height=\"282\" title=\"&#8220;La quarantena delle famiglie: come fare, in attesa di un vademecum ufficiale&#8221; &#8212; VareseNews\" frameborder=\"0\" marginwidth=\"0\" marginheight=\"0\" scrolling=\"no\"><\/iframe>","_oembed_time_3420483350d365fe0c01351fd25a0094":"1619640840","_oembed_4adf1accac767577a5cdd6bb4b1fca8d":"<blockquote class=\"wp-embedded-content\" data-secret=\"qeMiVQyzdx\"><a href=\"https:\/\/www.varesenews.it\/2021\/04\/zona-franca-gli-spostamenti-italia-svizzera-la-proposta-parlamento\/1331423\/\">Una &#8220;zona franca&#8221; per gli spostamenti tra Italia e Svizzera, la proposta in Parlamento<\/a><\/blockquote><iframe class=\"wp-embedded-content\" sandbox=\"allow-scripts\" security=\"restricted\" style=\"position: absolute; clip: rect(1px, 1px, 1px, 1px);\" src=\"https:\/\/www.varesenews.it\/2021\/04\/zona-franca-gli-spostamenti-italia-svizzera-la-proposta-parlamento\/1331423\/embed\/#?secret=qeMiVQyzdx\" data-secret=\"qeMiVQyzdx\" width=\"500\" height=\"282\" title=\"&#8220;Una &#8220;zona franca&#8221; per gli spostamenti tra Italia e Svizzera, la proposta in Parlamento&#8221; &#8212; VareseNews\" frameborder=\"0\" marginwidth=\"0\" marginheight=\"0\" scrolling=\"no\"><\/iframe>","_oembed_time_4adf1accac767577a5cdd6bb4b1fca8d":"1619641243","_oembed_227072c3bfe1f7815fea7e7d864272d6":"<blockquote class=\"wp-embedded-content\" data-secret=\"amVyXmms2s\"><a href=\"https:\/\/www.varesenews.it\/2021\/02\/la-latitanza-mirko-rosa-dura-poco-le-manette-scattano-mendrisio\/1304914\/\">La latitanza di Mirko Rosa dura poco, le manette scattano a Mendrisio<\/a><\/blockquote><iframe class=\"wp-embedded-content\" sandbox=\"allow-scripts\" security=\"restricted\" style=\"position: absolute; clip: rect(1px, 1px, 1px, 1px);\" src=\"https:\/\/www.varesenews.it\/2021\/02\/la-latitanza-mirko-rosa-dura-poco-le-manette-scattano-mendrisio\/1304914\/embed\/#?secret=amVyXmms2s\" data-secret=\"amVyXmms2s\" width=\"500\" height=\"282\" title=\"&#8220;La latitanza di Mirko Rosa dura poco, le manette scattano a Mendrisio&#8221; &#8212; VareseNews\" frameborder=\"0\" marginwidth=\"0\" marginheight=\"0\" scrolling=\"no\"><\/iframe>","_oembed_time_227072c3bfe1f7815fea7e7d864272d6":"1619641243","_oembed_4e8c6dda913a0ab3e059fee716adfa52":"<blockquote class=\"wp-embedded-content\" data-secret=\"1EwO20AAa4\"><a href=\"https:\/\/www.varesenews.it\/2021\/04\/troupe-porta-porta-lavena-ponte-tresa-parlare-frontalieri-negozi-crisi\/1330649\/\">Una troupe di &#8220;Porta a porta&#8221; a Lavena Ponte Tresa per parlare di frontalieri e negozi in crisi<\/a><\/blockquote><iframe class=\"wp-embedded-content\" sandbox=\"allow-scripts\" security=\"restricted\" style=\"position: absolute; clip: rect(1px, 1px, 1px, 1px);\" src=\"https:\/\/www.varesenews.it\/2021\/04\/troupe-porta-porta-lavena-ponte-tresa-parlare-frontalieri-negozi-crisi\/1330649\/embed\/#?secret=1EwO20AAa4\" data-secret=\"1EwO20AAa4\" width=\"500\" height=\"282\" title=\"&#8220;Una troupe di &#8220;Porta a porta&#8221; a Lavena Ponte Tresa per parlare di frontalieri e negozi in crisi&#8221; &#8212; VareseNews\" frameborder=\"0\" marginwidth=\"0\" marginheight=\"0\" scrolling=\"no\"><\/iframe>","_oembed_time_4e8c6dda913a0ab3e059fee716adfa52":"1619641243","_oembed_76675d19d45cebb6a3074bc2f7fd6d71":"<blockquote class=\"wp-embedded-content\" data-secret=\"5PbZUFjFG8\"><a href=\"https:\/\/www.verbanonews.it\/aree-geografiche\/canton-ticino\/2021\/04\/14\/teatri-cinema-e-ristoranti-allaperto-le-riaperture-in-svizzera\/929490\/\">Teatri, cinema e ristoranti all&#8217;aperto: le riaperture in Svizzera<\/a><\/blockquote><iframe class=\"wp-embedded-content\" sandbox=\"allow-scripts\" security=\"restricted\" style=\"position: absolute; clip: rect(1px, 1px, 1px, 1px);\" src=\"https:\/\/www.verbanonews.it\/aree-geografiche\/canton-ticino\/2021\/04\/14\/teatri-cinema-e-ristoranti-allaperto-le-riaperture-in-svizzera\/929490\/embed\/#?secret=5PbZUFjFG8\" data-secret=\"5PbZUFjFG8\" width=\"500\" height=\"282\" title=\"&#8220;Teatri, cinema e ristoranti all&#8217;aperto: le riaperture in Svizzera&#8221; &#8212; VerbanoNews\" frameborder=\"0\" marginwidth=\"0\" marginheight=\"0\" scrolling=\"no\"><\/iframe>","_oembed_time_76675d19d45cebb6a3074bc2f7fd6d71":"1619641245","_oembed_4bb3831520f808995a4def5281559443":"<blockquote class=\"wp-embedded-content\" data-secret=\"ebuByL5qad\"><a href=\"https:\/\/www.varesenews.it\/2020\/08\/borradori-lugano-como-varese-un-futuro-sta-giocarcelo\/953444\/\">Borradori: &#8220;Lugano, Como e Varese hanno un futuro. Sta a noi giocarcelo&#8221;<\/a><\/blockquote><iframe class=\"wp-embedded-content\" sandbox=\"allow-scripts\" security=\"restricted\" style=\"position: absolute; clip: rect(1px, 1px, 1px, 1px);\" src=\"https:\/\/www.varesenews.it\/2020\/08\/borradori-lugano-como-varese-un-futuro-sta-giocarcelo\/953444\/embed\/#?secret=ebuByL5qad\" data-secret=\"ebuByL5qad\" width=\"500\" height=\"282\" title=\"&#8220;Borradori: &#8220;Lugano, Como e Varese hanno un futuro. Sta a noi giocarcelo&#8221;&#8221; &#8212; VareseNews\" frameborder=\"0\" marginwidth=\"0\" marginheight=\"0\" scrolling=\"no\"><\/iframe>","_oembed_time_4bb3831520f808995a4def5281559443":"1619641245","_oembed_3efda1269bd54e345f9d17440ec6eb56":"<blockquote class=\"wp-embedded-content\" data-secret=\"YwWUm6fwve\"><a href=\"https:\/\/www.varesenews.it\/2021\/04\/gallarate-145-milioni-cambiare-volto-cascinetta-cajello\/1333069\/\">Gallarate, 14,5 milioni per cambiare il volto di Cascinetta e Cajello<\/a><\/blockquote><iframe class=\"wp-embedded-content\" sandbox=\"allow-scripts\" security=\"restricted\" style=\"position: absolute; clip: rect(1px, 1px, 1px, 1px);\" src=\"https:\/\/www.varesenews.it\/2021\/04\/gallarate-145-milioni-cambiare-volto-cascinetta-cajello\/1333069\/embed\/#?secret=YwWUm6fwve\" data-secret=\"YwWUm6fwve\" width=\"500\" height=\"282\" title=\"&#8220;Gallarate, 14,5 milioni per cambiare il volto di Cascinetta e Cajello&#8221; &#8212; VareseNews\" frameborder=\"0\" marginwidth=\"0\" marginheight=\"0\" scrolling=\"no\"><\/iframe>","_oembed_time_3efda1269bd54e345f9d17440ec6eb56":"1619641313","_oembed_52d24d4def7f062b4e2d68f5bee74f5b":"<blockquote class=\"wp-embedded-content\" data-secret=\"IznHdi0s11\"><a href=\"https:\/\/www.varesenews.it\/2021\/03\/superscuola-verde-nuovi-spazi-nel-progetto-cascinetta-cajello\/1313415\/\">&#8220;Superscuola&#8221;, verde e nuovi spazi, nel progetto per Cascinetta e Cajello<\/a><\/blockquote><iframe class=\"wp-embedded-content\" sandbox=\"allow-scripts\" security=\"restricted\" style=\"position: absolute; clip: rect(1px, 1px, 1px, 1px);\" src=\"https:\/\/www.varesenews.it\/2021\/03\/superscuola-verde-nuovi-spazi-nel-progetto-cascinetta-cajello\/1313415\/embed\/#?secret=IznHdi0s11\" data-secret=\"IznHdi0s11\" width=\"500\" height=\"282\" title=\"&#8220;&#8220;Superscuola&#8221;, verde e nuovi spazi, nel progetto per Cascinetta e Cajello&#8221; &#8212; VareseNews\" frameborder=\"0\" marginwidth=\"0\" marginheight=\"0\" scrolling=\"no\"><\/iframe>","_oembed_time_52d24d4def7f062b4e2d68f5bee74f5b":"1619641313","_oembed_8c257b760466c835b503e3a569c5febc":"<iframe width=\"500\" height=\"281\" src=\"https:\/\/www.youtube.com\/embed\/p-fsOX1hOvg?feature=oembed\" frameborder=\"0\" allow=\"accelerometer; autoplay; clipboard-write; encrypted-media; gyroscope; picture-in-picture\" allowfullscreen><\/iframe>","_oembed_time_8c257b760466c835b503e3a569c5febc":"1619641313","_oembed_9eff4d2898c25bc79037427b518a5c6a":"<blockquote class=\"wp-embedded-content\" data-secret=\"Tp9FLeGRH0\"><a href=\"https:\/\/www.legnanonews.com\/scuola\/2021\/04\/07\/la-scuola-si-fa-citta-legnano-punta-a-fondi-europei-per-lo-sviluppo-sostenibile\/977335\/\">&#8220;La scuola si fa citt\u00e0&#8221;: Legnano punta a fondi europei per la rigenerazione urbana<\/a><\/blockquote><iframe class=\"wp-embedded-content\" sandbox=\"allow-scripts\" security=\"restricted\" style=\"position: absolute; clip: rect(1px, 1px, 1px, 1px);\" src=\"https:\/\/www.legnanonews.com\/scuola\/2021\/04\/07\/la-scuola-si-fa-citta-legnano-punta-a-fondi-europei-per-lo-sviluppo-sostenibile\/977335\/embed\/#?secret=Tp9FLeGRH0\" data-secret=\"Tp9FLeGRH0\" width=\"500\" height=\"282\" title=\"&#8220;&#8220;La scuola si fa citt\u00e0&#8221;: Legnano punta a fondi europei per la rigenerazione urbana&#8221; &#8212; LegnanoNews\" frameborder=\"0\" marginwidth=\"0\" marginheight=\"0\" scrolling=\"no\"><\/iframe>","_oembed_time_9eff4d2898c25bc79037427b518a5c6a":"1619641314","_oembed_33325d4d399245613af0b60bb7e6691c":"<blockquote class=\"wp-embedded-content\" data-secret=\"hmg8yHDB2t\"><a href=\"https:\/\/www.varesenews.it\/2021\/04\/maxi-processo-mensa-dei-poveri-resta-milano-rigettate-le-eccezioni-competenza-territoriale\/1332504\/\">Il maxi-processo &#8220;Mensa dei poveri&#8221; resta a Milano, rigettate le eccezioni di competenza territoriale<\/a><\/blockquote><iframe class=\"wp-embedded-content\" sandbox=\"allow-scripts\" security=\"restricted\" style=\"position: absolute; clip: rect(1px, 1px, 1px, 1px);\" src=\"https:\/\/www.varesenews.it\/2021\/04\/maxi-processo-mensa-dei-poveri-resta-milano-rigettate-le-eccezioni-competenza-territoriale\/1332504\/embed\/#?secret=hmg8yHDB2t\" data-secret=\"hmg8yHDB2t\" width=\"500\" height=\"282\" title=\"&#8220;Il maxi-processo &#8220;Mensa dei poveri&#8221; resta a Milano, rigettate le eccezioni di competenza territoriale&#8221; &#8212; VareseNews\" frameborder=\"0\" marginwidth=\"0\" marginheight=\"0\" scrolling=\"no\"><\/iframe>","_oembed_time_33325d4d399245613af0b60bb7e6691c":"1619641314","_oembed_a9b87e8b99a30c21039d9cb5b9bd4fb4":"<blockquote class=\"wp-embedded-content\" data-secret=\"oijg3BTgye\"><a href=\"https:\/\/www.verbanonews.it\/aree-geografiche\/piemonte\/2021\/04\/27\/coronavirus-667-nuovi-positivi-e-27-decessi-in-piemonte\/930070\/\">Coronavirus: 667 nuovi positivi e 27 decessi in Piemonte<\/a><\/blockquote><iframe class=\"wp-embedded-content\" sandbox=\"allow-scripts\" security=\"restricted\" style=\"position: absolute; clip: rect(1px, 1px, 1px, 1px);\" src=\"https:\/\/www.verbanonews.it\/aree-geografiche\/piemonte\/2021\/04\/27\/coronavirus-667-nuovi-positivi-e-27-decessi-in-piemonte\/930070\/embed\/#?secret=oijg3BTgye\" data-secret=\"oijg3BTgye\" width=\"500\" height=\"282\" title=\"&#8220;Coronavirus: 667 nuovi positivi e 27 decessi in Piemonte&#8221; &#8212; VerbanoNews\" frameborder=\"0\" marginwidth=\"0\" marginheight=\"0\" scrolling=\"no\"><\/iframe>","_oembed_time_a9b87e8b99a30c21039d9cb5b9bd4fb4":"1619641315","_oembed_d75ce07b1cbfb7110e8895e6c0e27a57":"<blockquote class=\"wp-embedded-content\" data-secret=\"BJ2A1lUyvz\"><a href=\"https:\/\/www.verbanonews.it\/aree-geografiche\/lombardia\/2021\/04\/26\/568-nuovi-positivi-in-piemonte\/930008\/\">568 nuovi positivi in Piemonte<\/a><\/blockquote><iframe class=\"wp-embedded-content\" sandbox=\"allow-scripts\" security=\"restricted\" style=\"position: absolute; clip: rect(1px, 1px, 1px, 1px);\" src=\"https:\/\/www.verbanonews.it\/aree-geografiche\/lombardia\/2021\/04\/26\/568-nuovi-positivi-in-piemonte\/930008\/embed\/#?secret=BJ2A1lUyvz\" data-secret=\"BJ2A1lUyvz\" width=\"500\" height=\"282\" title=\"&#8220;568 nuovi positivi in Piemonte&#8221; &#8212; VerbanoNews\" frameborder=\"0\" marginwidth=\"0\" marginheight=\"0\" scrolling=\"no\"><\/iframe>","_oembed_time_d75ce07b1cbfb7110e8895e6c0e27a57":"1619641316","_oembed_d2262154808e573209574f84b584ccc6":"<blockquote class=\"wp-embedded-content\" data-secret=\"qEiPsfQTyx\"><a href=\"https:\/\/www.varesenews.it\/2021\/01\/guida-pratica-alla-filantropia-perche-la-bonta-non-basta\/1296131\/\">Guida pratica alla filantropia, perch\u00e9 la bont\u00e0 non basta<\/a><\/blockquote><iframe class=\"wp-embedded-content\" sandbox=\"allow-scripts\" security=\"restricted\" style=\"position: absolute; clip: rect(1px, 1px, 1px, 1px);\" src=\"https:\/\/www.varesenews.it\/2021\/01\/guida-pratica-alla-filantropia-perche-la-bonta-non-basta\/1296131\/embed\/#?secret=qEiPsfQTyx\" data-secret=\"qEiPsfQTyx\" width=\"500\" height=\"282\" title=\"&#8220;Guida pratica alla filantropia, perch\u00e9 la bont\u00e0 non basta&#8221; &#8212; VareseNews\" frameborder=\"0\" marginwidth=\"0\" marginheight=\"0\" scrolling=\"no\"><\/iframe>","_oembed_time_d2262154808e573209574f84b584ccc6":"1619641334","_oembed_2b2e77620e374e8b7eea75a35431702b":"<iframe width=\"500\" height=\"281\" src=\"https:\/\/www.youtube.com\/embed\/ZFRzqsi0bM8?feature=oembed\" frameborder=\"0\" allow=\"accelerometer; autoplay; clipboard-write; encrypted-media; gyroscope; picture-in-picture\" allowfullscreen><\/iframe>","_oembed_time_2b2e77620e374e8b7eea75a35431702b":"1619641334","_oembed_62c0412a40ee7905fcfaab0cbf354488":"<blockquote class=\"wp-embedded-content\" data-secret=\"i3c1HJwriE\"><a href=\"https:\/\/www.varesenews.it\/2021\/04\/farmacista-usa-soldi-dei-celiaci-denunciato\/1332755\/\">Farmacia di Busto Arsizio &#8220;svuota&#8221; le card prepagate per celiaci, due denunce<\/a><\/blockquote><iframe class=\"wp-embedded-content\" sandbox=\"allow-scripts\" security=\"restricted\" style=\"position: absolute; clip: rect(1px, 1px, 1px, 1px);\" src=\"https:\/\/www.varesenews.it\/2021\/04\/farmacista-usa-soldi-dei-celiaci-denunciato\/1332755\/embed\/#?secret=i3c1HJwriE\" data-secret=\"i3c1HJwriE\" width=\"500\" height=\"282\" title=\"&#8220;Farmacia di Busto Arsizio &#8220;svuota&#8221; le card prepagate per celiaci, due denunce&#8221; &#8212; VareseNews\" frameborder=\"0\" marginwidth=\"0\" marginheight=\"0\" scrolling=\"no\"><\/iframe>","_oembed_time_62c0412a40ee7905fcfaab0cbf354488":"1619641493","_oembed_a51d2143541278131f3b503f0079b4cc":"<blockquote class=\"wp-embedded-content\" data-secret=\"No0DUTzFLO\"><a href=\"https:\/\/www.varesenews.it\/2021\/04\/lindustria-varesina-un-modello-sostenibilita\/1332994\/\">L\u2019industria varesina \u00e8 un modello di sostenibilit\u00e0<\/a><\/blockquote><iframe class=\"wp-embedded-content\" sandbox=\"allow-scripts\" security=\"restricted\" style=\"position: absolute; clip: rect(1px, 1px, 1px, 1px);\" src=\"https:\/\/www.varesenews.it\/2021\/04\/lindustria-varesina-un-modello-sostenibilita\/1332994\/embed\/#?secret=No0DUTzFLO\" data-secret=\"No0DUTzFLO\" width=\"500\" height=\"282\" title=\"&#8220;L\u2019industria varesina \u00e8 un modello di sostenibilit\u00e0&#8221; &#8212; VareseNews\" frameborder=\"0\" marginwidth=\"0\" marginheight=\"0\" scrolling=\"no\"><\/iframe>","_oembed_time_a51d2143541278131f3b503f0079b4cc":"1619641493","_oembed_70564fa4a27f78a2d86831fbfb3414d8":"<blockquote class=\"wp-embedded-content\" data-secret=\"tqh1vk7fjg\"><a href=\"https:\/\/www.varesenews.it\/2016\/12\/si-e-spenta-la-poetessa-marisa-ferrario-denna\/577174\/\">Si \u00e8 spenta la poetessa Marisa Ferrario Denna<\/a><\/blockquote><iframe class=\"wp-embedded-content\" sandbox=\"allow-scripts\" security=\"restricted\" style=\"position: absolute; clip: rect(1px, 1px, 1px, 1px);\" src=\"https:\/\/www.varesenews.it\/2016\/12\/si-e-spenta-la-poetessa-marisa-ferrario-denna\/577174\/embed\/#?secret=tqh1vk7fjg\" data-secret=\"tqh1vk7fjg\" width=\"500\" height=\"282\" title=\"&#8220;Si \u00e8 spenta la poetessa Marisa Ferrario Denna&#8221; &#8212; VareseNews\" frameborder=\"0\" marginwidth=\"0\" marginheight=\"0\" scrolling=\"no\"><\/iframe>","_oembed_time_70564fa4a27f78a2d86831fbfb3414d8":"1619641825","_oembed_22774139c3b33edbb0067691e6eb1468":"<blockquote class=\"wp-embedded-content\" data-secret=\"isnrgniaPw\"><a href=\"https:\/\/www.varesenews.it\/2020\/01\/neanche-discarica-decolla-la-seconda-vita-dellexpo-hub\/874766\/\">Neanche in discarica decolla la seconda vita dell\u2019Expo Hub<\/a><\/blockquote><iframe class=\"wp-embedded-content\" sandbox=\"allow-scripts\" security=\"restricted\" style=\"position: absolute; clip: rect(1px, 1px, 1px, 1px);\" src=\"https:\/\/www.varesenews.it\/2020\/01\/neanche-discarica-decolla-la-seconda-vita-dellexpo-hub\/874766\/embed\/#?secret=isnrgniaPw\" data-secret=\"isnrgniaPw\" width=\"500\" height=\"282\" title=\"&#8220;Neanche in discarica decolla la seconda vita dell\u2019Expo Hub&#8221; &#8212; VareseNews\" frameborder=\"0\" marginwidth=\"0\" marginheight=\"0\" scrolling=\"no\"><\/iframe>","_oembed_time_22774139c3b33edbb0067691e6eb1468":"1619641825"},"photos":[{"original":"https:\/\/staging.varesenews.it\/photogallery_new\/images\/2017\/04\/salone-del-mobile-2017-603115.jpg","full":"https:\/\/staging.varesenews.it\/photogallery_new\/images\/2017\/04\/salone-del-mobile-2017-603115.1024x768.jpg","large":"https:\/\/staging.varesenews.it\/photogallery_new\/images\/2017\/04\/salone-del-mobile-2017-603115.610x431.jpg"}],"_links":{"self":[{"href":"https:\/\/staging.varesenews.it\/swgapi\/v1\/wp\/v2\/posts\/1333544"}],"collection":[{"href":"https:\/\/staging.varesenews.it\/swgapi\/v1\/wp\/v2\/posts"}],"about":[{"href":"https:\/\/staging.varesenews.it\/swgapi\/v1\/wp\/v2\/types\/post"}],"author":[{"embeddable":true,"href":"https:\/\/staging.varesenews.it\/swgapi\/v1\/wp\/v2\/users\/32"}],"replies":[{"embeddable":true,"href":"https:\/\/staging.varesenews.it\/swgapi\/v1\/wp\/v2\/comments?post=1333544"}],"version-history":[{"count":0,"href":"https:\/\/staging.varesenews.it\/swgapi\/v1\/wp\/v2\/posts\/1333544\/revisions"}],"wp:attachment":[{"href":"https:\/\/staging.varesenews.it\/swgapi\/v1\/wp\/v2\/media?parent=1333544"}],"wp:term":[{"taxonomy":"category","embeddable":true,"href":"https:\/\/staging.varesenews.it\/swgapi\/v1\/wp\/v2\/categories?post=1333544"},{"taxonomy":"post_tag","embeddable":true,"href":"https:\/\/staging.varesenews.it\/swgapi\/v1\/wp\/v2\/tags?post=1333544"}],"curies":[{"name":"wp","href":"https:\/\/api.w.org\/{rel}","templated":true}]}}