{"id":1333767,"date":"2021-04-29T15:01:45","date_gmt":"2021-04-29T13:01:45","guid":{"rendered":"http:\/\/www.varesenews.it\/2021\/04\/riaprono-le-isole-borromee-sul-lago-maggiore\/1333767\/"},"modified":"2021-04-30T10:38:57","modified_gmt":"2021-04-30T08:38:57","slug":"riaprono-le-isole-borromee-sul-lago-maggiore","status":"publish","type":"post","link":"https:\/\/staging.varesenews.it\/2021\/04\/riaprono-le-isole-borromee-sul-lago-maggiore\/1333767\/","title":{"rendered":"Riaprono le Isole Borromee sul Lago Maggiore"},"content":{"rendered":"<div>\n<div class=\"m_4040316185216639317block-grid\">\n<div>\n<div class=\"m_4040316185216639317col\">\n<div class=\"m_4040316185216639317col_cont\">\n<div>\n<div>\n<div>\n<p>Dopo la recente riapertura della Rocca di Angera e di Parco Pallavicino,\u00a0<strong>Terre Borromeo<\/strong>\u00a0d\u00e0 il via alla stagione 2021 delle<strong>\u00a0Isole Borromee<\/strong>. Dal weekend dell\u2019<strong>1 e del 2 maggio<\/strong>\u00a0i visitatori potranno ammirare le\u00a0<strong>fioriture<\/strong>\u00a0dei giardini, nel massimo del loro splendore, e riscoprire i preziosi\u00a0<strong>tesori storici e artistici<\/strong>\u00a0nei palazzi dell\u2019<strong>Isola Bella<\/strong>\u00a0e dell\u2019<strong>Isola Madre<\/strong>.<\/p>\n<p>In questa prima fase i\u00a0<strong>biglietti d\u2019ingresso possono essere acquistati esclusivamente online<\/strong>\u00a0tramite la piattaforma\u00a0<a href=\"https:\/\/isoleborromee.musvc2.net\/e\/t?q=8%3d8SCcFX%26t%3dV%26u%3dQBV%26v%3dT0eCY%263%3dC1JxN_yqau_01_zvZp_0A_yqau_965R4.91Js5jJyHwHl5.qO_yqau_96xMlDwOh-1kL291Oh_HYxW_Rn_MXsX_XmM5R..pIwGl2wMyEu0l.92_MXsX_XmK2H_zE3Mj5_zvZp_A9jEuPu9k61E_zvZp_0Z9Z1OhCx6_yqau_9V3Ot_Cm9pKu_MXsX_Xk5u6pB_zvZp_0a2Ju_8hCx6p7v_MXsX_Xkax0yJ3Mh_HYxW_RCWGpiMjE_zvZp_0Z9ZX6sBiQp3qIv_HYxW_RCWG5_zvZp_6h1i0Z9ZZJj3i_MXsX_WBRH9p_HYxW_RCWGavBlHi%269%3dtK1QjR.v01%2691%3dX0XG\" target=\"_blank\" rel=\"noopener noreferrer\" data-saferedirecturl=\"https:\/\/www.google.com\/url?q=https:\/\/isoleborromee.musvc2.net\/e\/t?q%3D8%253d8SCcFX%2526t%253dV%2526u%253dQBV%2526v%253dT0eCY%25263%253dC1JxN_yqau_01_zvZp_0A_yqau_965R4.91Js5jJyHwHl5.qO_yqau_96xMlDwOh-1kL291Oh_HYxW_Rn_MXsX_XmM5R..pIwGl2wMyEu0l.92_MXsX_XmK2H_zE3Mj5_zvZp_A9jEuPu9k61E_zvZp_0Z9Z1OhCx6_yqau_9V3Ot_Cm9pKu_MXsX_Xk5u6pB_zvZp_0a2Ju_8hCx6p7v_MXsX_Xkax0yJ3Mh_HYxW_RCWGpiMjE_zvZp_0Z9ZX6sBiQp3qIv_HYxW_RCWG5_zvZp_6h1i0Z9ZZJj3i_MXsX_WBRH9p_HYxW_RCWGavBlHi%25269%253dtK1QjR.v01%252691%253dX0XG&amp;source=gmail&amp;ust=1619787507265000&amp;usg=AFQjCNFQyiFZHk2bZWoq1RdNkTdBLOyBSw\">https:\/\/www.isoleborromee.it\/<wbr \/>prenota-acquista\/<\/a>\u00a0arrivando in loco gi\u00e0 muniti di ticket. La stagione inizia con l\u2019apertura\u00a0<strong>nei soli fine settimana del mese di maggio<\/strong>\u00a0e proseguir\u00e0\u00a0<strong>da giugno con possibilit\u00e0 di ingresso anche infrasettimanale<\/strong>, fino al 1\u00b0 novembre. Terre Borromeo consiglia di visionare sempre il sito web\u00a0<a href=\"https:\/\/isoleborromee.musvc2.net\/e\/t?q=3%3dNVSXVa%260%3dQ%26A%3dTRQ%26B%3dWPZSb%26I%3d8GMD_Hnvn_Sx_Kosm_U4_Hnvn_R3PKM.6LCB25CHEHA52.BH_Hnvn_R3_Kosm_V4MJP..7IBE32BKFE083.9G_Kosm_V4KGF_GEHK15_Etqp_P71E0NB9z4HE_Etqp_OXPZFMyCC4_Fqps_PVHMA_C277K0_Kosm_V25047B_Etqp_OYIJ0_6yCC477A_Kosm_V2aC8FJHKy_Hnvn_RRUXpxK1E_Etqp_OXPZm40BxO736GC_Hnvn_RRUX5_Etqp_OXPZoH13x_Kosm_USRW77_Hnv1x4yn_RRUXaA03Hx%267%3dAKFO1R.A8H%269F%3dVQXV\" target=\"_blank\" rel=\"noopener noreferrer\" data-saferedirecturl=\"https:\/\/www.google.com\/url?q=https:\/\/isoleborromee.musvc2.net\/e\/t?q%3D3%253dNVSXVa%25260%253dQ%2526A%253dTRQ%2526B%253dWPZSb%2526I%253d8GMD_Hnvn_Sx_Kosm_U4_Hnvn_R3PKM.6LCB25CHEHA52.BH_Hnvn_R3_Kosm_V4MJP..7IBE32BKFE083.9G_Kosm_V4KGF_GEHK15_Etqp_P71E0NB9z4HE_Etqp_OXPZFMyCC4_Fqps_PVHMA_C277K0_Kosm_V25047B_Etqp_OYIJ0_6yCC477A_Kosm_V2aC8FJHKy_Hnvn_RRUXpxK1E_Etqp_OXPZm40BxO736GC_Hnvn_RRUX5_Etqp_OXPZoH13x_Kosm_USRW77_Hnv1x4yn_RRUXaA03Hx%25267%253dAKFO1R.A8H%25269F%253dVQXV&amp;source=gmail&amp;ust=1619787507265000&amp;usg=AFQjCNEUTGI4IfFPAdckia6tfztH9AvUvA\">www.isoleborromee.it<\/a>\u00a0o di contattare il call center (numero 0323 933478) per essere aggiornati all\u2019ultimo minuto riguardo giorni e orari di apertura, secondo le disposizioni governative e regionali.<\/p>\n<p>A\u00a0<strong>Palazzo Borromeo<\/strong>, sull\u2019Isola Bella, si potr\u00e0 visitare anche quest\u2019anno la<strong>\u00a0mostra \u201cVitaliano VI. L\u2019invenzione dell\u2019Isola Bella\u201d<\/strong>, a cura di Alessandro Morandotti e Mauro Natale. L\u2019esposizione celebra l\u2019ideatore dell\u2019ambizioso progetto che defin\u00ec ci\u00f2 che oggi \u00e8 l\u2019isola: il vascello che affiora sulle acque del Lago Maggiore, fonte di ammirazione e stupore nei visitatori di tutto il mondo.<\/p>\n<p>Da abbinare al fascino dell\u2019arte, i\u00a0<strong>giardini botanici<\/strong>\u00a0delle Isole Borromee sono un altro genere di capolavoro da non perdere per la variet\u00e0 di specie provenienti da tutto il mondo. Nel giardino botanico all\u2019inglese dell\u2019Isola Madre si possono ammirare specie esotiche, come la\u00a0<strong>terrazza delle protee<\/strong>\u00a0la cui collezione di fiori preistorici sudafricani \u00e8 una vera e propria rarit\u00e0, o specie antiche come la collezione dei glicini che comprende circa 18 diverse tipologie provenienti dall\u2019America, dalla Cina e dal Giappone. Inoltre, rododendri, rose, cactus e ninfee colorano l\u2019Isola nei mesi di maggio e giugno. Anche i viali e le aiuole del giardino barocco all\u2019italiana sull\u2019Isola Bella sono immersi tra le essenze delle fioriture primaverili in un\u2019oasi resa ancora pi\u00f9 speciale dall\u2019elegante presenza di pavoni bianchi a passeggio. Protagoniste di questi mesi sono le azalee, le margherite, le mimose e le meno note\u00a0<em>Cornus kousa, Viburnum opulus, Davidia involucrata, Allium<\/em>. Alla regina dei fiori \u00e8 dedicata l\u2019eccezionale\u00a0<strong>terrazza delle rose<\/strong>\u00a0la cui attesissima apertura avviene solo nei mesi di maggio e giugno: grazie alla sua fioritura, la spalliera della terrazza centrale del giardino dell\u2019Isola Bella si accende di rosa e di rosso, ben visibile sia dal lago e sia dalla terraferma. Tra le meravigliose rose rampicanti, spiccano le variet\u00e0 Blaze, dal colore rosso ciliegia e Claire Matin sui toni del rosa pesco.<\/p>\n<\/div>\n<\/div>\n<\/div>\n<\/div>\n<\/div>\n<\/div>\n<\/div>\n<\/div>\n<div>\n<div class=\"m_4040316185216639317block-grid\">\n<div class=\"m_4040316185216639317col\">\n<div class=\"m_4040316185216639317col_cont\">\n<div align=\"center\"><\/div>\n<\/div>\n<\/div>\n<\/div>\n<\/div>\n<div>\n<div class=\"m_4040316185216639317block-grid\">\n<div>\n<div class=\"m_4040316185216639317col\">\n<div class=\"m_4040316185216639317col_cont\">\n<div>\n<div>\n<div>\n<p>Per chi desidera fermarsi qualche giorno godendo a pieno di tutte le attrazioni della\u00a0<strong>\u201cBorromeo Experience\u201d<\/strong>, la soluzione ideale sono i prestigiosi\u00a0<strong>Isola Bella Apartments<\/strong>, situati nel borgo storico dove un tempo sorgevano le case dei pescatori. Tre strutture in grado di offrire fino a otto posti letto, dotate di cucina, aria condizionata e linea wi-fi che hanno di recente ottenuto il riconoscimento\u00a0<strong>Traveller Review Awards 2021<\/strong>\u00a0del portale\u00a0<a href=\"https:\/\/isoleborromee.musvc2.net\/e\/t?q=4%3dOU9YWZ%26p%3dR%26B%3dS8R%26C%3dV6aTa%26y%3d9HLt_IouT_Ty_JUtn_Tj_IouT_S44sF9Ar8.1Gq_IouT_S4_JUtn_UjNKO..mJCDi3CJvFA7i.0H_JUtn_UjLHE_wFIJg6_FsWq_Q6gFAMr013xF_FsWq_PW6aGLeDD3_vrqr_6WILq_D36mLA_JUtn_Uh6A3mC_FsWq_PXyKA_5eDD3m8B_JUtn_UhbD7vKIJe_IouT_SSTDqyJgF_FsWq_PW6an3pCyNm47Fs_IouT_SSTD6_FsWq_PW6apGg4y_JUtn_T9SX6m_IouT_SSTDbB92y3eiIy%266%3dqLGNgS.B7x%260G%3dU7YW\" target=\"_blank\" rel=\"noopener noreferrer\" data-saferedirecturl=\"https:\/\/www.google.com\/url?q=https:\/\/isoleborromee.musvc2.net\/e\/t?q%3D4%253dOU9YWZ%2526p%253dR%2526B%253dS8R%2526C%253dV6aTa%2526y%253d9HLt_IouT_Ty_JUtn_Tj_IouT_S44sF9Ar8.1Gq_IouT_S4_JUtn_UjNKO..mJCDi3CJvFA7i.0H_JUtn_UjLHE_wFIJg6_FsWq_Q6gFAMr013xF_FsWq_PW6aGLeDD3_vrqr_6WILq_D36mLA_JUtn_Uh6A3mC_FsWq_PXyKA_5eDD3m8B_JUtn_UhbD7vKIJe_IouT_SSTDqyJgF_FsWq_PW6an3pCyNm47Fs_IouT_SSTD6_FsWq_PW6apGg4y_JUtn_T9SX6m_IouT_SSTDbB92y3eiIy%25266%253dqLGNgS.B7x%25260G%253dU7YW&amp;source=gmail&amp;ust=1619787507265000&amp;usg=AFQjCNHPNHKrx5CfmqDsXSebalbHhUhBhA\">booking.com<\/a>. Tariffe a partire da 230 euro per due persone a notte. Per informazioni e prenotazioni:\u00a0<a target=\"_blank\" rel=\"noopener noreferrer\">booking@isoleborromee.it<\/a><\/p>\n<p>Infine, dal punto di vista\u00a0<strong>enogastronomico<\/strong>\u00a0Terre Borromeo propone i sapori genuini e raffinati del\u00a0<strong>Fornello Bottega con Cucina<\/strong>, il bistrot per una gustosa pausa di relax sull\u2019Isola Bella, a pranzo, a cena o per un aperitivo a bordo lago. In menu, sfiziosi antipasti come la pappa al pomodoro con salsa di mozzarella di bufala e basilico; irresistibili primi come gli spaghettoni quadrati saltati con coulis di peperoni, terra di olive e scaglie di pecorino dolce oppure il risotto mantecato al pecorino e pepe nero; secondi rivisitati con abbinamenti inediti, ad esempio la tartare di manzo piemontese con gazpacho e alici di Cetara. Per concludere in dolcezza, gli chef propongono la cheescake al mango e passion fruit, il semifreddo alle ciliegie e meringa croccante oppure la piccole Sacher con scaglie di cioccolato. La selezione di bibite, vino e birra \u00e8 guidata dall\u2019eccellenza delle etichette e dalla freschezza della produzione, cos\u00ec come attenta alla qualit\u00e0 \u00e8 la scelta della torrefazione per un caff\u00e8 artigianale e cremoso.<\/p>\n<p><em>Orari e tariffe:<\/em><\/p>\n<p><strong>Isola Bella<\/strong>\u00a0&#8211;\u00a0 apertura il sabato e la domenica nel mese di maggio\u00a0e tutti i giorni dal 2 al 30 giugno dalle ore 10,00 alle ore 17,30 (ultimo ingresso). Tariffe: adulti 18 euro, ragazzi 11 euro.<\/p>\n<p>&nbsp;<\/p>\n<p><strong>Isola Madre<\/strong>\u00a0&#8211; apertura il sabato e la domenica nel mese di maggio e tutti i giorni dal 2 al 30 giugno dalle ore 10,00 alle ore 17,30 (ultimo ingresso). Tariffe: adulti 15 euro, ragazzi 8,50 euro.<\/p>\n<\/div>\n<\/div>\n<\/div>\n<\/div>\n<\/div>\n<\/div>\n<\/div>\n<\/div>\n","protected":false},"excerpt":{"rendered":"<p>La stagione inizia con l\u2019apertura\u00a0nei soli fine settimana del mese di maggio\u00a0e proseguir\u00e0\u00a0da giugno con possibilit\u00e0 di ingresso anche infrasettimanale<\/p>\n","protected":false},"author":43,"featured_media":0,"comment_status":"open","ping_status":"open","sticky":false,"template":"","format":"standard","meta":{"footnotes":""},"categories":[46],"tags":[105418,107639],"acf":[],"yoast_head":"<!-- This site is optimized with the Yoast SEO plugin v20.1 - https:\/\/yoast.com\/wordpress\/plugins\/seo\/ -->\n<title>Riaprono le Isole Borromee sul Lago Maggiore<\/title>\n<meta name=\"description\" content=\"La stagione inizia con l\u2019apertura\u00a0nei soli fine settimana del mese di maggio\u00a0e proseguir\u00e0\u00a0da giugno con possibilit\u00e0 di ingresso anche infrasettimanale\" \/>\n<meta name=\"robots\" content=\"noindex, follow, max-snippet:-1, max-image-preview:large, max-video-preview:-1\" \/>\n<meta property=\"og:locale\" content=\"it_IT\" \/>\n<meta property=\"og:type\" content=\"article\" \/>\n<meta property=\"og:title\" content=\"Riaprono le Isole Borromee sul Lago Maggiore\" \/>\n<meta property=\"og:description\" content=\"La stagione inizia con l\u2019apertura\u00a0nei soli fine settimana del mese di maggio\u00a0e proseguir\u00e0\u00a0da giugno con possibilit\u00e0 di ingresso anche infrasettimanale\" \/>\n<meta property=\"og:url\" content=\"https:\/\/staging.varesenews.it\/2021\/04\/riaprono-le-isole-borromee-sul-lago-maggiore\/1333767\/\" \/>\n<meta property=\"og:site_name\" content=\"VareseNews\" \/>\n<meta property=\"article:publisher\" content=\"https:\/\/www.facebook.com\/varesenews\" \/>\n<meta property=\"article:author\" content=\"https:\/\/www.facebook.com\/mariacarla.cebrelli\" \/>\n<meta property=\"article:published_time\" content=\"2021-04-29T13:01:45+00:00\" \/>\n<meta property=\"article:modified_time\" content=\"2021-04-30T08:38:57+00:00\" \/>\n<meta name=\"author\" content=\"Maria Carla Cebrelli\" \/>\n<meta name=\"twitter:card\" content=\"summary_large_image\" \/>\n<meta name=\"twitter:creator\" content=\"@pikapiketti\" \/>\n<meta name=\"twitter:site\" content=\"@varesenews\" \/>\n<meta name=\"twitter:label1\" content=\"Scritto da\" \/>\n\t<meta name=\"twitter:data1\" content=\"Maria Carla Cebrelli\" \/>\n\t<meta name=\"twitter:label2\" content=\"Tempo di lettura stimato\" \/>\n\t<meta name=\"twitter:data2\" content=\"4 minuti\" \/>\n<script type=\"application\/ld+json\" class=\"yoast-schema-graph\">{\"@context\":\"https:\/\/schema.org\",\"@graph\":[{\"@type\":\"WebPage\",\"@id\":\"https:\/\/staging.varesenews.it\/2021\/04\/riaprono-le-isole-borromee-sul-lago-maggiore\/1333767\/\",\"url\":\"https:\/\/staging.varesenews.it\/2021\/04\/riaprono-le-isole-borromee-sul-lago-maggiore\/1333767\/\",\"name\":\"Riaprono le Isole Borromee sul Lago Maggiore\",\"isPartOf\":{\"@id\":\"https:\/\/staging.varesenews.it\/#website\"},\"datePublished\":\"2021-04-29T13:01:45+00:00\",\"dateModified\":\"2021-04-30T08:38:57+00:00\",\"author\":{\"@id\":\"https:\/\/staging.varesenews.it\/#\/schema\/person\/5bf790e99d7ec50061119cc825c454de\"},\"description\":\"La stagione inizia con l\u2019apertura\u00a0nei soli fine settimana del mese di maggio\u00a0e proseguir\u00e0\u00a0da giugno con possibilit\u00e0 di ingresso anche infrasettimanale\",\"breadcrumb\":{\"@id\":\"https:\/\/staging.varesenews.it\/2021\/04\/riaprono-le-isole-borromee-sul-lago-maggiore\/1333767\/#breadcrumb\"},\"inLanguage\":\"it-IT\",\"potentialAction\":[{\"@type\":\"ReadAction\",\"target\":[\"https:\/\/staging.varesenews.it\/2021\/04\/riaprono-le-isole-borromee-sul-lago-maggiore\/1333767\/\"]}]},{\"@type\":\"BreadcrumbList\",\"@id\":\"https:\/\/staging.varesenews.it\/2021\/04\/riaprono-le-isole-borromee-sul-lago-maggiore\/1333767\/#breadcrumb\",\"itemListElement\":[{\"@type\":\"ListItem\",\"position\":1,\"name\":\"Home\",\"item\":\"https:\/\/www.varesenews.it\/\"},{\"@type\":\"ListItem\",\"position\":2,\"name\":\"Riaprono le Isole Borromee sul Lago Maggiore\"}]},{\"@type\":\"WebSite\",\"@id\":\"https:\/\/staging.varesenews.it\/#website\",\"url\":\"https:\/\/staging.varesenews.it\/\",\"name\":\"VareseNews\",\"description\":\"\",\"potentialAction\":[{\"@type\":\"SearchAction\",\"target\":{\"@type\":\"EntryPoint\",\"urlTemplate\":\"https:\/\/staging.varesenews.it\/?s={search_term_string}\"},\"query-input\":\"required name=search_term_string\"}],\"inLanguage\":\"it-IT\"},{\"@type\":\"Person\",\"@id\":\"https:\/\/staging.varesenews.it\/#\/schema\/person\/5bf790e99d7ec50061119cc825c454de\",\"name\":\"Maria Carla Cebrelli\",\"image\":{\"@type\":\"ImageObject\",\"inLanguage\":\"it-IT\",\"@id\":\"https:\/\/staging.varesenews.it\/#\/schema\/person\/image\/\",\"url\":\"https:\/\/staging.varesenews.it\/wp-content\/uploads\/2020\/12\/mariacarla_cebrelli_colori_500-1.jpg\",\"contentUrl\":\"https:\/\/staging.varesenews.it\/wp-content\/uploads\/2020\/12\/mariacarla_cebrelli_colori_500-1.jpg\",\"caption\":\"Maria Carla Cebrelli\"},\"description\":\"Economista di formazione, giornalista per passione. A VareseNews dal 2005, mi sono occupata negli anni di universit&agrave;, tematiche di confine, news locali e comunicazione nel settore sociale. Attualmente sono responsabile di VerbanoNews, del canale di VareseNews dedicato al Turismo e seguo i social dell'area business.\",\"sameAs\":[\"https:\/\/www.facebook.com\/mariacarla.cebrelli\",\"pikapiketti\",\"https:\/\/twitter.com\/pikapiketti\"],\"url\":\"https:\/\/staging.varesenews.it\/persona\/mariacarla-cebrelli1\/\"}]}<\/script>\n<!-- \/ Yoast SEO plugin. -->","yoast_head_json":{"title":"Riaprono le Isole Borromee sul Lago Maggiore","description":"La stagione inizia con l\u2019apertura\u00a0nei soli fine settimana del mese di maggio\u00a0e proseguir\u00e0\u00a0da giugno con possibilit\u00e0 di ingresso anche infrasettimanale","robots":{"index":"noindex","follow":"follow","max-snippet":"max-snippet:-1","max-image-preview":"max-image-preview:large","max-video-preview":"max-video-preview:-1"},"og_locale":"it_IT","og_type":"article","og_title":"Riaprono le Isole Borromee sul Lago Maggiore","og_description":"La stagione inizia con l\u2019apertura\u00a0nei soli fine settimana del mese di maggio\u00a0e proseguir\u00e0\u00a0da giugno con possibilit\u00e0 di ingresso anche infrasettimanale","og_url":"https:\/\/staging.varesenews.it\/2021\/04\/riaprono-le-isole-borromee-sul-lago-maggiore\/1333767\/","og_site_name":"VareseNews","article_publisher":"https:\/\/www.facebook.com\/varesenews","article_author":"https:\/\/www.facebook.com\/mariacarla.cebrelli","article_published_time":"2021-04-29T13:01:45+00:00","article_modified_time":"2021-04-30T08:38:57+00:00","author":"Maria Carla Cebrelli","twitter_card":"summary_large_image","twitter_creator":"@pikapiketti","twitter_site":"@varesenews","twitter_misc":{"Scritto da":"Maria Carla Cebrelli","Tempo di lettura stimato":"4 minuti"},"schema":{"@context":"https:\/\/schema.org","@graph":[{"@type":"WebPage","@id":"https:\/\/staging.varesenews.it\/2021\/04\/riaprono-le-isole-borromee-sul-lago-maggiore\/1333767\/","url":"https:\/\/staging.varesenews.it\/2021\/04\/riaprono-le-isole-borromee-sul-lago-maggiore\/1333767\/","name":"Riaprono le Isole Borromee sul Lago Maggiore","isPartOf":{"@id":"https:\/\/staging.varesenews.it\/#website"},"datePublished":"2021-04-29T13:01:45+00:00","dateModified":"2021-04-30T08:38:57+00:00","author":{"@id":"https:\/\/staging.varesenews.it\/#\/schema\/person\/5bf790e99d7ec50061119cc825c454de"},"description":"La stagione inizia con l\u2019apertura\u00a0nei soli fine settimana del mese di maggio\u00a0e proseguir\u00e0\u00a0da giugno con possibilit\u00e0 di ingresso anche infrasettimanale","breadcrumb":{"@id":"https:\/\/staging.varesenews.it\/2021\/04\/riaprono-le-isole-borromee-sul-lago-maggiore\/1333767\/#breadcrumb"},"inLanguage":"it-IT","potentialAction":[{"@type":"ReadAction","target":["https:\/\/staging.varesenews.it\/2021\/04\/riaprono-le-isole-borromee-sul-lago-maggiore\/1333767\/"]}]},{"@type":"BreadcrumbList","@id":"https:\/\/staging.varesenews.it\/2021\/04\/riaprono-le-isole-borromee-sul-lago-maggiore\/1333767\/#breadcrumb","itemListElement":[{"@type":"ListItem","position":1,"name":"Home","item":"https:\/\/www.varesenews.it\/"},{"@type":"ListItem","position":2,"name":"Riaprono le Isole Borromee sul Lago Maggiore"}]},{"@type":"WebSite","@id":"https:\/\/staging.varesenews.it\/#website","url":"https:\/\/staging.varesenews.it\/","name":"VareseNews","description":"","potentialAction":[{"@type":"SearchAction","target":{"@type":"EntryPoint","urlTemplate":"https:\/\/staging.varesenews.it\/?s={search_term_string}"},"query-input":"required name=search_term_string"}],"inLanguage":"it-IT"},{"@type":"Person","@id":"https:\/\/staging.varesenews.it\/#\/schema\/person\/5bf790e99d7ec50061119cc825c454de","name":"Maria Carla Cebrelli","image":{"@type":"ImageObject","inLanguage":"it-IT","@id":"https:\/\/staging.varesenews.it\/#\/schema\/person\/image\/","url":"https:\/\/staging.varesenews.it\/wp-content\/uploads\/2020\/12\/mariacarla_cebrelli_colori_500-1.jpg","contentUrl":"https:\/\/staging.varesenews.it\/wp-content\/uploads\/2020\/12\/mariacarla_cebrelli_colori_500-1.jpg","caption":"Maria Carla Cebrelli"},"description":"Economista di formazione, giornalista per passione. A VareseNews dal 2005, mi sono occupata negli anni di universit&agrave;, tematiche di confine, news locali e comunicazione nel settore sociale. Attualmente sono responsabile di VerbanoNews, del canale di VareseNews dedicato al Turismo e seguo i social dell'area business.","sameAs":["https:\/\/www.facebook.com\/mariacarla.cebrelli","pikapiketti","https:\/\/twitter.com\/pikapiketti"],"url":"https:\/\/staging.varesenews.it\/persona\/mariacarla-cebrelli1\/"}]}},"post_meta":{"_encloseme":"1","ratings_users":"0","ratings_score":"0","ratings_average":"0","_wpt_short_url":"http:\/\/www.varesenews.it\/2021\/04\/riaprono-le-isole-borromee-sul-lago-maggiore\/1333767\/","_wp_jd_target":"http:\/\/www.varesenews.it\/2021\/04\/riaprono-le-isole-borromee-sul-lago-maggiore\/1333767\/","_jd_wp_twitter":"a:1:{i:0;s:132:\"Riaprono le Isole Borromee sul Lago Maggiore http:\/\/www.varesenews.it\/2021\/04\/riaprono-le-isole-borromee-sul-lago-maggiore\/1333767\/ \";}","_wpt_status_message":"Tweet inviato con successo.","_oembed_a9b87e8b99a30c21039d9cb5b9bd4fb4":"<blockquote class=\"wp-embedded-content\" data-secret=\"ah66ocEAsy\"><a href=\"https:\/\/www.verbanonews.it\/aree-geografiche\/piemonte\/2021\/04\/27\/coronavirus-667-nuovi-positivi-e-27-decessi-in-piemonte\/930070\/\">Coronavirus: 667 nuovi positivi e 27 decessi in Piemonte<\/a><\/blockquote><iframe class=\"wp-embedded-content\" sandbox=\"allow-scripts\" security=\"restricted\" style=\"position: absolute; clip: rect(1px, 1px, 1px, 1px);\" src=\"https:\/\/www.verbanonews.it\/aree-geografiche\/piemonte\/2021\/04\/27\/coronavirus-667-nuovi-positivi-e-27-decessi-in-piemonte\/930070\/embed\/#?secret=ah66ocEAsy\" data-secret=\"ah66ocEAsy\" width=\"500\" height=\"282\" title=\"&#8220;Coronavirus: 667 nuovi positivi e 27 decessi in Piemonte&#8221; &#8212; VerbanoNews\" frameborder=\"0\" marginwidth=\"0\" marginheight=\"0\" scrolling=\"no\"><\/iframe>","_oembed_time_a9b87e8b99a30c21039d9cb5b9bd4fb4":"1619701340","foto":"662120","firma-personalizzata":"redazione.verbanonews@gmail.com","argomento":"Turismo","edinet_newssharer_oguid":"https:\/\/www.verbanonews.it\/?p=930143","edinet_newssharer_canonical":"https:\/\/www.verbanonews.it\/canali-tematici\/turismo\/2021\/04\/29\/riaprono-le-isole-borromee-sul-lago-maggiore\/930143\/","_oembed_4adf1accac767577a5cdd6bb4b1fca8d":"<blockquote class=\"wp-embedded-content\" data-secret=\"DxoWuEmgPb\"><a href=\"https:\/\/www.varesenews.it\/2021\/04\/zona-franca-gli-spostamenti-italia-svizzera-la-proposta-parlamento\/1331423\/\">Una &#8220;zona franca&#8221; per gli spostamenti tra Italia e Svizzera, la proposta in Parlamento<\/a><\/blockquote><iframe class=\"wp-embedded-content\" sandbox=\"allow-scripts\" security=\"restricted\" style=\"position: absolute; clip: rect(1px, 1px, 1px, 1px);\" src=\"https:\/\/www.varesenews.it\/2021\/04\/zona-franca-gli-spostamenti-italia-svizzera-la-proposta-parlamento\/1331423\/embed\/#?secret=DxoWuEmgPb\" data-secret=\"DxoWuEmgPb\" width=\"500\" height=\"282\" title=\"&#8220;Una &#8220;zona franca&#8221; per gli spostamenti tra Italia e Svizzera, la proposta in Parlamento&#8221; &#8212; VareseNews\" frameborder=\"0\" marginwidth=\"0\" marginheight=\"0\" scrolling=\"no\"><\/iframe>","_oembed_time_4adf1accac767577a5cdd6bb4b1fca8d":"1619701340","_oembed_d2262154808e573209574f84b584ccc6":"<blockquote class=\"wp-embedded-content\" data-secret=\"MaFeKyg93w\"><a href=\"https:\/\/www.varesenews.it\/2021\/01\/guida-pratica-alla-filantropia-perche-la-bonta-non-basta\/1296131\/\">Guida pratica alla filantropia, perch\u00e9 la bont\u00e0 non basta<\/a><\/blockquote><iframe class=\"wp-embedded-content\" sandbox=\"allow-scripts\" security=\"restricted\" style=\"position: absolute; clip: rect(1px, 1px, 1px, 1px);\" src=\"https:\/\/www.varesenews.it\/2021\/01\/guida-pratica-alla-filantropia-perche-la-bonta-non-basta\/1296131\/embed\/#?secret=MaFeKyg93w\" data-secret=\"MaFeKyg93w\" width=\"500\" height=\"282\" title=\"&#8220;Guida pratica alla filantropia, perch\u00e9 la bont\u00e0 non basta&#8221; &#8212; VareseNews\" frameborder=\"0\" marginwidth=\"0\" marginheight=\"0\" scrolling=\"no\"><\/iframe>","_oembed_time_d2262154808e573209574f84b584ccc6":"1619701340","_oembed_2b2e77620e374e8b7eea75a35431702b":"<iframe width=\"500\" height=\"281\" src=\"https:\/\/www.youtube.com\/embed\/ZFRzqsi0bM8?feature=oembed\" frameborder=\"0\" allow=\"accelerometer; autoplay; clipboard-write; encrypted-media; gyroscope; picture-in-picture\" allowfullscreen><\/iframe>","_oembed_time_2b2e77620e374e8b7eea75a35431702b":"1619701340","_oembed_d75ce07b1cbfb7110e8895e6c0e27a57":"<blockquote class=\"wp-embedded-content\" data-secret=\"IV6sbJu8cC\"><a href=\"https:\/\/www.verbanonews.it\/aree-geografiche\/lombardia\/2021\/04\/26\/568-nuovi-positivi-in-piemonte\/930008\/\">568 nuovi positivi in Piemonte<\/a><\/blockquote><iframe class=\"wp-embedded-content\" sandbox=\"allow-scripts\" security=\"restricted\" style=\"position: absolute; clip: rect(1px, 1px, 1px, 1px);\" src=\"https:\/\/www.verbanonews.it\/aree-geografiche\/lombardia\/2021\/04\/26\/568-nuovi-positivi-in-piemonte\/930008\/embed\/#?secret=IV6sbJu8cC\" data-secret=\"IV6sbJu8cC\" width=\"500\" height=\"282\" title=\"&#8220;568 nuovi positivi in Piemonte&#8221; &#8212; VerbanoNews\" frameborder=\"0\" marginwidth=\"0\" marginheight=\"0\" scrolling=\"no\"><\/iframe>","_oembed_time_d75ce07b1cbfb7110e8895e6c0e27a57":"1619701340","_oembed_19b8881a9f211421141ce083d886c2d4":"<blockquote class=\"wp-embedded-content\" data-secret=\"lTUaaEkQcl\"><a href=\"https:\/\/www.varesenews.it\/2012\/10\/chiesa-san-pietro-gallarate-storia-restauro\/77316\/\">Gli uomini che riscoprirono San Pietro<\/a><\/blockquote><iframe class=\"wp-embedded-content\" sandbox=\"allow-scripts\" security=\"restricted\" style=\"position: absolute; clip: rect(1px, 1px, 1px, 1px);\" src=\"https:\/\/www.varesenews.it\/2012\/10\/chiesa-san-pietro-gallarate-storia-restauro\/77316\/embed\/#?secret=lTUaaEkQcl\" data-secret=\"lTUaaEkQcl\" width=\"500\" height=\"282\" title=\"&#8220;Gli uomini che riscoprirono San Pietro&#8221; &#8212; VareseNews\" frameborder=\"0\" marginwidth=\"0\" marginheight=\"0\" scrolling=\"no\"><\/iframe>","_oembed_time_19b8881a9f211421141ce083d886c2d4":"1619701496","_oembed_83eb48323d2dc975c20985cfcd388a40":"<blockquote class=\"wp-embedded-content\" data-secret=\"wPTlmlD2fM\"><a href=\"https:\/\/www.varesenews.it\/2021\/04\/varese-canottaggio-non-si-ferma-gli-europei-arriva-festival-dei-giovani\/1333641\/\">Varese, il canottaggio non si ferma: dopo gli Europei arriva il Festival dei Giovani<\/a><\/blockquote><iframe class=\"wp-embedded-content\" sandbox=\"allow-scripts\" security=\"restricted\" style=\"position: absolute; clip: rect(1px, 1px, 1px, 1px);\" src=\"https:\/\/www.varesenews.it\/2021\/04\/varese-canottaggio-non-si-ferma-gli-europei-arriva-festival-dei-giovani\/1333641\/embed\/#?secret=wPTlmlD2fM\" data-secret=\"wPTlmlD2fM\" width=\"500\" height=\"282\" title=\"&#8220;Varese, il canottaggio non si ferma: dopo gli Europei arriva il Festival dei Giovani&#8221; &#8212; VareseNews\" frameborder=\"0\" marginwidth=\"0\" marginheight=\"0\" scrolling=\"no\"><\/iframe>","_oembed_time_83eb48323d2dc975c20985cfcd388a40":"1619701496","_oembed_6ef681be45437093d4006c5ec0bd3e80":"<blockquote class=\"wp-embedded-content\" data-secret=\"achaAbHftJ\"><a href=\"https:\/\/www.varesenews.it\/2021\/04\/rigenerazione-urbana-busto-arsizio-entro-2026-larea-delle-nord-sara-centro\/1332961\/\">Rigenerazione urbana a Busto Arsizio, entro il 2026 l&#8217;Area delle Nord sar\u00e0 il nuovo centro<\/a><\/blockquote><iframe class=\"wp-embedded-content\" sandbox=\"allow-scripts\" security=\"restricted\" style=\"position: absolute; clip: rect(1px, 1px, 1px, 1px);\" src=\"https:\/\/www.varesenews.it\/2021\/04\/rigenerazione-urbana-busto-arsizio-entro-2026-larea-delle-nord-sara-centro\/1332961\/embed\/#?secret=achaAbHftJ\" data-secret=\"achaAbHftJ\" width=\"500\" height=\"282\" title=\"&#8220;Rigenerazione urbana a Busto Arsizio, entro il 2026 l&#8217;Area delle Nord sar\u00e0 il nuovo centro&#8221; &#8212; VareseNews\" frameborder=\"0\" marginwidth=\"0\" marginheight=\"0\" scrolling=\"no\"><\/iframe>","_oembed_time_6ef681be45437093d4006c5ec0bd3e80":"1619701496","_oembed_d05b36ced61fb7c25ff40880eb9251a7":"<blockquote class=\"wp-embedded-content\" data-secret=\"f4Ud4GkGwf\"><a href=\"https:\/\/www.varesenews.it\/2021\/04\/tutta-bodio-piange-arianna-bella-dentro\/1332977\/\">Tutta Bodio piange Arianna: &#8220;Era bella, dentro e fuori&#8221;<\/a><\/blockquote><iframe class=\"wp-embedded-content\" sandbox=\"allow-scripts\" security=\"restricted\" style=\"position: absolute; clip: rect(1px, 1px, 1px, 1px);\" src=\"https:\/\/www.varesenews.it\/2021\/04\/tutta-bodio-piange-arianna-bella-dentro\/1332977\/embed\/#?secret=f4Ud4GkGwf\" data-secret=\"f4Ud4GkGwf\" width=\"500\" height=\"282\" title=\"&#8220;Tutta Bodio piange Arianna: &#8220;Era bella, dentro e fuori&#8221;&#8221; &#8212; VareseNews\" frameborder=\"0\" marginwidth=\"0\" marginheight=\"0\" scrolling=\"no\"><\/iframe>","_oembed_time_d05b36ced61fb7c25ff40880eb9251a7":"1619701496","_edit_last":"43","_edit_lock":"1619771941:43"},"photos":[{"original":"https:\/\/staging.varesenews.it\/photogallery_new\/images\/2018\/03\/lago-maggiore-e-matrimoni-662120.jpg","full":"https:\/\/staging.varesenews.it\/photogallery_new\/images\/2018\/03\/lago-maggiore-e-matrimoni-662120.1024x768.jpg","large":"https:\/\/staging.varesenews.it\/photogallery_new\/images\/2018\/03\/lago-maggiore-e-matrimoni-662120.610x431.jpg"}],"_links":{"self":[{"href":"https:\/\/staging.varesenews.it\/swgapi\/v1\/wp\/v2\/posts\/1333767"}],"collection":[{"href":"https:\/\/staging.varesenews.it\/swgapi\/v1\/wp\/v2\/posts"}],"about":[{"href":"https:\/\/staging.varesenews.it\/swgapi\/v1\/wp\/v2\/types\/post"}],"author":[{"embeddable":true,"href":"https:\/\/staging.varesenews.it\/swgapi\/v1\/wp\/v2\/users\/43"}],"replies":[{"embeddable":true,"href":"https:\/\/staging.varesenews.it\/swgapi\/v1\/wp\/v2\/comments?post=1333767"}],"version-history":[{"count":0,"href":"https:\/\/staging.varesenews.it\/swgapi\/v1\/wp\/v2\/posts\/1333767\/revisions"}],"wp:attachment":[{"href":"https:\/\/staging.varesenews.it\/swgapi\/v1\/wp\/v2\/media?parent=1333767"}],"wp:term":[{"taxonomy":"category","embeddable":true,"href":"https:\/\/staging.varesenews.it\/swgapi\/v1\/wp\/v2\/categories?post=1333767"},{"taxonomy":"post_tag","embeddable":true,"href":"https:\/\/staging.varesenews.it\/swgapi\/v1\/wp\/v2\/tags?post=1333767"}],"curies":[{"name":"wp","href":"https:\/\/api.w.org\/{rel}","templated":true}]}}