{"id":1335605,"date":"2021-05-05T14:34:59","date_gmt":"2021-05-05T12:34:59","guid":{"rendered":"https:\/\/www.varesenews.it\/?p=1335605"},"modified":"2021-05-05T17:21:41","modified_gmt":"2021-05-05T15:21:41","slug":"storie-uisp-canestro-viking-vergiate-accademia-vco","status":"publish","type":"post","link":"https:\/\/staging.varesenews.it\/2021\/05\/storie-uisp-canestro-viking-vergiate-accademia-vco\/1335605\/","title":{"rendered":"Storie Uisp sotto canestro: Vikings Vergiate e Accademia VCO"},"content":{"rendered":"<p>Ospiti di questa settimana a <strong>Overtime Live<\/strong>, la rubrica che tutti i luned\u00ec alle 20.45 va in diretta sulla pagina Facebook <strong>Pallacanestro Uisp Varese<\/strong> sono stati i dirigenti di due squadre che aderiscono al campionato varesino non solo da fuori provincia, ma addirittura da fuori regione: <strong>Alessandro Burlini per Accademia VCO e Filippo Luini per Vikings Vergiate<\/strong>.<\/p>\n<p>\u00c8 vero, Vergiate \u00e8 in provincia di Varese, ma la squadra fa riferimento anche ai territori di <strong>Borgo Ticino e Castelletto Ticino<\/strong>, confinanti ma gi\u00e0 in Piemonte.<br \/>\nE proprio il Piemonte, terra dove non a caso \u00e8 nata la realt\u00e0 e la filosofia di Slow Food, \u00e8 la <strong>trasferta pi\u00f9 amata dagli arbitri<\/strong>, come rivela durante la puntata Renato Vagaggini, punto di riferimento della SdA Pallacanestro Uisp Varese. Conferma Alessandro Burlini \u00abgli arbitri apprezzano il nostro <strong>spirito, agonistico in campo e pi\u00f9 goliardico<\/strong> gi\u00e0 dalla panchina. E nel dopo partita, spesso, ci troviamo tutti al <strong>ristorante:<\/strong> squadra ospite, padroni di casa e arbitri\u00bb.<\/p>\n<p>Qualit\u00e0 solo mangerecce, quindi? Chiaramente no. <strong>Due storie di basket di lungo corso<\/strong>, VCO e Vikings. \u00abSiamo nati come <strong>giovanili della Fulgor di Omegna<\/strong> \u2013 racconta ancora Burlini \u2013 ma dopo pochi anni ci siamo resi conto di avere obiettivi diversi. Siamo diventati <strong>indipendenti e abbiamo scoperto la Uisp\u00bb<\/strong>. Con quella di Varese, in particolare, la formula ha funzionato per due motivi: prima di tutto la possibilit\u00e0 di <strong>accorciare i tempi delle trasferte<\/strong>, che da Verbania avrebbero portato le squadre in localit\u00e0 di tutto il Piemonte, e poi \u00abperch\u00e9 con Uisp la <strong>burocrazia di fatto non esiste<\/strong>: l\u2019organizzazione funziona perfettamente con poche telefonate\u00bb.<\/p>\n<p>I <strong>Vikings Vergiate,<\/strong> invece, in questi giorni festeggiano il loro <strong>primo decennale<\/strong>. E Luini, che di mestiere cura i social media per la <strong>Adr Comunicazione<\/strong> (la societ\u00e0 che si occupa di una serie di contenuti per Sportonlive, l\u2019innovativo sistema che d\u00e0 spazio e visibilit\u00e0 a tutte le formazioni del campionato Uisp Varese), pone l\u2019accento sulla comunicazione: \u00abLa possibilit\u00e0 di <strong>vedere praticamente in tempo reale come sono andate le partite<\/strong>, di trovare il <strong>nome di tutti i giocatori<\/strong> \u00e8 un valore aggiunto da non sottovalutare. Soprattutto nelle giovanili, dove genitori e parenti vari sono sempre orgogliosi di vedere il nome del proprio figlio a fianco ad una buona prestazione in campo\u00bb.<\/p>\n<p>I progetti per l\u2019estate sono tutti rivolti ai pi\u00f9 giovani: <strong>campi estivi dedicati al basket<\/strong> ma anche <strong>multisport<\/strong>, per ora giornalieri sul territorio, senza per\u00f2 escludere la possibilit\u00e0 di riprendere le trasferte al mare o ai monti. \u00ab\u00c8 quel che ci auguriamo \u2013 conclude Luini \u2013 ma per ora ci <strong>basta far tornare i ragazzi in campo\u00bb<\/strong>.<\/p>\n<blockquote><p><span style=\"color: #008000;\"><strong>SPECIALE UISP<\/strong><\/span>\u00a0\u2013\u00a0<a href=\"https:\/\/www.varesenews.it\/tag\/speciale-uisp\/\">Tutti gli articoli di VareseNews<\/a><\/p><\/blockquote>\n","protected":false},"excerpt":{"rendered":"<p>Al campionato Uisp varesino partecipano anche realt\u00e0 piemontesi. E spesso il dopo partita finisce a tavola<\/p>\n","protected":false},"author":38,"featured_media":0,"comment_status":"open","ping_status":"open","sticky":false,"template":"","format":"standard","meta":{"footnotes":""},"categories":[14],"tags":[114313,153,106660,104640,114312],"acf":[],"yoast_head":"<!-- This site is optimized with the Yoast SEO plugin v20.1 - https:\/\/yoast.com\/wordpress\/plugins\/seo\/ -->\n<title>Storie Uisp sotto canestro: Vikings Vergiate e Accademia VCO<\/title>\n<meta name=\"description\" content=\"Al campionato Uisp varesino partecipano anche realt\u00e0 piemontesi. E spesso il dopo partita finisce a tavola\" \/>\n<meta name=\"robots\" content=\"noindex, follow, max-snippet:-1, max-image-preview:large, max-video-preview:-1\" \/>\n<meta property=\"og:locale\" content=\"it_IT\" \/>\n<meta property=\"og:type\" content=\"article\" \/>\n<meta property=\"og:title\" content=\"Storie Uisp sotto canestro: Vikings Vergiate e Accademia VCO\" \/>\n<meta property=\"og:description\" content=\"Al campionato Uisp varesino partecipano anche realt\u00e0 piemontesi. E spesso il dopo partita finisce a tavola\" \/>\n<meta property=\"og:url\" content=\"https:\/\/staging.varesenews.it\/2021\/05\/storie-uisp-canestro-viking-vergiate-accademia-vco\/1335605\/\" \/>\n<meta property=\"og:site_name\" content=\"VareseNews\" \/>\n<meta property=\"article:publisher\" content=\"https:\/\/www.facebook.com\/varesenews\" \/>\n<meta property=\"article:published_time\" content=\"2021-05-05T12:34:59+00:00\" \/>\n<meta property=\"article:modified_time\" content=\"2021-05-05T15:21:41+00:00\" \/>\n<meta name=\"author\" content=\"Damiano Franzetti\" \/>\n<meta name=\"twitter:card\" content=\"summary_large_image\" \/>\n<meta name=\"twitter:creator\" content=\"@damianofranz\" \/>\n<meta name=\"twitter:site\" content=\"@varesenews\" \/>\n<meta name=\"twitter:label1\" content=\"Scritto da\" \/>\n\t<meta name=\"twitter:data1\" content=\"Damiano Franzetti\" \/>\n\t<meta name=\"twitter:label2\" content=\"Tempo di lettura stimato\" \/>\n\t<meta name=\"twitter:data2\" content=\"2 minuti\" \/>\n<script type=\"application\/ld+json\" class=\"yoast-schema-graph\">{\"@context\":\"https:\/\/schema.org\",\"@graph\":[{\"@type\":\"WebPage\",\"@id\":\"https:\/\/staging.varesenews.it\/2021\/05\/storie-uisp-canestro-viking-vergiate-accademia-vco\/1335605\/\",\"url\":\"https:\/\/staging.varesenews.it\/2021\/05\/storie-uisp-canestro-viking-vergiate-accademia-vco\/1335605\/\",\"name\":\"Storie Uisp sotto canestro: Vikings Vergiate e Accademia VCO\",\"isPartOf\":{\"@id\":\"https:\/\/staging.varesenews.it\/#website\"},\"datePublished\":\"2021-05-05T12:34:59+00:00\",\"dateModified\":\"2021-05-05T15:21:41+00:00\",\"author\":{\"@id\":\"https:\/\/staging.varesenews.it\/#\/schema\/person\/709ae3769f6b4dbde8ec332baede8a5b\"},\"description\":\"Al campionato Uisp varesino partecipano anche realt\u00e0 piemontesi. E spesso il dopo partita finisce a tavola\",\"breadcrumb\":{\"@id\":\"https:\/\/staging.varesenews.it\/2021\/05\/storie-uisp-canestro-viking-vergiate-accademia-vco\/1335605\/#breadcrumb\"},\"inLanguage\":\"it-IT\",\"potentialAction\":[{\"@type\":\"ReadAction\",\"target\":[\"https:\/\/staging.varesenews.it\/2021\/05\/storie-uisp-canestro-viking-vergiate-accademia-vco\/1335605\/\"]}]},{\"@type\":\"BreadcrumbList\",\"@id\":\"https:\/\/staging.varesenews.it\/2021\/05\/storie-uisp-canestro-viking-vergiate-accademia-vco\/1335605\/#breadcrumb\",\"itemListElement\":[{\"@type\":\"ListItem\",\"position\":1,\"name\":\"Home\",\"item\":\"https:\/\/www.varesenews.it\/\"},{\"@type\":\"ListItem\",\"position\":2,\"name\":\"Storie Uisp sotto canestro: Vikings Vergiate e Accademia VCO\"}]},{\"@type\":\"WebSite\",\"@id\":\"https:\/\/staging.varesenews.it\/#website\",\"url\":\"https:\/\/staging.varesenews.it\/\",\"name\":\"VareseNews\",\"description\":\"\",\"potentialAction\":[{\"@type\":\"SearchAction\",\"target\":{\"@type\":\"EntryPoint\",\"urlTemplate\":\"https:\/\/staging.varesenews.it\/?s={search_term_string}\"},\"query-input\":\"required name=search_term_string\"}],\"inLanguage\":\"it-IT\"},{\"@type\":\"Person\",\"@id\":\"https:\/\/staging.varesenews.it\/#\/schema\/person\/709ae3769f6b4dbde8ec332baede8a5b\",\"name\":\"Damiano Franzetti\",\"image\":{\"@type\":\"ImageObject\",\"inLanguage\":\"it-IT\",\"@id\":\"https:\/\/staging.varesenews.it\/#\/schema\/person\/image\/\",\"url\":\"https:\/\/staging.varesenews.it\/wp-content\/uploads\/2020\/12\/damiano_franzetti_colori_500.jpg\",\"contentUrl\":\"https:\/\/staging.varesenews.it\/wp-content\/uploads\/2020\/12\/damiano_franzetti_colori_500.jpg\",\"caption\":\"Damiano Franzetti\"},\"description\":\"Classe 1976, una laurea (nel cassetto) in scienze e tecnologie alimentari; sono giornalista professionista dal 2009 nato e cresciuto con VareseNews dove mi occupo soprattutto di sport ormai da vent&rsquo;anni. Inviato sui campi (sulle piste, sulle strade...), intervistatore, coordinatore e responsabile delle pagine sportive, mi ritaglio volentieri lo spazio per scrivere di birra sul blog Malto Gradimento. Ho seguito innumerevoli campionati di Serie A di basket, di serie B di calcio, due Mondiali di ciclismo, qualche Giro d&rsquo;;Italia e tanto altro ancora. Collaboro con Tuttosport e altre testate, mi diletto di social. Ho una moglie, un figlio, vivo nella mia Gemonio e ho purtroppo smesso con il basket giocato. &nbsp;\",\"sameAs\":[\"damianofranz\",\"https:\/\/www.linkedin.com\/profile\/view?id=241597124&trk=nav_responsive_tab_profile\",\"https:\/\/twitter.com\/damianofranz\"],\"url\":\"https:\/\/staging.varesenews.it\/persona\/damiano_franzetti-2\/\"}]}<\/script>\n<!-- \/ Yoast SEO plugin. -->","yoast_head_json":{"title":"Storie Uisp sotto canestro: Vikings Vergiate e Accademia VCO","description":"Al campionato Uisp varesino partecipano anche realt\u00e0 piemontesi. E spesso il dopo partita finisce a tavola","robots":{"index":"noindex","follow":"follow","max-snippet":"max-snippet:-1","max-image-preview":"max-image-preview:large","max-video-preview":"max-video-preview:-1"},"og_locale":"it_IT","og_type":"article","og_title":"Storie Uisp sotto canestro: Vikings Vergiate e Accademia VCO","og_description":"Al campionato Uisp varesino partecipano anche realt\u00e0 piemontesi. E spesso il dopo partita finisce a tavola","og_url":"https:\/\/staging.varesenews.it\/2021\/05\/storie-uisp-canestro-viking-vergiate-accademia-vco\/1335605\/","og_site_name":"VareseNews","article_publisher":"https:\/\/www.facebook.com\/varesenews","article_published_time":"2021-05-05T12:34:59+00:00","article_modified_time":"2021-05-05T15:21:41+00:00","author":"Damiano Franzetti","twitter_card":"summary_large_image","twitter_creator":"@damianofranz","twitter_site":"@varesenews","twitter_misc":{"Scritto da":"Damiano Franzetti","Tempo di lettura stimato":"2 minuti"},"schema":{"@context":"https:\/\/schema.org","@graph":[{"@type":"WebPage","@id":"https:\/\/staging.varesenews.it\/2021\/05\/storie-uisp-canestro-viking-vergiate-accademia-vco\/1335605\/","url":"https:\/\/staging.varesenews.it\/2021\/05\/storie-uisp-canestro-viking-vergiate-accademia-vco\/1335605\/","name":"Storie Uisp sotto canestro: Vikings Vergiate e Accademia VCO","isPartOf":{"@id":"https:\/\/staging.varesenews.it\/#website"},"datePublished":"2021-05-05T12:34:59+00:00","dateModified":"2021-05-05T15:21:41+00:00","author":{"@id":"https:\/\/staging.varesenews.it\/#\/schema\/person\/709ae3769f6b4dbde8ec332baede8a5b"},"description":"Al campionato Uisp varesino partecipano anche realt\u00e0 piemontesi. E spesso il dopo partita finisce a tavola","breadcrumb":{"@id":"https:\/\/staging.varesenews.it\/2021\/05\/storie-uisp-canestro-viking-vergiate-accademia-vco\/1335605\/#breadcrumb"},"inLanguage":"it-IT","potentialAction":[{"@type":"ReadAction","target":["https:\/\/staging.varesenews.it\/2021\/05\/storie-uisp-canestro-viking-vergiate-accademia-vco\/1335605\/"]}]},{"@type":"BreadcrumbList","@id":"https:\/\/staging.varesenews.it\/2021\/05\/storie-uisp-canestro-viking-vergiate-accademia-vco\/1335605\/#breadcrumb","itemListElement":[{"@type":"ListItem","position":1,"name":"Home","item":"https:\/\/www.varesenews.it\/"},{"@type":"ListItem","position":2,"name":"Storie Uisp sotto canestro: Vikings Vergiate e Accademia VCO"}]},{"@type":"WebSite","@id":"https:\/\/staging.varesenews.it\/#website","url":"https:\/\/staging.varesenews.it\/","name":"VareseNews","description":"","potentialAction":[{"@type":"SearchAction","target":{"@type":"EntryPoint","urlTemplate":"https:\/\/staging.varesenews.it\/?s={search_term_string}"},"query-input":"required name=search_term_string"}],"inLanguage":"it-IT"},{"@type":"Person","@id":"https:\/\/staging.varesenews.it\/#\/schema\/person\/709ae3769f6b4dbde8ec332baede8a5b","name":"Damiano Franzetti","image":{"@type":"ImageObject","inLanguage":"it-IT","@id":"https:\/\/staging.varesenews.it\/#\/schema\/person\/image\/","url":"https:\/\/staging.varesenews.it\/wp-content\/uploads\/2020\/12\/damiano_franzetti_colori_500.jpg","contentUrl":"https:\/\/staging.varesenews.it\/wp-content\/uploads\/2020\/12\/damiano_franzetti_colori_500.jpg","caption":"Damiano Franzetti"},"description":"Classe 1976, una laurea (nel cassetto) in scienze e tecnologie alimentari; sono giornalista professionista dal 2009 nato e cresciuto con VareseNews dove mi occupo soprattutto di sport ormai da vent&rsquo;anni. Inviato sui campi (sulle piste, sulle strade...), intervistatore, coordinatore e responsabile delle pagine sportive, mi ritaglio volentieri lo spazio per scrivere di birra sul blog Malto Gradimento. Ho seguito innumerevoli campionati di Serie A di basket, di serie B di calcio, due Mondiali di ciclismo, qualche Giro d&rsquo;;Italia e tanto altro ancora. Collaboro con Tuttosport e altre testate, mi diletto di social. Ho una moglie, un figlio, vivo nella mia Gemonio e ho purtroppo smesso con il basket giocato. &nbsp;","sameAs":["damianofranz","https:\/\/www.linkedin.com\/profile\/view?id=241597124&trk=nav_responsive_tab_profile","https:\/\/twitter.com\/damianofranz"],"url":"https:\/\/staging.varesenews.it\/persona\/damiano_franzetti-2\/"}]}},"post_meta":{"_edit_lock":"1620228441:38","_edit_last":"38","_category_permalink":"a:1:{s:8:\"category\";s:2:\"14\";}","firma-personalizzata":"C. F. \u2013 redazione Uisp Varese","argomento":"Speciale UISP","_yoast_wpseo_content_score":"30","_jd_tweet_this":"yes","_encloseme":"1","ratings_users":"0","ratings_score":"0","ratings_average":"0","foto":"1178220","_wpt_short_url":"https:\/\/www.varesenews.it\/2021\/05\/storie-uisp-canestro-viking-vergiate-accademia-vco\/1335605\/","_wp_jd_target":"https:\/\/www.varesenews.it\/2021\/05\/storie-uisp-canestro-viking-vergiate-accademia-vco\/1335605\/","_jd_wp_twitter":"a:1:{i:0;s:187:\"Storie Uisp sotto canestro: Viking Vergiate e Accademia VCO https:\/\/www.varesenews.it\/2021\/05\/storie-uisp-canestro-viking-vergiate-accademia-vco\/1335605\/ #accademiavco #basket #basketuisp\";}","_wpt_status_message":"Tweet inviato con successo.","_oembed_71bb9babe395bd78c09b1823a651fb16":"<blockquote class=\"wp-embedded-content\" data-secret=\"WKv2A4B4nn\"><a href=\"https:\/\/www.varesenews.it\/2021\/04\/stregavarese-leggete-romanzi-semifinalisti-del-premio-strega-insieme\/1329230\/\">StregaVarese: leggete i romanzi semifinalisti del Premio Strega insieme a noi<\/a><\/blockquote><iframe class=\"wp-embedded-content\" sandbox=\"allow-scripts\" security=\"restricted\" style=\"position: absolute; clip: rect(1px, 1px, 1px, 1px);\" src=\"https:\/\/www.varesenews.it\/2021\/04\/stregavarese-leggete-romanzi-semifinalisti-del-premio-strega-insieme\/1329230\/embed\/#?secret=WKv2A4B4nn\" data-secret=\"WKv2A4B4nn\" width=\"500\" height=\"282\" title=\"&#8220;StregaVarese: leggete i romanzi semifinalisti del Premio Strega insieme a noi&#8221; &#8212; VareseNews\" frameborder=\"0\" marginwidth=\"0\" marginheight=\"0\" scrolling=\"no\"><\/iframe>","_oembed_time_71bb9babe395bd78c09b1823a651fb16":"1620218206","_oembed_4adf1accac767577a5cdd6bb4b1fca8d":"<blockquote class=\"wp-embedded-content\" data-secret=\"ZCrii3H9Ap\"><a href=\"https:\/\/www.varesenews.it\/2021\/04\/zona-franca-gli-spostamenti-italia-svizzera-la-proposta-parlamento\/1331423\/\">Una &#8220;zona franca&#8221; per gli spostamenti tra Italia e Svizzera, la proposta in Parlamento<\/a><\/blockquote><iframe class=\"wp-embedded-content\" sandbox=\"allow-scripts\" security=\"restricted\" style=\"position: absolute; clip: rect(1px, 1px, 1px, 1px);\" src=\"https:\/\/www.varesenews.it\/2021\/04\/zona-franca-gli-spostamenti-italia-svizzera-la-proposta-parlamento\/1331423\/embed\/#?secret=ZCrii3H9Ap\" data-secret=\"ZCrii3H9Ap\" width=\"500\" height=\"282\" title=\"&#8220;Una &#8220;zona franca&#8221; per gli spostamenti tra Italia e Svizzera, la proposta in Parlamento&#8221; &#8212; VareseNews\" frameborder=\"0\" marginwidth=\"0\" marginheight=\"0\" scrolling=\"no\"><\/iframe>","_oembed_time_4adf1accac767577a5cdd6bb4b1fca8d":"1620218456","_oembed_227072c3bfe1f7815fea7e7d864272d6":"<blockquote class=\"wp-embedded-content\" data-secret=\"xGYaUFUGEN\"><a href=\"https:\/\/www.varesenews.it\/2021\/02\/la-latitanza-mirko-rosa-dura-poco-le-manette-scattano-mendrisio\/1304914\/\">La latitanza di Mirko Rosa dura poco, le manette scattano a Mendrisio<\/a><\/blockquote><iframe class=\"wp-embedded-content\" sandbox=\"allow-scripts\" security=\"restricted\" style=\"position: absolute; clip: rect(1px, 1px, 1px, 1px);\" src=\"https:\/\/www.varesenews.it\/2021\/02\/la-latitanza-mirko-rosa-dura-poco-le-manette-scattano-mendrisio\/1304914\/embed\/#?secret=xGYaUFUGEN\" data-secret=\"xGYaUFUGEN\" width=\"500\" height=\"282\" title=\"&#8220;La latitanza di Mirko Rosa dura poco, le manette scattano a Mendrisio&#8221; &#8212; VareseNews\" frameborder=\"0\" marginwidth=\"0\" marginheight=\"0\" scrolling=\"no\"><\/iframe>","_oembed_time_227072c3bfe1f7815fea7e7d864272d6":"1620218456","_oembed_4e8c6dda913a0ab3e059fee716adfa52":"<blockquote class=\"wp-embedded-content\" data-secret=\"GGIlRymLNF\"><a href=\"https:\/\/www.varesenews.it\/2021\/04\/troupe-porta-porta-lavena-ponte-tresa-parlare-frontalieri-negozi-crisi\/1330649\/\">Una troupe di &#8220;Porta a porta&#8221; a Lavena Ponte Tresa per parlare di frontalieri e negozi in crisi<\/a><\/blockquote><iframe class=\"wp-embedded-content\" sandbox=\"allow-scripts\" security=\"restricted\" style=\"position: absolute; clip: rect(1px, 1px, 1px, 1px);\" src=\"https:\/\/www.varesenews.it\/2021\/04\/troupe-porta-porta-lavena-ponte-tresa-parlare-frontalieri-negozi-crisi\/1330649\/embed\/#?secret=GGIlRymLNF\" data-secret=\"GGIlRymLNF\" width=\"500\" height=\"282\" title=\"&#8220;Una troupe di &#8220;Porta a porta&#8221; a Lavena Ponte Tresa per parlare di frontalieri e negozi in crisi&#8221; &#8212; VareseNews\" frameborder=\"0\" marginwidth=\"0\" marginheight=\"0\" scrolling=\"no\"><\/iframe>","_oembed_time_4e8c6dda913a0ab3e059fee716adfa52":"1620218456"},"photos":[{"original":"https:\/\/staging.varesenews.it\/photogallery_new\/images\/2020\/09\/pallone-basket-uisp-varese-1178220.jpg","full":"https:\/\/staging.varesenews.it\/photogallery_new\/images\/2020\/09\/pallone-basket-uisp-varese-1178220.1024x768.jpg","large":"https:\/\/staging.varesenews.it\/photogallery_new\/images\/2020\/09\/pallone-basket-uisp-varese-1178220.610x431.jpg"}],"_links":{"self":[{"href":"https:\/\/staging.varesenews.it\/swgapi\/v1\/wp\/v2\/posts\/1335605"}],"collection":[{"href":"https:\/\/staging.varesenews.it\/swgapi\/v1\/wp\/v2\/posts"}],"about":[{"href":"https:\/\/staging.varesenews.it\/swgapi\/v1\/wp\/v2\/types\/post"}],"author":[{"embeddable":true,"href":"https:\/\/staging.varesenews.it\/swgapi\/v1\/wp\/v2\/users\/38"}],"replies":[{"embeddable":true,"href":"https:\/\/staging.varesenews.it\/swgapi\/v1\/wp\/v2\/comments?post=1335605"}],"version-history":[{"count":0,"href":"https:\/\/staging.varesenews.it\/swgapi\/v1\/wp\/v2\/posts\/1335605\/revisions"}],"wp:attachment":[{"href":"https:\/\/staging.varesenews.it\/swgapi\/v1\/wp\/v2\/media?parent=1335605"}],"wp:term":[{"taxonomy":"category","embeddable":true,"href":"https:\/\/staging.varesenews.it\/swgapi\/v1\/wp\/v2\/categories?post=1335605"},{"taxonomy":"post_tag","embeddable":true,"href":"https:\/\/staging.varesenews.it\/swgapi\/v1\/wp\/v2\/tags?post=1335605"}],"curies":[{"name":"wp","href":"https:\/\/api.w.org\/{rel}","templated":true}]}}