{"id":1336784,"date":"2021-05-08T09:41:32","date_gmt":"2021-05-08T07:41:32","guid":{"rendered":"https:\/\/www.varesenews.it\/?p=1336784"},"modified":"2021-05-08T09:52:38","modified_gmt":"2021-05-08T07:52:38","slug":"alloggi-pubblici-aperto-bando","status":"publish","type":"post","link":"https:\/\/staging.varesenews.it\/2021\/05\/alloggi-pubblici-aperto-bando\/1336784\/","title":{"rendered":"Alloggi pubblici: aperto il bando"},"content":{"rendered":"<p><strong>Sono 37 gli alloggi pubblici messi a bando dal Comune di Busto nell\u2019ambito del \u2018Piano Annuale dell&#8217;offerta abitativa dei servizi pubblici\u2019<\/strong> approvato nei giorni scorsi dalla Giunta.<\/p>\n<p><strong>Entro il 6 giugno gli interessati potranno presentare la domanda<\/strong> di partecipazione al bando esclusivamente attraverso la piattaforma regionale https:\/\/www.serviziabitativi.servizirl.it<\/p>\n<p>Sempre sulla piattaforma \u00e8 possibile reperire, oltre alle indicazioni sui requisiti necessari per poter accedere al bando, tutte le informazioni sulle caratteristiche degli alloggi disponibili (superficie, numero di vani, presenza ascensore o barriere architettoniche, tipo di riscaldamento, stima delle spese condominiali).<\/p>\n<p>\u201cLa misura ha lo scopo di rispondere all\u2019emergenza abitativa che rischia di essere aggravata dalle conseguenze della pandemia \u2013 afferma l\u2019assessore all\u2019Inclusione sociale<strong> Osvaldo Attolini<\/strong> -. In base al Piano che abbiamo predisposto, nel corso del 2021 presumibilmente potremo destinare alle famiglie in possesso dei requisiti altri alloggi, oltre ai 37 gi\u00e0 liberi e pronti, in parte di propriet\u00e0 Aler (33) e in parte di propriet\u00e0 comunale (4). i primi alloggi potrebbero essere assegnati nel mese di luglio, in tempi abbastanza brevi\u201d.<\/p>\n<p>Nel Piano \u00e8 previsto anche che il 20% degli alloggi siano riservati a famiglie indigenti, ovvero a quelle con ISEE non superiore a 3.000 Euro.<\/p>\n<p>\u201cSegnalo che l\u2019Ufficio Casa dell\u2019assessorato \u00e8 a disposizione per dare assistenza telefonica a chi avesse difficolt\u00e0 ad accedere al portale regionale e a inviare la domanda. Basta chiamare il numero 0331 390107\u201d conclude l\u2019assessore.<\/p>\n<p><strong>Al momento, il patrimonio pubblico comprende 1.862 alloggi (1393 di Aler e 469 del Comune), in buona parte risultano occupati.<\/strong><\/p>\n<p>Sul sito del Comune sono pubblicati l\u2019avviso e le tutte informazioni utili per accedere alla piattaforma regionale e inviare la domanda.<\/p>\n","protected":false},"excerpt":{"rendered":"<p>Il Comune mette a disposizione trentasette unit\u00e0 abitative. C\u2019\u00e8 tempo fino a sei giugno per presentare la domanda<\/p>\n","protected":false},"author":36,"featured_media":0,"comment_status":"open","ping_status":"open","sticky":false,"template":"","format":"standard","meta":{"footnotes":""},"categories":[4],"tags":[9669],"acf":[],"yoast_head":"<!-- This site is optimized with the Yoast SEO plugin v20.1 - https:\/\/yoast.com\/wordpress\/plugins\/seo\/ -->\n<title>Alloggi pubblici: aperto il bando<\/title>\n<meta name=\"description\" content=\"Il Comune mette a disposizione trentasette unit\u00e0 abitative. C\u2019\u00e8 tempo fino a sei giugno per presentare la domanda\" \/>\n<meta name=\"robots\" content=\"noindex, follow, max-snippet:-1, max-image-preview:large, max-video-preview:-1\" \/>\n<meta property=\"og:locale\" content=\"it_IT\" \/>\n<meta property=\"og:type\" content=\"article\" \/>\n<meta property=\"og:title\" content=\"Alloggi pubblici: aperto il bando\" \/>\n<meta property=\"og:description\" content=\"Il Comune mette a disposizione trentasette unit\u00e0 abitative. C\u2019\u00e8 tempo fino a sei giugno per presentare la domanda\" \/>\n<meta property=\"og:url\" content=\"https:\/\/staging.varesenews.it\/2021\/05\/alloggi-pubblici-aperto-bando\/1336784\/\" \/>\n<meta property=\"og:site_name\" content=\"VareseNews\" \/>\n<meta property=\"article:publisher\" content=\"https:\/\/www.facebook.com\/varesenews\" \/>\n<meta property=\"article:published_time\" content=\"2021-05-08T07:41:32+00:00\" \/>\n<meta property=\"article:modified_time\" content=\"2021-05-08T07:52:38+00:00\" \/>\n<meta property=\"og:image\" content=\"http:\/\/www.varesenews.it\/wp-content\/uploads\/2021\/05\/cane-2.jpg\" \/>\n<meta name=\"author\" content=\"Erika La Rosa\" \/>\n<meta name=\"twitter:card\" content=\"summary_large_image\" \/>\n<meta name=\"twitter:creator\" content=\"@twerirosa\" \/>\n<meta name=\"twitter:site\" content=\"@varesenews\" \/>\n<meta name=\"twitter:label1\" content=\"Scritto da\" \/>\n\t<meta name=\"twitter:data1\" content=\"Erika La Rosa\" \/>\n\t<meta name=\"twitter:label2\" content=\"Tempo di lettura stimato\" \/>\n\t<meta name=\"twitter:data2\" content=\"1 minuto\" \/>\n<script type=\"application\/ld+json\" class=\"yoast-schema-graph\">{\"@context\":\"https:\/\/schema.org\",\"@graph\":[{\"@type\":\"WebPage\",\"@id\":\"https:\/\/staging.varesenews.it\/2021\/05\/alloggi-pubblici-aperto-bando\/1336784\/\",\"url\":\"https:\/\/staging.varesenews.it\/2021\/05\/alloggi-pubblici-aperto-bando\/1336784\/\",\"name\":\"Alloggi pubblici: aperto il bando\",\"isPartOf\":{\"@id\":\"https:\/\/staging.varesenews.it\/#website\"},\"datePublished\":\"2021-05-08T07:41:32+00:00\",\"dateModified\":\"2021-05-08T07:52:38+00:00\",\"author\":{\"@id\":\"https:\/\/staging.varesenews.it\/#\/schema\/person\/0512a4cda1d8b4f14c19f86d1016dc18\"},\"description\":\"Il Comune mette a disposizione trentasette unit\u00e0 abitative. C\u2019\u00e8 tempo fino a sei giugno per presentare la domanda\",\"breadcrumb\":{\"@id\":\"https:\/\/staging.varesenews.it\/2021\/05\/alloggi-pubblici-aperto-bando\/1336784\/#breadcrumb\"},\"inLanguage\":\"it-IT\",\"potentialAction\":[{\"@type\":\"ReadAction\",\"target\":[\"https:\/\/staging.varesenews.it\/2021\/05\/alloggi-pubblici-aperto-bando\/1336784\/\"]}]},{\"@type\":\"BreadcrumbList\",\"@id\":\"https:\/\/staging.varesenews.it\/2021\/05\/alloggi-pubblici-aperto-bando\/1336784\/#breadcrumb\",\"itemListElement\":[{\"@type\":\"ListItem\",\"position\":1,\"name\":\"Home\",\"item\":\"https:\/\/www.varesenews.it\/\"},{\"@type\":\"ListItem\",\"position\":2,\"name\":\"Alloggi pubblici: aperto il bando\"}]},{\"@type\":\"WebSite\",\"@id\":\"https:\/\/staging.varesenews.it\/#website\",\"url\":\"https:\/\/staging.varesenews.it\/\",\"name\":\"VareseNews\",\"description\":\"\",\"potentialAction\":[{\"@type\":\"SearchAction\",\"target\":{\"@type\":\"EntryPoint\",\"urlTemplate\":\"https:\/\/staging.varesenews.it\/?s={search_term_string}\"},\"query-input\":\"required name=search_term_string\"}],\"inLanguage\":\"it-IT\"},{\"@type\":\"Person\",\"@id\":\"https:\/\/staging.varesenews.it\/#\/schema\/person\/0512a4cda1d8b4f14c19f86d1016dc18\",\"name\":\"Erika La Rosa\",\"image\":{\"@type\":\"ImageObject\",\"inLanguage\":\"it-IT\",\"@id\":\"https:\/\/staging.varesenews.it\/#\/schema\/person\/image\/\",\"url\":\"https:\/\/staging.varesenews.it\/wp-content\/uploads\/2020\/12\/erika_larosa_colori_500.jpg\",\"contentUrl\":\"https:\/\/staging.varesenews.it\/wp-content\/uploads\/2020\/12\/erika_larosa_colori_500.jpg\",\"caption\":\"Erika La Rosa\"},\"description\":\"Giornalista pubblicista, collaboro con VareseNews dal lontano 1997 quando la redazione piccolissima ma l&rsquo;entusiasmo era tanto e la sfida titanica. Da allora siamo cresciuti, la redazione &egrave; diventata pi&ugrave; grande ma l&rsquo;entusiasmo &egrave; rimato lo stesso. Mi piace guardare il mondo attraverso gli occhi degli artisti, per questo scrivo, leggo e mi nutro di arte seguendo per il giornale le pagine dedicate alle mostre e agli artisti. Ho collaborato con diversi Musei e Istituzioni culturali italiane e svizzere. Da oltre dieci anni mi occupo di strategie e comunicazione sui social media di enti pubblici e privati. Vivo il presente e non dimentico mai che quando c&rsquo;&egrave; una meta, anche il deserto diventa una strada.\",\"sameAs\":[\"https:\/\/www.linkedin.com\/profile\/view?id=93070756&trk=nav_responsive_tab_profile_pic\",\"https:\/\/twitter.com\/twerirosa\"],\"url\":\"https:\/\/staging.varesenews.it\/persona\/erika_larosa\/\"}]}<\/script>\n<!-- \/ Yoast SEO plugin. -->","yoast_head_json":{"title":"Alloggi pubblici: aperto il bando","description":"Il Comune mette a disposizione trentasette unit\u00e0 abitative. C\u2019\u00e8 tempo fino a sei giugno per presentare la domanda","robots":{"index":"noindex","follow":"follow","max-snippet":"max-snippet:-1","max-image-preview":"max-image-preview:large","max-video-preview":"max-video-preview:-1"},"og_locale":"it_IT","og_type":"article","og_title":"Alloggi pubblici: aperto il bando","og_description":"Il Comune mette a disposizione trentasette unit\u00e0 abitative. C\u2019\u00e8 tempo fino a sei giugno per presentare la domanda","og_url":"https:\/\/staging.varesenews.it\/2021\/05\/alloggi-pubblici-aperto-bando\/1336784\/","og_site_name":"VareseNews","article_publisher":"https:\/\/www.facebook.com\/varesenews","article_published_time":"2021-05-08T07:41:32+00:00","article_modified_time":"2021-05-08T07:52:38+00:00","og_image":[{"url":"http:\/\/www.varesenews.it\/wp-content\/uploads\/2021\/05\/cane-2.jpg"}],"author":"Erika La Rosa","twitter_card":"summary_large_image","twitter_creator":"@twerirosa","twitter_site":"@varesenews","twitter_misc":{"Scritto da":"Erika La Rosa","Tempo di lettura stimato":"1 minuto"},"schema":{"@context":"https:\/\/schema.org","@graph":[{"@type":"WebPage","@id":"https:\/\/staging.varesenews.it\/2021\/05\/alloggi-pubblici-aperto-bando\/1336784\/","url":"https:\/\/staging.varesenews.it\/2021\/05\/alloggi-pubblici-aperto-bando\/1336784\/","name":"Alloggi pubblici: aperto il bando","isPartOf":{"@id":"https:\/\/staging.varesenews.it\/#website"},"datePublished":"2021-05-08T07:41:32+00:00","dateModified":"2021-05-08T07:52:38+00:00","author":{"@id":"https:\/\/staging.varesenews.it\/#\/schema\/person\/0512a4cda1d8b4f14c19f86d1016dc18"},"description":"Il Comune mette a disposizione trentasette unit\u00e0 abitative. C\u2019\u00e8 tempo fino a sei giugno per presentare la domanda","breadcrumb":{"@id":"https:\/\/staging.varesenews.it\/2021\/05\/alloggi-pubblici-aperto-bando\/1336784\/#breadcrumb"},"inLanguage":"it-IT","potentialAction":[{"@type":"ReadAction","target":["https:\/\/staging.varesenews.it\/2021\/05\/alloggi-pubblici-aperto-bando\/1336784\/"]}]},{"@type":"BreadcrumbList","@id":"https:\/\/staging.varesenews.it\/2021\/05\/alloggi-pubblici-aperto-bando\/1336784\/#breadcrumb","itemListElement":[{"@type":"ListItem","position":1,"name":"Home","item":"https:\/\/www.varesenews.it\/"},{"@type":"ListItem","position":2,"name":"Alloggi pubblici: aperto il bando"}]},{"@type":"WebSite","@id":"https:\/\/staging.varesenews.it\/#website","url":"https:\/\/staging.varesenews.it\/","name":"VareseNews","description":"","potentialAction":[{"@type":"SearchAction","target":{"@type":"EntryPoint","urlTemplate":"https:\/\/staging.varesenews.it\/?s={search_term_string}"},"query-input":"required name=search_term_string"}],"inLanguage":"it-IT"},{"@type":"Person","@id":"https:\/\/staging.varesenews.it\/#\/schema\/person\/0512a4cda1d8b4f14c19f86d1016dc18","name":"Erika La Rosa","image":{"@type":"ImageObject","inLanguage":"it-IT","@id":"https:\/\/staging.varesenews.it\/#\/schema\/person\/image\/","url":"https:\/\/staging.varesenews.it\/wp-content\/uploads\/2020\/12\/erika_larosa_colori_500.jpg","contentUrl":"https:\/\/staging.varesenews.it\/wp-content\/uploads\/2020\/12\/erika_larosa_colori_500.jpg","caption":"Erika La Rosa"},"description":"Giornalista pubblicista, collaboro con VareseNews dal lontano 1997 quando la redazione piccolissima ma l&rsquo;entusiasmo era tanto e la sfida titanica. Da allora siamo cresciuti, la redazione &egrave; diventata pi&ugrave; grande ma l&rsquo;entusiasmo &egrave; rimato lo stesso. Mi piace guardare il mondo attraverso gli occhi degli artisti, per questo scrivo, leggo e mi nutro di arte seguendo per il giornale le pagine dedicate alle mostre e agli artisti. Ho collaborato con diversi Musei e Istituzioni culturali italiane e svizzere. Da oltre dieci anni mi occupo di strategie e comunicazione sui social media di enti pubblici e privati. Vivo il presente e non dimentico mai che quando c&rsquo;&egrave; una meta, anche il deserto diventa una strada.","sameAs":["https:\/\/www.linkedin.com\/profile\/view?id=93070756&trk=nav_responsive_tab_profile_pic","https:\/\/twitter.com\/twerirosa"],"url":"https:\/\/staging.varesenews.it\/persona\/erika_larosa\/"}]}},"post_meta":{"_edit_lock":"1620460624:36","_edit_last":"36","_category_permalink":"a:1:{s:8:\"category\";s:0:\"\";}","_encloseme":"1","ratings_users":"0","ratings_score":"0","ratings_average":"0","foto":"1220491","firma_come_redazione":"1","argomento":"Busto Arsizio","_yoast_wpseo_content_score":"30","_jd_tweet_this":"yes","_wpt_short_url":"https:\/\/www.varesenews.it\/2021\/05\/alloggi-pubblici-aperto-bando\/1336784\/","_wp_jd_target":"https:\/\/www.varesenews.it\/2021\/05\/alloggi-pubblici-aperto-bando\/1336784\/","_jd_wp_twitter":"a:1:{i:0;s:120:\"Alloggi pubblici: aperto il bando https:\/\/www.varesenews.it\/2021\/05\/alloggi-pubblici-aperto-bando\/1336784\/ #casepopolari\";}","_wpt_status_message":"Tweet inviato con successo.","_oembed_e187985eb1bfa6bf5ecaa0926bef9bdf":"<iframe width=\"500\" height=\"281\" src=\"https:\/\/www.youtube.com\/embed\/-QxfI4o-sOI?feature=oembed\" frameborder=\"0\" allow=\"accelerometer; autoplay; clipboard-write; encrypted-media; gyroscope; picture-in-picture\" allowfullscreen><\/iframe>","_oembed_time_e187985eb1bfa6bf5ecaa0926bef9bdf":"1620459705","_oembed_4d982891e2b31739ff2ca01fd0cd1539":"<iframe width=\"500\" height=\"375\" src=\"https:\/\/www.youtube.com\/embed\/dDvHuHH7mOU?feature=oembed\" frameborder=\"0\" allow=\"accelerometer; autoplay; clipboard-write; encrypted-media; gyroscope; picture-in-picture\" allowfullscreen><\/iframe>","_oembed_time_4d982891e2b31739ff2ca01fd0cd1539":"1620459705","_oembed_3e378b9350d9b94f4812164ad35d4d40":"<blockquote class=\"wp-embedded-content\" data-secret=\"eJ1mUSAc8C\"><a href=\"https:\/\/www.varesenews.it\/2021\/04\/9-maggio-esponiamo-la-bandiera-delleuropa\/1333097\/\">&#8220;Il 9 maggio esponiamo la bandiera dell&#8217;Europa&#8221;<\/a><\/blockquote><iframe class=\"wp-embedded-content\" sandbox=\"allow-scripts\" security=\"restricted\" style=\"position: absolute; clip: rect(1px, 1px, 1px, 1px);\" src=\"https:\/\/www.varesenews.it\/2021\/04\/9-maggio-esponiamo-la-bandiera-delleuropa\/1333097\/embed\/#?secret=eJ1mUSAc8C\" data-secret=\"eJ1mUSAc8C\" width=\"500\" height=\"282\" title=\"&#8220;&#8220;Il 9 maggio esponiamo la bandiera dell&#8217;Europa&#8221;&#8221; &#8212; VareseNews\" frameborder=\"0\" marginwidth=\"0\" marginheight=\"0\" scrolling=\"no\"><\/iframe>","_oembed_time_3e378b9350d9b94f4812164ad35d4d40":"1620459705","_oembed_05a9fcd45bf098ab22cac5f22f0fecc4":"<blockquote class=\"wp-embedded-content\" data-secret=\"Rzyyx7v5u1\"><a href=\"https:\/\/www.varesenews.it\/2021\/05\/tornano-sole-spettacoli-teatro-nel-weekend-dei-bimbi-festeggiano-le-mamme\/1336518\/\">Tornano sole e spettacoli in teatro nel weekend dei bimbi che festeggiano le mamme<\/a><\/blockquote><iframe class=\"wp-embedded-content\" sandbox=\"allow-scripts\" security=\"restricted\" style=\"position: absolute; clip: rect(1px, 1px, 1px, 1px);\" src=\"https:\/\/www.varesenews.it\/2021\/05\/tornano-sole-spettacoli-teatro-nel-weekend-dei-bimbi-festeggiano-le-mamme\/1336518\/embed\/#?secret=Rzyyx7v5u1\" data-secret=\"Rzyyx7v5u1\" width=\"500\" height=\"282\" title=\"&#8220;Tornano sole e spettacoli in teatro nel weekend dei bimbi che festeggiano le mamme&#8221; &#8212; VareseNews\" frameborder=\"0\" marginwidth=\"0\" marginheight=\"0\" scrolling=\"no\"><\/iframe>","_oembed_time_05a9fcd45bf098ab22cac5f22f0fecc4":"1620459705","_oembed_0e4be8fd3662684a9106830eedfdb767":"<blockquote class=\"wp-embedded-content\" data-secret=\"HnoC0xnuJ0\"><a href=\"https:\/\/www.varesenews.it\/2019\/12\/la-collina-castello-120-anni-villa-montevecchio\/880371\/\">La collina e il castello: i 120 anni di Villa Montevecchio<\/a><\/blockquote><iframe class=\"wp-embedded-content\" sandbox=\"allow-scripts\" security=\"restricted\" style=\"position: absolute; clip: rect(1px, 1px, 1px, 1px);\" src=\"https:\/\/www.varesenews.it\/2019\/12\/la-collina-castello-120-anni-villa-montevecchio\/880371\/embed\/#?secret=HnoC0xnuJ0\" data-secret=\"HnoC0xnuJ0\" width=\"500\" height=\"282\" title=\"&#8220;La collina e il castello: i 120 anni di Villa Montevecchio&#8221; &#8212; VareseNews\" frameborder=\"0\" marginwidth=\"0\" marginheight=\"0\" scrolling=\"no\"><\/iframe>","_oembed_time_0e4be8fd3662684a9106830eedfdb767":"1620459705","_oembed_b3c890eba76e9b9f027293939133cafa":"<blockquote class=\"wp-embedded-content\" data-secret=\"RB4FhYYVKe\"><a href=\"https:\/\/www.varesenews.it\/2021\/05\/alessandro-covi-esordio-rosa-caro-giro-emozione-non-vedo-lora\/1335718\/\">Alessandro Covi, esordio in rosa: &#8220;Caro Giro che emozione: non vedo l&#8217;ora&#8221;<\/a><\/blockquote><iframe class=\"wp-embedded-content\" sandbox=\"allow-scripts\" security=\"restricted\" style=\"position: absolute; clip: rect(1px, 1px, 1px, 1px);\" src=\"https:\/\/www.varesenews.it\/2021\/05\/alessandro-covi-esordio-rosa-caro-giro-emozione-non-vedo-lora\/1335718\/embed\/#?secret=RB4FhYYVKe\" data-secret=\"RB4FhYYVKe\" width=\"500\" height=\"282\" title=\"&#8220;Alessandro Covi, esordio in rosa: &#8220;Caro Giro che emozione: non vedo l&#8217;ora&#8221;&#8221; &#8212; VareseNews\" frameborder=\"0\" marginwidth=\"0\" marginheight=\"0\" scrolling=\"no\"><\/iframe>","_oembed_time_b3c890eba76e9b9f027293939133cafa":"1620459706","_oembed_42e60c6ae88ff063f078b4a7801083b2":"{{unknown}}","_oembed_1894c0287182f9e7b1a4902d360a1a81":"<blockquote class=\"wp-embedded-content\" data-secret=\"XQJNUKk6us\"><a href=\"https:\/\/www.varesenews.it\/2021\/05\/nelle-vie-del-centro-gallarate-un-coltello-tasca-denunciato-un-47enne\/1336116\/\">Nelle vie del centro di Gallarate con un coltello in tasca, denunciato un 47enne<\/a><\/blockquote><iframe class=\"wp-embedded-content\" sandbox=\"allow-scripts\" security=\"restricted\" style=\"position: absolute; clip: rect(1px, 1px, 1px, 1px);\" src=\"https:\/\/www.varesenews.it\/2021\/05\/nelle-vie-del-centro-gallarate-un-coltello-tasca-denunciato-un-47enne\/1336116\/embed\/#?secret=XQJNUKk6us\" data-secret=\"XQJNUKk6us\" width=\"500\" height=\"282\" title=\"&#8220;Nelle vie del centro di Gallarate con un coltello in tasca, denunciato un 47enne&#8221; &#8212; VareseNews\" frameborder=\"0\" marginwidth=\"0\" marginheight=\"0\" scrolling=\"no\"><\/iframe>","_oembed_time_1894c0287182f9e7b1a4902d360a1a81":"1620459706","_oembed_3eb7061836ad4dd2b18e881659d33ee2":"<blockquote class=\"wp-embedded-content\" data-secret=\"vfp0fUY33u\"><a href=\"https:\/\/www.varesenews.it\/2021\/05\/finalmente-si-mette-mano-al-depuratore-santantonino\/1335808\/\">Finalmente si mette mano al depuratore di Sant&#8217;Antonino<\/a><\/blockquote><iframe class=\"wp-embedded-content\" sandbox=\"allow-scripts\" security=\"restricted\" style=\"position: absolute; clip: rect(1px, 1px, 1px, 1px);\" src=\"https:\/\/www.varesenews.it\/2021\/05\/finalmente-si-mette-mano-al-depuratore-santantonino\/1335808\/embed\/#?secret=vfp0fUY33u\" data-secret=\"vfp0fUY33u\" width=\"500\" height=\"282\" title=\"&#8220;Finalmente si mette mano al depuratore di Sant&#8217;Antonino&#8221; &#8212; VareseNews\" frameborder=\"0\" marginwidth=\"0\" marginheight=\"0\" scrolling=\"no\"><\/iframe>","_oembed_time_3eb7061836ad4dd2b18e881659d33ee2":"1620459706","_oembed_39d5b068ab09bd6ec693ebeadfe75bfb":"<blockquote class=\"wp-embedded-content\" data-secret=\"02W8XOezip\"><a href=\"https:\/\/www.varesenews.it\/2021\/05\/turismo-torna-la-bit-digital-edition\/1336123\/\">Turismo: torna la Bit, in Digital Edition<\/a><\/blockquote><iframe class=\"wp-embedded-content\" sandbox=\"allow-scripts\" security=\"restricted\" style=\"position: absolute; clip: rect(1px, 1px, 1px, 1px);\" src=\"https:\/\/www.varesenews.it\/2021\/05\/turismo-torna-la-bit-digital-edition\/1336123\/embed\/#?secret=02W8XOezip\" data-secret=\"02W8XOezip\" width=\"500\" height=\"282\" title=\"&#8220;Turismo: torna la Bit, in Digital Edition&#8221; &#8212; VareseNews\" frameborder=\"0\" marginwidth=\"0\" marginheight=\"0\" scrolling=\"no\"><\/iframe>","_oembed_time_39d5b068ab09bd6ec693ebeadfe75bfb":"1620459721","_oembed_d875629d8c5f2b3f7099cda41d090dcd":"<blockquote class=\"wp-embedded-content\" data-secret=\"H7DmdxesAN\"><a href=\"https:\/\/www.varesenews.it\/2021\/05\/bit-digital-edition-varese-protagonista\/1336040\/\">Bit Digital Edition: Varese protagonista<\/a><\/blockquote><iframe class=\"wp-embedded-content\" sandbox=\"allow-scripts\" security=\"restricted\" style=\"position: absolute; clip: rect(1px, 1px, 1px, 1px);\" src=\"https:\/\/www.varesenews.it\/2021\/05\/bit-digital-edition-varese-protagonista\/1336040\/embed\/#?secret=H7DmdxesAN\" data-secret=\"H7DmdxesAN\" width=\"500\" height=\"282\" title=\"&#8220;Bit Digital Edition: Varese protagonista&#8221; &#8212; VareseNews\" frameborder=\"0\" marginwidth=\"0\" marginheight=\"0\" scrolling=\"no\"><\/iframe>","_oembed_time_d875629d8c5f2b3f7099cda41d090dcd":"1620459721","_oembed_c1728b045a6ee1e676b5323dbbdfd57a":"<blockquote class=\"wp-embedded-content\" data-secret=\"rBlWNiOaJS\"><a href=\"https:\/\/www.varesenews.it\/2021\/05\/un-giorno-un-weekend-como-comune-racconta-cosa-vedere-citta\/1336085\/\">Un giorno o un weekend a Como? Il Comune racconta cosa vedere in citt\u00e0<\/a><\/blockquote><iframe class=\"wp-embedded-content\" sandbox=\"allow-scripts\" security=\"restricted\" style=\"position: absolute; clip: rect(1px, 1px, 1px, 1px);\" src=\"https:\/\/www.varesenews.it\/2021\/05\/un-giorno-un-weekend-como-comune-racconta-cosa-vedere-citta\/1336085\/embed\/#?secret=rBlWNiOaJS\" data-secret=\"rBlWNiOaJS\" width=\"500\" height=\"282\" title=\"&#8220;Un giorno o un weekend a Como? Il Comune racconta cosa vedere in citt\u00e0&#8221; &#8212; VareseNews\" frameborder=\"0\" marginwidth=\"0\" marginheight=\"0\" scrolling=\"no\"><\/iframe>","_oembed_time_c1728b045a6ee1e676b5323dbbdfd57a":"1620459721","_oembed_1d5fd10f49066e079cd101eb5e00cd2a":"<blockquote class=\"wp-embedded-content\" data-secret=\"WdKJGu1FIp\"><a href=\"https:\/\/www.varesenews.it\/2021\/05\/anche-lago-como-vetrina-alla-bit\/1336607\/\">Anche il Lago di Como in vetrina alla Bit<\/a><\/blockquote><iframe class=\"wp-embedded-content\" sandbox=\"allow-scripts\" security=\"restricted\" style=\"position: absolute; clip: rect(1px, 1px, 1px, 1px);\" src=\"https:\/\/www.varesenews.it\/2021\/05\/anche-lago-como-vetrina-alla-bit\/1336607\/embed\/#?secret=WdKJGu1FIp\" data-secret=\"WdKJGu1FIp\" width=\"500\" height=\"282\" title=\"&#8220;Anche il Lago di Como in vetrina alla Bit&#8221; &#8212; VareseNews\" frameborder=\"0\" marginwidth=\"0\" marginheight=\"0\" scrolling=\"no\"><\/iframe>","_oembed_time_1d5fd10f49066e079cd101eb5e00cd2a":"1620459721","_oembed_676882092a42b9eeb819a84534d29c12":"<iframe width=\"500\" height=\"281\" src=\"https:\/\/www.youtube.com\/embed\/_fVdwxRxwro?feature=oembed\" frameborder=\"0\" allow=\"accelerometer; autoplay; clipboard-write; encrypted-media; gyroscope; picture-in-picture\" allowfullscreen><\/iframe>","_oembed_time_676882092a42b9eeb819a84534d29c12":"1620459722","_oembed_ccbec4cdefb42d414d22dbfadcc0a5b1":"<blockquote class=\"wp-embedded-content\" data-secret=\"P0FO9kydEu\"><a href=\"https:\/\/www.varesenews.it\/2021\/05\/sette-viaggiatori-europei-dieci-desiderano-la-vacanza-italia\/1335777\/\">&#8220;L&#8217;Italia \u00e8 la meta pi\u00f9 desiderata dai viaggiatori europei&#8221;<\/a><\/blockquote><iframe class=\"wp-embedded-content\" sandbox=\"allow-scripts\" security=\"restricted\" style=\"position: absolute; clip: rect(1px, 1px, 1px, 1px);\" src=\"https:\/\/www.varesenews.it\/2021\/05\/sette-viaggiatori-europei-dieci-desiderano-la-vacanza-italia\/1335777\/embed\/#?secret=P0FO9kydEu\" data-secret=\"P0FO9kydEu\" width=\"500\" height=\"282\" title=\"&#8220;&#8220;L&#8217;Italia \u00e8 la meta pi\u00f9 desiderata dai viaggiatori europei&#8221;&#8221; &#8212; VareseNews\" frameborder=\"0\" marginwidth=\"0\" marginheight=\"0\" scrolling=\"no\"><\/iframe>","_oembed_time_ccbec4cdefb42d414d22dbfadcc0a5b1":"1620459722","_oembed_10e584fda37011dcb82eff9b0390327b":"<blockquote class=\"wp-embedded-content\" data-secret=\"cPctDud2Mz\"><a href=\"https:\/\/www.varesenews.it\/2021\/03\/zona-economica-speciale-rilancio-della-provincia-varese\/1321687\/\">Una zona economica speciale per il rilancio della provincia di Varese<\/a><\/blockquote><iframe class=\"wp-embedded-content\" sandbox=\"allow-scripts\" security=\"restricted\" style=\"position: absolute; clip: rect(1px, 1px, 1px, 1px);\" src=\"https:\/\/www.varesenews.it\/2021\/03\/zona-economica-speciale-rilancio-della-provincia-varese\/1321687\/embed\/#?secret=cPctDud2Mz\" data-secret=\"cPctDud2Mz\" width=\"500\" height=\"282\" title=\"&#8220;Una zona economica speciale per il rilancio della provincia di Varese&#8221; &#8212; VareseNews\" frameborder=\"0\" marginwidth=\"0\" marginheight=\"0\" scrolling=\"no\"><\/iframe>","_oembed_time_10e584fda37011dcb82eff9b0390327b":"1620459732","_oembed_74f67a1ac5b4e2cad8b479f10e1697da":"<blockquote class=\"wp-embedded-content\" data-secret=\"0b5zOfFCLv\"><a href=\"https:\/\/www.varesenews.it\/2021\/05\/crugnola-de-tommaso-al-rally-targa-florio-risalire-classifica\/1335995\/\">Crugnola e De Tommaso al rally Targa Florio per risalire in classifica<\/a><\/blockquote><iframe class=\"wp-embedded-content\" sandbox=\"allow-scripts\" security=\"restricted\" style=\"position: absolute; clip: rect(1px, 1px, 1px, 1px);\" src=\"https:\/\/www.varesenews.it\/2021\/05\/crugnola-de-tommaso-al-rally-targa-florio-risalire-classifica\/1335995\/embed\/#?secret=0b5zOfFCLv\" data-secret=\"0b5zOfFCLv\" width=\"500\" height=\"282\" title=\"&#8220;Crugnola e De Tommaso al rally Targa Florio per risalire in classifica&#8221; &#8212; VareseNews\" frameborder=\"0\" marginwidth=\"0\" marginheight=\"0\" scrolling=\"no\"><\/iframe>","_oembed_time_74f67a1ac5b4e2cad8b479f10e1697da":"1620459732","_oembed_e64d5cbccb09fd30912948acee5899fb":"<iframe width=\"500\" height=\"281\" src=\"https:\/\/www.youtube.com\/embed\/videoseries?list=OLAK5uy_kEvPgbGkaVATDqtUabx8JhNH8TvBPWwRk\" frameborder=\"0\" allow=\"accelerometer; autoplay; clipboard-write; encrypted-media; gyroscope; picture-in-picture\" allowfullscreen><\/iframe>","_oembed_time_e64d5cbccb09fd30912948acee5899fb":"1620459733","_oembed_02a212fad802a82119be1890122f82e0":"<iframe width=\"500\" height=\"375\" src=\"https:\/\/www.youtube.com\/embed\/MXnp_gTsPqE?feature=oembed\" frameborder=\"0\" allow=\"accelerometer; autoplay; clipboard-write; encrypted-media; gyroscope; picture-in-picture\" allowfullscreen><\/iframe>","_oembed_time_02a212fad802a82119be1890122f82e0":"1620459733","_oembed_e8a99fd4247aab3eed773e40ce43cb29":"<iframe width=\"500\" height=\"375\" src=\"https:\/\/www.youtube.com\/embed\/gix6cPfF3S4?feature=oembed\" frameborder=\"0\" allow=\"accelerometer; autoplay; clipboard-write; encrypted-media; gyroscope; picture-in-picture\" allowfullscreen><\/iframe>","_oembed_time_e8a99fd4247aab3eed773e40ce43cb29":"1620459733","_oembed_d27b74d1739db87719ddd27dbda72ce5":"<blockquote class=\"wp-embedded-content\" data-secret=\"x3w85SMZMF\"><a href=\"https:\/\/www.varesenews.it\/2021\/05\/incidente-sul-lavoro-unazienda-busto-arsizio-elisoccorso-azione-salvare-un-49enne\/1335538\/\">\u00c8 morto l&#8217;operaio di 49 anni coinvolto nell&#8217;incidente sul lavoro a Busto Arsizio<\/a><\/blockquote><iframe class=\"wp-embedded-content\" sandbox=\"allow-scripts\" security=\"restricted\" style=\"position: absolute; clip: rect(1px, 1px, 1px, 1px);\" src=\"https:\/\/www.varesenews.it\/2021\/05\/incidente-sul-lavoro-unazienda-busto-arsizio-elisoccorso-azione-salvare-un-49enne\/1335538\/embed\/#?secret=x3w85SMZMF\" data-secret=\"x3w85SMZMF\" width=\"500\" height=\"282\" title=\"&#8220;\u00c8 morto l&#8217;operaio di 49 anni coinvolto nell&#8217;incidente sul lavoro a Busto Arsizio&#8221; &#8212; VareseNews\" frameborder=\"0\" marginwidth=\"0\" marginheight=\"0\" scrolling=\"no\"><\/iframe>","_oembed_time_d27b74d1739db87719ddd27dbda72ce5":"1620459733","_oembed_5ba4b37f20e668f8c0da3dec677f808b":"<blockquote class=\"wp-embedded-content\" data-secret=\"VTgdrsl8lO\"><a href=\"https:\/\/www.varesenews.it\/2020\/08\/zero-infortuni-fabbrica-nulla-va-lasciato-al-caso\/956035\/\">Per avere zero infortuni in fabbrica nulla va lasciato al caso<\/a><\/blockquote><iframe class=\"wp-embedded-content\" sandbox=\"allow-scripts\" security=\"restricted\" style=\"position: absolute; clip: rect(1px, 1px, 1px, 1px);\" src=\"https:\/\/www.varesenews.it\/2020\/08\/zero-infortuni-fabbrica-nulla-va-lasciato-al-caso\/956035\/embed\/#?secret=VTgdrsl8lO\" data-secret=\"VTgdrsl8lO\" width=\"500\" height=\"282\" title=\"&#8220;Per avere zero infortuni in fabbrica nulla va lasciato al caso&#8221; &#8212; VareseNews\" frameborder=\"0\" marginwidth=\"0\" marginheight=\"0\" scrolling=\"no\"><\/iframe>","_oembed_time_5ba4b37f20e668f8c0da3dec677f808b":"1620459891","_oembed_86ab7b834aad99e2ebac6de20e323670":"<blockquote class=\"wp-embedded-content\" data-secret=\"pXfTVvF5hI\"><a href=\"https:\/\/www.varesenews.it\/2020\/12\/sfida-al-covid-allemergenza-sociale-la-croce-rossa-varese-sempre-linea\/1287689\/\">Sfida al Covid e all&#8217;emergenza sociale, la Croce Rossa di Varese sempre &#8220;in prima linea&#8221;<\/a><\/blockquote><iframe class=\"wp-embedded-content\" sandbox=\"allow-scripts\" security=\"restricted\" style=\"position: absolute; clip: rect(1px, 1px, 1px, 1px);\" src=\"https:\/\/www.varesenews.it\/2020\/12\/sfida-al-covid-allemergenza-sociale-la-croce-rossa-varese-sempre-linea\/1287689\/embed\/#?secret=pXfTVvF5hI\" data-secret=\"pXfTVvF5hI\" width=\"500\" height=\"282\" title=\"&#8220;Sfida al Covid e all&#8217;emergenza sociale, la Croce Rossa di Varese sempre &#8220;in prima linea&#8221;&#8221; &#8212; VareseNews\" frameborder=\"0\" marginwidth=\"0\" marginheight=\"0\" scrolling=\"no\"><\/iframe>","_oembed_time_86ab7b834aad99e2ebac6de20e323670":"1620459891","_oembed_640dd47e1368ddc3d87a216a984ff5a4":"<blockquote class=\"wp-embedded-content\" data-secret=\"kMABdpqqYm\"><a href=\"https:\/\/www.varesenews.it\/2021\/05\/emblema-sacrificio-dedizione-varese-si-celebra-la-giornata-mondiale-della-croce-rossa\/1335940\/\">A Varese si celebra la Giornata mondiale della Croce Rossa<\/a><\/blockquote><iframe class=\"wp-embedded-content\" sandbox=\"allow-scripts\" security=\"restricted\" style=\"position: absolute; clip: rect(1px, 1px, 1px, 1px);\" src=\"https:\/\/www.varesenews.it\/2021\/05\/emblema-sacrificio-dedizione-varese-si-celebra-la-giornata-mondiale-della-croce-rossa\/1335940\/embed\/#?secret=kMABdpqqYm\" data-secret=\"kMABdpqqYm\" width=\"500\" height=\"282\" title=\"&#8220;A Varese si celebra la Giornata mondiale della Croce Rossa&#8221; &#8212; VareseNews\" frameborder=\"0\" marginwidth=\"0\" marginheight=\"0\" scrolling=\"no\"><\/iframe>","_oembed_time_640dd47e1368ddc3d87a216a984ff5a4":"1620459891","_oembed_5f0db39eae69e04e76e8d3e92c2f11b5":"<blockquote class=\"wp-embedded-content\" data-secret=\"7owFr3wEr7\"><a href=\"https:\/\/www.varesenews.it\/2021\/03\/giovani-croce-rossa-valceresio-portavoce-unintera-generazione\/1316176\/\">I giovani di Croce Rossa Valceresio portavoce di un&#8217;intera generazione<\/a><\/blockquote><iframe class=\"wp-embedded-content\" sandbox=\"allow-scripts\" security=\"restricted\" style=\"position: absolute; clip: rect(1px, 1px, 1px, 1px);\" src=\"https:\/\/www.varesenews.it\/2021\/03\/giovani-croce-rossa-valceresio-portavoce-unintera-generazione\/1316176\/embed\/#?secret=7owFr3wEr7\" data-secret=\"7owFr3wEr7\" width=\"500\" height=\"282\" title=\"&#8220;I giovani di Croce Rossa Valceresio portavoce di un&#8217;intera generazione&#8221; &#8212; VareseNews\" frameborder=\"0\" marginwidth=\"0\" marginheight=\"0\" scrolling=\"no\"><\/iframe>","_oembed_time_5f0db39eae69e04e76e8d3e92c2f11b5":"1620459891","_oembed_a124294a6878be4f514c804b5beed97b":"<blockquote class=\"wp-embedded-content\" data-secret=\"hrBFGQSG6R\"><a href=\"https:\/\/www.varesenews.it\/2020\/12\/nella-giornata-mondiale-del-volontariato-la-cerimonia-del-sole-doro\/1282899\/\">Nella Giornata Mondiale del Volontariato la cerimonia del Sole d&#8217;Oro<\/a><\/blockquote><iframe class=\"wp-embedded-content\" sandbox=\"allow-scripts\" security=\"restricted\" style=\"position: absolute; clip: rect(1px, 1px, 1px, 1px);\" src=\"https:\/\/www.varesenews.it\/2020\/12\/nella-giornata-mondiale-del-volontariato-la-cerimonia-del-sole-doro\/1282899\/embed\/#?secret=hrBFGQSG6R\" data-secret=\"hrBFGQSG6R\" width=\"500\" height=\"282\" title=\"&#8220;Nella Giornata Mondiale del Volontariato la cerimonia del Sole d&#8217;Oro&#8221; &#8212; VareseNews\" frameborder=\"0\" marginwidth=\"0\" marginheight=\"0\" scrolling=\"no\"><\/iframe>","_oembed_time_a124294a6878be4f514c804b5beed97b":"1620459891","_oembed_f8ac8d73d3f7234ec1dd62f93393f9b5":"<blockquote class=\"wp-embedded-content\" data-secret=\"7JLM3Yj85y\"><a href=\"https:\/\/www.varesenews.it\/2021\/05\/cri-medio-verbano-la-nuova-postazione-h12-gavirate\/1336424\/\">Cri Medio Verbano, la nuova postazione \u201cH12\u201c a Gavirate<\/a><\/blockquote><iframe class=\"wp-embedded-content\" sandbox=\"allow-scripts\" security=\"restricted\" style=\"position: absolute; clip: rect(1px, 1px, 1px, 1px);\" src=\"https:\/\/www.varesenews.it\/2021\/05\/cri-medio-verbano-la-nuova-postazione-h12-gavirate\/1336424\/embed\/#?secret=7JLM3Yj85y\" data-secret=\"7JLM3Yj85y\" width=\"500\" height=\"282\" title=\"&#8220;Cri Medio Verbano, la nuova postazione \u201cH12\u201c a Gavirate&#8221; &#8212; VareseNews\" frameborder=\"0\" marginwidth=\"0\" marginheight=\"0\" scrolling=\"no\"><\/iframe>","_oembed_time_f8ac8d73d3f7234ec1dd62f93393f9b5":"1620459891","_oembed_0f6191dfad00389052bdb11ad4680d9f":"<blockquote class=\"wp-embedded-content\" data-secret=\"CBnuMIOk9N\"><a href=\"https:\/\/www.saronnonews.it\/2021\/05\/07\/a-saronno-gabriele-festeggera-30-anni-da-volontario-di-croce-rossa-italiana\/\">A Saronno Gabriele festegger\u00e0 30 anni da volontario di Croce Rossa Italiana<\/a><\/blockquote><iframe class=\"wp-embedded-content\" sandbox=\"allow-scripts\" security=\"restricted\" style=\"position: absolute; clip: rect(1px, 1px, 1px, 1px);\" src=\"https:\/\/www.saronnonews.it\/2021\/05\/07\/a-saronno-gabriele-festeggera-30-anni-da-volontario-di-croce-rossa-italiana\/embed\/#?secret=CBnuMIOk9N\" data-secret=\"CBnuMIOk9N\" width=\"500\" height=\"282\" title=\"&#8220;A Saronno Gabriele festegger\u00e0 30 anni da volontario di Croce Rossa Italiana&#8221; &#8212; SaronnoNews\" frameborder=\"0\" marginwidth=\"0\" marginheight=\"0\" scrolling=\"no\"><\/iframe>","_oembed_time_0f6191dfad00389052bdb11ad4680d9f":"1620459892","_oembed_8af14d2e25faa5e57f90dc6e47ef4c22":"<blockquote class=\"wp-embedded-content\" data-secret=\"ZgismzBNEb\"><a href=\"https:\/\/www.varesenews.it\/2021\/05\/le-nuove-leve-della-croce-rossa-luino-sempre-al-fianco-bisogno\/1336342\/\">Le nuove leve della Croce Rossa di Luino: sempre al fianco di chi ha bisogno<\/a><\/blockquote><iframe class=\"wp-embedded-content\" sandbox=\"allow-scripts\" security=\"restricted\" style=\"position: absolute; clip: rect(1px, 1px, 1px, 1px);\" src=\"https:\/\/www.varesenews.it\/2021\/05\/le-nuove-leve-della-croce-rossa-luino-sempre-al-fianco-bisogno\/1336342\/embed\/#?secret=ZgismzBNEb\" data-secret=\"ZgismzBNEb\" width=\"500\" height=\"282\" title=\"&#8220;Le nuove leve della Croce Rossa di Luino: sempre al fianco di chi ha bisogno&#8221; &#8212; VareseNews\" frameborder=\"0\" marginwidth=\"0\" marginheight=\"0\" scrolling=\"no\"><\/iframe>","_oembed_time_8af14d2e25faa5e57f90dc6e47ef4c22":"1620459892","_oembed_171d612e1f380665bd59925b22c68cc1":"<blockquote class=\"wp-embedded-content\" data-secret=\"ovWz35yHny\"><a href=\"https:\/\/www.varesenews.it\/2021\/05\/barbara-lorena-mary-la-croce-rossa-donna\/1336373\/\">Barbara, Lorena e Mary: la Croce Rossa \u00e8 donna<\/a><\/blockquote><iframe class=\"wp-embedded-content\" sandbox=\"allow-scripts\" security=\"restricted\" style=\"position: absolute; clip: rect(1px, 1px, 1px, 1px);\" src=\"https:\/\/www.varesenews.it\/2021\/05\/barbara-lorena-mary-la-croce-rossa-donna\/1336373\/embed\/#?secret=ovWz35yHny\" data-secret=\"ovWz35yHny\" width=\"500\" height=\"282\" title=\"&#8220;Barbara, Lorena e Mary: la Croce Rossa \u00e8 donna&#8221; &#8212; VareseNews\" frameborder=\"0\" marginwidth=\"0\" marginheight=\"0\" scrolling=\"no\"><\/iframe>","_oembed_time_171d612e1f380665bd59925b22c68cc1":"1620459892","_oembed_be7761b3c9f74ea2ab81642e5dca312a":"<blockquote class=\"wp-embedded-content\" data-secret=\"WQTuMgfidI\"><a href=\"https:\/\/www.varesenews.it\/2021\/05\/dalla-pandemia-alla-nuova-sede-la-croce-rossa-busto-arsizio-si-racconta\/1336374\/\">Dalla pandemia alla nuova sede, la Croce Rossa di Busto Arsizio si racconta<\/a><\/blockquote><iframe class=\"wp-embedded-content\" sandbox=\"allow-scripts\" security=\"restricted\" style=\"position: absolute; clip: rect(1px, 1px, 1px, 1px);\" src=\"https:\/\/www.varesenews.it\/2021\/05\/dalla-pandemia-alla-nuova-sede-la-croce-rossa-busto-arsizio-si-racconta\/1336374\/embed\/#?secret=WQTuMgfidI\" data-secret=\"WQTuMgfidI\" width=\"500\" height=\"282\" title=\"&#8220;Dalla pandemia alla nuova sede, la Croce Rossa di Busto Arsizio si racconta&#8221; &#8212; VareseNews\" frameborder=\"0\" marginwidth=\"0\" marginheight=\"0\" scrolling=\"no\"><\/iframe>","_oembed_time_be7761b3c9f74ea2ab81642e5dca312a":"1620459892","_oembed_1403d99661ed03eb0a52a4f78faa3fe1":"<blockquote class=\"wp-embedded-content\" data-secret=\"LorcNDIXUe\"><a href=\"https:\/\/www.varesenews.it\/2021\/05\/al-fianco-tutti-la-croce-rossa-gallarate-nellanno-della-pandemia\/1336740\/\">Al fianco di tutti: la Croce Rossa di Gallarate nell&#8217;anno della pandemia<\/a><\/blockquote><iframe class=\"wp-embedded-content\" sandbox=\"allow-scripts\" security=\"restricted\" style=\"position: absolute; clip: rect(1px, 1px, 1px, 1px);\" src=\"https:\/\/www.varesenews.it\/2021\/05\/al-fianco-tutti-la-croce-rossa-gallarate-nellanno-della-pandemia\/1336740\/embed\/#?secret=LorcNDIXUe\" data-secret=\"LorcNDIXUe\" width=\"500\" height=\"282\" title=\"&#8220;Al fianco di tutti: la Croce Rossa di Gallarate nell&#8217;anno della pandemia&#8221; &#8212; VareseNews\" frameborder=\"0\" marginwidth=\"0\" marginheight=\"0\" scrolling=\"no\"><\/iframe>","_oembed_time_1403d99661ed03eb0a52a4f78faa3fe1":"1620459892","_oembed_cd32cc86971afffe44311aad79d7371a":"<blockquote class=\"wp-embedded-content\" data-secret=\"EjAYicgg8n\"><a href=\"https:\/\/www.legnanonews.com\/altri\/2021\/05\/07\/tra-i-volontari-di-croce-rossa-a-legnano-con-il-covid-tutti-abbiamo-voluto-dare-qualcosa-in-piu\/981334\/\">Tra i volontari di Croce Rossa a Legnano: &#8220;Con il Covid tutti abbiamo voluto dare qualcosa in pi\u00f9&#8221;<\/a><\/blockquote><iframe class=\"wp-embedded-content\" sandbox=\"allow-scripts\" security=\"restricted\" style=\"position: absolute; clip: rect(1px, 1px, 1px, 1px);\" src=\"https:\/\/www.legnanonews.com\/altri\/2021\/05\/07\/tra-i-volontari-di-croce-rossa-a-legnano-con-il-covid-tutti-abbiamo-voluto-dare-qualcosa-in-piu\/981334\/embed\/#?secret=EjAYicgg8n\" data-secret=\"EjAYicgg8n\" width=\"500\" height=\"282\" title=\"&#8220;Tra i volontari di Croce Rossa a Legnano: &#8220;Con il Covid tutti abbiamo voluto dare qualcosa in pi\u00f9&#8221;&#8221; &#8212; LegnanoNews\" frameborder=\"0\" marginwidth=\"0\" marginheight=\"0\" scrolling=\"no\"><\/iframe>","_oembed_time_cd32cc86971afffe44311aad79d7371a":"1620459893","_oembed_7ec0d05fd5fd4ac0afbb11ee7d8cdd0c":"<blockquote class=\"wp-embedded-content\" data-secret=\"fUyK9mBsPM\"><a href=\"https:\/\/www.varesenews.it\/2021\/05\/pronto-rito-del-faro-la-patronale-san-vittore-varese\/1336282\/\">Pronto il rito del faro per la patronale di San Vittore a Varese<\/a><\/blockquote><iframe class=\"wp-embedded-content\" sandbox=\"allow-scripts\" security=\"restricted\" style=\"position: absolute; clip: rect(1px, 1px, 1px, 1px);\" src=\"https:\/\/www.varesenews.it\/2021\/05\/pronto-rito-del-faro-la-patronale-san-vittore-varese\/1336282\/embed\/#?secret=fUyK9mBsPM\" data-secret=\"fUyK9mBsPM\" width=\"500\" height=\"282\" title=\"&#8220;Pronto il rito del faro per la patronale di San Vittore a Varese&#8221; &#8212; VareseNews\" frameborder=\"0\" marginwidth=\"0\" marginheight=\"0\" scrolling=\"no\"><\/iframe>","_oembed_time_7ec0d05fd5fd4ac0afbb11ee7d8cdd0c":"1620459893","_yoast_wpseo_opengraph-image":"http:\/\/www.varesenews.it\/wp-content\/uploads\/2021\/05\/cane-2.jpg"},"photos":[{"original":"https:\/\/staging.varesenews.it\/photogallery_new\/images\/2021\/05\/generica-2020-1220491.jpg","full":"https:\/\/staging.varesenews.it\/photogallery_new\/images\/2021\/05\/generica-2020-1220491.1024x768.jpg","large":"https:\/\/staging.varesenews.it\/photogallery_new\/images\/2021\/05\/generica-2020-1220491.610x431.jpg"}],"_links":{"self":[{"href":"https:\/\/staging.varesenews.it\/swgapi\/v1\/wp\/v2\/posts\/1336784"}],"collection":[{"href":"https:\/\/staging.varesenews.it\/swgapi\/v1\/wp\/v2\/posts"}],"about":[{"href":"https:\/\/staging.varesenews.it\/swgapi\/v1\/wp\/v2\/types\/post"}],"author":[{"embeddable":true,"href":"https:\/\/staging.varesenews.it\/swgapi\/v1\/wp\/v2\/users\/36"}],"replies":[{"embeddable":true,"href":"https:\/\/staging.varesenews.it\/swgapi\/v1\/wp\/v2\/comments?post=1336784"}],"version-history":[{"count":0,"href":"https:\/\/staging.varesenews.it\/swgapi\/v1\/wp\/v2\/posts\/1336784\/revisions"}],"wp:attachment":[{"href":"https:\/\/staging.varesenews.it\/swgapi\/v1\/wp\/v2\/media?parent=1336784"}],"wp:term":[{"taxonomy":"category","embeddable":true,"href":"https:\/\/staging.varesenews.it\/swgapi\/v1\/wp\/v2\/categories?post=1336784"},{"taxonomy":"post_tag","embeddable":true,"href":"https:\/\/staging.varesenews.it\/swgapi\/v1\/wp\/v2\/tags?post=1336784"}],"curies":[{"name":"wp","href":"https:\/\/api.w.org\/{rel}","templated":true}]}}