{"id":1338036,"date":"2021-05-11T19:16:11","date_gmt":"2021-05-11T17:16:11","guid":{"rendered":"https:\/\/www.varesenews.it\/?p=1338036"},"modified":"2021-05-11T19:16:11","modified_gmt":"2021-05-11T17:16:11","slug":"piscina-moriggia-gallarate-quando-riapre","status":"publish","type":"post","link":"https:\/\/staging.varesenews.it\/2021\/05\/piscina-moriggia-gallarate-quando-riapre\/1338036\/","title":{"rendered":"La vasca riapre il 1\u00b0 giugno, ma la piscina di Moriggia riparte un po&#8217; gi\u00e0 luned\u00ec"},"content":{"rendered":"<p>La <strong>piscina di Moriggia<\/strong> si prepara a riaprire. \u00abSe il governo non cambia idea,<strong> il 1\u00b0 giugno<\/strong><span class=\"Apple-converted-space\"><strong>\u00a0riapriremo\u00bb<\/strong> conferma <a href=\"https:\/\/www.malpensanews.it\/2020\/07\/alla-moriggia-arrivano-i-nuovi-gestori-riapriamo-in-due-settimane\/852495\/\" target=\"_blank\" rel=\"noopener\">Emilio Bonzanini<\/a>, di Ticino Nuoto, gestore dell&#8217;impianto di <strong>Gallarate<\/strong>.<\/span><\/p>\n<p>La data del 1\u00b0 giugno \u00e8 appunto quella prevista dalle attuali norme. E a quella data ci si dovr\u00e0 attenere per tornare in vasca.<\/p>\n<p>Le regole per\u00f2 danno ai gestori la possibilit\u00e0 di una &#8211; diciamo cos\u00ec &#8211; ripartenza <strong>soft<\/strong>, per gestire al meglio i flussi.\u00abDa <strong>luned\u00ec 17 maggio apriremo gi\u00e0 la reception<\/strong>: ricontatteremo le persone che hanno abbonamenti in validit\u00e0 per la riattivazione dell\u2019abbonamento\u00bb.<\/p>\n<p>Una mezza apertura anticipata per <strong>assicurare la ripresa in relax e anche in sicurezza<\/strong> dal punto di vista sanitario, per <strong>evitare code e assembramenti<\/strong> al momento in cui &#8211; mancano due settimane soltanto &#8211; si potr\u00e0 tornare a nuotare.<\/p>\n","protected":false},"excerpt":{"rendered":"<p>Ticino Nuoto, gestore dell&#8217;impianto, illustra i tempi di riapertura<\/p>\n","protected":false},"author":46,"featured_media":0,"comment_status":"open","ping_status":"open","sticky":false,"template":"","format":"standard","meta":{"footnotes":""},"categories":[3],"tags":[57145,107532],"acf":[],"yoast_head":"<!-- This site is optimized with the Yoast SEO plugin v20.1 - https:\/\/yoast.com\/wordpress\/plugins\/seo\/ -->\n<title>La vasca riapre il 1\u00b0 giugno, ma la piscina di Moriggia riparte un po&#039; gi\u00e0 luned\u00ec<\/title>\n<meta name=\"description\" content=\"Ticino Nuoto, gestore dell&#039;impianto, illustra i tempi di riapertura\" \/>\n<meta name=\"robots\" content=\"noindex, follow, max-snippet:-1, max-image-preview:large, max-video-preview:-1\" \/>\n<meta property=\"og:locale\" content=\"it_IT\" \/>\n<meta property=\"og:type\" content=\"article\" \/>\n<meta property=\"og:title\" content=\"La vasca riapre il 1\u00b0 giugno, ma la piscina di Moriggia riparte un po&#039; gi\u00e0 luned\u00ec\" \/>\n<meta property=\"og:description\" content=\"Ticino Nuoto, gestore dell&#039;impianto, illustra i tempi di riapertura\" \/>\n<meta property=\"og:url\" content=\"https:\/\/staging.varesenews.it\/2021\/05\/piscina-moriggia-gallarate-quando-riapre\/1338036\/\" \/>\n<meta property=\"og:site_name\" content=\"VareseNews\" \/>\n<meta property=\"article:publisher\" content=\"https:\/\/www.facebook.com\/varesenews\" \/>\n<meta property=\"article:published_time\" content=\"2021-05-11T17:16:11+00:00\" \/>\n<meta name=\"author\" content=\"Roberto Morandi\" \/>\n<meta name=\"twitter:card\" content=\"summary_large_image\" \/>\n<meta name=\"twitter:creator\" content=\"@ilmorands\" \/>\n<meta name=\"twitter:site\" content=\"@varesenews\" \/>\n<meta name=\"twitter:label1\" content=\"Scritto da\" \/>\n\t<meta name=\"twitter:data1\" content=\"Roberto Morandi\" \/>\n\t<meta name=\"twitter:label2\" content=\"Tempo di lettura stimato\" \/>\n\t<meta name=\"twitter:data2\" content=\"1 minuto\" \/>\n<script type=\"application\/ld+json\" class=\"yoast-schema-graph\">{\"@context\":\"https:\/\/schema.org\",\"@graph\":[{\"@type\":\"WebPage\",\"@id\":\"https:\/\/staging.varesenews.it\/2021\/05\/piscina-moriggia-gallarate-quando-riapre\/1338036\/\",\"url\":\"https:\/\/staging.varesenews.it\/2021\/05\/piscina-moriggia-gallarate-quando-riapre\/1338036\/\",\"name\":\"La vasca riapre il 1\u00b0 giugno, ma la piscina di Moriggia riparte un po' gi\u00e0 luned\u00ec\",\"isPartOf\":{\"@id\":\"https:\/\/staging.varesenews.it\/#website\"},\"datePublished\":\"2021-05-11T17:16:11+00:00\",\"dateModified\":\"2021-05-11T17:16:11+00:00\",\"author\":{\"@id\":\"https:\/\/staging.varesenews.it\/#\/schema\/person\/efe592ae4c76536b551f89d8b6674bc3\"},\"description\":\"Ticino Nuoto, gestore dell'impianto, illustra i tempi di riapertura\",\"breadcrumb\":{\"@id\":\"https:\/\/staging.varesenews.it\/2021\/05\/piscina-moriggia-gallarate-quando-riapre\/1338036\/#breadcrumb\"},\"inLanguage\":\"it-IT\",\"potentialAction\":[{\"@type\":\"ReadAction\",\"target\":[\"https:\/\/staging.varesenews.it\/2021\/05\/piscina-moriggia-gallarate-quando-riapre\/1338036\/\"]}]},{\"@type\":\"BreadcrumbList\",\"@id\":\"https:\/\/staging.varesenews.it\/2021\/05\/piscina-moriggia-gallarate-quando-riapre\/1338036\/#breadcrumb\",\"itemListElement\":[{\"@type\":\"ListItem\",\"position\":1,\"name\":\"Home\",\"item\":\"https:\/\/www.varesenews.it\/\"},{\"@type\":\"ListItem\",\"position\":2,\"name\":\"La vasca riapre il 1\u00b0 giugno, ma la piscina di Moriggia riparte un po&#8217; gi\u00e0 luned\u00ec\"}]},{\"@type\":\"WebSite\",\"@id\":\"https:\/\/staging.varesenews.it\/#website\",\"url\":\"https:\/\/staging.varesenews.it\/\",\"name\":\"VareseNews\",\"description\":\"\",\"potentialAction\":[{\"@type\":\"SearchAction\",\"target\":{\"@type\":\"EntryPoint\",\"urlTemplate\":\"https:\/\/staging.varesenews.it\/?s={search_term_string}\"},\"query-input\":\"required name=search_term_string\"}],\"inLanguage\":\"it-IT\"},{\"@type\":\"Person\",\"@id\":\"https:\/\/staging.varesenews.it\/#\/schema\/person\/efe592ae4c76536b551f89d8b6674bc3\",\"name\":\"Roberto Morandi\",\"image\":{\"@type\":\"ImageObject\",\"inLanguage\":\"it-IT\",\"@id\":\"https:\/\/staging.varesenews.it\/#\/schema\/person\/image\/\",\"url\":\"https:\/\/staging.varesenews.it\/wp-content\/uploads\/2020\/12\/roberto_morandi_colori_500.jpg\",\"contentUrl\":\"https:\/\/staging.varesenews.it\/wp-content\/uploads\/2020\/12\/roberto_morandi_colori_500.jpg\",\"caption\":\"Roberto Morandi\"},\"description\":\"Classe 1980, laureato in storia, mi occupo dell&rsquo;area di Gallarate e di Malpensa, di trasporti e mobilit&agrave;. Amo molto la dimensione della citt&agrave;, come luogo d&rsquo;incontro di persone diverse e come organismo che si trasforma costantemente. Mi piace anche raccontare le piccole e grandi vicende, anche locali, che compongono la Storia con la S maiuscola. Appassionato di bicicletta: la macchina perfetta per muoversi in citt&agrave; e per viaggiare.\",\"sameAs\":[\"https:\/\/twitter.com\/ilmorands\"],\"url\":\"https:\/\/staging.varesenews.it\/persona\/roberto-morandi1\/\"}]}<\/script>\n<!-- \/ Yoast SEO plugin. -->","yoast_head_json":{"title":"La vasca riapre il 1\u00b0 giugno, ma la piscina di Moriggia riparte un po' gi\u00e0 luned\u00ec","description":"Ticino Nuoto, gestore dell'impianto, illustra i tempi di riapertura","robots":{"index":"noindex","follow":"follow","max-snippet":"max-snippet:-1","max-image-preview":"max-image-preview:large","max-video-preview":"max-video-preview:-1"},"og_locale":"it_IT","og_type":"article","og_title":"La vasca riapre il 1\u00b0 giugno, ma la piscina di Moriggia riparte un po' gi\u00e0 luned\u00ec","og_description":"Ticino Nuoto, gestore dell'impianto, illustra i tempi di riapertura","og_url":"https:\/\/staging.varesenews.it\/2021\/05\/piscina-moriggia-gallarate-quando-riapre\/1338036\/","og_site_name":"VareseNews","article_publisher":"https:\/\/www.facebook.com\/varesenews","article_published_time":"2021-05-11T17:16:11+00:00","author":"Roberto Morandi","twitter_card":"summary_large_image","twitter_creator":"@ilmorands","twitter_site":"@varesenews","twitter_misc":{"Scritto da":"Roberto Morandi","Tempo di lettura stimato":"1 minuto"},"schema":{"@context":"https:\/\/schema.org","@graph":[{"@type":"WebPage","@id":"https:\/\/staging.varesenews.it\/2021\/05\/piscina-moriggia-gallarate-quando-riapre\/1338036\/","url":"https:\/\/staging.varesenews.it\/2021\/05\/piscina-moriggia-gallarate-quando-riapre\/1338036\/","name":"La vasca riapre il 1\u00b0 giugno, ma la piscina di Moriggia riparte un po' gi\u00e0 luned\u00ec","isPartOf":{"@id":"https:\/\/staging.varesenews.it\/#website"},"datePublished":"2021-05-11T17:16:11+00:00","dateModified":"2021-05-11T17:16:11+00:00","author":{"@id":"https:\/\/staging.varesenews.it\/#\/schema\/person\/efe592ae4c76536b551f89d8b6674bc3"},"description":"Ticino Nuoto, gestore dell'impianto, illustra i tempi di riapertura","breadcrumb":{"@id":"https:\/\/staging.varesenews.it\/2021\/05\/piscina-moriggia-gallarate-quando-riapre\/1338036\/#breadcrumb"},"inLanguage":"it-IT","potentialAction":[{"@type":"ReadAction","target":["https:\/\/staging.varesenews.it\/2021\/05\/piscina-moriggia-gallarate-quando-riapre\/1338036\/"]}]},{"@type":"BreadcrumbList","@id":"https:\/\/staging.varesenews.it\/2021\/05\/piscina-moriggia-gallarate-quando-riapre\/1338036\/#breadcrumb","itemListElement":[{"@type":"ListItem","position":1,"name":"Home","item":"https:\/\/www.varesenews.it\/"},{"@type":"ListItem","position":2,"name":"La vasca riapre il 1\u00b0 giugno, ma la piscina di Moriggia riparte un po&#8217; gi\u00e0 luned\u00ec"}]},{"@type":"WebSite","@id":"https:\/\/staging.varesenews.it\/#website","url":"https:\/\/staging.varesenews.it\/","name":"VareseNews","description":"","potentialAction":[{"@type":"SearchAction","target":{"@type":"EntryPoint","urlTemplate":"https:\/\/staging.varesenews.it\/?s={search_term_string}"},"query-input":"required name=search_term_string"}],"inLanguage":"it-IT"},{"@type":"Person","@id":"https:\/\/staging.varesenews.it\/#\/schema\/person\/efe592ae4c76536b551f89d8b6674bc3","name":"Roberto Morandi","image":{"@type":"ImageObject","inLanguage":"it-IT","@id":"https:\/\/staging.varesenews.it\/#\/schema\/person\/image\/","url":"https:\/\/staging.varesenews.it\/wp-content\/uploads\/2020\/12\/roberto_morandi_colori_500.jpg","contentUrl":"https:\/\/staging.varesenews.it\/wp-content\/uploads\/2020\/12\/roberto_morandi_colori_500.jpg","caption":"Roberto Morandi"},"description":"Classe 1980, laureato in storia, mi occupo dell&rsquo;area di Gallarate e di Malpensa, di trasporti e mobilit&agrave;. Amo molto la dimensione della citt&agrave;, come luogo d&rsquo;incontro di persone diverse e come organismo che si trasforma costantemente. Mi piace anche raccontare le piccole e grandi vicende, anche locali, che compongono la Storia con la S maiuscola. Appassionato di bicicletta: la macchina perfetta per muoversi in citt&agrave; e per viaggiare.","sameAs":["https:\/\/twitter.com\/ilmorands"],"url":"https:\/\/staging.varesenews.it\/persona\/roberto-morandi1\/"}]}},"post_meta":{"_edit_lock":"1620753293:46","_edit_last":"46","_category_permalink":"a:1:{s:8:\"category\";s:1:\"3\";}","_encloseme":"1","ratings_users":"0","ratings_score":"0","ratings_average":"0","foto":"1200001","firma_come_redazione":"1","argomento":"Gallarate","_yoast_wpseo_content_score":"30","_jd_tweet_this":"yes","_wpt_short_url":"https:\/\/www.varesenews.it\/2021\/05\/piscina-moriggia-gallarate-quando-riapre\/1338036\/","_wp_jd_target":"https:\/\/www.varesenews.it\/2021\/05\/piscina-moriggia-gallarate-quando-riapre\/1338036\/","_jd_wp_twitter":"a:1:{i:0;s:187:\"La vasca riapre il 1\u00b0 giugno, ma la piscina di Moriggia riparte un po\u2019 gi\u00e0 luned\u00ec https:\/\/www.varesenews.it\/2021\/05\/piscina-moriggia-gallarate-quando-riapre\/1338036\/ #piscinamoriggia\";}","_wpt_status_message":"Tweet inviato con successo.","_oembed_d27b74d1739db87719ddd27dbda72ce5":"<blockquote class=\"wp-embedded-content\" data-secret=\"IL0MO8eGoy\"><a href=\"https:\/\/www.varesenews.it\/2021\/05\/incidente-sul-lavoro-unazienda-busto-arsizio-elisoccorso-azione-salvare-un-49enne\/1335538\/\">\u00c8 morto l&#8217;operaio di 49 anni coinvolto nell&#8217;incidente sul lavoro a Busto Arsizio<\/a><\/blockquote><iframe class=\"wp-embedded-content\" sandbox=\"allow-scripts\" security=\"restricted\" style=\"position: absolute; clip: rect(1px, 1px, 1px, 1px);\" src=\"https:\/\/www.varesenews.it\/2021\/05\/incidente-sul-lavoro-unazienda-busto-arsizio-elisoccorso-azione-salvare-un-49enne\/1335538\/embed\/#?secret=IL0MO8eGoy\" data-secret=\"IL0MO8eGoy\" width=\"500\" height=\"282\" title=\"&#8220;\u00c8 morto l&#8217;operaio di 49 anni coinvolto nell&#8217;incidente sul lavoro a Busto Arsizio&#8221; &#8212; VareseNews\" frameborder=\"0\" marginwidth=\"0\" marginheight=\"0\" scrolling=\"no\"><\/iframe>","_oembed_time_d27b74d1739db87719ddd27dbda72ce5":"1620753407","_oembed_d1e3625f6b7e7d886bed1576796334ef":"<blockquote class=\"wp-embedded-content\" data-secret=\"4Rs5yKHxTn\"><a href=\"https:\/\/www.varesenews.it\/2020\/07\/vergiate-nel-laboratorio-dellazienda-preparavano-la-cocaina-tre-arresti\/949040\/\">Il gallaratese al centro del traffico di cocaina: 3 arresti e 12 chili di droga sequestrati in due giorni<\/a><\/blockquote><iframe class=\"wp-embedded-content\" sandbox=\"allow-scripts\" security=\"restricted\" style=\"position: absolute; clip: rect(1px, 1px, 1px, 1px);\" src=\"https:\/\/www.varesenews.it\/2020\/07\/vergiate-nel-laboratorio-dellazienda-preparavano-la-cocaina-tre-arresti\/949040\/embed\/#?secret=4Rs5yKHxTn\" data-secret=\"4Rs5yKHxTn\" width=\"500\" height=\"282\" title=\"&#8220;Il gallaratese al centro del traffico di cocaina: 3 arresti e 12 chili di droga sequestrati in due giorni&#8221; &#8212; VareseNews\" frameborder=\"0\" marginwidth=\"0\" marginheight=\"0\" scrolling=\"no\"><\/iframe>","_oembed_time_d1e3625f6b7e7d886bed1576796334ef":"1620753407","_oembed_41b723355b5fedf3c590ad426b2216cb":"<blockquote class=\"wp-embedded-content\" data-secret=\"hF9r3ZMC28\"><a href=\"https:\/\/www.varesenews.it\/2021\/05\/ce-anche-varese-nella-lista-degli-impianti-cremazione-verrano-potenziati-dalla-regione\/1336166\/\">C&#8217;\u00e8 anche Varese nella lista degli impianti di cremazione che verrano potenziati dalla Regione<\/a><\/blockquote><iframe class=\"wp-embedded-content\" sandbox=\"allow-scripts\" security=\"restricted\" style=\"position: absolute; clip: rect(1px, 1px, 1px, 1px);\" src=\"https:\/\/www.varesenews.it\/2021\/05\/ce-anche-varese-nella-lista-degli-impianti-cremazione-verrano-potenziati-dalla-regione\/1336166\/embed\/#?secret=hF9r3ZMC28\" data-secret=\"hF9r3ZMC28\" width=\"500\" height=\"282\" title=\"&#8220;C&#8217;\u00e8 anche Varese nella lista degli impianti di cremazione che verrano potenziati dalla Regione&#8221; &#8212; VareseNews\" frameborder=\"0\" marginwidth=\"0\" marginheight=\"0\" scrolling=\"no\"><\/iframe>","_oembed_time_41b723355b5fedf3c590ad426b2216cb":"1620753407","_oembed_4ffc48433c088118031a5df00afb6c47":"<blockquote class=\"wp-embedded-content\" data-secret=\"QBn4kgYYPR\"><a href=\"https:\/\/www.varesenews.it\/2021\/05\/varese-como-vco-alla-bit-le-bellezze-della-terra-dei-laghi\/1336617\/\">Varese, Como e il Vco: alla Bit le bellezze della terra dei laghi<\/a><\/blockquote><iframe class=\"wp-embedded-content\" sandbox=\"allow-scripts\" security=\"restricted\" style=\"position: absolute; clip: rect(1px, 1px, 1px, 1px);\" src=\"https:\/\/www.varesenews.it\/2021\/05\/varese-como-vco-alla-bit-le-bellezze-della-terra-dei-laghi\/1336617\/embed\/#?secret=QBn4kgYYPR\" data-secret=\"QBn4kgYYPR\" width=\"500\" height=\"282\" title=\"&#8220;Varese, Como e il Vco: alla Bit le bellezze della terra dei laghi&#8221; &#8212; VareseNews\" frameborder=\"0\" marginwidth=\"0\" marginheight=\"0\" scrolling=\"no\"><\/iframe>","_oembed_time_4ffc48433c088118031a5df00afb6c47":"1620753407","_oembed_65c7c0a38afe8a886069dff6d623b8a9":"<blockquote class=\"wp-embedded-content\" data-secret=\"fOgA0aQbLd\"><a href=\"https:\/\/www.varesenews.it\/2021\/02\/un-ruolo-drammatico-renato-pozzetto-capito-la-mia-parte-pupi-avati-mi-aiutato\/1304743\/\">Un ruolo drammatico per Renato Pozzetto: &#8220;Ho capito che era la mia parte, Pupi Avati mi ha aiutato&#8221;<\/a><\/blockquote><iframe class=\"wp-embedded-content\" sandbox=\"allow-scripts\" security=\"restricted\" style=\"position: absolute; clip: rect(1px, 1px, 1px, 1px);\" src=\"https:\/\/www.varesenews.it\/2021\/02\/un-ruolo-drammatico-renato-pozzetto-capito-la-mia-parte-pupi-avati-mi-aiutato\/1304743\/embed\/#?secret=fOgA0aQbLd\" data-secret=\"fOgA0aQbLd\" width=\"500\" height=\"282\" title=\"&#8220;Un ruolo drammatico per Renato Pozzetto: &#8220;Ho capito che era la mia parte, Pupi Avati mi ha aiutato&#8221;&#8221; &#8212; VareseNews\" frameborder=\"0\" marginwidth=\"0\" marginheight=\"0\" scrolling=\"no\"><\/iframe>","_oembed_time_65c7c0a38afe8a886069dff6d623b8a9":"1620753407","_oembed_c3e1a77984399fceada091040d33eda1":"<blockquote class=\"wp-embedded-content\" data-secret=\"QTogYnucbj\"><a href=\"https:\/\/www.saronnonews.it\/2021\/03\/26\/david-di-donatello-il-saronnese-andrea-leanza-candidato-per-il-trucco-di-hammamet\/\">David di Donatello, il saronnese Andrea Leanza candidato per il trucco di &#8220;Hammamet&#8221;<\/a><\/blockquote><iframe class=\"wp-embedded-content\" sandbox=\"allow-scripts\" security=\"restricted\" style=\"position: absolute; clip: rect(1px, 1px, 1px, 1px);\" src=\"https:\/\/www.saronnonews.it\/2021\/03\/26\/david-di-donatello-il-saronnese-andrea-leanza-candidato-per-il-trucco-di-hammamet\/embed\/#?secret=QTogYnucbj\" data-secret=\"QTogYnucbj\" width=\"500\" height=\"282\" title=\"&#8220;David di Donatello, il saronnese Andrea Leanza candidato per il trucco di &#8220;Hammamet&#8221;&#8221; &#8212; SaronnoNews\" frameborder=\"0\" marginwidth=\"0\" marginheight=\"0\" scrolling=\"no\"><\/iframe>","_oembed_time_c3e1a77984399fceada091040d33eda1":"1620753407","_oembed_676882092a42b9eeb819a84534d29c12":"<iframe width=\"500\" height=\"281\" src=\"https:\/\/www.youtube.com\/embed\/_fVdwxRxwro?feature=oembed\" frameborder=\"0\" allow=\"accelerometer; autoplay; clipboard-write; encrypted-media; gyroscope; picture-in-picture\" allowfullscreen><\/iframe>","_oembed_time_676882092a42b9eeb819a84534d29c12":"1620753647","_oembed_4adf1accac767577a5cdd6bb4b1fca8d":"<blockquote class=\"wp-embedded-content\" data-secret=\"C9RAoUm702\"><a href=\"https:\/\/www.varesenews.it\/2021\/04\/zona-franca-gli-spostamenti-italia-svizzera-la-proposta-parlamento\/1331423\/\">Una &#8220;zona franca&#8221; per gli spostamenti tra Italia e Svizzera, la proposta in Parlamento<\/a><\/blockquote><iframe class=\"wp-embedded-content\" sandbox=\"allow-scripts\" security=\"restricted\" style=\"position: absolute; clip: rect(1px, 1px, 1px, 1px);\" src=\"https:\/\/www.varesenews.it\/2021\/04\/zona-franca-gli-spostamenti-italia-svizzera-la-proposta-parlamento\/1331423\/embed\/#?secret=C9RAoUm702\" data-secret=\"C9RAoUm702\" width=\"500\" height=\"282\" title=\"&#8220;Una &#8220;zona franca&#8221; per gli spostamenti tra Italia e Svizzera, la proposta in Parlamento&#8221; &#8212; VareseNews\" frameborder=\"0\" marginwidth=\"0\" marginheight=\"0\" scrolling=\"no\"><\/iframe>","_oembed_time_4adf1accac767577a5cdd6bb4b1fca8d":"1620753647","_oembed_227072c3bfe1f7815fea7e7d864272d6":"<blockquote class=\"wp-embedded-content\" data-secret=\"WQhjk0Q9RZ\"><a href=\"https:\/\/www.varesenews.it\/2021\/02\/la-latitanza-mirko-rosa-dura-poco-le-manette-scattano-mendrisio\/1304914\/\">La latitanza di Mirko Rosa dura poco, le manette scattano a Mendrisio<\/a><\/blockquote><iframe class=\"wp-embedded-content\" sandbox=\"allow-scripts\" security=\"restricted\" style=\"position: absolute; clip: rect(1px, 1px, 1px, 1px);\" src=\"https:\/\/www.varesenews.it\/2021\/02\/la-latitanza-mirko-rosa-dura-poco-le-manette-scattano-mendrisio\/1304914\/embed\/#?secret=WQhjk0Q9RZ\" data-secret=\"WQhjk0Q9RZ\" width=\"500\" height=\"282\" title=\"&#8220;La latitanza di Mirko Rosa dura poco, le manette scattano a Mendrisio&#8221; &#8212; VareseNews\" frameborder=\"0\" marginwidth=\"0\" marginheight=\"0\" scrolling=\"no\"><\/iframe>","_oembed_time_227072c3bfe1f7815fea7e7d864272d6":"1620753647","_oembed_4e8c6dda913a0ab3e059fee716adfa52":"<blockquote class=\"wp-embedded-content\" data-secret=\"3mWAR4W2uf\"><a href=\"https:\/\/www.varesenews.it\/2021\/04\/troupe-porta-porta-lavena-ponte-tresa-parlare-frontalieri-negozi-crisi\/1330649\/\">Una troupe di &#8220;Porta a porta&#8221; a Lavena Ponte Tresa per parlare di frontalieri e negozi in crisi<\/a><\/blockquote><iframe class=\"wp-embedded-content\" sandbox=\"allow-scripts\" security=\"restricted\" style=\"position: absolute; clip: rect(1px, 1px, 1px, 1px);\" src=\"https:\/\/www.varesenews.it\/2021\/04\/troupe-porta-porta-lavena-ponte-tresa-parlare-frontalieri-negozi-crisi\/1330649\/embed\/#?secret=3mWAR4W2uf\" data-secret=\"3mWAR4W2uf\" width=\"500\" height=\"282\" title=\"&#8220;Una troupe di &#8220;Porta a porta&#8221; a Lavena Ponte Tresa per parlare di frontalieri e negozi in crisi&#8221; &#8212; VareseNews\" frameborder=\"0\" marginwidth=\"0\" marginheight=\"0\" scrolling=\"no\"><\/iframe>","_oembed_time_4e8c6dda913a0ab3e059fee716adfa52":"1620753647","_oembed_c63e46eacc3830518271fe85701840b6":"<blockquote class=\"wp-embedded-content\" data-secret=\"c0WvuSLUin\"><a href=\"https:\/\/www.varesenews.it\/2021\/05\/bilancio-mandato-cassani-costato-28mila-euro\/1337954\/\">Il Pd attacca: \u201cIl bilancio di mandato di Cassani \u00e8 costato 28mila euro\u201d<\/a><\/blockquote><iframe class=\"wp-embedded-content\" sandbox=\"allow-scripts\" security=\"restricted\" style=\"position: absolute; clip: rect(1px, 1px, 1px, 1px);\" src=\"https:\/\/www.varesenews.it\/2021\/05\/bilancio-mandato-cassani-costato-28mila-euro\/1337954\/embed\/#?secret=c0WvuSLUin\" data-secret=\"c0WvuSLUin\" width=\"500\" height=\"282\" title=\"&#8220;Il Pd attacca: \u201cIl bilancio di mandato di Cassani \u00e8 costato 28mila euro\u201d&#8221; &#8212; VareseNews\" frameborder=\"0\" marginwidth=\"0\" marginheight=\"0\" scrolling=\"no\"><\/iframe>","_oembed_time_c63e46eacc3830518271fe85701840b6":"1620753712","_oembed_805d1f005105e11dcfe248a7ae7457d3":"<blockquote class=\"wp-embedded-content\" data-secret=\"4jm3OZZMkM\"><a href=\"https:\/\/www.varesenews.it\/2021\/05\/cassani-pd-moralista-altrove-lavora-la-stessa-societa\/1337979\/\">Cassani: &#8220;Pd moralista, altrove lavora con la stessa societ\u00e0&#8221;<\/a><\/blockquote><iframe class=\"wp-embedded-content\" sandbox=\"allow-scripts\" security=\"restricted\" style=\"position: absolute; clip: rect(1px, 1px, 1px, 1px);\" src=\"https:\/\/www.varesenews.it\/2021\/05\/cassani-pd-moralista-altrove-lavora-la-stessa-societa\/1337979\/embed\/#?secret=4jm3OZZMkM\" data-secret=\"4jm3OZZMkM\" width=\"500\" height=\"282\" title=\"&#8220;Cassani: &#8220;Pd moralista, altrove lavora con la stessa societ\u00e0&#8221;&#8221; &#8212; VareseNews\" frameborder=\"0\" marginwidth=\"0\" marginheight=\"0\" scrolling=\"no\"><\/iframe>","_oembed_time_805d1f005105e11dcfe248a7ae7457d3":"1620753712","_oembed_0f8fa067286311108a7c96b0f20f9f2e":"<blockquote class=\"wp-embedded-content\" data-secret=\"ytufAj93oI\"><a href=\"https:\/\/www.varesenews.it\/2021\/03\/lonate-pozzolo-vota-bilancio-previsione-piano-opere-pubbliche-2021-2023\/1312157\/\">Lonate Pozzolo vota il bilancio di previsione e il piano opere pubbliche 2021-2023<\/a><\/blockquote><iframe class=\"wp-embedded-content\" sandbox=\"allow-scripts\" security=\"restricted\" style=\"position: absolute; clip: rect(1px, 1px, 1px, 1px);\" src=\"https:\/\/www.varesenews.it\/2021\/03\/lonate-pozzolo-vota-bilancio-previsione-piano-opere-pubbliche-2021-2023\/1312157\/embed\/#?secret=ytufAj93oI\" data-secret=\"ytufAj93oI\" width=\"500\" height=\"282\" title=\"&#8220;Lonate Pozzolo vota il bilancio di previsione e il piano opere pubbliche 2021-2023&#8221; &#8212; VareseNews\" frameborder=\"0\" marginwidth=\"0\" marginheight=\"0\" scrolling=\"no\"><\/iframe>","_oembed_time_0f8fa067286311108a7c96b0f20f9f2e":"1620753712","_oembed_09ca3c4e637d135f2c11b13071f29c69":"<blockquote class=\"wp-embedded-content\" data-secret=\"CEACq0T1g6\"><a href=\"https:\/\/www.varesenews.it\/2021\/05\/laumento-dei-costi-delle-materie-coinvolge-l88-dellindustria-varesina\/1337335\/\">L\u2019aumento dei costi delle materie coinvolge l\u201988% dell\u2019industria varesina<\/a><\/blockquote><iframe class=\"wp-embedded-content\" sandbox=\"allow-scripts\" security=\"restricted\" style=\"position: absolute; clip: rect(1px, 1px, 1px, 1px);\" src=\"https:\/\/www.varesenews.it\/2021\/05\/laumento-dei-costi-delle-materie-coinvolge-l88-dellindustria-varesina\/1337335\/embed\/#?secret=CEACq0T1g6\" data-secret=\"CEACq0T1g6\" width=\"500\" height=\"282\" title=\"&#8220;L\u2019aumento dei costi delle materie coinvolge l\u201988% dell\u2019industria varesina&#8221; &#8212; VareseNews\" frameborder=\"0\" marginwidth=\"0\" marginheight=\"0\" scrolling=\"no\"><\/iframe>","_oembed_time_09ca3c4e637d135f2c11b13071f29c69":"1620753712","_oembed_43c8286fa3a3bc4e0fc7978108536a2c":"<blockquote class=\"wp-embedded-content\" data-secret=\"sAxecTxhaa\"><a href=\"https:\/\/www.varesenews.it\/2020\/10\/dal-tungsteno-al-gallio-le-materie-prime-critiche-cui-avremo-sempre-piu-bisogno\/966344\/\">Dal tungsteno al gallio, le &#8220;materie prime critiche&#8221; di cui avremo sempre pi\u00f9 bisogno<\/a><\/blockquote><iframe class=\"wp-embedded-content\" sandbox=\"allow-scripts\" security=\"restricted\" style=\"position: absolute; clip: rect(1px, 1px, 1px, 1px);\" src=\"https:\/\/www.varesenews.it\/2020\/10\/dal-tungsteno-al-gallio-le-materie-prime-critiche-cui-avremo-sempre-piu-bisogno\/966344\/embed\/#?secret=sAxecTxhaa\" data-secret=\"sAxecTxhaa\" width=\"500\" height=\"282\" title=\"&#8220;Dal tungsteno al gallio, le &#8220;materie prime critiche&#8221; di cui avremo sempre pi\u00f9 bisogno&#8221; &#8212; VareseNews\" frameborder=\"0\" marginwidth=\"0\" marginheight=\"0\" scrolling=\"no\"><\/iframe>","_oembed_time_43c8286fa3a3bc4e0fc7978108536a2c":"1620753712","_oembed_d3c942bece8c6a48e7475212a1ca2b0e":"<blockquote class=\"wp-embedded-content\" data-secret=\"l4Vbi8dVVN\"><a href=\"https:\/\/www.varesenews.it\/2021\/05\/cgil-cisl-uil-basta-morti-sul-lavoro-quattro-ore-sciopero-martedi-11-maggio\/1336884\/\">Cgil, Cisl e Uil: basta morti sul lavoro, quattro ore di sciopero marted\u00ec 11 maggio<\/a><\/blockquote><iframe class=\"wp-embedded-content\" sandbox=\"allow-scripts\" security=\"restricted\" style=\"position: absolute; clip: rect(1px, 1px, 1px, 1px);\" src=\"https:\/\/www.varesenews.it\/2021\/05\/cgil-cisl-uil-basta-morti-sul-lavoro-quattro-ore-sciopero-martedi-11-maggio\/1336884\/embed\/#?secret=l4Vbi8dVVN\" data-secret=\"l4Vbi8dVVN\" width=\"500\" height=\"282\" title=\"&#8220;Cgil, Cisl e Uil: basta morti sul lavoro, quattro ore di sciopero marted\u00ec 11 maggio&#8221; &#8212; VareseNews\" frameborder=\"0\" marginwidth=\"0\" marginheight=\"0\" scrolling=\"no\"><\/iframe>","_oembed_time_d3c942bece8c6a48e7475212a1ca2b0e":"1620753712","_oembed_f71b160ce20808abfdd71338f5824ebb":"<blockquote class=\"wp-embedded-content\" data-secret=\"qfsFCRqd7o\"><a href=\"https:\/\/www.varesenews.it\/2021\/05\/maurizio-gandini-disinfetto-il-giro-per-salvaguardare-i-corridori\/1337862\/\">Maurizio Gandini: &#8220;Disinfetto il Giro per salvaguardare i corridori&#8221;<\/a><\/blockquote><iframe class=\"wp-embedded-content\" sandbox=\"allow-scripts\" security=\"restricted\" style=\"position: absolute; clip: rect(1px, 1px, 1px, 1px);\" src=\"https:\/\/www.varesenews.it\/2021\/05\/maurizio-gandini-disinfetto-il-giro-per-salvaguardare-i-corridori\/1337862\/embed\/#?secret=qfsFCRqd7o\" data-secret=\"qfsFCRqd7o\" width=\"500\" height=\"282\" title=\"&#8220;Maurizio Gandini: &#8220;Disinfetto il Giro per salvaguardare i corridori&#8221;&#8221; &#8212; VareseNews\" frameborder=\"0\" marginwidth=\"0\" marginheight=\"0\" scrolling=\"no\"><\/iframe>","_oembed_time_f71b160ce20808abfdd71338f5824ebb":"1620753732","_oembed_f940f422543d78f5f331c77753641613":"<blockquote class=\"wp-embedded-content\" data-secret=\"mFFXqjOM1E\"><a href=\"https:\/\/www.varesenews.it\/2021\/05\/vincenzo-albanese-eolo-kometa-conquista-primo-gran-premio-della-montagna-al-giro-ditalia\/1337045\/\">Vincenzo Albanese della Eolo-Kometa conquista il primo Gran Premio della Montagna al Giro d\u2019Italia<\/a><\/blockquote><iframe class=\"wp-embedded-content\" sandbox=\"allow-scripts\" security=\"restricted\" style=\"position: absolute; clip: rect(1px, 1px, 1px, 1px);\" src=\"https:\/\/www.varesenews.it\/2021\/05\/vincenzo-albanese-eolo-kometa-conquista-primo-gran-premio-della-montagna-al-giro-ditalia\/1337045\/embed\/#?secret=mFFXqjOM1E\" data-secret=\"mFFXqjOM1E\" width=\"500\" height=\"282\" title=\"&#8220;Vincenzo Albanese della Eolo-Kometa conquista il primo Gran Premio della Montagna al Giro d\u2019Italia&#8221; &#8212; VareseNews\" frameborder=\"0\" marginwidth=\"0\" marginheight=\"0\" scrolling=\"no\"><\/iframe>","_oembed_time_f940f422543d78f5f331c77753641613":"1620753732","_oembed_71bb9babe395bd78c09b1823a651fb16":"<blockquote class=\"wp-embedded-content\" data-secret=\"Uw9mXPvHes\"><a href=\"https:\/\/www.varesenews.it\/2021\/04\/stregavarese-leggete-romanzi-semifinalisti-del-premio-strega-insieme\/1329230\/\">StregaVarese: leggete i romanzi semifinalisti del Premio Strega insieme a noi<\/a><\/blockquote><iframe class=\"wp-embedded-content\" sandbox=\"allow-scripts\" security=\"restricted\" style=\"position: absolute; clip: rect(1px, 1px, 1px, 1px);\" src=\"https:\/\/www.varesenews.it\/2021\/04\/stregavarese-leggete-romanzi-semifinalisti-del-premio-strega-insieme\/1329230\/embed\/#?secret=Uw9mXPvHes\" data-secret=\"Uw9mXPvHes\" width=\"500\" height=\"282\" title=\"&#8220;StregaVarese: leggete i romanzi semifinalisti del Premio Strega insieme a noi&#8221; &#8212; VareseNews\" frameborder=\"0\" marginwidth=\"0\" marginheight=\"0\" scrolling=\"no\"><\/iframe>","_oembed_time_71bb9babe395bd78c09b1823a651fb16":"1620753732","_oembed_10e584fda37011dcb82eff9b0390327b":"<blockquote class=\"wp-embedded-content\" data-secret=\"tmUhCRetv6\"><a href=\"https:\/\/www.varesenews.it\/2021\/03\/zona-economica-speciale-rilancio-della-provincia-varese\/1321687\/\">Una zona economica speciale per il rilancio della provincia di Varese<\/a><\/blockquote><iframe class=\"wp-embedded-content\" sandbox=\"allow-scripts\" security=\"restricted\" style=\"position: absolute; clip: rect(1px, 1px, 1px, 1px);\" src=\"https:\/\/www.varesenews.it\/2021\/03\/zona-economica-speciale-rilancio-della-provincia-varese\/1321687\/embed\/#?secret=tmUhCRetv6\" data-secret=\"tmUhCRetv6\" width=\"500\" height=\"282\" title=\"&#8220;Una zona economica speciale per il rilancio della provincia di Varese&#8221; &#8212; VareseNews\" frameborder=\"0\" marginwidth=\"0\" marginheight=\"0\" scrolling=\"no\"><\/iframe>","_oembed_time_10e584fda37011dcb82eff9b0390327b":"1620753732","_oembed_74f67a1ac5b4e2cad8b479f10e1697da":"<blockquote class=\"wp-embedded-content\" data-secret=\"LNKPJnOfxI\"><a href=\"https:\/\/www.varesenews.it\/2021\/05\/crugnola-de-tommaso-al-rally-targa-florio-risalire-classifica\/1335995\/\">Crugnola e De Tommaso al rally Targa Florio per risalire in classifica<\/a><\/blockquote><iframe class=\"wp-embedded-content\" sandbox=\"allow-scripts\" security=\"restricted\" style=\"position: absolute; clip: rect(1px, 1px, 1px, 1px);\" src=\"https:\/\/www.varesenews.it\/2021\/05\/crugnola-de-tommaso-al-rally-targa-florio-risalire-classifica\/1335995\/embed\/#?secret=LNKPJnOfxI\" data-secret=\"LNKPJnOfxI\" width=\"500\" height=\"282\" title=\"&#8220;Crugnola e De Tommaso al rally Targa Florio per risalire in classifica&#8221; &#8212; VareseNews\" frameborder=\"0\" marginwidth=\"0\" marginheight=\"0\" scrolling=\"no\"><\/iframe>","_oembed_time_74f67a1ac5b4e2cad8b479f10e1697da":"1620753733","_oembed_e187985eb1bfa6bf5ecaa0926bef9bdf":"<iframe width=\"500\" height=\"281\" src=\"https:\/\/www.youtube.com\/embed\/-QxfI4o-sOI?feature=oembed\" frameborder=\"0\" allow=\"accelerometer; autoplay; clipboard-write; encrypted-media; gyroscope; picture-in-picture\" allowfullscreen><\/iframe>","_oembed_time_e187985eb1bfa6bf5ecaa0926bef9bdf":"1620753733","_oembed_39d5b068ab09bd6ec693ebeadfe75bfb":"<blockquote class=\"wp-embedded-content\" data-secret=\"KW07VaFxdJ\"><a href=\"https:\/\/www.varesenews.it\/2021\/05\/turismo-torna-la-bit-digital-edition\/1336123\/\">Turismo: torna la Bit, in Digital Edition<\/a><\/blockquote><iframe class=\"wp-embedded-content\" sandbox=\"allow-scripts\" security=\"restricted\" style=\"position: absolute; clip: rect(1px, 1px, 1px, 1px);\" src=\"https:\/\/www.varesenews.it\/2021\/05\/turismo-torna-la-bit-digital-edition\/1336123\/embed\/#?secret=KW07VaFxdJ\" data-secret=\"KW07VaFxdJ\" width=\"500\" height=\"282\" title=\"&#8220;Turismo: torna la Bit, in Digital Edition&#8221; &#8212; VareseNews\" frameborder=\"0\" marginwidth=\"0\" marginheight=\"0\" scrolling=\"no\"><\/iframe>","_oembed_time_39d5b068ab09bd6ec693ebeadfe75bfb":"1620753733","_oembed_d875629d8c5f2b3f7099cda41d090dcd":"<blockquote class=\"wp-embedded-content\" data-secret=\"NHMcpqlQLy\"><a href=\"https:\/\/www.varesenews.it\/2021\/05\/bit-digital-edition-varese-protagonista\/1336040\/\">Bit Digital Edition: Varese protagonista<\/a><\/blockquote><iframe class=\"wp-embedded-content\" sandbox=\"allow-scripts\" security=\"restricted\" style=\"position: absolute; clip: rect(1px, 1px, 1px, 1px);\" src=\"https:\/\/www.varesenews.it\/2021\/05\/bit-digital-edition-varese-protagonista\/1336040\/embed\/#?secret=NHMcpqlQLy\" data-secret=\"NHMcpqlQLy\" width=\"500\" height=\"282\" title=\"&#8220;Bit Digital Edition: Varese protagonista&#8221; &#8212; VareseNews\" frameborder=\"0\" marginwidth=\"0\" marginheight=\"0\" scrolling=\"no\"><\/iframe>","_oembed_time_d875629d8c5f2b3f7099cda41d090dcd":"1620753733","_oembed_c1728b045a6ee1e676b5323dbbdfd57a":"<blockquote class=\"wp-embedded-content\" data-secret=\"3LT7Jyp7Uy\"><a href=\"https:\/\/www.varesenews.it\/2021\/05\/un-giorno-un-weekend-como-comune-racconta-cosa-vedere-citta\/1336085\/\">Un giorno o un weekend a Como? Il Comune racconta cosa vedere in citt\u00e0<\/a><\/blockquote><iframe class=\"wp-embedded-content\" sandbox=\"allow-scripts\" security=\"restricted\" style=\"position: absolute; clip: rect(1px, 1px, 1px, 1px);\" src=\"https:\/\/www.varesenews.it\/2021\/05\/un-giorno-un-weekend-como-comune-racconta-cosa-vedere-citta\/1336085\/embed\/#?secret=3LT7Jyp7Uy\" data-secret=\"3LT7Jyp7Uy\" width=\"500\" height=\"282\" title=\"&#8220;Un giorno o un weekend a Como? Il Comune racconta cosa vedere in citt\u00e0&#8221; &#8212; VareseNews\" frameborder=\"0\" marginwidth=\"0\" marginheight=\"0\" scrolling=\"no\"><\/iframe>","_oembed_time_c1728b045a6ee1e676b5323dbbdfd57a":"1620753733","_oembed_1d5fd10f49066e079cd101eb5e00cd2a":"<blockquote class=\"wp-embedded-content\" data-secret=\"kEy0Swv9E0\"><a href=\"https:\/\/www.varesenews.it\/2021\/05\/anche-lago-como-vetrina-alla-bit\/1336607\/\">Anche il Lago di Como in vetrina alla Bit<\/a><\/blockquote><iframe class=\"wp-embedded-content\" sandbox=\"allow-scripts\" security=\"restricted\" style=\"position: absolute; clip: rect(1px, 1px, 1px, 1px);\" src=\"https:\/\/www.varesenews.it\/2021\/05\/anche-lago-como-vetrina-alla-bit\/1336607\/embed\/#?secret=kEy0Swv9E0\" data-secret=\"kEy0Swv9E0\" width=\"500\" height=\"282\" title=\"&#8220;Anche il Lago di Como in vetrina alla Bit&#8221; &#8212; VareseNews\" frameborder=\"0\" marginwidth=\"0\" marginheight=\"0\" scrolling=\"no\"><\/iframe>","_oembed_time_1d5fd10f49066e079cd101eb5e00cd2a":"1620753733"},"photos":[{"original":"https:\/\/staging.varesenews.it\/photogallery_new\/images\/2021\/01\/piscina-moriggia-gallarate-1200001.jpg","full":"https:\/\/staging.varesenews.it\/photogallery_new\/images\/2021\/01\/piscina-moriggia-gallarate-1200001.1024x768.jpg","large":"https:\/\/staging.varesenews.it\/photogallery_new\/images\/2021\/01\/piscina-moriggia-gallarate-1200001.610x431.jpg"}],"_links":{"self":[{"href":"https:\/\/staging.varesenews.it\/swgapi\/v1\/wp\/v2\/posts\/1338036"}],"collection":[{"href":"https:\/\/staging.varesenews.it\/swgapi\/v1\/wp\/v2\/posts"}],"about":[{"href":"https:\/\/staging.varesenews.it\/swgapi\/v1\/wp\/v2\/types\/post"}],"author":[{"embeddable":true,"href":"https:\/\/staging.varesenews.it\/swgapi\/v1\/wp\/v2\/users\/46"}],"replies":[{"embeddable":true,"href":"https:\/\/staging.varesenews.it\/swgapi\/v1\/wp\/v2\/comments?post=1338036"}],"version-history":[{"count":0,"href":"https:\/\/staging.varesenews.it\/swgapi\/v1\/wp\/v2\/posts\/1338036\/revisions"}],"wp:attachment":[{"href":"https:\/\/staging.varesenews.it\/swgapi\/v1\/wp\/v2\/media?parent=1338036"}],"wp:term":[{"taxonomy":"category","embeddable":true,"href":"https:\/\/staging.varesenews.it\/swgapi\/v1\/wp\/v2\/categories?post=1338036"},{"taxonomy":"post_tag","embeddable":true,"href":"https:\/\/staging.varesenews.it\/swgapi\/v1\/wp\/v2\/tags?post=1338036"}],"curies":[{"name":"wp","href":"https:\/\/api.w.org\/{rel}","templated":true}]}}