{"id":1339575,"date":"2021-05-15T16:14:03","date_gmt":"2021-05-15T14:14:03","guid":{"rendered":"https:\/\/www.varesenews.it\/?p=1339575"},"modified":"2021-05-15T16:14:03","modified_gmt":"2021-05-15T14:14:03","slug":"la-varese-solidale-piazza-la-palestina","status":"publish","type":"post","link":"https:\/\/staging.varesenews.it\/2021\/05\/la-varese-solidale-piazza-la-palestina\/1339575\/","title":{"rendered":"La Varese solidale in piazza per la Palestina"},"content":{"rendered":"<p>L\u2019eterno conflitto tra Palestina ed Israele si \u00e8 ufficialmente riaccesso. Esplosioni e razzi sono stati scatenati da entrambe le parti, riportando il clima ad un livello di scontro che nessuno immaginava si sarebbe mai riproposto in egual misura, se non superiore, al passato.<\/p>\n<p>La guerra ha scisso l&#8217;opinione pubblica e il mondo intero ha ripreso a mobilitarsi in favore di una o l&#8217;altra fazione.<\/p>\n<p>Varese non \u00e8 da meno: questa mattina un consistente gruppo di persone si \u00e8 riunito davanti ai cancelli di Villa Recalcati, in piazza Libert\u00e0.<\/p>\n<p>Il presidio a sostegno del Popolo palestinese, che ha visto la partecipazione di molte sigle &#8211; ActionAid gruppo Varese, A.P.V. Ass. Pakistani Va, Ass. Tu.Pro.Va Tunisini Provincia Varese, Ass. Un\u2019 Altra Storia Va, BDS Lombardia \u2013 Comitato Diritti Umani Varese, Comitato varesino per la Palestina, Movimento Ubuntu, Nazione umana, Potere al Popolo Varese, PRC Varese, PCI Varese &#8211; ha contato l&#8217;affluenza di molti cittadini, uniti non solo dal desiderio di pace, ma soprattutto da una profonda speranza di giustizia.<\/p>\n","protected":false},"excerpt":{"rendered":"<p>Questa mattina un consistente gruppo di persone si \u00e8 riunito davanti ai cancelli di Villa Recalcati, in piazza Libert\u00e0<\/p>\n","protected":false},"author":48,"featured_media":0,"comment_status":"open","ping_status":"open","sticky":false,"template":"","format":"standard","meta":{"footnotes":""},"categories":[2],"tags":[1840,1839],"acf":[],"yoast_head":"<!-- This site is optimized with the Yoast SEO plugin v20.1 - https:\/\/yoast.com\/wordpress\/plugins\/seo\/ -->\n<title>La Varese solidale in piazza per la Palestina<\/title>\n<meta name=\"description\" content=\"Questa mattina un consistente gruppo di persone si \u00e8 riunito davanti ai cancelli di Villa Recalcati, in piazza Libert\u00e0\" \/>\n<meta name=\"robots\" content=\"noindex, follow, max-snippet:-1, max-image-preview:large, max-video-preview:-1\" \/>\n<meta property=\"og:locale\" content=\"it_IT\" \/>\n<meta property=\"og:type\" content=\"article\" \/>\n<meta property=\"og:title\" content=\"La Varese solidale in piazza per la Palestina\" \/>\n<meta property=\"og:description\" content=\"Questa mattina un consistente gruppo di persone si \u00e8 riunito davanti ai cancelli di Villa Recalcati, in piazza Libert\u00e0\" \/>\n<meta property=\"og:url\" content=\"https:\/\/staging.varesenews.it\/2021\/05\/la-varese-solidale-piazza-la-palestina\/1339575\/\" \/>\n<meta property=\"og:site_name\" content=\"VareseNews\" \/>\n<meta property=\"article:publisher\" content=\"https:\/\/www.facebook.com\/varesenews\" \/>\n<meta property=\"article:author\" content=\"https:\/\/www.facebook.com\/stefaniaradman\" \/>\n<meta property=\"article:published_time\" content=\"2021-05-15T14:14:03+00:00\" \/>\n<meta name=\"author\" content=\"Stefania Radman\" \/>\n<meta name=\"twitter:card\" content=\"summary_large_image\" \/>\n<meta name=\"twitter:creator\" content=\"@LaRadman\" \/>\n<meta name=\"twitter:site\" content=\"@varesenews\" \/>\n<meta name=\"twitter:label1\" content=\"Scritto da\" \/>\n\t<meta name=\"twitter:data1\" content=\"Stefania Radman\" \/>\n\t<meta name=\"twitter:label2\" content=\"Tempo di lettura stimato\" \/>\n\t<meta name=\"twitter:data2\" content=\"1 minuto\" \/>\n<script type=\"application\/ld+json\" class=\"yoast-schema-graph\">{\"@context\":\"https:\/\/schema.org\",\"@graph\":[{\"@type\":\"WebPage\",\"@id\":\"https:\/\/staging.varesenews.it\/2021\/05\/la-varese-solidale-piazza-la-palestina\/1339575\/\",\"url\":\"https:\/\/staging.varesenews.it\/2021\/05\/la-varese-solidale-piazza-la-palestina\/1339575\/\",\"name\":\"La Varese solidale in piazza per la Palestina\",\"isPartOf\":{\"@id\":\"https:\/\/staging.varesenews.it\/#website\"},\"datePublished\":\"2021-05-15T14:14:03+00:00\",\"dateModified\":\"2021-05-15T14:14:03+00:00\",\"author\":{\"@id\":\"https:\/\/staging.varesenews.it\/#\/schema\/person\/995d2e6a31c67237a9a1bc1f0079f3aa\"},\"description\":\"Questa mattina un consistente gruppo di persone si \u00e8 riunito davanti ai cancelli di Villa Recalcati, in piazza Libert\u00e0\",\"breadcrumb\":{\"@id\":\"https:\/\/staging.varesenews.it\/2021\/05\/la-varese-solidale-piazza-la-palestina\/1339575\/#breadcrumb\"},\"inLanguage\":\"it-IT\",\"potentialAction\":[{\"@type\":\"ReadAction\",\"target\":[\"https:\/\/staging.varesenews.it\/2021\/05\/la-varese-solidale-piazza-la-palestina\/1339575\/\"]}]},{\"@type\":\"BreadcrumbList\",\"@id\":\"https:\/\/staging.varesenews.it\/2021\/05\/la-varese-solidale-piazza-la-palestina\/1339575\/#breadcrumb\",\"itemListElement\":[{\"@type\":\"ListItem\",\"position\":1,\"name\":\"Home\",\"item\":\"https:\/\/www.varesenews.it\/\"},{\"@type\":\"ListItem\",\"position\":2,\"name\":\"La Varese solidale in piazza per la Palestina\"}]},{\"@type\":\"WebSite\",\"@id\":\"https:\/\/staging.varesenews.it\/#website\",\"url\":\"https:\/\/staging.varesenews.it\/\",\"name\":\"VareseNews\",\"description\":\"\",\"potentialAction\":[{\"@type\":\"SearchAction\",\"target\":{\"@type\":\"EntryPoint\",\"urlTemplate\":\"https:\/\/staging.varesenews.it\/?s={search_term_string}\"},\"query-input\":\"required name=search_term_string\"}],\"inLanguage\":\"it-IT\"},{\"@type\":\"Person\",\"@id\":\"https:\/\/staging.varesenews.it\/#\/schema\/person\/995d2e6a31c67237a9a1bc1f0079f3aa\",\"name\":\"Stefania Radman\",\"image\":{\"@type\":\"ImageObject\",\"inLanguage\":\"it-IT\",\"@id\":\"https:\/\/staging.varesenews.it\/#\/schema\/person\/image\/\",\"url\":\"https:\/\/staging.varesenews.it\/wp-content\/uploads\/2020\/12\/stefania_radman_colori_500.jpg\",\"contentUrl\":\"https:\/\/staging.varesenews.it\/wp-content\/uploads\/2020\/12\/stefania_radman_colori_500.jpg\",\"caption\":\"Stefania Radman\"},\"description\":\"Varesina dal 1991, lavoro dal 2000 per Varesenews.it, prima come responsabile della pagina dell&rsquo;economia, poi della pagina life, ora della citt&agrave; di Varese.Ma sono (e sono stata) anche altro: per esempio, agli albori delle radio private ero dj in una radio milanese, Onda Radio. Da 20 anni sono corrispondente da Varese di Radio Popolare e ho collaborato con Espresso, Repubblica, Diario della Settimana, Italia Oggi. &ldquo;Smanettona&rdquo; da sempre, ho aperto il mio primo sito personale con Geocities nei primi anni novanta (chi se lo ricorda?) e i miei primi blog in Splinder all&rsquo;inizio del 2000. Ora sono sui social: qui quasi sempre sono semplicemente \\\"LaRadman&rdquo;.\",\"sameAs\":[\"http:\/\/laradman.blogspot.it\",\"https:\/\/www.facebook.com\/stefaniaradman\",\"@LaRadman\",\"https:\/\/www.linkedin.com\/in\/stefaniaradman\",\"https:\/\/twitter.com\/LaRadman\"],\"url\":\"https:\/\/staging.varesenews.it\/persona\/stefania-radman1\/\"}]}<\/script>\n<!-- \/ Yoast SEO plugin. -->","yoast_head_json":{"title":"La Varese solidale in piazza per la Palestina","description":"Questa mattina un consistente gruppo di persone si \u00e8 riunito davanti ai cancelli di Villa Recalcati, in piazza Libert\u00e0","robots":{"index":"noindex","follow":"follow","max-snippet":"max-snippet:-1","max-image-preview":"max-image-preview:large","max-video-preview":"max-video-preview:-1"},"og_locale":"it_IT","og_type":"article","og_title":"La Varese solidale in piazza per la Palestina","og_description":"Questa mattina un consistente gruppo di persone si \u00e8 riunito davanti ai cancelli di Villa Recalcati, in piazza Libert\u00e0","og_url":"https:\/\/staging.varesenews.it\/2021\/05\/la-varese-solidale-piazza-la-palestina\/1339575\/","og_site_name":"VareseNews","article_publisher":"https:\/\/www.facebook.com\/varesenews","article_author":"https:\/\/www.facebook.com\/stefaniaradman","article_published_time":"2021-05-15T14:14:03+00:00","author":"Stefania Radman","twitter_card":"summary_large_image","twitter_creator":"@LaRadman","twitter_site":"@varesenews","twitter_misc":{"Scritto da":"Stefania Radman","Tempo di lettura stimato":"1 minuto"},"schema":{"@context":"https:\/\/schema.org","@graph":[{"@type":"WebPage","@id":"https:\/\/staging.varesenews.it\/2021\/05\/la-varese-solidale-piazza-la-palestina\/1339575\/","url":"https:\/\/staging.varesenews.it\/2021\/05\/la-varese-solidale-piazza-la-palestina\/1339575\/","name":"La Varese solidale in piazza per la Palestina","isPartOf":{"@id":"https:\/\/staging.varesenews.it\/#website"},"datePublished":"2021-05-15T14:14:03+00:00","dateModified":"2021-05-15T14:14:03+00:00","author":{"@id":"https:\/\/staging.varesenews.it\/#\/schema\/person\/995d2e6a31c67237a9a1bc1f0079f3aa"},"description":"Questa mattina un consistente gruppo di persone si \u00e8 riunito davanti ai cancelli di Villa Recalcati, in piazza Libert\u00e0","breadcrumb":{"@id":"https:\/\/staging.varesenews.it\/2021\/05\/la-varese-solidale-piazza-la-palestina\/1339575\/#breadcrumb"},"inLanguage":"it-IT","potentialAction":[{"@type":"ReadAction","target":["https:\/\/staging.varesenews.it\/2021\/05\/la-varese-solidale-piazza-la-palestina\/1339575\/"]}]},{"@type":"BreadcrumbList","@id":"https:\/\/staging.varesenews.it\/2021\/05\/la-varese-solidale-piazza-la-palestina\/1339575\/#breadcrumb","itemListElement":[{"@type":"ListItem","position":1,"name":"Home","item":"https:\/\/www.varesenews.it\/"},{"@type":"ListItem","position":2,"name":"La Varese solidale in piazza per la Palestina"}]},{"@type":"WebSite","@id":"https:\/\/staging.varesenews.it\/#website","url":"https:\/\/staging.varesenews.it\/","name":"VareseNews","description":"","potentialAction":[{"@type":"SearchAction","target":{"@type":"EntryPoint","urlTemplate":"https:\/\/staging.varesenews.it\/?s={search_term_string}"},"query-input":"required name=search_term_string"}],"inLanguage":"it-IT"},{"@type":"Person","@id":"https:\/\/staging.varesenews.it\/#\/schema\/person\/995d2e6a31c67237a9a1bc1f0079f3aa","name":"Stefania Radman","image":{"@type":"ImageObject","inLanguage":"it-IT","@id":"https:\/\/staging.varesenews.it\/#\/schema\/person\/image\/","url":"https:\/\/staging.varesenews.it\/wp-content\/uploads\/2020\/12\/stefania_radman_colori_500.jpg","contentUrl":"https:\/\/staging.varesenews.it\/wp-content\/uploads\/2020\/12\/stefania_radman_colori_500.jpg","caption":"Stefania Radman"},"description":"Varesina dal 1991, lavoro dal 2000 per Varesenews.it, prima come responsabile della pagina dell&rsquo;economia, poi della pagina life, ora della citt&agrave; di Varese.Ma sono (e sono stata) anche altro: per esempio, agli albori delle radio private ero dj in una radio milanese, Onda Radio. Da 20 anni sono corrispondente da Varese di Radio Popolare e ho collaborato con Espresso, Repubblica, Diario della Settimana, Italia Oggi. &ldquo;Smanettona&rdquo; da sempre, ho aperto il mio primo sito personale con Geocities nei primi anni novanta (chi se lo ricorda?) e i miei primi blog in Splinder all&rsquo;inizio del 2000. Ora sono sui social: qui quasi sempre sono semplicemente \"LaRadman&rdquo;.","sameAs":["http:\/\/laradman.blogspot.it","https:\/\/www.facebook.com\/stefaniaradman","@LaRadman","https:\/\/www.linkedin.com\/in\/stefaniaradman","https:\/\/twitter.com\/LaRadman"],"url":"https:\/\/staging.varesenews.it\/persona\/stefania-radman1\/"}]}},"post_meta":{"_edit_lock":"1621088156:48","_edit_last":"48","_category_permalink":"a:1:{s:8:\"category\";s:0:\"\";}","firma-personalizzata":"Francesca Marutti","_yoast_wpseo_content_score":"30","_jd_tweet_this":"yes","_encloseme":"1","ratings_users":"0","ratings_score":"0","ratings_average":"0","foto":"1222143","id_link_fotogallery":"1339574","argomento":"Varese","_wpt_short_url":"https:\/\/www.varesenews.it\/2021\/05\/la-varese-solidale-piazza-la-palestina\/1339575\/","_wp_jd_target":"https:\/\/www.varesenews.it\/2021\/05\/la-varese-solidale-piazza-la-palestina\/1339575\/","_jd_wp_twitter":"a:1:{i:0;s:138:\"La Varese solidale in piazza per la Palestina https:\/\/www.varesenews.it\/2021\/05\/la-varese-solidale-piazza-la-palestina\/1339575\/ #Palestina\";}","_wpt_status_message":"Tweet inviato con successo.","_oembed_96711e6a8e92c813e65b96795dcafefb":"<blockquote class=\"wp-embedded-content\" data-secret=\"FdWdyccA8q\"><a href=\"https:\/\/www.varesenews.it\/2021\/04\/riparte-sicurezza-luino-sport-senza-barriere\/1333575\/\">Riparte in sicurezza a Luino &#8220;Sport senza barriere&#8221;<\/a><\/blockquote><iframe class=\"wp-embedded-content\" sandbox=\"allow-scripts\" security=\"restricted\" style=\"position: absolute; clip: rect(1px, 1px, 1px, 1px);\" src=\"https:\/\/www.varesenews.it\/2021\/04\/riparte-sicurezza-luino-sport-senza-barriere\/1333575\/embed\/#?secret=FdWdyccA8q\" data-secret=\"FdWdyccA8q\" width=\"500\" height=\"282\" title=\"&#8220;Riparte in sicurezza a Luino &#8220;Sport senza barriere&#8221;&#8221; &#8212; VareseNews\" frameborder=\"0\" marginwidth=\"0\" marginheight=\"0\" scrolling=\"no\"><\/iframe>","_oembed_time_96711e6a8e92c813e65b96795dcafefb":"1621088201","_oembed_366a14807da7ef5074426491bba1688a":"<iframe width=\"500\" height=\"375\" src=\"https:\/\/www.youtube.com\/embed\/jWvmS3JZPTE?feature=oembed\" frameborder=\"0\" allow=\"accelerometer; autoplay; clipboard-write; encrypted-media; gyroscope; picture-in-picture\" allowfullscreen><\/iframe>","_oembed_time_366a14807da7ef5074426491bba1688a":"1621088201","_oembed_a97ada021d31356d9a9ab4288b3e364f":"<blockquote class=\"wp-embedded-content\" data-secret=\"Ru2DN6T3Ac\"><a href=\"https:\/\/www.varesenews.it\/2021\/05\/nuova-ordinanza-italia-senza-quarantena-dalla-svizzera-dai-paesi-ue\/1339261\/\">Nuova ordinanza, in Italia senza quarantena dalla Svizzera e dai paesi Ue<\/a><\/blockquote><iframe class=\"wp-embedded-content\" sandbox=\"allow-scripts\" security=\"restricted\" style=\"position: absolute; clip: rect(1px, 1px, 1px, 1px);\" src=\"https:\/\/www.varesenews.it\/2021\/05\/nuova-ordinanza-italia-senza-quarantena-dalla-svizzera-dai-paesi-ue\/1339261\/embed\/#?secret=Ru2DN6T3Ac\" data-secret=\"Ru2DN6T3Ac\" width=\"500\" height=\"282\" title=\"&#8220;Nuova ordinanza, in Italia senza quarantena dalla Svizzera e dai paesi Ue&#8221; &#8212; VareseNews\" frameborder=\"0\" marginwidth=\"0\" marginheight=\"0\" scrolling=\"no\"><\/iframe>","_oembed_time_a97ada021d31356d9a9ab4288b3e364f":"1621088201","_oembed_a9fb6bb0f495fcfcc703a44c3eb4656f":"<blockquote class=\"wp-embedded-content\" data-secret=\"87QGkhUYSr\"><a href=\"https:\/\/www.verbanonews.it\/aree-geografiche\/piemonte\/2021\/05\/12\/riapriamo-la-frontiera-con-il-ticino-per-far-rivivere-il-commercio-di-confine\/930675\/\">\u201cRiapriamo la frontiera con il Ticino per far rivivere il commercio di confine\u201d<\/a><\/blockquote><iframe class=\"wp-embedded-content\" sandbox=\"allow-scripts\" security=\"restricted\" style=\"position: absolute; clip: rect(1px, 1px, 1px, 1px);\" src=\"https:\/\/www.verbanonews.it\/aree-geografiche\/piemonte\/2021\/05\/12\/riapriamo-la-frontiera-con-il-ticino-per-far-rivivere-il-commercio-di-confine\/930675\/embed\/#?secret=87QGkhUYSr\" data-secret=\"87QGkhUYSr\" width=\"500\" height=\"282\" title=\"&#8220;\u201cRiapriamo la frontiera con il Ticino per far rivivere il commercio di confine\u201d&#8221; &#8212; VerbanoNews\" frameborder=\"0\" marginwidth=\"0\" marginheight=\"0\" scrolling=\"no\"><\/iframe>","_oembed_time_a9fb6bb0f495fcfcc703a44c3eb4656f":"1621088202","_oembed_676882092a42b9eeb819a84534d29c12":"<iframe width=\"500\" height=\"281\" src=\"https:\/\/www.youtube.com\/embed\/_fVdwxRxwro?feature=oembed\" frameborder=\"0\" allow=\"accelerometer; autoplay; clipboard-write; encrypted-media; gyroscope; picture-in-picture\" allowfullscreen><\/iframe>","_oembed_time_676882092a42b9eeb819a84534d29c12":"1621088450","_oembed_4adf1accac767577a5cdd6bb4b1fca8d":"<blockquote class=\"wp-embedded-content\" data-secret=\"THP3rsLN8F\"><a href=\"https:\/\/www.varesenews.it\/2021\/04\/zona-franca-gli-spostamenti-italia-svizzera-la-proposta-parlamento\/1331423\/\">Una &#8220;zona franca&#8221; per gli spostamenti tra Italia e Svizzera, la proposta in Parlamento<\/a><\/blockquote><iframe class=\"wp-embedded-content\" sandbox=\"allow-scripts\" security=\"restricted\" style=\"position: absolute; clip: rect(1px, 1px, 1px, 1px);\" src=\"https:\/\/www.varesenews.it\/2021\/04\/zona-franca-gli-spostamenti-italia-svizzera-la-proposta-parlamento\/1331423\/embed\/#?secret=THP3rsLN8F\" data-secret=\"THP3rsLN8F\" width=\"500\" height=\"282\" title=\"&#8220;Una &#8220;zona franca&#8221; per gli spostamenti tra Italia e Svizzera, la proposta in Parlamento&#8221; &#8212; VareseNews\" frameborder=\"0\" marginwidth=\"0\" marginheight=\"0\" scrolling=\"no\"><\/iframe>","_oembed_time_4adf1accac767577a5cdd6bb4b1fca8d":"1621088451","_oembed_227072c3bfe1f7815fea7e7d864272d6":"<blockquote class=\"wp-embedded-content\" data-secret=\"w3ih5jdOkP\"><a href=\"https:\/\/www.varesenews.it\/2021\/02\/la-latitanza-mirko-rosa-dura-poco-le-manette-scattano-mendrisio\/1304914\/\">La latitanza di Mirko Rosa dura poco, le manette scattano a Mendrisio<\/a><\/blockquote><iframe class=\"wp-embedded-content\" sandbox=\"allow-scripts\" security=\"restricted\" style=\"position: absolute; clip: rect(1px, 1px, 1px, 1px);\" src=\"https:\/\/www.varesenews.it\/2021\/02\/la-latitanza-mirko-rosa-dura-poco-le-manette-scattano-mendrisio\/1304914\/embed\/#?secret=w3ih5jdOkP\" data-secret=\"w3ih5jdOkP\" width=\"500\" height=\"282\" title=\"&#8220;La latitanza di Mirko Rosa dura poco, le manette scattano a Mendrisio&#8221; &#8212; VareseNews\" frameborder=\"0\" marginwidth=\"0\" marginheight=\"0\" scrolling=\"no\"><\/iframe>","_oembed_time_227072c3bfe1f7815fea7e7d864272d6":"1621088451","_oembed_2e05bbeab6bcae742c8ed334174456ce":"<blockquote class=\"wp-embedded-content\" data-secret=\"CmqgkmZMIu\"><a href=\"https:\/\/www.varesenews.it\/2021\/05\/leader-regionali-del-centrodestra-blindano-le-candidature-antonelli-maroni-cassani\/1338849\/\">I leader regionali del centrodestra blindano le candidature di Antonelli, Maroni e Cassani<\/a><\/blockquote><iframe class=\"wp-embedded-content\" sandbox=\"allow-scripts\" security=\"restricted\" style=\"position: absolute; clip: rect(1px, 1px, 1px, 1px);\" src=\"https:\/\/www.varesenews.it\/2021\/05\/leader-regionali-del-centrodestra-blindano-le-candidature-antonelli-maroni-cassani\/1338849\/embed\/#?secret=CmqgkmZMIu\" data-secret=\"CmqgkmZMIu\" width=\"500\" height=\"282\" title=\"&#8220;I leader regionali del centrodestra blindano le candidature di Antonelli, Maroni e Cassani&#8221; &#8212; VareseNews\" frameborder=\"0\" marginwidth=\"0\" marginheight=\"0\" scrolling=\"no\"><\/iframe>","_oembed_time_2e05bbeab6bcae742c8ed334174456ce":"1621088511","_oembed_94f42ec92cc97377591c6d1d4718b5ef":"<iframe width=\"500\" height=\"281\" src=\"https:\/\/www.youtube.com\/embed\/S2R8OWZTNtA?feature=oembed\" frameborder=\"0\" allow=\"accelerometer; autoplay; clipboard-write; encrypted-media; gyroscope; picture-in-picture\" allowfullscreen><\/iframe>","_oembed_time_94f42ec92cc97377591c6d1d4718b5ef":"1621088512","_oembed_ec81e39df9e214f58278543896ab3743":"<blockquote class=\"wp-embedded-content\" data-secret=\"tyEp6EtWXx\"><a href=\"https:\/\/www.varesenews.it\/2021\/05\/nasce-lambulatorio-medico-al-municipio-cavaria\/1337600\/\">Nasce l&#8217;ambulatorio medico al municipio a Cavaria<\/a><\/blockquote><iframe class=\"wp-embedded-content\" sandbox=\"allow-scripts\" security=\"restricted\" style=\"position: absolute; clip: rect(1px, 1px, 1px, 1px);\" src=\"https:\/\/www.varesenews.it\/2021\/05\/nasce-lambulatorio-medico-al-municipio-cavaria\/1337600\/embed\/#?secret=tyEp6EtWXx\" data-secret=\"tyEp6EtWXx\" width=\"500\" height=\"282\" title=\"&#8220;Nasce l&#8217;ambulatorio medico al municipio a Cavaria&#8221; &#8212; VareseNews\" frameborder=\"0\" marginwidth=\"0\" marginheight=\"0\" scrolling=\"no\"><\/iframe>","_oembed_time_ec81e39df9e214f58278543896ab3743":"1621088512","_oembed_a7643e093a8d1207333376a9937790a5":"<blockquote class=\"wp-embedded-content\" data-secret=\"OBD2qRF0xd\"><a href=\"https:\/\/maltogradimento.it\/birra-e-ciclismo-la-amstel-gold-race-di-stefano-zanini\/\">Birra e ciclismo: la Amstel (Gold Race) di Stefano Zanini<\/a><\/blockquote><iframe class=\"wp-embedded-content\" sandbox=\"allow-scripts\" security=\"restricted\" style=\"position: absolute; clip: rect(1px, 1px, 1px, 1px);\" src=\"https:\/\/maltogradimento.it\/birra-e-ciclismo-la-amstel-gold-race-di-stefano-zanini\/embed\/#?secret=OBD2qRF0xd\" data-secret=\"OBD2qRF0xd\" width=\"500\" height=\"282\" title=\"&#8220;Birra e ciclismo: la Amstel (Gold Race) di Stefano Zanini&#8221; &#8212; Malto Gradimento\" frameborder=\"0\" marginwidth=\"0\" marginheight=\"0\" scrolling=\"no\"><\/iframe>","_oembed_time_a7643e093a8d1207333376a9937790a5":"1621088534","_oembed_8ed0448622fdebbdb97f584635f61606":"<blockquote class=\"wp-embedded-content\" data-secret=\"J6Y8rDhIDv\"><a href=\"https:\/\/www.varesenews.it\/2021\/04\/zamberletti-divenne-politico-cui-la-repubblica-grata\/1324376\/\">Come Zamberletti divenne il politico &#8220;a cui la Repubblica \u00e8 grata&#8221;<\/a><\/blockquote><iframe class=\"wp-embedded-content\" sandbox=\"allow-scripts\" security=\"restricted\" style=\"position: absolute; clip: rect(1px, 1px, 1px, 1px);\" src=\"https:\/\/www.varesenews.it\/2021\/04\/zamberletti-divenne-politico-cui-la-repubblica-grata\/1324376\/embed\/#?secret=J6Y8rDhIDv\" data-secret=\"J6Y8rDhIDv\" width=\"500\" height=\"282\" title=\"&#8220;Come Zamberletti divenne il politico &#8220;a cui la Repubblica \u00e8 grata&#8221;&#8221; &#8212; VareseNews\" frameborder=\"0\" marginwidth=\"0\" marginheight=\"0\" scrolling=\"no\"><\/iframe>","_oembed_time_8ed0448622fdebbdb97f584635f61606":"1621088534","_oembed_25e0c0c54336d5b38ae6538d3dde20a9":"<iframe width=\"500\" height=\"375\" src=\"https:\/\/www.youtube.com\/embed\/2vBH47zE7Qg?feature=oembed\" frameborder=\"0\" allow=\"accelerometer; autoplay; clipboard-write; encrypted-media; gyroscope; picture-in-picture\" allowfullscreen><\/iframe>","_oembed_time_25e0c0c54336d5b38ae6538d3dde20a9":"1621088534","_oembed_34511d3a96957286fa91cbc261a2b0f9":"<blockquote class=\"wp-embedded-content\" data-secret=\"xl3mg33GzV\"><a href=\"https:\/\/www.varesenews.it\/2021\/05\/chieti-ascoli-ricordo-della-vittoria-binda-del-1933\/1338800\/\">Tra Chieti e Ascoli il ricordo della vittoria di Binda del 1933<\/a><\/blockquote><iframe class=\"wp-embedded-content\" sandbox=\"allow-scripts\" security=\"restricted\" style=\"position: absolute; clip: rect(1px, 1px, 1px, 1px);\" src=\"https:\/\/www.varesenews.it\/2021\/05\/chieti-ascoli-ricordo-della-vittoria-binda-del-1933\/1338800\/embed\/#?secret=xl3mg33GzV\" data-secret=\"xl3mg33GzV\" width=\"500\" height=\"282\" title=\"&#8220;Tra Chieti e Ascoli il ricordo della vittoria di Binda del 1933&#8221; &#8212; VareseNews\" frameborder=\"0\" marginwidth=\"0\" marginheight=\"0\" scrolling=\"no\"><\/iframe>","_oembed_time_34511d3a96957286fa91cbc261a2b0f9":"1621088535","_oembed_f651ef829a4513fd46612c27071ef24f":"<iframe width=\"500\" height=\"281\" src=\"https:\/\/www.youtube.com\/embed\/x4k95LAO3As?feature=oembed\" frameborder=\"0\" allow=\"accelerometer; autoplay; clipboard-write; encrypted-media; gyroscope; picture-in-picture\" allowfullscreen><\/iframe>","_oembed_time_f651ef829a4513fd46612c27071ef24f":"1621088535","_oembed_d3abc52553d395dcea5e0bf62fec40e1":"<iframe width=\"500\" height=\"281\" src=\"https:\/\/www.youtube.com\/embed\/videoseries?list=OLAK5uy_kBUQKzz4zGkK3O4UG3OiBlqmDjpN6AAjA\" frameborder=\"0\" allow=\"accelerometer; autoplay; clipboard-write; encrypted-media; gyroscope; picture-in-picture\" allowfullscreen><\/iframe>","_oembed_time_d3abc52553d395dcea5e0bf62fec40e1":"1621088535","_oembed_836e4a19a1c05fbd63adb7b3cc99d3b4":"<iframe width=\"500\" height=\"375\" src=\"https:\/\/www.youtube.com\/embed\/2DOvrBoSXxg?feature=oembed\" frameborder=\"0\" allow=\"accelerometer; autoplay; clipboard-write; encrypted-media; gyroscope; picture-in-picture\" allowfullscreen><\/iframe>","_oembed_time_836e4a19a1c05fbd63adb7b3cc99d3b4":"1621088694","_oembed_791dfdc6abbe1d9fd51571dac978c3f8":"<blockquote class=\"wp-embedded-content\" data-secret=\"vrOm9sLGHc\"><a href=\"https:\/\/www.varesenews.it\/2018\/09\/chiedi-chi-erano-i-lehman\/749153\/\">Chiedi chi erano i Lehman<\/a><\/blockquote><iframe class=\"wp-embedded-content\" sandbox=\"allow-scripts\" security=\"restricted\" style=\"position: absolute; clip: rect(1px, 1px, 1px, 1px);\" src=\"https:\/\/www.varesenews.it\/2018\/09\/chiedi-chi-erano-i-lehman\/749153\/embed\/#?secret=vrOm9sLGHc\" data-secret=\"vrOm9sLGHc\" width=\"500\" height=\"282\" title=\"&#8220;Chiedi chi erano i Lehman&#8221; &#8212; VareseNews\" frameborder=\"0\" marginwidth=\"0\" marginheight=\"0\" scrolling=\"no\"><\/iframe>","_oembed_time_791dfdc6abbe1d9fd51571dac978c3f8":"1621088694","_oembed_3b75d815338534929e707d54f7accb78":"<blockquote class=\"wp-embedded-content\" data-secret=\"btlgTF4J13\"><a href=\"https:\/\/www.varesenews.it\/2018\/09\/le-bcc-non-lehman-brothers-crac-troppe-regole-inadatte\/749910\/\">Le Bcc non sono Lehman Brothers, dopo il crac troppe regole inadatte<\/a><\/blockquote><iframe class=\"wp-embedded-content\" sandbox=\"allow-scripts\" security=\"restricted\" style=\"position: absolute; clip: rect(1px, 1px, 1px, 1px);\" src=\"https:\/\/www.varesenews.it\/2018\/09\/le-bcc-non-lehman-brothers-crac-troppe-regole-inadatte\/749910\/embed\/#?secret=btlgTF4J13\" data-secret=\"btlgTF4J13\" width=\"500\" height=\"282\" title=\"&#8220;Le Bcc non sono Lehman Brothers, dopo il crac troppe regole inadatte&#8221; &#8212; VareseNews\" frameborder=\"0\" marginwidth=\"0\" marginheight=\"0\" scrolling=\"no\"><\/iframe>","_oembed_time_3b75d815338534929e707d54f7accb78":"1621088694","_oembed_7fb1b4205b5a52576999cde68c3040f2":"<blockquote class=\"wp-embedded-content\" data-secret=\"GPobtdE3rz\"><a href=\"https:\/\/www.varesenews.it\/2021\/05\/a-chi-lha-visto-lappello-per-ritrovare-riccardo-scomparso-da-busto-arsizio\/1338528\/\">A &#8220;Chi l&#8217;ha visto?&#8221; l&#8217;appello per ritrovare Riccardo scomparso da Busto Arsizio<\/a><\/blockquote><iframe class=\"wp-embedded-content\" sandbox=\"allow-scripts\" security=\"restricted\" style=\"position: absolute; clip: rect(1px, 1px, 1px, 1px);\" src=\"https:\/\/www.varesenews.it\/2021\/05\/a-chi-lha-visto-lappello-per-ritrovare-riccardo-scomparso-da-busto-arsizio\/1338528\/embed\/#?secret=GPobtdE3rz\" data-secret=\"GPobtdE3rz\" width=\"500\" height=\"282\" title=\"&#8220;A &#8220;Chi l&#8217;ha visto?&#8221; l&#8217;appello per ritrovare Riccardo scomparso da Busto Arsizio&#8221; &#8212; VareseNews\" frameborder=\"0\" marginwidth=\"0\" marginheight=\"0\" scrolling=\"no\"><\/iframe>","_oembed_time_7fb1b4205b5a52576999cde68c3040f2":"1621089033","_oembed_4eeda0e57f0221ab6660c7bd5b30bf78":"<blockquote class=\"wp-embedded-content\" data-secret=\"EajzLLvDl9\"><a href=\"https:\/\/www.varesenews.it\/2021\/05\/giornate-primavera-del-fai-busto-arsizio-apre-lunico-museo-della-scherma-deuropa\/1336025\/\">Giornate di Primavera del Fai, a Busto Arsizio apre l&#8217;unico museo della scherma d&#8217;Europa<\/a><\/blockquote><iframe class=\"wp-embedded-content\" sandbox=\"allow-scripts\" security=\"restricted\" style=\"position: absolute; clip: rect(1px, 1px, 1px, 1px);\" src=\"https:\/\/www.varesenews.it\/2021\/05\/giornate-primavera-del-fai-busto-arsizio-apre-lunico-museo-della-scherma-deuropa\/1336025\/embed\/#?secret=EajzLLvDl9\" data-secret=\"EajzLLvDl9\" width=\"500\" height=\"282\" title=\"&#8220;Giornate di Primavera del Fai, a Busto Arsizio apre l&#8217;unico museo della scherma d&#8217;Europa&#8221; &#8212; VareseNews\" frameborder=\"0\" marginwidth=\"0\" marginheight=\"0\" scrolling=\"no\"><\/iframe>","_oembed_time_4eeda0e57f0221ab6660c7bd5b30bf78":"1621089033","_oembed_fa804ee49821620634cf625a5899b22d":"<blockquote class=\"wp-embedded-content\" data-secret=\"TBWJKc6K3M\"><a href=\"https:\/\/www.varesenews.it\/2021\/03\/pedibustis-nasce-cammino-le-chiese-busto-arsizio-mette-al-centro-la-periferia\/1314310\/\">PediBustis, nasce il nuovo cammino tra le chiese di Busto Arsizio che mette al centro la periferia<\/a><\/blockquote><iframe class=\"wp-embedded-content\" sandbox=\"allow-scripts\" security=\"restricted\" style=\"position: absolute; clip: rect(1px, 1px, 1px, 1px);\" src=\"https:\/\/www.varesenews.it\/2021\/03\/pedibustis-nasce-cammino-le-chiese-busto-arsizio-mette-al-centro-la-periferia\/1314310\/embed\/#?secret=TBWJKc6K3M\" data-secret=\"TBWJKc6K3M\" width=\"500\" height=\"282\" title=\"&#8220;PediBustis, nasce il nuovo cammino tra le chiese di Busto Arsizio che mette al centro la periferia&#8221; &#8212; VareseNews\" frameborder=\"0\" marginwidth=\"0\" marginheight=\"0\" scrolling=\"no\"><\/iframe>","_oembed_time_fa804ee49821620634cf625a5899b22d":"1621089033","_oembed_83e91bc8695026bf02081e9b0ac60d8f":"<blockquote class=\"wp-embedded-content\" data-secret=\"VRxH0vNqkJ\"><a href=\"https:\/\/www.varesenews.it\/2021\/05\/investimento-la8-gallarate-bloccata-la-superstrada-336-direzione-malpensa\/1338132\/\">Investimento tra l&#8217;A8 e Gallarate, un morto. Riaperta la superstrada 336 in direzione Malpensa<\/a><\/blockquote><iframe class=\"wp-embedded-content\" sandbox=\"allow-scripts\" security=\"restricted\" style=\"position: absolute; clip: rect(1px, 1px, 1px, 1px);\" src=\"https:\/\/www.varesenews.it\/2021\/05\/investimento-la8-gallarate-bloccata-la-superstrada-336-direzione-malpensa\/1338132\/embed\/#?secret=VRxH0vNqkJ\" data-secret=\"VRxH0vNqkJ\" width=\"500\" height=\"282\" title=\"&#8220;Investimento tra l&#8217;A8 e Gallarate, un morto. Riaperta la superstrada 336 in direzione Malpensa&#8221; &#8212; VareseNews\" frameborder=\"0\" marginwidth=\"0\" marginheight=\"0\" scrolling=\"no\"><\/iframe>","_oembed_time_83e91bc8695026bf02081e9b0ac60d8f":"1621089033","_oembed_9f37a1ce7ce4aabf133eb1ab9ec1ea85":"<iframe width=\"500\" height=\"281\" src=\"https:\/\/www.youtube.com\/embed\/YoskBFgYde8?feature=oembed\" frameborder=\"0\" allow=\"accelerometer; autoplay; clipboard-write; encrypted-media; gyroscope; picture-in-picture\" allowfullscreen><\/iframe>","_oembed_time_9f37a1ce7ce4aabf133eb1ab9ec1ea85":"1621089033","_oembed_71bb9babe395bd78c09b1823a651fb16":"<blockquote class=\"wp-embedded-content\" data-secret=\"XsepRvUiaG\"><a href=\"https:\/\/www.varesenews.it\/2021\/04\/stregavarese-leggete-romanzi-semifinalisti-del-premio-strega-insieme\/1329230\/\">StregaVarese: leggete i romanzi semifinalisti del Premio Strega insieme a noi<\/a><\/blockquote><iframe class=\"wp-embedded-content\" sandbox=\"allow-scripts\" security=\"restricted\" style=\"position: absolute; clip: rect(1px, 1px, 1px, 1px);\" src=\"https:\/\/www.varesenews.it\/2021\/04\/stregavarese-leggete-romanzi-semifinalisti-del-premio-strega-insieme\/1329230\/embed\/#?secret=XsepRvUiaG\" data-secret=\"XsepRvUiaG\" width=\"500\" height=\"282\" title=\"&#8220;StregaVarese: leggete i romanzi semifinalisti del Premio Strega insieme a noi&#8221; &#8212; VareseNews\" frameborder=\"0\" marginwidth=\"0\" marginheight=\"0\" scrolling=\"no\"><\/iframe>","_oembed_time_71bb9babe395bd78c09b1823a651fb16":"1621089231","id_leggi_anche":"1341913"},"photos":[{"original":"https:\/\/staging.varesenews.it\/photogallery_new\/images\/2021\/05\/il-presidio-per-la-palestina-in-piazza-liberta-1222143.jpg","full":"https:\/\/staging.varesenews.it\/photogallery_new\/images\/2021\/05\/il-presidio-per-la-palestina-in-piazza-liberta-1222143.1024x768.jpg","large":"https:\/\/staging.varesenews.it\/photogallery_new\/images\/2021\/05\/il-presidio-per-la-palestina-in-piazza-liberta-1222143.610x431.jpg"}],"_links":{"self":[{"href":"https:\/\/staging.varesenews.it\/swgapi\/v1\/wp\/v2\/posts\/1339575"}],"collection":[{"href":"https:\/\/staging.varesenews.it\/swgapi\/v1\/wp\/v2\/posts"}],"about":[{"href":"https:\/\/staging.varesenews.it\/swgapi\/v1\/wp\/v2\/types\/post"}],"author":[{"embeddable":true,"href":"https:\/\/staging.varesenews.it\/swgapi\/v1\/wp\/v2\/users\/48"}],"replies":[{"embeddable":true,"href":"https:\/\/staging.varesenews.it\/swgapi\/v1\/wp\/v2\/comments?post=1339575"}],"version-history":[{"count":0,"href":"https:\/\/staging.varesenews.it\/swgapi\/v1\/wp\/v2\/posts\/1339575\/revisions"}],"wp:attachment":[{"href":"https:\/\/staging.varesenews.it\/swgapi\/v1\/wp\/v2\/media?parent=1339575"}],"wp:term":[{"taxonomy":"category","embeddable":true,"href":"https:\/\/staging.varesenews.it\/swgapi\/v1\/wp\/v2\/categories?post=1339575"},{"taxonomy":"post_tag","embeddable":true,"href":"https:\/\/staging.varesenews.it\/swgapi\/v1\/wp\/v2\/tags?post=1339575"}],"curies":[{"name":"wp","href":"https:\/\/api.w.org\/{rel}","templated":true}]}}