{"id":1341291,"date":"2021-05-20T05:23:36","date_gmt":"2021-05-20T03:23:36","guid":{"rendered":"https:\/\/www.varesenews.it\/?p=1341291"},"modified":"2021-05-24T18:44:07","modified_gmt":"2021-05-24T16:44:07","slug":"politeama-rinasce-trova-lappoggio-del-centro-kolbe","status":"publish","type":"post","link":"https:\/\/staging.varesenews.it\/2021\/05\/politeama-rinasce-trova-lappoggio-del-centro-kolbe\/1341291\/","title":{"rendered":"Il PoliteAma rinasce e trova l&#8217;appoggio del Centro Kolbe"},"content":{"rendered":"<p><em><strong>Voci in platea | PoliteAma In\/between \u00e8 il nome di un progetto <\/strong>della Fondazione Molina. Si lavorer\u00e0 per aprire lo spazio del foyer alla citt\u00e0 e la comunicazione avr\u00e0 un ruolo centrale. Una serie di personaggi varesini racconteranno la loro relazione con il Politeama, la loro visione della cultura e tanto altro. \u00c8 il turno di <strong>Nicola Sabatini presidente del Centro Culturale Kolbe.<\/strong><\/em><\/p>\n<p><strong>Che ricordo hai del Politeama?<\/strong><\/p>\n<p>\u00abSono in l\u00e0 nel tempo e ricordo le prime volte che andavo al cinema da solo o con gli amici. Poi \u00e8 stato anche un luogo accogliente e di divertimento legato alla mia famiglia\u00bb.<\/p>\n<p><strong>Che valore ha la cultura per una comunit\u00e0?<\/strong><\/p>\n<p>\u00abLa cultura \u00e8 come una linfa che ci permette di aprirci al mondo per cercare un significato condiviso per la comunit\u00e0. Apre possibilit\u00e0 positive verso il mondo\u00bb.<\/p>\n<p><strong>Che visione avete per la cultura a Varese?<\/strong><\/p>\n<p>\u00abLa visione strategica per Varese potrebbe partire dalla caratterizzazioni del luogo. Da una parte abbiamo una storia importante, vedi Sacro Monte, e dall&#8217;altra tanti spazi per essere in rete come apertura verso il mondo. Siamo a met\u00e0 tra Milano e la Svizzera, l&#8217;Europa. Avremmo opportunit\u00e0\u00a0 per organizzare grandi eventi in moltissimi luoghi belli che ci sono in citt\u00e0 e nei dintorni. A Como, Lecco questa cosa \u00e8 stata colta pi\u00f9\u00a0 che da noi. La cultura sarebbe cos\u00ec come driver pi\u00f9 largo che non il localismo\u00bb.<\/p>\n<div class=\"photo-inside-post\"><img decoding=\"async\" loading=\"lazy\" fetchpriority=\"low\" width=\"610\" height=\"431\" src=\"https:\/\/staging.varesenews.it\/photogallery_new\/images\/2021\/05\/voci-in-platea-politeama-1223220.610x431.jpg\" alt=\"Voci in platea - Politeama\"><\/div>\n<p><strong>Come si inserisce l&#8217;attivit\u00e0 del centro Kolbe in una simile visione?<\/strong><\/p>\n<p>\u00abAbbiamo sempre puntato ad allargare lo sguardo coinvolgendo soggetti che possono proporre esperienze di arricchimento e di incontro e dialogo che ci farebbe crescere tutti. La nostra esperienza con Lettera alla citt\u00e0 legata al mondo ecclesiastico, ma che coinvolge tanti temi sociali dimostra che si pu\u00f2 lavorare insieme e la possibilit\u00e0 di incontro \u00e8 una ricchezza per la citt\u00e0\u00bb.<\/p>\n<p><strong>La Fondazione Molina ha lanciato un progetto per iniziare a sistemare il foyer e per questo chiede un aiuto alla citt\u00e0. Come vede questa proposta?<\/strong><\/p>\n<p>\u00abTutto quello che offre la possibilit\u00e0 di incontro e lavoro che ha a cuore lo sviluppo della citt\u00e0 ci vede molto positivi e pensiamo che questo del foyer sia una opportunit\u00e0 non solo come esercizio di comunicazione, ma di proposta per valorizzare quanto esiste nella citt\u00e0 e proponendo specifiche iniziative\u00bb.<\/p>\n<h3><a href=\"https:\/\/www.varesenews.it\/tag\/voci-in-platea-politeama-in-between\/\" target=\"_blank\" rel=\"noopener\">TUTTE LE INTERVISTE<\/a><\/h3>\n<h3><a href=\"http:\/\/www.varesenews.it\/wp-content\/uploads\/2021\/03\/BROCHURE-3-release-ok.pdf\" target=\"_blank\" rel=\"noopener\"><strong>SCARICA IL PROGETTO<\/strong><\/a><\/h3>\n","protected":false},"excerpt":{"rendered":"<p>Voci in platea | PoliteAma In\/between \u00e8 il nome di un progetto della Fondazione Molina. Intervista a Nicola Sabatini del Centro culturale Kolbe<\/p>\n","protected":false},"author":54,"featured_media":0,"comment_status":"open","ping_status":"open","sticky":false,"template":"","format":"standard","meta":{"footnotes":""},"categories":[18,2],"tags":[58395,1734,113362],"acf":[],"yoast_head":"<!-- This site is optimized with the Yoast SEO plugin v20.1 - https:\/\/yoast.com\/wordpress\/plugins\/seo\/ -->\n<title>Il PoliteAma rinasce e trova l&#039;appoggio del Centro Kolbe<\/title>\n<meta name=\"description\" content=\"Voci in platea | PoliteAma In\/between \u00e8 il nome di un progetto della Fondazione Molina. Intervista a Nicola Sabatini del Centro culturale Kolbe\" \/>\n<meta name=\"robots\" content=\"noindex, follow, max-snippet:-1, max-image-preview:large, max-video-preview:-1\" \/>\n<meta property=\"og:locale\" content=\"it_IT\" \/>\n<meta property=\"og:type\" content=\"article\" \/>\n<meta property=\"og:title\" content=\"Il PoliteAma rinasce e trova l&#039;appoggio del Centro Kolbe\" \/>\n<meta property=\"og:description\" content=\"Voci in platea | PoliteAma In\/between \u00e8 il nome di un progetto della Fondazione Molina. Intervista a Nicola Sabatini del Centro culturale Kolbe\" \/>\n<meta property=\"og:url\" content=\"https:\/\/staging.varesenews.it\/2021\/05\/politeama-rinasce-trova-lappoggio-del-centro-kolbe\/1341291\/\" \/>\n<meta property=\"og:site_name\" content=\"VareseNews\" \/>\n<meta property=\"article:publisher\" content=\"https:\/\/www.facebook.com\/varesenews\" \/>\n<meta property=\"article:author\" content=\"https:\/\/www.facebook.com\/giovannelli.marco?fref=ts\" \/>\n<meta property=\"article:published_time\" content=\"2021-05-20T03:23:36+00:00\" \/>\n<meta property=\"article:modified_time\" content=\"2021-05-24T16:44:07+00:00\" \/>\n<meta name=\"author\" content=\"Marco Giovannelli\" \/>\n<meta name=\"twitter:card\" content=\"summary_large_image\" \/>\n<meta name=\"twitter:creator\" content=\"@marcogio59\" \/>\n<meta name=\"twitter:site\" content=\"@varesenews\" \/>\n<meta name=\"twitter:label1\" content=\"Scritto da\" \/>\n\t<meta name=\"twitter:data1\" content=\"Marco Giovannelli\" \/>\n\t<meta name=\"twitter:label2\" content=\"Tempo di lettura stimato\" \/>\n\t<meta name=\"twitter:data2\" content=\"2 minuti\" \/>\n<script type=\"application\/ld+json\" class=\"yoast-schema-graph\">{\"@context\":\"https:\/\/schema.org\",\"@graph\":[{\"@type\":\"WebPage\",\"@id\":\"https:\/\/staging.varesenews.it\/2021\/05\/politeama-rinasce-trova-lappoggio-del-centro-kolbe\/1341291\/\",\"url\":\"https:\/\/staging.varesenews.it\/2021\/05\/politeama-rinasce-trova-lappoggio-del-centro-kolbe\/1341291\/\",\"name\":\"Il PoliteAma rinasce e trova l'appoggio del Centro Kolbe\",\"isPartOf\":{\"@id\":\"https:\/\/staging.varesenews.it\/#website\"},\"datePublished\":\"2021-05-20T03:23:36+00:00\",\"dateModified\":\"2021-05-24T16:44:07+00:00\",\"author\":{\"@id\":\"https:\/\/staging.varesenews.it\/#\/schema\/person\/b32b6f44664f8274f79469e452856024\"},\"description\":\"Voci in platea | PoliteAma In\/between \u00e8 il nome di un progetto della Fondazione Molina. Intervista a Nicola Sabatini del Centro culturale Kolbe\",\"breadcrumb\":{\"@id\":\"https:\/\/staging.varesenews.it\/2021\/05\/politeama-rinasce-trova-lappoggio-del-centro-kolbe\/1341291\/#breadcrumb\"},\"inLanguage\":\"it-IT\",\"potentialAction\":[{\"@type\":\"ReadAction\",\"target\":[\"https:\/\/staging.varesenews.it\/2021\/05\/politeama-rinasce-trova-lappoggio-del-centro-kolbe\/1341291\/\"]}]},{\"@type\":\"BreadcrumbList\",\"@id\":\"https:\/\/staging.varesenews.it\/2021\/05\/politeama-rinasce-trova-lappoggio-del-centro-kolbe\/1341291\/#breadcrumb\",\"itemListElement\":[{\"@type\":\"ListItem\",\"position\":1,\"name\":\"Home\",\"item\":\"https:\/\/www.varesenews.it\/\"},{\"@type\":\"ListItem\",\"position\":2,\"name\":\"Il PoliteAma rinasce e trova l&#8217;appoggio del Centro Kolbe\"}]},{\"@type\":\"WebSite\",\"@id\":\"https:\/\/staging.varesenews.it\/#website\",\"url\":\"https:\/\/staging.varesenews.it\/\",\"name\":\"VareseNews\",\"description\":\"\",\"potentialAction\":[{\"@type\":\"SearchAction\",\"target\":{\"@type\":\"EntryPoint\",\"urlTemplate\":\"https:\/\/staging.varesenews.it\/?s={search_term_string}\"},\"query-input\":\"required name=search_term_string\"}],\"inLanguage\":\"it-IT\"},{\"@type\":\"Person\",\"@id\":\"https:\/\/staging.varesenews.it\/#\/schema\/person\/b32b6f44664f8274f79469e452856024\",\"name\":\"Marco Giovannelli\",\"image\":{\"@type\":\"ImageObject\",\"inLanguage\":\"it-IT\",\"@id\":\"https:\/\/staging.varesenews.it\/#\/schema\/person\/image\/\",\"url\":\"https:\/\/staging.varesenews.it\/wp-content\/uploads\/2020\/12\/marco_giovannelli_colori_500.jpg\",\"contentUrl\":\"https:\/\/staging.varesenews.it\/wp-content\/uploads\/2020\/12\/marco_giovannelli_colori_500.jpg\",\"caption\":\"Marco Giovannelli\"},\"description\":\"Viterbese di origine vivo a Varese dal 1978. Due figli grandi, due lauree in scienze &ldquo;inutili&rdquo; quanto affascinanti che mi portano a mettere lo studio ancora al primo posto. Dopo aver lavorato per il sindacato, fondato e lavorato al centro Gulliver, in una cooperativa che gestiva il Circolino a Varese, con un altro viterbese e un lucano ho fondato VareseNews quando nessuno o quasi sapeva cosa fosse Internet. Ho alcune grandi passioni, la prima &egrave; il cammino che cerco di vivere quotidianamente. Averne percorsi alcuni storici con Santiago e la Francigena mi ha poi portato a far diventare anche lavoro la loro valorizzazione e in particolare la Via Francisca del Lucomagno. Amo leggere, andare al cinema, viaggiare. Mi piace conoscere. La mia migliore attitudine &egrave; connettere mondi e per questo mi affascina la contemporaneit&agrave; e il digitale. Ho insegnato diritto ed economia per un decennio nelle scuole superiori. Ho tenuto diverse lezioni e laboratori allo Iulm e ora all&rsquo;Universit&agrave; dell&rsquo;Insubria con un corso di Giornalismo digitale alla specialistica. Ho fondato diversi progetti editoriali.&nbsp;\",\"sameAs\":[\"https:\/\/www.facebook.com\/giovannelli.marco?fref=ts\",\"marcogio59\",\"https:\/\/it.linkedin.com\/in\/giovannellimarco\",\"https:\/\/twitter.com\/marcogio59\"],\"url\":\"https:\/\/staging.varesenews.it\/persona\/marco_giovannelli-2\/\"}]}<\/script>\n<!-- \/ Yoast SEO plugin. -->","yoast_head_json":{"title":"Il PoliteAma rinasce e trova l'appoggio del Centro Kolbe","description":"Voci in platea | PoliteAma In\/between \u00e8 il nome di un progetto della Fondazione Molina. Intervista a Nicola Sabatini del Centro culturale Kolbe","robots":{"index":"noindex","follow":"follow","max-snippet":"max-snippet:-1","max-image-preview":"max-image-preview:large","max-video-preview":"max-video-preview:-1"},"og_locale":"it_IT","og_type":"article","og_title":"Il PoliteAma rinasce e trova l'appoggio del Centro Kolbe","og_description":"Voci in platea | PoliteAma In\/between \u00e8 il nome di un progetto della Fondazione Molina. Intervista a Nicola Sabatini del Centro culturale Kolbe","og_url":"https:\/\/staging.varesenews.it\/2021\/05\/politeama-rinasce-trova-lappoggio-del-centro-kolbe\/1341291\/","og_site_name":"VareseNews","article_publisher":"https:\/\/www.facebook.com\/varesenews","article_author":"https:\/\/www.facebook.com\/giovannelli.marco?fref=ts","article_published_time":"2021-05-20T03:23:36+00:00","article_modified_time":"2021-05-24T16:44:07+00:00","author":"Marco Giovannelli","twitter_card":"summary_large_image","twitter_creator":"@marcogio59","twitter_site":"@varesenews","twitter_misc":{"Scritto da":"Marco Giovannelli","Tempo di lettura stimato":"2 minuti"},"schema":{"@context":"https:\/\/schema.org","@graph":[{"@type":"WebPage","@id":"https:\/\/staging.varesenews.it\/2021\/05\/politeama-rinasce-trova-lappoggio-del-centro-kolbe\/1341291\/","url":"https:\/\/staging.varesenews.it\/2021\/05\/politeama-rinasce-trova-lappoggio-del-centro-kolbe\/1341291\/","name":"Il PoliteAma rinasce e trova l'appoggio del Centro Kolbe","isPartOf":{"@id":"https:\/\/staging.varesenews.it\/#website"},"datePublished":"2021-05-20T03:23:36+00:00","dateModified":"2021-05-24T16:44:07+00:00","author":{"@id":"https:\/\/staging.varesenews.it\/#\/schema\/person\/b32b6f44664f8274f79469e452856024"},"description":"Voci in platea | PoliteAma In\/between \u00e8 il nome di un progetto della Fondazione Molina. Intervista a Nicola Sabatini del Centro culturale Kolbe","breadcrumb":{"@id":"https:\/\/staging.varesenews.it\/2021\/05\/politeama-rinasce-trova-lappoggio-del-centro-kolbe\/1341291\/#breadcrumb"},"inLanguage":"it-IT","potentialAction":[{"@type":"ReadAction","target":["https:\/\/staging.varesenews.it\/2021\/05\/politeama-rinasce-trova-lappoggio-del-centro-kolbe\/1341291\/"]}]},{"@type":"BreadcrumbList","@id":"https:\/\/staging.varesenews.it\/2021\/05\/politeama-rinasce-trova-lappoggio-del-centro-kolbe\/1341291\/#breadcrumb","itemListElement":[{"@type":"ListItem","position":1,"name":"Home","item":"https:\/\/www.varesenews.it\/"},{"@type":"ListItem","position":2,"name":"Il PoliteAma rinasce e trova l&#8217;appoggio del Centro Kolbe"}]},{"@type":"WebSite","@id":"https:\/\/staging.varesenews.it\/#website","url":"https:\/\/staging.varesenews.it\/","name":"VareseNews","description":"","potentialAction":[{"@type":"SearchAction","target":{"@type":"EntryPoint","urlTemplate":"https:\/\/staging.varesenews.it\/?s={search_term_string}"},"query-input":"required name=search_term_string"}],"inLanguage":"it-IT"},{"@type":"Person","@id":"https:\/\/staging.varesenews.it\/#\/schema\/person\/b32b6f44664f8274f79469e452856024","name":"Marco Giovannelli","image":{"@type":"ImageObject","inLanguage":"it-IT","@id":"https:\/\/staging.varesenews.it\/#\/schema\/person\/image\/","url":"https:\/\/staging.varesenews.it\/wp-content\/uploads\/2020\/12\/marco_giovannelli_colori_500.jpg","contentUrl":"https:\/\/staging.varesenews.it\/wp-content\/uploads\/2020\/12\/marco_giovannelli_colori_500.jpg","caption":"Marco Giovannelli"},"description":"Viterbese di origine vivo a Varese dal 1978. Due figli grandi, due lauree in scienze &ldquo;inutili&rdquo; quanto affascinanti che mi portano a mettere lo studio ancora al primo posto. Dopo aver lavorato per il sindacato, fondato e lavorato al centro Gulliver, in una cooperativa che gestiva il Circolino a Varese, con un altro viterbese e un lucano ho fondato VareseNews quando nessuno o quasi sapeva cosa fosse Internet. Ho alcune grandi passioni, la prima &egrave; il cammino che cerco di vivere quotidianamente. Averne percorsi alcuni storici con Santiago e la Francigena mi ha poi portato a far diventare anche lavoro la loro valorizzazione e in particolare la Via Francisca del Lucomagno. Amo leggere, andare al cinema, viaggiare. Mi piace conoscere. La mia migliore attitudine &egrave; connettere mondi e per questo mi affascina la contemporaneit&agrave; e il digitale. Ho insegnato diritto ed economia per un decennio nelle scuole superiori. Ho tenuto diverse lezioni e laboratori allo Iulm e ora all&rsquo;Universit&agrave; dell&rsquo;Insubria con un corso di Giornalismo digitale alla specialistica. Ho fondato diversi progetti editoriali.&nbsp;","sameAs":["https:\/\/www.facebook.com\/giovannelli.marco?fref=ts","marcogio59","https:\/\/it.linkedin.com\/in\/giovannellimarco","https:\/\/twitter.com\/marcogio59"],"url":"https:\/\/staging.varesenews.it\/persona\/marco_giovannelli-2\/"}]}},"post_meta":{"_category_permalink":"a:1:{s:8:\"category\";s:0:\"\";}","argomento":"Varese","_yoast_wpseo_content_score":"90","_jd_tweet_this":"yes","_encloseme":"1","ratings_users":"0","ratings_score":"0","ratings_average":"0","_wpt_short_url":"https:\/\/www.varesenews.it\/2021\/03\/politeama-rinasce-si-apre-alla-citta\/1321767\/","_wp_jd_target":"https:\/\/www.varesenews.it\/2021\/03\/politeama-rinasce-si-apre-alla-citta\/1321767\/","_jd_wp_twitter":"a:10:{i:0;s:123:\"Il PoliteAma rinasce e si apre alla citt\u00e0 https:\/\/www.varesenews.it\/2021\/03\/politeama-rinasce-si-apre-alla-citta\/1321767\/ \";i:1;s:122:\"Il PoliteAma rinasce e il Comune ci sar\u00e0 https:\/\/www.varesenews.it\/2021\/03\/politeama-rinasce-si-apre-alla-citta\/1321767\/ \";i:2;s:127:\"Il PoliteAma rinasce e dialoga con Villa Panza https:\/\/www.varesenews.it\/2021\/03\/politeama-rinasce-si-apre-alla-citta\/1321767\/ \";i:3;s:126:\"Il PoliteAma rinasce e pu\u00f2 far grande Varese https:\/\/www.varesenews.it\/2021\/03\/politeama-rinasce-si-apre-alla-citta\/1321767\/ \";i:4;s:150:\"Il PoliteAma rinasce e pu\u00f2 diventare un luogo di incontro per Varese https:\/\/www.varesenews.it\/2021\/03\/politeama-rinasce-si-apre-alla-citta\/1321767\/ \";i:5;s:149:\"Il PoliteAma rinasce e il Gulliver far\u00e0 la sua parte https:\/\/www.varesenews.it\/2021\/03\/politeama-rinasce-si-apre-alla-citta\/1321767\/ #centrogulliver\";i:6;s:141:\"Il PoliteAma rinasce ed \u00e8 tempo di fare rete tra le realt\u00e0 https:\/\/www.varesenews.it\/2021\/03\/politeama-rinasce-si-apre-alla-citta\/1321767\/ \";i:7;s:141:\"Il PoliteAma rinasce ed \u00e8 tempo di fare rete tra le realt\u00e0 https:\/\/www.varesenews.it\/2021\/03\/politeama-rinasce-si-apre-alla-citta\/1321767\/ \";i:8;s:150:\"Il PoliteAma rinasce e Cortisonici propone una visione internazionale https:\/\/www.varesenews.it\/2021\/03\/politeama-rinasce-si-apre-alla-citta\/1321767\/ \";i:9;s:139:\"Il PoliteAma rinasce e trova l\u2019appoggio del Centro Kolbe https:\/\/www.varesenews.it\/2021\/03\/politeama-rinasce-si-apre-alla-citta\/1321767\/ \";}","_wpt_status_message":"Tweet inviato con successo.","youtube_id":"i3E3NvlhOws","firma_come_redazione":"1","id_leggi_anche":"1321767,1323001,1325229,1328484,1329477,1330191,1332787,1333962,1334557,1364898","_oembed_17a5f6a9653d2aeaa17a385126ae97ff":"<blockquote class=\"wp-embedded-content\" data-secret=\"WiBPvvBktR\"><a href=\"https:\/\/www.varesenews.it\/2021\/04\/weekend-dei-bambini-un-uovo-scoprire-gustare-colorare\/1324524\/\">Il weekend dei bambini \u00e8 un uovo da scoprire, gustare e colorare<\/a><\/blockquote><iframe class=\"wp-embedded-content\" sandbox=\"allow-scripts\" security=\"restricted\" style=\"position: absolute; clip: rect(1px, 1px, 1px, 1px);\" src=\"https:\/\/www.varesenews.it\/2021\/04\/weekend-dei-bambini-un-uovo-scoprire-gustare-colorare\/1324524\/embed\/#?secret=WiBPvvBktR\" data-secret=\"WiBPvvBktR\" width=\"500\" height=\"282\" title=\"&#8220;Il weekend dei bambini \u00e8 un uovo da scoprire, gustare e colorare&#8221; &#8212; VareseNews\" frameborder=\"0\" marginwidth=\"0\" marginheight=\"0\" scrolling=\"no\"><\/iframe>","_oembed_time_17a5f6a9653d2aeaa17a385126ae97ff":"1617692448","_oembed_932d01852ee0dde9435a10a9a8da2579":"<iframe width=\"500\" height=\"281\" src=\"https:\/\/www.youtube.com\/embed\/-g4lpQiN1-s?feature=oembed\" frameborder=\"0\" allow=\"accelerometer; autoplay; clipboard-write; encrypted-media; gyroscope; picture-in-picture\" allowfullscreen><\/iframe>","_oembed_time_932d01852ee0dde9435a10a9a8da2579":"1617692448","_oembed_4d5e48b1046a578d5d42a75a06d3663c":"<blockquote class=\"wp-embedded-content\" data-secret=\"u7i1sDfHmW\"><a href=\"https:\/\/www.verbanonews.it\/aree-geografiche\/canton-ticino\/2021\/03\/15\/la-svizzera-cambia-strategia-test-rapidi-e-gratuiti-per-tutti\/928104\/\">La Svizzera cambia strategia, test rapidi e gratuiti per tutti<\/a><\/blockquote><iframe class=\"wp-embedded-content\" sandbox=\"allow-scripts\" security=\"restricted\" style=\"position: absolute; clip: rect(1px, 1px, 1px, 1px);\" src=\"https:\/\/www.verbanonews.it\/aree-geografiche\/canton-ticino\/2021\/03\/15\/la-svizzera-cambia-strategia-test-rapidi-e-gratuiti-per-tutti\/928104\/embed\/#?secret=u7i1sDfHmW\" data-secret=\"u7i1sDfHmW\" width=\"500\" height=\"282\" title=\"&#8220;La Svizzera cambia strategia, test rapidi e gratuiti per tutti&#8221; &#8212; VerbanoNews\" frameborder=\"0\" marginwidth=\"0\" marginheight=\"0\" scrolling=\"no\"><\/iframe>","_oembed_time_4d5e48b1046a578d5d42a75a06d3663c":"1617692449","_oembed_7008e688e96b9bb3307f03dd3d7c7d93":"<blockquote class=\"wp-embedded-content\" data-secret=\"6YgQtmIE9J\"><a href=\"https:\/\/www.varesenews.it\/2021\/03\/depuratori-arcisate-cuasso-le-preoccupazioni-legambiente-gli-studi-alfa\/1315274\/\">Depuratori di Arcisate e Cuasso: le preoccupazioni di Legambiente e gli studi di Alfa<\/a><\/blockquote><iframe class=\"wp-embedded-content\" sandbox=\"allow-scripts\" security=\"restricted\" style=\"position: absolute; clip: rect(1px, 1px, 1px, 1px);\" src=\"https:\/\/www.varesenews.it\/2021\/03\/depuratori-arcisate-cuasso-le-preoccupazioni-legambiente-gli-studi-alfa\/1315274\/embed\/#?secret=6YgQtmIE9J\" data-secret=\"6YgQtmIE9J\" width=\"500\" height=\"282\" title=\"&#8220;Depuratori di Arcisate e Cuasso: le preoccupazioni di Legambiente e gli studi di Alfa&#8221; &#8212; VareseNews\" frameborder=\"0\" marginwidth=\"0\" marginheight=\"0\" scrolling=\"no\"><\/iframe>","_oembed_time_7008e688e96b9bb3307f03dd3d7c7d93":"1617692449","_oembed_f9aec004024d39b7cfbd920b56a397bb":"<blockquote class=\"wp-embedded-content\" data-secret=\"xNPmAJas1t\"><a href=\"https:\/\/www.varesenews.it\/2021\/04\/openjobmetis-meraviglia-vittoria-milano-allultimo-respiro\/1325209\/\">Openjobmetis, che meraviglia: vittoria a Milano all&#8217;ultimo respiro<\/a><\/blockquote><iframe class=\"wp-embedded-content\" sandbox=\"allow-scripts\" security=\"restricted\" style=\"position: absolute; clip: rect(1px, 1px, 1px, 1px);\" src=\"https:\/\/www.varesenews.it\/2021\/04\/openjobmetis-meraviglia-vittoria-milano-allultimo-respiro\/1325209\/embed\/#?secret=xNPmAJas1t\" data-secret=\"xNPmAJas1t\" width=\"500\" height=\"282\" title=\"&#8220;Openjobmetis, che meraviglia: vittoria a Milano all&#8217;ultimo respiro&#8221; &#8212; VareseNews\" frameborder=\"0\" marginwidth=\"0\" marginheight=\"0\" scrolling=\"no\"><\/iframe>","_oembed_time_f9aec004024d39b7cfbd920b56a397bb":"1617692521","_oembed_4708fd0b731e7769076a2ad247d9cff7":"<blockquote class=\"wp-embedded-content\" data-secret=\"NS4nlJFsA8\"><a href=\"https:\/\/www.varesenews.it\/2021\/04\/bulleri-vittoria-meritata-partita-grande-spessore\/1325219\/\">Bulleri: &#8220;Vittoria meritata e partita di grande spessore&#8221;<\/a><\/blockquote><iframe class=\"wp-embedded-content\" sandbox=\"allow-scripts\" security=\"restricted\" style=\"position: absolute; clip: rect(1px, 1px, 1px, 1px);\" src=\"https:\/\/www.varesenews.it\/2021\/04\/bulleri-vittoria-meritata-partita-grande-spessore\/1325219\/embed\/#?secret=NS4nlJFsA8\" data-secret=\"NS4nlJFsA8\" width=\"500\" height=\"282\" title=\"&#8220;Bulleri: &#8220;Vittoria meritata e partita di grande spessore&#8221;&#8221; &#8212; VareseNews\" frameborder=\"0\" marginwidth=\"0\" marginheight=\"0\" scrolling=\"no\"><\/iframe>","_oembed_time_4708fd0b731e7769076a2ad247d9cff7":"1617692521","_oembed_8ed0448622fdebbdb97f584635f61606":"<blockquote class=\"wp-embedded-content\" data-secret=\"lD0Xn6cCXs\"><a href=\"https:\/\/www.varesenews.it\/2021\/04\/zamberletti-divenne-politico-cui-la-repubblica-grata\/1324376\/\">Come Zamberletti divenne il politico &#8220;a cui la Repubblica \u00e8 grata&#8221;<\/a><\/blockquote><iframe class=\"wp-embedded-content\" sandbox=\"allow-scripts\" security=\"restricted\" style=\"position: absolute; clip: rect(1px, 1px, 1px, 1px);\" src=\"https:\/\/www.varesenews.it\/2021\/04\/zamberletti-divenne-politico-cui-la-repubblica-grata\/1324376\/embed\/#?secret=lD0Xn6cCXs\" data-secret=\"lD0Xn6cCXs\" width=\"500\" height=\"282\" title=\"&#8220;Come Zamberletti divenne il politico &#8220;a cui la Repubblica \u00e8 grata&#8221;&#8221; &#8212; VareseNews\" frameborder=\"0\" marginwidth=\"0\" marginheight=\"0\" scrolling=\"no\"><\/iframe>","_oembed_time_8ed0448622fdebbdb97f584635f61606":"1617692521","_oembed_6963b8e4f6855b2ff33d0aa14f91fa21":"<blockquote class=\"wp-embedded-content\" data-secret=\"3uHrK1Vnvr\"><a href=\"https:\/\/www.verbanonews.it\/aree-geografiche\/piemonte\/2021\/04\/02\/coronavirus-1-942-nuovi-positivi-e-63-decessi-in-piemonte\/928820\/\">Coronavirus: 1.942 nuovi positivi e 63 decessi in Piemonte<\/a><\/blockquote><iframe class=\"wp-embedded-content\" sandbox=\"allow-scripts\" security=\"restricted\" style=\"position: absolute; clip: rect(1px, 1px, 1px, 1px);\" src=\"https:\/\/www.verbanonews.it\/aree-geografiche\/piemonte\/2021\/04\/02\/coronavirus-1-942-nuovi-positivi-e-63-decessi-in-piemonte\/928820\/embed\/#?secret=3uHrK1Vnvr\" data-secret=\"3uHrK1Vnvr\" width=\"500\" height=\"282\" title=\"&#8220;Coronavirus: 1.942 nuovi positivi e 63 decessi in Piemonte&#8221; &#8212; VerbanoNews\" frameborder=\"0\" marginwidth=\"0\" marginheight=\"0\" scrolling=\"no\"><\/iframe>","_oembed_time_6963b8e4f6855b2ff33d0aa14f91fa21":"1617692521","_oembed_2b967cd2999333e76cdaa81e762d4ec1":"<blockquote class=\"wp-embedded-content\" data-secret=\"fGlMHnwpVF\"><a href=\"https:\/\/www.varesenews.it\/2021\/04\/sorpresa-la-prenotazione-del-vaccino-poste-funziona-bene\/1324421\/\">Sorpresa: la prenotazione del vaccino con Poste funziona bene<\/a><\/blockquote><iframe class=\"wp-embedded-content\" sandbox=\"allow-scripts\" security=\"restricted\" style=\"position: absolute; clip: rect(1px, 1px, 1px, 1px);\" src=\"https:\/\/www.varesenews.it\/2021\/04\/sorpresa-la-prenotazione-del-vaccino-poste-funziona-bene\/1324421\/embed\/#?secret=fGlMHnwpVF\" data-secret=\"fGlMHnwpVF\" width=\"500\" height=\"282\" title=\"&#8220;Sorpresa: la prenotazione del vaccino con Poste funziona bene&#8221; &#8212; VareseNews\" frameborder=\"0\" marginwidth=\"0\" marginheight=\"0\" scrolling=\"no\"><\/iframe>","_oembed_time_2b967cd2999333e76cdaa81e762d4ec1":"1617692521","_oembed_e3731c6235a41bb5a0d5deb728fcc960":"<iframe width=\"500\" height=\"281\" src=\"https:\/\/www.youtube.com\/embed\/cBNwZ7vlL0Y?feature=oembed\" frameborder=\"0\" allow=\"accelerometer; autoplay; clipboard-write; encrypted-media; gyroscope; picture-in-picture\" allowfullscreen><\/iframe>","_oembed_time_e3731c6235a41bb5a0d5deb728fcc960":"1617692521","_oembed_0c4e1749de7d04d7d87fa162ffa3ce8f":"<blockquote class=\"wp-embedded-content\" data-secret=\"0JxV1jJELP\"><a href=\"https:\/\/www.asst-valleolona.it\/vaccinazioni-informazioni-utili-e-modulistica\/\">Vaccinazioni: informazioni utili e modulistica<\/a><\/blockquote><iframe class=\"wp-embedded-content\" sandbox=\"allow-scripts\" security=\"restricted\" style=\"position: absolute; clip: rect(1px, 1px, 1px, 1px);\" src=\"https:\/\/www.asst-valleolona.it\/vaccinazioni-informazioni-utili-e-modulistica\/embed\/#?secret=0JxV1jJELP\" data-secret=\"0JxV1jJELP\" width=\"500\" height=\"282\" title=\"&#8220;Vaccinazioni: informazioni utili e modulistica&#8221; &#8212; ASST Valle Olona\" frameborder=\"0\" marginwidth=\"0\" marginheight=\"0\" scrolling=\"no\"><\/iframe>","_oembed_time_0c4e1749de7d04d7d87fa162ffa3ce8f":"1617692523","_oembed_946bcbc859bfddfe1d8f8abcc59dfe0d":"<blockquote class=\"wp-embedded-content\" data-secret=\"TV80bTeSxQ\"><a href=\"https:\/\/www.varesenews.it\/2021\/03\/lavori-alla-galleria-cardano-occhio-alla-chiusura-dell-superstrada-malpensa\/1320621\/\">Lavori alla galleria di Cardano, occhio alla chiusura della superstrada di Malpensa<\/a><\/blockquote><iframe class=\"wp-embedded-content\" sandbox=\"allow-scripts\" security=\"restricted\" style=\"position: absolute; clip: rect(1px, 1px, 1px, 1px);\" src=\"https:\/\/www.varesenews.it\/2021\/03\/lavori-alla-galleria-cardano-occhio-alla-chiusura-dell-superstrada-malpensa\/1320621\/embed\/#?secret=TV80bTeSxQ\" data-secret=\"TV80bTeSxQ\" width=\"500\" height=\"282\" title=\"&#8220;Lavori alla galleria di Cardano, occhio alla chiusura della superstrada di Malpensa&#8221; &#8212; VareseNews\" frameborder=\"0\" marginwidth=\"0\" marginheight=\"0\" scrolling=\"no\"><\/iframe>","_oembed_time_946bcbc859bfddfe1d8f8abcc59dfe0d":"1617692523","_oembed_c662f05a688a9bfdcb47ad80a3473b15":"<iframe width=\"500\" height=\"281\" src=\"https:\/\/www.youtube.com\/embed\/YKXvLZymy1E?feature=oembed\" frameborder=\"0\" allow=\"accelerometer; autoplay; clipboard-write; encrypted-media; gyroscope; picture-in-picture\" allowfullscreen><\/iframe>","_oembed_time_c662f05a688a9bfdcb47ad80a3473b15":"1617692524","_oembed_cc61acb8d995e346350c2f6a997b9e99":"<iframe width=\"500\" height=\"281\" src=\"https:\/\/www.youtube.com\/embed\/pFaEEf6KobY?feature=oembed\" frameborder=\"0\" allow=\"accelerometer; autoplay; clipboard-write; encrypted-media; gyroscope; picture-in-picture\" allowfullscreen><\/iframe>","_oembed_time_cc61acb8d995e346350c2f6a997b9e99":"1617692524","_oembed_c63d627e956b59613913b66844113be4":"<blockquote class=\"wp-embedded-content\" data-secret=\"bEEy5HBWbx\"><a href=\"https:\/\/www.verbanonews.it\/aree-geografiche\/piemonte\/2021\/04\/01\/piemonte-2584-nuovi-contagi\/928931\/\">Piemonte, 2584 nuovi contagi<\/a><\/blockquote><iframe class=\"wp-embedded-content\" sandbox=\"allow-scripts\" security=\"restricted\" style=\"position: absolute; clip: rect(1px, 1px, 1px, 1px);\" src=\"https:\/\/www.verbanonews.it\/aree-geografiche\/piemonte\/2021\/04\/01\/piemonte-2584-nuovi-contagi\/928931\/embed\/#?secret=bEEy5HBWbx\" data-secret=\"bEEy5HBWbx\" width=\"500\" height=\"282\" title=\"&#8220;Piemonte, 2584 nuovi contagi&#8221; &#8212; VerbanoNews\" frameborder=\"0\" marginwidth=\"0\" marginheight=\"0\" scrolling=\"no\"><\/iframe>","_oembed_time_c63d627e956b59613913b66844113be4":"1617692525","_oembed_e5af1e8c95d4b8010499d6a3c27dedb2":"<blockquote class=\"wp-embedded-content\" data-secret=\"vWnOY0RLb4\"><a href=\"https:\/\/www.varesenews.it\/2021\/04\/al-via-la-campagna-vaccinale-massa-lombardia-portale-attivo-2-aprile\/1324010\/\">Al via la campagna vaccinale di massa in Lombardia: nuovo portale attivo il 2 aprile<\/a><\/blockquote><iframe class=\"wp-embedded-content\" sandbox=\"allow-scripts\" security=\"restricted\" style=\"position: absolute; clip: rect(1px, 1px, 1px, 1px);\" src=\"https:\/\/www.varesenews.it\/2021\/04\/al-via-la-campagna-vaccinale-massa-lombardia-portale-attivo-2-aprile\/1324010\/embed\/#?secret=vWnOY0RLb4\" data-secret=\"vWnOY0RLb4\" width=\"500\" height=\"282\" title=\"&#8220;Al via la campagna vaccinale di massa in Lombardia: nuovo portale attivo il 2 aprile&#8221; &#8212; VareseNews\" frameborder=\"0\" marginwidth=\"0\" marginheight=\"0\" scrolling=\"no\"><\/iframe>","_oembed_time_e5af1e8c95d4b8010499d6a3c27dedb2":"1617692525","_oembed_1e869c25ea2df9ba8078d2c716a307df":"<blockquote class=\"wp-embedded-content\" data-secret=\"lSdmumPhng\"><a href=\"https:\/\/www.varesenews.it\/2021\/04\/un-cittadino-lombardo-scopri-prevista-la-tua-vaccinazione-anticovid\/1324153\/\">Se sei un cittadino lombardo scopri quando \u00e8 prevista la tua vaccinazione anticovid<\/a><\/blockquote><iframe class=\"wp-embedded-content\" sandbox=\"allow-scripts\" security=\"restricted\" style=\"position: absolute; clip: rect(1px, 1px, 1px, 1px);\" src=\"https:\/\/www.varesenews.it\/2021\/04\/un-cittadino-lombardo-scopri-prevista-la-tua-vaccinazione-anticovid\/1324153\/embed\/#?secret=lSdmumPhng\" data-secret=\"lSdmumPhng\" width=\"500\" height=\"282\" title=\"&#8220;Se sei un cittadino lombardo scopri quando \u00e8 prevista la tua vaccinazione anticovid&#8221; &#8212; VareseNews\" frameborder=\"0\" marginwidth=\"0\" marginheight=\"0\" scrolling=\"no\"><\/iframe>","_oembed_time_1e869c25ea2df9ba8078d2c716a307df":"1617692525","_oembed_9bc5c539bbc027b0df61415a1036ba3a":"<iframe width=\"500\" height=\"281\" src=\"https:\/\/www.youtube.com\/embed\/HrGApHDhjDM?feature=oembed\" frameborder=\"0\" allow=\"accelerometer; autoplay; clipboard-write; encrypted-media; gyroscope; picture-in-picture\" allowfullscreen><\/iframe>","_oembed_time_9bc5c539bbc027b0df61415a1036ba3a":"1617692525","_oembed_53a1713de21e6c2a8ae22772f18e2651":"<iframe width=\"500\" height=\"281\" src=\"https:\/\/www.youtube.com\/embed\/4QiD3Em8DuM?feature=oembed\" frameborder=\"0\" allow=\"accelerometer; autoplay; clipboard-write; encrypted-media; gyroscope; picture-in-picture\" allowfullscreen><\/iframe>","_oembed_time_53a1713de21e6c2a8ae22772f18e2651":"1617692532","_oembed_3ad5513b9cdb1ed10092bc57aaef45ef":"<blockquote class=\"wp-embedded-content\" data-secret=\"cNou7Kv04R\"><a href=\"https:\/\/www.varesenews.it\/2021\/01\/caso-figli-diritti-bonus-contributi-2021\/1291746\/\">In caso di figli: diritti, bonus e contributi 2021<\/a><\/blockquote><iframe class=\"wp-embedded-content\" sandbox=\"allow-scripts\" security=\"restricted\" style=\"position: absolute; clip: rect(1px, 1px, 1px, 1px);\" src=\"https:\/\/www.varesenews.it\/2021\/01\/caso-figli-diritti-bonus-contributi-2021\/1291746\/embed\/#?secret=cNou7Kv04R\" data-secret=\"cNou7Kv04R\" width=\"500\" height=\"282\" title=\"&#8220;In caso di figli: diritti, bonus e contributi 2021&#8221; &#8212; VareseNews\" frameborder=\"0\" marginwidth=\"0\" marginheight=\"0\" scrolling=\"no\"><\/iframe>","_oembed_time_3ad5513b9cdb1ed10092bc57aaef45ef":"1617692532","_oembed_b4b35fcc4f832044bbce8dfb632c8bb7":"<blockquote class=\"wp-embedded-content\" data-secret=\"HocsBXmz2K\"><a href=\"https:\/\/www.varesenews.it\/2021\/03\/digital-green-pass-cose-passaporto-vaccinale-varato-dalla-commissione-europea\/1320624\/\">Digital green pass: cos&#8217;\u00e8 il passaporto vaccinale varato dalla Commissione europea<\/a><\/blockquote><iframe class=\"wp-embedded-content\" sandbox=\"allow-scripts\" security=\"restricted\" style=\"position: absolute; clip: rect(1px, 1px, 1px, 1px);\" src=\"https:\/\/www.varesenews.it\/2021\/03\/digital-green-pass-cose-passaporto-vaccinale-varato-dalla-commissione-europea\/1320624\/embed\/#?secret=HocsBXmz2K\" data-secret=\"HocsBXmz2K\" width=\"500\" height=\"282\" title=\"&#8220;Digital green pass: cos&#8217;\u00e8 il passaporto vaccinale varato dalla Commissione europea&#8221; &#8212; VareseNews\" frameborder=\"0\" marginwidth=\"0\" marginheight=\"0\" scrolling=\"no\"><\/iframe>","_oembed_time_b4b35fcc4f832044bbce8dfb632c8bb7":"1617692532","_oembed_6c597dac009e9c671832b6577c702487":"<blockquote class=\"wp-embedded-content\" data-secret=\"1yk2aiP0Kc\"><a href=\"https:\/\/www.varesenews.it\/2021\/03\/decollato-malpensa-primo-volo-covid-tested-le-isole-canarie\/1322208\/\">Decollato a Malpensa il primo volo &#8220;Covid-tested&#8221; per le isole Canarie<\/a><\/blockquote><iframe class=\"wp-embedded-content\" sandbox=\"allow-scripts\" security=\"restricted\" style=\"position: absolute; clip: rect(1px, 1px, 1px, 1px);\" src=\"https:\/\/www.varesenews.it\/2021\/03\/decollato-malpensa-primo-volo-covid-tested-le-isole-canarie\/1322208\/embed\/#?secret=1yk2aiP0Kc\" data-secret=\"1yk2aiP0Kc\" width=\"500\" height=\"282\" title=\"&#8220;Decollato a Malpensa il primo volo &#8220;Covid-tested&#8221; per le isole Canarie&#8221; &#8212; VareseNews\" frameborder=\"0\" marginwidth=\"0\" marginheight=\"0\" scrolling=\"no\"><\/iframe>","_oembed_time_6c597dac009e9c671832b6577c702487":"1617692532","_oembed_9fde89b3199a4180f3cc6bd36de8009d":"<blockquote class=\"wp-embedded-content\" data-secret=\"fGt9XLXKqO\"><a href=\"https:\/\/www.varesenews.it\/2021\/03\/arrivano-gli-europei-canottaggio-ne-parliamo-diretta-varesenews\/1322609\/\">Arrivano gli Europei di canottaggio, ne parliamo in diretta su VareseNews<\/a><\/blockquote><iframe class=\"wp-embedded-content\" sandbox=\"allow-scripts\" security=\"restricted\" style=\"position: absolute; clip: rect(1px, 1px, 1px, 1px);\" src=\"https:\/\/www.varesenews.it\/2021\/03\/arrivano-gli-europei-canottaggio-ne-parliamo-diretta-varesenews\/1322609\/embed\/#?secret=fGt9XLXKqO\" data-secret=\"fGt9XLXKqO\" width=\"500\" height=\"282\" title=\"&#8220;Arrivano gli Europei di canottaggio, ne parliamo in diretta su VareseNews&#8221; &#8212; VareseNews\" frameborder=\"0\" marginwidth=\"0\" marginheight=\"0\" scrolling=\"no\"><\/iframe>","_oembed_time_9fde89b3199a4180f3cc6bd36de8009d":"1617692532","_oembed_0c102b9e77e211f04ef86603c1a0b653":"<blockquote class=\"wp-embedded-content\" data-secret=\"d6prSVqw4M\"><a href=\"https:\/\/www.varesenews.it\/2021\/04\/nella-partita-capolavoro-ruzzier-ce-posto-anche-egbunu-veterani\/1325241\/\">Nella partita capolavoro di Ruzzier c&#8217;\u00e8 posto anche per Egbunu e per i veterani<\/a><\/blockquote><iframe class=\"wp-embedded-content\" sandbox=\"allow-scripts\" security=\"restricted\" style=\"position: absolute; clip: rect(1px, 1px, 1px, 1px);\" src=\"https:\/\/www.varesenews.it\/2021\/04\/nella-partita-capolavoro-ruzzier-ce-posto-anche-egbunu-veterani\/1325241\/embed\/#?secret=d6prSVqw4M\" data-secret=\"d6prSVqw4M\" width=\"500\" height=\"282\" title=\"&#8220;Nella partita capolavoro di Ruzzier c&#8217;\u00e8 posto anche per Egbunu e per i veterani&#8221; &#8212; VareseNews\" frameborder=\"0\" marginwidth=\"0\" marginheight=\"0\" scrolling=\"no\"><\/iframe>","_oembed_time_0c102b9e77e211f04ef86603c1a0b653":"1617692698","_oembed_60d5cb7ec8b3672a241fc0fb14f621fa":"<blockquote class=\"wp-embedded-content\" data-secret=\"yCAwNp0dMr\"><a href=\"https:\/\/www.varesenews.it\/2021\/03\/le-cooperative-sociali-tipo-b-alleate-ideali-delle-aziende-private\/1322590\/\">Le cooperative sociali di tipo B alleate ideali delle aziende private<\/a><\/blockquote><iframe class=\"wp-embedded-content\" sandbox=\"allow-scripts\" security=\"restricted\" style=\"position: absolute; clip: rect(1px, 1px, 1px, 1px);\" src=\"https:\/\/www.varesenews.it\/2021\/03\/le-cooperative-sociali-tipo-b-alleate-ideali-delle-aziende-private\/1322590\/embed\/#?secret=yCAwNp0dMr\" data-secret=\"yCAwNp0dMr\" width=\"500\" height=\"282\" title=\"&#8220;Le cooperative sociali di tipo B alleate ideali delle aziende private&#8221; &#8212; VareseNews\" frameborder=\"0\" marginwidth=\"0\" marginheight=\"0\" scrolling=\"no\"><\/iframe>","_oembed_time_60d5cb7ec8b3672a241fc0fb14f621fa":"1617693029","_oembed_74842d4aa5d6cb8cfe39c22e78d80ea0":"<blockquote class=\"wp-embedded-content\" data-secret=\"dXehj3f3ix\"><a href=\"https:\/\/www.varesenews.it\/2021\/03\/dito-schiacciato-nellimpastatrice-bimba-liberata-dai-vigili-del-fuoco\/1322301\/\">Resta con un dito incastrato nell&#8217;impastatrice, bimba liberata dai Vigili del fuoco<\/a><\/blockquote><iframe class=\"wp-embedded-content\" sandbox=\"allow-scripts\" security=\"restricted\" style=\"position: absolute; clip: rect(1px, 1px, 1px, 1px);\" src=\"https:\/\/www.varesenews.it\/2021\/03\/dito-schiacciato-nellimpastatrice-bimba-liberata-dai-vigili-del-fuoco\/1322301\/embed\/#?secret=dXehj3f3ix\" data-secret=\"dXehj3f3ix\" width=\"500\" height=\"282\" title=\"&#8220;Resta con un dito incastrato nell&#8217;impastatrice, bimba liberata dai Vigili del fuoco&#8221; &#8212; VareseNews\" frameborder=\"0\" marginwidth=\"0\" marginheight=\"0\" scrolling=\"no\"><\/iframe>","_oembed_time_74842d4aa5d6cb8cfe39c22e78d80ea0":"1617693029","_oembed_fa804ee49821620634cf625a5899b22d":"<blockquote class=\"wp-embedded-content\" data-secret=\"W3o6tnHYCk\"><a href=\"https:\/\/www.varesenews.it\/2021\/03\/pedibustis-nasce-cammino-le-chiese-busto-arsizio-mette-al-centro-la-periferia\/1314310\/\">PediBustis, nasce il nuovo cammino tra le chiese di Busto Arsizio che mette al centro la periferia<\/a><\/blockquote><iframe class=\"wp-embedded-content\" sandbox=\"allow-scripts\" security=\"restricted\" style=\"position: absolute; clip: rect(1px, 1px, 1px, 1px);\" src=\"https:\/\/www.varesenews.it\/2021\/03\/pedibustis-nasce-cammino-le-chiese-busto-arsizio-mette-al-centro-la-periferia\/1314310\/embed\/#?secret=W3o6tnHYCk\" data-secret=\"W3o6tnHYCk\" width=\"500\" height=\"282\" title=\"&#8220;PediBustis, nasce il nuovo cammino tra le chiese di Busto Arsizio che mette al centro la periferia&#8221; &#8212; VareseNews\" frameborder=\"0\" marginwidth=\"0\" marginheight=\"0\" scrolling=\"no\"><\/iframe>","_oembed_time_fa804ee49821620634cf625a5899b22d":"1618434631","_oembed_53aff7af6510bcac9bc294817dfb998d":"<blockquote class=\"wp-embedded-content\" data-secret=\"WtA4uf1yQK\"><a href=\"https:\/\/www.varesenews.it\/2018\/05\/muore-rissa-sempione-vergiate\/718442\/\">Muore in ospedale dopo la rissa<\/a><\/blockquote><iframe class=\"wp-embedded-content\" sandbox=\"allow-scripts\" security=\"restricted\" style=\"position: absolute; clip: rect(1px, 1px, 1px, 1px);\" src=\"https:\/\/www.varesenews.it\/2018\/05\/muore-rissa-sempione-vergiate\/718442\/embed\/#?secret=WtA4uf1yQK\" data-secret=\"WtA4uf1yQK\" width=\"500\" height=\"282\" title=\"&#8220;Muore in ospedale dopo la rissa&#8221; &#8212; VareseNews\" frameborder=\"0\" marginwidth=\"0\" marginheight=\"0\" scrolling=\"no\"><\/iframe>","_oembed_time_53aff7af6510bcac9bc294817dfb998d":"1618434631","_oembed_7fa8996a4a5bd3b46e35fde6e944bd8e":"<blockquote class=\"wp-embedded-content\" data-secret=\"TlOyKTCWOm\"><a href=\"https:\/\/www.varesenews.it\/2020\/05\/busto-arsizio-punta-diventare-citta-europea-dello-sport-2023\/932937\/\">Busto Arsizio punta a diventare Citt\u00e0 Europea dello Sport 2023<\/a><\/blockquote><iframe class=\"wp-embedded-content\" sandbox=\"allow-scripts\" security=\"restricted\" style=\"position: absolute; clip: rect(1px, 1px, 1px, 1px);\" src=\"https:\/\/www.varesenews.it\/2020\/05\/busto-arsizio-punta-diventare-citta-europea-dello-sport-2023\/932937\/embed\/#?secret=TlOyKTCWOm\" data-secret=\"TlOyKTCWOm\" width=\"500\" height=\"282\" title=\"&#8220;Busto Arsizio punta a diventare Citt\u00e0 Europea dello Sport 2023&#8221; &#8212; VareseNews\" frameborder=\"0\" marginwidth=\"0\" marginheight=\"0\" scrolling=\"no\"><\/iframe>","_oembed_time_7fa8996a4a5bd3b46e35fde6e944bd8e":"1618434631","_oembed_ab4b68a8e27b78a58c0e5ab46fc5c5fc":"<iframe width=\"500\" height=\"281\" src=\"https:\/\/www.youtube.com\/embed\/kabgmr8Co7A?feature=oembed\" frameborder=\"0\" allow=\"accelerometer; autoplay; clipboard-write; encrypted-media; gyroscope; picture-in-picture\" allowfullscreen><\/iframe>","_oembed_time_ab4b68a8e27b78a58c0e5ab46fc5c5fc":"1618434836","_oembed_d19979e7d5e38f9e73176393ae7ef460":"<blockquote class=\"wp-embedded-content\" data-secret=\"HeRZadnTPu\"><a href=\"https:\/\/www.saronnonews.it\/2021\/04\/07\/ecco-come-funziona-il-centro-vaccinale-a-saronno\/\">Ecco come funziona il centro vaccinale a Saronno<\/a><\/blockquote><iframe class=\"wp-embedded-content\" sandbox=\"allow-scripts\" security=\"restricted\" style=\"position: absolute; clip: rect(1px, 1px, 1px, 1px);\" src=\"https:\/\/www.saronnonews.it\/2021\/04\/07\/ecco-come-funziona-il-centro-vaccinale-a-saronno\/embed\/#?secret=HeRZadnTPu\" data-secret=\"HeRZadnTPu\" width=\"500\" height=\"282\" title=\"&#8220;Ecco come funziona il centro vaccinale a Saronno&#8221; &#8212; SaronnoNews\" frameborder=\"0\" marginwidth=\"0\" marginheight=\"0\" scrolling=\"no\"><\/iframe>","_oembed_time_d19979e7d5e38f9e73176393ae7ef460":"1618434837","_oembed_3e5bb1aa056c25c8d1be6a3de14ec243":"<blockquote class=\"wp-embedded-content\" data-secret=\"ETSHKpjCMT\"><a href=\"https:\/\/www.varesenews.it\/2021\/04\/riparte-lo-sport-bambini-allaperto-forma-individuale\/1327472\/\">Riparte lo sport per i bambini, all&#8217;aperto e in forma individuale<\/a><\/blockquote><iframe class=\"wp-embedded-content\" sandbox=\"allow-scripts\" security=\"restricted\" style=\"position: absolute; clip: rect(1px, 1px, 1px, 1px);\" src=\"https:\/\/www.varesenews.it\/2021\/04\/riparte-lo-sport-bambini-allaperto-forma-individuale\/1327472\/embed\/#?secret=ETSHKpjCMT\" data-secret=\"ETSHKpjCMT\" width=\"500\" height=\"282\" title=\"&#8220;Riparte lo sport per i bambini, all&#8217;aperto e in forma individuale&#8221; &#8212; VareseNews\" frameborder=\"0\" marginwidth=\"0\" marginheight=\"0\" scrolling=\"no\"><\/iframe>","_oembed_time_3e5bb1aa056c25c8d1be6a3de14ec243":"1618434837","_oembed_3420483350d365fe0c01351fd25a0094":"<blockquote class=\"wp-embedded-content\" data-secret=\"w1jI2saugL\"><a href=\"https:\/\/www.varesenews.it\/2020\/11\/la-quarantena-delle-famiglie-attesa-un-vademecum-ufficiale\/1271127\/\">La quarantena delle famiglie: come fare, in attesa di un vademecum ufficiale<\/a><\/blockquote><iframe class=\"wp-embedded-content\" sandbox=\"allow-scripts\" security=\"restricted\" style=\"position: absolute; clip: rect(1px, 1px, 1px, 1px);\" src=\"https:\/\/www.varesenews.it\/2020\/11\/la-quarantena-delle-famiglie-attesa-un-vademecum-ufficiale\/1271127\/embed\/#?secret=w1jI2saugL\" data-secret=\"w1jI2saugL\" width=\"500\" height=\"282\" title=\"&#8220;La quarantena delle famiglie: come fare, in attesa di un vademecum ufficiale&#8221; &#8212; VareseNews\" frameborder=\"0\" marginwidth=\"0\" marginheight=\"0\" scrolling=\"no\"><\/iframe>","_oembed_time_3420483350d365fe0c01351fd25a0094":"1618434837","_oembed_bdf0aa7e87ab377e6197ba2cbedc5a00":"<blockquote class=\"wp-embedded-content\" data-secret=\"EUlOGv5gBE\"><a href=\"https:\/\/www.saronnonews.it\/2021\/04\/10\/inaugurato-lhub-vaccinale-di-saronno-oggi-inizia-una-delle-piu-grandi-sfide-contro-la-pandemia\/\">Inaugurato l&#8217;hub vaccinale di Saronno: &#8220;Oggi inizia una delle pi\u00f9 grandi sfide contro la pandemia&#8221;<\/a><\/blockquote><iframe class=\"wp-embedded-content\" sandbox=\"allow-scripts\" security=\"restricted\" style=\"position: absolute; clip: rect(1px, 1px, 1px, 1px);\" src=\"https:\/\/www.saronnonews.it\/2021\/04\/10\/inaugurato-lhub-vaccinale-di-saronno-oggi-inizia-una-delle-piu-grandi-sfide-contro-la-pandemia\/embed\/#?secret=EUlOGv5gBE\" data-secret=\"EUlOGv5gBE\" width=\"500\" height=\"282\" title=\"&#8220;Inaugurato l&#8217;hub vaccinale di Saronno: &#8220;Oggi inizia una delle pi\u00f9 grandi sfide contro la pandemia&#8221;&#8221; &#8212; SaronnoNews\" frameborder=\"0\" marginwidth=\"0\" marginheight=\"0\" scrolling=\"no\"><\/iframe>","_oembed_time_bdf0aa7e87ab377e6197ba2cbedc5a00":"1618434838","_oembed_9964ee552a2b0e88348a7c89bf62023e":"<blockquote class=\"wp-embedded-content\" data-secret=\"tZGaZLtHle\"><a href=\"https:\/\/www.saronnonews.it\/2021\/04\/12\/un-po-di-musica-per-accompagnare-le-vaccinazioni-di-saronno\/\">Un po\u2019 di musica per accompagnare le vaccinazioni di Saronno<\/a><\/blockquote><iframe class=\"wp-embedded-content\" sandbox=\"allow-scripts\" security=\"restricted\" style=\"position: absolute; clip: rect(1px, 1px, 1px, 1px);\" src=\"https:\/\/www.saronnonews.it\/2021\/04\/12\/un-po-di-musica-per-accompagnare-le-vaccinazioni-di-saronno\/embed\/#?secret=tZGaZLtHle\" data-secret=\"tZGaZLtHle\" width=\"500\" height=\"282\" title=\"&#8220;Un po\u2019 di musica per accompagnare le vaccinazioni di Saronno&#8221; &#8212; SaronnoNews\" frameborder=\"0\" marginwidth=\"0\" marginheight=\"0\" scrolling=\"no\"><\/iframe>","_oembed_time_9964ee552a2b0e88348a7c89bf62023e":"1618434839","_oembed_95586dc5b30fe2d96227bd90c903183d":"<blockquote class=\"wp-embedded-content\" data-secret=\"pAFSJGpvRV\"><a href=\"https:\/\/www.varesenews.it\/2020\/05\/le-strane-sere-del-ramadan-senza-lincontro-serale\/925037\/\">Le strane sere del Ramadan, senza l&#8217;incontro serale<\/a><\/blockquote><iframe class=\"wp-embedded-content\" sandbox=\"allow-scripts\" security=\"restricted\" style=\"position: absolute; clip: rect(1px, 1px, 1px, 1px);\" src=\"https:\/\/www.varesenews.it\/2020\/05\/le-strane-sere-del-ramadan-senza-lincontro-serale\/925037\/embed\/#?secret=pAFSJGpvRV\" data-secret=\"pAFSJGpvRV\" width=\"500\" height=\"282\" title=\"&#8220;Le strane sere del Ramadan, senza l&#8217;incontro serale&#8221; &#8212; VareseNews\" frameborder=\"0\" marginwidth=\"0\" marginheight=\"0\" scrolling=\"no\"><\/iframe>","_oembed_time_95586dc5b30fe2d96227bd90c903183d":"1618434839","_oembed_a065399bd59cd9f35dd11d263cdf4e01":"<blockquote class=\"wp-embedded-content\" data-secret=\"0jgz5osOdm\"><a href=\"https:\/\/www.varesenews.it\/2021\/04\/lultimo-tiro-fatale-alla-openjobmetis-scola-lo-sbaglia-venezia-vince\/1328435\/\">L&#8217;ultimo tiro \u00e8 fatale alla Openjobmetis: Scola lo sbaglia, Venezia vince<\/a><\/blockquote><iframe class=\"wp-embedded-content\" sandbox=\"allow-scripts\" security=\"restricted\" style=\"position: absolute; clip: rect(1px, 1px, 1px, 1px);\" src=\"https:\/\/www.varesenews.it\/2021\/04\/lultimo-tiro-fatale-alla-openjobmetis-scola-lo-sbaglia-venezia-vince\/1328435\/embed\/#?secret=0jgz5osOdm\" data-secret=\"0jgz5osOdm\" width=\"500\" height=\"282\" title=\"&#8220;L&#8217;ultimo tiro \u00e8 fatale alla Openjobmetis: Scola lo sbaglia, Venezia vince&#8221; &#8212; VareseNews\" frameborder=\"0\" marginwidth=\"0\" marginheight=\"0\" scrolling=\"no\"><\/iframe>","_oembed_time_a065399bd59cd9f35dd11d263cdf4e01":"1618435008","_oembed_a2baa8b73f343ead73aaa169d432408b":"<blockquote class=\"wp-embedded-content\" data-secret=\"lXU8WKoG5m\"><a href=\"https:\/\/www.varesenews.it\/2021\/04\/bulleri-pagato-caro-terzo-periodo-la-squadra-avuto-un-grande-spirito\/1328454\/\">Bulleri: &#8220;Pagato caro il terzo periodo. Ma la squadra ha avuto un grande spirito&#8221;<\/a><\/blockquote><iframe class=\"wp-embedded-content\" sandbox=\"allow-scripts\" security=\"restricted\" style=\"position: absolute; clip: rect(1px, 1px, 1px, 1px);\" src=\"https:\/\/www.varesenews.it\/2021\/04\/bulleri-pagato-caro-terzo-periodo-la-squadra-avuto-un-grande-spirito\/1328454\/embed\/#?secret=lXU8WKoG5m\" data-secret=\"lXU8WKoG5m\" width=\"500\" height=\"282\" title=\"&#8220;Bulleri: &#8220;Pagato caro il terzo periodo. Ma la squadra ha avuto un grande spirito&#8221;&#8221; &#8212; VareseNews\" frameborder=\"0\" marginwidth=\"0\" marginheight=\"0\" scrolling=\"no\"><\/iframe>","_oembed_time_a2baa8b73f343ead73aaa169d432408b":"1618435008","_oembed_45042a44ce94b8cfaf40261af29bdd2c":"<blockquote class=\"wp-embedded-content\" data-secret=\"LurNVQLK2G\"><a href=\"https:\/\/www.varesenews.it\/2021\/04\/beane-variabile-impazzita-senza-varese-lavrebbe-persa\/1328478\/\">Beane, variabile impazzita. Ma senza di lui Varese l&#8217;avrebbe persa prima<\/a><\/blockquote><iframe class=\"wp-embedded-content\" sandbox=\"allow-scripts\" security=\"restricted\" style=\"position: absolute; clip: rect(1px, 1px, 1px, 1px);\" src=\"https:\/\/www.varesenews.it\/2021\/04\/beane-variabile-impazzita-senza-varese-lavrebbe-persa\/1328478\/embed\/#?secret=LurNVQLK2G\" data-secret=\"LurNVQLK2G\" width=\"500\" height=\"282\" title=\"&#8220;Beane, variabile impazzita. Ma senza di lui Varese l&#8217;avrebbe persa prima&#8221; &#8212; VareseNews\" frameborder=\"0\" marginwidth=\"0\" marginheight=\"0\" scrolling=\"no\"><\/iframe>","_oembed_time_45042a44ce94b8cfaf40261af29bdd2c":"1618435008","_oembed_a3622ca5d77626d4dcd759750384bb68":"<blockquote class=\"wp-embedded-content\" data-secret=\"FxKsU6pRNN\"><a href=\"https:\/\/www.varesenews.it\/2021\/04\/interventi-ridurre-gli-incidenti-stradali-astuti-chiede-finanziare-tutti-progetti\/1328034\/\">Interventi per ridurre gli incidenti stradali: Astuti chiede di finanziare tutti i progetti<\/a><\/blockquote><iframe class=\"wp-embedded-content\" sandbox=\"allow-scripts\" security=\"restricted\" style=\"position: absolute; clip: rect(1px, 1px, 1px, 1px);\" src=\"https:\/\/www.varesenews.it\/2021\/04\/interventi-ridurre-gli-incidenti-stradali-astuti-chiede-finanziare-tutti-progetti\/1328034\/embed\/#?secret=FxKsU6pRNN\" data-secret=\"FxKsU6pRNN\" width=\"500\" height=\"282\" title=\"&#8220;Interventi per ridurre gli incidenti stradali: Astuti chiede di finanziare tutti i progetti&#8221; &#8212; VareseNews\" frameborder=\"0\" marginwidth=\"0\" marginheight=\"0\" scrolling=\"no\"><\/iframe>","_oembed_time_a3622ca5d77626d4dcd759750384bb68":"1618435008","_oembed_43a60f8d0cf94938586b827f241c663f":"<blockquote class=\"wp-embedded-content\" data-secret=\"YfUPuwZX5x\"><a href=\"https:\/\/elezioni2019.varesenews.it\/2019\/05\/20\/inaugurato-il-parco-di-villa-menni\/\">Inaugurato il parco di Villa Menni<\/a><\/blockquote><iframe class=\"wp-embedded-content\" sandbox=\"allow-scripts\" security=\"restricted\" style=\"position: absolute; clip: rect(1px, 1px, 1px, 1px);\" src=\"https:\/\/elezioni2019.varesenews.it\/2019\/05\/20\/inaugurato-il-parco-di-villa-menni\/embed\/#?secret=YfUPuwZX5x\" data-secret=\"YfUPuwZX5x\" width=\"500\" height=\"282\" title=\"&#8220;Inaugurato il parco di Villa Menni&#8221; &#8212; Speciale Elezioni 2019 - Varese News\" frameborder=\"0\" marginwidth=\"0\" marginheight=\"0\" scrolling=\"no\"><\/iframe>","_oembed_time_43a60f8d0cf94938586b827f241c663f":"1618435010","_oembed_a184b4b35fbc2a6a74bef385bdcc1a20":"<iframe width=\"500\" height=\"281\" src=\"https:\/\/www.youtube.com\/embed\/n8M_b36v4yc?feature=oembed\" frameborder=\"0\" allow=\"accelerometer; autoplay; clipboard-write; encrypted-media; gyroscope; picture-in-picture\" allowfullscreen><\/iframe>","_oembed_time_a184b4b35fbc2a6a74bef385bdcc1a20":"1618435010","_oembed_05c7af1aaf53e0432ff106ac9d626f66":"<blockquote class=\"wp-embedded-content\" data-secret=\"DOYkrTfM4B\"><a href=\"https:\/\/www.varesenews.it\/2021\/04\/la-cultura-genera-coesione-sociale-anche-90-miliardi-euro\/1328806\/\">La cultura genera coesione sociale e anche 90 miliardi di euro<\/a><\/blockquote><iframe class=\"wp-embedded-content\" sandbox=\"allow-scripts\" security=\"restricted\" style=\"position: absolute; clip: rect(1px, 1px, 1px, 1px);\" src=\"https:\/\/www.varesenews.it\/2021\/04\/la-cultura-genera-coesione-sociale-anche-90-miliardi-euro\/1328806\/embed\/#?secret=DOYkrTfM4B\" data-secret=\"DOYkrTfM4B\" width=\"600\" height=\"338\" title=\"&#8220;La cultura genera coesione sociale e anche 90 miliardi di euro&#8221; &#8212; VareseNews\" frameborder=\"0\" marginwidth=\"0\" marginheight=\"0\" scrolling=\"no\"><\/iframe>","_oembed_time_05c7af1aaf53e0432ff106ac9d626f66":"1618552230","_oembed_277cd3986175084cca8a5f94aa5b56e8":"<blockquote class=\"wp-embedded-content\" data-secret=\"U6Z3hVZahn\"><a href=\"https:\/\/www.varesenews.it\/2021\/04\/la-cultura-genera-coesione-sociale-anche-90-miliardi-euro\/1328806\/\">La cultura genera coesione sociale e anche 90 miliardi di euro<\/a><\/blockquote><iframe class=\"wp-embedded-content\" sandbox=\"allow-scripts\" security=\"restricted\" style=\"position: absolute; clip: rect(1px, 1px, 1px, 1px);\" src=\"https:\/\/www.varesenews.it\/2021\/04\/la-cultura-genera-coesione-sociale-anche-90-miliardi-euro\/1328806\/embed\/#?secret=U6Z3hVZahn\" data-secret=\"U6Z3hVZahn\" width=\"500\" height=\"282\" title=\"&#8220;La cultura genera coesione sociale e anche 90 miliardi di euro&#8221; &#8212; VareseNews\" frameborder=\"0\" marginwidth=\"0\" marginheight=\"0\" scrolling=\"no\"><\/iframe>","_oembed_time_277cd3986175084cca8a5f94aa5b56e8":"1618552243","_oembed_21f9e8ba951717450b3405679ecbd8c5":"<blockquote class=\"wp-embedded-content\" data-secret=\"GFw2SUJVJm\"><a href=\"https:\/\/www.varesenews.it\/2021\/04\/la-cultura-genera-coesione-sociale-anche-90-miliardi-euro\/1328806\/\">La cultura genera coesione sociale e anche 90 miliardi di euro<\/a><\/blockquote><iframe class=\"wp-embedded-content\" sandbox=\"allow-scripts\" security=\"restricted\" style=\"position: absolute; clip: rect(1px, 1px, 1px, 1px);\" src=\"https:\/\/www.varesenews.it\/2021\/04\/la-cultura-genera-coesione-sociale-anche-90-miliardi-euro\/1328806\/embed\/#?secret=GFw2SUJVJm\" data-secret=\"GFw2SUJVJm\" width=\"600\" height=\"338\" title=\"&#8220;La cultura genera coesione sociale e anche 90 miliardi di euro&#8221; &#8212; VareseNews\" frameborder=\"0\" marginwidth=\"0\" marginheight=\"0\" scrolling=\"no\"><\/iframe>","_oembed_time_21f9e8ba951717450b3405679ecbd8c5":"1618552248","_oembed_b195ab5a56ab4d84a143f2cefe181357":"<blockquote class=\"wp-embedded-content\" data-secret=\"q81EzpcKCG\"><a href=\"https:\/\/www.varesenews.it\/2021\/04\/la-cultura-genera-coesione-sociale-anche-90-miliardi-euro\/1328806\/\">La cultura genera coesione sociale e anche 90 miliardi di euro<\/a><\/blockquote><iframe class=\"wp-embedded-content\" sandbox=\"allow-scripts\" security=\"restricted\" style=\"position: absolute; clip: rect(1px, 1px, 1px, 1px);\" src=\"https:\/\/www.varesenews.it\/2021\/04\/la-cultura-genera-coesione-sociale-anche-90-miliardi-euro\/1328806\/embed\/#?secret=q81EzpcKCG\" data-secret=\"q81EzpcKCG\" width=\"600\" height=\"338\" title=\"&#8220;La cultura genera coesione sociale e anche 90 miliardi di euro&#8221; &#8212; VareseNews\" frameborder=\"0\" marginwidth=\"0\" marginheight=\"0\" scrolling=\"no\"><\/iframe>","_oembed_time_b195ab5a56ab4d84a143f2cefe181357":"1618729939","_oembed_41e6089433172dfb79b408412f6d4b50":"<blockquote class=\"wp-embedded-content\" data-secret=\"SxnCBqpuj6\"><a href=\"https:\/\/www.varesenews.it\/2021\/04\/eolo-kometa-gli-sponsor-sella-ivan-basso\/1329093\/\">Eolo-Kometa, gli sponsor in sella con Ivan Basso<\/a><\/blockquote><iframe class=\"wp-embedded-content\" sandbox=\"allow-scripts\" security=\"restricted\" style=\"position: absolute; clip: rect(1px, 1px, 1px, 1px);\" src=\"https:\/\/www.varesenews.it\/2021\/04\/eolo-kometa-gli-sponsor-sella-ivan-basso\/1329093\/embed\/#?secret=SxnCBqpuj6\" data-secret=\"SxnCBqpuj6\" width=\"500\" height=\"282\" title=\"&#8220;Eolo-Kometa, gli sponsor in sella con Ivan Basso&#8221; &#8212; VareseNews\" frameborder=\"0\" marginwidth=\"0\" marginheight=\"0\" scrolling=\"no\"><\/iframe>","_oembed_time_41e6089433172dfb79b408412f6d4b50":"1618731408","_oembed_6f4d6f6bd1276e2f09b7acdfd91293ed":"<blockquote class=\"wp-embedded-content\" data-secret=\"XdEDvxj7wF\"><a href=\"https:\/\/www.varesenews.it\/2021\/04\/dal-26-aprile-tornano-le-zone-gialle-pranzo-cena-nei-ristoranti-allaperto\/1329096\/\">Dal 26 aprile tornano le zone gialle, pranzo e cena nei ristoranti all&#8217;aperto<\/a><\/blockquote><iframe class=\"wp-embedded-content\" sandbox=\"allow-scripts\" security=\"restricted\" style=\"position: absolute; clip: rect(1px, 1px, 1px, 1px);\" src=\"https:\/\/www.varesenews.it\/2021\/04\/dal-26-aprile-tornano-le-zone-gialle-pranzo-cena-nei-ristoranti-allaperto\/1329096\/embed\/#?secret=XdEDvxj7wF\" data-secret=\"XdEDvxj7wF\" width=\"500\" height=\"282\" title=\"&#8220;Dal 26 aprile tornano le zone gialle, pranzo e cena nei ristoranti all&#8217;aperto&#8221; &#8212; VareseNews\" frameborder=\"0\" marginwidth=\"0\" marginheight=\"0\" scrolling=\"no\"><\/iframe>","_oembed_time_6f4d6f6bd1276e2f09b7acdfd91293ed":"1618731408","_oembed_4bb3831520f808995a4def5281559443":"<blockquote class=\"wp-embedded-content\" data-secret=\"ul57AbHamy\"><a href=\"https:\/\/www.varesenews.it\/2020\/08\/borradori-lugano-como-varese-un-futuro-sta-giocarcelo\/953444\/\">Borradori: &#8220;Lugano, Como e Varese hanno un futuro. Sta a noi giocarcelo&#8221;<\/a><\/blockquote><iframe class=\"wp-embedded-content\" sandbox=\"allow-scripts\" security=\"restricted\" style=\"position: absolute; clip: rect(1px, 1px, 1px, 1px);\" src=\"https:\/\/www.varesenews.it\/2020\/08\/borradori-lugano-como-varese-un-futuro-sta-giocarcelo\/953444\/embed\/#?secret=ul57AbHamy\" data-secret=\"ul57AbHamy\" width=\"500\" height=\"282\" title=\"&#8220;Borradori: &#8220;Lugano, Como e Varese hanno un futuro. Sta a noi giocarcelo&#8221;&#8221; &#8212; VareseNews\" frameborder=\"0\" marginwidth=\"0\" marginheight=\"0\" scrolling=\"no\"><\/iframe>","_oembed_time_4bb3831520f808995a4def5281559443":"1618731650","_oembed_412da694fb5ec0284a8f0ad053b2dede":"<blockquote class=\"wp-embedded-content\" data-secret=\"IFtfo5oEJT\"><a href=\"https:\/\/www.verbanonews.it\/aree-geografiche\/canton-ticino\/2021\/04\/13\/in-svizzera-i-tamponi-fai-da-te-sono-gratis-anche-per-i-frontalieri-la-lega-dei-ticinesi-deduciamoli-dai-ristorni\/929380\/\">In Svizzera i tamponi &#8220;fai da te&#8221; sono gratis anche per i frontalieri. La Lega dei Ticinesi: &#8220;Deduciamoli dai ristorni&#8221;<\/a><\/blockquote><iframe class=\"wp-embedded-content\" sandbox=\"allow-scripts\" security=\"restricted\" style=\"position: absolute; clip: rect(1px, 1px, 1px, 1px);\" src=\"https:\/\/www.verbanonews.it\/aree-geografiche\/canton-ticino\/2021\/04\/13\/in-svizzera-i-tamponi-fai-da-te-sono-gratis-anche-per-i-frontalieri-la-lega-dei-ticinesi-deduciamoli-dai-ristorni\/929380\/embed\/#?secret=IFtfo5oEJT\" data-secret=\"IFtfo5oEJT\" width=\"500\" height=\"282\" title=\"&#8220;In Svizzera i tamponi &#8220;fai da te&#8221; sono gratis anche per i frontalieri. La Lega dei Ticinesi: &#8220;Deduciamoli dai ristorni&#8221;&#8221; &#8212; VerbanoNews\" frameborder=\"0\" marginwidth=\"0\" marginheight=\"0\" scrolling=\"no\"><\/iframe>","_oembed_time_412da694fb5ec0284a8f0ad053b2dede":"1618731652","_oembed_af9a93ec8c72b371eee37e826b934f0a":"<blockquote class=\"wp-embedded-content\" data-secret=\"7RdPAvFHbL\"><a href=\"https:\/\/www.verbanonews.it\/aree-geografiche\/lombardia\/2021\/04\/07\/la-svizzera-parte-con-il-tracciamento-di-massa-test-fai-da-te-gratuiti-nelle-farmacie\/929121\/\">La Svizzera parte con il tracciamento di massa: test &#8220;fai da te&#8221; gratuiti nelle farmacie<\/a><\/blockquote><iframe class=\"wp-embedded-content\" sandbox=\"allow-scripts\" security=\"restricted\" style=\"position: absolute; clip: rect(1px, 1px, 1px, 1px);\" src=\"https:\/\/www.verbanonews.it\/aree-geografiche\/lombardia\/2021\/04\/07\/la-svizzera-parte-con-il-tracciamento-di-massa-test-fai-da-te-gratuiti-nelle-farmacie\/929121\/embed\/#?secret=7RdPAvFHbL\" data-secret=\"7RdPAvFHbL\" width=\"500\" height=\"282\" title=\"&#8220;La Svizzera parte con il tracciamento di massa: test &#8220;fai da te&#8221; gratuiti nelle farmacie&#8221; &#8212; VerbanoNews\" frameborder=\"0\" marginwidth=\"0\" marginheight=\"0\" scrolling=\"no\"><\/iframe>","_oembed_time_af9a93ec8c72b371eee37e826b934f0a":"1618731653","_oembed_7fba458e2bcd23543de70f6bf666c79f":"<blockquote class=\"wp-embedded-content\" data-secret=\"l1WXzDrdPK\"><a href=\"https:\/\/www.varesenews.it\/2021\/03\/un-anno-primi-morti-covid-chiudiamo-gli-occhi-li-vediamo-andare-via-ambulanza\/1318766\/\">Un anno dopo i primi morti da Covid: &#8220;Se chiudiamo gli occhi li vediamo andare via in ambulanza&#8221;<\/a><\/blockquote><iframe class=\"wp-embedded-content\" sandbox=\"allow-scripts\" security=\"restricted\" style=\"position: absolute; clip: rect(1px, 1px, 1px, 1px);\" src=\"https:\/\/www.varesenews.it\/2021\/03\/un-anno-primi-morti-covid-chiudiamo-gli-occhi-li-vediamo-andare-via-ambulanza\/1318766\/embed\/#?secret=l1WXzDrdPK\" data-secret=\"l1WXzDrdPK\" width=\"500\" height=\"282\" title=\"&#8220;Un anno dopo i primi morti da Covid: &#8220;Se chiudiamo gli occhi li vediamo andare via in ambulanza&#8221;&#8221; &#8212; VareseNews\" frameborder=\"0\" marginwidth=\"0\" marginheight=\"0\" scrolling=\"no\"><\/iframe>","_oembed_time_7fba458e2bcd23543de70f6bf666c79f":"1618731712","_oembed_b7aa9ed1598b0a755949be9325fab660":"<blockquote class=\"wp-embedded-content\" data-secret=\"cBxT0zPo2G\"><a href=\"https:\/\/www.varesenews.it\/necrologie\/annuncio-famiglia\/padre-felice-monchieri\/\">Padre Felice Monchieri<\/a><\/blockquote><iframe class=\"wp-embedded-content\" sandbox=\"allow-scripts\" security=\"restricted\" style=\"position: absolute; clip: rect(1px, 1px, 1px, 1px);\" src=\"https:\/\/www.varesenews.it\/necrologie\/annuncio-famiglia\/padre-felice-monchieri\/embed\/#?secret=cBxT0zPo2G\" data-secret=\"cBxT0zPo2G\" width=\"500\" height=\"282\" title=\"&#8220;Padre Felice Monchieri&#8221; &#8212; VareseNews\" frameborder=\"0\" marginwidth=\"0\" marginheight=\"0\" scrolling=\"no\"><\/iframe>","_oembed_time_b7aa9ed1598b0a755949be9325fab660":"1618731712","_oembed_d166388e900cc2a7c9b60c30cc66592a":"<blockquote class=\"wp-embedded-content\" data-secret=\"3HOhmlvYI8\"><a href=\"https:\/\/www.varesenews.it\/2021\/04\/rubano-catena-dal-comune-sindaco-si-presentino-municipio\/1327226\/\">Rubano una catena fuori dal Comune, il sindaco: &#8220;Si presentino in Municipio&#8221;<\/a><\/blockquote><iframe class=\"wp-embedded-content\" sandbox=\"allow-scripts\" security=\"restricted\" style=\"position: absolute; clip: rect(1px, 1px, 1px, 1px);\" src=\"https:\/\/www.varesenews.it\/2021\/04\/rubano-catena-dal-comune-sindaco-si-presentino-municipio\/1327226\/embed\/#?secret=3HOhmlvYI8\" data-secret=\"3HOhmlvYI8\" width=\"500\" height=\"282\" title=\"&#8220;Rubano una catena fuori dal Comune, il sindaco: &#8220;Si presentino in Municipio&#8221;&#8221; &#8212; VareseNews\" frameborder=\"0\" marginwidth=\"0\" marginheight=\"0\" scrolling=\"no\"><\/iframe>","_oembed_time_d166388e900cc2a7c9b60c30cc66592a":"1618731712","_oembed_3ae9da635584fc2029b5c8008c78701f":"<iframe width=\"500\" height=\"281\" src=\"https:\/\/www.youtube.com\/embed\/UcIiYZZCeWU?feature=oembed\" frameborder=\"0\" allow=\"accelerometer; autoplay; clipboard-write; encrypted-media; gyroscope; picture-in-picture\" allowfullscreen><\/iframe>","_oembed_time_3ae9da635584fc2029b5c8008c78701f":"1618731712","_oembed_9eff4d2898c25bc79037427b518a5c6a":"<blockquote class=\"wp-embedded-content\" data-secret=\"p3CgK7EyY0\"><a href=\"https:\/\/www.legnanonews.com\/scuola\/2021\/04\/07\/la-scuola-si-fa-citta-legnano-punta-a-fondi-europei-per-lo-sviluppo-sostenibile\/977335\/\">&#8220;La scuola si fa citt\u00e0&#8221;: Legnano punta a fondi europei per la rigenerazione urbana<\/a><\/blockquote><iframe class=\"wp-embedded-content\" sandbox=\"allow-scripts\" security=\"restricted\" style=\"position: absolute; clip: rect(1px, 1px, 1px, 1px);\" src=\"https:\/\/www.legnanonews.com\/scuola\/2021\/04\/07\/la-scuola-si-fa-citta-legnano-punta-a-fondi-europei-per-lo-sviluppo-sostenibile\/977335\/embed\/#?secret=p3CgK7EyY0\" data-secret=\"p3CgK7EyY0\" width=\"500\" height=\"282\" title=\"&#8220;&#8220;La scuola si fa citt\u00e0&#8221;: Legnano punta a fondi europei per la rigenerazione urbana&#8221; &#8212; LegnanoNews\" frameborder=\"0\" marginwidth=\"0\" marginheight=\"0\" scrolling=\"no\"><\/iframe>","_oembed_time_9eff4d2898c25bc79037427b518a5c6a":"1618731713","_oembed_52d24d4def7f062b4e2d68f5bee74f5b":"<blockquote class=\"wp-embedded-content\" data-secret=\"0RVzgWrayM\"><a href=\"https:\/\/www.varesenews.it\/2021\/03\/superscuola-verde-nuovi-spazi-nel-progetto-cascinetta-cajello\/1313415\/\">&#8220;Superscuola&#8221;, verde e nuovi spazi, nel progetto per Cascinetta e Cajello<\/a><\/blockquote><iframe class=\"wp-embedded-content\" sandbox=\"allow-scripts\" security=\"restricted\" style=\"position: absolute; clip: rect(1px, 1px, 1px, 1px);\" src=\"https:\/\/www.varesenews.it\/2021\/03\/superscuola-verde-nuovi-spazi-nel-progetto-cascinetta-cajello\/1313415\/embed\/#?secret=0RVzgWrayM\" data-secret=\"0RVzgWrayM\" width=\"500\" height=\"282\" title=\"&#8220;&#8220;Superscuola&#8221;, verde e nuovi spazi, nel progetto per Cascinetta e Cajello&#8221; &#8212; VareseNews\" frameborder=\"0\" marginwidth=\"0\" marginheight=\"0\" scrolling=\"no\"><\/iframe>","_oembed_time_52d24d4def7f062b4e2d68f5bee74f5b":"1618731713","_oembed_746ca64ce6551228bb2b3fbc8f2bde94":"<blockquote class=\"wp-embedded-content\" data-secret=\"VnV76VmibV\"><a href=\"https:\/\/www.varesenews.it\/2021\/03\/rigenerazione-urbana-busto-arsizio-5-progetti-rinascita-nel-centro\/1322708\/\">Rigenerazione urbana a Busto Arsizio, i 5 progetti di rinascita nel centro<\/a><\/blockquote><iframe class=\"wp-embedded-content\" sandbox=\"allow-scripts\" security=\"restricted\" style=\"position: absolute; clip: rect(1px, 1px, 1px, 1px);\" src=\"https:\/\/www.varesenews.it\/2021\/03\/rigenerazione-urbana-busto-arsizio-5-progetti-rinascita-nel-centro\/1322708\/embed\/#?secret=VnV76VmibV\" data-secret=\"VnV76VmibV\" width=\"500\" height=\"282\" title=\"&#8220;Rigenerazione urbana a Busto Arsizio, i 5 progetti di rinascita nel centro&#8221; &#8212; VareseNews\" frameborder=\"0\" marginwidth=\"0\" marginheight=\"0\" scrolling=\"no\"><\/iframe>","_oembed_time_746ca64ce6551228bb2b3fbc8f2bde94":"1618731714","_oembed_1053d7ac112cf6b3976beecbecb75222":"<blockquote class=\"wp-embedded-content\" data-secret=\"OlSLlmKMYR\"><a href=\"https:\/\/www.varesenews.it\/2021\/03\/varese-presenta-un-grande-piano-rigenerazione-urbana-protagonisti-belforte-masnago-san-fermo\/1318100\/\">Varese presenta un grande piano di rigenerazione urbana: protagonisti Belforte, Masnago e San Fermo<\/a><\/blockquote><iframe class=\"wp-embedded-content\" sandbox=\"allow-scripts\" security=\"restricted\" style=\"position: absolute; clip: rect(1px, 1px, 1px, 1px);\" src=\"https:\/\/www.varesenews.it\/2021\/03\/varese-presenta-un-grande-piano-rigenerazione-urbana-protagonisti-belforte-masnago-san-fermo\/1318100\/embed\/#?secret=OlSLlmKMYR\" data-secret=\"OlSLlmKMYR\" width=\"500\" height=\"282\" title=\"&#8220;Varese presenta un grande piano di rigenerazione urbana: protagonisti Belforte, Masnago e San Fermo&#8221; &#8212; VareseNews\" frameborder=\"0\" marginwidth=\"0\" marginheight=\"0\" scrolling=\"no\"><\/iframe>","_oembed_time_1053d7ac112cf6b3976beecbecb75222":"1618731714","_oembed_c6b9beb67957441ad8a627d605589276":"<blockquote class=\"wp-embedded-content\" data-secret=\"SUsz6kFdG1\"><a href=\"https:\/\/www.varesenews.it\/2021\/04\/natura-protagonista-nel-weekend-dei-bambini\/1329021\/\">Natura protagonista nel weekend dei bambini<\/a><\/blockquote><iframe class=\"wp-embedded-content\" sandbox=\"allow-scripts\" security=\"restricted\" style=\"position: absolute; clip: rect(1px, 1px, 1px, 1px);\" src=\"https:\/\/www.varesenews.it\/2021\/04\/natura-protagonista-nel-weekend-dei-bambini\/1329021\/embed\/#?secret=SUsz6kFdG1\" data-secret=\"SUsz6kFdG1\" width=\"500\" height=\"282\" title=\"&#8220;Natura protagonista nel weekend dei bambini&#8221; &#8212; VareseNews\" frameborder=\"0\" marginwidth=\"0\" marginheight=\"0\" scrolling=\"no\"><\/iframe>","_oembed_time_c6b9beb67957441ad8a627d605589276":"1618731714","_oembed_2dec2115a9dcf3d7bafa1ea71278c008":"<blockquote class=\"wp-embedded-content\" data-secret=\"tP0PF0mai6\"><a href=\"https:\/\/www.varesenews.it\/2020\/07\/donizetti-trenord-porta-un-vento-sulla-milano-gallarate-luino\/943715\/\">Con il &#8220;Donizetti&#8221; Trenord porta un vento nuovo sulla Milano-Gallarate-Luino<\/a><\/blockquote><iframe class=\"wp-embedded-content\" sandbox=\"allow-scripts\" security=\"restricted\" style=\"position: absolute; clip: rect(1px, 1px, 1px, 1px);\" src=\"https:\/\/www.varesenews.it\/2020\/07\/donizetti-trenord-porta-un-vento-sulla-milano-gallarate-luino\/943715\/embed\/#?secret=tP0PF0mai6\" data-secret=\"tP0PF0mai6\" width=\"500\" height=\"282\" title=\"&#8220;Con il &#8220;Donizetti&#8221; Trenord porta un vento nuovo sulla Milano-Gallarate-Luino&#8221; &#8212; VareseNews\" frameborder=\"0\" marginwidth=\"0\" marginheight=\"0\" scrolling=\"no\"><\/iframe>","_oembed_time_2dec2115a9dcf3d7bafa1ea71278c008":"1618731718","_oembed_327677a8722e123928b2136c0587d788":"<iframe width=\"500\" height=\"281\" src=\"https:\/\/www.youtube.com\/embed\/PdN_vIdj9MQ?feature=oembed\" frameborder=\"0\" allow=\"accelerometer; autoplay; clipboard-write; encrypted-media; gyroscope; picture-in-picture\" allowfullscreen><\/iframe>","_oembed_time_327677a8722e123928b2136c0587d788":"1618731734","_oembed_3b087eb8a9d5d6014d6718398733cf4d":"<blockquote class=\"wp-embedded-content\" data-secret=\"Tz4Qvm9F8O\"><a href=\"https:\/\/www.varesenews.it\/2020\/01\/e-rodari-bellezza\/892653\/\">\u00c8 Rodari, bellezza<\/a><\/blockquote><iframe class=\"wp-embedded-content\" sandbox=\"allow-scripts\" security=\"restricted\" style=\"position: absolute; clip: rect(1px, 1px, 1px, 1px);\" src=\"https:\/\/www.varesenews.it\/2020\/01\/e-rodari-bellezza\/892653\/embed\/#?secret=Tz4Qvm9F8O\" data-secret=\"Tz4Qvm9F8O\" width=\"500\" height=\"282\" title=\"&#8220;\u00c8 Rodari, bellezza&#8221; &#8212; VareseNews\" frameborder=\"0\" marginwidth=\"0\" marginheight=\"0\" scrolling=\"no\"><\/iframe>","_oembed_time_3b087eb8a9d5d6014d6718398733cf4d":"1618731734","_oembed_6f2d4752a77c088a5ca32c075c3d102d":"<blockquote class=\"wp-embedded-content\" data-secret=\"p4Pu38HCAb\"><a href=\"https:\/\/www.varesenews.it\/2021\/04\/olgiate-olona-sindaco-vaccina-gli-anziani-casa\/1327332\/\">A Olgiate Olona \u00e8 il sindaco che vaccina gli anziani a casa<\/a><\/blockquote><iframe class=\"wp-embedded-content\" sandbox=\"allow-scripts\" security=\"restricted\" style=\"position: absolute; clip: rect(1px, 1px, 1px, 1px);\" src=\"https:\/\/www.varesenews.it\/2021\/04\/olgiate-olona-sindaco-vaccina-gli-anziani-casa\/1327332\/embed\/#?secret=p4Pu38HCAb\" data-secret=\"p4Pu38HCAb\" width=\"500\" height=\"282\" title=\"&#8220;A Olgiate Olona \u00e8 il sindaco che vaccina gli anziani a casa&#8221; &#8212; VareseNews\" frameborder=\"0\" marginwidth=\"0\" marginheight=\"0\" scrolling=\"no\"><\/iframe>","_oembed_time_6f2d4752a77c088a5ca32c075c3d102d":"1618731892","_oembed_76675d19d45cebb6a3074bc2f7fd6d71":"<blockquote class=\"wp-embedded-content\" data-secret=\"0g99Da4dYN\"><a href=\"https:\/\/www.verbanonews.it\/aree-geografiche\/canton-ticino\/2021\/04\/14\/teatri-cinema-e-ristoranti-allaperto-le-riaperture-in-svizzera\/929490\/\">Teatri, cinema e ristoranti all&#8217;aperto: le riaperture in Svizzera<\/a><\/blockquote><iframe class=\"wp-embedded-content\" sandbox=\"allow-scripts\" security=\"restricted\" style=\"position: absolute; clip: rect(1px, 1px, 1px, 1px);\" src=\"https:\/\/www.verbanonews.it\/aree-geografiche\/canton-ticino\/2021\/04\/14\/teatri-cinema-e-ristoranti-allaperto-le-riaperture-in-svizzera\/929490\/embed\/#?secret=0g99Da4dYN\" data-secret=\"0g99Da4dYN\" width=\"500\" height=\"282\" title=\"&#8220;Teatri, cinema e ristoranti all&#8217;aperto: le riaperture in Svizzera&#8221; &#8212; VerbanoNews\" frameborder=\"0\" marginwidth=\"0\" marginheight=\"0\" scrolling=\"no\"><\/iframe>","_oembed_time_76675d19d45cebb6a3074bc2f7fd6d71":"1618870851","_oembed_7cc2fdfd459c5fac393c704c31847592":"<blockquote class=\"wp-embedded-content\" data-secret=\"ahPYYLbz9Y\"><a href=\"https:\/\/www.varesenews.it\/2016\/04\/quel-giorno-ero-li-i-ricordi-dopo-14-anni-dalla-tragedia-del-pirellone\/509486\/\">\u201cQuel giorno ero l\u00ec\u201d. I ricordi dopo 14 anni dalla tragedia del Pirellone<\/a><\/blockquote><iframe class=\"wp-embedded-content\" sandbox=\"allow-scripts\" security=\"restricted\" style=\"position: absolute; clip: rect(1px, 1px, 1px, 1px);\" src=\"https:\/\/www.varesenews.it\/2016\/04\/quel-giorno-ero-li-i-ricordi-dopo-14-anni-dalla-tragedia-del-pirellone\/509486\/embed\/#?secret=ahPYYLbz9Y\" data-secret=\"ahPYYLbz9Y\" width=\"500\" height=\"282\" title=\"&#8220;\u201cQuel giorno ero l\u00ec\u201d. I ricordi dopo 14 anni dalla tragedia del Pirellone&#8221; &#8212; VareseNews\" frameborder=\"0\" marginwidth=\"0\" marginheight=\"0\" scrolling=\"no\"><\/iframe>","_oembed_time_7cc2fdfd459c5fac393c704c31847592":"1618870909","_oembed_8cd41a364470d68ee98a8ffd632193a7":"<blockquote class=\"wp-embedded-content\" data-secret=\"zHEKFoXJWy\"><a href=\"https:\/\/www.varesenews.it\/2021\/04\/centro-popolare-gallarate-centrodestra-deve-unito-intorno-cassani\/1329836\/\">Centro Popolare Gallarate: &#8220;Il centrodestra deve essere unito intorno a Cassani&#8221;<\/a><\/blockquote><iframe class=\"wp-embedded-content\" sandbox=\"allow-scripts\" security=\"restricted\" style=\"position: absolute; clip: rect(1px, 1px, 1px, 1px);\" src=\"https:\/\/www.varesenews.it\/2021\/04\/centro-popolare-gallarate-centrodestra-deve-unito-intorno-cassani\/1329836\/embed\/#?secret=zHEKFoXJWy\" data-secret=\"zHEKFoXJWy\" width=\"500\" height=\"282\" title=\"&#8220;Centro Popolare Gallarate: &#8220;Il centrodestra deve essere unito intorno a Cassani&#8221;&#8221; &#8212; VareseNews\" frameborder=\"0\" marginwidth=\"0\" marginheight=\"0\" scrolling=\"no\"><\/iframe>","_oembed_time_8cd41a364470d68ee98a8ffd632193a7":"1618870909","_oembed_681ef5490674172134a801b4606578bd":"<blockquote class=\"wp-embedded-content\" data-secret=\"YvZiHSAQe9\"><a href=\"https:\/\/www.varesenews.it\/2019\/10\/easyjet-simulatore-formazione-malpensa\/861672\/\">Easyjet apre a Malpensa il suo centro di formazione. \u00c8 l&#8217;unico in Europa continentale<\/a><\/blockquote><iframe class=\"wp-embedded-content\" sandbox=\"allow-scripts\" security=\"restricted\" style=\"position: absolute; clip: rect(1px, 1px, 1px, 1px);\" src=\"https:\/\/www.varesenews.it\/2019\/10\/easyjet-simulatore-formazione-malpensa\/861672\/embed\/#?secret=YvZiHSAQe9\" data-secret=\"YvZiHSAQe9\" width=\"500\" height=\"282\" title=\"&#8220;Easyjet apre a Malpensa il suo centro di formazione. \u00c8 l&#8217;unico in Europa continentale&#8221; &#8212; VareseNews\" frameborder=\"0\" marginwidth=\"0\" marginheight=\"0\" scrolling=\"no\"><\/iframe>","_oembed_time_681ef5490674172134a801b4606578bd":"1618870909","_oembed_3f17549eae0ae865b6138dbd2922e3ae":"<blockquote class=\"wp-embedded-content\" data-secret=\"VlzpHG6Vs6\"><a href=\"https:\/\/www.varesenews.it\/2021\/04\/liste-civiche-elezioni-2021-gallarate\/1328446\/\">C&#8217;\u00e8 ancora tempo per la &#8220;alleanza delle civiche&#8221; per le elezioni 2021 a Gallarate?<\/a><\/blockquote><iframe class=\"wp-embedded-content\" sandbox=\"allow-scripts\" security=\"restricted\" style=\"position: absolute; clip: rect(1px, 1px, 1px, 1px);\" src=\"https:\/\/www.varesenews.it\/2021\/04\/liste-civiche-elezioni-2021-gallarate\/1328446\/embed\/#?secret=VlzpHG6Vs6\" data-secret=\"VlzpHG6Vs6\" width=\"500\" height=\"282\" title=\"&#8220;C&#8217;\u00e8 ancora tempo per la &#8220;alleanza delle civiche&#8221; per le elezioni 2021 a Gallarate?&#8221; &#8212; VareseNews\" frameborder=\"0\" marginwidth=\"0\" marginheight=\"0\" scrolling=\"no\"><\/iframe>","_oembed_time_3f17549eae0ae865b6138dbd2922e3ae":"1618870910","_oembed_4535dc670f8c3468884b9fff5d52e46f":"<blockquote class=\"wp-embedded-content\" data-secret=\"b28Xx0h8iK\"><a href=\"https:\/\/www.varesenews.it\/2020\/11\/margherita-silvestrini-si-candida-sindaca-insieme-gallarate-testa-cuore\/1272830\/\">Margherita Silvestrini si candida a sindaca: &#8220;insieme per Gallarate con testa e cuore&#8221;<\/a><\/blockquote><iframe class=\"wp-embedded-content\" sandbox=\"allow-scripts\" security=\"restricted\" style=\"position: absolute; clip: rect(1px, 1px, 1px, 1px);\" src=\"https:\/\/www.varesenews.it\/2020\/11\/margherita-silvestrini-si-candida-sindaca-insieme-gallarate-testa-cuore\/1272830\/embed\/#?secret=b28Xx0h8iK\" data-secret=\"b28Xx0h8iK\" width=\"500\" height=\"282\" title=\"&#8220;Margherita Silvestrini si candida a sindaca: &#8220;insieme per Gallarate con testa e cuore&#8221;&#8221; &#8212; VareseNews\" frameborder=\"0\" marginwidth=\"0\" marginheight=\"0\" scrolling=\"no\"><\/iframe>","_oembed_time_4535dc670f8c3468884b9fff5d52e46f":"1618870910","_oembed_0e00296ec0f225cfb3a06e76db4006c9":"<blockquote class=\"wp-embedded-content\" data-secret=\"s0Dk0vFhPG\"><a href=\"https:\/\/www.varesenews.it\/2020\/05\/varese-laveno-tram-treno-lidea-risolvere-nodo-delle-stazioni\/932210\/\">Da Varese a Laveno con il tram-treno, l&#8217;idea per risolvere il nodo delle stazioni<\/a><\/blockquote><iframe class=\"wp-embedded-content\" sandbox=\"allow-scripts\" security=\"restricted\" style=\"position: absolute; clip: rect(1px, 1px, 1px, 1px);\" src=\"https:\/\/www.varesenews.it\/2020\/05\/varese-laveno-tram-treno-lidea-risolvere-nodo-delle-stazioni\/932210\/embed\/#?secret=s0Dk0vFhPG\" data-secret=\"s0Dk0vFhPG\" width=\"500\" height=\"282\" title=\"&#8220;Da Varese a Laveno con il tram-treno, l&#8217;idea per risolvere il nodo delle stazioni&#8221; &#8212; VareseNews\" frameborder=\"0\" marginwidth=\"0\" marginheight=\"0\" scrolling=\"no\"><\/iframe>","_oembed_time_0e00296ec0f225cfb3a06e76db4006c9":"1618871091","_oembed_9110eab984766105f680c8e2cf21b367":"<blockquote class=\"wp-embedded-content\" data-secret=\"7uCSf1D1KS\"><a href=\"https:\/\/www.varesenews.it\/2021\/01\/mastromarino-si-ricandida-sindaco-lavena-ponte-tresa\/1296516\/\">Mastromarino si ricandida a sindaco di Lavena Ponte Tresa<\/a><\/blockquote><iframe class=\"wp-embedded-content\" sandbox=\"allow-scripts\" security=\"restricted\" style=\"position: absolute; clip: rect(1px, 1px, 1px, 1px);\" src=\"https:\/\/www.varesenews.it\/2021\/01\/mastromarino-si-ricandida-sindaco-lavena-ponte-tresa\/1296516\/embed\/#?secret=7uCSf1D1KS\" data-secret=\"7uCSf1D1KS\" width=\"500\" height=\"282\" title=\"&#8220;Mastromarino si ricandida a sindaco di Lavena Ponte Tresa&#8221; &#8212; VareseNews\" frameborder=\"0\" marginwidth=\"0\" marginheight=\"0\" scrolling=\"no\"><\/iframe>","_oembed_time_9110eab984766105f680c8e2cf21b367":"1618871091","_oembed_66c4d7839cc92be0926492d7a5f4221d":"<blockquote class=\"wp-embedded-content\" data-secret=\"wZes8kw6nM\"><a href=\"https:\/\/www.varesenews.it\/2021\/03\/si-dimettono-8-consiglieri-12-saltrio-arriva-commissario-prefettizio\/1321230\/\">Si dimettono 8 consiglieri su 12: a Saltrio arriva il Commissario prefettizio<\/a><\/blockquote><iframe class=\"wp-embedded-content\" sandbox=\"allow-scripts\" security=\"restricted\" style=\"position: absolute; clip: rect(1px, 1px, 1px, 1px);\" src=\"https:\/\/www.varesenews.it\/2021\/03\/si-dimettono-8-consiglieri-12-saltrio-arriva-commissario-prefettizio\/1321230\/embed\/#?secret=wZes8kw6nM\" data-secret=\"wZes8kw6nM\" width=\"500\" height=\"282\" title=\"&#8220;Si dimettono 8 consiglieri su 12: a Saltrio arriva il Commissario prefettizio&#8221; &#8212; VareseNews\" frameborder=\"0\" marginwidth=\"0\" marginheight=\"0\" scrolling=\"no\"><\/iframe>","_oembed_time_66c4d7839cc92be0926492d7a5f4221d":"1618871091","_oembed_e4b365b74caac3151a6c2ab9f2627b12":"<blockquote class=\"wp-embedded-content\" data-secret=\"UJQsZTHjhj\"><a href=\"https:\/\/www.varesenews.it\/2020\/09\/porto-ceresio-finisce-lamministrazione-jenny-santi-dimissioni-collettive-sette-consiglieri\/965618\/\">A Porto Ceresio finisce l&#8217;amministrazione di Jenny Santi: dimissioni collettive per sette consiglieri<\/a><\/blockquote><iframe class=\"wp-embedded-content\" sandbox=\"allow-scripts\" security=\"restricted\" style=\"position: absolute; clip: rect(1px, 1px, 1px, 1px);\" src=\"https:\/\/www.varesenews.it\/2020\/09\/porto-ceresio-finisce-lamministrazione-jenny-santi-dimissioni-collettive-sette-consiglieri\/965618\/embed\/#?secret=UJQsZTHjhj\" data-secret=\"UJQsZTHjhj\" width=\"500\" height=\"282\" title=\"&#8220;A Porto Ceresio finisce l&#8217;amministrazione di Jenny Santi: dimissioni collettive per sette consiglieri&#8221; &#8212; VareseNews\" frameborder=\"0\" marginwidth=\"0\" marginheight=\"0\" scrolling=\"no\"><\/iframe>","_oembed_time_e4b365b74caac3151a6c2ab9f2627b12":"1618871091","_oembed_fa0ed4cf01bdf345506fb1eb3e263ec9":"<blockquote class=\"wp-embedded-content\" data-secret=\"CMV51gsOyF\"><a href=\"https:\/\/www.varesenews.it\/2020\/06\/maltrattamenti-bimbi-cinque-maestre-indagate-busto-arsizio\/935260\/\">Maltrattamenti su bimbi, cinque maestre indagate a Busto Arsizio<\/a><\/blockquote><iframe class=\"wp-embedded-content\" sandbox=\"allow-scripts\" security=\"restricted\" style=\"position: absolute; clip: rect(1px, 1px, 1px, 1px);\" src=\"https:\/\/www.varesenews.it\/2020\/06\/maltrattamenti-bimbi-cinque-maestre-indagate-busto-arsizio\/935260\/embed\/#?secret=CMV51gsOyF\" data-secret=\"CMV51gsOyF\" width=\"500\" height=\"282\" title=\"&#8220;Maltrattamenti su bimbi, cinque maestre indagate a Busto Arsizio&#8221; &#8212; VareseNews\" frameborder=\"0\" marginwidth=\"0\" marginheight=\"0\" scrolling=\"no\"><\/iframe>","_oembed_time_fa0ed4cf01bdf345506fb1eb3e263ec9":"1618871430","id_link_fotogallery":"1332799","_oembed_cb345ab83c868273439e4fc284207ece":"<blockquote class=\"wp-embedded-content\" data-secret=\"7aqg11xRSh\"><a href=\"https:\/\/www.varesenews.it\/2021\/04\/vaccino-astrazeneca-rallenta-le-vaccinazioni-tempi-attesa-si-allungano\/1333027\/\">Il vaccino Astrazeneca &#8220;rallenta&#8221; le vaccinazioni e i tempi di attesa si allungano<\/a><\/blockquote><iframe class=\"wp-embedded-content\" sandbox=\"allow-scripts\" security=\"restricted\" style=\"position: absolute; clip: rect(1px, 1px, 1px, 1px);\" src=\"https:\/\/www.varesenews.it\/2021\/04\/vaccino-astrazeneca-rallenta-le-vaccinazioni-tempi-attesa-si-allungano\/1333027\/embed\/#?secret=7aqg11xRSh\" data-secret=\"7aqg11xRSh\" width=\"500\" height=\"282\" title=\"&#8220;Il vaccino Astrazeneca &#8220;rallenta&#8221; le vaccinazioni e i tempi di attesa si allungano&#8221; &#8212; VareseNews\" frameborder=\"0\" marginwidth=\"0\" marginheight=\"0\" scrolling=\"no\"><\/iframe>","_oembed_time_cb345ab83c868273439e4fc284207ece":"1619730628","_oembed_129f1074aae96019bb5c867003ba7307":"<blockquote class=\"wp-embedded-content\" data-secret=\"NBk2PPsfbD\"><a href=\"https:\/\/www.varesenews.it\/2015\/04\/fabbricavano-soldi-meglio-dei-napoletani-19-arresti\/360915\/\">&#8220;Fabbricavano&#8221; soldi meglio dei napoletani, 19 arresti<\/a><\/blockquote><iframe class=\"wp-embedded-content\" sandbox=\"allow-scripts\" security=\"restricted\" style=\"position: absolute; clip: rect(1px, 1px, 1px, 1px);\" src=\"https:\/\/www.varesenews.it\/2015\/04\/fabbricavano-soldi-meglio-dei-napoletani-19-arresti\/360915\/embed\/#?secret=NBk2PPsfbD\" data-secret=\"NBk2PPsfbD\" width=\"500\" height=\"282\" title=\"&#8220;&#8220;Fabbricavano&#8221; soldi meglio dei napoletani, 19 arresti&#8221; &#8212; VareseNews\" frameborder=\"0\" marginwidth=\"0\" marginheight=\"0\" scrolling=\"no\"><\/iframe>","_oembed_time_129f1074aae96019bb5c867003ba7307":"1619730628","_oembed_6ef681be45437093d4006c5ec0bd3e80":"<blockquote class=\"wp-embedded-content\" data-secret=\"mzme1dNA8G\"><a href=\"https:\/\/www.varesenews.it\/2021\/04\/rigenerazione-urbana-busto-arsizio-entro-2026-larea-delle-nord-sara-centro\/1332961\/\">Rigenerazione urbana a Busto Arsizio, entro il 2026 l&#8217;Area delle Nord sar\u00e0 il nuovo centro<\/a><\/blockquote><iframe class=\"wp-embedded-content\" sandbox=\"allow-scripts\" security=\"restricted\" style=\"position: absolute; clip: rect(1px, 1px, 1px, 1px);\" src=\"https:\/\/www.varesenews.it\/2021\/04\/rigenerazione-urbana-busto-arsizio-entro-2026-larea-delle-nord-sara-centro\/1332961\/embed\/#?secret=mzme1dNA8G\" data-secret=\"mzme1dNA8G\" width=\"500\" height=\"282\" title=\"&#8220;Rigenerazione urbana a Busto Arsizio, entro il 2026 l&#8217;Area delle Nord sar\u00e0 il nuovo centro&#8221; &#8212; VareseNews\" frameborder=\"0\" marginwidth=\"0\" marginheight=\"0\" scrolling=\"no\"><\/iframe>","_oembed_time_6ef681be45437093d4006c5ec0bd3e80":"1619730629","_oembed_62c0412a40ee7905fcfaab0cbf354488":"<blockquote class=\"wp-embedded-content\" data-secret=\"7x92WWUMqh\"><a href=\"https:\/\/www.varesenews.it\/2021\/04\/farmacista-usa-soldi-dei-celiaci-denunciato\/1332755\/\">Farmacia di Busto Arsizio &#8220;svuota&#8221; le card prepagate per celiaci, due denunce<\/a><\/blockquote><iframe class=\"wp-embedded-content\" sandbox=\"allow-scripts\" security=\"restricted\" style=\"position: absolute; clip: rect(1px, 1px, 1px, 1px);\" src=\"https:\/\/www.varesenews.it\/2021\/04\/farmacista-usa-soldi-dei-celiaci-denunciato\/1332755\/embed\/#?secret=7x92WWUMqh\" data-secret=\"7x92WWUMqh\" width=\"500\" height=\"282\" title=\"&#8220;Farmacia di Busto Arsizio &#8220;svuota&#8221; le card prepagate per celiaci, due denunce&#8221; &#8212; VareseNews\" frameborder=\"0\" marginwidth=\"0\" marginheight=\"0\" scrolling=\"no\"><\/iframe>","_oembed_time_62c0412a40ee7905fcfaab0cbf354488":"1619730629","_wp_old_slug":"politeama-rinasce-ed-tempo-rete-le-realta-2","_oembed_08b30fc559f4b0afec54ee6196a3ddaa":"<blockquote class=\"wp-embedded-content\" data-secret=\"EZQys4q1Dg\"><a href=\"https:\/\/www.saronnonews.it\/2021\/04\/27\/contestazione-no-tav-oscurato-il-treno-saronno-milano-albairate\/\">Contestazione No Tav, oscurato il treno Saronno-Milano-Albairate e &#8220;spruzzato&#8221; il macchinista<\/a><\/blockquote><iframe class=\"wp-embedded-content\" sandbox=\"allow-scripts\" security=\"restricted\" style=\"position: absolute; clip: rect(1px, 1px, 1px, 1px);\" src=\"https:\/\/www.saronnonews.it\/2021\/04\/27\/contestazione-no-tav-oscurato-il-treno-saronno-milano-albairate\/embed\/#?secret=EZQys4q1Dg\" data-secret=\"EZQys4q1Dg\" width=\"500\" height=\"282\" title=\"&#8220;Contestazione No Tav, oscurato il treno Saronno-Milano-Albairate e &#8220;spruzzato&#8221; il macchinista&#8221; &#8212; SaronnoNews\" frameborder=\"0\" marginwidth=\"0\" marginheight=\"0\" scrolling=\"no\"><\/iframe>","_oembed_time_08b30fc559f4b0afec54ee6196a3ddaa":"1619730830","_oembed_83eb48323d2dc975c20985cfcd388a40":"<blockquote class=\"wp-embedded-content\" data-secret=\"9j8y9z44EQ\"><a href=\"https:\/\/www.varesenews.it\/2021\/04\/varese-canottaggio-non-si-ferma-gli-europei-arriva-festival-dei-giovani\/1333641\/\">Varese, il canottaggio non si ferma: dopo gli Europei arriva il Festival dei Giovani<\/a><\/blockquote><iframe class=\"wp-embedded-content\" sandbox=\"allow-scripts\" security=\"restricted\" style=\"position: absolute; clip: rect(1px, 1px, 1px, 1px);\" src=\"https:\/\/www.varesenews.it\/2021\/04\/varese-canottaggio-non-si-ferma-gli-europei-arriva-festival-dei-giovani\/1333641\/embed\/#?secret=9j8y9z44EQ\" data-secret=\"9j8y9z44EQ\" width=\"500\" height=\"282\" title=\"&#8220;Varese, il canottaggio non si ferma: dopo gli Europei arriva il Festival dei Giovani&#8221; &#8212; VareseNews\" frameborder=\"0\" marginwidth=\"0\" marginheight=\"0\" scrolling=\"no\"><\/iframe>","_oembed_time_83eb48323d2dc975c20985cfcd388a40":"1619731003","_oembed_d05b36ced61fb7c25ff40880eb9251a7":"<blockquote class=\"wp-embedded-content\" data-secret=\"EE5KzFfmZl\"><a href=\"https:\/\/www.varesenews.it\/2021\/04\/tutta-bodio-piange-arianna-bella-dentro\/1332977\/\">Tutta Bodio piange Arianna: &#8220;Era bella, dentro e fuori&#8221;<\/a><\/blockquote><iframe class=\"wp-embedded-content\" sandbox=\"allow-scripts\" security=\"restricted\" style=\"position: absolute; clip: rect(1px, 1px, 1px, 1px);\" src=\"https:\/\/www.varesenews.it\/2021\/04\/tutta-bodio-piange-arianna-bella-dentro\/1332977\/embed\/#?secret=EE5KzFfmZl\" data-secret=\"EE5KzFfmZl\" width=\"500\" height=\"282\" title=\"&#8220;Tutta Bodio piange Arianna: &#8220;Era bella, dentro e fuori&#8221;&#8221; &#8212; VareseNews\" frameborder=\"0\" marginwidth=\"0\" marginheight=\"0\" scrolling=\"no\"><\/iframe>","_oembed_time_d05b36ced61fb7c25ff40880eb9251a7":"1619731003","_oembed_454343c48446b63926c37a8f6f205524":"<blockquote class=\"wp-embedded-content\" data-secret=\"qiznxd4Bcc\"><a href=\"https:\/\/www.varesenews.it\/2021\/04\/europei-canottaggio-galimberti-frattini-concordi-bilancio-positivo\/1333660\/\">Europei di canottaggio, Galimberti e Frattini concordi: &#8220;Bilancio molto positivo&#8221;<\/a><\/blockquote><iframe class=\"wp-embedded-content\" sandbox=\"allow-scripts\" security=\"restricted\" style=\"position: absolute; clip: rect(1px, 1px, 1px, 1px);\" src=\"https:\/\/www.varesenews.it\/2021\/04\/europei-canottaggio-galimberti-frattini-concordi-bilancio-positivo\/1333660\/embed\/#?secret=qiznxd4Bcc\" data-secret=\"qiznxd4Bcc\" width=\"500\" height=\"282\" title=\"&#8220;Europei di canottaggio, Galimberti e Frattini concordi: &#8220;Bilancio molto positivo&#8221;&#8221; &#8212; VareseNews\" frameborder=\"0\" marginwidth=\"0\" marginheight=\"0\" scrolling=\"no\"><\/iframe>","_oembed_time_454343c48446b63926c37a8f6f205524":"1619731003","_oembed_4adf1accac767577a5cdd6bb4b1fca8d":"<blockquote class=\"wp-embedded-content\" data-secret=\"QbVM5DI774\"><a href=\"https:\/\/www.varesenews.it\/2021\/04\/zona-franca-gli-spostamenti-italia-svizzera-la-proposta-parlamento\/1331423\/\">Una &#8220;zona franca&#8221; per gli spostamenti tra Italia e Svizzera, la proposta in Parlamento<\/a><\/blockquote><iframe class=\"wp-embedded-content\" sandbox=\"allow-scripts\" security=\"restricted\" style=\"position: absolute; clip: rect(1px, 1px, 1px, 1px);\" src=\"https:\/\/www.varesenews.it\/2021\/04\/zona-franca-gli-spostamenti-italia-svizzera-la-proposta-parlamento\/1331423\/embed\/#?secret=QbVM5DI774\" data-secret=\"QbVM5DI774\" width=\"500\" height=\"282\" title=\"&#8220;Una &#8220;zona franca&#8221; per gli spostamenti tra Italia e Svizzera, la proposta in Parlamento&#8221; &#8212; VareseNews\" frameborder=\"0\" marginwidth=\"0\" marginheight=\"0\" scrolling=\"no\"><\/iframe>","_oembed_time_4adf1accac767577a5cdd6bb4b1fca8d":"1619731245","_oembed_227072c3bfe1f7815fea7e7d864272d6":"<blockquote class=\"wp-embedded-content\" data-secret=\"SZQ2ERJlZR\"><a href=\"https:\/\/www.varesenews.it\/2021\/02\/la-latitanza-mirko-rosa-dura-poco-le-manette-scattano-mendrisio\/1304914\/\">La latitanza di Mirko Rosa dura poco, le manette scattano a Mendrisio<\/a><\/blockquote><iframe class=\"wp-embedded-content\" sandbox=\"allow-scripts\" security=\"restricted\" style=\"position: absolute; clip: rect(1px, 1px, 1px, 1px);\" src=\"https:\/\/www.varesenews.it\/2021\/02\/la-latitanza-mirko-rosa-dura-poco-le-manette-scattano-mendrisio\/1304914\/embed\/#?secret=SZQ2ERJlZR\" data-secret=\"SZQ2ERJlZR\" width=\"500\" height=\"282\" title=\"&#8220;La latitanza di Mirko Rosa dura poco, le manette scattano a Mendrisio&#8221; &#8212; VareseNews\" frameborder=\"0\" marginwidth=\"0\" marginheight=\"0\" scrolling=\"no\"><\/iframe>","_oembed_time_227072c3bfe1f7815fea7e7d864272d6":"1619731245","_oembed_4e8c6dda913a0ab3e059fee716adfa52":"<blockquote class=\"wp-embedded-content\" data-secret=\"p5rgtIscZ1\"><a href=\"https:\/\/www.varesenews.it\/2021\/04\/troupe-porta-porta-lavena-ponte-tresa-parlare-frontalieri-negozi-crisi\/1330649\/\">Una troupe di &#8220;Porta a porta&#8221; a Lavena Ponte Tresa per parlare di frontalieri e negozi in crisi<\/a><\/blockquote><iframe class=\"wp-embedded-content\" sandbox=\"allow-scripts\" security=\"restricted\" style=\"position: absolute; clip: rect(1px, 1px, 1px, 1px);\" src=\"https:\/\/www.varesenews.it\/2021\/04\/troupe-porta-porta-lavena-ponte-tresa-parlare-frontalieri-negozi-crisi\/1330649\/embed\/#?secret=p5rgtIscZ1\" data-secret=\"p5rgtIscZ1\" width=\"500\" height=\"282\" title=\"&#8220;Una troupe di &#8220;Porta a porta&#8221; a Lavena Ponte Tresa per parlare di frontalieri e negozi in crisi&#8221; &#8212; VareseNews\" frameborder=\"0\" marginwidth=\"0\" marginheight=\"0\" scrolling=\"no\"><\/iframe>","_oembed_time_4e8c6dda913a0ab3e059fee716adfa52":"1619731245","_oembed_6f2774d6d29e6cca714f3aec2b40e8a5":"<blockquote class=\"wp-embedded-content\" data-secret=\"8ngheXTvm7\"><a href=\"https:\/\/www.varesenews.it\/2021\/02\/cosa-significa-far-lavorare-prende-reddito-cittadinanza\/1305669\/\">Cosa significa &#8220;far lavorare chi prende il Reddito di Cittadinanza&#8221;<\/a><\/blockquote><iframe class=\"wp-embedded-content\" sandbox=\"allow-scripts\" security=\"restricted\" style=\"position: absolute; clip: rect(1px, 1px, 1px, 1px);\" src=\"https:\/\/www.varesenews.it\/2021\/02\/cosa-significa-far-lavorare-prende-reddito-cittadinanza\/1305669\/embed\/#?secret=8ngheXTvm7\" data-secret=\"8ngheXTvm7\" width=\"500\" height=\"282\" title=\"&#8220;Cosa significa &#8220;far lavorare chi prende il Reddito di Cittadinanza&#8221;&#8221; &#8212; VareseNews\" frameborder=\"0\" marginwidth=\"0\" marginheight=\"0\" scrolling=\"no\"><\/iframe>","_oembed_time_6f2774d6d29e6cca714f3aec2b40e8a5":"1619731316","_oembed_19b8881a9f211421141ce083d886c2d4":"<blockquote class=\"wp-embedded-content\" data-secret=\"6Zx8gUOuVI\"><a href=\"https:\/\/www.varesenews.it\/2012\/10\/chiesa-san-pietro-gallarate-storia-restauro\/77316\/\">Gli uomini che riscoprirono San Pietro<\/a><\/blockquote><iframe class=\"wp-embedded-content\" sandbox=\"allow-scripts\" security=\"restricted\" style=\"position: absolute; clip: rect(1px, 1px, 1px, 1px);\" src=\"https:\/\/www.varesenews.it\/2012\/10\/chiesa-san-pietro-gallarate-storia-restauro\/77316\/embed\/#?secret=6Zx8gUOuVI\" data-secret=\"6Zx8gUOuVI\" width=\"500\" height=\"282\" title=\"&#8220;Gli uomini che riscoprirono San Pietro&#8221; &#8212; VareseNews\" frameborder=\"0\" marginwidth=\"0\" marginheight=\"0\" scrolling=\"no\"><\/iframe>","_oembed_time_19b8881a9f211421141ce083d886c2d4":"1619731316","_oembed_a9b87e8b99a30c21039d9cb5b9bd4fb4":"<blockquote class=\"wp-embedded-content\" data-secret=\"l7Y7RcL6LA\"><a href=\"https:\/\/www.verbanonews.it\/aree-geografiche\/piemonte\/2021\/04\/27\/coronavirus-667-nuovi-positivi-e-27-decessi-in-piemonte\/930070\/\">Coronavirus: 667 nuovi positivi e 27 decessi in Piemonte<\/a><\/blockquote><iframe class=\"wp-embedded-content\" sandbox=\"allow-scripts\" security=\"restricted\" style=\"position: absolute; clip: rect(1px, 1px, 1px, 1px);\" src=\"https:\/\/www.verbanonews.it\/aree-geografiche\/piemonte\/2021\/04\/27\/coronavirus-667-nuovi-positivi-e-27-decessi-in-piemonte\/930070\/embed\/#?secret=l7Y7RcL6LA\" data-secret=\"l7Y7RcL6LA\" width=\"500\" height=\"282\" title=\"&#8220;Coronavirus: 667 nuovi positivi e 27 decessi in Piemonte&#8221; &#8212; VerbanoNews\" frameborder=\"0\" marginwidth=\"0\" marginheight=\"0\" scrolling=\"no\"><\/iframe>","_oembed_time_a9b87e8b99a30c21039d9cb5b9bd4fb4":"1619731318","_oembed_d2262154808e573209574f84b584ccc6":"<blockquote class=\"wp-embedded-content\" data-secret=\"aiGQ2JyPHF\"><a href=\"https:\/\/www.varesenews.it\/2021\/01\/guida-pratica-alla-filantropia-perche-la-bonta-non-basta\/1296131\/\">Guida pratica alla filantropia, perch\u00e9 la bont\u00e0 non basta<\/a><\/blockquote><iframe class=\"wp-embedded-content\" sandbox=\"allow-scripts\" security=\"restricted\" style=\"position: absolute; clip: rect(1px, 1px, 1px, 1px);\" src=\"https:\/\/www.varesenews.it\/2021\/01\/guida-pratica-alla-filantropia-perche-la-bonta-non-basta\/1296131\/embed\/#?secret=aiGQ2JyPHF\" data-secret=\"aiGQ2JyPHF\" width=\"500\" height=\"282\" title=\"&#8220;Guida pratica alla filantropia, perch\u00e9 la bont\u00e0 non basta&#8221; &#8212; VareseNews\" frameborder=\"0\" marginwidth=\"0\" marginheight=\"0\" scrolling=\"no\"><\/iframe>","_oembed_time_d2262154808e573209574f84b584ccc6":"1619731334","_oembed_2b2e77620e374e8b7eea75a35431702b":"<iframe width=\"500\" height=\"281\" src=\"https:\/\/www.youtube.com\/embed\/ZFRzqsi0bM8?feature=oembed\" frameborder=\"0\" allow=\"accelerometer; autoplay; clipboard-write; encrypted-media; gyroscope; picture-in-picture\" allowfullscreen><\/iframe>","_oembed_time_2b2e77620e374e8b7eea75a35431702b":"1619731334","_oembed_d75ce07b1cbfb7110e8895e6c0e27a57":"<blockquote class=\"wp-embedded-content\" data-secret=\"IF75dlq4j3\"><a href=\"https:\/\/www.verbanonews.it\/aree-geografiche\/lombardia\/2021\/04\/26\/568-nuovi-positivi-in-piemonte\/930008\/\">568 nuovi positivi in Piemonte<\/a><\/blockquote><iframe class=\"wp-embedded-content\" sandbox=\"allow-scripts\" security=\"restricted\" style=\"position: absolute; clip: rect(1px, 1px, 1px, 1px);\" src=\"https:\/\/www.verbanonews.it\/aree-geografiche\/lombardia\/2021\/04\/26\/568-nuovi-positivi-in-piemonte\/930008\/embed\/#?secret=IF75dlq4j3\" data-secret=\"IF75dlq4j3\" width=\"500\" height=\"282\" title=\"&#8220;568 nuovi positivi in Piemonte&#8221; &#8212; VerbanoNews\" frameborder=\"0\" marginwidth=\"0\" marginheight=\"0\" scrolling=\"no\"><\/iframe>","_oembed_time_d75ce07b1cbfb7110e8895e6c0e27a57":"1619731336","video":"1341292","_oembed_61daf0d01301be9842a3a784778b438e":"<blockquote class=\"wp-embedded-content\" data-secret=\"VzrLPcWcOG\"><a href=\"https:\/\/www.varesenews.it\/2021\/04\/lappello-dellassociazione-pratica-softair-cerchiamo-un-posto-poterci-allenare\/1329660\/\">L&#8217;appello dell&#8217;associazione che pratica softair: &#8220;Cerchiamo un posto dove poterci allenare&#8221;<\/a><\/blockquote><iframe class=\"wp-embedded-content\" sandbox=\"allow-scripts\" security=\"restricted\" style=\"position: absolute; clip: rect(1px, 1px, 1px, 1px);\" src=\"https:\/\/www.varesenews.it\/2021\/04\/lappello-dellassociazione-pratica-softair-cerchiamo-un-posto-poterci-allenare\/1329660\/embed\/#?secret=VzrLPcWcOG\" data-secret=\"VzrLPcWcOG\" width=\"500\" height=\"282\" title=\"&#8220;L&#8217;appello dell&#8217;associazione che pratica softair: &#8220;Cerchiamo un posto dove poterci allenare&#8221;&#8221; &#8212; VareseNews\" frameborder=\"0\" marginwidth=\"0\" marginheight=\"0\" scrolling=\"no\"><\/iframe>","_oembed_time_61daf0d01301be9842a3a784778b438e":"1620104038","_oembed_1b99b07f344658cac68c94fc12bea8c7":"<iframe width=\"500\" height=\"281\" src=\"https:\/\/www.youtube.com\/embed\/-2o9Y_WUhDg?feature=oembed\" frameborder=\"0\" allow=\"accelerometer; autoplay; clipboard-write; encrypted-media; gyroscope; picture-in-picture\" allowfullscreen><\/iframe>","_oembed_time_1b99b07f344658cac68c94fc12bea8c7":"1620104038","_oembed_79a650eba855b6812296e2a640b6d5ea":"<iframe width=\"500\" height=\"375\" src=\"https:\/\/www.youtube.com\/embed\/_T-ixVwEhC4?feature=oembed\" frameborder=\"0\" allow=\"accelerometer; autoplay; clipboard-write; encrypted-media; gyroscope; picture-in-picture\" allowfullscreen><\/iframe>","_oembed_time_79a650eba855b6812296e2a640b6d5ea":"1620104206","_oembed_a3630343fddf142fc25a898f690ba44e":"<iframe width=\"500\" height=\"281\" src=\"https:\/\/www.youtube.com\/embed\/5z4h3w90OrM?feature=oembed\" frameborder=\"0\" allow=\"accelerometer; autoplay; clipboard-write; encrypted-media; gyroscope; picture-in-picture\" allowfullscreen><\/iframe>","_oembed_time_a3630343fddf142fc25a898f690ba44e":"1620104207","_oembed_8e598a90086b48bf53bb5d23ca3635bb":"<blockquote class=\"wp-embedded-content\" data-secret=\"LiT3HovBsW\"><a href=\"https:\/\/www.varesenews.it\/2020\/01\/antisemitismo-negazionismo-climatico-misoginia-nel-giornale-parrocchiale-adesso-basta\/890474\/\">Antisemitismo, negazionismo climatico e misoginia nel giornale parrocchiale: &#8220;Adesso basta&#8221;<\/a><\/blockquote><iframe class=\"wp-embedded-content\" sandbox=\"allow-scripts\" security=\"restricted\" style=\"position: absolute; clip: rect(1px, 1px, 1px, 1px);\" src=\"https:\/\/www.varesenews.it\/2020\/01\/antisemitismo-negazionismo-climatico-misoginia-nel-giornale-parrocchiale-adesso-basta\/890474\/embed\/#?secret=LiT3HovBsW\" data-secret=\"LiT3HovBsW\" width=\"500\" height=\"282\" title=\"&#8220;Antisemitismo, negazionismo climatico e misoginia nel giornale parrocchiale: &#8220;Adesso basta&#8221;&#8221; &#8212; VareseNews\" frameborder=\"0\" marginwidth=\"0\" marginheight=\"0\" scrolling=\"no\"><\/iframe>","_oembed_time_8e598a90086b48bf53bb5d23ca3635bb":"1620104516","_oembed_0db0aee282fce25cba337be5a9b9e00b":"<blockquote class=\"wp-embedded-content\" data-secret=\"3wx85ratgr\"><a href=\"https:\/\/www.varesenews.it\/2021\/02\/samarate-sta-nascendo-parco-delle-panchine-colorate\/1304868\/\">A Samarate sta nascendo il parco delle panchine colorate<\/a><\/blockquote><iframe class=\"wp-embedded-content\" sandbox=\"allow-scripts\" security=\"restricted\" style=\"position: absolute; clip: rect(1px, 1px, 1px, 1px);\" src=\"https:\/\/www.varesenews.it\/2021\/02\/samarate-sta-nascendo-parco-delle-panchine-colorate\/1304868\/embed\/#?secret=3wx85ratgr\" data-secret=\"3wx85ratgr\" width=\"500\" height=\"282\" title=\"&#8220;A Samarate sta nascendo il parco delle panchine colorate&#8221; &#8212; VareseNews\" frameborder=\"0\" marginwidth=\"0\" marginheight=\"0\" scrolling=\"no\"><\/iframe>","_oembed_time_0db0aee282fce25cba337be5a9b9e00b":"1620104516","_oembed_f5f92e083222a4a5f53dcfa8901a5e53":"<blockquote class=\"wp-embedded-content\" data-secret=\"lmIpNuBWx7\"><a href=\"https:\/\/www.varesenews.it\/2021\/05\/rifiuti-nei-boschi-dei-ronchi-zozzone-beccato-dalla-polizia-locale-gallarate\/1334821\/\">Rifiuti nei boschi dei Ronchi, &#8220;zozzone&#8221; beccato dalla Polizia locale di Gallarate<\/a><\/blockquote><iframe class=\"wp-embedded-content\" sandbox=\"allow-scripts\" security=\"restricted\" style=\"position: absolute; clip: rect(1px, 1px, 1px, 1px);\" src=\"https:\/\/www.varesenews.it\/2021\/05\/rifiuti-nei-boschi-dei-ronchi-zozzone-beccato-dalla-polizia-locale-gallarate\/1334821\/embed\/#?secret=lmIpNuBWx7\" data-secret=\"lmIpNuBWx7\" width=\"500\" height=\"282\" title=\"&#8220;Rifiuti nei boschi dei Ronchi, &#8220;zozzone&#8221; beccato dalla Polizia locale di Gallarate&#8221; &#8212; VareseNews\" frameborder=\"0\" marginwidth=\"0\" marginheight=\"0\" scrolling=\"no\"><\/iframe>","_oembed_time_f5f92e083222a4a5f53dcfa8901a5e53":"1620104516","_oembed_95566785a87fbf17303b5923f979c67d":"<blockquote class=\"wp-embedded-content\" data-secret=\"Xup1LEAxEw\"><a href=\"https:\/\/www.varesenews.it\/2021\/05\/la-banca-intesa-san-paolo-chiude-la-filiale-albizzate\/1334529\/\">La banca Intesa San Paolo chiude la filiale di Albizzate<\/a><\/blockquote><iframe class=\"wp-embedded-content\" sandbox=\"allow-scripts\" security=\"restricted\" style=\"position: absolute; clip: rect(1px, 1px, 1px, 1px);\" src=\"https:\/\/www.varesenews.it\/2021\/05\/la-banca-intesa-san-paolo-chiude-la-filiale-albizzate\/1334529\/embed\/#?secret=Xup1LEAxEw\" data-secret=\"Xup1LEAxEw\" width=\"500\" height=\"282\" title=\"&#8220;La banca Intesa San Paolo chiude la filiale di Albizzate&#8221; &#8212; VareseNews\" frameborder=\"0\" marginwidth=\"0\" marginheight=\"0\" scrolling=\"no\"><\/iframe>","_oembed_time_95566785a87fbf17303b5923f979c67d":"1620104516","_oembed_73fc1f1d20e4959727b8228e93524cc5":"<blockquote class=\"wp-embedded-content\" data-secret=\"oCmr6IgIyV\"><a href=\"https:\/\/www.varesenews.it\/2016\/02\/storia-del-signor-croci-che-brindo-con-krug-senza-mai-assaggiare-una-goccia-di-vino\/485435\/\">Storia del signor Croci che brind\u00f2 con Krug senza mai assaggiare una goccia di vino<\/a><\/blockquote><iframe class=\"wp-embedded-content\" sandbox=\"allow-scripts\" security=\"restricted\" style=\"position: absolute; clip: rect(1px, 1px, 1px, 1px);\" src=\"https:\/\/www.varesenews.it\/2016\/02\/storia-del-signor-croci-che-brindo-con-krug-senza-mai-assaggiare-una-goccia-di-vino\/485435\/embed\/#?secret=oCmr6IgIyV\" data-secret=\"oCmr6IgIyV\" width=\"500\" height=\"282\" title=\"&#8220;Storia del signor Croci che brind\u00f2 con Krug senza mai assaggiare una goccia di vino&#8221; &#8212; VareseNews\" frameborder=\"0\" marginwidth=\"0\" marginheight=\"0\" scrolling=\"no\"><\/iframe>","_oembed_time_73fc1f1d20e4959727b8228e93524cc5":"1620104516","_oembed_f9e014f06f46dabf05c29d13ea6edef9":"<blockquote class=\"wp-embedded-content\" data-secret=\"3loRkF3fq6\"><a href=\"https:\/\/www.verbanonews.it\/aree-geografiche\/lombardia\/2021\/05\/02\/702-nuovi-casi-di-coronavirus-in-piemonte\/930256\/\">702 nuovi casi di Coronavirus in Piemonte<\/a><\/blockquote><iframe class=\"wp-embedded-content\" sandbox=\"allow-scripts\" security=\"restricted\" style=\"position: absolute; clip: rect(1px, 1px, 1px, 1px);\" src=\"https:\/\/www.verbanonews.it\/aree-geografiche\/lombardia\/2021\/05\/02\/702-nuovi-casi-di-coronavirus-in-piemonte\/930256\/embed\/#?secret=3loRkF3fq6\" data-secret=\"3loRkF3fq6\" width=\"500\" height=\"282\" title=\"&#8220;702 nuovi casi di Coronavirus in Piemonte&#8221; &#8212; VerbanoNews\" frameborder=\"0\" marginwidth=\"0\" marginheight=\"0\" scrolling=\"no\"><\/iframe>","_oembed_time_f9e014f06f46dabf05c29d13ea6edef9":"1620104517","_oembed_f148f02a8012e12aeb63e8540dee1e4e":"<blockquote class=\"wp-embedded-content\" data-secret=\"yLGWP9wIkk\"><a href=\"https:\/\/www.varesenews.it\/2021\/04\/vaccinazioni-la-volta-dei-giovani-malattie-croniche-meta-maggio-prenotazioni-aperte-tutti\/1334188\/\">Vaccinazioni: \u00e8 la volta dei &#8220;giovani&#8221; con malattie croniche e da met\u00e0 maggio prenotazioni aperte a tutti<\/a><\/blockquote><iframe class=\"wp-embedded-content\" sandbox=\"allow-scripts\" security=\"restricted\" style=\"position: absolute; clip: rect(1px, 1px, 1px, 1px);\" src=\"https:\/\/www.varesenews.it\/2021\/04\/vaccinazioni-la-volta-dei-giovani-malattie-croniche-meta-maggio-prenotazioni-aperte-tutti\/1334188\/embed\/#?secret=yLGWP9wIkk\" data-secret=\"yLGWP9wIkk\" width=\"500\" height=\"282\" title=\"&#8220;Vaccinazioni: \u00e8 la volta dei &#8220;giovani&#8221; con malattie croniche e da met\u00e0 maggio prenotazioni aperte a tutti&#8221; &#8212; VareseNews\" frameborder=\"0\" marginwidth=\"0\" marginheight=\"0\" scrolling=\"no\"><\/iframe>","_oembed_time_f148f02a8012e12aeb63e8540dee1e4e":"1620104518","_oembed_ef2a7d14816a5dab86ebe2e8526363da":"<blockquote class=\"wp-embedded-content\" data-secret=\"rx75GRB344\"><a href=\"https:\/\/www.varesenews.it\/2021\/04\/punto-la-campagna-vaccinale-provincia-varese\/1332376\/\">I dati aggiornati sulla campagna vaccinale in provincia di Varese comune per comune<\/a><\/blockquote><iframe class=\"wp-embedded-content\" sandbox=\"allow-scripts\" security=\"restricted\" style=\"position: absolute; clip: rect(1px, 1px, 1px, 1px);\" src=\"https:\/\/www.varesenews.it\/2021\/04\/punto-la-campagna-vaccinale-provincia-varese\/1332376\/embed\/#?secret=rx75GRB344\" data-secret=\"rx75GRB344\" width=\"500\" height=\"282\" title=\"&#8220;I dati aggiornati sulla campagna vaccinale in provincia di Varese comune per comune&#8221; &#8212; VareseNews\" frameborder=\"0\" marginwidth=\"0\" marginheight=\"0\" scrolling=\"no\"><\/iframe>","_oembed_time_ef2a7d14816a5dab86ebe2e8526363da":"1620104518","_oembed_50ffb1bd975aa05117a0a35b5eef842c":"<blockquote class=\"wp-embedded-content\" data-secret=\"AUMxPLJ83f\"><a href=\"https:\/\/www.verbanonews.it\/aree-geografiche\/piemonte\/2021\/04\/30\/coronavirus-1-036-nuovi-positivi-e-18-decessi-in-piemonte\/930214\/\">Coronavirus: 1.036 nuovi positivi e 18 decessi in Piemonte<\/a><\/blockquote><iframe class=\"wp-embedded-content\" sandbox=\"allow-scripts\" security=\"restricted\" style=\"position: absolute; clip: rect(1px, 1px, 1px, 1px);\" src=\"https:\/\/www.verbanonews.it\/aree-geografiche\/piemonte\/2021\/04\/30\/coronavirus-1-036-nuovi-positivi-e-18-decessi-in-piemonte\/930214\/embed\/#?secret=AUMxPLJ83f\" data-secret=\"AUMxPLJ83f\" width=\"500\" height=\"282\" title=\"&#8220;Coronavirus: 1.036 nuovi positivi e 18 decessi in Piemonte&#8221; &#8212; VerbanoNews\" frameborder=\"0\" marginwidth=\"0\" marginheight=\"0\" scrolling=\"no\"><\/iframe>","_oembed_time_50ffb1bd975aa05117a0a35b5eef842c":"1620104519","_oembed_10fc3485b7332603c12b826a81aa33cc":"<blockquote class=\"wp-embedded-content\" data-secret=\"FdXFfcO7oI\"><a href=\"https:\/\/www.varesenews.it\/2021\/02\/morto-erriquez-voce-anim-della-bandabardo\/1307008\/\">\u00c8 morto Erriquez, voce e anima della Bandabard\u00f2<\/a><\/blockquote><iframe class=\"wp-embedded-content\" sandbox=\"allow-scripts\" security=\"restricted\" style=\"position: absolute; clip: rect(1px, 1px, 1px, 1px);\" src=\"https:\/\/www.varesenews.it\/2021\/02\/morto-erriquez-voce-anim-della-bandabardo\/1307008\/embed\/#?secret=FdXFfcO7oI\" data-secret=\"FdXFfcO7oI\" width=\"500\" height=\"282\" title=\"&#8220;\u00c8 morto Erriquez, voce e anima della Bandabard\u00f2&#8221; &#8212; VareseNews\" frameborder=\"0\" marginwidth=\"0\" marginheight=\"0\" scrolling=\"no\"><\/iframe>","_oembed_time_10fc3485b7332603c12b826a81aa33cc":"1620104527","_oembed_95ff472b933f88e017edbf6a29e429bc":"<blockquote class=\"wp-embedded-content\" data-secret=\"OHJgQNAIkH\"><a href=\"https:\/\/www.varesenews.it\/2011\/08\/dopo-il-furto-la-gioconda-rimase-per-due-anni-a-dumenza\/110686\/\">Dopo il furto la Gioconda  rimase per due anni a Dumenza<\/a><\/blockquote><iframe class=\"wp-embedded-content\" sandbox=\"allow-scripts\" security=\"restricted\" style=\"position: absolute; clip: rect(1px, 1px, 1px, 1px);\" src=\"https:\/\/www.varesenews.it\/2011\/08\/dopo-il-furto-la-gioconda-rimase-per-due-anni-a-dumenza\/110686\/embed\/#?secret=OHJgQNAIkH\" data-secret=\"OHJgQNAIkH\" width=\"500\" height=\"282\" title=\"&#8220;Dopo il furto la Gioconda  rimase per due anni a Dumenza&#8221; &#8212; VareseNews\" frameborder=\"0\" marginwidth=\"0\" marginheight=\"0\" scrolling=\"no\"><\/iframe>","_oembed_time_95ff472b933f88e017edbf6a29e429bc":"1620104527","_oembed_86c3318b44ef17862e8c744490e170f3":"<blockquote class=\"wp-embedded-content\" data-secret=\"eFm2ecr59Z\"><a href=\"https:\/\/www.varesenews.it\/2013\/05\/spunta-la-gioconda-di-un-amico-di-peruggia\/60384\/\">Spunta la Gioconda di un amico di Peruggia<\/a><\/blockquote><iframe class=\"wp-embedded-content\" sandbox=\"allow-scripts\" security=\"restricted\" style=\"position: absolute; clip: rect(1px, 1px, 1px, 1px);\" src=\"https:\/\/www.varesenews.it\/2013\/05\/spunta-la-gioconda-di-un-amico-di-peruggia\/60384\/embed\/#?secret=eFm2ecr59Z\" data-secret=\"eFm2ecr59Z\" width=\"500\" height=\"282\" title=\"&#8220;Spunta la Gioconda di un amico di Peruggia&#8221; &#8212; VareseNews\" frameborder=\"0\" marginwidth=\"0\" marginheight=\"0\" scrolling=\"no\"><\/iframe>","_oembed_time_86c3318b44ef17862e8c744490e170f3":"1620104527","_oembed_9de981f31f4386b47e1aa0dcb2fee488":"<blockquote class=\"wp-embedded-content\" data-secret=\"jyQ9oblEAj\"><a href=\"https:\/\/www.saronnonews.it\/2021\/03\/23\/le-macchine-volanti-di-leonardo-sono-anche-un-po-mie\/\">&#8220;Le macchine volanti di Leonardo sono anche un po&#8217; mie&#8221;<\/a><\/blockquote><iframe class=\"wp-embedded-content\" sandbox=\"allow-scripts\" security=\"restricted\" style=\"position: absolute; clip: rect(1px, 1px, 1px, 1px);\" src=\"https:\/\/www.saronnonews.it\/2021\/03\/23\/le-macchine-volanti-di-leonardo-sono-anche-un-po-mie\/embed\/#?secret=jyQ9oblEAj\" data-secret=\"jyQ9oblEAj\" width=\"500\" height=\"282\" title=\"&#8220;&#8220;Le macchine volanti di Leonardo sono anche un po&#8217; mie&#8221;&#8221; &#8212; SaronnoNews\" frameborder=\"0\" marginwidth=\"0\" marginheight=\"0\" scrolling=\"no\"><\/iframe>","_oembed_time_9de981f31f4386b47e1aa0dcb2fee488":"1620104530","_oembed_48b9a7feaae046c3cf9bf342a8078af1":"<blockquote class=\"wp-embedded-content\" data-secret=\"zDbezdB2AQ\"><a href=\"https:\/\/www.varesenews.it\/2019\/03\/nella-casa-della-dama-lermellino\/799549\/\">Nella casa della Dama con l&#8217;Ermellino<\/a><\/blockquote><iframe class=\"wp-embedded-content\" sandbox=\"allow-scripts\" security=\"restricted\" style=\"position: absolute; clip: rect(1px, 1px, 1px, 1px);\" src=\"https:\/\/www.varesenews.it\/2019\/03\/nella-casa-della-dama-lermellino\/799549\/embed\/#?secret=zDbezdB2AQ\" data-secret=\"zDbezdB2AQ\" width=\"500\" height=\"282\" title=\"&#8220;Nella casa della Dama con l&#8217;Ermellino&#8221; &#8212; VareseNews\" frameborder=\"0\" marginwidth=\"0\" marginheight=\"0\" scrolling=\"no\"><\/iframe>","_oembed_time_48b9a7feaae046c3cf9bf342a8078af1":"1620104529","_oembed_032336a86d6731bc12e1355ac981b06e":"<iframe width=\"500\" height=\"281\" src=\"https:\/\/www.youtube.com\/embed\/i4ZDtqljX14?feature=oembed\" frameborder=\"0\" allow=\"accelerometer; autoplay; clipboard-write; encrypted-media; gyroscope; picture-in-picture\" allowfullscreen><\/iframe>","_oembed_time_032336a86d6731bc12e1355ac981b06e":"1620104529","_oembed_3531392a256ccbcae64c832de7e72f9f":"<blockquote class=\"wp-embedded-content\" data-secret=\"asR3vjGcCN\"><a href=\"https:\/\/www.varesenews.it\/2021\/03\/david-donatello-nomination-renato-pozzetto-premio-miglior-attore\/1321992\/\">David di Donatello, nomination a Renato Pozzetto per il premio di miglior attore<\/a><\/blockquote><iframe class=\"wp-embedded-content\" sandbox=\"allow-scripts\" security=\"restricted\" style=\"position: absolute; clip: rect(1px, 1px, 1px, 1px);\" src=\"https:\/\/www.varesenews.it\/2021\/03\/david-donatello-nomination-renato-pozzetto-premio-miglior-attore\/1321992\/embed\/#?secret=asR3vjGcCN\" data-secret=\"asR3vjGcCN\" width=\"500\" height=\"282\" title=\"&#8220;David di Donatello, nomination a Renato Pozzetto per il premio di miglior attore&#8221; &#8212; VareseNews\" frameborder=\"0\" marginwidth=\"0\" marginheight=\"0\" scrolling=\"no\"><\/iframe>","_oembed_time_3531392a256ccbcae64c832de7e72f9f":"1620104529","_oembed_97a21e07cdbc350972dca7e7ea71eff0":"<blockquote class=\"wp-embedded-content\" data-secret=\"3hdXPFuXqX\"><a href=\"https:\/\/www.saronnonews.it\/2021\/05\/02\/le-voci-del-david-il-saronnese-andrea-leanza-si-racconta\/\">Le voci del David, il saronnese Andrea Leanza si racconta<\/a><\/blockquote><iframe class=\"wp-embedded-content\" sandbox=\"allow-scripts\" security=\"restricted\" style=\"position: absolute; clip: rect(1px, 1px, 1px, 1px);\" src=\"https:\/\/www.saronnonews.it\/2021\/05\/02\/le-voci-del-david-il-saronnese-andrea-leanza-si-racconta\/embed\/#?secret=3hdXPFuXqX\" data-secret=\"3hdXPFuXqX\" width=\"500\" height=\"282\" title=\"&#8220;Le voci del David, il saronnese Andrea Leanza si racconta&#8221; &#8212; SaronnoNews\" frameborder=\"0\" marginwidth=\"0\" marginheight=\"0\" scrolling=\"no\"><\/iframe>","_oembed_time_97a21e07cdbc350972dca7e7ea71eff0":"1620104531","_oembed_8fe6e49c08f14cf173305379c510e690":"<a class=\"twitter-timeline\" data-width=\"500\" data-height=\"750\" data-dnt=\"true\" href=\"https:\/\/twitter.com\/primomaggioroma?ref_src=twsrc%5Etfw\">Tweets by primomaggioroma<\/a><script async src=\"https:\/\/platform.twitter.com\/widgets.js\" charset=\"utf-8\"><\/script>","_oembed_time_8fe6e49c08f14cf173305379c510e690":"1620104532","_oembed_955b80ae6b3da42f6c579739e46f3ad2":"<iframe width=\"500\" height=\"281\" src=\"https:\/\/www.youtube.com\/embed\/videoseries?list=OLAK5uy_kkPHo5t6PkPFznz1FScHW30w30rDcaW7Y\" frameborder=\"0\" allow=\"accelerometer; autoplay; clipboard-write; encrypted-media; gyroscope; picture-in-picture\" allowfullscreen><\/iframe>","_oembed_time_955b80ae6b3da42f6c579739e46f3ad2":"1620104532","_dp_original":"1334557","_edit_lock":"1621874519:52","_edit_last":"52","_oembed_3c17c617da797221598d42c2871cdfbd":"<blockquote class=\"wp-embedded-content\" data-secret=\"ypvuduqK6H\"><a href=\"https:\/\/www.varesenews.it\/2021\/05\/bulleri-lascia-varese-non-piu-lallenatore-della-openjobmetis\/1341065\/\">Massimo Bulleri non \u00e8 pi\u00f9 l&#8217;allenatore della Pallacanestro Varese<\/a><\/blockquote><iframe class=\"wp-embedded-content\" sandbox=\"allow-scripts\" security=\"restricted\" style=\"position: absolute; clip: rect(1px, 1px, 1px, 1px);\" src=\"https:\/\/www.varesenews.it\/2021\/05\/bulleri-lascia-varese-non-piu-lallenatore-della-openjobmetis\/1341065\/embed\/#?secret=ypvuduqK6H\" data-secret=\"ypvuduqK6H\" width=\"500\" height=\"282\" title=\"&#8220;Massimo Bulleri non \u00e8 pi\u00f9 l&#8217;allenatore della Pallacanestro Varese&#8221; &#8212; VareseNews\" frameborder=\"0\" marginwidth=\"0\" marginheight=\"0\" scrolling=\"no\"><\/iframe>","_oembed_time_3c17c617da797221598d42c2871cdfbd":"1621481093","_oembed_cdda0f4e313185edf01b03f369d6ed65":"<blockquote class=\"wp-embedded-content\" data-secret=\"v4jhSpBfg8\"><a href=\"https:\/\/www.varesenews.it\/2021\/04\/pro-patria-gesto-fair-play-capitan-colombo-non-rigore\/1329796\/\">Pro Patria, il gesto di fair play di capitan Colombo: \u201cNon \u00e8 rigore\u201d<\/a><\/blockquote><iframe class=\"wp-embedded-content\" sandbox=\"allow-scripts\" security=\"restricted\" style=\"position: absolute; clip: rect(1px, 1px, 1px, 1px);\" src=\"https:\/\/www.varesenews.it\/2021\/04\/pro-patria-gesto-fair-play-capitan-colombo-non-rigore\/1329796\/embed\/#?secret=v4jhSpBfg8\" data-secret=\"v4jhSpBfg8\" width=\"500\" height=\"282\" title=\"&#8220;Pro Patria, il gesto di fair play di capitan Colombo: \u201cNon \u00e8 rigore\u201d&#8221; &#8212; VareseNews\" frameborder=\"0\" marginwidth=\"0\" marginheight=\"0\" scrolling=\"no\"><\/iframe>","_oembed_time_cdda0f4e313185edf01b03f369d6ed65":"1621481093","_oembed_91030cd687802322890a29c612592523":"<blockquote class=\"wp-embedded-content\" data-secret=\"BAarATJrsh\"><a href=\"https:\/\/www.varesenews.it\/2021\/04\/cairate-uniti-nella-partita-la-pandemia\/1327165\/\">Cairate, uniti nella partita contro la pandemia\u00a0<\/a><\/blockquote><iframe class=\"wp-embedded-content\" sandbox=\"allow-scripts\" security=\"restricted\" style=\"position: absolute; clip: rect(1px, 1px, 1px, 1px);\" src=\"https:\/\/www.varesenews.it\/2021\/04\/cairate-uniti-nella-partita-la-pandemia\/1327165\/embed\/#?secret=BAarATJrsh\" data-secret=\"BAarATJrsh\" width=\"500\" height=\"282\" title=\"&#8220;Cairate, uniti nella partita contro la pandemia\u00a0&#8221; &#8212; VareseNews\" frameborder=\"0\" marginwidth=\"0\" marginheight=\"0\" scrolling=\"no\"><\/iframe>","_oembed_time_91030cd687802322890a29c612592523":"1621481428","_oembed_aa89dfaa81173f546024a9560a3cd8a4":"<blockquote class=\"wp-embedded-content\" data-secret=\"BtLqQR8Gt0\"><a href=\"https:\/\/www.legnanonews.com\/aree-geografiche\/alto_milanese\/2021\/04\/20\/la-multinazionale-teva-chiude-lattivita-a-nerviano-coinvolti-oltre-350-lavoratori\/979143\/\">L&#8217;azienda farmaceutica Teva chiude la produzione a Nerviano: coinvolti oltre 350 lavoratori<\/a><\/blockquote><iframe class=\"wp-embedded-content\" sandbox=\"allow-scripts\" security=\"restricted\" style=\"position: absolute; clip: rect(1px, 1px, 1px, 1px);\" src=\"https:\/\/www.legnanonews.com\/aree-geografiche\/alto_milanese\/2021\/04\/20\/la-multinazionale-teva-chiude-lattivita-a-nerviano-coinvolti-oltre-350-lavoratori\/979143\/embed\/#?secret=BtLqQR8Gt0\" data-secret=\"BtLqQR8Gt0\" width=\"500\" height=\"282\" title=\"&#8220;L&#8217;azienda farmaceutica Teva chiude la produzione a Nerviano: coinvolti oltre 350 lavoratori&#8221; &#8212; LegnanoNews\" frameborder=\"0\" marginwidth=\"0\" marginheight=\"0\" scrolling=\"no\"><\/iframe>","_oembed_time_aa89dfaa81173f546024a9560a3cd8a4":"1621481430","_oembed_e130a12334a8cce93f114dba1a563a25":"<iframe width=\"500\" height=\"281\" src=\"https:\/\/www.youtube.com\/embed\/ttyZd7XiYtQ?feature=oembed\" frameborder=\"0\" allow=\"accelerometer; autoplay; clipboard-write; encrypted-media; gyroscope; picture-in-picture\" allowfullscreen><\/iframe>","_oembed_time_e130a12334a8cce93f114dba1a563a25":"1621481430","_oembed_6eb2c62b49efc83d99faa349baac9d73":"<blockquote class=\"wp-embedded-content\" data-secret=\"GgptAedG50\"><a href=\"https:\/\/www.varesenews.it\/2010\/08\/quando-a-rescaldina-passava-il-gotha-della-musica-italiana\/140170\/\">Quando a Rescaldina passava il gotha della musica italiana<\/a><\/blockquote><iframe class=\"wp-embedded-content\" sandbox=\"allow-scripts\" security=\"restricted\" style=\"position: absolute; clip: rect(1px, 1px, 1px, 1px);\" src=\"https:\/\/www.varesenews.it\/2010\/08\/quando-a-rescaldina-passava-il-gotha-della-musica-italiana\/140170\/embed\/#?secret=GgptAedG50\" data-secret=\"GgptAedG50\" width=\"500\" height=\"282\" title=\"&#8220;Quando a Rescaldina passava il gotha della musica italiana&#8221; &#8212; VareseNews\" frameborder=\"0\" marginwidth=\"0\" marginheight=\"0\" scrolling=\"no\"><\/iframe>","_oembed_time_6eb2c62b49efc83d99faa349baac9d73":"1621481430","_oembed_aa22f20d52854d62bf15d79a50590df8":"<blockquote class=\"wp-embedded-content\" data-secret=\"ptBRmOoWKf\"><a href=\"https:\/\/www.varesenews.it\/2021\/05\/europei-nuoto-al-via-martinenghi-finale-nei-100-rana-secondo-tempo\/1340364\/\">Europei di Nuoto al via, Martinenghi in finale nei 100 rana con il secondo tempo<\/a><\/blockquote><iframe class=\"wp-embedded-content\" sandbox=\"allow-scripts\" security=\"restricted\" style=\"position: absolute; clip: rect(1px, 1px, 1px, 1px);\" src=\"https:\/\/www.varesenews.it\/2021\/05\/europei-nuoto-al-via-martinenghi-finale-nei-100-rana-secondo-tempo\/1340364\/embed\/#?secret=ptBRmOoWKf\" data-secret=\"ptBRmOoWKf\" width=\"500\" height=\"282\" title=\"&#8220;Europei di Nuoto al via, Martinenghi in finale nei 100 rana con il secondo tempo&#8221; &#8212; VareseNews\" frameborder=\"0\" marginwidth=\"0\" marginheight=\"0\" scrolling=\"no\"><\/iframe>","_oembed_time_aa22f20d52854d62bf15d79a50590df8":"1621481430","_oembed_9700c238bd0bd134d35389a7e8bc3e65":"<blockquote class=\"wp-embedded-content\" data-secret=\"4hZv1Mr3Wq\"><a href=\"https:\/\/www.varesenews.it\/2021\/05\/precipita-un-ponteggio-muore-operaio-tradate\/1336818\/\">Cade durante i lavori al cantiere, muore operaio a Tradate<\/a><\/blockquote><iframe class=\"wp-embedded-content\" sandbox=\"allow-scripts\" security=\"restricted\" style=\"position: absolute; clip: rect(1px, 1px, 1px, 1px);\" src=\"https:\/\/www.varesenews.it\/2021\/05\/precipita-un-ponteggio-muore-operaio-tradate\/1336818\/embed\/#?secret=4hZv1Mr3Wq\" data-secret=\"4hZv1Mr3Wq\" width=\"500\" height=\"282\" title=\"&#8220;Cade durante i lavori al cantiere, muore operaio a Tradate&#8221; &#8212; VareseNews\" frameborder=\"0\" marginwidth=\"0\" marginheight=\"0\" scrolling=\"no\"><\/iframe>","_oembed_time_9700c238bd0bd134d35389a7e8bc3e65":"1621481637","_oembed_0cecd21b4004b9be2fb98e975a128556":"<blockquote class=\"wp-embedded-content\" data-secret=\"0PrGc5hbes\"><a href=\"https:\/\/www.varesenews.it\/2021\/05\/samarate-arriva-la-panchina-arcobaleno-non-avuto-alcuna-pressione\/1334962\/\">A Samarate arriva la panchina arcobaleno. &#8220;E qui non abbiamo avuto alcuna pressione&#8221;<\/a><\/blockquote><iframe class=\"wp-embedded-content\" sandbox=\"allow-scripts\" security=\"restricted\" style=\"position: absolute; clip: rect(1px, 1px, 1px, 1px);\" src=\"https:\/\/www.varesenews.it\/2021\/05\/samarate-arriva-la-panchina-arcobaleno-non-avuto-alcuna-pressione\/1334962\/embed\/#?secret=0PrGc5hbes\" data-secret=\"0PrGc5hbes\" width=\"500\" height=\"282\" title=\"&#8220;A Samarate arriva la panchina arcobaleno. &#8220;E qui non abbiamo avuto alcuna pressione&#8221;&#8221; &#8212; VareseNews\" frameborder=\"0\" marginwidth=\"0\" marginheight=\"0\" scrolling=\"no\"><\/iframe>","_oembed_time_0cecd21b4004b9be2fb98e975a128556":"1621481638","_oembed_f73f681a3172ac6f711271b15d8820a4":"<blockquote class=\"wp-embedded-content\" data-secret=\"zfg8FzwGDV\"><a href=\"https:\/\/www.saronnonews.it\/2021\/05\/17\/17-maggio-a-saronno-un-video-contro-lomobitransfobia\/\">17 maggio: a Saronno un video contro l&#8217;omobitransfobia<\/a><\/blockquote><iframe class=\"wp-embedded-content\" sandbox=\"allow-scripts\" security=\"restricted\" style=\"position: absolute; clip: rect(1px, 1px, 1px, 1px);\" src=\"https:\/\/www.saronnonews.it\/2021\/05\/17\/17-maggio-a-saronno-un-video-contro-lomobitransfobia\/embed\/#?secret=zfg8FzwGDV\" data-secret=\"zfg8FzwGDV\" width=\"500\" height=\"282\" title=\"&#8220;17 maggio: a Saronno un video contro l&#8217;omobitransfobia&#8221; &#8212; SaronnoNews\" frameborder=\"0\" marginwidth=\"0\" marginheight=\"0\" scrolling=\"no\"><\/iframe>","_oembed_time_f73f681a3172ac6f711271b15d8820a4":"1621481639","_oembed_c18c9128a98580f2d3b2fc5aee791080":"<blockquote class=\"wp-embedded-content\" data-secret=\"mxSHv8xPB8\"><a href=\"https:\/\/www.saronnonews.it\/2020\/07\/13\/tua-saronno-omotransfobia-problema-di-pochi-ma-riguarda-tutti\/\">Tua Saronno: &#8220;Omotransfobia problema di pochi, ma riguarda tutti&#8221;<\/a><\/blockquote><iframe class=\"wp-embedded-content\" sandbox=\"allow-scripts\" security=\"restricted\" style=\"position: absolute; clip: rect(1px, 1px, 1px, 1px);\" src=\"https:\/\/www.saronnonews.it\/2020\/07\/13\/tua-saronno-omotransfobia-problema-di-pochi-ma-riguarda-tutti\/embed\/#?secret=mxSHv8xPB8\" data-secret=\"mxSHv8xPB8\" width=\"500\" height=\"282\" title=\"&#8220;Tua Saronno: &#8220;Omotransfobia problema di pochi, ma riguarda tutti&#8221;&#8221; &#8212; SaronnoNews\" frameborder=\"0\" marginwidth=\"0\" marginheight=\"0\" scrolling=\"no\"><\/iframe>","_oembed_time_c18c9128a98580f2d3b2fc5aee791080":"1621481640","_oembed_94f42ec92cc97377591c6d1d4718b5ef":"<iframe width=\"500\" height=\"281\" src=\"https:\/\/www.youtube.com\/embed\/S2R8OWZTNtA?feature=oembed\" frameborder=\"0\" allow=\"accelerometer; autoplay; clipboard-write; encrypted-media; gyroscope; picture-in-picture\" allowfullscreen><\/iframe>","_oembed_time_94f42ec92cc97377591c6d1d4718b5ef":"1621481641","_oembed_eceb12d14dc2db4b5ca37af38bbdd64c":"<iframe width=\"500\" height=\"281\" src=\"https:\/\/www.youtube.com\/embed\/xaj1R9Y4ZAA?feature=oembed\" frameborder=\"0\" allow=\"accelerometer; autoplay; clipboard-write; encrypted-media; gyroscope; picture-in-picture\" allowfullscreen><\/iframe>","_oembed_time_eceb12d14dc2db4b5ca37af38bbdd64c":"1621481808","_oembed_a97ada021d31356d9a9ab4288b3e364f":"<blockquote class=\"wp-embedded-content\" data-secret=\"JMYpwX2lQc\"><a href=\"https:\/\/www.varesenews.it\/2021\/05\/nuova-ordinanza-italia-senza-quarantena-dalla-svizzera-dai-paesi-ue\/1339261\/\">Nuova ordinanza, in Italia senza quarantena dalla Svizzera e dai paesi Ue<\/a><\/blockquote><iframe class=\"wp-embedded-content\" sandbox=\"allow-scripts\" security=\"restricted\" style=\"position: absolute; clip: rect(1px, 1px, 1px, 1px);\" src=\"https:\/\/www.varesenews.it\/2021\/05\/nuova-ordinanza-italia-senza-quarantena-dalla-svizzera-dai-paesi-ue\/1339261\/embed\/#?secret=JMYpwX2lQc\" data-secret=\"JMYpwX2lQc\" width=\"500\" height=\"282\" title=\"&#8220;Nuova ordinanza, in Italia senza quarantena dalla Svizzera e dai paesi Ue&#8221; &#8212; VareseNews\" frameborder=\"0\" marginwidth=\"0\" marginheight=\"0\" scrolling=\"no\"><\/iframe>","_oembed_time_a97ada021d31356d9a9ab4288b3e364f":"1621482051","_oembed_a9fb6bb0f495fcfcc703a44c3eb4656f":"<blockquote class=\"wp-embedded-content\" data-secret=\"KeiRBufswI\"><a href=\"https:\/\/www.verbanonews.it\/aree-geografiche\/piemonte\/2021\/05\/12\/riapriamo-la-frontiera-con-il-ticino-per-far-rivivere-il-commercio-di-confine\/930675\/\">\u201cRiapriamo la frontiera con il Ticino per far rivivere il commercio di confine\u201d<\/a><\/blockquote><iframe class=\"wp-embedded-content\" sandbox=\"allow-scripts\" security=\"restricted\" style=\"position: absolute; clip: rect(1px, 1px, 1px, 1px);\" src=\"https:\/\/www.verbanonews.it\/aree-geografiche\/piemonte\/2021\/05\/12\/riapriamo-la-frontiera-con-il-ticino-per-far-rivivere-il-commercio-di-confine\/930675\/embed\/#?secret=KeiRBufswI\" data-secret=\"KeiRBufswI\" width=\"500\" height=\"282\" title=\"&#8220;\u201cRiapriamo la frontiera con il Ticino per far rivivere il commercio di confine\u201d&#8221; &#8212; VerbanoNews\" frameborder=\"0\" marginwidth=\"0\" marginheight=\"0\" scrolling=\"no\"><\/iframe>","_oembed_time_a9fb6bb0f495fcfcc703a44c3eb4656f":"1621482052","_oembed_676882092a42b9eeb819a84534d29c12":"<iframe width=\"500\" height=\"281\" src=\"https:\/\/www.youtube.com\/embed\/_fVdwxRxwro?feature=oembed\" frameborder=\"0\" allow=\"accelerometer; autoplay; clipboard-write; encrypted-media; gyroscope; picture-in-picture\" allowfullscreen><\/iframe>","_oembed_time_676882092a42b9eeb819a84534d29c12":"1621482052","_oembed_35999c34394d2c7f31c345aebbef4ffc":"<blockquote class=\"wp-embedded-content\" data-secret=\"yikMO9AERp\"><a href=\"https:\/\/www.varesenews.it\/2021\/05\/albizzate-giovani-zorzo-confrontiamoci-costruire-insieme-sbaglia-paghi\/1339550\/\">Albizzate e i giovani, Zorzo: &#8220;Confrontiamoci per costruire insieme ma chi sbaglia paghi&#8221;<\/a><\/blockquote><iframe class=\"wp-embedded-content\" sandbox=\"allow-scripts\" security=\"restricted\" style=\"position: absolute; clip: rect(1px, 1px, 1px, 1px);\" src=\"https:\/\/www.varesenews.it\/2021\/05\/albizzate-giovani-zorzo-confrontiamoci-costruire-insieme-sbaglia-paghi\/1339550\/embed\/#?secret=yikMO9AERp\" data-secret=\"yikMO9AERp\" width=\"500\" height=\"282\" title=\"&#8220;Albizzate e i giovani, Zorzo: &#8220;Confrontiamoci per costruire insieme ma chi sbaglia paghi&#8221;&#8221; &#8212; VareseNews\" frameborder=\"0\" marginwidth=\"0\" marginheight=\"0\" scrolling=\"no\"><\/iframe>","_oembed_time_35999c34394d2c7f31c345aebbef4ffc":"1621482117","_oembed_0f8fa067286311108a7c96b0f20f9f2e":"<blockquote class=\"wp-embedded-content\" data-secret=\"gVAiZBFdOw\"><a href=\"https:\/\/www.varesenews.it\/2021\/03\/lonate-pozzolo-vota-bilancio-previsione-piano-opere-pubbliche-2021-2023\/1312157\/\">Lonate Pozzolo vota il bilancio di previsione e il piano opere pubbliche 2021-2023<\/a><\/blockquote><iframe class=\"wp-embedded-content\" sandbox=\"allow-scripts\" security=\"restricted\" style=\"position: absolute; clip: rect(1px, 1px, 1px, 1px);\" src=\"https:\/\/www.varesenews.it\/2021\/03\/lonate-pozzolo-vota-bilancio-previsione-piano-opere-pubbliche-2021-2023\/1312157\/embed\/#?secret=gVAiZBFdOw\" data-secret=\"gVAiZBFdOw\" width=\"500\" height=\"282\" title=\"&#8220;Lonate Pozzolo vota il bilancio di previsione e il piano opere pubbliche 2021-2023&#8221; &#8212; VareseNews\" frameborder=\"0\" marginwidth=\"0\" marginheight=\"0\" scrolling=\"no\"><\/iframe>","_oembed_time_0f8fa067286311108a7c96b0f20f9f2e":"1621482117","_oembed_281223321230651b2eabefb7458449b4":"<blockquote class=\"wp-embedded-content\" data-secret=\"jwZeqBpe0g\"><a href=\"https:\/\/www.varesenews.it\/2020\/09\/packaging-alimentare-della-mpg-gallarate-primo-imballaggio-plastica-rigida-sostenibile\/957551\/\">Packaging alimentare, \u00e8 della Mpg di Gallarate il primo imballaggio in plastica rigida sostenibile<\/a><\/blockquote><iframe class=\"wp-embedded-content\" sandbox=\"allow-scripts\" security=\"restricted\" style=\"position: absolute; clip: rect(1px, 1px, 1px, 1px);\" src=\"https:\/\/www.varesenews.it\/2020\/09\/packaging-alimentare-della-mpg-gallarate-primo-imballaggio-plastica-rigida-sostenibile\/957551\/embed\/#?secret=jwZeqBpe0g\" data-secret=\"jwZeqBpe0g\" width=\"500\" height=\"282\" title=\"&#8220;Packaging alimentare, \u00e8 della Mpg di Gallarate il primo imballaggio in plastica rigida sostenibile&#8221; &#8212; VareseNews\" frameborder=\"0\" marginwidth=\"0\" marginheight=\"0\" scrolling=\"no\"><\/iframe>","_oembed_time_281223321230651b2eabefb7458449b4":"1621482117","_oembed_677f816f72a90e1a412b1f9285849396":"<blockquote class=\"wp-embedded-content\" data-secret=\"ij4MGBplZ1\"><a href=\"https:\/\/www.verbanonews.it\/aree-geografiche\/lago-maggiore\/2020\/06\/27\/azzurro-estate-quando-a-castelletto-ticino-cantavano-gianni-morandi-zucchero-e-vasco-rossi\/910311\/\">&#8220;Caro Gianni Morandi anche io ricordo bene quella sera a Castelletto\u201d<\/a><\/blockquote><iframe class=\"wp-embedded-content\" sandbox=\"allow-scripts\" security=\"restricted\" style=\"position: absolute; clip: rect(1px, 1px, 1px, 1px);\" src=\"https:\/\/www.verbanonews.it\/aree-geografiche\/lago-maggiore\/2020\/06\/27\/azzurro-estate-quando-a-castelletto-ticino-cantavano-gianni-morandi-zucchero-e-vasco-rossi\/910311\/embed\/#?secret=ij4MGBplZ1\" data-secret=\"ij4MGBplZ1\" width=\"500\" height=\"282\" title=\"&#8220;&#8220;Caro Gianni Morandi anche io ricordo bene quella sera a Castelletto\u201d&#8221; &#8212; VerbanoNews\" frameborder=\"0\" marginwidth=\"0\" marginheight=\"0\" scrolling=\"no\"><\/iframe>","_oembed_time_677f816f72a90e1a412b1f9285849396":"1621482119","_oembed_83550d2f97e75cdace7e9570b6683b9e":"<blockquote class=\"wp-embedded-content\" data-secret=\"sRkomkFEQA\"><a href=\"https:\/\/www.verbanonews.it\/canali-tematici\/turismo\/2021\/05\/05\/azalee-in-fiore-e-tulipani-maggio-a-villa-taranto-e-unesplosione-di-colori\/930366\/\">Azalee in fiore e tulipani, maggio a Villa Taranto \u00e8 un&#8217;esplosione di colori<\/a><\/blockquote><iframe class=\"wp-embedded-content\" sandbox=\"allow-scripts\" security=\"restricted\" style=\"position: absolute; clip: rect(1px, 1px, 1px, 1px);\" src=\"https:\/\/www.verbanonews.it\/canali-tematici\/turismo\/2021\/05\/05\/azalee-in-fiore-e-tulipani-maggio-a-villa-taranto-e-unesplosione-di-colori\/930366\/embed\/#?secret=sRkomkFEQA\" data-secret=\"sRkomkFEQA\" width=\"500\" height=\"282\" title=\"&#8220;Azalee in fiore e tulipani, maggio a Villa Taranto \u00e8 un&#8217;esplosione di colori&#8221; &#8212; VerbanoNews\" frameborder=\"0\" marginwidth=\"0\" marginheight=\"0\" scrolling=\"no\"><\/iframe>","_oembed_time_83550d2f97e75cdace7e9570b6683b9e":"1621482120","_oembed_1f329a9cafa84efc7d2bc8b6345d6157":"<blockquote class=\"wp-embedded-content\" data-secret=\"cYrz6eeMlk\"><a href=\"https:\/\/www.verbanonews.it\/canali-tematici\/tempo-libero\/2021\/05\/18\/la-straordinaria-fioritura-della-conca-dei-rododendri-alloasi-zegna\/930868\/\">La straordinaria fioritura della Conca dei Rododendri all&#8217;Oasi Zegna<\/a><\/blockquote><iframe class=\"wp-embedded-content\" sandbox=\"allow-scripts\" security=\"restricted\" style=\"position: absolute; clip: rect(1px, 1px, 1px, 1px);\" src=\"https:\/\/www.verbanonews.it\/canali-tematici\/tempo-libero\/2021\/05\/18\/la-straordinaria-fioritura-della-conca-dei-rododendri-alloasi-zegna\/930868\/embed\/#?secret=cYrz6eeMlk\" data-secret=\"cYrz6eeMlk\" width=\"500\" height=\"282\" title=\"&#8220;La straordinaria fioritura della Conca dei Rododendri all&#8217;Oasi Zegna&#8221; &#8212; VerbanoNews\" frameborder=\"0\" marginwidth=\"0\" marginheight=\"0\" scrolling=\"no\"><\/iframe>","_oembed_time_1f329a9cafa84efc7d2bc8b6345d6157":"1621482121","_oembed_3b391d499c4a8db55431f487c54d656b":"<blockquote class=\"wp-embedded-content\" data-secret=\"i94eLB1ttw\"><a href=\"https:\/\/www.verbanonews.it\/aree-geografiche\/lombardia\/2020\/08\/09\/villa-della-porta-bozzolo-la-casa-di-delizia-nata-per-amore\/913214\/\">Villa della Porta Bozzolo, la \u201ccasa di delizia\u201c nata per amore<\/a><\/blockquote><iframe class=\"wp-embedded-content\" sandbox=\"allow-scripts\" security=\"restricted\" style=\"position: absolute; clip: rect(1px, 1px, 1px, 1px);\" src=\"https:\/\/www.verbanonews.it\/aree-geografiche\/lombardia\/2020\/08\/09\/villa-della-porta-bozzolo-la-casa-di-delizia-nata-per-amore\/913214\/embed\/#?secret=i94eLB1ttw\" data-secret=\"i94eLB1ttw\" width=\"500\" height=\"282\" title=\"&#8220;Villa della Porta Bozzolo, la \u201ccasa di delizia\u201c nata per amore&#8221; &#8212; VerbanoNews\" frameborder=\"0\" marginwidth=\"0\" marginheight=\"0\" scrolling=\"no\"><\/iframe>","_oembed_time_3b391d499c4a8db55431f487c54d656b":"1621482122","_oembed_44f878ccdce066f146a55c0cd5ded2ac":"<blockquote class=\"wp-embedded-content\" data-secret=\"IfyDjtwLtm\"><a href=\"https:\/\/www.verbanonews.it\/aree-geografiche\/lombardia\/2021\/05\/06\/un-giorno-o-un-weekend-a-como-il-comune-racconta-cosa-vedere-in-citta\/930427\/\">Un giorno o un weekend a Como? Il Comune racconta cosa vedere in citt\u00e0<\/a><\/blockquote><iframe class=\"wp-embedded-content\" sandbox=\"allow-scripts\" security=\"restricted\" style=\"position: absolute; clip: rect(1px, 1px, 1px, 1px);\" src=\"https:\/\/www.verbanonews.it\/aree-geografiche\/lombardia\/2021\/05\/06\/un-giorno-o-un-weekend-a-como-il-comune-racconta-cosa-vedere-in-citta\/930427\/embed\/#?secret=IfyDjtwLtm\" data-secret=\"IfyDjtwLtm\" width=\"500\" height=\"282\" title=\"&#8220;Un giorno o un weekend a Como? Il Comune racconta cosa vedere in citt\u00e0&#8221; &#8212; VerbanoNews\" frameborder=\"0\" marginwidth=\"0\" marginheight=\"0\" scrolling=\"no\"><\/iframe>","_oembed_time_44f878ccdce066f146a55c0cd5ded2ac":"1621482123","_oembed_23821fd8b35879e6922b738a193be51e":"<blockquote class=\"wp-embedded-content\" data-secret=\"pSOi2R7vNt\"><a href=\"https:\/\/www.varesenews.it\/2021\/05\/settimana-sul-cammino-dei-briganti\/1339470\/\">Una settimana sul Cammino dei Briganti<\/a><\/blockquote><iframe class=\"wp-embedded-content\" sandbox=\"allow-scripts\" security=\"restricted\" style=\"position: absolute; clip: rect(1px, 1px, 1px, 1px);\" src=\"https:\/\/www.varesenews.it\/2021\/05\/settimana-sul-cammino-dei-briganti\/1339470\/embed\/#?secret=pSOi2R7vNt\" data-secret=\"pSOi2R7vNt\" width=\"500\" height=\"282\" title=\"&#8220;Una settimana sul Cammino dei Briganti&#8221; &#8212; VareseNews\" frameborder=\"0\" marginwidth=\"0\" marginheight=\"0\" scrolling=\"no\"><\/iframe>","_oembed_time_23821fd8b35879e6922b738a193be51e":"1621482130","_oembed_66a750d237742512e94e5faa80cc54ff":"<blockquote class=\"wp-embedded-content\" data-secret=\"JbZXLeDQDL\"><a href=\"https:\/\/www.varesenews.it\/2021\/05\/uomo-natura-un-rapporto-diventa-arte-alloasi-zegna\/1338345\/\">Uomo e natura, un rapporto che diventa arte all\u2019Oasi Zegna<\/a><\/blockquote><iframe class=\"wp-embedded-content\" sandbox=\"allow-scripts\" security=\"restricted\" style=\"position: absolute; clip: rect(1px, 1px, 1px, 1px);\" src=\"https:\/\/www.varesenews.it\/2021\/05\/uomo-natura-un-rapporto-diventa-arte-alloasi-zegna\/1338345\/embed\/#?secret=JbZXLeDQDL\" data-secret=\"JbZXLeDQDL\" width=\"500\" height=\"282\" title=\"&#8220;Uomo e natura, un rapporto che diventa arte all\u2019Oasi Zegna&#8221; &#8212; VareseNews\" frameborder=\"0\" marginwidth=\"0\" marginheight=\"0\" scrolling=\"no\"><\/iframe>","_oembed_time_66a750d237742512e94e5faa80cc54ff":"1621482129","_oembed_185902289e39510dc3448f1118b5ecf0":"<iframe width=\"500\" height=\"281\" src=\"https:\/\/www.youtube.com\/embed\/8JMkyRUP4WY?feature=oembed\" frameborder=\"0\" allow=\"accelerometer; autoplay; clipboard-write; encrypted-media; gyroscope; picture-in-picture\" allowfullscreen><\/iframe>","_oembed_time_185902289e39510dc3448f1118b5ecf0":"1621482130","_oembed_79aa13ddc669ab84e810cd35349a6962":"<blockquote class=\"wp-embedded-content\" data-secret=\"XB6O2fTI77\"><a href=\"https:\/\/www.varesenews.it\/2019\/07\/bernal-maglia-gialla-gran-bravo-ragazzo-felice-la-sua-vittoria\/842485\/\">\u00abBernal, maglia gialla e gran bravo ragazzo: felice per la sua vittoria\u00bb<\/a><\/blockquote><iframe class=\"wp-embedded-content\" sandbox=\"allow-scripts\" security=\"restricted\" style=\"position: absolute; clip: rect(1px, 1px, 1px, 1px);\" src=\"https:\/\/www.varesenews.it\/2019\/07\/bernal-maglia-gialla-gran-bravo-ragazzo-felice-la-sua-vittoria\/842485\/embed\/#?secret=XB6O2fTI77\" data-secret=\"XB6O2fTI77\" width=\"500\" height=\"282\" title=\"&#8220;\u00abBernal, maglia gialla e gran bravo ragazzo: felice per la sua vittoria\u00bb&#8221; &#8212; VareseNews\" frameborder=\"0\" marginwidth=\"0\" marginheight=\"0\" scrolling=\"no\"><\/iframe>","_oembed_time_79aa13ddc669ab84e810cd35349a6962":"1621482130"},"photos":[],"_links":{"self":[{"href":"https:\/\/staging.varesenews.it\/swgapi\/v1\/wp\/v2\/posts\/1341291"}],"collection":[{"href":"https:\/\/staging.varesenews.it\/swgapi\/v1\/wp\/v2\/posts"}],"about":[{"href":"https:\/\/staging.varesenews.it\/swgapi\/v1\/wp\/v2\/types\/post"}],"author":[{"embeddable":true,"href":"https:\/\/staging.varesenews.it\/swgapi\/v1\/wp\/v2\/users\/54"}],"replies":[{"embeddable":true,"href":"https:\/\/staging.varesenews.it\/swgapi\/v1\/wp\/v2\/comments?post=1341291"}],"version-history":[{"count":0,"href":"https:\/\/staging.varesenews.it\/swgapi\/v1\/wp\/v2\/posts\/1341291\/revisions"}],"wp:attachment":[{"href":"https:\/\/staging.varesenews.it\/swgapi\/v1\/wp\/v2\/media?parent=1341291"}],"wp:term":[{"taxonomy":"category","embeddable":true,"href":"https:\/\/staging.varesenews.it\/swgapi\/v1\/wp\/v2\/categories?post=1341291"},{"taxonomy":"post_tag","embeddable":true,"href":"https:\/\/staging.varesenews.it\/swgapi\/v1\/wp\/v2\/tags?post=1341291"}],"curies":[{"name":"wp","href":"https:\/\/api.w.org\/{rel}","templated":true}]}}