{"id":1343241,"date":"2021-05-25T14:45:06","date_gmt":"2021-05-25T12:45:06","guid":{"rendered":"https:\/\/www.varesenews.it\/?p=1343241"},"modified":"2021-05-25T14:45:06","modified_gmt":"2021-05-25T12:45:06","slug":"incidente-busto-arsizio-un-uomo-ospedale","status":"publish","type":"post","link":"https:\/\/staging.varesenews.it\/2021\/05\/incidente-busto-arsizio-un-uomo-ospedale\/1343241\/","title":{"rendered":"Incidente a Busto Arsizio, un uomo in ospedale"},"content":{"rendered":"<p>Un <strong>uomo di 69 anni \u00e8 rimasto ferito<\/strong> seriamente a causa di un incidente avvenuto <strong>intorno alle 13,40<\/strong> di oggi, marted\u00ec 25 maggio, a <strong>Busto Arsizio<\/strong>. La sua moto si \u00e8 scontrata con un&#8217;auto in<strong> viale Vittorio Alfieri,<\/strong> non lontano dalla stazione Nord.<\/p>\n<p>Le condizioni del ferito sono apparse piuttosto gravi agli occhi dei soccorritori, giunti con <strong>una ambulanza e un&#8217;automedica<\/strong> sul posto dell&#8217;impatto. L&#8217;uomo per\u00f2, fortunatamente, <strong>non appare in pericolo di vita<\/strong> ed \u00e8 stato trasportato d&#8217;urgenza all&#8217;ospedale.<\/p>\n<p>Sul luogo dell&#8217;incidente sono intervenuti anche gli <strong>uomini della Polizia Locale<\/strong> del Comune di Busto Arsizio, incaricati sia dei <strong>rilievi<\/strong> per stabilire le cause dell&#8217;accaduto sia per<strong> gestire un traffico che in quell&#8217;ora \u00e8 piuttosto sostenuto.<\/strong> Ripercussioni sulla viabilit\u00e0 sono state segnalate in tutta la zona.<\/p>\n","protected":false},"excerpt":{"rendered":"<p>L&#8217;incidente &#8211; scontro tra un&#8217;auto e una moto &#8211; \u00e8 avvenuto alle 13,40 di marted\u00ec 25 maggio. Ripercussioni sulla viabilit\u00e0 della zona<\/p>\n","protected":false},"author":38,"featured_media":0,"comment_status":"open","ping_status":"open","sticky":false,"template":"","format":"standard","meta":{"footnotes":""},"categories":[4],"tags":[1039],"acf":[],"yoast_head":"<!-- This site is optimized with the Yoast SEO plugin v20.1 - https:\/\/yoast.com\/wordpress\/plugins\/seo\/ -->\n<title>Incidente a Busto Arsizio, un uomo in ospedale<\/title>\n<meta name=\"description\" content=\"L&#039;incidente - scontro tra un&#039;auto e una moto - \u00e8 avvenuto alle 13,40 di marted\u00ec 25 maggio. Ripercussioni sulla viabilit\u00e0 della zona\" \/>\n<meta name=\"robots\" content=\"noindex, follow, max-snippet:-1, max-image-preview:large, max-video-preview:-1\" \/>\n<meta property=\"og:locale\" content=\"it_IT\" \/>\n<meta property=\"og:type\" content=\"article\" \/>\n<meta property=\"og:title\" content=\"Incidente a Busto Arsizio, un uomo in ospedale\" \/>\n<meta property=\"og:description\" content=\"L&#039;incidente - scontro tra un&#039;auto e una moto - \u00e8 avvenuto alle 13,40 di marted\u00ec 25 maggio. Ripercussioni sulla viabilit\u00e0 della zona\" \/>\n<meta property=\"og:url\" content=\"https:\/\/staging.varesenews.it\/2021\/05\/incidente-busto-arsizio-un-uomo-ospedale\/1343241\/\" \/>\n<meta property=\"og:site_name\" content=\"VareseNews\" \/>\n<meta property=\"article:publisher\" content=\"https:\/\/www.facebook.com\/varesenews\" \/>\n<meta property=\"article:published_time\" content=\"2021-05-25T12:45:06+00:00\" \/>\n<meta name=\"author\" content=\"Damiano Franzetti\" \/>\n<meta name=\"twitter:card\" content=\"summary_large_image\" \/>\n<meta name=\"twitter:creator\" content=\"@damianofranz\" \/>\n<meta name=\"twitter:site\" content=\"@varesenews\" \/>\n<meta name=\"twitter:label1\" content=\"Scritto da\" \/>\n\t<meta name=\"twitter:data1\" content=\"Damiano Franzetti\" \/>\n\t<meta name=\"twitter:label2\" content=\"Tempo di lettura stimato\" \/>\n\t<meta name=\"twitter:data2\" content=\"1 minuto\" \/>\n<script type=\"application\/ld+json\" class=\"yoast-schema-graph\">{\"@context\":\"https:\/\/schema.org\",\"@graph\":[{\"@type\":\"WebPage\",\"@id\":\"https:\/\/staging.varesenews.it\/2021\/05\/incidente-busto-arsizio-un-uomo-ospedale\/1343241\/\",\"url\":\"https:\/\/staging.varesenews.it\/2021\/05\/incidente-busto-arsizio-un-uomo-ospedale\/1343241\/\",\"name\":\"Incidente a Busto Arsizio, un uomo in ospedale\",\"isPartOf\":{\"@id\":\"https:\/\/staging.varesenews.it\/#website\"},\"datePublished\":\"2021-05-25T12:45:06+00:00\",\"dateModified\":\"2021-05-25T12:45:06+00:00\",\"author\":{\"@id\":\"https:\/\/staging.varesenews.it\/#\/schema\/person\/709ae3769f6b4dbde8ec332baede8a5b\"},\"description\":\"L'incidente - scontro tra un'auto e una moto - \u00e8 avvenuto alle 13,40 di marted\u00ec 25 maggio. Ripercussioni sulla viabilit\u00e0 della zona\",\"breadcrumb\":{\"@id\":\"https:\/\/staging.varesenews.it\/2021\/05\/incidente-busto-arsizio-un-uomo-ospedale\/1343241\/#breadcrumb\"},\"inLanguage\":\"it-IT\",\"potentialAction\":[{\"@type\":\"ReadAction\",\"target\":[\"https:\/\/staging.varesenews.it\/2021\/05\/incidente-busto-arsizio-un-uomo-ospedale\/1343241\/\"]}]},{\"@type\":\"BreadcrumbList\",\"@id\":\"https:\/\/staging.varesenews.it\/2021\/05\/incidente-busto-arsizio-un-uomo-ospedale\/1343241\/#breadcrumb\",\"itemListElement\":[{\"@type\":\"ListItem\",\"position\":1,\"name\":\"Home\",\"item\":\"https:\/\/www.varesenews.it\/\"},{\"@type\":\"ListItem\",\"position\":2,\"name\":\"Incidente a Busto Arsizio, un uomo in ospedale\"}]},{\"@type\":\"WebSite\",\"@id\":\"https:\/\/staging.varesenews.it\/#website\",\"url\":\"https:\/\/staging.varesenews.it\/\",\"name\":\"VareseNews\",\"description\":\"\",\"potentialAction\":[{\"@type\":\"SearchAction\",\"target\":{\"@type\":\"EntryPoint\",\"urlTemplate\":\"https:\/\/staging.varesenews.it\/?s={search_term_string}\"},\"query-input\":\"required name=search_term_string\"}],\"inLanguage\":\"it-IT\"},{\"@type\":\"Person\",\"@id\":\"https:\/\/staging.varesenews.it\/#\/schema\/person\/709ae3769f6b4dbde8ec332baede8a5b\",\"name\":\"Damiano Franzetti\",\"image\":{\"@type\":\"ImageObject\",\"inLanguage\":\"it-IT\",\"@id\":\"https:\/\/staging.varesenews.it\/#\/schema\/person\/image\/\",\"url\":\"https:\/\/staging.varesenews.it\/wp-content\/uploads\/2020\/12\/damiano_franzetti_colori_500.jpg\",\"contentUrl\":\"https:\/\/staging.varesenews.it\/wp-content\/uploads\/2020\/12\/damiano_franzetti_colori_500.jpg\",\"caption\":\"Damiano Franzetti\"},\"description\":\"Classe 1976, una laurea (nel cassetto) in scienze e tecnologie alimentari; sono giornalista professionista dal 2009 nato e cresciuto con VareseNews dove mi occupo soprattutto di sport ormai da vent&rsquo;anni. Inviato sui campi (sulle piste, sulle strade...), intervistatore, coordinatore e responsabile delle pagine sportive, mi ritaglio volentieri lo spazio per scrivere di birra sul blog Malto Gradimento. Ho seguito innumerevoli campionati di Serie A di basket, di serie B di calcio, due Mondiali di ciclismo, qualche Giro d&rsquo;;Italia e tanto altro ancora. Collaboro con Tuttosport e altre testate, mi diletto di social. Ho una moglie, un figlio, vivo nella mia Gemonio e ho purtroppo smesso con il basket giocato. &nbsp;\",\"sameAs\":[\"damianofranz\",\"https:\/\/www.linkedin.com\/profile\/view?id=241597124&trk=nav_responsive_tab_profile\",\"https:\/\/twitter.com\/damianofranz\"],\"url\":\"https:\/\/staging.varesenews.it\/persona\/damiano_franzetti-2\/\"}]}<\/script>\n<!-- \/ Yoast SEO plugin. -->","yoast_head_json":{"title":"Incidente a Busto Arsizio, un uomo in ospedale","description":"L'incidente - scontro tra un'auto e una moto - \u00e8 avvenuto alle 13,40 di marted\u00ec 25 maggio. Ripercussioni sulla viabilit\u00e0 della zona","robots":{"index":"noindex","follow":"follow","max-snippet":"max-snippet:-1","max-image-preview":"max-image-preview:large","max-video-preview":"max-video-preview:-1"},"og_locale":"it_IT","og_type":"article","og_title":"Incidente a Busto Arsizio, un uomo in ospedale","og_description":"L'incidente - scontro tra un'auto e una moto - \u00e8 avvenuto alle 13,40 di marted\u00ec 25 maggio. Ripercussioni sulla viabilit\u00e0 della zona","og_url":"https:\/\/staging.varesenews.it\/2021\/05\/incidente-busto-arsizio-un-uomo-ospedale\/1343241\/","og_site_name":"VareseNews","article_publisher":"https:\/\/www.facebook.com\/varesenews","article_published_time":"2021-05-25T12:45:06+00:00","author":"Damiano Franzetti","twitter_card":"summary_large_image","twitter_creator":"@damianofranz","twitter_site":"@varesenews","twitter_misc":{"Scritto da":"Damiano Franzetti","Tempo di lettura stimato":"1 minuto"},"schema":{"@context":"https:\/\/schema.org","@graph":[{"@type":"WebPage","@id":"https:\/\/staging.varesenews.it\/2021\/05\/incidente-busto-arsizio-un-uomo-ospedale\/1343241\/","url":"https:\/\/staging.varesenews.it\/2021\/05\/incidente-busto-arsizio-un-uomo-ospedale\/1343241\/","name":"Incidente a Busto Arsizio, un uomo in ospedale","isPartOf":{"@id":"https:\/\/staging.varesenews.it\/#website"},"datePublished":"2021-05-25T12:45:06+00:00","dateModified":"2021-05-25T12:45:06+00:00","author":{"@id":"https:\/\/staging.varesenews.it\/#\/schema\/person\/709ae3769f6b4dbde8ec332baede8a5b"},"description":"L'incidente - scontro tra un'auto e una moto - \u00e8 avvenuto alle 13,40 di marted\u00ec 25 maggio. Ripercussioni sulla viabilit\u00e0 della zona","breadcrumb":{"@id":"https:\/\/staging.varesenews.it\/2021\/05\/incidente-busto-arsizio-un-uomo-ospedale\/1343241\/#breadcrumb"},"inLanguage":"it-IT","potentialAction":[{"@type":"ReadAction","target":["https:\/\/staging.varesenews.it\/2021\/05\/incidente-busto-arsizio-un-uomo-ospedale\/1343241\/"]}]},{"@type":"BreadcrumbList","@id":"https:\/\/staging.varesenews.it\/2021\/05\/incidente-busto-arsizio-un-uomo-ospedale\/1343241\/#breadcrumb","itemListElement":[{"@type":"ListItem","position":1,"name":"Home","item":"https:\/\/www.varesenews.it\/"},{"@type":"ListItem","position":2,"name":"Incidente a Busto Arsizio, un uomo in ospedale"}]},{"@type":"WebSite","@id":"https:\/\/staging.varesenews.it\/#website","url":"https:\/\/staging.varesenews.it\/","name":"VareseNews","description":"","potentialAction":[{"@type":"SearchAction","target":{"@type":"EntryPoint","urlTemplate":"https:\/\/staging.varesenews.it\/?s={search_term_string}"},"query-input":"required name=search_term_string"}],"inLanguage":"it-IT"},{"@type":"Person","@id":"https:\/\/staging.varesenews.it\/#\/schema\/person\/709ae3769f6b4dbde8ec332baede8a5b","name":"Damiano Franzetti","image":{"@type":"ImageObject","inLanguage":"it-IT","@id":"https:\/\/staging.varesenews.it\/#\/schema\/person\/image\/","url":"https:\/\/staging.varesenews.it\/wp-content\/uploads\/2020\/12\/damiano_franzetti_colori_500.jpg","contentUrl":"https:\/\/staging.varesenews.it\/wp-content\/uploads\/2020\/12\/damiano_franzetti_colori_500.jpg","caption":"Damiano Franzetti"},"description":"Classe 1976, una laurea (nel cassetto) in scienze e tecnologie alimentari; sono giornalista professionista dal 2009 nato e cresciuto con VareseNews dove mi occupo soprattutto di sport ormai da vent&rsquo;anni. Inviato sui campi (sulle piste, sulle strade...), intervistatore, coordinatore e responsabile delle pagine sportive, mi ritaglio volentieri lo spazio per scrivere di birra sul blog Malto Gradimento. Ho seguito innumerevoli campionati di Serie A di basket, di serie B di calcio, due Mondiali di ciclismo, qualche Giro d&rsquo;;Italia e tanto altro ancora. Collaboro con Tuttosport e altre testate, mi diletto di social. Ho una moglie, un figlio, vivo nella mia Gemonio e ho purtroppo smesso con il basket giocato. &nbsp;","sameAs":["damianofranz","https:\/\/www.linkedin.com\/profile\/view?id=241597124&trk=nav_responsive_tab_profile","https:\/\/twitter.com\/damianofranz"],"url":"https:\/\/staging.varesenews.it\/persona\/damiano_franzetti-2\/"}]}},"post_meta":{"_edit_lock":"1621946843:38","_edit_last":"38","_category_permalink":"a:1:{s:8:\"category\";s:0:\"\";}","_encloseme":"1","ratings_users":"0","ratings_score":"0","ratings_average":"0","foto":"1224340","firma_come_redazione":"1","argomento":"Busto Arsizio","_yoast_wpseo_content_score":"30","_jd_tweet_this":"yes","_wpt_short_url":"https:\/\/www.varesenews.it\/2021\/05\/incidente-busto-arsizio-un-uomo-ospedale\/1343241\/","_wp_jd_target":"https:\/\/www.varesenews.it\/2021\/05\/incidente-busto-arsizio-un-uomo-ospedale\/1343241\/","_jd_wp_twitter":"a:1:{i:0;s:131:\"Incidente a Busto Arsizio, un uomo in ospedale https:\/\/www.varesenews.it\/2021\/05\/incidente-busto-arsizio-un-uomo-ospedale\/1343241\/ \";}","_wpt_status_message":"Tweet inviato con successo.","_oembed_797913a07c40387a9c49cee02b7c9123":"<blockquote class=\"wp-embedded-content\" data-secret=\"pTYn3u5Avj\"><a href=\"https:\/\/www.varesenews.it\/2021\/04\/gli-imprenditori-attenti-sanno-la-sostenibilita-bene-allambiente-al-bilancio\/1333352\/\">Gli imprenditori attenti sanno che la sostenibilit\u00e0 fa bene, all&#8217;ambiente e al bilancio<\/a><\/blockquote><iframe class=\"wp-embedded-content\" sandbox=\"allow-scripts\" security=\"restricted\" style=\"position: absolute; clip: rect(1px, 1px, 1px, 1px);\" src=\"https:\/\/www.varesenews.it\/2021\/04\/gli-imprenditori-attenti-sanno-la-sostenibilita-bene-allambiente-al-bilancio\/1333352\/embed\/#?secret=pTYn3u5Avj\" data-secret=\"pTYn3u5Avj\" width=\"500\" height=\"282\" title=\"&#8220;Gli imprenditori attenti sanno che la sostenibilit\u00e0 fa bene, all&#8217;ambiente e al bilancio&#8221; &#8212; VareseNews\" frameborder=\"0\" marginwidth=\"0\" marginheight=\"0\" scrolling=\"no\"><\/iframe>","_oembed_time_797913a07c40387a9c49cee02b7c9123":"1621947037","_oembed_9b53fe05f4ae0279a905c7bf847f92a5":"<blockquote class=\"wp-embedded-content\" data-secret=\"mvidif7KKt\"><a href=\"https:\/\/www.varesenews.it\/2019\/07\/marnatese-vince-concorso-letterario-lucca\/842802\/\">Una marnatese vince il concorso letterario a Lucca<\/a><\/blockquote><iframe class=\"wp-embedded-content\" sandbox=\"allow-scripts\" security=\"restricted\" style=\"position: absolute; clip: rect(1px, 1px, 1px, 1px);\" src=\"https:\/\/www.varesenews.it\/2019\/07\/marnatese-vince-concorso-letterario-lucca\/842802\/embed\/#?secret=mvidif7KKt\" data-secret=\"mvidif7KKt\" width=\"500\" height=\"282\" title=\"&#8220;Una marnatese vince il concorso letterario a Lucca&#8221; &#8212; VareseNews\" frameborder=\"0\" marginwidth=\"0\" marginheight=\"0\" scrolling=\"no\"><\/iframe>","_oembed_time_9b53fe05f4ae0279a905c7bf847f92a5":"1621947037","_oembed_0ad85e3c1e7a1ba65931ec66f26c65c1":"<blockquote class=\"wp-embedded-content\" data-secret=\"qlHGwSQZvX\"><a href=\"https:\/\/www.legnanonews.com\/palio\/2021\/05\/02\/palio-di-legnano-doppia-cerimonia-per-il-29-maggio\/980521\/\">Palio di Legnano: doppia cerimonia sabato 29 maggio per commemorare la battaglia<\/a><\/blockquote><iframe class=\"wp-embedded-content\" sandbox=\"allow-scripts\" security=\"restricted\" style=\"position: absolute; clip: rect(1px, 1px, 1px, 1px);\" src=\"https:\/\/www.legnanonews.com\/palio\/2021\/05\/02\/palio-di-legnano-doppia-cerimonia-per-il-29-maggio\/980521\/embed\/#?secret=qlHGwSQZvX\" data-secret=\"qlHGwSQZvX\" width=\"500\" height=\"282\" title=\"&#8220;Palio di Legnano: doppia cerimonia sabato 29 maggio per commemorare la battaglia&#8221; &#8212; LegnanoNews\" frameborder=\"0\" marginwidth=\"0\" marginheight=\"0\" scrolling=\"no\"><\/iframe>","_oembed_time_0ad85e3c1e7a1ba65931ec66f26c65c1":"1621947037"},"photos":[{"original":"https:\/\/staging.varesenews.it\/photogallery_new\/images\/2021\/05\/incidente-viale-alfieri-busto-maggio-2021-1224340.jpg","full":"https:\/\/staging.varesenews.it\/photogallery_new\/images\/2021\/05\/incidente-viale-alfieri-busto-maggio-2021-1224340.1024x768.jpg","large":"https:\/\/staging.varesenews.it\/photogallery_new\/images\/2021\/05\/incidente-viale-alfieri-busto-maggio-2021-1224340.610x431.jpg"}],"_links":{"self":[{"href":"https:\/\/staging.varesenews.it\/swgapi\/v1\/wp\/v2\/posts\/1343241"}],"collection":[{"href":"https:\/\/staging.varesenews.it\/swgapi\/v1\/wp\/v2\/posts"}],"about":[{"href":"https:\/\/staging.varesenews.it\/swgapi\/v1\/wp\/v2\/types\/post"}],"author":[{"embeddable":true,"href":"https:\/\/staging.varesenews.it\/swgapi\/v1\/wp\/v2\/users\/38"}],"replies":[{"embeddable":true,"href":"https:\/\/staging.varesenews.it\/swgapi\/v1\/wp\/v2\/comments?post=1343241"}],"version-history":[{"count":0,"href":"https:\/\/staging.varesenews.it\/swgapi\/v1\/wp\/v2\/posts\/1343241\/revisions"}],"wp:attachment":[{"href":"https:\/\/staging.varesenews.it\/swgapi\/v1\/wp\/v2\/media?parent=1343241"}],"wp:term":[{"taxonomy":"category","embeddable":true,"href":"https:\/\/staging.varesenews.it\/swgapi\/v1\/wp\/v2\/categories?post=1343241"},{"taxonomy":"post_tag","embeddable":true,"href":"https:\/\/staging.varesenews.it\/swgapi\/v1\/wp\/v2\/tags?post=1343241"}],"curies":[{"name":"wp","href":"https:\/\/api.w.org\/{rel}","templated":true}]}}