{"id":1344472,"date":"2021-05-28T11:03:42","date_gmt":"2021-05-28T09:03:42","guid":{"rendered":"https:\/\/www.varesenews.it\/?p=1344472"},"modified":"2022-01-22T12:10:08","modified_gmt":"2022-01-22T11:10:08","slug":"comitato-diritto-alla-salute-piazza-liberta-lospedale-unico","status":"publish","type":"post","link":"https:\/\/staging.varesenews.it\/2021\/05\/comitato-diritto-alla-salute-piazza-liberta-lospedale-unico\/1344472\/","title":{"rendered":"Il comitato &#8220;Diritto alla salute&#8221; in piazza Libert\u00e0 contro l&#8217;ospedale unico"},"content":{"rendered":"<p>L&#8217;ospedale unico? Per il comitato &#8220;<a href=\"https:\/\/www.varesenews.it\/2017\/01\/nasce-il-comitato-per-il-diritto-alla-salute\/589948\/\">Diritto alla salute<\/a>&#8221; del Varesotto si tratta di un \u00abprogetto chimera atto solamente a tagliare posti letto, ridurre reparti, depotenziare la sanit\u00e0 pubblica\u00bb.<\/p>\n<p>Per ribadire nuovamente il proprio dissenso, sabato <strong>29 maggio<\/strong> sar\u00e0 in piazza Libert\u00e0 a <strong>Gallarate<\/strong> dalle 10 alle 12; inoltre, raccoglier\u00e0 le firme per la <a href=\"https:\/\/noprofitonpandemic.eu\/it\/\">petizione sulla liberalizzazione dei brevetti ai vaccini,\u00a0<\/a>per rispondere alla parola d&#8217;ordine \u201cUn click per\u00a0liberare i brevetti dei vaccini dai superpoteri delle aziende farmaceutiche\u201d lanciata dal Comitato<br \/>\nItaliano.<\/p>\n<p>\u00abBisogna spezzare la spirale vorticosa dei numeri &#8211; sostiene il Comitato- con cifre, dosi, date\u00a0e destinazioni che non si rispettano, perch\u00e9 le capacit\u00e0 produttive delle aziende detentrici dei\u00a0brevetti sono limitate. Cos\u00ec come non sono tollerabili vicende sconcertanti come quella di\u00a0AstraZeneca e dei 29 milioni di dosi &#8216;imboscate&#8217;: occorre sottrarsi al condizionamento assoluto\u00a0delle aziende farmaceutiche, che sfuggono ad ogni controllo e decidono solo in base ai profitti,<br \/>\nsenza rispetto di accordi e contratti\u00bb.<\/p>\n<p>Quanto al progetto dell&#8217;ospedale, sostengono: \u00abDi reale dell\u2019ospedale unico sono oggi rimasti solo gli interessi economici emersi nelle indagini\u00a0della Magistratura, legati alla valorizzazione delle aree vicine al luogo dove era prevista la sua\u00a0costruzione, luogo peraltro completamente inadatto.\u00a0<strong>Il resto sono ormai parole al vento<\/strong>\u00a0per nascondere le chiusure di reparto, l\u2019aumento dei tempi di\u00a0attesa, l\u2019incapacit\u00e0 nel risolvere i problemi dal pronto soccorso all\u2019assenza di anestesisti\u00bb.<\/p>\n<p><em>(Foto di repertorio risalente al periodo pre-Covid)<\/em><\/p>\n","protected":false},"excerpt":{"rendered":"<p>Esprimere il dissenso contro l&#8217;ospedale unico e raccogliere firme per la petizione per eliminare i brevetti dai vaccini contro il Covid-19: il comitato sar\u00e0 in piazza domani mattina a Gallarate (foto pre-Covid)<\/p>\n","protected":false},"author":15866,"featured_media":0,"comment_status":"open","ping_status":"open","sticky":false,"template":"","format":"standard","meta":{"footnotes":""},"categories":[3],"tags":[68527],"acf":[],"yoast_head":"<!-- This site is optimized with the Yoast SEO plugin v20.1 - https:\/\/yoast.com\/wordpress\/plugins\/seo\/ -->\n<title>Il comitato &quot;Diritto alla salute&quot; in piazza Libert\u00e0 contro l&#039;ospedale unico<\/title>\n<meta name=\"description\" content=\"Esprimere il dissenso contro l&#039;ospedale unico e raccogliere firme per la petizione per eliminare i brevetti dai vaccini contro il Covid-19: il comitato sar\u00e0 in piazza domani mattina a Gallarate (foto pre-Covid)\" \/>\n<meta name=\"robots\" content=\"noindex, follow, max-snippet:-1, max-image-preview:large, max-video-preview:-1\" \/>\n<meta property=\"og:locale\" content=\"it_IT\" \/>\n<meta property=\"og:type\" content=\"article\" \/>\n<meta property=\"og:title\" content=\"Il comitato &quot;Diritto alla salute&quot; in piazza Libert\u00e0 contro l&#039;ospedale unico\" \/>\n<meta property=\"og:description\" content=\"Esprimere il dissenso contro l&#039;ospedale unico e raccogliere firme per la petizione per eliminare i brevetti dai vaccini contro il Covid-19: il comitato sar\u00e0 in piazza domani mattina a Gallarate (foto pre-Covid)\" \/>\n<meta property=\"og:url\" content=\"https:\/\/staging.varesenews.it\/2021\/05\/comitato-diritto-alla-salute-piazza-liberta-lospedale-unico\/1344472\/\" \/>\n<meta property=\"og:site_name\" content=\"VareseNews\" \/>\n<meta property=\"article:publisher\" content=\"https:\/\/www.facebook.com\/varesenews\" \/>\n<meta property=\"article:published_time\" content=\"2021-05-28T09:03:42+00:00\" \/>\n<meta property=\"article:modified_time\" content=\"2022-01-22T11:10:08+00:00\" \/>\n<meta name=\"author\" content=\"Nicole Erbetti\" \/>\n<meta name=\"twitter:card\" content=\"summary_large_image\" \/>\n<meta name=\"twitter:creator\" content=\"@varesenews\" \/>\n<meta name=\"twitter:site\" content=\"@varesenews\" \/>\n<meta name=\"twitter:label1\" content=\"Scritto da\" \/>\n\t<meta name=\"twitter:data1\" content=\"Nicole Erbetti\" \/>\n\t<meta name=\"twitter:label2\" content=\"Tempo di lettura stimato\" \/>\n\t<meta name=\"twitter:data2\" content=\"1 minuto\" \/>\n<script type=\"application\/ld+json\" class=\"yoast-schema-graph\">{\"@context\":\"https:\/\/schema.org\",\"@graph\":[{\"@type\":\"WebPage\",\"@id\":\"https:\/\/staging.varesenews.it\/2021\/05\/comitato-diritto-alla-salute-piazza-liberta-lospedale-unico\/1344472\/\",\"url\":\"https:\/\/staging.varesenews.it\/2021\/05\/comitato-diritto-alla-salute-piazza-liberta-lospedale-unico\/1344472\/\",\"name\":\"Il comitato \\\"Diritto alla salute\\\" in piazza Libert\u00e0 contro l'ospedale unico\",\"isPartOf\":{\"@id\":\"https:\/\/staging.varesenews.it\/#website\"},\"datePublished\":\"2021-05-28T09:03:42+00:00\",\"dateModified\":\"2022-01-22T11:10:08+00:00\",\"author\":{\"@id\":\"https:\/\/staging.varesenews.it\/#\/schema\/person\/8b180378471627e56865b54b75644650\"},\"description\":\"Esprimere il dissenso contro l'ospedale unico e raccogliere firme per la petizione per eliminare i brevetti dai vaccini contro il Covid-19: il comitato sar\u00e0 in piazza domani mattina a Gallarate (foto pre-Covid)\",\"breadcrumb\":{\"@id\":\"https:\/\/staging.varesenews.it\/2021\/05\/comitato-diritto-alla-salute-piazza-liberta-lospedale-unico\/1344472\/#breadcrumb\"},\"inLanguage\":\"it-IT\",\"potentialAction\":[{\"@type\":\"ReadAction\",\"target\":[\"https:\/\/staging.varesenews.it\/2021\/05\/comitato-diritto-alla-salute-piazza-liberta-lospedale-unico\/1344472\/\"]}]},{\"@type\":\"BreadcrumbList\",\"@id\":\"https:\/\/staging.varesenews.it\/2021\/05\/comitato-diritto-alla-salute-piazza-liberta-lospedale-unico\/1344472\/#breadcrumb\",\"itemListElement\":[{\"@type\":\"ListItem\",\"position\":1,\"name\":\"Home\",\"item\":\"https:\/\/www.varesenews.it\/\"},{\"@type\":\"ListItem\",\"position\":2,\"name\":\"Il comitato &#8220;Diritto alla salute&#8221; in piazza Libert\u00e0 contro l&#8217;ospedale unico\"}]},{\"@type\":\"WebSite\",\"@id\":\"https:\/\/staging.varesenews.it\/#website\",\"url\":\"https:\/\/staging.varesenews.it\/\",\"name\":\"VareseNews\",\"description\":\"\",\"potentialAction\":[{\"@type\":\"SearchAction\",\"target\":{\"@type\":\"EntryPoint\",\"urlTemplate\":\"https:\/\/staging.varesenews.it\/?s={search_term_string}\"},\"query-input\":\"required name=search_term_string\"}],\"inLanguage\":\"it-IT\"},{\"@type\":\"Person\",\"@id\":\"https:\/\/staging.varesenews.it\/#\/schema\/person\/8b180378471627e56865b54b75644650\",\"name\":\"Nicole Erbetti\",\"image\":{\"@type\":\"ImageObject\",\"inLanguage\":\"it-IT\",\"@id\":\"https:\/\/staging.varesenews.it\/#\/schema\/person\/image\/\",\"url\":\"https:\/\/staging.varesenews.it\/wp-content\/uploads\/2020\/12\/nicole_erbetti_colori_500.jpg\",\"contentUrl\":\"https:\/\/staging.varesenews.it\/wp-content\/uploads\/2020\/12\/nicole_erbetti_colori_500.jpg\",\"caption\":\"Nicole Erbetti\"},\"description\":\"Classe 1995 e una laurea in Lettere. \u201cNata\u201d a VareseNews nel 2019 e co-responsabile di MalpensaNews. Mi occupo di cronaca politica e di storie in quella biosfera a met\u00e0 tra la vecchia anima provinciale e la Milano metropolitana che \u00e8 il gallaratese: insomma, \u00e8 un po\u2019 in bilico come me. Quando non scrivo leggo, recito, contemplo il Lago Maggiore o scappo in un paesaggio alpino.\u00a0\",\"url\":\"https:\/\/staging.varesenews.it\/persona\/nicole-erbetti\/\"}]}<\/script>\n<!-- \/ Yoast SEO plugin. -->","yoast_head_json":{"title":"Il comitato \"Diritto alla salute\" in piazza Libert\u00e0 contro l'ospedale unico","description":"Esprimere il dissenso contro l'ospedale unico e raccogliere firme per la petizione per eliminare i brevetti dai vaccini contro il Covid-19: il comitato sar\u00e0 in piazza domani mattina a Gallarate (foto pre-Covid)","robots":{"index":"noindex","follow":"follow","max-snippet":"max-snippet:-1","max-image-preview":"max-image-preview:large","max-video-preview":"max-video-preview:-1"},"og_locale":"it_IT","og_type":"article","og_title":"Il comitato \"Diritto alla salute\" in piazza Libert\u00e0 contro l'ospedale unico","og_description":"Esprimere il dissenso contro l'ospedale unico e raccogliere firme per la petizione per eliminare i brevetti dai vaccini contro il Covid-19: il comitato sar\u00e0 in piazza domani mattina a Gallarate (foto pre-Covid)","og_url":"https:\/\/staging.varesenews.it\/2021\/05\/comitato-diritto-alla-salute-piazza-liberta-lospedale-unico\/1344472\/","og_site_name":"VareseNews","article_publisher":"https:\/\/www.facebook.com\/varesenews","article_published_time":"2021-05-28T09:03:42+00:00","article_modified_time":"2022-01-22T11:10:08+00:00","author":"Nicole Erbetti","twitter_card":"summary_large_image","twitter_creator":"@varesenews","twitter_site":"@varesenews","twitter_misc":{"Scritto da":"Nicole Erbetti","Tempo di lettura stimato":"1 minuto"},"schema":{"@context":"https:\/\/schema.org","@graph":[{"@type":"WebPage","@id":"https:\/\/staging.varesenews.it\/2021\/05\/comitato-diritto-alla-salute-piazza-liberta-lospedale-unico\/1344472\/","url":"https:\/\/staging.varesenews.it\/2021\/05\/comitato-diritto-alla-salute-piazza-liberta-lospedale-unico\/1344472\/","name":"Il comitato \"Diritto alla salute\" in piazza Libert\u00e0 contro l'ospedale unico","isPartOf":{"@id":"https:\/\/staging.varesenews.it\/#website"},"datePublished":"2021-05-28T09:03:42+00:00","dateModified":"2022-01-22T11:10:08+00:00","author":{"@id":"https:\/\/staging.varesenews.it\/#\/schema\/person\/8b180378471627e56865b54b75644650"},"description":"Esprimere il dissenso contro l'ospedale unico e raccogliere firme per la petizione per eliminare i brevetti dai vaccini contro il Covid-19: il comitato sar\u00e0 in piazza domani mattina a Gallarate (foto pre-Covid)","breadcrumb":{"@id":"https:\/\/staging.varesenews.it\/2021\/05\/comitato-diritto-alla-salute-piazza-liberta-lospedale-unico\/1344472\/#breadcrumb"},"inLanguage":"it-IT","potentialAction":[{"@type":"ReadAction","target":["https:\/\/staging.varesenews.it\/2021\/05\/comitato-diritto-alla-salute-piazza-liberta-lospedale-unico\/1344472\/"]}]},{"@type":"BreadcrumbList","@id":"https:\/\/staging.varesenews.it\/2021\/05\/comitato-diritto-alla-salute-piazza-liberta-lospedale-unico\/1344472\/#breadcrumb","itemListElement":[{"@type":"ListItem","position":1,"name":"Home","item":"https:\/\/www.varesenews.it\/"},{"@type":"ListItem","position":2,"name":"Il comitato &#8220;Diritto alla salute&#8221; in piazza Libert\u00e0 contro l&#8217;ospedale unico"}]},{"@type":"WebSite","@id":"https:\/\/staging.varesenews.it\/#website","url":"https:\/\/staging.varesenews.it\/","name":"VareseNews","description":"","potentialAction":[{"@type":"SearchAction","target":{"@type":"EntryPoint","urlTemplate":"https:\/\/staging.varesenews.it\/?s={search_term_string}"},"query-input":"required name=search_term_string"}],"inLanguage":"it-IT"},{"@type":"Person","@id":"https:\/\/staging.varesenews.it\/#\/schema\/person\/8b180378471627e56865b54b75644650","name":"Nicole Erbetti","image":{"@type":"ImageObject","inLanguage":"it-IT","@id":"https:\/\/staging.varesenews.it\/#\/schema\/person\/image\/","url":"https:\/\/staging.varesenews.it\/wp-content\/uploads\/2020\/12\/nicole_erbetti_colori_500.jpg","contentUrl":"https:\/\/staging.varesenews.it\/wp-content\/uploads\/2020\/12\/nicole_erbetti_colori_500.jpg","caption":"Nicole Erbetti"},"description":"Classe 1995 e una laurea in Lettere. \u201cNata\u201d a VareseNews nel 2019 e co-responsabile di MalpensaNews. Mi occupo di cronaca politica e di storie in quella biosfera a met\u00e0 tra la vecchia anima provinciale e la Milano metropolitana che \u00e8 il gallaratese: insomma, \u00e8 un po\u2019 in bilico come me. Quando non scrivo leggo, recito, contemplo il Lago Maggiore o scappo in un paesaggio alpino.\u00a0","url":"https:\/\/staging.varesenews.it\/persona\/nicole-erbetti\/"}]}},"post_meta":{"_edit_lock":"1642849704:46","_edit_last":"46","_category_permalink":"a:1:{s:8:\"category\";s:0:\"\";}","foto":"743642","firma_come_redazione":"1","firma-personalizzata":"n.e.","argomento":"Gallarate","_yoast_wpseo_focuskw_text_input":"ospedale unico","_yoast_wpseo_focuskw":"ospedale unico","_yoast_wpseo_linkdex":"67","_yoast_wpseo_content_score":"30","_jd_tweet_this":"yes","_encloseme":"1","ratings_users":"0","ratings_score":"0","ratings_average":"0","_wpt_short_url":"https:\/\/www.varesenews.it\/2021\/05\/comitato-diritto-alla-salute-piazza-liberta-lospedale-unico\/1344472\/","_wp_jd_target":"https:\/\/www.varesenews.it\/2021\/05\/comitato-diritto-alla-salute-piazza-liberta-lospedale-unico\/1344472\/","_jd_wp_twitter":"a:1:{i:0;s:200:\"Il comitato \u201cDiritto alla salute\u201d in piazza Libert\u00e0 contro l\u2019ospedale unico https:\/\/www.varesenews.it\/2021\/05\/comitato-diritto-alla-salute-piazza-liberta-lospedale-unico\/1344472\/ #ospedaleunico\";}","_wpt_status_message":"Tweet inviato con successo.","_oembed_1535bc195985948a9bb078ab35f7f831":"<iframe width=\"500\" height=\"375\" src=\"https:\/\/www.youtube.com\/embed\/ZNpwqa8oJ7Q?feature=oembed\" frameborder=\"0\" allow=\"accelerometer; autoplay; clipboard-write; encrypted-media; gyroscope; picture-in-picture\" allowfullscreen><\/iframe>","_oembed_time_1535bc195985948a9bb078ab35f7f831":"1622192699","_oembed_0a64c248449f8ead8995308e20425169":"<blockquote class=\"wp-embedded-content\" data-secret=\"CTZTNxCSe1\"><a href=\"https:\/\/www.varesenews.it\/2021\/05\/la-solidarieta-va-corsa-latletica-san-marco-sostegno-della-cascina-burattana\/1337531\/\">La solidariet\u00e0 va di corsa con l&#8217;Atletica San Marco, a sostegno della Cascina Burattana<\/a><\/blockquote><iframe class=\"wp-embedded-content\" sandbox=\"allow-scripts\" security=\"restricted\" style=\"position: absolute; clip: rect(1px, 1px, 1px, 1px);\" src=\"https:\/\/www.varesenews.it\/2021\/05\/la-solidarieta-va-corsa-latletica-san-marco-sostegno-della-cascina-burattana\/1337531\/embed\/#?secret=CTZTNxCSe1\" data-secret=\"CTZTNxCSe1\" width=\"500\" height=\"282\" title=\"&#8220;La solidariet\u00e0 va di corsa con l&#8217;Atletica San Marco, a sostegno della Cascina Burattana&#8221; &#8212; VareseNews\" frameborder=\"0\" marginwidth=\"0\" marginheight=\"0\" scrolling=\"no\"><\/iframe>","_oembed_time_0a64c248449f8ead8995308e20425169":"1622192699","_oembed_9d6d034f67638ee8d431f9030c235602":"<blockquote class=\"wp-embedded-content\" data-secret=\"yOBGUMvDoW\"><a href=\"https:\/\/www.varesenews.it\/2021\/05\/morta-caterina-ossola-memoria-storica-della-ignis\/1344351\/\">\u00c8 morta Caterina Ossola, memoria storica della Ignis<\/a><\/blockquote><iframe class=\"wp-embedded-content\" sandbox=\"allow-scripts\" security=\"restricted\" style=\"position: absolute; clip: rect(1px, 1px, 1px, 1px);\" src=\"https:\/\/www.varesenews.it\/2021\/05\/morta-caterina-ossola-memoria-storica-della-ignis\/1344351\/embed\/#?secret=yOBGUMvDoW\" data-secret=\"yOBGUMvDoW\" width=\"500\" height=\"282\" title=\"&#8220;\u00c8 morta Caterina Ossola, memoria storica della Ignis&#8221; &#8212; VareseNews\" frameborder=\"0\" marginwidth=\"0\" marginheight=\"0\" scrolling=\"no\"><\/iframe>","_oembed_time_9d6d034f67638ee8d431f9030c235602":"1622192699","_oembed_e5decf24e3b51f35c3d80deaa50c2eee":"<blockquote class=\"wp-embedded-content\" data-secret=\"Am5GUuFCYg\"><a href=\"https:\/\/www.varesenews.it\/2021\/05\/giovedi-pomeriggio-funerali-della-famiglia-zorloni-distrutta-nellincidente-al-mottarone\/1343707\/\">Venerd\u00ec pomeriggio i funerali della famiglia di Vedano Olona distrutta nell&#8217;incidente al Mottarone<\/a><\/blockquote><iframe class=\"wp-embedded-content\" sandbox=\"allow-scripts\" security=\"restricted\" style=\"position: absolute; clip: rect(1px, 1px, 1px, 1px);\" src=\"https:\/\/www.varesenews.it\/2021\/05\/giovedi-pomeriggio-funerali-della-famiglia-zorloni-distrutta-nellincidente-al-mottarone\/1343707\/embed\/#?secret=Am5GUuFCYg\" data-secret=\"Am5GUuFCYg\" width=\"500\" height=\"282\" title=\"&#8220;Venerd\u00ec pomeriggio i funerali della famiglia di Vedano Olona distrutta nell&#8217;incidente al Mottarone&#8221; &#8212; VareseNews\" frameborder=\"0\" marginwidth=\"0\" marginheight=\"0\" scrolling=\"no\"><\/iframe>","_oembed_time_e5decf24e3b51f35c3d80deaa50c2eee":"1622192699","_oembed_d577912c22eeb9c075f4426ba9703aba":"<blockquote class=\"wp-embedded-content\" data-secret=\"BY3huw8iyr\"><a href=\"https:\/\/www.varesenews.it\/2021\/05\/la-mozione-sostegno-dellospedale-luino-votata-dal-consiglio-comunale\/1344407\/\">Ecco la mozione a sostegno dell&#8217;ospedale di Luino votata dal consiglio comunale<\/a><\/blockquote><iframe class=\"wp-embedded-content\" sandbox=\"allow-scripts\" security=\"restricted\" style=\"position: absolute; clip: rect(1px, 1px, 1px, 1px);\" src=\"https:\/\/www.varesenews.it\/2021\/05\/la-mozione-sostegno-dellospedale-luino-votata-dal-consiglio-comunale\/1344407\/embed\/#?secret=BY3huw8iyr\" data-secret=\"BY3huw8iyr\" width=\"500\" height=\"282\" title=\"&#8220;Ecco la mozione a sostegno dell&#8217;ospedale di Luino votata dal consiglio comunale&#8221; &#8212; VareseNews\" frameborder=\"0\" marginwidth=\"0\" marginheight=\"0\" scrolling=\"no\"><\/iframe>","_oembed_time_d577912c22eeb9c075f4426ba9703aba":"1622192699","_oembed_a556a37e0bc23e72045705c7ed785d43":"<blockquote class=\"wp-embedded-content\" data-secret=\"SjXGGMXQuE\"><a href=\"https:\/\/www.varesenews.it\/2021\/05\/linaugurazione-lassessore-la-rissa-la-chiusura-un-bar-busto-arsizio\/1343805\/\">Dopo l&#8217;inaugurazione (con l&#8217;assessore) la rissa e la chiusura per un bar di Busto Arsizio<\/a><\/blockquote><iframe class=\"wp-embedded-content\" sandbox=\"allow-scripts\" security=\"restricted\" style=\"position: absolute; clip: rect(1px, 1px, 1px, 1px);\" src=\"https:\/\/www.varesenews.it\/2021\/05\/linaugurazione-lassessore-la-rissa-la-chiusura-un-bar-busto-arsizio\/1343805\/embed\/#?secret=SjXGGMXQuE\" data-secret=\"SjXGGMXQuE\" width=\"500\" height=\"282\" title=\"&#8220;Dopo l&#8217;inaugurazione (con l&#8217;assessore) la rissa e la chiusura per un bar di Busto Arsizio&#8221; &#8212; VareseNews\" frameborder=\"0\" marginwidth=\"0\" marginheight=\"0\" scrolling=\"no\"><\/iframe>","_oembed_time_a556a37e0bc23e72045705c7ed785d43":"1622193028","_oembed_9de3709aaae0199d96c34f14cdc8a73b":"<blockquote class=\"wp-embedded-content\" data-secret=\"mijeVKNnE2\"><a href=\"https:\/\/www.varesenews.it\/2021\/03\/capannone-torre-fagnano-olona-residenti-si-uniscono-un-comitato-coinvolgeteci\/1318121\/\">Capannone-torre a Fagnano Olona, i residenti si uniscono in un comitato: &#8220;Coinvolgeteci&#8221;<\/a><\/blockquote><iframe class=\"wp-embedded-content\" sandbox=\"allow-scripts\" security=\"restricted\" style=\"position: absolute; clip: rect(1px, 1px, 1px, 1px);\" src=\"https:\/\/www.varesenews.it\/2021\/03\/capannone-torre-fagnano-olona-residenti-si-uniscono-un-comitato-coinvolgeteci\/1318121\/embed\/#?secret=mijeVKNnE2\" data-secret=\"mijeVKNnE2\" width=\"500\" height=\"282\" title=\"&#8220;Capannone-torre a Fagnano Olona, i residenti si uniscono in un comitato: &#8220;Coinvolgeteci&#8221;&#8221; &#8212; VareseNews\" frameborder=\"0\" marginwidth=\"0\" marginheight=\"0\" scrolling=\"no\"><\/iframe>","_oembed_time_9de3709aaae0199d96c34f14cdc8a73b":"1622193028"},"photos":[{"original":"https:\/\/staging.varesenews.it\/photogallery_new\/images\/2019\/06\/protesta-contro-ospedale-unico-comitato-per-il-diritto-alla-salute-del-varesotto-743642.jpg","full":"https:\/\/staging.varesenews.it\/photogallery_new\/images\/2019\/06\/protesta-contro-ospedale-unico-comitato-per-il-diritto-alla-salute-del-varesotto-743642.1024x768.jpg","large":"https:\/\/staging.varesenews.it\/photogallery_new\/images\/2019\/06\/protesta-contro-ospedale-unico-comitato-per-il-diritto-alla-salute-del-varesotto-743642.610x431.jpg"}],"_links":{"self":[{"href":"https:\/\/staging.varesenews.it\/swgapi\/v1\/wp\/v2\/posts\/1344472"}],"collection":[{"href":"https:\/\/staging.varesenews.it\/swgapi\/v1\/wp\/v2\/posts"}],"about":[{"href":"https:\/\/staging.varesenews.it\/swgapi\/v1\/wp\/v2\/types\/post"}],"author":[{"embeddable":true,"href":"https:\/\/staging.varesenews.it\/swgapi\/v1\/wp\/v2\/users\/15866"}],"replies":[{"embeddable":true,"href":"https:\/\/staging.varesenews.it\/swgapi\/v1\/wp\/v2\/comments?post=1344472"}],"version-history":[{"count":0,"href":"https:\/\/staging.varesenews.it\/swgapi\/v1\/wp\/v2\/posts\/1344472\/revisions"}],"wp:attachment":[{"href":"https:\/\/staging.varesenews.it\/swgapi\/v1\/wp\/v2\/media?parent=1344472"}],"wp:term":[{"taxonomy":"category","embeddable":true,"href":"https:\/\/staging.varesenews.it\/swgapi\/v1\/wp\/v2\/categories?post=1344472"},{"taxonomy":"post_tag","embeddable":true,"href":"https:\/\/staging.varesenews.it\/swgapi\/v1\/wp\/v2\/tags?post=1344472"}],"curies":[{"name":"wp","href":"https:\/\/api.w.org\/{rel}","templated":true}]}}