{"id":1347372,"date":"2021-06-06T17:03:21","date_gmt":"2021-06-06T15:03:21","guid":{"rendered":"https:\/\/www.varesenews.it\/?p=1347372"},"modified":"2021-06-06T20:50:03","modified_gmt":"2021-06-06T18:50:03","slug":"saluzzo-ancora-amaro-varese-1-1-biancorossi","status":"publish","type":"post","link":"https:\/\/staging.varesenews.it\/2021\/06\/saluzzo-ancora-amaro-varese-1-1-biancorossi\/1347372\/","title":{"rendered":"Saluzzo ancora amaro: il Varese non affonda il colpo e pareggia 1-1"},"content":{"rendered":"<p>Il Saluzzo continua a essere indigesto al Varese, che come all&#8217;andata sbaglia tanto, non chiude la gara e alla fine si prende un punto che non pu\u00f2 essere accolto con entusiasmo. <strong>La prestazione dei biancorossi \u00e8 stata buona, ma non riuscire a mettere a segno il 2-0 \u00e8 stato il peccato principale dei ragazzi di mister Rossi,<\/strong> che non hanno sfruttato la superiorit\u00e0 numericadal 24&#8242; della ripresa per l&#8217;espulsione di Carli. Il pareggio \u00e8 arrivato su calcio d&#8217;angolo &#8211; stacco vincente di Tosi &#8211; con i biancorossi in 10 perch\u00e9 Quitadamo era momentaneamente fuori per farsi medicare. Un punto che non cambia il buon momento del Varese, e forse l&#8217;amarezza che lascia \u00e8 il segno migliore delle ambizioni ritrovate di questa squadra.<\/p>\n<p><strong>FISCHIO D&#8217;INIZIO<\/strong><br \/>\nIl Varese si presenta a Saluzzo con tante assenze ma con due forti motivazioni: riscattare il pareggio della gara di andata e dimostrare di non volersi accontentare della salvezza. <strong>Mister Ezio Rossi deve fare a meno di diverse pedine e schiera un 4-3-1-2<\/strong> con Lassi in porta, Aprile e Parpinel centrali in difesa con Mapelli e Quitadamo terzini. A centrocampo Gazo \u00e8 il mediano affiancato da Beak e Capelli, mentre in avanti Balla gioca alle spalle di Minaj e Dellavedova. Il Saluzzo invece cerca ancora qualche punto per l&#8217;aritmetica certezza di restare in categoria e scende in campo con un 3-4-1-2 che in attacco Soumahoro alle spalle di Sardo e Gonella.<\/p>\n<p><strong>PRIMO TEMPO<\/strong><br \/>\nSuccede poco nei primi minuti di gioco, con il Varese in possesso palla e il Saluzzo ben chiuso nella sua met\u00e0 campo. La prima occasione arriva al 18&#8242; ed \u00e8 per i biancorossi: sul primo corner della gara la palla arriva a Mapelli che rovescia verso il centro dell&#8217;area trovando Minaj sul filo del fuorigioco, ma il destro al volo dell&#8217;attaccante non inquadra la porta. Varese vicino al gol anche al 24&#8242;: Capelli va sul fondo a sinistra e mette in mezzo, Beak calcia in corsa con il destro ma sulla linea di porta la difesa del Saluzzo respinge. I padroni di casa creano la prima vera soluzione offensiva al 31&#8242; con una ripartenza di Sardo da sinistra, ingresso in area e sinistro che viene deviato da Aprile e termina sull&#8217;esterno della rete. Il Varese per\u00f2 continua a gestire il possesso palla e <strong>al 44&#8242; finalmente trova la fiammata giusta: cross da sinistra di Quitadamo, sul secondo palo arriva Capelli in scivolata per mettere in rete l&#8217;1-0.<\/strong><\/p>\n<p><strong>SECONDO TEMPO<\/strong><br \/>\nIl Saluzzo torna in campo pi\u00f9 propositivo, ma il Varese non arretra e il gioco si vivacizza rispetto al primo tempo. La difesa biancorossa concede poco o nulla ai piemontesi, che al contrario dietro si scoprono: Capelli al 15&#8242; impegna De Marino con un bel destro volante, ma \u00e8 solo la prima di diverse occasioni create in velocit\u00e0 e non sfruttate a dovere per chiudere la sfida. <strong>Al 24&#8242; il Saluzzo rimane in 10 per l&#8217;espulsione di Carli,<\/strong> che tira gi\u00f9 Balla lanciato a rete. Biancorossi che provano a controllare i ritmi ma al 30&#8242; Beak spreca un&#8217;altra ottima occasione concludendo senza convinzione dopo la respinta non perfetta di De Marino su cross di Nicastri. Raddoppio sfiorato anche al 33&#8242; da Balla che con un destro potente dalla lunga centra la traversa. Come spesso successe, se non chiudi la gara, trovi la beffa. <strong>Al 36&#8242; il pareggio:<\/strong> con il Varese in 10 &#8211; fuori Quitadamo per farsi medicare &#8211; \u00e8 Tosi a trovare il pari con un colpo di testa su angolo. Mister Rossi per ritrovare il vantaggio si gioca le carte Sow e Aiolfi, sbilanciando la squadra, ma nei 7&#8242; di recupero non arrivano occasioni da gol, se non una punizione di Balla forte ma che non trova la porta.<\/p>\n<blockquote><p><strong>TABELLINO<\/strong><\/p>\n<p class=\"p1\"><strong>Saluzzo &#8211; Varese 1-1<\/strong> (0-1)<\/p>\n<p class=\"p1\"><strong>Marcatori<\/strong>: 44\u2019 pt Capelli (V), 36\u2019 st Tosi (S)<\/p>\n<p class=\"p1\"><strong>Saluzzo (3-4-1-2):<\/strong> De Marino; Serino, Carli, Caldarola; Bedino, Mezzafera (8\u2019 st Tosi), Maugeri, Pittavino (12\u2019 st Gaboardi, 45\u2019 st Clerici); Soumahoro; Gonella (38\u2019 st Supertino), Sardo. A disposizione: Lerda, Arkaxhiu, Caserio, Mancuso, Carrer. All.:<span class=\"Apple-converted-space\">\u00a0Boschetto<\/span><\/p>\n<p class=\"p1\"><strong>Varese (4-3-1-2):<\/strong> Lassi; Mapelli, Aprile, Parpinel (44\u2019 st Aiolfi), Quitadamo (37\u2019 st Sow); Beak, Gazo, Capelli; Balla; Minaj (35\u2019 st Mamah), Dellavedova (20\u2019 st Nicastri). A disposizione: Fall, Esposito, Snidarcig, Scampini, Ebagua. All.: Rossi<\/p>\n<p class=\"p1\"><strong>Arbitro<\/strong>: Cevenini di Siena (Petarlin e Roncari).<\/p>\n<p class=\"p1\"><strong>Calci d\u2019angolo<\/strong>: 7-5. Ammoniti: Maugeri, Bedino per il Saluzzo; Quitadamo, Mapelli, Parpinel per il Varese. <strong>Espulso<\/strong> al 24\u2019 st Carli (S). Recupero: 0\u2019 + 7\u2019<\/p>\n<p class=\"p1\"><strong>Note<\/strong>: giornata variabile, terreno in buone condizioni.<\/p>\n<p class=\"p1\"><strong>CLASSIFICA<\/strong>: Gozzano 74; Bra, Castellanzese 65; Pdhae 64; Legnano 57; Sestri Levante, Sanremese*, Folgore Caratese 56; Caronnese 50; Lavagnese 49; Casale 47; Chieri, Imperia* 44; Arconatese 41; <strong>Varese<\/strong> 39; Derthona 38; Saluzzo 33; Borgosesia 27; Fossano 26; Vado 25.<\/p>\n<\/blockquote>\n","protected":false},"excerpt":{"rendered":"<p>I biancorossi passano in vantaggio nel primo tempo con Capelli, sbagliano diverse occasioni per il raddoppio e subiscono il gol del pari su calcio d&#8217;angolo<\/p>\n","protected":false},"author":37,"featured_media":0,"comment_status":"open","ping_status":"open","sticky":false,"template":"","format":"standard","meta":{"footnotes":""},"categories":[14,2],"tags":[144,98549,111812,207],"acf":[],"yoast_head":"<!-- This site is optimized with the Yoast SEO plugin v20.1 - https:\/\/yoast.com\/wordpress\/plugins\/seo\/ -->\n<title>Saluzzo ancora amaro: il Varese non affonda il colpo e pareggia 1-1<\/title>\n<meta name=\"description\" content=\"I biancorossi passano in vantaggio nel primo tempo con Capelli, sbagliano diverse occasioni per il raddoppio e subiscono il gol del pari su calcio d&#039;angolo\" \/>\n<meta name=\"robots\" content=\"noindex, follow, max-snippet:-1, max-image-preview:large, max-video-preview:-1\" \/>\n<meta property=\"og:locale\" content=\"it_IT\" \/>\n<meta property=\"og:type\" content=\"article\" \/>\n<meta property=\"og:title\" content=\"Saluzzo ancora amaro: il Varese non affonda il colpo e pareggia 1-1\" \/>\n<meta property=\"og:description\" content=\"I biancorossi passano in vantaggio nel primo tempo con Capelli, sbagliano diverse occasioni per il raddoppio e subiscono il gol del pari su calcio d&#039;angolo\" \/>\n<meta property=\"og:url\" content=\"https:\/\/staging.varesenews.it\/2021\/06\/saluzzo-ancora-amaro-varese-1-1-biancorossi\/1347372\/\" \/>\n<meta property=\"og:site_name\" content=\"VareseNews\" \/>\n<meta property=\"article:publisher\" content=\"https:\/\/www.facebook.com\/varesenews\" \/>\n<meta property=\"article:published_time\" content=\"2021-06-06T15:03:21+00:00\" \/>\n<meta property=\"article:modified_time\" content=\"2021-06-06T18:50:03+00:00\" \/>\n<meta name=\"author\" content=\"Francesco Mazzoleni\" \/>\n<meta name=\"twitter:card\" content=\"summary_large_image\" \/>\n<meta name=\"twitter:creator\" content=\"@fmazzof\" \/>\n<meta name=\"twitter:site\" content=\"@varesenews\" \/>\n<meta name=\"twitter:label1\" content=\"Scritto da\" \/>\n\t<meta name=\"twitter:data1\" content=\"Francesco Mazzoleni\" \/>\n\t<meta name=\"twitter:label2\" content=\"Tempo di lettura stimato\" \/>\n\t<meta name=\"twitter:data2\" content=\"4 minuti\" \/>\n<script type=\"application\/ld+json\" class=\"yoast-schema-graph\">{\"@context\":\"https:\/\/schema.org\",\"@graph\":[{\"@type\":\"WebPage\",\"@id\":\"https:\/\/staging.varesenews.it\/2021\/06\/saluzzo-ancora-amaro-varese-1-1-biancorossi\/1347372\/\",\"url\":\"https:\/\/staging.varesenews.it\/2021\/06\/saluzzo-ancora-amaro-varese-1-1-biancorossi\/1347372\/\",\"name\":\"Saluzzo ancora amaro: il Varese non affonda il colpo e pareggia 1-1\",\"isPartOf\":{\"@id\":\"https:\/\/staging.varesenews.it\/#website\"},\"datePublished\":\"2021-06-06T15:03:21+00:00\",\"dateModified\":\"2021-06-06T18:50:03+00:00\",\"author\":{\"@id\":\"https:\/\/staging.varesenews.it\/#\/schema\/person\/e82236e79160d30d4e1f942004ac3038\"},\"description\":\"I biancorossi passano in vantaggio nel primo tempo con Capelli, sbagliano diverse occasioni per il raddoppio e subiscono il gol del pari su calcio d'angolo\",\"breadcrumb\":{\"@id\":\"https:\/\/staging.varesenews.it\/2021\/06\/saluzzo-ancora-amaro-varese-1-1-biancorossi\/1347372\/#breadcrumb\"},\"inLanguage\":\"it-IT\",\"potentialAction\":[{\"@type\":\"ReadAction\",\"target\":[\"https:\/\/staging.varesenews.it\/2021\/06\/saluzzo-ancora-amaro-varese-1-1-biancorossi\/1347372\/\"]}]},{\"@type\":\"BreadcrumbList\",\"@id\":\"https:\/\/staging.varesenews.it\/2021\/06\/saluzzo-ancora-amaro-varese-1-1-biancorossi\/1347372\/#breadcrumb\",\"itemListElement\":[{\"@type\":\"ListItem\",\"position\":1,\"name\":\"Home\",\"item\":\"https:\/\/www.varesenews.it\/\"},{\"@type\":\"ListItem\",\"position\":2,\"name\":\"Saluzzo ancora amaro: il Varese non affonda il colpo e pareggia 1-1\"}]},{\"@type\":\"WebSite\",\"@id\":\"https:\/\/staging.varesenews.it\/#website\",\"url\":\"https:\/\/staging.varesenews.it\/\",\"name\":\"VareseNews\",\"description\":\"\",\"potentialAction\":[{\"@type\":\"SearchAction\",\"target\":{\"@type\":\"EntryPoint\",\"urlTemplate\":\"https:\/\/staging.varesenews.it\/?s={search_term_string}\"},\"query-input\":\"required name=search_term_string\"}],\"inLanguage\":\"it-IT\"},{\"@type\":\"Person\",\"@id\":\"https:\/\/staging.varesenews.it\/#\/schema\/person\/e82236e79160d30d4e1f942004ac3038\",\"name\":\"Francesco Mazzoleni\",\"image\":{\"@type\":\"ImageObject\",\"inLanguage\":\"it-IT\",\"@id\":\"https:\/\/staging.varesenews.it\/#\/schema\/person\/image\/\",\"url\":\"https:\/\/staging.varesenews.it\/wp-content\/uploads\/2020\/12\/francesco_mazzoleni_colori_500-1.jpg\",\"contentUrl\":\"https:\/\/staging.varesenews.it\/wp-content\/uploads\/2020\/12\/francesco_mazzoleni_colori_500-1.jpg\",\"caption\":\"Francesco Mazzoleni\"},\"description\":\"\\\"Uomo di campo\\\" della redazione sportiva. Nutro una vera passione per il calcio, che sia ad alti livelli, sui campi di provincia o in altri continenti. Sono nato a Varese nel 1984, vivo da sempre a Malnate e ho una laurea in Scienze Motorie. Ho mosso i primi passi a VareseNews da stagista nel 2002; nel 2008 ho iniziato a collaborare con maggiore continuit\u00e0 e dal 2018 sono giornalista professionista. Orgoglioso pap\u00e0 di Federico e Adelaide.\",\"sameAs\":[\"fmazzof\",\"it.linkedin.com\/in\/francescomazzolenif\",\"https:\/\/twitter.com\/fmazzof\"],\"url\":\"https:\/\/staging.varesenews.it\/persona\/francesco_mazzoleniferracini\/\"}]}<\/script>\n<!-- \/ Yoast SEO plugin. -->","yoast_head_json":{"title":"Saluzzo ancora amaro: il Varese non affonda il colpo e pareggia 1-1","description":"I biancorossi passano in vantaggio nel primo tempo con Capelli, sbagliano diverse occasioni per il raddoppio e subiscono il gol del pari su calcio d'angolo","robots":{"index":"noindex","follow":"follow","max-snippet":"max-snippet:-1","max-image-preview":"max-image-preview:large","max-video-preview":"max-video-preview:-1"},"og_locale":"it_IT","og_type":"article","og_title":"Saluzzo ancora amaro: il Varese non affonda il colpo e pareggia 1-1","og_description":"I biancorossi passano in vantaggio nel primo tempo con Capelli, sbagliano diverse occasioni per il raddoppio e subiscono il gol del pari su calcio d'angolo","og_url":"https:\/\/staging.varesenews.it\/2021\/06\/saluzzo-ancora-amaro-varese-1-1-biancorossi\/1347372\/","og_site_name":"VareseNews","article_publisher":"https:\/\/www.facebook.com\/varesenews","article_published_time":"2021-06-06T15:03:21+00:00","article_modified_time":"2021-06-06T18:50:03+00:00","author":"Francesco Mazzoleni","twitter_card":"summary_large_image","twitter_creator":"@fmazzof","twitter_site":"@varesenews","twitter_misc":{"Scritto da":"Francesco Mazzoleni","Tempo di lettura stimato":"4 minuti"},"schema":{"@context":"https:\/\/schema.org","@graph":[{"@type":"WebPage","@id":"https:\/\/staging.varesenews.it\/2021\/06\/saluzzo-ancora-amaro-varese-1-1-biancorossi\/1347372\/","url":"https:\/\/staging.varesenews.it\/2021\/06\/saluzzo-ancora-amaro-varese-1-1-biancorossi\/1347372\/","name":"Saluzzo ancora amaro: il Varese non affonda il colpo e pareggia 1-1","isPartOf":{"@id":"https:\/\/staging.varesenews.it\/#website"},"datePublished":"2021-06-06T15:03:21+00:00","dateModified":"2021-06-06T18:50:03+00:00","author":{"@id":"https:\/\/staging.varesenews.it\/#\/schema\/person\/e82236e79160d30d4e1f942004ac3038"},"description":"I biancorossi passano in vantaggio nel primo tempo con Capelli, sbagliano diverse occasioni per il raddoppio e subiscono il gol del pari su calcio d'angolo","breadcrumb":{"@id":"https:\/\/staging.varesenews.it\/2021\/06\/saluzzo-ancora-amaro-varese-1-1-biancorossi\/1347372\/#breadcrumb"},"inLanguage":"it-IT","potentialAction":[{"@type":"ReadAction","target":["https:\/\/staging.varesenews.it\/2021\/06\/saluzzo-ancora-amaro-varese-1-1-biancorossi\/1347372\/"]}]},{"@type":"BreadcrumbList","@id":"https:\/\/staging.varesenews.it\/2021\/06\/saluzzo-ancora-amaro-varese-1-1-biancorossi\/1347372\/#breadcrumb","itemListElement":[{"@type":"ListItem","position":1,"name":"Home","item":"https:\/\/www.varesenews.it\/"},{"@type":"ListItem","position":2,"name":"Saluzzo ancora amaro: il Varese non affonda il colpo e pareggia 1-1"}]},{"@type":"WebSite","@id":"https:\/\/staging.varesenews.it\/#website","url":"https:\/\/staging.varesenews.it\/","name":"VareseNews","description":"","potentialAction":[{"@type":"SearchAction","target":{"@type":"EntryPoint","urlTemplate":"https:\/\/staging.varesenews.it\/?s={search_term_string}"},"query-input":"required name=search_term_string"}],"inLanguage":"it-IT"},{"@type":"Person","@id":"https:\/\/staging.varesenews.it\/#\/schema\/person\/e82236e79160d30d4e1f942004ac3038","name":"Francesco Mazzoleni","image":{"@type":"ImageObject","inLanguage":"it-IT","@id":"https:\/\/staging.varesenews.it\/#\/schema\/person\/image\/","url":"https:\/\/staging.varesenews.it\/wp-content\/uploads\/2020\/12\/francesco_mazzoleni_colori_500-1.jpg","contentUrl":"https:\/\/staging.varesenews.it\/wp-content\/uploads\/2020\/12\/francesco_mazzoleni_colori_500-1.jpg","caption":"Francesco Mazzoleni"},"description":"\"Uomo di campo\" della redazione sportiva. Nutro una vera passione per il calcio, che sia ad alti livelli, sui campi di provincia o in altri continenti. Sono nato a Varese nel 1984, vivo da sempre a Malnate e ho una laurea in Scienze Motorie. Ho mosso i primi passi a VareseNews da stagista nel 2002; nel 2008 ho iniziato a collaborare con maggiore continuit\u00e0 e dal 2018 sono giornalista professionista. Orgoglioso pap\u00e0 di Federico e Adelaide.","sameAs":["fmazzof","it.linkedin.com\/in\/francescomazzolenif","https:\/\/twitter.com\/fmazzof"],"url":"https:\/\/staging.varesenews.it\/persona\/francesco_mazzoleniferracini\/"}]}},"post_meta":{"_edit_lock":"1623007729:37","_edit_last":"37","_category_permalink":"a:1:{s:8:\"category\";s:2:\"14\";}","argomento":"Calcio","_yoast_wpseo_content_score":"30","_jd_tweet_this":"yes","_encloseme":"1","ratings_users":"0","ratings_score":"0","ratings_average":"0","id_leggi_anche":"1347364,1347377,1347375","foto":"1227101","id_link_fotogallery":"1347527","_wpt_short_url":"https:\/\/www.varesenews.it\/2021\/06\/saluzzo-ancora-amaro-varese-1-1-biancorossi\/1347372\/","_wp_jd_target":"https:\/\/www.varesenews.it\/2021\/06\/saluzzo-ancora-amaro-varese-1-1-biancorossi\/1347372\/","_jd_wp_twitter":"a:1:{i:0;s:175:\"Saluzzo ancora amaro per il Varese: 1-1 per i biancorossi https:\/\/www.varesenews.it\/2021\/06\/saluzzo-ancora-amaro-varese-1-1-biancorossi\/1347372\/ #calcio #saluzzocalcio #seried\";}","_wpt_status_message":"Tweet inviato con successo.","_oembed_1e1f0ce6b12f8fac6b919dda41938a7f":"<blockquote class=\"wp-embedded-content\" data-secret=\"S2iGTN6XCW\"><a href=\"https:\/\/www.varesenews.it\/2021\/06\/azione-maroni-avversario-preparato-competente\/1347382\/\">Azione: &#8220;Maroni avversario preparato e competente&#8221;<\/a><\/blockquote><iframe class=\"wp-embedded-content\" sandbox=\"allow-scripts\" security=\"restricted\" style=\"position: absolute; clip: rect(1px, 1px, 1px, 1px);\" src=\"https:\/\/www.varesenews.it\/2021\/06\/azione-maroni-avversario-preparato-competente\/1347382\/embed\/#?secret=S2iGTN6XCW\" data-secret=\"S2iGTN6XCW\" width=\"500\" height=\"282\" title=\"&#8220;Azione: &#8220;Maroni avversario preparato e competente&#8221;&#8221; &#8212; VareseNews\" frameborder=\"0\" marginwidth=\"0\" marginheight=\"0\" scrolling=\"no\"><\/iframe>","_oembed_time_1e1f0ce6b12f8fac6b919dda41938a7f":"1622991892","_oembed_2c29fa73f0e25c3b7bd1559069ed3402":"<blockquote class=\"wp-embedded-content\" data-secret=\"j3XY9y3Ff7\"><a href=\"https:\/\/www.varesenews.it\/2021\/05\/nei-boschi-le-bombolette-spray-vandalizzati-cartelli-nei-boschi-dellolona\/1336788\/\">Nei boschi con le bombolette spray, vandalizzati i cartelli nei boschi dell&#8217;Olona<\/a><\/blockquote><iframe class=\"wp-embedded-content\" sandbox=\"allow-scripts\" security=\"restricted\" style=\"position: absolute; clip: rect(1px, 1px, 1px, 1px);\" src=\"https:\/\/www.varesenews.it\/2021\/05\/nei-boschi-le-bombolette-spray-vandalizzati-cartelli-nei-boschi-dellolona\/1336788\/embed\/#?secret=j3XY9y3Ff7\" data-secret=\"j3XY9y3Ff7\" width=\"500\" height=\"282\" title=\"&#8220;Nei boschi con le bombolette spray, vandalizzati i cartelli nei boschi dell&#8217;Olona&#8221; &#8212; VareseNews\" frameborder=\"0\" marginwidth=\"0\" marginheight=\"0\" scrolling=\"no\"><\/iframe>","_oembed_time_2c29fa73f0e25c3b7bd1559069ed3402":"1622992228","_oembed_a7957d6675af41fe4fe13bca9b7bf344":"<blockquote class=\"wp-embedded-content\" data-secret=\"50OXipNbqE\"><a href=\"https:\/\/www.varesenews.it\/2020\/06\/casciago-130-quintali-liquami-nei-torrenti-denunciato-agricoltore\/939356\/\">Casciago, 130 quintali di liquami nei torrenti, denunciato agricoltore<\/a><\/blockquote><iframe class=\"wp-embedded-content\" sandbox=\"allow-scripts\" security=\"restricted\" style=\"position: absolute; clip: rect(1px, 1px, 1px, 1px);\" src=\"https:\/\/www.varesenews.it\/2020\/06\/casciago-130-quintali-liquami-nei-torrenti-denunciato-agricoltore\/939356\/embed\/#?secret=50OXipNbqE\" data-secret=\"50OXipNbqE\" width=\"500\" height=\"282\" title=\"&#8220;Casciago, 130 quintali di liquami nei torrenti, denunciato agricoltore&#8221; &#8212; VareseNews\" frameborder=\"0\" marginwidth=\"0\" marginheight=\"0\" scrolling=\"no\"><\/iframe>","_oembed_time_a7957d6675af41fe4fe13bca9b7bf344":"1622992228","_oembed_936a7f1ebf741bd13236c03ab6c6d47e":"<blockquote class=\"wp-embedded-content\" data-secret=\"LV2xRS3GFg\"><a href=\"https:\/\/www.varesenews.it\/2021\/03\/rapinavano-case-riposo-fingendosi-corrieri-indagini-varese-due-arresti\/1312602\/\">Rapinavano case di riposo fingendosi corrieri, indagini a Varese, due arresti<\/a><\/blockquote><iframe class=\"wp-embedded-content\" sandbox=\"allow-scripts\" security=\"restricted\" style=\"position: absolute; clip: rect(1px, 1px, 1px, 1px);\" src=\"https:\/\/www.varesenews.it\/2021\/03\/rapinavano-case-riposo-fingendosi-corrieri-indagini-varese-due-arresti\/1312602\/embed\/#?secret=LV2xRS3GFg\" data-secret=\"LV2xRS3GFg\" width=\"500\" height=\"282\" title=\"&#8220;Rapinavano case di riposo fingendosi corrieri, indagini a Varese, due arresti&#8221; &#8212; VareseNews\" frameborder=\"0\" marginwidth=\"0\" marginheight=\"0\" scrolling=\"no\"><\/iframe>","_oembed_time_936a7f1ebf741bd13236c03ab6c6d47e":"1622992228","_oembed_6d6eff945d349e1f9bacbcabbb945c0c":"<blockquote class=\"wp-embedded-content\" data-secret=\"v0tQAJkdWa\"><a href=\"https:\/\/www.varesenews.it\/2021\/05\/rapina-ad-albizzate-video-portato-sospetti-sui-tre-16enni\/1341085\/\">Rapina ad Albizzate, i video che hanno portato i sospetti sui tre 16enni<\/a><\/blockquote><iframe class=\"wp-embedded-content\" sandbox=\"allow-scripts\" security=\"restricted\" style=\"position: absolute; clip: rect(1px, 1px, 1px, 1px);\" src=\"https:\/\/www.varesenews.it\/2021\/05\/rapina-ad-albizzate-video-portato-sospetti-sui-tre-16enni\/1341085\/embed\/#?secret=v0tQAJkdWa\" data-secret=\"v0tQAJkdWa\" width=\"500\" height=\"282\" title=\"&#8220;Rapina ad Albizzate, i video che hanno portato i sospetti sui tre 16enni&#8221; &#8212; VareseNews\" frameborder=\"0\" marginwidth=\"0\" marginheight=\"0\" scrolling=\"no\"><\/iframe>","_oembed_time_6d6eff945d349e1f9bacbcabbb945c0c":"1622992228","_oembed_8cb76d8a20251efc2bf214e90576c624":"<blockquote class=\"wp-embedded-content\" data-secret=\"itLya7JZIT\"><a href=\"https:\/\/www.varesenews.it\/2020\/06\/spaccio-7-giorni-7-nei-boschi-vergiate-sesto-cinque-manette\/936758\/\">Spaccio 7 giorni su 7 nei boschi tra Vergiate e Sesto: cinque in manette<\/a><\/blockquote><iframe class=\"wp-embedded-content\" sandbox=\"allow-scripts\" security=\"restricted\" style=\"position: absolute; clip: rect(1px, 1px, 1px, 1px);\" src=\"https:\/\/www.varesenews.it\/2020\/06\/spaccio-7-giorni-7-nei-boschi-vergiate-sesto-cinque-manette\/936758\/embed\/#?secret=itLya7JZIT\" data-secret=\"itLya7JZIT\" width=\"500\" height=\"282\" title=\"&#8220;Spaccio 7 giorni su 7 nei boschi tra Vergiate e Sesto: cinque in manette&#8221; &#8212; VareseNews\" frameborder=\"0\" marginwidth=\"0\" marginheight=\"0\" scrolling=\"no\"><\/iframe>","_oembed_time_8cb76d8a20251efc2bf214e90576c624":"1622992228","_oembed_2c7cc551cf2afb7c40b33bc331f4d4c1":"<blockquote class=\"wp-embedded-content\" data-secret=\"QejFdaNY6p\"><a href=\"https:\/\/www.saronnonews.it\/2020\/07\/10\/saronno-nove-arresti-per-droga\/\">Saronnese, nove arresti per droga. Elicotteri e militari in azione all\u2019alba<\/a><\/blockquote><iframe class=\"wp-embedded-content\" sandbox=\"allow-scripts\" security=\"restricted\" style=\"position: absolute; clip: rect(1px, 1px, 1px, 1px);\" src=\"https:\/\/www.saronnonews.it\/2020\/07\/10\/saronno-nove-arresti-per-droga\/embed\/#?secret=QejFdaNY6p\" data-secret=\"QejFdaNY6p\" width=\"500\" height=\"282\" title=\"&#8220;Saronnese, nove arresti per droga. Elicotteri e militari in azione all\u2019alba&#8221; &#8212; SaronnoNews\" frameborder=\"0\" marginwidth=\"0\" marginheight=\"0\" scrolling=\"no\"><\/iframe>","_oembed_time_2c7cc551cf2afb7c40b33bc331f4d4c1":"1622992229","_oembed_b9741ee6c5b117e695e46eff35b81cdf":"<blockquote class=\"wp-embedded-content\" data-secret=\"VMeGMgM4JG\"><a href=\"https:\/\/www.varesenews.it\/2020\/12\/spaccio-nei-boschi-della-valceresio-tre-persone-arrestate-dai-carabinieri\/1285951\/\">Spaccio nei boschi della Valceresio, tre persone arrestate dai carabinieri<\/a><\/blockquote><iframe class=\"wp-embedded-content\" sandbox=\"allow-scripts\" security=\"restricted\" style=\"position: absolute; clip: rect(1px, 1px, 1px, 1px);\" src=\"https:\/\/www.varesenews.it\/2020\/12\/spaccio-nei-boschi-della-valceresio-tre-persone-arrestate-dai-carabinieri\/1285951\/embed\/#?secret=VMeGMgM4JG\" data-secret=\"VMeGMgM4JG\" width=\"500\" height=\"282\" title=\"&#8220;Spaccio nei boschi della Valceresio, tre persone arrestate dai carabinieri&#8221; &#8212; VareseNews\" frameborder=\"0\" marginwidth=\"0\" marginheight=\"0\" scrolling=\"no\"><\/iframe>","_oembed_time_b9741ee6c5b117e695e46eff35b81cdf":"1622992229","_oembed_729ca43c69927b8bb37ba8c8e1df521d":"<blockquote class=\"wp-embedded-content\" data-secret=\"S9ToYAIZ8W\"><a href=\"https:\/\/www.varesenews.it\/2020\/07\/entrano-dal-tetto-salvano-donna-voleva-farla-finita-eroico-gesto-due-carabinieri-busto\/944827\/\">Entrano dal tetto e salvano una donna che voleva farla finita, eroico gesto di due carabinieri Busto<\/a><\/blockquote><iframe class=\"wp-embedded-content\" sandbox=\"allow-scripts\" security=\"restricted\" style=\"position: absolute; clip: rect(1px, 1px, 1px, 1px);\" src=\"https:\/\/www.varesenews.it\/2020\/07\/entrano-dal-tetto-salvano-donna-voleva-farla-finita-eroico-gesto-due-carabinieri-busto\/944827\/embed\/#?secret=S9ToYAIZ8W\" data-secret=\"S9ToYAIZ8W\" width=\"500\" height=\"282\" title=\"&#8220;Entrano dal tetto e salvano una donna che voleva farla finita, eroico gesto di due carabinieri Busto&#8221; &#8212; VareseNews\" frameborder=\"0\" marginwidth=\"0\" marginheight=\"0\" scrolling=\"no\"><\/iframe>","_oembed_time_729ca43c69927b8bb37ba8c8e1df521d":"1622992229","_oembed_e6540f543bd7aaf4669b4cc175a4cfee":"<blockquote class=\"wp-embedded-content\" data-secret=\"FNda1ybUGk\"><a href=\"https:\/\/www.varesenews.it\/2015\/11\/scoppia-una-tubatura-di-gas-crolla-una-palazzina\/417092\/\">Scoppia una tubatura di gas, crolla una palazzina: un morto e tre feriti<\/a><\/blockquote><iframe class=\"wp-embedded-content\" sandbox=\"allow-scripts\" security=\"restricted\" style=\"position: absolute; clip: rect(1px, 1px, 1px, 1px);\" src=\"https:\/\/www.varesenews.it\/2015\/11\/scoppia-una-tubatura-di-gas-crolla-una-palazzina\/417092\/embed\/#?secret=FNda1ybUGk\" data-secret=\"FNda1ybUGk\" width=\"500\" height=\"282\" title=\"&#8220;Scoppia una tubatura di gas, crolla una palazzina: un morto e tre feriti&#8221; &#8212; VareseNews\" frameborder=\"0\" marginwidth=\"0\" marginheight=\"0\" scrolling=\"no\"><\/iframe>","_oembed_time_e6540f543bd7aaf4669b4cc175a4cfee":"1622992229","_oembed_b52a67ff8928fa44fcd49e83f923c90a":"<blockquote class=\"wp-embedded-content\" data-secret=\"aP86k7gw9Q\"><a href=\"https:\/\/www.varesenews.it\/2021\/06\/esplorazioni-natura-lucciole-meraviglia-nel-weekend-dei-bambini\/1346974\/\">Esplorazioni di natura, lucciole e meraviglia nel weekend dei bambini<\/a><\/blockquote><iframe class=\"wp-embedded-content\" sandbox=\"allow-scripts\" security=\"restricted\" style=\"position: absolute; clip: rect(1px, 1px, 1px, 1px);\" src=\"https:\/\/www.varesenews.it\/2021\/06\/esplorazioni-natura-lucciole-meraviglia-nel-weekend-dei-bambini\/1346974\/embed\/#?secret=aP86k7gw9Q\" data-secret=\"aP86k7gw9Q\" width=\"500\" height=\"282\" title=\"&#8220;Esplorazioni di natura, lucciole e meraviglia nel weekend dei bambini&#8221; &#8212; VareseNews\" frameborder=\"0\" marginwidth=\"0\" marginheight=\"0\" scrolling=\"no\"><\/iframe>","_oembed_time_b52a67ff8928fa44fcd49e83f923c90a":"1622992230","_oembed_7135b302a35d6a742b4a2c111612a700":"<iframe width=\"500\" height=\"281\" src=\"https:\/\/www.youtube.com\/embed\/TvqD5DXlDA0?feature=oembed\" frameborder=\"0\" allow=\"accelerometer; autoplay; clipboard-write; encrypted-media; gyroscope; picture-in-picture\" allowfullscreen><\/iframe>","_oembed_time_7135b302a35d6a742b4a2c111612a700":"1622992230"},"photos":[{"original":"https:\/\/staging.varesenews.it\/photogallery_new\/images\/2021\/06\/calcio-citt-di-varese-saluzzo-1227101.jpg","full":"https:\/\/staging.varesenews.it\/photogallery_new\/images\/2021\/06\/calcio-citt-di-varese-saluzzo-1227101.1024x768.jpg","large":"https:\/\/staging.varesenews.it\/photogallery_new\/images\/2021\/06\/calcio-citt-di-varese-saluzzo-1227101.610x431.jpg"}],"_links":{"self":[{"href":"https:\/\/staging.varesenews.it\/swgapi\/v1\/wp\/v2\/posts\/1347372"}],"collection":[{"href":"https:\/\/staging.varesenews.it\/swgapi\/v1\/wp\/v2\/posts"}],"about":[{"href":"https:\/\/staging.varesenews.it\/swgapi\/v1\/wp\/v2\/types\/post"}],"author":[{"embeddable":true,"href":"https:\/\/staging.varesenews.it\/swgapi\/v1\/wp\/v2\/users\/37"}],"replies":[{"embeddable":true,"href":"https:\/\/staging.varesenews.it\/swgapi\/v1\/wp\/v2\/comments?post=1347372"}],"version-history":[{"count":0,"href":"https:\/\/staging.varesenews.it\/swgapi\/v1\/wp\/v2\/posts\/1347372\/revisions"}],"wp:attachment":[{"href":"https:\/\/staging.varesenews.it\/swgapi\/v1\/wp\/v2\/media?parent=1347372"}],"wp:term":[{"taxonomy":"category","embeddable":true,"href":"https:\/\/staging.varesenews.it\/swgapi\/v1\/wp\/v2\/categories?post=1347372"},{"taxonomy":"post_tag","embeddable":true,"href":"https:\/\/staging.varesenews.it\/swgapi\/v1\/wp\/v2\/tags?post=1347372"}],"curies":[{"name":"wp","href":"https:\/\/api.w.org\/{rel}","templated":true}]}}