{"id":1348578,"date":"2021-06-09T11:29:12","date_gmt":"2021-06-09T09:29:12","guid":{"rendered":"https:\/\/www.varesenews.it\/?p=1348578"},"modified":"2021-06-09T11:29:12","modified_gmt":"2021-06-09T09:29:12","slug":"filo-spinato-la-danza-razzismo","status":"publish","type":"post","link":"https:\/\/staging.varesenews.it\/2021\/06\/filo-spinato-la-danza-razzismo\/1348578\/","title":{"rendered":"&#8220;Filo spinato&#8221;, la danza contro il razzismo"},"content":{"rendered":"<blockquote><p><span style=\"color: #ff0000;\"><strong>NOTIZIARIO UISP<\/strong><\/span> del 9 giugno 2021<\/p><\/blockquote>\n<p><strong>L\u2019EVENTO &#8211; &#8220;Filo spinato&#8221;, contro il razzismo con la danza<br \/>\n<\/strong>Lo sport come lotta contro le discriminazioni, come mezzo di inclusione e partecipazione sociale. \u00c8 stato questo il senso dell\u2019evento Uisp Roma<strong>\u00a0&#8220;Filo Spinato. Il diritto al movimento tagliando stereotipi e confini&#8221;<\/strong>,\u00a0che ha messo al centro la <strong>danza, la recitazione e lo sport<\/strong> come veicolo di messaggi positivi e inclusivi. Lo spettacolo teatrale \u00e8 andato in scena a <strong>Frascati, nello spazio teatro Faber<\/strong>, domenica 30 maggio alle 18, pubblico solo con invito, per rispettare le normative vigenti, ma <a href=\"https:\/\/www.facebook.com\/watch\/live\/?v=820636892209085&amp;ref=watch_permalink\" target=\"_blank\" rel=\"noopener\">\u00e8 stato trasmesso online ed \u00e8 tuttora\u00a0<strong>visibile su Facebook<\/strong><\/a>. Il progetto dell&#8217;Uisp Roma ha visto la collaborazione dell\u2019Unar-Ufficio nazionale contro le discriminazioni razziali, che ha promosso anche quest\u2019anno la\u00a0XVII settimana d\u2019azione contro il razzismo.<\/p>\n<p><strong>38 i progetti presentati<\/strong> per questa occasione, sotto lo slogan &#8220;Keep racism out&#8221;, teniamo fuori il razzismo da tutte le realt\u00e0 sportive. E, ancora una volta, lo strumento pi\u00f9 efficace \u00e8 la creativit\u00e0, l\u2019arte, il movimento del corpo. Come ha spiegato\u00a0<strong>Daniela Conti,<\/strong> responsabile delle Politiche dell\u2019interculturalit\u00e0 e della cooperazione Uisp: \u00abLo sport per tutti \u00e8 un linguaggio che non ha bisogno di traduzioni. Ma che arriva proprio l\u00ec, dove c\u2019\u00e8 bisogno\u00bb.<\/p>\n<p><strong>GINNASTICHE &#8211; Elisa Perri: una mamma sul podio dello sport per tutti<\/strong><\/p>\n<p>Cos\u2019\u00e8, davvero, lo sport per tutti? Per capirlo, basta guardare la <strong>foto di Sandro Fabiani<\/strong>: siamo ai <strong>Campionati nazionali delle Ginnastiche Uisp nazionale<\/strong>, che si sono svolti pochi giorni fa a <strong>Cesenatico,<\/strong> con oltre <strong>4.500 partecipanti<\/strong>. In gara ci sono anche categorie over, dai 24 anni in su, con ginnaste e ginnasti che hanno ripreso dopo anni di pausa.<br \/>\nAi Campionati nazionali delle Ginnastiche Uisp nazionale, lo scorso fine settimana, ha gareggiato <strong>Elisa Perri, rientrata in pedana<\/strong> a pochi mesi dal parto. \u00c8 stato un bellissimo esempio di Sport Per Tutti e Tutte, un momento emozionante ed una rivincita contro tutti coloro che credono che la maternit\u00e0, per le donne, non possa far altro che essere un ostacolo.<br \/>\n<strong>Elisa \u00e8 arrivata terza<\/strong>, gareggiando con grinta e determinazione contro due ginnaste molto pi\u00f9 giovani. Ha dimostrato a tutti che la passione, quella vera, \u00e8 in grado di vincere ogni difficolt\u00e0.<br \/>\nOltre ad essere un&#8217;atleta, Elisa <strong>\u00e8 anche un&#8217;allenatrice ed ha accompagnato le sue ragazze in gara, per 10 giorni<\/strong>, portando sempre con s\u00e9 la sua bellissima Sofia. Al primo post la bravissima <strong>Sarah Ricc\u00f2<\/strong> che \u00e8 anche vice-responsabile nazionale della ginnastica acrobatica Uisp.<\/p>\n<p><strong>ATLETICA PARALIMPICA &#8211; Valentina Petrillo: la prima trans in gare internazionali<\/strong><\/p>\n<p><strong>Valentina Petrillo<\/strong> \u00e8 stata la prima atleta transgender italiana ad indossare la maglia della Nazionale in una competizione internazionale: dal 1 al 5 giugno ha partecipato ai <strong>Campionati Paralimpici Europei di Atletica Leggera di<\/strong>\u00a0<strong>Bydgoszcz<\/strong> in Polonia. Il 3 giugno ci sono state le qualificazioni dei 400m e venerd\u00ec 4 giugno le finali. Il sogno di Valentina \u00e8 di staccare il pass per le Olimpiadi di Tokyo e di difendere i colori azzurri nella <strong>categoria<\/strong> <strong>T13, ipovedenti<\/strong>. Valentina Petrillo, atleta ipovedente, si \u00e8 presentata in Polonia con il record italiano di 1\u201900\u2019\u201931 sui 400m, stabilito il 22 maggio a Faenza e lo ha <strong>battuto,<\/strong> arrivando in finale agli Europei.<br \/>\nLa corsa di Valentina procede di pari passo con lo sviluppo del film documentario <strong>\u201c5 nanomoli &#8211; Il sogno olimpico di una donna trans\u201d<\/strong>, per la regia di Elisa Mereghetti e Marco Mensa, prodotto da Ethnos, Gruppo Trans APS e dalla societ\u00e0 di produzione giapponese Daruma Inc, con il patrocinio di Uisp, Arcigay e del Comune di Bologna. Attualmente in lavorazione, il film conta sulla consulenza di Joanna Harper, medico canadese autrice di numerosi studi sugli atleti transgender, e sul supporto di numerose associazioni lgbt europee.<br \/>\n\u00ab<strong>Correre per l\u2019Italia significa coronare il sogno che avevo sin da bambina<\/strong> \u2013 dice Valentina Petrillo &#8211; Credo che la mia presenza in Polonia possa essere un segnale forte per il riconoscimento dei diritti delle donne e delle persone Lgbtiq, sia in quel Paese, sia in tutto il mondo. La Fispes, Federazione Italiana Sport Paralimpici e Sperimentali, mi sostiene, insieme a Uisp, Gruppo Trans APS e Ethnos. Sta finalmente emergendo la mia figura di donna sportiva, <strong>insieme ai miei risultati, rispetto al mio percorso di transizione<\/strong>. Un grosso segnale di apertura e di inclusione\u00bb.<\/p>\n<blockquote><p><span style=\"color: #008000;\"><strong>SPECIALE UISP<\/strong><\/span>\u00a0\u2013\u00a0<a href=\"https:\/\/www.varesenews.it\/tag\/speciale-uisp\/\">Tutti gli articoli di VareseNews<\/a><\/p><\/blockquote>\n","protected":false},"excerpt":{"rendered":"<p>Lo spettacolo teatrale \u00e8 andato in scena a Frascati ma \u00e8 ancora disponibile online &#8211; Elisa e Valentina, due storie di sport che regalano speranza<\/p>\n","protected":false},"author":38,"featured_media":0,"comment_status":"open","ping_status":"open","sticky":false,"template":"","format":"standard","meta":{"footnotes":""},"categories":[9,14],"tags":[104646,104640],"acf":[],"yoast_head":"<!-- This site is optimized with the Yoast SEO plugin v20.1 - https:\/\/yoast.com\/wordpress\/plugins\/seo\/ -->\n<title>&quot;Filo spinato&quot;, la danza contro il razzismo<\/title>\n<meta name=\"description\" content=\"Lo spettacolo teatrale \u00e8 andato in scena a Frascati ma \u00e8 ancora disponibile online - Elisa e Valentina, due storie di sport che regalano speranza\" \/>\n<meta name=\"robots\" content=\"noindex, follow, max-snippet:-1, max-image-preview:large, max-video-preview:-1\" \/>\n<meta property=\"og:locale\" content=\"it_IT\" \/>\n<meta property=\"og:type\" content=\"article\" \/>\n<meta property=\"og:title\" content=\"&quot;Filo spinato&quot;, la danza contro il razzismo\" \/>\n<meta property=\"og:description\" content=\"Lo spettacolo teatrale \u00e8 andato in scena a Frascati ma \u00e8 ancora disponibile online - Elisa e Valentina, due storie di sport che regalano speranza\" \/>\n<meta property=\"og:url\" content=\"https:\/\/staging.varesenews.it\/2021\/06\/filo-spinato-la-danza-razzismo\/1348578\/\" \/>\n<meta property=\"og:site_name\" content=\"VareseNews\" \/>\n<meta property=\"article:publisher\" content=\"https:\/\/www.facebook.com\/varesenews\" \/>\n<meta property=\"article:published_time\" content=\"2021-06-09T09:29:12+00:00\" \/>\n<meta name=\"author\" content=\"Damiano Franzetti\" \/>\n<meta name=\"twitter:card\" content=\"summary_large_image\" \/>\n<meta name=\"twitter:creator\" content=\"@damianofranz\" \/>\n<meta name=\"twitter:site\" content=\"@varesenews\" \/>\n<meta name=\"twitter:label1\" content=\"Scritto da\" \/>\n\t<meta name=\"twitter:data1\" content=\"Damiano Franzetti\" \/>\n\t<meta name=\"twitter:label2\" content=\"Tempo di lettura stimato\" \/>\n\t<meta name=\"twitter:data2\" content=\"3 minuti\" \/>\n<script type=\"application\/ld+json\" class=\"yoast-schema-graph\">{\"@context\":\"https:\/\/schema.org\",\"@graph\":[{\"@type\":\"WebPage\",\"@id\":\"https:\/\/staging.varesenews.it\/2021\/06\/filo-spinato-la-danza-razzismo\/1348578\/\",\"url\":\"https:\/\/staging.varesenews.it\/2021\/06\/filo-spinato-la-danza-razzismo\/1348578\/\",\"name\":\"\\\"Filo spinato\\\", la danza contro il razzismo\",\"isPartOf\":{\"@id\":\"https:\/\/staging.varesenews.it\/#website\"},\"datePublished\":\"2021-06-09T09:29:12+00:00\",\"dateModified\":\"2021-06-09T09:29:12+00:00\",\"author\":{\"@id\":\"https:\/\/staging.varesenews.it\/#\/schema\/person\/709ae3769f6b4dbde8ec332baede8a5b\"},\"description\":\"Lo spettacolo teatrale \u00e8 andato in scena a Frascati ma \u00e8 ancora disponibile online - Elisa e Valentina, due storie di sport che regalano speranza\",\"breadcrumb\":{\"@id\":\"https:\/\/staging.varesenews.it\/2021\/06\/filo-spinato-la-danza-razzismo\/1348578\/#breadcrumb\"},\"inLanguage\":\"it-IT\",\"potentialAction\":[{\"@type\":\"ReadAction\",\"target\":[\"https:\/\/staging.varesenews.it\/2021\/06\/filo-spinato-la-danza-razzismo\/1348578\/\"]}]},{\"@type\":\"BreadcrumbList\",\"@id\":\"https:\/\/staging.varesenews.it\/2021\/06\/filo-spinato-la-danza-razzismo\/1348578\/#breadcrumb\",\"itemListElement\":[{\"@type\":\"ListItem\",\"position\":1,\"name\":\"Home\",\"item\":\"https:\/\/www.varesenews.it\/\"},{\"@type\":\"ListItem\",\"position\":2,\"name\":\"&#8220;Filo spinato&#8221;, la danza contro il razzismo\"}]},{\"@type\":\"WebSite\",\"@id\":\"https:\/\/staging.varesenews.it\/#website\",\"url\":\"https:\/\/staging.varesenews.it\/\",\"name\":\"VareseNews\",\"description\":\"\",\"potentialAction\":[{\"@type\":\"SearchAction\",\"target\":{\"@type\":\"EntryPoint\",\"urlTemplate\":\"https:\/\/staging.varesenews.it\/?s={search_term_string}\"},\"query-input\":\"required name=search_term_string\"}],\"inLanguage\":\"it-IT\"},{\"@type\":\"Person\",\"@id\":\"https:\/\/staging.varesenews.it\/#\/schema\/person\/709ae3769f6b4dbde8ec332baede8a5b\",\"name\":\"Damiano Franzetti\",\"image\":{\"@type\":\"ImageObject\",\"inLanguage\":\"it-IT\",\"@id\":\"https:\/\/staging.varesenews.it\/#\/schema\/person\/image\/\",\"url\":\"https:\/\/staging.varesenews.it\/wp-content\/uploads\/2020\/12\/damiano_franzetti_colori_500.jpg\",\"contentUrl\":\"https:\/\/staging.varesenews.it\/wp-content\/uploads\/2020\/12\/damiano_franzetti_colori_500.jpg\",\"caption\":\"Damiano Franzetti\"},\"description\":\"Classe 1976, una laurea (nel cassetto) in scienze e tecnologie alimentari; sono giornalista professionista dal 2009 nato e cresciuto con VareseNews dove mi occupo soprattutto di sport ormai da vent&rsquo;anni. Inviato sui campi (sulle piste, sulle strade...), intervistatore, coordinatore e responsabile delle pagine sportive, mi ritaglio volentieri lo spazio per scrivere di birra sul blog Malto Gradimento. Ho seguito innumerevoli campionati di Serie A di basket, di serie B di calcio, due Mondiali di ciclismo, qualche Giro d&rsquo;;Italia e tanto altro ancora. Collaboro con Tuttosport e altre testate, mi diletto di social. Ho una moglie, un figlio, vivo nella mia Gemonio e ho purtroppo smesso con il basket giocato. &nbsp;\",\"sameAs\":[\"damianofranz\",\"https:\/\/www.linkedin.com\/profile\/view?id=241597124&trk=nav_responsive_tab_profile\",\"https:\/\/twitter.com\/damianofranz\"],\"url\":\"https:\/\/staging.varesenews.it\/persona\/damiano_franzetti-2\/\"}]}<\/script>\n<!-- \/ Yoast SEO plugin. -->","yoast_head_json":{"title":"\"Filo spinato\", la danza contro il razzismo","description":"Lo spettacolo teatrale \u00e8 andato in scena a Frascati ma \u00e8 ancora disponibile online - Elisa e Valentina, due storie di sport che regalano speranza","robots":{"index":"noindex","follow":"follow","max-snippet":"max-snippet:-1","max-image-preview":"max-image-preview:large","max-video-preview":"max-video-preview:-1"},"og_locale":"it_IT","og_type":"article","og_title":"\"Filo spinato\", la danza contro il razzismo","og_description":"Lo spettacolo teatrale \u00e8 andato in scena a Frascati ma \u00e8 ancora disponibile online - Elisa e Valentina, due storie di sport che regalano speranza","og_url":"https:\/\/staging.varesenews.it\/2021\/06\/filo-spinato-la-danza-razzismo\/1348578\/","og_site_name":"VareseNews","article_publisher":"https:\/\/www.facebook.com\/varesenews","article_published_time":"2021-06-09T09:29:12+00:00","author":"Damiano Franzetti","twitter_card":"summary_large_image","twitter_creator":"@damianofranz","twitter_site":"@varesenews","twitter_misc":{"Scritto da":"Damiano Franzetti","Tempo di lettura stimato":"3 minuti"},"schema":{"@context":"https:\/\/schema.org","@graph":[{"@type":"WebPage","@id":"https:\/\/staging.varesenews.it\/2021\/06\/filo-spinato-la-danza-razzismo\/1348578\/","url":"https:\/\/staging.varesenews.it\/2021\/06\/filo-spinato-la-danza-razzismo\/1348578\/","name":"\"Filo spinato\", la danza contro il razzismo","isPartOf":{"@id":"https:\/\/staging.varesenews.it\/#website"},"datePublished":"2021-06-09T09:29:12+00:00","dateModified":"2021-06-09T09:29:12+00:00","author":{"@id":"https:\/\/staging.varesenews.it\/#\/schema\/person\/709ae3769f6b4dbde8ec332baede8a5b"},"description":"Lo spettacolo teatrale \u00e8 andato in scena a Frascati ma \u00e8 ancora disponibile online - Elisa e Valentina, due storie di sport che regalano speranza","breadcrumb":{"@id":"https:\/\/staging.varesenews.it\/2021\/06\/filo-spinato-la-danza-razzismo\/1348578\/#breadcrumb"},"inLanguage":"it-IT","potentialAction":[{"@type":"ReadAction","target":["https:\/\/staging.varesenews.it\/2021\/06\/filo-spinato-la-danza-razzismo\/1348578\/"]}]},{"@type":"BreadcrumbList","@id":"https:\/\/staging.varesenews.it\/2021\/06\/filo-spinato-la-danza-razzismo\/1348578\/#breadcrumb","itemListElement":[{"@type":"ListItem","position":1,"name":"Home","item":"https:\/\/www.varesenews.it\/"},{"@type":"ListItem","position":2,"name":"&#8220;Filo spinato&#8221;, la danza contro il razzismo"}]},{"@type":"WebSite","@id":"https:\/\/staging.varesenews.it\/#website","url":"https:\/\/staging.varesenews.it\/","name":"VareseNews","description":"","potentialAction":[{"@type":"SearchAction","target":{"@type":"EntryPoint","urlTemplate":"https:\/\/staging.varesenews.it\/?s={search_term_string}"},"query-input":"required name=search_term_string"}],"inLanguage":"it-IT"},{"@type":"Person","@id":"https:\/\/staging.varesenews.it\/#\/schema\/person\/709ae3769f6b4dbde8ec332baede8a5b","name":"Damiano Franzetti","image":{"@type":"ImageObject","inLanguage":"it-IT","@id":"https:\/\/staging.varesenews.it\/#\/schema\/person\/image\/","url":"https:\/\/staging.varesenews.it\/wp-content\/uploads\/2020\/12\/damiano_franzetti_colori_500.jpg","contentUrl":"https:\/\/staging.varesenews.it\/wp-content\/uploads\/2020\/12\/damiano_franzetti_colori_500.jpg","caption":"Damiano Franzetti"},"description":"Classe 1976, una laurea (nel cassetto) in scienze e tecnologie alimentari; sono giornalista professionista dal 2009 nato e cresciuto con VareseNews dove mi occupo soprattutto di sport ormai da vent&rsquo;anni. Inviato sui campi (sulle piste, sulle strade...), intervistatore, coordinatore e responsabile delle pagine sportive, mi ritaglio volentieri lo spazio per scrivere di birra sul blog Malto Gradimento. Ho seguito innumerevoli campionati di Serie A di basket, di serie B di calcio, due Mondiali di ciclismo, qualche Giro d&rsquo;;Italia e tanto altro ancora. Collaboro con Tuttosport e altre testate, mi diletto di social. Ho una moglie, un figlio, vivo nella mia Gemonio e ho purtroppo smesso con il basket giocato. &nbsp;","sameAs":["damianofranz","https:\/\/www.linkedin.com\/profile\/view?id=241597124&trk=nav_responsive_tab_profile","https:\/\/twitter.com\/damianofranz"],"url":"https:\/\/staging.varesenews.it\/persona\/damiano_franzetti-2\/"}]}},"post_meta":{"_edit_lock":"1623231933:38","_edit_last":"38","_category_permalink":"a:1:{s:8:\"category\";s:2:\"14\";}","_encloseme":"1","ratings_users":"0","ratings_score":"0","ratings_average":"0","foto":"791508","firma-personalizzata":"A cura di Uisp Varese","argomento":"Notiziario UISP","_yoast_wpseo_content_score":"30","_jd_tweet_this":"yes","_wpt_short_url":"https:\/\/www.varesenews.it\/2021\/06\/filo-spinato-la-danza-razzismo\/1348578\/","_wp_jd_target":"https:\/\/www.varesenews.it\/2021\/06\/filo-spinato-la-danza-razzismo\/1348578\/","_jd_wp_twitter":"a:1:{i:0;s:151:\"\u201cFilo spinato\u201d, la danza contro il razzismo https:\/\/www.varesenews.it\/2021\/06\/filo-spinato-la-danza-razzismo\/1348578\/ #notiziariouisp #specialeuisp\";}","_wpt_status_message":"Tweet inviato con successo."},"photos":[{"original":"https:\/\/staging.varesenews.it\/photogallery_new\/images\/2020\/03\/notiziario-uisp-varese-791508.jpg","full":"https:\/\/staging.varesenews.it\/photogallery_new\/images\/2020\/03\/notiziario-uisp-varese-791508.1024x768.jpg","large":"https:\/\/staging.varesenews.it\/photogallery_new\/images\/2020\/03\/notiziario-uisp-varese-791508.610x431.jpg"}],"_links":{"self":[{"href":"https:\/\/staging.varesenews.it\/swgapi\/v1\/wp\/v2\/posts\/1348578"}],"collection":[{"href":"https:\/\/staging.varesenews.it\/swgapi\/v1\/wp\/v2\/posts"}],"about":[{"href":"https:\/\/staging.varesenews.it\/swgapi\/v1\/wp\/v2\/types\/post"}],"author":[{"embeddable":true,"href":"https:\/\/staging.varesenews.it\/swgapi\/v1\/wp\/v2\/users\/38"}],"replies":[{"embeddable":true,"href":"https:\/\/staging.varesenews.it\/swgapi\/v1\/wp\/v2\/comments?post=1348578"}],"version-history":[{"count":0,"href":"https:\/\/staging.varesenews.it\/swgapi\/v1\/wp\/v2\/posts\/1348578\/revisions"}],"wp:attachment":[{"href":"https:\/\/staging.varesenews.it\/swgapi\/v1\/wp\/v2\/media?parent=1348578"}],"wp:term":[{"taxonomy":"category","embeddable":true,"href":"https:\/\/staging.varesenews.it\/swgapi\/v1\/wp\/v2\/categories?post=1348578"},{"taxonomy":"post_tag","embeddable":true,"href":"https:\/\/staging.varesenews.it\/swgapi\/v1\/wp\/v2\/tags?post=1348578"}],"curies":[{"name":"wp","href":"https:\/\/api.w.org\/{rel}","templated":true}]}}