{"id":1348887,"date":"2021-06-10T08:44:07","date_gmt":"2021-06-10T06:44:07","guid":{"rendered":"https:\/\/www.varesenews.it\/?p=1348887"},"modified":"2021-06-10T08:44:07","modified_gmt":"2021-06-10T06:44:07","slug":"elia-origoni-uscito-dallospedale-finalmente-rientro-al-campo-base","status":"publish","type":"post","link":"https:\/\/staging.varesenews.it\/2021\/06\/elia-origoni-uscito-dallospedale-finalmente-rientro-al-campo-base\/1348887\/","title":{"rendered":"Elia Origoni \u00e8 uscito dall&#8217;ospedale: \u00abFinalmente rientro al &#8220;campo base&#8221;\u00bb"},"content":{"rendered":"<p>Elia Origoni ha lasciato l&#8217;ospedale ed \u00e8 tornato a casa, dopo l&#8217;incidente in montagna.Il ragazzo di 29anni di Besozzo che <strong>stava percorrendo a piedi tutta l\u2019Italia lungo il sentiero del Cai,<\/strong> sabato 29 maggio attraversando le pendici del Monte Prado, la montagna pi\u00f9 alta della toscana, \u00e8 stato travolto da una slavina. Soccorso da un elicottero \u00e8 stato trasportato in ospedale: l\u2019incidente, che poteva avere conseguenze molto serie, si \u00e8 risolto con due costole rotte e un po\u2019 di contusioni.<br \/>\nElia \u00e8 tornato a casa ma <strong>per ora il suo viaggio si interrompe qui<\/strong>. <div class=\"related-posts related-01\"><h4>Leggi anche<\/h4><ul><li><a title=\"In Solitaria: il racconto di Elia Origoni, partito dalle &#8220;terre del vento&#8221; di Santa Teresa di Gallura\" target=\"_blank\" href=\"https:\/\/staging.varesenews.it\/2021\/02\/solitaria-racconto-elia-origoni-partito-dalle-terre-del-vento-santa-teresa-gallura\/1307320\/\"><strong>In Solitaria <\/strong> - In Solitaria: il racconto di Elia Origoni, partito dalle &#8220;terre del vento&#8221; di Santa Teresa di Gallura<\/a><\/li><li><a title=\"Travolto da una slavina e soccorso in elicottero il giovane varesino che attraversa l&#8217;Italia a piedi\" target=\"_blank\" href=\"https:\/\/staging.varesenews.it\/2021\/05\/travolto-slavina-soccorso-elicottero-giovane-varesino-attraversa-litalia-piedi\/1345489\/\"><strong>Toscana - Varese <\/strong> - Travolto da una slavina e soccorso in elicottero il giovane varesino che attraversa l&#8217;Italia a piedi<\/a><\/li><\/ul><\/div><\/p>\n<p>&#8212;&#8212;&#8212;&#8211;<\/p>\n<p><strong>Dopo dieci giorni di degenza ospedaliera, eccomi finalmente a fare ritorno a casa<\/strong>. Mi sembra quasi strano poter togliere il pigiama, infilare tutte le poche cose nello zainetto, mettermi le scarpe e salutare i compagni di camera, medici e infermieri, che per pi\u00f9 di una settimana sono stati la mia famiglia. Un po&#8217; odiati, per i tamponi mattutini (alle 5.30&#8230;) e un po&#8217; amati per quando ti allungavano un frutto in pi\u00f9 dopo i pasti.<\/p>\n<p>Ma ora \u00e8 giunto il momento di rientrare al Campo Base. Muovo finalmente i primi passi al di fuori della camera. Cammino deciso, sulle gambe ancora un po&#8217; doloranti, lungo il corridoio. Nelle finestrelle della porta di fronte a me vedo le facce felici di mio pap\u00e0 e di Giulia, venuti a prendermi. Sorrisi immensi, che si percepiscono chiari anche se dietro una mascherina. E poi sono caldi abbracci, non troppo forti, per non infastidire le mie costole\u00a0rotte.<\/p>\n<p><strong>Il viaggio in macchina passa veloce, fino ad arrivare alla sagoma inconfondibile del Poncione di Ganna<\/strong>, che ti accoglie e ti da il benvenuto lungo gli ultimi chilometri sull&#8217;Autostrada del Laghi. E&#8217; \u00a0sempre lui che, tutte le volte che rientro da un viaggio, mi d\u00e0 per primo il bentornato a casa.<\/p>\n<p>E finalmente casa. Sembra di averla lasciata solo qualche giorno fa. Giusto il tempo di togliere giacca e scarpe, e una bottiglia di vino \u00e8 gi\u00e0 aperta in mezzo al tavolo, finendo la serata tra\u00a0chiacchiere e racconti.<\/p>\n<p><strong>Ora inizia un lungo periodo, dove riposo e fisioterapia saranno alla base delle mie giornate, per sperare di rimettermi in forma al pi\u00f9 presto!<\/strong><\/p>\n<p>Le tre (o quattro&#8230;non si capisce bene&#8230;) costole rotte sono la cosa che mi preoccupa meno. Quello che mi preoccupa di pi\u00f9 \u00e8 una caviglia, che ha subito una forte distorsione, e un ginocchio che \u00e8 ancora leggermente gonfio e dolorante.<\/p>\n<p><strong>Per questo motivo non voglio fare previsioni azzardate sul futuro e su quello che far\u00f2<\/strong>. Aspetter\u00f2 che il corpo si sia perfettamente ripreso e sia in forze, per decidere se proseguire in questa fantastica avventura o terminarla qui.<\/p>\n<p>Andando troppo in l\u00e0 con il tempo, infatti, potrei rischiare di\u00a0<strong>incappare nelle prime nevicate autunnali<\/strong>, rischio da non sottovalutare (anche perch\u00e9 di neve ne ho gi\u00e0 presa abbastanza quest&#8217;anno!). Prender\u00f2 in considerazione ogni minimo dettaglio, e poi decider\u00f2 il da farsi.<\/p>\n<p>Per ora mi dedico a riprendere le energie, fare esercizi e cercare di recuperare al meglio, vivendo positivamente ogni momento.<\/p>\n","protected":false},"excerpt":{"rendered":"<p>Il &#8220;campo base&#8221;, per ora, \u00e8 il salotto di casa. Il ragazzo di Besozzo che stava percorrendo a piedi tutta l\u2019Italia lungo il sentiero del Cai, e che \u00e8 stato travolto da una slavina, ha interrotto la sua impresa<\/p>\n","protected":false},"author":49,"featured_media":0,"comment_status":"open","ping_status":"open","sticky":false,"template":"","format":"standard","meta":{"footnotes":""},"categories":[2],"tags":[41627,2332,115441],"acf":[],"yoast_head":"<!-- This site is optimized with the Yoast SEO plugin v20.1 - https:\/\/yoast.com\/wordpress\/plugins\/seo\/ -->\n<title>Elia Origoni \u00e8 uscito dall&#039;ospedale: \u00abFinalmente rientro al &quot;campo base&quot;\u00bb<\/title>\n<meta name=\"description\" content=\"Il &quot;campo base&quot;, per ora, \u00e8 il salotto di casa. Il ragazzo di Besozzo che stava percorrendo a piedi tutta l\u2019Italia lungo il sentiero del Cai, e che \u00e8 stato travolto da una slavina, ha interrotto la sua impresa\" \/>\n<meta name=\"robots\" content=\"noindex, follow, max-snippet:-1, max-image-preview:large, max-video-preview:-1\" \/>\n<meta property=\"og:locale\" content=\"it_IT\" \/>\n<meta property=\"og:type\" content=\"article\" \/>\n<meta property=\"og:title\" content=\"Elia Origoni \u00e8 uscito dall&#039;ospedale: \u00abFinalmente rientro al &quot;campo base&quot;\u00bb\" \/>\n<meta property=\"og:description\" content=\"Il &quot;campo base&quot;, per ora, \u00e8 il salotto di casa. Il ragazzo di Besozzo che stava percorrendo a piedi tutta l\u2019Italia lungo il sentiero del Cai, e che \u00e8 stato travolto da una slavina, ha interrotto la sua impresa\" \/>\n<meta property=\"og:url\" content=\"https:\/\/staging.varesenews.it\/2021\/06\/elia-origoni-uscito-dallospedale-finalmente-rientro-al-campo-base\/1348887\/\" \/>\n<meta property=\"og:site_name\" content=\"VareseNews\" \/>\n<meta property=\"article:publisher\" content=\"https:\/\/www.facebook.com\/varesenews\" \/>\n<meta property=\"article:author\" content=\"https:\/\/www.facebook.com\/roberta.bertolini.9\" \/>\n<meta property=\"article:published_time\" content=\"2021-06-10T06:44:07+00:00\" \/>\n<meta name=\"author\" content=\"Roberta Bertolini\" \/>\n<meta name=\"twitter:card\" content=\"summary_large_image\" \/>\n<meta name=\"twitter:creator\" content=\"@robybertolini\" \/>\n<meta name=\"twitter:site\" content=\"@varesenews\" \/>\n<meta name=\"twitter:label1\" content=\"Scritto da\" \/>\n\t<meta name=\"twitter:data1\" content=\"Roberta Bertolini\" \/>\n\t<meta name=\"twitter:label2\" content=\"Tempo di lettura stimato\" \/>\n\t<meta name=\"twitter:data2\" content=\"2 minuti\" \/>\n<script type=\"application\/ld+json\" class=\"yoast-schema-graph\">{\"@context\":\"https:\/\/schema.org\",\"@graph\":[{\"@type\":\"WebPage\",\"@id\":\"https:\/\/staging.varesenews.it\/2021\/06\/elia-origoni-uscito-dallospedale-finalmente-rientro-al-campo-base\/1348887\/\",\"url\":\"https:\/\/staging.varesenews.it\/2021\/06\/elia-origoni-uscito-dallospedale-finalmente-rientro-al-campo-base\/1348887\/\",\"name\":\"Elia Origoni \u00e8 uscito dall'ospedale: \u00abFinalmente rientro al \\\"campo base\\\"\u00bb\",\"isPartOf\":{\"@id\":\"https:\/\/staging.varesenews.it\/#website\"},\"datePublished\":\"2021-06-10T06:44:07+00:00\",\"dateModified\":\"2021-06-10T06:44:07+00:00\",\"author\":{\"@id\":\"https:\/\/staging.varesenews.it\/#\/schema\/person\/58fbd3e567d5c00f0a64d5137fef3e68\"},\"description\":\"Il \\\"campo base\\\", per ora, \u00e8 il salotto di casa. Il ragazzo di Besozzo che stava percorrendo a piedi tutta l\u2019Italia lungo il sentiero del Cai, e che \u00e8 stato travolto da una slavina, ha interrotto la sua impresa\",\"breadcrumb\":{\"@id\":\"https:\/\/staging.varesenews.it\/2021\/06\/elia-origoni-uscito-dallospedale-finalmente-rientro-al-campo-base\/1348887\/#breadcrumb\"},\"inLanguage\":\"it-IT\",\"potentialAction\":[{\"@type\":\"ReadAction\",\"target\":[\"https:\/\/staging.varesenews.it\/2021\/06\/elia-origoni-uscito-dallospedale-finalmente-rientro-al-campo-base\/1348887\/\"]}]},{\"@type\":\"BreadcrumbList\",\"@id\":\"https:\/\/staging.varesenews.it\/2021\/06\/elia-origoni-uscito-dallospedale-finalmente-rientro-al-campo-base\/1348887\/#breadcrumb\",\"itemListElement\":[{\"@type\":\"ListItem\",\"position\":1,\"name\":\"Home\",\"item\":\"https:\/\/www.varesenews.it\/\"},{\"@type\":\"ListItem\",\"position\":2,\"name\":\"Elia Origoni \u00e8 uscito dall&#8217;ospedale: \u00abFinalmente rientro al &#8220;campo base&#8221;\u00bb\"}]},{\"@type\":\"WebSite\",\"@id\":\"https:\/\/staging.varesenews.it\/#website\",\"url\":\"https:\/\/staging.varesenews.it\/\",\"name\":\"VareseNews\",\"description\":\"\",\"potentialAction\":[{\"@type\":\"SearchAction\",\"target\":{\"@type\":\"EntryPoint\",\"urlTemplate\":\"https:\/\/staging.varesenews.it\/?s={search_term_string}\"},\"query-input\":\"required name=search_term_string\"}],\"inLanguage\":\"it-IT\"},{\"@type\":\"Person\",\"@id\":\"https:\/\/staging.varesenews.it\/#\/schema\/person\/58fbd3e567d5c00f0a64d5137fef3e68\",\"name\":\"Roberta Bertolini\",\"image\":{\"@type\":\"ImageObject\",\"inLanguage\":\"it-IT\",\"@id\":\"https:\/\/staging.varesenews.it\/#\/schema\/person\/image\/\",\"url\":\"https:\/\/staging.varesenews.it\/wp-content\/uploads\/2020\/12\/roberta_bertolini_colori_500.jpg\",\"contentUrl\":\"https:\/\/staging.varesenews.it\/wp-content\/uploads\/2020\/12\/roberta_bertolini_colori_500.jpg\",\"caption\":\"Roberta Bertolini\"},\"description\":\"Giornalista professionista dal 1991, sono passata, ormai molti anni fa, dalla carta al web. Oggi mi occupo di cronaca locale e guardo con curiosit&agrave; ed attenzione il mondo dei social. Parlo poco, ascolto molto.\",\"sameAs\":[\"https:\/\/www.facebook.com\/roberta.bertolini.9\",\"bettabertolini\",\"https:\/\/www.linkedin.com\/hp\/?dnr=v9e-Gp7a6_oxqTuQyZA0Lf4aEi4t91g6wMH\",\"https:\/\/twitter.com\/robybertolini\"],\"url\":\"https:\/\/staging.varesenews.it\/persona\/roberta-bertolini1\/\"}]}<\/script>\n<!-- \/ Yoast SEO plugin. -->","yoast_head_json":{"title":"Elia Origoni \u00e8 uscito dall'ospedale: \u00abFinalmente rientro al \"campo base\"\u00bb","description":"Il \"campo base\", per ora, \u00e8 il salotto di casa. Il ragazzo di Besozzo che stava percorrendo a piedi tutta l\u2019Italia lungo il sentiero del Cai, e che \u00e8 stato travolto da una slavina, ha interrotto la sua impresa","robots":{"index":"noindex","follow":"follow","max-snippet":"max-snippet:-1","max-image-preview":"max-image-preview:large","max-video-preview":"max-video-preview:-1"},"og_locale":"it_IT","og_type":"article","og_title":"Elia Origoni \u00e8 uscito dall'ospedale: \u00abFinalmente rientro al \"campo base\"\u00bb","og_description":"Il \"campo base\", per ora, \u00e8 il salotto di casa. Il ragazzo di Besozzo che stava percorrendo a piedi tutta l\u2019Italia lungo il sentiero del Cai, e che \u00e8 stato travolto da una slavina, ha interrotto la sua impresa","og_url":"https:\/\/staging.varesenews.it\/2021\/06\/elia-origoni-uscito-dallospedale-finalmente-rientro-al-campo-base\/1348887\/","og_site_name":"VareseNews","article_publisher":"https:\/\/www.facebook.com\/varesenews","article_author":"https:\/\/www.facebook.com\/roberta.bertolini.9","article_published_time":"2021-06-10T06:44:07+00:00","author":"Roberta Bertolini","twitter_card":"summary_large_image","twitter_creator":"@robybertolini","twitter_site":"@varesenews","twitter_misc":{"Scritto da":"Roberta Bertolini","Tempo di lettura stimato":"2 minuti"},"schema":{"@context":"https:\/\/schema.org","@graph":[{"@type":"WebPage","@id":"https:\/\/staging.varesenews.it\/2021\/06\/elia-origoni-uscito-dallospedale-finalmente-rientro-al-campo-base\/1348887\/","url":"https:\/\/staging.varesenews.it\/2021\/06\/elia-origoni-uscito-dallospedale-finalmente-rientro-al-campo-base\/1348887\/","name":"Elia Origoni \u00e8 uscito dall'ospedale: \u00abFinalmente rientro al \"campo base\"\u00bb","isPartOf":{"@id":"https:\/\/staging.varesenews.it\/#website"},"datePublished":"2021-06-10T06:44:07+00:00","dateModified":"2021-06-10T06:44:07+00:00","author":{"@id":"https:\/\/staging.varesenews.it\/#\/schema\/person\/58fbd3e567d5c00f0a64d5137fef3e68"},"description":"Il \"campo base\", per ora, \u00e8 il salotto di casa. Il ragazzo di Besozzo che stava percorrendo a piedi tutta l\u2019Italia lungo il sentiero del Cai, e che \u00e8 stato travolto da una slavina, ha interrotto la sua impresa","breadcrumb":{"@id":"https:\/\/staging.varesenews.it\/2021\/06\/elia-origoni-uscito-dallospedale-finalmente-rientro-al-campo-base\/1348887\/#breadcrumb"},"inLanguage":"it-IT","potentialAction":[{"@type":"ReadAction","target":["https:\/\/staging.varesenews.it\/2021\/06\/elia-origoni-uscito-dallospedale-finalmente-rientro-al-campo-base\/1348887\/"]}]},{"@type":"BreadcrumbList","@id":"https:\/\/staging.varesenews.it\/2021\/06\/elia-origoni-uscito-dallospedale-finalmente-rientro-al-campo-base\/1348887\/#breadcrumb","itemListElement":[{"@type":"ListItem","position":1,"name":"Home","item":"https:\/\/www.varesenews.it\/"},{"@type":"ListItem","position":2,"name":"Elia Origoni \u00e8 uscito dall&#8217;ospedale: \u00abFinalmente rientro al &#8220;campo base&#8221;\u00bb"}]},{"@type":"WebSite","@id":"https:\/\/staging.varesenews.it\/#website","url":"https:\/\/staging.varesenews.it\/","name":"VareseNews","description":"","potentialAction":[{"@type":"SearchAction","target":{"@type":"EntryPoint","urlTemplate":"https:\/\/staging.varesenews.it\/?s={search_term_string}"},"query-input":"required name=search_term_string"}],"inLanguage":"it-IT"},{"@type":"Person","@id":"https:\/\/staging.varesenews.it\/#\/schema\/person\/58fbd3e567d5c00f0a64d5137fef3e68","name":"Roberta Bertolini","image":{"@type":"ImageObject","inLanguage":"it-IT","@id":"https:\/\/staging.varesenews.it\/#\/schema\/person\/image\/","url":"https:\/\/staging.varesenews.it\/wp-content\/uploads\/2020\/12\/roberta_bertolini_colori_500.jpg","contentUrl":"https:\/\/staging.varesenews.it\/wp-content\/uploads\/2020\/12\/roberta_bertolini_colori_500.jpg","caption":"Roberta Bertolini"},"description":"Giornalista professionista dal 1991, sono passata, ormai molti anni fa, dalla carta al web. Oggi mi occupo di cronaca locale e guardo con curiosit&agrave; ed attenzione il mondo dei social. Parlo poco, ascolto molto.","sameAs":["https:\/\/www.facebook.com\/roberta.bertolini.9","bettabertolini","https:\/\/www.linkedin.com\/hp\/?dnr=v9e-Gp7a6_oxqTuQyZA0Lf4aEi4t91g6wMH","https:\/\/twitter.com\/robybertolini"],"url":"https:\/\/staging.varesenews.it\/persona\/roberta-bertolini1\/"}]}},"post_meta":{"_edit_lock":"1623309064:49","_edit_last":"49","_category_permalink":"a:1:{s:8:\"category\";s:0:\"\";}","id_leggi_anche":"1307320,1345489","foto":"1227938","firma_come_redazione":"1","argomento":"Besozzo","_yoast_wpseo_content_score":"60","_jd_tweet_this":"yes","_encloseme":"1","ratings_users":"0","ratings_score":"0","ratings_average":"0","_wpt_short_url":"https:\/\/www.varesenews.it\/2021\/06\/elia-origoni-uscito-dallospedale-finalmente-rientro-al-campo-base\/1348887\/","_wp_jd_target":"https:\/\/www.varesenews.it\/2021\/06\/elia-origoni-uscito-dallospedale-finalmente-rientro-al-campo-base\/1348887\/","_jd_wp_twitter":"a:1:{i:0;s:218:\"Elia Origoni \u00e8 uscito dall\u2019ospedale: \u00abFinalmente rientro al \u201ccampo base\u201d\u00bb https:\/\/www.varesenews.it\/2021\/06\/elia-origoni-uscito-dallospedale-finalmente-rientro-al-campo-base\/1348887\/ #Besozzo #cai #eliaorigoni\";}","_wpt_status_message":"Tweet inviato con successo.","_oembed_8f9cc49541aba58c79d1909aa79b9d29":"<blockquote class=\"wp-embedded-content\" data-secret=\"rDwq111HdM\"><a href=\"https:\/\/www.varesenews.it\/2021\/04\/nasce-la-lista-progetto-concittadino-2021-verdi-collettiva\/1327013\/\">Progetto Concittadino 2021 \u00e8 con Verdi e Collettiva*: &#8220;Vogliamo far contare ambiente, inclusione e cultura a Varese&#8221;<\/a><\/blockquote><iframe class=\"wp-embedded-content\" sandbox=\"allow-scripts\" security=\"restricted\" style=\"position: absolute; clip: rect(1px, 1px, 1px, 1px);\" src=\"https:\/\/www.varesenews.it\/2021\/04\/nasce-la-lista-progetto-concittadino-2021-verdi-collettiva\/1327013\/embed\/#?secret=rDwq111HdM\" data-secret=\"rDwq111HdM\" width=\"500\" height=\"282\" title=\"&#8220;Progetto Concittadino 2021 \u00e8 con Verdi e Collettiva*: &#8220;Vogliamo far contare ambiente, inclusione e cultura a Varese&#8221;&#8221; &#8212; VareseNews\" frameborder=\"0\" marginwidth=\"0\" marginheight=\"0\" scrolling=\"no\"><\/iframe>","_oembed_time_8f9cc49541aba58c79d1909aa79b9d29":"1623307501","_oembed_b8898925074c7f4db0e08b0064fd82cb":"<iframe width=\"500\" height=\"281\" src=\"https:\/\/www.youtube.com\/embed\/waLugAAeyhk?feature=oembed\" frameborder=\"0\" allow=\"accelerometer; autoplay; clipboard-write; encrypted-media; gyroscope; picture-in-picture\" allowfullscreen><\/iframe>","_oembed_time_b8898925074c7f4db0e08b0064fd82cb":"1623307501","_oembed_af9e1ac3a47feecb9ffdaca6d8568398":"<blockquote class=\"wp-embedded-content\" data-secret=\"TvnL3a9R1X\"><a href=\"https:\/\/www.varesenews.it\/2021\/05\/piscina-manara-la-riapertura-meta-maggio-gli-spagnoli-forus\/1335752\/\">Piscina Manara, riapertura prevista da met\u00e0 maggio. In pista gli spagnoli di Forus<\/a><\/blockquote><iframe class=\"wp-embedded-content\" sandbox=\"allow-scripts\" security=\"restricted\" style=\"position: absolute; clip: rect(1px, 1px, 1px, 1px);\" src=\"https:\/\/www.varesenews.it\/2021\/05\/piscina-manara-la-riapertura-meta-maggio-gli-spagnoli-forus\/1335752\/embed\/#?secret=TvnL3a9R1X\" data-secret=\"TvnL3a9R1X\" width=\"500\" height=\"282\" title=\"&#8220;Piscina Manara, riapertura prevista da met\u00e0 maggio. In pista gli spagnoli di Forus&#8221; &#8212; VareseNews\" frameborder=\"0\" marginwidth=\"0\" marginheight=\"0\" scrolling=\"no\"><\/iframe>","_oembed_time_af9e1ac3a47feecb9ffdaca6d8568398":"1623307501","_oembed_bfa2bc77b753e6aeef1d54c7c2586432":"<blockquote class=\"wp-embedded-content\" data-secret=\"kSNXdKkq0y\"><a href=\"https:\/\/www.varesenews.it\/2021\/06\/gli-azzurri-gironi-la-formula-lestate-degli-europei-calcio\/1346930\/\">Gli azzurri, i gironi, la formula: \u00e8 l&#8217;estate degli Europei di calcio<\/a><\/blockquote><iframe class=\"wp-embedded-content\" sandbox=\"allow-scripts\" security=\"restricted\" style=\"position: absolute; clip: rect(1px, 1px, 1px, 1px);\" src=\"https:\/\/www.varesenews.it\/2021\/06\/gli-azzurri-gironi-la-formula-lestate-degli-europei-calcio\/1346930\/embed\/#?secret=kSNXdKkq0y\" data-secret=\"kSNXdKkq0y\" width=\"500\" height=\"282\" title=\"&#8220;Gli azzurri, i gironi, la formula: \u00e8 l&#8217;estate degli Europei di calcio&#8221; &#8212; VareseNews\" frameborder=\"0\" marginwidth=\"0\" marginheight=\"0\" scrolling=\"no\"><\/iframe>","_oembed_time_bfa2bc77b753e6aeef1d54c7c2586432":"1623307501","_oembed_def8c89745aac65e25174e40ccdf6856":"<blockquote class=\"wp-embedded-content\" data-secret=\"Z4t9QQtk1w\"><a href=\"https:\/\/www.varesenews.it\/2019\/06\/storia-un-successo-nato-girinvalle\/827486\/\">Storia di un successo, ecco com&#8217;\u00e8 nato Girinvalle<\/a><\/blockquote><iframe class=\"wp-embedded-content\" sandbox=\"allow-scripts\" security=\"restricted\" style=\"position: absolute; clip: rect(1px, 1px, 1px, 1px);\" src=\"https:\/\/www.varesenews.it\/2019\/06\/storia-un-successo-nato-girinvalle\/827486\/embed\/#?secret=Z4t9QQtk1w\" data-secret=\"Z4t9QQtk1w\" width=\"500\" height=\"282\" title=\"&#8220;Storia di un successo, ecco com&#8217;\u00e8 nato Girinvalle&#8221; &#8212; VareseNews\" frameborder=\"0\" marginwidth=\"0\" marginheight=\"0\" scrolling=\"no\"><\/iframe>","_oembed_time_def8c89745aac65e25174e40ccdf6856":"1623307829","_oembed_85a5c8c5c1df82893f5c7ec2ef75bd28":"<blockquote class=\"wp-embedded-content\" data-secret=\"RjpA0rpYHV\"><a href=\"https:\/\/www.varesenews.it\/2020\/07\/ndrangheta-rifiuti-arrestato-consigliere-busto-arsizio-efrem\/945636\/\">\u2018Ndrangheta e rifiuti, arrestato il consigliere di Busto Arsizio Efrem<\/a><\/blockquote><iframe class=\"wp-embedded-content\" sandbox=\"allow-scripts\" security=\"restricted\" style=\"position: absolute; clip: rect(1px, 1px, 1px, 1px);\" src=\"https:\/\/www.varesenews.it\/2020\/07\/ndrangheta-rifiuti-arrestato-consigliere-busto-arsizio-efrem\/945636\/embed\/#?secret=RjpA0rpYHV\" data-secret=\"RjpA0rpYHV\" width=\"500\" height=\"282\" title=\"&#8220;\u2018Ndrangheta e rifiuti, arrestato il consigliere di Busto Arsizio Efrem&#8221; &#8212; VareseNews\" frameborder=\"0\" marginwidth=\"0\" marginheight=\"0\" scrolling=\"no\"><\/iframe>","_oembed_time_85a5c8c5c1df82893f5c7ec2ef75bd28":"1623307829","_oembed_b31c6a1254e105a5020dfaf3df41def0":"<blockquote class=\"wp-embedded-content\" data-secret=\"1x0PVkmuui\"><a href=\"https:\/\/www.varesenews.it\/2021\/06\/abuso-dufficio-salva-sindaco-busto-arsizio-ostacolo-la-coop-non-ce-reato\/1346637\/\">La riforma dell&#8217;abuso d&#8217;ufficio salva il sindaco di Busto Arsizio: &#8220;Ostacol\u00f2 la Coop ma non c&#8217;\u00e8 reato&#8221;<\/a><\/blockquote><iframe class=\"wp-embedded-content\" sandbox=\"allow-scripts\" security=\"restricted\" style=\"position: absolute; clip: rect(1px, 1px, 1px, 1px);\" src=\"https:\/\/www.varesenews.it\/2021\/06\/abuso-dufficio-salva-sindaco-busto-arsizio-ostacolo-la-coop-non-ce-reato\/1346637\/embed\/#?secret=1x0PVkmuui\" data-secret=\"1x0PVkmuui\" width=\"500\" height=\"282\" title=\"&#8220;La riforma dell&#8217;abuso d&#8217;ufficio salva il sindaco di Busto Arsizio: &#8220;Ostacol\u00f2 la Coop ma non c&#8217;\u00e8 reato&#8221;&#8221; &#8212; VareseNews\" frameborder=\"0\" marginwidth=\"0\" marginheight=\"0\" scrolling=\"no\"><\/iframe>","_oembed_time_b31c6a1254e105a5020dfaf3df41def0":"1623307829","_oembed_a7957d6675af41fe4fe13bca9b7bf344":"<blockquote class=\"wp-embedded-content\" data-secret=\"am4elhhP9w\"><a href=\"https:\/\/www.varesenews.it\/2020\/06\/casciago-130-quintali-liquami-nei-torrenti-denunciato-agricoltore\/939356\/\">Casciago, 130 quintali di liquami nei torrenti, denunciato agricoltore<\/a><\/blockquote><iframe class=\"wp-embedded-content\" sandbox=\"allow-scripts\" security=\"restricted\" style=\"position: absolute; clip: rect(1px, 1px, 1px, 1px);\" src=\"https:\/\/www.varesenews.it\/2020\/06\/casciago-130-quintali-liquami-nei-torrenti-denunciato-agricoltore\/939356\/embed\/#?secret=am4elhhP9w\" data-secret=\"am4elhhP9w\" width=\"500\" height=\"282\" title=\"&#8220;Casciago, 130 quintali di liquami nei torrenti, denunciato agricoltore&#8221; &#8212; VareseNews\" frameborder=\"0\" marginwidth=\"0\" marginheight=\"0\" scrolling=\"no\"><\/iframe>","_oembed_time_a7957d6675af41fe4fe13bca9b7bf344":"1623308037","_oembed_936a7f1ebf741bd13236c03ab6c6d47e":"<blockquote class=\"wp-embedded-content\" data-secret=\"XtkfkqKY2h\"><a href=\"https:\/\/www.varesenews.it\/2021\/03\/rapinavano-case-riposo-fingendosi-corrieri-indagini-varese-due-arresti\/1312602\/\">Rapinavano case di riposo fingendosi corrieri, indagini a Varese, due arresti<\/a><\/blockquote><iframe class=\"wp-embedded-content\" sandbox=\"allow-scripts\" security=\"restricted\" style=\"position: absolute; clip: rect(1px, 1px, 1px, 1px);\" src=\"https:\/\/www.varesenews.it\/2021\/03\/rapinavano-case-riposo-fingendosi-corrieri-indagini-varese-due-arresti\/1312602\/embed\/#?secret=XtkfkqKY2h\" data-secret=\"XtkfkqKY2h\" width=\"500\" height=\"282\" title=\"&#8220;Rapinavano case di riposo fingendosi corrieri, indagini a Varese, due arresti&#8221; &#8212; VareseNews\" frameborder=\"0\" marginwidth=\"0\" marginheight=\"0\" scrolling=\"no\"><\/iframe>","_oembed_time_936a7f1ebf741bd13236c03ab6c6d47e":"1623308037","_oembed_6d6eff945d349e1f9bacbcabbb945c0c":"<blockquote class=\"wp-embedded-content\" data-secret=\"mI3mKMmO6J\"><a href=\"https:\/\/www.varesenews.it\/2021\/05\/rapina-ad-albizzate-video-portato-sospetti-sui-tre-16enni\/1341085\/\">Rapina ad Albizzate, i video che hanno portato i sospetti sui tre 16enni<\/a><\/blockquote><iframe class=\"wp-embedded-content\" sandbox=\"allow-scripts\" security=\"restricted\" style=\"position: absolute; clip: rect(1px, 1px, 1px, 1px);\" src=\"https:\/\/www.varesenews.it\/2021\/05\/rapina-ad-albizzate-video-portato-sospetti-sui-tre-16enni\/1341085\/embed\/#?secret=mI3mKMmO6J\" data-secret=\"mI3mKMmO6J\" width=\"500\" height=\"282\" title=\"&#8220;Rapina ad Albizzate, i video che hanno portato i sospetti sui tre 16enni&#8221; &#8212; VareseNews\" frameborder=\"0\" marginwidth=\"0\" marginheight=\"0\" scrolling=\"no\"><\/iframe>","_oembed_time_6d6eff945d349e1f9bacbcabbb945c0c":"1623308037","_oembed_8cb76d8a20251efc2bf214e90576c624":"<blockquote class=\"wp-embedded-content\" data-secret=\"Ix4WO2TcZY\"><a href=\"https:\/\/www.varesenews.it\/2020\/06\/spaccio-7-giorni-7-nei-boschi-vergiate-sesto-cinque-manette\/936758\/\">Spaccio 7 giorni su 7 nei boschi tra Vergiate e Sesto: cinque in manette<\/a><\/blockquote><iframe class=\"wp-embedded-content\" sandbox=\"allow-scripts\" security=\"restricted\" style=\"position: absolute; clip: rect(1px, 1px, 1px, 1px);\" src=\"https:\/\/www.varesenews.it\/2020\/06\/spaccio-7-giorni-7-nei-boschi-vergiate-sesto-cinque-manette\/936758\/embed\/#?secret=Ix4WO2TcZY\" data-secret=\"Ix4WO2TcZY\" width=\"500\" height=\"282\" title=\"&#8220;Spaccio 7 giorni su 7 nei boschi tra Vergiate e Sesto: cinque in manette&#8221; &#8212; VareseNews\" frameborder=\"0\" marginwidth=\"0\" marginheight=\"0\" scrolling=\"no\"><\/iframe>","_oembed_time_8cb76d8a20251efc2bf214e90576c624":"1623308037","_oembed_2c7cc551cf2afb7c40b33bc331f4d4c1":"<blockquote class=\"wp-embedded-content\" data-secret=\"vU7Ouz3CyF\"><a href=\"https:\/\/www.saronnonews.it\/2020\/07\/10\/saronno-nove-arresti-per-droga\/\">Saronnese, nove arresti per droga. Elicotteri e militari in azione all\u2019alba<\/a><\/blockquote><iframe class=\"wp-embedded-content\" sandbox=\"allow-scripts\" security=\"restricted\" style=\"position: absolute; clip: rect(1px, 1px, 1px, 1px);\" src=\"https:\/\/www.saronnonews.it\/2020\/07\/10\/saronno-nove-arresti-per-droga\/embed\/#?secret=vU7Ouz3CyF\" data-secret=\"vU7Ouz3CyF\" width=\"500\" height=\"282\" title=\"&#8220;Saronnese, nove arresti per droga. Elicotteri e militari in azione all\u2019alba&#8221; &#8212; SaronnoNews\" frameborder=\"0\" marginwidth=\"0\" marginheight=\"0\" scrolling=\"no\"><\/iframe>","_oembed_time_2c7cc551cf2afb7c40b33bc331f4d4c1":"1623308039","_oembed_b9741ee6c5b117e695e46eff35b81cdf":"<blockquote class=\"wp-embedded-content\" data-secret=\"fe1wnGw0Mu\"><a href=\"https:\/\/www.varesenews.it\/2020\/12\/spaccio-nei-boschi-della-valceresio-tre-persone-arrestate-dai-carabinieri\/1285951\/\">Spaccio nei boschi della Valceresio, tre persone arrestate dai carabinieri<\/a><\/blockquote><iframe class=\"wp-embedded-content\" sandbox=\"allow-scripts\" security=\"restricted\" style=\"position: absolute; clip: rect(1px, 1px, 1px, 1px);\" src=\"https:\/\/www.varesenews.it\/2020\/12\/spaccio-nei-boschi-della-valceresio-tre-persone-arrestate-dai-carabinieri\/1285951\/embed\/#?secret=fe1wnGw0Mu\" data-secret=\"fe1wnGw0Mu\" width=\"500\" height=\"282\" title=\"&#8220;Spaccio nei boschi della Valceresio, tre persone arrestate dai carabinieri&#8221; &#8212; VareseNews\" frameborder=\"0\" marginwidth=\"0\" marginheight=\"0\" scrolling=\"no\"><\/iframe>","_oembed_time_b9741ee6c5b117e695e46eff35b81cdf":"1623308039","_oembed_729ca43c69927b8bb37ba8c8e1df521d":"<blockquote class=\"wp-embedded-content\" data-secret=\"311qh20xtw\"><a href=\"https:\/\/www.varesenews.it\/2020\/07\/entrano-dal-tetto-salvano-donna-voleva-farla-finita-eroico-gesto-due-carabinieri-busto\/944827\/\">Entrano dal tetto e salvano una donna che voleva farla finita, eroico gesto di due carabinieri Busto<\/a><\/blockquote><iframe class=\"wp-embedded-content\" sandbox=\"allow-scripts\" security=\"restricted\" style=\"position: absolute; clip: rect(1px, 1px, 1px, 1px);\" src=\"https:\/\/www.varesenews.it\/2020\/07\/entrano-dal-tetto-salvano-donna-voleva-farla-finita-eroico-gesto-due-carabinieri-busto\/944827\/embed\/#?secret=311qh20xtw\" data-secret=\"311qh20xtw\" width=\"500\" height=\"282\" title=\"&#8220;Entrano dal tetto e salvano una donna che voleva farla finita, eroico gesto di due carabinieri Busto&#8221; &#8212; VareseNews\" frameborder=\"0\" marginwidth=\"0\" marginheight=\"0\" scrolling=\"no\"><\/iframe>","_oembed_time_729ca43c69927b8bb37ba8c8e1df521d":"1623308039","_oembed_64248b27b2367a73f58960a132d9d9af":"<iframe width=\"500\" height=\"281\" src=\"https:\/\/www.youtube.com\/embed\/uARp-pPLLvs?feature=oembed\" frameborder=\"0\" allow=\"accelerometer; autoplay; clipboard-write; encrypted-media; gyroscope; picture-in-picture\" allowfullscreen><\/iframe>","_oembed_time_64248b27b2367a73f58960a132d9d9af":"1623308039","_oembed_dce19e61e3452263ab696a90b286e365":"<blockquote class=\"wp-embedded-content\" data-secret=\"cm0cr3uubc\"><a href=\"https:\/\/www.saronnonews.it\/2021\/05\/25\/silighini-dirige-da-una-corsa-in-bicicletta-la-vita-di-librandi-diventa-un-film-per-amazon-prime\/\">Silighini dirige \u201cDa una corsa in bicicletta\u201d: la vita di Librandi diventa un film per Amazon Prime<\/a><\/blockquote><iframe class=\"wp-embedded-content\" sandbox=\"allow-scripts\" security=\"restricted\" style=\"position: absolute; clip: rect(1px, 1px, 1px, 1px);\" src=\"https:\/\/www.saronnonews.it\/2021\/05\/25\/silighini-dirige-da-una-corsa-in-bicicletta-la-vita-di-librandi-diventa-un-film-per-amazon-prime\/embed\/#?secret=cm0cr3uubc\" data-secret=\"cm0cr3uubc\" width=\"500\" height=\"282\" title=\"&#8220;Silighini dirige \u201cDa una corsa in bicicletta\u201d: la vita di Librandi diventa un film per Amazon Prime&#8221; &#8212; SaronnoNews\" frameborder=\"0\" marginwidth=\"0\" marginheight=\"0\" scrolling=\"no\"><\/iframe>","_oembed_time_dce19e61e3452263ab696a90b286e365":"1623308041","_oembed_d40c5af121ecd7363f64b2efc14871c3":"<blockquote class=\"wp-embedded-content\" data-secret=\"SFXOXoLdgx\"><a href=\"https:\/\/www.saronnonews.it\/2021\/05\/25\/librandi-e-il-film-sulla-sua-vita-chiunque-ce-la-puo-fare-a-realizzare-i-propri-sogni\/\">Librandi e il film sulla sua vita: &#8220;Chiunque ce la pu\u00f2 fare a realizzare i propri sogni&#8221;<\/a><\/blockquote><iframe class=\"wp-embedded-content\" sandbox=\"allow-scripts\" security=\"restricted\" style=\"position: absolute; clip: rect(1px, 1px, 1px, 1px);\" src=\"https:\/\/www.saronnonews.it\/2021\/05\/25\/librandi-e-il-film-sulla-sua-vita-chiunque-ce-la-puo-fare-a-realizzare-i-propri-sogni\/embed\/#?secret=SFXOXoLdgx\" data-secret=\"SFXOXoLdgx\" width=\"500\" height=\"282\" title=\"&#8220;Librandi e il film sulla sua vita: &#8220;Chiunque ce la pu\u00f2 fare a realizzare i propri sogni&#8221;&#8221; &#8212; SaronnoNews\" frameborder=\"0\" marginwidth=\"0\" marginheight=\"0\" scrolling=\"no\"><\/iframe>","_oembed_time_d40c5af121ecd7363f64b2efc14871c3":"1623308041","_oembed_9acdea3e1d8dae9d79c6bd351c1c7c4f":"<iframe width=\"500\" height=\"281\" src=\"https:\/\/www.youtube.com\/embed\/x95PQrM2RRc?feature=oembed\" frameborder=\"0\" allow=\"accelerometer; autoplay; clipboard-write; encrypted-media; gyroscope; picture-in-picture\" allowfullscreen><\/iframe>","_oembed_time_9acdea3e1d8dae9d79c6bd351c1c7c4f":"1623308041","_oembed_f566b202a9d0edf001dcd70510611c33":"<blockquote class=\"wp-embedded-content\" data-secret=\"swDRWs6brV\"><a href=\"https:\/\/www.varesenews.it\/2021\/06\/mattia-25-anni-la-schiena-fragile-aiuto-gli-altri-vaccinarsi\/1346941\/\">Mattia, 25 anni e la schiena fragile: \u201cAiuto gli altri a vaccinarsi\u201d<\/a><\/blockquote><iframe class=\"wp-embedded-content\" sandbox=\"allow-scripts\" security=\"restricted\" style=\"position: absolute; clip: rect(1px, 1px, 1px, 1px);\" src=\"https:\/\/www.varesenews.it\/2021\/06\/mattia-25-anni-la-schiena-fragile-aiuto-gli-altri-vaccinarsi\/1346941\/embed\/#?secret=swDRWs6brV\" data-secret=\"swDRWs6brV\" width=\"500\" height=\"282\" title=\"&#8220;Mattia, 25 anni e la schiena fragile: \u201cAiuto gli altri a vaccinarsi\u201d&#8221; &#8212; VareseNews\" frameborder=\"0\" marginwidth=\"0\" marginheight=\"0\" scrolling=\"no\"><\/iframe>","_oembed_time_f566b202a9d0edf001dcd70510611c33":"1623308210","_oembed_3bf4a419013aac70842346b07a9dabc8":"<blockquote class=\"wp-embedded-content\" data-secret=\"tq4NfDs8j5\"><a href=\"https:\/\/www.varesenews.it\/2021\/05\/vax-day-gli-over60-calendario-comuni-coinvolti\/1344152\/\">Vax Day per gli over60: ecco il calendario e i comuni coinvolti<\/a><\/blockquote><iframe class=\"wp-embedded-content\" sandbox=\"allow-scripts\" security=\"restricted\" style=\"position: absolute; clip: rect(1px, 1px, 1px, 1px);\" src=\"https:\/\/www.varesenews.it\/2021\/05\/vax-day-gli-over60-calendario-comuni-coinvolti\/1344152\/embed\/#?secret=tq4NfDs8j5\" data-secret=\"tq4NfDs8j5\" width=\"500\" height=\"282\" title=\"&#8220;Vax Day per gli over60: ecco il calendario e i comuni coinvolti&#8221; &#8212; VareseNews\" frameborder=\"0\" marginwidth=\"0\" marginheight=\"0\" scrolling=\"no\"><\/iframe>","_oembed_time_3bf4a419013aac70842346b07a9dabc8":"1623308210","_oembed_0534ffb71d28b1f127956f336d8706ce":"<blockquote class=\"wp-embedded-content\" data-secret=\"2KJ3xz70kw\"><a href=\"https:\/\/www.varesenews.it\/2021\/06\/torna-pubblico-al-franco-ossola-varese-150-biglietti-vendita-le-gare-bra-derthona\/1347660\/\">Torna il pubblico al &#8220;Franco Ossola&#8221; per il Varese, 150 biglietti in vendita per le gare contro Bra e Derthona<\/a><\/blockquote><iframe class=\"wp-embedded-content\" sandbox=\"allow-scripts\" security=\"restricted\" style=\"position: absolute; clip: rect(1px, 1px, 1px, 1px);\" src=\"https:\/\/www.varesenews.it\/2021\/06\/torna-pubblico-al-franco-ossola-varese-150-biglietti-vendita-le-gare-bra-derthona\/1347660\/embed\/#?secret=2KJ3xz70kw\" data-secret=\"2KJ3xz70kw\" width=\"500\" height=\"282\" title=\"&#8220;Torna il pubblico al &#8220;Franco Ossola&#8221; per il Varese, 150 biglietti in vendita per le gare contro Bra e Derthona&#8221; &#8212; VareseNews\" frameborder=\"0\" marginwidth=\"0\" marginheight=\"0\" scrolling=\"no\"><\/iframe>","_oembed_time_0534ffb71d28b1f127956f336d8706ce":"1623308210","_oembed_b52a67ff8928fa44fcd49e83f923c90a":"<blockquote class=\"wp-embedded-content\" data-secret=\"DRANFxOLYs\"><a href=\"https:\/\/www.varesenews.it\/2021\/06\/esplorazioni-natura-lucciole-meraviglia-nel-weekend-dei-bambini\/1346974\/\">Esplorazioni di natura, lucciole e meraviglia nel weekend dei bambini<\/a><\/blockquote><iframe class=\"wp-embedded-content\" sandbox=\"allow-scripts\" security=\"restricted\" style=\"position: absolute; clip: rect(1px, 1px, 1px, 1px);\" src=\"https:\/\/www.varesenews.it\/2021\/06\/esplorazioni-natura-lucciole-meraviglia-nel-weekend-dei-bambini\/1346974\/embed\/#?secret=DRANFxOLYs\" data-secret=\"DRANFxOLYs\" width=\"500\" height=\"282\" title=\"&#8220;Esplorazioni di natura, lucciole e meraviglia nel weekend dei bambini&#8221; &#8212; VareseNews\" frameborder=\"0\" marginwidth=\"0\" marginheight=\"0\" scrolling=\"no\"><\/iframe>","_oembed_time_b52a67ff8928fa44fcd49e83f923c90a":"1623308449","_oembed_d1d9502adc99e0345cfc3a65225db10b":"<blockquote class=\"wp-embedded-content\" data-secret=\"9kXDZrAcMt\"><a href=\"https:\/\/www.varesenews.it\/2021\/06\/libera-circolazione-nelle-zone-confine-arriva-lordinanza-del-ministro\/1346249\/\">Libera circolazione nelle zone di confine: arriva l&#8217;ordinanza del Ministro<\/a><\/blockquote><iframe class=\"wp-embedded-content\" sandbox=\"allow-scripts\" security=\"restricted\" style=\"position: absolute; clip: rect(1px, 1px, 1px, 1px);\" src=\"https:\/\/www.varesenews.it\/2021\/06\/libera-circolazione-nelle-zone-confine-arriva-lordinanza-del-ministro\/1346249\/embed\/#?secret=9kXDZrAcMt\" data-secret=\"9kXDZrAcMt\" width=\"500\" height=\"282\" title=\"&#8220;Libera circolazione nelle zone di confine: arriva l&#8217;ordinanza del Ministro&#8221; &#8212; VareseNews\" frameborder=\"0\" marginwidth=\"0\" marginheight=\"0\" scrolling=\"no\"><\/iframe>","_oembed_time_d1d9502adc99e0345cfc3a65225db10b":"1623308449","_oembed_8e8c7aa1aaeafe81f9ddebcb469a1f34":"<blockquote class=\"wp-embedded-content\" data-secret=\"c1y8iABGYP\"><a href=\"https:\/\/www.varesenews.it\/2021\/05\/lappello-mastromarino-alla-politica-fate-possibile-la-situazione-sempre-piu-tesa\/1345134\/\">L&#8217;appello del sindaco di Lavena Ponte Tresa: &#8220;Situazione tesa, riaprite i valichi per la Svizzera&#8221;<\/a><\/blockquote><iframe class=\"wp-embedded-content\" sandbox=\"allow-scripts\" security=\"restricted\" style=\"position: absolute; clip: rect(1px, 1px, 1px, 1px);\" src=\"https:\/\/www.varesenews.it\/2021\/05\/lappello-mastromarino-alla-politica-fate-possibile-la-situazione-sempre-piu-tesa\/1345134\/embed\/#?secret=c1y8iABGYP\" data-secret=\"c1y8iABGYP\" width=\"500\" height=\"282\" title=\"&#8220;L&#8217;appello del sindaco di Lavena Ponte Tresa: &#8220;Situazione tesa, riaprite i valichi per la Svizzera&#8221;&#8221; &#8212; VareseNews\" frameborder=\"0\" marginwidth=\"0\" marginheight=\"0\" scrolling=\"no\"><\/iframe>","_oembed_time_8e8c7aa1aaeafe81f9ddebcb469a1f34":"1623308450","_oembed_f9b7ba739981973ff73e337063777375":"<iframe width=\"500\" height=\"281\" src=\"https:\/\/www.youtube.com\/embed\/jIzcTFGxdHg?feature=oembed\" frameborder=\"0\" allow=\"accelerometer; autoplay; clipboard-write; encrypted-media; gyroscope; picture-in-picture\" allowfullscreen><\/iframe>","_oembed_time_f9b7ba739981973ff73e337063777375":"1623308450","_oembed_029327b39d0cedf04a271b5ddc741ed5":"<blockquote class=\"wp-embedded-content\" data-secret=\"AehVXefyiq\"><a href=\"https:\/\/www.varesenews.it\/2020\/10\/vararo-casere-lo-scirocco-cento-allora-fermato-tempo\/967868\/\">In volo sui boschi del Lago Maggiore rasi al suolo dalla tempesta<\/a><\/blockquote><iframe class=\"wp-embedded-content\" sandbox=\"allow-scripts\" security=\"restricted\" style=\"position: absolute; clip: rect(1px, 1px, 1px, 1px);\" src=\"https:\/\/www.varesenews.it\/2020\/10\/vararo-casere-lo-scirocco-cento-allora-fermato-tempo\/967868\/embed\/#?secret=AehVXefyiq\" data-secret=\"AehVXefyiq\" width=\"500\" height=\"282\" title=\"&#8220;In volo sui boschi del Lago Maggiore rasi al suolo dalla tempesta&#8221; &#8212; VareseNews\" frameborder=\"0\" marginwidth=\"0\" marginheight=\"0\" scrolling=\"no\"><\/iframe>","_oembed_time_029327b39d0cedf04a271b5ddc741ed5":"1623308520","_oembed_220c5ddba1ac15d9c3b88d950f6ec311":"<iframe width=\"500\" height=\"281\" src=\"https:\/\/www.youtube.com\/embed\/iS5665SL1Zc?feature=oembed\" frameborder=\"0\" allow=\"accelerometer; autoplay; clipboard-write; encrypted-media; gyroscope; picture-in-picture\" allowfullscreen><\/iframe>","_oembed_time_220c5ddba1ac15d9c3b88d950f6ec311":"1623308520","_oembed_b7d4a4fa7d472adf3c6af6f053fd26c4":"<blockquote class=\"wp-embedded-content\" data-secret=\"BqAXpMlihM\"><a href=\"https:\/\/www.varesenews.it\/2021\/05\/mille-posti-spalti-ai-giardini-varese-estense-festival-2021\/1340968\/\">Mille posti e spalti ai giardini per il Varese Estense Festival 2021<\/a><\/blockquote><iframe class=\"wp-embedded-content\" sandbox=\"allow-scripts\" security=\"restricted\" style=\"position: absolute; clip: rect(1px, 1px, 1px, 1px);\" src=\"https:\/\/www.varesenews.it\/2021\/05\/mille-posti-spalti-ai-giardini-varese-estense-festival-2021\/1340968\/embed\/#?secret=BqAXpMlihM\" data-secret=\"BqAXpMlihM\" width=\"500\" height=\"282\" title=\"&#8220;Mille posti e spalti ai giardini per il Varese Estense Festival 2021&#8221; &#8212; VareseNews\" frameborder=\"0\" marginwidth=\"0\" marginheight=\"0\" scrolling=\"no\"><\/iframe>","_oembed_time_b7d4a4fa7d472adf3c6af6f053fd26c4":"1623308520"},"photos":[{"original":"https:\/\/staging.varesenews.it\/photogallery_new\/images\/2021\/06\/elia-origoni-1227938.jpg","full":"https:\/\/staging.varesenews.it\/photogallery_new\/images\/2021\/06\/elia-origoni-1227938.1024x768.jpg","large":"https:\/\/staging.varesenews.it\/photogallery_new\/images\/2021\/06\/elia-origoni-1227938.610x431.jpg"}],"_links":{"self":[{"href":"https:\/\/staging.varesenews.it\/swgapi\/v1\/wp\/v2\/posts\/1348887"}],"collection":[{"href":"https:\/\/staging.varesenews.it\/swgapi\/v1\/wp\/v2\/posts"}],"about":[{"href":"https:\/\/staging.varesenews.it\/swgapi\/v1\/wp\/v2\/types\/post"}],"author":[{"embeddable":true,"href":"https:\/\/staging.varesenews.it\/swgapi\/v1\/wp\/v2\/users\/49"}],"replies":[{"embeddable":true,"href":"https:\/\/staging.varesenews.it\/swgapi\/v1\/wp\/v2\/comments?post=1348887"}],"version-history":[{"count":0,"href":"https:\/\/staging.varesenews.it\/swgapi\/v1\/wp\/v2\/posts\/1348887\/revisions"}],"wp:attachment":[{"href":"https:\/\/staging.varesenews.it\/swgapi\/v1\/wp\/v2\/media?parent=1348887"}],"wp:term":[{"taxonomy":"category","embeddable":true,"href":"https:\/\/staging.varesenews.it\/swgapi\/v1\/wp\/v2\/categories?post=1348887"},{"taxonomy":"post_tag","embeddable":true,"href":"https:\/\/staging.varesenews.it\/swgapi\/v1\/wp\/v2\/tags?post=1348887"}],"curies":[{"name":"wp","href":"https:\/\/api.w.org\/{rel}","templated":true}]}}