{"id":1349065,"date":"2021-06-10T13:13:24","date_gmt":"2021-06-10T11:13:24","guid":{"rendered":"https:\/\/www.varesenews.it\/?p=1349065"},"modified":"2021-06-10T14:50:53","modified_gmt":"2021-06-10T12:50:53","slug":"varese-zona-bianca-237-nuovi-casi-nellultima-settimana","status":"publish","type":"post","link":"https:\/\/staging.varesenews.it\/2021\/06\/varese-zona-bianca-237-nuovi-casi-nellultima-settimana\/1349065\/","title":{"rendered":"Varese da zona bianca: 237 i nuovi casi nell&#8217;ultima settimana"},"content":{"rendered":"<p><strong>Varese archivia finalmente l\u2019ondata pandemica iniziata nell\u2019ottobre scorso.<\/strong> I dati dell\u2019ultima settimana mantengono saldamente la nostra provincia in una fascia compatibile con la<strong>\u00a0zona bianca<\/strong>\u00a0(che scatter\u00e0 formalmente all&#8217;inizio della prossima settimana) con l\u2019incidenza di <strong>26,55 casi ogni 100.000 abitanti<\/strong>.<\/p>\n<h3>NUOVI POSITIVI<\/h3>\n<p>La conclusione di un periodo lunghissimo e difficile che, per\u00f2, non pu\u00f2 essere un ritorno al passato dato che il virus circola ancora <strong>con 237 nuovi positivi negli ultimi sette giorni.<\/strong><\/p>\n<p>In totale sono stati eseguiti 16.432 tamponi ( un migliaio in pi\u00f9 della settimana precedente) e il <strong>tasso di positivit\u00e0 \u00e8 stato del 3,6%<\/strong> ( nel conteggio sono ricompresi anche i tamponi di fine quarantena che permangono positivi).<span class=\"Apple-converted-space\">\u00a0<\/span><\/p>\n<div class=\"photo-inside-post\"><img decoding=\"async\" loading=\"lazy\" fetchpriority=\"low\" width=\"610\" height=\"431\" src=\"https:\/\/staging.varesenews.it\/photogallery_new\/images\/2021\/06\/dati-giugno-2021-1228031.610x431.jpg\" alt=\"dati giugno 2021\"><\/div>\n<p><strong>ANDAMENTO NEI DISTRETTI DELLE DUE ASST<\/strong><\/p>\n<p>Il <strong>distretto dell\u2019Asst Valle Olona<\/strong> mantiene dati decisamente buoni, variabili tra l\u2019incidenza di 21 casi della zona di Busto-Castellanza e e quella di 30 nel Sommese. Parametri leggermente pi\u00f9 elevati nei distretti afferent<strong>i all\u2019Asst Sette Laghi<\/strong> ma pur sempre al di sotto della quota limite di 50:<span class=\"Apple-converted-space\">\u00a0 <\/span>il pi\u00f9 elevato \u00e8 quello di <strong>Arcisate<\/strong> dove l\u2019incidenza \u00e8 di <strong>46<\/strong> mentre il <strong>record positivo spetta al Luinese con 5 casi ogni 100.000 abitanti.<span class=\"Apple-converted-space\">\u00a0<\/span><\/strong><\/p>\n<h3>SCUOLA<\/h3>\n<p>L\u2019anno scolastico si \u00e8 chiuso con una situazione nettamente migliore anche se, nell\u2019ultima settimana, sono stati ancora <strong>18 gli studenti delle superiori contagiati<\/strong> che hanno costretto alla quarantena 405 tra ragazzi e docenti. Molto meglio l\u2019andamento alle <strong>medie con 3 nuovi casi<\/strong> ( contro i 10 di sette giorni fa) e 65 alunni in quarantena, <strong>tre anche alla primaria<\/strong> ( rispetto ai dieci precedenti) con 58 persone in quarantena e <strong>3 nell\u2019infanzia<\/strong> e 57 in quarantena.<\/p>\n<p>Ats Insubria ha fatto un secondo passaggio di<strong> tamponi salivari<\/strong> tra gli studenti del comprensivo Anna Frank, coinvolgendo <strong>130 allievi<\/strong> che si sono sottoposti al test \u201cleccalecca\u201d o a quello con la cannuccia: nel laboratorio del professor Maggi di Asst Sette Laghi sono stati analizzati e <strong>sono risultati tutti negativi.<\/strong> Soddisfatti i tecnici di Ats che ritengono di poter avviare, dal prossimo anno scolastico, un monitoraggio sistematico del mondo scolastico.<span class=\"Apple-converted-space\">\u00a0<\/span><\/p>\n","protected":false},"excerpt":{"rendered":"<p>Per la seconda settimana consecutiva l&#8217;incidenza \u00e8 ben al di sotto dei 50 casi ogni 100.000 abitanti. Tra gli studenti si sono registrati 27 contagi<\/p>\n","protected":false},"author":33,"featured_media":0,"comment_status":"open","ping_status":"open","sticky":false,"template":"","format":"standard","meta":{"footnotes":""},"categories":[4,3,7,24,5,2],"tags":[56136,104787],"acf":[],"yoast_head":"<!-- This site is optimized with the Yoast SEO plugin v20.1 - https:\/\/yoast.com\/wordpress\/plugins\/seo\/ -->\n<title>Varese da zona bianca: 237 i nuovi casi nell&#039;ultima settimana<\/title>\n<meta name=\"description\" content=\"Per la seconda settimana consecutiva l&#039;incidenza \u00e8 ben al di sotto dei 50 casi ogni 100.000 abitanti. Tra gli studenti si sono registrati 27 contagi\" \/>\n<meta name=\"robots\" content=\"noindex, follow, max-snippet:-1, max-image-preview:large, max-video-preview:-1\" \/>\n<meta property=\"og:locale\" content=\"it_IT\" \/>\n<meta property=\"og:type\" content=\"article\" \/>\n<meta property=\"og:title\" content=\"Varese da zona bianca: 237 i nuovi casi nell&#039;ultima settimana\" \/>\n<meta property=\"og:description\" content=\"Per la seconda settimana consecutiva l&#039;incidenza \u00e8 ben al di sotto dei 50 casi ogni 100.000 abitanti. Tra gli studenti si sono registrati 27 contagi\" \/>\n<meta property=\"og:url\" content=\"https:\/\/www.varesenews.it\/2021\/06\/varese-zona-bianca-237-nuovi-casi-nellultima-settimana\/1349065\/\" \/>\n<meta property=\"og:site_name\" content=\"VareseNews\" \/>\n<meta property=\"article:publisher\" content=\"https:\/\/www.facebook.com\/varesenews\" \/>\n<meta property=\"article:author\" content=\"alessandra.toni7\" \/>\n<meta property=\"article:published_time\" content=\"2021-06-10T11:13:24+00:00\" \/>\n<meta property=\"article:modified_time\" content=\"2021-06-10T12:50:53+00:00\" \/>\n<meta name=\"author\" content=\"Alessandra Toni\" \/>\n<meta name=\"twitter:card\" content=\"summary_large_image\" \/>\n<meta name=\"twitter:creator\" content=\"@alessandra_toni\" \/>\n<meta name=\"twitter:site\" content=\"@varesenews\" \/>\n<meta name=\"twitter:label1\" content=\"Scritto da\" \/>\n\t<meta name=\"twitter:data1\" content=\"Alessandra Toni\" \/>\n\t<meta name=\"twitter:label2\" content=\"Tempo di lettura stimato\" \/>\n\t<meta name=\"twitter:data2\" content=\"2 minuti\" \/>\n<script type=\"application\/ld+json\" class=\"yoast-schema-graph\">{\"@context\":\"https:\/\/schema.org\",\"@graph\":[{\"@type\":\"WebPage\",\"@id\":\"https:\/\/www.varesenews.it\/2021\/06\/varese-zona-bianca-237-nuovi-casi-nellultima-settimana\/1349065\/\",\"url\":\"https:\/\/www.varesenews.it\/2021\/06\/varese-zona-bianca-237-nuovi-casi-nellultima-settimana\/1349065\/\",\"name\":\"Varese da zona bianca: 237 i nuovi casi nell'ultima settimana\",\"isPartOf\":{\"@id\":\"https:\/\/staging.varesenews.it\/#website\"},\"datePublished\":\"2021-06-10T11:13:24+00:00\",\"dateModified\":\"2021-06-10T12:50:53+00:00\",\"author\":{\"@id\":\"https:\/\/staging.varesenews.it\/#\/schema\/person\/2643ce123d4a3c9511e015dc548779b8\"},\"description\":\"Per la seconda settimana consecutiva l'incidenza \u00e8 ben al di sotto dei 50 casi ogni 100.000 abitanti. Tra gli studenti si sono registrati 27 contagi\",\"breadcrumb\":{\"@id\":\"https:\/\/www.varesenews.it\/2021\/06\/varese-zona-bianca-237-nuovi-casi-nellultima-settimana\/1349065\/#breadcrumb\"},\"inLanguage\":\"it-IT\",\"potentialAction\":[{\"@type\":\"ReadAction\",\"target\":[\"https:\/\/www.varesenews.it\/2021\/06\/varese-zona-bianca-237-nuovi-casi-nellultima-settimana\/1349065\/\"]}]},{\"@type\":\"BreadcrumbList\",\"@id\":\"https:\/\/www.varesenews.it\/2021\/06\/varese-zona-bianca-237-nuovi-casi-nellultima-settimana\/1349065\/#breadcrumb\",\"itemListElement\":[{\"@type\":\"ListItem\",\"position\":1,\"name\":\"Home\",\"item\":\"https:\/\/www.varesenews.it\/\"},{\"@type\":\"ListItem\",\"position\":2,\"name\":\"Varese da zona bianca: 237 i nuovi casi nell&#8217;ultima settimana\"}]},{\"@type\":\"WebSite\",\"@id\":\"https:\/\/staging.varesenews.it\/#website\",\"url\":\"https:\/\/staging.varesenews.it\/\",\"name\":\"VareseNews\",\"description\":\"\",\"potentialAction\":[{\"@type\":\"SearchAction\",\"target\":{\"@type\":\"EntryPoint\",\"urlTemplate\":\"https:\/\/staging.varesenews.it\/?s={search_term_string}\"},\"query-input\":\"required name=search_term_string\"}],\"inLanguage\":\"it-IT\"},{\"@type\":\"Person\",\"@id\":\"https:\/\/staging.varesenews.it\/#\/schema\/person\/2643ce123d4a3c9511e015dc548779b8\",\"name\":\"Alessandra Toni\",\"image\":{\"@type\":\"ImageObject\",\"inLanguage\":\"it-IT\",\"@id\":\"https:\/\/staging.varesenews.it\/#\/schema\/person\/image\/\",\"url\":\"https:\/\/staging.varesenews.it\/wp-content\/uploads\/2020\/12\/alessandra_toni_colori_500.jpg\",\"contentUrl\":\"https:\/\/staging.varesenews.it\/wp-content\/uploads\/2020\/12\/alessandra_toni_colori_500.jpg\",\"caption\":\"Alessandra Toni\"},\"description\":\"Sono entrata nella redazione di VareseNews nel lontano anno 2000. Ero reduce da una bellissima esperienza nella redazione giornalistica della TV Nuova Antennatre, sotto la direzione dell'indimenticabile direttore Adolfo Caldarini. Sono arrivata quando era ancora una piccola realt\u00e0 editoriale e insieme abbiamo fatto un lungo ed entusiasmante lavoro. Mi occupo prevalentemente di scuola e di sanit\u00e0, settori impegnativi di grande valore sociale.\u00a0\",\"sameAs\":[\"alessandra.toni7\",\"alessandra.toni\",\"https:\/\/twitter.com\/alessandra_toni\"],\"url\":\"https:\/\/staging.varesenews.it\/persona\/alessandra_toni1\/\"}]}<\/script>\n<!-- \/ Yoast SEO plugin. -->","yoast_head_json":{"title":"Varese da zona bianca: 237 i nuovi casi nell'ultima settimana","description":"Per la seconda settimana consecutiva l'incidenza \u00e8 ben al di sotto dei 50 casi ogni 100.000 abitanti. Tra gli studenti si sono registrati 27 contagi","robots":{"index":"noindex","follow":"follow","max-snippet":"max-snippet:-1","max-image-preview":"max-image-preview:large","max-video-preview":"max-video-preview:-1"},"og_locale":"it_IT","og_type":"article","og_title":"Varese da zona bianca: 237 i nuovi casi nell'ultima settimana","og_description":"Per la seconda settimana consecutiva l'incidenza \u00e8 ben al di sotto dei 50 casi ogni 100.000 abitanti. Tra gli studenti si sono registrati 27 contagi","og_url":"https:\/\/www.varesenews.it\/2021\/06\/varese-zona-bianca-237-nuovi-casi-nellultima-settimana\/1349065\/","og_site_name":"VareseNews","article_publisher":"https:\/\/www.facebook.com\/varesenews","article_author":"alessandra.toni7","article_published_time":"2021-06-10T11:13:24+00:00","article_modified_time":"2021-06-10T12:50:53+00:00","author":"Alessandra Toni","twitter_card":"summary_large_image","twitter_creator":"@alessandra_toni","twitter_site":"@varesenews","twitter_misc":{"Scritto da":"Alessandra Toni","Tempo di lettura stimato":"2 minuti"},"schema":{"@context":"https:\/\/schema.org","@graph":[{"@type":"WebPage","@id":"https:\/\/www.varesenews.it\/2021\/06\/varese-zona-bianca-237-nuovi-casi-nellultima-settimana\/1349065\/","url":"https:\/\/www.varesenews.it\/2021\/06\/varese-zona-bianca-237-nuovi-casi-nellultima-settimana\/1349065\/","name":"Varese da zona bianca: 237 i nuovi casi nell'ultima settimana","isPartOf":{"@id":"https:\/\/staging.varesenews.it\/#website"},"datePublished":"2021-06-10T11:13:24+00:00","dateModified":"2021-06-10T12:50:53+00:00","author":{"@id":"https:\/\/staging.varesenews.it\/#\/schema\/person\/2643ce123d4a3c9511e015dc548779b8"},"description":"Per la seconda settimana consecutiva l'incidenza \u00e8 ben al di sotto dei 50 casi ogni 100.000 abitanti. Tra gli studenti si sono registrati 27 contagi","breadcrumb":{"@id":"https:\/\/www.varesenews.it\/2021\/06\/varese-zona-bianca-237-nuovi-casi-nellultima-settimana\/1349065\/#breadcrumb"},"inLanguage":"it-IT","potentialAction":[{"@type":"ReadAction","target":["https:\/\/www.varesenews.it\/2021\/06\/varese-zona-bianca-237-nuovi-casi-nellultima-settimana\/1349065\/"]}]},{"@type":"BreadcrumbList","@id":"https:\/\/www.varesenews.it\/2021\/06\/varese-zona-bianca-237-nuovi-casi-nellultima-settimana\/1349065\/#breadcrumb","itemListElement":[{"@type":"ListItem","position":1,"name":"Home","item":"https:\/\/www.varesenews.it\/"},{"@type":"ListItem","position":2,"name":"Varese da zona bianca: 237 i nuovi casi nell&#8217;ultima settimana"}]},{"@type":"WebSite","@id":"https:\/\/staging.varesenews.it\/#website","url":"https:\/\/staging.varesenews.it\/","name":"VareseNews","description":"","potentialAction":[{"@type":"SearchAction","target":{"@type":"EntryPoint","urlTemplate":"https:\/\/staging.varesenews.it\/?s={search_term_string}"},"query-input":"required name=search_term_string"}],"inLanguage":"it-IT"},{"@type":"Person","@id":"https:\/\/staging.varesenews.it\/#\/schema\/person\/2643ce123d4a3c9511e015dc548779b8","name":"Alessandra Toni","image":{"@type":"ImageObject","inLanguage":"it-IT","@id":"https:\/\/staging.varesenews.it\/#\/schema\/person\/image\/","url":"https:\/\/staging.varesenews.it\/wp-content\/uploads\/2020\/12\/alessandra_toni_colori_500.jpg","contentUrl":"https:\/\/staging.varesenews.it\/wp-content\/uploads\/2020\/12\/alessandra_toni_colori_500.jpg","caption":"Alessandra Toni"},"description":"Sono entrata nella redazione di VareseNews nel lontano anno 2000. Ero reduce da una bellissima esperienza nella redazione giornalistica della TV Nuova Antennatre, sotto la direzione dell'indimenticabile direttore Adolfo Caldarini. Sono arrivata quando era ancora una piccola realt\u00e0 editoriale e insieme abbiamo fatto un lungo ed entusiasmante lavoro. Mi occupo prevalentemente di scuola e di sanit\u00e0, settori impegnativi di grande valore sociale.\u00a0","sameAs":["alessandra.toni7","alessandra.toni","https:\/\/twitter.com\/alessandra_toni"],"url":"https:\/\/staging.varesenews.it\/persona\/alessandra_toni1\/"}]}},"post_meta":{"_edit_lock":"1623334811:52","_edit_last":"52","_category_permalink":"a:1:{s:8:\"category\";s:2:\"24\";}","foto":"1218061","firma-personalizzata":"A.T.","argomento":"Varese","_yoast_wpseo_content_score":"30","_jd_tweet_this":"yes","_encloseme":"1","ratings_users":"0","ratings_score":"0","ratings_average":"0","_wpt_short_url":"https:\/\/www.varesenews.it\/2021\/06\/varese-zona-bianca-237-nuovi-casi-nellultima-settimana\/1349065\/","_wp_jd_target":"https:\/\/www.varesenews.it\/2021\/06\/varese-zona-bianca-237-nuovi-casi-nellultima-settimana\/1349065\/","_jd_wp_twitter":"a:1:{i:0;s:174:\"Varese \u00e8 zona bianca: 237 i nuovi casi nell\u2019ultima settimana https:\/\/www.varesenews.it\/2021\/06\/varese-zona-bianca-237-nuovi-casi-nellultima-settimana\/1349065\/ #atsinsubria\";}","_wpt_status_message":"Tweet inviato con successo.","_oembed_a7957d6675af41fe4fe13bca9b7bf344":"<blockquote class=\"wp-embedded-content\" data-secret=\"vlaXSMRM24\"><a href=\"https:\/\/www.varesenews.it\/2020\/06\/casciago-130-quintali-liquami-nei-torrenti-denunciato-agricoltore\/939356\/\">Casciago, 130 quintali di liquami nei torrenti, denunciato agricoltore<\/a><\/blockquote><iframe class=\"wp-embedded-content\" sandbox=\"allow-scripts\" security=\"restricted\" style=\"position: absolute; clip: rect(1px, 1px, 1px, 1px);\" src=\"https:\/\/www.varesenews.it\/2020\/06\/casciago-130-quintali-liquami-nei-torrenti-denunciato-agricoltore\/939356\/embed\/#?secret=vlaXSMRM24\" data-secret=\"vlaXSMRM24\" width=\"500\" height=\"282\" title=\"&#8220;Casciago, 130 quintali di liquami nei torrenti, denunciato agricoltore&#8221; &#8212; VareseNews\" frameborder=\"0\" marginwidth=\"0\" marginheight=\"0\" scrolling=\"no\"><\/iframe>","_oembed_time_a7957d6675af41fe4fe13bca9b7bf344":"1623323639","_oembed_936a7f1ebf741bd13236c03ab6c6d47e":"<blockquote class=\"wp-embedded-content\" data-secret=\"6RiFiQ9GLv\"><a href=\"https:\/\/www.varesenews.it\/2021\/03\/rapinavano-case-riposo-fingendosi-corrieri-indagini-varese-due-arresti\/1312602\/\">Rapinavano case di riposo fingendosi corrieri, indagini a Varese, due arresti<\/a><\/blockquote><iframe class=\"wp-embedded-content\" sandbox=\"allow-scripts\" security=\"restricted\" style=\"position: absolute; clip: rect(1px, 1px, 1px, 1px);\" src=\"https:\/\/www.varesenews.it\/2021\/03\/rapinavano-case-riposo-fingendosi-corrieri-indagini-varese-due-arresti\/1312602\/embed\/#?secret=6RiFiQ9GLv\" data-secret=\"6RiFiQ9GLv\" width=\"500\" height=\"282\" title=\"&#8220;Rapinavano case di riposo fingendosi corrieri, indagini a Varese, due arresti&#8221; &#8212; VareseNews\" frameborder=\"0\" marginwidth=\"0\" marginheight=\"0\" scrolling=\"no\"><\/iframe>","_oembed_time_936a7f1ebf741bd13236c03ab6c6d47e":"1623323639","_oembed_6d6eff945d349e1f9bacbcabbb945c0c":"<blockquote class=\"wp-embedded-content\" data-secret=\"x4Rf4EfbrA\"><a href=\"https:\/\/www.varesenews.it\/2021\/05\/rapina-ad-albizzate-video-portato-sospetti-sui-tre-16enni\/1341085\/\">Rapina ad Albizzate, i video che hanno portato i sospetti sui tre 16enni<\/a><\/blockquote><iframe class=\"wp-embedded-content\" sandbox=\"allow-scripts\" security=\"restricted\" style=\"position: absolute; clip: rect(1px, 1px, 1px, 1px);\" src=\"https:\/\/www.varesenews.it\/2021\/05\/rapina-ad-albizzate-video-portato-sospetti-sui-tre-16enni\/1341085\/embed\/#?secret=x4Rf4EfbrA\" data-secret=\"x4Rf4EfbrA\" width=\"500\" height=\"282\" title=\"&#8220;Rapina ad Albizzate, i video che hanno portato i sospetti sui tre 16enni&#8221; &#8212; VareseNews\" frameborder=\"0\" marginwidth=\"0\" marginheight=\"0\" scrolling=\"no\"><\/iframe>","_oembed_time_6d6eff945d349e1f9bacbcabbb945c0c":"1623323639","_oembed_8cb76d8a20251efc2bf214e90576c624":"<blockquote class=\"wp-embedded-content\" data-secret=\"aQ6nnXA67F\"><a href=\"https:\/\/www.varesenews.it\/2020\/06\/spaccio-7-giorni-7-nei-boschi-vergiate-sesto-cinque-manette\/936758\/\">Spaccio 7 giorni su 7 nei boschi tra Vergiate e Sesto: cinque in manette<\/a><\/blockquote><iframe class=\"wp-embedded-content\" sandbox=\"allow-scripts\" security=\"restricted\" style=\"position: absolute; clip: rect(1px, 1px, 1px, 1px);\" src=\"https:\/\/www.varesenews.it\/2020\/06\/spaccio-7-giorni-7-nei-boschi-vergiate-sesto-cinque-manette\/936758\/embed\/#?secret=aQ6nnXA67F\" data-secret=\"aQ6nnXA67F\" width=\"500\" height=\"282\" title=\"&#8220;Spaccio 7 giorni su 7 nei boschi tra Vergiate e Sesto: cinque in manette&#8221; &#8212; VareseNews\" frameborder=\"0\" marginwidth=\"0\" marginheight=\"0\" scrolling=\"no\"><\/iframe>","_oembed_time_8cb76d8a20251efc2bf214e90576c624":"1623323639","_oembed_2c7cc551cf2afb7c40b33bc331f4d4c1":"<blockquote class=\"wp-embedded-content\" data-secret=\"O9qRjVc2T9\"><a href=\"https:\/\/www.saronnonews.it\/2020\/07\/10\/saronno-nove-arresti-per-droga\/\">Saronnese, nove arresti per droga. Elicotteri e militari in azione all\u2019alba<\/a><\/blockquote><iframe class=\"wp-embedded-content\" sandbox=\"allow-scripts\" security=\"restricted\" style=\"position: absolute; clip: rect(1px, 1px, 1px, 1px);\" src=\"https:\/\/www.saronnonews.it\/2020\/07\/10\/saronno-nove-arresti-per-droga\/embed\/#?secret=O9qRjVc2T9\" data-secret=\"O9qRjVc2T9\" width=\"500\" height=\"282\" title=\"&#8220;Saronnese, nove arresti per droga. Elicotteri e militari in azione all\u2019alba&#8221; &#8212; SaronnoNews\" frameborder=\"0\" marginwidth=\"0\" marginheight=\"0\" scrolling=\"no\"><\/iframe>","_oembed_time_2c7cc551cf2afb7c40b33bc331f4d4c1":"1623323641","_oembed_b9741ee6c5b117e695e46eff35b81cdf":"<blockquote class=\"wp-embedded-content\" data-secret=\"DIBtjWWOhx\"><a href=\"https:\/\/www.varesenews.it\/2020\/12\/spaccio-nei-boschi-della-valceresio-tre-persone-arrestate-dai-carabinieri\/1285951\/\">Spaccio nei boschi della Valceresio, tre persone arrestate dai carabinieri<\/a><\/blockquote><iframe class=\"wp-embedded-content\" sandbox=\"allow-scripts\" security=\"restricted\" style=\"position: absolute; clip: rect(1px, 1px, 1px, 1px);\" src=\"https:\/\/www.varesenews.it\/2020\/12\/spaccio-nei-boschi-della-valceresio-tre-persone-arrestate-dai-carabinieri\/1285951\/embed\/#?secret=DIBtjWWOhx\" data-secret=\"DIBtjWWOhx\" width=\"500\" height=\"282\" title=\"&#8220;Spaccio nei boschi della Valceresio, tre persone arrestate dai carabinieri&#8221; &#8212; VareseNews\" frameborder=\"0\" marginwidth=\"0\" marginheight=\"0\" scrolling=\"no\"><\/iframe>","_oembed_time_b9741ee6c5b117e695e46eff35b81cdf":"1623323641","_oembed_729ca43c69927b8bb37ba8c8e1df521d":"<blockquote class=\"wp-embedded-content\" data-secret=\"ndUS9Glnzq\"><a href=\"https:\/\/www.varesenews.it\/2020\/07\/entrano-dal-tetto-salvano-donna-voleva-farla-finita-eroico-gesto-due-carabinieri-busto\/944827\/\">Entrano dal tetto e salvano una donna che voleva farla finita, eroico gesto di due carabinieri Busto<\/a><\/blockquote><iframe class=\"wp-embedded-content\" sandbox=\"allow-scripts\" security=\"restricted\" style=\"position: absolute; clip: rect(1px, 1px, 1px, 1px);\" src=\"https:\/\/www.varesenews.it\/2020\/07\/entrano-dal-tetto-salvano-donna-voleva-farla-finita-eroico-gesto-due-carabinieri-busto\/944827\/embed\/#?secret=ndUS9Glnzq\" data-secret=\"ndUS9Glnzq\" width=\"500\" height=\"282\" title=\"&#8220;Entrano dal tetto e salvano una donna che voleva farla finita, eroico gesto di due carabinieri Busto&#8221; &#8212; VareseNews\" frameborder=\"0\" marginwidth=\"0\" marginheight=\"0\" scrolling=\"no\"><\/iframe>","_oembed_time_729ca43c69927b8bb37ba8c8e1df521d":"1623323641","_oembed_64248b27b2367a73f58960a132d9d9af":"<iframe width=\"500\" height=\"281\" src=\"https:\/\/www.youtube.com\/embed\/uARp-pPLLvs?feature=oembed\" frameborder=\"0\" allow=\"accelerometer; autoplay; clipboard-write; encrypted-media; gyroscope; picture-in-picture\" allowfullscreen><\/iframe>","_oembed_time_64248b27b2367a73f58960a132d9d9af":"1623323642","_oembed_4e04413969e1fd9be61803bb97720a44":"<blockquote class=\"wp-embedded-content\" data-secret=\"CEJ266LU4e\"><a href=\"https:\/\/www.varesenews.it\/2020\/11\/ambrosetti-lancia-unassociazione-progresso-del-paese\/1271405\/\">Ambrosetti lancia un&#8217;associazione &#8220;Per il progresso del Paese&#8221;<\/a><\/blockquote><iframe class=\"wp-embedded-content\" sandbox=\"allow-scripts\" security=\"restricted\" style=\"position: absolute; clip: rect(1px, 1px, 1px, 1px);\" src=\"https:\/\/www.varesenews.it\/2020\/11\/ambrosetti-lancia-unassociazione-progresso-del-paese\/1271405\/embed\/#?secret=CEJ266LU4e\" data-secret=\"CEJ266LU4e\" width=\"500\" height=\"282\" title=\"&#8220;Ambrosetti lancia un&#8217;associazione &#8220;Per il progresso del Paese&#8221;&#8221; &#8212; VareseNews\" frameborder=\"0\" marginwidth=\"0\" marginheight=\"0\" scrolling=\"no\"><\/iframe>","_oembed_time_4e04413969e1fd9be61803bb97720a44":"1623323810","_oembed_57ef7fd6915a42de9174fa9d9c1187c4":"<blockquote class=\"wp-embedded-content\" data-secret=\"mAW93hSbTu\"><a href=\"https:\/\/www.varesenews.it\/2021\/06\/gavirate-pronta-campionati-italiani-assoluti-canottaggio\/1347269\/\">Gavirate pronta per i Campionati italiani assoluti di canottaggio<\/a><\/blockquote><iframe class=\"wp-embedded-content\" sandbox=\"allow-scripts\" security=\"restricted\" style=\"position: absolute; clip: rect(1px, 1px, 1px, 1px);\" src=\"https:\/\/www.varesenews.it\/2021\/06\/gavirate-pronta-campionati-italiani-assoluti-canottaggio\/1347269\/embed\/#?secret=mAW93hSbTu\" data-secret=\"mAW93hSbTu\" width=\"500\" height=\"282\" title=\"&#8220;Gavirate pronta per i Campionati italiani assoluti di canottaggio&#8221; &#8212; VareseNews\" frameborder=\"0\" marginwidth=\"0\" marginheight=\"0\" scrolling=\"no\"><\/iframe>","_oembed_time_57ef7fd6915a42de9174fa9d9c1187c4":"1623323810","_oembed_b52a67ff8928fa44fcd49e83f923c90a":"<blockquote class=\"wp-embedded-content\" data-secret=\"ALmrAsB3gB\"><a href=\"https:\/\/www.varesenews.it\/2021\/06\/esplorazioni-natura-lucciole-meraviglia-nel-weekend-dei-bambini\/1346974\/\">Esplorazioni di natura, lucciole e meraviglia nel weekend dei bambini<\/a><\/blockquote><iframe class=\"wp-embedded-content\" sandbox=\"allow-scripts\" security=\"restricted\" style=\"position: absolute; clip: rect(1px, 1px, 1px, 1px);\" src=\"https:\/\/www.varesenews.it\/2021\/06\/esplorazioni-natura-lucciole-meraviglia-nel-weekend-dei-bambini\/1346974\/embed\/#?secret=ALmrAsB3gB\" data-secret=\"ALmrAsB3gB\" width=\"500\" height=\"282\" title=\"&#8220;Esplorazioni di natura, lucciole e meraviglia nel weekend dei bambini&#8221; &#8212; VareseNews\" frameborder=\"0\" marginwidth=\"0\" marginheight=\"0\" scrolling=\"no\"><\/iframe>","_oembed_time_b52a67ff8928fa44fcd49e83f923c90a":"1623324061","_oembed_d1d9502adc99e0345cfc3a65225db10b":"<blockquote class=\"wp-embedded-content\" data-secret=\"4nF64cVI19\"><a href=\"https:\/\/www.varesenews.it\/2021\/06\/libera-circolazione-nelle-zone-confine-arriva-lordinanza-del-ministro\/1346249\/\">Libera circolazione nelle zone di confine: arriva l&#8217;ordinanza del Ministro<\/a><\/blockquote><iframe class=\"wp-embedded-content\" sandbox=\"allow-scripts\" security=\"restricted\" style=\"position: absolute; clip: rect(1px, 1px, 1px, 1px);\" src=\"https:\/\/www.varesenews.it\/2021\/06\/libera-circolazione-nelle-zone-confine-arriva-lordinanza-del-ministro\/1346249\/embed\/#?secret=4nF64cVI19\" data-secret=\"4nF64cVI19\" width=\"500\" height=\"282\" title=\"&#8220;Libera circolazione nelle zone di confine: arriva l&#8217;ordinanza del Ministro&#8221; &#8212; VareseNews\" frameborder=\"0\" marginwidth=\"0\" marginheight=\"0\" scrolling=\"no\"><\/iframe>","_oembed_time_d1d9502adc99e0345cfc3a65225db10b":"1623324062","_oembed_8e8c7aa1aaeafe81f9ddebcb469a1f34":"<blockquote class=\"wp-embedded-content\" data-secret=\"hA2MO3y19v\"><a href=\"https:\/\/www.varesenews.it\/2021\/05\/lappello-mastromarino-alla-politica-fate-possibile-la-situazione-sempre-piu-tesa\/1345134\/\">L&#8217;appello del sindaco di Lavena Ponte Tresa: &#8220;Situazione tesa, riaprite i valichi per la Svizzera&#8221;<\/a><\/blockquote><iframe class=\"wp-embedded-content\" sandbox=\"allow-scripts\" security=\"restricted\" style=\"position: absolute; clip: rect(1px, 1px, 1px, 1px);\" src=\"https:\/\/www.varesenews.it\/2021\/05\/lappello-mastromarino-alla-politica-fate-possibile-la-situazione-sempre-piu-tesa\/1345134\/embed\/#?secret=hA2MO3y19v\" data-secret=\"hA2MO3y19v\" width=\"500\" height=\"282\" title=\"&#8220;L&#8217;appello del sindaco di Lavena Ponte Tresa: &#8220;Situazione tesa, riaprite i valichi per la Svizzera&#8221;&#8221; &#8212; VareseNews\" frameborder=\"0\" marginwidth=\"0\" marginheight=\"0\" scrolling=\"no\"><\/iframe>","_oembed_time_8e8c7aa1aaeafe81f9ddebcb469a1f34":"1623324062","_oembed_f9b7ba739981973ff73e337063777375":"<iframe width=\"500\" height=\"281\" src=\"https:\/\/www.youtube.com\/embed\/jIzcTFGxdHg?feature=oembed\" frameborder=\"0\" allow=\"accelerometer; autoplay; clipboard-write; encrypted-media; gyroscope; picture-in-picture\" allowfullscreen><\/iframe>","_oembed_time_f9b7ba739981973ff73e337063777375":"1623324062","_oembed_3d1e6e4c0746741dada4316420ca1a87":"<blockquote class=\"wp-embedded-content\" data-secret=\"dcpZD69gsN\"><a href=\"https:\/\/www.varesenews.it\/2021\/05\/la-pensione-comandante-della-locale-gallarate-resta-servizio-volontario\/1336344\/\">Dopo la pensione il comandante della Locale di Gallarate resta in servizio da volontario<\/a><\/blockquote><iframe class=\"wp-embedded-content\" sandbox=\"allow-scripts\" security=\"restricted\" style=\"position: absolute; clip: rect(1px, 1px, 1px, 1px);\" src=\"https:\/\/www.varesenews.it\/2021\/05\/la-pensione-comandante-della-locale-gallarate-resta-servizio-volontario\/1336344\/embed\/#?secret=dcpZD69gsN\" data-secret=\"dcpZD69gsN\" width=\"500\" height=\"282\" title=\"&#8220;Dopo la pensione il comandante della Locale di Gallarate resta in servizio da volontario&#8221; &#8212; VareseNews\" frameborder=\"0\" marginwidth=\"0\" marginheight=\"0\" scrolling=\"no\"><\/iframe>","_oembed_time_3d1e6e4c0746741dada4316420ca1a87":"1623324118","_oembed_a29bb6f36f234d28656b92a60c884bc9":"<blockquote class=\"wp-embedded-content\" data-secret=\"IRbtKXrvkk\"><a href=\"https:\/\/www.varesenews.it\/2021\/05\/violenza-donne-gallarate\/1340044\/\">Violenza di genere nel gallaratese, trend superiore al 2020: &#8220;Un campanello d&#8217;allarme&#8221;<\/a><\/blockquote><iframe class=\"wp-embedded-content\" sandbox=\"allow-scripts\" security=\"restricted\" style=\"position: absolute; clip: rect(1px, 1px, 1px, 1px);\" src=\"https:\/\/www.varesenews.it\/2021\/05\/violenza-donne-gallarate\/1340044\/embed\/#?secret=IRbtKXrvkk\" data-secret=\"IRbtKXrvkk\" width=\"500\" height=\"282\" title=\"&#8220;Violenza di genere nel gallaratese, trend superiore al 2020: &#8220;Un campanello d&#8217;allarme&#8221;&#8221; &#8212; VareseNews\" frameborder=\"0\" marginwidth=\"0\" marginheight=\"0\" scrolling=\"no\"><\/iframe>","_oembed_time_a29bb6f36f234d28656b92a60c884bc9":"1623324118","_oembed_af9e1ac3a47feecb9ffdaca6d8568398":"<blockquote class=\"wp-embedded-content\" data-secret=\"UFN8uIiIiR\"><a href=\"https:\/\/www.varesenews.it\/2021\/05\/piscina-manara-la-riapertura-meta-maggio-gli-spagnoli-forus\/1335752\/\">Piscina Manara, riapertura prevista da met\u00e0 maggio. In pista gli spagnoli di Forus<\/a><\/blockquote><iframe class=\"wp-embedded-content\" sandbox=\"allow-scripts\" security=\"restricted\" style=\"position: absolute; clip: rect(1px, 1px, 1px, 1px);\" src=\"https:\/\/www.varesenews.it\/2021\/05\/piscina-manara-la-riapertura-meta-maggio-gli-spagnoli-forus\/1335752\/embed\/#?secret=UFN8uIiIiR\" data-secret=\"UFN8uIiIiR\" width=\"500\" height=\"282\" title=\"&#8220;Piscina Manara, riapertura prevista da met\u00e0 maggio. In pista gli spagnoli di Forus&#8221; &#8212; VareseNews\" frameborder=\"0\" marginwidth=\"0\" marginheight=\"0\" scrolling=\"no\"><\/iframe>","_oembed_time_af9e1ac3a47feecb9ffdaca6d8568398":"1623324118","_oembed_029327b39d0cedf04a271b5ddc741ed5":"<blockquote class=\"wp-embedded-content\" data-secret=\"E9gXoHVhbV\"><a href=\"https:\/\/www.varesenews.it\/2020\/10\/vararo-casere-lo-scirocco-cento-allora-fermato-tempo\/967868\/\">In volo sui boschi del Lago Maggiore rasi al suolo dalla tempesta<\/a><\/blockquote><iframe class=\"wp-embedded-content\" sandbox=\"allow-scripts\" security=\"restricted\" style=\"position: absolute; clip: rect(1px, 1px, 1px, 1px);\" src=\"https:\/\/www.varesenews.it\/2020\/10\/vararo-casere-lo-scirocco-cento-allora-fermato-tempo\/967868\/embed\/#?secret=E9gXoHVhbV\" data-secret=\"E9gXoHVhbV\" width=\"500\" height=\"282\" title=\"&#8220;In volo sui boschi del Lago Maggiore rasi al suolo dalla tempesta&#8221; &#8212; VareseNews\" frameborder=\"0\" marginwidth=\"0\" marginheight=\"0\" scrolling=\"no\"><\/iframe>","_oembed_time_029327b39d0cedf04a271b5ddc741ed5":"1623324119","_oembed_220c5ddba1ac15d9c3b88d950f6ec311":"<iframe width=\"500\" height=\"281\" src=\"https:\/\/www.youtube.com\/embed\/iS5665SL1Zc?feature=oembed\" frameborder=\"0\" allow=\"accelerometer; autoplay; clipboard-write; encrypted-media; gyroscope; picture-in-picture\" allowfullscreen><\/iframe>","_oembed_time_220c5ddba1ac15d9c3b88d950f6ec311":"1623324119","_oembed_bfa2bc77b753e6aeef1d54c7c2586432":"<blockquote class=\"wp-embedded-content\" data-secret=\"n5jF7oxakw\"><a href=\"https:\/\/www.varesenews.it\/2021\/06\/gli-azzurri-gironi-la-formula-lestate-degli-europei-calcio\/1346930\/\">Gli azzurri, i gironi, la formula: \u00e8 l&#8217;estate degli Europei di calcio<\/a><\/blockquote><iframe class=\"wp-embedded-content\" sandbox=\"allow-scripts\" security=\"restricted\" style=\"position: absolute; clip: rect(1px, 1px, 1px, 1px);\" src=\"https:\/\/www.varesenews.it\/2021\/06\/gli-azzurri-gironi-la-formula-lestate-degli-europei-calcio\/1346930\/embed\/#?secret=n5jF7oxakw\" data-secret=\"n5jF7oxakw\" width=\"500\" height=\"282\" title=\"&#8220;Gli azzurri, i gironi, la formula: \u00e8 l&#8217;estate degli Europei di calcio&#8221; &#8212; VareseNews\" frameborder=\"0\" marginwidth=\"0\" marginheight=\"0\" scrolling=\"no\"><\/iframe>","_oembed_time_bfa2bc77b753e6aeef1d54c7c2586432":"1623324134","_oembed_174627a9faab8462e00d19b7d64ca779":"<blockquote class=\"wp-embedded-content\" data-secret=\"I67npJFttZ\"><a href=\"https:\/\/www.varesenews.it\/2019\/09\/whirlpool-emea-la-storia-trattativa-mai-decollata\/854451\/\">Whirlpool Emea e la storia di una trattativa mai decollata<\/a><\/blockquote><iframe class=\"wp-embedded-content\" sandbox=\"allow-scripts\" security=\"restricted\" style=\"position: absolute; clip: rect(1px, 1px, 1px, 1px);\" src=\"https:\/\/www.varesenews.it\/2019\/09\/whirlpool-emea-la-storia-trattativa-mai-decollata\/854451\/embed\/#?secret=I67npJFttZ\" data-secret=\"I67npJFttZ\" width=\"500\" height=\"282\" title=\"&#8220;Whirlpool Emea e la storia di una trattativa mai decollata&#8221; &#8212; VareseNews\" frameborder=\"0\" marginwidth=\"0\" marginheight=\"0\" scrolling=\"no\"><\/iframe>","_oembed_time_174627a9faab8462e00d19b7d64ca779":"1623324296","_oembed_def8c89745aac65e25174e40ccdf6856":"<blockquote class=\"wp-embedded-content\" data-secret=\"KG7jlK9ecK\"><a href=\"https:\/\/www.varesenews.it\/2019\/06\/storia-un-successo-nato-girinvalle\/827486\/\">Storia di un successo, ecco com&#8217;\u00e8 nato Girinvalle<\/a><\/blockquote><iframe class=\"wp-embedded-content\" sandbox=\"allow-scripts\" security=\"restricted\" style=\"position: absolute; clip: rect(1px, 1px, 1px, 1px);\" src=\"https:\/\/www.varesenews.it\/2019\/06\/storia-un-successo-nato-girinvalle\/827486\/embed\/#?secret=KG7jlK9ecK\" data-secret=\"KG7jlK9ecK\" width=\"500\" height=\"282\" title=\"&#8220;Storia di un successo, ecco com&#8217;\u00e8 nato Girinvalle&#8221; &#8212; VareseNews\" frameborder=\"0\" marginwidth=\"0\" marginheight=\"0\" scrolling=\"no\"><\/iframe>","_oembed_time_def8c89745aac65e25174e40ccdf6856":"1623324625","_oembed_85a5c8c5c1df82893f5c7ec2ef75bd28":"<blockquote class=\"wp-embedded-content\" data-secret=\"ivhq9nqRgw\"><a href=\"https:\/\/www.varesenews.it\/2020\/07\/ndrangheta-rifiuti-arrestato-consigliere-busto-arsizio-efrem\/945636\/\">\u2018Ndrangheta e rifiuti, arrestato il consigliere di Busto Arsizio Efrem<\/a><\/blockquote><iframe class=\"wp-embedded-content\" sandbox=\"allow-scripts\" security=\"restricted\" style=\"position: absolute; clip: rect(1px, 1px, 1px, 1px);\" src=\"https:\/\/www.varesenews.it\/2020\/07\/ndrangheta-rifiuti-arrestato-consigliere-busto-arsizio-efrem\/945636\/embed\/#?secret=ivhq9nqRgw\" data-secret=\"ivhq9nqRgw\" width=\"500\" height=\"282\" title=\"&#8220;\u2018Ndrangheta e rifiuti, arrestato il consigliere di Busto Arsizio Efrem&#8221; &#8212; VareseNews\" frameborder=\"0\" marginwidth=\"0\" marginheight=\"0\" scrolling=\"no\"><\/iframe>","_oembed_time_85a5c8c5c1df82893f5c7ec2ef75bd28":"1623324625"},"photos":[{"original":"https:\/\/staging.varesenews.it\/photogallery_new\/images\/2021\/04\/varese-in-zona-gialla-riaperture-1218061.jpg","full":"https:\/\/staging.varesenews.it\/photogallery_new\/images\/2021\/04\/varese-in-zona-gialla-riaperture-1218061.1024x768.jpg","large":"https:\/\/staging.varesenews.it\/photogallery_new\/images\/2021\/04\/varese-in-zona-gialla-riaperture-1218061.610x431.jpg"}],"_links":{"self":[{"href":"https:\/\/staging.varesenews.it\/swgapi\/v1\/wp\/v2\/posts\/1349065"}],"collection":[{"href":"https:\/\/staging.varesenews.it\/swgapi\/v1\/wp\/v2\/posts"}],"about":[{"href":"https:\/\/staging.varesenews.it\/swgapi\/v1\/wp\/v2\/types\/post"}],"author":[{"embeddable":true,"href":"https:\/\/staging.varesenews.it\/swgapi\/v1\/wp\/v2\/users\/33"}],"replies":[{"embeddable":true,"href":"https:\/\/staging.varesenews.it\/swgapi\/v1\/wp\/v2\/comments?post=1349065"}],"version-history":[{"count":0,"href":"https:\/\/staging.varesenews.it\/swgapi\/v1\/wp\/v2\/posts\/1349065\/revisions"}],"wp:attachment":[{"href":"https:\/\/staging.varesenews.it\/swgapi\/v1\/wp\/v2\/media?parent=1349065"}],"wp:term":[{"taxonomy":"category","embeddable":true,"href":"https:\/\/staging.varesenews.it\/swgapi\/v1\/wp\/v2\/categories?post=1349065"},{"taxonomy":"post_tag","embeddable":true,"href":"https:\/\/staging.varesenews.it\/swgapi\/v1\/wp\/v2\/tags?post=1349065"}],"curies":[{"name":"wp","href":"https:\/\/api.w.org\/{rel}","templated":true}]}}