{"id":1349450,"date":"2021-06-11T14:21:26","date_gmt":"2021-06-11T12:21:26","guid":{"rendered":"https:\/\/www.varesenews.it\/?p=1349450"},"modified":"2021-06-11T14:21:26","modified_gmt":"2021-06-11T12:21:26","slug":"verbano-express-treno-speciale-luino-lucerna","status":"publish","type":"post","link":"https:\/\/staging.varesenews.it\/2021\/06\/verbano-express-treno-speciale-luino-lucerna\/1349450\/","title":{"rendered":"Verbano express, treno speciale Luino &#8211; Lucerna"},"content":{"rendered":"<p>Dopo questa lunga, lunghissima attesa si torna a viaggiare e l&#8217;Associazione Verbano Express, in collaborazione con <strong>Transrail<\/strong>, porter\u00e0 i viaggiatori sulle sponde del lago dei quattro Cantoni a bordo di un treno storico, a carattere prettamente nostalgico.<\/p>\n<p><strong>Il viaggio partir\u00e1 da Luino<\/strong> e raggiunger\u00e0\u00a0<strong>Fl\u00fcelen<\/strong>, dalla quale si pu\u00f3 prendere un battello a vapore, Arth-Goldau, dalla quale si pu\u00f2 partire per un viaggio in trenino verso la vetta del monte Rigi, Lucerna, dove oltre a visitare la famigerata citt\u00e0, sar\u00e0 possibile visitare il Museo dei trasporti.<\/p>\n<p>Una data a tutto tondo insomma.<br \/>\n<strong>Partenza<\/strong> da Luino alle 07:41, Maccagno 07:53 e Bellinzona alle 08:37<br \/>\nRipartenza da Lucerna alle 17:24 con arrivo a Bellinzona alle 20:21, Maccagno 20:56 e Luino alle<br \/>\n21:14<\/p>\n<p>Vigeranno le disposizioni Covid<\/p>\n<p>Potete trovare tutti i dettagli sul nostro sito alla pagina<br \/>\n<a href=\"https:\/\/www.verbanoexpress.com\/event\/primavera-express\/\">https:\/\/www.verbanoexpress.com\/event\/primavera-express\/<\/a><\/p>\n","protected":false},"excerpt":{"rendered":"<p>Sabato 26 giugno: Primavera Express \u2013 treno speciale a destinazione di Lucerna, con fermate intermedie a Fl\u00fcelen e Arth-Goldau<\/p>\n","protected":false},"author":34,"featured_media":0,"comment_status":"open","ping_status":"open","sticky":false,"template":"","format":"standard","meta":{"footnotes":""},"categories":[2],"tags":[9556],"acf":[],"yoast_head":"<!-- This site is optimized with the Yoast SEO plugin v20.1 - https:\/\/yoast.com\/wordpress\/plugins\/seo\/ -->\n<title>Verbano express, treno speciale Luino - Lucerna<\/title>\n<meta name=\"description\" content=\"Sabato 26 giugno: Primavera Express \u2013 treno speciale a destinazione di Lucerna, con fermate intermedie a Fl\u00fcelen e Arth-Goldau\" \/>\n<meta name=\"robots\" content=\"noindex, follow, max-snippet:-1, max-image-preview:large, max-video-preview:-1\" \/>\n<meta property=\"og:locale\" content=\"it_IT\" \/>\n<meta property=\"og:type\" content=\"article\" \/>\n<meta property=\"og:title\" content=\"Verbano express, treno speciale Luino - Lucerna\" \/>\n<meta property=\"og:description\" content=\"Sabato 26 giugno: Primavera Express \u2013 treno speciale a destinazione di Lucerna, con fermate intermedie a Fl\u00fcelen e Arth-Goldau\" \/>\n<meta property=\"og:url\" content=\"https:\/\/www.varesenews.it\/2021\/06\/verbano-express-treno-speciale-luino-lucerna\/1349450\/\" \/>\n<meta property=\"og:site_name\" content=\"VareseNews\" \/>\n<meta property=\"article:publisher\" content=\"https:\/\/www.facebook.com\/varesenews\" \/>\n<meta property=\"article:author\" content=\"https:\/\/www.facebook.com\/andrea.camurani?fref=photo\" \/>\n<meta property=\"article:published_time\" content=\"2021-06-11T12:21:26+00:00\" \/>\n<meta name=\"author\" content=\"Andrea Camurani\" \/>\n<meta name=\"twitter:card\" content=\"summary_large_image\" \/>\n<meta name=\"twitter:creator\" content=\"@AndreaCamurani\" \/>\n<meta name=\"twitter:site\" content=\"@varesenews\" \/>\n<meta name=\"twitter:label1\" content=\"Scritto da\" \/>\n\t<meta name=\"twitter:data1\" content=\"Andrea Camurani\" \/>\n\t<meta name=\"twitter:label2\" content=\"Tempo di lettura stimato\" \/>\n\t<meta name=\"twitter:data2\" content=\"1 minuto\" \/>\n<script type=\"application\/ld+json\" class=\"yoast-schema-graph\">{\"@context\":\"https:\/\/schema.org\",\"@graph\":[{\"@type\":\"WebPage\",\"@id\":\"https:\/\/www.varesenews.it\/2021\/06\/verbano-express-treno-speciale-luino-lucerna\/1349450\/\",\"url\":\"https:\/\/www.varesenews.it\/2021\/06\/verbano-express-treno-speciale-luino-lucerna\/1349450\/\",\"name\":\"Verbano express, treno speciale Luino - Lucerna\",\"isPartOf\":{\"@id\":\"https:\/\/staging.varesenews.it\/#website\"},\"datePublished\":\"2021-06-11T12:21:26+00:00\",\"dateModified\":\"2021-06-11T12:21:26+00:00\",\"author\":{\"@id\":\"https:\/\/staging.varesenews.it\/#\/schema\/person\/3eb5832c6beae763de8d9596fdbe8c49\"},\"description\":\"Sabato 26 giugno: Primavera Express \u2013 treno speciale a destinazione di Lucerna, con fermate intermedie a Fl\u00fcelen e Arth-Goldau\",\"breadcrumb\":{\"@id\":\"https:\/\/www.varesenews.it\/2021\/06\/verbano-express-treno-speciale-luino-lucerna\/1349450\/#breadcrumb\"},\"inLanguage\":\"it-IT\",\"potentialAction\":[{\"@type\":\"ReadAction\",\"target\":[\"https:\/\/www.varesenews.it\/2021\/06\/verbano-express-treno-speciale-luino-lucerna\/1349450\/\"]}]},{\"@type\":\"BreadcrumbList\",\"@id\":\"https:\/\/www.varesenews.it\/2021\/06\/verbano-express-treno-speciale-luino-lucerna\/1349450\/#breadcrumb\",\"itemListElement\":[{\"@type\":\"ListItem\",\"position\":1,\"name\":\"Home\",\"item\":\"https:\/\/www.varesenews.it\/\"},{\"@type\":\"ListItem\",\"position\":2,\"name\":\"Verbano express, treno speciale Luino &#8211; Lucerna\"}]},{\"@type\":\"WebSite\",\"@id\":\"https:\/\/staging.varesenews.it\/#website\",\"url\":\"https:\/\/staging.varesenews.it\/\",\"name\":\"VareseNews\",\"description\":\"\",\"potentialAction\":[{\"@type\":\"SearchAction\",\"target\":{\"@type\":\"EntryPoint\",\"urlTemplate\":\"https:\/\/staging.varesenews.it\/?s={search_term_string}\"},\"query-input\":\"required name=search_term_string\"}],\"inLanguage\":\"it-IT\"},{\"@type\":\"Person\",\"@id\":\"https:\/\/staging.varesenews.it\/#\/schema\/person\/3eb5832c6beae763de8d9596fdbe8c49\",\"name\":\"Andrea Camurani\",\"image\":{\"@type\":\"ImageObject\",\"inLanguage\":\"it-IT\",\"@id\":\"https:\/\/staging.varesenews.it\/#\/schema\/person\/image\/\",\"url\":\"https:\/\/staging.varesenews.it\/wp-content\/uploads\/2020\/12\/andrea_camurani_colori_500.jpg\",\"contentUrl\":\"https:\/\/staging.varesenews.it\/wp-content\/uploads\/2020\/12\/andrea_camurani_colori_500.jpg\",\"caption\":\"Andrea Camurani\"},\"description\":\"Sono figlio degli anni Settanta e di Milano, dove ho imparato a riconoscere buoni e cattivi. Laurea in scienze politiche, lavoro a VareseNews dal 2000. Racconto quel che trovo quando incontro chi vuole lasciare al mondo un pezzetto di vita, che si chiama cronaca. &ldquo;...perch&eacute; &egrave; la gente il pi&ugrave; grande spettacolo del mondo. E non si paga il biglietto...&rdquo; (Charles Bukowsky)\",\"sameAs\":[\"https:\/\/www.facebook.com\/andrea.camurani?fref=photo\",\"andreacamurani\",\"https:\/\/www.linkedin.com\/hp\/?dnr=A9a84RfzsLdo9xg4NcGV4dLiMknoc9ms4WM\",\"https:\/\/twitter.com\/AndreaCamurani\"],\"url\":\"https:\/\/staging.varesenews.it\/persona\/andrea_camurani\/\"}]}<\/script>\n<!-- \/ Yoast SEO plugin. -->","yoast_head_json":{"title":"Verbano express, treno speciale Luino - Lucerna","description":"Sabato 26 giugno: Primavera Express \u2013 treno speciale a destinazione di Lucerna, con fermate intermedie a Fl\u00fcelen e Arth-Goldau","robots":{"index":"noindex","follow":"follow","max-snippet":"max-snippet:-1","max-image-preview":"max-image-preview:large","max-video-preview":"max-video-preview:-1"},"og_locale":"it_IT","og_type":"article","og_title":"Verbano express, treno speciale Luino - Lucerna","og_description":"Sabato 26 giugno: Primavera Express \u2013 treno speciale a destinazione di Lucerna, con fermate intermedie a Fl\u00fcelen e Arth-Goldau","og_url":"https:\/\/www.varesenews.it\/2021\/06\/verbano-express-treno-speciale-luino-lucerna\/1349450\/","og_site_name":"VareseNews","article_publisher":"https:\/\/www.facebook.com\/varesenews","article_author":"https:\/\/www.facebook.com\/andrea.camurani?fref=photo","article_published_time":"2021-06-11T12:21:26+00:00","author":"Andrea Camurani","twitter_card":"summary_large_image","twitter_creator":"@AndreaCamurani","twitter_site":"@varesenews","twitter_misc":{"Scritto da":"Andrea Camurani","Tempo di lettura stimato":"1 minuto"},"schema":{"@context":"https:\/\/schema.org","@graph":[{"@type":"WebPage","@id":"https:\/\/www.varesenews.it\/2021\/06\/verbano-express-treno-speciale-luino-lucerna\/1349450\/","url":"https:\/\/www.varesenews.it\/2021\/06\/verbano-express-treno-speciale-luino-lucerna\/1349450\/","name":"Verbano express, treno speciale Luino - Lucerna","isPartOf":{"@id":"https:\/\/staging.varesenews.it\/#website"},"datePublished":"2021-06-11T12:21:26+00:00","dateModified":"2021-06-11T12:21:26+00:00","author":{"@id":"https:\/\/staging.varesenews.it\/#\/schema\/person\/3eb5832c6beae763de8d9596fdbe8c49"},"description":"Sabato 26 giugno: Primavera Express \u2013 treno speciale a destinazione di Lucerna, con fermate intermedie a Fl\u00fcelen e Arth-Goldau","breadcrumb":{"@id":"https:\/\/www.varesenews.it\/2021\/06\/verbano-express-treno-speciale-luino-lucerna\/1349450\/#breadcrumb"},"inLanguage":"it-IT","potentialAction":[{"@type":"ReadAction","target":["https:\/\/www.varesenews.it\/2021\/06\/verbano-express-treno-speciale-luino-lucerna\/1349450\/"]}]},{"@type":"BreadcrumbList","@id":"https:\/\/www.varesenews.it\/2021\/06\/verbano-express-treno-speciale-luino-lucerna\/1349450\/#breadcrumb","itemListElement":[{"@type":"ListItem","position":1,"name":"Home","item":"https:\/\/www.varesenews.it\/"},{"@type":"ListItem","position":2,"name":"Verbano express, treno speciale Luino &#8211; Lucerna"}]},{"@type":"WebSite","@id":"https:\/\/staging.varesenews.it\/#website","url":"https:\/\/staging.varesenews.it\/","name":"VareseNews","description":"","potentialAction":[{"@type":"SearchAction","target":{"@type":"EntryPoint","urlTemplate":"https:\/\/staging.varesenews.it\/?s={search_term_string}"},"query-input":"required name=search_term_string"}],"inLanguage":"it-IT"},{"@type":"Person","@id":"https:\/\/staging.varesenews.it\/#\/schema\/person\/3eb5832c6beae763de8d9596fdbe8c49","name":"Andrea Camurani","image":{"@type":"ImageObject","inLanguage":"it-IT","@id":"https:\/\/staging.varesenews.it\/#\/schema\/person\/image\/","url":"https:\/\/staging.varesenews.it\/wp-content\/uploads\/2020\/12\/andrea_camurani_colori_500.jpg","contentUrl":"https:\/\/staging.varesenews.it\/wp-content\/uploads\/2020\/12\/andrea_camurani_colori_500.jpg","caption":"Andrea Camurani"},"description":"Sono figlio degli anni Settanta e di Milano, dove ho imparato a riconoscere buoni e cattivi. Laurea in scienze politiche, lavoro a VareseNews dal 2000. Racconto quel che trovo quando incontro chi vuole lasciare al mondo un pezzetto di vita, che si chiama cronaca. &ldquo;...perch&eacute; &egrave; la gente il pi&ugrave; grande spettacolo del mondo. E non si paga il biglietto...&rdquo; (Charles Bukowsky)","sameAs":["https:\/\/www.facebook.com\/andrea.camurani?fref=photo","andreacamurani","https:\/\/www.linkedin.com\/hp\/?dnr=A9a84RfzsLdo9xg4NcGV4dLiMknoc9ms4WM","https:\/\/twitter.com\/AndreaCamurani"],"url":"https:\/\/staging.varesenews.it\/persona\/andrea_camurani\/"}]}},"post_meta":{"_edit_lock":"1623414004:34","_edit_last":"34","_category_permalink":"a:1:{s:8:\"category\";s:0:\"\";}","_encloseme":"1","ratings_users":"0","ratings_score":"0","ratings_average":"0","foto":"1228312","firma_come_redazione":"1","argomento":"Luino","_yoast_wpseo_content_score":"30","_jd_tweet_this":"yes","_wpt_short_url":"https:\/\/www.varesenews.it\/2021\/06\/verbano-express-treno-speciale-luino-lucerna\/1349450\/","_wp_jd_target":"https:\/\/www.varesenews.it\/2021\/06\/verbano-express-treno-speciale-luino-lucerna\/1349450\/","_jd_wp_twitter":"a:1:{i:0;s:153:\"Verbano express, treno speciale Luino \u2013 Lucerna https:\/\/www.varesenews.it\/2021\/06\/verbano-express-treno-speciale-luino-lucerna\/1349450\/ #verbanoexpress\";}","_wpt_status_message":"Tweet inviato con successo.","_oembed_110cf63079bec5acf7c31718cae89f04":"<blockquote class=\"wp-embedded-content\" data-secret=\"UFUdRQGcZU\"><a href=\"https:\/\/www.varesenews.it\/2021\/06\/vaccinazioni-aziendali-le-imprese-varesine-dal-18-giugno-malpensafiere\/1349171\/\">Vaccinazioni aziendali per le imprese varesine: dal 18 giugno a MalpensaFiere<\/a><\/blockquote><iframe class=\"wp-embedded-content\" sandbox=\"allow-scripts\" security=\"restricted\" style=\"position: absolute; clip: rect(1px, 1px, 1px, 1px);\" src=\"https:\/\/www.varesenews.it\/2021\/06\/vaccinazioni-aziendali-le-imprese-varesine-dal-18-giugno-malpensafiere\/1349171\/embed\/#?secret=UFUdRQGcZU\" data-secret=\"UFUdRQGcZU\" width=\"500\" height=\"282\" title=\"&#8220;Vaccinazioni aziendali per le imprese varesine: dal 18 giugno a MalpensaFiere&#8221; &#8212; VareseNews\" frameborder=\"0\" marginwidth=\"0\" marginheight=\"0\" scrolling=\"no\"><\/iframe>","_oembed_time_110cf63079bec5acf7c31718cae89f04":"1623414113","_oembed_3d1e6e4c0746741dada4316420ca1a87":"<blockquote class=\"wp-embedded-content\" data-secret=\"EhZQsUey10\"><a href=\"https:\/\/www.varesenews.it\/2021\/05\/la-pensione-comandante-della-locale-gallarate-resta-servizio-volontario\/1336344\/\">Dopo la pensione il comandante della Locale di Gallarate resta in servizio da volontario<\/a><\/blockquote><iframe class=\"wp-embedded-content\" sandbox=\"allow-scripts\" security=\"restricted\" style=\"position: absolute; clip: rect(1px, 1px, 1px, 1px);\" src=\"https:\/\/www.varesenews.it\/2021\/05\/la-pensione-comandante-della-locale-gallarate-resta-servizio-volontario\/1336344\/embed\/#?secret=EhZQsUey10\" data-secret=\"EhZQsUey10\" width=\"500\" height=\"282\" title=\"&#8220;Dopo la pensione il comandante della Locale di Gallarate resta in servizio da volontario&#8221; &#8212; VareseNews\" frameborder=\"0\" marginwidth=\"0\" marginheight=\"0\" scrolling=\"no\"><\/iframe>","_oembed_time_3d1e6e4c0746741dada4316420ca1a87":"1623414116","_oembed_a29bb6f36f234d28656b92a60c884bc9":"<blockquote class=\"wp-embedded-content\" data-secret=\"hPFufyaOR2\"><a href=\"https:\/\/www.varesenews.it\/2021\/05\/violenza-donne-gallarate\/1340044\/\">Violenza di genere nel gallaratese, trend superiore al 2020: &#8220;Un campanello d&#8217;allarme&#8221;<\/a><\/blockquote><iframe class=\"wp-embedded-content\" sandbox=\"allow-scripts\" security=\"restricted\" style=\"position: absolute; clip: rect(1px, 1px, 1px, 1px);\" src=\"https:\/\/www.varesenews.it\/2021\/05\/violenza-donne-gallarate\/1340044\/embed\/#?secret=hPFufyaOR2\" data-secret=\"hPFufyaOR2\" width=\"500\" height=\"282\" title=\"&#8220;Violenza di genere nel gallaratese, trend superiore al 2020: &#8220;Un campanello d&#8217;allarme&#8221;&#8221; &#8212; VareseNews\" frameborder=\"0\" marginwidth=\"0\" marginheight=\"0\" scrolling=\"no\"><\/iframe>","_oembed_time_a29bb6f36f234d28656b92a60c884bc9":"1623414116","_oembed_af9e1ac3a47feecb9ffdaca6d8568398":"<blockquote class=\"wp-embedded-content\" data-secret=\"cM9LiYFtPS\"><a href=\"https:\/\/www.varesenews.it\/2021\/05\/piscina-manara-la-riapertura-meta-maggio-gli-spagnoli-forus\/1335752\/\">Piscina Manara, riapertura prevista da met\u00e0 maggio. In pista gli spagnoli di Forus<\/a><\/blockquote><iframe class=\"wp-embedded-content\" sandbox=\"allow-scripts\" security=\"restricted\" style=\"position: absolute; clip: rect(1px, 1px, 1px, 1px);\" src=\"https:\/\/www.varesenews.it\/2021\/05\/piscina-manara-la-riapertura-meta-maggio-gli-spagnoli-forus\/1335752\/embed\/#?secret=cM9LiYFtPS\" data-secret=\"cM9LiYFtPS\" width=\"500\" height=\"282\" title=\"&#8220;Piscina Manara, riapertura prevista da met\u00e0 maggio. In pista gli spagnoli di Forus&#8221; &#8212; VareseNews\" frameborder=\"0\" marginwidth=\"0\" marginheight=\"0\" scrolling=\"no\"><\/iframe>","_oembed_time_af9e1ac3a47feecb9ffdaca6d8568398":"1623414117","_oembed_bfa2bc77b753e6aeef1d54c7c2586432":"<blockquote class=\"wp-embedded-content\" data-secret=\"ke0wQ0vplm\"><a href=\"https:\/\/www.varesenews.it\/2021\/06\/gli-azzurri-gironi-la-formula-lestate-degli-europei-calcio\/1346930\/\">Gli azzurri, i gironi, la formula: \u00e8 l&#8217;estate degli Europei di calcio<\/a><\/blockquote><iframe class=\"wp-embedded-content\" sandbox=\"allow-scripts\" security=\"restricted\" style=\"position: absolute; clip: rect(1px, 1px, 1px, 1px);\" src=\"https:\/\/www.varesenews.it\/2021\/06\/gli-azzurri-gironi-la-formula-lestate-degli-europei-calcio\/1346930\/embed\/#?secret=ke0wQ0vplm\" data-secret=\"ke0wQ0vplm\" width=\"500\" height=\"282\" title=\"&#8220;Gli azzurri, i gironi, la formula: \u00e8 l&#8217;estate degli Europei di calcio&#8221; &#8212; VareseNews\" frameborder=\"0\" marginwidth=\"0\" marginheight=\"0\" scrolling=\"no\"><\/iframe>","_oembed_time_bfa2bc77b753e6aeef1d54c7c2586432":"1623414136","_oembed_c72cc3961f72dca6dbce0f4850a21fee":"<iframe width=\"500\" height=\"281\" src=\"https:\/\/www.youtube.com\/embed\/crtjn1N1pUA?feature=oembed\" frameborder=\"0\" allow=\"accelerometer; autoplay; clipboard-write; encrypted-media; gyroscope; picture-in-picture\" allowfullscreen><\/iframe>","_oembed_time_c72cc3961f72dca6dbce0f4850a21fee":"1623414136","_oembed_4e04413969e1fd9be61803bb97720a44":"<blockquote class=\"wp-embedded-content\" data-secret=\"r2vCZqpmCh\"><a href=\"https:\/\/www.varesenews.it\/2020\/11\/ambrosetti-lancia-unassociazione-progresso-del-paese\/1271405\/\">Ambrosetti lancia un&#8217;associazione &#8220;Per il progresso del Paese&#8221;<\/a><\/blockquote><iframe class=\"wp-embedded-content\" sandbox=\"allow-scripts\" security=\"restricted\" style=\"position: absolute; clip: rect(1px, 1px, 1px, 1px);\" src=\"https:\/\/www.varesenews.it\/2020\/11\/ambrosetti-lancia-unassociazione-progresso-del-paese\/1271405\/embed\/#?secret=r2vCZqpmCh\" data-secret=\"r2vCZqpmCh\" width=\"500\" height=\"282\" title=\"&#8220;Ambrosetti lancia un&#8217;associazione &#8220;Per il progresso del Paese&#8221;&#8221; &#8212; VareseNews\" frameborder=\"0\" marginwidth=\"0\" marginheight=\"0\" scrolling=\"no\"><\/iframe>","_oembed_time_4e04413969e1fd9be61803bb97720a44":"1623414136"},"photos":[{"original":"https:\/\/staging.varesenews.it\/photogallery_new\/images\/2021\/06\/generica-2020-1228312.jpg","full":"https:\/\/staging.varesenews.it\/photogallery_new\/images\/2021\/06\/generica-2020-1228312.1024x768.jpg","large":"https:\/\/staging.varesenews.it\/photogallery_new\/images\/2021\/06\/generica-2020-1228312.610x431.jpg"}],"_links":{"self":[{"href":"https:\/\/staging.varesenews.it\/swgapi\/v1\/wp\/v2\/posts\/1349450"}],"collection":[{"href":"https:\/\/staging.varesenews.it\/swgapi\/v1\/wp\/v2\/posts"}],"about":[{"href":"https:\/\/staging.varesenews.it\/swgapi\/v1\/wp\/v2\/types\/post"}],"author":[{"embeddable":true,"href":"https:\/\/staging.varesenews.it\/swgapi\/v1\/wp\/v2\/users\/34"}],"replies":[{"embeddable":true,"href":"https:\/\/staging.varesenews.it\/swgapi\/v1\/wp\/v2\/comments?post=1349450"}],"version-history":[{"count":0,"href":"https:\/\/staging.varesenews.it\/swgapi\/v1\/wp\/v2\/posts\/1349450\/revisions"}],"wp:attachment":[{"href":"https:\/\/staging.varesenews.it\/swgapi\/v1\/wp\/v2\/media?parent=1349450"}],"wp:term":[{"taxonomy":"category","embeddable":true,"href":"https:\/\/staging.varesenews.it\/swgapi\/v1\/wp\/v2\/categories?post=1349450"},{"taxonomy":"post_tag","embeddable":true,"href":"https:\/\/staging.varesenews.it\/swgapi\/v1\/wp\/v2\/tags?post=1349450"}],"curies":[{"name":"wp","href":"https:\/\/api.w.org\/{rel}","templated":true}]}}