{"id":1349897,"date":"2021-06-12T17:01:19","date_gmt":"2021-06-12T15:01:19","guid":{"rendered":"https:\/\/www.varesenews.it\/?p=1349897"},"modified":"2021-07-31T00:51:45","modified_gmt":"2021-07-30T22:51:45","slug":"alessandro-magni-si-ricandida-brebbia-centrodestra-compatto","status":"publish","type":"post","link":"https:\/\/staging.varesenews.it\/2021\/06\/alessandro-magni-si-ricandida-brebbia-centrodestra-compatto\/1349897\/","title":{"rendered":"Alessandro Magni si ricandida a Brebbia, con il centrodestra compatto"},"content":{"rendered":"<p>A <strong>Brebbia<\/strong> il <strong>centrodestra corre unito a sostegno del sindaco uscente Alessandro Magni<\/strong>. La conferma arriva oggi dai vertici provinciali di Lega, Fratelli d&#8217;Italia e Forza Italia.<\/p>\n<p>\u00abCon molto piacere confermo che a Brebbia il centrodestra si presenter\u00e0 unito nel sostenere il sindaco uscente Alessandro Magni &#8211; spiega<strong> Stefano Gualandris<\/strong>, referente provinciale della <strong>Lega<\/strong> &#8211; Alessandro in questi cinque anni si \u00e8 dimostrato un giovane amministratore serio, capace ed attento alle esigenze del territorio. Come referente provinciale della Lega faccio i miei migliori auguri per la prossima campagna elettorale a Lui e a tutta la Sua squadra, garantendo che da tutta la Lega avr\u00e0 il massimo supporto\u00bb.<\/p>\n<p>Per <strong>Fratelli d\u2019Italia<\/strong> \u00e8 \u00abassolutamente naturale sostenere Alessandro Magni per la sua riconferma a sindaco di Brebbia. Il nostro partito lo ha supportato con lealt\u00e0 e con il massimo impegno, <strong>esprimendo il vice Sindaco nella persona di Francesca Marino<\/strong>, amministratore infaticabile e caparbia. Questo sodalizio, nucleo centrale di una squadra forte e affiatata, porter\u00e0 a risultati ancor pi\u00f9 significativi nei prossimi cinque anni in favore della comunit\u00e0 di Brebbia\u00bb chiude <strong>Andrea Pellicini<\/strong>, Referente provinciale di Fdi.<\/p>\n<p>\u00abForza Italia, fedele agli accordi provinciali di un centrodestra unito, appoggia incondizionatamente la candidatura a sindaco di Brebbia di Alessandro Magni, attuale primo cittadino che nei passati 5 anni ha saputo ben lavorare per la sua comunit\u00e0\u00bb conclude il senatore <strong>Giacomo Caliendo<\/strong>, Commissario provinciale di Forza Italia Varese.<\/p>\n","protected":false},"excerpt":{"rendered":"<p>La conferma dell&#8217;accordo arriva oggi dai vertici provinciali di Lega, Fratelli d&#8217;Italia e Forza Italia<\/p>\n","protected":false},"author":46,"featured_media":0,"comment_status":"open","ping_status":"open","sticky":false,"template":"","format":"standard","meta":{"footnotes":""},"categories":[2],"tags":[115520],"acf":[],"yoast_head":"<!-- This site is optimized with the Yoast SEO plugin v20.1 - https:\/\/yoast.com\/wordpress\/plugins\/seo\/ -->\n<title>Alessandro Magni si ricandida a Brebbia, con il centrodestra compatto<\/title>\n<meta name=\"description\" content=\"La conferma dell&#039;accordo arriva oggi dai vertici provinciali di Lega, Fratelli d&#039;Italia e Forza Italia\" \/>\n<meta name=\"robots\" content=\"noindex, follow, max-snippet:-1, max-image-preview:large, max-video-preview:-1\" \/>\n<meta property=\"og:locale\" content=\"it_IT\" \/>\n<meta property=\"og:type\" content=\"article\" \/>\n<meta property=\"og:title\" content=\"Alessandro Magni si ricandida a Brebbia, con il centrodestra compatto\" \/>\n<meta property=\"og:description\" content=\"La conferma dell&#039;accordo arriva oggi dai vertici provinciali di Lega, Fratelli d&#039;Italia e Forza Italia\" \/>\n<meta property=\"og:url\" content=\"https:\/\/staging.varesenews.it\/2021\/06\/alessandro-magni-si-ricandida-brebbia-centrodestra-compatto\/1349897\/\" \/>\n<meta property=\"og:site_name\" content=\"VareseNews\" \/>\n<meta property=\"article:publisher\" content=\"https:\/\/www.facebook.com\/varesenews\" \/>\n<meta property=\"article:published_time\" content=\"2021-06-12T15:01:19+00:00\" \/>\n<meta property=\"article:modified_time\" content=\"2021-07-30T22:51:45+00:00\" \/>\n<meta name=\"author\" content=\"Roberto Morandi\" \/>\n<meta name=\"twitter:card\" content=\"summary_large_image\" \/>\n<meta name=\"twitter:creator\" content=\"@ilmorands\" \/>\n<meta name=\"twitter:site\" content=\"@varesenews\" \/>\n<meta name=\"twitter:label1\" content=\"Scritto da\" \/>\n\t<meta name=\"twitter:data1\" content=\"Roberto Morandi\" \/>\n\t<meta name=\"twitter:label2\" content=\"Tempo di lettura stimato\" \/>\n\t<meta name=\"twitter:data2\" content=\"1 minuto\" \/>\n<script type=\"application\/ld+json\" class=\"yoast-schema-graph\">{\"@context\":\"https:\/\/schema.org\",\"@graph\":[{\"@type\":\"WebPage\",\"@id\":\"https:\/\/staging.varesenews.it\/2021\/06\/alessandro-magni-si-ricandida-brebbia-centrodestra-compatto\/1349897\/\",\"url\":\"https:\/\/staging.varesenews.it\/2021\/06\/alessandro-magni-si-ricandida-brebbia-centrodestra-compatto\/1349897\/\",\"name\":\"Alessandro Magni si ricandida a Brebbia, con il centrodestra compatto\",\"isPartOf\":{\"@id\":\"https:\/\/staging.varesenews.it\/#website\"},\"datePublished\":\"2021-06-12T15:01:19+00:00\",\"dateModified\":\"2021-07-30T22:51:45+00:00\",\"author\":{\"@id\":\"https:\/\/staging.varesenews.it\/#\/schema\/person\/efe592ae4c76536b551f89d8b6674bc3\"},\"description\":\"La conferma dell'accordo arriva oggi dai vertici provinciali di Lega, Fratelli d'Italia e Forza Italia\",\"breadcrumb\":{\"@id\":\"https:\/\/staging.varesenews.it\/2021\/06\/alessandro-magni-si-ricandida-brebbia-centrodestra-compatto\/1349897\/#breadcrumb\"},\"inLanguage\":\"it-IT\",\"potentialAction\":[{\"@type\":\"ReadAction\",\"target\":[\"https:\/\/staging.varesenews.it\/2021\/06\/alessandro-magni-si-ricandida-brebbia-centrodestra-compatto\/1349897\/\"]}]},{\"@type\":\"BreadcrumbList\",\"@id\":\"https:\/\/staging.varesenews.it\/2021\/06\/alessandro-magni-si-ricandida-brebbia-centrodestra-compatto\/1349897\/#breadcrumb\",\"itemListElement\":[{\"@type\":\"ListItem\",\"position\":1,\"name\":\"Home\",\"item\":\"https:\/\/www.varesenews.it\/\"},{\"@type\":\"ListItem\",\"position\":2,\"name\":\"Alessandro Magni si ricandida a Brebbia, con il centrodestra compatto\"}]},{\"@type\":\"WebSite\",\"@id\":\"https:\/\/staging.varesenews.it\/#website\",\"url\":\"https:\/\/staging.varesenews.it\/\",\"name\":\"VareseNews\",\"description\":\"\",\"potentialAction\":[{\"@type\":\"SearchAction\",\"target\":{\"@type\":\"EntryPoint\",\"urlTemplate\":\"https:\/\/staging.varesenews.it\/?s={search_term_string}\"},\"query-input\":\"required name=search_term_string\"}],\"inLanguage\":\"it-IT\"},{\"@type\":\"Person\",\"@id\":\"https:\/\/staging.varesenews.it\/#\/schema\/person\/efe592ae4c76536b551f89d8b6674bc3\",\"name\":\"Roberto Morandi\",\"image\":{\"@type\":\"ImageObject\",\"inLanguage\":\"it-IT\",\"@id\":\"https:\/\/staging.varesenews.it\/#\/schema\/person\/image\/\",\"url\":\"https:\/\/staging.varesenews.it\/wp-content\/uploads\/2020\/12\/roberto_morandi_colori_500.jpg\",\"contentUrl\":\"https:\/\/staging.varesenews.it\/wp-content\/uploads\/2020\/12\/roberto_morandi_colori_500.jpg\",\"caption\":\"Roberto Morandi\"},\"description\":\"Classe 1980, laureato in storia, mi occupo dell&rsquo;area di Gallarate e di Malpensa, di trasporti e mobilit&agrave;. Amo molto la dimensione della citt&agrave;, come luogo d&rsquo;incontro di persone diverse e come organismo che si trasforma costantemente. Mi piace anche raccontare le piccole e grandi vicende, anche locali, che compongono la Storia con la S maiuscola. Appassionato di bicicletta: la macchina perfetta per muoversi in citt&agrave; e per viaggiare.\",\"sameAs\":[\"https:\/\/twitter.com\/ilmorands\"],\"url\":\"https:\/\/staging.varesenews.it\/persona\/roberto-morandi1\/\"}]}<\/script>\n<!-- \/ Yoast SEO plugin. -->","yoast_head_json":{"title":"Alessandro Magni si ricandida a Brebbia, con il centrodestra compatto","description":"La conferma dell'accordo arriva oggi dai vertici provinciali di Lega, Fratelli d'Italia e Forza Italia","robots":{"index":"noindex","follow":"follow","max-snippet":"max-snippet:-1","max-image-preview":"max-image-preview:large","max-video-preview":"max-video-preview:-1"},"og_locale":"it_IT","og_type":"article","og_title":"Alessandro Magni si ricandida a Brebbia, con il centrodestra compatto","og_description":"La conferma dell'accordo arriva oggi dai vertici provinciali di Lega, Fratelli d'Italia e Forza Italia","og_url":"https:\/\/staging.varesenews.it\/2021\/06\/alessandro-magni-si-ricandida-brebbia-centrodestra-compatto\/1349897\/","og_site_name":"VareseNews","article_publisher":"https:\/\/www.facebook.com\/varesenews","article_published_time":"2021-06-12T15:01:19+00:00","article_modified_time":"2021-07-30T22:51:45+00:00","author":"Roberto Morandi","twitter_card":"summary_large_image","twitter_creator":"@ilmorands","twitter_site":"@varesenews","twitter_misc":{"Scritto da":"Roberto Morandi","Tempo di lettura stimato":"1 minuto"},"schema":{"@context":"https:\/\/schema.org","@graph":[{"@type":"WebPage","@id":"https:\/\/staging.varesenews.it\/2021\/06\/alessandro-magni-si-ricandida-brebbia-centrodestra-compatto\/1349897\/","url":"https:\/\/staging.varesenews.it\/2021\/06\/alessandro-magni-si-ricandida-brebbia-centrodestra-compatto\/1349897\/","name":"Alessandro Magni si ricandida a Brebbia, con il centrodestra compatto","isPartOf":{"@id":"https:\/\/staging.varesenews.it\/#website"},"datePublished":"2021-06-12T15:01:19+00:00","dateModified":"2021-07-30T22:51:45+00:00","author":{"@id":"https:\/\/staging.varesenews.it\/#\/schema\/person\/efe592ae4c76536b551f89d8b6674bc3"},"description":"La conferma dell'accordo arriva oggi dai vertici provinciali di Lega, Fratelli d'Italia e Forza Italia","breadcrumb":{"@id":"https:\/\/staging.varesenews.it\/2021\/06\/alessandro-magni-si-ricandida-brebbia-centrodestra-compatto\/1349897\/#breadcrumb"},"inLanguage":"it-IT","potentialAction":[{"@type":"ReadAction","target":["https:\/\/staging.varesenews.it\/2021\/06\/alessandro-magni-si-ricandida-brebbia-centrodestra-compatto\/1349897\/"]}]},{"@type":"BreadcrumbList","@id":"https:\/\/staging.varesenews.it\/2021\/06\/alessandro-magni-si-ricandida-brebbia-centrodestra-compatto\/1349897\/#breadcrumb","itemListElement":[{"@type":"ListItem","position":1,"name":"Home","item":"https:\/\/www.varesenews.it\/"},{"@type":"ListItem","position":2,"name":"Alessandro Magni si ricandida a Brebbia, con il centrodestra compatto"}]},{"@type":"WebSite","@id":"https:\/\/staging.varesenews.it\/#website","url":"https:\/\/staging.varesenews.it\/","name":"VareseNews","description":"","potentialAction":[{"@type":"SearchAction","target":{"@type":"EntryPoint","urlTemplate":"https:\/\/staging.varesenews.it\/?s={search_term_string}"},"query-input":"required name=search_term_string"}],"inLanguage":"it-IT"},{"@type":"Person","@id":"https:\/\/staging.varesenews.it\/#\/schema\/person\/efe592ae4c76536b551f89d8b6674bc3","name":"Roberto Morandi","image":{"@type":"ImageObject","inLanguage":"it-IT","@id":"https:\/\/staging.varesenews.it\/#\/schema\/person\/image\/","url":"https:\/\/staging.varesenews.it\/wp-content\/uploads\/2020\/12\/roberto_morandi_colori_500.jpg","contentUrl":"https:\/\/staging.varesenews.it\/wp-content\/uploads\/2020\/12\/roberto_morandi_colori_500.jpg","caption":"Roberto Morandi"},"description":"Classe 1980, laureato in storia, mi occupo dell&rsquo;area di Gallarate e di Malpensa, di trasporti e mobilit&agrave;. Amo molto la dimensione della citt&agrave;, come luogo d&rsquo;incontro di persone diverse e come organismo che si trasforma costantemente. Mi piace anche raccontare le piccole e grandi vicende, anche locali, che compongono la Storia con la S maiuscola. Appassionato di bicicletta: la macchina perfetta per muoversi in citt&agrave; e per viaggiare.","sameAs":["https:\/\/twitter.com\/ilmorands"],"url":"https:\/\/staging.varesenews.it\/persona\/roberto-morandi1\/"}]}},"post_meta":{"_edit_lock":"1627685508:7","_edit_last":"7","_category_permalink":"a:1:{s:8:\"category\";s:1:\"2\";}","_encloseme":"1","ratings_users":"0","ratings_score":"0","ratings_average":"0","foto":"1228584","firma_come_redazione":"1","argomento":"Brebbia","_yoast_wpseo_content_score":"30","_jd_tweet_this":"yes","_wpt_short_url":"https:\/\/www.varesenews.it\/2021\/06\/alessandro-magni-si-ricandida-brebbia-centrodestra-compatto\/1349897\/","_wp_jd_target":"https:\/\/www.varesenews.it\/2021\/06\/alessandro-magni-si-ricandida-brebbia-centrodestra-compatto\/1349897\/","_jd_wp_twitter":"a:1:{i:0;s:173:\"Alessandro Magni si ricandida a Brebbia, con il centrodestra compatto https:\/\/www.varesenews.it\/2021\/06\/alessandro-magni-si-ricandida-brebbia-centrodestra-compatto\/1349897\/ \";}","_wpt_status_message":"Tweet inviato con successo.","_oembed_3f636e35c5f5db1f103989fef9634fd6":"<blockquote class=\"wp-embedded-content\" data-secret=\"jIhBVm6cDY\"><a href=\"https:\/\/www.varesenews.it\/2021\/06\/riparte-lospedale-unico-busto-gallarate-ora-si-parla-ospedale\/1348805\/\">Riparte l&#8217;ospedale unico Busto-Gallarate, ma ora si parla di ospedale nuovo<\/a><\/blockquote><iframe class=\"wp-embedded-content\" sandbox=\"allow-scripts\" security=\"restricted\" style=\"position: absolute; clip: rect(1px, 1px, 1px, 1px);\" src=\"https:\/\/www.varesenews.it\/2021\/06\/riparte-lospedale-unico-busto-gallarate-ora-si-parla-ospedale\/1348805\/embed\/#?secret=jIhBVm6cDY\" data-secret=\"jIhBVm6cDY\" width=\"500\" height=\"282\" title=\"&#8220;Riparte l&#8217;ospedale unico Busto-Gallarate, ma ora si parla di ospedale nuovo&#8221; &#8212; VareseNews\" frameborder=\"0\" marginwidth=\"0\" marginheight=\"0\" scrolling=\"no\"><\/iframe>","_oembed_time_3f636e35c5f5db1f103989fef9634fd6":"1623510118","_oembed_475a264b37f6494a882842db088e4556":"<iframe class=\"wp-embedded-content\" sandbox=\"allow-scripts\" security=\"restricted\" src=\"https:\/\/widget.spreaker.com\/player?episode_id=45257924&#038;theme=light&#038;playlist=false&#038;cover_image_url=https%3A%2F%2Fd3wo5wojvuv7l.cloudfront.net%2Fimages.spreaker.com%2Foriginal%2F6fe689e77b5874d5cd27e9c547b49602.jpg#?secret=ZW5TSLnhZY\" data-secret=\"ZW5TSLnhZY\" width=\"500\" height=\"750\" frameborder=\"0\"><\/iframe>","_oembed_time_475a264b37f6494a882842db088e4556":"1623510119","_oembed_f543c048558e92902e5da90e6b556b28":"<iframe class=\"wp-embedded-content\" sandbox=\"allow-scripts\" security=\"restricted\" src=\"https:\/\/widget.spreaker.com\/player?episode_id=45258119&#038;theme=light&#038;playlist=false&#038;cover_image_url=https%3A%2F%2Fd3wo5wojvuv7l.cloudfront.net%2Fimages.spreaker.com%2Foriginal%2F6fe689e77b5874d5cd27e9c547b49602.jpg#?secret=PldoX4TLjo\" data-secret=\"PldoX4TLjo\" width=\"500\" height=\"750\" frameborder=\"0\"><\/iframe>","_oembed_time_f543c048558e92902e5da90e6b556b28":"1623510119","_oembed_1602464d23971bce81490250b1505eac":"<iframe class=\"wp-embedded-content\" sandbox=\"allow-scripts\" security=\"restricted\" src=\"https:\/\/widget.spreaker.com\/player?episode_id=45258517&#038;theme=light&#038;playlist=false&#038;cover_image_url=https%3A%2F%2Fd3wo5wojvuv7l.cloudfront.net%2Fimages.spreaker.com%2Foriginal%2F6fe689e77b5874d5cd27e9c547b49602.jpg#?secret=tWwmMGFx5j\" data-secret=\"tWwmMGFx5j\" width=\"500\" height=\"750\" frameborder=\"0\"><\/iframe>","_oembed_time_1602464d23971bce81490250b1505eac":"1623510119","_oembed_7c3598c7093c05a99297f587a050f302":"<blockquote class=\"wp-embedded-content\" data-secret=\"PKTIyrOYLX\"><a href=\"https:\/\/www.varesenews.it\/2021\/06\/spettacoli-ed-esplorazioni-nel-primo-weekend-vacanza-bambini\/1349520\/\">Spettacoli ed esplorazioni nel primo weekend di vacanza per i bambini<\/a><\/blockquote><iframe class=\"wp-embedded-content\" sandbox=\"allow-scripts\" security=\"restricted\" style=\"position: absolute; clip: rect(1px, 1px, 1px, 1px);\" src=\"https:\/\/www.varesenews.it\/2021\/06\/spettacoli-ed-esplorazioni-nel-primo-weekend-vacanza-bambini\/1349520\/embed\/#?secret=PKTIyrOYLX\" data-secret=\"PKTIyrOYLX\" width=\"500\" height=\"282\" title=\"&#8220;Spettacoli ed esplorazioni nel primo weekend di vacanza per i bambini&#8221; &#8212; VareseNews\" frameborder=\"0\" marginwidth=\"0\" marginheight=\"0\" scrolling=\"no\"><\/iframe>","_oembed_time_7c3598c7093c05a99297f587a050f302":"1623510119","_oembed_cf4bdd0153c69fc990f8a93edba658f4":"<blockquote class=\"wp-embedded-content\" data-secret=\"mXT4p0PyM2\"><a href=\"https:\/\/www.varesenews.it\/2021\/06\/andrea-budelli-gallarate-diventa-prete-38-anni-lascio-la-farmacia\/1348684\/\">Andrea Budelli da Gallarate diventa prete a 38 anni: &#8220;Lascio la farmacia&#8221;<\/a><\/blockquote><iframe class=\"wp-embedded-content\" sandbox=\"allow-scripts\" security=\"restricted\" style=\"position: absolute; clip: rect(1px, 1px, 1px, 1px);\" src=\"https:\/\/www.varesenews.it\/2021\/06\/andrea-budelli-gallarate-diventa-prete-38-anni-lascio-la-farmacia\/1348684\/embed\/#?secret=mXT4p0PyM2\" data-secret=\"mXT4p0PyM2\" width=\"500\" height=\"282\" title=\"&#8220;Andrea Budelli da Gallarate diventa prete a 38 anni: &#8220;Lascio la farmacia&#8221;&#8221; &#8212; VareseNews\" frameborder=\"0\" marginwidth=\"0\" marginheight=\"0\" scrolling=\"no\"><\/iframe>","_oembed_time_cf4bdd0153c69fc990f8a93edba658f4":"1623510122","_oembed_110cf63079bec5acf7c31718cae89f04":"<blockquote class=\"wp-embedded-content\" data-secret=\"8qfPv2ITzR\"><a href=\"https:\/\/www.varesenews.it\/2021\/06\/vaccinazioni-aziendali-le-imprese-varesine-dal-18-giugno-malpensafiere\/1349171\/\">Vaccinazioni aziendali per le imprese varesine: dal 18 giugno a MalpensaFiere<\/a><\/blockquote><iframe class=\"wp-embedded-content\" sandbox=\"allow-scripts\" security=\"restricted\" style=\"position: absolute; clip: rect(1px, 1px, 1px, 1px);\" src=\"https:\/\/www.varesenews.it\/2021\/06\/vaccinazioni-aziendali-le-imprese-varesine-dal-18-giugno-malpensafiere\/1349171\/embed\/#?secret=8qfPv2ITzR\" data-secret=\"8qfPv2ITzR\" width=\"500\" height=\"282\" title=\"&#8220;Vaccinazioni aziendali per le imprese varesine: dal 18 giugno a MalpensaFiere&#8221; &#8212; VareseNews\" frameborder=\"0\" marginwidth=\"0\" marginheight=\"0\" scrolling=\"no\"><\/iframe>","_oembed_time_110cf63079bec5acf7c31718cae89f04":"1623510122","_oembed_bfa2bc77b753e6aeef1d54c7c2586432":"<blockquote class=\"wp-embedded-content\" data-secret=\"UovdDjehVe\"><a href=\"https:\/\/www.varesenews.it\/2021\/06\/gli-azzurri-gironi-la-formula-lestate-degli-europei-calcio\/1346930\/\">Gli azzurri, i gironi, la formula: \u00e8 l&#8217;estate degli Europei di calcio<\/a><\/blockquote><iframe class=\"wp-embedded-content\" sandbox=\"allow-scripts\" security=\"restricted\" style=\"position: absolute; clip: rect(1px, 1px, 1px, 1px);\" src=\"https:\/\/www.varesenews.it\/2021\/06\/gli-azzurri-gironi-la-formula-lestate-degli-europei-calcio\/1346930\/embed\/#?secret=UovdDjehVe\" data-secret=\"UovdDjehVe\" width=\"500\" height=\"282\" title=\"&#8220;Gli azzurri, i gironi, la formula: \u00e8 l&#8217;estate degli Europei di calcio&#8221; &#8212; VareseNews\" frameborder=\"0\" marginwidth=\"0\" marginheight=\"0\" scrolling=\"no\"><\/iframe>","_oembed_time_bfa2bc77b753e6aeef1d54c7c2586432":"1623510139","_oembed_c72cc3961f72dca6dbce0f4850a21fee":"<iframe width=\"500\" height=\"281\" src=\"https:\/\/www.youtube.com\/embed\/crtjn1N1pUA?feature=oembed\" frameborder=\"0\" allow=\"accelerometer; autoplay; clipboard-write; encrypted-media; gyroscope; picture-in-picture\" allowfullscreen><\/iframe>","_oembed_time_c72cc3961f72dca6dbce0f4850a21fee":"1623510138","_oembed_4e04413969e1fd9be61803bb97720a44":"<blockquote class=\"wp-embedded-content\" data-secret=\"tbeETzALTa\"><a href=\"https:\/\/www.varesenews.it\/2020\/11\/ambrosetti-lancia-unassociazione-progresso-del-paese\/1271405\/\">Ambrosetti lancia un&#8217;associazione &#8220;Per il progresso del Paese&#8221;<\/a><\/blockquote><iframe class=\"wp-embedded-content\" sandbox=\"allow-scripts\" security=\"restricted\" style=\"position: absolute; clip: rect(1px, 1px, 1px, 1px);\" src=\"https:\/\/www.varesenews.it\/2020\/11\/ambrosetti-lancia-unassociazione-progresso-del-paese\/1271405\/embed\/#?secret=tbeETzALTa\" data-secret=\"tbeETzALTa\" width=\"500\" height=\"282\" title=\"&#8220;Ambrosetti lancia un&#8217;associazione &#8220;Per il progresso del Paese&#8221;&#8221; &#8212; VareseNews\" frameborder=\"0\" marginwidth=\"0\" marginheight=\"0\" scrolling=\"no\"><\/iframe>","_oembed_time_4e04413969e1fd9be61803bb97720a44":"1623510139","_oembed_92592469a12cbb0354ae733e7369897a":"<iframe width=\"500\" height=\"281\" src=\"https:\/\/www.youtube.com\/embed\/oH_hMAwEI_c?feature=oembed\" frameborder=\"0\" allow=\"accelerometer; autoplay; clipboard-write; encrypted-media; gyroscope; picture-in-picture\" allowfullscreen><\/iframe>","_oembed_time_92592469a12cbb0354ae733e7369897a":"1623510292","_oembed_dff62204e6c9729e6f1eb8b87a85f2c8":"<blockquote class=\"wp-embedded-content\" data-secret=\"d5WyULbkyz\"><a href=\"https:\/\/www.varesenews.it\/2020\/08\/villa-della-porta-bozzolo-la-casa-delizia-nata-amore\/952455\/\">Villa della Porta Bozzolo, la \u201ccasa di delizia\u201c nata per amore<\/a><\/blockquote><iframe class=\"wp-embedded-content\" sandbox=\"allow-scripts\" security=\"restricted\" style=\"position: absolute; clip: rect(1px, 1px, 1px, 1px);\" src=\"https:\/\/www.varesenews.it\/2020\/08\/villa-della-porta-bozzolo-la-casa-delizia-nata-amore\/952455\/embed\/#?secret=d5WyULbkyz\" data-secret=\"d5WyULbkyz\" width=\"500\" height=\"282\" title=\"&#8220;Villa della Porta Bozzolo, la \u201ccasa di delizia\u201c nata per amore&#8221; &#8212; VareseNews\" frameborder=\"0\" marginwidth=\"0\" marginheight=\"0\" scrolling=\"no\"><\/iframe>","_oembed_time_dff62204e6c9729e6f1eb8b87a85f2c8":"1623510292","_oembed_4ee4719721b457c88d67c07cce23e8c4":"<blockquote class=\"wp-embedded-content\" data-secret=\"rrZgvAzxkq\"><a href=\"https:\/\/www.varesenews.it\/2021\/06\/dai-pannolini-alle-bioplastiche-piano-leconomia-circolare-amga-agesp-cap\/1346835\/\">Dai pannolini alle bioplastiche, ecco il piano per l&#8217;economia circolare di Amga, Agesp e Cap<\/a><\/blockquote><iframe class=\"wp-embedded-content\" sandbox=\"allow-scripts\" security=\"restricted\" style=\"position: absolute; clip: rect(1px, 1px, 1px, 1px);\" src=\"https:\/\/www.varesenews.it\/2021\/06\/dai-pannolini-alle-bioplastiche-piano-leconomia-circolare-amga-agesp-cap\/1346835\/embed\/#?secret=rrZgvAzxkq\" data-secret=\"rrZgvAzxkq\" width=\"500\" height=\"282\" title=\"&#8220;Dai pannolini alle bioplastiche, ecco il piano per l&#8217;economia circolare di Amga, Agesp e Cap&#8221; &#8212; VareseNews\" frameborder=\"0\" marginwidth=\"0\" marginheight=\"0\" scrolling=\"no\"><\/iframe>","_oembed_time_4ee4719721b457c88d67c07cce23e8c4":"1623510632","_oembed_2e5174d67e72d5906b70ce917fb752bd":"<blockquote class=\"wp-embedded-content\" data-secret=\"33bO8clpzB\"><a href=\"https:\/\/www.varesenews.it\/2021\/05\/sindaco-ritira-la-delibera-sul-capannone-torre-fagnano-olona-scoppia-la-polemica\/1343724\/\">Il sindaco ritira la delibera sul capannone torre a Fagnano Olona e scoppia (di nuovo) la polemica<\/a><\/blockquote><iframe class=\"wp-embedded-content\" sandbox=\"allow-scripts\" security=\"restricted\" style=\"position: absolute; clip: rect(1px, 1px, 1px, 1px);\" src=\"https:\/\/www.varesenews.it\/2021\/05\/sindaco-ritira-la-delibera-sul-capannone-torre-fagnano-olona-scoppia-la-polemica\/1343724\/embed\/#?secret=33bO8clpzB\" data-secret=\"33bO8clpzB\" width=\"500\" height=\"282\" title=\"&#8220;Il sindaco ritira la delibera sul capannone torre a Fagnano Olona e scoppia (di nuovo) la polemica&#8221; &#8212; VareseNews\" frameborder=\"0\" marginwidth=\"0\" marginheight=\"0\" scrolling=\"no\"><\/iframe>","_oembed_time_2e5174d67e72d5906b70ce917fb752bd":"1623510632","_oembed_ed7b0ba96635524cc009fa4ac1b9bfea":"<blockquote class=\"wp-embedded-content\" data-secret=\"v2PDEfftKc\"><a href=\"https:\/\/www.varesenews.it\/2020\/10\/scintille-sindacato-dirigente-allistituto-comprensivo-venegono\/972945\/\">Scintille tra sindacato e dirigente all&#8217;Istituto comprensivo di Venegono<\/a><\/blockquote><iframe class=\"wp-embedded-content\" sandbox=\"allow-scripts\" security=\"restricted\" style=\"position: absolute; clip: rect(1px, 1px, 1px, 1px);\" src=\"https:\/\/www.varesenews.it\/2020\/10\/scintille-sindacato-dirigente-allistituto-comprensivo-venegono\/972945\/embed\/#?secret=v2PDEfftKc\" data-secret=\"v2PDEfftKc\" width=\"500\" height=\"282\" title=\"&#8220;Scintille tra sindacato e dirigente all&#8217;Istituto comprensivo di Venegono&#8221; &#8212; VareseNews\" frameborder=\"0\" marginwidth=\"0\" marginheight=\"0\" scrolling=\"no\"><\/iframe>","_oembed_time_ed7b0ba96635524cc009fa4ac1b9bfea":"1623510839"},"photos":[{"original":"https:\/\/staging.varesenews.it\/photogallery_new\/images\/2021\/06\/alessandri-magni-1228584.jpg","full":"https:\/\/staging.varesenews.it\/photogallery_new\/images\/2021\/06\/alessandri-magni-1228584.1024x768.jpg","large":"https:\/\/staging.varesenews.it\/photogallery_new\/images\/2021\/06\/alessandri-magni-1228584.610x431.jpg"}],"_links":{"self":[{"href":"https:\/\/staging.varesenews.it\/swgapi\/v1\/wp\/v2\/posts\/1349897"}],"collection":[{"href":"https:\/\/staging.varesenews.it\/swgapi\/v1\/wp\/v2\/posts"}],"about":[{"href":"https:\/\/staging.varesenews.it\/swgapi\/v1\/wp\/v2\/types\/post"}],"author":[{"embeddable":true,"href":"https:\/\/staging.varesenews.it\/swgapi\/v1\/wp\/v2\/users\/46"}],"replies":[{"embeddable":true,"href":"https:\/\/staging.varesenews.it\/swgapi\/v1\/wp\/v2\/comments?post=1349897"}],"version-history":[{"count":0,"href":"https:\/\/staging.varesenews.it\/swgapi\/v1\/wp\/v2\/posts\/1349897\/revisions"}],"wp:attachment":[{"href":"https:\/\/staging.varesenews.it\/swgapi\/v1\/wp\/v2\/media?parent=1349897"}],"wp:term":[{"taxonomy":"category","embeddable":true,"href":"https:\/\/staging.varesenews.it\/swgapi\/v1\/wp\/v2\/categories?post=1349897"},{"taxonomy":"post_tag","embeddable":true,"href":"https:\/\/staging.varesenews.it\/swgapi\/v1\/wp\/v2\/tags?post=1349897"}],"curies":[{"name":"wp","href":"https:\/\/api.w.org\/{rel}","templated":true}]}}