{"id":1351967,"date":"2021-06-18T11:45:44","date_gmt":"2021-06-18T09:45:44","guid":{"rendered":"https:\/\/www.varesenews.it\/?p=1351967"},"modified":"2021-06-18T11:45:44","modified_gmt":"2021-06-18T09:45:44","slug":"esterno-notte-swing-ciclismo-kim-rossi-stuart-weekend-al-cinema","status":"publish","type":"post","link":"https:\/\/staging.varesenews.it\/2021\/06\/esterno-notte-swing-ciclismo-kim-rossi-stuart-weekend-al-cinema\/1351967\/","title":{"rendered":"Esterno Notte: swing, ciclismo e Kim Rossi Stuart per il weekend al cinema"},"content":{"rendered":"<p>E&#8217; intenso e davvero vario il programma dei prossimi giorni della <strong><a href=\"https:\/\/www.filmstudio90.it\/esterno-notte\/\" target=\"_blank\" rel=\"noopener\">rassegna Esterno Notte<\/a>,<\/strong> manifestazione estiva di cinema e musica, che come ogni anno si tiene ai Giardini Estensi di Varese.<\/p>\n<p>La manifestazione, promossa dal Comune di Varese in collaborazione con Filmstudio 90, \u00e8 ulteriormente cresciuta in quantit\u00e0 e qualit\u00e0 e si qualifica sempre pi\u00f9 come punto di riferimento per tutto il territorio provinciale.<\/p>\n<p><a class=\"ui-selectee\" title=\"Modifica Foto\" href=\"https:\/\/www.varesenews.it\/photogallery_new\/bridge\/photos-edit.php?ID=1229915\"><div class=\"photo-inside-post\"><img decoding=\"async\" loading=\"lazy\" fetchpriority=\"low\" width=\"610\" height=\"431\" src=\"https:\/\/staging.varesenews.it\/photogallery_new\/images\/2021\/06\/generica-2020-1229915.610x431.jpg\" alt=\"Generica 2020\"><\/div><\/a><\/p>\n<p>Oggi, <strong>venerd\u00ec 18 giugno alle 21.30<\/strong> \u00e8 in programma l&#8217;attesissimo concerto della <strong>Coloured Swing Band<\/strong>, storico gruppo di 19 elementi che propone brani tradizionali del genere Swing come venivano eseguiti dalle famose orchestre di Count Basie, Duke Ellington e Glenn Miller. La band nasce a Comerio nel 2005 e diventa stabile dopo una fortunata performance alle Messaggerie Musicali di Milano in occasione del Memorial Battisti e cresce nel tempo fino alla bella partecipazione a Italia\u2019s got talent nel 2012 e i concerti che riempiono le piazze.<\/p>\n<p>Sul palco stasera, come special guest,<strong> Paolo Tomelleri,<\/strong> grande clarinettista e sassofonista che ha collaborato con Enzo Jannacci e poi Lisa Sacchezin, Eleonora Penati e Giusy Consoli, che negli anni si sono succedute come cantanti del gruppo.<\/p>\n<p><a class=\"ui-selectee\" title=\"Modifica Foto\" href=\"https:\/\/www.varesenews.it\/photogallery_new\/bridge\/photos-edit.php?ID=1229914\"><div class=\"photo-inside-post\"><img decoding=\"async\" loading=\"lazy\" fetchpriority=\"low\" width=\"610\" height=\"431\" src=\"https:\/\/staging.varesenews.it\/photogallery_new\/images\/2021\/06\/generica-2020-1229914.610x431.jpg\" alt=\"Generica 2020\"><\/div><\/a><\/p>\n<p>Sabato 19 giugno una prima visione originale, con un film applaudito in tutto il mondo e gi\u00e0 in corsa lo scorso anno per gli Oscar: si tratta di <strong>Wonderful Losers,<\/strong>\u00a0in collaborazione con FIAB. Un documentario emozionante, dedicato ai ciclisti che vediamo spesso ma non sempre in fondo del gruppo. Sacrificano la loro carriera e le possibili vittorie per aiutare i loro leader a vincere le gare. Il regista Arunas Matelis ha seguito questi &#8220;Sancho Panza&#8221; del ciclismo professionista durante il Giro d&#8217;Italia e ci rivela il mondo sconosciuto di questi splendidi perdenti, eroi che si schiantano, si rialzano e continuano a correre&#8230;Vengono chiamati gregari, senza diritto a una vittoria personale, ma sono i veri guerrieri del ciclismo professionale.Sar\u00e0 presente anche Mauro Antonio Santaromita, ex ciclista professionista, intervistato da Massimo Lazzaroni.<\/p>\n<div class=\"responsive-video\"><iframe loading=\"lazy\" width=\"500\" height=\"281\" src=\"https:\/\/www.youtube.com\/embed\/fajeQ4xz8dw?feature=oembed\" frameborder=\"0\" allow=\"accelerometer; autoplay; clipboard-write; encrypted-media; gyroscope; picture-in-picture\" allowfullscreen><\/iframe><\/div>\n<p><strong>Domenica 20 giugno si torna alla fiction<\/strong>, con uno dei titoli pi\u00f9 importanti della stagione, <strong>Cosa sar\u00e0<\/strong>, diretto da Francesco Bruni e interpretato dai convincenti Kim Rossi Stuart e Francesca Indovina: \u00e8 una storia autobiografica, ambientata a Livorno, premiata ai David di Donatello. Nel film il protagonista, \u00e8 un regista di &#8220;commedie che non fanno ridere&#8221; che si \u00e8 separato da poco e controvoglia dalla moglie, quando nella sua vita all&#8217;improvviso irrompe una malattia terribile: la mielodisplasia. Il film, contrariamente al tema drammatico, trova invece il modo di essere leggero e anche autoironico per raccontare una vicenda umana, che mette a nudo ovviamente le fragilit\u00e0umane.<\/p>\n<p>Segnaliamo ancora, sullo schermo dei Giardini Estensi, il film di <strong>marted\u00ec 22 giugno, il coinvolgente e lucidissimo Roubaix,<\/strong> una luce di Arnaud Desplechin, ottimo noir francese costruito con grande efficacia sulle psicologie dei personaggi, soprattutto su quelle del poliziotto (un bravissimo Roschdy Zem) che indaga sui crimini della citt\u00e0 con sguardo profondamente comprensivo, soprattutto nel modo in cui cerca sempre di instaurare un rapporto deciso ma positivo anche con i protagonisti dei crimini, guardati sempre negli occhi.<\/p>\n<p>Per tutti gli spettacoli l&#8217;ingresso \u00e8 di euro 6,50\/5\/3, \u00e8 sempre consigliabile la prevendita online su www.liveticket.it\/filmstudio90.<\/p>\n<p><a href=\"https:\/\/www.filmstudio90.it\/wordpress\/wp-content\/uploads\/2021\/06\/Programma-Esterno-Notte-2021-1.pdf\" target=\"_blank\" rel=\"noopener\">IL PROGRAMMA DI ESTERNO NOTTE 2021<\/a><\/p>\n<blockquote class=\"wp-embedded-content\" data-secret=\"wTE0iqzgM5\"><p><a href=\"https:\/\/www.varesenews.it\/2021\/06\/esterno-notte-si-fara-pronto-ledizione-2021\/1348145\/\">Esterno Notte si far\u00e0, tutto pronto per l&#8217;edizione 2021<\/a><\/p><\/blockquote>\n<p><iframe class=\"wp-embedded-content\" sandbox=\"allow-scripts\" security=\"restricted\" style=\"position: absolute; clip: rect(1px, 1px, 1px, 1px);\" src=\"https:\/\/www.varesenews.it\/2021\/06\/esterno-notte-si-fara-pronto-ledizione-2021\/1348145\/embed\/#?secret=wTE0iqzgM5\" data-secret=\"wTE0iqzgM5\" width=\"500\" height=\"282\" title=\"&#8220;Esterno Notte si far\u00e0, tutto pronto per l&#8217;edizione 2021&#8221; &#8212; VareseNews\" frameborder=\"0\" marginwidth=\"0\" marginheight=\"0\" scrolling=\"no\"><\/iframe><\/p>\n","protected":false},"excerpt":{"rendered":"<p>E&#8217; intenso e vario il programma dei prossimi giorni della rassegna. Ecco gli appuntamenti da venerd\u00ec 18 a marted\u00ec 22 giugno <\/p>\n","protected":false},"author":32,"featured_media":0,"comment_status":"open","ping_status":"open","sticky":false,"template":"","format":"standard","meta":{"footnotes":""},"categories":[13,21,2],"tags":[2362,158],"acf":[],"yoast_head":"<!-- This site is optimized with the Yoast SEO plugin v20.1 - https:\/\/yoast.com\/wordpress\/plugins\/seo\/ -->\n<title>Esterno Notte: swing, ciclismo e Kim Rossi Stuart per il weekend al cinema<\/title>\n<meta name=\"description\" content=\"E&#039; intenso e vario il programma dei prossimi giorni della rassegna. Ecco gli appuntamenti da venerd\u00ec 18 a marted\u00ec 22 giugno\" \/>\n<meta name=\"robots\" content=\"noindex, follow, max-snippet:-1, max-image-preview:large, max-video-preview:-1\" \/>\n<meta property=\"og:locale\" content=\"it_IT\" \/>\n<meta property=\"og:type\" content=\"article\" \/>\n<meta property=\"og:title\" content=\"Esterno Notte: swing, ciclismo e Kim Rossi Stuart per il weekend al cinema\" \/>\n<meta property=\"og:description\" content=\"E&#039; intenso e vario il programma dei prossimi giorni della rassegna. Ecco gli appuntamenti da venerd\u00ec 18 a marted\u00ec 22 giugno\" \/>\n<meta property=\"og:url\" content=\"https:\/\/staging.varesenews.it\/2021\/06\/esterno-notte-swing-ciclismo-kim-rossi-stuart-weekend-al-cinema\/1351967\/\" \/>\n<meta property=\"og:site_name\" content=\"VareseNews\" \/>\n<meta property=\"article:publisher\" content=\"https:\/\/www.facebook.com\/varesenews\" \/>\n<meta property=\"article:published_time\" content=\"2021-06-18T09:45:44+00:00\" \/>\n<meta name=\"author\" content=\"Adelia Brigo\" \/>\n<meta name=\"twitter:card\" content=\"summary_large_image\" \/>\n<meta name=\"twitter:creator\" content=\"@AdeliaBrigo\" \/>\n<meta name=\"twitter:site\" content=\"@varesenews\" \/>\n<meta name=\"twitter:label1\" content=\"Scritto da\" \/>\n\t<meta name=\"twitter:data1\" content=\"Adelia Brigo\" \/>\n\t<meta name=\"twitter:label2\" content=\"Tempo di lettura stimato\" \/>\n\t<meta name=\"twitter:data2\" content=\"3 minuti\" \/>\n<script type=\"application\/ld+json\" class=\"yoast-schema-graph\">{\"@context\":\"https:\/\/schema.org\",\"@graph\":[{\"@type\":\"WebPage\",\"@id\":\"https:\/\/staging.varesenews.it\/2021\/06\/esterno-notte-swing-ciclismo-kim-rossi-stuart-weekend-al-cinema\/1351967\/\",\"url\":\"https:\/\/staging.varesenews.it\/2021\/06\/esterno-notte-swing-ciclismo-kim-rossi-stuart-weekend-al-cinema\/1351967\/\",\"name\":\"Esterno Notte: swing, ciclismo e Kim Rossi Stuart per il weekend al cinema\",\"isPartOf\":{\"@id\":\"https:\/\/staging.varesenews.it\/#website\"},\"datePublished\":\"2021-06-18T09:45:44+00:00\",\"dateModified\":\"2021-06-18T09:45:44+00:00\",\"author\":{\"@id\":\"https:\/\/staging.varesenews.it\/#\/schema\/person\/272ac0f5b2dbfd572218c2d86e013f1a\"},\"description\":\"E' intenso e vario il programma dei prossimi giorni della rassegna. Ecco gli appuntamenti da venerd\u00ec 18 a marted\u00ec 22 giugno\",\"breadcrumb\":{\"@id\":\"https:\/\/staging.varesenews.it\/2021\/06\/esterno-notte-swing-ciclismo-kim-rossi-stuart-weekend-al-cinema\/1351967\/#breadcrumb\"},\"inLanguage\":\"it-IT\",\"potentialAction\":[{\"@type\":\"ReadAction\",\"target\":[\"https:\/\/staging.varesenews.it\/2021\/06\/esterno-notte-swing-ciclismo-kim-rossi-stuart-weekend-al-cinema\/1351967\/\"]}]},{\"@type\":\"BreadcrumbList\",\"@id\":\"https:\/\/staging.varesenews.it\/2021\/06\/esterno-notte-swing-ciclismo-kim-rossi-stuart-weekend-al-cinema\/1351967\/#breadcrumb\",\"itemListElement\":[{\"@type\":\"ListItem\",\"position\":1,\"name\":\"Home\",\"item\":\"https:\/\/www.varesenews.it\/\"},{\"@type\":\"ListItem\",\"position\":2,\"name\":\"Esterno Notte: swing, ciclismo e Kim Rossi Stuart per il weekend al cinema\"}]},{\"@type\":\"WebSite\",\"@id\":\"https:\/\/staging.varesenews.it\/#website\",\"url\":\"https:\/\/staging.varesenews.it\/\",\"name\":\"VareseNews\",\"description\":\"\",\"potentialAction\":[{\"@type\":\"SearchAction\",\"target\":{\"@type\":\"EntryPoint\",\"urlTemplate\":\"https:\/\/staging.varesenews.it\/?s={search_term_string}\"},\"query-input\":\"required name=search_term_string\"}],\"inLanguage\":\"it-IT\"},{\"@type\":\"Person\",\"@id\":\"https:\/\/staging.varesenews.it\/#\/schema\/person\/272ac0f5b2dbfd572218c2d86e013f1a\",\"name\":\"Adelia Brigo\",\"image\":{\"@type\":\"ImageObject\",\"inLanguage\":\"it-IT\",\"@id\":\"https:\/\/staging.varesenews.it\/#\/schema\/person\/image\/\",\"url\":\"https:\/\/staging.varesenews.it\/wp-content\/uploads\/2020\/12\/adelia_brigo_colori_500.jpg\",\"contentUrl\":\"https:\/\/staging.varesenews.it\/wp-content\/uploads\/2020\/12\/adelia_brigo_colori_500.jpg\",\"caption\":\"Adelia Brigo\"},\"description\":\"Giornalista pubblicista, lavoro a VareseNews dal 2007 e mi occupo di cronaca locale e del settore dedicato alla cultura. In questi anni ho seguito diversi progetti di comunicazione, amo sperimentare strategie per i Social Network e raccontare storie. Varesina, classe 1984, sono laureata in Scienze della Comunicazione.&nbsp;\",\"sameAs\":[\"AdeliaBrigo\",\"https:\/\/twitter.com\/AdeliaBrigo\"],\"url\":\"https:\/\/staging.varesenews.it\/persona\/adelia_brigo\/\"}]}<\/script>\n<!-- \/ Yoast SEO plugin. -->","yoast_head_json":{"title":"Esterno Notte: swing, ciclismo e Kim Rossi Stuart per il weekend al cinema","description":"E' intenso e vario il programma dei prossimi giorni della rassegna. Ecco gli appuntamenti da venerd\u00ec 18 a marted\u00ec 22 giugno","robots":{"index":"noindex","follow":"follow","max-snippet":"max-snippet:-1","max-image-preview":"max-image-preview:large","max-video-preview":"max-video-preview:-1"},"og_locale":"it_IT","og_type":"article","og_title":"Esterno Notte: swing, ciclismo e Kim Rossi Stuart per il weekend al cinema","og_description":"E' intenso e vario il programma dei prossimi giorni della rassegna. Ecco gli appuntamenti da venerd\u00ec 18 a marted\u00ec 22 giugno","og_url":"https:\/\/staging.varesenews.it\/2021\/06\/esterno-notte-swing-ciclismo-kim-rossi-stuart-weekend-al-cinema\/1351967\/","og_site_name":"VareseNews","article_publisher":"https:\/\/www.facebook.com\/varesenews","article_published_time":"2021-06-18T09:45:44+00:00","author":"Adelia Brigo","twitter_card":"summary_large_image","twitter_creator":"@AdeliaBrigo","twitter_site":"@varesenews","twitter_misc":{"Scritto da":"Adelia Brigo","Tempo di lettura stimato":"3 minuti"},"schema":{"@context":"https:\/\/schema.org","@graph":[{"@type":"WebPage","@id":"https:\/\/staging.varesenews.it\/2021\/06\/esterno-notte-swing-ciclismo-kim-rossi-stuart-weekend-al-cinema\/1351967\/","url":"https:\/\/staging.varesenews.it\/2021\/06\/esterno-notte-swing-ciclismo-kim-rossi-stuart-weekend-al-cinema\/1351967\/","name":"Esterno Notte: swing, ciclismo e Kim Rossi Stuart per il weekend al cinema","isPartOf":{"@id":"https:\/\/staging.varesenews.it\/#website"},"datePublished":"2021-06-18T09:45:44+00:00","dateModified":"2021-06-18T09:45:44+00:00","author":{"@id":"https:\/\/staging.varesenews.it\/#\/schema\/person\/272ac0f5b2dbfd572218c2d86e013f1a"},"description":"E' intenso e vario il programma dei prossimi giorni della rassegna. Ecco gli appuntamenti da venerd\u00ec 18 a marted\u00ec 22 giugno","breadcrumb":{"@id":"https:\/\/staging.varesenews.it\/2021\/06\/esterno-notte-swing-ciclismo-kim-rossi-stuart-weekend-al-cinema\/1351967\/#breadcrumb"},"inLanguage":"it-IT","potentialAction":[{"@type":"ReadAction","target":["https:\/\/staging.varesenews.it\/2021\/06\/esterno-notte-swing-ciclismo-kim-rossi-stuart-weekend-al-cinema\/1351967\/"]}]},{"@type":"BreadcrumbList","@id":"https:\/\/staging.varesenews.it\/2021\/06\/esterno-notte-swing-ciclismo-kim-rossi-stuart-weekend-al-cinema\/1351967\/#breadcrumb","itemListElement":[{"@type":"ListItem","position":1,"name":"Home","item":"https:\/\/www.varesenews.it\/"},{"@type":"ListItem","position":2,"name":"Esterno Notte: swing, ciclismo e Kim Rossi Stuart per il weekend al cinema"}]},{"@type":"WebSite","@id":"https:\/\/staging.varesenews.it\/#website","url":"https:\/\/staging.varesenews.it\/","name":"VareseNews","description":"","potentialAction":[{"@type":"SearchAction","target":{"@type":"EntryPoint","urlTemplate":"https:\/\/staging.varesenews.it\/?s={search_term_string}"},"query-input":"required name=search_term_string"}],"inLanguage":"it-IT"},{"@type":"Person","@id":"https:\/\/staging.varesenews.it\/#\/schema\/person\/272ac0f5b2dbfd572218c2d86e013f1a","name":"Adelia Brigo","image":{"@type":"ImageObject","inLanguage":"it-IT","@id":"https:\/\/staging.varesenews.it\/#\/schema\/person\/image\/","url":"https:\/\/staging.varesenews.it\/wp-content\/uploads\/2020\/12\/adelia_brigo_colori_500.jpg","contentUrl":"https:\/\/staging.varesenews.it\/wp-content\/uploads\/2020\/12\/adelia_brigo_colori_500.jpg","caption":"Adelia Brigo"},"description":"Giornalista pubblicista, lavoro a VareseNews dal 2007 e mi occupo di cronaca locale e del settore dedicato alla cultura. In questi anni ho seguito diversi progetti di comunicazione, amo sperimentare strategie per i Social Network e raccontare storie. Varesina, classe 1984, sono laureata in Scienze della Comunicazione.&nbsp;","sameAs":["AdeliaBrigo","https:\/\/twitter.com\/AdeliaBrigo"],"url":"https:\/\/staging.varesenews.it\/persona\/adelia_brigo\/"}]}},"post_meta":{"_edit_lock":"1624009444:32","_edit_last":"32","_oembed_0a19b66c92cc37196f16c13b6c5a584a":"<blockquote class=\"wp-embedded-content\" data-secret=\"S7sP4DwiVS\"><a href=\"https:\/\/www.varesenews.it\/2021\/06\/esterno-notte-si-fara-pronto-ledizione-2021\/1348145\/\">Esterno Notte si far\u00e0, tutto pronto per l&#8217;edizione 2021<\/a><\/blockquote><iframe class=\"wp-embedded-content\" sandbox=\"allow-scripts\" security=\"restricted\" style=\"position: absolute; clip: rect(1px, 1px, 1px, 1px);\" src=\"https:\/\/www.varesenews.it\/2021\/06\/esterno-notte-si-fara-pronto-ledizione-2021\/1348145\/embed\/#?secret=S7sP4DwiVS\" data-secret=\"S7sP4DwiVS\" width=\"600\" height=\"338\" title=\"&#8220;Esterno Notte si far\u00e0, tutto pronto per l&#8217;edizione 2021&#8221; &#8212; VareseNews\" frameborder=\"0\" marginwidth=\"0\" marginheight=\"0\" scrolling=\"no\"><\/iframe>","_oembed_time_0a19b66c92cc37196f16c13b6c5a584a":"1624008924","_oembed_92f16cff92fa0e3ae2b4a36e845bd3b9":"<iframe width=\"718\" height=\"404\" src=\"https:\/\/www.youtube.com\/embed\/fajeQ4xz8dw?feature=oembed\" frameborder=\"0\" allow=\"accelerometer; autoplay; clipboard-write; encrypted-media; gyroscope; picture-in-picture\" allowfullscreen><\/iframe>","_oembed_time_92f16cff92fa0e3ae2b4a36e845bd3b9":"1624009405","_category_permalink":"a:1:{s:8:\"category\";s:2:\"13\";}","_encloseme":"1","ratings_users":"0","ratings_score":"0","ratings_average":"0","foto":"1229913","firma_come_redazione":"1","argomento":"Varese","_yoast_wpseo_content_score":"30","_jd_tweet_this":"yes","_oembed_fc1328a9e389dad0dbaeb280f387150f":"<iframe width=\"500\" height=\"281\" src=\"https:\/\/www.youtube.com\/embed\/fajeQ4xz8dw?feature=oembed\" frameborder=\"0\" allow=\"accelerometer; autoplay; clipboard-write; encrypted-media; gyroscope; picture-in-picture\" allowfullscreen><\/iframe>","_oembed_time_fc1328a9e389dad0dbaeb280f387150f":"1624009556","_oembed_08c9dc51a8685d71efc23b76fccee05b":"<blockquote class=\"wp-embedded-content\" data-secret=\"wTE0iqzgM5\"><a href=\"https:\/\/www.varesenews.it\/2021\/06\/esterno-notte-si-fara-pronto-ledizione-2021\/1348145\/\">Esterno Notte si far\u00e0, tutto pronto per l&#8217;edizione 2021<\/a><\/blockquote><iframe class=\"wp-embedded-content\" sandbox=\"allow-scripts\" security=\"restricted\" style=\"position: absolute; clip: rect(1px, 1px, 1px, 1px);\" src=\"https:\/\/www.varesenews.it\/2021\/06\/esterno-notte-si-fara-pronto-ledizione-2021\/1348145\/embed\/#?secret=wTE0iqzgM5\" data-secret=\"wTE0iqzgM5\" width=\"500\" height=\"282\" title=\"&#8220;Esterno Notte si far\u00e0, tutto pronto per l&#8217;edizione 2021&#8221; &#8212; VareseNews\" frameborder=\"0\" marginwidth=\"0\" marginheight=\"0\" scrolling=\"no\"><\/iframe>","_oembed_time_08c9dc51a8685d71efc23b76fccee05b":"1624009556","_wpt_short_url":"https:\/\/www.varesenews.it\/2021\/06\/esterno-notte-swing-ciclismo-kim-rossi-stuart-weekend-al-cinema\/1351967\/","_wp_jd_target":"https:\/\/www.varesenews.it\/2021\/06\/esterno-notte-swing-ciclismo-kim-rossi-stuart-weekend-al-cinema\/1351967\/","_jd_wp_twitter":"a:1:{i:0;s:204:\"Esterno Notte: swing, ciclismo e Kim Rossi Stuart per il weekend al cinema https:\/\/www.varesenews.it\/2021\/06\/esterno-notte-swing-ciclismo-kim-rossi-stuart-weekend-al-cinema\/1351967\/ #filmstudio90 #weekend\";}","_wpt_status_message":"Tweet inviato con successo.","_oembed_e71799667317a9f01374b56f532e3f08":"<iframe width=\"722\" height=\"406\" src=\"https:\/\/www.youtube.com\/embed\/fajeQ4xz8dw?feature=oembed\" frameborder=\"0\" allow=\"accelerometer; autoplay; clipboard-write; encrypted-media; gyroscope; picture-in-picture\" allowfullscreen><\/iframe>","_oembed_time_e71799667317a9f01374b56f532e3f08":"1624009565","_oembed_63ba8d8b1ca18902e24ef19dffe28529":"<blockquote class=\"wp-embedded-content\" data-secret=\"adqjbZckKZ\"><a href=\"https:\/\/www.varesenews.it\/2021\/06\/esterno-notte-si-fara-pronto-ledizione-2021\/1348145\/\">Esterno Notte si far\u00e0, tutto pronto per l&#8217;edizione 2021<\/a><\/blockquote><iframe class=\"wp-embedded-content\" sandbox=\"allow-scripts\" security=\"restricted\" style=\"position: absolute; clip: rect(1px, 1px, 1px, 1px);\" src=\"https:\/\/www.varesenews.it\/2021\/06\/esterno-notte-si-fara-pronto-ledizione-2021\/1348145\/embed\/#?secret=adqjbZckKZ\" data-secret=\"adqjbZckKZ\" width=\"600\" height=\"338\" title=\"&#8220;Esterno Notte si far\u00e0, tutto pronto per l&#8217;edizione 2021&#8221; &#8212; VareseNews\" frameborder=\"0\" marginwidth=\"0\" marginheight=\"0\" scrolling=\"no\"><\/iframe>","_oembed_time_63ba8d8b1ca18902e24ef19dffe28529":"1624009565"},"photos":[{"original":"https:\/\/staging.varesenews.it\/photogallery_new\/images\/2021\/06\/generica-2020-1229913.jpg","full":"https:\/\/staging.varesenews.it\/photogallery_new\/images\/2021\/06\/generica-2020-1229913.1024x768.jpg","large":"https:\/\/staging.varesenews.it\/photogallery_new\/images\/2021\/06\/generica-2020-1229913.610x431.jpg"}],"_links":{"self":[{"href":"https:\/\/staging.varesenews.it\/swgapi\/v1\/wp\/v2\/posts\/1351967"}],"collection":[{"href":"https:\/\/staging.varesenews.it\/swgapi\/v1\/wp\/v2\/posts"}],"about":[{"href":"https:\/\/staging.varesenews.it\/swgapi\/v1\/wp\/v2\/types\/post"}],"author":[{"embeddable":true,"href":"https:\/\/staging.varesenews.it\/swgapi\/v1\/wp\/v2\/users\/32"}],"replies":[{"embeddable":true,"href":"https:\/\/staging.varesenews.it\/swgapi\/v1\/wp\/v2\/comments?post=1351967"}],"version-history":[{"count":0,"href":"https:\/\/staging.varesenews.it\/swgapi\/v1\/wp\/v2\/posts\/1351967\/revisions"}],"wp:attachment":[{"href":"https:\/\/staging.varesenews.it\/swgapi\/v1\/wp\/v2\/media?parent=1351967"}],"wp:term":[{"taxonomy":"category","embeddable":true,"href":"https:\/\/staging.varesenews.it\/swgapi\/v1\/wp\/v2\/categories?post=1351967"},{"taxonomy":"post_tag","embeddable":true,"href":"https:\/\/staging.varesenews.it\/swgapi\/v1\/wp\/v2\/tags?post=1351967"}],"curies":[{"name":"wp","href":"https:\/\/api.w.org\/{rel}","templated":true}]}}