{"id":1352129,"date":"2021-06-18T16:19:16","date_gmt":"2021-06-18T14:19:16","guid":{"rendered":"https:\/\/www.varesenews.it\/?p=1352129"},"modified":"2021-06-18T16:19:16","modified_gmt":"2021-06-18T14:19:16","slug":"torna-concorso-balconi-fioriti-coldiretti-varese","status":"publish","type":"post","link":"https:\/\/staging.varesenews.it\/2021\/06\/torna-concorso-balconi-fioriti-coldiretti-varese\/1352129\/","title":{"rendered":"Torna il concorso Balconi fioriti&#8221; di Coldiretti Varese"},"content":{"rendered":"<p>Al via la seconda edizione di &#8220;<strong>Balconi fioriti<\/strong>&#8220;,\u00a0il concorso lanciato da Coldiretti che invita i cittadini a far fiorire i propri balconi e a rendere pi\u00f9 bello il territorio.<\/p>\n<p>Per partecipare basta inviare una foto del proprio balcone <strong>entro il 30 luglio<\/strong> in provincia di Varese.<\/p>\n<p>\u00abAnche quest\u2019anno, dopo mesi di \u201czone rosse\u201d e pandemia, invitiamo a ripartire da un fiore, ma pi\u00f9 ancora dalla presa di coscienza di un comparto, quello florovivaistico, che \u00e8 simbolo del made in Varese &#8211; dice\u00a0<strong>Fernando Fiori<\/strong>, presidente di Coldiretti Varese &#8211; Far fiorire il proprio balcone \u00e8 un gesto semplice: di bellezza, di accoglienza, di voglia di futuro. Ed \u00e8 anche un benvenuto ai turisti che si recano sul territorio, con la speranza che anche quest\u2019anno molti connazionali scelgano il Varesotto come meta di prossimit\u00e0\u00bb.<\/p>\n<p>Partecipare \u00e8 semplicissimo: \u00e8 sufficiente compilare il modulo sul sito web dell\u2019associazione agricola (varese.coldiretti.it), allestire il balcone, scattare e inviare la foto via mail o whatsapp <strong>entro il 30 luglio.<\/strong><\/p>\n<p><strong>Come premio si va in agriturismo a cena<\/strong>. Non solo, quest\u2019anno, ci saranno anche premi speciali per il miglior balcone realizzato con i fiori acquistati da uno dei produttori associati a Coldiretti. L\u2019elenco \u00e8 sempre pubblicato sul sito web di Coldiretti Varese.<\/p>\n<p>A fine concorso una commissione di esperti selezioner\u00e0 cinque finalisti, i cui balconi saranno oggetto di una successiva visita. I vincitori saranno premiati con tre buoni (rispettivamente da 300, 200 e 100 euro) da spendere in uno degli agriturismi Terranostra sul territorio\u00a0 e con il premio speciale per l\u2019acquisto dai produttori Coldiretti.<\/p>\n<p>\u00abUna scelta non casuale, che vuole focalizzare l\u2019attenzione anche sulla strategicit\u00e0 del comparto agrituristico prealpino che, anche quest\u2019anno, ha duramente pagato chiusure e restrizioni causate dalla pandemia\u00bb, aggiunge il presidente Fiori.<\/p>\n<p><strong>Massima libert\u00e0 nella fioritura dei balconi<\/strong>. Si potranno utilizzare tutte le essenze disponibili, ovvero qualsiasi pianta ornamentale verde o fiorita, annuale o perenne, arbustiva o erbacea, non artificiale. In fase di valutazione, costituir\u00e0 elemento di vantaggio l&#8217;inserimento di essenze floreali autoctone della provincia di Varese. Unico vincolo, sono assolutamente banditi i fiori di plastica o, comunque, finti. Nel riunirsi per valutare le fotografie inviate, la commissione terr\u00e0 conto dei seguenti criteri generali di giudizio: presentazione estetica d&#8217;insieme del balcone fiorito; ricchezza e qualit\u00e0 di fiori e piante; fantasia e armonia di colori nell&#8217;allestimento.<\/p>\n<p>La giuria tecnica sar\u00e0 composta da un florovivaista, un rappresentante di Coldiretti Varese, un esperto di concorsi florovivaistici internazionali, un rappresentante di Campagna Amica. La premiazione avverr\u00e0 a settembre.<\/p>\n<p>\u00abIl nostro appello \u00e8 a portare la cultura di piante e fiori in tutte le nostre case\u00a0dando un segnale importante &#8211; conclude Fiori &#8211; F<strong>iorire significa rinascere, riaprire, dare un segno di accoglienza<\/strong> e benvenuto nei nostri territori. Partiamo dalle nostre case, invitando le amministrazioni comunali, le Pro loco e tutte le associazioni locali a condividere il nostro messaggio e fare altrettanto. Da un semplice concorso di Balconi Fioriti pu\u00f2 giungere un segnale di futuro: in Europa la tradizione dei concorsi floreali \u00e8 pi\u00f9 che decennale, in particolare in Paesi come in Gran Bretagna o in Francia, dove manifestazioni come Villes &amp; Villages Fleuris costituisce, da decenni, un punto d\u2019attrazione di importanza sovranazionale: e il punto di partenza \u00e8 sempre il coinvolgimento della popolazione, con le fioriture dei propri spazi di casa. Fiorire il proprio balcone significa dare un segno di bellezza, di style-life, ma anche di attenzione verso un comparto economico che nel Varesotto conta quasi mille imprese florovivaistiche, cui vanno aggiunti i manutentori del verde e un indotto che d\u00e0 lavoro a migliaia di famiglie\u00bb.<\/p>\n","protected":false},"excerpt":{"rendered":"<p>Gi\u00e0 partite le iscrizioni in tutto il territorio provinciale, basta inviare una foto entro il 30 luglio. Come premio si va in agriturismo<\/p>\n","protected":false},"author":44,"featured_media":0,"comment_status":"open","ping_status":"open","sticky":false,"template":"","format":"standard","meta":{"footnotes":""},"categories":[4,3,5,21,2],"tags":[115674,11132,158],"acf":[],"yoast_head":"<!-- This site is optimized with the Yoast SEO plugin v20.1 - https:\/\/yoast.com\/wordpress\/plugins\/seo\/ -->\n<title>Torna il concorso Balconi fioriti&quot; di Coldiretti Varese<\/title>\n<meta name=\"description\" content=\"Gi\u00e0 partite le iscrizioni in tutto il territorio provinciale, basta inviare una foto entro il 30 luglio. Come premio si va in agriturismo\" \/>\n<meta name=\"robots\" content=\"noindex, follow, max-snippet:-1, max-image-preview:large, max-video-preview:-1\" \/>\n<meta property=\"og:locale\" content=\"it_IT\" \/>\n<meta property=\"og:type\" content=\"article\" \/>\n<meta property=\"og:title\" content=\"Torna il concorso Balconi fioriti&quot; di Coldiretti Varese\" \/>\n<meta property=\"og:description\" content=\"Gi\u00e0 partite le iscrizioni in tutto il territorio provinciale, basta inviare una foto entro il 30 luglio. Come premio si va in agriturismo\" \/>\n<meta property=\"og:url\" content=\"https:\/\/staging.varesenews.it\/2021\/06\/torna-concorso-balconi-fioriti-coldiretti-varese\/1352129\/\" \/>\n<meta property=\"og:site_name\" content=\"VareseNews\" \/>\n<meta property=\"article:publisher\" content=\"https:\/\/www.facebook.com\/varesenews\" \/>\n<meta property=\"article:author\" content=\"https:\/\/www.facebook.com\/mariangela.gerletti\" \/>\n<meta property=\"article:published_time\" content=\"2021-06-18T14:19:16+00:00\" \/>\n<meta name=\"author\" content=\"Mariangela Gerletti\" \/>\n<meta name=\"twitter:card\" content=\"summary_large_image\" \/>\n<meta name=\"twitter:creator\" content=\"@MariGerletti\" \/>\n<meta name=\"twitter:site\" content=\"@varesenews\" \/>\n<meta name=\"twitter:label1\" content=\"Scritto da\" \/>\n\t<meta name=\"twitter:data1\" content=\"Mariangela Gerletti\" \/>\n\t<meta name=\"twitter:label2\" content=\"Tempo di lettura stimato\" \/>\n\t<meta name=\"twitter:data2\" content=\"3 minuti\" \/>\n<script type=\"application\/ld+json\" class=\"yoast-schema-graph\">{\"@context\":\"https:\/\/schema.org\",\"@graph\":[{\"@type\":\"WebPage\",\"@id\":\"https:\/\/staging.varesenews.it\/2021\/06\/torna-concorso-balconi-fioriti-coldiretti-varese\/1352129\/\",\"url\":\"https:\/\/staging.varesenews.it\/2021\/06\/torna-concorso-balconi-fioriti-coldiretti-varese\/1352129\/\",\"name\":\"Torna il concorso Balconi fioriti\\\" di Coldiretti Varese\",\"isPartOf\":{\"@id\":\"https:\/\/staging.varesenews.it\/#website\"},\"datePublished\":\"2021-06-18T14:19:16+00:00\",\"dateModified\":\"2021-06-18T14:19:16+00:00\",\"author\":{\"@id\":\"https:\/\/staging.varesenews.it\/#\/schema\/person\/14f52876ea19bc10d0d2717b6e8f9b89\"},\"description\":\"Gi\u00e0 partite le iscrizioni in tutto il territorio provinciale, basta inviare una foto entro il 30 luglio. Come premio si va in agriturismo\",\"breadcrumb\":{\"@id\":\"https:\/\/staging.varesenews.it\/2021\/06\/torna-concorso-balconi-fioriti-coldiretti-varese\/1352129\/#breadcrumb\"},\"inLanguage\":\"it-IT\",\"potentialAction\":[{\"@type\":\"ReadAction\",\"target\":[\"https:\/\/staging.varesenews.it\/2021\/06\/torna-concorso-balconi-fioriti-coldiretti-varese\/1352129\/\"]}]},{\"@type\":\"BreadcrumbList\",\"@id\":\"https:\/\/staging.varesenews.it\/2021\/06\/torna-concorso-balconi-fioriti-coldiretti-varese\/1352129\/#breadcrumb\",\"itemListElement\":[{\"@type\":\"ListItem\",\"position\":1,\"name\":\"Home\",\"item\":\"https:\/\/www.varesenews.it\/\"},{\"@type\":\"ListItem\",\"position\":2,\"name\":\"Torna il concorso Balconi fioriti&#8221; di Coldiretti Varese\"}]},{\"@type\":\"WebSite\",\"@id\":\"https:\/\/staging.varesenews.it\/#website\",\"url\":\"https:\/\/staging.varesenews.it\/\",\"name\":\"VareseNews\",\"description\":\"\",\"potentialAction\":[{\"@type\":\"SearchAction\",\"target\":{\"@type\":\"EntryPoint\",\"urlTemplate\":\"https:\/\/staging.varesenews.it\/?s={search_term_string}\"},\"query-input\":\"required name=search_term_string\"}],\"inLanguage\":\"it-IT\"},{\"@type\":\"Person\",\"@id\":\"https:\/\/staging.varesenews.it\/#\/schema\/person\/14f52876ea19bc10d0d2717b6e8f9b89\",\"name\":\"Mariangela Gerletti\",\"image\":{\"@type\":\"ImageObject\",\"inLanguage\":\"it-IT\",\"@id\":\"https:\/\/staging.varesenews.it\/#\/schema\/person\/image\/\",\"url\":\"https:\/\/staging.varesenews.it\/wp-content\/uploads\/2020\/12\/mariangela.jpeg\",\"contentUrl\":\"https:\/\/staging.varesenews.it\/wp-content\/uploads\/2020\/12\/mariangela.jpeg\",\"caption\":\"Mariangela Gerletti\"},\"description\":\"Da pi&ugrave; di trent'anni mi occupo di giornalismo e comunicazione Varesenews &egrave; il luogo dove ho trovato la passione, l'attenzione e le persone che ogni giorno mi fanno amare un po' di pi&ugrave; questo lavoro di cui non mi stanco mai. Far parte della redazione di Varesenews &egrave; un onore, sostenere il progetto della membership &egrave; un piacere perch&eacute; mi fa sentire ancora pi&ugrave; vicina alla grande comunit&agrave; dei nostri lettori.\",\"sameAs\":[\"https:\/\/www.facebook.com\/mariangela.gerletti\",\"marigerletti\",\"https:\/\/twitter.com\/MariGerletti\"],\"url\":\"https:\/\/staging.varesenews.it\/persona\/mariangela-gerletti1\/\"}]}<\/script>\n<!-- \/ Yoast SEO plugin. -->","yoast_head_json":{"title":"Torna il concorso Balconi fioriti\" di Coldiretti Varese","description":"Gi\u00e0 partite le iscrizioni in tutto il territorio provinciale, basta inviare una foto entro il 30 luglio. Come premio si va in agriturismo","robots":{"index":"noindex","follow":"follow","max-snippet":"max-snippet:-1","max-image-preview":"max-image-preview:large","max-video-preview":"max-video-preview:-1"},"og_locale":"it_IT","og_type":"article","og_title":"Torna il concorso Balconi fioriti\" di Coldiretti Varese","og_description":"Gi\u00e0 partite le iscrizioni in tutto il territorio provinciale, basta inviare una foto entro il 30 luglio. Come premio si va in agriturismo","og_url":"https:\/\/staging.varesenews.it\/2021\/06\/torna-concorso-balconi-fioriti-coldiretti-varese\/1352129\/","og_site_name":"VareseNews","article_publisher":"https:\/\/www.facebook.com\/varesenews","article_author":"https:\/\/www.facebook.com\/mariangela.gerletti","article_published_time":"2021-06-18T14:19:16+00:00","author":"Mariangela Gerletti","twitter_card":"summary_large_image","twitter_creator":"@MariGerletti","twitter_site":"@varesenews","twitter_misc":{"Scritto da":"Mariangela Gerletti","Tempo di lettura stimato":"3 minuti"},"schema":{"@context":"https:\/\/schema.org","@graph":[{"@type":"WebPage","@id":"https:\/\/staging.varesenews.it\/2021\/06\/torna-concorso-balconi-fioriti-coldiretti-varese\/1352129\/","url":"https:\/\/staging.varesenews.it\/2021\/06\/torna-concorso-balconi-fioriti-coldiretti-varese\/1352129\/","name":"Torna il concorso Balconi fioriti\" di Coldiretti Varese","isPartOf":{"@id":"https:\/\/staging.varesenews.it\/#website"},"datePublished":"2021-06-18T14:19:16+00:00","dateModified":"2021-06-18T14:19:16+00:00","author":{"@id":"https:\/\/staging.varesenews.it\/#\/schema\/person\/14f52876ea19bc10d0d2717b6e8f9b89"},"description":"Gi\u00e0 partite le iscrizioni in tutto il territorio provinciale, basta inviare una foto entro il 30 luglio. Come premio si va in agriturismo","breadcrumb":{"@id":"https:\/\/staging.varesenews.it\/2021\/06\/torna-concorso-balconi-fioriti-coldiretti-varese\/1352129\/#breadcrumb"},"inLanguage":"it-IT","potentialAction":[{"@type":"ReadAction","target":["https:\/\/staging.varesenews.it\/2021\/06\/torna-concorso-balconi-fioriti-coldiretti-varese\/1352129\/"]}]},{"@type":"BreadcrumbList","@id":"https:\/\/staging.varesenews.it\/2021\/06\/torna-concorso-balconi-fioriti-coldiretti-varese\/1352129\/#breadcrumb","itemListElement":[{"@type":"ListItem","position":1,"name":"Home","item":"https:\/\/www.varesenews.it\/"},{"@type":"ListItem","position":2,"name":"Torna il concorso Balconi fioriti&#8221; di Coldiretti Varese"}]},{"@type":"WebSite","@id":"https:\/\/staging.varesenews.it\/#website","url":"https:\/\/staging.varesenews.it\/","name":"VareseNews","description":"","potentialAction":[{"@type":"SearchAction","target":{"@type":"EntryPoint","urlTemplate":"https:\/\/staging.varesenews.it\/?s={search_term_string}"},"query-input":"required name=search_term_string"}],"inLanguage":"it-IT"},{"@type":"Person","@id":"https:\/\/staging.varesenews.it\/#\/schema\/person\/14f52876ea19bc10d0d2717b6e8f9b89","name":"Mariangela Gerletti","image":{"@type":"ImageObject","inLanguage":"it-IT","@id":"https:\/\/staging.varesenews.it\/#\/schema\/person\/image\/","url":"https:\/\/staging.varesenews.it\/wp-content\/uploads\/2020\/12\/mariangela.jpeg","contentUrl":"https:\/\/staging.varesenews.it\/wp-content\/uploads\/2020\/12\/mariangela.jpeg","caption":"Mariangela Gerletti"},"description":"Da pi&ugrave; di trent'anni mi occupo di giornalismo e comunicazione Varesenews &egrave; il luogo dove ho trovato la passione, l'attenzione e le persone che ogni giorno mi fanno amare un po' di pi&ugrave; questo lavoro di cui non mi stanco mai. Far parte della redazione di Varesenews &egrave; un onore, sostenere il progetto della membership &egrave; un piacere perch&eacute; mi fa sentire ancora pi&ugrave; vicina alla grande comunit&agrave; dei nostri lettori.","sameAs":["https:\/\/www.facebook.com\/mariangela.gerletti","marigerletti","https:\/\/twitter.com\/MariGerletti"],"url":"https:\/\/staging.varesenews.it\/persona\/mariangela-gerletti1\/"}]}},"post_meta":{"_edit_lock":"1624025917:44","_edit_last":"44","_category_permalink":"a:1:{s:8:\"category\";s:0:\"\";}","foto":"1230031","firma_come_redazione":"1","argomento":"Varese","_yoast_wpseo_content_score":"30","_jd_tweet_this":"yes","_encloseme":"1","ratings_users":"0","ratings_score":"0","ratings_average":"0","_wpt_short_url":"https:\/\/www.varesenews.it\/2021\/06\/torna-concorso-balconi-fioriti-coldiretti-varese\/1352129\/","_wp_jd_target":"https:\/\/www.varesenews.it\/2021\/06\/torna-concorso-balconi-fioriti-coldiretti-varese\/1352129\/","_jd_wp_twitter":"a:1:{i:0;s:174:\"Torna il concorso Balconi fioriti\u201d di Coldiretti Varese https:\/\/www.varesenews.it\/2021\/06\/torna-concorso-balconi-fioriti-coldiretti-varese\/1352129\/ #balconifioriti #weekend\";}","_wpt_status_message":"Tweet inviato con successo.","_oembed_5c0a9b7824f3ebf3cb20a9406ccbb54d":"<blockquote class=\"wp-embedded-content\" data-secret=\"u7SAgeLaC3\"><a href=\"https:\/\/www.varesenews.it\/2021\/06\/frontaliers-scaldano-lattesa-italia-svizzera-agli-europei\/1349382\/\">I &#8220;Frontaliers&#8221; scaldano l&#8217;attesa per Italia-Svizzera agli Europei<\/a><\/blockquote><iframe class=\"wp-embedded-content\" sandbox=\"allow-scripts\" security=\"restricted\" style=\"position: absolute; clip: rect(1px, 1px, 1px, 1px);\" src=\"https:\/\/www.varesenews.it\/2021\/06\/frontaliers-scaldano-lattesa-italia-svizzera-agli-europei\/1349382\/embed\/#?secret=u7SAgeLaC3\" data-secret=\"u7SAgeLaC3\" width=\"500\" height=\"282\" title=\"&#8220;I &#8220;Frontaliers&#8221; scaldano l&#8217;attesa per Italia-Svizzera agli Europei&#8221; &#8212; VareseNews\" frameborder=\"0\" marginwidth=\"0\" marginheight=\"0\" scrolling=\"no\"><\/iframe>","_oembed_time_5c0a9b7824f3ebf3cb20a9406ccbb54d":"1624026048","_oembed_7c3598c7093c05a99297f587a050f302":"<blockquote class=\"wp-embedded-content\" data-secret=\"xIgUj75GhL\"><a href=\"https:\/\/www.varesenews.it\/2021\/06\/spettacoli-ed-esplorazioni-nel-primo-weekend-vacanza-bambini\/1349520\/\">Spettacoli ed esplorazioni nel primo weekend di vacanza per i bambini<\/a><\/blockquote><iframe class=\"wp-embedded-content\" sandbox=\"allow-scripts\" security=\"restricted\" style=\"position: absolute; clip: rect(1px, 1px, 1px, 1px);\" src=\"https:\/\/www.varesenews.it\/2021\/06\/spettacoli-ed-esplorazioni-nel-primo-weekend-vacanza-bambini\/1349520\/embed\/#?secret=xIgUj75GhL\" data-secret=\"xIgUj75GhL\" width=\"500\" height=\"282\" title=\"&#8220;Spettacoli ed esplorazioni nel primo weekend di vacanza per i bambini&#8221; &#8212; VareseNews\" frameborder=\"0\" marginwidth=\"0\" marginheight=\"0\" scrolling=\"no\"><\/iframe>","_oembed_time_7c3598c7093c05a99297f587a050f302":"1624026048","_oembed_bfa2bc77b753e6aeef1d54c7c2586432":"<blockquote class=\"wp-embedded-content\" data-secret=\"xtTLO6nSFe\"><a href=\"https:\/\/www.varesenews.it\/2021\/06\/gli-azzurri-gironi-la-formula-lestate-degli-europei-calcio\/1346930\/\">Gli azzurri, i gironi, la formula: \u00e8 l&#8217;estate degli Europei di calcio<\/a><\/blockquote><iframe class=\"wp-embedded-content\" sandbox=\"allow-scripts\" security=\"restricted\" style=\"position: absolute; clip: rect(1px, 1px, 1px, 1px);\" src=\"https:\/\/www.varesenews.it\/2021\/06\/gli-azzurri-gironi-la-formula-lestate-degli-europei-calcio\/1346930\/embed\/#?secret=xtTLO6nSFe\" data-secret=\"xtTLO6nSFe\" width=\"500\" height=\"282\" title=\"&#8220;Gli azzurri, i gironi, la formula: \u00e8 l&#8217;estate degli Europei di calcio&#8221; &#8212; VareseNews\" frameborder=\"0\" marginwidth=\"0\" marginheight=\"0\" scrolling=\"no\"><\/iframe>","_oembed_time_bfa2bc77b753e6aeef1d54c7c2586432":"1624026048","_oembed_b52a67ff8928fa44fcd49e83f923c90a":"<blockquote class=\"wp-embedded-content\" data-secret=\"tPnCJ48FHT\"><a href=\"https:\/\/www.varesenews.it\/2021\/06\/esplorazioni-natura-lucciole-meraviglia-nel-weekend-dei-bambini\/1346974\/\">Esplorazioni di natura, lucciole e meraviglia nel weekend dei bambini<\/a><\/blockquote><iframe class=\"wp-embedded-content\" sandbox=\"allow-scripts\" security=\"restricted\" style=\"position: absolute; clip: rect(1px, 1px, 1px, 1px);\" src=\"https:\/\/www.varesenews.it\/2021\/06\/esplorazioni-natura-lucciole-meraviglia-nel-weekend-dei-bambini\/1346974\/embed\/#?secret=tPnCJ48FHT\" data-secret=\"tPnCJ48FHT\" width=\"500\" height=\"282\" title=\"&#8220;Esplorazioni di natura, lucciole e meraviglia nel weekend dei bambini&#8221; &#8212; VareseNews\" frameborder=\"0\" marginwidth=\"0\" marginheight=\"0\" scrolling=\"no\"><\/iframe>","_oembed_time_b52a67ff8928fa44fcd49e83f923c90a":"1624026048","_oembed_d1d9502adc99e0345cfc3a65225db10b":"<blockquote class=\"wp-embedded-content\" data-secret=\"GH5OvjUhvx\"><a href=\"https:\/\/www.varesenews.it\/2021\/06\/libera-circolazione-nelle-zone-confine-arriva-lordinanza-del-ministro\/1346249\/\">Libera circolazione nelle zone di confine: arriva l&#8217;ordinanza del Ministro<\/a><\/blockquote><iframe class=\"wp-embedded-content\" sandbox=\"allow-scripts\" security=\"restricted\" style=\"position: absolute; clip: rect(1px, 1px, 1px, 1px);\" src=\"https:\/\/www.varesenews.it\/2021\/06\/libera-circolazione-nelle-zone-confine-arriva-lordinanza-del-ministro\/1346249\/embed\/#?secret=GH5OvjUhvx\" data-secret=\"GH5OvjUhvx\" width=\"500\" height=\"282\" title=\"&#8220;Libera circolazione nelle zone di confine: arriva l&#8217;ordinanza del Ministro&#8221; &#8212; VareseNews\" frameborder=\"0\" marginwidth=\"0\" marginheight=\"0\" scrolling=\"no\"><\/iframe>","_oembed_time_d1d9502adc99e0345cfc3a65225db10b":"1624026049","_oembed_8e8c7aa1aaeafe81f9ddebcb469a1f34":"<blockquote class=\"wp-embedded-content\" data-secret=\"pIa3PPGe7b\"><a href=\"https:\/\/www.varesenews.it\/2021\/05\/lappello-mastromarino-alla-politica-fate-possibile-la-situazione-sempre-piu-tesa\/1345134\/\">L&#8217;appello del sindaco di Lavena Ponte Tresa: &#8220;Situazione tesa, riaprite i valichi per la Svizzera&#8221;<\/a><\/blockquote><iframe class=\"wp-embedded-content\" sandbox=\"allow-scripts\" security=\"restricted\" style=\"position: absolute; clip: rect(1px, 1px, 1px, 1px);\" src=\"https:\/\/www.varesenews.it\/2021\/05\/lappello-mastromarino-alla-politica-fate-possibile-la-situazione-sempre-piu-tesa\/1345134\/embed\/#?secret=pIa3PPGe7b\" data-secret=\"pIa3PPGe7b\" width=\"500\" height=\"282\" title=\"&#8220;L&#8217;appello del sindaco di Lavena Ponte Tresa: &#8220;Situazione tesa, riaprite i valichi per la Svizzera&#8221;&#8221; &#8212; VareseNews\" frameborder=\"0\" marginwidth=\"0\" marginheight=\"0\" scrolling=\"no\"><\/iframe>","_oembed_time_8e8c7aa1aaeafe81f9ddebcb469a1f34":"1624026049","_oembed_cc19639c56509aef1ca226640bb501de":"<iframe class=\"wp-embedded-content\" sandbox=\"allow-scripts\" security=\"restricted\" src=\"https:\/\/widget.spreaker.com\/player?episode_id=45354663&#038;theme=light&#038;playlist=false&#038;cover_image_url=https%3A%2F%2Fd3wo5wojvuv7l.cloudfront.net%2Fimages.spreaker.com%2Foriginal%2F6fe689e77b5874d5cd27e9c547b49602.jpg#?secret=6bm0Aiv5RW\" data-secret=\"6bm0Aiv5RW\" width=\"500\" height=\"750\" frameborder=\"0\"><\/iframe>","_oembed_time_cc19639c56509aef1ca226640bb501de":"1624026117","_oembed_2e0a380a7f9aa780406daab87a134551":"<iframe class=\"wp-embedded-content\" sandbox=\"allow-scripts\" security=\"restricted\" src=\"https:\/\/widget.spreaker.com\/player?episode_id=45354689&#038;theme=light&#038;playlist=false&#038;cover_image_url=https%3A%2F%2Fd3wo5wojvuv7l.cloudfront.net%2Fimages.spreaker.com%2Foriginal%2F6fe689e77b5874d5cd27e9c547b49602.jpg#?secret=MTxSemrhAE\" data-secret=\"MTxSemrhAE\" width=\"500\" height=\"750\" frameborder=\"0\"><\/iframe>","_oembed_time_2e0a380a7f9aa780406daab87a134551":"1624026117","_oembed_d1141d076b3caf4e0723b17777144af2":"<iframe class=\"wp-embedded-content\" sandbox=\"allow-scripts\" security=\"restricted\" src=\"https:\/\/widget.spreaker.com\/player?episode_id=45354715&#038;theme=light&#038;playlist=false&#038;cover_image_url=https%3A%2F%2Fd3wo5wojvuv7l.cloudfront.net%2Fimages.spreaker.com%2Foriginal%2F6fe689e77b5874d5cd27e9c547b49602.jpg#?secret=HLLr2x3srU\" data-secret=\"HLLr2x3srU\" width=\"500\" height=\"750\" frameborder=\"0\"><\/iframe>","_oembed_time_d1141d076b3caf4e0723b17777144af2":"1624026117","_oembed_1d174df220136fdf74de3a3ae8b1bbae":"<blockquote class=\"wp-embedded-content\" data-secret=\"ctgX3F7sg3\"><a href=\"https:\/\/www.varesenews.it\/2021\/04\/piccole-grandi-imprese-convivono-manager-parlano-lingue-diverse\/1333824\/\">Piccole e grandi imprese convivono, ma i loro manager parlano lingue diverse<\/a><\/blockquote><iframe class=\"wp-embedded-content\" sandbox=\"allow-scripts\" security=\"restricted\" style=\"position: absolute; clip: rect(1px, 1px, 1px, 1px);\" src=\"https:\/\/www.varesenews.it\/2021\/04\/piccole-grandi-imprese-convivono-manager-parlano-lingue-diverse\/1333824\/embed\/#?secret=ctgX3F7sg3\" data-secret=\"ctgX3F7sg3\" width=\"500\" height=\"282\" title=\"&#8220;Piccole e grandi imprese convivono, ma i loro manager parlano lingue diverse&#8221; &#8212; VareseNews\" frameborder=\"0\" marginwidth=\"0\" marginheight=\"0\" scrolling=\"no\"><\/iframe>","_oembed_time_1d174df220136fdf74de3a3ae8b1bbae":"1624026118","_oembed_024560e866da052129dcb8f4b70bd324":"<blockquote class=\"wp-embedded-content\" data-secret=\"TB7IDeElmN\"><a href=\"https:\/\/www.varesenews.it\/2021\/03\/dal-pregresso-al-progresso-buon-manager-gestisce-cambiamento\/1312529\/\">Dal pregresso al progresso, il buon manager gestisce il cambiamento<\/a><\/blockquote><iframe class=\"wp-embedded-content\" sandbox=\"allow-scripts\" security=\"restricted\" style=\"position: absolute; clip: rect(1px, 1px, 1px, 1px);\" src=\"https:\/\/www.varesenews.it\/2021\/03\/dal-pregresso-al-progresso-buon-manager-gestisce-cambiamento\/1312529\/embed\/#?secret=TB7IDeElmN\" data-secret=\"TB7IDeElmN\" width=\"500\" height=\"282\" title=\"&#8220;Dal pregresso al progresso, il buon manager gestisce il cambiamento&#8221; &#8212; VareseNews\" frameborder=\"0\" marginwidth=\"0\" marginheight=\"0\" scrolling=\"no\"><\/iframe>","_oembed_time_024560e866da052129dcb8f4b70bd324":"1624026118","_oembed_c2f9977829a11c0d92a51b417df4e70b":"<blockquote class=\"wp-embedded-content\" data-secret=\"nBVcC3nM2h\"><a href=\"https:\/\/www.varesenews.it\/2021\/02\/la-metamorfosi-dei-manager-trasformati-innovazione-tecnologica-pandemia\/1307840\/\">La metamorfosi dei manager trasformati da innovazione tecnologica e pandemia<\/a><\/blockquote><iframe class=\"wp-embedded-content\" sandbox=\"allow-scripts\" security=\"restricted\" style=\"position: absolute; clip: rect(1px, 1px, 1px, 1px);\" src=\"https:\/\/www.varesenews.it\/2021\/02\/la-metamorfosi-dei-manager-trasformati-innovazione-tecnologica-pandemia\/1307840\/embed\/#?secret=nBVcC3nM2h\" data-secret=\"nBVcC3nM2h\" width=\"500\" height=\"282\" title=\"&#8220;La metamorfosi dei manager trasformati da innovazione tecnologica e pandemia&#8221; &#8212; VareseNews\" frameborder=\"0\" marginwidth=\"0\" marginheight=\"0\" scrolling=\"no\"><\/iframe>","_oembed_time_c2f9977829a11c0d92a51b417df4e70b":"1624026118","_oembed_deca0fc1b93ede3f6e2a363f430f6c15":"<blockquote class=\"wp-embedded-content\" data-secret=\"yA31wgF6br\"><a href=\"https:\/\/www.varesenews.it\/2021\/05\/tesi-roma-zurigo-premi-laurea-federmanager-varese\/1340321\/\">Tesi da Roma e Zurigo per i premi di laurea di Federmanager Varese<\/a><\/blockquote><iframe class=\"wp-embedded-content\" sandbox=\"allow-scripts\" security=\"restricted\" style=\"position: absolute; clip: rect(1px, 1px, 1px, 1px);\" src=\"https:\/\/www.varesenews.it\/2021\/05\/tesi-roma-zurigo-premi-laurea-federmanager-varese\/1340321\/embed\/#?secret=yA31wgF6br\" data-secret=\"yA31wgF6br\" width=\"500\" height=\"282\" title=\"&#8220;Tesi da Roma e Zurigo per i premi di laurea di Federmanager Varese&#8221; &#8212; VareseNews\" frameborder=\"0\" marginwidth=\"0\" marginheight=\"0\" scrolling=\"no\"><\/iframe>","_oembed_time_deca0fc1b93ede3f6e2a363f430f6c15":"1624026118","_oembed_a64f0ec258eefc201bc87bcfcfb1bd60":"<blockquote class=\"wp-embedded-content\" data-secret=\"CrJMbivO36\"><a href=\"https:\/\/www.varesenews.it\/2021\/06\/festa-del-castello-somma-lombardo-2021\/1351813\/\">Il parco e il maniero: tutto pronto per la Festa del Castello a Somma Lombardo<\/a><\/blockquote><iframe class=\"wp-embedded-content\" sandbox=\"allow-scripts\" security=\"restricted\" style=\"position: absolute; clip: rect(1px, 1px, 1px, 1px);\" src=\"https:\/\/www.varesenews.it\/2021\/06\/festa-del-castello-somma-lombardo-2021\/1351813\/embed\/#?secret=CrJMbivO36\" data-secret=\"CrJMbivO36\" width=\"500\" height=\"282\" title=\"&#8220;Il parco e il maniero: tutto pronto per la Festa del Castello a Somma Lombardo&#8221; &#8212; VareseNews\" frameborder=\"0\" marginwidth=\"0\" marginheight=\"0\" scrolling=\"no\"><\/iframe>","_oembed_time_a64f0ec258eefc201bc87bcfcfb1bd60":"1624026119","_oembed_a94175e6111c845c844c562e89da4910":"<blockquote class=\"wp-embedded-content\" data-secret=\"9Nz2A58IQz\"><a href=\"https:\/\/www.varesenews.it\/2021\/06\/spaccio-nei-boschi-samarate-arrestato-zak-la-sua-banda\/1351659\/\">Spaccio nei boschi di Samarate, arrestato \u201cZak\u201c e la sua banda<\/a><\/blockquote><iframe class=\"wp-embedded-content\" sandbox=\"allow-scripts\" security=\"restricted\" style=\"position: absolute; clip: rect(1px, 1px, 1px, 1px);\" src=\"https:\/\/www.varesenews.it\/2021\/06\/spaccio-nei-boschi-samarate-arrestato-zak-la-sua-banda\/1351659\/embed\/#?secret=9Nz2A58IQz\" data-secret=\"9Nz2A58IQz\" width=\"500\" height=\"282\" title=\"&#8220;Spaccio nei boschi di Samarate, arrestato \u201cZak\u201c e la sua banda&#8221; &#8212; VareseNews\" frameborder=\"0\" marginwidth=\"0\" marginheight=\"0\" scrolling=\"no\"><\/iframe>","_oembed_time_a94175e6111c845c844c562e89da4910":"1624026119","_oembed_96afaf61915c3c2022c2122df43d4ea4":"<blockquote class=\"wp-embedded-content\" data-secret=\"LM3XzBR7lK\"><a href=\"https:\/\/www.varesenews.it\/2019\/06\/rastrellamento-val-grande-parco\/827252\/\">Il rastrellamento nazifascista del \u201944, morte e rinascita della Val Grande<\/a><\/blockquote><iframe class=\"wp-embedded-content\" sandbox=\"allow-scripts\" security=\"restricted\" style=\"position: absolute; clip: rect(1px, 1px, 1px, 1px);\" src=\"https:\/\/www.varesenews.it\/2019\/06\/rastrellamento-val-grande-parco\/827252\/embed\/#?secret=LM3XzBR7lK\" data-secret=\"LM3XzBR7lK\" width=\"500\" height=\"282\" title=\"&#8220;Il rastrellamento nazifascista del \u201944, morte e rinascita della Val Grande&#8221; &#8212; VareseNews\" frameborder=\"0\" marginwidth=\"0\" marginheight=\"0\" scrolling=\"no\"><\/iframe>","_oembed_time_96afaf61915c3c2022c2122df43d4ea4":"1624026119","_oembed_ffbad1ffba43f8efa98045ae0eb42f99":"<iframe width=\"500\" height=\"281\" src=\"https:\/\/www.youtube.com\/embed\/videoseries?list=OLAK5uy_l3z5seAdup0qe77FhSeBc-6Sj4bhB4vUA\" frameborder=\"0\" allow=\"accelerometer; autoplay; clipboard-write; encrypted-media; gyroscope; picture-in-picture\" allowfullscreen><\/iframe>","_oembed_time_ffbad1ffba43f8efa98045ae0eb42f99":"1624026164","_oembed_2b3ea3b1148a26b80855cd14bb8c2949":"<blockquote class=\"wp-embedded-content\" data-secret=\"D1NJMb3QT5\"><a href=\"https:\/\/www.varesenews.it\/2021\/06\/europei-calcio-italia-svizzera-allolimpico-roma\/1351308\/\">L&#8217;Italia cala il secondo tris: Svizzera travolta, azzurri gi\u00e0 qualificati<\/a><\/blockquote><iframe class=\"wp-embedded-content\" sandbox=\"allow-scripts\" security=\"restricted\" style=\"position: absolute; clip: rect(1px, 1px, 1px, 1px);\" src=\"https:\/\/www.varesenews.it\/2021\/06\/europei-calcio-italia-svizzera-allolimpico-roma\/1351308\/embed\/#?secret=D1NJMb3QT5\" data-secret=\"D1NJMb3QT5\" width=\"500\" height=\"282\" title=\"&#8220;L&#8217;Italia cala il secondo tris: Svizzera travolta, azzurri gi\u00e0 qualificati&#8221; &#8212; VareseNews\" frameborder=\"0\" marginwidth=\"0\" marginheight=\"0\" scrolling=\"no\"><\/iframe>","_oembed_time_2b3ea3b1148a26b80855cd14bb8c2949":"1624026164","_oembed_d64e5fac93a22cad396a71e108cea354":"<blockquote class=\"wp-embedded-content\" data-secret=\"241j1WTyXN\"><a href=\"https:\/\/www.varesenews.it\/2021\/06\/tragedia-del-mottarone-diffuso-video-della-telecamera-sorveglianza\/1351154\/\">Tragedia del Mottarone, diffuso il video della telecamera di sorveglianza<\/a><\/blockquote><iframe class=\"wp-embedded-content\" sandbox=\"allow-scripts\" security=\"restricted\" style=\"position: absolute; clip: rect(1px, 1px, 1px, 1px);\" src=\"https:\/\/www.varesenews.it\/2021\/06\/tragedia-del-mottarone-diffuso-video-della-telecamera-sorveglianza\/1351154\/embed\/#?secret=241j1WTyXN\" data-secret=\"241j1WTyXN\" width=\"500\" height=\"282\" title=\"&#8220;Tragedia del Mottarone, diffuso il video della telecamera di sorveglianza&#8221; &#8212; VareseNews\" frameborder=\"0\" marginwidth=\"0\" marginheight=\"0\" scrolling=\"no\"><\/iframe>","_oembed_time_d64e5fac93a22cad396a71e108cea354":"1624026164","_oembed_7a265f157ee640720ce41161cdd6e102":"<blockquote class=\"wp-embedded-content\" data-secret=\"hkiB8gAY5z\"><a href=\"https:\/\/www.varesenews.it\/2021\/05\/si-stacca-una-cabina-della-funivia-stresa-mottarone-nove-le-vittime\/1342403\/\">Si stacca una cabina della funivia Stresa-Mottarone, tra le vittime cinque varesini<\/a><\/blockquote><iframe class=\"wp-embedded-content\" sandbox=\"allow-scripts\" security=\"restricted\" style=\"position: absolute; clip: rect(1px, 1px, 1px, 1px);\" src=\"https:\/\/www.varesenews.it\/2021\/05\/si-stacca-una-cabina-della-funivia-stresa-mottarone-nove-le-vittime\/1342403\/embed\/#?secret=hkiB8gAY5z\" data-secret=\"hkiB8gAY5z\" width=\"500\" height=\"282\" title=\"&#8220;Si stacca una cabina della funivia Stresa-Mottarone, tra le vittime cinque varesini&#8221; &#8212; VareseNews\" frameborder=\"0\" marginwidth=\"0\" marginheight=\"0\" scrolling=\"no\"><\/iframe>","_oembed_time_7a265f157ee640720ce41161cdd6e102":"1624026164","_oembed_7fc404e89db86419218afd7d63d62e14":"<blockquote class=\"wp-embedded-content\" data-secret=\"e1Tc1mEjKh\"><a href=\"https:\/\/www.legnanonews.com\/aree-geografiche\/alto_milanese\/2021\/06\/17\/turbigo-unauto-finisce-nel-naviglio-nessuna-traccia-del-conducente\/987094\/\">Turbigo: un&#8217;auto finisce nel Naviglio, nessuna traccia del conducente<\/a><\/blockquote><iframe class=\"wp-embedded-content\" sandbox=\"allow-scripts\" security=\"restricted\" style=\"position: absolute; clip: rect(1px, 1px, 1px, 1px);\" src=\"https:\/\/www.legnanonews.com\/aree-geografiche\/alto_milanese\/2021\/06\/17\/turbigo-unauto-finisce-nel-naviglio-nessuna-traccia-del-conducente\/987094\/embed\/#?secret=e1Tc1mEjKh\" data-secret=\"e1Tc1mEjKh\" width=\"500\" height=\"282\" title=\"&#8220;Turbigo: un&#8217;auto finisce nel Naviglio, nessuna traccia del conducente&#8221; &#8212; LegnanoNews\" frameborder=\"0\" marginwidth=\"0\" marginheight=\"0\" scrolling=\"no\"><\/iframe>","_oembed_time_7fc404e89db86419218afd7d63d62e14":"1624026313","_oembed_badb05f83110be6a6ea5246d25955acf":"<blockquote class=\"wp-embedded-content\" data-secret=\"plrtmt2y6a\"><a href=\"https:\/\/www.varesenews.it\/2021\/06\/lavoratori-trasferta-cassinetta-riaprire-whirlpool-napoli-si-puo\/1350976\/\">Lavoratori \u201cin trasferta\u201d a Cassinetta: \u201cRiaprire Whirlpool a Napoli si pu\u00f2\u201d<\/a><\/blockquote><iframe class=\"wp-embedded-content\" sandbox=\"allow-scripts\" security=\"restricted\" style=\"position: absolute; clip: rect(1px, 1px, 1px, 1px);\" src=\"https:\/\/www.varesenews.it\/2021\/06\/lavoratori-trasferta-cassinetta-riaprire-whirlpool-napoli-si-puo\/1350976\/embed\/#?secret=plrtmt2y6a\" data-secret=\"plrtmt2y6a\" width=\"500\" height=\"282\" title=\"&#8220;Lavoratori \u201cin trasferta\u201d a Cassinetta: \u201cRiaprire Whirlpool a Napoli si pu\u00f2\u201d&#8221; &#8212; VareseNews\" frameborder=\"0\" marginwidth=\"0\" marginheight=\"0\" scrolling=\"no\"><\/iframe>","_oembed_time_badb05f83110be6a6ea5246d25955acf":"1624026314","_oembed_3ef64ba44afa10a92d77c97d75227752":"<blockquote class=\"wp-embedded-content\" data-secret=\"KKPYNZ9EVs\"><a href=\"https:\/\/www.varesenews.it\/2021\/05\/un-viaggio-australia-batteri-amici-nasce-cosi-mia-kombucha-la-bibita-sana-made-valceresio\/1340681\/\">Un viaggio in Australia, t\u00e8 e batteri amici: nasce cos\u00ec Mia Kombucha, la bibita sana made in Valceresio<\/a><\/blockquote><iframe class=\"wp-embedded-content\" sandbox=\"allow-scripts\" security=\"restricted\" style=\"position: absolute; clip: rect(1px, 1px, 1px, 1px);\" src=\"https:\/\/www.varesenews.it\/2021\/05\/un-viaggio-australia-batteri-amici-nasce-cosi-mia-kombucha-la-bibita-sana-made-valceresio\/1340681\/embed\/#?secret=KKPYNZ9EVs\" data-secret=\"KKPYNZ9EVs\" width=\"500\" height=\"282\" title=\"&#8220;Un viaggio in Australia, t\u00e8 e batteri amici: nasce cos\u00ec Mia Kombucha, la bibita sana made in Valceresio&#8221; &#8212; VareseNews\" frameborder=\"0\" marginwidth=\"0\" marginheight=\"0\" scrolling=\"no\"><\/iframe>","_oembed_time_3ef64ba44afa10a92d77c97d75227752":"1624026314"},"photos":[{"original":"https:\/\/staging.varesenews.it\/photogallery_new\/images\/2021\/06\/generica-2020-1230031.jpg","full":"https:\/\/staging.varesenews.it\/photogallery_new\/images\/2021\/06\/generica-2020-1230031.1024x768.jpg","large":"https:\/\/staging.varesenews.it\/photogallery_new\/images\/2021\/06\/generica-2020-1230031.610x431.jpg"}],"_links":{"self":[{"href":"https:\/\/staging.varesenews.it\/swgapi\/v1\/wp\/v2\/posts\/1352129"}],"collection":[{"href":"https:\/\/staging.varesenews.it\/swgapi\/v1\/wp\/v2\/posts"}],"about":[{"href":"https:\/\/staging.varesenews.it\/swgapi\/v1\/wp\/v2\/types\/post"}],"author":[{"embeddable":true,"href":"https:\/\/staging.varesenews.it\/swgapi\/v1\/wp\/v2\/users\/44"}],"replies":[{"embeddable":true,"href":"https:\/\/staging.varesenews.it\/swgapi\/v1\/wp\/v2\/comments?post=1352129"}],"version-history":[{"count":0,"href":"https:\/\/staging.varesenews.it\/swgapi\/v1\/wp\/v2\/posts\/1352129\/revisions"}],"wp:attachment":[{"href":"https:\/\/staging.varesenews.it\/swgapi\/v1\/wp\/v2\/media?parent=1352129"}],"wp:term":[{"taxonomy":"category","embeddable":true,"href":"https:\/\/staging.varesenews.it\/swgapi\/v1\/wp\/v2\/categories?post=1352129"},{"taxonomy":"post_tag","embeddable":true,"href":"https:\/\/staging.varesenews.it\/swgapi\/v1\/wp\/v2\/tags?post=1352129"}],"curies":[{"name":"wp","href":"https:\/\/api.w.org\/{rel}","templated":true}]}}