{"id":1352310,"date":"2021-06-19T07:34:26","date_gmt":"2021-06-19T05:34:26","guid":{"rendered":"https:\/\/www.varesenews.it\/?p=1352310"},"modified":"2021-06-19T09:58:53","modified_gmt":"2021-06-19T07:58:53","slug":"scontro-tra-due-moto-tre-persone-ferite-a-induno-olona-interviene-lelisoccorso","status":"publish","type":"post","link":"https:\/\/staging.varesenews.it\/2021\/06\/scontro-tra-due-moto-tre-persone-ferite-a-induno-olona-interviene-lelisoccorso\/1352310\/","title":{"rendered":"Scontro tra due moto: tre persone ferite a Induno Olona, interviene l&#8217;elisoccorso"},"content":{"rendered":"<p>Grave incidente attorno alle 4 di questa mattina <strong>in via Jamoretti<\/strong> a Induno Olona, il tratto di statale 344 che attraversa il paese.<\/p>\n<p>Secondo una prima ricostruzione dei fatti, due moto si sono scontrate\u00a0all&#8217;altezza di San Cassano, lasciando a terra <strong>quattro persone ferite<\/strong>.<\/p>\n<p>Inizialmente sembrava che le due moto fossero state investite da una automobile che poi \u00e8 fuggita. Le forze dell&#8217;ordine spiegano che il conducente, che proveniva da Arcisate in direzione Varese, \u00e8 stato fermato a incidente gi\u00e0 avvenuto. Sono in corso accertamenti ma \u00e8 molto probabile che non sia coinvolta nello scontro.<\/p>\n<p>I feriti sono tre, due in codice rosso e prognosi riservata, un terzo, passeggera di uno dei due scooter, \u00e8 in codice giallo.<\/p>\n<p>Sul posto sono intervenuti diversi mezzi di soccorso sanitario, con il supporto dell&#8217;elisoccorso, e i Carabinieri di Varese.<\/p>\n<p><em>(seguono aggiornamenti)<\/em><\/p>\n","protected":false},"excerpt":{"rendered":"<p>L&#8217;incidente all&#8217;altezza di San Cassano. Tre i feriti, due in codice rosso <\/p>\n","protected":false},"author":44,"featured_media":0,"comment_status":"open","ping_status":"open","sticky":false,"template":"","format":"standard","meta":{"footnotes":""},"categories":[2],"tags":[2021,1039,3632],"acf":[],"yoast_head":"<!-- This site is optimized with the Yoast SEO plugin v20.1 - https:\/\/yoast.com\/wordpress\/plugins\/seo\/ -->\n<title>Scontro tra due moto: tre persone ferite a Induno Olona, interviene l&#039;elisoccorso<\/title>\n<meta name=\"description\" content=\"L&#039;incidente all&#039;altezza di San Cassano. Tre i feriti, due in codice rosso\" \/>\n<meta name=\"robots\" content=\"noindex, follow, max-snippet:-1, max-image-preview:large, max-video-preview:-1\" \/>\n<meta property=\"og:locale\" content=\"it_IT\" \/>\n<meta property=\"og:type\" content=\"article\" \/>\n<meta property=\"og:title\" content=\"Scontro tra due moto: tre persone ferite a Induno Olona, interviene l&#039;elisoccorso\" \/>\n<meta property=\"og:description\" content=\"L&#039;incidente all&#039;altezza di San Cassano. Tre i feriti, due in codice rosso\" \/>\n<meta property=\"og:url\" content=\"https:\/\/staging.varesenews.it\/2021\/06\/scontro-tra-due-moto-tre-persone-ferite-a-induno-olona-interviene-lelisoccorso\/1352310\/\" \/>\n<meta property=\"og:site_name\" content=\"VareseNews\" \/>\n<meta property=\"article:publisher\" content=\"https:\/\/www.facebook.com\/varesenews\" \/>\n<meta property=\"article:author\" content=\"https:\/\/www.facebook.com\/mariangela.gerletti\" \/>\n<meta property=\"article:published_time\" content=\"2021-06-19T05:34:26+00:00\" \/>\n<meta property=\"article:modified_time\" content=\"2021-06-19T07:58:53+00:00\" \/>\n<meta name=\"author\" content=\"Mariangela Gerletti\" \/>\n<meta name=\"twitter:card\" content=\"summary_large_image\" \/>\n<meta name=\"twitter:creator\" content=\"@MariGerletti\" \/>\n<meta name=\"twitter:site\" content=\"@varesenews\" \/>\n<meta name=\"twitter:label1\" content=\"Scritto da\" \/>\n\t<meta name=\"twitter:data1\" content=\"Mariangela Gerletti\" \/>\n\t<meta name=\"twitter:label2\" content=\"Tempo di lettura stimato\" \/>\n\t<meta name=\"twitter:data2\" content=\"1 minuto\" \/>\n<script type=\"application\/ld+json\" class=\"yoast-schema-graph\">{\"@context\":\"https:\/\/schema.org\",\"@graph\":[{\"@type\":\"WebPage\",\"@id\":\"https:\/\/staging.varesenews.it\/2021\/06\/scontro-tra-due-moto-tre-persone-ferite-a-induno-olona-interviene-lelisoccorso\/1352310\/\",\"url\":\"https:\/\/staging.varesenews.it\/2021\/06\/scontro-tra-due-moto-tre-persone-ferite-a-induno-olona-interviene-lelisoccorso\/1352310\/\",\"name\":\"Scontro tra due moto: tre persone ferite a Induno Olona, interviene l'elisoccorso\",\"isPartOf\":{\"@id\":\"https:\/\/staging.varesenews.it\/#website\"},\"datePublished\":\"2021-06-19T05:34:26+00:00\",\"dateModified\":\"2021-06-19T07:58:53+00:00\",\"author\":{\"@id\":\"https:\/\/staging.varesenews.it\/#\/schema\/person\/14f52876ea19bc10d0d2717b6e8f9b89\"},\"description\":\"L'incidente all'altezza di San Cassano. Tre i feriti, due in codice rosso\",\"breadcrumb\":{\"@id\":\"https:\/\/staging.varesenews.it\/2021\/06\/scontro-tra-due-moto-tre-persone-ferite-a-induno-olona-interviene-lelisoccorso\/1352310\/#breadcrumb\"},\"inLanguage\":\"it-IT\",\"potentialAction\":[{\"@type\":\"ReadAction\",\"target\":[\"https:\/\/staging.varesenews.it\/2021\/06\/scontro-tra-due-moto-tre-persone-ferite-a-induno-olona-interviene-lelisoccorso\/1352310\/\"]}]},{\"@type\":\"BreadcrumbList\",\"@id\":\"https:\/\/staging.varesenews.it\/2021\/06\/scontro-tra-due-moto-tre-persone-ferite-a-induno-olona-interviene-lelisoccorso\/1352310\/#breadcrumb\",\"itemListElement\":[{\"@type\":\"ListItem\",\"position\":1,\"name\":\"Home\",\"item\":\"https:\/\/www.varesenews.it\/\"},{\"@type\":\"ListItem\",\"position\":2,\"name\":\"Scontro tra due moto: tre persone ferite a Induno Olona, interviene l&#8217;elisoccorso\"}]},{\"@type\":\"WebSite\",\"@id\":\"https:\/\/staging.varesenews.it\/#website\",\"url\":\"https:\/\/staging.varesenews.it\/\",\"name\":\"VareseNews\",\"description\":\"\",\"potentialAction\":[{\"@type\":\"SearchAction\",\"target\":{\"@type\":\"EntryPoint\",\"urlTemplate\":\"https:\/\/staging.varesenews.it\/?s={search_term_string}\"},\"query-input\":\"required name=search_term_string\"}],\"inLanguage\":\"it-IT\"},{\"@type\":\"Person\",\"@id\":\"https:\/\/staging.varesenews.it\/#\/schema\/person\/14f52876ea19bc10d0d2717b6e8f9b89\",\"name\":\"Mariangela Gerletti\",\"image\":{\"@type\":\"ImageObject\",\"inLanguage\":\"it-IT\",\"@id\":\"https:\/\/staging.varesenews.it\/#\/schema\/person\/image\/\",\"url\":\"https:\/\/staging.varesenews.it\/wp-content\/uploads\/2020\/12\/mariangela.jpeg\",\"contentUrl\":\"https:\/\/staging.varesenews.it\/wp-content\/uploads\/2020\/12\/mariangela.jpeg\",\"caption\":\"Mariangela Gerletti\"},\"description\":\"Da pi&ugrave; di trent'anni mi occupo di giornalismo e comunicazione Varesenews &egrave; il luogo dove ho trovato la passione, l'attenzione e le persone che ogni giorno mi fanno amare un po' di pi&ugrave; questo lavoro di cui non mi stanco mai. Far parte della redazione di Varesenews &egrave; un onore, sostenere il progetto della membership &egrave; un piacere perch&eacute; mi fa sentire ancora pi&ugrave; vicina alla grande comunit&agrave; dei nostri lettori.\",\"sameAs\":[\"https:\/\/www.facebook.com\/mariangela.gerletti\",\"marigerletti\",\"https:\/\/twitter.com\/MariGerletti\"],\"url\":\"https:\/\/staging.varesenews.it\/persona\/mariangela-gerletti1\/\"}]}<\/script>\n<!-- \/ Yoast SEO plugin. -->","yoast_head_json":{"title":"Scontro tra due moto: tre persone ferite a Induno Olona, interviene l'elisoccorso","description":"L'incidente all'altezza di San Cassano. Tre i feriti, due in codice rosso","robots":{"index":"noindex","follow":"follow","max-snippet":"max-snippet:-1","max-image-preview":"max-image-preview:large","max-video-preview":"max-video-preview:-1"},"og_locale":"it_IT","og_type":"article","og_title":"Scontro tra due moto: tre persone ferite a Induno Olona, interviene l'elisoccorso","og_description":"L'incidente all'altezza di San Cassano. Tre i feriti, due in codice rosso","og_url":"https:\/\/staging.varesenews.it\/2021\/06\/scontro-tra-due-moto-tre-persone-ferite-a-induno-olona-interviene-lelisoccorso\/1352310\/","og_site_name":"VareseNews","article_publisher":"https:\/\/www.facebook.com\/varesenews","article_author":"https:\/\/www.facebook.com\/mariangela.gerletti","article_published_time":"2021-06-19T05:34:26+00:00","article_modified_time":"2021-06-19T07:58:53+00:00","author":"Mariangela Gerletti","twitter_card":"summary_large_image","twitter_creator":"@MariGerletti","twitter_site":"@varesenews","twitter_misc":{"Scritto da":"Mariangela Gerletti","Tempo di lettura stimato":"1 minuto"},"schema":{"@context":"https:\/\/schema.org","@graph":[{"@type":"WebPage","@id":"https:\/\/staging.varesenews.it\/2021\/06\/scontro-tra-due-moto-tre-persone-ferite-a-induno-olona-interviene-lelisoccorso\/1352310\/","url":"https:\/\/staging.varesenews.it\/2021\/06\/scontro-tra-due-moto-tre-persone-ferite-a-induno-olona-interviene-lelisoccorso\/1352310\/","name":"Scontro tra due moto: tre persone ferite a Induno Olona, interviene l'elisoccorso","isPartOf":{"@id":"https:\/\/staging.varesenews.it\/#website"},"datePublished":"2021-06-19T05:34:26+00:00","dateModified":"2021-06-19T07:58:53+00:00","author":{"@id":"https:\/\/staging.varesenews.it\/#\/schema\/person\/14f52876ea19bc10d0d2717b6e8f9b89"},"description":"L'incidente all'altezza di San Cassano. Tre i feriti, due in codice rosso","breadcrumb":{"@id":"https:\/\/staging.varesenews.it\/2021\/06\/scontro-tra-due-moto-tre-persone-ferite-a-induno-olona-interviene-lelisoccorso\/1352310\/#breadcrumb"},"inLanguage":"it-IT","potentialAction":[{"@type":"ReadAction","target":["https:\/\/staging.varesenews.it\/2021\/06\/scontro-tra-due-moto-tre-persone-ferite-a-induno-olona-interviene-lelisoccorso\/1352310\/"]}]},{"@type":"BreadcrumbList","@id":"https:\/\/staging.varesenews.it\/2021\/06\/scontro-tra-due-moto-tre-persone-ferite-a-induno-olona-interviene-lelisoccorso\/1352310\/#breadcrumb","itemListElement":[{"@type":"ListItem","position":1,"name":"Home","item":"https:\/\/www.varesenews.it\/"},{"@type":"ListItem","position":2,"name":"Scontro tra due moto: tre persone ferite a Induno Olona, interviene l&#8217;elisoccorso"}]},{"@type":"WebSite","@id":"https:\/\/staging.varesenews.it\/#website","url":"https:\/\/staging.varesenews.it\/","name":"VareseNews","description":"","potentialAction":[{"@type":"SearchAction","target":{"@type":"EntryPoint","urlTemplate":"https:\/\/staging.varesenews.it\/?s={search_term_string}"},"query-input":"required name=search_term_string"}],"inLanguage":"it-IT"},{"@type":"Person","@id":"https:\/\/staging.varesenews.it\/#\/schema\/person\/14f52876ea19bc10d0d2717b6e8f9b89","name":"Mariangela Gerletti","image":{"@type":"ImageObject","inLanguage":"it-IT","@id":"https:\/\/staging.varesenews.it\/#\/schema\/person\/image\/","url":"https:\/\/staging.varesenews.it\/wp-content\/uploads\/2020\/12\/mariangela.jpeg","contentUrl":"https:\/\/staging.varesenews.it\/wp-content\/uploads\/2020\/12\/mariangela.jpeg","caption":"Mariangela Gerletti"},"description":"Da pi&ugrave; di trent'anni mi occupo di giornalismo e comunicazione Varesenews &egrave; il luogo dove ho trovato la passione, l'attenzione e le persone che ogni giorno mi fanno amare un po' di pi&ugrave; questo lavoro di cui non mi stanco mai. Far parte della redazione di Varesenews &egrave; un onore, sostenere il progetto della membership &egrave; un piacere perch&eacute; mi fa sentire ancora pi&ugrave; vicina alla grande comunit&agrave; dei nostri lettori.","sameAs":["https:\/\/www.facebook.com\/mariangela.gerletti","marigerletti","https:\/\/twitter.com\/MariGerletti"],"url":"https:\/\/staging.varesenews.it\/persona\/mariangela-gerletti1\/"}]}},"post_meta":{"_edit_lock":"1624089822:32","_edit_last":"32","_category_permalink":"a:1:{s:8:\"category\";s:1:\"2\";}","foto":"1213481","firma_come_redazione":"1","argomento":"Induno Olona","_yoast_wpseo_focuskw_text_input":"moto","_yoast_wpseo_focuskw":"moto","_yoast_wpseo_linkdex":"46","_yoast_wpseo_content_score":"60","_jd_tweet_this":"yes","_encloseme":"1","ratings_users":"0","ratings_score":"0","ratings_average":"0","_wpt_short_url":"https:\/\/www.varesenews.it\/2021\/06\/investe-due-moto-fugge-quattro-persone-ferite-induno-olona-interviene-lelisoccorso\/1352310\/","_wp_jd_target":"https:\/\/www.varesenews.it\/2021\/06\/investe-due-moto-fugge-quattro-persone-ferite-induno-olona-interviene-lelisoccorso\/1352310\/","_jd_wp_twitter":"a:1:{i:0;s:242:\"Investe due moto e fugge: quattro persone ferite a Induno Olona, interviene l\u2019elisoccorso https:\/\/www.varesenews.it\/2021\/06\/investe-due-moto-fugge-quattro-persone-ferite-induno-olona-interviene-lelisoccorso\/1352310\/ #elisoccorso #Valceresio\";}","_wpt_status_message":"Tweet inviato con successo.","_oembed_cc19639c56509aef1ca226640bb501de":"<iframe class=\"wp-embedded-content\" sandbox=\"allow-scripts\" security=\"restricted\" src=\"https:\/\/widget.spreaker.com\/player?episode_id=45354663&#038;theme=light&#038;playlist=false&#038;cover_image_url=https%3A%2F%2Fd3wo5wojvuv7l.cloudfront.net%2Fimages.spreaker.com%2Foriginal%2F6fe689e77b5874d5cd27e9c547b49602.jpg#?secret=5IElXST4YD\" data-secret=\"5IElXST4YD\" width=\"500\" height=\"750\" frameborder=\"0\"><\/iframe>","_oembed_time_cc19639c56509aef1ca226640bb501de":"1624081007","_oembed_2e0a380a7f9aa780406daab87a134551":"<iframe class=\"wp-embedded-content\" sandbox=\"allow-scripts\" security=\"restricted\" src=\"https:\/\/widget.spreaker.com\/player?episode_id=45354689&#038;theme=light&#038;playlist=false&#038;cover_image_url=https%3A%2F%2Fd3wo5wojvuv7l.cloudfront.net%2Fimages.spreaker.com%2Foriginal%2F6fe689e77b5874d5cd27e9c547b49602.jpg#?secret=kW0BdHvGhT\" data-secret=\"kW0BdHvGhT\" width=\"500\" height=\"750\" frameborder=\"0\"><\/iframe>","_oembed_time_2e0a380a7f9aa780406daab87a134551":"1624081007","_oembed_d1141d076b3caf4e0723b17777144af2":"<iframe class=\"wp-embedded-content\" sandbox=\"allow-scripts\" security=\"restricted\" src=\"https:\/\/widget.spreaker.com\/player?episode_id=45354715&#038;theme=light&#038;playlist=false&#038;cover_image_url=https%3A%2F%2Fd3wo5wojvuv7l.cloudfront.net%2Fimages.spreaker.com%2Foriginal%2F6fe689e77b5874d5cd27e9c547b49602.jpg#?secret=wb6669OOsR\" data-secret=\"wb6669OOsR\" width=\"500\" height=\"750\" frameborder=\"0\"><\/iframe>","_oembed_time_d1141d076b3caf4e0723b17777144af2":"1624081008","_oembed_badb05f83110be6a6ea5246d25955acf":"<blockquote class=\"wp-embedded-content\" data-secret=\"Mp1DVwc4oh\"><a href=\"https:\/\/www.varesenews.it\/2021\/06\/lavoratori-trasferta-cassinetta-riaprire-whirlpool-napoli-si-puo\/1350976\/\">Lavoratori \u201cin trasferta\u201d a Cassinetta: \u201cRiaprire Whirlpool a Napoli si pu\u00f2\u201d<\/a><\/blockquote><iframe class=\"wp-embedded-content\" sandbox=\"allow-scripts\" security=\"restricted\" style=\"position: absolute; clip: rect(1px, 1px, 1px, 1px);\" src=\"https:\/\/www.varesenews.it\/2021\/06\/lavoratori-trasferta-cassinetta-riaprire-whirlpool-napoli-si-puo\/1350976\/embed\/#?secret=Mp1DVwc4oh\" data-secret=\"Mp1DVwc4oh\" width=\"500\" height=\"282\" title=\"&#8220;Lavoratori \u201cin trasferta\u201d a Cassinetta: \u201cRiaprire Whirlpool a Napoli si pu\u00f2\u201d&#8221; &#8212; VareseNews\" frameborder=\"0\" marginwidth=\"0\" marginheight=\"0\" scrolling=\"no\"><\/iframe>","_oembed_time_badb05f83110be6a6ea5246d25955acf":"1624081008","_oembed_e7645169405c9cf5e65c475ca91964e5":"<blockquote class=\"wp-embedded-content\" data-secret=\"xaGnuo1Yvq\"><a href=\"https:\/\/www.varesenews.it\/2021\/06\/weekend-porta-ai-bambini-lestate-un-bastimento-carico-spettacoli\/1352047\/\">Il weekend porta ai bambini l&#8217;estate e un bastimento carico di spettacoli<\/a><\/blockquote><iframe class=\"wp-embedded-content\" sandbox=\"allow-scripts\" security=\"restricted\" style=\"position: absolute; clip: rect(1px, 1px, 1px, 1px);\" src=\"https:\/\/www.varesenews.it\/2021\/06\/weekend-porta-ai-bambini-lestate-un-bastimento-carico-spettacoli\/1352047\/embed\/#?secret=xaGnuo1Yvq\" data-secret=\"xaGnuo1Yvq\" width=\"500\" height=\"282\" title=\"&#8220;Il weekend porta ai bambini l&#8217;estate e un bastimento carico di spettacoli&#8221; &#8212; VareseNews\" frameborder=\"0\" marginwidth=\"0\" marginheight=\"0\" scrolling=\"no\"><\/iframe>","_oembed_time_e7645169405c9cf5e65c475ca91964e5":"1624081251","_oembed_5c0a9b7824f3ebf3cb20a9406ccbb54d":"<blockquote class=\"wp-embedded-content\" data-secret=\"9HbUo5WPTf\"><a href=\"https:\/\/www.varesenews.it\/2021\/06\/frontaliers-scaldano-lattesa-italia-svizzera-agli-europei\/1349382\/\">I &#8220;Frontaliers&#8221; scaldano l&#8217;attesa per Italia-Svizzera agli Europei<\/a><\/blockquote><iframe class=\"wp-embedded-content\" sandbox=\"allow-scripts\" security=\"restricted\" style=\"position: absolute; clip: rect(1px, 1px, 1px, 1px);\" src=\"https:\/\/www.varesenews.it\/2021\/06\/frontaliers-scaldano-lattesa-italia-svizzera-agli-europei\/1349382\/embed\/#?secret=9HbUo5WPTf\" data-secret=\"9HbUo5WPTf\" width=\"500\" height=\"282\" title=\"&#8220;I &#8220;Frontaliers&#8221; scaldano l&#8217;attesa per Italia-Svizzera agli Europei&#8221; &#8212; VareseNews\" frameborder=\"0\" marginwidth=\"0\" marginheight=\"0\" scrolling=\"no\"><\/iframe>","_oembed_time_5c0a9b7824f3ebf3cb20a9406ccbb54d":"1624081251","_oembed_7c3598c7093c05a99297f587a050f302":"<blockquote class=\"wp-embedded-content\" data-secret=\"DW6xWTp8eG\"><a href=\"https:\/\/www.varesenews.it\/2021\/06\/spettacoli-ed-esplorazioni-nel-primo-weekend-vacanza-bambini\/1349520\/\">Spettacoli ed esplorazioni nel primo weekend di vacanza per i bambini<\/a><\/blockquote><iframe class=\"wp-embedded-content\" sandbox=\"allow-scripts\" security=\"restricted\" style=\"position: absolute; clip: rect(1px, 1px, 1px, 1px);\" src=\"https:\/\/www.varesenews.it\/2021\/06\/spettacoli-ed-esplorazioni-nel-primo-weekend-vacanza-bambini\/1349520\/embed\/#?secret=DW6xWTp8eG\" data-secret=\"DW6xWTp8eG\" width=\"500\" height=\"282\" title=\"&#8220;Spettacoli ed esplorazioni nel primo weekend di vacanza per i bambini&#8221; &#8212; VareseNews\" frameborder=\"0\" marginwidth=\"0\" marginheight=\"0\" scrolling=\"no\"><\/iframe>","_oembed_time_7c3598c7093c05a99297f587a050f302":"1624081251","_oembed_bfa2bc77b753e6aeef1d54c7c2586432":"<blockquote class=\"wp-embedded-content\" data-secret=\"jlLJarRU52\"><a href=\"https:\/\/www.varesenews.it\/2021\/06\/gli-azzurri-gironi-la-formula-lestate-degli-europei-calcio\/1346930\/\">Gli azzurri, i gironi, la formula: \u00e8 l&#8217;estate degli Europei di calcio<\/a><\/blockquote><iframe class=\"wp-embedded-content\" sandbox=\"allow-scripts\" security=\"restricted\" style=\"position: absolute; clip: rect(1px, 1px, 1px, 1px);\" src=\"https:\/\/www.varesenews.it\/2021\/06\/gli-azzurri-gironi-la-formula-lestate-degli-europei-calcio\/1346930\/embed\/#?secret=jlLJarRU52\" data-secret=\"jlLJarRU52\" width=\"500\" height=\"282\" title=\"&#8220;Gli azzurri, i gironi, la formula: \u00e8 l&#8217;estate degli Europei di calcio&#8221; &#8212; VareseNews\" frameborder=\"0\" marginwidth=\"0\" marginheight=\"0\" scrolling=\"no\"><\/iframe>","_oembed_time_bfa2bc77b753e6aeef1d54c7c2586432":"1624081251","_oembed_b52a67ff8928fa44fcd49e83f923c90a":"<blockquote class=\"wp-embedded-content\" data-secret=\"jezfjMQSo5\"><a href=\"https:\/\/www.varesenews.it\/2021\/06\/esplorazioni-natura-lucciole-meraviglia-nel-weekend-dei-bambini\/1346974\/\">Esplorazioni di natura, lucciole e meraviglia nel weekend dei bambini<\/a><\/blockquote><iframe class=\"wp-embedded-content\" sandbox=\"allow-scripts\" security=\"restricted\" style=\"position: absolute; clip: rect(1px, 1px, 1px, 1px);\" src=\"https:\/\/www.varesenews.it\/2021\/06\/esplorazioni-natura-lucciole-meraviglia-nel-weekend-dei-bambini\/1346974\/embed\/#?secret=jezfjMQSo5\" data-secret=\"jezfjMQSo5\" width=\"500\" height=\"282\" title=\"&#8220;Esplorazioni di natura, lucciole e meraviglia nel weekend dei bambini&#8221; &#8212; VareseNews\" frameborder=\"0\" marginwidth=\"0\" marginheight=\"0\" scrolling=\"no\"><\/iframe>","_oembed_time_b52a67ff8928fa44fcd49e83f923c90a":"1624081251","_oembed_d1d9502adc99e0345cfc3a65225db10b":"<blockquote class=\"wp-embedded-content\" data-secret=\"aCLWIsrOkl\"><a href=\"https:\/\/www.varesenews.it\/2021\/06\/libera-circolazione-nelle-zone-confine-arriva-lordinanza-del-ministro\/1346249\/\">Libera circolazione nelle zone di confine: arriva l&#8217;ordinanza del Ministro<\/a><\/blockquote><iframe class=\"wp-embedded-content\" sandbox=\"allow-scripts\" security=\"restricted\" style=\"position: absolute; clip: rect(1px, 1px, 1px, 1px);\" src=\"https:\/\/www.varesenews.it\/2021\/06\/libera-circolazione-nelle-zone-confine-arriva-lordinanza-del-ministro\/1346249\/embed\/#?secret=aCLWIsrOkl\" data-secret=\"aCLWIsrOkl\" width=\"500\" height=\"282\" title=\"&#8220;Libera circolazione nelle zone di confine: arriva l&#8217;ordinanza del Ministro&#8221; &#8212; VareseNews\" frameborder=\"0\" marginwidth=\"0\" marginheight=\"0\" scrolling=\"no\"><\/iframe>","_oembed_time_d1d9502adc99e0345cfc3a65225db10b":"1624081251","_oembed_e781da6af6ddc886263c844b05ef7596":"<blockquote class=\"wp-embedded-content\" data-secret=\"zDeLn3HxxM\"><a href=\"https:\/\/www.varesenews.it\/2021\/06\/gallarate-milite-ignoto-sfratta-papa-giovanni-xxiii\/1350748\/\">Gallarate, il Milite Ignoto &#8220;sfratta&#8221; Papa Giovanni XXIII?<\/a><\/blockquote><iframe class=\"wp-embedded-content\" sandbox=\"allow-scripts\" security=\"restricted\" style=\"position: absolute; clip: rect(1px, 1px, 1px, 1px);\" src=\"https:\/\/www.varesenews.it\/2021\/06\/gallarate-milite-ignoto-sfratta-papa-giovanni-xxiii\/1350748\/embed\/#?secret=zDeLn3HxxM\" data-secret=\"zDeLn3HxxM\" width=\"500\" height=\"282\" title=\"&#8220;Gallarate, il Milite Ignoto &#8220;sfratta&#8221; Papa Giovanni XXIII?&#8221; &#8212; VareseNews\" frameborder=\"0\" marginwidth=\"0\" marginheight=\"0\" scrolling=\"no\"><\/iframe>","_oembed_time_e781da6af6ddc886263c844b05ef7596":"1624081308","_oembed_a64f0ec258eefc201bc87bcfcfb1bd60":"<blockquote class=\"wp-embedded-content\" data-secret=\"gsMdeqIHUz\"><a href=\"https:\/\/www.varesenews.it\/2021\/06\/festa-del-castello-somma-lombardo-2021\/1351813\/\">Il parco e il maniero: tutto pronto per la Festa del Castello a Somma Lombardo<\/a><\/blockquote><iframe class=\"wp-embedded-content\" sandbox=\"allow-scripts\" security=\"restricted\" style=\"position: absolute; clip: rect(1px, 1px, 1px, 1px);\" src=\"https:\/\/www.varesenews.it\/2021\/06\/festa-del-castello-somma-lombardo-2021\/1351813\/embed\/#?secret=gsMdeqIHUz\" data-secret=\"gsMdeqIHUz\" width=\"500\" height=\"282\" title=\"&#8220;Il parco e il maniero: tutto pronto per la Festa del Castello a Somma Lombardo&#8221; &#8212; VareseNews\" frameborder=\"0\" marginwidth=\"0\" marginheight=\"0\" scrolling=\"no\"><\/iframe>","_oembed_time_a64f0ec258eefc201bc87bcfcfb1bd60":"1624081309","_oembed_1d174df220136fdf74de3a3ae8b1bbae":"<blockquote class=\"wp-embedded-content\" data-secret=\"3v1kQJAYE1\"><a href=\"https:\/\/www.varesenews.it\/2021\/04\/piccole-grandi-imprese-convivono-manager-parlano-lingue-diverse\/1333824\/\">Piccole e grandi imprese convivono, ma i loro manager parlano lingue diverse<\/a><\/blockquote><iframe class=\"wp-embedded-content\" sandbox=\"allow-scripts\" security=\"restricted\" style=\"position: absolute; clip: rect(1px, 1px, 1px, 1px);\" src=\"https:\/\/www.varesenews.it\/2021\/04\/piccole-grandi-imprese-convivono-manager-parlano-lingue-diverse\/1333824\/embed\/#?secret=3v1kQJAYE1\" data-secret=\"3v1kQJAYE1\" width=\"500\" height=\"282\" title=\"&#8220;Piccole e grandi imprese convivono, ma i loro manager parlano lingue diverse&#8221; &#8212; VareseNews\" frameborder=\"0\" marginwidth=\"0\" marginheight=\"0\" scrolling=\"no\"><\/iframe>","_oembed_time_1d174df220136fdf74de3a3ae8b1bbae":"1624081309","_oembed_024560e866da052129dcb8f4b70bd324":"<blockquote class=\"wp-embedded-content\" data-secret=\"kC5PGXZZ2n\"><a href=\"https:\/\/www.varesenews.it\/2021\/03\/dal-pregresso-al-progresso-buon-manager-gestisce-cambiamento\/1312529\/\">Dal pregresso al progresso, il buon manager gestisce il cambiamento<\/a><\/blockquote><iframe class=\"wp-embedded-content\" sandbox=\"allow-scripts\" security=\"restricted\" style=\"position: absolute; clip: rect(1px, 1px, 1px, 1px);\" src=\"https:\/\/www.varesenews.it\/2021\/03\/dal-pregresso-al-progresso-buon-manager-gestisce-cambiamento\/1312529\/embed\/#?secret=kC5PGXZZ2n\" data-secret=\"kC5PGXZZ2n\" width=\"500\" height=\"282\" title=\"&#8220;Dal pregresso al progresso, il buon manager gestisce il cambiamento&#8221; &#8212; VareseNews\" frameborder=\"0\" marginwidth=\"0\" marginheight=\"0\" scrolling=\"no\"><\/iframe>","_oembed_time_024560e866da052129dcb8f4b70bd324":"1624081309","_oembed_c2f9977829a11c0d92a51b417df4e70b":"<blockquote class=\"wp-embedded-content\" data-secret=\"XifvrwsbHI\"><a href=\"https:\/\/www.varesenews.it\/2021\/02\/la-metamorfosi-dei-manager-trasformati-innovazione-tecnologica-pandemia\/1307840\/\">La metamorfosi dei manager trasformati da innovazione tecnologica e pandemia<\/a><\/blockquote><iframe class=\"wp-embedded-content\" sandbox=\"allow-scripts\" security=\"restricted\" style=\"position: absolute; clip: rect(1px, 1px, 1px, 1px);\" src=\"https:\/\/www.varesenews.it\/2021\/02\/la-metamorfosi-dei-manager-trasformati-innovazione-tecnologica-pandemia\/1307840\/embed\/#?secret=XifvrwsbHI\" data-secret=\"XifvrwsbHI\" width=\"500\" height=\"282\" title=\"&#8220;La metamorfosi dei manager trasformati da innovazione tecnologica e pandemia&#8221; &#8212; VareseNews\" frameborder=\"0\" marginwidth=\"0\" marginheight=\"0\" scrolling=\"no\"><\/iframe>","_oembed_time_c2f9977829a11c0d92a51b417df4e70b":"1624081309","_oembed_deca0fc1b93ede3f6e2a363f430f6c15":"<blockquote class=\"wp-embedded-content\" data-secret=\"RL0k0mv1mG\"><a href=\"https:\/\/www.varesenews.it\/2021\/05\/tesi-roma-zurigo-premi-laurea-federmanager-varese\/1340321\/\">Tesi da Roma e Zurigo per i premi di laurea di Federmanager Varese<\/a><\/blockquote><iframe class=\"wp-embedded-content\" sandbox=\"allow-scripts\" security=\"restricted\" style=\"position: absolute; clip: rect(1px, 1px, 1px, 1px);\" src=\"https:\/\/www.varesenews.it\/2021\/05\/tesi-roma-zurigo-premi-laurea-federmanager-varese\/1340321\/embed\/#?secret=RL0k0mv1mG\" data-secret=\"RL0k0mv1mG\" width=\"500\" height=\"282\" title=\"&#8220;Tesi da Roma e Zurigo per i premi di laurea di Federmanager Varese&#8221; &#8212; VareseNews\" frameborder=\"0\" marginwidth=\"0\" marginheight=\"0\" scrolling=\"no\"><\/iframe>","_oembed_time_deca0fc1b93ede3f6e2a363f430f6c15":"1624081309","_oembed_a94175e6111c845c844c562e89da4910":"<blockquote class=\"wp-embedded-content\" data-secret=\"LFHLKctVxH\"><a href=\"https:\/\/www.varesenews.it\/2021\/06\/spaccio-nei-boschi-samarate-arrestato-zak-la-sua-banda\/1351659\/\">Spaccio nei boschi di Samarate, arrestato \u201cZak\u201c e la sua banda<\/a><\/blockquote><iframe class=\"wp-embedded-content\" sandbox=\"allow-scripts\" security=\"restricted\" style=\"position: absolute; clip: rect(1px, 1px, 1px, 1px);\" src=\"https:\/\/www.varesenews.it\/2021\/06\/spaccio-nei-boschi-samarate-arrestato-zak-la-sua-banda\/1351659\/embed\/#?secret=LFHLKctVxH\" data-secret=\"LFHLKctVxH\" width=\"500\" height=\"282\" title=\"&#8220;Spaccio nei boschi di Samarate, arrestato \u201cZak\u201c e la sua banda&#8221; &#8212; VareseNews\" frameborder=\"0\" marginwidth=\"0\" marginheight=\"0\" scrolling=\"no\"><\/iframe>","_oembed_time_a94175e6111c845c844c562e89da4910":"1624081309","_oembed_ffbad1ffba43f8efa98045ae0eb42f99":"<iframe width=\"500\" height=\"281\" src=\"https:\/\/www.youtube.com\/embed\/videoseries?list=OLAK5uy_l3z5seAdup0qe77FhSeBc-6Sj4bhB4vUA\" frameborder=\"0\" allow=\"accelerometer; autoplay; clipboard-write; encrypted-media; gyroscope; picture-in-picture\" allowfullscreen><\/iframe>","_oembed_time_ffbad1ffba43f8efa98045ae0eb42f99":"1624081333","_oembed_2b3ea3b1148a26b80855cd14bb8c2949":"<blockquote class=\"wp-embedded-content\" data-secret=\"S6od5E3G5k\"><a href=\"https:\/\/www.varesenews.it\/2021\/06\/europei-calcio-italia-svizzera-allolimpico-roma\/1351308\/\">L&#8217;Italia cala il secondo tris: Svizzera travolta, azzurri gi\u00e0 qualificati<\/a><\/blockquote><iframe class=\"wp-embedded-content\" sandbox=\"allow-scripts\" security=\"restricted\" style=\"position: absolute; clip: rect(1px, 1px, 1px, 1px);\" src=\"https:\/\/www.varesenews.it\/2021\/06\/europei-calcio-italia-svizzera-allolimpico-roma\/1351308\/embed\/#?secret=S6od5E3G5k\" data-secret=\"S6od5E3G5k\" width=\"500\" height=\"282\" title=\"&#8220;L&#8217;Italia cala il secondo tris: Svizzera travolta, azzurri gi\u00e0 qualificati&#8221; &#8212; VareseNews\" frameborder=\"0\" marginwidth=\"0\" marginheight=\"0\" scrolling=\"no\"><\/iframe>","_oembed_time_2b3ea3b1148a26b80855cd14bb8c2949":"1624081333","_oembed_d64e5fac93a22cad396a71e108cea354":"<blockquote class=\"wp-embedded-content\" data-secret=\"RxnX9QM8V6\"><a href=\"https:\/\/www.varesenews.it\/2021\/06\/tragedia-del-mottarone-diffuso-video-della-telecamera-sorveglianza\/1351154\/\">Tragedia del Mottarone, diffuso il video della telecamera di sorveglianza<\/a><\/blockquote><iframe class=\"wp-embedded-content\" sandbox=\"allow-scripts\" security=\"restricted\" style=\"position: absolute; clip: rect(1px, 1px, 1px, 1px);\" src=\"https:\/\/www.varesenews.it\/2021\/06\/tragedia-del-mottarone-diffuso-video-della-telecamera-sorveglianza\/1351154\/embed\/#?secret=RxnX9QM8V6\" data-secret=\"RxnX9QM8V6\" width=\"500\" height=\"282\" title=\"&#8220;Tragedia del Mottarone, diffuso il video della telecamera di sorveglianza&#8221; &#8212; VareseNews\" frameborder=\"0\" marginwidth=\"0\" marginheight=\"0\" scrolling=\"no\"><\/iframe>","_oembed_time_d64e5fac93a22cad396a71e108cea354":"1624081333","_oembed_7a265f157ee640720ce41161cdd6e102":"<blockquote class=\"wp-embedded-content\" data-secret=\"jfsALxk4jS\"><a href=\"https:\/\/www.varesenews.it\/2021\/05\/si-stacca-una-cabina-della-funivia-stresa-mottarone-nove-le-vittime\/1342403\/\">Si stacca una cabina della funivia Stresa-Mottarone, tra le vittime cinque varesini<\/a><\/blockquote><iframe class=\"wp-embedded-content\" sandbox=\"allow-scripts\" security=\"restricted\" style=\"position: absolute; clip: rect(1px, 1px, 1px, 1px);\" src=\"https:\/\/www.varesenews.it\/2021\/05\/si-stacca-una-cabina-della-funivia-stresa-mottarone-nove-le-vittime\/1342403\/embed\/#?secret=jfsALxk4jS\" data-secret=\"jfsALxk4jS\" width=\"500\" height=\"282\" title=\"&#8220;Si stacca una cabina della funivia Stresa-Mottarone, tra le vittime cinque varesini&#8221; &#8212; VareseNews\" frameborder=\"0\" marginwidth=\"0\" marginheight=\"0\" scrolling=\"no\"><\/iframe>","_oembed_time_7a265f157ee640720ce41161cdd6e102":"1624081333","_oembed_7fc404e89db86419218afd7d63d62e14":"<blockquote class=\"wp-embedded-content\" data-secret=\"YXtDcwlBNp\"><a href=\"https:\/\/www.legnanonews.com\/aree-geografiche\/alto_milanese\/2021\/06\/17\/turbigo-unauto-finisce-nel-naviglio-nessuna-traccia-del-conducente\/987094\/\">Turbigo: un&#8217;auto finisce nel Naviglio, nessuna traccia del conducente<\/a><\/blockquote><iframe class=\"wp-embedded-content\" sandbox=\"allow-scripts\" security=\"restricted\" style=\"position: absolute; clip: rect(1px, 1px, 1px, 1px);\" src=\"https:\/\/www.legnanonews.com\/aree-geografiche\/alto_milanese\/2021\/06\/17\/turbigo-unauto-finisce-nel-naviglio-nessuna-traccia-del-conducente\/987094\/embed\/#?secret=YXtDcwlBNp\" data-secret=\"YXtDcwlBNp\" width=\"500\" height=\"282\" title=\"&#8220;Turbigo: un&#8217;auto finisce nel Naviglio, nessuna traccia del conducente&#8221; &#8212; LegnanoNews\" frameborder=\"0\" marginwidth=\"0\" marginheight=\"0\" scrolling=\"no\"><\/iframe>","_oembed_time_7fc404e89db86419218afd7d63d62e14":"1624081831","_oembed_b64441b73634ed29a536602d18107c2d":"<blockquote class=\"wp-embedded-content\" data-secret=\"ncXlOw40lI\"><a href=\"https:\/\/www.varesenews.it\/2021\/05\/gianni-biondillo-progettare-significa-massaggiare-cuore-del-territorio\/1341492\/\">Gianni Biondillo: &#8220;Progettare significa massaggiare il cuore del territorio&#8221;<\/a><\/blockquote><iframe class=\"wp-embedded-content\" sandbox=\"allow-scripts\" security=\"restricted\" style=\"position: absolute; clip: rect(1px, 1px, 1px, 1px);\" src=\"https:\/\/www.varesenews.it\/2021\/05\/gianni-biondillo-progettare-significa-massaggiare-cuore-del-territorio\/1341492\/embed\/#?secret=ncXlOw40lI\" data-secret=\"ncXlOw40lI\" width=\"500\" height=\"282\" title=\"&#8220;Gianni Biondillo: &#8220;Progettare significa massaggiare il cuore del territorio&#8221;&#8221; &#8212; VareseNews\" frameborder=\"0\" marginwidth=\"0\" marginheight=\"0\" scrolling=\"no\"><\/iframe>","_oembed_time_b64441b73634ed29a536602d18107c2d":"1624081832","_oembed_96afaf61915c3c2022c2122df43d4ea4":"<blockquote class=\"wp-embedded-content\" data-secret=\"9HjuwV9Qy7\"><a href=\"https:\/\/www.varesenews.it\/2019\/06\/rastrellamento-val-grande-parco\/827252\/\">Il rastrellamento nazifascista del \u201944, morte e rinascita della Val Grande<\/a><\/blockquote><iframe class=\"wp-embedded-content\" sandbox=\"allow-scripts\" security=\"restricted\" style=\"position: absolute; clip: rect(1px, 1px, 1px, 1px);\" src=\"https:\/\/www.varesenews.it\/2019\/06\/rastrellamento-val-grande-parco\/827252\/embed\/#?secret=9HjuwV9Qy7\" data-secret=\"9HjuwV9Qy7\" width=\"500\" height=\"282\" title=\"&#8220;Il rastrellamento nazifascista del \u201944, morte e rinascita della Val Grande&#8221; &#8212; VareseNews\" frameborder=\"0\" marginwidth=\"0\" marginheight=\"0\" scrolling=\"no\"><\/iframe>","_oembed_time_96afaf61915c3c2022c2122df43d4ea4":"1624081832","_oembed_3f37b47571442c6bc22a24a26ae09358":"<blockquote class=\"wp-embedded-content\" data-secret=\"ZGUmaD6Zr9\"><a href=\"https:\/\/www.varesenews.it\/2021\/06\/fuga-docenti-venegono-muro-muro-dirigente-scolastico-genitori\/1349296\/\">Fuga di docenti: a Venegono \u00e8 muro contro muro tra dirigente scolastico e genitori<\/a><\/blockquote><iframe class=\"wp-embedded-content\" sandbox=\"allow-scripts\" security=\"restricted\" style=\"position: absolute; clip: rect(1px, 1px, 1px, 1px);\" src=\"https:\/\/www.varesenews.it\/2021\/06\/fuga-docenti-venegono-muro-muro-dirigente-scolastico-genitori\/1349296\/embed\/#?secret=ZGUmaD6Zr9\" data-secret=\"ZGUmaD6Zr9\" width=\"500\" height=\"282\" title=\"&#8220;Fuga di docenti: a Venegono \u00e8 muro contro muro tra dirigente scolastico e genitori&#8221; &#8212; VareseNews\" frameborder=\"0\" marginwidth=\"0\" marginheight=\"0\" scrolling=\"no\"><\/iframe>","_oembed_time_3f37b47571442c6bc22a24a26ae09358":"1624082030","_oembed_c96456c4fe6d1347639094917655d37d":"<blockquote class=\"wp-embedded-content\" data-secret=\"zoqzym8QPz\"><a href=\"https:\/\/www.varesenews.it\/2021\/06\/trombe-fischietti-sulla-varesina-duecento-operai-leonardo-sciopero-venegono-superiore\/1351562\/\">Fischietti sulla Varesina e presidio davanti all&#8217;azienda: gli operai di Leonardo in sciopero a Venegono Superiore<\/a><\/blockquote><iframe class=\"wp-embedded-content\" sandbox=\"allow-scripts\" security=\"restricted\" style=\"position: absolute; clip: rect(1px, 1px, 1px, 1px);\" src=\"https:\/\/www.varesenews.it\/2021\/06\/trombe-fischietti-sulla-varesina-duecento-operai-leonardo-sciopero-venegono-superiore\/1351562\/embed\/#?secret=zoqzym8QPz\" data-secret=\"zoqzym8QPz\" width=\"500\" height=\"282\" title=\"&#8220;Fischietti sulla Varesina e presidio davanti all&#8217;azienda: gli operai di Leonardo in sciopero a Venegono Superiore&#8221; &#8212; VareseNews\" frameborder=\"0\" marginwidth=\"0\" marginheight=\"0\" scrolling=\"no\"><\/iframe>","_oembed_time_c96456c4fe6d1347639094917655d37d":"1624082030","_oembed_c467ea6b8559df2eb260df9e68bf650a":"<blockquote class=\"wp-embedded-content\" data-secret=\"y6zyxA4x1a\"><a href=\"https:\/\/www.varesenews.it\/2013\/02\/seprio-servizi-gravi-irregolarita-nella-cessione-di-frera-e-truffini\/67171\/\">\u201cSeprio Servizi, gravi irregolarit\u00e0 nella cessione di Frera e Truffini\u201d<\/a><\/blockquote><iframe class=\"wp-embedded-content\" sandbox=\"allow-scripts\" security=\"restricted\" style=\"position: absolute; clip: rect(1px, 1px, 1px, 1px);\" src=\"https:\/\/www.varesenews.it\/2013\/02\/seprio-servizi-gravi-irregolarita-nella-cessione-di-frera-e-truffini\/67171\/embed\/#?secret=y6zyxA4x1a\" data-secret=\"y6zyxA4x1a\" width=\"500\" height=\"282\" title=\"&#8220;\u201cSeprio Servizi, gravi irregolarit\u00e0 nella cessione di Frera e Truffini\u201d&#8221; &#8212; VareseNews\" frameborder=\"0\" marginwidth=\"0\" marginheight=\"0\" scrolling=\"no\"><\/iframe>","_oembed_time_c467ea6b8559df2eb260df9e68bf650a":"1624082030","_oembed_fe3f08fd15ee14703a67e2e33d898a44":"<blockquote class=\"wp-embedded-content\" data-secret=\"IN8swwU0sp\"><a href=\"https:\/\/www.varesenews.it\/2021\/06\/la-posizione-leonardo-sul-dimezzamento-del-premio-risultato\/1351356\/\">La posizione di Leonardo sul dimezzamento del premio di risultato<\/a><\/blockquote><iframe class=\"wp-embedded-content\" sandbox=\"allow-scripts\" security=\"restricted\" style=\"position: absolute; clip: rect(1px, 1px, 1px, 1px);\" src=\"https:\/\/www.varesenews.it\/2021\/06\/la-posizione-leonardo-sul-dimezzamento-del-premio-risultato\/1351356\/embed\/#?secret=IN8swwU0sp\" data-secret=\"IN8swwU0sp\" width=\"500\" height=\"282\" title=\"&#8220;La posizione di Leonardo sul dimezzamento del premio di risultato&#8221; &#8212; VareseNews\" frameborder=\"0\" marginwidth=\"0\" marginheight=\"0\" scrolling=\"no\"><\/iframe>","_oembed_time_fe3f08fd15ee14703a67e2e33d898a44":"1624082030","_oembed_2593fd89e9c2a9ead560f99dd4d633ca":"<blockquote class=\"wp-embedded-content\" data-secret=\"Y749g84dQk\"><a href=\"https:\/\/www.varesenews.it\/2021\/06\/tensione-allo-stabilimento-leonardo-venegono-blocco-degli-straordinari-premio-risultato-dimezzato-nein\/1350555\/\">Tensione allo stabilimento Leonardo di Venegono: blocco degli straordinari se il premio di risultato \u00e8 dimezzato<\/a><\/blockquote><iframe class=\"wp-embedded-content\" sandbox=\"allow-scripts\" security=\"restricted\" style=\"position: absolute; clip: rect(1px, 1px, 1px, 1px);\" src=\"https:\/\/www.varesenews.it\/2021\/06\/tensione-allo-stabilimento-leonardo-venegono-blocco-degli-straordinari-premio-risultato-dimezzato-nein\/1350555\/embed\/#?secret=Y749g84dQk\" data-secret=\"Y749g84dQk\" width=\"500\" height=\"282\" title=\"&#8220;Tensione allo stabilimento Leonardo di Venegono: blocco degli straordinari se il premio di risultato \u00e8 dimezzato&#8221; &#8212; VareseNews\" frameborder=\"0\" marginwidth=\"0\" marginheight=\"0\" scrolling=\"no\"><\/iframe>","_oembed_time_2593fd89e9c2a9ead560f99dd4d633ca":"1624082030","_wp_old_slug":"investe-due-moto-fugge-quattro-persone-ferite-induno-olona-interviene-lelisoccorso"},"photos":[{"original":"https:\/\/staging.varesenews.it\/photogallery_new\/images\/2021\/04\/elisoccorso-luca-sacchet-1213481.jpg","full":"https:\/\/staging.varesenews.it\/photogallery_new\/images\/2021\/04\/elisoccorso-luca-sacchet-1213481.1024x768.jpg","large":"https:\/\/staging.varesenews.it\/photogallery_new\/images\/2021\/04\/elisoccorso-luca-sacchet-1213481.610x431.jpg"}],"_links":{"self":[{"href":"https:\/\/staging.varesenews.it\/swgapi\/v1\/wp\/v2\/posts\/1352310"}],"collection":[{"href":"https:\/\/staging.varesenews.it\/swgapi\/v1\/wp\/v2\/posts"}],"about":[{"href":"https:\/\/staging.varesenews.it\/swgapi\/v1\/wp\/v2\/types\/post"}],"author":[{"embeddable":true,"href":"https:\/\/staging.varesenews.it\/swgapi\/v1\/wp\/v2\/users\/44"}],"replies":[{"embeddable":true,"href":"https:\/\/staging.varesenews.it\/swgapi\/v1\/wp\/v2\/comments?post=1352310"}],"version-history":[{"count":0,"href":"https:\/\/staging.varesenews.it\/swgapi\/v1\/wp\/v2\/posts\/1352310\/revisions"}],"wp:attachment":[{"href":"https:\/\/staging.varesenews.it\/swgapi\/v1\/wp\/v2\/media?parent=1352310"}],"wp:term":[{"taxonomy":"category","embeddable":true,"href":"https:\/\/staging.varesenews.it\/swgapi\/v1\/wp\/v2\/categories?post=1352310"},{"taxonomy":"post_tag","embeddable":true,"href":"https:\/\/staging.varesenews.it\/swgapi\/v1\/wp\/v2\/tags?post=1352310"}],"curies":[{"name":"wp","href":"https:\/\/api.w.org\/{rel}","templated":true}]}}