{"id":1353399,"date":"2021-06-22T15:42:14","date_gmt":"2021-06-22T13:42:14","guid":{"rendered":"http:\/\/www.varesenews.it\/2021\/06\/castelseprio-festeggia-i-dieci-anni-come-sito-unesco\/1353399\/"},"modified":"2021-06-22T16:16:37","modified_gmt":"2021-06-22T14:16:37","slug":"castelseprio-festeggia-i-dieci-anni-come-sito-unesco","status":"publish","type":"post","link":"https:\/\/staging.varesenews.it\/2021\/06\/castelseprio-festeggia-i-dieci-anni-come-sito-unesco\/1353399\/","title":{"rendered":"Castelseprio festeggia i dieci anni come sito Unesco"},"content":{"rendered":"<p>Sono passati dieci anni da quando, il 25 giugno 2011, il sito seriale \u201cLongobardi in Italia: i luoghi del potere (568-774 d.C.)\u201d \u00e8 stato\u00a0riconosciuto dall\u2019Unesco come patrimonio dell\u2019umanit\u00e0: \u00a0nel decennale di questo riconoscimento della\u00a0cultura longobarda si terr\u00e0 a Castelseprio un convegno dal titolo <strong>\u201cI Longobardi e la Lombardia\u201d,<\/strong> gioved\u00ec<strong> 24 giugno, <\/strong>alle 20, nella palestra Don Luigi Cremona.<\/p>\n<p><strong>Castelseprio<\/strong> \u2013 con l\u2019area del castrum\u00a0romano, la Chiesa di Santa Maria foris portas e i suoi splendidi affreschi (in foto), insieme ai ruderi della\u00a0Basilica di San Giovanni Evangelista \u2013 ha dato un contributo decisivo alla conquista del\u00a0riconoscimento.<\/p>\n<p>Nel decennale di questo riconoscimento della\u00a0cultura longobarda si terr\u00e0 a Castelseprio un convegno dal titolo <strong>\u201cI Longobardi e la Lombardia\u201d.<\/strong><\/p>\n<p>L\u2019incontro \u00e8 organizzato da <strong>Monica Baruzzo<\/strong>, ex sindaca di Castelseprio dal 2009 al 2019, che\u00a0promosse la candidatura e riusc\u00ec a ottenere il riconoscimento Unesco. Al convegno vede parteciperanno l&#8217;assessore all\u2019Autonomia e Cultura della Regione Lombardia, <strong>Stefano Bruno\u00a0Galli<\/strong>, e di autorevoli docenti universitari, come il professor Baronio, la professoressa Giostra e il\u00a0Soprintendente Masseroli.<\/p>\n<p>L\u2019incontro \u00e8 aperto a tutta la cittadinanza fino a esaurimento posti nel rispetto delle normative\u00a0sanitarie e di sicurezza.<\/p>\n","protected":false},"excerpt":{"rendered":"<p>Un incontro dedicato al lascito longobardo per i dieci anni di Castelseprio come sito Unesco<\/p>\n","protected":false},"author":15866,"featured_media":0,"comment_status":"open","ping_status":"open","sticky":false,"template":"","format":"standard","meta":{"footnotes":""},"categories":[3],"tags":[],"acf":[],"yoast_head":"<!-- This site is optimized with the Yoast SEO plugin v20.1 - https:\/\/yoast.com\/wordpress\/plugins\/seo\/ -->\n<title>Castelseprio festeggia i dieci anni come sito Unesco<\/title>\n<meta name=\"description\" content=\"Un incontro dedicato al lascito longobardo per i dieci anni di Castelseprio come sito Unesco\" \/>\n<meta name=\"robots\" content=\"noindex, follow, max-snippet:-1, max-image-preview:large, max-video-preview:-1\" \/>\n<meta property=\"og:locale\" content=\"it_IT\" \/>\n<meta property=\"og:type\" content=\"article\" \/>\n<meta property=\"og:title\" content=\"Castelseprio festeggia i dieci anni come sito Unesco\" \/>\n<meta property=\"og:description\" content=\"Un incontro dedicato al lascito longobardo per i dieci anni di Castelseprio come sito Unesco\" \/>\n<meta property=\"og:url\" content=\"https:\/\/staging.varesenews.it\/2021\/06\/castelseprio-festeggia-i-dieci-anni-come-sito-unesco\/1353399\/\" \/>\n<meta property=\"og:site_name\" content=\"VareseNews\" \/>\n<meta property=\"article:publisher\" content=\"https:\/\/www.facebook.com\/varesenews\" \/>\n<meta property=\"article:published_time\" content=\"2021-06-22T13:42:14+00:00\" \/>\n<meta property=\"article:modified_time\" content=\"2021-06-22T14:16:37+00:00\" \/>\n<meta name=\"author\" content=\"Nicole Erbetti\" \/>\n<meta name=\"twitter:card\" content=\"summary_large_image\" \/>\n<meta name=\"twitter:creator\" content=\"@varesenews\" \/>\n<meta name=\"twitter:site\" content=\"@varesenews\" \/>\n<meta name=\"twitter:label1\" content=\"Scritto da\" \/>\n\t<meta name=\"twitter:data1\" content=\"Nicole Erbetti\" \/>\n\t<meta name=\"twitter:label2\" content=\"Tempo di lettura stimato\" \/>\n\t<meta name=\"twitter:data2\" content=\"1 minuto\" \/>\n<script type=\"application\/ld+json\" class=\"yoast-schema-graph\">{\"@context\":\"https:\/\/schema.org\",\"@graph\":[{\"@type\":\"WebPage\",\"@id\":\"https:\/\/staging.varesenews.it\/2021\/06\/castelseprio-festeggia-i-dieci-anni-come-sito-unesco\/1353399\/\",\"url\":\"https:\/\/staging.varesenews.it\/2021\/06\/castelseprio-festeggia-i-dieci-anni-come-sito-unesco\/1353399\/\",\"name\":\"Castelseprio festeggia i dieci anni come sito Unesco\",\"isPartOf\":{\"@id\":\"https:\/\/staging.varesenews.it\/#website\"},\"datePublished\":\"2021-06-22T13:42:14+00:00\",\"dateModified\":\"2021-06-22T14:16:37+00:00\",\"author\":{\"@id\":\"https:\/\/staging.varesenews.it\/#\/schema\/person\/8b180378471627e56865b54b75644650\"},\"description\":\"Un incontro dedicato al lascito longobardo per i dieci anni di Castelseprio come sito Unesco\",\"breadcrumb\":{\"@id\":\"https:\/\/staging.varesenews.it\/2021\/06\/castelseprio-festeggia-i-dieci-anni-come-sito-unesco\/1353399\/#breadcrumb\"},\"inLanguage\":\"it-IT\",\"potentialAction\":[{\"@type\":\"ReadAction\",\"target\":[\"https:\/\/staging.varesenews.it\/2021\/06\/castelseprio-festeggia-i-dieci-anni-come-sito-unesco\/1353399\/\"]}]},{\"@type\":\"BreadcrumbList\",\"@id\":\"https:\/\/staging.varesenews.it\/2021\/06\/castelseprio-festeggia-i-dieci-anni-come-sito-unesco\/1353399\/#breadcrumb\",\"itemListElement\":[{\"@type\":\"ListItem\",\"position\":1,\"name\":\"Home\",\"item\":\"https:\/\/www.varesenews.it\/\"},{\"@type\":\"ListItem\",\"position\":2,\"name\":\"Castelseprio festeggia i dieci anni come sito Unesco\"}]},{\"@type\":\"WebSite\",\"@id\":\"https:\/\/staging.varesenews.it\/#website\",\"url\":\"https:\/\/staging.varesenews.it\/\",\"name\":\"VareseNews\",\"description\":\"\",\"potentialAction\":[{\"@type\":\"SearchAction\",\"target\":{\"@type\":\"EntryPoint\",\"urlTemplate\":\"https:\/\/staging.varesenews.it\/?s={search_term_string}\"},\"query-input\":\"required name=search_term_string\"}],\"inLanguage\":\"it-IT\"},{\"@type\":\"Person\",\"@id\":\"https:\/\/staging.varesenews.it\/#\/schema\/person\/8b180378471627e56865b54b75644650\",\"name\":\"Nicole Erbetti\",\"image\":{\"@type\":\"ImageObject\",\"inLanguage\":\"it-IT\",\"@id\":\"https:\/\/staging.varesenews.it\/#\/schema\/person\/image\/\",\"url\":\"https:\/\/staging.varesenews.it\/wp-content\/uploads\/2020\/12\/nicole_erbetti_colori_500.jpg\",\"contentUrl\":\"https:\/\/staging.varesenews.it\/wp-content\/uploads\/2020\/12\/nicole_erbetti_colori_500.jpg\",\"caption\":\"Nicole Erbetti\"},\"description\":\"Classe 1995 e una laurea in Lettere. \u201cNata\u201d a VareseNews nel 2019 e co-responsabile di MalpensaNews. Mi occupo di cronaca politica e di storie in quella biosfera a met\u00e0 tra la vecchia anima provinciale e la Milano metropolitana che \u00e8 il gallaratese: insomma, \u00e8 un po\u2019 in bilico come me. Quando non scrivo leggo, recito, contemplo il Lago Maggiore o scappo in un paesaggio alpino.\u00a0\",\"url\":\"https:\/\/staging.varesenews.it\/persona\/nicole-erbetti\/\"}]}<\/script>\n<!-- \/ Yoast SEO plugin. -->","yoast_head_json":{"title":"Castelseprio festeggia i dieci anni come sito Unesco","description":"Un incontro dedicato al lascito longobardo per i dieci anni di Castelseprio come sito Unesco","robots":{"index":"noindex","follow":"follow","max-snippet":"max-snippet:-1","max-image-preview":"max-image-preview:large","max-video-preview":"max-video-preview:-1"},"og_locale":"it_IT","og_type":"article","og_title":"Castelseprio festeggia i dieci anni come sito Unesco","og_description":"Un incontro dedicato al lascito longobardo per i dieci anni di Castelseprio come sito Unesco","og_url":"https:\/\/staging.varesenews.it\/2021\/06\/castelseprio-festeggia-i-dieci-anni-come-sito-unesco\/1353399\/","og_site_name":"VareseNews","article_publisher":"https:\/\/www.facebook.com\/varesenews","article_published_time":"2021-06-22T13:42:14+00:00","article_modified_time":"2021-06-22T14:16:37+00:00","author":"Nicole Erbetti","twitter_card":"summary_large_image","twitter_creator":"@varesenews","twitter_site":"@varesenews","twitter_misc":{"Scritto da":"Nicole Erbetti","Tempo di lettura stimato":"1 minuto"},"schema":{"@context":"https:\/\/schema.org","@graph":[{"@type":"WebPage","@id":"https:\/\/staging.varesenews.it\/2021\/06\/castelseprio-festeggia-i-dieci-anni-come-sito-unesco\/1353399\/","url":"https:\/\/staging.varesenews.it\/2021\/06\/castelseprio-festeggia-i-dieci-anni-come-sito-unesco\/1353399\/","name":"Castelseprio festeggia i dieci anni come sito Unesco","isPartOf":{"@id":"https:\/\/staging.varesenews.it\/#website"},"datePublished":"2021-06-22T13:42:14+00:00","dateModified":"2021-06-22T14:16:37+00:00","author":{"@id":"https:\/\/staging.varesenews.it\/#\/schema\/person\/8b180378471627e56865b54b75644650"},"description":"Un incontro dedicato al lascito longobardo per i dieci anni di Castelseprio come sito Unesco","breadcrumb":{"@id":"https:\/\/staging.varesenews.it\/2021\/06\/castelseprio-festeggia-i-dieci-anni-come-sito-unesco\/1353399\/#breadcrumb"},"inLanguage":"it-IT","potentialAction":[{"@type":"ReadAction","target":["https:\/\/staging.varesenews.it\/2021\/06\/castelseprio-festeggia-i-dieci-anni-come-sito-unesco\/1353399\/"]}]},{"@type":"BreadcrumbList","@id":"https:\/\/staging.varesenews.it\/2021\/06\/castelseprio-festeggia-i-dieci-anni-come-sito-unesco\/1353399\/#breadcrumb","itemListElement":[{"@type":"ListItem","position":1,"name":"Home","item":"https:\/\/www.varesenews.it\/"},{"@type":"ListItem","position":2,"name":"Castelseprio festeggia i dieci anni come sito Unesco"}]},{"@type":"WebSite","@id":"https:\/\/staging.varesenews.it\/#website","url":"https:\/\/staging.varesenews.it\/","name":"VareseNews","description":"","potentialAction":[{"@type":"SearchAction","target":{"@type":"EntryPoint","urlTemplate":"https:\/\/staging.varesenews.it\/?s={search_term_string}"},"query-input":"required name=search_term_string"}],"inLanguage":"it-IT"},{"@type":"Person","@id":"https:\/\/staging.varesenews.it\/#\/schema\/person\/8b180378471627e56865b54b75644650","name":"Nicole Erbetti","image":{"@type":"ImageObject","inLanguage":"it-IT","@id":"https:\/\/staging.varesenews.it\/#\/schema\/person\/image\/","url":"https:\/\/staging.varesenews.it\/wp-content\/uploads\/2020\/12\/nicole_erbetti_colori_500.jpg","contentUrl":"https:\/\/staging.varesenews.it\/wp-content\/uploads\/2020\/12\/nicole_erbetti_colori_500.jpg","caption":"Nicole Erbetti"},"description":"Classe 1995 e una laurea in Lettere. \u201cNata\u201d a VareseNews nel 2019 e co-responsabile di MalpensaNews. Mi occupo di cronaca politica e di storie in quella biosfera a met\u00e0 tra la vecchia anima provinciale e la Milano metropolitana che \u00e8 il gallaratese: insomma, \u00e8 un po\u2019 in bilico come me. Quando non scrivo leggo, recito, contemplo il Lago Maggiore o scappo in un paesaggio alpino.\u00a0","url":"https:\/\/staging.varesenews.it\/persona\/nicole-erbetti\/"}]}},"post_meta":{"_encloseme":"1","ratings_users":"0","ratings_score":"0","ratings_average":"0","_wpt_short_url":"http:\/\/www.varesenews.it\/2021\/06\/castelseprio-festeggia-i-dieci-anni-come-sito-unesco\/1353399\/","_wp_jd_target":"http:\/\/www.varesenews.it\/2021\/06\/castelseprio-festeggia-i-dieci-anni-come-sito-unesco\/1353399\/","_jd_wp_twitter":"a:1:{i:0;s:148:\"Castelseprio festeggia i dieci anni come sito Unesco http:\/\/www.varesenews.it\/2021\/06\/castelseprio-festeggia-i-dieci-anni-come-sito-unesco\/1353399\/ \";}","_wpt_status_message":"Tweet inviato con successo.","foto":"1218010","firma_come_redazione":"1","firma-personalizzata":"n.e.","argomento":"Castelseprio","edinet_newssharer_oguid":"https:\/\/www.malpensanews.it\/?p=863492","edinet_newssharer_canonical":"https:\/\/www.malpensanews.it\/2021\/06\/castelseprio-festeggia-i-dieci-anni-come-sito-unesco\/863492\/","_edit_lock":"1624371266:15866","_edit_last":"15866","_category_permalink":"a:1:{s:8:\"category\";s:0:\"\";}","_yoast_wpseo_content_score":"30","_jd_tweet_this":"yes"},"photos":[{"original":"https:\/\/staging.varesenews.it\/photogallery_new\/images\/2021\/04\/la-chiesa-di-santa-maria-foris-portas-a-castelseprio-1218010.jpg","full":"https:\/\/staging.varesenews.it\/photogallery_new\/images\/2021\/04\/la-chiesa-di-santa-maria-foris-portas-a-castelseprio-1218010.1024x768.jpg","large":"https:\/\/staging.varesenews.it\/photogallery_new\/images\/2021\/04\/la-chiesa-di-santa-maria-foris-portas-a-castelseprio-1218010.610x431.jpg"}],"_links":{"self":[{"href":"https:\/\/staging.varesenews.it\/swgapi\/v1\/wp\/v2\/posts\/1353399"}],"collection":[{"href":"https:\/\/staging.varesenews.it\/swgapi\/v1\/wp\/v2\/posts"}],"about":[{"href":"https:\/\/staging.varesenews.it\/swgapi\/v1\/wp\/v2\/types\/post"}],"author":[{"embeddable":true,"href":"https:\/\/staging.varesenews.it\/swgapi\/v1\/wp\/v2\/users\/15866"}],"replies":[{"embeddable":true,"href":"https:\/\/staging.varesenews.it\/swgapi\/v1\/wp\/v2\/comments?post=1353399"}],"version-history":[{"count":0,"href":"https:\/\/staging.varesenews.it\/swgapi\/v1\/wp\/v2\/posts\/1353399\/revisions"}],"wp:attachment":[{"href":"https:\/\/staging.varesenews.it\/swgapi\/v1\/wp\/v2\/media?parent=1353399"}],"wp:term":[{"taxonomy":"category","embeddable":true,"href":"https:\/\/staging.varesenews.it\/swgapi\/v1\/wp\/v2\/categories?post=1353399"},{"taxonomy":"post_tag","embeddable":true,"href":"https:\/\/staging.varesenews.it\/swgapi\/v1\/wp\/v2\/tags?post=1353399"}],"curies":[{"name":"wp","href":"https:\/\/api.w.org\/{rel}","templated":true}]}}