{"id":1355424,"date":"2021-06-28T15:53:28","date_gmt":"2021-06-28T13:53:28","guid":{"rendered":"https:\/\/www.varesenews.it\/?p=1355424"},"modified":"2021-06-28T15:55:40","modified_gmt":"2021-06-28T13:55:40","slug":"somma-lombardo-connubio-equitazione-bocce","status":"publish","type":"post","link":"https:\/\/staging.varesenews.it\/2021\/06\/somma-lombardo-connubio-equitazione-bocce\/1355424\/","title":{"rendered":"A Somma Lombardo connubio tra equitazione-bocce"},"content":{"rendered":"<p>Sar\u00e0 forse stato per la presenza al <strong>Riding Club di Somma Lombardo dell\u2019Unitalsi<\/strong>\u2013 Unione Italiana Trasporto Ammalati a Lourdes e Santuari Internazionali \u2013 con i suoi treni speciali che partivano dalla stazione di Lambrate\/Milano verso Lourdes dove \u201cLa Gave,\/ che sussurra,\/ per non disturbare:\/ sommesso implorare \u2026\u201d \u2013 sarebbe il Gave, ma la licenza poetica dovrebbe essere concessa, la femminilit\u00e0 attribuita al fiume lo rende pi\u00f9 dolce, pi\u00f9 materno, sar\u00e0 stato Dante Alighieri con la ricorrenza dei settecento anni della sua morte e con l\u2019ascesa al Paradiso con Beatrice, sar\u00e0 stato\u2026, <strong>ma il miracolo si \u00e8 compiuto<\/strong>.<\/p>\n<p>Anche quest\u2019anno, perseguitato dall\u2019epidemia, <strong>la grande quaterna di Danilo, Diana, Luca Maestrello e Gaetano Brandini<\/strong> ha eretto l\u2019ennesima edizione del <strong>Meeting internazionale Brughiera di Malpensa<\/strong> \u2013 la 15a edizione \u2013 e per completare il miracolo ha visto il <strong>connubio del dressage con lo sport delle bocce<\/strong>, segnatamente della <strong>specialit\u00e0 petanque<\/strong>, giunto alla terza rappresentazione.<\/p>\n<p>Era scontato che la vastit\u00e0 delle precedenti edizioni, per quanto attiene le squadre straniere, non avrebbe potuto essere conseguita, tuttavia la presenza delle <strong>delegazioni di Austria, Belgio, Polonia e Svizzera<\/strong>, oltre naturalmente a quella italiana, ha conferito lustro e significato, anche perch\u00e9 i concorsi delle varie categorie avevano il compito di essere una delle ultime selezioni per le <strong>Paralimpiadi di Tokio<\/strong>.<\/p>\n<div class=\"photo-inside-post\"><img decoding=\"async\" loading=\"lazy\" fetchpriority=\"low\" width=\"610\" height=\"431\" src=\"https:\/\/staging.varesenews.it\/photogallery_new\/images\/2021\/06\/petanque-a-somma-lombardo-1232379.610x431.jpg\" alt=\"Petanque a Somma Lombardo\"><\/div>\n<p>Accanto alle evoluzioni dei cavalieri hanno avuto svolgimento le consuete competizioni dei giovani, entusiasti e <strong>abili giocatori di Vharese<\/strong> che si sono esibiti sul suggestivo campo approntato da Danilo fra gli alberi limitrofi alle zone sabbiose riservate al dressage.<\/p>\n<p>Ma, ci si chieder\u00e0, come mai un connubio fra due sport che per loro natura nulla hanno in comune? La risposta va reperita non solo nel credere in un progetto che possiede una matrice culturale decisamente simile: come il <strong>cavallo<\/strong> \u00e8 stato, dagli albori della storia, <strong>un riferimento insostituibile per la qualit\u00e0 della vita<\/strong>, cos\u00ec il <strong>gioco delle bocc<\/strong>e, nelle sue multiformi connotazioni, evolutesi con lo scorrere dei secoli, ha attraversato con il senso del divertimento e della competizione, la minuscola, ma non secondaria vicenda dell\u2019umanit\u00e0.<\/p>\n<p>Ma anche nella capacit\u00e0 di pensare qualche cosa di diverso, d\u2019immaginare che la passione dei Maestrello, dei Bistoletti\/Sculli\/Cattaneo unitamente a quella della <strong>Bocciofila Bederese<\/strong> potesse scalfire valutazioni pietrificate nel tempo e, attraverso l\u2019esperimento, arrivare a concepire la multidisciplinariet\u00e0 che potrebbe trovare un terreno fertile nel <strong>presidente Coni Regione Lombardia Marco Riva<\/strong>, disponibile a premiare tutti gli emozionatissimi attori della manifestazione.<\/p>\n<p>I sei protagonisti di <strong>Anna Sculli<\/strong> si sono dati battaglia nel <strong>III Trofeo Petanque APD Vharese<\/strong>, sia nella coppia di sabato, sia nell\u2019individuale di domenica. Hanno trionfato i due <strong>Fabio, Cattaneo e Tenconi<\/strong>, per la specialit\u00e0 coppia e <strong>Joseph Guzzi nell\u2019individuale<\/strong>, ma anche gli altri protagonisti <strong>Stefania Capece, Emanuela Napoli e Antonio Tenconi<\/strong> hanno mostrato giocate davvero pregevoli, molto spettacolari, dimostrando di saper interpretare la specialit\u00e0 inconsueta in modo magistrale: del resto occorre ricordare che i due Tenconi sono tutt\u2019ora i <strong>campioni italiani in carica nella raffa<\/strong>. Molte le autorit\u00e0 presenti che hanno onorato l\u2019evento: dal mitico <strong>Vittorio Orlandi<\/strong>, all\u2019assessore allo sport del <strong>comune di Somma Lombardo Edoardo Piantanida<\/strong>, al <strong>consigliere FIB Regione Lombardia Guido Bianchi<\/strong>: peccato che non sia potuto arrivare, per un contrattempo, il presidente CIP Lombardia <strong>Pierangelo Santelli<\/strong> che avrebbe desiderato esibirsi nella <strong>petanque<\/strong> considerato che \u00e8 un abile giocatore di bocce.<\/p>\n<p><strong>PILLOLE DI BOCCE<\/strong><\/p>\n<p>26\/27 giugno 2021 &#8211; Brughiera di Malpensa Somma Lombardo \u2013 <strong>III Trofeo petanque APD Vharese<\/strong> \u2013 II Memorial Paola Cellini<\/p>\n<p><strong>Coppia<\/strong><br \/>\n1) Cattaneo\/Tenconi F.<br \/>\n2) Guzzi\/Tenconi A.<br \/>\n3) Capece\/Napoli<\/p>\n<p><strong>Individuale<\/strong><br \/>\n1) Guzzi<br \/>\n2) Cattaneo<br \/>\n3) Napoli<br \/>\n4) Tenconi F.<br \/>\n5) Tenconi A.<br \/>\n6) Capece<\/p>\n<p><strong>27 giugno 2021<\/strong> \u2013 Solbiatese domenicale &#8211; provinciale individuale A,B,C,D<br \/>\n1) Martinoli<br \/>\n2) Terzaghi<br \/>\n3\/4) Oldrini\/Manenti<\/p>\n<p><strong> 28 giugno 2021<\/strong> \u2013 Vharese c\/o Carnago \u2013 regionale Coppia A,B,C,D<\/p>\n<p><strong>4 luglio 2021<\/strong> \u2013 Ternatese domenicale \u2013 provinciale individuale A,B,C,D<\/p>\n<p><strong>5 luglio 2021<\/strong> \u2013 Solbiatese \u2013 regionale individuale A,B,C,D<\/p>\n","protected":false},"excerpt":{"rendered":"<p>Quindicesima edizione del Meeting internazionale Brughiera di Malpensa<\/p>\n","protected":false},"author":45,"featured_media":0,"comment_status":"open","ping_status":"open","sticky":false,"template":"","format":"standard","meta":{"footnotes":""},"categories":[3,14],"tags":[822,1692,158],"acf":[],"yoast_head":"<!-- This site is optimized with the Yoast SEO plugin v20.1 - https:\/\/yoast.com\/wordpress\/plugins\/seo\/ -->\n<title>A Somma Lombardo connubio tra equitazione-bocce<\/title>\n<meta name=\"description\" content=\"Quindicesima edizione del Meeting internazionale Brughiera di Malpensa\" \/>\n<meta name=\"robots\" content=\"noindex, follow, max-snippet:-1, max-image-preview:large, max-video-preview:-1\" \/>\n<meta property=\"og:locale\" content=\"it_IT\" \/>\n<meta property=\"og:type\" content=\"article\" \/>\n<meta property=\"og:title\" content=\"A Somma Lombardo connubio tra equitazione-bocce\" \/>\n<meta property=\"og:description\" content=\"Quindicesima edizione del Meeting internazionale Brughiera di Malpensa\" \/>\n<meta property=\"og:url\" content=\"https:\/\/staging.varesenews.it\/2021\/06\/somma-lombardo-connubio-equitazione-bocce\/1355424\/\" \/>\n<meta property=\"og:site_name\" content=\"VareseNews\" \/>\n<meta property=\"article:publisher\" content=\"https:\/\/www.facebook.com\/varesenews\" \/>\n<meta property=\"article:author\" content=\"https:\/\/www.facebook.com\/michele.mancino.5\" \/>\n<meta property=\"article:published_time\" content=\"2021-06-28T13:53:28+00:00\" \/>\n<meta property=\"article:modified_time\" content=\"2021-06-28T13:55:40+00:00\" \/>\n<meta name=\"author\" content=\"Michele Mancino\" \/>\n<meta name=\"twitter:card\" content=\"summary_large_image\" \/>\n<meta name=\"twitter:creator\" content=\"@micmancio\" \/>\n<meta name=\"twitter:site\" content=\"@varesenews\" \/>\n<meta name=\"twitter:label1\" content=\"Scritto da\" \/>\n\t<meta name=\"twitter:data1\" content=\"Michele Mancino\" \/>\n\t<meta name=\"twitter:label2\" content=\"Tempo di lettura stimato\" \/>\n\t<meta name=\"twitter:data2\" content=\"3 minuti\" \/>\n<script type=\"application\/ld+json\" class=\"yoast-schema-graph\">{\"@context\":\"https:\/\/schema.org\",\"@graph\":[{\"@type\":\"WebPage\",\"@id\":\"https:\/\/staging.varesenews.it\/2021\/06\/somma-lombardo-connubio-equitazione-bocce\/1355424\/\",\"url\":\"https:\/\/staging.varesenews.it\/2021\/06\/somma-lombardo-connubio-equitazione-bocce\/1355424\/\",\"name\":\"A Somma Lombardo connubio tra equitazione-bocce\",\"isPartOf\":{\"@id\":\"https:\/\/staging.varesenews.it\/#website\"},\"datePublished\":\"2021-06-28T13:53:28+00:00\",\"dateModified\":\"2021-06-28T13:55:40+00:00\",\"author\":{\"@id\":\"https:\/\/staging.varesenews.it\/#\/schema\/person\/308b491d3cb680ead199e5ff6c6ce540\"},\"description\":\"Quindicesima edizione del Meeting internazionale Brughiera di Malpensa\",\"breadcrumb\":{\"@id\":\"https:\/\/staging.varesenews.it\/2021\/06\/somma-lombardo-connubio-equitazione-bocce\/1355424\/#breadcrumb\"},\"inLanguage\":\"it-IT\",\"potentialAction\":[{\"@type\":\"ReadAction\",\"target\":[\"https:\/\/staging.varesenews.it\/2021\/06\/somma-lombardo-connubio-equitazione-bocce\/1355424\/\"]}]},{\"@type\":\"BreadcrumbList\",\"@id\":\"https:\/\/staging.varesenews.it\/2021\/06\/somma-lombardo-connubio-equitazione-bocce\/1355424\/#breadcrumb\",\"itemListElement\":[{\"@type\":\"ListItem\",\"position\":1,\"name\":\"Home\",\"item\":\"https:\/\/www.varesenews.it\/\"},{\"@type\":\"ListItem\",\"position\":2,\"name\":\"A Somma Lombardo connubio tra equitazione-bocce\"}]},{\"@type\":\"WebSite\",\"@id\":\"https:\/\/staging.varesenews.it\/#website\",\"url\":\"https:\/\/staging.varesenews.it\/\",\"name\":\"VareseNews\",\"description\":\"\",\"potentialAction\":[{\"@type\":\"SearchAction\",\"target\":{\"@type\":\"EntryPoint\",\"urlTemplate\":\"https:\/\/staging.varesenews.it\/?s={search_term_string}\"},\"query-input\":\"required name=search_term_string\"}],\"inLanguage\":\"it-IT\"},{\"@type\":\"Person\",\"@id\":\"https:\/\/staging.varesenews.it\/#\/schema\/person\/308b491d3cb680ead199e5ff6c6ce540\",\"name\":\"Michele Mancino\",\"image\":{\"@type\":\"ImageObject\",\"inLanguage\":\"it-IT\",\"@id\":\"https:\/\/staging.varesenews.it\/#\/schema\/person\/image\/\",\"url\":\"https:\/\/staging.varesenews.it\/wp-content\/uploads\/2020\/12\/michele_mancino_colori_500.jpg\",\"contentUrl\":\"https:\/\/staging.varesenews.it\/wp-content\/uploads\/2020\/12\/michele_mancino_colori_500.jpg\",\"caption\":\"Michele Mancino\"},\"description\":\"Sono a VareseNews da prima che nascesse. Ho inserito le prime notizie in una stringa di codice html, la lingua di internet. Aprivo i computer, cambiavo schede di rete e portavo i server dal provider. A met&agrave; degli anni &rsquo;90 il giornalista online doveva saper fare anche questo. Ho vissuto gli anni drammatici della bolla speculativa di Internet e quelli entusiastici della crescita, anni in cui VareseNews era un Davide in mezzo a tanti Golia. Poi sono arrivati i social, le nuove piattaforme e soprattutto gli smartphone, una postazione di lavoro racchiusa in una mano. Una nuova rivoluzione. Insomma, &egrave; stata, ed &egrave; ancora, un&rsquo;avventura entusiasmante perch&eacute; mi insegna giorno dopo giorno che il cambiamento &egrave; l&rsquo;unica certezza di questa fragile esistenza.\",\"sameAs\":[\"https:\/\/www.facebook.com\/michele.mancino.5\",\"micmancio\",\"Aggiorna le impostazioni del tuo profilo pubblicoit.linkedin.com\/pub\/michele-mancino\/28\/b71\/890\/it\",\"https:\/\/twitter.com\/micmancio\"],\"url\":\"https:\/\/staging.varesenews.it\/persona\/michele_mancino\/\"}]}<\/script>\n<!-- \/ Yoast SEO plugin. -->","yoast_head_json":{"title":"A Somma Lombardo connubio tra equitazione-bocce","description":"Quindicesima edizione del Meeting internazionale Brughiera di Malpensa","robots":{"index":"noindex","follow":"follow","max-snippet":"max-snippet:-1","max-image-preview":"max-image-preview:large","max-video-preview":"max-video-preview:-1"},"og_locale":"it_IT","og_type":"article","og_title":"A Somma Lombardo connubio tra equitazione-bocce","og_description":"Quindicesima edizione del Meeting internazionale Brughiera di Malpensa","og_url":"https:\/\/staging.varesenews.it\/2021\/06\/somma-lombardo-connubio-equitazione-bocce\/1355424\/","og_site_name":"VareseNews","article_publisher":"https:\/\/www.facebook.com\/varesenews","article_author":"https:\/\/www.facebook.com\/michele.mancino.5","article_published_time":"2021-06-28T13:53:28+00:00","article_modified_time":"2021-06-28T13:55:40+00:00","author":"Michele Mancino","twitter_card":"summary_large_image","twitter_creator":"@micmancio","twitter_site":"@varesenews","twitter_misc":{"Scritto da":"Michele Mancino","Tempo di lettura stimato":"3 minuti"},"schema":{"@context":"https:\/\/schema.org","@graph":[{"@type":"WebPage","@id":"https:\/\/staging.varesenews.it\/2021\/06\/somma-lombardo-connubio-equitazione-bocce\/1355424\/","url":"https:\/\/staging.varesenews.it\/2021\/06\/somma-lombardo-connubio-equitazione-bocce\/1355424\/","name":"A Somma Lombardo connubio tra equitazione-bocce","isPartOf":{"@id":"https:\/\/staging.varesenews.it\/#website"},"datePublished":"2021-06-28T13:53:28+00:00","dateModified":"2021-06-28T13:55:40+00:00","author":{"@id":"https:\/\/staging.varesenews.it\/#\/schema\/person\/308b491d3cb680ead199e5ff6c6ce540"},"description":"Quindicesima edizione del Meeting internazionale Brughiera di Malpensa","breadcrumb":{"@id":"https:\/\/staging.varesenews.it\/2021\/06\/somma-lombardo-connubio-equitazione-bocce\/1355424\/#breadcrumb"},"inLanguage":"it-IT","potentialAction":[{"@type":"ReadAction","target":["https:\/\/staging.varesenews.it\/2021\/06\/somma-lombardo-connubio-equitazione-bocce\/1355424\/"]}]},{"@type":"BreadcrumbList","@id":"https:\/\/staging.varesenews.it\/2021\/06\/somma-lombardo-connubio-equitazione-bocce\/1355424\/#breadcrumb","itemListElement":[{"@type":"ListItem","position":1,"name":"Home","item":"https:\/\/www.varesenews.it\/"},{"@type":"ListItem","position":2,"name":"A Somma Lombardo connubio tra equitazione-bocce"}]},{"@type":"WebSite","@id":"https:\/\/staging.varesenews.it\/#website","url":"https:\/\/staging.varesenews.it\/","name":"VareseNews","description":"","potentialAction":[{"@type":"SearchAction","target":{"@type":"EntryPoint","urlTemplate":"https:\/\/staging.varesenews.it\/?s={search_term_string}"},"query-input":"required name=search_term_string"}],"inLanguage":"it-IT"},{"@type":"Person","@id":"https:\/\/staging.varesenews.it\/#\/schema\/person\/308b491d3cb680ead199e5ff6c6ce540","name":"Michele Mancino","image":{"@type":"ImageObject","inLanguage":"it-IT","@id":"https:\/\/staging.varesenews.it\/#\/schema\/person\/image\/","url":"https:\/\/staging.varesenews.it\/wp-content\/uploads\/2020\/12\/michele_mancino_colori_500.jpg","contentUrl":"https:\/\/staging.varesenews.it\/wp-content\/uploads\/2020\/12\/michele_mancino_colori_500.jpg","caption":"Michele Mancino"},"description":"Sono a VareseNews da prima che nascesse. Ho inserito le prime notizie in una stringa di codice html, la lingua di internet. Aprivo i computer, cambiavo schede di rete e portavo i server dal provider. A met&agrave; degli anni &rsquo;90 il giornalista online doveva saper fare anche questo. Ho vissuto gli anni drammatici della bolla speculativa di Internet e quelli entusiastici della crescita, anni in cui VareseNews era un Davide in mezzo a tanti Golia. Poi sono arrivati i social, le nuove piattaforme e soprattutto gli smartphone, una postazione di lavoro racchiusa in una mano. Una nuova rivoluzione. Insomma, &egrave; stata, ed &egrave; ancora, un&rsquo;avventura entusiasmante perch&eacute; mi insegna giorno dopo giorno che il cambiamento &egrave; l&rsquo;unica certezza di questa fragile esistenza.","sameAs":["https:\/\/www.facebook.com\/michele.mancino.5","micmancio","Aggiorna le impostazioni del tuo profilo pubblicoit.linkedin.com\/pub\/michele-mancino\/28\/b71\/890\/it","https:\/\/twitter.com\/micmancio"],"url":"https:\/\/staging.varesenews.it\/persona\/michele_mancino\/"}]}},"post_meta":{"_edit_lock":"1624888403:45","_edit_last":"45","_category_permalink":"a:1:{s:8:\"category\";s:2:\"14\";}","_encloseme":"1","ratings_users":"0","ratings_score":"0","ratings_average":"0","foto":"1232378","firma-personalizzata":"Roberto Bramani Araldi","argomento":"Somma Lombardo","_yoast_wpseo_content_score":"30","_jd_tweet_this":"yes","_wpt_short_url":"https:\/\/www.varesenews.it\/2021\/06\/somma-lombardo-connubio-equitazione-bocce\/1355424\/","_wp_jd_target":"https:\/\/www.varesenews.it\/2021\/06\/somma-lombardo-connubio-equitazione-bocce\/1355424\/","_jd_wp_twitter":"a:1:{i:0;s:148:\"A Somma Lombardo connubio equitazione-bocce https:\/\/www.varesenews.it\/2021\/06\/somma-lombardo-connubio-equitazione-bocce\/1355424\/ #Bocce #equitazione\";}","_wpt_status_message":"Tweet inviato con successo."},"photos":[{"original":"https:\/\/staging.varesenews.it\/photogallery_new\/images\/2021\/06\/petanque-a-somma-lombardo-1232378.jpg","full":"https:\/\/staging.varesenews.it\/photogallery_new\/images\/2021\/06\/petanque-a-somma-lombardo-1232378.1024x768.jpg","large":"https:\/\/staging.varesenews.it\/photogallery_new\/images\/2021\/06\/petanque-a-somma-lombardo-1232378.610x431.jpg"}],"_links":{"self":[{"href":"https:\/\/staging.varesenews.it\/swgapi\/v1\/wp\/v2\/posts\/1355424"}],"collection":[{"href":"https:\/\/staging.varesenews.it\/swgapi\/v1\/wp\/v2\/posts"}],"about":[{"href":"https:\/\/staging.varesenews.it\/swgapi\/v1\/wp\/v2\/types\/post"}],"author":[{"embeddable":true,"href":"https:\/\/staging.varesenews.it\/swgapi\/v1\/wp\/v2\/users\/45"}],"replies":[{"embeddable":true,"href":"https:\/\/staging.varesenews.it\/swgapi\/v1\/wp\/v2\/comments?post=1355424"}],"version-history":[{"count":0,"href":"https:\/\/staging.varesenews.it\/swgapi\/v1\/wp\/v2\/posts\/1355424\/revisions"}],"wp:attachment":[{"href":"https:\/\/staging.varesenews.it\/swgapi\/v1\/wp\/v2\/media?parent=1355424"}],"wp:term":[{"taxonomy":"category","embeddable":true,"href":"https:\/\/staging.varesenews.it\/swgapi\/v1\/wp\/v2\/categories?post=1355424"},{"taxonomy":"post_tag","embeddable":true,"href":"https:\/\/staging.varesenews.it\/swgapi\/v1\/wp\/v2\/tags?post=1355424"}],"curies":[{"name":"wp","href":"https:\/\/api.w.org\/{rel}","templated":true}]}}