{"id":1358512,"date":"2021-07-06T18:06:44","date_gmt":"2021-07-06T16:06:44","guid":{"rendered":"https:\/\/www.varesenews.it\/?p=1358512"},"modified":"2021-07-07T12:27:02","modified_gmt":"2021-07-07T10:27:02","slug":"addio-adriano-cordoglio-dei-colleghi-cassinetta","status":"publish","type":"post","link":"https:\/\/staging.varesenews.it\/2021\/07\/addio-adriano-cordoglio-dei-colleghi-cassinetta\/1358512\/","title":{"rendered":"\u201cAddio Adriano\u201c, il cordoglio dei colleghi di Cassinetta"},"content":{"rendered":"<p><strong>Capelli lunghi, occhiali, tuta della Whirlpool e lacrime<\/strong>. Piercing, barba rasata e occhi rossi, sempre dietro la salopette con quel nome lungo e la forma di un mulinello che prende il giro della \u201co\u201c.<\/p>\n<blockquote class=\"wp-embedded-content\" data-secret=\"EYe3xttR4p\"><p><a href=\"https:\/\/www.varesenews.it\/2021\/07\/scontro-due-moto-ternate-vittima\/1358408\/\">Scontro tra due moto a Ternate: muore un uomo di 52 anni<\/a><\/p><\/blockquote>\n<p><iframe class=\"wp-embedded-content\" sandbox=\"allow-scripts\" security=\"restricted\" style=\"position: absolute; clip: rect(1px, 1px, 1px, 1px);\" src=\"https:\/\/www.varesenews.it\/2021\/07\/scontro-due-moto-ternate-vittima\/1358408\/embed\/#?secret=EYe3xttR4p\" data-secret=\"EYe3xttR4p\" width=\"500\" height=\"282\" title=\"&#8220;Scontro tra due moto a Ternate: muore un uomo di 52 anni&#8221; &#8212; VareseNews\" frameborder=\"0\" marginwidth=\"0\" marginheight=\"0\" scrolling=\"no\"><\/iframe><\/p>\n<p><strong>Non c\u2019era da sentire ne caldo ne freddo questo pomeriggio sul pezzetto di provinciale dove ha trovato la morte Adriano Amenta<\/strong>, 52 anni di Gavirate.<\/p>\n<p>Non lo sentivano i colleghi di lavoro perch\u00e9 anche lui <strong>lavorava allo stabilimento di Cassinetta<\/strong> e quelli che piangevano erano i suoi conoscenti, che non avevano nulla pi\u00f9 da aggiungere al silenzio caduto <strong>prima dell\u2019inizio del \u00abduedieci\u00bb<\/strong>, il turno di giornata che presuppone mattine libere e sere non troppo tarde per il rientro a casa.<\/p>\n<p>Il resto sono una vita normale, gli affetti di una famiglia che si stringe nel dolore, le passioni di un uomo di mezza et\u00e0 che ama la compagnia, le moto e il mare.<\/p>\n<div class=\"photo-inside-post\"><img decoding=\"async\" loading=\"lazy\" fetchpriority=\"low\" width=\"610\" height=\"431\" src=\"https:\/\/staging.varesenews.it\/photogallery_new\/images\/2021\/07\/generica-2020-1234524.610x431.jpg\" alt=\"Generica 2020\"><\/div>\n<p><strong>Adriano abitava a Gavirate, come di Gavirate \u00e8 l\u2019altro centauro ferito nello scontro: anche lui, 32 anni \u00e8 un dipendente della Whirlpool<\/strong>.<\/p>\n<p>Per questo il mondo sindacale si stringe al dolore di quanti gravitano con la propria vita attorno a questi stabilimenti.<\/p>\n<p>\u00ab<strong>La Fim Cisl dei Laghi \u00e8 vicina alla famiglia<\/strong> del lavoratore della Whirpool deceduto oggi in un tragico incidente lungo la strada che porta a Cassinetta di Biandronno e confida in una pronta guarigione dell\u2019altro lavoratore, impiegato sempre presso la stessa azienda, rimasto ferito nello scontro\u00bb.<\/p>\n<p>Lo ha detto nel pomeriggio <strong>Caterina Valsecchi<\/strong>, segretario generale della Fim Cisl dei Laghi.<\/p>\n<p>\u00ab<strong>Oggi pi\u00f9 che mai la sicurezza nei luoghi di lavoro, e in itinere per arrivarci, \u00e8 un tema estremamente caldo<\/strong>. La sensazione \u00e8 che la velocit\u00e0 con cui il sistema produttivo si \u00e8 rimesso in moto abbia determinato anche una preoccupante ripresa degli infortuni. Proprio per scongiurare questo rischio la Fim Cisl dei Laghi rimarca l\u2019urgenza del consolidarsi di una cultura che abbia nell\u2019attenzione alla salute e alla sicurezza il suo fondamento. Non a caso il Consiglio generale della Fim Cisl dei Laghi del prossimo 16 luglio sar\u00e0 dedicato proprio a questo argomento\u00bb.<\/p>\n<blockquote class=\"wp-embedded-content\" data-secret=\"okZQfbg0Fe\"><p><a href=\"https:\/\/www.varesenews.it\/necrologie\/\">Necrologie<\/a><\/p><\/blockquote>\n<p><iframe class=\"wp-embedded-content\" sandbox=\"allow-scripts\" security=\"restricted\" style=\"position: absolute; clip: rect(1px, 1px, 1px, 1px);\" src=\"https:\/\/www.varesenews.it\/necrologie\/embed\/#?secret=okZQfbg0Fe\" data-secret=\"okZQfbg0Fe\" width=\"500\" height=\"282\" title=\"&#8220;Necrologie&#8221; &#8212; VareseNews\" frameborder=\"0\" marginwidth=\"0\" marginheight=\"0\" scrolling=\"no\"><\/iframe><\/p>\n","protected":false},"excerpt":{"rendered":"<p>Ferito nell\u2019incidente anche un altro lavoratore della Whirlpool. Lo piangono i sindacalisti della Fim Cisl: \u201cSicurezza sul posto di lavoro anche nel tragitto per arrivarci\u201c<\/p>\n","protected":false},"author":34,"featured_media":0,"comment_status":"open","ping_status":"open","sticky":false,"template":"","format":"standard","meta":{"footnotes":""},"categories":[2],"tags":[866,1039,1149],"acf":[],"yoast_head":"<!-- This site is optimized with the Yoast SEO plugin v20.1 - https:\/\/yoast.com\/wordpress\/plugins\/seo\/ -->\n<title>\u201cAddio Adriano\u201c, il cordoglio dei colleghi di Cassinetta<\/title>\n<meta name=\"description\" content=\"Ferito nell\u2019incidente anche un altro lavoratore della Whirlpool. Lo piangono i sindacalisti della Fim Cisl: \u201cSicurezza sul posto di lavoro anche nel tragitto per arrivarci\u201c\" \/>\n<meta name=\"robots\" content=\"noindex, follow, max-snippet:-1, max-image-preview:large, max-video-preview:-1\" \/>\n<meta property=\"og:locale\" content=\"it_IT\" \/>\n<meta property=\"og:type\" content=\"article\" \/>\n<meta property=\"og:title\" content=\"\u201cAddio Adriano\u201c, il cordoglio dei colleghi di Cassinetta\" \/>\n<meta property=\"og:description\" content=\"Ferito nell\u2019incidente anche un altro lavoratore della Whirlpool. Lo piangono i sindacalisti della Fim Cisl: \u201cSicurezza sul posto di lavoro anche nel tragitto per arrivarci\u201c\" \/>\n<meta property=\"og:url\" content=\"https:\/\/www.varesenews.it\/2021\/07\/addio-adriano-cordoglio-dei-colleghi-cassinetta\/1358512\/\" \/>\n<meta property=\"og:site_name\" content=\"VareseNews\" \/>\n<meta property=\"article:publisher\" content=\"https:\/\/www.facebook.com\/varesenews\" \/>\n<meta property=\"article:author\" content=\"https:\/\/www.facebook.com\/andrea.camurani?fref=photo\" \/>\n<meta property=\"article:published_time\" content=\"2021-07-06T16:06:44+00:00\" \/>\n<meta property=\"article:modified_time\" content=\"2021-07-07T10:27:02+00:00\" \/>\n<meta name=\"author\" content=\"Andrea Camurani\" \/>\n<meta name=\"twitter:card\" content=\"summary_large_image\" \/>\n<meta name=\"twitter:creator\" content=\"@AndreaCamurani\" \/>\n<meta name=\"twitter:site\" content=\"@varesenews\" \/>\n<meta name=\"twitter:label1\" content=\"Scritto da\" \/>\n\t<meta name=\"twitter:data1\" content=\"Andrea Camurani\" \/>\n\t<meta name=\"twitter:label2\" content=\"Tempo di lettura stimato\" \/>\n\t<meta name=\"twitter:data2\" content=\"2 minuti\" \/>\n<script type=\"application\/ld+json\" class=\"yoast-schema-graph\">{\"@context\":\"https:\/\/schema.org\",\"@graph\":[{\"@type\":\"WebPage\",\"@id\":\"https:\/\/www.varesenews.it\/2021\/07\/addio-adriano-cordoglio-dei-colleghi-cassinetta\/1358512\/\",\"url\":\"https:\/\/www.varesenews.it\/2021\/07\/addio-adriano-cordoglio-dei-colleghi-cassinetta\/1358512\/\",\"name\":\"\u201cAddio Adriano\u201c, il cordoglio dei colleghi di Cassinetta\",\"isPartOf\":{\"@id\":\"https:\/\/staging.varesenews.it\/#website\"},\"datePublished\":\"2021-07-06T16:06:44+00:00\",\"dateModified\":\"2021-07-07T10:27:02+00:00\",\"author\":{\"@id\":\"https:\/\/staging.varesenews.it\/#\/schema\/person\/3eb5832c6beae763de8d9596fdbe8c49\"},\"description\":\"Ferito nell\u2019incidente anche un altro lavoratore della Whirlpool. Lo piangono i sindacalisti della Fim Cisl: \u201cSicurezza sul posto di lavoro anche nel tragitto per arrivarci\u201c\",\"breadcrumb\":{\"@id\":\"https:\/\/www.varesenews.it\/2021\/07\/addio-adriano-cordoglio-dei-colleghi-cassinetta\/1358512\/#breadcrumb\"},\"inLanguage\":\"it-IT\",\"potentialAction\":[{\"@type\":\"ReadAction\",\"target\":[\"https:\/\/www.varesenews.it\/2021\/07\/addio-adriano-cordoglio-dei-colleghi-cassinetta\/1358512\/\"]}]},{\"@type\":\"BreadcrumbList\",\"@id\":\"https:\/\/www.varesenews.it\/2021\/07\/addio-adriano-cordoglio-dei-colleghi-cassinetta\/1358512\/#breadcrumb\",\"itemListElement\":[{\"@type\":\"ListItem\",\"position\":1,\"name\":\"Home\",\"item\":\"https:\/\/www.varesenews.it\/\"},{\"@type\":\"ListItem\",\"position\":2,\"name\":\"\u201cAddio Adriano\u201c, il cordoglio dei colleghi di Cassinetta\"}]},{\"@type\":\"WebSite\",\"@id\":\"https:\/\/staging.varesenews.it\/#website\",\"url\":\"https:\/\/staging.varesenews.it\/\",\"name\":\"VareseNews\",\"description\":\"\",\"potentialAction\":[{\"@type\":\"SearchAction\",\"target\":{\"@type\":\"EntryPoint\",\"urlTemplate\":\"https:\/\/staging.varesenews.it\/?s={search_term_string}\"},\"query-input\":\"required name=search_term_string\"}],\"inLanguage\":\"it-IT\"},{\"@type\":\"Person\",\"@id\":\"https:\/\/staging.varesenews.it\/#\/schema\/person\/3eb5832c6beae763de8d9596fdbe8c49\",\"name\":\"Andrea Camurani\",\"image\":{\"@type\":\"ImageObject\",\"inLanguage\":\"it-IT\",\"@id\":\"https:\/\/staging.varesenews.it\/#\/schema\/person\/image\/\",\"url\":\"https:\/\/staging.varesenews.it\/wp-content\/uploads\/2020\/12\/andrea_camurani_colori_500.jpg\",\"contentUrl\":\"https:\/\/staging.varesenews.it\/wp-content\/uploads\/2020\/12\/andrea_camurani_colori_500.jpg\",\"caption\":\"Andrea Camurani\"},\"description\":\"Sono figlio degli anni Settanta e di Milano, dove ho imparato a riconoscere buoni e cattivi. Laurea in scienze politiche, lavoro a VareseNews dal 2000. Racconto quel che trovo quando incontro chi vuole lasciare al mondo un pezzetto di vita, che si chiama cronaca. &ldquo;...perch&eacute; &egrave; la gente il pi&ugrave; grande spettacolo del mondo. E non si paga il biglietto...&rdquo; (Charles Bukowsky)\",\"sameAs\":[\"https:\/\/www.facebook.com\/andrea.camurani?fref=photo\",\"andreacamurani\",\"https:\/\/www.linkedin.com\/hp\/?dnr=A9a84RfzsLdo9xg4NcGV4dLiMknoc9ms4WM\",\"https:\/\/twitter.com\/AndreaCamurani\"],\"url\":\"https:\/\/staging.varesenews.it\/persona\/andrea_camurani\/\"}]}<\/script>\n<!-- \/ Yoast SEO plugin. -->","yoast_head_json":{"title":"\u201cAddio Adriano\u201c, il cordoglio dei colleghi di Cassinetta","description":"Ferito nell\u2019incidente anche un altro lavoratore della Whirlpool. Lo piangono i sindacalisti della Fim Cisl: \u201cSicurezza sul posto di lavoro anche nel tragitto per arrivarci\u201c","robots":{"index":"noindex","follow":"follow","max-snippet":"max-snippet:-1","max-image-preview":"max-image-preview:large","max-video-preview":"max-video-preview:-1"},"og_locale":"it_IT","og_type":"article","og_title":"\u201cAddio Adriano\u201c, il cordoglio dei colleghi di Cassinetta","og_description":"Ferito nell\u2019incidente anche un altro lavoratore della Whirlpool. Lo piangono i sindacalisti della Fim Cisl: \u201cSicurezza sul posto di lavoro anche nel tragitto per arrivarci\u201c","og_url":"https:\/\/www.varesenews.it\/2021\/07\/addio-adriano-cordoglio-dei-colleghi-cassinetta\/1358512\/","og_site_name":"VareseNews","article_publisher":"https:\/\/www.facebook.com\/varesenews","article_author":"https:\/\/www.facebook.com\/andrea.camurani?fref=photo","article_published_time":"2021-07-06T16:06:44+00:00","article_modified_time":"2021-07-07T10:27:02+00:00","author":"Andrea Camurani","twitter_card":"summary_large_image","twitter_creator":"@AndreaCamurani","twitter_site":"@varesenews","twitter_misc":{"Scritto da":"Andrea Camurani","Tempo di lettura stimato":"2 minuti"},"schema":{"@context":"https:\/\/schema.org","@graph":[{"@type":"WebPage","@id":"https:\/\/www.varesenews.it\/2021\/07\/addio-adriano-cordoglio-dei-colleghi-cassinetta\/1358512\/","url":"https:\/\/www.varesenews.it\/2021\/07\/addio-adriano-cordoglio-dei-colleghi-cassinetta\/1358512\/","name":"\u201cAddio Adriano\u201c, il cordoglio dei colleghi di Cassinetta","isPartOf":{"@id":"https:\/\/staging.varesenews.it\/#website"},"datePublished":"2021-07-06T16:06:44+00:00","dateModified":"2021-07-07T10:27:02+00:00","author":{"@id":"https:\/\/staging.varesenews.it\/#\/schema\/person\/3eb5832c6beae763de8d9596fdbe8c49"},"description":"Ferito nell\u2019incidente anche un altro lavoratore della Whirlpool. Lo piangono i sindacalisti della Fim Cisl: \u201cSicurezza sul posto di lavoro anche nel tragitto per arrivarci\u201c","breadcrumb":{"@id":"https:\/\/www.varesenews.it\/2021\/07\/addio-adriano-cordoglio-dei-colleghi-cassinetta\/1358512\/#breadcrumb"},"inLanguage":"it-IT","potentialAction":[{"@type":"ReadAction","target":["https:\/\/www.varesenews.it\/2021\/07\/addio-adriano-cordoglio-dei-colleghi-cassinetta\/1358512\/"]}]},{"@type":"BreadcrumbList","@id":"https:\/\/www.varesenews.it\/2021\/07\/addio-adriano-cordoglio-dei-colleghi-cassinetta\/1358512\/#breadcrumb","itemListElement":[{"@type":"ListItem","position":1,"name":"Home","item":"https:\/\/www.varesenews.it\/"},{"@type":"ListItem","position":2,"name":"\u201cAddio Adriano\u201c, il cordoglio dei colleghi di Cassinetta"}]},{"@type":"WebSite","@id":"https:\/\/staging.varesenews.it\/#website","url":"https:\/\/staging.varesenews.it\/","name":"VareseNews","description":"","potentialAction":[{"@type":"SearchAction","target":{"@type":"EntryPoint","urlTemplate":"https:\/\/staging.varesenews.it\/?s={search_term_string}"},"query-input":"required name=search_term_string"}],"inLanguage":"it-IT"},{"@type":"Person","@id":"https:\/\/staging.varesenews.it\/#\/schema\/person\/3eb5832c6beae763de8d9596fdbe8c49","name":"Andrea Camurani","image":{"@type":"ImageObject","inLanguage":"it-IT","@id":"https:\/\/staging.varesenews.it\/#\/schema\/person\/image\/","url":"https:\/\/staging.varesenews.it\/wp-content\/uploads\/2020\/12\/andrea_camurani_colori_500.jpg","contentUrl":"https:\/\/staging.varesenews.it\/wp-content\/uploads\/2020\/12\/andrea_camurani_colori_500.jpg","caption":"Andrea Camurani"},"description":"Sono figlio degli anni Settanta e di Milano, dove ho imparato a riconoscere buoni e cattivi. Laurea in scienze politiche, lavoro a VareseNews dal 2000. Racconto quel che trovo quando incontro chi vuole lasciare al mondo un pezzetto di vita, che si chiama cronaca. &ldquo;...perch&eacute; &egrave; la gente il pi&ugrave; grande spettacolo del mondo. E non si paga il biglietto...&rdquo; (Charles Bukowsky)","sameAs":["https:\/\/www.facebook.com\/andrea.camurani?fref=photo","andreacamurani","https:\/\/www.linkedin.com\/hp\/?dnr=A9a84RfzsLdo9xg4NcGV4dLiMknoc9ms4WM","https:\/\/twitter.com\/AndreaCamurani"],"url":"https:\/\/staging.varesenews.it\/persona\/andrea_camurani\/"}]}},"post_meta":{"_edit_lock":"1626085106:34","_edit_last":"34","_oembed_dc155b463733bcad3ad2e2acba4076b6":"<blockquote class=\"wp-embedded-content\" data-secret=\"1i1XIRnyx1\"><a href=\"https:\/\/www.varesenews.it\/2021\/07\/scontro-due-moto-ternate-vittima\/1358408\/\">Scontro tra due moto a Ternate: muore un uomo di 52 anni<\/a><\/blockquote><iframe class=\"wp-embedded-content\" sandbox=\"allow-scripts\" security=\"restricted\" style=\"position: absolute; clip: rect(1px, 1px, 1px, 1px);\" src=\"https:\/\/www.varesenews.it\/2021\/07\/scontro-due-moto-ternate-vittima\/1358408\/embed\/#?secret=1i1XIRnyx1\" data-secret=\"1i1XIRnyx1\" width=\"600\" height=\"338\" title=\"&#8220;Scontro tra due moto a Ternate: muore un uomo di 52 anni&#8221; &#8212; VareseNews\" frameborder=\"0\" marginwidth=\"0\" marginheight=\"0\" scrolling=\"no\"><\/iframe>","_oembed_time_dc155b463733bcad3ad2e2acba4076b6":"1625586742","_category_permalink":"a:1:{s:8:\"category\";s:0:\"\";}","_encloseme":"1","ratings_users":"0","ratings_score":"0","ratings_average":"0","foto":"1234525","firma_come_redazione":"1","argomento":"Gavirate","_yoast_wpseo_content_score":"30","_jd_tweet_this":"yes","_oembed_8b828497afc09d75665d8291de8e9d15":"<blockquote class=\"wp-embedded-content\" data-secret=\"EYe3xttR4p\"><a href=\"https:\/\/www.varesenews.it\/2021\/07\/scontro-due-moto-ternate-vittima\/1358408\/\">Scontro tra due moto a Ternate: muore un uomo di 52 anni<\/a><\/blockquote><iframe class=\"wp-embedded-content\" sandbox=\"allow-scripts\" security=\"restricted\" style=\"position: absolute; clip: rect(1px, 1px, 1px, 1px);\" src=\"https:\/\/www.varesenews.it\/2021\/07\/scontro-due-moto-ternate-vittima\/1358408\/embed\/#?secret=EYe3xttR4p\" data-secret=\"EYe3xttR4p\" width=\"500\" height=\"282\" title=\"&#8220;Scontro tra due moto a Ternate: muore un uomo di 52 anni&#8221; &#8212; VareseNews\" frameborder=\"0\" marginwidth=\"0\" marginheight=\"0\" scrolling=\"no\"><\/iframe>","_oembed_time_8b828497afc09d75665d8291de8e9d15":"1625587608","_wpt_short_url":"https:\/\/www.varesenews.it\/2021\/07\/addio-adriano-cordoglio-dei-colleghi-cassinetta\/1358512\/","_wp_jd_target":"https:\/\/www.varesenews.it\/2021\/07\/addio-adriano-cordoglio-dei-colleghi-cassinetta\/1358512\/","_jd_wp_twitter":"a:1:{i:0;s:171:\"\u201cAddio Adriano\u201c, il cordoglio dei colleghi di Cassinetta https:\/\/www.varesenews.it\/2021\/07\/addio-adriano-cordoglio-dei-colleghi-cassinetta\/1358512\/ #fimcisl #whirlpool\";}","_wpt_status_message":"Tweet inviato con successo.","_oembed_d2cfb515e58e13d2fabda8f809608aa0":"<blockquote class=\"wp-embedded-content\" data-secret=\"9Dmw2LE0aB\"><a href=\"https:\/\/www.varesenews.it\/2021\/07\/scontro-due-moto-ternate-vittima\/1358408\/\">Scontro tra due moto a Ternate: muore un uomo di 52 anni<\/a><\/blockquote><iframe class=\"wp-embedded-content\" sandbox=\"allow-scripts\" security=\"restricted\" style=\"position: absolute; clip: rect(1px, 1px, 1px, 1px);\" src=\"https:\/\/www.varesenews.it\/2021\/07\/scontro-due-moto-ternate-vittima\/1358408\/embed\/#?secret=9Dmw2LE0aB\" data-secret=\"9Dmw2LE0aB\" width=\"600\" height=\"338\" title=\"&#8220;Scontro tra due moto a Ternate: muore un uomo di 52 anni&#8221; &#8212; VareseNews\" frameborder=\"0\" marginwidth=\"0\" marginheight=\"0\" scrolling=\"no\"><\/iframe>","_oembed_time_d2cfb515e58e13d2fabda8f809608aa0":"1625587617","_oembed_67f763a3f95d1e2de769ffc1e8eba50d":"<blockquote class=\"wp-embedded-content\" data-secret=\"bjEzfSDaOF\"><a href=\"https:\/\/www.varesenews.it\/2020\/12\/un-doppio-cd-musicale-sostegno-degli-infermieri\/1286884\/\">Un doppio CD musicale a sostegno degli infermieri<\/a><\/blockquote><iframe class=\"wp-embedded-content\" sandbox=\"allow-scripts\" security=\"restricted\" style=\"position: absolute; clip: rect(1px, 1px, 1px, 1px);\" src=\"https:\/\/www.varesenews.it\/2020\/12\/un-doppio-cd-musicale-sostegno-degli-infermieri\/1286884\/embed\/#?secret=bjEzfSDaOF\" data-secret=\"bjEzfSDaOF\" width=\"500\" height=\"282\" title=\"&#8220;Un doppio CD musicale a sostegno degli infermieri&#8221; &#8212; VareseNews\" frameborder=\"0\" marginwidth=\"0\" marginheight=\"0\" scrolling=\"no\"><\/iframe>","_oembed_time_67f763a3f95d1e2de769ffc1e8eba50d":"1625587832","_oembed_0e5044844a5701cbc22ac966521186bc":"<blockquote class=\"wp-embedded-content\" data-secret=\"DVwjnBRkQ5\"><a href=\"https:\/\/www.varesenews.it\/2021\/05\/stregavarese-potere-della-scrittura-nelle-due-vite-emanuele-trevi\/1340610\/\">StregaVarese: Il potere della scrittura nelle &#8220;Due vite&#8221; di Emanuele Trevi<\/a><\/blockquote><iframe class=\"wp-embedded-content\" sandbox=\"allow-scripts\" security=\"restricted\" style=\"position: absolute; clip: rect(1px, 1px, 1px, 1px);\" src=\"https:\/\/www.varesenews.it\/2021\/05\/stregavarese-potere-della-scrittura-nelle-due-vite-emanuele-trevi\/1340610\/embed\/#?secret=DVwjnBRkQ5\" data-secret=\"DVwjnBRkQ5\" width=\"500\" height=\"282\" title=\"&#8220;StregaVarese: Il potere della scrittura nelle &#8220;Due vite&#8221; di Emanuele Trevi&#8221; &#8212; VareseNews\" frameborder=\"0\" marginwidth=\"0\" marginheight=\"0\" scrolling=\"no\"><\/iframe>","_oembed_time_0e5044844a5701cbc22ac966521186bc":"1625587833","_oembed_6663bb8bfe6f1494f55fb106074e81b0":"<blockquote class=\"wp-embedded-content\" data-secret=\"EMcRnV6ZF7\"><a href=\"https:\/\/www.varesenews.it\/necrologie\/\">Necrologie<\/a><\/blockquote><iframe class=\"wp-embedded-content\" sandbox=\"allow-scripts\" security=\"restricted\" style=\"position: absolute; clip: rect(1px, 1px, 1px, 1px);\" src=\"https:\/\/www.varesenews.it\/necrologie\/embed\/#?secret=EMcRnV6ZF7\" data-secret=\"EMcRnV6ZF7\" width=\"600\" height=\"338\" title=\"&#8220;Necrologie&#8221; &#8212; VareseNews\" frameborder=\"0\" marginwidth=\"0\" marginheight=\"0\" scrolling=\"no\"><\/iframe>","_oembed_time_6663bb8bfe6f1494f55fb106074e81b0":"1625653617","_oembed_6886791f51f4f2b932896e68179c2d36":"<blockquote class=\"wp-embedded-content\" data-secret=\"okZQfbg0Fe\"><a href=\"https:\/\/www.varesenews.it\/necrologie\/\">Necrologie<\/a><\/blockquote><iframe class=\"wp-embedded-content\" sandbox=\"allow-scripts\" security=\"restricted\" style=\"position: absolute; clip: rect(1px, 1px, 1px, 1px);\" src=\"https:\/\/www.varesenews.it\/necrologie\/embed\/#?secret=okZQfbg0Fe\" data-secret=\"okZQfbg0Fe\" width=\"500\" height=\"282\" title=\"&#8220;Necrologie&#8221; &#8212; VareseNews\" frameborder=\"0\" marginwidth=\"0\" marginheight=\"0\" scrolling=\"no\"><\/iframe>","_oembed_time_6886791f51f4f2b932896e68179c2d36":"1625653624","_oembed_5afacd7795a652d9ee9de14b9af6701c":"<blockquote class=\"wp-embedded-content\" data-secret=\"QGTIthTgXd\"><a href=\"https:\/\/www.varesenews.it\/necrologie\/\">Necrologie<\/a><\/blockquote><iframe class=\"wp-embedded-content\" sandbox=\"allow-scripts\" security=\"restricted\" style=\"position: absolute; clip: rect(1px, 1px, 1px, 1px);\" src=\"https:\/\/www.varesenews.it\/necrologie\/embed\/#?secret=QGTIthTgXd\" data-secret=\"QGTIthTgXd\" width=\"600\" height=\"338\" title=\"&#8220;Necrologie&#8221; &#8212; VareseNews\" frameborder=\"0\" marginwidth=\"0\" marginheight=\"0\" scrolling=\"no\"><\/iframe>","_oembed_time_5afacd7795a652d9ee9de14b9af6701c":"1625653633","id_leggi_anche":"1360296"},"photos":[{"original":"https:\/\/staging.varesenews.it\/photogallery_new\/images\/2021\/07\/generica-2020-1234525.jpg","full":"https:\/\/staging.varesenews.it\/photogallery_new\/images\/2021\/07\/generica-2020-1234525.1024x768.jpg","large":"https:\/\/staging.varesenews.it\/photogallery_new\/images\/2021\/07\/generica-2020-1234525.610x431.jpg"}],"_links":{"self":[{"href":"https:\/\/staging.varesenews.it\/swgapi\/v1\/wp\/v2\/posts\/1358512"}],"collection":[{"href":"https:\/\/staging.varesenews.it\/swgapi\/v1\/wp\/v2\/posts"}],"about":[{"href":"https:\/\/staging.varesenews.it\/swgapi\/v1\/wp\/v2\/types\/post"}],"author":[{"embeddable":true,"href":"https:\/\/staging.varesenews.it\/swgapi\/v1\/wp\/v2\/users\/34"}],"replies":[{"embeddable":true,"href":"https:\/\/staging.varesenews.it\/swgapi\/v1\/wp\/v2\/comments?post=1358512"}],"version-history":[{"count":0,"href":"https:\/\/staging.varesenews.it\/swgapi\/v1\/wp\/v2\/posts\/1358512\/revisions"}],"wp:attachment":[{"href":"https:\/\/staging.varesenews.it\/swgapi\/v1\/wp\/v2\/media?parent=1358512"}],"wp:term":[{"taxonomy":"category","embeddable":true,"href":"https:\/\/staging.varesenews.it\/swgapi\/v1\/wp\/v2\/categories?post=1358512"},{"taxonomy":"post_tag","embeddable":true,"href":"https:\/\/staging.varesenews.it\/swgapi\/v1\/wp\/v2\/tags?post=1358512"}],"curies":[{"name":"wp","href":"https:\/\/api.w.org\/{rel}","templated":true}]}}