{"id":1360456,"date":"2021-07-12T16:10:38","date_gmt":"2021-07-12T14:10:38","guid":{"rendered":"https:\/\/www.varesenews.it\/?p=1360456"},"modified":"2021-07-12T16:10:38","modified_gmt":"2021-07-12T14:10:38","slug":"gazzada-schianno-arriva-la-bellezza-digitale","status":"publish","type":"post","link":"https:\/\/staging.varesenews.it\/2021\/07\/gazzada-schianno-arriva-la-bellezza-digitale\/1360456\/","title":{"rendered":"A Gazzada Schianno arriva &#8220;La bellezza digitale&#8221;"},"content":{"rendered":"<p>Prosegue il programma di \u201cESTATE INSIEME 2021\u201d curato per l\u2019Amministrazione Comunale di Gazzada Schianno e dalla Commissione di Gestione della Biblioteca. Il 15 luglio sar\u00e0 la volta di una serata importante per contenuti e spettacolarit\u00e0.<\/p>\n<p>A Villa Cagnola alle ore 20.30 Claudio Tosetto moderer\u00e0 l&#8217;incontro con il prof. Michele Marangi sul tema \u201cLa bellezza digitale\u201d. Il prof. Maragi \u00e8 docente presso l\u2019Universit\u00e0 Cattolica di Milano di \u201cPeer&amp;Media Education\u201d presso la Facolt\u00e0 di Scienze della Formazione e di \u201cComunit\u00e0, reti e fandom\u201d presso il Master Comunicare lo sport. Michele Marangi \u00e8, tra l\u2019altro, socio fondatore di Steadycam OFF snc, societ\u00e0 specializzata in consulenze su media, formazione e marketing<br \/>\nsociale.<\/p>\n<p>Durante la serata si parler\u00e0 di come i social network consentono ai loro utenti di crearsi dei profili che possono essere usati per sviluppare relazioni, interagire con altri utenti online ma hanno libero accesso. Sono sempre pi\u00f9 diffuse immagini di ragazze e ragazzi che non hanno paura di esibire il loro fisico \u201cperfetto\u201d.<\/p>\n<p>Foto in cui sono ritratti soggetti belli e irreali, senza imperfezioni come smagliature o brufoli, parlano agli utenti come se volessero imporre un ideale di bellezza \u201ccorretto\u201d. Molti giovani guardando queste immagini si ritrovano insoddisfatti del proprio aspetto e questa insoddisfazione \u00e8 alimentata anche da sempre pi\u00f9 frequenti casi di body shaming in cui si diventa giudici spietati nei confronti del corpo degli altri.<\/p>\n<p>Il prof. Marangi proporr\u00e0, attraverso una ampia documentazione, una rielaborazione del concetto di bellezza ai tempi del digitale. Se oggi il rischio percepito \u00e8 quello di una progressiva standardizzazione delle immagini, in un flusso sempre pi\u00f9 vorticoso e indistinto, forse \u00e8 necessario superare certi stereotipi e cogliere le nuove opportunit\u00e0 che offre il digitale nella creazione e nella rielaborazione delle immagini, grafiche, fotografiche e audiovisive. Con un\u2019ulteriore prospettiva: e se la vera bellezza digitale fosse una dinamica relazionale?<\/p>\n","protected":false},"excerpt":{"rendered":"<p>Gioved\u00ec 15 luglio alle ore 20.30 a Villa Cagnola Claudio Tosetto moderer\u00e0 l&#8217;incontro con il prof. Michele Marangi <\/p>\n","protected":false},"author":39,"featured_media":0,"comment_status":"open","ping_status":"open","sticky":false,"template":"","format":"standard","meta":{"footnotes":""},"categories":[25,21,2],"tags":[19792,767,1118],"acf":[],"yoast_head":"<!-- This site is optimized with the Yoast SEO plugin v20.1 - https:\/\/yoast.com\/wordpress\/plugins\/seo\/ -->\n<title>A Gazzada Schianno arriva &quot;La bellezza digitale&quot;<\/title>\n<meta name=\"description\" content=\"Gioved\u00ec 15 luglio alle ore 20.30 a Villa Cagnola Claudio Tosetto moderer\u00e0 l&#039;incontro con il prof. Michele Marangi\" \/>\n<meta name=\"robots\" content=\"noindex, follow, max-snippet:-1, max-image-preview:large, max-video-preview:-1\" \/>\n<meta property=\"og:locale\" content=\"it_IT\" \/>\n<meta property=\"og:type\" content=\"article\" \/>\n<meta property=\"og:title\" content=\"A Gazzada Schianno arriva &quot;La bellezza digitale&quot;\" \/>\n<meta property=\"og:description\" content=\"Gioved\u00ec 15 luglio alle ore 20.30 a Villa Cagnola Claudio Tosetto moderer\u00e0 l&#039;incontro con il prof. Michele Marangi\" \/>\n<meta property=\"og:url\" content=\"https:\/\/staging.varesenews.it\/2021\/07\/gazzada-schianno-arriva-la-bellezza-digitale\/1360456\/\" \/>\n<meta property=\"og:site_name\" content=\"VareseNews\" \/>\n<meta property=\"article:publisher\" content=\"https:\/\/www.facebook.com\/varesenews\" \/>\n<meta property=\"article:author\" content=\"https:\/\/www.facebook.com\/tommaso.guidotti.7\" \/>\n<meta property=\"article:published_time\" content=\"2021-07-12T14:10:38+00:00\" \/>\n<meta name=\"author\" content=\"Tommaso Guidotti\" \/>\n<meta name=\"twitter:card\" content=\"summary_large_image\" \/>\n<meta name=\"twitter:creator\" content=\"@tomguidoz\" \/>\n<meta name=\"twitter:site\" content=\"@varesenews\" \/>\n<meta name=\"twitter:label1\" content=\"Scritto da\" \/>\n\t<meta name=\"twitter:data1\" content=\"Tommaso Guidotti\" \/>\n\t<meta name=\"twitter:label2\" content=\"Tempo di lettura stimato\" \/>\n\t<meta name=\"twitter:data2\" content=\"2 minuti\" \/>\n<script type=\"application\/ld+json\" class=\"yoast-schema-graph\">{\"@context\":\"https:\/\/schema.org\",\"@graph\":[{\"@type\":\"WebPage\",\"@id\":\"https:\/\/staging.varesenews.it\/2021\/07\/gazzada-schianno-arriva-la-bellezza-digitale\/1360456\/\",\"url\":\"https:\/\/staging.varesenews.it\/2021\/07\/gazzada-schianno-arriva-la-bellezza-digitale\/1360456\/\",\"name\":\"A Gazzada Schianno arriva \\\"La bellezza digitale\\\"\",\"isPartOf\":{\"@id\":\"https:\/\/staging.varesenews.it\/#website\"},\"datePublished\":\"2021-07-12T14:10:38+00:00\",\"dateModified\":\"2021-07-12T14:10:38+00:00\",\"author\":{\"@id\":\"https:\/\/staging.varesenews.it\/#\/schema\/person\/5ae9c65889c40fea73a6c40733b93f8a\"},\"description\":\"Gioved\u00ec 15 luglio alle ore 20.30 a Villa Cagnola Claudio Tosetto moderer\u00e0 l'incontro con il prof. Michele Marangi\",\"breadcrumb\":{\"@id\":\"https:\/\/staging.varesenews.it\/2021\/07\/gazzada-schianno-arriva-la-bellezza-digitale\/1360456\/#breadcrumb\"},\"inLanguage\":\"it-IT\",\"potentialAction\":[{\"@type\":\"ReadAction\",\"target\":[\"https:\/\/staging.varesenews.it\/2021\/07\/gazzada-schianno-arriva-la-bellezza-digitale\/1360456\/\"]}]},{\"@type\":\"BreadcrumbList\",\"@id\":\"https:\/\/staging.varesenews.it\/2021\/07\/gazzada-schianno-arriva-la-bellezza-digitale\/1360456\/#breadcrumb\",\"itemListElement\":[{\"@type\":\"ListItem\",\"position\":1,\"name\":\"Home\",\"item\":\"https:\/\/www.varesenews.it\/\"},{\"@type\":\"ListItem\",\"position\":2,\"name\":\"A Gazzada Schianno arriva &#8220;La bellezza digitale&#8221;\"}]},{\"@type\":\"WebSite\",\"@id\":\"https:\/\/staging.varesenews.it\/#website\",\"url\":\"https:\/\/staging.varesenews.it\/\",\"name\":\"VareseNews\",\"description\":\"\",\"potentialAction\":[{\"@type\":\"SearchAction\",\"target\":{\"@type\":\"EntryPoint\",\"urlTemplate\":\"https:\/\/staging.varesenews.it\/?s={search_term_string}\"},\"query-input\":\"required name=search_term_string\"}],\"inLanguage\":\"it-IT\"},{\"@type\":\"Person\",\"@id\":\"https:\/\/staging.varesenews.it\/#\/schema\/person\/5ae9c65889c40fea73a6c40733b93f8a\",\"name\":\"Tommaso Guidotti\",\"image\":{\"@type\":\"ImageObject\",\"inLanguage\":\"it-IT\",\"@id\":\"https:\/\/staging.varesenews.it\/#\/schema\/person\/image\/\",\"url\":\"https:\/\/staging.varesenews.it\/wp-content\/uploads\/2020\/12\/tommaso_guidotti_colori_500.jpg\",\"contentUrl\":\"https:\/\/staging.varesenews.it\/wp-content\/uploads\/2020\/12\/tommaso_guidotti_colori_500.jpg\",\"caption\":\"Tommaso Guidotti\"},\"description\":\"Nato a Milano e trasferito nel Varesotto in tenera et&agrave;, sposato con Chiara dal 2012 e padre di due figli, Lorenzo e Alice. Sono laureato in Scienze Politiche e ho nel mio bagaglio lontani studi classici al Liceo Cairoli di Varese. Amo leggere, le serie tv, i viaggi e mi piace sperimentare e conoscere. La passione pi&ugrave; grande? Il calcio, giocato, simulato e guardato: occupo parte del mio tempo libero con quella che &egrave; pi&ugrave; di una squadra di calcio, i Bidone, una vera e propria seconda famiglia con cui ho portato avanti tanti progetti sportivi e benefici. Faccio parte dal 2004 della squadra di VareseNews e sono giornalista professionista dal 2009: per dieci anni ho ricoperto il ruolo di caporedattore. Dal 2019 coordino insieme ad una redazione di giovani collaboratori il nuovo progetto del gruppo nella zona del Saronnese, il giornale SaronnoNews, spin-off di VareseNews, restando comunque radicato al territorio di Casciago, paese che mi ha adottato e che amo moltissimo come il lago di Varese e Cazzago Brabbia, il paese dove ho vissuto da giovane.\",\"sameAs\":[\"https:\/\/www.facebook.com\/tommaso.guidotti.7\",\"tomguidoz80\",\"https:\/\/www.linkedin.com\/profile\/view?id=36891883&authType=name&authToken=9pNm&locale=en_US&goback=npv_36891883_*1_*1_name_9pNm_*1_*1_*1_*1_*1_*1_*1_*1_*1_*1_*1_*1_*1_*1_*1_*1_*1_*1_*1_*1_*1_*1_*1_*1_*1_*1_*1_*1_*1_*1_*1_*1_*1\",\"https:\/\/twitter.com\/tomguidoz\"],\"url\":\"https:\/\/staging.varesenews.it\/persona\/tommaso_guidotti\/\"}]}<\/script>\n<!-- \/ Yoast SEO plugin. -->","yoast_head_json":{"title":"A Gazzada Schianno arriva \"La bellezza digitale\"","description":"Gioved\u00ec 15 luglio alle ore 20.30 a Villa Cagnola Claudio Tosetto moderer\u00e0 l'incontro con il prof. Michele Marangi","robots":{"index":"noindex","follow":"follow","max-snippet":"max-snippet:-1","max-image-preview":"max-image-preview:large","max-video-preview":"max-video-preview:-1"},"og_locale":"it_IT","og_type":"article","og_title":"A Gazzada Schianno arriva \"La bellezza digitale\"","og_description":"Gioved\u00ec 15 luglio alle ore 20.30 a Villa Cagnola Claudio Tosetto moderer\u00e0 l'incontro con il prof. Michele Marangi","og_url":"https:\/\/staging.varesenews.it\/2021\/07\/gazzada-schianno-arriva-la-bellezza-digitale\/1360456\/","og_site_name":"VareseNews","article_publisher":"https:\/\/www.facebook.com\/varesenews","article_author":"https:\/\/www.facebook.com\/tommaso.guidotti.7","article_published_time":"2021-07-12T14:10:38+00:00","author":"Tommaso Guidotti","twitter_card":"summary_large_image","twitter_creator":"@tomguidoz","twitter_site":"@varesenews","twitter_misc":{"Scritto da":"Tommaso Guidotti","Tempo di lettura stimato":"2 minuti"},"schema":{"@context":"https:\/\/schema.org","@graph":[{"@type":"WebPage","@id":"https:\/\/staging.varesenews.it\/2021\/07\/gazzada-schianno-arriva-la-bellezza-digitale\/1360456\/","url":"https:\/\/staging.varesenews.it\/2021\/07\/gazzada-schianno-arriva-la-bellezza-digitale\/1360456\/","name":"A Gazzada Schianno arriva \"La bellezza digitale\"","isPartOf":{"@id":"https:\/\/staging.varesenews.it\/#website"},"datePublished":"2021-07-12T14:10:38+00:00","dateModified":"2021-07-12T14:10:38+00:00","author":{"@id":"https:\/\/staging.varesenews.it\/#\/schema\/person\/5ae9c65889c40fea73a6c40733b93f8a"},"description":"Gioved\u00ec 15 luglio alle ore 20.30 a Villa Cagnola Claudio Tosetto moderer\u00e0 l'incontro con il prof. Michele Marangi","breadcrumb":{"@id":"https:\/\/staging.varesenews.it\/2021\/07\/gazzada-schianno-arriva-la-bellezza-digitale\/1360456\/#breadcrumb"},"inLanguage":"it-IT","potentialAction":[{"@type":"ReadAction","target":["https:\/\/staging.varesenews.it\/2021\/07\/gazzada-schianno-arriva-la-bellezza-digitale\/1360456\/"]}]},{"@type":"BreadcrumbList","@id":"https:\/\/staging.varesenews.it\/2021\/07\/gazzada-schianno-arriva-la-bellezza-digitale\/1360456\/#breadcrumb","itemListElement":[{"@type":"ListItem","position":1,"name":"Home","item":"https:\/\/www.varesenews.it\/"},{"@type":"ListItem","position":2,"name":"A Gazzada Schianno arriva &#8220;La bellezza digitale&#8221;"}]},{"@type":"WebSite","@id":"https:\/\/staging.varesenews.it\/#website","url":"https:\/\/staging.varesenews.it\/","name":"VareseNews","description":"","potentialAction":[{"@type":"SearchAction","target":{"@type":"EntryPoint","urlTemplate":"https:\/\/staging.varesenews.it\/?s={search_term_string}"},"query-input":"required name=search_term_string"}],"inLanguage":"it-IT"},{"@type":"Person","@id":"https:\/\/staging.varesenews.it\/#\/schema\/person\/5ae9c65889c40fea73a6c40733b93f8a","name":"Tommaso Guidotti","image":{"@type":"ImageObject","inLanguage":"it-IT","@id":"https:\/\/staging.varesenews.it\/#\/schema\/person\/image\/","url":"https:\/\/staging.varesenews.it\/wp-content\/uploads\/2020\/12\/tommaso_guidotti_colori_500.jpg","contentUrl":"https:\/\/staging.varesenews.it\/wp-content\/uploads\/2020\/12\/tommaso_guidotti_colori_500.jpg","caption":"Tommaso Guidotti"},"description":"Nato a Milano e trasferito nel Varesotto in tenera et&agrave;, sposato con Chiara dal 2012 e padre di due figli, Lorenzo e Alice. Sono laureato in Scienze Politiche e ho nel mio bagaglio lontani studi classici al Liceo Cairoli di Varese. Amo leggere, le serie tv, i viaggi e mi piace sperimentare e conoscere. La passione pi&ugrave; grande? Il calcio, giocato, simulato e guardato: occupo parte del mio tempo libero con quella che &egrave; pi&ugrave; di una squadra di calcio, i Bidone, una vera e propria seconda famiglia con cui ho portato avanti tanti progetti sportivi e benefici. Faccio parte dal 2004 della squadra di VareseNews e sono giornalista professionista dal 2009: per dieci anni ho ricoperto il ruolo di caporedattore. Dal 2019 coordino insieme ad una redazione di giovani collaboratori il nuovo progetto del gruppo nella zona del Saronnese, il giornale SaronnoNews, spin-off di VareseNews, restando comunque radicato al territorio di Casciago, paese che mi ha adottato e che amo moltissimo come il lago di Varese e Cazzago Brabbia, il paese dove ho vissuto da giovane.","sameAs":["https:\/\/www.facebook.com\/tommaso.guidotti.7","tomguidoz80","https:\/\/www.linkedin.com\/profile\/view?id=36891883&authType=name&authToken=9pNm&locale=en_US&goback=npv_36891883_*1_*1_name_9pNm_*1_*1_*1_*1_*1_*1_*1_*1_*1_*1_*1_*1_*1_*1_*1_*1_*1_*1_*1_*1_*1_*1_*1_*1_*1_*1_*1_*1_*1_*1_*1_*1_*1","https:\/\/twitter.com\/tomguidoz"],"url":"https:\/\/staging.varesenews.it\/persona\/tommaso_guidotti\/"}]}},"post_meta":{"_edit_lock":"1626098929:39","_edit_last":"39","_category_permalink":"a:1:{s:8:\"category\";s:0:\"\";}","_encloseme":"1","ratings_users":"0","ratings_score":"0","ratings_average":"0","foto":"1235862","firma_come_redazione":"1","_yoast_wpseo_content_score":"30","_jd_tweet_this":"yes","_wpt_short_url":"https:\/\/www.varesenews.it\/2021\/07\/gazzada-schianno-arriva-la-bellezza-digitale\/1360456\/","_wp_jd_target":"https:\/\/www.varesenews.it\/2021\/07\/gazzada-schianno-arriva-la-bellezza-digitale\/1360456\/","_jd_wp_twitter":"a:1:{i:0;s:171:\"A Gazzada Schianno arriva \u201cLa bellezza digitale\u201d https:\/\/www.varesenews.it\/2021\/07\/gazzada-schianno-arriva-la-bellezza-digitale\/1360456\/ #digitale #libri #villacagnola\";}","_wpt_status_message":"Tweet inviato con successo."},"photos":[{"original":"https:\/\/staging.varesenews.it\/photogallery_new\/images\/2021\/07\/generica-2020-1235862.jpg","full":"https:\/\/staging.varesenews.it\/photogallery_new\/images\/2021\/07\/generica-2020-1235862.1024x768.jpg","large":"https:\/\/staging.varesenews.it\/photogallery_new\/images\/2021\/07\/generica-2020-1235862.610x431.jpg"}],"_links":{"self":[{"href":"https:\/\/staging.varesenews.it\/swgapi\/v1\/wp\/v2\/posts\/1360456"}],"collection":[{"href":"https:\/\/staging.varesenews.it\/swgapi\/v1\/wp\/v2\/posts"}],"about":[{"href":"https:\/\/staging.varesenews.it\/swgapi\/v1\/wp\/v2\/types\/post"}],"author":[{"embeddable":true,"href":"https:\/\/staging.varesenews.it\/swgapi\/v1\/wp\/v2\/users\/39"}],"replies":[{"embeddable":true,"href":"https:\/\/staging.varesenews.it\/swgapi\/v1\/wp\/v2\/comments?post=1360456"}],"version-history":[{"count":0,"href":"https:\/\/staging.varesenews.it\/swgapi\/v1\/wp\/v2\/posts\/1360456\/revisions"}],"wp:attachment":[{"href":"https:\/\/staging.varesenews.it\/swgapi\/v1\/wp\/v2\/media?parent=1360456"}],"wp:term":[{"taxonomy":"category","embeddable":true,"href":"https:\/\/staging.varesenews.it\/swgapi\/v1\/wp\/v2\/categories?post=1360456"},{"taxonomy":"post_tag","embeddable":true,"href":"https:\/\/staging.varesenews.it\/swgapi\/v1\/wp\/v2\/tags?post=1360456"}],"curies":[{"name":"wp","href":"https:\/\/api.w.org\/{rel}","templated":true}]}}