{"id":1360801,"date":"2021-07-13T17:27:54","date_gmt":"2021-07-13T15:27:54","guid":{"rendered":"https:\/\/www.varesenews.it\/?p=1360801"},"modified":"2021-07-14T13:19:40","modified_gmt":"2021-07-14T11:19:40","slug":"citta-samarate-la-vergherese-si-uniscono-far-rinascere-calcio-samarate","status":"publish","type":"post","link":"https:\/\/staging.varesenews.it\/2021\/07\/citta-samarate-la-vergherese-si-uniscono-far-rinascere-calcio-samarate\/1360801\/","title":{"rendered":"Citt\u00e0 di Samarate e la Vergherese si uniscono per &#8220;far rinascere il calcio a Samarate&#8221;"},"content":{"rendered":"<p>Le due societ\u00e0 calcistiche di<strong> Samarate, Asd Citt\u00e0 di Samarate<\/strong> e<strong> polisportiva Vergherese,<\/strong>\u00a0uniscono le forze per dare vita a un nuovo progetto calcistico, che si chiamer\u00e0 Asd Citt\u00e0 di Samarate: diventeranno un&#8217;unica societ\u00e0 in grado di garantire gli interessi dei ragazzi con un progetto ben strutturato.<\/p>\n<p>Ad annunciarlo ufficialmente luned\u00ec <strong>12 luglio<\/strong> in municipio i due presidenti <strong>Fabrizio Piantanida<\/strong> (di Asd) e <strong>Gabriele Colombo<\/strong> (Vergherese), insieme all&#8217;assessore allo Sport\u00a0<strong>Stefano Bertagnoli<\/strong>. L&#8217;avvicinamento \u00e8 iniziato l&#8217;anno scorso: la fusione non \u00e8 ancora avvenuta, perch\u00e9 i tempi sono molto lunghi e non sarebbero arrivati pronti per l&#8217;inizio della stagione; ad oggi l&#8217;organico della Vergherese \u00e8 stato assorbito da Citt\u00e0 di Samarate e il presidente sar\u00e0 Piantanida.<\/p>\n<p>Questo accordo \u00e8 stato motivato anche dalla questione del <strong>bando del campo da calcio<\/strong>, in modo da \u00abandare incontro alle problematiche che sarebbero nate\u00bb, hanno spiegato i presidenti; di questo tema si era gi\u00e0 parlato in campagna elettorale, due anni fa, quando la lista &#8220;Alternativa per Samarate&#8221; aveva dimostrato <a href=\"https:\/\/elezioni2019.varesenews.it\/2019\/05\/03\/il-bando-per-i-campi-sportivi-aiellole-due-squadre-rischiano-lo-sfratto\/\">preoccupazione per il futuro dei giovani sportivi samaratesi<\/a>. <strong>A vincerlo \u00e8 stata Citt\u00e0 di Samarate, che lo avr\u00e0 in gestione per cinque anni<\/strong>.<\/p>\n<p>Gli open day per i calciatori stanno riscontrando un grande successo, tanto da superare i 200 atleti tra calcio maschile e femminili, amatori e giovanili. Il progetto, dunque, si sta ingrandendo, gli allievi saranno molti di pi\u00f9:\u00a0\u00abVogliamo far crescere a livello sportivo Samarate\u00bb.<\/p>\n<h3>&#8220;La rinascita del calcio a Samarate&#8221;<\/h3>\n<p>\u00abGli ultimi anni hanno messo in difficolt\u00e0 le societ\u00e0 sportive\u00bb, ha spiegato l&#8217;ex presidente Colombo,\u00a0\u00abe dall&#8217;anno scorso abbiamo deciso di unire le forze per dare vita a un&#8217;unica societ\u00e0. Abbiamo raggiunto un compromesso: iniziamo a collaborare insieme con un assorbimento, <strong>la fusione vera e propria ci sar\u00e0 l&#8217;anno prossimo, con dei tempi ben precisi<\/strong>\u00bb.<\/p>\n<p>Per arrivare a questo accordo \u00ab\u00e8 stato fondamentale l&#8217;assessorato allo Sport\u00bb, ha poi preso la parola Piantanida, \u00abdue anni fa il sindaco Puricelli ha messo l&#8217;assessore allo Sport, che con il suo lavoro \u00e8 riuscito a farci trovare un accordo\u00bb. \u00abPer l&#8217;amministrazione due societ\u00e0 che si uniscono &#8211; ha preso la parola l&#8217;assessore <strong>Stefano Bertagnoli<\/strong> &#8211; \u00e8 un orgoglio e un traguardo importante: iniziano a collaborare a un progetto ambizioso e porteranno enormi benefici alla comunit\u00e0\u00bb.<\/p>\n<p>Il nuovo vicepresidente<strong> Gianluca Banca<\/strong> ha spiegato il progetto sociale alla base dell&#8217;unione delle forze societarie: sono in cantiere per l&#8217;anno prossimo molte manifestazioni sportive che coinvolgeranno tutta la cittadinanza, il mondo del sociale e dello sport.<\/p>\n<p>\u00abGrazie alla volont\u00e0 dei due presidenti e all&#8217;assessore Bertagnoli, era un nostro obiettivo chiaro: l&#8217;assessore \u00e8 un uomo di calcio e sapevo di aver fatto la scelta giusta quando l&#8217;ho nominato assessore due anni fa. <strong>In tanti hanno provato a fare questa fusione, ma noi ci siamo riusciti<\/strong>\u00bb, ha concluso il sindaco.<\/p>\n","protected":false},"excerpt":{"rendered":"<p>Non \u00e8 ancora una fusione tra le due societ\u00e0 di calcio di Samarate: per ora c&#8217;\u00e8 un assorbimento della Vergherese nell&#8217;asd Citt\u00e0 di Samarate<\/p>\n","protected":false},"author":15866,"featured_media":0,"comment_status":"open","ping_status":"open","sticky":false,"template":"","format":"standard","meta":{"footnotes":""},"categories":[3,14],"tags":[116349,144,97161],"acf":[],"yoast_head":"<!-- This site is optimized with the Yoast SEO plugin v20.1 - https:\/\/yoast.com\/wordpress\/plugins\/seo\/ -->\n<title>Citt\u00e0 di Samarate e la Vergherese si uniscono per &quot;far rinascere il calcio a Samarate&quot;<\/title>\n<meta name=\"description\" content=\"Non \u00e8 ancora una fusione tra le due societ\u00e0 di calcio di Samarate: per ora c&#039;\u00e8 un assorbimento della Vergherese nell&#039;asd Citt\u00e0 di Samarate\" \/>\n<meta name=\"robots\" content=\"noindex, follow, max-snippet:-1, max-image-preview:large, max-video-preview:-1\" \/>\n<meta property=\"og:locale\" content=\"it_IT\" \/>\n<meta property=\"og:type\" content=\"article\" \/>\n<meta property=\"og:title\" content=\"Citt\u00e0 di Samarate e la Vergherese si uniscono per &quot;far rinascere il calcio a Samarate&quot;\" \/>\n<meta property=\"og:description\" content=\"Non \u00e8 ancora una fusione tra le due societ\u00e0 di calcio di Samarate: per ora c&#039;\u00e8 un assorbimento della Vergherese nell&#039;asd Citt\u00e0 di Samarate\" \/>\n<meta property=\"og:url\" content=\"https:\/\/staging.varesenews.it\/2021\/07\/citta-samarate-la-vergherese-si-uniscono-far-rinascere-calcio-samarate\/1360801\/\" \/>\n<meta property=\"og:site_name\" content=\"VareseNews\" \/>\n<meta property=\"article:publisher\" content=\"https:\/\/www.facebook.com\/varesenews\" \/>\n<meta property=\"article:published_time\" content=\"2021-07-13T15:27:54+00:00\" \/>\n<meta property=\"article:modified_time\" content=\"2021-07-14T11:19:40+00:00\" \/>\n<meta name=\"author\" content=\"Nicole Erbetti\" \/>\n<meta name=\"twitter:card\" content=\"summary_large_image\" \/>\n<meta name=\"twitter:creator\" content=\"@varesenews\" \/>\n<meta name=\"twitter:site\" content=\"@varesenews\" \/>\n<meta name=\"twitter:label1\" content=\"Scritto da\" \/>\n\t<meta name=\"twitter:data1\" content=\"Nicole Erbetti\" \/>\n\t<meta name=\"twitter:label2\" content=\"Tempo di lettura stimato\" \/>\n\t<meta name=\"twitter:data2\" content=\"2 minuti\" \/>\n<script type=\"application\/ld+json\" class=\"yoast-schema-graph\">{\"@context\":\"https:\/\/schema.org\",\"@graph\":[{\"@type\":\"WebPage\",\"@id\":\"https:\/\/staging.varesenews.it\/2021\/07\/citta-samarate-la-vergherese-si-uniscono-far-rinascere-calcio-samarate\/1360801\/\",\"url\":\"https:\/\/staging.varesenews.it\/2021\/07\/citta-samarate-la-vergherese-si-uniscono-far-rinascere-calcio-samarate\/1360801\/\",\"name\":\"Citt\u00e0 di Samarate e la Vergherese si uniscono per \\\"far rinascere il calcio a Samarate\\\"\",\"isPartOf\":{\"@id\":\"https:\/\/staging.varesenews.it\/#website\"},\"datePublished\":\"2021-07-13T15:27:54+00:00\",\"dateModified\":\"2021-07-14T11:19:40+00:00\",\"author\":{\"@id\":\"https:\/\/staging.varesenews.it\/#\/schema\/person\/8b180378471627e56865b54b75644650\"},\"description\":\"Non \u00e8 ancora una fusione tra le due societ\u00e0 di calcio di Samarate: per ora c'\u00e8 un assorbimento della Vergherese nell'asd Citt\u00e0 di Samarate\",\"breadcrumb\":{\"@id\":\"https:\/\/staging.varesenews.it\/2021\/07\/citta-samarate-la-vergherese-si-uniscono-far-rinascere-calcio-samarate\/1360801\/#breadcrumb\"},\"inLanguage\":\"it-IT\",\"potentialAction\":[{\"@type\":\"ReadAction\",\"target\":[\"https:\/\/staging.varesenews.it\/2021\/07\/citta-samarate-la-vergherese-si-uniscono-far-rinascere-calcio-samarate\/1360801\/\"]}]},{\"@type\":\"BreadcrumbList\",\"@id\":\"https:\/\/staging.varesenews.it\/2021\/07\/citta-samarate-la-vergherese-si-uniscono-far-rinascere-calcio-samarate\/1360801\/#breadcrumb\",\"itemListElement\":[{\"@type\":\"ListItem\",\"position\":1,\"name\":\"Home\",\"item\":\"https:\/\/www.varesenews.it\/\"},{\"@type\":\"ListItem\",\"position\":2,\"name\":\"Citt\u00e0 di Samarate e la Vergherese si uniscono per &#8220;far rinascere il calcio a Samarate&#8221;\"}]},{\"@type\":\"WebSite\",\"@id\":\"https:\/\/staging.varesenews.it\/#website\",\"url\":\"https:\/\/staging.varesenews.it\/\",\"name\":\"VareseNews\",\"description\":\"\",\"potentialAction\":[{\"@type\":\"SearchAction\",\"target\":{\"@type\":\"EntryPoint\",\"urlTemplate\":\"https:\/\/staging.varesenews.it\/?s={search_term_string}\"},\"query-input\":\"required name=search_term_string\"}],\"inLanguage\":\"it-IT\"},{\"@type\":\"Person\",\"@id\":\"https:\/\/staging.varesenews.it\/#\/schema\/person\/8b180378471627e56865b54b75644650\",\"name\":\"Nicole Erbetti\",\"image\":{\"@type\":\"ImageObject\",\"inLanguage\":\"it-IT\",\"@id\":\"https:\/\/staging.varesenews.it\/#\/schema\/person\/image\/\",\"url\":\"https:\/\/staging.varesenews.it\/wp-content\/uploads\/2020\/12\/nicole_erbetti_colori_500.jpg\",\"contentUrl\":\"https:\/\/staging.varesenews.it\/wp-content\/uploads\/2020\/12\/nicole_erbetti_colori_500.jpg\",\"caption\":\"Nicole Erbetti\"},\"description\":\"Classe 1995 e una laurea in Lettere. \u201cNata\u201d a VareseNews nel 2019 e co-responsabile di MalpensaNews. Mi occupo di cronaca politica e di storie in quella biosfera a met\u00e0 tra la vecchia anima provinciale e la Milano metropolitana che \u00e8 il gallaratese: insomma, \u00e8 un po\u2019 in bilico come me. Quando non scrivo leggo, recito, contemplo il Lago Maggiore o scappo in un paesaggio alpino.\u00a0\",\"url\":\"https:\/\/staging.varesenews.it\/persona\/nicole-erbetti\/\"}]}<\/script>\n<!-- \/ Yoast SEO plugin. -->","yoast_head_json":{"title":"Citt\u00e0 di Samarate e la Vergherese si uniscono per \"far rinascere il calcio a Samarate\"","description":"Non \u00e8 ancora una fusione tra le due societ\u00e0 di calcio di Samarate: per ora c'\u00e8 un assorbimento della Vergherese nell'asd Citt\u00e0 di Samarate","robots":{"index":"noindex","follow":"follow","max-snippet":"max-snippet:-1","max-image-preview":"max-image-preview:large","max-video-preview":"max-video-preview:-1"},"og_locale":"it_IT","og_type":"article","og_title":"Citt\u00e0 di Samarate e la Vergherese si uniscono per \"far rinascere il calcio a Samarate\"","og_description":"Non \u00e8 ancora una fusione tra le due societ\u00e0 di calcio di Samarate: per ora c'\u00e8 un assorbimento della Vergherese nell'asd Citt\u00e0 di Samarate","og_url":"https:\/\/staging.varesenews.it\/2021\/07\/citta-samarate-la-vergherese-si-uniscono-far-rinascere-calcio-samarate\/1360801\/","og_site_name":"VareseNews","article_publisher":"https:\/\/www.facebook.com\/varesenews","article_published_time":"2021-07-13T15:27:54+00:00","article_modified_time":"2021-07-14T11:19:40+00:00","author":"Nicole Erbetti","twitter_card":"summary_large_image","twitter_creator":"@varesenews","twitter_site":"@varesenews","twitter_misc":{"Scritto da":"Nicole Erbetti","Tempo di lettura stimato":"2 minuti"},"schema":{"@context":"https:\/\/schema.org","@graph":[{"@type":"WebPage","@id":"https:\/\/staging.varesenews.it\/2021\/07\/citta-samarate-la-vergherese-si-uniscono-far-rinascere-calcio-samarate\/1360801\/","url":"https:\/\/staging.varesenews.it\/2021\/07\/citta-samarate-la-vergherese-si-uniscono-far-rinascere-calcio-samarate\/1360801\/","name":"Citt\u00e0 di Samarate e la Vergherese si uniscono per \"far rinascere il calcio a Samarate\"","isPartOf":{"@id":"https:\/\/staging.varesenews.it\/#website"},"datePublished":"2021-07-13T15:27:54+00:00","dateModified":"2021-07-14T11:19:40+00:00","author":{"@id":"https:\/\/staging.varesenews.it\/#\/schema\/person\/8b180378471627e56865b54b75644650"},"description":"Non \u00e8 ancora una fusione tra le due societ\u00e0 di calcio di Samarate: per ora c'\u00e8 un assorbimento della Vergherese nell'asd Citt\u00e0 di Samarate","breadcrumb":{"@id":"https:\/\/staging.varesenews.it\/2021\/07\/citta-samarate-la-vergherese-si-uniscono-far-rinascere-calcio-samarate\/1360801\/#breadcrumb"},"inLanguage":"it-IT","potentialAction":[{"@type":"ReadAction","target":["https:\/\/staging.varesenews.it\/2021\/07\/citta-samarate-la-vergherese-si-uniscono-far-rinascere-calcio-samarate\/1360801\/"]}]},{"@type":"BreadcrumbList","@id":"https:\/\/staging.varesenews.it\/2021\/07\/citta-samarate-la-vergherese-si-uniscono-far-rinascere-calcio-samarate\/1360801\/#breadcrumb","itemListElement":[{"@type":"ListItem","position":1,"name":"Home","item":"https:\/\/www.varesenews.it\/"},{"@type":"ListItem","position":2,"name":"Citt\u00e0 di Samarate e la Vergherese si uniscono per &#8220;far rinascere il calcio a Samarate&#8221;"}]},{"@type":"WebSite","@id":"https:\/\/staging.varesenews.it\/#website","url":"https:\/\/staging.varesenews.it\/","name":"VareseNews","description":"","potentialAction":[{"@type":"SearchAction","target":{"@type":"EntryPoint","urlTemplate":"https:\/\/staging.varesenews.it\/?s={search_term_string}"},"query-input":"required name=search_term_string"}],"inLanguage":"it-IT"},{"@type":"Person","@id":"https:\/\/staging.varesenews.it\/#\/schema\/person\/8b180378471627e56865b54b75644650","name":"Nicole Erbetti","image":{"@type":"ImageObject","inLanguage":"it-IT","@id":"https:\/\/staging.varesenews.it\/#\/schema\/person\/image\/","url":"https:\/\/staging.varesenews.it\/wp-content\/uploads\/2020\/12\/nicole_erbetti_colori_500.jpg","contentUrl":"https:\/\/staging.varesenews.it\/wp-content\/uploads\/2020\/12\/nicole_erbetti_colori_500.jpg","caption":"Nicole Erbetti"},"description":"Classe 1995 e una laurea in Lettere. \u201cNata\u201d a VareseNews nel 2019 e co-responsabile di MalpensaNews. Mi occupo di cronaca politica e di storie in quella biosfera a met\u00e0 tra la vecchia anima provinciale e la Milano metropolitana che \u00e8 il gallaratese: insomma, \u00e8 un po\u2019 in bilico come me. Quando non scrivo leggo, recito, contemplo il Lago Maggiore o scappo in un paesaggio alpino.\u00a0","url":"https:\/\/staging.varesenews.it\/persona\/nicole-erbetti\/"}]}},"post_meta":{"_edit_lock":"1626264610:46","_edit_last":"46","_category_permalink":"a:1:{s:8:\"category\";s:0:\"\";}","argomento":"Samarate","_yoast_wpseo_focuskw_text_input":"Samarate","_yoast_wpseo_focuskw":"Samarate","_yoast_wpseo_linkdex":"79","_yoast_wpseo_content_score":"30","_jd_tweet_this":"yes","foto":"1236364","_encloseme":"1","ratings_users":"0","ratings_score":"0","ratings_average":"0","_wpt_short_url":"https:\/\/www.varesenews.it\/2021\/07\/citta-samarate-la-vergherese-si-uniscono-far-rinascere-calcio-samarate\/1360801\/","_wp_jd_target":"https:\/\/www.varesenews.it\/2021\/07\/citta-samarate-la-vergherese-si-uniscono-far-rinascere-calcio-samarate\/1360801\/","_jd_wp_twitter":"a:1:{i:0;s:213:\"Citt\u00e0 di Samarate e la Vergherese si uniscono per \u201cfar rinascere il calcio a Samarate\u201d https:\/\/www.varesenews.it\/2021\/07\/citta-samarate-la-vergherese-si-uniscono-far-rinascere-calcio-samarate\/1360801\/ #calcio\";}","_wpt_status_message":"Tweet inviato con successo."},"photos":[{"original":"https:\/\/staging.varesenews.it\/photogallery_new\/images\/2021\/07\/asd-citta-di-samarate-calcio-1236364.jpg","full":"https:\/\/staging.varesenews.it\/photogallery_new\/images\/2021\/07\/asd-citta-di-samarate-calcio-1236364.1024x768.jpg","large":"https:\/\/staging.varesenews.it\/photogallery_new\/images\/2021\/07\/asd-citta-di-samarate-calcio-1236364.610x431.jpg"}],"_links":{"self":[{"href":"https:\/\/staging.varesenews.it\/swgapi\/v1\/wp\/v2\/posts\/1360801"}],"collection":[{"href":"https:\/\/staging.varesenews.it\/swgapi\/v1\/wp\/v2\/posts"}],"about":[{"href":"https:\/\/staging.varesenews.it\/swgapi\/v1\/wp\/v2\/types\/post"}],"author":[{"embeddable":true,"href":"https:\/\/staging.varesenews.it\/swgapi\/v1\/wp\/v2\/users\/15866"}],"replies":[{"embeddable":true,"href":"https:\/\/staging.varesenews.it\/swgapi\/v1\/wp\/v2\/comments?post=1360801"}],"version-history":[{"count":0,"href":"https:\/\/staging.varesenews.it\/swgapi\/v1\/wp\/v2\/posts\/1360801\/revisions"}],"wp:attachment":[{"href":"https:\/\/staging.varesenews.it\/swgapi\/v1\/wp\/v2\/media?parent=1360801"}],"wp:term":[{"taxonomy":"category","embeddable":true,"href":"https:\/\/staging.varesenews.it\/swgapi\/v1\/wp\/v2\/categories?post=1360801"},{"taxonomy":"post_tag","embeddable":true,"href":"https:\/\/staging.varesenews.it\/swgapi\/v1\/wp\/v2\/tags?post=1360801"}],"curies":[{"name":"wp","href":"https:\/\/api.w.org\/{rel}","templated":true}]}}