{"id":1361863,"date":"2021-07-16T11:57:13","date_gmt":"2021-07-16T09:57:13","guid":{"rendered":"https:\/\/www.varesenews.it\/?p=1361863"},"modified":"2021-07-16T11:57:13","modified_gmt":"2021-07-16T09:57:13","slug":"secondo-weekend-al-luna-park-luinesi-voglia-uscire","status":"publish","type":"post","link":"https:\/\/staging.varesenews.it\/2021\/07\/secondo-weekend-al-luna-park-luinesi-voglia-uscire\/1361863\/","title":{"rendered":"Il secondo weekend al luna park: \u201cI luinesi hanno voglia di uscire&#8221;"},"content":{"rendered":"<p><strong>\u00c8 arrivato lo scorso weekend,<\/strong> e piace ai luinesi pi\u00f9 o meno giovani: il luna park in questa prima settimana\u00a0ha messo a segno un discreto successo nonostante sia mancato l&#8217;arrivo della \u201cvera\u201c estate, almeno dal punto di vista meteo.<\/p>\n<p>Negli anni scorsi le giostre erano posizionate nella zona del Lido di Luino, e quest\u2019anno vede il suo arrivo nell\u2019area ex Visnova fino al 5 agosto 2021 dopo un accordo fra gli operatori e il proprietario dell&#8217;area privata: in questo modo le attrazioni rimarranno in un unico punto e non in forma itinerante come inizialmente ipotizzato dal Comune.<\/p>\n<p><strong>La polizia locale di Luino ha comunicato tutte le indicazioni necessarie perch\u00e9 si rispettino le normative di sicurezza e di decoro del luna park.<\/strong><br \/>\nNell\u2019area di Via Voldomino, sulla rampa e nell&#8217;area antistante all\u2019area denominata ex Visnova, vige il <strong>divieto di sosta<\/strong> con la rimozione forzata per tutti i veicoli. La modifica alla circolazione rester\u00e0 valida per tutto il mese di attivit\u00e0 delle giostre.<br \/>\n<strong>La musica<\/strong>, a basso volume, \u00e8 consentita fino alle 23.00 in considerazione del luogo di ubicazione del Parco Divertimenti. Il parco rimarr\u00e0 aperto al pubblico tutti i giorni dalle ore 10.00 alle ore 24.00 con possibilit\u00e0 di protrazione sino alle ore 01.00 nelle giornate prefestive e festive. Vietato portare con s\u00e9\u00a0cani\u00a0senza guinzaglio o museruola e somministrare bevande alcoliche ad eccezione della birra che verr\u00e0 venduta in bicchieri di carta, banditi quindi vetro e lattine.<\/p>\n<p>A richiamare il pubblico, le luminarie giocose che conducono all\u2019ingresso. Qualche giostra non c\u2019\u00e8 pi\u00f9, qualcun\u2019altra si \u00e8 aggiunta ma il parco divertimenti \u00e8 rimasto pi\u00f9 o meno lo stesso: ragazzi agli autoscontri, strette di mano e sorrisi. <strong>Anche i giostrai si dicono soddisfatti dell\u2019inizio della stagione e apprezzano la nuova ubicazione.<\/strong><\/p>\n<p><strong>\u00ab\u00c8 pi\u00f9 grande ed efficiente e permette una migliore organizzazione\u00bb<\/strong>, cos\u00ec racconta uno di loro.<\/p>\n<p>Aperti solo sabato scorso e rimasti <strong>chiusi domenica per la finale degli europei<\/strong>, i giostrai aspettano il weekend per confermare il flusso dei ragazzi e le soddisfazioni che questa stagione, dopo questo periodo un po&#8217; bislacco a causa del covid, potrebbe portare. Certo anche il tempo meteorologico gioca un ruolo importante ma la ripartenza \u00e8 alle porte e i giostrai, come i giovani, hanno voglia di respirare e lavorare in sicurezza e serenit\u00e0.<\/p>\n<p><strong>\u00abLa gente ha voglia di uscire e divertirsi e noi siamo qui per questo. L\u2019auspicio \u00e8 che tutto vada per il meglio\u00bb<\/strong> conclude cos\u00ec Riccardo Claudi, l\u2019organizzatore del Parco Divertimenti.<\/p>\n","protected":false},"excerpt":{"rendered":"<p>L&#8217;attrazione sembra riscuotere il gradimento dei cittadini e dei giostrai che si aspettano un fine settimana spumeggiante<\/p>\n","protected":false},"author":34,"featured_media":0,"comment_status":"open","ping_status":"open","sticky":false,"template":"","format":"standard","meta":{"footnotes":""},"categories":[2],"tags":[4424],"acf":[],"yoast_head":"<!-- This site is optimized with the Yoast SEO plugin v20.1 - https:\/\/yoast.com\/wordpress\/plugins\/seo\/ -->\n<title>Il secondo weekend al luna park: \u201cI luinesi hanno voglia di uscire&quot;<\/title>\n<meta name=\"description\" content=\"L&#039;attrazione sembra riscuotere il gradimento dei cittadini e dei giostrai che si aspettano un fine settimana spumeggiante\" \/>\n<meta name=\"robots\" content=\"noindex, follow, max-snippet:-1, max-image-preview:large, max-video-preview:-1\" \/>\n<meta property=\"og:locale\" content=\"it_IT\" \/>\n<meta property=\"og:type\" content=\"article\" \/>\n<meta property=\"og:title\" content=\"Il secondo weekend al luna park: \u201cI luinesi hanno voglia di uscire&quot;\" \/>\n<meta property=\"og:description\" content=\"L&#039;attrazione sembra riscuotere il gradimento dei cittadini e dei giostrai che si aspettano un fine settimana spumeggiante\" \/>\n<meta property=\"og:url\" content=\"https:\/\/staging.varesenews.it\/2021\/07\/secondo-weekend-al-luna-park-luinesi-voglia-uscire\/1361863\/\" \/>\n<meta property=\"og:site_name\" content=\"VareseNews\" \/>\n<meta property=\"article:publisher\" content=\"https:\/\/www.facebook.com\/varesenews\" \/>\n<meta property=\"article:author\" content=\"https:\/\/www.facebook.com\/andrea.camurani?fref=photo\" \/>\n<meta property=\"article:published_time\" content=\"2021-07-16T09:57:13+00:00\" \/>\n<meta name=\"author\" content=\"Andrea Camurani\" \/>\n<meta name=\"twitter:card\" content=\"summary_large_image\" \/>\n<meta name=\"twitter:creator\" content=\"@AndreaCamurani\" \/>\n<meta name=\"twitter:site\" content=\"@varesenews\" \/>\n<meta name=\"twitter:label1\" content=\"Scritto da\" \/>\n\t<meta name=\"twitter:data1\" content=\"Andrea Camurani\" \/>\n\t<meta name=\"twitter:label2\" content=\"Tempo di lettura stimato\" \/>\n\t<meta name=\"twitter:data2\" content=\"2 minuti\" \/>\n<script type=\"application\/ld+json\" class=\"yoast-schema-graph\">{\"@context\":\"https:\/\/schema.org\",\"@graph\":[{\"@type\":\"WebPage\",\"@id\":\"https:\/\/staging.varesenews.it\/2021\/07\/secondo-weekend-al-luna-park-luinesi-voglia-uscire\/1361863\/\",\"url\":\"https:\/\/staging.varesenews.it\/2021\/07\/secondo-weekend-al-luna-park-luinesi-voglia-uscire\/1361863\/\",\"name\":\"Il secondo weekend al luna park: \u201cI luinesi hanno voglia di uscire\\\"\",\"isPartOf\":{\"@id\":\"https:\/\/staging.varesenews.it\/#website\"},\"datePublished\":\"2021-07-16T09:57:13+00:00\",\"dateModified\":\"2021-07-16T09:57:13+00:00\",\"author\":{\"@id\":\"https:\/\/staging.varesenews.it\/#\/schema\/person\/3eb5832c6beae763de8d9596fdbe8c49\"},\"description\":\"L'attrazione sembra riscuotere il gradimento dei cittadini e dei giostrai che si aspettano un fine settimana spumeggiante\",\"breadcrumb\":{\"@id\":\"https:\/\/staging.varesenews.it\/2021\/07\/secondo-weekend-al-luna-park-luinesi-voglia-uscire\/1361863\/#breadcrumb\"},\"inLanguage\":\"it-IT\",\"potentialAction\":[{\"@type\":\"ReadAction\",\"target\":[\"https:\/\/staging.varesenews.it\/2021\/07\/secondo-weekend-al-luna-park-luinesi-voglia-uscire\/1361863\/\"]}]},{\"@type\":\"BreadcrumbList\",\"@id\":\"https:\/\/staging.varesenews.it\/2021\/07\/secondo-weekend-al-luna-park-luinesi-voglia-uscire\/1361863\/#breadcrumb\",\"itemListElement\":[{\"@type\":\"ListItem\",\"position\":1,\"name\":\"Home\",\"item\":\"https:\/\/www.varesenews.it\/\"},{\"@type\":\"ListItem\",\"position\":2,\"name\":\"Il secondo weekend al luna park: \u201cI luinesi hanno voglia di uscire&#8221;\"}]},{\"@type\":\"WebSite\",\"@id\":\"https:\/\/staging.varesenews.it\/#website\",\"url\":\"https:\/\/staging.varesenews.it\/\",\"name\":\"VareseNews\",\"description\":\"\",\"potentialAction\":[{\"@type\":\"SearchAction\",\"target\":{\"@type\":\"EntryPoint\",\"urlTemplate\":\"https:\/\/staging.varesenews.it\/?s={search_term_string}\"},\"query-input\":\"required name=search_term_string\"}],\"inLanguage\":\"it-IT\"},{\"@type\":\"Person\",\"@id\":\"https:\/\/staging.varesenews.it\/#\/schema\/person\/3eb5832c6beae763de8d9596fdbe8c49\",\"name\":\"Andrea Camurani\",\"image\":{\"@type\":\"ImageObject\",\"inLanguage\":\"it-IT\",\"@id\":\"https:\/\/staging.varesenews.it\/#\/schema\/person\/image\/\",\"url\":\"https:\/\/staging.varesenews.it\/wp-content\/uploads\/2020\/12\/andrea_camurani_colori_500.jpg\",\"contentUrl\":\"https:\/\/staging.varesenews.it\/wp-content\/uploads\/2020\/12\/andrea_camurani_colori_500.jpg\",\"caption\":\"Andrea Camurani\"},\"description\":\"Sono figlio degli anni Settanta e di Milano, dove ho imparato a riconoscere buoni e cattivi. Laurea in scienze politiche, lavoro a VareseNews dal 2000. Racconto quel che trovo quando incontro chi vuole lasciare al mondo un pezzetto di vita, che si chiama cronaca. &ldquo;...perch&eacute; &egrave; la gente il pi&ugrave; grande spettacolo del mondo. E non si paga il biglietto...&rdquo; (Charles Bukowsky)\",\"sameAs\":[\"https:\/\/www.facebook.com\/andrea.camurani?fref=photo\",\"andreacamurani\",\"https:\/\/www.linkedin.com\/hp\/?dnr=A9a84RfzsLdo9xg4NcGV4dLiMknoc9ms4WM\",\"https:\/\/twitter.com\/AndreaCamurani\"],\"url\":\"https:\/\/staging.varesenews.it\/persona\/andrea_camurani\/\"}]}<\/script>\n<!-- \/ Yoast SEO plugin. -->","yoast_head_json":{"title":"Il secondo weekend al luna park: \u201cI luinesi hanno voglia di uscire\"","description":"L'attrazione sembra riscuotere il gradimento dei cittadini e dei giostrai che si aspettano un fine settimana spumeggiante","robots":{"index":"noindex","follow":"follow","max-snippet":"max-snippet:-1","max-image-preview":"max-image-preview:large","max-video-preview":"max-video-preview:-1"},"og_locale":"it_IT","og_type":"article","og_title":"Il secondo weekend al luna park: \u201cI luinesi hanno voglia di uscire\"","og_description":"L'attrazione sembra riscuotere il gradimento dei cittadini e dei giostrai che si aspettano un fine settimana spumeggiante","og_url":"https:\/\/staging.varesenews.it\/2021\/07\/secondo-weekend-al-luna-park-luinesi-voglia-uscire\/1361863\/","og_site_name":"VareseNews","article_publisher":"https:\/\/www.facebook.com\/varesenews","article_author":"https:\/\/www.facebook.com\/andrea.camurani?fref=photo","article_published_time":"2021-07-16T09:57:13+00:00","author":"Andrea Camurani","twitter_card":"summary_large_image","twitter_creator":"@AndreaCamurani","twitter_site":"@varesenews","twitter_misc":{"Scritto da":"Andrea Camurani","Tempo di lettura stimato":"2 minuti"},"schema":{"@context":"https:\/\/schema.org","@graph":[{"@type":"WebPage","@id":"https:\/\/staging.varesenews.it\/2021\/07\/secondo-weekend-al-luna-park-luinesi-voglia-uscire\/1361863\/","url":"https:\/\/staging.varesenews.it\/2021\/07\/secondo-weekend-al-luna-park-luinesi-voglia-uscire\/1361863\/","name":"Il secondo weekend al luna park: \u201cI luinesi hanno voglia di uscire\"","isPartOf":{"@id":"https:\/\/staging.varesenews.it\/#website"},"datePublished":"2021-07-16T09:57:13+00:00","dateModified":"2021-07-16T09:57:13+00:00","author":{"@id":"https:\/\/staging.varesenews.it\/#\/schema\/person\/3eb5832c6beae763de8d9596fdbe8c49"},"description":"L'attrazione sembra riscuotere il gradimento dei cittadini e dei giostrai che si aspettano un fine settimana spumeggiante","breadcrumb":{"@id":"https:\/\/staging.varesenews.it\/2021\/07\/secondo-weekend-al-luna-park-luinesi-voglia-uscire\/1361863\/#breadcrumb"},"inLanguage":"it-IT","potentialAction":[{"@type":"ReadAction","target":["https:\/\/staging.varesenews.it\/2021\/07\/secondo-weekend-al-luna-park-luinesi-voglia-uscire\/1361863\/"]}]},{"@type":"BreadcrumbList","@id":"https:\/\/staging.varesenews.it\/2021\/07\/secondo-weekend-al-luna-park-luinesi-voglia-uscire\/1361863\/#breadcrumb","itemListElement":[{"@type":"ListItem","position":1,"name":"Home","item":"https:\/\/www.varesenews.it\/"},{"@type":"ListItem","position":2,"name":"Il secondo weekend al luna park: \u201cI luinesi hanno voglia di uscire&#8221;"}]},{"@type":"WebSite","@id":"https:\/\/staging.varesenews.it\/#website","url":"https:\/\/staging.varesenews.it\/","name":"VareseNews","description":"","potentialAction":[{"@type":"SearchAction","target":{"@type":"EntryPoint","urlTemplate":"https:\/\/staging.varesenews.it\/?s={search_term_string}"},"query-input":"required name=search_term_string"}],"inLanguage":"it-IT"},{"@type":"Person","@id":"https:\/\/staging.varesenews.it\/#\/schema\/person\/3eb5832c6beae763de8d9596fdbe8c49","name":"Andrea Camurani","image":{"@type":"ImageObject","inLanguage":"it-IT","@id":"https:\/\/staging.varesenews.it\/#\/schema\/person\/image\/","url":"https:\/\/staging.varesenews.it\/wp-content\/uploads\/2020\/12\/andrea_camurani_colori_500.jpg","contentUrl":"https:\/\/staging.varesenews.it\/wp-content\/uploads\/2020\/12\/andrea_camurani_colori_500.jpg","caption":"Andrea Camurani"},"description":"Sono figlio degli anni Settanta e di Milano, dove ho imparato a riconoscere buoni e cattivi. Laurea in scienze politiche, lavoro a VareseNews dal 2000. Racconto quel che trovo quando incontro chi vuole lasciare al mondo un pezzetto di vita, che si chiama cronaca. &ldquo;...perch&eacute; &egrave; la gente il pi&ugrave; grande spettacolo del mondo. E non si paga il biglietto...&rdquo; (Charles Bukowsky)","sameAs":["https:\/\/www.facebook.com\/andrea.camurani?fref=photo","andreacamurani","https:\/\/www.linkedin.com\/hp\/?dnr=A9a84RfzsLdo9xg4NcGV4dLiMknoc9ms4WM","https:\/\/twitter.com\/AndreaCamurani"],"url":"https:\/\/staging.varesenews.it\/persona\/andrea_camurani\/"}]}},"post_meta":{"_edit_lock":"1626429305:34","_edit_last":"34","_category_permalink":"a:1:{s:8:\"category\";s:0:\"\";}","_encloseme":"1","ratings_users":"0","ratings_score":"0","ratings_average":"0","foto":"1236779","id_link_fotogallery":"1361862","firma_come_redazione":"1","firma-personalizzata":"i.n.","argomento":"Luino","_yoast_wpseo_content_score":"30","_jd_tweet_this":"yes","_wpt_short_url":"https:\/\/www.varesenews.it\/2021\/07\/secondo-weekend-al-luna-park-luinesi-voglia-uscire\/1361863\/","_wp_jd_target":"https:\/\/www.varesenews.it\/2021\/07\/secondo-weekend-al-luna-park-luinesi-voglia-uscire\/1361863\/","_jd_wp_twitter":"a:1:{i:0;s:175:\"Il secondo weekend al luna park: \u201cI luinesi hanno voglia di uscire\u201d https:\/\/www.varesenews.it\/2021\/07\/secondo-weekend-al-luna-park-luinesi-voglia-uscire\/1361863\/ #lunapark\";}","_wpt_status_message":"Tweet inviato con successo.","_oembed_46dbb25cb55a83a5c2644e3f9d43bf2c":"<blockquote class=\"wp-embedded-content\" data-secret=\"bDlARfqlIa\"><a href=\"https:\/\/www.varesenews.it\/2021\/07\/ticino-consigliere-zali-visita-laeroporto-magadino-devastato-dal-maltempo\/1361101\/\">Ticino, il consigliere di Stato Zali visita l&#8217;aeroporto di Magadino devastato dal maltempo<\/a><\/blockquote><iframe class=\"wp-embedded-content\" sandbox=\"allow-scripts\" security=\"restricted\" style=\"position: absolute; clip: rect(1px, 1px, 1px, 1px);\" src=\"https:\/\/www.varesenews.it\/2021\/07\/ticino-consigliere-zali-visita-laeroporto-magadino-devastato-dal-maltempo\/1361101\/embed\/#?secret=bDlARfqlIa\" data-secret=\"bDlARfqlIa\" width=\"500\" height=\"282\" title=\"&#8220;Ticino, il consigliere di Stato Zali visita l&#8217;aeroporto di Magadino devastato dal maltempo&#8221; &#8212; VareseNews\" frameborder=\"0\" marginwidth=\"0\" marginheight=\"0\" scrolling=\"no\"><\/iframe>","_oembed_time_46dbb25cb55a83a5c2644e3f9d43bf2c":"1626429652","_oembed_28bb3bfb015bcfe0a81102566ff5502f":"<blockquote class=\"wp-embedded-content\" data-secret=\"nd0oa4m7e8\"><a href=\"https:\/\/www.varesenews.it\/2021\/07\/maltempo-canton-ticino-crolla-tetto-un-hangar-allaeroporto-locarno\/1360708\/\">Maltempo in Canton Ticino, crolla il tetto di un hangar all&#8217;aeroporto di Locarno<\/a><\/blockquote><iframe class=\"wp-embedded-content\" sandbox=\"allow-scripts\" security=\"restricted\" style=\"position: absolute; clip: rect(1px, 1px, 1px, 1px);\" src=\"https:\/\/www.varesenews.it\/2021\/07\/maltempo-canton-ticino-crolla-tetto-un-hangar-allaeroporto-locarno\/1360708\/embed\/#?secret=nd0oa4m7e8\" data-secret=\"nd0oa4m7e8\" width=\"500\" height=\"282\" title=\"&#8220;Maltempo in Canton Ticino, crolla il tetto di un hangar all&#8217;aeroporto di Locarno&#8221; &#8212; VareseNews\" frameborder=\"0\" marginwidth=\"0\" marginheight=\"0\" scrolling=\"no\"><\/iframe>","_oembed_time_28bb3bfb015bcfe0a81102566ff5502f":"1626429652","_oembed_fbec61ab854bbce025097c3b640ed03d":"<blockquote class=\"wp-embedded-content\" data-secret=\"sOmeNTPZlN\"><a href=\"https:\/\/www.varesenews.it\/2021\/07\/arriva-green-pass-europeo-funziona-ottenerlo\/1356512\/\">Arriva il &#8220;green pass&#8221; europeo, come funziona e come ottenerlo<\/a><\/blockquote><iframe class=\"wp-embedded-content\" sandbox=\"allow-scripts\" security=\"restricted\" style=\"position: absolute; clip: rect(1px, 1px, 1px, 1px);\" src=\"https:\/\/www.varesenews.it\/2021\/07\/arriva-green-pass-europeo-funziona-ottenerlo\/1356512\/embed\/#?secret=sOmeNTPZlN\" data-secret=\"sOmeNTPZlN\" width=\"500\" height=\"282\" title=\"&#8220;Arriva il &#8220;green pass&#8221; europeo, come funziona e come ottenerlo&#8221; &#8212; VareseNews\" frameborder=\"0\" marginwidth=\"0\" marginheight=\"0\" scrolling=\"no\"><\/iframe>","_oembed_time_fbec61ab854bbce025097c3b640ed03d":"1626429652","_oembed_bb6d4b0c96847db1f964f7c92cba7340":"<blockquote class=\"wp-embedded-content\" data-secret=\"YLPa60ysum\"><a href=\"https:\/\/www.varesenews.it\/2021\/07\/michelle-hunziker-testimonial-della-svizzera-viaggio-inizia-gli-chef-cracco-caminada\/1358349\/\">Michelle Hunziker testimonial della Svizzera, il viaggio inizia con gli chef Cracco e Caminada<\/a><\/blockquote><iframe class=\"wp-embedded-content\" sandbox=\"allow-scripts\" security=\"restricted\" style=\"position: absolute; clip: rect(1px, 1px, 1px, 1px);\" src=\"https:\/\/www.varesenews.it\/2021\/07\/michelle-hunziker-testimonial-della-svizzera-viaggio-inizia-gli-chef-cracco-caminada\/1358349\/embed\/#?secret=YLPa60ysum\" data-secret=\"YLPa60ysum\" width=\"500\" height=\"282\" title=\"&#8220;Michelle Hunziker testimonial della Svizzera, il viaggio inizia con gli chef Cracco e Caminada&#8221; &#8212; VareseNews\" frameborder=\"0\" marginwidth=\"0\" marginheight=\"0\" scrolling=\"no\"><\/iframe>","_oembed_time_bb6d4b0c96847db1f964f7c92cba7340":"1626429652","_oembed_0e5044844a5701cbc22ac966521186bc":"<blockquote class=\"wp-embedded-content\" data-secret=\"PdZwGaFGMA\"><a href=\"https:\/\/www.varesenews.it\/2021\/05\/stregavarese-potere-della-scrittura-nelle-due-vite-emanuele-trevi\/1340610\/\">StregaVarese: Il potere della scrittura nelle &#8220;Due vite&#8221; di Emanuele Trevi<\/a><\/blockquote><iframe class=\"wp-embedded-content\" sandbox=\"allow-scripts\" security=\"restricted\" style=\"position: absolute; clip: rect(1px, 1px, 1px, 1px);\" src=\"https:\/\/www.varesenews.it\/2021\/05\/stregavarese-potere-della-scrittura-nelle-due-vite-emanuele-trevi\/1340610\/embed\/#?secret=PdZwGaFGMA\" data-secret=\"PdZwGaFGMA\" width=\"500\" height=\"282\" title=\"&#8220;StregaVarese: Il potere della scrittura nelle &#8220;Due vite&#8221; di Emanuele Trevi&#8221; &#8212; VareseNews\" frameborder=\"0\" marginwidth=\"0\" marginheight=\"0\" scrolling=\"no\"><\/iframe>","_oembed_time_0e5044844a5701cbc22ac966521186bc":"1626429653","_oembed_f13e0d30808ff6708599194ea74185d1":"<blockquote class=\"wp-embedded-content\" data-secret=\"127KmMhy9g\"><a href=\"https:\/\/www.varesenews.it\/2021\/07\/processo-mensa-dei-poveri-tutti-rinviati-giudizio\/1361590\/\">Processo Mensa dei poveri, tutti rinviati a giudizio<\/a><\/blockquote><iframe class=\"wp-embedded-content\" sandbox=\"allow-scripts\" security=\"restricted\" style=\"position: absolute; clip: rect(1px, 1px, 1px, 1px);\" src=\"https:\/\/www.varesenews.it\/2021\/07\/processo-mensa-dei-poveri-tutti-rinviati-giudizio\/1361590\/embed\/#?secret=127KmMhy9g\" data-secret=\"127KmMhy9g\" width=\"500\" height=\"282\" title=\"&#8220;Processo Mensa dei poveri, tutti rinviati a giudizio&#8221; &#8212; VareseNews\" frameborder=\"0\" marginwidth=\"0\" marginheight=\"0\" scrolling=\"no\"><\/iframe>","_oembed_time_f13e0d30808ff6708599194ea74185d1":"1626429723","_oembed_6fef65172dd0e732af90a9c5f514b072":"<blockquote class=\"wp-embedded-content\" data-secret=\"1lVfeRiS02\"><a href=\"https:\/\/www.varesenews.it\/2020\/06\/cemento-azione-responsabilita-amsc-due-nodi-dellinchiesta-gallarate\/934046\/\">Cemento e azione di responsabilit\u00e0 di Amsc, i due &#8220;nodi&#8221; dell&#8217;inchiesta a Gallarate<\/a><\/blockquote><iframe class=\"wp-embedded-content\" sandbox=\"allow-scripts\" security=\"restricted\" style=\"position: absolute; clip: rect(1px, 1px, 1px, 1px);\" src=\"https:\/\/www.varesenews.it\/2020\/06\/cemento-azione-responsabilita-amsc-due-nodi-dellinchiesta-gallarate\/934046\/embed\/#?secret=1lVfeRiS02\" data-secret=\"1lVfeRiS02\" width=\"500\" height=\"282\" title=\"&#8220;Cemento e azione di responsabilit\u00e0 di Amsc, i due &#8220;nodi&#8221; dell&#8217;inchiesta a Gallarate&#8221; &#8212; VareseNews\" frameborder=\"0\" marginwidth=\"0\" marginheight=\"0\" scrolling=\"no\"><\/iframe>","_oembed_time_6fef65172dd0e732af90a9c5f514b072":"1626429723","_oembed_595f5510ea2aba3a950fef15cb3d9610":"<blockquote class=\"wp-embedded-content\" data-secret=\"K7GbGoF2Up\"><a href=\"https:\/\/www.varesenews.it\/2021\/03\/comune-gallarate-parte-civile-nel-processo-mensa-dei-poveri-coinvolge-anche-sindaco\/1318898\/\">Il Comune di Gallarate \u00e8 parte civile nel processo &#8220;Mensa dei poveri&#8221; che coinvolge anche il sindaco<\/a><\/blockquote><iframe class=\"wp-embedded-content\" sandbox=\"allow-scripts\" security=\"restricted\" style=\"position: absolute; clip: rect(1px, 1px, 1px, 1px);\" src=\"https:\/\/www.varesenews.it\/2021\/03\/comune-gallarate-parte-civile-nel-processo-mensa-dei-poveri-coinvolge-anche-sindaco\/1318898\/embed\/#?secret=K7GbGoF2Up\" data-secret=\"K7GbGoF2Up\" width=\"500\" height=\"282\" title=\"&#8220;Il Comune di Gallarate \u00e8 parte civile nel processo &#8220;Mensa dei poveri&#8221; che coinvolge anche il sindaco&#8221; &#8212; VareseNews\" frameborder=\"0\" marginwidth=\"0\" marginheight=\"0\" scrolling=\"no\"><\/iframe>","_oembed_time_595f5510ea2aba3a950fef15cb3d9610":"1626429723","_oembed_e730c274378e091865e4883b89165205":"<blockquote class=\"wp-embedded-content\" data-secret=\"3K19yV0M9r\"><a href=\"https:\/\/www.varesenews.it\/2021\/07\/maxi-centro-logistico-nel-corridoio-ecologico-pd-cassano-magnago-chiede-chiarimenti\/1361473\/\">Maxi-centro logistico nel corridoio ecologico? Il Pd di Cassano Magnago chiede chiarimenti<\/a><\/blockquote><iframe class=\"wp-embedded-content\" sandbox=\"allow-scripts\" security=\"restricted\" style=\"position: absolute; clip: rect(1px, 1px, 1px, 1px);\" src=\"https:\/\/www.varesenews.it\/2021\/07\/maxi-centro-logistico-nel-corridoio-ecologico-pd-cassano-magnago-chiede-chiarimenti\/1361473\/embed\/#?secret=3K19yV0M9r\" data-secret=\"3K19yV0M9r\" width=\"500\" height=\"282\" title=\"&#8220;Maxi-centro logistico nel corridoio ecologico? Il Pd di Cassano Magnago chiede chiarimenti&#8221; &#8212; VareseNews\" frameborder=\"0\" marginwidth=\"0\" marginheight=\"0\" scrolling=\"no\"><\/iframe>","_oembed_time_e730c274378e091865e4883b89165205":"1626429723","_oembed_58c5c203131b3b59a4e26aedaaae4654":"<blockquote class=\"wp-embedded-content\" data-secret=\"3r447Dk2Wn\"><a href=\"https:\/\/www.varesenews.it\/2021\/07\/futuro-palazzo-minoletti-gallarate-lo-scontro-social-gnocchi-battaglia\/1361116\/\">Il futuro di Palazzo Minoletti: lo scontro social tra Obiettivo Comune e Pi\u00f9 Gallarate<\/a><\/blockquote><iframe class=\"wp-embedded-content\" sandbox=\"allow-scripts\" security=\"restricted\" style=\"position: absolute; clip: rect(1px, 1px, 1px, 1px);\" src=\"https:\/\/www.varesenews.it\/2021\/07\/futuro-palazzo-minoletti-gallarate-lo-scontro-social-gnocchi-battaglia\/1361116\/embed\/#?secret=3r447Dk2Wn\" data-secret=\"3r447Dk2Wn\" width=\"500\" height=\"282\" title=\"&#8220;Il futuro di Palazzo Minoletti: lo scontro social tra Obiettivo Comune e Pi\u00f9 Gallarate&#8221; &#8212; VareseNews\" frameborder=\"0\" marginwidth=\"0\" marginheight=\"0\" scrolling=\"no\"><\/iframe>","_oembed_time_58c5c203131b3b59a4e26aedaaae4654":"1626429723","_oembed_8a49d834c0baaf0d50c470ad74dd132d":"<blockquote class=\"wp-embedded-content\" data-secret=\"j4PrMRHh9r\"><a href=\"https:\/\/www.varesenews.it\/2021\/06\/cassano-magnago-fagnano-olona-torna-lombra-del-maxi-centro-logistico\/1351006\/\">Tra Cassano Magnago e Fagnano Olona torna l&#8217;ombra del maxi-centro logistico<\/a><\/blockquote><iframe class=\"wp-embedded-content\" sandbox=\"allow-scripts\" security=\"restricted\" style=\"position: absolute; clip: rect(1px, 1px, 1px, 1px);\" src=\"https:\/\/www.varesenews.it\/2021\/06\/cassano-magnago-fagnano-olona-torna-lombra-del-maxi-centro-logistico\/1351006\/embed\/#?secret=j4PrMRHh9r\" data-secret=\"j4PrMRHh9r\" width=\"500\" height=\"282\" title=\"&#8220;Tra Cassano Magnago e Fagnano Olona torna l&#8217;ombra del maxi-centro logistico&#8221; &#8212; VareseNews\" frameborder=\"0\" marginwidth=\"0\" marginheight=\"0\" scrolling=\"no\"><\/iframe>","_oembed_time_8a49d834c0baaf0d50c470ad74dd132d":"1626429723","_oembed_d68d18ca1b00fec6a5674b3eedba0713":"<iframe width=\"500\" height=\"281\" src=\"https:\/\/www.youtube.com\/embed\/_wOICJBFoeA?feature=oembed\" frameborder=\"0\" allow=\"accelerometer; autoplay; clipboard-write; encrypted-media; gyroscope; picture-in-picture\" allowfullscreen><\/iframe>","_oembed_time_d68d18ca1b00fec6a5674b3eedba0713":"1626429723","_oembed_6d8dbc8ab2c7c15c62c00edb88f69c5b":"<iframe width=\"500\" height=\"281\" src=\"https:\/\/www.youtube.com\/embed\/videoseries?list=PLL44kuYYS8ynPBfw-8j17y1JDNQAiCCwA\" frameborder=\"0\" allow=\"accelerometer; autoplay; clipboard-write; encrypted-media; gyroscope; picture-in-picture\" allowfullscreen><\/iframe>","_oembed_time_6d8dbc8ab2c7c15c62c00edb88f69c5b":"1626429731"},"photos":[{"original":"https:\/\/staging.varesenews.it\/photogallery_new\/images\/2021\/07\/caricamento-temporaneo-per-contributo-1626427685spok55oml1xoh5zu-1236779.jpg","full":"https:\/\/staging.varesenews.it\/photogallery_new\/images\/2021\/07\/caricamento-temporaneo-per-contributo-1626427685spok55oml1xoh5zu-1236779.1024x768.jpg","large":"https:\/\/staging.varesenews.it\/photogallery_new\/images\/2021\/07\/caricamento-temporaneo-per-contributo-1626427685spok55oml1xoh5zu-1236779.610x431.jpg"}],"_links":{"self":[{"href":"https:\/\/staging.varesenews.it\/swgapi\/v1\/wp\/v2\/posts\/1361863"}],"collection":[{"href":"https:\/\/staging.varesenews.it\/swgapi\/v1\/wp\/v2\/posts"}],"about":[{"href":"https:\/\/staging.varesenews.it\/swgapi\/v1\/wp\/v2\/types\/post"}],"author":[{"embeddable":true,"href":"https:\/\/staging.varesenews.it\/swgapi\/v1\/wp\/v2\/users\/34"}],"replies":[{"embeddable":true,"href":"https:\/\/staging.varesenews.it\/swgapi\/v1\/wp\/v2\/comments?post=1361863"}],"version-history":[{"count":0,"href":"https:\/\/staging.varesenews.it\/swgapi\/v1\/wp\/v2\/posts\/1361863\/revisions"}],"wp:attachment":[{"href":"https:\/\/staging.varesenews.it\/swgapi\/v1\/wp\/v2\/media?parent=1361863"}],"wp:term":[{"taxonomy":"category","embeddable":true,"href":"https:\/\/staging.varesenews.it\/swgapi\/v1\/wp\/v2\/categories?post=1361863"},{"taxonomy":"post_tag","embeddable":true,"href":"https:\/\/staging.varesenews.it\/swgapi\/v1\/wp\/v2\/tags?post=1361863"}],"curies":[{"name":"wp","href":"https:\/\/api.w.org\/{rel}","templated":true}]}}