{"id":1362847,"date":"2021-07-19T18:10:36","date_gmt":"2021-07-19T16:10:36","guid":{"rendered":"https:\/\/www.varesenews.it\/?p=1362847"},"modified":"2021-07-19T18:13:07","modified_gmt":"2021-07-19T16:13:07","slug":"cassano-magnago-sostiene-nidi-privati","status":"publish","type":"post","link":"https:\/\/staging.varesenews.it\/2021\/07\/cassano-magnago-sostiene-nidi-privati\/1362847\/","title":{"rendered":"Cassano Magnago sostiene i nidi privati"},"content":{"rendered":"<p>Dopo l&#8217;approvazione nella seduta del consiglio comunale di <strong>Cassano Magnago<\/strong>, lo scorso 28 giugno, delle nuove convenzioni con le scuole materne (con la novit\u00e0 della durata quinquennale e dell&#8217;inclusione nella convenzione del sostegno alla disabilit\u00e0 e delle fragilit\u00e0 sociali) la scorsa settimana la giunta comunale ha votato la convenzione con i nidi privati.<\/p>\n<p>Nello specifico, si tratta del nido<strong> Sulle tue tracce<\/strong>: ci saranno 15 posti a disposizione delle famiglie che possono accedere alla misura nidi gratis, confermata anche per il 2020 e il 2021.<\/p>\n<p>\u00abLo sforzo di questa amministrazione che mette al centro da sempre la tutela della famiglia ed il sostegno alle situazioni di difficolt\u00e0 ha portato quest&#8217;anno a raggiungere un traguardo importante, come si \u00e8 detto, con la convenzione con le scuole materne prolungando la durata della convenzione (solitamente triennale ed ultimamente anche annuale) permettendo alle direzioni didattiche delle scuole materne cittadine una programmazione serena delle attivit\u00e0 e degli investimenti, migliorando ulteriormente il gi\u00e0 ottimo livello del servizio offerto alle famiglie cassanesi\u00bb, ha spiegato l&#8217;assessora all&#8217;Istruzione <strong>Elena Giardini.<\/strong><\/p>\n<h3>Le convenzioni<\/h3>\n<p>Le nuove convenzioni hanno validit\u00e0 dal 1 settembre 2021 al 31 agosto 2026.\u00a0Il calendario e l\u2019orario scolastico dovranno essere conformati a quelli stabiliti dalle norme vigenti, salvo la<br \/>\nfacolt\u00e0, per la scuola dell\u2019infanzia, di offrire maggiori prestazioni.\u00a0Il numero dei bambini per ogni classe dovr\u00e0 essere compreso tra i 18 ed i 28 alunni, con possibilit\u00e0 di riduzione del numero nel caso di sezione unica e nei casi previsti dalle vigenti leggi anche in relazione alle normative per il contenimento del contagio da Covid-19.<\/p>\n<p>La scuola dell\u2019infanzia determiner\u00e0 in accordo con l&#8217; amministrazione comunale le rette da applicare sulla base della certificazione Isee, prima dell\u2019inizio di ogni anno scolastico.Il Comune preveder\u00e0 annualmente, con apposito stanziamento nel bilancio di previsione, il contributo finanziario da erogare alla scuola dell\u2019infanzia per contribuire al funzionamento dei servizi ordinari. Il contributo annuo verr\u00e0 definito secondo le seguenti modalit\u00e0:<\/p>\n<ul>\n<li>Contributo per sezione: per gli anni scolastici 2021\/2022 e 2022\/2023 euro 25.000,00= per l&#8217;anno scolastico 2023\/2024 Euro 25.000,00 per l&#8217;anno scolastico 2024\/2025 Euro. 24.000,00 per l&#8217;anno scolastico 2025\/2026 Euro. 22.500,00;<\/li>\n<li>Contributo per alunno (contributo per ciascun alunno residente a Cassano Magnago e che abbia almeno un genitore residente a Cassano Magnago). Per gli anni scolastici 2021\/2022 e 2022\/2023 euro 600.00 per l&#8217;anno scolastico 2023\/2024 Euro 550,00 per l&#8217;anno scolastico 2024\/2025 Euro. 500,00 per l&#8217;anno scolastico 2025\/2026 Euro 500,00:<\/li>\n<li>Contributi sostegno alla disabilit\u00e0: per gli alunni diversamente abili residenti sia in et\u00e0 pre-scolare che in et\u00e0 scolare il Comune erogher\u00e0 un contributo specifico per ogni ora di sostegno assegnata sulla base della diagnosi funzionale rilasciata dall\u2019 A.T.S. (Agenzia di tutela della salute) competente o da una associazione convenzionata;<\/li>\n<li>Contributi alunni ammessi alla frequenza con agevolazioni od esenzioni. Il Comune provveder\u00e0, inoltre, a liquidare alla scuola dell\u2019infanzia un contributo ad integrazione delle agevolazioni o esenzioni concesse alle famiglie di bambini residenti e che abbiano almeno un genitore residente, come previsto dalla Giunta Comunale con la deliberazione con la quale ogni anno sono approvate le tariffe, a compensazione delle agevolazioni stesse;<\/li>\n<li>Contributi straordinari per eventuali e ulteriori contributi di natura straordinaria potranno essere erogati sulla base di specifiche richieste inoltrate dalla scuola dell&#8217;infanzia che dovranno essere esaminate dalla commissione paritetica di cui al successivo articolo 12 che le inoltrer\u00e0 corredate dal proprio parere alla commissione di partecipazione \u201cProgrammazione diritto allo studio e problematiche scolastiche\u201d.<\/li>\n<\/ul>\n<h3>Investimenti per il servizio nido<\/h3>\n<p>Risale a poche settimane fa infatti la conferma da parte della Regione Lombardia della misura <strong>nidi gratis<\/strong> che consente alle famiglie con Isee uguale o inferiore a 20.000 euro di accedere al servizio educativo dedicato ai bambini da 6 mesi a 3 anni gratuitamente.<br \/>\nLe famiglie dovranno versare solo una parte della retta (che poi verr\u00e0 rimborsata dall&#8217;Inps). Ma condizione essenziale \u00e8 che le strutture frequentate dall&#8217;infante siano comunali o convenzionate con il comune. Ogni anno sono decine le famiglie che non trovano collocazione all&#8217;interno del servizio comunale, rischiando di perdere anche l&#8217;opportunit\u00e0 di accedere alla misura nidi gratis.<\/p>\n<p>\u00abEcco perch\u00e9 il comune di Cassano Magnago anche per il prossimo anno scolastico ha deciso di &#8220;acquistare&#8221; alcuni posti convenzionandosi con una struttura dall&#8217;eccellente servizio, con la quale condivide l&#8217;attenzione educativa sulla fascia dei pi\u00f9 piccoli. Anche in questo passo una piccola novit\u00e0: rispetto allo scorso anno sono aumentati i posti da 13 a 15, cercando cos\u00ec di esaudire il desiderio di estendere a pi\u00f9 famiglie la possibilit\u00e0 di partecipare alla misura nidi gratis. Devo un ringraziamento personale ai presidenti delle scuole Materne e al Presidente del nido &#8220;Sulle tue tracce &#8220;, sempre pronti a trovare soluzioni che salvaguardino innanzitutto la loro missione, che non mette al primo posto il guadagno ma il bene dei nostri bambini. Che questo anno difficile, ci abbia reso tutti ancora pi\u00f9 consapevoli di quali sono i beni davvero necessari? Sono grata di far parte di questa amministrazione che non ha mai perso di vista l&#8217;importanza<br \/>\ndell&#8217;educazione, la custodia e la cura di pi\u00f9 deboli\u00bb, ha concluso l&#8217;assessora.<\/p>\n<p>&nbsp;<\/p>\n","protected":false},"excerpt":{"rendered":"<p>Dopo la convenzione con le scuole materne di Cassano Magnago, ora anche quella con i nidi privati: 15 posti gratuiti cui potranno accedere le famiglie in difficolt\u00e0<\/p>\n","protected":false},"author":46,"featured_media":0,"comment_status":"open","ping_status":"open","sticky":false,"template":"","format":"standard","meta":{"footnotes":""},"categories":[3],"tags":[],"acf":[],"yoast_head":"<!-- This site is optimized with the Yoast SEO plugin v20.1 - https:\/\/yoast.com\/wordpress\/plugins\/seo\/ -->\n<title>Cassano Magnago sostiene i nidi privati<\/title>\n<meta name=\"description\" content=\"Dopo la convenzione con le scuole materne di Cassano Magnago, ora anche quella con i nidi privati: 15 posti gratuiti cui potranno accedere le famiglie in difficolt\u00e0\" \/>\n<meta name=\"robots\" content=\"noindex, follow, max-snippet:-1, max-image-preview:large, max-video-preview:-1\" \/>\n<meta property=\"og:locale\" content=\"it_IT\" \/>\n<meta property=\"og:type\" content=\"article\" \/>\n<meta property=\"og:title\" content=\"Cassano Magnago sostiene i nidi privati\" \/>\n<meta property=\"og:description\" content=\"Dopo la convenzione con le scuole materne di Cassano Magnago, ora anche quella con i nidi privati: 15 posti gratuiti cui potranno accedere le famiglie in difficolt\u00e0\" \/>\n<meta property=\"og:url\" content=\"https:\/\/staging.varesenews.it\/2021\/07\/cassano-magnago-sostiene-nidi-privati\/1362847\/\" \/>\n<meta property=\"og:site_name\" content=\"VareseNews\" \/>\n<meta property=\"article:publisher\" content=\"https:\/\/www.facebook.com\/varesenews\" \/>\n<meta property=\"article:published_time\" content=\"2021-07-19T16:10:36+00:00\" \/>\n<meta property=\"article:modified_time\" content=\"2021-07-19T16:13:07+00:00\" \/>\n<meta name=\"author\" content=\"Roberto Morandi\" \/>\n<meta name=\"twitter:card\" content=\"summary_large_image\" \/>\n<meta name=\"twitter:creator\" content=\"@ilmorands\" \/>\n<meta name=\"twitter:site\" content=\"@varesenews\" \/>\n<meta name=\"twitter:label1\" content=\"Scritto da\" \/>\n\t<meta name=\"twitter:data1\" content=\"Roberto Morandi\" \/>\n\t<meta name=\"twitter:label2\" content=\"Tempo di lettura stimato\" \/>\n\t<meta name=\"twitter:data2\" content=\"4 minuti\" \/>\n<script type=\"application\/ld+json\" class=\"yoast-schema-graph\">{\"@context\":\"https:\/\/schema.org\",\"@graph\":[{\"@type\":\"WebPage\",\"@id\":\"https:\/\/staging.varesenews.it\/2021\/07\/cassano-magnago-sostiene-nidi-privati\/1362847\/\",\"url\":\"https:\/\/staging.varesenews.it\/2021\/07\/cassano-magnago-sostiene-nidi-privati\/1362847\/\",\"name\":\"Cassano Magnago sostiene i nidi privati\",\"isPartOf\":{\"@id\":\"https:\/\/staging.varesenews.it\/#website\"},\"datePublished\":\"2021-07-19T16:10:36+00:00\",\"dateModified\":\"2021-07-19T16:13:07+00:00\",\"author\":{\"@id\":\"https:\/\/staging.varesenews.it\/#\/schema\/person\/efe592ae4c76536b551f89d8b6674bc3\"},\"description\":\"Dopo la convenzione con le scuole materne di Cassano Magnago, ora anche quella con i nidi privati: 15 posti gratuiti cui potranno accedere le famiglie in difficolt\u00e0\",\"breadcrumb\":{\"@id\":\"https:\/\/staging.varesenews.it\/2021\/07\/cassano-magnago-sostiene-nidi-privati\/1362847\/#breadcrumb\"},\"inLanguage\":\"it-IT\",\"potentialAction\":[{\"@type\":\"ReadAction\",\"target\":[\"https:\/\/staging.varesenews.it\/2021\/07\/cassano-magnago-sostiene-nidi-privati\/1362847\/\"]}]},{\"@type\":\"BreadcrumbList\",\"@id\":\"https:\/\/staging.varesenews.it\/2021\/07\/cassano-magnago-sostiene-nidi-privati\/1362847\/#breadcrumb\",\"itemListElement\":[{\"@type\":\"ListItem\",\"position\":1,\"name\":\"Home\",\"item\":\"https:\/\/www.varesenews.it\/\"},{\"@type\":\"ListItem\",\"position\":2,\"name\":\"Cassano Magnago sostiene i nidi privati\"}]},{\"@type\":\"WebSite\",\"@id\":\"https:\/\/staging.varesenews.it\/#website\",\"url\":\"https:\/\/staging.varesenews.it\/\",\"name\":\"VareseNews\",\"description\":\"\",\"potentialAction\":[{\"@type\":\"SearchAction\",\"target\":{\"@type\":\"EntryPoint\",\"urlTemplate\":\"https:\/\/staging.varesenews.it\/?s={search_term_string}\"},\"query-input\":\"required name=search_term_string\"}],\"inLanguage\":\"it-IT\"},{\"@type\":\"Person\",\"@id\":\"https:\/\/staging.varesenews.it\/#\/schema\/person\/efe592ae4c76536b551f89d8b6674bc3\",\"name\":\"Roberto Morandi\",\"image\":{\"@type\":\"ImageObject\",\"inLanguage\":\"it-IT\",\"@id\":\"https:\/\/staging.varesenews.it\/#\/schema\/person\/image\/\",\"url\":\"https:\/\/staging.varesenews.it\/wp-content\/uploads\/2020\/12\/roberto_morandi_colori_500.jpg\",\"contentUrl\":\"https:\/\/staging.varesenews.it\/wp-content\/uploads\/2020\/12\/roberto_morandi_colori_500.jpg\",\"caption\":\"Roberto Morandi\"},\"description\":\"Classe 1980, laureato in storia, mi occupo dell&rsquo;area di Gallarate e di Malpensa, di trasporti e mobilit&agrave;. Amo molto la dimensione della citt&agrave;, come luogo d&rsquo;incontro di persone diverse e come organismo che si trasforma costantemente. Mi piace anche raccontare le piccole e grandi vicende, anche locali, che compongono la Storia con la S maiuscola. Appassionato di bicicletta: la macchina perfetta per muoversi in citt&agrave; e per viaggiare.\",\"sameAs\":[\"https:\/\/twitter.com\/ilmorands\"],\"url\":\"https:\/\/staging.varesenews.it\/persona\/roberto-morandi1\/\"}]}<\/script>\n<!-- \/ Yoast SEO plugin. -->","yoast_head_json":{"title":"Cassano Magnago sostiene i nidi privati","description":"Dopo la convenzione con le scuole materne di Cassano Magnago, ora anche quella con i nidi privati: 15 posti gratuiti cui potranno accedere le famiglie in difficolt\u00e0","robots":{"index":"noindex","follow":"follow","max-snippet":"max-snippet:-1","max-image-preview":"max-image-preview:large","max-video-preview":"max-video-preview:-1"},"og_locale":"it_IT","og_type":"article","og_title":"Cassano Magnago sostiene i nidi privati","og_description":"Dopo la convenzione con le scuole materne di Cassano Magnago, ora anche quella con i nidi privati: 15 posti gratuiti cui potranno accedere le famiglie in difficolt\u00e0","og_url":"https:\/\/staging.varesenews.it\/2021\/07\/cassano-magnago-sostiene-nidi-privati\/1362847\/","og_site_name":"VareseNews","article_publisher":"https:\/\/www.facebook.com\/varesenews","article_published_time":"2021-07-19T16:10:36+00:00","article_modified_time":"2021-07-19T16:13:07+00:00","author":"Roberto Morandi","twitter_card":"summary_large_image","twitter_creator":"@ilmorands","twitter_site":"@varesenews","twitter_misc":{"Scritto da":"Roberto Morandi","Tempo di lettura stimato":"4 minuti"},"schema":{"@context":"https:\/\/schema.org","@graph":[{"@type":"WebPage","@id":"https:\/\/staging.varesenews.it\/2021\/07\/cassano-magnago-sostiene-nidi-privati\/1362847\/","url":"https:\/\/staging.varesenews.it\/2021\/07\/cassano-magnago-sostiene-nidi-privati\/1362847\/","name":"Cassano Magnago sostiene i nidi privati","isPartOf":{"@id":"https:\/\/staging.varesenews.it\/#website"},"datePublished":"2021-07-19T16:10:36+00:00","dateModified":"2021-07-19T16:13:07+00:00","author":{"@id":"https:\/\/staging.varesenews.it\/#\/schema\/person\/efe592ae4c76536b551f89d8b6674bc3"},"description":"Dopo la convenzione con le scuole materne di Cassano Magnago, ora anche quella con i nidi privati: 15 posti gratuiti cui potranno accedere le famiglie in difficolt\u00e0","breadcrumb":{"@id":"https:\/\/staging.varesenews.it\/2021\/07\/cassano-magnago-sostiene-nidi-privati\/1362847\/#breadcrumb"},"inLanguage":"it-IT","potentialAction":[{"@type":"ReadAction","target":["https:\/\/staging.varesenews.it\/2021\/07\/cassano-magnago-sostiene-nidi-privati\/1362847\/"]}]},{"@type":"BreadcrumbList","@id":"https:\/\/staging.varesenews.it\/2021\/07\/cassano-magnago-sostiene-nidi-privati\/1362847\/#breadcrumb","itemListElement":[{"@type":"ListItem","position":1,"name":"Home","item":"https:\/\/www.varesenews.it\/"},{"@type":"ListItem","position":2,"name":"Cassano Magnago sostiene i nidi privati"}]},{"@type":"WebSite","@id":"https:\/\/staging.varesenews.it\/#website","url":"https:\/\/staging.varesenews.it\/","name":"VareseNews","description":"","potentialAction":[{"@type":"SearchAction","target":{"@type":"EntryPoint","urlTemplate":"https:\/\/staging.varesenews.it\/?s={search_term_string}"},"query-input":"required name=search_term_string"}],"inLanguage":"it-IT"},{"@type":"Person","@id":"https:\/\/staging.varesenews.it\/#\/schema\/person\/efe592ae4c76536b551f89d8b6674bc3","name":"Roberto Morandi","image":{"@type":"ImageObject","inLanguage":"it-IT","@id":"https:\/\/staging.varesenews.it\/#\/schema\/person\/image\/","url":"https:\/\/staging.varesenews.it\/wp-content\/uploads\/2020\/12\/roberto_morandi_colori_500.jpg","contentUrl":"https:\/\/staging.varesenews.it\/wp-content\/uploads\/2020\/12\/roberto_morandi_colori_500.jpg","caption":"Roberto Morandi"},"description":"Classe 1980, laureato in storia, mi occupo dell&rsquo;area di Gallarate e di Malpensa, di trasporti e mobilit&agrave;. Amo molto la dimensione della citt&agrave;, come luogo d&rsquo;incontro di persone diverse e come organismo che si trasforma costantemente. Mi piace anche raccontare le piccole e grandi vicende, anche locali, che compongono la Storia con la S maiuscola. Appassionato di bicicletta: la macchina perfetta per muoversi in citt&agrave; e per viaggiare.","sameAs":["https:\/\/twitter.com\/ilmorands"],"url":"https:\/\/staging.varesenews.it\/persona\/roberto-morandi1\/"}]}},"post_meta":{"_edit_lock":"1626779378:46","_edit_last":"46","_category_permalink":"a:1:{s:8:\"category\";s:0:\"\";}","foto":"796693","firma_come_redazione":"1","argomento":"Cassano Magnago","_yoast_wpseo_content_score":"30","_jd_tweet_this":"yes","_encloseme":"1","ratings_users":"0","ratings_score":"0","ratings_average":"0","_wpt_short_url":"https:\/\/www.varesenews.it\/2021\/07\/cassano-magnago-sostiene-nidi-privati\/1362847\/","_wp_jd_target":"https:\/\/www.varesenews.it\/2021\/07\/cassano-magnago-sostiene-nidi-privati\/1362847\/","_jd_wp_twitter":"a:1:{i:0;s:122:\"Cassano Magnago sostiene i nidi privati: https:\/\/www.varesenews.it\/2021\/07\/cassano-magnago-sostiene-nidi-privati\/1362847\/ \";}","_wpt_status_message":"Tweet inviato con successo.","_oembed_1ef01625252d5b31cd6c1ba242b05497":"<blockquote class=\"wp-embedded-content\" data-secret=\"wfBdLcbzfH\"><a href=\"https:\/\/www.varesenews.it\/2020\/12\/iniziati-lavori-demolizione-allex-mizar-parte-progetto-riqualificazione-commerciale\/1284596\/\">Iniziati i lavori di demolizione all&#8217;ex-Mizar, parte il progetto di riqualificazione commerciale<\/a><\/blockquote><iframe class=\"wp-embedded-content\" sandbox=\"allow-scripts\" security=\"restricted\" style=\"position: absolute; clip: rect(1px, 1px, 1px, 1px);\" src=\"https:\/\/www.varesenews.it\/2020\/12\/iniziati-lavori-demolizione-allex-mizar-parte-progetto-riqualificazione-commerciale\/1284596\/embed\/#?secret=wfBdLcbzfH\" data-secret=\"wfBdLcbzfH\" width=\"500\" height=\"282\" title=\"&#8220;Iniziati i lavori di demolizione all&#8217;ex-Mizar, parte il progetto di riqualificazione commerciale&#8221; &#8212; VareseNews\" frameborder=\"0\" marginwidth=\"0\" marginheight=\"0\" scrolling=\"no\"><\/iframe>","_oembed_time_1ef01625252d5b31cd6c1ba242b05497":"1626711038","_oembed_0b89c2cb12e90236eb100284a2588795":"<blockquote class=\"wp-embedded-content\" data-secret=\"OIKv7W8gC1\"><a href=\"https:\/\/www.legnanonews.com\/aree-geografiche\/legnano\/2020\/05\/09\/traffico-di-cocaina-a-legnano-il-capo-era-il-33enne-kojak\/938909\/\">Traffico di cocaina a Legnano, il capo era il 33enne \u201cKojak\u201d<\/a><\/blockquote><iframe class=\"wp-embedded-content\" sandbox=\"allow-scripts\" security=\"restricted\" style=\"position: absolute; clip: rect(1px, 1px, 1px, 1px);\" src=\"https:\/\/www.legnanonews.com\/aree-geografiche\/legnano\/2020\/05\/09\/traffico-di-cocaina-a-legnano-il-capo-era-il-33enne-kojak\/938909\/embed\/#?secret=OIKv7W8gC1\" data-secret=\"OIKv7W8gC1\" width=\"500\" height=\"282\" title=\"&#8220;Traffico di cocaina a Legnano, il capo era il 33enne \u201cKojak\u201d&#8221; &#8212; LegnanoNews\" frameborder=\"0\" marginwidth=\"0\" marginheight=\"0\" scrolling=\"no\"><\/iframe>","_oembed_time_0b89c2cb12e90236eb100284a2588795":"1626711039","_oembed_8ee249578857d7613e923993b752abdf":"<blockquote class=\"wp-embedded-content\" data-secret=\"BvGdh4Mmlh\"><a href=\"https:\/\/www.varesenews.it\/2021\/07\/22-luglio-sciopero-8-ore-alla-whirlpool-manifestazione-roma\/1362182\/\">Il 22 luglio sciopero di 8 ore alla Whirlpool e manifestazione a Roma<\/a><\/blockquote><iframe class=\"wp-embedded-content\" sandbox=\"allow-scripts\" security=\"restricted\" style=\"position: absolute; clip: rect(1px, 1px, 1px, 1px);\" src=\"https:\/\/www.varesenews.it\/2021\/07\/22-luglio-sciopero-8-ore-alla-whirlpool-manifestazione-roma\/1362182\/embed\/#?secret=BvGdh4Mmlh\" data-secret=\"BvGdh4Mmlh\" width=\"500\" height=\"282\" title=\"&#8220;Il 22 luglio sciopero di 8 ore alla Whirlpool e manifestazione a Roma&#8221; &#8212; VareseNews\" frameborder=\"0\" marginwidth=\"0\" marginheight=\"0\" scrolling=\"no\"><\/iframe>","_oembed_time_8ee249578857d7613e923993b752abdf":"1626711233","_oembed_df46461bfdaa99dd74d531ee5aa624a3":"<blockquote class=\"wp-embedded-content\" data-secret=\"tBuWiYncxX\"><a href=\"https:\/\/www.saronnonews.it\/2021\/07\/15\/europei-under-20-di-tallin-finisce-in-semifinale-lavventura-del-saronnese-luraschi\/\">Europei Under 20 di Tallin, finisce in semifinale l&#8217;avventura del saronnese Luraschi<\/a><\/blockquote><iframe class=\"wp-embedded-content\" sandbox=\"allow-scripts\" security=\"restricted\" style=\"position: absolute; clip: rect(1px, 1px, 1px, 1px);\" src=\"https:\/\/www.saronnonews.it\/2021\/07\/15\/europei-under-20-di-tallin-finisce-in-semifinale-lavventura-del-saronnese-luraschi\/embed\/#?secret=tBuWiYncxX\" data-secret=\"tBuWiYncxX\" width=\"500\" height=\"282\" title=\"&#8220;Europei Under 20 di Tallin, finisce in semifinale l&#8217;avventura del saronnese Luraschi&#8221; &#8212; SaronnoNews\" frameborder=\"0\" marginwidth=\"0\" marginheight=\"0\" scrolling=\"no\"><\/iframe>","_oembed_time_df46461bfdaa99dd74d531ee5aa624a3":"1626711235","_oembed_315e4783c2b7230b94c4036b8a26c425":"<blockquote class=\"wp-embedded-content\" data-secret=\"aHQJ8fKgZl\"><a href=\"https:\/\/www.saronnonews.it\/2021\/07\/16\/europei-under-20-giorgia-marcomin-dellosa-saronno-sesta-nella-sua-semifinale\/\">Europei Under 20, Giorgia Marcomin dell&#8217;Osa Saronno sesta nella sua semifinale<\/a><\/blockquote><iframe class=\"wp-embedded-content\" sandbox=\"allow-scripts\" security=\"restricted\" style=\"position: absolute; clip: rect(1px, 1px, 1px, 1px);\" src=\"https:\/\/www.saronnonews.it\/2021\/07\/16\/europei-under-20-giorgia-marcomin-dellosa-saronno-sesta-nella-sua-semifinale\/embed\/#?secret=aHQJ8fKgZl\" data-secret=\"aHQJ8fKgZl\" width=\"500\" height=\"282\" title=\"&#8220;Europei Under 20, Giorgia Marcomin dell&#8217;Osa Saronno sesta nella sua semifinale&#8221; &#8212; SaronnoNews\" frameborder=\"0\" marginwidth=\"0\" marginheight=\"0\" scrolling=\"no\"><\/iframe>","_oembed_time_315e4783c2b7230b94c4036b8a26c425":"1626711236","_oembed_d80b89383771ab8b134a416fbb518f02":"<blockquote class=\"wp-embedded-content\" data-secret=\"bEEegVzeM2\"><a href=\"https:\/\/www.varesenews.it\/2021\/07\/le-stelle-pieno-sole-weekend-dei-bambini-allaperto\/1361945\/\">Sotto le stelle o in pieno sole: il weekend dei bambini \u00e8 all&#8217;aperto<\/a><\/blockquote><iframe class=\"wp-embedded-content\" sandbox=\"allow-scripts\" security=\"restricted\" style=\"position: absolute; clip: rect(1px, 1px, 1px, 1px);\" src=\"https:\/\/www.varesenews.it\/2021\/07\/le-stelle-pieno-sole-weekend-dei-bambini-allaperto\/1361945\/embed\/#?secret=bEEegVzeM2\" data-secret=\"bEEegVzeM2\" width=\"500\" height=\"282\" title=\"&#8220;Sotto le stelle o in pieno sole: il weekend dei bambini \u00e8 all&#8217;aperto&#8221; &#8212; VareseNews\" frameborder=\"0\" marginwidth=\"0\" marginheight=\"0\" scrolling=\"no\"><\/iframe>","_oembed_time_d80b89383771ab8b134a416fbb518f02":"1626711236","_oembed_bdbc8cc8c915b462ad83cc1c9a6f7e7d":"<blockquote class=\"wp-embedded-content\" data-secret=\"9UFiPH8wn4\"><a href=\"https:\/\/www.varesenews.it\/2021\/07\/lestate-del-citta-varese-mercato-ritiro-amichevoli\/1361880\/\">L\u2019estate del Citt\u00e0 di Varese tra mercato, ritiro e amichevoli<\/a><\/blockquote><iframe class=\"wp-embedded-content\" sandbox=\"allow-scripts\" security=\"restricted\" style=\"position: absolute; clip: rect(1px, 1px, 1px, 1px);\" src=\"https:\/\/www.varesenews.it\/2021\/07\/lestate-del-citta-varese-mercato-ritiro-amichevoli\/1361880\/embed\/#?secret=9UFiPH8wn4\" data-secret=\"9UFiPH8wn4\" width=\"500\" height=\"282\" title=\"&#8220;L\u2019estate del Citt\u00e0 di Varese tra mercato, ritiro e amichevoli&#8221; &#8212; VareseNews\" frameborder=\"0\" marginwidth=\"0\" marginheight=\"0\" scrolling=\"no\"><\/iframe>","_oembed_time_bdbc8cc8c915b462ad83cc1c9a6f7e7d":"1626711393","_oembed_4b787b7ef51cec4fbf99615b271a4989":"<blockquote class=\"wp-embedded-content\" data-secret=\"0Pc5ebteVr\"><a href=\"https:\/\/www.varesenews.it\/2021\/07\/malnate-centrodestra-allattacco-del-comune-sulla-gestione-della-farmacia\/1358348\/\">Malnate, il centrodestra all&#8217;attacco del Comune sulla gestione della farmacia<\/a><\/blockquote><iframe class=\"wp-embedded-content\" sandbox=\"allow-scripts\" security=\"restricted\" style=\"position: absolute; clip: rect(1px, 1px, 1px, 1px);\" src=\"https:\/\/www.varesenews.it\/2021\/07\/malnate-centrodestra-allattacco-del-comune-sulla-gestione-della-farmacia\/1358348\/embed\/#?secret=0Pc5ebteVr\" data-secret=\"0Pc5ebteVr\" width=\"500\" height=\"282\" title=\"&#8220;Malnate, il centrodestra all&#8217;attacco del Comune sulla gestione della farmacia&#8221; &#8212; VareseNews\" frameborder=\"0\" marginwidth=\"0\" marginheight=\"0\" scrolling=\"no\"><\/iframe>","_oembed_time_4b787b7ef51cec4fbf99615b271a4989":"1626711393","_oembed_28f8d79eabe509730c219fc90ecdbf12":"<blockquote class=\"wp-embedded-content\" data-secret=\"gWPpu8QOIP\"><a href=\"https:\/\/www.varesenews.it\/2021\/07\/lestate-della-openjobmetis-varese-mercato-calendario-dei-biancorossi\/1355295\/\">L&#8217;estate della Openjobmetis Varese: tutto il mercato e il calendario dei biancorossi<\/a><\/blockquote><iframe class=\"wp-embedded-content\" sandbox=\"allow-scripts\" security=\"restricted\" style=\"position: absolute; clip: rect(1px, 1px, 1px, 1px);\" src=\"https:\/\/www.varesenews.it\/2021\/07\/lestate-della-openjobmetis-varese-mercato-calendario-dei-biancorossi\/1355295\/embed\/#?secret=gWPpu8QOIP\" data-secret=\"gWPpu8QOIP\" width=\"500\" height=\"282\" title=\"&#8220;L&#8217;estate della Openjobmetis Varese: tutto il mercato e il calendario dei biancorossi&#8221; &#8212; VareseNews\" frameborder=\"0\" marginwidth=\"0\" marginheight=\"0\" scrolling=\"no\"><\/iframe>","_oembed_time_28f8d79eabe509730c219fc90ecdbf12":"1626711393","_oembed_7314ca5604009c2029b25a65e055be71":"<blockquote class=\"wp-embedded-content\" data-secret=\"pMLIIEcyQ2\"><a href=\"https:\/\/www.varesenews.it\/2021\/07\/santeusebio-la-festa-casciago-parte-quattro-sabati-cenare-insieme\/1356625\/\">Sant\u2019Eusebio, la Festa di Casciago parte con quattro sabati per cenare insieme<\/a><\/blockquote><iframe class=\"wp-embedded-content\" sandbox=\"allow-scripts\" security=\"restricted\" style=\"position: absolute; clip: rect(1px, 1px, 1px, 1px);\" src=\"https:\/\/www.varesenews.it\/2021\/07\/santeusebio-la-festa-casciago-parte-quattro-sabati-cenare-insieme\/1356625\/embed\/#?secret=pMLIIEcyQ2\" data-secret=\"pMLIIEcyQ2\" width=\"500\" height=\"282\" title=\"&#8220;Sant\u2019Eusebio, la Festa di Casciago parte con quattro sabati per cenare insieme&#8221; &#8212; VareseNews\" frameborder=\"0\" marginwidth=\"0\" marginheight=\"0\" scrolling=\"no\"><\/iframe>","_oembed_time_7314ca5604009c2029b25a65e055be71":"1626711393","_oembed_0d70e18422b9c858500e0e76539ea330":"<blockquote class=\"wp-embedded-content\" data-secret=\"UAnvoBLBzd\"><a href=\"https:\/\/www.varesenews.it\/2021\/06\/alla-festa-santeusebio-ce-gustosa-novita-miele-casciago\/1356259\/\">Alla Festa di Sant\u2019Eusebio c\u2019\u00e8 una gustosa novit\u00e0: il miele di Casciago<\/a><\/blockquote><iframe class=\"wp-embedded-content\" sandbox=\"allow-scripts\" security=\"restricted\" style=\"position: absolute; clip: rect(1px, 1px, 1px, 1px);\" src=\"https:\/\/www.varesenews.it\/2021\/06\/alla-festa-santeusebio-ce-gustosa-novita-miele-casciago\/1356259\/embed\/#?secret=UAnvoBLBzd\" data-secret=\"UAnvoBLBzd\" width=\"500\" height=\"282\" title=\"&#8220;Alla Festa di Sant\u2019Eusebio c\u2019\u00e8 una gustosa novit\u00e0: il miele di Casciago&#8221; &#8212; VareseNews\" frameborder=\"0\" marginwidth=\"0\" marginheight=\"0\" scrolling=\"no\"><\/iframe>","_oembed_time_0d70e18422b9c858500e0e76539ea330":"1626711393","_oembed_20819487ba64eae299be0af3d7fec227":"<iframe width=\"500\" height=\"281\" src=\"https:\/\/www.youtube.com\/embed\/6D0V_ffiWeU?feature=oembed\" frameborder=\"0\" allow=\"accelerometer; autoplay; clipboard-write; encrypted-media; gyroscope; picture-in-picture\" allowfullscreen><\/iframe>","_oembed_time_20819487ba64eae299be0af3d7fec227":"1626711656","_oembed_46dbb25cb55a83a5c2644e3f9d43bf2c":"<blockquote class=\"wp-embedded-content\" data-secret=\"6LFxoZ51WS\"><a href=\"https:\/\/www.varesenews.it\/2021\/07\/ticino-consigliere-zali-visita-laeroporto-magadino-devastato-dal-maltempo\/1361101\/\">Ticino, il consigliere di Stato Zali visita l&#8217;aeroporto di Magadino devastato dal maltempo<\/a><\/blockquote><iframe class=\"wp-embedded-content\" sandbox=\"allow-scripts\" security=\"restricted\" style=\"position: absolute; clip: rect(1px, 1px, 1px, 1px);\" src=\"https:\/\/www.varesenews.it\/2021\/07\/ticino-consigliere-zali-visita-laeroporto-magadino-devastato-dal-maltempo\/1361101\/embed\/#?secret=6LFxoZ51WS\" data-secret=\"6LFxoZ51WS\" width=\"500\" height=\"282\" title=\"&#8220;Ticino, il consigliere di Stato Zali visita l&#8217;aeroporto di Magadino devastato dal maltempo&#8221; &#8212; VareseNews\" frameborder=\"0\" marginwidth=\"0\" marginheight=\"0\" scrolling=\"no\"><\/iframe>","_oembed_time_46dbb25cb55a83a5c2644e3f9d43bf2c":"1626711657","_oembed_28bb3bfb015bcfe0a81102566ff5502f":"<blockquote class=\"wp-embedded-content\" data-secret=\"VTM3oKKBsj\"><a href=\"https:\/\/www.varesenews.it\/2021\/07\/maltempo-canton-ticino-crolla-tetto-un-hangar-allaeroporto-locarno\/1360708\/\">Maltempo in Canton Ticino, crolla il tetto di un hangar all&#8217;aeroporto di Locarno<\/a><\/blockquote><iframe class=\"wp-embedded-content\" sandbox=\"allow-scripts\" security=\"restricted\" style=\"position: absolute; clip: rect(1px, 1px, 1px, 1px);\" src=\"https:\/\/www.varesenews.it\/2021\/07\/maltempo-canton-ticino-crolla-tetto-un-hangar-allaeroporto-locarno\/1360708\/embed\/#?secret=VTM3oKKBsj\" data-secret=\"VTM3oKKBsj\" width=\"500\" height=\"282\" title=\"&#8220;Maltempo in Canton Ticino, crolla il tetto di un hangar all&#8217;aeroporto di Locarno&#8221; &#8212; VareseNews\" frameborder=\"0\" marginwidth=\"0\" marginheight=\"0\" scrolling=\"no\"><\/iframe>","_oembed_time_28bb3bfb015bcfe0a81102566ff5502f":"1626711657","_oembed_fbec61ab854bbce025097c3b640ed03d":"<blockquote class=\"wp-embedded-content\" data-secret=\"Bj1J30SoqY\"><a href=\"https:\/\/www.varesenews.it\/2021\/07\/arriva-green-pass-europeo-funziona-ottenerlo\/1356512\/\">Arriva il &#8220;green pass&#8221; europeo, come funziona e come ottenerlo<\/a><\/blockquote><iframe class=\"wp-embedded-content\" sandbox=\"allow-scripts\" security=\"restricted\" style=\"position: absolute; clip: rect(1px, 1px, 1px, 1px);\" src=\"https:\/\/www.varesenews.it\/2021\/07\/arriva-green-pass-europeo-funziona-ottenerlo\/1356512\/embed\/#?secret=Bj1J30SoqY\" data-secret=\"Bj1J30SoqY\" width=\"500\" height=\"282\" title=\"&#8220;Arriva il &#8220;green pass&#8221; europeo, come funziona e come ottenerlo&#8221; &#8212; VareseNews\" frameborder=\"0\" marginwidth=\"0\" marginheight=\"0\" scrolling=\"no\"><\/iframe>","_oembed_time_fbec61ab854bbce025097c3b640ed03d":"1626711657","_oembed_bb6d4b0c96847db1f964f7c92cba7340":"<blockquote class=\"wp-embedded-content\" data-secret=\"k1uLKtOpjk\"><a href=\"https:\/\/www.varesenews.it\/2021\/07\/michelle-hunziker-testimonial-della-svizzera-viaggio-inizia-gli-chef-cracco-caminada\/1358349\/\">Michelle Hunziker testimonial della Svizzera, il viaggio inizia con gli chef Cracco e Caminada<\/a><\/blockquote><iframe class=\"wp-embedded-content\" sandbox=\"allow-scripts\" security=\"restricted\" style=\"position: absolute; clip: rect(1px, 1px, 1px, 1px);\" src=\"https:\/\/www.varesenews.it\/2021\/07\/michelle-hunziker-testimonial-della-svizzera-viaggio-inizia-gli-chef-cracco-caminada\/1358349\/embed\/#?secret=k1uLKtOpjk\" data-secret=\"k1uLKtOpjk\" width=\"500\" height=\"282\" title=\"&#8220;Michelle Hunziker testimonial della Svizzera, il viaggio inizia con gli chef Cracco e Caminada&#8221; &#8212; VareseNews\" frameborder=\"0\" marginwidth=\"0\" marginheight=\"0\" scrolling=\"no\"><\/iframe>","_oembed_time_bb6d4b0c96847db1f964f7c92cba7340":"1626711657","_oembed_f13e0d30808ff6708599194ea74185d1":"<blockquote class=\"wp-embedded-content\" data-secret=\"THjm4zKo5N\"><a href=\"https:\/\/www.varesenews.it\/2021\/07\/processo-mensa-dei-poveri-tutti-rinviati-giudizio\/1361590\/\">Processo Mensa dei poveri, tutti rinviati a giudizio<\/a><\/blockquote><iframe class=\"wp-embedded-content\" sandbox=\"allow-scripts\" security=\"restricted\" style=\"position: absolute; clip: rect(1px, 1px, 1px, 1px);\" src=\"https:\/\/www.varesenews.it\/2021\/07\/processo-mensa-dei-poveri-tutti-rinviati-giudizio\/1361590\/embed\/#?secret=THjm4zKo5N\" data-secret=\"THjm4zKo5N\" width=\"500\" height=\"282\" title=\"&#8220;Processo Mensa dei poveri, tutti rinviati a giudizio&#8221; &#8212; VareseNews\" frameborder=\"0\" marginwidth=\"0\" marginheight=\"0\" scrolling=\"no\"><\/iframe>","_oembed_time_f13e0d30808ff6708599194ea74185d1":"1626711714","_oembed_096474ee2114ae2b126fee5e5358721f":"<blockquote class=\"wp-embedded-content\" data-secret=\"F2foThYNDS\"><a href=\"https:\/\/www.varesenews.it\/2021\/07\/piazza-serati-ci-anche-ferrazziani-martucci\/1357406\/\">In piazza con Serati ci sono anche i Ferrazziani e Martucci<\/a><\/blockquote><iframe class=\"wp-embedded-content\" sandbox=\"allow-scripts\" security=\"restricted\" style=\"position: absolute; clip: rect(1px, 1px, 1px, 1px);\" src=\"https:\/\/www.varesenews.it\/2021\/07\/piazza-serati-ci-anche-ferrazziani-martucci\/1357406\/embed\/#?secret=F2foThYNDS\" data-secret=\"F2foThYNDS\" width=\"500\" height=\"282\" title=\"&#8220;In piazza con Serati ci sono anche i Ferrazziani e Martucci&#8221; &#8212; VareseNews\" frameborder=\"0\" marginwidth=\"0\" marginheight=\"0\" scrolling=\"no\"><\/iframe>","_oembed_time_096474ee2114ae2b126fee5e5358721f":"1626711717","_oembed_53aff7af6510bcac9bc294817dfb998d":"<blockquote class=\"wp-embedded-content\" data-secret=\"bBhsbkjq9c\"><a href=\"https:\/\/www.varesenews.it\/2018\/05\/muore-rissa-sempione-vergiate\/718442\/\">Muore in ospedale dopo la rissa<\/a><\/blockquote><iframe class=\"wp-embedded-content\" sandbox=\"allow-scripts\" security=\"restricted\" style=\"position: absolute; clip: rect(1px, 1px, 1px, 1px);\" src=\"https:\/\/www.varesenews.it\/2018\/05\/muore-rissa-sempione-vergiate\/718442\/embed\/#?secret=bBhsbkjq9c\" data-secret=\"bBhsbkjq9c\" width=\"500\" height=\"282\" title=\"&#8220;Muore in ospedale dopo la rissa&#8221; &#8212; VareseNews\" frameborder=\"0\" marginwidth=\"0\" marginheight=\"0\" scrolling=\"no\"><\/iframe>","_oembed_time_53aff7af6510bcac9bc294817dfb998d":"1626711717","_oembed_6886791f51f4f2b932896e68179c2d36":"<blockquote class=\"wp-embedded-content\" data-secret=\"LCS7VamXQ1\"><a href=\"https:\/\/www.varesenews.it\/necrologie\/\">Necrologie<\/a><\/blockquote><iframe class=\"wp-embedded-content\" sandbox=\"allow-scripts\" security=\"restricted\" style=\"position: absolute; clip: rect(1px, 1px, 1px, 1px);\" src=\"https:\/\/www.varesenews.it\/necrologie\/embed\/#?secret=LCS7VamXQ1\" data-secret=\"LCS7VamXQ1\" width=\"500\" height=\"282\" title=\"&#8220;Necrologie&#8221; &#8212; VareseNews\" frameborder=\"0\" marginwidth=\"0\" marginheight=\"0\" scrolling=\"no\"><\/iframe>","_oembed_time_6886791f51f4f2b932896e68179c2d36":"1626711717","_oembed_953bd8558db651dbb8c872a568ab3f06":"<blockquote class=\"wp-embedded-content\" data-secret=\"hQg3Z5B4Zi\"><a href=\"https:\/\/www.varesenews.it\/2021\/07\/sogno-berrettini-wimbledon-si-infrange-la-potenza-djokovic\/1360144\/\">Il sogno di Berrettini a Wimbledon si infrange contro la potenza di Djokovic<\/a><\/blockquote><iframe class=\"wp-embedded-content\" sandbox=\"allow-scripts\" security=\"restricted\" style=\"position: absolute; clip: rect(1px, 1px, 1px, 1px);\" src=\"https:\/\/www.varesenews.it\/2021\/07\/sogno-berrettini-wimbledon-si-infrange-la-potenza-djokovic\/1360144\/embed\/#?secret=hQg3Z5B4Zi\" data-secret=\"hQg3Z5B4Zi\" width=\"500\" height=\"282\" title=\"&#8220;Il sogno di Berrettini a Wimbledon si infrange contro la potenza di Djokovic&#8221; &#8212; VareseNews\" frameborder=\"0\" marginwidth=\"0\" marginheight=\"0\" scrolling=\"no\"><\/iframe>","_oembed_time_953bd8558db651dbb8c872a568ab3f06":"1626711741","_oembed_341459d576d07897b02d621ea5f1abaa":"<blockquote class=\"wp-embedded-content\" data-secret=\"3Fe3gDfgJp\"><a href=\"https:\/\/www.varesenews.it\/2021\/07\/whirlpool-apre-la-procedura-licenziamento-napoli-si-sciopera-cassinetta\/1361518\/\">Whirlpool apre la procedura di licenziamento a Napoli, si sciopera a Cassinetta<\/a><\/blockquote><iframe class=\"wp-embedded-content\" sandbox=\"allow-scripts\" security=\"restricted\" style=\"position: absolute; clip: rect(1px, 1px, 1px, 1px);\" src=\"https:\/\/www.varesenews.it\/2021\/07\/whirlpool-apre-la-procedura-licenziamento-napoli-si-sciopera-cassinetta\/1361518\/embed\/#?secret=3Fe3gDfgJp\" data-secret=\"3Fe3gDfgJp\" width=\"500\" height=\"282\" title=\"&#8220;Whirlpool apre la procedura di licenziamento a Napoli, si sciopera a Cassinetta&#8221; &#8212; VareseNews\" frameborder=\"0\" marginwidth=\"0\" marginheight=\"0\" scrolling=\"no\"><\/iframe>","_oembed_time_341459d576d07897b02d621ea5f1abaa":"1626711741"},"photos":[{"original":"https:\/\/staging.varesenews.it\/photogallery_new\/images\/2020\/04\/generico-2018-796693.jpg","full":"https:\/\/staging.varesenews.it\/photogallery_new\/images\/2020\/04\/generico-2018-796693.1024x768.jpg","large":"https:\/\/staging.varesenews.it\/photogallery_new\/images\/2020\/04\/generico-2018-796693.610x431.jpg"}],"_links":{"self":[{"href":"https:\/\/staging.varesenews.it\/swgapi\/v1\/wp\/v2\/posts\/1362847"}],"collection":[{"href":"https:\/\/staging.varesenews.it\/swgapi\/v1\/wp\/v2\/posts"}],"about":[{"href":"https:\/\/staging.varesenews.it\/swgapi\/v1\/wp\/v2\/types\/post"}],"author":[{"embeddable":true,"href":"https:\/\/staging.varesenews.it\/swgapi\/v1\/wp\/v2\/users\/46"}],"replies":[{"embeddable":true,"href":"https:\/\/staging.varesenews.it\/swgapi\/v1\/wp\/v2\/comments?post=1362847"}],"version-history":[{"count":0,"href":"https:\/\/staging.varesenews.it\/swgapi\/v1\/wp\/v2\/posts\/1362847\/revisions"}],"wp:attachment":[{"href":"https:\/\/staging.varesenews.it\/swgapi\/v1\/wp\/v2\/media?parent=1362847"}],"wp:term":[{"taxonomy":"category","embeddable":true,"href":"https:\/\/staging.varesenews.it\/swgapi\/v1\/wp\/v2\/categories?post=1362847"},{"taxonomy":"post_tag","embeddable":true,"href":"https:\/\/staging.varesenews.it\/swgapi\/v1\/wp\/v2\/tags?post=1362847"}],"curies":[{"name":"wp","href":"https:\/\/api.w.org\/{rel}","templated":true}]}}