{"id":1364065,"date":"2021-07-23T16:01:39","date_gmt":"2021-07-23T14:01:39","guid":{"rendered":"https:\/\/www.varesenews.it\/?p=1364065"},"modified":"2021-07-23T16:28:34","modified_gmt":"2021-07-23T14:28:34","slug":"dante-sepulveda-acrobati-artigiani-biodiversita-weekend-dei-bambini","status":"publish","type":"post","link":"https:\/\/staging.varesenews.it\/2021\/07\/dante-sepulveda-acrobati-artigiani-biodiversita-weekend-dei-bambini\/1364065\/","title":{"rendered":"Da Dante a Sepulveda, tra acrobati, artigiani e biodiversit\u00e0: il weekend dei bambini"},"content":{"rendered":"<p><strong>Non poteva essere pi\u00f9 vario nelle proposte il fine settimana tra il 23 e il 25 luglio<\/strong> che propone ai bambini, e alle loro famiglie, diverse attivit\u00e0:\u00a0Spettacoli ispirati a grandi autori o di circo, laboratori artigiani o teatrali, esplorazioni d&#8217;arte o di natura. C&#8217;\u00e8 solo l&#8217;imbarazzo della scelta<\/p>\n<h3>SPETTACOLI<\/h3>\n<p><strong>Varese<\/strong>:\u00a0la Divina Commedia di Dante per i bambini torna al Sacro Monte venerd\u00ec sera con lo spettacolo <strong>&#8220;Ancor dentro mi suona. Incanti nella Divina Commedia per piccoli viaggiatori\u201d<\/strong> in scena in doppia replica alla terrazza del Mos\u00e8 per la rassegna &#8220;Tra Sacro e Sacro Monte&#8221; &gt; <a href=\"https:\/\/www.varesenews.it\/2021\/07\/torna-la-divina-commedia-dante-bambini-al-sacro-monte\/1363069\/\">Scopri di pi\u00f9<\/a><\/p>\n<div class=\"photo-inside-post\"><img decoding=\"async\" loading=\"lazy\" fetchpriority=\"low\" width=\"610\" height=\"431\" src=\"https:\/\/staging.varesenews.it\/photogallery_new\/images\/2019\/04\/gabbianella-733624.610x431.jpg\" alt=\"gabbianella\"><\/div>\n<p><strong>Varese<\/strong>:\u00a0domenica pomeriggio a Villaggio Cagnola, in Rasa, c\u2019\u00e8 &#8220;<strong>Zorba il gatto<\/strong>&#8220;,\u00a0 spettacolo con Rosa Maria Messina e Giorgio Putzolu inserito nella rassegna &#8220;Radici al futuro&#8221; &gt; <a href=\"https:\/\/www.varesenews.it\/2021\/07\/cambio-programma-domenica-villaggio-cagnola-ce-zorba-gatto\/1363134\/\">Qui tutte le info<\/a><\/p>\n<p><strong>Legnano:<\/strong>\u00a0 domenica pomeriggio l&#8217;Estate al Parco Alto Milanese propone a bambini &#8220;<strong>Ciclo Installazione&#8221;<\/strong>, con tante\u00a0 macchine magiche che suonano e si muovono, realizzate con parti di biciclette! Un mondo tutto da scoprire a cura di Teatro Pane e Mate\u00a0&gt;\u00a0<a href=\"https:\/\/www.varesenews.it\/2021\/06\/aquiloni-laboratori-e-giochi-di-una-volta-unestate-di-eventi-al-parco-alto-milanese\/1352722\/\">Leggi di pi\u00f9<\/a><\/p>\n<p><strong>Laveno Mombello:<\/strong> clown, giocolieri ed equilibristi: ha debuttato gioved\u00ec in via Molinetto il <strong>Mexican Circus<\/strong> della famiglia Kodanty . Il tendone circense rimarr\u00e0 in paese fino alla fine del mese &gt; <a href=\"https:\/\/www.varesenews.it\/2021\/07\/clown-giocolieri-ed-equilibristi-a-laveno-mombello-arriva-il-mexican-circus\/1363504\/\">Lo spettacolo<\/a><\/p>\n<h3>STORIE<\/h3>\n<p><strong>Tradate:<\/strong>\u00a0 AstroNatura propone a grandi e piccini speciali venerd\u00ec sera estivi a base di dolci, approfondimenti scientifici e osservazione del cielo. Questo venerd\u00ec il tema del Picnic sotto le stelle al Parco Pineta \u00e8 &#8220;Cronache del ghiaccio e del fuoco &#8211;\u00a0storie di comete, asteroidi e dinosauri &gt;\u00a0<a href=\"https:\/\/www.varesenews.it\/2021\/07\/picnic-le-stelle-al-parco-pineta-lupi-orsi-leggende-telescopi\/1360902\/\">\u00a0Leggi l\u2019articolo<\/a><\/p>\n<p><strong>Cairate: <\/strong>sabato pomeriggio il giardino della biblioteca ospiter\u00e0 due incontri per i bambini in et\u00e0 prescolare\u00a0<strong>con i volontari di Nati per leggere.<\/strong> Incontri gratuiti ma con prenotazione obbligatoria &gt; <a href=\"https:\/\/www.varesenews.it\/2021\/07\/letture-bambini-allaperto-giardini-parchi-ville-chiostri\/1357043\/\">Scopri come<\/a><\/p>\n<p><strong>Varese<\/strong>: i\u00a0ragazzi del liceo Manzoni leggono \u201c<strong>Fiabe in lingua\u201d,<\/strong>\u00a0un regalo ai bambini che conta 12 podcast nati nell&#8217;ambito di &#8220;The readers&#8221; per promuovere la lettura tra giovanissimi. Dopo le favole in inglese (<a href=\"https:\/\/www.varesenews.it\/2021\/06\/ragazzi-del-liceo-manzoni-leggono-fiabe-lingua-un-regalo-ai-bambini\/1348123\/\">a questo link<\/a>), <a href=\"https:\/\/www.varesenews.it\/2021\/06\/parlano-francese-tre-fiabe-lingua-lette-dai-ragazzi-del-manzoni-ai-bambini\/1354504\/\">francese<\/a> e <a href=\"https:\/\/www.varesenews.it\/2021\/06\/le-fiabe-lingua-dei-ragazzi-del-manzoni-parlano-spagnolo\/1352090\/\">spagnolo<\/a>, l&#8217;ultima puntata con tre storie in italiano &gt; <a href=\"https:\/\/www.varesenews.it\/2021\/07\/le-fiabe-lingua-lette-dai-ragazzi-del-manzoni-ai-bambini-anche-italiano\/1357240\/\">Ascolta<\/a><\/p>\n<p><strong>Arcisate:<\/strong>\u00a0tra i boschi di Arcisate, Brenno e Velmaio prende vita la fiaba di<strong> &#8220;Ghignad, il ragazzo albero&#8221;<\/strong>. Lo spettacolo di e con Marina De Juli \u00e8 disponibile gratuitamente sul sito del Comune di Arcisate per il Festival Mulini Letterari &gt;\u00a0<a href=\"https:\/\/www.varesenews.it\/2021\/06\/boschi-arcisate-brenno-velmaio-prende-vita-la-fiaba-ghignad\/1351348\/\">Leggi l\u2019articolo<\/a><\/p>\n<p><strong>Mamma scegliamo un libro?<\/strong> :\u00a0questa settimana la libraia Laura Orsolini consiglia ai bambini due albi illustrati belli da sfogliare, da leggere e rileggere, alla scoperta di misteri proverbiali &gt; <a href=\"https:\/\/3https\/\/www.varesenews.it\/2021\/07\/tanti-mostri-fame-lupi-insaziabile\/160413\/\">Le recensioni<\/a><\/p>\n<h3>GIOCHI E LABORATORI<\/h3>\n<div class=\"photo-inside-post\"><img decoding=\"async\" loading=\"lazy\" fetchpriority=\"low\" width=\"610\" height=\"431\" src=\"https:\/\/staging.varesenews.it\/photogallery_new\/images\/2019\/03\/generico-2018-728435.610x431.jpg\" alt=\"Generico 2018\"><\/div>\n<p><strong>Varese: <\/strong>tre diversi laboratori, visite al museo e musica domenica al Sacro Monte per <strong>Mani Maestre<\/strong>, con gli artigiani protagonisti del borgo &gt; <a href=\"https:\/\/www.varesenews.it\/2021\/07\/laboratori-visite-al-museo-musica-la-domenica-artigiani-borgo-al-sacromonte\/1363535\/\">Scopri i dettagli<\/a><\/p>\n<p><strong>Castiglione Olona<\/strong>: nei pomeriggi di questo fine settimana\u00a0il Museo della Collegiata propone 5 pomeriggi di speciali <strong>visite archeologiche tra nuove scoperte,<\/strong> come l&#8217;antica cisterna del Castello &gt; <a href=\"https:\/\/www.varesenews.it\/2021\/07\/visite-guidate-agli-scavi-tigli-sino-allantica-cisterna-del-castello\/1362593\/\">Leggi qui<\/a><\/p>\n<p><strong>Cassano Magnago<\/strong>: si arricchisce dei Pomeriggi al Bosco la proposta del Bosco dei curiosi, con <strong>giochi di teatro<\/strong> tra ombre degli alberi e raggi di sole assieme agli attori di Karakorum\u00a0 il venerd\u00ec pomeriggio, dalle 16 alle 18 &gt; <a href=\"https:\/\/www.varesenews.it\/2021\/06\/laboratori-gli-alberi-giochi-teatro-raggi-al-bosco-dei-curiosi\/1353262\/\">Come partecipare<\/a><\/p>\n<p><strong>Castelnuovo del Garda<\/strong>: ha aperto all&#8217;interno di Gardaland il primo Legoland Water Park d&#8217;Europa &gt; <a href=\"https:\/\/www.varesenews.it\/2021\/06\/apre-gardaland-legoland-water-park-primo-europa\/1355083\/\">Qui tutti i dettagli<\/a><\/p>\n<h3>ESCURSIONI<\/h3>\n<p><strong>Tradate<\/strong>: due speciali <strong>Esplorazioni in natura<\/strong> sono in programma il 25 luglio in occasione della domenica di porte aperte del Centro didattico e dell&#8217;osservatorio del Parco Pineta &gt; <a href=\"https:\/\/www.varesenews.it\/2021\/07\/due-escursioni-natura-domenica-al-parco-pineta\/1364100\/\">Leggi i dettagli<\/a><\/p>\n<div class=\"photo-inside-post\"><img decoding=\"async\" loading=\"lazy\" fetchpriority=\"low\" width=\"610\" height=\"431\" src=\"https:\/\/staging.varesenews.it\/photogallery_new\/images\/2021\/07\/meraviglioso-ceresio-meta-ideale-per-un-week-end-1238102.610x431.jpg\" alt=\"Meraviglioso Ceresio: meta ideale per un week end\"><\/div>\n<p><strong>Lago Ceresio<\/strong>:\u00a0la sponda comasca \u00e8 la meta ideale per <strong>un week end fra natura e cultura,<\/strong> tra luoghi sospesi nel tempo, cascate, chiese affrescate, scorci mozzafiato, paesi dipinti, riserve di biodiversit\u00e0 tutti da scoprire &gt; <a href=\"https:\/\/www.varesenews.it\/2021\/07\/lago-ceresio-tour-la-sponda-comasca-la-meta-ideale-un-week-end-fra-natura-cultura\/1362865\/\">Scopri di pi\u00f9<\/a><\/p>\n<p><strong>Induno Olona:\u00a0<\/strong>\u00a0l&#8217;evento <strong>&#8220;Mangia, bevi e cammina &#8211; Induno&#8221;<\/strong> \u00e8 una gustosa passeggiata alla scoperta delle bellezze di Induno Olona in programma domenica 25 luglio con partenza alle 8,30 dai giardini della Pro loco. Partecipazione a prezzo ridotto per i bambini &gt; <a href=\"https:\/\/www.varesenews.it\/2021\/07\/gustosa-passeggiata-alla-scoperta-delle-bellezze-induno-olona\/1363946\/\">Qui tutti i dettagli<\/a><\/p>\n<p><strong>Varese<\/strong>: ogni domenica nella bella stagione le famiglie con bambini possono andare <strong>alla scoperta del borgo di Santa Maria del Monte con una guida particolare<\/strong> a cura di Archeologistics &gt; <a href=\"https:\/\/www.varesenews.it\/2021\/06\/domenica-sacro-monte-varese-formato-famiglia-pic-nic-al-museo-pogliaghi\/1346446\/\">Ecco come prenotare<\/a><\/p>\n<p><strong>Biandronno: <\/strong>sabato e domenica per grandi e piccoli all\u2019<strong>Isolino Virginia.<\/strong> Riprendono le visite al Bene Unesco sul lago di Varese con le visite guidate proposte da Archeologistics, tra novit\u00e0 e scoperte archeologiche &gt;\u00a0<a href=\"https:\/\/www.varesenews.it\/2021\/05\/sabato-domenica-grandi-piccoli-allisolino-virginia\/1343599\/\">Come partecipare<\/a><\/p>\n<p><strong>Altalene:\u00a0<\/strong>dove trovare le <strong>altalene panoramiche in Canton Ticino<\/strong>.\u00a0Dalle Centovalli al Monte Generoso, cresce il circuito delle \u201cSwing the world\u201d &gt;\u00a0\u00a0<a href=\"https:\/\/www.varesenews.it\/2021\/06\/trovare-le-altalene-panoramiche-canton-ticino\/1356138\/\">Leggi l\u2019articolo<\/a><\/p>\n<p><strong>Barasso-Comerio<\/strong>: ogni fine settimana, sino a ottobre inoltrato, gli speleologi propongono <strong>visite guidate alla Grotta Remeron<\/strong> di Comerio con partenza dall&#8217;ex colonia Rossi di Barasso &gt; <a href=\"https:\/\/www.varesenews.it\/2021\/06\/gita-alle-grotte-remeron-prenotare\/1346496\/\">Leggi qui<\/a><\/p>\n<p><strong>Lago Maggiore:<\/strong>\u00a0prosegue la stagione per scoprire il fascino delle Isole Borromee sul Lago Maggiore, anche nei fine settimana &gt;<a href=\"https:\/\/www.varesenews.it\/2021\/04\/riaprono-le-isole-borromee-sul-lago-maggiore\/1333767\/\">\u00a0Leggi l\u2019articolo<\/a><\/p>\n<h3>MAMMA E PAP\u00c0<\/h3>\n<p><strong>Gallarate<\/strong>: nasce dalla\u00a0collaborazione tra il Sistema bibliotecario Panizzi e Nati per leggere <strong>un nuovo servizio dedicato alla lettura per bambini,<\/strong> help desk digitale che permette ai genitori di avere informazioni e consigli &gt; <a href=\"https:\/\/www.varesenews.it\/2021\/05\/letture-bambini-biblioteca-nati-leggere-un-servizio-famiglie\/1341456\/\">Scopri di pi\u00f9<\/a><\/p>\n<p><strong>Per tutti<\/strong>: Tanti concerti, per tutti i gusti e poi\u00a0artigianato, spettacoli teatrali, sagre gastronomiche e tanti eventi dal profumo d\u2019estate riempiono il fine settimana \u00a0&gt; <a href=\"https:\/\/www.varesenews.it\/2021\/07\/artigianato-natura-musica-live-scegliete-vostro-weekend\/1363973\/\">Cosa fare nel weekend<\/a><\/p>\n","protected":false},"excerpt":{"rendered":"<p>Spettacoli ispirati a grandi autori o di circo, laboratori artigiani o teatrali, esplorazioni d&#8217;arte o di natura: a ogni famiglia il suo weekend per divertirsi con i bambini<\/p>\n","protected":false},"author":14095,"featured_media":0,"comment_status":"open","ping_status":"open","sticky":false,"template":"","format":"standard","meta":{"footnotes":""},"categories":[23,4,3,9,7,5,21,2],"tags":[66851,87200,158],"acf":[],"yoast_head":"<!-- This site is optimized with the Yoast SEO plugin v20.1 - https:\/\/yoast.com\/wordpress\/plugins\/seo\/ -->\n<title>Da Dante a Sepulveda, tra acrobati, artigiani e biodiversit\u00e0: il weekend dei bambini<\/title>\n<meta name=\"description\" content=\"Spettacoli ispirati a grandi autori o di circo, laboratori artigiani o teatrali, esplorazioni d&#039;arte o di natura: a ogni famiglia il suo weekend per divertirsi con i bambini\" \/>\n<meta name=\"robots\" content=\"noindex, follow, max-snippet:-1, max-image-preview:large, max-video-preview:-1\" \/>\n<meta property=\"og:locale\" content=\"it_IT\" \/>\n<meta property=\"og:type\" content=\"article\" \/>\n<meta property=\"og:title\" content=\"Da Dante a Sepulveda, tra acrobati, artigiani e biodiversit\u00e0: il weekend dei bambini\" \/>\n<meta property=\"og:description\" content=\"Spettacoli ispirati a grandi autori o di circo, laboratori artigiani o teatrali, esplorazioni d&#039;arte o di natura: a ogni famiglia il suo weekend per divertirsi con i bambini\" \/>\n<meta property=\"og:url\" content=\"https:\/\/staging.varesenews.it\/2021\/07\/dante-sepulveda-acrobati-artigiani-biodiversita-weekend-dei-bambini\/1364065\/\" \/>\n<meta property=\"og:site_name\" content=\"VareseNews\" \/>\n<meta property=\"article:publisher\" content=\"https:\/\/www.facebook.com\/varesenews\" \/>\n<meta property=\"article:published_time\" content=\"2021-07-23T14:01:39+00:00\" \/>\n<meta property=\"article:modified_time\" content=\"2021-07-23T14:28:34+00:00\" \/>\n<meta name=\"author\" content=\"Lidia Romeo\" \/>\n<meta name=\"twitter:card\" content=\"summary_large_image\" \/>\n<meta name=\"twitter:creator\" content=\"@varesenews\" \/>\n<meta name=\"twitter:site\" content=\"@varesenews\" \/>\n<meta name=\"twitter:label1\" content=\"Scritto da\" \/>\n\t<meta name=\"twitter:data1\" content=\"Lidia Romeo\" \/>\n\t<meta name=\"twitter:label2\" content=\"Tempo di lettura stimato\" \/>\n\t<meta name=\"twitter:data2\" content=\"4 minuti\" \/>\n<script type=\"application\/ld+json\" class=\"yoast-schema-graph\">{\"@context\":\"https:\/\/schema.org\",\"@graph\":[{\"@type\":\"WebPage\",\"@id\":\"https:\/\/staging.varesenews.it\/2021\/07\/dante-sepulveda-acrobati-artigiani-biodiversita-weekend-dei-bambini\/1364065\/\",\"url\":\"https:\/\/staging.varesenews.it\/2021\/07\/dante-sepulveda-acrobati-artigiani-biodiversita-weekend-dei-bambini\/1364065\/\",\"name\":\"Da Dante a Sepulveda, tra acrobati, artigiani e biodiversit\u00e0: il weekend dei bambini\",\"isPartOf\":{\"@id\":\"https:\/\/staging.varesenews.it\/#website\"},\"datePublished\":\"2021-07-23T14:01:39+00:00\",\"dateModified\":\"2021-07-23T14:28:34+00:00\",\"author\":{\"@id\":\"https:\/\/staging.varesenews.it\/#\/schema\/person\/83b39e5ac77662e18c07cdb07f0b4e7a\"},\"description\":\"Spettacoli ispirati a grandi autori o di circo, laboratori artigiani o teatrali, esplorazioni d'arte o di natura: a ogni famiglia il suo weekend per divertirsi con i bambini\",\"breadcrumb\":{\"@id\":\"https:\/\/staging.varesenews.it\/2021\/07\/dante-sepulveda-acrobati-artigiani-biodiversita-weekend-dei-bambini\/1364065\/#breadcrumb\"},\"inLanguage\":\"it-IT\",\"potentialAction\":[{\"@type\":\"ReadAction\",\"target\":[\"https:\/\/staging.varesenews.it\/2021\/07\/dante-sepulveda-acrobati-artigiani-biodiversita-weekend-dei-bambini\/1364065\/\"]}]},{\"@type\":\"BreadcrumbList\",\"@id\":\"https:\/\/staging.varesenews.it\/2021\/07\/dante-sepulveda-acrobati-artigiani-biodiversita-weekend-dei-bambini\/1364065\/#breadcrumb\",\"itemListElement\":[{\"@type\":\"ListItem\",\"position\":1,\"name\":\"Home\",\"item\":\"https:\/\/www.varesenews.it\/\"},{\"@type\":\"ListItem\",\"position\":2,\"name\":\"Da Dante a Sepulveda, tra acrobati, artigiani e biodiversit\u00e0: il weekend dei bambini\"}]},{\"@type\":\"WebSite\",\"@id\":\"https:\/\/staging.varesenews.it\/#website\",\"url\":\"https:\/\/staging.varesenews.it\/\",\"name\":\"VareseNews\",\"description\":\"\",\"potentialAction\":[{\"@type\":\"SearchAction\",\"target\":{\"@type\":\"EntryPoint\",\"urlTemplate\":\"https:\/\/staging.varesenews.it\/?s={search_term_string}\"},\"query-input\":\"required name=search_term_string\"}],\"inLanguage\":\"it-IT\"},{\"@type\":\"Person\",\"@id\":\"https:\/\/staging.varesenews.it\/#\/schema\/person\/83b39e5ac77662e18c07cdb07f0b4e7a\",\"name\":\"Lidia Romeo\",\"image\":{\"@type\":\"ImageObject\",\"inLanguage\":\"it-IT\",\"@id\":\"https:\/\/staging.varesenews.it\/#\/schema\/person\/image\/\",\"url\":\"https:\/\/staging.varesenews.it\/wp-content\/uploads\/2020\/12\/lidia_romeo_colori_500.jpg\",\"contentUrl\":\"https:\/\/staging.varesenews.it\/wp-content\/uploads\/2020\/12\/lidia_romeo_colori_500.jpg\",\"caption\":\"Lidia Romeo\"},\"description\":\"Giornalista professionista dal 2010, una laurea in Scienze politiche e tante, tantissime domande. Ascolto risposte, ne cerco altre e alcune le scrivo. Mi piacciono le chiacchiere, le idee capaci di guardare lontano e camminare in spazi aperti senza altra meta che l&rsquo;orizzonte.&nbsp;Per VareseNews sono responsabile del canale Bambini, a proposito di orizzonti ampi... quanto il futuro. &nbsp;\",\"url\":\"https:\/\/staging.varesenews.it\/persona\/lidia-romeo-a\/\"}]}<\/script>\n<!-- \/ Yoast SEO plugin. -->","yoast_head_json":{"title":"Da Dante a Sepulveda, tra acrobati, artigiani e biodiversit\u00e0: il weekend dei bambini","description":"Spettacoli ispirati a grandi autori o di circo, laboratori artigiani o teatrali, esplorazioni d'arte o di natura: a ogni famiglia il suo weekend per divertirsi con i bambini","robots":{"index":"noindex","follow":"follow","max-snippet":"max-snippet:-1","max-image-preview":"max-image-preview:large","max-video-preview":"max-video-preview:-1"},"og_locale":"it_IT","og_type":"article","og_title":"Da Dante a Sepulveda, tra acrobati, artigiani e biodiversit\u00e0: il weekend dei bambini","og_description":"Spettacoli ispirati a grandi autori o di circo, laboratori artigiani o teatrali, esplorazioni d'arte o di natura: a ogni famiglia il suo weekend per divertirsi con i bambini","og_url":"https:\/\/staging.varesenews.it\/2021\/07\/dante-sepulveda-acrobati-artigiani-biodiversita-weekend-dei-bambini\/1364065\/","og_site_name":"VareseNews","article_publisher":"https:\/\/www.facebook.com\/varesenews","article_published_time":"2021-07-23T14:01:39+00:00","article_modified_time":"2021-07-23T14:28:34+00:00","author":"Lidia Romeo","twitter_card":"summary_large_image","twitter_creator":"@varesenews","twitter_site":"@varesenews","twitter_misc":{"Scritto da":"Lidia Romeo","Tempo di lettura stimato":"4 minuti"},"schema":{"@context":"https:\/\/schema.org","@graph":[{"@type":"WebPage","@id":"https:\/\/staging.varesenews.it\/2021\/07\/dante-sepulveda-acrobati-artigiani-biodiversita-weekend-dei-bambini\/1364065\/","url":"https:\/\/staging.varesenews.it\/2021\/07\/dante-sepulveda-acrobati-artigiani-biodiversita-weekend-dei-bambini\/1364065\/","name":"Da Dante a Sepulveda, tra acrobati, artigiani e biodiversit\u00e0: il weekend dei bambini","isPartOf":{"@id":"https:\/\/staging.varesenews.it\/#website"},"datePublished":"2021-07-23T14:01:39+00:00","dateModified":"2021-07-23T14:28:34+00:00","author":{"@id":"https:\/\/staging.varesenews.it\/#\/schema\/person\/83b39e5ac77662e18c07cdb07f0b4e7a"},"description":"Spettacoli ispirati a grandi autori o di circo, laboratori artigiani o teatrali, esplorazioni d'arte o di natura: a ogni famiglia il suo weekend per divertirsi con i bambini","breadcrumb":{"@id":"https:\/\/staging.varesenews.it\/2021\/07\/dante-sepulveda-acrobati-artigiani-biodiversita-weekend-dei-bambini\/1364065\/#breadcrumb"},"inLanguage":"it-IT","potentialAction":[{"@type":"ReadAction","target":["https:\/\/staging.varesenews.it\/2021\/07\/dante-sepulveda-acrobati-artigiani-biodiversita-weekend-dei-bambini\/1364065\/"]}]},{"@type":"BreadcrumbList","@id":"https:\/\/staging.varesenews.it\/2021\/07\/dante-sepulveda-acrobati-artigiani-biodiversita-weekend-dei-bambini\/1364065\/#breadcrumb","itemListElement":[{"@type":"ListItem","position":1,"name":"Home","item":"https:\/\/www.varesenews.it\/"},{"@type":"ListItem","position":2,"name":"Da Dante a Sepulveda, tra acrobati, artigiani e biodiversit\u00e0: il weekend dei bambini"}]},{"@type":"WebSite","@id":"https:\/\/staging.varesenews.it\/#website","url":"https:\/\/staging.varesenews.it\/","name":"VareseNews","description":"","potentialAction":[{"@type":"SearchAction","target":{"@type":"EntryPoint","urlTemplate":"https:\/\/staging.varesenews.it\/?s={search_term_string}"},"query-input":"required name=search_term_string"}],"inLanguage":"it-IT"},{"@type":"Person","@id":"https:\/\/staging.varesenews.it\/#\/schema\/person\/83b39e5ac77662e18c07cdb07f0b4e7a","name":"Lidia Romeo","image":{"@type":"ImageObject","inLanguage":"it-IT","@id":"https:\/\/staging.varesenews.it\/#\/schema\/person\/image\/","url":"https:\/\/staging.varesenews.it\/wp-content\/uploads\/2020\/12\/lidia_romeo_colori_500.jpg","contentUrl":"https:\/\/staging.varesenews.it\/wp-content\/uploads\/2020\/12\/lidia_romeo_colori_500.jpg","caption":"Lidia Romeo"},"description":"Giornalista professionista dal 2010, una laurea in Scienze politiche e tante, tantissime domande. Ascolto risposte, ne cerco altre e alcune le scrivo. Mi piacciono le chiacchiere, le idee capaci di guardare lontano e camminare in spazi aperti senza altra meta che l&rsquo;orizzonte.&nbsp;Per VareseNews sono responsabile del canale Bambini, a proposito di orizzonti ampi... quanto il futuro. &nbsp;","url":"https:\/\/staging.varesenews.it\/persona\/lidia-romeo-a\/"}]}},"post_meta":{"ratings_users":"0","ratings_score":"0","ratings_average":"0","firma-personalizzata":"bambini@varesenews.it","nascondi_adsense":"1","argomento":"Che fare nel weekend - bambini","foto":"1238436","_edit_lock":"1627050533:14095","_edit_last":"14095","_category_permalink":"a:1:{s:8:\"category\";s:2:\"23\";}","_encloseme":"1","_yoast_wpseo_content_score":"30","_jd_tweet_this":"yes","_wpt_short_url":"https:\/\/www.varesenews.it\/2021\/07\/dante-sepulveda-acrobati-artigiani-biodiversita-weekend-dei-bambini\/1364065\/","_wp_jd_target":"https:\/\/www.varesenews.it\/2021\/07\/dante-sepulveda-acrobati-artigiani-biodiversita-weekend-dei-bambini\/1364065\/","_jd_wp_twitter":"a:1:{i:0;s:220:\"Da Dante a Sepulveda, tra acrobati, artigiani e biodiversit\u00e0: il weekend dei bambini https:\/\/www.varesenews.it\/2021\/07\/dante-sepulveda-acrobati-artigiani-biodiversita-weekend-dei-bambini\/1364065\/ #Eventibambini #weekend\";}","_wpt_status_message":"Tweet inviato con successo.","_oembed_b4aeecc1507c2663640d9b9add7316b3":"<blockquote class=\"wp-embedded-content\" data-secret=\"eq94MCybFr\"><a href=\"https:\/\/www.legnanonews.com\/altri\/2021\/02\/19\/a-legnano-arriva-il-co-housing-alloggi-con-spazi-condivisi-in-stabili-comunali-recuperati\/970728\/\">A Legnano arriva il co-housing, alloggi con spazi condivisi in stabili comunali recuperati<\/a><\/blockquote><iframe class=\"wp-embedded-content\" sandbox=\"allow-scripts\" security=\"restricted\" style=\"position: absolute; clip: rect(1px, 1px, 1px, 1px);\" src=\"https:\/\/www.legnanonews.com\/altri\/2021\/02\/19\/a-legnano-arriva-il-co-housing-alloggi-con-spazi-condivisi-in-stabili-comunali-recuperati\/970728\/embed\/#?secret=eq94MCybFr\" data-secret=\"eq94MCybFr\" width=\"500\" height=\"282\" title=\"&#8220;A Legnano arriva il co-housing, alloggi con spazi condivisi in stabili comunali recuperati&#8221; &#8212; LegnanoNews\" frameborder=\"0\" marginwidth=\"0\" marginheight=\"0\" scrolling=\"no\"><\/iframe>","_oembed_f2f7d81dcb24157f55f51d1a5276a151":"<blockquote class=\"wp-embedded-content\" data-secret=\"xEscU7xOZF\"><a href=\"https:\/\/www.varesenews.it\/2021\/07\/cardano-ricorda-laura-prati-8-anni-laura-nostro-pilastro\/1357054\/\">Cardano ricorda Laura Prati, 8 anni dopo: &#8220;Laura \u00e8 il nostro pilastro&#8221;<\/a><\/blockquote><iframe class=\"wp-embedded-content\" sandbox=\"allow-scripts\" security=\"restricted\" style=\"position: absolute; clip: rect(1px, 1px, 1px, 1px);\" src=\"https:\/\/www.varesenews.it\/2021\/07\/cardano-ricorda-laura-prati-8-anni-laura-nostro-pilastro\/1357054\/embed\/#?secret=xEscU7xOZF\" data-secret=\"xEscU7xOZF\" width=\"500\" height=\"282\" title=\"&#8220;Cardano ricorda Laura Prati, 8 anni dopo: &#8220;Laura \u00e8 il nostro pilastro&#8221;&#8221; &#8212; VareseNews\" frameborder=\"0\" marginwidth=\"0\" marginheight=\"0\" scrolling=\"no\"><\/iframe>","_oembed_time_b4aeecc1507c2663640d9b9add7316b3":"1627048918","_oembed_time_f2f7d81dcb24157f55f51d1a5276a151":"1627048918","_oembed_af5d23ade4aec84a642e12fb9a5234b7":"<blockquote class=\"wp-embedded-content\" data-secret=\"PrJ9TXOXMH\"><a href=\"https:\/\/www.varesenews.it\/2021\/06\/imprenditore-accusato-spaccio-viene-assolto-nel-frattempo-chiuso-lazienda\/1354646\/\">Imprenditore accusato di spaccio viene assolto ma nel frattempo ha chiuso l&#8217;azienda<\/a><\/blockquote><iframe class=\"wp-embedded-content\" sandbox=\"allow-scripts\" security=\"restricted\" style=\"position: absolute; clip: rect(1px, 1px, 1px, 1px);\" src=\"https:\/\/www.varesenews.it\/2021\/06\/imprenditore-accusato-spaccio-viene-assolto-nel-frattempo-chiuso-lazienda\/1354646\/embed\/#?secret=PrJ9TXOXMH\" data-secret=\"PrJ9TXOXMH\" width=\"500\" height=\"282\" title=\"&#8220;Imprenditore accusato di spaccio viene assolto ma nel frattempo ha chiuso l&#8217;azienda&#8221; &#8212; VareseNews\" frameborder=\"0\" marginwidth=\"0\" marginheight=\"0\" scrolling=\"no\"><\/iframe>","_oembed_time_af5d23ade4aec84a642e12fb9a5234b7":"1627048918","_oembed_45e428db714b6e06763c7e08973971da":"<blockquote class=\"wp-embedded-content\" data-secret=\"J85dbimdCG\"><a href=\"https:\/\/www.varesenews.it\/2021\/07\/gente-gallarate-sostiene-serati-unonda-civica-cresce\/1362649\/\">Gente di Gallarate sostiene Serati: &#8220;Un&#8217;onda civica che cresce&#8221;<\/a><\/blockquote><iframe class=\"wp-embedded-content\" sandbox=\"allow-scripts\" security=\"restricted\" style=\"position: absolute; clip: rect(1px, 1px, 1px, 1px);\" src=\"https:\/\/www.varesenews.it\/2021\/07\/gente-gallarate-sostiene-serati-unonda-civica-cresce\/1362649\/embed\/#?secret=J85dbimdCG\" data-secret=\"J85dbimdCG\" width=\"500\" height=\"282\" title=\"&#8220;Gente di Gallarate sostiene Serati: &#8220;Un&#8217;onda civica che cresce&#8221;&#8221; &#8212; VareseNews\" frameborder=\"0\" marginwidth=\"0\" marginheight=\"0\" scrolling=\"no\"><\/iframe>","_oembed_time_45e428db714b6e06763c7e08973971da":"1627048918","_oembed_995e82f7dd51668a742e8c0204626117":"<blockquote class=\"wp-embedded-content\" data-secret=\"Um8pXdGSfi\"><a href=\"https:\/\/www.legnanonews.com\/aree-geografiche\/alto_milanese\/2020\/12\/17\/ex-rede-telemonitoraggio-e-green-boulevard-parabiago-punta-sulla-qualita-dellabitare\/963116\/\">Ex Rede e &#8220;green boulevard&#8221;: Parabiago punta sulla qualit\u00e0 dell&#8217;abitare<\/a><\/blockquote><iframe class=\"wp-embedded-content\" sandbox=\"allow-scripts\" security=\"restricted\" style=\"position: absolute; clip: rect(1px, 1px, 1px, 1px);\" src=\"https:\/\/www.legnanonews.com\/aree-geografiche\/alto_milanese\/2020\/12\/17\/ex-rede-telemonitoraggio-e-green-boulevard-parabiago-punta-sulla-qualita-dellabitare\/963116\/embed\/#?secret=Um8pXdGSfi\" data-secret=\"Um8pXdGSfi\" width=\"500\" height=\"282\" title=\"&#8220;Ex Rede e &#8220;green boulevard&#8221;: Parabiago punta sulla qualit\u00e0 dell&#8217;abitare&#8221; &#8212; LegnanoNews\" frameborder=\"0\" marginwidth=\"0\" marginheight=\"0\" scrolling=\"no\"><\/iframe>","_oembed_time_995e82f7dd51668a742e8c0204626117":"1627048921","_oembed_0d2ea832ddb884ea34862a5743592828":"<blockquote class=\"wp-embedded-content\" data-secret=\"On2bO3eqcb\"><a href=\"https:\/\/www.legnanonews.com\/aree-geografiche\/alto_milanese\/2021\/03\/03\/co-housing-co-working-e-portierato-sociale-cosi-rinasce-la-torre-amigazzi-a-rescaldina\/972416\/\">Co-housing, co-working e portierato sociale: cos\u00ec rinasce la Torre Amigazzi a Rescaldina<\/a><\/blockquote><iframe class=\"wp-embedded-content\" sandbox=\"allow-scripts\" security=\"restricted\" style=\"position: absolute; clip: rect(1px, 1px, 1px, 1px);\" src=\"https:\/\/www.legnanonews.com\/aree-geografiche\/alto_milanese\/2021\/03\/03\/co-housing-co-working-e-portierato-sociale-cosi-rinasce-la-torre-amigazzi-a-rescaldina\/972416\/embed\/#?secret=On2bO3eqcb\" data-secret=\"On2bO3eqcb\" width=\"500\" height=\"282\" title=\"&#8220;Co-housing, co-working e portierato sociale: cos\u00ec rinasce la Torre Amigazzi a Rescaldina&#8221; &#8212; LegnanoNews\" frameborder=\"0\" marginwidth=\"0\" marginheight=\"0\" scrolling=\"no\"><\/iframe>","_oembed_time_0d2ea832ddb884ea34862a5743592828":"1627048923","id_leggi_anche":"1363973"},"photos":[{"original":"https:\/\/staging.varesenews.it\/photogallery_new\/images\/2021\/07\/generica-2020-1238436.jpg","full":"https:\/\/staging.varesenews.it\/photogallery_new\/images\/2021\/07\/generica-2020-1238436.1024x768.jpg","large":"https:\/\/staging.varesenews.it\/photogallery_new\/images\/2021\/07\/generica-2020-1238436.610x431.jpg"}],"_links":{"self":[{"href":"https:\/\/staging.varesenews.it\/swgapi\/v1\/wp\/v2\/posts\/1364065"}],"collection":[{"href":"https:\/\/staging.varesenews.it\/swgapi\/v1\/wp\/v2\/posts"}],"about":[{"href":"https:\/\/staging.varesenews.it\/swgapi\/v1\/wp\/v2\/types\/post"}],"author":[{"embeddable":true,"href":"https:\/\/staging.varesenews.it\/swgapi\/v1\/wp\/v2\/users\/14095"}],"replies":[{"embeddable":true,"href":"https:\/\/staging.varesenews.it\/swgapi\/v1\/wp\/v2\/comments?post=1364065"}],"version-history":[{"count":0,"href":"https:\/\/staging.varesenews.it\/swgapi\/v1\/wp\/v2\/posts\/1364065\/revisions"}],"wp:attachment":[{"href":"https:\/\/staging.varesenews.it\/swgapi\/v1\/wp\/v2\/media?parent=1364065"}],"wp:term":[{"taxonomy":"category","embeddable":true,"href":"https:\/\/staging.varesenews.it\/swgapi\/v1\/wp\/v2\/categories?post=1364065"},{"taxonomy":"post_tag","embeddable":true,"href":"https:\/\/staging.varesenews.it\/swgapi\/v1\/wp\/v2\/tags?post=1364065"}],"curies":[{"name":"wp","href":"https:\/\/api.w.org\/{rel}","templated":true}]}}