{"id":1364189,"date":"2021-07-23T18:12:01","date_gmt":"2021-07-23T16:12:01","guid":{"rendered":"https:\/\/www.varesenews.it\/?p=1364189"},"modified":"2021-07-23T18:12:01","modified_gmt":"2021-07-23T16:12:01","slug":"circolo-monvalle-cerca-un-gestore-continuare-la-storia-nata-nel-1957","status":"publish","type":"post","link":"https:\/\/staging.varesenews.it\/2021\/07\/circolo-monvalle-cerca-un-gestore-continuare-la-storia-nata-nel-1957\/1364189\/","title":{"rendered":"Il Circolo di Monvalle cerca un nuovo gestore per continuare la storia nata nel 1957"},"content":{"rendered":"<p>La<strong> Societ\u00e0 cooperativa del Circolo di Monvalle cerca un affittuario per l\u2019esercizio di bar-ristorante.<br \/>\n<\/strong><br \/>\n<strong>Il Circolo, che dal 1957 rappresenta un punto di ritrovo per la collettivit\u00e0<\/strong> e offre un servizio anche a quanti raggiungono il comune rivierasco, \u00e8 rimasto senza gestori. A causa della situazione sanitaria, l\u2019attivit\u00e0 ristorativa ha subito dei contraccolpi che hanno portato alla momentanea chiusura. <strong>Nel 2017 \u00e8 stato celebrato il 60\u00b0 di fondazione<\/strong> con un grande evento che ha visto la partecipazione del circoli limitrofi ed autorit\u00e0 delle coop regionali.<\/p>\n<p>La struttura, adeguata ai canoni di sicurezza richiesti, \u00e8 composta da una cucina attrezzata, un angolo per la pizza con forno a legna, due sale ristoro che possono accogliere circa 70 coperti, bancone e sala bar. All\u2019esterno ci sono spazi per la ricezione, sia al riparo di una sicura tettoia, sia nel giardino tra gli alberi.<br \/>\n<strong>Annesso si trova il bocciodromo<\/strong>, gestito dalla societ\u00e0 Bocciofila Monvalle, la cui attivit\u00e0 \u00e8 da<br \/>\nsempre legata al circolo. Una perla nel panorama bocciofilo provinciale e sede spesso di gare.<br \/>\nUn parcheggio di oltre 1000 mq. garantisce la possibilit\u00e0 di una comoda fruizione del luogo.<\/p>\n<div class=\"photo-inside-post\"><img decoding=\"async\" loading=\"lazy\" fetchpriority=\"low\" width=\"610\" height=\"431\" src=\"https:\/\/staging.varesenews.it\/photogallery_new\/images\/2017\/04\/il-circolo-di-monvalle-603297.610x431.jpg\" alt=\"Il Circolo di Monvalle \"><\/div>\n<p><strong>La propriet\u00e0 \u00e8 alla ricerca di qualcuno che voglia riaprire i battenti<\/strong> : \u00abIl desiderio dei soci, per scongiurare il pericolo di dover chiudere come \u00e8 toccato in sorte alla maggior parte dei circoli della provincia, \u00e8 affidare il locale ad affittuari che condividano l\u2019idea dell\u2019accoglienza tipica dei \u201cvecchi\u201d circoli: cucina semplice ma genuinamente curata e rapporti sinceri con i clienti del ristorante, ma anche con gli avventori abituali del bar\u00bb.<\/p>\n<div class=\"photo-inside-post\"><img decoding=\"async\" loading=\"lazy\" fetchpriority=\"low\" width=\"610\" height=\"431\" src=\"https:\/\/staging.varesenews.it\/photogallery_new\/images\/2017\/04\/il-circolo-di-monvalle-603291.610x431.jpg\" alt=\"Il Circolo di Monvalle \"><\/div>\n<p>Il Circolo rappresenta anche l\u2019unica attivit\u00e0 ristorativa nel periodo invernale ed \u00e8 teatro di eventi organizzati anche in accordo con la Pro Loco.<br \/>\n<strong>Per informazioni e per prendere visione della struttura<\/strong> si pu\u00f2 scrivere a<br \/>\ncircolomonvalle@gmail.com o contattare il presidente della cooperativa Flavio Carminati al numero 3478840090.<\/p>\n","protected":false},"excerpt":{"rendered":"<p>\u00c8 un punto di riferimento per la collettivit\u00e0 e teatro di molti eventi. All&#8217;esterno anche il campo di bocce, tra i migliori in provincia<\/p>\n","protected":false},"author":33,"featured_media":0,"comment_status":"open","ping_status":"open","sticky":false,"template":"","format":"standard","meta":{"footnotes":""},"categories":[21,2],"tags":[116619],"acf":[],"yoast_head":"<!-- This site is optimized with the Yoast SEO plugin v20.1 - https:\/\/yoast.com\/wordpress\/plugins\/seo\/ -->\n<title>Il Circolo di Monvalle cerca un nuovo gestore per continuare la storia nata nel 1957<\/title>\n<meta name=\"description\" content=\"\u00c8 un punto di riferimento per la collettivit\u00e0 e teatro di molti eventi. All&#039;esterno anche il campo di bocce, tra i migliori in provincia\" \/>\n<meta name=\"robots\" content=\"noindex, follow, max-snippet:-1, max-image-preview:large, max-video-preview:-1\" \/>\n<meta property=\"og:locale\" content=\"it_IT\" \/>\n<meta property=\"og:type\" content=\"article\" \/>\n<meta property=\"og:title\" content=\"Il Circolo di Monvalle cerca un nuovo gestore per continuare la storia nata nel 1957\" \/>\n<meta property=\"og:description\" content=\"\u00c8 un punto di riferimento per la collettivit\u00e0 e teatro di molti eventi. All&#039;esterno anche il campo di bocce, tra i migliori in provincia\" \/>\n<meta property=\"og:url\" content=\"https:\/\/staging.varesenews.it\/2021\/07\/circolo-monvalle-cerca-un-gestore-continuare-la-storia-nata-nel-1957\/1364189\/\" \/>\n<meta property=\"og:site_name\" content=\"VareseNews\" \/>\n<meta property=\"article:publisher\" content=\"https:\/\/www.facebook.com\/varesenews\" \/>\n<meta property=\"article:author\" content=\"alessandra.toni7\" \/>\n<meta property=\"article:published_time\" content=\"2021-07-23T16:12:01+00:00\" \/>\n<meta name=\"author\" content=\"Alessandra Toni\" \/>\n<meta name=\"twitter:card\" content=\"summary_large_image\" \/>\n<meta name=\"twitter:creator\" content=\"@alessandra_toni\" \/>\n<meta name=\"twitter:site\" content=\"@varesenews\" \/>\n<meta name=\"twitter:label1\" content=\"Scritto da\" \/>\n\t<meta name=\"twitter:data1\" content=\"Alessandra Toni\" \/>\n\t<meta name=\"twitter:label2\" content=\"Tempo di lettura stimato\" \/>\n\t<meta name=\"twitter:data2\" content=\"2 minuti\" \/>\n<script type=\"application\/ld+json\" class=\"yoast-schema-graph\">{\"@context\":\"https:\/\/schema.org\",\"@graph\":[{\"@type\":\"WebPage\",\"@id\":\"https:\/\/staging.varesenews.it\/2021\/07\/circolo-monvalle-cerca-un-gestore-continuare-la-storia-nata-nel-1957\/1364189\/\",\"url\":\"https:\/\/staging.varesenews.it\/2021\/07\/circolo-monvalle-cerca-un-gestore-continuare-la-storia-nata-nel-1957\/1364189\/\",\"name\":\"Il Circolo di Monvalle cerca un nuovo gestore per continuare la storia nata nel 1957\",\"isPartOf\":{\"@id\":\"https:\/\/staging.varesenews.it\/#website\"},\"datePublished\":\"2021-07-23T16:12:01+00:00\",\"dateModified\":\"2021-07-23T16:12:01+00:00\",\"author\":{\"@id\":\"https:\/\/staging.varesenews.it\/#\/schema\/person\/2643ce123d4a3c9511e015dc548779b8\"},\"description\":\"\u00c8 un punto di riferimento per la collettivit\u00e0 e teatro di molti eventi. All'esterno anche il campo di bocce, tra i migliori in provincia\",\"breadcrumb\":{\"@id\":\"https:\/\/staging.varesenews.it\/2021\/07\/circolo-monvalle-cerca-un-gestore-continuare-la-storia-nata-nel-1957\/1364189\/#breadcrumb\"},\"inLanguage\":\"it-IT\",\"potentialAction\":[{\"@type\":\"ReadAction\",\"target\":[\"https:\/\/staging.varesenews.it\/2021\/07\/circolo-monvalle-cerca-un-gestore-continuare-la-storia-nata-nel-1957\/1364189\/\"]}]},{\"@type\":\"BreadcrumbList\",\"@id\":\"https:\/\/staging.varesenews.it\/2021\/07\/circolo-monvalle-cerca-un-gestore-continuare-la-storia-nata-nel-1957\/1364189\/#breadcrumb\",\"itemListElement\":[{\"@type\":\"ListItem\",\"position\":1,\"name\":\"Home\",\"item\":\"https:\/\/www.varesenews.it\/\"},{\"@type\":\"ListItem\",\"position\":2,\"name\":\"Il Circolo di Monvalle cerca un nuovo gestore per continuare la storia nata nel 1957\"}]},{\"@type\":\"WebSite\",\"@id\":\"https:\/\/staging.varesenews.it\/#website\",\"url\":\"https:\/\/staging.varesenews.it\/\",\"name\":\"VareseNews\",\"description\":\"\",\"potentialAction\":[{\"@type\":\"SearchAction\",\"target\":{\"@type\":\"EntryPoint\",\"urlTemplate\":\"https:\/\/staging.varesenews.it\/?s={search_term_string}\"},\"query-input\":\"required name=search_term_string\"}],\"inLanguage\":\"it-IT\"},{\"@type\":\"Person\",\"@id\":\"https:\/\/staging.varesenews.it\/#\/schema\/person\/2643ce123d4a3c9511e015dc548779b8\",\"name\":\"Alessandra Toni\",\"image\":{\"@type\":\"ImageObject\",\"inLanguage\":\"it-IT\",\"@id\":\"https:\/\/staging.varesenews.it\/#\/schema\/person\/image\/\",\"url\":\"https:\/\/staging.varesenews.it\/wp-content\/uploads\/2020\/12\/alessandra_toni_colori_500.jpg\",\"contentUrl\":\"https:\/\/staging.varesenews.it\/wp-content\/uploads\/2020\/12\/alessandra_toni_colori_500.jpg\",\"caption\":\"Alessandra Toni\"},\"description\":\"Sono entrata nella redazione di VareseNews nel lontano anno 2000. Ero reduce da una bellissima esperienza nella redazione giornalistica della TV Nuova Antennatre, sotto la direzione dell'indimenticabile direttore Adolfo Caldarini. Sono arrivata quando era ancora una piccola realt\u00e0 editoriale e insieme abbiamo fatto un lungo ed entusiasmante lavoro. Mi occupo prevalentemente di scuola e di sanit\u00e0, settori impegnativi di grande valore sociale.\u00a0\",\"sameAs\":[\"alessandra.toni7\",\"alessandra.toni\",\"https:\/\/twitter.com\/alessandra_toni\"],\"url\":\"https:\/\/staging.varesenews.it\/persona\/alessandra_toni1\/\"}]}<\/script>\n<!-- \/ Yoast SEO plugin. -->","yoast_head_json":{"title":"Il Circolo di Monvalle cerca un nuovo gestore per continuare la storia nata nel 1957","description":"\u00c8 un punto di riferimento per la collettivit\u00e0 e teatro di molti eventi. All'esterno anche il campo di bocce, tra i migliori in provincia","robots":{"index":"noindex","follow":"follow","max-snippet":"max-snippet:-1","max-image-preview":"max-image-preview:large","max-video-preview":"max-video-preview:-1"},"og_locale":"it_IT","og_type":"article","og_title":"Il Circolo di Monvalle cerca un nuovo gestore per continuare la storia nata nel 1957","og_description":"\u00c8 un punto di riferimento per la collettivit\u00e0 e teatro di molti eventi. All'esterno anche il campo di bocce, tra i migliori in provincia","og_url":"https:\/\/staging.varesenews.it\/2021\/07\/circolo-monvalle-cerca-un-gestore-continuare-la-storia-nata-nel-1957\/1364189\/","og_site_name":"VareseNews","article_publisher":"https:\/\/www.facebook.com\/varesenews","article_author":"alessandra.toni7","article_published_time":"2021-07-23T16:12:01+00:00","author":"Alessandra Toni","twitter_card":"summary_large_image","twitter_creator":"@alessandra_toni","twitter_site":"@varesenews","twitter_misc":{"Scritto da":"Alessandra Toni","Tempo di lettura stimato":"2 minuti"},"schema":{"@context":"https:\/\/schema.org","@graph":[{"@type":"WebPage","@id":"https:\/\/staging.varesenews.it\/2021\/07\/circolo-monvalle-cerca-un-gestore-continuare-la-storia-nata-nel-1957\/1364189\/","url":"https:\/\/staging.varesenews.it\/2021\/07\/circolo-monvalle-cerca-un-gestore-continuare-la-storia-nata-nel-1957\/1364189\/","name":"Il Circolo di Monvalle cerca un nuovo gestore per continuare la storia nata nel 1957","isPartOf":{"@id":"https:\/\/staging.varesenews.it\/#website"},"datePublished":"2021-07-23T16:12:01+00:00","dateModified":"2021-07-23T16:12:01+00:00","author":{"@id":"https:\/\/staging.varesenews.it\/#\/schema\/person\/2643ce123d4a3c9511e015dc548779b8"},"description":"\u00c8 un punto di riferimento per la collettivit\u00e0 e teatro di molti eventi. All'esterno anche il campo di bocce, tra i migliori in provincia","breadcrumb":{"@id":"https:\/\/staging.varesenews.it\/2021\/07\/circolo-monvalle-cerca-un-gestore-continuare-la-storia-nata-nel-1957\/1364189\/#breadcrumb"},"inLanguage":"it-IT","potentialAction":[{"@type":"ReadAction","target":["https:\/\/staging.varesenews.it\/2021\/07\/circolo-monvalle-cerca-un-gestore-continuare-la-storia-nata-nel-1957\/1364189\/"]}]},{"@type":"BreadcrumbList","@id":"https:\/\/staging.varesenews.it\/2021\/07\/circolo-monvalle-cerca-un-gestore-continuare-la-storia-nata-nel-1957\/1364189\/#breadcrumb","itemListElement":[{"@type":"ListItem","position":1,"name":"Home","item":"https:\/\/www.varesenews.it\/"},{"@type":"ListItem","position":2,"name":"Il Circolo di Monvalle cerca un nuovo gestore per continuare la storia nata nel 1957"}]},{"@type":"WebSite","@id":"https:\/\/staging.varesenews.it\/#website","url":"https:\/\/staging.varesenews.it\/","name":"VareseNews","description":"","potentialAction":[{"@type":"SearchAction","target":{"@type":"EntryPoint","urlTemplate":"https:\/\/staging.varesenews.it\/?s={search_term_string}"},"query-input":"required name=search_term_string"}],"inLanguage":"it-IT"},{"@type":"Person","@id":"https:\/\/staging.varesenews.it\/#\/schema\/person\/2643ce123d4a3c9511e015dc548779b8","name":"Alessandra Toni","image":{"@type":"ImageObject","inLanguage":"it-IT","@id":"https:\/\/staging.varesenews.it\/#\/schema\/person\/image\/","url":"https:\/\/staging.varesenews.it\/wp-content\/uploads\/2020\/12\/alessandra_toni_colori_500.jpg","contentUrl":"https:\/\/staging.varesenews.it\/wp-content\/uploads\/2020\/12\/alessandra_toni_colori_500.jpg","caption":"Alessandra Toni"},"description":"Sono entrata nella redazione di VareseNews nel lontano anno 2000. Ero reduce da una bellissima esperienza nella redazione giornalistica della TV Nuova Antennatre, sotto la direzione dell'indimenticabile direttore Adolfo Caldarini. Sono arrivata quando era ancora una piccola realt\u00e0 editoriale e insieme abbiamo fatto un lungo ed entusiasmante lavoro. Mi occupo prevalentemente di scuola e di sanit\u00e0, settori impegnativi di grande valore sociale.\u00a0","sameAs":["alessandra.toni7","alessandra.toni","https:\/\/twitter.com\/alessandra_toni"],"url":"https:\/\/staging.varesenews.it\/persona\/alessandra_toni1\/"}]}},"post_meta":{"_edit_lock":"1627057612:33","_edit_last":"33","_category_permalink":"a:1:{s:8:\"category\";s:2:\"21\";}","foto":"591864","firma_come_redazione":"1","argomento":"Monvalle","_yoast_wpseo_content_score":"30","_jd_tweet_this":"yes","_encloseme":"1","ratings_users":"0","ratings_score":"0","ratings_average":"0","_wpt_short_url":"https:\/\/www.varesenews.it\/2021\/07\/circolo-monvalle-cerca-un-gestore-continuare-la-storia-nata-nel-1957\/1364189\/","_wp_jd_target":"https:\/\/www.varesenews.it\/2021\/07\/circolo-monvalle-cerca-un-gestore-continuare-la-storia-nata-nel-1957\/1364189\/","_jd_wp_twitter":"a:1:{i:0;s:213:\"Il Circolo di Monvalle cerca un nuovo gestore per continuare la storia nata nel 1957 https:\/\/www.varesenews.it\/2021\/07\/circolo-monvalle-cerca-un-gestore-continuare-la-storia-nata-nel-1957\/1364189\/ #circolomonvalle\";}","_wpt_status_message":"Tweet inviato con successo.","_oembed_05468c7e35c218369cea5d91acb3aa19":"<blockquote class=\"wp-embedded-content\" data-secret=\"YegA3Q79Pd\"><a href=\"https:\/\/www.saronnonews.it\/2021\/07\/22\/lfbc-saronno-si-presenta-a-el-primero\/\">L\u2019Fbc Saronno si presenta a El Primero<\/a><\/blockquote><iframe class=\"wp-embedded-content\" sandbox=\"allow-scripts\" security=\"restricted\" style=\"position: absolute; clip: rect(1px, 1px, 1px, 1px);\" src=\"https:\/\/www.saronnonews.it\/2021\/07\/22\/lfbc-saronno-si-presenta-a-el-primero\/embed\/#?secret=YegA3Q79Pd\" data-secret=\"YegA3Q79Pd\" width=\"500\" height=\"282\" title=\"&#8220;L\u2019Fbc Saronno si presenta a El Primero&#8221; &#8212; SaronnoNews\" frameborder=\"0\" marginwidth=\"0\" marginheight=\"0\" scrolling=\"no\"><\/iframe>","_oembed_time_05468c7e35c218369cea5d91acb3aa19":"1627056839","_oembed_251a524f9a7fdb4ee60c409648eb3731":"<blockquote class=\"wp-embedded-content\" data-secret=\"xVDkt3rRXd\"><a href=\"https:\/\/www.varesenews.it\/2021\/07\/dante-sepulveda-acrobati-artigiani-biodiversita-weekend-dei-bambini\/1364065\/\">Da Dante a Sepulveda, tra acrobati, artigiani e biodiversit\u00e0: il weekend dei bambini<\/a><\/blockquote><iframe class=\"wp-embedded-content\" sandbox=\"allow-scripts\" security=\"restricted\" style=\"position: absolute; clip: rect(1px, 1px, 1px, 1px);\" src=\"https:\/\/www.varesenews.it\/2021\/07\/dante-sepulveda-acrobati-artigiani-biodiversita-weekend-dei-bambini\/1364065\/embed\/#?secret=xVDkt3rRXd\" data-secret=\"xVDkt3rRXd\" width=\"500\" height=\"282\" title=\"&#8220;Da Dante a Sepulveda, tra acrobati, artigiani e biodiversit\u00e0: il weekend dei bambini&#8221; &#8212; VareseNews\" frameborder=\"0\" marginwidth=\"0\" marginheight=\"0\" scrolling=\"no\"><\/iframe>","_oembed_time_251a524f9a7fdb4ee60c409648eb3731":"1627056839","_oembed_b90bb57224407b681aa367a444e56677":"<iframe width=\"500\" height=\"281\" src=\"https:\/\/www.youtube.com\/embed\/FOK-AfRjCsM?start=23&feature=oembed\" frameborder=\"0\" allow=\"accelerometer; autoplay; clipboard-write; encrypted-media; gyroscope; picture-in-picture\" allowfullscreen><\/iframe>","_oembed_time_b90bb57224407b681aa367a444e56677":"1627056839","_oembed_a5797e3ef71568f6eb2a8c31d123a21d":"<blockquote class=\"wp-embedded-content\" data-secret=\"arKQivGwDb\"><a href=\"https:\/\/www.varesenews.it\/2008\/08\/non-abbiamo-nemmeno-un-posto-dove-ricordare-nonno-carlo\/211759\/\">\u00abNon abbiamo nemmeno un posto dove ricordare nonno Carlo\u00bb<\/a><\/blockquote><iframe class=\"wp-embedded-content\" sandbox=\"allow-scripts\" security=\"restricted\" style=\"position: absolute; clip: rect(1px, 1px, 1px, 1px);\" src=\"https:\/\/www.varesenews.it\/2008\/08\/non-abbiamo-nemmeno-un-posto-dove-ricordare-nonno-carlo\/211759\/embed\/#?secret=arKQivGwDb\" data-secret=\"arKQivGwDb\" width=\"500\" height=\"282\" title=\"&#8220;\u00abNon abbiamo nemmeno un posto dove ricordare nonno Carlo\u00bb&#8221; &#8212; VareseNews\" frameborder=\"0\" marginwidth=\"0\" marginheight=\"0\" scrolling=\"no\"><\/iframe>","_oembed_time_a5797e3ef71568f6eb2a8c31d123a21d":"1627056839","_oembed_39d75cd648395b27f10b53f6294c3ed6":"<blockquote class=\"wp-embedded-content\" data-secret=\"mxAmzmwltq\"><a href=\"https:\/\/www.varesenews.it\/2005\/04\/la-leggenda-del-maratoneta-presentata-nella-sua-citta-la-storia-di-carlo-airoldi\/277883\/\">&#8220;La leggenda del Maratoneta&#8221;: presentata nella sua citt\u00e0 la storia di Carlo Airoldi<\/a><\/blockquote><iframe class=\"wp-embedded-content\" sandbox=\"allow-scripts\" security=\"restricted\" style=\"position: absolute; clip: rect(1px, 1px, 1px, 1px);\" src=\"https:\/\/www.varesenews.it\/2005\/04\/la-leggenda-del-maratoneta-presentata-nella-sua-citta-la-storia-di-carlo-airoldi\/277883\/embed\/#?secret=mxAmzmwltq\" data-secret=\"mxAmzmwltq\" width=\"500\" height=\"282\" title=\"&#8220;&#8220;La leggenda del Maratoneta&#8221;: presentata nella sua citt\u00e0 la storia di Carlo Airoldi&#8221; &#8212; VareseNews\" frameborder=\"0\" marginwidth=\"0\" marginheight=\"0\" scrolling=\"no\"><\/iframe>","_oembed_time_39d75cd648395b27f10b53f6294c3ed6":"1627056839","_oembed_bdbc8cc8c915b462ad83cc1c9a6f7e7d":"<blockquote class=\"wp-embedded-content\" data-secret=\"9QVGYmZwOS\"><a href=\"https:\/\/www.varesenews.it\/2021\/07\/lestate-del-citta-varese-mercato-ritiro-amichevoli\/1361880\/\">L\u2019estate del Citt\u00e0 di Varese tra mercato, ritiro e amichevoli<\/a><\/blockquote><iframe class=\"wp-embedded-content\" sandbox=\"allow-scripts\" security=\"restricted\" style=\"position: absolute; clip: rect(1px, 1px, 1px, 1px);\" src=\"https:\/\/www.varesenews.it\/2021\/07\/lestate-del-citta-varese-mercato-ritiro-amichevoli\/1361880\/embed\/#?secret=9QVGYmZwOS\" data-secret=\"9QVGYmZwOS\" width=\"500\" height=\"282\" title=\"&#8220;L\u2019estate del Citt\u00e0 di Varese tra mercato, ritiro e amichevoli&#8221; &#8212; VareseNews\" frameborder=\"0\" marginwidth=\"0\" marginheight=\"0\" scrolling=\"no\"><\/iframe>","_oembed_time_bdbc8cc8c915b462ad83cc1c9a6f7e7d":"1627057007","_oembed_aaead21ee5ae1fae01a70bcac0329806":"<blockquote class=\"wp-embedded-content\" data-secret=\"vhxjnY5eYK\"><a href=\"https:\/\/www.varesenews.it\/lettera\/aiutatemi-trovare-lauto-venerdi-notte-mi-venuta-addosso-autostrada\/\">Aiutatemi a trovare l&#8217;auto che venerd\u00ec notte mi \u00e8 venuta addosso in Autostrada<\/a><\/blockquote><iframe class=\"wp-embedded-content\" sandbox=\"allow-scripts\" security=\"restricted\" style=\"position: absolute; clip: rect(1px, 1px, 1px, 1px);\" src=\"https:\/\/www.varesenews.it\/lettera\/aiutatemi-trovare-lauto-venerdi-notte-mi-venuta-addosso-autostrada\/embed\/#?secret=vhxjnY5eYK\" data-secret=\"vhxjnY5eYK\" width=\"500\" height=\"282\" title=\"&#8220;Aiutatemi a trovare l&#8217;auto che venerd\u00ec notte mi \u00e8 venuta addosso in Autostrada&#8221; &#8212; VareseNews\" frameborder=\"0\" marginwidth=\"0\" marginheight=\"0\" scrolling=\"no\"><\/iframe>","_oembed_time_aaead21ee5ae1fae01a70bcac0329806":"1627057007","_oembed_8536b2729d98509cfbda23a9126502f8":"<blockquote class=\"wp-embedded-content\" data-secret=\"oiVNixcjS9\"><a href=\"https:\/\/www.varesenews.it\/2021\/07\/varese-alle-olimpiadi-giorni-gli-orari-gara-dei-nostri-campioni\/1355379\/\">Varese alle Olimpiadi: i giorni e gli orari di gara dei nostri campioni<\/a><\/blockquote><iframe class=\"wp-embedded-content\" sandbox=\"allow-scripts\" security=\"restricted\" style=\"position: absolute; clip: rect(1px, 1px, 1px, 1px);\" src=\"https:\/\/www.varesenews.it\/2021\/07\/varese-alle-olimpiadi-giorni-gli-orari-gara-dei-nostri-campioni\/1355379\/embed\/#?secret=oiVNixcjS9\" data-secret=\"oiVNixcjS9\" width=\"500\" height=\"282\" title=\"&#8220;Varese alle Olimpiadi: i giorni e gli orari di gara dei nostri campioni&#8221; &#8212; VareseNews\" frameborder=\"0\" marginwidth=\"0\" marginheight=\"0\" scrolling=\"no\"><\/iframe>","_oembed_time_8536b2729d98509cfbda23a9126502f8":"1627057007","_oembed_20819487ba64eae299be0af3d7fec227":"<iframe width=\"500\" height=\"281\" src=\"https:\/\/www.youtube.com\/embed\/6D0V_ffiWeU?feature=oembed\" frameborder=\"0\" allow=\"accelerometer; autoplay; clipboard-write; encrypted-media; gyroscope; picture-in-picture\" allowfullscreen><\/iframe>","_oembed_time_20819487ba64eae299be0af3d7fec227":"1627057254","_oembed_d80b89383771ab8b134a416fbb518f02":"<blockquote class=\"wp-embedded-content\" data-secret=\"Gsa2Gh23mH\"><a href=\"https:\/\/www.varesenews.it\/2021\/07\/le-stelle-pieno-sole-weekend-dei-bambini-allaperto\/1361945\/\">Sotto le stelle o in pieno sole: il weekend dei bambini \u00e8 all&#8217;aperto<\/a><\/blockquote><iframe class=\"wp-embedded-content\" sandbox=\"allow-scripts\" security=\"restricted\" style=\"position: absolute; clip: rect(1px, 1px, 1px, 1px);\" src=\"https:\/\/www.varesenews.it\/2021\/07\/le-stelle-pieno-sole-weekend-dei-bambini-allaperto\/1361945\/embed\/#?secret=Gsa2Gh23mH\" data-secret=\"Gsa2Gh23mH\" width=\"500\" height=\"282\" title=\"&#8220;Sotto le stelle o in pieno sole: il weekend dei bambini \u00e8 all&#8217;aperto&#8221; &#8212; VareseNews\" frameborder=\"0\" marginwidth=\"0\" marginheight=\"0\" scrolling=\"no\"><\/iframe>","_oembed_time_d80b89383771ab8b134a416fbb518f02":"1627057255","_oembed_46dbb25cb55a83a5c2644e3f9d43bf2c":"<blockquote class=\"wp-embedded-content\" data-secret=\"iQuip5sZQ3\"><a href=\"https:\/\/www.varesenews.it\/2021\/07\/ticino-consigliere-zali-visita-laeroporto-magadino-devastato-dal-maltempo\/1361101\/\">Ticino, il consigliere di Stato Zali visita l&#8217;aeroporto di Magadino devastato dal maltempo<\/a><\/blockquote><iframe class=\"wp-embedded-content\" sandbox=\"allow-scripts\" security=\"restricted\" style=\"position: absolute; clip: rect(1px, 1px, 1px, 1px);\" src=\"https:\/\/www.varesenews.it\/2021\/07\/ticino-consigliere-zali-visita-laeroporto-magadino-devastato-dal-maltempo\/1361101\/embed\/#?secret=iQuip5sZQ3\" data-secret=\"iQuip5sZQ3\" width=\"500\" height=\"282\" title=\"&#8220;Ticino, il consigliere di Stato Zali visita l&#8217;aeroporto di Magadino devastato dal maltempo&#8221; &#8212; VareseNews\" frameborder=\"0\" marginwidth=\"0\" marginheight=\"0\" scrolling=\"no\"><\/iframe>","_oembed_time_46dbb25cb55a83a5c2644e3f9d43bf2c":"1627057255","_oembed_28bb3bfb015bcfe0a81102566ff5502f":"<blockquote class=\"wp-embedded-content\" data-secret=\"B2Mfsll4ov\"><a href=\"https:\/\/www.varesenews.it\/2021\/07\/maltempo-canton-ticino-crolla-tetto-un-hangar-allaeroporto-locarno\/1360708\/\">Maltempo in Canton Ticino, crolla il tetto di un hangar all&#8217;aeroporto di Locarno<\/a><\/blockquote><iframe class=\"wp-embedded-content\" sandbox=\"allow-scripts\" security=\"restricted\" style=\"position: absolute; clip: rect(1px, 1px, 1px, 1px);\" src=\"https:\/\/www.varesenews.it\/2021\/07\/maltempo-canton-ticino-crolla-tetto-un-hangar-allaeroporto-locarno\/1360708\/embed\/#?secret=B2Mfsll4ov\" data-secret=\"B2Mfsll4ov\" width=\"500\" height=\"282\" title=\"&#8220;Maltempo in Canton Ticino, crolla il tetto di un hangar all&#8217;aeroporto di Locarno&#8221; &#8212; VareseNews\" frameborder=\"0\" marginwidth=\"0\" marginheight=\"0\" scrolling=\"no\"><\/iframe>","_oembed_time_28bb3bfb015bcfe0a81102566ff5502f":"1627057256","_oembed_f2f7d81dcb24157f55f51d1a5276a151":"<blockquote class=\"wp-embedded-content\" data-secret=\"EQUoGsk6df\"><a href=\"https:\/\/www.varesenews.it\/2021\/07\/cardano-ricorda-laura-prati-8-anni-laura-nostro-pilastro\/1357054\/\">Cardano ricorda Laura Prati, 8 anni dopo: &#8220;Laura \u00e8 il nostro pilastro&#8221;<\/a><\/blockquote><iframe class=\"wp-embedded-content\" sandbox=\"allow-scripts\" security=\"restricted\" style=\"position: absolute; clip: rect(1px, 1px, 1px, 1px);\" src=\"https:\/\/www.varesenews.it\/2021\/07\/cardano-ricorda-laura-prati-8-anni-laura-nostro-pilastro\/1357054\/embed\/#?secret=EQUoGsk6df\" data-secret=\"EQUoGsk6df\" width=\"500\" height=\"282\" title=\"&#8220;Cardano ricorda Laura Prati, 8 anni dopo: &#8220;Laura \u00e8 il nostro pilastro&#8221;&#8221; &#8212; VareseNews\" frameborder=\"0\" marginwidth=\"0\" marginheight=\"0\" scrolling=\"no\"><\/iframe>","_oembed_time_f2f7d81dcb24157f55f51d1a5276a151":"1627057317","_oembed_b4aeecc1507c2663640d9b9add7316b3":"<blockquote class=\"wp-embedded-content\" data-secret=\"1js7Ecpqln\"><a href=\"https:\/\/www.legnanonews.com\/altri\/2021\/02\/19\/a-legnano-arriva-il-co-housing-alloggi-con-spazi-condivisi-in-stabili-comunali-recuperati\/970728\/\">A Legnano arriva il co-housing, alloggi con spazi condivisi in stabili comunali recuperati<\/a><\/blockquote><iframe class=\"wp-embedded-content\" sandbox=\"allow-scripts\" security=\"restricted\" style=\"position: absolute; clip: rect(1px, 1px, 1px, 1px);\" src=\"https:\/\/www.legnanonews.com\/altri\/2021\/02\/19\/a-legnano-arriva-il-co-housing-alloggi-con-spazi-condivisi-in-stabili-comunali-recuperati\/970728\/embed\/#?secret=1js7Ecpqln\" data-secret=\"1js7Ecpqln\" width=\"500\" height=\"282\" title=\"&#8220;A Legnano arriva il co-housing, alloggi con spazi condivisi in stabili comunali recuperati&#8221; &#8212; LegnanoNews\" frameborder=\"0\" marginwidth=\"0\" marginheight=\"0\" scrolling=\"no\"><\/iframe>","_oembed_time_b4aeecc1507c2663640d9b9add7316b3":"1627057319","_oembed_995e82f7dd51668a742e8c0204626117":"<blockquote class=\"wp-embedded-content\" data-secret=\"V9lhfuZeHw\"><a href=\"https:\/\/www.legnanonews.com\/aree-geografiche\/alto_milanese\/2020\/12\/17\/ex-rede-telemonitoraggio-e-green-boulevard-parabiago-punta-sulla-qualita-dellabitare\/963116\/\">Ex Rede e &#8220;green boulevard&#8221;: Parabiago punta sulla qualit\u00e0 dell&#8217;abitare<\/a><\/blockquote><iframe class=\"wp-embedded-content\" sandbox=\"allow-scripts\" security=\"restricted\" style=\"position: absolute; clip: rect(1px, 1px, 1px, 1px);\" src=\"https:\/\/www.legnanonews.com\/aree-geografiche\/alto_milanese\/2020\/12\/17\/ex-rede-telemonitoraggio-e-green-boulevard-parabiago-punta-sulla-qualita-dellabitare\/963116\/embed\/#?secret=V9lhfuZeHw\" data-secret=\"V9lhfuZeHw\" width=\"500\" height=\"282\" title=\"&#8220;Ex Rede e &#8220;green boulevard&#8221;: Parabiago punta sulla qualit\u00e0 dell&#8217;abitare&#8221; &#8212; LegnanoNews\" frameborder=\"0\" marginwidth=\"0\" marginheight=\"0\" scrolling=\"no\"><\/iframe>","_oembed_time_995e82f7dd51668a742e8c0204626117":"1627057320","_oembed_0d2ea832ddb884ea34862a5743592828":"<blockquote class=\"wp-embedded-content\" data-secret=\"2p1PbTh0na\"><a href=\"https:\/\/www.legnanonews.com\/aree-geografiche\/alto_milanese\/2021\/03\/03\/co-housing-co-working-e-portierato-sociale-cosi-rinasce-la-torre-amigazzi-a-rescaldina\/972416\/\">Co-housing, co-working e portierato sociale: cos\u00ec rinasce la Torre Amigazzi a Rescaldina<\/a><\/blockquote><iframe class=\"wp-embedded-content\" sandbox=\"allow-scripts\" security=\"restricted\" style=\"position: absolute; clip: rect(1px, 1px, 1px, 1px);\" src=\"https:\/\/www.legnanonews.com\/aree-geografiche\/alto_milanese\/2021\/03\/03\/co-housing-co-working-e-portierato-sociale-cosi-rinasce-la-torre-amigazzi-a-rescaldina\/972416\/embed\/#?secret=2p1PbTh0na\" data-secret=\"2p1PbTh0na\" width=\"500\" height=\"282\" title=\"&#8220;Co-housing, co-working e portierato sociale: cos\u00ec rinasce la Torre Amigazzi a Rescaldina&#8221; &#8212; LegnanoNews\" frameborder=\"0\" marginwidth=\"0\" marginheight=\"0\" scrolling=\"no\"><\/iframe>","_oembed_time_0d2ea832ddb884ea34862a5743592828":"1627057323","_oembed_2a32726a5046ef7fadbcee03fc8a68dd":"<iframe width=\"500\" height=\"281\" src=\"https:\/\/www.youtube.com\/embed\/videoseries?list=OLAK5uy_kbRP15RVrQOmxMXMjJE0aI-yFbHftL7kQ\" frameborder=\"0\" allow=\"accelerometer; autoplay; clipboard-write; encrypted-media; gyroscope; picture-in-picture\" allowfullscreen><\/iframe>","_oembed_time_2a32726a5046ef7fadbcee03fc8a68dd":"1627057328","_oembed_274554c4bbeba38ffeb58432df919285":"<blockquote class=\"wp-embedded-content\" data-secret=\"VEQLGdUxvA\"><a href=\"https:\/\/www.varesenews.it\/2021\/07\/gorla-preoccupata-le-condizioni-del-campo-via-roma\/1363575\/\">Qui Progetto Gorla preoccupata per le condizioni del campo di via Roma<\/a><\/blockquote><iframe class=\"wp-embedded-content\" sandbox=\"allow-scripts\" security=\"restricted\" style=\"position: absolute; clip: rect(1px, 1px, 1px, 1px);\" src=\"https:\/\/www.varesenews.it\/2021\/07\/gorla-preoccupata-le-condizioni-del-campo-via-roma\/1363575\/embed\/#?secret=VEQLGdUxvA\" data-secret=\"VEQLGdUxvA\" width=\"500\" height=\"282\" title=\"&#8220;Qui Progetto Gorla preoccupata per le condizioni del campo di via Roma&#8221; &#8212; VareseNews\" frameborder=\"0\" marginwidth=\"0\" marginheight=\"0\" scrolling=\"no\"><\/iframe>","_oembed_time_274554c4bbeba38ffeb58432df919285":"1627057834"},"photos":[{"original":"https:\/\/staging.varesenews.it\/photogallery_new\/images\/2017\/02\/monvalle-varie-591864.jpg","full":"https:\/\/staging.varesenews.it\/photogallery_new\/images\/2017\/02\/monvalle-varie-591864.1024x768.jpg","large":"https:\/\/staging.varesenews.it\/photogallery_new\/images\/2017\/02\/monvalle-varie-591864.610x431.jpg"}],"_links":{"self":[{"href":"https:\/\/staging.varesenews.it\/swgapi\/v1\/wp\/v2\/posts\/1364189"}],"collection":[{"href":"https:\/\/staging.varesenews.it\/swgapi\/v1\/wp\/v2\/posts"}],"about":[{"href":"https:\/\/staging.varesenews.it\/swgapi\/v1\/wp\/v2\/types\/post"}],"author":[{"embeddable":true,"href":"https:\/\/staging.varesenews.it\/swgapi\/v1\/wp\/v2\/users\/33"}],"replies":[{"embeddable":true,"href":"https:\/\/staging.varesenews.it\/swgapi\/v1\/wp\/v2\/comments?post=1364189"}],"version-history":[{"count":0,"href":"https:\/\/staging.varesenews.it\/swgapi\/v1\/wp\/v2\/posts\/1364189\/revisions"}],"wp:attachment":[{"href":"https:\/\/staging.varesenews.it\/swgapi\/v1\/wp\/v2\/media?parent=1364189"}],"wp:term":[{"taxonomy":"category","embeddable":true,"href":"https:\/\/staging.varesenews.it\/swgapi\/v1\/wp\/v2\/categories?post=1364189"},{"taxonomy":"post_tag","embeddable":true,"href":"https:\/\/staging.varesenews.it\/swgapi\/v1\/wp\/v2\/tags?post=1364189"}],"curies":[{"name":"wp","href":"https:\/\/api.w.org\/{rel}","templated":true}]}}