{"id":1369133,"date":"2021-08-10T17:49:48","date_gmt":"2021-08-10T15:49:48","guid":{"rendered":"https:\/\/www.varesenews.it\/?p=1369133"},"modified":"2021-08-10T17:49:48","modified_gmt":"2021-08-10T15:49:48","slug":"manca-personale-lospedale-somma-chiude-centro-trasfusionale","status":"publish","type":"post","link":"https:\/\/staging.varesenews.it\/2021\/08\/manca-personale-lospedale-somma-chiude-centro-trasfusionale\/1369133\/","title":{"rendered":"Manca personale, l&#8217;ospedale di Somma chiude il centro trasfusionale"},"content":{"rendered":"<p>Dopo<a href=\"https:\/\/www.varesenews.it\/2021\/08\/bellaria-lospedale-somma-rischia-lennesimo-ridimensionamento\/1368572\/\"> la chirurgia oculistica,<\/a><strong> l\u2019ospedale di Somma Lombardia perde anche il Centro Trasfusionale ma solo temporaneamente.<\/strong><br \/>\nLo annuncia la sezione locale dell&#8217;<strong>Avis<\/strong> che, in un post su Facebook, spiega che la decisione \u00e8 stata presa dalla direzione dell\u2019Asst Valle Olona per \u201c <strong>mancanza di risorse umane del reparto ospedaliero<\/strong>\u201d<br \/>\nAnche in questo caso,<strong> tutta l\u2019 attivit\u00e0 trasfusionale viene spostata al Sant\u2019Antonio di Gallarate.<\/strong><\/p>\n<p>La decisione era nell\u2019aria e da tempo i vertici dell\u2019associazione avevano segnalato le difficolt\u00e0 alla Direzione di ASST Valle Olona \u00abA seguito dei numerosi incontri anche la Direzione Generale e Sanitaria ospedaliera, si sta <strong>impegnando per raggiungere presto ad una soluzione<\/strong> che possa permettere la riapertura del Centro Trasfusionale di Somma, <strong>adeguato e ristrutturato da noi negli scorsi anni.<\/strong><br \/>\nA tali richieste di sono aggiunte anche <strong>quelle dei Sindaci del territorio<\/strong> che a gran voce hanno fatto presente l\u2019importanza per tutto il territorio (e soprattutto per i donatori) del ruolo di Avis Somma e del Trasfusionale nel nostro ospedale.<br \/>\nVogliamo pubblicamente ringraziare Stefano Bellaria (Citt\u00e0 di Somma Lombardo), Fabio Montagnoli (Comune di Arsago Seprio), Dimitri Cassani (Comune di Casorate Sempione &#8211; Varese), Claudio Ventimiglia (Comune di Golasecca) e Maurizio Leorato (Comune di Vergiate).<br \/>\nAlle loro voci si \u00e8 unito anche Emanuele Monti, Presidente della Commissione Sanit\u00e0 di Regione Lombardia che proprio ieri ha voluto farci visita per conoscere la nostra realt\u00e0.<br \/>\nVogliamo assicurare tutti i donatori che .. Noi non molliamo! e monitoreremo la situazione per raggiungere presto alla riapertura del trasfusionale a Somma!\u00bb<\/p>\n","protected":false},"excerpt":{"rendered":"<p>L&#8217;attivit\u00e0 viene spostata all&#8217;ospedale di Gallarate. La misura \u00e8 stata annunciata come provvisoria dalla sezione di Avis che aveva segnalato pi\u00f9 volte le difficolt\u00e0 del servizio<\/p>\n","protected":false},"author":33,"featured_media":0,"comment_status":"open","ping_status":"open","sticky":false,"template":"","format":"standard","meta":{"footnotes":""},"categories":[3,24],"tags":[56122,106748,6963],"acf":[],"yoast_head":"<!-- This site is optimized with the Yoast SEO plugin v20.1 - https:\/\/yoast.com\/wordpress\/plugins\/seo\/ -->\n<title>Manca personale, l&#039;ospedale di Somma chiude il centro trasfusionale<\/title>\n<meta name=\"description\" content=\"L&#039;attivit\u00e0 viene spostata all&#039;ospedale di Gallarate. La misura \u00e8 stata annunciata come provvisoria dalla sezione di Avis che aveva segnalato pi\u00f9 volte le difficolt\u00e0 del servizio\" \/>\n<meta name=\"robots\" content=\"noindex, follow, max-snippet:-1, max-image-preview:large, max-video-preview:-1\" \/>\n<meta property=\"og:locale\" content=\"it_IT\" \/>\n<meta property=\"og:type\" content=\"article\" \/>\n<meta property=\"og:title\" content=\"Manca personale, l&#039;ospedale di Somma chiude il centro trasfusionale\" \/>\n<meta property=\"og:description\" content=\"L&#039;attivit\u00e0 viene spostata all&#039;ospedale di Gallarate. La misura \u00e8 stata annunciata come provvisoria dalla sezione di Avis che aveva segnalato pi\u00f9 volte le difficolt\u00e0 del servizio\" \/>\n<meta property=\"og:url\" content=\"https:\/\/staging.varesenews.it\/2021\/08\/manca-personale-lospedale-somma-chiude-centro-trasfusionale\/1369133\/\" \/>\n<meta property=\"og:site_name\" content=\"VareseNews\" \/>\n<meta property=\"article:publisher\" content=\"https:\/\/www.facebook.com\/varesenews\" \/>\n<meta property=\"article:author\" content=\"alessandra.toni7\" \/>\n<meta property=\"article:published_time\" content=\"2021-08-10T15:49:48+00:00\" \/>\n<meta name=\"author\" content=\"Alessandra Toni\" \/>\n<meta name=\"twitter:card\" content=\"summary_large_image\" \/>\n<meta name=\"twitter:creator\" content=\"@alessandra_toni\" \/>\n<meta name=\"twitter:site\" content=\"@varesenews\" \/>\n<meta name=\"twitter:label1\" content=\"Scritto da\" \/>\n\t<meta name=\"twitter:data1\" content=\"Alessandra Toni\" \/>\n\t<meta name=\"twitter:label2\" content=\"Tempo di lettura stimato\" \/>\n\t<meta name=\"twitter:data2\" content=\"1 minuto\" \/>\n<script type=\"application\/ld+json\" class=\"yoast-schema-graph\">{\"@context\":\"https:\/\/schema.org\",\"@graph\":[{\"@type\":\"WebPage\",\"@id\":\"https:\/\/staging.varesenews.it\/2021\/08\/manca-personale-lospedale-somma-chiude-centro-trasfusionale\/1369133\/\",\"url\":\"https:\/\/staging.varesenews.it\/2021\/08\/manca-personale-lospedale-somma-chiude-centro-trasfusionale\/1369133\/\",\"name\":\"Manca personale, l'ospedale di Somma chiude il centro trasfusionale\",\"isPartOf\":{\"@id\":\"https:\/\/staging.varesenews.it\/#website\"},\"datePublished\":\"2021-08-10T15:49:48+00:00\",\"dateModified\":\"2021-08-10T15:49:48+00:00\",\"author\":{\"@id\":\"https:\/\/staging.varesenews.it\/#\/schema\/person\/2643ce123d4a3c9511e015dc548779b8\"},\"description\":\"L'attivit\u00e0 viene spostata all'ospedale di Gallarate. La misura \u00e8 stata annunciata come provvisoria dalla sezione di Avis che aveva segnalato pi\u00f9 volte le difficolt\u00e0 del servizio\",\"breadcrumb\":{\"@id\":\"https:\/\/staging.varesenews.it\/2021\/08\/manca-personale-lospedale-somma-chiude-centro-trasfusionale\/1369133\/#breadcrumb\"},\"inLanguage\":\"it-IT\",\"potentialAction\":[{\"@type\":\"ReadAction\",\"target\":[\"https:\/\/staging.varesenews.it\/2021\/08\/manca-personale-lospedale-somma-chiude-centro-trasfusionale\/1369133\/\"]}]},{\"@type\":\"BreadcrumbList\",\"@id\":\"https:\/\/staging.varesenews.it\/2021\/08\/manca-personale-lospedale-somma-chiude-centro-trasfusionale\/1369133\/#breadcrumb\",\"itemListElement\":[{\"@type\":\"ListItem\",\"position\":1,\"name\":\"Home\",\"item\":\"https:\/\/www.varesenews.it\/\"},{\"@type\":\"ListItem\",\"position\":2,\"name\":\"Manca personale, l&#8217;ospedale di Somma chiude il centro trasfusionale\"}]},{\"@type\":\"WebSite\",\"@id\":\"https:\/\/staging.varesenews.it\/#website\",\"url\":\"https:\/\/staging.varesenews.it\/\",\"name\":\"VareseNews\",\"description\":\"\",\"potentialAction\":[{\"@type\":\"SearchAction\",\"target\":{\"@type\":\"EntryPoint\",\"urlTemplate\":\"https:\/\/staging.varesenews.it\/?s={search_term_string}\"},\"query-input\":\"required name=search_term_string\"}],\"inLanguage\":\"it-IT\"},{\"@type\":\"Person\",\"@id\":\"https:\/\/staging.varesenews.it\/#\/schema\/person\/2643ce123d4a3c9511e015dc548779b8\",\"name\":\"Alessandra Toni\",\"image\":{\"@type\":\"ImageObject\",\"inLanguage\":\"it-IT\",\"@id\":\"https:\/\/staging.varesenews.it\/#\/schema\/person\/image\/\",\"url\":\"https:\/\/staging.varesenews.it\/wp-content\/uploads\/2020\/12\/alessandra_toni_colori_500.jpg\",\"contentUrl\":\"https:\/\/staging.varesenews.it\/wp-content\/uploads\/2020\/12\/alessandra_toni_colori_500.jpg\",\"caption\":\"Alessandra Toni\"},\"description\":\"Sono entrata nella redazione di VareseNews nel lontano anno 2000. Ero reduce da una bellissima esperienza nella redazione giornalistica della TV Nuova Antennatre, sotto la direzione dell'indimenticabile direttore Adolfo Caldarini. Sono arrivata quando era ancora una piccola realt\u00e0 editoriale e insieme abbiamo fatto un lungo ed entusiasmante lavoro. Mi occupo prevalentemente di scuola e di sanit\u00e0, settori impegnativi di grande valore sociale.\u00a0\",\"sameAs\":[\"alessandra.toni7\",\"alessandra.toni\",\"https:\/\/twitter.com\/alessandra_toni\"],\"url\":\"https:\/\/staging.varesenews.it\/persona\/alessandra_toni1\/\"}]}<\/script>\n<!-- \/ Yoast SEO plugin. -->","yoast_head_json":{"title":"Manca personale, l'ospedale di Somma chiude il centro trasfusionale","description":"L'attivit\u00e0 viene spostata all'ospedale di Gallarate. La misura \u00e8 stata annunciata come provvisoria dalla sezione di Avis che aveva segnalato pi\u00f9 volte le difficolt\u00e0 del servizio","robots":{"index":"noindex","follow":"follow","max-snippet":"max-snippet:-1","max-image-preview":"max-image-preview:large","max-video-preview":"max-video-preview:-1"},"og_locale":"it_IT","og_type":"article","og_title":"Manca personale, l'ospedale di Somma chiude il centro trasfusionale","og_description":"L'attivit\u00e0 viene spostata all'ospedale di Gallarate. La misura \u00e8 stata annunciata come provvisoria dalla sezione di Avis che aveva segnalato pi\u00f9 volte le difficolt\u00e0 del servizio","og_url":"https:\/\/staging.varesenews.it\/2021\/08\/manca-personale-lospedale-somma-chiude-centro-trasfusionale\/1369133\/","og_site_name":"VareseNews","article_publisher":"https:\/\/www.facebook.com\/varesenews","article_author":"alessandra.toni7","article_published_time":"2021-08-10T15:49:48+00:00","author":"Alessandra Toni","twitter_card":"summary_large_image","twitter_creator":"@alessandra_toni","twitter_site":"@varesenews","twitter_misc":{"Scritto da":"Alessandra Toni","Tempo di lettura stimato":"1 minuto"},"schema":{"@context":"https:\/\/schema.org","@graph":[{"@type":"WebPage","@id":"https:\/\/staging.varesenews.it\/2021\/08\/manca-personale-lospedale-somma-chiude-centro-trasfusionale\/1369133\/","url":"https:\/\/staging.varesenews.it\/2021\/08\/manca-personale-lospedale-somma-chiude-centro-trasfusionale\/1369133\/","name":"Manca personale, l'ospedale di Somma chiude il centro trasfusionale","isPartOf":{"@id":"https:\/\/staging.varesenews.it\/#website"},"datePublished":"2021-08-10T15:49:48+00:00","dateModified":"2021-08-10T15:49:48+00:00","author":{"@id":"https:\/\/staging.varesenews.it\/#\/schema\/person\/2643ce123d4a3c9511e015dc548779b8"},"description":"L'attivit\u00e0 viene spostata all'ospedale di Gallarate. La misura \u00e8 stata annunciata come provvisoria dalla sezione di Avis che aveva segnalato pi\u00f9 volte le difficolt\u00e0 del servizio","breadcrumb":{"@id":"https:\/\/staging.varesenews.it\/2021\/08\/manca-personale-lospedale-somma-chiude-centro-trasfusionale\/1369133\/#breadcrumb"},"inLanguage":"it-IT","potentialAction":[{"@type":"ReadAction","target":["https:\/\/staging.varesenews.it\/2021\/08\/manca-personale-lospedale-somma-chiude-centro-trasfusionale\/1369133\/"]}]},{"@type":"BreadcrumbList","@id":"https:\/\/staging.varesenews.it\/2021\/08\/manca-personale-lospedale-somma-chiude-centro-trasfusionale\/1369133\/#breadcrumb","itemListElement":[{"@type":"ListItem","position":1,"name":"Home","item":"https:\/\/www.varesenews.it\/"},{"@type":"ListItem","position":2,"name":"Manca personale, l&#8217;ospedale di Somma chiude il centro trasfusionale"}]},{"@type":"WebSite","@id":"https:\/\/staging.varesenews.it\/#website","url":"https:\/\/staging.varesenews.it\/","name":"VareseNews","description":"","potentialAction":[{"@type":"SearchAction","target":{"@type":"EntryPoint","urlTemplate":"https:\/\/staging.varesenews.it\/?s={search_term_string}"},"query-input":"required name=search_term_string"}],"inLanguage":"it-IT"},{"@type":"Person","@id":"https:\/\/staging.varesenews.it\/#\/schema\/person\/2643ce123d4a3c9511e015dc548779b8","name":"Alessandra Toni","image":{"@type":"ImageObject","inLanguage":"it-IT","@id":"https:\/\/staging.varesenews.it\/#\/schema\/person\/image\/","url":"https:\/\/staging.varesenews.it\/wp-content\/uploads\/2020\/12\/alessandra_toni_colori_500.jpg","contentUrl":"https:\/\/staging.varesenews.it\/wp-content\/uploads\/2020\/12\/alessandra_toni_colori_500.jpg","caption":"Alessandra Toni"},"description":"Sono entrata nella redazione di VareseNews nel lontano anno 2000. Ero reduce da una bellissima esperienza nella redazione giornalistica della TV Nuova Antennatre, sotto la direzione dell'indimenticabile direttore Adolfo Caldarini. Sono arrivata quando era ancora una piccola realt\u00e0 editoriale e insieme abbiamo fatto un lungo ed entusiasmante lavoro. Mi occupo prevalentemente di scuola e di sanit\u00e0, settori impegnativi di grande valore sociale.\u00a0","sameAs":["alessandra.toni7","alessandra.toni","https:\/\/twitter.com\/alessandra_toni"],"url":"https:\/\/staging.varesenews.it\/persona\/alessandra_toni1\/"}]}},"post_meta":{"_edit_lock":"1628610545:33","_edit_last":"33","_category_permalink":"a:1:{s:8:\"category\";s:2:\"24\";}","foto":"1241124","firma_come_redazione":"1","argomento":"Somma Lombardo","_yoast_wpseo_content_score":"30","_jd_tweet_this":"yes","_encloseme":"1","ratings_users":"0","ratings_score":"0","ratings_average":"0","_wpt_short_url":"https:\/\/www.varesenews.it\/2021\/08\/manca-personale-lospedale-somma-chiude-centro-trasfusionale\/1369133\/","_wp_jd_target":"https:\/\/www.varesenews.it\/2021\/08\/manca-personale-lospedale-somma-chiude-centro-trasfusionale\/1369133\/","_jd_wp_twitter":"a:1:{i:0;s:188:\"Manca personale, l\u2019ospedale di Somma chiude il centro trasfusionale https:\/\/www.varesenews.it\/2021\/08\/manca-personale-lospedale-somma-chiude-centro-trasfusionale\/1369133\/ #asstvalleolona\";}","_wpt_status_message":"Tweet inviato con successo.","_oembed_b2c8c67bd7caeb8a2dd8c9e730008fac":"<blockquote class=\"wp-embedded-content\" data-secret=\"6g1ssRUHZT\"><a href=\"https:\/\/www.varesenews.it\/2021\/08\/amanda-ferrario-lascia-m5s-verdi-cercano-un-altro-candidato\/1367623\/\">Amanda Ferrario lascia, M5S e Verdi cercano un altro candidato<\/a><\/blockquote><iframe class=\"wp-embedded-content\" sandbox=\"allow-scripts\" security=\"restricted\" style=\"position: absolute; clip: rect(1px, 1px, 1px, 1px);\" src=\"https:\/\/www.varesenews.it\/2021\/08\/amanda-ferrario-lascia-m5s-verdi-cercano-un-altro-candidato\/1367623\/embed\/#?secret=6g1ssRUHZT\" data-secret=\"6g1ssRUHZT\" width=\"500\" height=\"282\" title=\"&#8220;Amanda Ferrario lascia, M5S e Verdi cercano un altro candidato&#8221; &#8212; VareseNews\" frameborder=\"0\" marginwidth=\"0\" marginheight=\"0\" scrolling=\"no\"><\/iframe>","_oembed_time_b2c8c67bd7caeb8a2dd8c9e730008fac":"1628610632","_oembed_95ed7965b280e78df5a0a31029f967f2":"<blockquote class=\"wp-embedded-content\" data-secret=\"fnhIK7YAUS\"><a href=\"https:\/\/www.varesenews.it\/2021\/08\/farioli-spariglia-le-carte-adesso-incassa-anche-sostegno-tomassini\/1368851\/\">Farioli spariglia le carte. E adesso incassa anche il sostegno di Tomassini<\/a><\/blockquote><iframe class=\"wp-embedded-content\" sandbox=\"allow-scripts\" security=\"restricted\" style=\"position: absolute; clip: rect(1px, 1px, 1px, 1px);\" src=\"https:\/\/www.varesenews.it\/2021\/08\/farioli-spariglia-le-carte-adesso-incassa-anche-sostegno-tomassini\/1368851\/embed\/#?secret=fnhIK7YAUS\" data-secret=\"fnhIK7YAUS\" width=\"500\" height=\"282\" title=\"&#8220;Farioli spariglia le carte. E adesso incassa anche il sostegno di Tomassini&#8221; &#8212; VareseNews\" frameborder=\"0\" marginwidth=\"0\" marginheight=\"0\" scrolling=\"no\"><\/iframe>","_oembed_time_95ed7965b280e78df5a0a31029f967f2":"1628610632","_oembed_dcc37c5ceb0057a519f752e002475c9f":"<blockquote class=\"wp-embedded-content\" data-secret=\"5v1G6ic0fz\"><a href=\"https:\/\/www.varesenews.it\/2021\/08\/dalla-gavirate-assediata-frane-ed-esondazioni-piano-salvare-campo-dei-fiori\/1368226\/\">Dalla Gavirate assediata da frane ed esondazioni il piano per &#8220;salvare&#8221; il Campo dei Fiori<\/a><\/blockquote><iframe class=\"wp-embedded-content\" sandbox=\"allow-scripts\" security=\"restricted\" style=\"position: absolute; clip: rect(1px, 1px, 1px, 1px);\" src=\"https:\/\/www.varesenews.it\/2021\/08\/dalla-gavirate-assediata-frane-ed-esondazioni-piano-salvare-campo-dei-fiori\/1368226\/embed\/#?secret=5v1G6ic0fz\" data-secret=\"5v1G6ic0fz\" width=\"500\" height=\"282\" title=\"&#8220;Dalla Gavirate assediata da frane ed esondazioni il piano per &#8220;salvare&#8221; il Campo dei Fiori&#8221; &#8212; VareseNews\" frameborder=\"0\" marginwidth=\"0\" marginheight=\"0\" scrolling=\"no\"><\/iframe>","_oembed_time_dcc37c5ceb0057a519f752e002475c9f":"1628610632","_oembed_aaa04343d7ba344d814a1d8602b56ac3":"<blockquote class=\"wp-embedded-content\" data-secret=\"CEghxneIJN\"><a href=\"https:\/\/www.varesenews.it\/2021\/08\/vedano-olona-unarea-attrezzata-esercizi-ginnastica-corpo-libero\/1367140\/\">A Vedano Olona un&#8217;area attrezzata per esercizi di ginnastica a corpo libero<\/a><\/blockquote><iframe class=\"wp-embedded-content\" sandbox=\"allow-scripts\" security=\"restricted\" style=\"position: absolute; clip: rect(1px, 1px, 1px, 1px);\" src=\"https:\/\/www.varesenews.it\/2021\/08\/vedano-olona-unarea-attrezzata-esercizi-ginnastica-corpo-libero\/1367140\/embed\/#?secret=CEghxneIJN\" data-secret=\"CEghxneIJN\" width=\"500\" height=\"282\" title=\"&#8220;A Vedano Olona un&#8217;area attrezzata per esercizi di ginnastica a corpo libero&#8221; &#8212; VareseNews\" frameborder=\"0\" marginwidth=\"0\" marginheight=\"0\" scrolling=\"no\"><\/iframe>","_oembed_time_aaa04343d7ba344d814a1d8602b56ac3":"1628610840","_oembed_81062a6326b1f64e6dab2e3aeb60ad67":"<blockquote class=\"wp-embedded-content\" data-secret=\"L0tOgFZIAe\"><a href=\"https:\/\/www.varesenews.it\/2021\/06\/magazzino-ferroviario-fucina-cultura-nautica-laveno-inaugurate-le-officine-dellacqua\/1354198\/\">Da magazzino ferroviario a fucina di cultura nautica, a Laveno inaugurate le Officine dell\u2019acqua<\/a><\/blockquote><iframe class=\"wp-embedded-content\" sandbox=\"allow-scripts\" security=\"restricted\" style=\"position: absolute; clip: rect(1px, 1px, 1px, 1px);\" src=\"https:\/\/www.varesenews.it\/2021\/06\/magazzino-ferroviario-fucina-cultura-nautica-laveno-inaugurate-le-officine-dellacqua\/1354198\/embed\/#?secret=L0tOgFZIAe\" data-secret=\"L0tOgFZIAe\" width=\"500\" height=\"282\" title=\"&#8220;Da magazzino ferroviario a fucina di cultura nautica, a Laveno inaugurate le Officine dell\u2019acqua&#8221; &#8212; VareseNews\" frameborder=\"0\" marginwidth=\"0\" marginheight=\"0\" scrolling=\"no\"><\/iframe>","_oembed_time_81062a6326b1f64e6dab2e3aeb60ad67":"1628611003","_oembed_798e0f94fb2eb3c11c0a6965134c86f3":"<blockquote class=\"wp-embedded-content\" data-secret=\"358igkd8nP\"><a href=\"https:\/\/www.varesenews.it\/2021\/08\/green-pass-dogana-candiani-controlli-eccessivi\/1368698\/\">Green pass in dogana, Candiani: &#8220;Controlli eccessivi&#8221;<\/a><\/blockquote><iframe class=\"wp-embedded-content\" sandbox=\"allow-scripts\" security=\"restricted\" style=\"position: absolute; clip: rect(1px, 1px, 1px, 1px);\" src=\"https:\/\/www.varesenews.it\/2021\/08\/green-pass-dogana-candiani-controlli-eccessivi\/1368698\/embed\/#?secret=358igkd8nP\" data-secret=\"358igkd8nP\" width=\"500\" height=\"282\" title=\"&#8220;Green pass in dogana, Candiani: &#8220;Controlli eccessivi&#8221;&#8221; &#8212; VareseNews\" frameborder=\"0\" marginwidth=\"0\" marginheight=\"0\" scrolling=\"no\"><\/iframe>","_oembed_time_798e0f94fb2eb3c11c0a6965134c86f3":"1628611241","_oembed_b0eb2bbe878388a76f3b27c2d47fe06c":"<blockquote class=\"wp-embedded-content\" data-secret=\"BcYYonFauM\"><a href=\"https:\/\/www.varesenews.it\/2021\/08\/si-tuffa-nel-fiume-non-riemerge-donna-annega-valle-verzasca\/1368620\/\">Si tuffa nel fiume e non riemerge, donna annega in Valle Verzasca<\/a><\/blockquote><iframe class=\"wp-embedded-content\" sandbox=\"allow-scripts\" security=\"restricted\" style=\"position: absolute; clip: rect(1px, 1px, 1px, 1px);\" src=\"https:\/\/www.varesenews.it\/2021\/08\/si-tuffa-nel-fiume-non-riemerge-donna-annega-valle-verzasca\/1368620\/embed\/#?secret=BcYYonFauM\" data-secret=\"BcYYonFauM\" width=\"500\" height=\"282\" title=\"&#8220;Si tuffa nel fiume e non riemerge, donna annega in Valle Verzasca&#8221; &#8212; VareseNews\" frameborder=\"0\" marginwidth=\"0\" marginheight=\"0\" scrolling=\"no\"><\/iframe>","_oembed_time_b0eb2bbe878388a76f3b27c2d47fe06c":"1628611241","_oembed_0b056b1b793528ceafb4c034a0a952f5":"<blockquote class=\"wp-embedded-content\" data-secret=\"4kTM22GtRM\"><a href=\"https:\/\/www.verbanonews.it\/canali-tematici\/turismo\/2021\/06\/30\/dove-trovare-le-altalene-panoramiche-in-canton-ticino\/932658\/\">Dove trovare le altalene panoramiche in Canton Ticino<\/a><\/blockquote><iframe class=\"wp-embedded-content\" sandbox=\"allow-scripts\" security=\"restricted\" style=\"position: absolute; clip: rect(1px, 1px, 1px, 1px);\" src=\"https:\/\/www.verbanonews.it\/canali-tematici\/turismo\/2021\/06\/30\/dove-trovare-le-altalene-panoramiche-in-canton-ticino\/932658\/embed\/#?secret=4kTM22GtRM\" data-secret=\"4kTM22GtRM\" width=\"500\" height=\"282\" title=\"&#8220;Dove trovare le altalene panoramiche in Canton Ticino&#8221; &#8212; VerbanoNews\" frameborder=\"0\" marginwidth=\"0\" marginheight=\"0\" scrolling=\"no\"><\/iframe>","_oembed_time_0b056b1b793528ceafb4c034a0a952f5":"1628611242","_oembed_254dc1c8d75de51d7bd8212a45ef2b2f":"<blockquote class=\"wp-embedded-content\" data-secret=\"dhcHFLgtFG\"><a href=\"https:\/\/www.varesenews.it\/2021\/07\/valli-del-verbano-comunita-montana-studia-le-potenzialita-del-turismo-dolce\/1362989\/\">Valli del Verbano: Comunit\u00e0 montana studia le potenzialit\u00e0 del nuovo turismo \u201cdolce&#8221;<\/a><\/blockquote><iframe class=\"wp-embedded-content\" sandbox=\"allow-scripts\" security=\"restricted\" style=\"position: absolute; clip: rect(1px, 1px, 1px, 1px);\" src=\"https:\/\/www.varesenews.it\/2021\/07\/valli-del-verbano-comunita-montana-studia-le-potenzialita-del-turismo-dolce\/1362989\/embed\/#?secret=dhcHFLgtFG\" data-secret=\"dhcHFLgtFG\" width=\"500\" height=\"282\" title=\"&#8220;Valli del Verbano: Comunit\u00e0 montana studia le potenzialit\u00e0 del nuovo turismo \u201cdolce&#8221;&#8221; &#8212; VareseNews\" frameborder=\"0\" marginwidth=\"0\" marginheight=\"0\" scrolling=\"no\"><\/iframe>","_oembed_time_254dc1c8d75de51d7bd8212a45ef2b2f":"1628611242","_oembed_784e884b736210b3531ccfb337ab8288":"<blockquote class=\"wp-embedded-content\" data-secret=\"dFxyEBmxv9\"><a href=\"https:\/\/www.varesenews.it\/2021\/07\/green-pass-figli-minori-guida-le-famiglie\/1364217\/\">Green Pass per i figli minori: una guida per le famiglie<\/a><\/blockquote><iframe class=\"wp-embedded-content\" sandbox=\"allow-scripts\" security=\"restricted\" style=\"position: absolute; clip: rect(1px, 1px, 1px, 1px);\" src=\"https:\/\/www.varesenews.it\/2021\/07\/green-pass-figli-minori-guida-le-famiglie\/1364217\/embed\/#?secret=dFxyEBmxv9\" data-secret=\"dFxyEBmxv9\" width=\"500\" height=\"282\" title=\"&#8220;Green Pass per i figli minori: una guida per le famiglie&#8221; &#8212; VareseNews\" frameborder=\"0\" marginwidth=\"0\" marginheight=\"0\" scrolling=\"no\"><\/iframe>","_oembed_time_784e884b736210b3531ccfb337ab8288":"1628611242","_oembed_faa82f3edd951e17324ca220171b503c":"<blockquote class=\"wp-embedded-content\" data-secret=\"Hh8zQGjPTm\"><a href=\"https:\/\/www.varesenews.it\/2021\/07\/viaggiare-bambini-pandemia-3-documenti-fondamentali-green-pass\/1358796\/\">Viaggiare con i bambini in pandemia: i 3 documenti fondamentali e il green pass<\/a><\/blockquote><iframe class=\"wp-embedded-content\" sandbox=\"allow-scripts\" security=\"restricted\" style=\"position: absolute; clip: rect(1px, 1px, 1px, 1px);\" src=\"https:\/\/www.varesenews.it\/2021\/07\/viaggiare-bambini-pandemia-3-documenti-fondamentali-green-pass\/1358796\/embed\/#?secret=Hh8zQGjPTm\" data-secret=\"Hh8zQGjPTm\" width=\"500\" height=\"282\" title=\"&#8220;Viaggiare con i bambini in pandemia: i 3 documenti fondamentali e il green pass&#8221; &#8212; VareseNews\" frameborder=\"0\" marginwidth=\"0\" marginheight=\"0\" scrolling=\"no\"><\/iframe>","_oembed_time_faa82f3edd951e17324ca220171b503c":"1628611242","_oembed_46366ffdd1328d255f7b647e01606d07":"<blockquote class=\"wp-embedded-content\" data-secret=\"WRcBMTsD4c\"><a href=\"https:\/\/www.varesenews.it\/2021\/08\/accordo-comune-rugby-lascia-le-azalee-tranne-le-partite\/1367331\/\">Accordo con il Comune: il rugby lascia le Azalee, tranne che per le partite<\/a><\/blockquote><iframe class=\"wp-embedded-content\" sandbox=\"allow-scripts\" security=\"restricted\" style=\"position: absolute; clip: rect(1px, 1px, 1px, 1px);\" src=\"https:\/\/www.varesenews.it\/2021\/08\/accordo-comune-rugby-lascia-le-azalee-tranne-le-partite\/1367331\/embed\/#?secret=WRcBMTsD4c\" data-secret=\"WRcBMTsD4c\" width=\"500\" height=\"282\" title=\"&#8220;Accordo con il Comune: il rugby lascia le Azalee, tranne che per le partite&#8221; &#8212; VareseNews\" frameborder=\"0\" marginwidth=\"0\" marginheight=\"0\" scrolling=\"no\"><\/iframe>","_oembed_time_46366ffdd1328d255f7b647e01606d07":"1628611322","_oembed_439efacfe1f1143156470fad4dce4ac4":"<blockquote class=\"wp-embedded-content\" data-secret=\"ODF17KZGfH\"><a href=\"https:\/\/www.verbanonews.it\/aree-geografiche\/lago-maggiore\/2021\/07\/30\/il-maltempo-rimanda-il-festival-delle-vette-dartificio-alla-piana-di-vigezzo\/933697\/\">Il maltempo rimanda il festival delle Vette d\u2019Artificio alla Piana di Vigezzo<\/a><\/blockquote><iframe class=\"wp-embedded-content\" sandbox=\"allow-scripts\" security=\"restricted\" style=\"position: absolute; clip: rect(1px, 1px, 1px, 1px);\" src=\"https:\/\/www.verbanonews.it\/aree-geografiche\/lago-maggiore\/2021\/07\/30\/il-maltempo-rimanda-il-festival-delle-vette-dartificio-alla-piana-di-vigezzo\/933697\/embed\/#?secret=ODF17KZGfH\" data-secret=\"ODF17KZGfH\" width=\"500\" height=\"282\" title=\"&#8220;Il maltempo rimanda il festival delle Vette d\u2019Artificio alla Piana di Vigezzo&#8221; &#8212; VerbanoNews\" frameborder=\"0\" marginwidth=\"0\" marginheight=\"0\" scrolling=\"no\"><\/iframe>","_oembed_time_439efacfe1f1143156470fad4dce4ac4":"1628611337","_oembed_ca8a00e4ae2c08e38881c452f4e65739":"<iframe width=\"500\" height=\"375\" src=\"https:\/\/www.youtube.com\/embed\/9Dh18emNdnE?feature=oembed\" frameborder=\"0\" allow=\"accelerometer; autoplay; clipboard-write; encrypted-media; gyroscope; picture-in-picture\" allowfullscreen><\/iframe>","_oembed_time_ca8a00e4ae2c08e38881c452f4e65739":"1628611337","_oembed_ed5c186b15343e20b705a43da7a3330d":"<iframe width=\"500\" height=\"281\" src=\"https:\/\/www.youtube.com\/embed\/YdGhTp1N2Nw?feature=oembed\" frameborder=\"0\" allow=\"accelerometer; autoplay; clipboard-write; encrypted-media; gyroscope; picture-in-picture\" allowfullscreen><\/iframe>","_oembed_time_ed5c186b15343e20b705a43da7a3330d":"1628611337","_oembed_bd4e04e8391969eff48a66779fc1e9ad":"<blockquote class=\"wp-embedded-content\" data-secret=\"8NkLjlvDeA\"><a href=\"https:\/\/www.varesenews.it\/2021\/07\/green-pass-sara-obbligatorio-dal-5-agosto\/1363923\/\">Green pass: ecco dove sar\u00e0 obbligatorio dal 6 agosto<\/a><\/blockquote><iframe class=\"wp-embedded-content\" sandbox=\"allow-scripts\" security=\"restricted\" style=\"position: absolute; clip: rect(1px, 1px, 1px, 1px);\" src=\"https:\/\/www.varesenews.it\/2021\/07\/green-pass-sara-obbligatorio-dal-5-agosto\/1363923\/embed\/#?secret=8NkLjlvDeA\" data-secret=\"8NkLjlvDeA\" width=\"500\" height=\"282\" title=\"&#8220;Green pass: ecco dove sar\u00e0 obbligatorio dal 6 agosto&#8221; &#8212; VareseNews\" frameborder=\"0\" marginwidth=\"0\" marginheight=\"0\" scrolling=\"no\"><\/iframe>","_oembed_time_bd4e04e8391969eff48a66779fc1e9ad":"1628611337","_oembed_3abe27a71bdcf26e396e268e777ae9c0":"<blockquote class=\"wp-embedded-content\" data-secret=\"xuilx9p7j4\"><a href=\"https:\/\/www.varesenews.it\/2021\/07\/sardegna-disastro-senza-precedenti\/1364598\/\">Incendi in Sardegna: \u201cdisastro senza precedenti\u201c<\/a><\/blockquote><iframe class=\"wp-embedded-content\" sandbox=\"allow-scripts\" security=\"restricted\" style=\"position: absolute; clip: rect(1px, 1px, 1px, 1px);\" src=\"https:\/\/www.varesenews.it\/2021\/07\/sardegna-disastro-senza-precedenti\/1364598\/embed\/#?secret=xuilx9p7j4\" data-secret=\"xuilx9p7j4\" width=\"500\" height=\"282\" title=\"&#8220;Incendi in Sardegna: \u201cdisastro senza precedenti\u201c&#8221; &#8212; VareseNews\" frameborder=\"0\" marginwidth=\"0\" marginheight=\"0\" scrolling=\"no\"><\/iframe>","_oembed_time_3abe27a71bdcf26e396e268e777ae9c0":"1628611337","_oembed_c6eda6b77a6475d0239eba0df9b6d445":"<iframe width=\"500\" height=\"281\" src=\"https:\/\/www.youtube.com\/embed\/rKBpIcrGz_E?feature=oembed\" frameborder=\"0\" allow=\"accelerometer; autoplay; clipboard-write; encrypted-media; gyroscope; picture-in-picture\" allowfullscreen><\/iframe>","_oembed_time_c6eda6b77a6475d0239eba0df9b6d445":"1628611337"},"photos":[{"original":"https:\/\/staging.varesenews.it\/photogallery_new\/images\/2021\/08\/avis-somma-1241124.jpg","full":"https:\/\/staging.varesenews.it\/photogallery_new\/images\/2021\/08\/avis-somma-1241124.1024x768.jpg","large":"https:\/\/staging.varesenews.it\/photogallery_new\/images\/2021\/08\/avis-somma-1241124.610x431.jpg"}],"_links":{"self":[{"href":"https:\/\/staging.varesenews.it\/swgapi\/v1\/wp\/v2\/posts\/1369133"}],"collection":[{"href":"https:\/\/staging.varesenews.it\/swgapi\/v1\/wp\/v2\/posts"}],"about":[{"href":"https:\/\/staging.varesenews.it\/swgapi\/v1\/wp\/v2\/types\/post"}],"author":[{"embeddable":true,"href":"https:\/\/staging.varesenews.it\/swgapi\/v1\/wp\/v2\/users\/33"}],"replies":[{"embeddable":true,"href":"https:\/\/staging.varesenews.it\/swgapi\/v1\/wp\/v2\/comments?post=1369133"}],"version-history":[{"count":0,"href":"https:\/\/staging.varesenews.it\/swgapi\/v1\/wp\/v2\/posts\/1369133\/revisions"}],"wp:attachment":[{"href":"https:\/\/staging.varesenews.it\/swgapi\/v1\/wp\/v2\/media?parent=1369133"}],"wp:term":[{"taxonomy":"category","embeddable":true,"href":"https:\/\/staging.varesenews.it\/swgapi\/v1\/wp\/v2\/categories?post=1369133"},{"taxonomy":"post_tag","embeddable":true,"href":"https:\/\/staging.varesenews.it\/swgapi\/v1\/wp\/v2\/tags?post=1369133"}],"curies":[{"name":"wp","href":"https:\/\/api.w.org\/{rel}","templated":true}]}}