{"id":1369602,"date":"2021-08-12T17:46:07","date_gmt":"2021-08-12T15:46:07","guid":{"rendered":"https:\/\/www.varesenews.it\/?p=1369602"},"modified":"2021-08-12T17:46:07","modified_gmt":"2021-08-12T15:46:07","slug":"elezioni-amministrative-decolla-la-lista-castellanza-nel-cuore","status":"publish","type":"post","link":"https:\/\/staging.varesenews.it\/2021\/08\/elezioni-amministrative-decolla-la-lista-castellanza-nel-cuore\/1369602\/","title":{"rendered":"Elezioni amministrative, decolla la lista &#8220;Castellanza nel cuore&#8221;"},"content":{"rendered":"<p>Sulle schede elettorali stampate per le <strong>amministrative di inizio ottobre,<\/strong> a Castellanza, ci sar\u00e0 anche il simbolo di una lista civica che ha appena ufficializzato la propria presenza nella tornata elettorale. Si tratta di <strong>&#8220;Castellanza nel cuore&#8221;,<\/strong> compagine che fa riferimento ad <strong>Alessandro Milone<\/strong> e che si presenta come \u00abun gruppo di donne e di uomini che si sono attivati e uniti per costituire una associazione con lo scopo di sviluppare, progetti ed idee di interesse per la nostra comunit\u00e0\u00bb.<\/p>\n<p>La lista sostiene di<strong> non avere una precisa appartenenza politica e<\/strong> che intende rivolgersi anche ai delusi della politica stessa, sollecitati a occuparsi della citt\u00e0 che si trova al confine tra le provincie di Varese e Milano. \u00abL&#8217;obiettivo comune \u00e8 di essere sul territorio &#8211; si spiega nel documento diffuso a ridosso di Ferragosto &#8211;\u00a0a contatto con le persone, e con una predisposizione <strong>finalizzata all\u2019 ascolto ed al coinvolgimento<\/strong>. &#8220;Castellanza nel cuore&#8221;\u00a0intende impegnarsi e lavorare su un <strong>progetto di citt\u00e0 condivisa,<\/strong> centralit\u00e0 della persona, rispetto dell\u2019ambiente, attenzione al <strong>sociale,<\/strong> decoro e arredo urbano, senza tralasciale la sicurezza, la cultura e lo sport\u00bb.<\/p>\n<p>La compagine civica (il cui motto \u00e8 &#8220;Dove non arrivano la politica e i simboli pu\u00f2 arrivare il cuore e il coraggio&#8221;) \u00e8<strong> tuttora una realt\u00e0 che si sta sviluppando:<\/strong> per essere contattati, gli animatori mettono a disposizione l&#8217;indirizzo e-mail\u00a0concastellanzanelcuore@gmail.com e il numero di telefono\u00a0338-6053598.<\/p>\n","protected":false},"excerpt":{"rendered":"<p>La compagine civica \u00e8 coordinata da Alessandro Milone e si presenta come forza senza riferimenti di partito che si rivolge anche ai delusi della politica<\/p>\n","protected":false},"author":38,"featured_media":0,"comment_status":"open","ping_status":"open","sticky":false,"template":"","format":"standard","meta":{"footnotes":""},"categories":[4,16],"tags":[117036,116548],"acf":[],"yoast_head":"<!-- This site is optimized with the Yoast SEO plugin v20.1 - https:\/\/yoast.com\/wordpress\/plugins\/seo\/ -->\n<title>Elezioni amministrative, decolla la lista &quot;Castellanza nel cuore&quot;<\/title>\n<meta name=\"description\" content=\"La compagine civica \u00e8 coordinata da Alessandro Milone e si presenta come forza senza riferimenti di partito che si rivolge anche ai delusi della politica\" \/>\n<meta name=\"robots\" content=\"noindex, follow, max-snippet:-1, max-image-preview:large, max-video-preview:-1\" \/>\n<meta property=\"og:locale\" content=\"it_IT\" \/>\n<meta property=\"og:type\" content=\"article\" \/>\n<meta property=\"og:title\" content=\"Elezioni amministrative, decolla la lista &quot;Castellanza nel cuore&quot;\" \/>\n<meta property=\"og:description\" content=\"La compagine civica \u00e8 coordinata da Alessandro Milone e si presenta come forza senza riferimenti di partito che si rivolge anche ai delusi della politica\" \/>\n<meta property=\"og:url\" content=\"https:\/\/staging.varesenews.it\/2021\/08\/elezioni-amministrative-decolla-la-lista-castellanza-nel-cuore\/1369602\/\" \/>\n<meta property=\"og:site_name\" content=\"VareseNews\" \/>\n<meta property=\"article:publisher\" content=\"https:\/\/www.facebook.com\/varesenews\" \/>\n<meta property=\"article:published_time\" content=\"2021-08-12T15:46:07+00:00\" \/>\n<meta name=\"author\" content=\"Damiano Franzetti\" \/>\n<meta name=\"twitter:card\" content=\"summary_large_image\" \/>\n<meta name=\"twitter:creator\" content=\"@damianofranz\" \/>\n<meta name=\"twitter:site\" content=\"@varesenews\" \/>\n<meta name=\"twitter:label1\" content=\"Scritto da\" \/>\n\t<meta name=\"twitter:data1\" content=\"Damiano Franzetti\" \/>\n\t<meta name=\"twitter:label2\" content=\"Tempo di lettura stimato\" \/>\n\t<meta name=\"twitter:data2\" content=\"1 minuto\" \/>\n<script type=\"application\/ld+json\" class=\"yoast-schema-graph\">{\"@context\":\"https:\/\/schema.org\",\"@graph\":[{\"@type\":\"WebPage\",\"@id\":\"https:\/\/staging.varesenews.it\/2021\/08\/elezioni-amministrative-decolla-la-lista-castellanza-nel-cuore\/1369602\/\",\"url\":\"https:\/\/staging.varesenews.it\/2021\/08\/elezioni-amministrative-decolla-la-lista-castellanza-nel-cuore\/1369602\/\",\"name\":\"Elezioni amministrative, decolla la lista \\\"Castellanza nel cuore\\\"\",\"isPartOf\":{\"@id\":\"https:\/\/staging.varesenews.it\/#website\"},\"datePublished\":\"2021-08-12T15:46:07+00:00\",\"dateModified\":\"2021-08-12T15:46:07+00:00\",\"author\":{\"@id\":\"https:\/\/staging.varesenews.it\/#\/schema\/person\/709ae3769f6b4dbde8ec332baede8a5b\"},\"description\":\"La compagine civica \u00e8 coordinata da Alessandro Milone e si presenta come forza senza riferimenti di partito che si rivolge anche ai delusi della politica\",\"breadcrumb\":{\"@id\":\"https:\/\/staging.varesenews.it\/2021\/08\/elezioni-amministrative-decolla-la-lista-castellanza-nel-cuore\/1369602\/#breadcrumb\"},\"inLanguage\":\"it-IT\",\"potentialAction\":[{\"@type\":\"ReadAction\",\"target\":[\"https:\/\/staging.varesenews.it\/2021\/08\/elezioni-amministrative-decolla-la-lista-castellanza-nel-cuore\/1369602\/\"]}]},{\"@type\":\"BreadcrumbList\",\"@id\":\"https:\/\/staging.varesenews.it\/2021\/08\/elezioni-amministrative-decolla-la-lista-castellanza-nel-cuore\/1369602\/#breadcrumb\",\"itemListElement\":[{\"@type\":\"ListItem\",\"position\":1,\"name\":\"Home\",\"item\":\"https:\/\/www.varesenews.it\/\"},{\"@type\":\"ListItem\",\"position\":2,\"name\":\"Elezioni amministrative, decolla la lista &#8220;Castellanza nel cuore&#8221;\"}]},{\"@type\":\"WebSite\",\"@id\":\"https:\/\/staging.varesenews.it\/#website\",\"url\":\"https:\/\/staging.varesenews.it\/\",\"name\":\"VareseNews\",\"description\":\"\",\"potentialAction\":[{\"@type\":\"SearchAction\",\"target\":{\"@type\":\"EntryPoint\",\"urlTemplate\":\"https:\/\/staging.varesenews.it\/?s={search_term_string}\"},\"query-input\":\"required name=search_term_string\"}],\"inLanguage\":\"it-IT\"},{\"@type\":\"Person\",\"@id\":\"https:\/\/staging.varesenews.it\/#\/schema\/person\/709ae3769f6b4dbde8ec332baede8a5b\",\"name\":\"Damiano Franzetti\",\"image\":{\"@type\":\"ImageObject\",\"inLanguage\":\"it-IT\",\"@id\":\"https:\/\/staging.varesenews.it\/#\/schema\/person\/image\/\",\"url\":\"https:\/\/staging.varesenews.it\/wp-content\/uploads\/2020\/12\/damiano_franzetti_colori_500.jpg\",\"contentUrl\":\"https:\/\/staging.varesenews.it\/wp-content\/uploads\/2020\/12\/damiano_franzetti_colori_500.jpg\",\"caption\":\"Damiano Franzetti\"},\"description\":\"Classe 1976, una laurea (nel cassetto) in scienze e tecnologie alimentari; sono giornalista professionista dal 2009 nato e cresciuto con VareseNews dove mi occupo soprattutto di sport ormai da vent&rsquo;anni. Inviato sui campi (sulle piste, sulle strade...), intervistatore, coordinatore e responsabile delle pagine sportive, mi ritaglio volentieri lo spazio per scrivere di birra sul blog Malto Gradimento. Ho seguito innumerevoli campionati di Serie A di basket, di serie B di calcio, due Mondiali di ciclismo, qualche Giro d&rsquo;;Italia e tanto altro ancora. Collaboro con Tuttosport e altre testate, mi diletto di social. Ho una moglie, un figlio, vivo nella mia Gemonio e ho purtroppo smesso con il basket giocato. &nbsp;\",\"sameAs\":[\"damianofranz\",\"https:\/\/www.linkedin.com\/profile\/view?id=241597124&trk=nav_responsive_tab_profile\",\"https:\/\/twitter.com\/damianofranz\"],\"url\":\"https:\/\/staging.varesenews.it\/persona\/damiano_franzetti-2\/\"}]}<\/script>\n<!-- \/ Yoast SEO plugin. -->","yoast_head_json":{"title":"Elezioni amministrative, decolla la lista \"Castellanza nel cuore\"","description":"La compagine civica \u00e8 coordinata da Alessandro Milone e si presenta come forza senza riferimenti di partito che si rivolge anche ai delusi della politica","robots":{"index":"noindex","follow":"follow","max-snippet":"max-snippet:-1","max-image-preview":"max-image-preview:large","max-video-preview":"max-video-preview:-1"},"og_locale":"it_IT","og_type":"article","og_title":"Elezioni amministrative, decolla la lista \"Castellanza nel cuore\"","og_description":"La compagine civica \u00e8 coordinata da Alessandro Milone e si presenta come forza senza riferimenti di partito che si rivolge anche ai delusi della politica","og_url":"https:\/\/staging.varesenews.it\/2021\/08\/elezioni-amministrative-decolla-la-lista-castellanza-nel-cuore\/1369602\/","og_site_name":"VareseNews","article_publisher":"https:\/\/www.facebook.com\/varesenews","article_published_time":"2021-08-12T15:46:07+00:00","author":"Damiano Franzetti","twitter_card":"summary_large_image","twitter_creator":"@damianofranz","twitter_site":"@varesenews","twitter_misc":{"Scritto da":"Damiano Franzetti","Tempo di lettura stimato":"1 minuto"},"schema":{"@context":"https:\/\/schema.org","@graph":[{"@type":"WebPage","@id":"https:\/\/staging.varesenews.it\/2021\/08\/elezioni-amministrative-decolla-la-lista-castellanza-nel-cuore\/1369602\/","url":"https:\/\/staging.varesenews.it\/2021\/08\/elezioni-amministrative-decolla-la-lista-castellanza-nel-cuore\/1369602\/","name":"Elezioni amministrative, decolla la lista \"Castellanza nel cuore\"","isPartOf":{"@id":"https:\/\/staging.varesenews.it\/#website"},"datePublished":"2021-08-12T15:46:07+00:00","dateModified":"2021-08-12T15:46:07+00:00","author":{"@id":"https:\/\/staging.varesenews.it\/#\/schema\/person\/709ae3769f6b4dbde8ec332baede8a5b"},"description":"La compagine civica \u00e8 coordinata da Alessandro Milone e si presenta come forza senza riferimenti di partito che si rivolge anche ai delusi della politica","breadcrumb":{"@id":"https:\/\/staging.varesenews.it\/2021\/08\/elezioni-amministrative-decolla-la-lista-castellanza-nel-cuore\/1369602\/#breadcrumb"},"inLanguage":"it-IT","potentialAction":[{"@type":"ReadAction","target":["https:\/\/staging.varesenews.it\/2021\/08\/elezioni-amministrative-decolla-la-lista-castellanza-nel-cuore\/1369602\/"]}]},{"@type":"BreadcrumbList","@id":"https:\/\/staging.varesenews.it\/2021\/08\/elezioni-amministrative-decolla-la-lista-castellanza-nel-cuore\/1369602\/#breadcrumb","itemListElement":[{"@type":"ListItem","position":1,"name":"Home","item":"https:\/\/www.varesenews.it\/"},{"@type":"ListItem","position":2,"name":"Elezioni amministrative, decolla la lista &#8220;Castellanza nel cuore&#8221;"}]},{"@type":"WebSite","@id":"https:\/\/staging.varesenews.it\/#website","url":"https:\/\/staging.varesenews.it\/","name":"VareseNews","description":"","potentialAction":[{"@type":"SearchAction","target":{"@type":"EntryPoint","urlTemplate":"https:\/\/staging.varesenews.it\/?s={search_term_string}"},"query-input":"required name=search_term_string"}],"inLanguage":"it-IT"},{"@type":"Person","@id":"https:\/\/staging.varesenews.it\/#\/schema\/person\/709ae3769f6b4dbde8ec332baede8a5b","name":"Damiano Franzetti","image":{"@type":"ImageObject","inLanguage":"it-IT","@id":"https:\/\/staging.varesenews.it\/#\/schema\/person\/image\/","url":"https:\/\/staging.varesenews.it\/wp-content\/uploads\/2020\/12\/damiano_franzetti_colori_500.jpg","contentUrl":"https:\/\/staging.varesenews.it\/wp-content\/uploads\/2020\/12\/damiano_franzetti_colori_500.jpg","caption":"Damiano Franzetti"},"description":"Classe 1976, una laurea (nel cassetto) in scienze e tecnologie alimentari; sono giornalista professionista dal 2009 nato e cresciuto con VareseNews dove mi occupo soprattutto di sport ormai da vent&rsquo;anni. Inviato sui campi (sulle piste, sulle strade...), intervistatore, coordinatore e responsabile delle pagine sportive, mi ritaglio volentieri lo spazio per scrivere di birra sul blog Malto Gradimento. Ho seguito innumerevoli campionati di Serie A di basket, di serie B di calcio, due Mondiali di ciclismo, qualche Giro d&rsquo;;Italia e tanto altro ancora. Collaboro con Tuttosport e altre testate, mi diletto di social. Ho una moglie, un figlio, vivo nella mia Gemonio e ho purtroppo smesso con il basket giocato. &nbsp;","sameAs":["damianofranz","https:\/\/www.linkedin.com\/profile\/view?id=241597124&trk=nav_responsive_tab_profile","https:\/\/twitter.com\/damianofranz"],"url":"https:\/\/staging.varesenews.it\/persona\/damiano_franzetti-2\/"}]}},"post_meta":{"_edit_lock":"1628783137:38","_edit_last":"38","_category_permalink":"a:1:{s:8:\"category\";s:2:\"16\";}","_encloseme":"1","ratings_users":"0","ratings_score":"0","ratings_average":"0","foto":"1241269","firma_come_redazione":"1","argomento":"Castellanza","_yoast_wpseo_content_score":"30","_jd_tweet_this":"yes","_wpt_short_url":"https:\/\/www.varesenews.it\/2021\/08\/elezioni-amministrative-decolla-la-lista-castellanza-nel-cuore\/1369602\/","_wp_jd_target":"https:\/\/www.varesenews.it\/2021\/08\/elezioni-amministrative-decolla-la-lista-castellanza-nel-cuore\/1369602\/","_jd_wp_twitter":"a:1:{i:0;s:176:\"Elezioni amministrative, decolla la lista \u201cCastellanza nel cuore\u201d https:\/\/www.varesenews.it\/2021\/08\/elezioni-amministrative-decolla-la-lista-castellanza-nel-cuore\/1369602\/ \";}","_wpt_status_message":"Tweet inviato con successo."},"photos":[{"original":"https:\/\/staging.varesenews.it\/photogallery_new\/images\/2021\/08\/logo-castellanza-nel-cuore-elezioni-amministrative-2021-1241269.jpg","full":"https:\/\/staging.varesenews.it\/photogallery_new\/images\/2021\/08\/logo-castellanza-nel-cuore-elezioni-amministrative-2021-1241269.1024x768.jpg","large":"https:\/\/staging.varesenews.it\/photogallery_new\/images\/2021\/08\/logo-castellanza-nel-cuore-elezioni-amministrative-2021-1241269.610x431.jpg"}],"_links":{"self":[{"href":"https:\/\/staging.varesenews.it\/swgapi\/v1\/wp\/v2\/posts\/1369602"}],"collection":[{"href":"https:\/\/staging.varesenews.it\/swgapi\/v1\/wp\/v2\/posts"}],"about":[{"href":"https:\/\/staging.varesenews.it\/swgapi\/v1\/wp\/v2\/types\/post"}],"author":[{"embeddable":true,"href":"https:\/\/staging.varesenews.it\/swgapi\/v1\/wp\/v2\/users\/38"}],"replies":[{"embeddable":true,"href":"https:\/\/staging.varesenews.it\/swgapi\/v1\/wp\/v2\/comments?post=1369602"}],"version-history":[{"count":0,"href":"https:\/\/staging.varesenews.it\/swgapi\/v1\/wp\/v2\/posts\/1369602\/revisions"}],"wp:attachment":[{"href":"https:\/\/staging.varesenews.it\/swgapi\/v1\/wp\/v2\/media?parent=1369602"}],"wp:term":[{"taxonomy":"category","embeddable":true,"href":"https:\/\/staging.varesenews.it\/swgapi\/v1\/wp\/v2\/categories?post=1369602"},{"taxonomy":"post_tag","embeddable":true,"href":"https:\/\/staging.varesenews.it\/swgapi\/v1\/wp\/v2\/tags?post=1369602"}],"curies":[{"name":"wp","href":"https:\/\/api.w.org\/{rel}","templated":true}]}}