{"id":1371243,"date":"2021-08-22T12:02:09","date_gmt":"2021-08-22T10:02:09","guid":{"rendered":"https:\/\/www.varesenews.it\/?p=1371243"},"modified":"2021-08-22T12:02:09","modified_gmt":"2021-08-22T10:02:09","slug":"maltempo-coldiretti-stima-danni-nel-varesotto","status":"publish","type":"post","link":"https:\/\/staging.varesenews.it\/2021\/08\/maltempo-coldiretti-stima-danni-nel-varesotto\/1371243\/","title":{"rendered":"Maltempo, Coldiretti stima i danni nel Varesotto"},"content":{"rendered":"<p>Il giro di boa della settimana <strong>Ferragosto<\/strong>, appena conclusa, ha visto svoltare verso settembre un\u2019estate che il Varesotto ricorder\u00e0 per le bizze (e i danni) di un meteo impazzito, costellato da forti piogge e violente grandinate prima che, con agosto, caldo e clima secco prendessero definitivamente il sopravvento.<\/p>\n<p><strong>Quattro le grandinate che, tra inizio luglio e inizio agosto, hanno colpito il territorio della provincia di Varese<\/strong> devastando coltivazioni di piccoli frutti, ortive, cereali e danneggiando serre e strutture. Lo raccontano in presa diretta anche le testimonianza degli agricoltori.<\/p>\n<p>Emanuele Panozzo, orticoltore a Cuveglio, racconta di un&#8217;ondata di maltempo distruttiva: \u201cL<strong>e quattro grandinate le abbiamo subite tutte, alla fine ci ritroviamo con il 95% di raccolto perso.<\/strong> Stiamo parlando di tutti gli ortaggi in pieno campo, dalle melanzane ai peperoni, alle zucchine: migliaia di piante completamente distrutte. Avevo appena finito di mettere a dimora 1600 piante di insalata il giorno precedente la grandinata pi\u00f9 distruttiva&#8230; solo in quel caso parliamo di 3600 euro persi, ma il bilancio \u00e8 molto pi\u00f9 grave. In pratica ho perso l&#8217;intero fatturato del raccolto estivo. E senza conteggiare il lavoro\u201d.<\/p>\n<p><strong>Anche Davide Giovannoni, nei suoi campi di Orino,<\/strong> ha perso il raccolto: \u201cQuattro grandinate nel giro di un mese non si vedono spesso. La pi\u00f9 disastrosa, per noi, \u00e8 stata quella dell&#8217;8 luglio. Due-tremila piante di cipolle distrutte, persa l&#8217;intera coltivazione di zucche, ovvero pi\u00f9 di 500 piante. E le produzioni di quest&#8217;anno erano bellissime. A salvarci \u00e8 la multifunzionalit\u00e0 della nostra impresa, dato che ci occupiamo anche di taglio legna. Ma il colpo \u00e8 durissimo. Per il prossimo anno? Non ci sono alternative, non ci daremo per vinti e continueremo, magari cercando di capire quelle che saranno le tendenze di un clima impazzito: va da s\u00e9 che non \u00e8 affatto facile&#8230;\u201d<\/p>\n<p>Ad essere danneggiato \u00e8 stato anche il raccolto delle ottime pesche di Monate<strong>: i frutteti di Luca Franzetti sono stati investiti dai chicchi di ghiaccio<\/strong> a pochi giorni dall&#8217;inizio del raccolto di inizio luglio. E non c&#8217;\u00e8 stato nulla da fare: \u201cImmaginatevi le pesche colpite da grandine grossa come albicocche. Se riuscir\u00f2 a raggiungere il 40% di un normale raccolto sar\u00e0 un miracolo&#8230; due terzi se ne sono andati, complici anche le brinate di fine primavera. I danni si vedono mano a mano&#8230; in fase di maturazione, le pesche colpite dalla grandine marciscono. Di certo l maltempo ci ha accompagnato nella fase clou della stagione, fino ad inizio agosto quando le ultime precipitazioni violente ci hanno messo la coda\u201d.<\/p>\n<p>Raccolto iniziato tardi, invece, per i piccoli frutti di Vergiate, mirtilli e more: gli impianti di <strong>Enrico Montonati sono stati risparmiati dalla grandine, \u201cma il freddo di tarda primavera ha profondamente condizionato la stagione<\/strong>, con il ritorno delle brinate a fine aprile che hanno colpito le coltivazioni in piena fioritura. E la raccolta \u00e8 iniziata con oltre venti giorni di ritardo, solo a fine giugno\u201d.<\/p>\n","protected":false},"excerpt":{"rendered":"<p>Quattro le grandinate che, tra inizio luglio e inizio agosto, hanno colpito il territorio della provincia. Le testimonianze degli agricoltori <\/p>\n","protected":false},"author":43,"featured_media":0,"comment_status":"open","ping_status":"open","sticky":false,"template":"","format":"standard","meta":{"footnotes":""},"categories":[2],"tags":[11132,1632],"acf":[],"yoast_head":"<!-- This site is optimized with the Yoast SEO plugin v20.1 - https:\/\/yoast.com\/wordpress\/plugins\/seo\/ -->\n<title>Maltempo, Coldiretti stima i danni nel Varesotto<\/title>\n<meta name=\"description\" content=\"Quattro le grandinate che, tra inizio luglio e inizio agosto, hanno colpito il territorio della provincia. Le testimonianze degli agricoltori\" \/>\n<meta name=\"robots\" content=\"noindex, follow, max-snippet:-1, max-image-preview:large, max-video-preview:-1\" \/>\n<meta property=\"og:locale\" content=\"it_IT\" \/>\n<meta property=\"og:type\" content=\"article\" \/>\n<meta property=\"og:title\" content=\"Maltempo, Coldiretti stima i danni nel Varesotto\" \/>\n<meta property=\"og:description\" content=\"Quattro le grandinate che, tra inizio luglio e inizio agosto, hanno colpito il territorio della provincia. Le testimonianze degli agricoltori\" \/>\n<meta property=\"og:url\" content=\"https:\/\/staging.varesenews.it\/2021\/08\/maltempo-coldiretti-stima-danni-nel-varesotto\/1371243\/\" \/>\n<meta property=\"og:site_name\" content=\"VareseNews\" \/>\n<meta property=\"article:publisher\" content=\"https:\/\/www.facebook.com\/varesenews\" \/>\n<meta property=\"article:author\" content=\"https:\/\/www.facebook.com\/mariacarla.cebrelli\" \/>\n<meta property=\"article:published_time\" content=\"2021-08-22T10:02:09+00:00\" \/>\n<meta name=\"author\" content=\"Maria Carla Cebrelli\" \/>\n<meta name=\"twitter:card\" content=\"summary_large_image\" \/>\n<meta name=\"twitter:creator\" content=\"@pikapiketti\" \/>\n<meta name=\"twitter:site\" content=\"@varesenews\" \/>\n<meta name=\"twitter:label1\" content=\"Scritto da\" \/>\n\t<meta name=\"twitter:data1\" content=\"Maria Carla Cebrelli\" \/>\n\t<meta name=\"twitter:label2\" content=\"Tempo di lettura stimato\" \/>\n\t<meta name=\"twitter:data2\" content=\"2 minuti\" \/>\n<script type=\"application\/ld+json\" class=\"yoast-schema-graph\">{\"@context\":\"https:\/\/schema.org\",\"@graph\":[{\"@type\":\"WebPage\",\"@id\":\"https:\/\/staging.varesenews.it\/2021\/08\/maltempo-coldiretti-stima-danni-nel-varesotto\/1371243\/\",\"url\":\"https:\/\/staging.varesenews.it\/2021\/08\/maltempo-coldiretti-stima-danni-nel-varesotto\/1371243\/\",\"name\":\"Maltempo, Coldiretti stima i danni nel Varesotto\",\"isPartOf\":{\"@id\":\"https:\/\/staging.varesenews.it\/#website\"},\"datePublished\":\"2021-08-22T10:02:09+00:00\",\"dateModified\":\"2021-08-22T10:02:09+00:00\",\"author\":{\"@id\":\"https:\/\/staging.varesenews.it\/#\/schema\/person\/5bf790e99d7ec50061119cc825c454de\"},\"description\":\"Quattro le grandinate che, tra inizio luglio e inizio agosto, hanno colpito il territorio della provincia. Le testimonianze degli agricoltori\",\"breadcrumb\":{\"@id\":\"https:\/\/staging.varesenews.it\/2021\/08\/maltempo-coldiretti-stima-danni-nel-varesotto\/1371243\/#breadcrumb\"},\"inLanguage\":\"it-IT\",\"potentialAction\":[{\"@type\":\"ReadAction\",\"target\":[\"https:\/\/staging.varesenews.it\/2021\/08\/maltempo-coldiretti-stima-danni-nel-varesotto\/1371243\/\"]}]},{\"@type\":\"BreadcrumbList\",\"@id\":\"https:\/\/staging.varesenews.it\/2021\/08\/maltempo-coldiretti-stima-danni-nel-varesotto\/1371243\/#breadcrumb\",\"itemListElement\":[{\"@type\":\"ListItem\",\"position\":1,\"name\":\"Home\",\"item\":\"https:\/\/www.varesenews.it\/\"},{\"@type\":\"ListItem\",\"position\":2,\"name\":\"Maltempo, Coldiretti stima i danni nel Varesotto\"}]},{\"@type\":\"WebSite\",\"@id\":\"https:\/\/staging.varesenews.it\/#website\",\"url\":\"https:\/\/staging.varesenews.it\/\",\"name\":\"VareseNews\",\"description\":\"\",\"potentialAction\":[{\"@type\":\"SearchAction\",\"target\":{\"@type\":\"EntryPoint\",\"urlTemplate\":\"https:\/\/staging.varesenews.it\/?s={search_term_string}\"},\"query-input\":\"required name=search_term_string\"}],\"inLanguage\":\"it-IT\"},{\"@type\":\"Person\",\"@id\":\"https:\/\/staging.varesenews.it\/#\/schema\/person\/5bf790e99d7ec50061119cc825c454de\",\"name\":\"Maria Carla Cebrelli\",\"image\":{\"@type\":\"ImageObject\",\"inLanguage\":\"it-IT\",\"@id\":\"https:\/\/staging.varesenews.it\/#\/schema\/person\/image\/\",\"url\":\"https:\/\/staging.varesenews.it\/wp-content\/uploads\/2020\/12\/mariacarla_cebrelli_colori_500-1.jpg\",\"contentUrl\":\"https:\/\/staging.varesenews.it\/wp-content\/uploads\/2020\/12\/mariacarla_cebrelli_colori_500-1.jpg\",\"caption\":\"Maria Carla Cebrelli\"},\"description\":\"Economista di formazione, giornalista per passione. A VareseNews dal 2005, mi sono occupata negli anni di universit&agrave;, tematiche di confine, news locali e comunicazione nel settore sociale. Attualmente sono responsabile di VerbanoNews, del canale di VareseNews dedicato al Turismo e seguo i social dell'area business.\",\"sameAs\":[\"https:\/\/www.facebook.com\/mariacarla.cebrelli\",\"pikapiketti\",\"https:\/\/twitter.com\/pikapiketti\"],\"url\":\"https:\/\/staging.varesenews.it\/persona\/mariacarla-cebrelli1\/\"}]}<\/script>\n<!-- \/ Yoast SEO plugin. -->","yoast_head_json":{"title":"Maltempo, Coldiretti stima i danni nel Varesotto","description":"Quattro le grandinate che, tra inizio luglio e inizio agosto, hanno colpito il territorio della provincia. Le testimonianze degli agricoltori","robots":{"index":"noindex","follow":"follow","max-snippet":"max-snippet:-1","max-image-preview":"max-image-preview:large","max-video-preview":"max-video-preview:-1"},"og_locale":"it_IT","og_type":"article","og_title":"Maltempo, Coldiretti stima i danni nel Varesotto","og_description":"Quattro le grandinate che, tra inizio luglio e inizio agosto, hanno colpito il territorio della provincia. Le testimonianze degli agricoltori","og_url":"https:\/\/staging.varesenews.it\/2021\/08\/maltempo-coldiretti-stima-danni-nel-varesotto\/1371243\/","og_site_name":"VareseNews","article_publisher":"https:\/\/www.facebook.com\/varesenews","article_author":"https:\/\/www.facebook.com\/mariacarla.cebrelli","article_published_time":"2021-08-22T10:02:09+00:00","author":"Maria Carla Cebrelli","twitter_card":"summary_large_image","twitter_creator":"@pikapiketti","twitter_site":"@varesenews","twitter_misc":{"Scritto da":"Maria Carla Cebrelli","Tempo di lettura stimato":"2 minuti"},"schema":{"@context":"https:\/\/schema.org","@graph":[{"@type":"WebPage","@id":"https:\/\/staging.varesenews.it\/2021\/08\/maltempo-coldiretti-stima-danni-nel-varesotto\/1371243\/","url":"https:\/\/staging.varesenews.it\/2021\/08\/maltempo-coldiretti-stima-danni-nel-varesotto\/1371243\/","name":"Maltempo, Coldiretti stima i danni nel Varesotto","isPartOf":{"@id":"https:\/\/staging.varesenews.it\/#website"},"datePublished":"2021-08-22T10:02:09+00:00","dateModified":"2021-08-22T10:02:09+00:00","author":{"@id":"https:\/\/staging.varesenews.it\/#\/schema\/person\/5bf790e99d7ec50061119cc825c454de"},"description":"Quattro le grandinate che, tra inizio luglio e inizio agosto, hanno colpito il territorio della provincia. Le testimonianze degli agricoltori","breadcrumb":{"@id":"https:\/\/staging.varesenews.it\/2021\/08\/maltempo-coldiretti-stima-danni-nel-varesotto\/1371243\/#breadcrumb"},"inLanguage":"it-IT","potentialAction":[{"@type":"ReadAction","target":["https:\/\/staging.varesenews.it\/2021\/08\/maltempo-coldiretti-stima-danni-nel-varesotto\/1371243\/"]}]},{"@type":"BreadcrumbList","@id":"https:\/\/staging.varesenews.it\/2021\/08\/maltempo-coldiretti-stima-danni-nel-varesotto\/1371243\/#breadcrumb","itemListElement":[{"@type":"ListItem","position":1,"name":"Home","item":"https:\/\/www.varesenews.it\/"},{"@type":"ListItem","position":2,"name":"Maltempo, Coldiretti stima i danni nel Varesotto"}]},{"@type":"WebSite","@id":"https:\/\/staging.varesenews.it\/#website","url":"https:\/\/staging.varesenews.it\/","name":"VareseNews","description":"","potentialAction":[{"@type":"SearchAction","target":{"@type":"EntryPoint","urlTemplate":"https:\/\/staging.varesenews.it\/?s={search_term_string}"},"query-input":"required name=search_term_string"}],"inLanguage":"it-IT"},{"@type":"Person","@id":"https:\/\/staging.varesenews.it\/#\/schema\/person\/5bf790e99d7ec50061119cc825c454de","name":"Maria Carla Cebrelli","image":{"@type":"ImageObject","inLanguage":"it-IT","@id":"https:\/\/staging.varesenews.it\/#\/schema\/person\/image\/","url":"https:\/\/staging.varesenews.it\/wp-content\/uploads\/2020\/12\/mariacarla_cebrelli_colori_500-1.jpg","contentUrl":"https:\/\/staging.varesenews.it\/wp-content\/uploads\/2020\/12\/mariacarla_cebrelli_colori_500-1.jpg","caption":"Maria Carla Cebrelli"},"description":"Economista di formazione, giornalista per passione. A VareseNews dal 2005, mi sono occupata negli anni di universit&agrave;, tematiche di confine, news locali e comunicazione nel settore sociale. Attualmente sono responsabile di VerbanoNews, del canale di VareseNews dedicato al Turismo e seguo i social dell'area business.","sameAs":["https:\/\/www.facebook.com\/mariacarla.cebrelli","pikapiketti","https:\/\/twitter.com\/pikapiketti"],"url":"https:\/\/staging.varesenews.it\/persona\/mariacarla-cebrelli1\/"}]}},"post_meta":{"_edit_lock":"1629626907:43","_edit_last":"43","_category_permalink":"a:1:{s:8:\"category\";s:0:\"\";}","_oembed_0723e4f89c77d5596d110f4d35c0d0f9":"<blockquote class=\"wp-embedded-content\" data-secret=\"VDbHowUG8l\"><a href=\"https:\/\/www.varesenews.it\/2021\/04\/verranno-investiti-191-miliardi-del-piano-nazionale-ripartenza-resilienza\/1333270\/\">Ecco come verranno investiti i 191 miliardi del piano nazionale di ripartenza e resilienza<\/a><\/blockquote><iframe class=\"wp-embedded-content\" sandbox=\"allow-scripts\" security=\"restricted\" style=\"position: absolute; clip: rect(1px, 1px, 1px, 1px);\" src=\"https:\/\/www.varesenews.it\/2021\/04\/verranno-investiti-191-miliardi-del-piano-nazionale-ripartenza-resilienza\/1333270\/embed\/#?secret=VDbHowUG8l\" data-secret=\"VDbHowUG8l\" width=\"500\" height=\"282\" title=\"&#8220;Ecco come verranno investiti i 191 miliardi del piano nazionale di ripartenza e resilienza&#8221; &#8212; VareseNews\" frameborder=\"0\" marginwidth=\"0\" marginheight=\"0\" scrolling=\"no\"><\/iframe>","_oembed_time_0723e4f89c77d5596d110f4d35c0d0f9":"1629626537","_encloseme":"1","ratings_users":"0","ratings_score":"0","ratings_average":"0","foto":"1239380","firma_come_redazione":"1","argomento":"Agricoltura","_yoast_wpseo_content_score":"30","_jd_tweet_this":"yes","_wpt_short_url":"https:\/\/www.varesenews.it\/2021\/08\/maltempo-coldiretti-stima-danni-nel-varesotto\/1371243\/","_wp_jd_target":"https:\/\/www.varesenews.it\/2021\/08\/maltempo-coldiretti-stima-danni-nel-varesotto\/1371243\/","_jd_wp_twitter":"a:1:{i:0;s:147:\"Maltempo, Coldiretti stima i danni nel Varesotto https:\/\/www.varesenews.it\/2021\/08\/maltempo-coldiretti-stima-danni-nel-varesotto\/1371243\/ #maltempo\";}","_wpt_status_message":"Tweet inviato con successo.","_oembed_f074442841809d5019a5e34f1f0e580f":"<blockquote class=\"wp-embedded-content\" data-secret=\"R5Dj8zIlct\"><a href=\"https:\/\/www.varesenews.it\/2021\/06\/micro-museo-cadero-racconta-la-storia-della-gioconda\/1355363\/\">Il \u201cmicro museo\u201c di Cadero che racconta la storia della Gioconda<\/a><\/blockquote><iframe class=\"wp-embedded-content\" sandbox=\"allow-scripts\" security=\"restricted\" style=\"position: absolute; clip: rect(1px, 1px, 1px, 1px);\" src=\"https:\/\/www.varesenews.it\/2021\/06\/micro-museo-cadero-racconta-la-storia-della-gioconda\/1355363\/embed\/#?secret=R5Dj8zIlct\" data-secret=\"R5Dj8zIlct\" width=\"500\" height=\"282\" title=\"&#8220;Il \u201cmicro museo\u201c di Cadero che racconta la storia della Gioconda&#8221; &#8212; VareseNews\" frameborder=\"0\" marginwidth=\"0\" marginheight=\"0\" scrolling=\"no\"><\/iframe>","_oembed_time_f074442841809d5019a5e34f1f0e580f":"1629626690","_oembed_07d692f31c2afe3e787a0e165a12c47e":"<blockquote class=\"wp-embedded-content\" data-secret=\"XGGpLEd4bB\"><a href=\"https:\/\/www.varesenews.it\/2021\/08\/21-agosto-1911-varesino-vincenzo-peruggia-rubo-la-gioconda\/1371142\/\">21 agosto 1911: il varesino Vincenzo Peruggia rub\u00f2 la Gioconda<\/a><\/blockquote><iframe class=\"wp-embedded-content\" sandbox=\"allow-scripts\" security=\"restricted\" style=\"position: absolute; clip: rect(1px, 1px, 1px, 1px);\" src=\"https:\/\/www.varesenews.it\/2021\/08\/21-agosto-1911-varesino-vincenzo-peruggia-rubo-la-gioconda\/1371142\/embed\/#?secret=XGGpLEd4bB\" data-secret=\"XGGpLEd4bB\" width=\"500\" height=\"282\" title=\"&#8220;21 agosto 1911: il varesino Vincenzo Peruggia rub\u00f2 la Gioconda&#8221; &#8212; VareseNews\" frameborder=\"0\" marginwidth=\"0\" marginheight=\"0\" scrolling=\"no\"><\/iframe>","_oembed_time_07d692f31c2afe3e787a0e165a12c47e":"1629626690","_oembed_5f4a6273a4b0d8766ba3dc56ce6aefc8":"<blockquote class=\"wp-embedded-content\" data-secret=\"lDpHSXUvnl\"><a href=\"https:\/\/www.verbanonews.it\/aree-geografiche\/lago-maggiore\/2021\/08\/17\/storia-locale-sul-lungolago-tornano-le-conferenze-en-plein-air-del-museo-di-angera\/934177\/\">Storia locale sul lungolago, tornano le conferenze en plein air del museo di Angera<\/a><\/blockquote><iframe class=\"wp-embedded-content\" sandbox=\"allow-scripts\" security=\"restricted\" style=\"position: absolute; clip: rect(1px, 1px, 1px, 1px);\" src=\"https:\/\/www.verbanonews.it\/aree-geografiche\/lago-maggiore\/2021\/08\/17\/storia-locale-sul-lungolago-tornano-le-conferenze-en-plein-air-del-museo-di-angera\/934177\/embed\/#?secret=lDpHSXUvnl\" data-secret=\"lDpHSXUvnl\" width=\"500\" height=\"282\" title=\"&#8220;Storia locale sul lungolago, tornano le conferenze en plein air del museo di Angera&#8221; &#8212; VerbanoNews\" frameborder=\"0\" marginwidth=\"0\" marginheight=\"0\" scrolling=\"no\"><\/iframe>","_oembed_time_5f4a6273a4b0d8766ba3dc56ce6aefc8":"1629626691","_oembed_b00aa753060ed461aca04846311083ea":"<blockquote class=\"wp-embedded-content\" data-secret=\"f8YrIDJE7T\"><a href=\"https:\/\/www.varesenews.it\/2021\/08\/serve-cocktail-minorenni-la-finestra-bar-busto-nei-guai\/1371112\/\">Serve cocktail a minorenni attraverso la finestra, bar di Busto nei guai<\/a><\/blockquote><iframe class=\"wp-embedded-content\" sandbox=\"allow-scripts\" security=\"restricted\" style=\"position: absolute; clip: rect(1px, 1px, 1px, 1px);\" src=\"https:\/\/www.varesenews.it\/2021\/08\/serve-cocktail-minorenni-la-finestra-bar-busto-nei-guai\/1371112\/embed\/#?secret=f8YrIDJE7T\" data-secret=\"f8YrIDJE7T\" width=\"500\" height=\"282\" title=\"&#8220;Serve cocktail a minorenni attraverso la finestra, bar di Busto nei guai&#8221; &#8212; VareseNews\" frameborder=\"0\" marginwidth=\"0\" marginheight=\"0\" scrolling=\"no\"><\/iframe>","_oembed_time_b00aa753060ed461aca04846311083ea":"1629627032","_oembed_bd7be537cbeaea6b1c25703bef084c37":"<blockquote class=\"wp-embedded-content\" data-secret=\"Xq5wJvAgKA\"><a href=\"https:\/\/www.varesenews.it\/2021\/08\/solbiate-olona-saluta-giovanni-bianchi-sindaco-fece-uscire-paese-dallindustria-pesante\/1370552\/\">\u00c8 morto Giovanni Bianchi, il sindaco che fece uscire Solbiate Olona dall&#8217;industria pesante<\/a><\/blockquote><iframe class=\"wp-embedded-content\" sandbox=\"allow-scripts\" security=\"restricted\" style=\"position: absolute; clip: rect(1px, 1px, 1px, 1px);\" src=\"https:\/\/www.varesenews.it\/2021\/08\/solbiate-olona-saluta-giovanni-bianchi-sindaco-fece-uscire-paese-dallindustria-pesante\/1370552\/embed\/#?secret=Xq5wJvAgKA\" data-secret=\"Xq5wJvAgKA\" width=\"500\" height=\"282\" title=\"&#8220;\u00c8 morto Giovanni Bianchi, il sindaco che fece uscire Solbiate Olona dall&#8217;industria pesante&#8221; &#8212; VareseNews\" frameborder=\"0\" marginwidth=\"0\" marginheight=\"0\" scrolling=\"no\"><\/iframe>","_oembed_time_bd7be537cbeaea6b1c25703bef084c37":"1629627033","_oembed_4e0c2d9ffebfd59d0e60ac05c6a348df":"<blockquote class=\"wp-embedded-content\" data-secret=\"OBpOf0MQMm\"><a href=\"https:\/\/www.varesenews.it\/2021\/07\/schianto-allalba-saronno-sulla-provinciale-muore-motociclista-28-anni\/1362233\/\">Schianto all&#8217;alba a Saronno sulla provinciale, muore motociclista di 28 anni<\/a><\/blockquote><iframe class=\"wp-embedded-content\" sandbox=\"allow-scripts\" security=\"restricted\" style=\"position: absolute; clip: rect(1px, 1px, 1px, 1px);\" src=\"https:\/\/www.varesenews.it\/2021\/07\/schianto-allalba-saronno-sulla-provinciale-muore-motociclista-28-anni\/1362233\/embed\/#?secret=OBpOf0MQMm\" data-secret=\"OBpOf0MQMm\" width=\"500\" height=\"282\" title=\"&#8220;Schianto all&#8217;alba a Saronno sulla provinciale, muore motociclista di 28 anni&#8221; &#8212; VareseNews\" frameborder=\"0\" marginwidth=\"0\" marginheight=\"0\" scrolling=\"no\"><\/iframe>","_oembed_time_4e0c2d9ffebfd59d0e60ac05c6a348df":"1629627232","_oembed_3b295ce07b3a2e2bf621a49a5e784054":"<blockquote class=\"wp-embedded-content\" data-secret=\"L0qJTOGsGB\"><a href=\"https:\/\/www.varesenews.it\/2021\/08\/funerali-marco-borradori-lultimo-saluto-al-sindaco-lugano-servono-green-pass-tampone-negativo\/1370067\/\">Funerali di Marco Borradori, per l&#8217;ultimo saluto al sindaco di Lugano servono green pass o tampone negativo<\/a><\/blockquote><iframe class=\"wp-embedded-content\" sandbox=\"allow-scripts\" security=\"restricted\" style=\"position: absolute; clip: rect(1px, 1px, 1px, 1px);\" src=\"https:\/\/www.varesenews.it\/2021\/08\/funerali-marco-borradori-lultimo-saluto-al-sindaco-lugano-servono-green-pass-tampone-negativo\/1370067\/embed\/#?secret=L0qJTOGsGB\" data-secret=\"L0qJTOGsGB\" width=\"500\" height=\"282\" title=\"&#8220;Funerali di Marco Borradori, per l&#8217;ultimo saluto al sindaco di Lugano servono green pass o tampone negativo&#8221; &#8212; VareseNews\" frameborder=\"0\" marginwidth=\"0\" marginheight=\"0\" scrolling=\"no\"><\/iframe>","_oembed_time_3b295ce07b3a2e2bf621a49a5e784054":"1629627649","_oembed_af76a9e120adf36033614b9246eec2be":"<blockquote class=\"wp-embedded-content\" data-secret=\"GtnXiy0Up6\"><a href=\"https:\/\/www.varesenews.it\/2021\/08\/morto-sindaco-lugano-marco-borradori\/1369344\/\">\u00c8 morto il sindaco di Lugano Marco Borradori<\/a><\/blockquote><iframe class=\"wp-embedded-content\" sandbox=\"allow-scripts\" security=\"restricted\" style=\"position: absolute; clip: rect(1px, 1px, 1px, 1px);\" src=\"https:\/\/www.varesenews.it\/2021\/08\/morto-sindaco-lugano-marco-borradori\/1369344\/embed\/#?secret=GtnXiy0Up6\" data-secret=\"GtnXiy0Up6\" width=\"500\" height=\"282\" title=\"&#8220;\u00c8 morto il sindaco di Lugano Marco Borradori&#8221; &#8212; VareseNews\" frameborder=\"0\" marginwidth=\"0\" marginheight=\"0\" scrolling=\"no\"><\/iframe>","_oembed_time_af76a9e120adf36033614b9246eec2be":"1629627650","_oembed_e6e2395846f985c2ddf6025f1e0d8795":"<blockquote class=\"wp-embedded-content\" data-secret=\"gHsBAN30Rp\"><a href=\"https:\/\/www.varesenews.it\/2019\/06\/un-tuffo-lacqua-piu-fredda\/833556\/\">Un tuffo dove l&#8217;acqua \u00e8 pi\u00f9&#8230; fredda<\/a><\/blockquote><iframe class=\"wp-embedded-content\" sandbox=\"allow-scripts\" security=\"restricted\" style=\"position: absolute; clip: rect(1px, 1px, 1px, 1px);\" src=\"https:\/\/www.varesenews.it\/2019\/06\/un-tuffo-lacqua-piu-fredda\/833556\/embed\/#?secret=gHsBAN30Rp\" data-secret=\"gHsBAN30Rp\" width=\"500\" height=\"282\" title=\"&#8220;Un tuffo dove l&#8217;acqua \u00e8 pi\u00f9&#8230; fredda&#8221; &#8212; VareseNews\" frameborder=\"0\" marginwidth=\"0\" marginheight=\"0\" scrolling=\"no\"><\/iframe>","_oembed_time_e6e2395846f985c2ddf6025f1e0d8795":"1629627650","_oembed_7de7e0fcc683a530d6423b07a08087ad":"<iframe width=\"500\" height=\"281\" src=\"https:\/\/www.youtube.com\/embed\/52OtYOAcM7k?feature=oembed\" frameborder=\"0\" allow=\"accelerometer; autoplay; clipboard-write; encrypted-media; gyroscope; picture-in-picture\" allowfullscreen><\/iframe>","_oembed_time_7de7e0fcc683a530d6423b07a08087ad":"1629627650","_oembed_c2ad37338c7f110abacbfa758d829727":"<blockquote class=\"wp-embedded-content\" data-secret=\"RDjcFzjNvo\"><a href=\"https:\/\/www.varesenews.it\/2020\/08\/buona-notte-don-alberto\/954831\/\">Buona notte don Alberto<\/a><\/blockquote><iframe class=\"wp-embedded-content\" sandbox=\"allow-scripts\" security=\"restricted\" style=\"position: absolute; clip: rect(1px, 1px, 1px, 1px);\" src=\"https:\/\/www.varesenews.it\/2020\/08\/buona-notte-don-alberto\/954831\/embed\/#?secret=RDjcFzjNvo\" data-secret=\"RDjcFzjNvo\" width=\"500\" height=\"282\" title=\"&#8220;Buona notte don Alberto&#8221; &#8212; VareseNews\" frameborder=\"0\" marginwidth=\"0\" marginheight=\"0\" scrolling=\"no\"><\/iframe>","_oembed_time_c2ad37338c7f110abacbfa758d829727":"1629627703"},"photos":[{"original":"https:\/\/staging.varesenews.it\/photogallery_new\/images\/2021\/07\/porto-ceresio-temporale-foto-di-riccardo-mantegazza-1239380.jpg","full":"https:\/\/staging.varesenews.it\/photogallery_new\/images\/2021\/07\/porto-ceresio-temporale-foto-di-riccardo-mantegazza-1239380.1024x768.jpg","large":"https:\/\/staging.varesenews.it\/photogallery_new\/images\/2021\/07\/porto-ceresio-temporale-foto-di-riccardo-mantegazza-1239380.610x431.jpg"}],"_links":{"self":[{"href":"https:\/\/staging.varesenews.it\/swgapi\/v1\/wp\/v2\/posts\/1371243"}],"collection":[{"href":"https:\/\/staging.varesenews.it\/swgapi\/v1\/wp\/v2\/posts"}],"about":[{"href":"https:\/\/staging.varesenews.it\/swgapi\/v1\/wp\/v2\/types\/post"}],"author":[{"embeddable":true,"href":"https:\/\/staging.varesenews.it\/swgapi\/v1\/wp\/v2\/users\/43"}],"replies":[{"embeddable":true,"href":"https:\/\/staging.varesenews.it\/swgapi\/v1\/wp\/v2\/comments?post=1371243"}],"version-history":[{"count":0,"href":"https:\/\/staging.varesenews.it\/swgapi\/v1\/wp\/v2\/posts\/1371243\/revisions"}],"wp:attachment":[{"href":"https:\/\/staging.varesenews.it\/swgapi\/v1\/wp\/v2\/media?parent=1371243"}],"wp:term":[{"taxonomy":"category","embeddable":true,"href":"https:\/\/staging.varesenews.it\/swgapi\/v1\/wp\/v2\/categories?post=1371243"},{"taxonomy":"post_tag","embeddable":true,"href":"https:\/\/staging.varesenews.it\/swgapi\/v1\/wp\/v2\/tags?post=1371243"}],"curies":[{"name":"wp","href":"https:\/\/api.w.org\/{rel}","templated":true}]}}