{"id":137225,"date":"2010-10-06T00:00:00","date_gmt":"2010-10-06T00:00:00","guid":{"rendered":""},"modified":"2010-10-06T00:00:00","modified_gmt":"2010-10-06T00:00:00","slug":"il-colore-metafora-della-vita-al-cfm","status":"publish","type":"post","link":"https:\/\/staging.varesenews.it\/2010\/10\/il-colore-metafora-della-vita-al-cfm\/137225\/","title":{"rendered":"&#8220;Il Colore, metafora della vita&#8221; al Cfm"},"content":{"rendered":"<p>L&rsquo; Associazione Culturale Attivamente di Casalzuigno conclude il suo ciclo di conferenze sul&nbsp;colore con l&rsquo; evento <strong>&ldquo;Il Colore&hellip;.metafora della vita&rdquo;<\/strong> ovvero &ldquo;il valore del colore nella ns quotidianit&agrave;&rdquo;, ospite del Cfm di Barasso. Si tratta di una conferenza-intervista &ldquo;teatrale&rdquo; che vede protagonisti un&rsquo; allieva ed il suo professore che saranno in scena Venerd&igrave;, 8 Ottobre 2010 &ndash; ore 21:00 presso Auditorium del Cfm- Barasso, in Via Don B. Parietti. Relatore-interprete il giornalista e scrittore Felice Magnani da cui &egrave; nata l&rsquo; idea sia del contenuto che della rappresentazione di questa conferenza. <\/p>\n<p>Dice lo stesso Magnai a questo proposito: &ldquo;Credo che il colore rappresenti sempre una speranza, il desiderio di vivere una dimensione pi&ugrave; vera e pi&ugrave; umana della nostra esistenza, ma non sempre l&rsquo;uomo &egrave; consapevole di questo e, in molti casi, pretende di arrogarsi il diritto di manipolare la realt&agrave;, di gestirla a propria immagine e somiglianza, dimenticando che il suo compito &egrave; quello di cedere il testimone alle giovani generazioni e alle loro giustificate aspettative. In questa serata dedicata al colore, ho scelto di uscire dallo schema tradizionale della conferenza, per comunicare qualcosa di mio, di personale, di un&rsquo;esperienza che &egrave; nata dalla mia professione, quella dell&rsquo;insegnante, della quale serbo un rispetto ed una nostalgia particolari. Ho voluto cos&igrave;, per un attimo, attraverso una semplice drammatizzazione teatrale, rispondere alle curiosit&agrave; di un&rsquo;allieva, che riassume le curiosit&agrave; stesse di una generazione.&rdquo; <br \/>\nLa conferenza-intervista sar&agrave; accompagnata da scorci <strong>musicali al pianoforte a cura del Maestro Enrico Del Prato. <\/strong>Come tutti gli Eventi del Programma 2010, anche questa serata diventa strumento per la sensibilizzazione di cui si fa portavoce l&rsquo; Assoc. Cult.&nbsp;Attivamente a favore di&nbsp;Varese per L&rsquo;oncologia&hellip;L&rsquo;oncologia per VARESE. L&#8217;ingresso &egrave; libero. <\/p>\n<p>Per informazioni:<br \/>\nSEGRETERIA<br \/>\ndal Luned&igrave; al Venerd&igrave;<br \/>\ndalle 9.00 alle 13.00 &#8211; dalle 14.30 alle 18.00<br \/>\nSabato<br \/>\ndalle 09.30 alle 12.00 <br \/>\nTel. 0332\/737560<br \/>\ninfo@cfmbarasso.com &#8211; www.cfmbarasso.com<\/p>\n<p>Associazione Culturale ATTVAMENTE<br \/>\nTel 0332 618 008 &ndash; Cell. 349 55 03 906<br \/>\nE-mail: segreteria.attivamente@gmail.com<br \/>\nWeb Site: <a href=\"http:\/\/attivamente-valcuvia-va.blogspot.com\">http:\/\/attivamente-valcuvia-va.blogspot.com<\/a>.<\/p>\n","protected":false},"excerpt":{"rendered":"<p>Lo spettacolo &#8211; conferenza si terr\u00e0 venerd\u00ec 8 ottobre alla scuola di musica ed \u00e8 organizzato dall&#8217;Associazione Culturale Attivamente <\/p>\n","protected":false},"author":10,"featured_media":0,"comment_status":"open","ping_status":"open","sticky":false,"template":"","format":"standard","meta":{"footnotes":""},"categories":[21],"tags":[27164,1728],"acf":[],"yoast_head":"<!-- This site is optimized with the Yoast SEO plugin v20.1 - https:\/\/yoast.com\/wordpress\/plugins\/seo\/ -->\n<title>&quot;Il Colore, metafora della vita&quot; al Cfm<\/title>\n<meta name=\"description\" content=\"Lo spettacolo - conferenza si terr\u00e0 venerd\u00ec 8 ottobre alla scuola di musica ed \u00e8 organizzato dall&#039;Associazione Culturale Attivamente\" \/>\n<meta name=\"robots\" content=\"noindex, follow, max-snippet:-1, max-image-preview:large, max-video-preview:-1\" \/>\n<meta property=\"og:locale\" content=\"it_IT\" \/>\n<meta property=\"og:type\" content=\"article\" \/>\n<meta property=\"og:title\" content=\"&quot;Il Colore, metafora della vita&quot; al Cfm\" \/>\n<meta property=\"og:description\" content=\"Lo spettacolo - conferenza si terr\u00e0 venerd\u00ec 8 ottobre alla scuola di musica ed \u00e8 organizzato dall&#039;Associazione Culturale Attivamente\" \/>\n<meta property=\"og:url\" content=\"https:\/\/staging.varesenews.it\/2010\/10\/il-colore-metafora-della-vita-al-cfm\/137225\/\" \/>\n<meta property=\"og:site_name\" content=\"VareseNews\" \/>\n<meta property=\"article:publisher\" content=\"https:\/\/www.facebook.com\/varesenews\" \/>\n<meta property=\"article:published_time\" content=\"2010-10-06T00:00:00+00:00\" \/>\n<meta name=\"author\" content=\"Redazione VareseNews\" \/>\n<meta name=\"twitter:card\" content=\"summary_large_image\" \/>\n<meta name=\"twitter:creator\" content=\"@varesenews\" \/>\n<meta name=\"twitter:site\" content=\"@varesenews\" \/>\n<meta name=\"twitter:label1\" content=\"Scritto da\" \/>\n\t<meta name=\"twitter:data1\" content=\"Redazione VareseNews\" \/>\n\t<meta name=\"twitter:label2\" content=\"Tempo di lettura stimato\" \/>\n\t<meta name=\"twitter:data2\" content=\"2 minuti\" \/>\n<script type=\"application\/ld+json\" class=\"yoast-schema-graph\">{\"@context\":\"https:\/\/schema.org\",\"@graph\":[{\"@type\":\"WebPage\",\"@id\":\"https:\/\/staging.varesenews.it\/2010\/10\/il-colore-metafora-della-vita-al-cfm\/137225\/\",\"url\":\"https:\/\/staging.varesenews.it\/2010\/10\/il-colore-metafora-della-vita-al-cfm\/137225\/\",\"name\":\"\\\"Il Colore, metafora della vita\\\" al Cfm\",\"isPartOf\":{\"@id\":\"https:\/\/staging.varesenews.it\/#website\"},\"datePublished\":\"2010-10-06T00:00:00+00:00\",\"dateModified\":\"2010-10-06T00:00:00+00:00\",\"author\":{\"@id\":\"https:\/\/staging.varesenews.it\/#\/schema\/person\/fb20c4da0b7b16c291707a20db73e169\"},\"description\":\"Lo spettacolo - conferenza si terr\u00e0 venerd\u00ec 8 ottobre alla scuola di musica ed \u00e8 organizzato dall'Associazione Culturale Attivamente\",\"breadcrumb\":{\"@id\":\"https:\/\/staging.varesenews.it\/2010\/10\/il-colore-metafora-della-vita-al-cfm\/137225\/#breadcrumb\"},\"inLanguage\":\"it-IT\",\"potentialAction\":[{\"@type\":\"ReadAction\",\"target\":[\"https:\/\/staging.varesenews.it\/2010\/10\/il-colore-metafora-della-vita-al-cfm\/137225\/\"]}]},{\"@type\":\"BreadcrumbList\",\"@id\":\"https:\/\/staging.varesenews.it\/2010\/10\/il-colore-metafora-della-vita-al-cfm\/137225\/#breadcrumb\",\"itemListElement\":[{\"@type\":\"ListItem\",\"position\":1,\"name\":\"Home\",\"item\":\"https:\/\/www.varesenews.it\/\"},{\"@type\":\"ListItem\",\"position\":2,\"name\":\"&#8220;Il Colore, metafora della vita&#8221; al Cfm\"}]},{\"@type\":\"WebSite\",\"@id\":\"https:\/\/staging.varesenews.it\/#website\",\"url\":\"https:\/\/staging.varesenews.it\/\",\"name\":\"VareseNews\",\"description\":\"\",\"potentialAction\":[{\"@type\":\"SearchAction\",\"target\":{\"@type\":\"EntryPoint\",\"urlTemplate\":\"https:\/\/staging.varesenews.it\/?s={search_term_string}\"},\"query-input\":\"required name=search_term_string\"}],\"inLanguage\":\"it-IT\"},{\"@type\":\"Person\",\"@id\":\"https:\/\/staging.varesenews.it\/#\/schema\/person\/fb20c4da0b7b16c291707a20db73e169\",\"name\":\"Redazione VareseNews\",\"image\":{\"@type\":\"ImageObject\",\"inLanguage\":\"it-IT\",\"@id\":\"https:\/\/staging.varesenews.it\/#\/schema\/person\/image\/\",\"url\":\"https:\/\/staging.varesenews.it\/wp-content\/uploads\/2020\/12\/logo_VN_colori_500.png\",\"contentUrl\":\"https:\/\/staging.varesenews.it\/wp-content\/uploads\/2020\/12\/logo_VN_colori_500.png\",\"caption\":\"Redazione VareseNews\"},\"url\":\"https:\/\/staging.varesenews.it\/persona\/redazione1\/\"}]}<\/script>\n<!-- \/ Yoast SEO plugin. -->","yoast_head_json":{"title":"\"Il Colore, metafora della vita\" al Cfm","description":"Lo spettacolo - conferenza si terr\u00e0 venerd\u00ec 8 ottobre alla scuola di musica ed \u00e8 organizzato dall'Associazione Culturale Attivamente","robots":{"index":"noindex","follow":"follow","max-snippet":"max-snippet:-1","max-image-preview":"max-image-preview:large","max-video-preview":"max-video-preview:-1"},"og_locale":"it_IT","og_type":"article","og_title":"\"Il Colore, metafora della vita\" al Cfm","og_description":"Lo spettacolo - conferenza si terr\u00e0 venerd\u00ec 8 ottobre alla scuola di musica ed \u00e8 organizzato dall'Associazione Culturale Attivamente","og_url":"https:\/\/staging.varesenews.it\/2010\/10\/il-colore-metafora-della-vita-al-cfm\/137225\/","og_site_name":"VareseNews","article_publisher":"https:\/\/www.facebook.com\/varesenews","article_published_time":"2010-10-06T00:00:00+00:00","author":"Redazione VareseNews","twitter_card":"summary_large_image","twitter_creator":"@varesenews","twitter_site":"@varesenews","twitter_misc":{"Scritto da":"Redazione VareseNews","Tempo di lettura stimato":"2 minuti"},"schema":{"@context":"https:\/\/schema.org","@graph":[{"@type":"WebPage","@id":"https:\/\/staging.varesenews.it\/2010\/10\/il-colore-metafora-della-vita-al-cfm\/137225\/","url":"https:\/\/staging.varesenews.it\/2010\/10\/il-colore-metafora-della-vita-al-cfm\/137225\/","name":"\"Il Colore, metafora della vita\" al Cfm","isPartOf":{"@id":"https:\/\/staging.varesenews.it\/#website"},"datePublished":"2010-10-06T00:00:00+00:00","dateModified":"2010-10-06T00:00:00+00:00","author":{"@id":"https:\/\/staging.varesenews.it\/#\/schema\/person\/fb20c4da0b7b16c291707a20db73e169"},"description":"Lo spettacolo - conferenza si terr\u00e0 venerd\u00ec 8 ottobre alla scuola di musica ed \u00e8 organizzato dall'Associazione Culturale Attivamente","breadcrumb":{"@id":"https:\/\/staging.varesenews.it\/2010\/10\/il-colore-metafora-della-vita-al-cfm\/137225\/#breadcrumb"},"inLanguage":"it-IT","potentialAction":[{"@type":"ReadAction","target":["https:\/\/staging.varesenews.it\/2010\/10\/il-colore-metafora-della-vita-al-cfm\/137225\/"]}]},{"@type":"BreadcrumbList","@id":"https:\/\/staging.varesenews.it\/2010\/10\/il-colore-metafora-della-vita-al-cfm\/137225\/#breadcrumb","itemListElement":[{"@type":"ListItem","position":1,"name":"Home","item":"https:\/\/www.varesenews.it\/"},{"@type":"ListItem","position":2,"name":"&#8220;Il Colore, metafora della vita&#8221; al Cfm"}]},{"@type":"WebSite","@id":"https:\/\/staging.varesenews.it\/#website","url":"https:\/\/staging.varesenews.it\/","name":"VareseNews","description":"","potentialAction":[{"@type":"SearchAction","target":{"@type":"EntryPoint","urlTemplate":"https:\/\/staging.varesenews.it\/?s={search_term_string}"},"query-input":"required name=search_term_string"}],"inLanguage":"it-IT"},{"@type":"Person","@id":"https:\/\/staging.varesenews.it\/#\/schema\/person\/fb20c4da0b7b16c291707a20db73e169","name":"Redazione VareseNews","image":{"@type":"ImageObject","inLanguage":"it-IT","@id":"https:\/\/staging.varesenews.it\/#\/schema\/person\/image\/","url":"https:\/\/staging.varesenews.it\/wp-content\/uploads\/2020\/12\/logo_VN_colori_500.png","contentUrl":"https:\/\/staging.varesenews.it\/wp-content\/uploads\/2020\/12\/logo_VN_colori_500.png","caption":"Redazione VareseNews"},"url":"https:\/\/staging.varesenews.it\/persona\/redazione1\/"}]}},"post_meta":{"id_old":"184161","argomento":"Barasso"},"photos":[],"_links":{"self":[{"href":"https:\/\/staging.varesenews.it\/swgapi\/v1\/wp\/v2\/posts\/137225"}],"collection":[{"href":"https:\/\/staging.varesenews.it\/swgapi\/v1\/wp\/v2\/posts"}],"about":[{"href":"https:\/\/staging.varesenews.it\/swgapi\/v1\/wp\/v2\/types\/post"}],"author":[{"embeddable":true,"href":"https:\/\/staging.varesenews.it\/swgapi\/v1\/wp\/v2\/users\/10"}],"replies":[{"embeddable":true,"href":"https:\/\/staging.varesenews.it\/swgapi\/v1\/wp\/v2\/comments?post=137225"}],"version-history":[{"count":0,"href":"https:\/\/staging.varesenews.it\/swgapi\/v1\/wp\/v2\/posts\/137225\/revisions"}],"wp:attachment":[{"href":"https:\/\/staging.varesenews.it\/swgapi\/v1\/wp\/v2\/media?parent=137225"}],"wp:term":[{"taxonomy":"category","embeddable":true,"href":"https:\/\/staging.varesenews.it\/swgapi\/v1\/wp\/v2\/categories?post=137225"},{"taxonomy":"post_tag","embeddable":true,"href":"https:\/\/staging.varesenews.it\/swgapi\/v1\/wp\/v2\/tags?post=137225"}],"curies":[{"name":"wp","href":"https:\/\/api.w.org\/{rel}","templated":true}]}}