{"id":1372747,"date":"2021-08-28T11:00:58","date_gmt":"2021-08-28T09:00:58","guid":{"rendered":"https:\/\/www.varesenews.it\/?p=1372747"},"modified":"2021-08-28T12:47:45","modified_gmt":"2021-08-28T10:47:45","slug":"arriva-sesto-candidato-sindaco-busto-arsizio-laura-bignami","status":"publish","type":"post","link":"https:\/\/staging.varesenews.it\/2021\/08\/arriva-sesto-candidato-sindaco-busto-arsizio-laura-bignami\/1372747\/","title":{"rendered":"Arriva il sesto candidato sindaco di Busto Arsizio, \u00e8 Laura Bignami"},"content":{"rendered":"<p><strong>Laura Bignami<\/strong> \u00e8 la <strong>sesta candidata sindaco alle prossime amministrative di Busto Arsizio<\/strong>, correr\u00e0 con il <strong>Movimento Per Busto<\/strong>. Residente a Borsano, sposata con l&#8217;ex-consigliere comunale Giampaolo Sablich e senatrice per 5 anni dal 2013 al 2018 (eletta coi 5 Stelle ma poi uscita dopo un anno) ha partecipato con il suo Movimento Per alle Comunali del 2016 a Busto e a Legnano nel 2017, senza mai essere riuscita a farsi eleggere come consigliere.<\/p>\n<p>Questa volta<strong> ci prover\u00e0 da candidata sindaco, sulla scia delle iniziative dei mesi scorsi per promuovere un progetto che potesse portare ad un cambio radicale nell&#8217;amministrazione<\/strong> comunale con l&#8217;hashtag <strong>#cambiosindaco<\/strong> e una serie di colloqui con i rappresentanti del Pd e dei 5 Stelle.<\/p>\n<p>Quando, finalmente, il centrosinistra si \u00e8 unito sotto il nome di Maggioni, per\u00f2, ha proposto una lista di appoggio che, per\u00f2, non ha trovato sponde nella coalizione del Patto per il Cambiamento. Ora ecco l&#8217;annuncio della formazione della lista che, come sempre pi\u00f9 spesso accade nell&#8217;era dei social, \u00e8 stato postato sulla pagina Facebook personale.<\/p>\n<p><strong>I punti principali portati avanti dalla lista<\/strong> vanno nella stessa direzione di quelli del patto per il Cambiamento ma &#8211; dicono &#8211; affrontano i problemi in maniera pi\u00f9 decisa: \u00abBasta con l&#8217;inceneritore e con una Borsano a vocazione rifiuti e no al nuovo ospedale unico Busto-Gallarate\u00bb. Il gruppo, comunque, mette in chiaro subito un concetto: \u00abNon siamo in contrapposizione con il Patto per il Cambiamento di Pd, 5 Stelle e Verdi. I nostri avversari sono le forze del centrodestra\u00bb.\u00a0 I capilista saranno Giampaolo Sablich e Paola Caccia per una lista che dar\u00e0 composta al 50% da donne.<\/p>\n<p>Ad Emanuele Antonelli, Gigi Farioli, Gianluca Castiglioni, Maurizio Maggioni e Chiara Guzzo si aggiunge, dunque, anche l&#8217;ex-senatrice.<\/p>\n","protected":false},"excerpt":{"rendered":"<p>L&#8217;ex-senatrice ha deciso di correre autonomamente con il suo Movimento Per Busto<\/p>\n","protected":false},"author":47,"featured_media":0,"comment_status":"open","ping_status":"open","sticky":false,"template":"","format":"standard","meta":{"footnotes":""},"categories":[4,16],"tags":[103357,109465,57998],"acf":[],"yoast_head":"<!-- This site is optimized with the Yoast SEO plugin v20.1 - https:\/\/yoast.com\/wordpress\/plugins\/seo\/ -->\n<title>Arriva il sesto candidato sindaco di Busto Arsizio, \u00e8 Laura Bignami<\/title>\n<meta name=\"description\" content=\"L&#039;ex-senatrice ha deciso di correre autonomamente con il suo Movimento Per Busto\" \/>\n<meta name=\"robots\" content=\"noindex, follow, max-snippet:-1, max-image-preview:large, max-video-preview:-1\" \/>\n<meta property=\"og:locale\" content=\"it_IT\" \/>\n<meta property=\"og:type\" content=\"article\" \/>\n<meta property=\"og:title\" content=\"Arriva il sesto candidato sindaco di Busto Arsizio, \u00e8 Laura Bignami\" \/>\n<meta property=\"og:description\" content=\"L&#039;ex-senatrice ha deciso di correre autonomamente con il suo Movimento Per Busto\" \/>\n<meta property=\"og:url\" content=\"https:\/\/staging.varesenews.it\/2021\/08\/arriva-sesto-candidato-sindaco-busto-arsizio-laura-bignami\/1372747\/\" \/>\n<meta property=\"og:site_name\" content=\"VareseNews\" \/>\n<meta property=\"article:publisher\" content=\"https:\/\/www.facebook.com\/varesenews\" \/>\n<meta property=\"article:published_time\" content=\"2021-08-28T09:00:58+00:00\" \/>\n<meta property=\"article:modified_time\" content=\"2021-08-28T10:47:45+00:00\" \/>\n<meta name=\"author\" content=\"Orlando Mastrillo\" \/>\n<meta name=\"twitter:card\" content=\"summary_large_image\" \/>\n<meta name=\"twitter:creator\" content=\"@nando_mastrillo\" \/>\n<meta name=\"twitter:site\" content=\"@varesenews\" \/>\n<meta name=\"twitter:label1\" content=\"Scritto da\" \/>\n\t<meta name=\"twitter:data1\" content=\"Orlando Mastrillo\" \/>\n\t<meta name=\"twitter:label2\" content=\"Tempo di lettura stimato\" \/>\n\t<meta name=\"twitter:data2\" content=\"1 minuto\" \/>\n<script type=\"application\/ld+json\" class=\"yoast-schema-graph\">{\"@context\":\"https:\/\/schema.org\",\"@graph\":[{\"@type\":\"WebPage\",\"@id\":\"https:\/\/staging.varesenews.it\/2021\/08\/arriva-sesto-candidato-sindaco-busto-arsizio-laura-bignami\/1372747\/\",\"url\":\"https:\/\/staging.varesenews.it\/2021\/08\/arriva-sesto-candidato-sindaco-busto-arsizio-laura-bignami\/1372747\/\",\"name\":\"Arriva il sesto candidato sindaco di Busto Arsizio, \u00e8 Laura Bignami\",\"isPartOf\":{\"@id\":\"https:\/\/staging.varesenews.it\/#website\"},\"datePublished\":\"2021-08-28T09:00:58+00:00\",\"dateModified\":\"2021-08-28T10:47:45+00:00\",\"author\":{\"@id\":\"https:\/\/staging.varesenews.it\/#\/schema\/person\/14c47ccce537a9058dddce296f10b296\"},\"description\":\"L'ex-senatrice ha deciso di correre autonomamente con il suo Movimento Per Busto\",\"breadcrumb\":{\"@id\":\"https:\/\/staging.varesenews.it\/2021\/08\/arriva-sesto-candidato-sindaco-busto-arsizio-laura-bignami\/1372747\/#breadcrumb\"},\"inLanguage\":\"it-IT\",\"potentialAction\":[{\"@type\":\"ReadAction\",\"target\":[\"https:\/\/staging.varesenews.it\/2021\/08\/arriva-sesto-candidato-sindaco-busto-arsizio-laura-bignami\/1372747\/\"]}]},{\"@type\":\"BreadcrumbList\",\"@id\":\"https:\/\/staging.varesenews.it\/2021\/08\/arriva-sesto-candidato-sindaco-busto-arsizio-laura-bignami\/1372747\/#breadcrumb\",\"itemListElement\":[{\"@type\":\"ListItem\",\"position\":1,\"name\":\"Home\",\"item\":\"https:\/\/www.varesenews.it\/\"},{\"@type\":\"ListItem\",\"position\":2,\"name\":\"Arriva il sesto candidato sindaco di Busto Arsizio, \u00e8 Laura Bignami\"}]},{\"@type\":\"WebSite\",\"@id\":\"https:\/\/staging.varesenews.it\/#website\",\"url\":\"https:\/\/staging.varesenews.it\/\",\"name\":\"VareseNews\",\"description\":\"\",\"potentialAction\":[{\"@type\":\"SearchAction\",\"target\":{\"@type\":\"EntryPoint\",\"urlTemplate\":\"https:\/\/staging.varesenews.it\/?s={search_term_string}\"},\"query-input\":\"required name=search_term_string\"}],\"inLanguage\":\"it-IT\"},{\"@type\":\"Person\",\"@id\":\"https:\/\/staging.varesenews.it\/#\/schema\/person\/14c47ccce537a9058dddce296f10b296\",\"name\":\"Orlando Mastrillo\",\"image\":{\"@type\":\"ImageObject\",\"inLanguage\":\"it-IT\",\"@id\":\"https:\/\/staging.varesenews.it\/#\/schema\/person\/image\/\",\"url\":\"https:\/\/staging.varesenews.it\/wp-content\/uploads\/2020\/12\/orlando_mastrillo_colori_500.jpg\",\"contentUrl\":\"https:\/\/staging.varesenews.it\/wp-content\/uploads\/2020\/12\/orlando_mastrillo_colori_500.jpg\",\"caption\":\"Orlando Mastrillo\"},\"description\":\"Nasco a Luino nel 1981, ho iniziato questo lavoro nell'estate del 2003 nella redazione de Il Giorno di Varese e dall'anno successivo ho intrapreso la collaborazione con VareseNews. Dopo anni nell'Alto Varesotto mi sono trasferito a Busto Arsizio nel 2007, territorio che ho iniziato a seguire e che seguo tutt'oggi. Nel 2013 sono diventato giornalista professionista. Mi occupo di cronaca politica, giudiziaria e nera in una vasta area che comprende anche parte della Valle Olona e il Legnanese. Sono sposato con Valeria Arini e ho due splendide figlie.\",\"sameAs\":[\"or_ma\",\"https:\/\/twitter.com\/nando_mastrillo\"],\"url\":\"https:\/\/staging.varesenews.it\/persona\/orlando-mastrillo1\/\"}]}<\/script>\n<!-- \/ Yoast SEO plugin. -->","yoast_head_json":{"title":"Arriva il sesto candidato sindaco di Busto Arsizio, \u00e8 Laura Bignami","description":"L'ex-senatrice ha deciso di correre autonomamente con il suo Movimento Per Busto","robots":{"index":"noindex","follow":"follow","max-snippet":"max-snippet:-1","max-image-preview":"max-image-preview:large","max-video-preview":"max-video-preview:-1"},"og_locale":"it_IT","og_type":"article","og_title":"Arriva il sesto candidato sindaco di Busto Arsizio, \u00e8 Laura Bignami","og_description":"L'ex-senatrice ha deciso di correre autonomamente con il suo Movimento Per Busto","og_url":"https:\/\/staging.varesenews.it\/2021\/08\/arriva-sesto-candidato-sindaco-busto-arsizio-laura-bignami\/1372747\/","og_site_name":"VareseNews","article_publisher":"https:\/\/www.facebook.com\/varesenews","article_published_time":"2021-08-28T09:00:58+00:00","article_modified_time":"2021-08-28T10:47:45+00:00","author":"Orlando Mastrillo","twitter_card":"summary_large_image","twitter_creator":"@nando_mastrillo","twitter_site":"@varesenews","twitter_misc":{"Scritto da":"Orlando Mastrillo","Tempo di lettura stimato":"1 minuto"},"schema":{"@context":"https:\/\/schema.org","@graph":[{"@type":"WebPage","@id":"https:\/\/staging.varesenews.it\/2021\/08\/arriva-sesto-candidato-sindaco-busto-arsizio-laura-bignami\/1372747\/","url":"https:\/\/staging.varesenews.it\/2021\/08\/arriva-sesto-candidato-sindaco-busto-arsizio-laura-bignami\/1372747\/","name":"Arriva il sesto candidato sindaco di Busto Arsizio, \u00e8 Laura Bignami","isPartOf":{"@id":"https:\/\/staging.varesenews.it\/#website"},"datePublished":"2021-08-28T09:00:58+00:00","dateModified":"2021-08-28T10:47:45+00:00","author":{"@id":"https:\/\/staging.varesenews.it\/#\/schema\/person\/14c47ccce537a9058dddce296f10b296"},"description":"L'ex-senatrice ha deciso di correre autonomamente con il suo Movimento Per Busto","breadcrumb":{"@id":"https:\/\/staging.varesenews.it\/2021\/08\/arriva-sesto-candidato-sindaco-busto-arsizio-laura-bignami\/1372747\/#breadcrumb"},"inLanguage":"it-IT","potentialAction":[{"@type":"ReadAction","target":["https:\/\/staging.varesenews.it\/2021\/08\/arriva-sesto-candidato-sindaco-busto-arsizio-laura-bignami\/1372747\/"]}]},{"@type":"BreadcrumbList","@id":"https:\/\/staging.varesenews.it\/2021\/08\/arriva-sesto-candidato-sindaco-busto-arsizio-laura-bignami\/1372747\/#breadcrumb","itemListElement":[{"@type":"ListItem","position":1,"name":"Home","item":"https:\/\/www.varesenews.it\/"},{"@type":"ListItem","position":2,"name":"Arriva il sesto candidato sindaco di Busto Arsizio, \u00e8 Laura Bignami"}]},{"@type":"WebSite","@id":"https:\/\/staging.varesenews.it\/#website","url":"https:\/\/staging.varesenews.it\/","name":"VareseNews","description":"","potentialAction":[{"@type":"SearchAction","target":{"@type":"EntryPoint","urlTemplate":"https:\/\/staging.varesenews.it\/?s={search_term_string}"},"query-input":"required name=search_term_string"}],"inLanguage":"it-IT"},{"@type":"Person","@id":"https:\/\/staging.varesenews.it\/#\/schema\/person\/14c47ccce537a9058dddce296f10b296","name":"Orlando Mastrillo","image":{"@type":"ImageObject","inLanguage":"it-IT","@id":"https:\/\/staging.varesenews.it\/#\/schema\/person\/image\/","url":"https:\/\/staging.varesenews.it\/wp-content\/uploads\/2020\/12\/orlando_mastrillo_colori_500.jpg","contentUrl":"https:\/\/staging.varesenews.it\/wp-content\/uploads\/2020\/12\/orlando_mastrillo_colori_500.jpg","caption":"Orlando Mastrillo"},"description":"Nasco a Luino nel 1981, ho iniziato questo lavoro nell'estate del 2003 nella redazione de Il Giorno di Varese e dall'anno successivo ho intrapreso la collaborazione con VareseNews. Dopo anni nell'Alto Varesotto mi sono trasferito a Busto Arsizio nel 2007, territorio che ho iniziato a seguire e che seguo tutt'oggi. Nel 2013 sono diventato giornalista professionista. Mi occupo di cronaca politica, giudiziaria e nera in una vasta area che comprende anche parte della Valle Olona e il Legnanese. Sono sposato con Valeria Arini e ho due splendide figlie.","sameAs":["or_ma","https:\/\/twitter.com\/nando_mastrillo"],"url":"https:\/\/staging.varesenews.it\/persona\/orlando-mastrillo1\/"}]}},"post_meta":{"_edit_lock":"1630147587:47","_edit_last":"47","_category_permalink":"a:1:{s:8:\"category\";s:0:\"\";}","_encloseme":"1","ratings_users":"0","ratings_score":"0","ratings_average":"0","foto":"1242749","firma_come_redazione":"1","argomento":"Busto Arsizio","_yoast_wpseo_focuskw_text_input":"laura bignami","_yoast_wpseo_focuskw":"laura bignami","_yoast_wpseo_linkdex":"68","_yoast_wpseo_content_score":"30","_jd_tweet_this":"yes","_wpt_short_url":"https:\/\/www.varesenews.it\/2021\/08\/arriva-sesto-candidato-sindaco-busto-arsizio-laura-bignami\/1372747\/","_wp_jd_target":"https:\/\/www.varesenews.it\/2021\/08\/arriva-sesto-candidato-sindaco-busto-arsizio-laura-bignami\/1372747\/","_jd_wp_twitter":"a:1:{i:0;s:171:\"Arriva il sesto candidato sindaco di Busto Arsizio, \u00e8 Laura Bignami https:\/\/www.varesenews.it\/2021\/08\/arriva-sesto-candidato-sindaco-busto-arsizio-laura-bignami\/1372747\/ \";}","_wpt_status_message":"Tweet inviato con successo.","_oembed_cf18798fbe8a4db97049319a1d840d8a":"<blockquote class=\"wp-embedded-content\" data-secret=\"HwkDMTuKQc\"><a href=\"https:\/\/www.varesenews.it\/2021\/04\/maga-gallarate-impressionisti\/1334155\/\">Tutto quel che c&#8217;\u00e8 da sapere sulla mostra degli Impressionisti al museo Maga di Gallarate<\/a><\/blockquote><iframe class=\"wp-embedded-content\" sandbox=\"allow-scripts\" security=\"restricted\" style=\"position: absolute; clip: rect(1px, 1px, 1px, 1px);\" src=\"https:\/\/www.varesenews.it\/2021\/04\/maga-gallarate-impressionisti\/1334155\/embed\/#?secret=HwkDMTuKQc\" data-secret=\"HwkDMTuKQc\" width=\"500\" height=\"282\" title=\"&#8220;Tutto quel che c&#8217;\u00e8 da sapere sulla mostra degli Impressionisti al museo Maga di Gallarate&#8221; &#8212; VareseNews\" frameborder=\"0\" marginwidth=\"0\" marginheight=\"0\" scrolling=\"no\"><\/iframe>","_oembed_time_cf18798fbe8a4db97049319a1d840d8a":"1630141321","_oembed_305bc71b4f776c58a57c00b3d1e53912":"<blockquote class=\"wp-embedded-content\" data-secret=\"3X3XkpuCGj\"><a href=\"https:\/\/www.varesenews.it\/2021\/07\/addio-lorenzo-scandroglio-si-spegne-vita-montagna-cultura\/1361516\/\">Addio a Lorenzo Scandroglio. Si spegne una vita tra montagna e cultura<\/a><\/blockquote><iframe class=\"wp-embedded-content\" sandbox=\"allow-scripts\" security=\"restricted\" style=\"position: absolute; clip: rect(1px, 1px, 1px, 1px);\" src=\"https:\/\/www.varesenews.it\/2021\/07\/addio-lorenzo-scandroglio-si-spegne-vita-montagna-cultura\/1361516\/embed\/#?secret=3X3XkpuCGj\" data-secret=\"3X3XkpuCGj\" width=\"500\" height=\"282\" title=\"&#8220;Addio a Lorenzo Scandroglio. Si spegne una vita tra montagna e cultura&#8221; &#8212; VareseNews\" frameborder=\"0\" marginwidth=\"0\" marginheight=\"0\" scrolling=\"no\"><\/iframe>","_oembed_time_305bc71b4f776c58a57c00b3d1e53912":"1630141322","_oembed_b4c8dbaf216890cea97f30e5f5669ff0":"<blockquote class=\"wp-embedded-content\" data-secret=\"S6U9MqobpY\"><a href=\"https:\/\/www.varesenews.it\/2021\/07\/via-milano-piu-sicura-si-completa-lintervento-sul-viale-cavaria-jerago-orago\/1366399\/\">Via Milano pi\u00f9 sicura, si completa l&#8217;intervento sul viale tra Cavaria e Jerago con Orago<\/a><\/blockquote><iframe class=\"wp-embedded-content\" sandbox=\"allow-scripts\" security=\"restricted\" style=\"position: absolute; clip: rect(1px, 1px, 1px, 1px);\" src=\"https:\/\/www.varesenews.it\/2021\/07\/via-milano-piu-sicura-si-completa-lintervento-sul-viale-cavaria-jerago-orago\/1366399\/embed\/#?secret=S6U9MqobpY\" data-secret=\"S6U9MqobpY\" width=\"500\" height=\"282\" title=\"&#8220;Via Milano pi\u00f9 sicura, si completa l&#8217;intervento sul viale tra Cavaria e Jerago con Orago&#8221; &#8212; VareseNews\" frameborder=\"0\" marginwidth=\"0\" marginheight=\"0\" scrolling=\"no\"><\/iframe>","_oembed_time_b4c8dbaf216890cea97f30e5f5669ff0":"1630141322","_oembed_dde12efab9723b8b3cb49d7d5676e568":"<blockquote class=\"wp-embedded-content\" data-secret=\"AIofq9lIXT\"><a href=\"https:\/\/www.varesenews.it\/2021\/08\/lagguato-gallarate-carina-la-riempie-botte\/1371393\/\">L&#8217;agguato di Gallarate: &#8220;Come sei carina&#8221;. E la riempie di botte<\/a><\/blockquote><iframe class=\"wp-embedded-content\" sandbox=\"allow-scripts\" security=\"restricted\" style=\"position: absolute; clip: rect(1px, 1px, 1px, 1px);\" src=\"https:\/\/www.varesenews.it\/2021\/08\/lagguato-gallarate-carina-la-riempie-botte\/1371393\/embed\/#?secret=AIofq9lIXT\" data-secret=\"AIofq9lIXT\" width=\"500\" height=\"282\" title=\"&#8220;L&#8217;agguato di Gallarate: &#8220;Come sei carina&#8221;. E la riempie di botte&#8221; &#8212; VareseNews\" frameborder=\"0\" marginwidth=\"0\" marginheight=\"0\" scrolling=\"no\"><\/iframe>","_oembed_time_dde12efab9723b8b3cb49d7d5676e568":"1630141322","_oembed_93f36e6a96e84a621913f1c3c823461f":"<blockquote class=\"wp-embedded-content\" data-secret=\"YP4mw0Vjmb\"><a href=\"https:\/\/www.legnanonews.com\/lettera\/domande-ammesse-ma-non-finanziate-proteste-nel-legnanese-per-la-dote-scuola-di-regione-lombardia\/\">Domande ammesse ma non finanziate, proteste nel Legnanese per la dote scuola di Regione Lombardia<\/a><\/blockquote><iframe class=\"wp-embedded-content\" sandbox=\"allow-scripts\" security=\"restricted\" style=\"position: absolute; clip: rect(1px, 1px, 1px, 1px);\" src=\"https:\/\/www.legnanonews.com\/lettera\/domande-ammesse-ma-non-finanziate-proteste-nel-legnanese-per-la-dote-scuola-di-regione-lombardia\/embed\/#?secret=YP4mw0Vjmb\" data-secret=\"YP4mw0Vjmb\" width=\"500\" height=\"282\" title=\"&#8220;Domande ammesse ma non finanziate, proteste nel Legnanese per la dote scuola di Regione Lombardia&#8221; &#8212; LegnanoNews\" frameborder=\"0\" marginwidth=\"0\" marginheight=\"0\" scrolling=\"no\"><\/iframe>","_oembed_time_93f36e6a96e84a621913f1c3c823461f":"1630141325","_oembed_529b16a1fda6f6e9fbeb66d0e301f629":"<blockquote class=\"wp-embedded-content\" data-secret=\"kqYN49w8Ec\"><a href=\"https:\/\/www.varesenews.it\/2020\/12\/remench-transumanza-pastori-lombardi-lavoro-fotografico-carlo-meazza\/1288958\/\">A &#8220;rem\u00e8nch&#8221;, in transumanza con i pastori lombardi: il nuovo lavoro fotografico di Carlo Meazza<\/a><\/blockquote><iframe class=\"wp-embedded-content\" sandbox=\"allow-scripts\" security=\"restricted\" style=\"position: absolute; clip: rect(1px, 1px, 1px, 1px);\" src=\"https:\/\/www.varesenews.it\/2020\/12\/remench-transumanza-pastori-lombardi-lavoro-fotografico-carlo-meazza\/1288958\/embed\/#?secret=kqYN49w8Ec\" data-secret=\"kqYN49w8Ec\" width=\"500\" height=\"282\" title=\"&#8220;A &#8220;rem\u00e8nch&#8221;, in transumanza con i pastori lombardi: il nuovo lavoro fotografico di Carlo Meazza&#8221; &#8212; VareseNews\" frameborder=\"0\" marginwidth=\"0\" marginheight=\"0\" scrolling=\"no\"><\/iframe>","_oembed_time_529b16a1fda6f6e9fbeb66d0e301f629":"1630141343","_oembed_0b70391536f4f00d26b23a47826287e3":"<blockquote class=\"wp-embedded-content\" data-secret=\"sp0RGzZvZh\"><a href=\"https:\/\/www.varesenews.it\/2021\/08\/profughi-afghani-la-provincia-si-mobilita-partendo-dagli-atleti-dello-sci\/1371901\/\">Profughi afghani, la provincia si mobilita partendo dagli atleti dello sci<\/a><\/blockquote><iframe class=\"wp-embedded-content\" sandbox=\"allow-scripts\" security=\"restricted\" style=\"position: absolute; clip: rect(1px, 1px, 1px, 1px);\" src=\"https:\/\/www.varesenews.it\/2021\/08\/profughi-afghani-la-provincia-si-mobilita-partendo-dagli-atleti-dello-sci\/1371901\/embed\/#?secret=sp0RGzZvZh\" data-secret=\"sp0RGzZvZh\" width=\"500\" height=\"282\" title=\"&#8220;Profughi afghani, la provincia si mobilita partendo dagli atleti dello sci&#8221; &#8212; VareseNews\" frameborder=\"0\" marginwidth=\"0\" marginheight=\"0\" scrolling=\"no\"><\/iframe>","_oembed_time_0b70391536f4f00d26b23a47826287e3":"1630141343","_oembed_8726ffa5baa0411564f39308330d4c48":"<blockquote class=\"wp-embedded-content\" data-secret=\"vgmcgp8LOf\"><a href=\"https:\/\/www.varesenews.it\/2021\/08\/groenlandia-lisola-felice-matteo-della-bordella\/1371859\/\">Terminata con successo la spedizione in Groenlandia, &#8220;l&#8217;isola felice&#8221; di Matteo Della Bordella<\/a><\/blockquote><iframe class=\"wp-embedded-content\" sandbox=\"allow-scripts\" security=\"restricted\" style=\"position: absolute; clip: rect(1px, 1px, 1px, 1px);\" src=\"https:\/\/www.varesenews.it\/2021\/08\/groenlandia-lisola-felice-matteo-della-bordella\/1371859\/embed\/#?secret=vgmcgp8LOf\" data-secret=\"vgmcgp8LOf\" width=\"500\" height=\"282\" title=\"&#8220;Terminata con successo la spedizione in Groenlandia, &#8220;l&#8217;isola felice&#8221; di Matteo Della Bordella&#8221; &#8212; VareseNews\" frameborder=\"0\" marginwidth=\"0\" marginheight=\"0\" scrolling=\"no\"><\/iframe>","_oembed_time_8726ffa5baa0411564f39308330d4c48":"1630141343","_oembed_bc5e39878e1eaf415d5c5379ef995e60":"<blockquote class=\"wp-embedded-content\" data-secret=\"6Bkqdi6gfP\"><a href=\"https:\/\/www.varesenews.it\/2021\/08\/della-bordella-la-siren-tower-cima-bellissima-esaltante-viaggio-kayak\/1371911\/\">Della Bordella: &#8220;La Siren Tower \u00e8 cima bellissima. Esaltante il viaggio in kayak&#8221;<\/a><\/blockquote><iframe class=\"wp-embedded-content\" sandbox=\"allow-scripts\" security=\"restricted\" style=\"position: absolute; clip: rect(1px, 1px, 1px, 1px);\" src=\"https:\/\/www.varesenews.it\/2021\/08\/della-bordella-la-siren-tower-cima-bellissima-esaltante-viaggio-kayak\/1371911\/embed\/#?secret=6Bkqdi6gfP\" data-secret=\"6Bkqdi6gfP\" width=\"500\" height=\"282\" title=\"&#8220;Della Bordella: &#8220;La Siren Tower \u00e8 cima bellissima. Esaltante il viaggio in kayak&#8221;&#8221; &#8212; VareseNews\" frameborder=\"0\" marginwidth=\"0\" marginheight=\"0\" scrolling=\"no\"><\/iframe>","_oembed_time_bc5e39878e1eaf415d5c5379ef995e60":"1630141344","_oembed_67e0885de054092587d4625b80f91699":"<blockquote class=\"wp-embedded-content\" data-secret=\"mwXwvm82VQ\"><a href=\"https:\/\/www.varesenews.it\/2009\/05\/la-fiat-si-e-salvata-perche-abbiamo-realizzato-il-cambiamento\/178472\/\">Marchionne: &#8220;La Fiat si \u00e8 salvata perch\u00e9 abbiamo realizzato il cambiamento&#8221;<\/a><\/blockquote><iframe class=\"wp-embedded-content\" sandbox=\"allow-scripts\" security=\"restricted\" style=\"position: absolute; clip: rect(1px, 1px, 1px, 1px);\" src=\"https:\/\/www.varesenews.it\/2009\/05\/la-fiat-si-e-salvata-perche-abbiamo-realizzato-il-cambiamento\/178472\/embed\/#?secret=mwXwvm82VQ\" data-secret=\"mwXwvm82VQ\" width=\"500\" height=\"282\" title=\"&#8220;Marchionne: &#8220;La Fiat si \u00e8 salvata perch\u00e9 abbiamo realizzato il cambiamento&#8221;&#8221; &#8212; VareseNews\" frameborder=\"0\" marginwidth=\"0\" marginheight=\"0\" scrolling=\"no\"><\/iframe>","_oembed_time_67e0885de054092587d4625b80f91699":"1630141343","_oembed_024560e866da052129dcb8f4b70bd324":"<blockquote class=\"wp-embedded-content\" data-secret=\"XTTpot17Qr\"><a href=\"https:\/\/www.varesenews.it\/2021\/03\/dal-pregresso-al-progresso-buon-manager-gestisce-cambiamento\/1312529\/\">Dal pregresso al progresso, il buon manager gestisce il cambiamento<\/a><\/blockquote><iframe class=\"wp-embedded-content\" sandbox=\"allow-scripts\" security=\"restricted\" style=\"position: absolute; clip: rect(1px, 1px, 1px, 1px);\" src=\"https:\/\/www.varesenews.it\/2021\/03\/dal-pregresso-al-progresso-buon-manager-gestisce-cambiamento\/1312529\/embed\/#?secret=XTTpot17Qr\" data-secret=\"XTTpot17Qr\" width=\"500\" height=\"282\" title=\"&#8220;Dal pregresso al progresso, il buon manager gestisce il cambiamento&#8221; &#8212; VareseNews\" frameborder=\"0\" marginwidth=\"0\" marginheight=\"0\" scrolling=\"no\"><\/iframe>","_oembed_time_024560e866da052129dcb8f4b70bd324":"1630141343","_oembed_681abfccdf7f94ccf5cdadb59ef6bbc2":"<blockquote class=\"wp-embedded-content\" data-secret=\"Ql6zyZaYWA\"><a href=\"https:\/\/www.varesenews.it\/2021\/08\/al-via-le-paralimpiadi-tokyo-nuove-emozioni-arrivo-litalia-la-provincia-varese\/1371540\/\">Al via le Paralimpiadi, da Tokyo nuove emozioni in arrivo per l\u2019Italia e la provincia di Varese<\/a><\/blockquote><iframe class=\"wp-embedded-content\" sandbox=\"allow-scripts\" security=\"restricted\" style=\"position: absolute; clip: rect(1px, 1px, 1px, 1px);\" src=\"https:\/\/www.varesenews.it\/2021\/08\/al-via-le-paralimpiadi-tokyo-nuove-emozioni-arrivo-litalia-la-provincia-varese\/1371540\/embed\/#?secret=Ql6zyZaYWA\" data-secret=\"Ql6zyZaYWA\" width=\"500\" height=\"282\" title=\"&#8220;Al via le Paralimpiadi, da Tokyo nuove emozioni in arrivo per l\u2019Italia e la provincia di Varese&#8221; &#8212; VareseNews\" frameborder=\"0\" marginwidth=\"0\" marginheight=\"0\" scrolling=\"no\"><\/iframe>","_oembed_time_681abfccdf7f94ccf5cdadb59ef6bbc2":"1630141343","_oembed_a3551cbdf52efd6a22bc8a9fc1020e9b":"<blockquote class=\"wp-embedded-content\" data-secret=\"z1suHO9H22\"><a href=\"https:\/\/www.varesenews.it\/2021\/08\/un-secolo-fa-nasceva-a-varese-la-federazione-scacchistica-italiana\/1372081\/\">Un secolo fa nasceva a Varese la Federazione scacchistica italiana<\/a><\/blockquote><iframe class=\"wp-embedded-content\" sandbox=\"allow-scripts\" security=\"restricted\" style=\"position: absolute; clip: rect(1px, 1px, 1px, 1px);\" src=\"https:\/\/www.varesenews.it\/2021\/08\/un-secolo-fa-nasceva-a-varese-la-federazione-scacchistica-italiana\/1372081\/embed\/#?secret=z1suHO9H22\" data-secret=\"z1suHO9H22\" width=\"500\" height=\"282\" title=\"&#8220;Un secolo fa nasceva a Varese la Federazione scacchistica italiana&#8221; &#8212; VareseNews\" frameborder=\"0\" marginwidth=\"0\" marginheight=\"0\" scrolling=\"no\"><\/iframe>","_oembed_time_a3551cbdf52efd6a22bc8a9fc1020e9b":"1630141485"},"photos":[{"original":"https:\/\/staging.varesenews.it\/photogallery_new\/images\/2021\/08\/laura-bignami-1242749.jpg","full":"https:\/\/staging.varesenews.it\/photogallery_new\/images\/2021\/08\/laura-bignami-1242749.1024x768.jpg","large":"https:\/\/staging.varesenews.it\/photogallery_new\/images\/2021\/08\/laura-bignami-1242749.610x431.jpg"}],"_links":{"self":[{"href":"https:\/\/staging.varesenews.it\/swgapi\/v1\/wp\/v2\/posts\/1372747"}],"collection":[{"href":"https:\/\/staging.varesenews.it\/swgapi\/v1\/wp\/v2\/posts"}],"about":[{"href":"https:\/\/staging.varesenews.it\/swgapi\/v1\/wp\/v2\/types\/post"}],"author":[{"embeddable":true,"href":"https:\/\/staging.varesenews.it\/swgapi\/v1\/wp\/v2\/users\/47"}],"replies":[{"embeddable":true,"href":"https:\/\/staging.varesenews.it\/swgapi\/v1\/wp\/v2\/comments?post=1372747"}],"version-history":[{"count":0,"href":"https:\/\/staging.varesenews.it\/swgapi\/v1\/wp\/v2\/posts\/1372747\/revisions"}],"wp:attachment":[{"href":"https:\/\/staging.varesenews.it\/swgapi\/v1\/wp\/v2\/media?parent=1372747"}],"wp:term":[{"taxonomy":"category","embeddable":true,"href":"https:\/\/staging.varesenews.it\/swgapi\/v1\/wp\/v2\/categories?post=1372747"},{"taxonomy":"post_tag","embeddable":true,"href":"https:\/\/staging.varesenews.it\/swgapi\/v1\/wp\/v2\/tags?post=1372747"}],"curies":[{"name":"wp","href":"https:\/\/api.w.org\/{rel}","templated":true}]}}