{"id":1373397,"date":"2021-09-01T07:00:56","date_gmt":"2021-09-01T05:00:56","guid":{"rendered":"https:\/\/www.varesenews.it\/?p=1373397"},"modified":"2021-08-31T08:02:26","modified_gmt":"2021-08-31T06:02:26","slug":"made-italy-eccellenza-delle-cucine-arrital","status":"publish","type":"post","link":"https:\/\/staging.varesenews.it\/2021\/09\/made-italy-eccellenza-delle-cucine-arrital\/1373397\/","title":{"rendered":"Il made in Italy di eccellenza delle cucine Arrital"},"content":{"rendered":"<p>Myl Idea \u00e8 uno dei rivenditori pi\u00f9 noti delle <a href=\"https:\/\/www.mylidea.it\/arrital-cucine-moderne-design-italiano\/\"><strong>cucine Arrital<\/strong><\/a><span style=\"font-family: Arial, serif;\"><span style=\"font-size: small;\">: i clienti che si rivolgono a questa azienda hanno l\u2019opportunit\u00e0 di scegliere le collezioni migliori e vedere assecondate tutte le proprie esigenze potendo contare su prezzi davvero convenienti. Le offerte di Myl Idea sono vantaggiose soprattutto perch\u00e9, in genere, i prezzi di Arrital sono di fascia alta: ma in questo caso chiunque ha la possibilit\u00e0 di trovare una soluzione su misura, a prescindere dal budget che si ha a disposizione. Lo shop offre alla clientela tutto il supporto necessario per richiedere e <strong>ottenere un ambiente domestico personalizzato<\/strong>; volendo \u00e8 possibile prenotare un appuntamento in video conferenza.<\/span><\/span><\/p>\n<h2 class=\"western\">Il giusto mix di funzionalit\u00e0 e bellezza<\/h2>\n<p>Ma quali sono le caratteristiche pi\u00f9 significative delle<strong> cucine Arrital? <\/strong>Prima di tutto, la loro capacit\u00e0 di <strong>coniugare la funzionalit\u00e0 con la bellezza<\/strong>, come dimostra il vasto assortimento di soluzioni che, pur essendo altamente scenografiche, garantiscono il massimo della praticit\u00e0. Ne derivano ambienti polifunzionali e basati su materiali selezionati per offrire i pi\u00f9 alti standard di sicurezza senza rinunciare alla sostenibilit\u00e0 ambientale. Ecco, quindi, <strong>superfici in legno davvero eleganti<\/strong>, in grado di sorprendere con le loro fiammature e le loro venature naturali, ma non vanno dimenticate le lavorazioni in biglia. E, ancora, il laccato effetto metallo, che mette a disposizione riflessi davvero sorprendenti per merito della sua lucentezza.<\/p>\n<h2 class=\"western\">Le cucine componibili<\/h2>\n<p>Se si decide di affidarsi a questo marchio si ha l\u2019occasione di sperimentare cucine componibili, e che quindi possono essere <strong>personalizzate<\/strong> in base alle esigenze pi\u00f9 diverse. Qualunque sia la strada che si decide di percorrere, comunque, si pu\u00f2 avere la certezza di usufruire di un ambiente comodo, perch\u00e9 anche gli spazi pi\u00f9 piccoli possono accogliere le cucine di Arrital. Insomma, non importa che si viva in un monolocale o in un appartamento molto pi\u00f9 ampio: quello che conta \u00e8 avere a disposizione <strong>soluzioni di qualit\u00e0<\/strong> come quelle proposte dalla gamma modulare di Arrital.<\/p>\n<h2 class=\"western\">La collezione AkB_08<\/h2>\n<p>Merita di essere citata, tra le altre, , una collezione che permette di vivere un ambiente accogliente e intimo. \u00c8 difficile non rimanere rapiti osservando la proposta ossidato e legno, in cui spiccano i mobili e gli utensili che caratterizzano di solito le cucine professionali. La sensazione che si percepisce \u00e8 improntata alla massima efficienza, ma questo non vuol dire certo fare a meno della comodit\u00e0 o del piacere di un ambiente caloroso. Lo stesso si pu\u00f2 dire per la <strong>collezione Ak_05<\/strong>, dove a dominare sono i legni preziosi e i laccati di maggior pregio. Si nota lo spessore dell\u2019anta 26 mm, ma \u00e8 l\u2019insieme del <strong>laccato soft touch<\/strong> a catturare l\u2019attenzione, perch\u00e9 \u00e8 ci\u00f2 che di meglio si possa desiderare per un arredamento contemporaneo.<\/p>\n<h2 class=\"western\">Il modello Village<\/h2>\n<p>In questa panoramica delle proposte pi\u00f9 interessanti di Arrital, poi, una citazione \u00e8 doverosa per il <strong>modello Village<\/strong>, in grado di assicurare un impatto visivo molto forte anche per merito del suo stile country. Si ha a che fare con una struttura che denota un potenziale decorativo davvero elevato, complici le ante dotate di <strong>telaio in frassino massiccio<\/strong>. La clientela ha la possibilit\u00e0 di scegliere tra diverse tipologie di maniglie, e in qualsiasi caso sapr\u00e0 trasmettere alla cucina un\u2019impronta speciale.<\/p>\n<h2 class=\"western\">Le soluzioni migliori di interior design<\/h2>\n<p>Chiunque si interessi di interior design o nutra una passione per questo ambito conosce le potenzialit\u00e0 e le <strong>caratteristiche di Arrital<\/strong>, marchio sinonimo di affidabilit\u00e0 e di alta qualit\u00e0: peculiarit\u00e0 comuni a tutte le cucine che compongono la sua gamma, e che permettono di usufruire di soluzioni progettuali di qualunque genere. Il concept avanzato alla base della progettazione degli ambienti consente di arredare qualunque spazio in una prospettiva moderna, a prescindere dalle metrature. Le <strong>collezioni Ak_04 e Ak_Project<\/strong>, per esempio, sono la dimostrazione di come il made in Italy possa essere declinato in ottica contemporanea: tutto dipende da <strong>complementi raffinati e sicuri<\/strong>, che fanno della solidit\u00e0 la propria caratteristica principale. Sono, insomma, concepiti e messi a punto per fare in modo che l\u2019innovazione abbracci la tradizione, cos\u00ec che ogni desiderio possa essere esaudito.<\/p>\n<h2 class=\"western\">La comodit\u00e0 di una cucina componibile<\/h2>\n<p>La pi\u00f9 completa <strong>libert\u00e0 di personalizzazione<\/strong> che viene offerta dalle cucine di Arrital si spiega con la loro modulabilit\u00e0 e con il loro carattere componibile. Cos\u00ec, i clienti hanno l\u2019occasione di impreziosire il luogo in cui vivono per mezzo di complementi speciali e irripetibili, tali da valorizzare il contesto in cui vengono inseriti conferendogli <strong>una forte personalit\u00e0<\/strong>. D\u2019altro canto, Arrital \u00e8 ormai un punto di riferimento nel settore dell\u2019arredamento di interni, essendo stata fondata pi\u00f9 di 40 anni fa. Sin dalla sua nascita, il marchio ha saputo farsi notare ed emergere in un panorama molto affollato grazie a prodotti di eccellenza che dimostrano una <strong>cura straordinaria per i pi\u00f9 piccoli dettagli<\/strong>&gt;<\/p>\n<h2 class=\"western\">La storia di Arrital<\/h2>\n<p>Sono oltre 40 i Paesi in tutto il mondo in cui giungono le forniture di Arrital, che raggiungono anche mercati di prestigio come quelli di Shanghai e New York. Davvero niente male per un\u2019azienda il cui quartier generale si trova in provincia di Pordenone, a <strong>Fontanafredda<\/strong>, dove c\u2019\u00e8 lo stabilimento di oltre 50mila metri quadri affiancato a uno showroom di 1000 metri quadri. Senza dimenticare lo showcase Arrital di Milano, sorto nel 2015 in via Melchiorre Gioia. La <strong>ricerca della perfezione<\/strong> \u00e8 il traguardo che il marchio intende raggiungere, anche attraverso la sperimentazione di soluzioni innovative e senza mai prescindere da una costante interazione con la clientela.<\/p>\n<h2 class=\"western\">La flessibilit\u00e0 di Ak_04<\/h2>\n<p>La <strong>collezione Ak_04<\/strong> \u00e8 il perfetto esempio di soluzioni flessibili nello spirito di Arrital: un vero e proprio capolavoro che permette di dare vita a una zona kitchen adiacente alla zona living, dove l\u2019armonia e la fluidit\u00e0 delle forme sono impreziosite da materiali lavorati con <strong>tecnologie di ultima generazione<\/strong>. Molto importante \u00e8, per esempio, il ricorso all\u2019estruso di alluminio, degno di nota non solo per la sua robustezza, ma anche per il suo carattere minimal e la sua brillantezza. Il risultato? Superfici che si integrano negli spazi circostanti in modo impeccabile.<\/p>\n","protected":false},"excerpt":{"rendered":"<p>Myl Idea \u00e8 uno dei rivenditori pi\u00f9 noti delle cucine Arrital: i clienti che si rivolgono a questa azienda hanno l\u2019opportunit\u00e0 di scegliere le collezioni migliori e vedere assecondate tutte le proprie esigenze potendo contare su prezzi davvero convenienti<\/p>\n","protected":false},"author":5428,"featured_media":0,"comment_status":"open","ping_status":"open","sticky":false,"template":"","format":"standard","meta":{"footnotes":""},"categories":[1],"tags":[],"acf":[],"yoast_head":"<!-- This site is optimized with the Yoast SEO plugin v20.1 - https:\/\/yoast.com\/wordpress\/plugins\/seo\/ -->\n<title>Il made in Italy di eccellenza delle cucine Arrital<\/title>\n<meta name=\"description\" content=\"Myl Idea \u00e8 uno dei rivenditori pi\u00f9 noti delle cucine Arrital: i clienti che si rivolgono a questa azienda hanno l\u2019opportunit\u00e0 di scegliere le collezioni migliori e vedere assecondate tutte le proprie esigenze potendo contare su prezzi davvero convenienti\" \/>\n<meta name=\"robots\" content=\"noindex, follow, max-snippet:-1, max-image-preview:large, max-video-preview:-1\" \/>\n<meta property=\"og:locale\" content=\"it_IT\" \/>\n<meta property=\"og:type\" content=\"article\" \/>\n<meta property=\"og:title\" content=\"Il made in Italy di eccellenza delle cucine Arrital\" \/>\n<meta property=\"og:description\" content=\"Myl Idea \u00e8 uno dei rivenditori pi\u00f9 noti delle cucine Arrital: i clienti che si rivolgono a questa azienda hanno l\u2019opportunit\u00e0 di scegliere le collezioni migliori e vedere assecondate tutte le proprie esigenze potendo contare su prezzi davvero convenienti\" \/>\n<meta property=\"og:url\" content=\"https:\/\/staging.varesenews.it\/2021\/09\/made-italy-eccellenza-delle-cucine-arrital\/1373397\/\" \/>\n<meta property=\"og:site_name\" content=\"VareseNews\" \/>\n<meta property=\"article:publisher\" content=\"https:\/\/www.facebook.com\/varesenews\" \/>\n<meta property=\"article:published_time\" content=\"2021-09-01T05:00:56+00:00\" \/>\n<meta property=\"article:modified_time\" content=\"2021-08-31T06:02:26+00:00\" \/>\n<meta name=\"author\" content=\"divisionebusiness\" \/>\n<meta name=\"twitter:card\" content=\"summary_large_image\" \/>\n<meta name=\"twitter:creator\" content=\"@varesenews\" \/>\n<meta name=\"twitter:site\" content=\"@varesenews\" \/>\n<meta name=\"twitter:label1\" content=\"Scritto da\" \/>\n\t<meta name=\"twitter:data1\" content=\"divisionebusiness\" \/>\n\t<meta name=\"twitter:label2\" content=\"Tempo di lettura stimato\" \/>\n\t<meta name=\"twitter:data2\" content=\"5 minuti\" \/>\n<script type=\"application\/ld+json\" class=\"yoast-schema-graph\">{\"@context\":\"https:\/\/schema.org\",\"@graph\":[{\"@type\":\"WebPage\",\"@id\":\"https:\/\/staging.varesenews.it\/2021\/09\/made-italy-eccellenza-delle-cucine-arrital\/1373397\/\",\"url\":\"https:\/\/staging.varesenews.it\/2021\/09\/made-italy-eccellenza-delle-cucine-arrital\/1373397\/\",\"name\":\"Il made in Italy di eccellenza delle cucine Arrital\",\"isPartOf\":{\"@id\":\"https:\/\/staging.varesenews.it\/#website\"},\"datePublished\":\"2021-09-01T05:00:56+00:00\",\"dateModified\":\"2021-08-31T06:02:26+00:00\",\"author\":{\"@id\":\"https:\/\/staging.varesenews.it\/#\/schema\/person\/9fc65cf41366c6512d37aa8b5aa40b98\"},\"description\":\"Myl Idea \u00e8 uno dei rivenditori pi\u00f9 noti delle cucine Arrital: i clienti che si rivolgono a questa azienda hanno l\u2019opportunit\u00e0 di scegliere le collezioni migliori e vedere assecondate tutte le proprie esigenze potendo contare su prezzi davvero convenienti\",\"breadcrumb\":{\"@id\":\"https:\/\/staging.varesenews.it\/2021\/09\/made-italy-eccellenza-delle-cucine-arrital\/1373397\/#breadcrumb\"},\"inLanguage\":\"it-IT\",\"potentialAction\":[{\"@type\":\"ReadAction\",\"target\":[\"https:\/\/staging.varesenews.it\/2021\/09\/made-italy-eccellenza-delle-cucine-arrital\/1373397\/\"]}]},{\"@type\":\"BreadcrumbList\",\"@id\":\"https:\/\/staging.varesenews.it\/2021\/09\/made-italy-eccellenza-delle-cucine-arrital\/1373397\/#breadcrumb\",\"itemListElement\":[{\"@type\":\"ListItem\",\"position\":1,\"name\":\"Home\",\"item\":\"https:\/\/www.varesenews.it\/\"},{\"@type\":\"ListItem\",\"position\":2,\"name\":\"Il made in Italy di eccellenza delle cucine Arrital\"}]},{\"@type\":\"WebSite\",\"@id\":\"https:\/\/staging.varesenews.it\/#website\",\"url\":\"https:\/\/staging.varesenews.it\/\",\"name\":\"VareseNews\",\"description\":\"\",\"potentialAction\":[{\"@type\":\"SearchAction\",\"target\":{\"@type\":\"EntryPoint\",\"urlTemplate\":\"https:\/\/staging.varesenews.it\/?s={search_term_string}\"},\"query-input\":\"required name=search_term_string\"}],\"inLanguage\":\"it-IT\"},{\"@type\":\"Person\",\"@id\":\"https:\/\/staging.varesenews.it\/#\/schema\/person\/9fc65cf41366c6512d37aa8b5aa40b98\",\"name\":\"divisionebusiness\",\"image\":{\"@type\":\"ImageObject\",\"inLanguage\":\"it-IT\",\"@id\":\"https:\/\/staging.varesenews.it\/#\/schema\/person\/image\/\",\"url\":\"https:\/\/staging.varesenews.it\/wp-content\/uploads\/2015\/03\/mistery.jpg\",\"contentUrl\":\"https:\/\/staging.varesenews.it\/wp-content\/uploads\/2015\/03\/mistery.jpg\",\"caption\":\"divisionebusiness\"},\"url\":\"https:\/\/staging.varesenews.it\/persona\/divisionebusiness2\/\"}]}<\/script>\n<!-- \/ Yoast SEO plugin. -->","yoast_head_json":{"title":"Il made in Italy di eccellenza delle cucine Arrital","description":"Myl Idea \u00e8 uno dei rivenditori pi\u00f9 noti delle cucine Arrital: i clienti che si rivolgono a questa azienda hanno l\u2019opportunit\u00e0 di scegliere le collezioni migliori e vedere assecondate tutte le proprie esigenze potendo contare su prezzi davvero convenienti","robots":{"index":"noindex","follow":"follow","max-snippet":"max-snippet:-1","max-image-preview":"max-image-preview:large","max-video-preview":"max-video-preview:-1"},"og_locale":"it_IT","og_type":"article","og_title":"Il made in Italy di eccellenza delle cucine Arrital","og_description":"Myl Idea \u00e8 uno dei rivenditori pi\u00f9 noti delle cucine Arrital: i clienti che si rivolgono a questa azienda hanno l\u2019opportunit\u00e0 di scegliere le collezioni migliori e vedere assecondate tutte le proprie esigenze potendo contare su prezzi davvero convenienti","og_url":"https:\/\/staging.varesenews.it\/2021\/09\/made-italy-eccellenza-delle-cucine-arrital\/1373397\/","og_site_name":"VareseNews","article_publisher":"https:\/\/www.facebook.com\/varesenews","article_published_time":"2021-09-01T05:00:56+00:00","article_modified_time":"2021-08-31T06:02:26+00:00","author":"divisionebusiness","twitter_card":"summary_large_image","twitter_creator":"@varesenews","twitter_site":"@varesenews","twitter_misc":{"Scritto da":"divisionebusiness","Tempo di lettura stimato":"5 minuti"},"schema":{"@context":"https:\/\/schema.org","@graph":[{"@type":"WebPage","@id":"https:\/\/staging.varesenews.it\/2021\/09\/made-italy-eccellenza-delle-cucine-arrital\/1373397\/","url":"https:\/\/staging.varesenews.it\/2021\/09\/made-italy-eccellenza-delle-cucine-arrital\/1373397\/","name":"Il made in Italy di eccellenza delle cucine Arrital","isPartOf":{"@id":"https:\/\/staging.varesenews.it\/#website"},"datePublished":"2021-09-01T05:00:56+00:00","dateModified":"2021-08-31T06:02:26+00:00","author":{"@id":"https:\/\/staging.varesenews.it\/#\/schema\/person\/9fc65cf41366c6512d37aa8b5aa40b98"},"description":"Myl Idea \u00e8 uno dei rivenditori pi\u00f9 noti delle cucine Arrital: i clienti che si rivolgono a questa azienda hanno l\u2019opportunit\u00e0 di scegliere le collezioni migliori e vedere assecondate tutte le proprie esigenze potendo contare su prezzi davvero convenienti","breadcrumb":{"@id":"https:\/\/staging.varesenews.it\/2021\/09\/made-italy-eccellenza-delle-cucine-arrital\/1373397\/#breadcrumb"},"inLanguage":"it-IT","potentialAction":[{"@type":"ReadAction","target":["https:\/\/staging.varesenews.it\/2021\/09\/made-italy-eccellenza-delle-cucine-arrital\/1373397\/"]}]},{"@type":"BreadcrumbList","@id":"https:\/\/staging.varesenews.it\/2021\/09\/made-italy-eccellenza-delle-cucine-arrital\/1373397\/#breadcrumb","itemListElement":[{"@type":"ListItem","position":1,"name":"Home","item":"https:\/\/www.varesenews.it\/"},{"@type":"ListItem","position":2,"name":"Il made in Italy di eccellenza delle cucine Arrital"}]},{"@type":"WebSite","@id":"https:\/\/staging.varesenews.it\/#website","url":"https:\/\/staging.varesenews.it\/","name":"VareseNews","description":"","potentialAction":[{"@type":"SearchAction","target":{"@type":"EntryPoint","urlTemplate":"https:\/\/staging.varesenews.it\/?s={search_term_string}"},"query-input":"required name=search_term_string"}],"inLanguage":"it-IT"},{"@type":"Person","@id":"https:\/\/staging.varesenews.it\/#\/schema\/person\/9fc65cf41366c6512d37aa8b5aa40b98","name":"divisionebusiness","image":{"@type":"ImageObject","inLanguage":"it-IT","@id":"https:\/\/staging.varesenews.it\/#\/schema\/person\/image\/","url":"https:\/\/staging.varesenews.it\/wp-content\/uploads\/2015\/03\/mistery.jpg","contentUrl":"https:\/\/staging.varesenews.it\/wp-content\/uploads\/2015\/03\/mistery.jpg","caption":"divisionebusiness"},"url":"https:\/\/staging.varesenews.it\/persona\/divisionebusiness2\/"}]}},"post_meta":{"_edit_lock":"1630391265:5428","_edit_last":"5428","_category_permalink":"a:1:{s:8:\"category\";s:0:\"\";}","foto":"1243184","firma_come_redazione":"1","nascondi_adsense":"1","argomento":"Altre notizie","_yoast_wpseo_content_score":"30","_jd_tweet_this":"yes","_wpt_short_url":"http:\/\/www.varesenews.it\/2021\/09\/made-italy-eccellenza-delle-cucine-arrital\/1373397\/","_wp_jd_target":"http:\/\/www.varesenews.it\/2021\/09\/made-italy-eccellenza-delle-cucine-arrital\/1373397\/","_jd_wp_twitter":"a:1:{i:0;s:137:\"Il made in Italy di eccellenza delle cucine Arrital http:\/\/www.varesenews.it\/2021\/09\/made-italy-eccellenza-delle-cucine-arrital\/1373397\/ \";}","_wpt_status_message":"Tweet inviato con successo.","_encloseme":"1","ratings_users":"0","ratings_score":"0","ratings_average":"0","_oembed_bd6673a83d2a4512491b42d4e7e36a28":"<blockquote class=\"wp-embedded-content\" data-secret=\"WRMgeMGCze\"><a href=\"https:\/\/www.legnanonews.com\/altri\/2013\/10\/05\/cuggiono_ragazzini_feriti_in_una_cava\/31917\/\">CUGGIONO: RAGAZZINI FERITI IN UNA CAVA<\/a><\/blockquote><iframe class=\"wp-embedded-content\" sandbox=\"allow-scripts\" security=\"restricted\" style=\"position: absolute; clip: rect(1px, 1px, 1px, 1px);\" src=\"https:\/\/www.legnanonews.com\/altri\/2013\/10\/05\/cuggiono_ragazzini_feriti_in_una_cava\/31917\/embed\/#?secret=WRMgeMGCze\" data-secret=\"WRMgeMGCze\" width=\"500\" height=\"282\" title=\"&#8220;CUGGIONO: RAGAZZINI FERITI IN UNA CAVA&#8221; &#8212; LegnanoNews\" frameborder=\"0\" marginwidth=\"0\" marginheight=\"0\" scrolling=\"no\"><\/iframe>","_oembed_time_bd6673a83d2a4512491b42d4e7e36a28":"1630472697","_oembed_f1a4c275a8d67f0f591ddfb00fa90e90":"<blockquote class=\"wp-embedded-content\" data-secret=\"5lmbfWl3Jx\"><a href=\"https:\/\/www.legnanonews.com\/palio\/2021\/08\/29\/da-settimana-prossima-lo-stadio-mari-si-trasformera-nel-campo-del-palio-di-legnano\/994429\/\">Lo stadio &#8220;Mari&#8221; si trasforma nel Campo del Palio di Legnano<\/a><\/blockquote><iframe class=\"wp-embedded-content\" sandbox=\"allow-scripts\" security=\"restricted\" style=\"position: absolute; clip: rect(1px, 1px, 1px, 1px);\" src=\"https:\/\/www.legnanonews.com\/palio\/2021\/08\/29\/da-settimana-prossima-lo-stadio-mari-si-trasformera-nel-campo-del-palio-di-legnano\/994429\/embed\/#?secret=5lmbfWl3Jx\" data-secret=\"5lmbfWl3Jx\" width=\"500\" height=\"282\" title=\"&#8220;Lo stadio &#8220;Mari&#8221; si trasforma nel Campo del Palio di Legnano&#8221; &#8212; LegnanoNews\" frameborder=\"0\" marginwidth=\"0\" marginheight=\"0\" scrolling=\"no\"><\/iframe>","_oembed_time_f1a4c275a8d67f0f591ddfb00fa90e90":"1630472699","_oembed_f3eac4b8ef15c295a57d2dd5edcd3943":"<blockquote class=\"wp-embedded-content\" data-secret=\"2sC4LQdYMh\"><a href=\"https:\/\/www.varesenews.it\/2020\/09\/tigros-nella-classifica-dei-supermercati-piu-convenienti-altroconsumo\/961561\/\">Tigros \u00e8 il supermercato pi\u00f9 conveniente in Lombardia e Piemonte<\/a><\/blockquote><iframe class=\"wp-embedded-content\" sandbox=\"allow-scripts\" security=\"restricted\" style=\"position: absolute; clip: rect(1px, 1px, 1px, 1px);\" src=\"https:\/\/www.varesenews.it\/2020\/09\/tigros-nella-classifica-dei-supermercati-piu-convenienti-altroconsumo\/961561\/embed\/#?secret=2sC4LQdYMh\" data-secret=\"2sC4LQdYMh\" width=\"500\" height=\"282\" title=\"&#8220;Tigros \u00e8 il supermercato pi\u00f9 conveniente in Lombardia e Piemonte&#8221; &#8212; VareseNews\" frameborder=\"0\" marginwidth=\"0\" marginheight=\"0\" scrolling=\"no\"><\/iframe>","_oembed_time_f3eac4b8ef15c295a57d2dd5edcd3943":"1630472699","_oembed_f91a3e38e2b19fecc4f5595937533c9a":"<blockquote class=\"wp-embedded-content\" data-secret=\"nqAI9R0aAI\"><a href=\"https:\/\/www.varesenews.it\/2021\/05\/non-canzonette-un-libro-ricordare-maniglio-botti\/1339070\/\">&#8220;Non sono canzonette&#8221;, un libro per ricordare Maniglio Botti<\/a><\/blockquote><iframe class=\"wp-embedded-content\" sandbox=\"allow-scripts\" security=\"restricted\" style=\"position: absolute; clip: rect(1px, 1px, 1px, 1px);\" src=\"https:\/\/www.varesenews.it\/2021\/05\/non-canzonette-un-libro-ricordare-maniglio-botti\/1339070\/embed\/#?secret=nqAI9R0aAI\" data-secret=\"nqAI9R0aAI\" width=\"500\" height=\"282\" title=\"&#8220;&#8220;Non sono canzonette&#8221;, un libro per ricordare Maniglio Botti&#8221; &#8212; VareseNews\" frameborder=\"0\" marginwidth=\"0\" marginheight=\"0\" scrolling=\"no\"><\/iframe>","_oembed_time_f91a3e38e2b19fecc4f5595937533c9a":"1630472699","_oembed_4b9a1d70c09b6cf820b6932fcc6c079a":"{{unknown}}","_oembed_f945748a171da70cc8f5335ceeb9979b":"<blockquote class=\"wp-embedded-content\" data-secret=\"gbnc7QqZM4\"><a href=\"https:\/\/www.varesenews.it\/2020\/12\/la-carica-dei-mille-cervi-alla-ricerca-nuovi-spazi-colonizzare\/1284709\/\">Sempre pi\u00f9 cervi sulle strade del Varesotto, sono alla ricerca di nuovi spazi da colonizzare<\/a><\/blockquote><iframe class=\"wp-embedded-content\" sandbox=\"allow-scripts\" security=\"restricted\" style=\"position: absolute; clip: rect(1px, 1px, 1px, 1px);\" src=\"https:\/\/www.varesenews.it\/2020\/12\/la-carica-dei-mille-cervi-alla-ricerca-nuovi-spazi-colonizzare\/1284709\/embed\/#?secret=gbnc7QqZM4\" data-secret=\"gbnc7QqZM4\" width=\"500\" height=\"282\" title=\"&#8220;Sempre pi\u00f9 cervi sulle strade del Varesotto, sono alla ricerca di nuovi spazi da colonizzare&#8221; &#8212; VareseNews\" frameborder=\"0\" marginwidth=\"0\" marginheight=\"0\" scrolling=\"no\"><\/iframe>","_oembed_time_f945748a171da70cc8f5335ceeb9979b":"1630473026","_oembed_2e296db476ecd76cd565048e74668d44":"<blockquote class=\"wp-embedded-content\" data-secret=\"XTNwkbII4f\"><a href=\"https:\/\/www.varesenews.it\/2016\/05\/e-anna-gervasoni-la-vera-star-della-liuc\/514644\/\">\u00c8 Anna Gervasoni la vera star della Liuc<\/a><\/blockquote><iframe class=\"wp-embedded-content\" sandbox=\"allow-scripts\" security=\"restricted\" style=\"position: absolute; clip: rect(1px, 1px, 1px, 1px);\" src=\"https:\/\/www.varesenews.it\/2016\/05\/e-anna-gervasoni-la-vera-star-della-liuc\/514644\/embed\/#?secret=XTNwkbII4f\" data-secret=\"XTNwkbII4f\" width=\"500\" height=\"282\" title=\"&#8220;\u00c8 Anna Gervasoni la vera star della Liuc&#8221; &#8212; VareseNews\" frameborder=\"0\" marginwidth=\"0\" marginheight=\"0\" scrolling=\"no\"><\/iframe>","_oembed_time_2e296db476ecd76cd565048e74668d44":"1630473027","_oembed_73db95b564a965997ee5e81bdf689f6c":"<blockquote class=\"wp-embedded-content\" data-secret=\"rNIT2PqpBX\"><a href=\"https:\/\/www.varesenews.it\/2017\/05\/greta-e-giulio-il-nostro-amore-possibile-grazie-a-internet\/623570\/\">&#8220;Greta e Giulio, il nostro amore possibile grazie a internet&#8221;<\/a><\/blockquote><iframe class=\"wp-embedded-content\" sandbox=\"allow-scripts\" security=\"restricted\" style=\"position: absolute; clip: rect(1px, 1px, 1px, 1px);\" src=\"https:\/\/www.varesenews.it\/2017\/05\/greta-e-giulio-il-nostro-amore-possibile-grazie-a-internet\/623570\/embed\/#?secret=rNIT2PqpBX\" data-secret=\"rNIT2PqpBX\" width=\"500\" height=\"282\" title=\"&#8220;&#8220;Greta e Giulio, il nostro amore possibile grazie a internet&#8221;&#8221; &#8212; VareseNews\" frameborder=\"0\" marginwidth=\"0\" marginheight=\"0\" scrolling=\"no\"><\/iframe>","_oembed_time_73db95b564a965997ee5e81bdf689f6c":"1630473236","_oembed_087b5a3f6c8bdf23f7ada9fba6eaa646":"<iframe width=\"500\" height=\"281\" src=\"https:\/\/www.youtube.com\/embed\/qXtZJNl11JI?start=14&feature=oembed\" frameborder=\"0\" allow=\"accelerometer; autoplay; clipboard-write; encrypted-media; gyroscope; picture-in-picture\" allowfullscreen><\/iframe>","_oembed_time_087b5a3f6c8bdf23f7ada9fba6eaa646":"1630473237","_oembed_305bc71b4f776c58a57c00b3d1e53912":"<blockquote class=\"wp-embedded-content\" data-secret=\"za1JcIZt7O\"><a href=\"https:\/\/www.varesenews.it\/2021\/07\/addio-lorenzo-scandroglio-si-spegne-vita-montagna-cultura\/1361516\/\">Addio a Lorenzo Scandroglio. Si spegne una vita tra montagna e cultura<\/a><\/blockquote><iframe class=\"wp-embedded-content\" sandbox=\"allow-scripts\" security=\"restricted\" style=\"position: absolute; clip: rect(1px, 1px, 1px, 1px);\" src=\"https:\/\/www.varesenews.it\/2021\/07\/addio-lorenzo-scandroglio-si-spegne-vita-montagna-cultura\/1361516\/embed\/#?secret=za1JcIZt7O\" data-secret=\"za1JcIZt7O\" width=\"500\" height=\"282\" title=\"&#8220;Addio a Lorenzo Scandroglio. Si spegne una vita tra montagna e cultura&#8221; &#8212; VareseNews\" frameborder=\"0\" marginwidth=\"0\" marginheight=\"0\" scrolling=\"no\"><\/iframe>","_oembed_time_305bc71b4f776c58a57c00b3d1e53912":"1630473237","_oembed_bcfc159166e75f5c14b33e47e7899a51":"<blockquote class=\"wp-embedded-content\" data-secret=\"7KTx2vF8nX\"><a href=\"https:\/\/www.varesenews.it\/2020\/09\/junior-messias-dal-calcio-uisp-alla-serie-crotone\/963664\/\">Junior Messias, dal calcio Uisp alla Serie A con il Crotone<\/a><\/blockquote><iframe class=\"wp-embedded-content\" sandbox=\"allow-scripts\" security=\"restricted\" style=\"position: absolute; clip: rect(1px, 1px, 1px, 1px);\" src=\"https:\/\/www.varesenews.it\/2020\/09\/junior-messias-dal-calcio-uisp-alla-serie-crotone\/963664\/embed\/#?secret=7KTx2vF8nX\" data-secret=\"7KTx2vF8nX\" width=\"500\" height=\"282\" title=\"&#8220;Junior Messias, dal calcio Uisp alla Serie A con il Crotone&#8221; &#8212; VareseNews\" frameborder=\"0\" marginwidth=\"0\" marginheight=\"0\" scrolling=\"no\"><\/iframe>","_oembed_time_bcfc159166e75f5c14b33e47e7899a51":"1630473408","_oembed_8cb1f413ae9dd237fe9950a6c2e3dee2":"<blockquote class=\"wp-embedded-content\" data-secret=\"NJ7Nc2DuVF\"><a href=\"https:\/\/www.varesenews.it\/2021\/08\/ambrogio-vaghi-cardinale-rosso-racconta-la-sua-vita-scegliete-quello-varesini-dovrebbero-sapere\/1372190\/\">Ambrogio Vaghi il &#8220;cardinale rosso&#8221; racconta la sua vita: &#8220;Scegliete quello che i varesini dovrebbero sapere&#8221;<\/a><\/blockquote><iframe class=\"wp-embedded-content\" sandbox=\"allow-scripts\" security=\"restricted\" style=\"position: absolute; clip: rect(1px, 1px, 1px, 1px);\" src=\"https:\/\/www.varesenews.it\/2021\/08\/ambrogio-vaghi-cardinale-rosso-racconta-la-sua-vita-scegliete-quello-varesini-dovrebbero-sapere\/1372190\/embed\/#?secret=NJ7Nc2DuVF\" data-secret=\"NJ7Nc2DuVF\" width=\"500\" height=\"282\" title=\"&#8220;Ambrogio Vaghi il &#8220;cardinale rosso&#8221; racconta la sua vita: &#8220;Scegliete quello che i varesini dovrebbero sapere&#8221;&#8221; &#8212; VareseNews\" frameborder=\"0\" marginwidth=\"0\" marginheight=\"0\" scrolling=\"no\"><\/iframe>","_oembed_time_8cb1f413ae9dd237fe9950a6c2e3dee2":"1630473408","_oembed_ae2d5fbac7d78e234c719cc2f1a2eab7":"<blockquote class=\"wp-embedded-content\" data-secret=\"w2obboszpf\"><a href=\"https:\/\/www.varesenews.it\/2021\/08\/la-svizzera-valuta-nuove-restrizioni-sui-viaggi-allestero\/1373087\/\">La Svizzera valuta nuove restrizioni sui viaggi all&#8217;estero<\/a><\/blockquote><iframe class=\"wp-embedded-content\" sandbox=\"allow-scripts\" security=\"restricted\" style=\"position: absolute; clip: rect(1px, 1px, 1px, 1px);\" src=\"https:\/\/www.varesenews.it\/2021\/08\/la-svizzera-valuta-nuove-restrizioni-sui-viaggi-allestero\/1373087\/embed\/#?secret=w2obboszpf\" data-secret=\"w2obboszpf\" width=\"500\" height=\"282\" title=\"&#8220;La Svizzera valuta nuove restrizioni sui viaggi all&#8217;estero&#8221; &#8212; VareseNews\" frameborder=\"0\" marginwidth=\"0\" marginheight=\"0\" scrolling=\"no\"><\/iframe>","_oembed_85745d88a7c0fec6a559c362896f81e9":"<blockquote class=\"wp-embedded-content\" data-secret=\"MEjoxfGjDv\"><a href=\"https:\/\/www.varesenews.it\/2020\/11\/allaloisianum-gallarate-la-casa-dei-gesuiti-perso-undici-confratelli-venti-giorni\/1279118\/\">All&#8217;Aloisianum di Gallarate, la casa dei gesuiti che ha perso dodici confratelli in venti giorni<\/a><\/blockquote><iframe class=\"wp-embedded-content\" sandbox=\"allow-scripts\" security=\"restricted\" style=\"position: absolute; clip: rect(1px, 1px, 1px, 1px);\" src=\"https:\/\/www.varesenews.it\/2020\/11\/allaloisianum-gallarate-la-casa-dei-gesuiti-perso-undici-confratelli-venti-giorni\/1279118\/embed\/#?secret=MEjoxfGjDv\" data-secret=\"MEjoxfGjDv\" width=\"500\" height=\"282\" title=\"&#8220;All&#8217;Aloisianum di Gallarate, la casa dei gesuiti che ha perso dodici confratelli in venti giorni&#8221; &#8212; VareseNews\" frameborder=\"0\" marginwidth=\"0\" marginheight=\"0\" scrolling=\"no\"><\/iframe>","_oembed_time_85745d88a7c0fec6a559c362896f81e9":"1630473724","_oembed_c6ef49669730a38bd10cdffd6f4fcf21":"<blockquote class=\"wp-embedded-content\" data-secret=\"MZ2ZHchL8F\"><a href=\"https:\/\/www.varesenews.it\/2021\/08\/incendio-un-grattacielo-20-piani-milano\/1372999\/\">Incendio in un grattacielo di 20 piani a Milano<\/a><\/blockquote><iframe class=\"wp-embedded-content\" sandbox=\"allow-scripts\" security=\"restricted\" style=\"position: absolute; clip: rect(1px, 1px, 1px, 1px);\" src=\"https:\/\/www.varesenews.it\/2021\/08\/incendio-un-grattacielo-20-piani-milano\/1372999\/embed\/#?secret=MZ2ZHchL8F\" data-secret=\"MZ2ZHchL8F\" width=\"500\" height=\"282\" title=\"&#8220;Incendio in un grattacielo di 20 piani a Milano&#8221; &#8212; VareseNews\" frameborder=\"0\" marginwidth=\"0\" marginheight=\"0\" scrolling=\"no\"><\/iframe>","_oembed_time_ae2d5fbac7d78e234c719cc2f1a2eab7":"1630473724","_oembed_time_c6ef49669730a38bd10cdffd6f4fcf21":"1630473728","_oembed_d8e37460fb53c395fb6241544ae40845":"<blockquote class=\"wp-embedded-content\" data-secret=\"YvVPTcB4K5\"><a href=\"https:\/\/www.varesenews.it\/2021\/08\/grattacielo-fiamme-milano-vigili-del-fuoco-ancora-al-lavoro\/1373062\/\">Grattacielo in fiamme Milano, vigili del fuoco ancora al lavoro<\/a><\/blockquote><iframe class=\"wp-embedded-content\" sandbox=\"allow-scripts\" security=\"restricted\" style=\"position: absolute; clip: rect(1px, 1px, 1px, 1px);\" src=\"https:\/\/www.varesenews.it\/2021\/08\/grattacielo-fiamme-milano-vigili-del-fuoco-ancora-al-lavoro\/1373062\/embed\/#?secret=YvVPTcB4K5\" data-secret=\"YvVPTcB4K5\" width=\"500\" height=\"282\" title=\"&#8220;Grattacielo in fiamme Milano, vigili del fuoco ancora al lavoro&#8221; &#8212; VareseNews\" frameborder=\"0\" marginwidth=\"0\" marginheight=\"0\" scrolling=\"no\"><\/iframe>","_oembed_time_d8e37460fb53c395fb6241544ae40845":"1630473729","_oembed_87f1e1847d0e19585091099bbd45cb65":"<blockquote class=\"wp-embedded-content\" data-secret=\"UAxHfVGqSR\"><a href=\"https:\/\/www.varesenews.it\/2021\/08\/pietro-tenconi-costruito-un-pezzo-della-citta-gallarate\/1373234\/\">Pietro Tenconi ha costruito un pezzo della citt\u00e0 di Gallarate<\/a><\/blockquote><iframe class=\"wp-embedded-content\" sandbox=\"allow-scripts\" security=\"restricted\" style=\"position: absolute; clip: rect(1px, 1px, 1px, 1px);\" src=\"https:\/\/www.varesenews.it\/2021\/08\/pietro-tenconi-costruito-un-pezzo-della-citta-gallarate\/1373234\/embed\/#?secret=UAxHfVGqSR\" data-secret=\"UAxHfVGqSR\" width=\"500\" height=\"282\" title=\"&#8220;Pietro Tenconi ha costruito un pezzo della citt\u00e0 di Gallarate&#8221; &#8212; VareseNews\" frameborder=\"0\" marginwidth=\"0\" marginheight=\"0\" scrolling=\"no\"><\/iframe>","_oembed_time_87f1e1847d0e19585091099bbd45cb65":"1630473729","_oembed_dde12efab9723b8b3cb49d7d5676e568":"<blockquote class=\"wp-embedded-content\" data-secret=\"RxlFwrtzCR\"><a href=\"https:\/\/www.varesenews.it\/2021\/08\/lagguato-gallarate-carina-la-riempie-botte\/1371393\/\">L&#8217;agguato di Gallarate: &#8220;Come sei carina&#8221;. E la riempie di botte<\/a><\/blockquote><iframe class=\"wp-embedded-content\" sandbox=\"allow-scripts\" security=\"restricted\" style=\"position: absolute; clip: rect(1px, 1px, 1px, 1px);\" src=\"https:\/\/www.varesenews.it\/2021\/08\/lagguato-gallarate-carina-la-riempie-botte\/1371393\/embed\/#?secret=RxlFwrtzCR\" data-secret=\"RxlFwrtzCR\" width=\"500\" height=\"282\" title=\"&#8220;L&#8217;agguato di Gallarate: &#8220;Come sei carina&#8221;. E la riempie di botte&#8221; &#8212; VareseNews\" frameborder=\"0\" marginwidth=\"0\" marginheight=\"0\" scrolling=\"no\"><\/iframe>","_oembed_time_dde12efab9723b8b3cb49d7d5676e568":"1630473731","_oembed_93f36e6a96e84a621913f1c3c823461f":"<blockquote class=\"wp-embedded-content\" data-secret=\"1oWcEY2u5N\"><a href=\"https:\/\/www.legnanonews.com\/lettera\/domande-ammesse-ma-non-finanziate-proteste-nel-legnanese-per-la-dote-scuola-di-regione-lombardia\/\">Domande ammesse ma non finanziate, proteste nel Legnanese per la dote scuola di Regione Lombardia<\/a><\/blockquote><iframe class=\"wp-embedded-content\" sandbox=\"allow-scripts\" security=\"restricted\" style=\"position: absolute; clip: rect(1px, 1px, 1px, 1px);\" src=\"https:\/\/www.legnanonews.com\/lettera\/domande-ammesse-ma-non-finanziate-proteste-nel-legnanese-per-la-dote-scuola-di-regione-lombardia\/embed\/#?secret=1oWcEY2u5N\" data-secret=\"1oWcEY2u5N\" width=\"500\" height=\"282\" title=\"&#8220;Domande ammesse ma non finanziate, proteste nel Legnanese per la dote scuola di Regione Lombardia&#8221; &#8212; LegnanoNews\" frameborder=\"0\" marginwidth=\"0\" marginheight=\"0\" scrolling=\"no\"><\/iframe>","_oembed_time_93f36e6a96e84a621913f1c3c823461f":"1630473732","_oembed_3bfdf1bec8c1eb31a674d59deb11a4fd":"<blockquote class=\"wp-embedded-content\" data-secret=\"J3Hoy4DRcZ\"><a href=\"https:\/\/www.varesenews.it\/2021\/08\/cade-dal-monopattino-sesto-san-giovanni-morto-un-ragazzino-13-anni\/1373353\/\">Cade dal monopattino a Sesto San Giovanni, morto un ragazzino di 13 anni<\/a><\/blockquote><iframe class=\"wp-embedded-content\" sandbox=\"allow-scripts\" security=\"restricted\" style=\"position: absolute; clip: rect(1px, 1px, 1px, 1px);\" src=\"https:\/\/www.varesenews.it\/2021\/08\/cade-dal-monopattino-sesto-san-giovanni-morto-un-ragazzino-13-anni\/1373353\/embed\/#?secret=J3Hoy4DRcZ\" data-secret=\"J3Hoy4DRcZ\" width=\"500\" height=\"282\" title=\"&#8220;Cade dal monopattino a Sesto San Giovanni, morto un ragazzino di 13 anni&#8221; &#8212; VareseNews\" frameborder=\"0\" marginwidth=\"0\" marginheight=\"0\" scrolling=\"no\"><\/iframe>","_oembed_time_3bfdf1bec8c1eb31a674d59deb11a4fd":"1630473732","_oembed_ea0dba6f4779c7aa5b276fc13afe09c6":"<blockquote class=\"wp-embedded-content\" data-secret=\"sE2GoA8Ao2\"><a href=\"https:\/\/www.varesenews.it\/2021\/08\/bellaria-lospedale-somma-rischia-lennesimo-ridimensionamento\/1368572\/\">Bellaria: &#8220;L&#8217;ospedale di Somma rischia l&#8217;ennesimo ridimensionamento&#8221;<\/a><\/blockquote><iframe class=\"wp-embedded-content\" sandbox=\"allow-scripts\" security=\"restricted\" style=\"position: absolute; clip: rect(1px, 1px, 1px, 1px);\" src=\"https:\/\/www.varesenews.it\/2021\/08\/bellaria-lospedale-somma-rischia-lennesimo-ridimensionamento\/1368572\/embed\/#?secret=sE2GoA8Ao2\" data-secret=\"sE2GoA8Ao2\" width=\"500\" height=\"282\" title=\"&#8220;Bellaria: &#8220;L&#8217;ospedale di Somma rischia l&#8217;ennesimo ridimensionamento&#8221;&#8221; &#8212; VareseNews\" frameborder=\"0\" marginwidth=\"0\" marginheight=\"0\" scrolling=\"no\"><\/iframe>","_oembed_time_ea0dba6f4779c7aa5b276fc13afe09c6":"1630473733","_oembed_1c0c45af350920ab104c79cbb2b27d73":"{{unknown}}","_oembed_e51bf40d77b70573143d284d7aa1aa30":"<blockquote class=\"wp-embedded-content\" data-secret=\"FOn318hZsu\"><a href=\"https:\/\/www.varesenews.it\/2021\/08\/lospedale-unico-busto-arsizio-gallarate-divide-silvestrini-cassani\/1372886\/\">L&#8217;ospedale unico Busto Arsizio &#8211; Gallarate divide Silvestrini e Cassani<\/a><\/blockquote><iframe class=\"wp-embedded-content\" sandbox=\"allow-scripts\" security=\"restricted\" style=\"position: absolute; clip: rect(1px, 1px, 1px, 1px);\" src=\"https:\/\/www.varesenews.it\/2021\/08\/lospedale-unico-busto-arsizio-gallarate-divide-silvestrini-cassani\/1372886\/embed\/#?secret=FOn318hZsu\" data-secret=\"FOn318hZsu\" width=\"500\" height=\"282\" title=\"&#8220;L&#8217;ospedale unico Busto Arsizio &#8211; Gallarate divide Silvestrini e Cassani&#8221; &#8212; VareseNews\" frameborder=\"0\" marginwidth=\"0\" marginheight=\"0\" scrolling=\"no\"><\/iframe>","_oembed_5dee8f48d282b8d3032021dd3df89b0e":"<blockquote class=\"wp-embedded-content\" data-secret=\"hpLCvUGez7\"><a href=\"https:\/\/www.varesenews.it\/2021\/08\/certificato-covid-richiesto-svizzera\/1368931\/\">Certificato Covid, quando \u00e8 richiesto in Svizzera<\/a><\/blockquote><iframe class=\"wp-embedded-content\" sandbox=\"allow-scripts\" security=\"restricted\" style=\"position: absolute; clip: rect(1px, 1px, 1px, 1px);\" src=\"https:\/\/www.varesenews.it\/2021\/08\/certificato-covid-richiesto-svizzera\/1368931\/embed\/#?secret=hpLCvUGez7\" data-secret=\"hpLCvUGez7\" width=\"500\" height=\"282\" title=\"&#8220;Certificato Covid, quando \u00e8 richiesto in Svizzera&#8221; &#8212; VareseNews\" frameborder=\"0\" marginwidth=\"0\" marginheight=\"0\" scrolling=\"no\"><\/iframe>","_oembed_time_e51bf40d77b70573143d284d7aa1aa30":"1630473733","_oembed_time_5dee8f48d282b8d3032021dd3df89b0e":"1630473734","_oembed_c8dd1f9d93f6fd9eeda553366c009bbd":"<blockquote class=\"wp-embedded-content\" data-secret=\"kKh2D34opq\"><a href=\"https:\/\/www.varesenews.it\/2021\/08\/morto-pietro-tenconi-arte-re-risotto\/1372973\/\">\u00c8 morto Pietro Tenconi, in arte Re risotto<\/a><\/blockquote><iframe class=\"wp-embedded-content\" sandbox=\"allow-scripts\" security=\"restricted\" style=\"position: absolute; clip: rect(1px, 1px, 1px, 1px);\" src=\"https:\/\/www.varesenews.it\/2021\/08\/morto-pietro-tenconi-arte-re-risotto\/1372973\/embed\/#?secret=kKh2D34opq\" data-secret=\"kKh2D34opq\" width=\"500\" height=\"282\" title=\"&#8220;\u00c8 morto Pietro Tenconi, in arte Re risotto&#8221; &#8212; VareseNews\" frameborder=\"0\" marginwidth=\"0\" marginheight=\"0\" scrolling=\"no\"><\/iframe>","_oembed_time_c8dd1f9d93f6fd9eeda553366c009bbd":"1630473734","_oembed_84659561dc99d5602ac697d60e09dd4f":"<blockquote class=\"wp-embedded-content\" data-secret=\"fGO98pPU5p\"><a href=\"https:\/\/www.verbanonews.it\/senza-categoria\/2021\/08\/18\/berna-apre-alla-vaccinazione-per-gli-svizzeri-allestero-e-i-frontalieri\/934205\/\">Berna apre alla vaccinazione per gli svizzeri all&#8217;estero e i frontalieri<\/a><\/blockquote><iframe class=\"wp-embedded-content\" sandbox=\"allow-scripts\" security=\"restricted\" style=\"position: absolute; clip: rect(1px, 1px, 1px, 1px);\" src=\"https:\/\/www.verbanonews.it\/senza-categoria\/2021\/08\/18\/berna-apre-alla-vaccinazione-per-gli-svizzeri-allestero-e-i-frontalieri\/934205\/embed\/#?secret=fGO98pPU5p\" data-secret=\"fGO98pPU5p\" width=\"500\" height=\"282\" title=\"&#8220;Berna apre alla vaccinazione per gli svizzeri all&#8217;estero e i frontalieri&#8221; &#8212; VerbanoNews\" frameborder=\"0\" marginwidth=\"0\" marginheight=\"0\" scrolling=\"no\"><\/iframe>","_oembed_time_84659561dc99d5602ac697d60e09dd4f":"1630473737","_oembed_3b295ce07b3a2e2bf621a49a5e784054":"<blockquote class=\"wp-embedded-content\" data-secret=\"fNEavbAekL\"><a href=\"https:\/\/www.varesenews.it\/2021\/08\/funerali-marco-borradori-lultimo-saluto-al-sindaco-lugano-servono-green-pass-tampone-negativo\/1370067\/\">Funerali di Marco Borradori, per l&#8217;ultimo saluto al sindaco di Lugano servono green pass o tampone negativo<\/a><\/blockquote><iframe class=\"wp-embedded-content\" sandbox=\"allow-scripts\" security=\"restricted\" style=\"position: absolute; clip: rect(1px, 1px, 1px, 1px);\" src=\"https:\/\/www.varesenews.it\/2021\/08\/funerali-marco-borradori-lultimo-saluto-al-sindaco-lugano-servono-green-pass-tampone-negativo\/1370067\/embed\/#?secret=fNEavbAekL\" data-secret=\"fNEavbAekL\" width=\"500\" height=\"282\" title=\"&#8220;Funerali di Marco Borradori, per l&#8217;ultimo saluto al sindaco di Lugano servono green pass o tampone negativo&#8221; &#8212; VareseNews\" frameborder=\"0\" marginwidth=\"0\" marginheight=\"0\" scrolling=\"no\"><\/iframe>","_oembed_time_3b295ce07b3a2e2bf621a49a5e784054":"1630473738","_oembed_6a370f23ee160e059191eb7dc925751c":"<blockquote class=\"wp-embedded-content\" data-secret=\"IgHo4TAlgG\"><a href=\"https:\/\/www.verbanonews.it\/aree-geografiche\/lombardia\/2021\/08\/31\/green-pass-obbligatorio-per-chi-viaggia-in-nave-sul-lago-maggiore\/934515\/\">Green pass obbligatorio per chi viaggia in nave sul Lago Maggiore<\/a><\/blockquote><iframe class=\"wp-embedded-content\" sandbox=\"allow-scripts\" security=\"restricted\" style=\"position: absolute; clip: rect(1px, 1px, 1px, 1px);\" src=\"https:\/\/www.verbanonews.it\/aree-geografiche\/lombardia\/2021\/08\/31\/green-pass-obbligatorio-per-chi-viaggia-in-nave-sul-lago-maggiore\/934515\/embed\/#?secret=IgHo4TAlgG\" data-secret=\"IgHo4TAlgG\" width=\"500\" height=\"282\" title=\"&#8220;Green pass obbligatorio per chi viaggia in nave sul Lago Maggiore&#8221; &#8212; VerbanoNews\" frameborder=\"0\" marginwidth=\"0\" marginheight=\"0\" scrolling=\"no\"><\/iframe>","_oembed_time_6a370f23ee160e059191eb7dc925751c":"1630473739","_oembed_0a40ad5bf23b62d6fc60ecb8c7239b4f":"<blockquote class=\"wp-embedded-content\" data-secret=\"Jxoa0O7bku\"><a href=\"https:\/\/www.varesenews.it\/2021\/05\/difficili-trovare-prezzi-alle-stelle-mercato-impazzito-delle-materie-prime\/1345361\/\">Difficili da trovare e con prezzi alle stelle, il mercato impazzito delle materie prime<\/a><\/blockquote><iframe class=\"wp-embedded-content\" sandbox=\"allow-scripts\" security=\"restricted\" style=\"position: absolute; clip: rect(1px, 1px, 1px, 1px);\" src=\"https:\/\/www.varesenews.it\/2021\/05\/difficili-trovare-prezzi-alle-stelle-mercato-impazzito-delle-materie-prime\/1345361\/embed\/#?secret=Jxoa0O7bku\" data-secret=\"Jxoa0O7bku\" width=\"500\" height=\"282\" title=\"&#8220;Difficili da trovare e con prezzi alle stelle, il mercato impazzito delle materie prime&#8221; &#8212; VareseNews\" frameborder=\"0\" marginwidth=\"0\" marginheight=\"0\" scrolling=\"no\"><\/iframe>","_oembed_time_0a40ad5bf23b62d6fc60ecb8c7239b4f":"1630473739","_oembed_43c8286fa3a3bc4e0fc7978108536a2c":"<blockquote class=\"wp-embedded-content\" data-secret=\"WxDY95RFir\"><a href=\"https:\/\/www.varesenews.it\/2020\/10\/dal-tungsteno-al-gallio-le-materie-prime-critiche-cui-avremo-sempre-piu-bisogno\/966344\/\">Dal tungsteno al gallio, le &#8220;materie prime critiche&#8221; di cui avremo sempre pi\u00f9 bisogno<\/a><\/blockquote><iframe class=\"wp-embedded-content\" sandbox=\"allow-scripts\" security=\"restricted\" style=\"position: absolute; clip: rect(1px, 1px, 1px, 1px);\" src=\"https:\/\/www.varesenews.it\/2020\/10\/dal-tungsteno-al-gallio-le-materie-prime-critiche-cui-avremo-sempre-piu-bisogno\/966344\/embed\/#?secret=WxDY95RFir\" data-secret=\"WxDY95RFir\" width=\"500\" height=\"282\" title=\"&#8220;Dal tungsteno al gallio, le &#8220;materie prime critiche&#8221; di cui avremo sempre pi\u00f9 bisogno&#8221; &#8212; VareseNews\" frameborder=\"0\" marginwidth=\"0\" marginheight=\"0\" scrolling=\"no\"><\/iframe>","_oembed_time_43c8286fa3a3bc4e0fc7978108536a2c":"1630473740","_oembed_529b16a1fda6f6e9fbeb66d0e301f629":"<blockquote class=\"wp-embedded-content\" data-secret=\"KrrLfPmIo0\"><a href=\"https:\/\/www.varesenews.it\/2020\/12\/remench-transumanza-pastori-lombardi-lavoro-fotografico-carlo-meazza\/1288958\/\">A &#8220;rem\u00e8nch&#8221;, in transumanza con i pastori lombardi: il nuovo lavoro fotografico di Carlo Meazza<\/a><\/blockquote><iframe class=\"wp-embedded-content\" sandbox=\"allow-scripts\" security=\"restricted\" style=\"position: absolute; clip: rect(1px, 1px, 1px, 1px);\" src=\"https:\/\/www.varesenews.it\/2020\/12\/remench-transumanza-pastori-lombardi-lavoro-fotografico-carlo-meazza\/1288958\/embed\/#?secret=KrrLfPmIo0\" data-secret=\"KrrLfPmIo0\" width=\"500\" height=\"282\" title=\"&#8220;A &#8220;rem\u00e8nch&#8221;, in transumanza con i pastori lombardi: il nuovo lavoro fotografico di Carlo Meazza&#8221; &#8212; VareseNews\" frameborder=\"0\" marginwidth=\"0\" marginheight=\"0\" scrolling=\"no\"><\/iframe>","_oembed_time_529b16a1fda6f6e9fbeb66d0e301f629":"1630473741","_oembed_0b70391536f4f00d26b23a47826287e3":"<blockquote class=\"wp-embedded-content\" data-secret=\"52vGQp7pJC\"><a href=\"https:\/\/www.varesenews.it\/2021\/08\/profughi-afghani-la-provincia-si-mobilita-partendo-dagli-atleti-dello-sci\/1371901\/\">Profughi afghani, la provincia si mobilita partendo dagli atleti dello sci<\/a><\/blockquote><iframe class=\"wp-embedded-content\" sandbox=\"allow-scripts\" security=\"restricted\" style=\"position: absolute; clip: rect(1px, 1px, 1px, 1px);\" src=\"https:\/\/www.varesenews.it\/2021\/08\/profughi-afghani-la-provincia-si-mobilita-partendo-dagli-atleti-dello-sci\/1371901\/embed\/#?secret=52vGQp7pJC\" data-secret=\"52vGQp7pJC\" width=\"500\" height=\"282\" title=\"&#8220;Profughi afghani, la provincia si mobilita partendo dagli atleti dello sci&#8221; &#8212; VareseNews\" frameborder=\"0\" marginwidth=\"0\" marginheight=\"0\" scrolling=\"no\"><\/iframe>","_oembed_time_0b70391536f4f00d26b23a47826287e3":"1630473740"},"photos":[{"original":"https:\/\/staging.varesenews.it\/photogallery_new\/images\/2021\/08\/vario-1243184.jpg","full":"https:\/\/staging.varesenews.it\/photogallery_new\/images\/2021\/08\/vario-1243184.1024x768.jpg","large":"https:\/\/staging.varesenews.it\/photogallery_new\/images\/2021\/08\/vario-1243184.610x431.jpg"}],"_links":{"self":[{"href":"https:\/\/staging.varesenews.it\/swgapi\/v1\/wp\/v2\/posts\/1373397"}],"collection":[{"href":"https:\/\/staging.varesenews.it\/swgapi\/v1\/wp\/v2\/posts"}],"about":[{"href":"https:\/\/staging.varesenews.it\/swgapi\/v1\/wp\/v2\/types\/post"}],"author":[{"embeddable":true,"href":"https:\/\/staging.varesenews.it\/swgapi\/v1\/wp\/v2\/users\/5428"}],"replies":[{"embeddable":true,"href":"https:\/\/staging.varesenews.it\/swgapi\/v1\/wp\/v2\/comments?post=1373397"}],"version-history":[{"count":0,"href":"https:\/\/staging.varesenews.it\/swgapi\/v1\/wp\/v2\/posts\/1373397\/revisions"}],"wp:attachment":[{"href":"https:\/\/staging.varesenews.it\/swgapi\/v1\/wp\/v2\/media?parent=1373397"}],"wp:term":[{"taxonomy":"category","embeddable":true,"href":"https:\/\/staging.varesenews.it\/swgapi\/v1\/wp\/v2\/categories?post=1373397"},{"taxonomy":"post_tag","embeddable":true,"href":"https:\/\/staging.varesenews.it\/swgapi\/v1\/wp\/v2\/tags?post=1373397"}],"curies":[{"name":"wp","href":"https:\/\/api.w.org\/{rel}","templated":true}]}}