{"id":1374202,"date":"2021-09-02T15:53:38","date_gmt":"2021-09-02T13:53:38","guid":{"rendered":"https:\/\/www.varesenews.it\/?p=1374202"},"modified":"2021-09-02T15:59:07","modified_gmt":"2021-09-02T13:59:07","slug":"trasporto-pubblico-cambieremo-pullman-amsc","status":"publish","type":"post","link":"https:\/\/staging.varesenews.it\/2021\/09\/trasporto-pubblico-cambieremo-pullman-amsc\/1374202\/","title":{"rendered":"Trasporto pubblico a Gallarate, &#8220;compreremo pullman pi\u00f9 moderni&#8221;"},"content":{"rendered":"<p><strong>\u00abAcquisteremo per tempo nuovi mezzi per Amsc<\/strong>. Meno inquinanti e pi\u00f9 comodi per i cittadini e per gli autisti\u00bb. \u00c8 un capitolo degli impegni che la coalizione di centrodestra per Andrea Cassani sindaco si sta assumendo, per ottenere la riconferma per il quinquennio 2021-2026.<\/p>\n<p>Va detto che il rinnovo dei mezzi \u00e8 una esigenza non prevista, ma nata dall&#8217;emergenza Covid. <strong>\u00abL\u2019emergenza pandemica di fatto sposta in l\u00e0 la gara d\u2019ambito interprovinciale<\/strong> (Como-Lecco-Varese), che porter\u00e0 alla creazione sistema di trasporto pubblico unitario, e che <strong>non potr\u00e0 partire prima di 24\/36 mesi<\/strong>\u00bb spiega\u00a0<strong>Andrea Cassani<\/strong>.<\/p>\n<p>\u00abSicuramente il nostro impegno sar\u00e0 rivolto al Trasporto Pubblico Locale\u00bb assicura per\u00f2 <strong>Giuseppe De Bernardi Martignoni<\/strong>, <a href=\"https:\/\/www.varesenews.it\/2021\/08\/la-lista-tutta-politica-fratelli-ditalia-la-vera-destra\/1373556\/\">capolista di Fratelli d&#8217;Italia<\/a>, una delle liste a sostegno di Cassani. \u00abCi attiveremo per acquisire nuovi mezzi, per garantire la fase intermedia fino alla gara di Bacino, attingendo anche ad appositi finanziamenti regionali. Cos\u00ec potremo garantire nuovi pullman meno inquinanti per migliorare il servizio ai cittadini ma anche per assicurare le condizioni di lavoro degli autisti. Per noi Amsc \u00e8 una risorsa e porremo attenzione anche alla salvaguardia dei lavoratori\u00bb.<\/p>\n<div class=\"photo-inside-post\"><img decoding=\"async\" loading=\"lazy\" fetchpriority=\"low\" width=\"610\" height=\"431\" src=\"https:\/\/staging.varesenews.it\/photogallery_new\/images\/2021\/05\/centrodestra-cassani-gallarate-1221927.610x431.jpg\" alt=\"Centrodestra Cassani Gallarate \"><\/div>\n<p>Il potenziamento della flotta Amsc \u00e8 comunque da guardare in prospettiva, appunto verso l&#8217;avvio dei servizi di Bacino, \u00abper ottimizzare il servizio sia all\u2019interno della citt\u00e0 che il collegamento con i comuni vicini, aggiunge Martignoni.<\/p>\n<p><strong>\u00abModernit\u00e0, ecologia e concretezza<\/strong>: tre punti cardine del programma 2021-2026 per il miglioramento non solo della citt\u00e0, ma della qualit\u00e0 di vita della nostra comunit\u00e0\u00bb dice ancora Cassani.<\/p>\n<p>\u00abI servizi al cittadino rappresentano parte integrante dell\u2019attivit\u00e0 di questa amministrazione, che durante questi anni ha lavorato con laboriosit\u00e0 ed efficienza per fornirne in egual misura a tutti gli abitanti\u00bb aggiunge ancora il sindaco uscente, ricandidato.<\/p>\n<p><strong>Altri esempi di miglioramenti nei servizi sono \u00ablo spostamento della Farmacia dei Ronchi<\/strong> con l\u2019implementazione dei servizi erogati, <strong>l\u2019incremento dei turni di spiazzamenti strade e pulizia dei marciapiedi<\/strong>, i <strong>servizi estivi di raccolta preserale dei rifiuti in centro<\/strong> per rendere pi\u00f9 decoroso il nostro centro urbano\u00bb.<\/p>\n<p>Tra gli impegni assunti nel prossimo mandato vi \u00e8 la<strong> concretizzazione dello spostamento della farmacia comunale di Sciar\u00e8<\/strong> presso una nuova sede pi\u00f9 spaziosa; la collocazione sar\u00e0 comoda e funzionale al fine di ospitare anche dei <strong>servizi di consulenza medica<\/strong> per i cittadini di Sciar\u00e8\u00bb.<\/p>\n","protected":false},"excerpt":{"rendered":"<p>Nel capitolo servizi del programma del centrodestra ci sono, tra l&#8217;altro, l&#8217;ampliamento della farmacia di Sciar\u00e8 e una esigenza in parte inattesa: il rinnovamento della flotta Amsc<\/p>\n","protected":false},"author":46,"featured_media":0,"comment_status":"open","ping_status":"open","sticky":false,"template":"","format":"standard","meta":{"footnotes":""},"categories":[3],"tags":[107500],"acf":[],"yoast_head":"<!-- This site is optimized with the Yoast SEO plugin v20.1 - https:\/\/yoast.com\/wordpress\/plugins\/seo\/ -->\n<title>Trasporto pubblico a Gallarate, &quot;compreremo pullman pi\u00f9 moderni&quot;<\/title>\n<meta name=\"description\" content=\"Nel capitolo servizi del programma del centrodestra ci sono, tra l&#039;altro, l&#039;ampliamento della farmacia di Sciar\u00e8 e una esigenza in parte inattesa: il rinnovamento della flotta Amsc\" \/>\n<meta name=\"robots\" content=\"noindex, follow, max-snippet:-1, max-image-preview:large, max-video-preview:-1\" \/>\n<meta property=\"og:locale\" content=\"it_IT\" \/>\n<meta property=\"og:type\" content=\"article\" \/>\n<meta property=\"og:title\" content=\"Trasporto pubblico a Gallarate, &quot;compreremo pullman pi\u00f9 moderni&quot;\" \/>\n<meta property=\"og:description\" content=\"Nel capitolo servizi del programma del centrodestra ci sono, tra l&#039;altro, l&#039;ampliamento della farmacia di Sciar\u00e8 e una esigenza in parte inattesa: il rinnovamento della flotta Amsc\" \/>\n<meta property=\"og:url\" content=\"https:\/\/staging.varesenews.it\/2021\/09\/trasporto-pubblico-cambieremo-pullman-amsc\/1374202\/\" \/>\n<meta property=\"og:site_name\" content=\"VareseNews\" \/>\n<meta property=\"article:publisher\" content=\"https:\/\/www.facebook.com\/varesenews\" \/>\n<meta property=\"article:published_time\" content=\"2021-09-02T13:53:38+00:00\" \/>\n<meta property=\"article:modified_time\" content=\"2021-09-02T13:59:07+00:00\" \/>\n<meta name=\"author\" content=\"Roberto Morandi\" \/>\n<meta name=\"twitter:card\" content=\"summary_large_image\" \/>\n<meta name=\"twitter:creator\" content=\"@ilmorands\" \/>\n<meta name=\"twitter:site\" content=\"@varesenews\" \/>\n<meta name=\"twitter:label1\" content=\"Scritto da\" \/>\n\t<meta name=\"twitter:data1\" content=\"Roberto Morandi\" \/>\n\t<meta name=\"twitter:label2\" content=\"Tempo di lettura stimato\" \/>\n\t<meta name=\"twitter:data2\" content=\"2 minuti\" \/>\n<script type=\"application\/ld+json\" class=\"yoast-schema-graph\">{\"@context\":\"https:\/\/schema.org\",\"@graph\":[{\"@type\":\"WebPage\",\"@id\":\"https:\/\/staging.varesenews.it\/2021\/09\/trasporto-pubblico-cambieremo-pullman-amsc\/1374202\/\",\"url\":\"https:\/\/staging.varesenews.it\/2021\/09\/trasporto-pubblico-cambieremo-pullman-amsc\/1374202\/\",\"name\":\"Trasporto pubblico a Gallarate, \\\"compreremo pullman pi\u00f9 moderni\\\"\",\"isPartOf\":{\"@id\":\"https:\/\/staging.varesenews.it\/#website\"},\"datePublished\":\"2021-09-02T13:53:38+00:00\",\"dateModified\":\"2021-09-02T13:59:07+00:00\",\"author\":{\"@id\":\"https:\/\/staging.varesenews.it\/#\/schema\/person\/efe592ae4c76536b551f89d8b6674bc3\"},\"description\":\"Nel capitolo servizi del programma del centrodestra ci sono, tra l'altro, l'ampliamento della farmacia di Sciar\u00e8 e una esigenza in parte inattesa: il rinnovamento della flotta Amsc\",\"breadcrumb\":{\"@id\":\"https:\/\/staging.varesenews.it\/2021\/09\/trasporto-pubblico-cambieremo-pullman-amsc\/1374202\/#breadcrumb\"},\"inLanguage\":\"it-IT\",\"potentialAction\":[{\"@type\":\"ReadAction\",\"target\":[\"https:\/\/staging.varesenews.it\/2021\/09\/trasporto-pubblico-cambieremo-pullman-amsc\/1374202\/\"]}]},{\"@type\":\"BreadcrumbList\",\"@id\":\"https:\/\/staging.varesenews.it\/2021\/09\/trasporto-pubblico-cambieremo-pullman-amsc\/1374202\/#breadcrumb\",\"itemListElement\":[{\"@type\":\"ListItem\",\"position\":1,\"name\":\"Home\",\"item\":\"https:\/\/www.varesenews.it\/\"},{\"@type\":\"ListItem\",\"position\":2,\"name\":\"Trasporto pubblico a Gallarate, &#8220;compreremo pullman pi\u00f9 moderni&#8221;\"}]},{\"@type\":\"WebSite\",\"@id\":\"https:\/\/staging.varesenews.it\/#website\",\"url\":\"https:\/\/staging.varesenews.it\/\",\"name\":\"VareseNews\",\"description\":\"\",\"potentialAction\":[{\"@type\":\"SearchAction\",\"target\":{\"@type\":\"EntryPoint\",\"urlTemplate\":\"https:\/\/staging.varesenews.it\/?s={search_term_string}\"},\"query-input\":\"required name=search_term_string\"}],\"inLanguage\":\"it-IT\"},{\"@type\":\"Person\",\"@id\":\"https:\/\/staging.varesenews.it\/#\/schema\/person\/efe592ae4c76536b551f89d8b6674bc3\",\"name\":\"Roberto Morandi\",\"image\":{\"@type\":\"ImageObject\",\"inLanguage\":\"it-IT\",\"@id\":\"https:\/\/staging.varesenews.it\/#\/schema\/person\/image\/\",\"url\":\"https:\/\/staging.varesenews.it\/wp-content\/uploads\/2020\/12\/roberto_morandi_colori_500.jpg\",\"contentUrl\":\"https:\/\/staging.varesenews.it\/wp-content\/uploads\/2020\/12\/roberto_morandi_colori_500.jpg\",\"caption\":\"Roberto Morandi\"},\"description\":\"Classe 1980, laureato in storia, mi occupo dell&rsquo;area di Gallarate e di Malpensa, di trasporti e mobilit&agrave;. Amo molto la dimensione della citt&agrave;, come luogo d&rsquo;incontro di persone diverse e come organismo che si trasforma costantemente. Mi piace anche raccontare le piccole e grandi vicende, anche locali, che compongono la Storia con la S maiuscola. Appassionato di bicicletta: la macchina perfetta per muoversi in citt&agrave; e per viaggiare.\",\"sameAs\":[\"https:\/\/twitter.com\/ilmorands\"],\"url\":\"https:\/\/staging.varesenews.it\/persona\/roberto-morandi1\/\"}]}<\/script>\n<!-- \/ Yoast SEO plugin. -->","yoast_head_json":{"title":"Trasporto pubblico a Gallarate, \"compreremo pullman pi\u00f9 moderni\"","description":"Nel capitolo servizi del programma del centrodestra ci sono, tra l'altro, l'ampliamento della farmacia di Sciar\u00e8 e una esigenza in parte inattesa: il rinnovamento della flotta Amsc","robots":{"index":"noindex","follow":"follow","max-snippet":"max-snippet:-1","max-image-preview":"max-image-preview:large","max-video-preview":"max-video-preview:-1"},"og_locale":"it_IT","og_type":"article","og_title":"Trasporto pubblico a Gallarate, \"compreremo pullman pi\u00f9 moderni\"","og_description":"Nel capitolo servizi del programma del centrodestra ci sono, tra l'altro, l'ampliamento della farmacia di Sciar\u00e8 e una esigenza in parte inattesa: il rinnovamento della flotta Amsc","og_url":"https:\/\/staging.varesenews.it\/2021\/09\/trasporto-pubblico-cambieremo-pullman-amsc\/1374202\/","og_site_name":"VareseNews","article_publisher":"https:\/\/www.facebook.com\/varesenews","article_published_time":"2021-09-02T13:53:38+00:00","article_modified_time":"2021-09-02T13:59:07+00:00","author":"Roberto Morandi","twitter_card":"summary_large_image","twitter_creator":"@ilmorands","twitter_site":"@varesenews","twitter_misc":{"Scritto da":"Roberto Morandi","Tempo di lettura stimato":"2 minuti"},"schema":{"@context":"https:\/\/schema.org","@graph":[{"@type":"WebPage","@id":"https:\/\/staging.varesenews.it\/2021\/09\/trasporto-pubblico-cambieremo-pullman-amsc\/1374202\/","url":"https:\/\/staging.varesenews.it\/2021\/09\/trasporto-pubblico-cambieremo-pullman-amsc\/1374202\/","name":"Trasporto pubblico a Gallarate, \"compreremo pullman pi\u00f9 moderni\"","isPartOf":{"@id":"https:\/\/staging.varesenews.it\/#website"},"datePublished":"2021-09-02T13:53:38+00:00","dateModified":"2021-09-02T13:59:07+00:00","author":{"@id":"https:\/\/staging.varesenews.it\/#\/schema\/person\/efe592ae4c76536b551f89d8b6674bc3"},"description":"Nel capitolo servizi del programma del centrodestra ci sono, tra l'altro, l'ampliamento della farmacia di Sciar\u00e8 e una esigenza in parte inattesa: il rinnovamento della flotta Amsc","breadcrumb":{"@id":"https:\/\/staging.varesenews.it\/2021\/09\/trasporto-pubblico-cambieremo-pullman-amsc\/1374202\/#breadcrumb"},"inLanguage":"it-IT","potentialAction":[{"@type":"ReadAction","target":["https:\/\/staging.varesenews.it\/2021\/09\/trasporto-pubblico-cambieremo-pullman-amsc\/1374202\/"]}]},{"@type":"BreadcrumbList","@id":"https:\/\/staging.varesenews.it\/2021\/09\/trasporto-pubblico-cambieremo-pullman-amsc\/1374202\/#breadcrumb","itemListElement":[{"@type":"ListItem","position":1,"name":"Home","item":"https:\/\/www.varesenews.it\/"},{"@type":"ListItem","position":2,"name":"Trasporto pubblico a Gallarate, &#8220;compreremo pullman pi\u00f9 moderni&#8221;"}]},{"@type":"WebSite","@id":"https:\/\/staging.varesenews.it\/#website","url":"https:\/\/staging.varesenews.it\/","name":"VareseNews","description":"","potentialAction":[{"@type":"SearchAction","target":{"@type":"EntryPoint","urlTemplate":"https:\/\/staging.varesenews.it\/?s={search_term_string}"},"query-input":"required name=search_term_string"}],"inLanguage":"it-IT"},{"@type":"Person","@id":"https:\/\/staging.varesenews.it\/#\/schema\/person\/efe592ae4c76536b551f89d8b6674bc3","name":"Roberto Morandi","image":{"@type":"ImageObject","inLanguage":"it-IT","@id":"https:\/\/staging.varesenews.it\/#\/schema\/person\/image\/","url":"https:\/\/staging.varesenews.it\/wp-content\/uploads\/2020\/12\/roberto_morandi_colori_500.jpg","contentUrl":"https:\/\/staging.varesenews.it\/wp-content\/uploads\/2020\/12\/roberto_morandi_colori_500.jpg","caption":"Roberto Morandi"},"description":"Classe 1980, laureato in storia, mi occupo dell&rsquo;area di Gallarate e di Malpensa, di trasporti e mobilit&agrave;. Amo molto la dimensione della citt&agrave;, come luogo d&rsquo;incontro di persone diverse e come organismo che si trasforma costantemente. Mi piace anche raccontare le piccole e grandi vicende, anche locali, che compongono la Storia con la S maiuscola. Appassionato di bicicletta: la macchina perfetta per muoversi in citt&agrave; e per viaggiare.","sameAs":["https:\/\/twitter.com\/ilmorands"],"url":"https:\/\/staging.varesenews.it\/persona\/roberto-morandi1\/"}]}},"post_meta":{"_edit_lock":"1630591106:46","_edit_last":"46","_category_permalink":"a:1:{s:8:\"category\";s:1:\"3\";}","_encloseme":"1","ratings_users":"0","ratings_score":"0","ratings_average":"0","foto":"1173172","firma_come_redazione":"1","argomento":"Gallarate","_yoast_wpseo_content_score":"30","_jd_tweet_this":"yes","_wpt_short_url":"https:\/\/www.varesenews.it\/2021\/09\/trasporto-pubblico-cambieremo-pullman-amsc\/1374202\/","_wp_jd_target":"https:\/\/www.varesenews.it\/2021\/09\/trasporto-pubblico-cambieremo-pullman-amsc\/1374202\/","_jd_wp_twitter":"a:1:{i:0;s:141:\"Trasporto pubblico, \u201ccambieremo i pullman di Amsc\u201d https:\/\/www.varesenews.it\/2021\/09\/trasporto-pubblico-cambieremo-pullman-amsc\/1374202\/ \";}","_wpt_status_message":"Tweet inviato con successo.","_oembed_990e0f0d2324ded1bcfdc0986595dcc2":"<blockquote class=\"wp-embedded-content\" data-secret=\"NLn7Iu4I2P\"><a href=\"https:\/\/www.saronnonews.it\/2021\/06\/22\/alla-scoperta-dei-lavori-di-restauro-degli-affreschi-della-chiesa-di-san-francesco\/\">Alla scoperta dei lavori di restauro degli affreschi della chiesa di San Francesco\u00a0<\/a><\/blockquote><iframe class=\"wp-embedded-content\" sandbox=\"allow-scripts\" security=\"restricted\" style=\"position: absolute; clip: rect(1px, 1px, 1px, 1px);\" src=\"https:\/\/www.saronnonews.it\/2021\/06\/22\/alla-scoperta-dei-lavori-di-restauro-degli-affreschi-della-chiesa-di-san-francesco\/embed\/#?secret=NLn7Iu4I2P\" data-secret=\"NLn7Iu4I2P\" width=\"500\" height=\"282\" title=\"&#8220;Alla scoperta dei lavori di restauro degli affreschi della chiesa di San Francesco\u00a0&#8221; &#8212; SaronnoNews\" frameborder=\"0\" marginwidth=\"0\" marginheight=\"0\" scrolling=\"no\"><\/iframe>","_oembed_time_990e0f0d2324ded1bcfdc0986595dcc2":"1630590839","_oembed_73db95b564a965997ee5e81bdf689f6c":"<blockquote class=\"wp-embedded-content\" data-secret=\"Yn4YNGWdDW\"><a href=\"https:\/\/www.varesenews.it\/2017\/05\/greta-e-giulio-il-nostro-amore-possibile-grazie-a-internet\/623570\/\">&#8220;Greta e Giulio, il nostro amore possibile grazie a internet&#8221;<\/a><\/blockquote><iframe class=\"wp-embedded-content\" sandbox=\"allow-scripts\" security=\"restricted\" style=\"position: absolute; clip: rect(1px, 1px, 1px, 1px);\" src=\"https:\/\/www.varesenews.it\/2017\/05\/greta-e-giulio-il-nostro-amore-possibile-grazie-a-internet\/623570\/embed\/#?secret=Yn4YNGWdDW\" data-secret=\"Yn4YNGWdDW\" width=\"500\" height=\"282\" title=\"&#8220;&#8220;Greta e Giulio, il nostro amore possibile grazie a internet&#8221;&#8221; &#8212; VareseNews\" frameborder=\"0\" marginwidth=\"0\" marginheight=\"0\" scrolling=\"no\"><\/iframe>","_oembed_time_73db95b564a965997ee5e81bdf689f6c":"1630590839","_oembed_087b5a3f6c8bdf23f7ada9fba6eaa646":"<iframe width=\"500\" height=\"281\" src=\"https:\/\/www.youtube.com\/embed\/qXtZJNl11JI?start=14&feature=oembed\" frameborder=\"0\" allow=\"accelerometer; autoplay; clipboard-write; encrypted-media; gyroscope; picture-in-picture\" allowfullscreen><\/iframe>","_oembed_time_087b5a3f6c8bdf23f7ada9fba6eaa646":"1630590839"},"photos":[{"original":"https:\/\/staging.varesenews.it\/photogallery_new\/images\/2020\/09\/gallarate-generico-1173172.jpg","full":"https:\/\/staging.varesenews.it\/photogallery_new\/images\/2020\/09\/gallarate-generico-1173172.1024x768.jpg","large":"https:\/\/staging.varesenews.it\/photogallery_new\/images\/2020\/09\/gallarate-generico-1173172.610x431.jpg"}],"_links":{"self":[{"href":"https:\/\/staging.varesenews.it\/swgapi\/v1\/wp\/v2\/posts\/1374202"}],"collection":[{"href":"https:\/\/staging.varesenews.it\/swgapi\/v1\/wp\/v2\/posts"}],"about":[{"href":"https:\/\/staging.varesenews.it\/swgapi\/v1\/wp\/v2\/types\/post"}],"author":[{"embeddable":true,"href":"https:\/\/staging.varesenews.it\/swgapi\/v1\/wp\/v2\/users\/46"}],"replies":[{"embeddable":true,"href":"https:\/\/staging.varesenews.it\/swgapi\/v1\/wp\/v2\/comments?post=1374202"}],"version-history":[{"count":0,"href":"https:\/\/staging.varesenews.it\/swgapi\/v1\/wp\/v2\/posts\/1374202\/revisions"}],"wp:attachment":[{"href":"https:\/\/staging.varesenews.it\/swgapi\/v1\/wp\/v2\/media?parent=1374202"}],"wp:term":[{"taxonomy":"category","embeddable":true,"href":"https:\/\/staging.varesenews.it\/swgapi\/v1\/wp\/v2\/categories?post=1374202"},{"taxonomy":"post_tag","embeddable":true,"href":"https:\/\/staging.varesenews.it\/swgapi\/v1\/wp\/v2\/tags?post=1374202"}],"curies":[{"name":"wp","href":"https:\/\/api.w.org\/{rel}","templated":true}]}}