{"id":1374496,"date":"2021-09-03T14:45:36","date_gmt":"2021-09-03T12:45:36","guid":{"rendered":"https:\/\/www.varesenews.it\/?p=1374496"},"modified":"2021-09-03T14:50:08","modified_gmt":"2021-09-03T12:50:08","slug":"sindaci-servizi-chiudono-allospedale-somma-serve-un-confronto","status":"publish","type":"post","link":"https:\/\/staging.varesenews.it\/2021\/09\/sindaci-servizi-chiudono-allospedale-somma-serve-un-confronto\/1374496\/","title":{"rendered":"I sindaci e i servizi che chiudono all&#8217;ospedale di Somma. &#8220;Serve un confronto&#8221;"},"content":{"rendered":"<p>Il ridimensionamento &#8211; almeno in parte inatteso &#8211; dell\u2019<strong>ospedale di Somma Lombardo<\/strong> preoccupa cittadini e <strong>sindaci della zona. \u00abServe un confronto sulle scelte<\/strong>, l\u2019ospedale Bellini ha un bacino ampio, che arriva fino al Piemonte\u00bb.<\/p>\n<p>Il sindaco di <strong>Somma Lombardo<\/strong> <a href=\"https:\/\/www.varesenews.it\/2021\/08\/bellaria-lospedale-somma-rischia-lennesimo-ridimensionamento\/1368572\/\">Stefano Bellaria ha lanciato l\u2019allarme gi\u00e0 nelle settimane scorse<\/a>, a Somma verr\u00e0 proposta anche <a href=\"https:\/\/www.varesenews.it\/2021\/08\/ospedale-somma-oculistica\/1373266\/\">una mozione (una presa di posizione ufficiale) in consiglio comunale<\/a>.<\/p>\n<p>\u00abCi siamo confrontati anche tra sindaci\u00bb dice <strong>Dimitri Cassani<\/strong>, primo cittadino di <strong>Casorate Sempione<\/strong>. \u00abL\u2019idea \u00e8 di inviare una lettera ai consiglieri regionali che si occupano il tema sanit\u00e0\u00bb. Una iniziativa <em>bipartisan<\/em>, come si diceva un tempo: <strong>\u00abNon mettiamo la politica davanti alla questione<\/strong>, ma confrontiamoci: io avrei piacere di parlarne con il consigliere e presidente di commissione sanit\u00e0 Monti (Lega, ndr) o anche con Astuti (Pd, ndr). Per capire e per <strong>fare presente i nostri dubbi su quanto sta accadendo<\/strong>\u00bb.<\/p>\n<p>\u00abSiamo un po\u2019 preoccupati\u00bb dice anche il collega <strong>Fabio Montagnoli<\/strong>, sindaco di <strong>Arsago Seprio<\/strong>. \u00abL&#8217;ospedale di Somma avuto gi\u00e0 avuto un ridimensionamento, <strong>gli era stata affidata una nuova funzione<\/strong>, ma<strong> ora c\u2019\u00e8 in corso uno stravolgimento di quell&#8217;indirizzo<\/strong>\u00bb.<\/p>\n<p>La sensazione di una progressiva dismissione \u00e8 sentita anche da molti cittadini. C&#8217;\u00e8 stato <a href=\"https:\/\/www.varesenews.it\/2021\/08\/manca-personale-lospedale-somma-chiude-centro-trasfusionale\/1369133\/\">lo stop al centro trasfusionale<\/a> (\u00abAbbiamo gi\u00e0 inviato una lettera su questo\u00bb, ricorda Montagnoli), oltre allo stop &#8220;emergenziale&#8221; alla riabilitazione, che pesa anche di pi\u00f9 perch\u00e9 <a href=\"https:\/\/www.varesenews.it\/2021\/09\/riabilitazione-somma-gallarate-53-posti-cancellati\/1374133\/\">&#8211; oltre che a Somma &#8211; i servizi sono stati sospesi anche a Gallarate<\/a>, con un -53 posti che lascia scoperta tutta l&#8217;area tra Gallaratese, Ticino e laghi, se non addirittura oltre, visto che una parte di utenza arriva dalla vicina zona oltre Ticino, come <strong>Varallo Pombia<\/strong>.<\/p>\n<blockquote class=\"wp-embedded-content\" data-secret=\"TAZEMYW4mF\"><p><a href=\"https:\/\/www.varesenews.it\/2021\/09\/riabilitazione-somma-gallarate-53-posti-cancellati\/1374133\/\">Riabilitazione a Somma e Gallarate, 53 posti cancellati<\/a><\/p><\/blockquote>\n<p><iframe class=\"wp-embedded-content\" sandbox=\"allow-scripts\" security=\"restricted\" style=\"position: absolute; clip: rect(1px, 1px, 1px, 1px);\" src=\"https:\/\/www.varesenews.it\/2021\/09\/riabilitazione-somma-gallarate-53-posti-cancellati\/1374133\/embed\/#?secret=TAZEMYW4mF\" data-secret=\"TAZEMYW4mF\" width=\"500\" height=\"282\" title=\"&#8220;Riabilitazione a Somma e Gallarate, 53 posti cancellati&#8221; &#8212; VareseNews\" frameborder=\"0\" marginwidth=\"0\" marginheight=\"0\" scrolling=\"no\"><\/iframe><\/p>\n<p>C&#8217;\u00e8 <strong>l&#8217;incertezza sul destino della chirurgia oculistica<\/strong>, quella che doveva essere appunto la &#8220;vocazione&#8221; di Somma e che oggi si scontra con un tema pi\u00f9 ampio: le<strong> difficolt\u00e0 a garantire personale nell&#8217;Asst Valle Olona<\/strong>. Nel caso specifico la difficolt\u00e0 riguarda ad esempio i turni degli anestesisti, ovviamente centrali nell&#8217;attivit\u00e0 chirurgica: \u00abNon ha senso tenere un anestesista a Somma a leggere il giornale\u00bb aveva sintetizzato un po&#8217; brutalmente il dg <strong>Eugenio Porfido<\/strong>, assicurando che rimarr\u00e0 l&#8217;oculistica ma non la parte chirurgica.<\/p>\n<p>Dal punto di vista dei sindaci<strong>, pesa l&#8217;incertezza sulle prospettive:<\/strong> \u00abPensiamo agli investimenti che sono stati fatti sulla chirurgia oculistica\u00bb dice Montagnoli. Con tutti i dubbi sulla qualit\u00e0 complessiva del servizio, tema non solo locale: <strong>\u00abSe si sposta a chirurgia oculistica a Gallarate<\/strong> si avr\u00e0 un reparto pi\u00f9 ampio o <strong>si allungheranno le liste d\u2019attesa?\u00bb.<\/strong><\/p>\n<p>Il territorio si era dimostrato anche attento nella fase di pandemia, riconoscendo l&#8217;importanza di quel presidio: \u00abAvevamo fatto <strong>una raccolta fondi durante il periodo del Covid per donare attrezzature<\/strong> e pres\u00ecdi medici\u00bb ricorda ancora Cassani.<\/p>\n<p>Il sindaco di <strong>Vergiate<\/strong> <strong>Maurizio Leorato<\/strong> (alle ultime settimane di mandato) <strong>sottolinea in modo franco il parallelo con un&#8217;altra realt\u00e0<\/strong> vicina di riferimento: \u00abAvendo <strong>seguito in questi anni le difficolt\u00e0 dell\u2019ospedale di Angera<\/strong>, dico che \u00e8 ora si deve <strong>smetterla di togliere professionalit\u00e0 agli ospedali locali<\/strong> che garantiscono le esigenze della salute dei cittadini. In questi anni Angera ha perso tante professionalit\u00e0, il che ha creato problemi sia nella organizzazione interna all&#8217;ospedale, sia per l\u2019utenza. Si deve cambiare approccio: non chiudere i servizi per mancanza di professionalit\u00e0, ma aggiungere e potenziare\u00bb.<\/p>\n<p>A livello locale <a href=\"https:\/\/www.varesenews.it\/2021\/09\/barcaro-bisogna-guardare-al-futuro-del-bellini-somma\/1373875\/\">c&#8217;\u00e8 stata qualche frizione politica (a Somma)<\/a>, ma l&#8217;approccio dei sindaci \u00e8 istituzionale.<br \/>\n\u00abSe ragiono con il cuore &#8211; riflette Cassani di Casorate &#8211; dico che la maggior parte di noi casoratesi \u00e8 nata a Somma, per noi vedere la riduzione dei servizi \u00e8 un po\u2019 un tradimento:<strong> ci pare di vedere una struttura che d\u00e0 servizi e che viene smantellata<\/strong>, perdendo pezzi importanti. Dall\u2019altra parte, affrontando razionalmente la questione, <strong>in Regione si fa un&#8217;analisi sul bacino, sui numeri<\/strong>, sulla necessit\u00e0 di un determinato numero di interventi e utenti anche per garantire piena sicurezza all\u2019operativit\u00e0, come gi\u00e0 si diceva ai tempi della chiusura della maternit\u00e0\u00bb.<\/p>\n<blockquote class=\"wp-embedded-content\" data-secret=\"ZmxWjKSLQo\"><p><a href=\"https:\/\/www.varesenews.it\/2021\/09\/barcaro-bisogna-guardare-al-futuro-del-bellini-somma\/1373875\/\">Tutti per il Bellini di Somma Lombardo, ma non sia attacco alla Lega<\/a><\/p><\/blockquote>\n<p><iframe class=\"wp-embedded-content\" sandbox=\"allow-scripts\" security=\"restricted\" style=\"position: absolute; clip: rect(1px, 1px, 1px, 1px);\" src=\"https:\/\/www.varesenews.it\/2021\/09\/barcaro-bisogna-guardare-al-futuro-del-bellini-somma\/1373875\/embed\/#?secret=ZmxWjKSLQo\" data-secret=\"ZmxWjKSLQo\" width=\"500\" height=\"282\" title=\"&#8220;Tutti per il Bellini di Somma Lombardo, ma non sia attacco alla Lega&#8221; &#8212; VareseNews\" frameborder=\"0\" marginwidth=\"0\" marginheight=\"0\" scrolling=\"no\"><\/iframe><\/p>\n<p>Va ricordato che <strong>pi\u00f9 volte Regione e Asst avevano dato rassicurazioni<\/strong> su investimenti e mantenimento di servizi, con la <a href=\"https:\/\/www.varesenews.it\/2020\/06\/lospedale-somma-presidio-territoriale-anche-si-fara-lospedale-unico\/940745\/\" target=\"_blank\" rel=\"noopener\">programmazione di lavori sulla struttura<\/a> e di <a href=\"https:\/\/www.varesenews.it\/2019\/12\/oltre-allospedale-unico-un-progetto-rilanciare-bellini\/881786\/\">un progetto pi\u00f9 ampio con una contrazione dei 60 posti letto di oculistica e riabilitazione<\/a>, &#8220;compensati&#8221; per\u00f2 <a href=\"https:\/\/www.varesenews.it\/2019\/10\/futuro-del-bellini-sara-lospedale-comunita\/864030\/\">dall&#8217;investimento su un &#8220;reparto di comunit\u00e0&#8221;, a gestione infermieristica<\/a>.<\/p>\n<p><div class=\"photo-inside-post\"><img decoding=\"async\" loading=\"lazy\" fetchpriority=\"low\" width=\"610\" height=\"431\" src=\"https:\/\/staging.varesenews.it\/photogallery_new\/images\/2020\/06\/sopralluogo-somma-lombardo-1158758.610x431.jpg\" alt=\"Sopralluogo Somma Lombardo\"><\/div> Gli ambulatori di via Fuser, oggetto di intervento di riqualificazione<\/p>\n<p>Certo\u00a0<strong>l&#8217;attuale, &#8220;emergenziale&#8221; contrazione dei servizi preoccupa<\/strong>. \u00abUn sindaco per Legge rappresenta l\u2019autorit\u00e0 responsabile per la salute sul territorio: anche per questo \u00e8 necessario che conosca la situazione e contribuisca alle decisioni che si prendono\u00bb, conclude Montagnoli di Arsago. Gi\u00e0 Bellaria aveva chiesto di <a href=\"https:\/\/www.varesenews.it\/2021\/08\/bellaria-lospedale-somma-rischia-lennesimo-ridimensionamento\/1368572\/\">confrontarsi s\u00ec sul futuro, ma anche sul mantenimento degli attuali servizi<\/a>, anche per evitare il disorientamento dei cittadini che ancora si rivolgono a Somma.<\/p>\n","protected":false},"excerpt":{"rendered":"<p>L&#8217;ospedale Bellini assicura servizi a un bacino che va dal Gallaratese al Lago Maggiore e anche oltre Ticino. Di fronte al depotenziamento \u00e8 diffusa la preoccupazione dei sindaci<\/p>\n","protected":false},"author":46,"featured_media":0,"comment_status":"open","ping_status":"open","sticky":false,"template":"","format":"standard","meta":{"footnotes":""},"categories":[3,24],"tags":[21182,117320],"acf":[],"yoast_head":"<!-- This site is optimized with the Yoast SEO plugin v20.1 - https:\/\/yoast.com\/wordpress\/plugins\/seo\/ -->\n<title>I sindaci e i servizi che chiudono all&#039;ospedale di Somma. &quot;Serve un confronto&quot;<\/title>\n<meta name=\"description\" content=\"L&#039;ospedale Bellini assicura servizi a un bacino che va dal Gallaratese al Lago Maggiore e anche oltre Ticino. Di fronte al depotenziamento \u00e8 diffusa la preoccupazione dei sindaci\" \/>\n<meta name=\"robots\" content=\"noindex, follow, max-snippet:-1, max-image-preview:large, max-video-preview:-1\" \/>\n<meta property=\"og:locale\" content=\"it_IT\" \/>\n<meta property=\"og:type\" content=\"article\" \/>\n<meta property=\"og:title\" content=\"I sindaci e i servizi che chiudono all&#039;ospedale di Somma. &quot;Serve un confronto&quot;\" \/>\n<meta property=\"og:description\" content=\"L&#039;ospedale Bellini assicura servizi a un bacino che va dal Gallaratese al Lago Maggiore e anche oltre Ticino. Di fronte al depotenziamento \u00e8 diffusa la preoccupazione dei sindaci\" \/>\n<meta property=\"og:url\" content=\"https:\/\/www.varesenews.it\/2021\/09\/sindaci-servizi-chiudono-allospedale-somma-serve-un-confronto\/1374496\/\" \/>\n<meta property=\"og:site_name\" content=\"VareseNews\" \/>\n<meta property=\"article:publisher\" content=\"https:\/\/www.facebook.com\/varesenews\" \/>\n<meta property=\"article:published_time\" content=\"2021-09-03T12:45:36+00:00\" \/>\n<meta property=\"article:modified_time\" content=\"2021-09-03T12:50:08+00:00\" \/>\n<meta name=\"author\" content=\"Roberto Morandi\" \/>\n<meta name=\"twitter:card\" content=\"summary_large_image\" \/>\n<meta name=\"twitter:creator\" content=\"@ilmorands\" \/>\n<meta name=\"twitter:site\" content=\"@varesenews\" \/>\n<meta name=\"twitter:label1\" content=\"Scritto da\" \/>\n\t<meta name=\"twitter:data1\" content=\"Roberto Morandi\" \/>\n\t<meta name=\"twitter:label2\" content=\"Tempo di lettura stimato\" \/>\n\t<meta name=\"twitter:data2\" content=\"4 minuti\" \/>\n<script type=\"application\/ld+json\" class=\"yoast-schema-graph\">{\"@context\":\"https:\/\/schema.org\",\"@graph\":[{\"@type\":\"WebPage\",\"@id\":\"https:\/\/www.varesenews.it\/2021\/09\/sindaci-servizi-chiudono-allospedale-somma-serve-un-confronto\/1374496\/\",\"url\":\"https:\/\/www.varesenews.it\/2021\/09\/sindaci-servizi-chiudono-allospedale-somma-serve-un-confronto\/1374496\/\",\"name\":\"I sindaci e i servizi che chiudono all'ospedale di Somma. \\\"Serve un confronto\\\"\",\"isPartOf\":{\"@id\":\"https:\/\/staging.varesenews.it\/#website\"},\"datePublished\":\"2021-09-03T12:45:36+00:00\",\"dateModified\":\"2021-09-03T12:50:08+00:00\",\"author\":{\"@id\":\"https:\/\/staging.varesenews.it\/#\/schema\/person\/efe592ae4c76536b551f89d8b6674bc3\"},\"description\":\"L'ospedale Bellini assicura servizi a un bacino che va dal Gallaratese al Lago Maggiore e anche oltre Ticino. Di fronte al depotenziamento \u00e8 diffusa la preoccupazione dei sindaci\",\"breadcrumb\":{\"@id\":\"https:\/\/www.varesenews.it\/2021\/09\/sindaci-servizi-chiudono-allospedale-somma-serve-un-confronto\/1374496\/#breadcrumb\"},\"inLanguage\":\"it-IT\",\"potentialAction\":[{\"@type\":\"ReadAction\",\"target\":[\"https:\/\/www.varesenews.it\/2021\/09\/sindaci-servizi-chiudono-allospedale-somma-serve-un-confronto\/1374496\/\"]}]},{\"@type\":\"BreadcrumbList\",\"@id\":\"https:\/\/www.varesenews.it\/2021\/09\/sindaci-servizi-chiudono-allospedale-somma-serve-un-confronto\/1374496\/#breadcrumb\",\"itemListElement\":[{\"@type\":\"ListItem\",\"position\":1,\"name\":\"Home\",\"item\":\"https:\/\/www.varesenews.it\/\"},{\"@type\":\"ListItem\",\"position\":2,\"name\":\"I sindaci e i servizi che chiudono all&#8217;ospedale di Somma. &#8220;Serve un confronto&#8221;\"}]},{\"@type\":\"WebSite\",\"@id\":\"https:\/\/staging.varesenews.it\/#website\",\"url\":\"https:\/\/staging.varesenews.it\/\",\"name\":\"VareseNews\",\"description\":\"\",\"potentialAction\":[{\"@type\":\"SearchAction\",\"target\":{\"@type\":\"EntryPoint\",\"urlTemplate\":\"https:\/\/staging.varesenews.it\/?s={search_term_string}\"},\"query-input\":\"required name=search_term_string\"}],\"inLanguage\":\"it-IT\"},{\"@type\":\"Person\",\"@id\":\"https:\/\/staging.varesenews.it\/#\/schema\/person\/efe592ae4c76536b551f89d8b6674bc3\",\"name\":\"Roberto Morandi\",\"image\":{\"@type\":\"ImageObject\",\"inLanguage\":\"it-IT\",\"@id\":\"https:\/\/staging.varesenews.it\/#\/schema\/person\/image\/\",\"url\":\"https:\/\/staging.varesenews.it\/wp-content\/uploads\/2020\/12\/roberto_morandi_colori_500.jpg\",\"contentUrl\":\"https:\/\/staging.varesenews.it\/wp-content\/uploads\/2020\/12\/roberto_morandi_colori_500.jpg\",\"caption\":\"Roberto Morandi\"},\"description\":\"Classe 1980, laureato in storia, mi occupo dell&rsquo;area di Gallarate e di Malpensa, di trasporti e mobilit&agrave;. Amo molto la dimensione della citt&agrave;, come luogo d&rsquo;incontro di persone diverse e come organismo che si trasforma costantemente. Mi piace anche raccontare le piccole e grandi vicende, anche locali, che compongono la Storia con la S maiuscola. Appassionato di bicicletta: la macchina perfetta per muoversi in citt&agrave; e per viaggiare.\",\"sameAs\":[\"https:\/\/twitter.com\/ilmorands\"],\"url\":\"https:\/\/staging.varesenews.it\/persona\/roberto-morandi1\/\"}]}<\/script>\n<!-- \/ Yoast SEO plugin. -->","yoast_head_json":{"title":"I sindaci e i servizi che chiudono all'ospedale di Somma. \"Serve un confronto\"","description":"L'ospedale Bellini assicura servizi a un bacino che va dal Gallaratese al Lago Maggiore e anche oltre Ticino. Di fronte al depotenziamento \u00e8 diffusa la preoccupazione dei sindaci","robots":{"index":"noindex","follow":"follow","max-snippet":"max-snippet:-1","max-image-preview":"max-image-preview:large","max-video-preview":"max-video-preview:-1"},"og_locale":"it_IT","og_type":"article","og_title":"I sindaci e i servizi che chiudono all'ospedale di Somma. \"Serve un confronto\"","og_description":"L'ospedale Bellini assicura servizi a un bacino che va dal Gallaratese al Lago Maggiore e anche oltre Ticino. Di fronte al depotenziamento \u00e8 diffusa la preoccupazione dei sindaci","og_url":"https:\/\/www.varesenews.it\/2021\/09\/sindaci-servizi-chiudono-allospedale-somma-serve-un-confronto\/1374496\/","og_site_name":"VareseNews","article_publisher":"https:\/\/www.facebook.com\/varesenews","article_published_time":"2021-09-03T12:45:36+00:00","article_modified_time":"2021-09-03T12:50:08+00:00","author":"Roberto Morandi","twitter_card":"summary_large_image","twitter_creator":"@ilmorands","twitter_site":"@varesenews","twitter_misc":{"Scritto da":"Roberto Morandi","Tempo di lettura stimato":"4 minuti"},"schema":{"@context":"https:\/\/schema.org","@graph":[{"@type":"WebPage","@id":"https:\/\/www.varesenews.it\/2021\/09\/sindaci-servizi-chiudono-allospedale-somma-serve-un-confronto\/1374496\/","url":"https:\/\/www.varesenews.it\/2021\/09\/sindaci-servizi-chiudono-allospedale-somma-serve-un-confronto\/1374496\/","name":"I sindaci e i servizi che chiudono all'ospedale di Somma. \"Serve un confronto\"","isPartOf":{"@id":"https:\/\/staging.varesenews.it\/#website"},"datePublished":"2021-09-03T12:45:36+00:00","dateModified":"2021-09-03T12:50:08+00:00","author":{"@id":"https:\/\/staging.varesenews.it\/#\/schema\/person\/efe592ae4c76536b551f89d8b6674bc3"},"description":"L'ospedale Bellini assicura servizi a un bacino che va dal Gallaratese al Lago Maggiore e anche oltre Ticino. Di fronte al depotenziamento \u00e8 diffusa la preoccupazione dei sindaci","breadcrumb":{"@id":"https:\/\/www.varesenews.it\/2021\/09\/sindaci-servizi-chiudono-allospedale-somma-serve-un-confronto\/1374496\/#breadcrumb"},"inLanguage":"it-IT","potentialAction":[{"@type":"ReadAction","target":["https:\/\/www.varesenews.it\/2021\/09\/sindaci-servizi-chiudono-allospedale-somma-serve-un-confronto\/1374496\/"]}]},{"@type":"BreadcrumbList","@id":"https:\/\/www.varesenews.it\/2021\/09\/sindaci-servizi-chiudono-allospedale-somma-serve-un-confronto\/1374496\/#breadcrumb","itemListElement":[{"@type":"ListItem","position":1,"name":"Home","item":"https:\/\/www.varesenews.it\/"},{"@type":"ListItem","position":2,"name":"I sindaci e i servizi che chiudono all&#8217;ospedale di Somma. &#8220;Serve un confronto&#8221;"}]},{"@type":"WebSite","@id":"https:\/\/staging.varesenews.it\/#website","url":"https:\/\/staging.varesenews.it\/","name":"VareseNews","description":"","potentialAction":[{"@type":"SearchAction","target":{"@type":"EntryPoint","urlTemplate":"https:\/\/staging.varesenews.it\/?s={search_term_string}"},"query-input":"required name=search_term_string"}],"inLanguage":"it-IT"},{"@type":"Person","@id":"https:\/\/staging.varesenews.it\/#\/schema\/person\/efe592ae4c76536b551f89d8b6674bc3","name":"Roberto Morandi","image":{"@type":"ImageObject","inLanguage":"it-IT","@id":"https:\/\/staging.varesenews.it\/#\/schema\/person\/image\/","url":"https:\/\/staging.varesenews.it\/wp-content\/uploads\/2020\/12\/roberto_morandi_colori_500.jpg","contentUrl":"https:\/\/staging.varesenews.it\/wp-content\/uploads\/2020\/12\/roberto_morandi_colori_500.jpg","caption":"Roberto Morandi"},"description":"Classe 1980, laureato in storia, mi occupo dell&rsquo;area di Gallarate e di Malpensa, di trasporti e mobilit&agrave;. Amo molto la dimensione della citt&agrave;, come luogo d&rsquo;incontro di persone diverse e come organismo che si trasforma costantemente. Mi piace anche raccontare le piccole e grandi vicende, anche locali, che compongono la Storia con la S maiuscola. Appassionato di bicicletta: la macchina perfetta per muoversi in citt&agrave; e per viaggiare.","sameAs":["https:\/\/twitter.com\/ilmorands"],"url":"https:\/\/staging.varesenews.it\/persona\/roberto-morandi1\/"}]}},"post_meta":{"_edit_lock":"1630678795:46","_edit_last":"46","_oembed_d3ff6d0aa157fc84508a3cbc256a033a":"<blockquote class=\"wp-embedded-content\" data-secret=\"Iz2TvsvmGn\"><a href=\"https:\/\/www.varesenews.it\/2019\/12\/oltre-allospedale-unico-un-progetto-rilanciare-bellini\/881786\/\">Oltre all&#8217;ospedale unico, un progetto per rilanciare il Bellini<\/a><\/blockquote><iframe class=\"wp-embedded-content\" sandbox=\"allow-scripts\" security=\"restricted\" style=\"position: absolute; clip: rect(1px, 1px, 1px, 1px);\" src=\"https:\/\/www.varesenews.it\/2019\/12\/oltre-allospedale-unico-un-progetto-rilanciare-bellini\/881786\/embed\/#?secret=Iz2TvsvmGn\" data-secret=\"Iz2TvsvmGn\" width=\"600\" height=\"338\" title=\"&#8220;Oltre all&#8217;ospedale unico, un progetto per rilanciare il Bellini&#8221; &#8212; VareseNews\" frameborder=\"0\" marginwidth=\"0\" marginheight=\"0\" scrolling=\"no\"><\/iframe>","_oembed_time_d3ff6d0aa157fc84508a3cbc256a033a":"1630671142","_oembed_c4ed64860bcd42c7d28478cd1033a7f9":"<blockquote class=\"wp-embedded-content\" data-secret=\"QkYq9sXBeE\"><a href=\"https:\/\/www.varesenews.it\/2021\/09\/riabilitazione-somma-gallarate-53-posti-cancellati\/1374133\/\">Riabilitazione a Somma e Gallarate, 53 posti cancellati<\/a><\/blockquote><iframe class=\"wp-embedded-content\" sandbox=\"allow-scripts\" security=\"restricted\" style=\"position: absolute; clip: rect(1px, 1px, 1px, 1px);\" src=\"https:\/\/www.varesenews.it\/2021\/09\/riabilitazione-somma-gallarate-53-posti-cancellati\/1374133\/embed\/#?secret=QkYq9sXBeE\" data-secret=\"QkYq9sXBeE\" width=\"600\" height=\"338\" title=\"&#8220;Riabilitazione a Somma e Gallarate, 53 posti cancellati&#8221; &#8212; VareseNews\" frameborder=\"0\" marginwidth=\"0\" marginheight=\"0\" scrolling=\"no\"><\/iframe>","_oembed_time_c4ed64860bcd42c7d28478cd1033a7f9":"1630673040","_oembed_c9130dfb227ea1314e6521d0f1db5c08":"<blockquote class=\"wp-embedded-content\" data-secret=\"nf9PBMEhAf\"><a href=\"https:\/\/www.varesenews.it\/2021\/09\/barcaro-bisogna-guardare-al-futuro-del-bellini-somma\/1373875\/\">Tutti per il Bellini di Somma Lombardo, ma non sia attacco alla Lega<\/a><\/blockquote><iframe class=\"wp-embedded-content\" sandbox=\"allow-scripts\" security=\"restricted\" style=\"position: absolute; clip: rect(1px, 1px, 1px, 1px);\" src=\"https:\/\/www.varesenews.it\/2021\/09\/barcaro-bisogna-guardare-al-futuro-del-bellini-somma\/1373875\/embed\/#?secret=nf9PBMEhAf\" data-secret=\"nf9PBMEhAf\" width=\"600\" height=\"338\" title=\"&#8220;Tutti per il Bellini di Somma Lombardo, ma non sia attacco alla Lega&#8221; &#8212; VareseNews\" frameborder=\"0\" marginwidth=\"0\" marginheight=\"0\" scrolling=\"no\"><\/iframe>","_oembed_time_c9130dfb227ea1314e6521d0f1db5c08":"1630673053","_category_permalink":"a:1:{s:8:\"category\";s:1:\"3\";}","_encloseme":"1","ratings_users":"0","ratings_score":"0","ratings_average":"0","foto":"1243733","argomento":"Somma Lombardo","_yoast_wpseo_content_score":"30","_jd_tweet_this":"yes","_oembed_fa7fe4f5be81ea9be33c809b30db8fdd":"<blockquote class=\"wp-embedded-content\" data-secret=\"TAZEMYW4mF\"><a href=\"https:\/\/www.varesenews.it\/2021\/09\/riabilitazione-somma-gallarate-53-posti-cancellati\/1374133\/\">Riabilitazione a Somma e Gallarate, 53 posti cancellati<\/a><\/blockquote><iframe class=\"wp-embedded-content\" sandbox=\"allow-scripts\" security=\"restricted\" style=\"position: absolute; clip: rect(1px, 1px, 1px, 1px);\" src=\"https:\/\/www.varesenews.it\/2021\/09\/riabilitazione-somma-gallarate-53-posti-cancellati\/1374133\/embed\/#?secret=TAZEMYW4mF\" data-secret=\"TAZEMYW4mF\" width=\"500\" height=\"282\" title=\"&#8220;Riabilitazione a Somma e Gallarate, 53 posti cancellati&#8221; &#8212; VareseNews\" frameborder=\"0\" marginwidth=\"0\" marginheight=\"0\" scrolling=\"no\"><\/iframe>","_oembed_time_fa7fe4f5be81ea9be33c809b30db8fdd":"1630673141","_oembed_a532b9ac34c207590a259e13a0c5dab1":"<blockquote class=\"wp-embedded-content\" data-secret=\"ZmxWjKSLQo\"><a href=\"https:\/\/www.varesenews.it\/2021\/09\/barcaro-bisogna-guardare-al-futuro-del-bellini-somma\/1373875\/\">Tutti per il Bellini di Somma Lombardo, ma non sia attacco alla Lega<\/a><\/blockquote><iframe class=\"wp-embedded-content\" sandbox=\"allow-scripts\" security=\"restricted\" style=\"position: absolute; clip: rect(1px, 1px, 1px, 1px);\" src=\"https:\/\/www.varesenews.it\/2021\/09\/barcaro-bisogna-guardare-al-futuro-del-bellini-somma\/1373875\/embed\/#?secret=ZmxWjKSLQo\" data-secret=\"ZmxWjKSLQo\" width=\"500\" height=\"282\" title=\"&#8220;Tutti per il Bellini di Somma Lombardo, ma non sia attacco alla Lega&#8221; &#8212; VareseNews\" frameborder=\"0\" marginwidth=\"0\" marginheight=\"0\" scrolling=\"no\"><\/iframe>","_oembed_time_a532b9ac34c207590a259e13a0c5dab1":"1630673142","_wpt_short_url":"https:\/\/www.varesenews.it\/2021\/09\/sindaci-servizi-chiudono-allospedale-somma-serve-un-confronto\/1374496\/","_wp_jd_target":"https:\/\/www.varesenews.it\/2021\/09\/sindaci-servizi-chiudono-allospedale-somma-serve-un-confronto\/1374496\/","_jd_wp_twitter":"a:1:{i:0;s:190:\"I sindaci e i servizi che chiudono all\u2019ospedale di Somma. \u201cServe un confronto\u201d https:\/\/www.varesenews.it\/2021\/09\/sindaci-servizi-chiudono-allospedale-somma-serve-un-confronto\/1374496\/ \";}","_wpt_status_message":"Tweet inviato con successo.","_oembed_6493846bdfe3938b7ea75da9b8dbd2a2":"<blockquote class=\"wp-embedded-content\" data-secret=\"9SodRxv5GN\"><a href=\"https:\/\/www.varesenews.it\/2021\/09\/barcaro-bisogna-guardare-al-futuro-del-bellini-somma\/1373875\/\">Tutti per il Bellini di Somma Lombardo, ma non sia attacco alla Lega<\/a><\/blockquote><iframe class=\"wp-embedded-content\" sandbox=\"allow-scripts\" security=\"restricted\" style=\"position: absolute; clip: rect(1px, 1px, 1px, 1px);\" src=\"https:\/\/www.varesenews.it\/2021\/09\/barcaro-bisogna-guardare-al-futuro-del-bellini-somma\/1373875\/embed\/#?secret=9SodRxv5GN\" data-secret=\"9SodRxv5GN\" width=\"600\" height=\"338\" title=\"&#8220;Tutti per il Bellini di Somma Lombardo, ma non sia attacco alla Lega&#8221; &#8212; VareseNews\" frameborder=\"0\" marginwidth=\"0\" marginheight=\"0\" scrolling=\"no\"><\/iframe>","_oembed_time_6493846bdfe3938b7ea75da9b8dbd2a2":"1630673150","_oembed_9e68d91911d089df51c3f0cea06399a6":"<blockquote class=\"wp-embedded-content\" data-secret=\"c17EVpxo0a\"><a href=\"https:\/\/www.varesenews.it\/2021\/09\/riabilitazione-somma-gallarate-53-posti-cancellati\/1374133\/\">Riabilitazione a Somma e Gallarate, 53 posti cancellati<\/a><\/blockquote><iframe class=\"wp-embedded-content\" sandbox=\"allow-scripts\" security=\"restricted\" style=\"position: absolute; clip: rect(1px, 1px, 1px, 1px);\" src=\"https:\/\/www.varesenews.it\/2021\/09\/riabilitazione-somma-gallarate-53-posti-cancellati\/1374133\/embed\/#?secret=c17EVpxo0a\" data-secret=\"c17EVpxo0a\" width=\"600\" height=\"338\" title=\"&#8220;Riabilitazione a Somma e Gallarate, 53 posti cancellati&#8221; &#8212; VareseNews\" frameborder=\"0\" marginwidth=\"0\" marginheight=\"0\" scrolling=\"no\"><\/iframe>","_oembed_time_9e68d91911d089df51c3f0cea06399a6":"1630673150","id_leggi_anche":"1414178"},"photos":[{"original":"https:\/\/staging.varesenews.it\/photogallery_new\/images\/2021\/09\/ospedale-bellini-somma-1243733.jpg","full":"https:\/\/staging.varesenews.it\/photogallery_new\/images\/2021\/09\/ospedale-bellini-somma-1243733.1024x768.jpg","large":"https:\/\/staging.varesenews.it\/photogallery_new\/images\/2021\/09\/ospedale-bellini-somma-1243733.610x431.jpg"}],"_links":{"self":[{"href":"https:\/\/staging.varesenews.it\/swgapi\/v1\/wp\/v2\/posts\/1374496"}],"collection":[{"href":"https:\/\/staging.varesenews.it\/swgapi\/v1\/wp\/v2\/posts"}],"about":[{"href":"https:\/\/staging.varesenews.it\/swgapi\/v1\/wp\/v2\/types\/post"}],"author":[{"embeddable":true,"href":"https:\/\/staging.varesenews.it\/swgapi\/v1\/wp\/v2\/users\/46"}],"replies":[{"embeddable":true,"href":"https:\/\/staging.varesenews.it\/swgapi\/v1\/wp\/v2\/comments?post=1374496"}],"version-history":[{"count":0,"href":"https:\/\/staging.varesenews.it\/swgapi\/v1\/wp\/v2\/posts\/1374496\/revisions"}],"wp:attachment":[{"href":"https:\/\/staging.varesenews.it\/swgapi\/v1\/wp\/v2\/media?parent=1374496"}],"wp:term":[{"taxonomy":"category","embeddable":true,"href":"https:\/\/staging.varesenews.it\/swgapi\/v1\/wp\/v2\/categories?post=1374496"},{"taxonomy":"post_tag","embeddable":true,"href":"https:\/\/staging.varesenews.it\/swgapi\/v1\/wp\/v2\/tags?post=1374496"}],"curies":[{"name":"wp","href":"https:\/\/api.w.org\/{rel}","templated":true}]}}