{"id":1375441,"date":"2021-09-06T22:22:04","date_gmt":"2021-09-06T20:22:04","guid":{"rendered":"https:\/\/www.varesenews.it\/?p=1375441"},"modified":"2021-09-06T22:22:04","modified_gmt":"2021-09-06T20:22:04","slug":"jones-ben-sperare-wilson-le-polveri-inzuppate","status":"publish","type":"post","link":"https:\/\/staging.varesenews.it\/2021\/09\/jones-ben-sperare-wilson-le-polveri-inzuppate\/1375441\/","title":{"rendered":"Jones fa ben sperare, Wilson con le polveri inzuppate"},"content":{"rendered":"<p><strong>GENTILE 6,5<\/strong> \u2013 Regge a tratti da solo l&#8217;attacco biancorosso, anche perch\u00e9 i compagni continuano a scaricargli tra le mani palloni che spesso sono patate bollenti. 24 punti con Cournooh addosso sono un bel bottino, ed \u00e8 chiaro che non si possa incolpare per la regia, ruolo che gli viene dato ma che non \u00e8 il suo. Qualche buco in difesa, ma non si pu\u00f2 certo incolparlo della debacle.<\/p>\n<p><strong>BEANE 5<\/strong> \u2013 Indietro dal punto di vista fisico, si \u00e8 anche fermato nei giorni scorsi, prova a piegare le gambe in difesa ma non riesce a pungere pi\u00f9 di tanto.<\/p>\n<p><strong>SOROKAS 6<\/strong> \u2013 Il pi\u00f9 utile al di fuori del duo Gentile-Jones, l&#8217;uomo che prova a mettere un argine nel terzo periodo quando Cremona mette il turbo. Tre canestri in fila, ma \u00e8 chiaro che non possa far altro che mettere pezze.<\/p>\n<p><strong>DE NICOLAO 4,5<\/strong> \u2013 Senza Kell, Vertemati lo tiene comunque come incursore dalla panchina ma la mossa non funziona. E con il passare del tempo non riesce a riprendere il bandolo della matassa.<\/p>\n<p><strong>WILSON 4,5<\/strong> \u2013 Il peggiore, a occhio e croce, perch\u00e9 il suo 0\/7 nel tiro da tre (non contiamo l&#8217;unico canestro infilato a partita chiusa) \u00e8 un fardello troppo pesante. La OJM non riesce ad aprire l&#8217;area con il tiratore designato e tutto diventa pi\u00f9 complicato. E dire che basterebbe l&#8217;Elijah visto con Tortona.<\/p>\n<blockquote class=\"wp-embedded-content\" data-secret=\"vZ7zvb8TeA\"><p><a href=\"https:\/\/www.varesenews.it\/2021\/09\/senza-mira-senza-gambe-senza-umilta-figuraccia-openjobmetis-cremona\/1375416\/\">Senza mira, senza gambe, senza umilt\u00e0: figuraccia Openjobmetis a Cremona<\/a><\/p><\/blockquote>\n<p><iframe class=\"wp-embedded-content\" sandbox=\"allow-scripts\" security=\"restricted\" style=\"position: absolute; clip: rect(1px, 1px, 1px, 1px);\" src=\"https:\/\/www.varesenews.it\/2021\/09\/senza-mira-senza-gambe-senza-umilta-figuraccia-openjobmetis-cremona\/1375416\/embed\/#?secret=vZ7zvb8TeA\" data-secret=\"vZ7zvb8TeA\" width=\"500\" height=\"282\" title=\"&#8220;Senza mira, senza gambe, senza umilt\u00e0: figuraccia Openjobmetis a Cremona&#8221; &#8212; VareseNews\" frameborder=\"0\" marginwidth=\"0\" marginheight=\"0\" scrolling=\"no\"><\/iframe><\/p>\n<p><strong>EGBUNU 5<\/strong> \u2013 S\u00ec, 14 rimbalzi, ma non ci \u00e8 piaciuto granch\u00e9. Inizio da ciabatte in spiaggia con un paio di assist presi in faccia per mancanza di riflessi. Poi fa cose buone, senz&#8217;altro, ma con i buchi di Cremona in difesa avrebbe potuto e dovuto essere un&#8217;arma pesante e invece ha dato l&#8217;impressione di accontentarsi.<\/p>\n<p><strong>FERRERO 5<\/strong> \u2013 Solita voglia, ma anche errori da vicino nel momento in cui Varese avrebbe potuto scappare.<\/p>\n<p><strong>JONES 6,5<\/strong> \u2013 La nota migliore, perch\u00e9 sicuramente \u00e8 arruffone (specie in avvio) ma mostra una voglia matta di correre, saltare, attaccare il cansestro. Senza paura di volare fuori dal campo per recuperare una palla o per atterrare dopo un fallo subito. Ora deve aggiungere autonomia, un po&#8217; di atletismo in area e \u201cmano\u201d dall&#8217;arco. Per\u00f2 sta crescendo e questo \u00e8 l&#8217;importante.<\/p>\n<blockquote class=\"wp-embedded-content\" data-secret=\"wz2QQvbJSN\"><p><a href=\"https:\/\/www.varesenews.it\/2021\/09\/openjobmetis-sconfitta-coach-vertemati-ci-bloccati-attacco\/1375414\/\">Openjobmetis sconfitta, coach Vertemati: &#8220;Ci siamo bloccati in attacco&#8221;<\/a><\/p><\/blockquote>\n<p><iframe class=\"wp-embedded-content\" sandbox=\"allow-scripts\" security=\"restricted\" style=\"position: absolute; clip: rect(1px, 1px, 1px, 1px);\" src=\"https:\/\/www.varesenews.it\/2021\/09\/openjobmetis-sconfitta-coach-vertemati-ci-bloccati-attacco\/1375414\/embed\/#?secret=wz2QQvbJSN\" data-secret=\"wz2QQvbJSN\" width=\"500\" height=\"282\" title=\"&#8220;Openjobmetis sconfitta, coach Vertemati: &#8220;Ci siamo bloccati in attacco&#8221;&#8221; &#8212; VareseNews\" frameborder=\"0\" marginwidth=\"0\" marginheight=\"0\" scrolling=\"no\"><\/iframe><\/p>\n","protected":false},"excerpt":{"rendered":"<p>L&#8217;ala ex Mavericks \u00e8 il migliore con Gentile e appare in grande crescita. Male il tiratore e De Nicolao. Egbunu non brilla, si salva Sorokas<\/p>\n","protected":false},"author":38,"featured_media":0,"comment_status":"open","ping_status":"open","sticky":false,"template":"","format":"standard","meta":{"footnotes":""},"categories":[14,2],"tags":[153,347,154],"acf":[],"yoast_head":"<!-- This site is optimized with the Yoast SEO plugin v20.1 - https:\/\/yoast.com\/wordpress\/plugins\/seo\/ -->\n<title>Jones fa ben sperare, Wilson con le polveri inzuppate<\/title>\n<meta name=\"description\" content=\"L&#039;ala ex Mavericks \u00e8 il migliore con Gentile e appare in grande crescita. Male il tiratore e De Nicolao. Egbunu non brilla, si salva Sorokas\" \/>\n<meta name=\"robots\" content=\"noindex, follow, max-snippet:-1, max-image-preview:large, max-video-preview:-1\" \/>\n<meta property=\"og:locale\" content=\"it_IT\" \/>\n<meta property=\"og:type\" content=\"article\" \/>\n<meta property=\"og:title\" content=\"Jones fa ben sperare, Wilson con le polveri inzuppate\" \/>\n<meta property=\"og:description\" content=\"L&#039;ala ex Mavericks \u00e8 il migliore con Gentile e appare in grande crescita. Male il tiratore e De Nicolao. Egbunu non brilla, si salva Sorokas\" \/>\n<meta property=\"og:url\" content=\"https:\/\/staging.varesenews.it\/2021\/09\/jones-ben-sperare-wilson-le-polveri-inzuppate\/1375441\/\" \/>\n<meta property=\"og:site_name\" content=\"VareseNews\" \/>\n<meta property=\"article:publisher\" content=\"https:\/\/www.facebook.com\/varesenews\" \/>\n<meta property=\"article:published_time\" content=\"2021-09-06T20:22:04+00:00\" \/>\n<meta name=\"author\" content=\"Damiano Franzetti\" \/>\n<meta name=\"twitter:card\" content=\"summary_large_image\" \/>\n<meta name=\"twitter:creator\" content=\"@damianofranz\" \/>\n<meta name=\"twitter:site\" content=\"@varesenews\" \/>\n<meta name=\"twitter:label1\" content=\"Scritto da\" \/>\n\t<meta name=\"twitter:data1\" content=\"Damiano Franzetti\" \/>\n\t<meta name=\"twitter:label2\" content=\"Tempo di lettura stimato\" \/>\n\t<meta name=\"twitter:data2\" content=\"2 minuti\" \/>\n<script type=\"application\/ld+json\" class=\"yoast-schema-graph\">{\"@context\":\"https:\/\/schema.org\",\"@graph\":[{\"@type\":\"WebPage\",\"@id\":\"https:\/\/staging.varesenews.it\/2021\/09\/jones-ben-sperare-wilson-le-polveri-inzuppate\/1375441\/\",\"url\":\"https:\/\/staging.varesenews.it\/2021\/09\/jones-ben-sperare-wilson-le-polveri-inzuppate\/1375441\/\",\"name\":\"Jones fa ben sperare, Wilson con le polveri inzuppate\",\"isPartOf\":{\"@id\":\"https:\/\/staging.varesenews.it\/#website\"},\"datePublished\":\"2021-09-06T20:22:04+00:00\",\"dateModified\":\"2021-09-06T20:22:04+00:00\",\"author\":{\"@id\":\"https:\/\/staging.varesenews.it\/#\/schema\/person\/709ae3769f6b4dbde8ec332baede8a5b\"},\"description\":\"L'ala ex Mavericks \u00e8 il migliore con Gentile e appare in grande crescita. Male il tiratore e De Nicolao. Egbunu non brilla, si salva Sorokas\",\"breadcrumb\":{\"@id\":\"https:\/\/staging.varesenews.it\/2021\/09\/jones-ben-sperare-wilson-le-polveri-inzuppate\/1375441\/#breadcrumb\"},\"inLanguage\":\"it-IT\",\"potentialAction\":[{\"@type\":\"ReadAction\",\"target\":[\"https:\/\/staging.varesenews.it\/2021\/09\/jones-ben-sperare-wilson-le-polveri-inzuppate\/1375441\/\"]}]},{\"@type\":\"BreadcrumbList\",\"@id\":\"https:\/\/staging.varesenews.it\/2021\/09\/jones-ben-sperare-wilson-le-polveri-inzuppate\/1375441\/#breadcrumb\",\"itemListElement\":[{\"@type\":\"ListItem\",\"position\":1,\"name\":\"Home\",\"item\":\"https:\/\/www.varesenews.it\/\"},{\"@type\":\"ListItem\",\"position\":2,\"name\":\"Jones fa ben sperare, Wilson con le polveri inzuppate\"}]},{\"@type\":\"WebSite\",\"@id\":\"https:\/\/staging.varesenews.it\/#website\",\"url\":\"https:\/\/staging.varesenews.it\/\",\"name\":\"VareseNews\",\"description\":\"\",\"potentialAction\":[{\"@type\":\"SearchAction\",\"target\":{\"@type\":\"EntryPoint\",\"urlTemplate\":\"https:\/\/staging.varesenews.it\/?s={search_term_string}\"},\"query-input\":\"required name=search_term_string\"}],\"inLanguage\":\"it-IT\"},{\"@type\":\"Person\",\"@id\":\"https:\/\/staging.varesenews.it\/#\/schema\/person\/709ae3769f6b4dbde8ec332baede8a5b\",\"name\":\"Damiano Franzetti\",\"image\":{\"@type\":\"ImageObject\",\"inLanguage\":\"it-IT\",\"@id\":\"https:\/\/staging.varesenews.it\/#\/schema\/person\/image\/\",\"url\":\"https:\/\/staging.varesenews.it\/wp-content\/uploads\/2020\/12\/damiano_franzetti_colori_500.jpg\",\"contentUrl\":\"https:\/\/staging.varesenews.it\/wp-content\/uploads\/2020\/12\/damiano_franzetti_colori_500.jpg\",\"caption\":\"Damiano Franzetti\"},\"description\":\"Classe 1976, una laurea (nel cassetto) in scienze e tecnologie alimentari; sono giornalista professionista dal 2009 nato e cresciuto con VareseNews dove mi occupo soprattutto di sport ormai da vent&rsquo;anni. Inviato sui campi (sulle piste, sulle strade...), intervistatore, coordinatore e responsabile delle pagine sportive, mi ritaglio volentieri lo spazio per scrivere di birra sul blog Malto Gradimento. Ho seguito innumerevoli campionati di Serie A di basket, di serie B di calcio, due Mondiali di ciclismo, qualche Giro d&rsquo;;Italia e tanto altro ancora. Collaboro con Tuttosport e altre testate, mi diletto di social. Ho una moglie, un figlio, vivo nella mia Gemonio e ho purtroppo smesso con il basket giocato. &nbsp;\",\"sameAs\":[\"damianofranz\",\"https:\/\/www.linkedin.com\/profile\/view?id=241597124&trk=nav_responsive_tab_profile\",\"https:\/\/twitter.com\/damianofranz\"],\"url\":\"https:\/\/staging.varesenews.it\/persona\/damiano_franzetti-2\/\"}]}<\/script>\n<!-- \/ Yoast SEO plugin. -->","yoast_head_json":{"title":"Jones fa ben sperare, Wilson con le polveri inzuppate","description":"L'ala ex Mavericks \u00e8 il migliore con Gentile e appare in grande crescita. Male il tiratore e De Nicolao. Egbunu non brilla, si salva Sorokas","robots":{"index":"noindex","follow":"follow","max-snippet":"max-snippet:-1","max-image-preview":"max-image-preview:large","max-video-preview":"max-video-preview:-1"},"og_locale":"it_IT","og_type":"article","og_title":"Jones fa ben sperare, Wilson con le polveri inzuppate","og_description":"L'ala ex Mavericks \u00e8 il migliore con Gentile e appare in grande crescita. Male il tiratore e De Nicolao. Egbunu non brilla, si salva Sorokas","og_url":"https:\/\/staging.varesenews.it\/2021\/09\/jones-ben-sperare-wilson-le-polveri-inzuppate\/1375441\/","og_site_name":"VareseNews","article_publisher":"https:\/\/www.facebook.com\/varesenews","article_published_time":"2021-09-06T20:22:04+00:00","author":"Damiano Franzetti","twitter_card":"summary_large_image","twitter_creator":"@damianofranz","twitter_site":"@varesenews","twitter_misc":{"Scritto da":"Damiano Franzetti","Tempo di lettura stimato":"2 minuti"},"schema":{"@context":"https:\/\/schema.org","@graph":[{"@type":"WebPage","@id":"https:\/\/staging.varesenews.it\/2021\/09\/jones-ben-sperare-wilson-le-polveri-inzuppate\/1375441\/","url":"https:\/\/staging.varesenews.it\/2021\/09\/jones-ben-sperare-wilson-le-polveri-inzuppate\/1375441\/","name":"Jones fa ben sperare, Wilson con le polveri inzuppate","isPartOf":{"@id":"https:\/\/staging.varesenews.it\/#website"},"datePublished":"2021-09-06T20:22:04+00:00","dateModified":"2021-09-06T20:22:04+00:00","author":{"@id":"https:\/\/staging.varesenews.it\/#\/schema\/person\/709ae3769f6b4dbde8ec332baede8a5b"},"description":"L'ala ex Mavericks \u00e8 il migliore con Gentile e appare in grande crescita. Male il tiratore e De Nicolao. Egbunu non brilla, si salva Sorokas","breadcrumb":{"@id":"https:\/\/staging.varesenews.it\/2021\/09\/jones-ben-sperare-wilson-le-polveri-inzuppate\/1375441\/#breadcrumb"},"inLanguage":"it-IT","potentialAction":[{"@type":"ReadAction","target":["https:\/\/staging.varesenews.it\/2021\/09\/jones-ben-sperare-wilson-le-polveri-inzuppate\/1375441\/"]}]},{"@type":"BreadcrumbList","@id":"https:\/\/staging.varesenews.it\/2021\/09\/jones-ben-sperare-wilson-le-polveri-inzuppate\/1375441\/#breadcrumb","itemListElement":[{"@type":"ListItem","position":1,"name":"Home","item":"https:\/\/www.varesenews.it\/"},{"@type":"ListItem","position":2,"name":"Jones fa ben sperare, Wilson con le polveri inzuppate"}]},{"@type":"WebSite","@id":"https:\/\/staging.varesenews.it\/#website","url":"https:\/\/staging.varesenews.it\/","name":"VareseNews","description":"","potentialAction":[{"@type":"SearchAction","target":{"@type":"EntryPoint","urlTemplate":"https:\/\/staging.varesenews.it\/?s={search_term_string}"},"query-input":"required name=search_term_string"}],"inLanguage":"it-IT"},{"@type":"Person","@id":"https:\/\/staging.varesenews.it\/#\/schema\/person\/709ae3769f6b4dbde8ec332baede8a5b","name":"Damiano Franzetti","image":{"@type":"ImageObject","inLanguage":"it-IT","@id":"https:\/\/staging.varesenews.it\/#\/schema\/person\/image\/","url":"https:\/\/staging.varesenews.it\/wp-content\/uploads\/2020\/12\/damiano_franzetti_colori_500.jpg","contentUrl":"https:\/\/staging.varesenews.it\/wp-content\/uploads\/2020\/12\/damiano_franzetti_colori_500.jpg","caption":"Damiano Franzetti"},"description":"Classe 1976, una laurea (nel cassetto) in scienze e tecnologie alimentari; sono giornalista professionista dal 2009 nato e cresciuto con VareseNews dove mi occupo soprattutto di sport ormai da vent&rsquo;anni. Inviato sui campi (sulle piste, sulle strade...), intervistatore, coordinatore e responsabile delle pagine sportive, mi ritaglio volentieri lo spazio per scrivere di birra sul blog Malto Gradimento. Ho seguito innumerevoli campionati di Serie A di basket, di serie B di calcio, due Mondiali di ciclismo, qualche Giro d&rsquo;;Italia e tanto altro ancora. Collaboro con Tuttosport e altre testate, mi diletto di social. Ho una moglie, un figlio, vivo nella mia Gemonio e ho purtroppo smesso con il basket giocato. &nbsp;","sameAs":["damianofranz","https:\/\/www.linkedin.com\/profile\/view?id=241597124&trk=nav_responsive_tab_profile","https:\/\/twitter.com\/damianofranz"],"url":"https:\/\/staging.varesenews.it\/persona\/damiano_franzetti-2\/"}]}},"post_meta":{"_edit_lock":"1630959685:38","_edit_last":"38","_oembed_d2adc830bcafcdc3118977959a6172b7":"<blockquote class=\"wp-embedded-content\" data-secret=\"dFcpvR0Yfh\"><a href=\"https:\/\/www.varesenews.it\/2021\/09\/openjobmetis-sconfitta-coach-vertemati-ci-bloccati-attacco\/1375414\/\">Openjobmetis sconfitta, coach Vertemati: &#8220;Ci siamo bloccati in attacco&#8221;<\/a><\/blockquote><iframe class=\"wp-embedded-content\" sandbox=\"allow-scripts\" security=\"restricted\" style=\"position: absolute; clip: rect(1px, 1px, 1px, 1px);\" src=\"https:\/\/www.varesenews.it\/2021\/09\/openjobmetis-sconfitta-coach-vertemati-ci-bloccati-attacco\/1375414\/embed\/#?secret=dFcpvR0Yfh\" data-secret=\"dFcpvR0Yfh\" width=\"600\" height=\"338\" title=\"&#8220;Openjobmetis sconfitta, coach Vertemati: &#8220;Ci siamo bloccati in attacco&#8221;&#8221; &#8212; VareseNews\" frameborder=\"0\" marginwidth=\"0\" marginheight=\"0\" scrolling=\"no\"><\/iframe>","_oembed_time_d2adc830bcafcdc3118977959a6172b7":"1630959623","_oembed_4d6b64768715c4cfa581bb70ea979dc4":"<blockquote class=\"wp-embedded-content\" data-secret=\"2J8cVPpEy4\"><a href=\"https:\/\/www.varesenews.it\/2021\/09\/senza-mira-senza-gambe-senza-umilta-figuraccia-openjobmetis-cremona\/1375416\/\">Senza mira, senza gambe, senza umilt\u00e0: figuraccia Openjobmetis a Cremona<\/a><\/blockquote><iframe class=\"wp-embedded-content\" sandbox=\"allow-scripts\" security=\"restricted\" style=\"position: absolute; clip: rect(1px, 1px, 1px, 1px);\" src=\"https:\/\/www.varesenews.it\/2021\/09\/senza-mira-senza-gambe-senza-umilta-figuraccia-openjobmetis-cremona\/1375416\/embed\/#?secret=2J8cVPpEy4\" data-secret=\"2J8cVPpEy4\" width=\"600\" height=\"338\" title=\"&#8220;Senza mira, senza gambe, senza umilt\u00e0: figuraccia Openjobmetis a Cremona&#8221; &#8212; VareseNews\" frameborder=\"0\" marginwidth=\"0\" marginheight=\"0\" scrolling=\"no\"><\/iframe>","_oembed_time_4d6b64768715c4cfa581bb70ea979dc4":"1630959643","_category_permalink":"a:1:{s:8:\"category\";s:2:\"14\";}","_oembed_70fd2a72e91050e2a43f23fd7aec606e":"<blockquote class=\"wp-embedded-content\" data-secret=\"vZ7zvb8TeA\"><a href=\"https:\/\/www.varesenews.it\/2021\/09\/senza-mira-senza-gambe-senza-umilta-figuraccia-openjobmetis-cremona\/1375416\/\">Senza mira, senza gambe, senza umilt\u00e0: figuraccia Openjobmetis a Cremona<\/a><\/blockquote><iframe class=\"wp-embedded-content\" sandbox=\"allow-scripts\" security=\"restricted\" style=\"position: absolute; clip: rect(1px, 1px, 1px, 1px);\" src=\"https:\/\/www.varesenews.it\/2021\/09\/senza-mira-senza-gambe-senza-umilta-figuraccia-openjobmetis-cremona\/1375416\/embed\/#?secret=vZ7zvb8TeA\" data-secret=\"vZ7zvb8TeA\" width=\"500\" height=\"282\" title=\"&#8220;Senza mira, senza gambe, senza umilt\u00e0: figuraccia Openjobmetis a Cremona&#8221; &#8212; VareseNews\" frameborder=\"0\" marginwidth=\"0\" marginheight=\"0\" scrolling=\"no\"><\/iframe>","_oembed_time_70fd2a72e91050e2a43f23fd7aec606e":"1630959734","_oembed_7ec3678f37bff2b02e103f3c5d1779ac":"<blockquote class=\"wp-embedded-content\" data-secret=\"wz2QQvbJSN\"><a href=\"https:\/\/www.varesenews.it\/2021\/09\/openjobmetis-sconfitta-coach-vertemati-ci-bloccati-attacco\/1375414\/\">Openjobmetis sconfitta, coach Vertemati: &#8220;Ci siamo bloccati in attacco&#8221;<\/a><\/blockquote><iframe class=\"wp-embedded-content\" sandbox=\"allow-scripts\" security=\"restricted\" style=\"position: absolute; clip: rect(1px, 1px, 1px, 1px);\" src=\"https:\/\/www.varesenews.it\/2021\/09\/openjobmetis-sconfitta-coach-vertemati-ci-bloccati-attacco\/1375414\/embed\/#?secret=wz2QQvbJSN\" data-secret=\"wz2QQvbJSN\" width=\"500\" height=\"282\" title=\"&#8220;Openjobmetis sconfitta, coach Vertemati: &#8220;Ci siamo bloccati in attacco&#8221;&#8221; &#8212; VareseNews\" frameborder=\"0\" marginwidth=\"0\" marginheight=\"0\" scrolling=\"no\"><\/iframe>","_oembed_time_7ec3678f37bff2b02e103f3c5d1779ac":"1630959734","_encloseme":"1","ratings_users":"0","ratings_score":"0","ratings_average":"0","foto":"1186973","argomento":"Basket - Pagelle","_yoast_wpseo_content_score":"60","_oembed_6a079a71184fef29cde919b5eeb8483a":"<blockquote class=\"wp-embedded-content\" data-secret=\"Yd6lNsrxHp\"><a href=\"https:\/\/www.varesenews.it\/2021\/09\/addio-giorgio-nidoli\/1374966\/\">Addio a Giorgio Nidoli<\/a><\/blockquote><iframe class=\"wp-embedded-content\" sandbox=\"allow-scripts\" security=\"restricted\" style=\"position: absolute; clip: rect(1px, 1px, 1px, 1px);\" src=\"https:\/\/www.varesenews.it\/2021\/09\/addio-giorgio-nidoli\/1374966\/embed\/#?secret=Yd6lNsrxHp\" data-secret=\"Yd6lNsrxHp\" width=\"500\" height=\"282\" title=\"&#8220;Addio a Giorgio Nidoli&#8221; &#8212; VareseNews\" frameborder=\"0\" marginwidth=\"0\" marginheight=\"0\" scrolling=\"no\"><\/iframe>","_jd_tweet_this":"yes","_oembed_time_6a079a71184fef29cde919b5eeb8483a":"1630959738","_oembed_163bce260dd883e1bdd0d9142f82e6a8":"<blockquote class=\"wp-embedded-content\" data-secret=\"3y6b7HPBkW\"><a href=\"https:\/\/www.varesenews.it\/2021\/08\/caffe-bond-spread-gli-studenti-della-liuc-fondano-club-della-finanza\/1373085\/\">Caff\u00e8, bond e spread: gli studenti della Liuc fondano il club della finanza<\/a><\/blockquote><iframe class=\"wp-embedded-content\" sandbox=\"allow-scripts\" security=\"restricted\" style=\"position: absolute; clip: rect(1px, 1px, 1px, 1px);\" src=\"https:\/\/www.varesenews.it\/2021\/08\/caffe-bond-spread-gli-studenti-della-liuc-fondano-club-della-finanza\/1373085\/embed\/#?secret=3y6b7HPBkW\" data-secret=\"3y6b7HPBkW\" width=\"500\" height=\"282\" title=\"&#8220;Caff\u00e8, bond e spread: gli studenti della Liuc fondano il club della finanza&#8221; &#8212; VareseNews\" frameborder=\"0\" marginwidth=\"0\" marginheight=\"0\" scrolling=\"no\"><\/iframe>","_oembed_time_163bce260dd883e1bdd0d9142f82e6a8":"1630959738","_wpt_short_url":"https:\/\/www.varesenews.it\/2021\/09\/jones-ben-sperare-wilson-le-polveri-inzuppate\/1375441\/","_oembed_f3eac4b8ef15c295a57d2dd5edcd3943":"<blockquote class=\"wp-embedded-content\" data-secret=\"T77OZRdX2w\"><a href=\"https:\/\/www.varesenews.it\/2020\/09\/tigros-nella-classifica-dei-supermercati-piu-convenienti-altroconsumo\/961561\/\">Tigros \u00e8 il supermercato pi\u00f9 conveniente in Lombardia e Piemonte<\/a><\/blockquote><iframe class=\"wp-embedded-content\" sandbox=\"allow-scripts\" security=\"restricted\" style=\"position: absolute; clip: rect(1px, 1px, 1px, 1px);\" src=\"https:\/\/www.varesenews.it\/2020\/09\/tigros-nella-classifica-dei-supermercati-piu-convenienti-altroconsumo\/961561\/embed\/#?secret=T77OZRdX2w\" data-secret=\"T77OZRdX2w\" width=\"500\" height=\"282\" title=\"&#8220;Tigros \u00e8 il supermercato pi\u00f9 conveniente in Lombardia e Piemonte&#8221; &#8212; VareseNews\" frameborder=\"0\" marginwidth=\"0\" marginheight=\"0\" scrolling=\"no\"><\/iframe>","_wp_jd_target":"https:\/\/www.varesenews.it\/2021\/09\/jones-ben-sperare-wilson-le-polveri-inzuppate\/1375441\/","_oembed_time_f3eac4b8ef15c295a57d2dd5edcd3943":"1630959740","_oembed_bcfc159166e75f5c14b33e47e7899a51":"<blockquote class=\"wp-embedded-content\" data-secret=\"LVBkewhWDS\"><a href=\"https:\/\/www.varesenews.it\/2020\/09\/junior-messias-dal-calcio-uisp-alla-serie-crotone\/963664\/\">Junior Messias, dal calcio Uisp alla Serie A con il Crotone<\/a><\/blockquote><iframe class=\"wp-embedded-content\" sandbox=\"allow-scripts\" security=\"restricted\" style=\"position: absolute; clip: rect(1px, 1px, 1px, 1px);\" src=\"https:\/\/www.varesenews.it\/2020\/09\/junior-messias-dal-calcio-uisp-alla-serie-crotone\/963664\/embed\/#?secret=LVBkewhWDS\" data-secret=\"LVBkewhWDS\" width=\"500\" height=\"282\" title=\"&#8220;Junior Messias, dal calcio Uisp alla Serie A con il Crotone&#8221; &#8212; VareseNews\" frameborder=\"0\" marginwidth=\"0\" marginheight=\"0\" scrolling=\"no\"><\/iframe>","_oembed_time_bcfc159166e75f5c14b33e47e7899a51":"1630959742","_jd_wp_twitter":"a:1:{i:0;s:159:\"Jones fa ben sperare, Wilson con le polveri inzuppate https:\/\/www.varesenews.it\/2021\/09\/jones-ben-sperare-wilson-le-polveri-inzuppate\/1375441\/ #basket #pagelle\";}","_wpt_status_message":"Tweet inviato con successo.","_oembed_6a370f23ee160e059191eb7dc925751c":"<blockquote class=\"wp-embedded-content\" data-secret=\"fyNYUGNnkw\"><a href=\"https:\/\/www.verbanonews.it\/aree-geografiche\/lombardia\/2021\/08\/31\/green-pass-obbligatorio-per-chi-viaggia-in-nave-sul-lago-maggiore\/934515\/\">Green pass obbligatorio per chi viaggia in nave sul Lago Maggiore<\/a><\/blockquote><iframe class=\"wp-embedded-content\" sandbox=\"allow-scripts\" security=\"restricted\" style=\"position: absolute; clip: rect(1px, 1px, 1px, 1px);\" src=\"https:\/\/www.verbanonews.it\/aree-geografiche\/lombardia\/2021\/08\/31\/green-pass-obbligatorio-per-chi-viaggia-in-nave-sul-lago-maggiore\/934515\/embed\/#?secret=fyNYUGNnkw\" data-secret=\"fyNYUGNnkw\" width=\"500\" height=\"282\" title=\"&#8220;Green pass obbligatorio per chi viaggia in nave sul Lago Maggiore&#8221; &#8212; VerbanoNews\" frameborder=\"0\" marginwidth=\"0\" marginheight=\"0\" scrolling=\"no\"><\/iframe>","_oembed_time_6a370f23ee160e059191eb7dc925751c":"1630959746","_oembed_0a40ad5bf23b62d6fc60ecb8c7239b4f":"<blockquote class=\"wp-embedded-content\" data-secret=\"yRtz38GwfD\"><a href=\"https:\/\/www.varesenews.it\/2021\/05\/difficili-trovare-prezzi-alle-stelle-mercato-impazzito-delle-materie-prime\/1345361\/\">Difficili da trovare e con prezzi alle stelle, il mercato impazzito delle materie prime<\/a><\/blockquote><iframe class=\"wp-embedded-content\" sandbox=\"allow-scripts\" security=\"restricted\" style=\"position: absolute; clip: rect(1px, 1px, 1px, 1px);\" src=\"https:\/\/www.varesenews.it\/2021\/05\/difficili-trovare-prezzi-alle-stelle-mercato-impazzito-delle-materie-prime\/1345361\/embed\/#?secret=yRtz38GwfD\" data-secret=\"yRtz38GwfD\" width=\"500\" height=\"282\" title=\"&#8220;Difficili da trovare e con prezzi alle stelle, il mercato impazzito delle materie prime&#8221; &#8212; VareseNews\" frameborder=\"0\" marginwidth=\"0\" marginheight=\"0\" scrolling=\"no\"><\/iframe>","_oembed_time_0a40ad5bf23b62d6fc60ecb8c7239b4f":"1630959745","_oembed_43c8286fa3a3bc4e0fc7978108536a2c":"<blockquote class=\"wp-embedded-content\" data-secret=\"aQutqacnWa\"><a href=\"https:\/\/www.varesenews.it\/2020\/10\/dal-tungsteno-al-gallio-le-materie-prime-critiche-cui-avremo-sempre-piu-bisogno\/966344\/\">Dal tungsteno al gallio, le &#8220;materie prime critiche&#8221; di cui avremo sempre pi\u00f9 bisogno<\/a><\/blockquote><iframe class=\"wp-embedded-content\" sandbox=\"allow-scripts\" security=\"restricted\" style=\"position: absolute; clip: rect(1px, 1px, 1px, 1px);\" src=\"https:\/\/www.varesenews.it\/2020\/10\/dal-tungsteno-al-gallio-le-materie-prime-critiche-cui-avremo-sempre-piu-bisogno\/966344\/embed\/#?secret=aQutqacnWa\" data-secret=\"aQutqacnWa\" width=\"500\" height=\"282\" title=\"&#8220;Dal tungsteno al gallio, le &#8220;materie prime critiche&#8221; di cui avremo sempre pi\u00f9 bisogno&#8221; &#8212; VareseNews\" frameborder=\"0\" marginwidth=\"0\" marginheight=\"0\" scrolling=\"no\"><\/iframe>","_oembed_time_43c8286fa3a3bc4e0fc7978108536a2c":"1630959745","_oembed_7cc82cd9479d1d17542ebf6cfcb8435e":"<blockquote class=\"wp-embedded-content\" data-secret=\"ApaEtyWCyi\"><a href=\"https:\/\/www.varesenews.it\/2021\/09\/openjobmetis-sconfitta-coach-vertemati-ci-bloccati-attacco\/1375414\/\">Openjobmetis sconfitta, coach Vertemati: &#8220;Ci siamo bloccati in attacco&#8221;<\/a><\/blockquote><iframe class=\"wp-embedded-content\" sandbox=\"allow-scripts\" security=\"restricted\" style=\"position: absolute; clip: rect(1px, 1px, 1px, 1px);\" src=\"https:\/\/www.varesenews.it\/2021\/09\/openjobmetis-sconfitta-coach-vertemati-ci-bloccati-attacco\/1375414\/embed\/#?secret=ApaEtyWCyi\" data-secret=\"ApaEtyWCyi\" width=\"600\" height=\"338\" title=\"&#8220;Openjobmetis sconfitta, coach Vertemati: &#8220;Ci siamo bloccati in attacco&#8221;&#8221; &#8212; VareseNews\" frameborder=\"0\" marginwidth=\"0\" marginheight=\"0\" scrolling=\"no\"><\/iframe>","_oembed_time_7cc82cd9479d1d17542ebf6cfcb8435e":"1630959749","_oembed_8413a398aa58ec8a8ea525f7ed1a1d18":"<blockquote class=\"wp-embedded-content\" data-secret=\"exQ7ai5cT0\"><a href=\"https:\/\/www.varesenews.it\/2021\/09\/senza-mira-senza-gambe-senza-umilta-figuraccia-openjobmetis-cremona\/1375416\/\">Senza mira, senza gambe, senza umilt\u00e0: figuraccia Openjobmetis a Cremona<\/a><\/blockquote><iframe class=\"wp-embedded-content\" sandbox=\"allow-scripts\" security=\"restricted\" style=\"position: absolute; clip: rect(1px, 1px, 1px, 1px);\" src=\"https:\/\/www.varesenews.it\/2021\/09\/senza-mira-senza-gambe-senza-umilta-figuraccia-openjobmetis-cremona\/1375416\/embed\/#?secret=exQ7ai5cT0\" data-secret=\"exQ7ai5cT0\" width=\"600\" height=\"338\" title=\"&#8220;Senza mira, senza gambe, senza umilt\u00e0: figuraccia Openjobmetis a Cremona&#8221; &#8212; VareseNews\" frameborder=\"0\" marginwidth=\"0\" marginheight=\"0\" scrolling=\"no\"><\/iframe>","_oembed_time_8413a398aa58ec8a8ea525f7ed1a1d18":"1630959751","_oembed_ccd6fd3ef46e6b30646ca6a3c6b2f98e":"<blockquote class=\"wp-embedded-content\" data-secret=\"GXNM16Y3Fi\"><a href=\"https:\/\/www.varesenews.it\/2021\/05\/la-disperazione-degli-agricoltori-fagnano-olona-animali-cortile-lasciati-liberi-distruggerci-raccolto\/1336673\/\">La disperazione degli agricoltori di Fagnano Olona: &#8220;Animali da cortile lasciati liberi di distruggerci il raccolto&#8221;<\/a><\/blockquote><iframe class=\"wp-embedded-content\" sandbox=\"allow-scripts\" security=\"restricted\" style=\"position: absolute; clip: rect(1px, 1px, 1px, 1px);\" src=\"https:\/\/www.varesenews.it\/2021\/05\/la-disperazione-degli-agricoltori-fagnano-olona-animali-cortile-lasciati-liberi-distruggerci-raccolto\/1336673\/embed\/#?secret=GXNM16Y3Fi\" data-secret=\"GXNM16Y3Fi\" width=\"500\" height=\"282\" title=\"&#8220;La disperazione degli agricoltori di Fagnano Olona: &#8220;Animali da cortile lasciati liberi di distruggerci il raccolto&#8221;&#8221; &#8212; VareseNews\" frameborder=\"0\" marginwidth=\"0\" marginheight=\"0\" scrolling=\"no\"><\/iframe>","_oembed_time_ccd6fd3ef46e6b30646ca6a3c6b2f98e":"1630959897","_oembed_d1486afd761aedd4b20c5f8a28868935":"<blockquote class=\"wp-embedded-content\" data-secret=\"9EcLJauxVA\"><a href=\"https:\/\/www.varesenews.it\/2019\/09\/pecore-capre-comune-la-protesta-un-pastore\/851994\/\">Con pecore e capre in comune, la protesta di un pastore finisce con una denuncia<\/a><\/blockquote><iframe class=\"wp-embedded-content\" sandbox=\"allow-scripts\" security=\"restricted\" style=\"position: absolute; clip: rect(1px, 1px, 1px, 1px);\" src=\"https:\/\/www.varesenews.it\/2019\/09\/pecore-capre-comune-la-protesta-un-pastore\/851994\/embed\/#?secret=9EcLJauxVA\" data-secret=\"9EcLJauxVA\" width=\"500\" height=\"282\" title=\"&#8220;Con pecore e capre in comune, la protesta di un pastore finisce con una denuncia&#8221; &#8212; VareseNews\" frameborder=\"0\" marginwidth=\"0\" marginheight=\"0\" scrolling=\"no\"><\/iframe>","_oembed_time_d1486afd761aedd4b20c5f8a28868935":"1630959897","_oembed_57a79c8debc9b5831ee0df4b31c8efd0":"<blockquote class=\"wp-embedded-content\" data-secret=\"wrTZ4GB6t3\"><a href=\"https:\/\/www.varesenews.it\/2021\/09\/varese-sette-candidati-sindaco-quasi-500-consiglieri-corsa-le-prossime-elezioni\/1374834\/\">A Varese sette candidati sindaco e quasi 500 consiglieri in corsa per le prossime elezioni<\/a><\/blockquote><iframe class=\"wp-embedded-content\" sandbox=\"allow-scripts\" security=\"restricted\" style=\"position: absolute; clip: rect(1px, 1px, 1px, 1px);\" src=\"https:\/\/www.varesenews.it\/2021\/09\/varese-sette-candidati-sindaco-quasi-500-consiglieri-corsa-le-prossime-elezioni\/1374834\/embed\/#?secret=wrTZ4GB6t3\" data-secret=\"wrTZ4GB6t3\" width=\"500\" height=\"282\" title=\"&#8220;A Varese sette candidati sindaco e quasi 500 consiglieri in corsa per le prossime elezioni&#8221; &#8212; VareseNews\" frameborder=\"0\" marginwidth=\"0\" marginheight=\"0\" scrolling=\"no\"><\/iframe>","_oembed_time_57a79c8debc9b5831ee0df4b31c8efd0":"1630960244","_oembed_e7994c36e9a1b3938dc10abc758c6600":"<blockquote class=\"wp-embedded-content\" data-secret=\"rfO5Glj2uQ\"><a href=\"https:\/\/www.varesenews.it\/2021\/09\/elezioni-busto-arsizio-6-candidati-sindaci-oltre-270-consiglieri\/1374836\/\">Elezioni a Busto Arsizio: 6 candidati sindaci e oltre 270 consiglieri<\/a><\/blockquote><iframe class=\"wp-embedded-content\" sandbox=\"allow-scripts\" security=\"restricted\" style=\"position: absolute; clip: rect(1px, 1px, 1px, 1px);\" src=\"https:\/\/www.varesenews.it\/2021\/09\/elezioni-busto-arsizio-6-candidati-sindaci-oltre-270-consiglieri\/1374836\/embed\/#?secret=rfO5Glj2uQ\" data-secret=\"rfO5Glj2uQ\" width=\"500\" height=\"282\" title=\"&#8220;Elezioni a Busto Arsizio: 6 candidati sindaci e oltre 270 consiglieri&#8221; &#8212; VareseNews\" frameborder=\"0\" marginwidth=\"0\" marginheight=\"0\" scrolling=\"no\"><\/iframe>","_oembed_time_e7994c36e9a1b3938dc10abc758c6600":"1630960244","_oembed_3bfa246250e358c3dc9d21bd4d67329b":"<blockquote class=\"wp-embedded-content\" data-secret=\"h6F401X8AO\"><a href=\"https:\/\/www.saronnonews.it\/2021\/06\/15\/e-luciano-lista-il-candidato-sindaco-di-uniamo-cislago\/\">\u00c8 Luciano Lista il candidato sindaco di Uniamo Cislago<\/a><\/blockquote><iframe class=\"wp-embedded-content\" sandbox=\"allow-scripts\" security=\"restricted\" style=\"position: absolute; clip: rect(1px, 1px, 1px, 1px);\" src=\"https:\/\/www.saronnonews.it\/2021\/06\/15\/e-luciano-lista-il-candidato-sindaco-di-uniamo-cislago\/embed\/#?secret=h6F401X8AO\" data-secret=\"h6F401X8AO\" width=\"500\" height=\"282\" title=\"&#8220;\u00c8 Luciano Lista il candidato sindaco di Uniamo Cislago&#8221; &#8212; SaronnoNews\" frameborder=\"0\" marginwidth=\"0\" marginheight=\"0\" scrolling=\"no\"><\/iframe>","_oembed_time_3bfa246250e358c3dc9d21bd4d67329b":"1630960439","_oembed_7f4c14bd3d585877a4751edab5014be5":"<blockquote class=\"wp-embedded-content\" data-secret=\"WBKJ7lKrzG\"><a href=\"https:\/\/www.saronnonews.it\/2021\/07\/02\/calegari-pronto-a-candidarsi-con-la-lista-civica-ies-vogliamo-portare-il-buon-governo-a-cislago\/\">Calegari pronto a candidarsi con la lista civica &#8220;IES&#8221;: &#8220;Vogliamo portare il buon governo a Cislago&#8221;<\/a><\/blockquote><iframe class=\"wp-embedded-content\" sandbox=\"allow-scripts\" security=\"restricted\" style=\"position: absolute; clip: rect(1px, 1px, 1px, 1px);\" src=\"https:\/\/www.saronnonews.it\/2021\/07\/02\/calegari-pronto-a-candidarsi-con-la-lista-civica-ies-vogliamo-portare-il-buon-governo-a-cislago\/embed\/#?secret=WBKJ7lKrzG\" data-secret=\"WBKJ7lKrzG\" width=\"500\" height=\"282\" title=\"&#8220;Calegari pronto a candidarsi con la lista civica &#8220;IES&#8221;: &#8220;Vogliamo portare il buon governo a Cislago&#8221;&#8221; &#8212; SaronnoNews\" frameborder=\"0\" marginwidth=\"0\" marginheight=\"0\" scrolling=\"no\"><\/iframe>","_oembed_time_7f4c14bd3d585877a4751edab5014be5":"1630960441","_oembed_a75ab4b17dff26e97cc99deec078640e":"<blockquote class=\"wp-embedded-content\" data-secret=\"UZNmYT0F0C\"><a href=\"https:\/\/www.saronnonews.it\/2021\/07\/28\/elezioni-2021-debora-pacchioni-candidata-sindaco-di-cislago-in-comune\/\">Elezioni 2021, Debora Pacchioni \u00e8 la candidata sindaco di &#8220;Cislago in Comune&#8221;<\/a><\/blockquote><iframe class=\"wp-embedded-content\" sandbox=\"allow-scripts\" security=\"restricted\" style=\"position: absolute; clip: rect(1px, 1px, 1px, 1px);\" src=\"https:\/\/www.saronnonews.it\/2021\/07\/28\/elezioni-2021-debora-pacchioni-candidata-sindaco-di-cislago-in-comune\/embed\/#?secret=UZNmYT0F0C\" data-secret=\"UZNmYT0F0C\" width=\"500\" height=\"282\" title=\"&#8220;Elezioni 2021, Debora Pacchioni \u00e8 la candidata sindaco di &#8220;Cislago in Comune&#8221;&#8221; &#8212; SaronnoNews\" frameborder=\"0\" marginwidth=\"0\" marginheight=\"0\" scrolling=\"no\"><\/iframe>","_oembed_time_a75ab4b17dff26e97cc99deec078640e":"1630960442","_oembed_318dbe024c44a366259cf374af827a5f":"<blockquote class=\"wp-embedded-content\" data-secret=\"H4eLMl2REx\"><a href=\"https:\/\/www.saronnonews.it\/2021\/08\/05\/elezioni-2021-a-cislago-prima-uscita-ufficiale-per-la-lista-cartabia-sindaco\/\">Elezioni 2021, a Cislago prima uscita ufficiale per la lista &#8220;Cartabia Sindaco&#8221;<\/a><\/blockquote><iframe class=\"wp-embedded-content\" sandbox=\"allow-scripts\" security=\"restricted\" style=\"position: absolute; clip: rect(1px, 1px, 1px, 1px);\" src=\"https:\/\/www.saronnonews.it\/2021\/08\/05\/elezioni-2021-a-cislago-prima-uscita-ufficiale-per-la-lista-cartabia-sindaco\/embed\/#?secret=H4eLMl2REx\" data-secret=\"H4eLMl2REx\" width=\"500\" height=\"282\" title=\"&#8220;Elezioni 2021, a Cislago prima uscita ufficiale per la lista &#8220;Cartabia Sindaco&#8221;&#8221; &#8212; SaronnoNews\" frameborder=\"0\" marginwidth=\"0\" marginheight=\"0\" scrolling=\"no\"><\/iframe>","_oembed_time_318dbe024c44a366259cf374af827a5f":"1630960443","_oembed_ad255008e9afc43fb9099a6dd357005b":"<blockquote class=\"wp-embedded-content\" data-secret=\"12WzaUIbAG\"><a href=\"https:\/\/www.saronnonews.it\/2021\/09\/03\/elezioni-2021-ecco-la-lista-uniamo-cislago\/\">Elezioni 2021, ecco la lista Uniamo Cislago<\/a><\/blockquote><iframe class=\"wp-embedded-content\" sandbox=\"allow-scripts\" security=\"restricted\" style=\"position: absolute; clip: rect(1px, 1px, 1px, 1px);\" src=\"https:\/\/www.saronnonews.it\/2021\/09\/03\/elezioni-2021-ecco-la-lista-uniamo-cislago\/embed\/#?secret=12WzaUIbAG\" data-secret=\"12WzaUIbAG\" width=\"500\" height=\"282\" title=\"&#8220;Elezioni 2021, ecco la lista Uniamo Cislago&#8221; &#8212; SaronnoNews\" frameborder=\"0\" marginwidth=\"0\" marginheight=\"0\" scrolling=\"no\"><\/iframe>","_oembed_time_ad255008e9afc43fb9099a6dd357005b":"1630960444","_oembed_435d4a7220ce9d27853c84083c46721b":"<blockquote class=\"wp-embedded-content\" data-secret=\"KaA19d9wVl\"><a href=\"https:\/\/www.saronnonews.it\/2021\/09\/03\/elezioni-2021-ecco-la-lista-di-ies-impegno-e-serieta\/\">Elezioni 2021, ecco la lista di IES &#8211; Impegno e Seriet\u00e0<\/a><\/blockquote><iframe class=\"wp-embedded-content\" sandbox=\"allow-scripts\" security=\"restricted\" style=\"position: absolute; clip: rect(1px, 1px, 1px, 1px);\" src=\"https:\/\/www.saronnonews.it\/2021\/09\/03\/elezioni-2021-ecco-la-lista-di-ies-impegno-e-serieta\/embed\/#?secret=KaA19d9wVl\" data-secret=\"KaA19d9wVl\" width=\"500\" height=\"282\" title=\"&#8220;Elezioni 2021, ecco la lista di IES &#8211; Impegno e Seriet\u00e0&#8221; &#8212; SaronnoNews\" frameborder=\"0\" marginwidth=\"0\" marginheight=\"0\" scrolling=\"no\"><\/iframe>","_oembed_time_435d4a7220ce9d27853c84083c46721b":"1630960445","_oembed_3b80774236e2317293cf88fd92e35076":"<blockquote class=\"wp-embedded-content\" data-secret=\"xz8tuoAZns\"><a href=\"https:\/\/www.saronnonews.it\/2021\/09\/03\/elezioni-2021-ecco-la-lista-di-cislago-in-comune\/\">Elezioni 2021, ecco la lista di Cislago in Comune<\/a><\/blockquote><iframe class=\"wp-embedded-content\" sandbox=\"allow-scripts\" security=\"restricted\" style=\"position: absolute; clip: rect(1px, 1px, 1px, 1px);\" src=\"https:\/\/www.saronnonews.it\/2021\/09\/03\/elezioni-2021-ecco-la-lista-di-cislago-in-comune\/embed\/#?secret=xz8tuoAZns\" data-secret=\"xz8tuoAZns\" width=\"500\" height=\"282\" title=\"&#8220;Elezioni 2021, ecco la lista di Cislago in Comune&#8221; &#8212; SaronnoNews\" frameborder=\"0\" marginwidth=\"0\" marginheight=\"0\" scrolling=\"no\"><\/iframe>","_oembed_time_3b80774236e2317293cf88fd92e35076":"1630960446","_oembed_ee052a6208e295518d95fe7b90350654":"<blockquote class=\"wp-embedded-content\" data-secret=\"8u07zGHvAD\"><a href=\"https:\/\/www.saronnonews.it\/2021\/09\/03\/elezioni-2021-ecco-la-lista-cartabia-sindaco\/\">Elezioni 2021, ecco la lista Cartabia Sindaco<\/a><\/blockquote><iframe class=\"wp-embedded-content\" sandbox=\"allow-scripts\" security=\"restricted\" style=\"position: absolute; clip: rect(1px, 1px, 1px, 1px);\" src=\"https:\/\/www.saronnonews.it\/2021\/09\/03\/elezioni-2021-ecco-la-lista-cartabia-sindaco\/embed\/#?secret=8u07zGHvAD\" data-secret=\"8u07zGHvAD\" width=\"500\" height=\"282\" title=\"&#8220;Elezioni 2021, ecco la lista Cartabia Sindaco&#8221; &#8212; SaronnoNews\" frameborder=\"0\" marginwidth=\"0\" marginheight=\"0\" scrolling=\"no\"><\/iframe>","_oembed_time_ee052a6208e295518d95fe7b90350654":"1630960448","_oembed_7fad8424484f81208b0ad49f05a04995":"<blockquote class=\"wp-embedded-content\" data-secret=\"0L0KXDHImj\"><a href=\"https:\/\/www.varesenews.it\/2021\/09\/pedemontana-varese-addio-allultimo-tratto-almeno-sistemate-limbuto-gazzada\/1374525\/\">Pedemontana a Varese: &#8220;Addio all&#8217;ultimo tratto ma almeno sistemate l&#8217;imbuto di Gazzada&#8221;<\/a><\/blockquote><iframe class=\"wp-embedded-content\" sandbox=\"allow-scripts\" security=\"restricted\" style=\"position: absolute; clip: rect(1px, 1px, 1px, 1px);\" src=\"https:\/\/www.varesenews.it\/2021\/09\/pedemontana-varese-addio-allultimo-tratto-almeno-sistemate-limbuto-gazzada\/1374525\/embed\/#?secret=0L0KXDHImj\" data-secret=\"0L0KXDHImj\" width=\"500\" height=\"282\" title=\"&#8220;Pedemontana a Varese: &#8220;Addio all&#8217;ultimo tratto ma almeno sistemate l&#8217;imbuto di Gazzada&#8221;&#8221; &#8212; VareseNews\" frameborder=\"0\" marginwidth=\"0\" marginheight=\"0\" scrolling=\"no\"><\/iframe>","_oembed_time_7fad8424484f81208b0ad49f05a04995":"1630960448","_oembed_13212ed144781ecda8e5e0a702ef7143":"<blockquote class=\"wp-embedded-content\" data-secret=\"XHcHuwi4Vj\"><a href=\"https:\/\/www.varesenews.it\/2021\/09\/17-miliardi-euro-completare-la-pedemontana\/1373903\/\">1,7 miliardi di Euro per completare la Pedemontana<\/a><\/blockquote><iframe class=\"wp-embedded-content\" sandbox=\"allow-scripts\" security=\"restricted\" style=\"position: absolute; clip: rect(1px, 1px, 1px, 1px);\" src=\"https:\/\/www.varesenews.it\/2021\/09\/17-miliardi-euro-completare-la-pedemontana\/1373903\/embed\/#?secret=XHcHuwi4Vj\" data-secret=\"XHcHuwi4Vj\" width=\"500\" height=\"282\" title=\"&#8220;1,7 miliardi di Euro per completare la Pedemontana&#8221; &#8212; VareseNews\" frameborder=\"0\" marginwidth=\"0\" marginheight=\"0\" scrolling=\"no\"><\/iframe>","_oembed_time_13212ed144781ecda8e5e0a702ef7143":"1630960448","_oembed_260f53f32b3c001952ed77c09573dcf9":"<blockquote class=\"wp-embedded-content\" data-secret=\"TebOFrSjxp\"><a href=\"https:\/\/www.varesenews.it\/2021\/09\/dal-lavoro-al-fianco-dei-militari-italiani-allevacuazione-interprete-afgano-due-mesi-varese-la-famiglia\/1373845\/\">Dal lavoro al fianco dei militari italiani all&#8217;evacuazione: interprete afgano da due mesi a Varese con la famiglia<\/a><\/blockquote><iframe class=\"wp-embedded-content\" sandbox=\"allow-scripts\" security=\"restricted\" style=\"position: absolute; clip: rect(1px, 1px, 1px, 1px);\" src=\"https:\/\/www.varesenews.it\/2021\/09\/dal-lavoro-al-fianco-dei-militari-italiani-allevacuazione-interprete-afgano-due-mesi-varese-la-famiglia\/1373845\/embed\/#?secret=TebOFrSjxp\" data-secret=\"TebOFrSjxp\" width=\"500\" height=\"282\" title=\"&#8220;Dal lavoro al fianco dei militari italiani all&#8217;evacuazione: interprete afgano da due mesi a Varese con la famiglia&#8221; &#8212; VareseNews\" frameborder=\"0\" marginwidth=\"0\" marginheight=\"0\" scrolling=\"no\"><\/iframe>","_oembed_time_260f53f32b3c001952ed77c09573dcf9":"1630960448"},"photos":[{"original":"https:\/\/staging.varesenews.it\/photogallery_new\/images\/2020\/11\/caricamento-temporaneo-per-contributo-16051976454v4hm7tc8qmcku3f-1186973.jpg","full":"https:\/\/staging.varesenews.it\/photogallery_new\/images\/2020\/11\/caricamento-temporaneo-per-contributo-16051976454v4hm7tc8qmcku3f-1186973.1024x768.jpg","large":"https:\/\/staging.varesenews.it\/photogallery_new\/images\/2020\/11\/caricamento-temporaneo-per-contributo-16051976454v4hm7tc8qmcku3f-1186973.610x431.jpg"}],"_links":{"self":[{"href":"https:\/\/staging.varesenews.it\/swgapi\/v1\/wp\/v2\/posts\/1375441"}],"collection":[{"href":"https:\/\/staging.varesenews.it\/swgapi\/v1\/wp\/v2\/posts"}],"about":[{"href":"https:\/\/staging.varesenews.it\/swgapi\/v1\/wp\/v2\/types\/post"}],"author":[{"embeddable":true,"href":"https:\/\/staging.varesenews.it\/swgapi\/v1\/wp\/v2\/users\/38"}],"replies":[{"embeddable":true,"href":"https:\/\/staging.varesenews.it\/swgapi\/v1\/wp\/v2\/comments?post=1375441"}],"version-history":[{"count":0,"href":"https:\/\/staging.varesenews.it\/swgapi\/v1\/wp\/v2\/posts\/1375441\/revisions"}],"wp:attachment":[{"href":"https:\/\/staging.varesenews.it\/swgapi\/v1\/wp\/v2\/media?parent=1375441"}],"wp:term":[{"taxonomy":"category","embeddable":true,"href":"https:\/\/staging.varesenews.it\/swgapi\/v1\/wp\/v2\/categories?post=1375441"},{"taxonomy":"post_tag","embeddable":true,"href":"https:\/\/staging.varesenews.it\/swgapi\/v1\/wp\/v2\/tags?post=1375441"}],"curies":[{"name":"wp","href":"https:\/\/api.w.org\/{rel}","templated":true}]}}