{"id":1375581,"date":"2021-09-07T12:45:14","date_gmt":"2021-09-07T10:45:14","guid":{"rendered":"https:\/\/www.varesenews.it\/?p=1375581"},"modified":"2021-09-07T15:39:22","modified_gmt":"2021-09-07T13:39:22","slug":"un-labirinto-verde-ai-giardini-estensi-arriva-la-varese-design-week","status":"publish","type":"post","link":"https:\/\/staging.varesenews.it\/2021\/09\/un-labirinto-verde-ai-giardini-estensi-arriva-la-varese-design-week\/1375581\/","title":{"rendered":"Un labirinto verde ai Giardini Estensi: arriva la Varese Design Week"},"content":{"rendered":"<p>Torna dopo il Covid la <strong>Varese Design Week:<\/strong> sesta edizione dell\u2019evento che celebra la creativit\u00e0 varesina nel design e nella produzione.\u00a0Nata nel 2016, vede quest\u2019anno curatrici della manifestazione <strong>Nicoletta Romano<\/strong>, presidente dalla fondazione della manifestazione, <strong>Silvana Barbato<\/strong> e <strong>Maria Rosaria Iglio<\/strong>.<\/p>\n<p>\u00abSenza dimenticare il nostro Presidente d\u2019Onore, fin dalla prima edizione, il maestro <strong>Marcello Morandini\u00a0<\/strong>che ha disegnato per noi anche il logo &#8211; spiega <strong>Nicoletta Romano<\/strong> &#8211; E che quest\u2019anno nella sua nuova Fondazione ospiter\u00e0 alcuni dei pi\u00f9 significativi incontri\u00bb.<\/p>\n<p>Una iniziativa che non si ferma e si consolida di anno in anno: coinvolgendo nuovi designer e nuovi produttori.\u00abArrivavamo tutte da un momento faticoso &#8211; spiega <strong>Silvana Barbato<\/strong>\u00a0&#8211; Ma proprio mentre ci stavamo raccontando le difficolt\u00e0 avute durante i lockdown, ci siamo rese conto di quanto c\u2019era bisogno di metterci di nuovo a organizzarla:\u00a0 per dare il segno di un nuovo rinascimento, insomma per ripartire\u00bb.<\/p>\n<p>\u00abNon posso che salutare con favore un evento che da sei anni porta l\u2019innovazione a Varese &#8211; ha commentato <b>Davide Galimberti,\u00a0<\/b>sindaco di Varese &#8211; e che d\u00e0 sempre grandi risultati grazie all\u2019entusiasmo di Nicoletta e della sua organizzazione. Con l\u2019importante effetto di valorizzare una parte del tessuto produttivo del territorio, che \u00e8 una ricchezza economica ma anche di creativit\u00e0\u00bb<\/p>\n<h3 id=\"UN TEMPORARY IN VIA STAURENGHI, NELLA PALAZZINA STORICA DI BANCA WIDIBA\">UNA ESPOSIZIONE IN VIA STAURENGHI, NELLA PALAZZINA STORICA DI BANCA WIDIBA<\/h3>\n<p>Anche quest\u2019anno la sede varesina di <b>Banca Widiba\u00a0<\/b>in Via Staurenghi 11 ospiter\u00e0 il <strong><em>Temporary<\/em> della VDW<\/strong>, luogo dedicato all\u2019esposizione di oggetti di design.\u00a0Dal 23 al 26 settembre opere di designer italiani e stranieri saranno esposte al pubblico e presentate seguendo un percorso progettato e realizzato dalla designer <b>Beatrice Gallini.\u00a0<\/b>E che vedr\u00e0 coinvolti giovani colleghi come <b>Eleonora Castagnetti Botta, Stefano Zellner, Massimiliano Della Monaca, Filippo Protasoni, Vito Scamarcia.\u00a0<\/b>Il tema guida della sesta edizione, Labyrinth#2 ispira l\u2019allestimento: gli oggetti si rivelano ai visitatori attraverso \u201ctappe\u201d segnate da una ritmica divisione degli spazi interni.\u00a0<div class=\"photo-inside-post\"><img decoding=\"async\" loading=\"lazy\" fetchpriority=\"low\" width=\"610\" height=\"431\" src=\"https:\/\/staging.varesenews.it\/photogallery_new\/images\/2021\/09\/varese-design-week-2021-1244639.610x431.jpg\" alt=\"Varese Design Week 2021\"><\/div><\/p>\n<h3 id=\"LE INSTALLAZIONI\">LE INSTALLAZIONI<\/h3>\n<p>Le installazioni <strong>nel centro citt\u00e0 sono sempre pi\u00f9 il cuore<\/strong> della manifestazione, la prova tangibile della creativit\u00e0 varesina, cos\u00ec come accade a Milano per la creativit\u00e0 italiana. Protagonista principale sar\u00e0 lo <strong>spettacolare labirinto di bamb\u00f9 ai Giardini Estensi,<\/strong> ma anche le altre opere vogliono sorprendere e far interagire i cittadini: da piazza San Vittore a Corso Matteotti, a piazza Montegrappa. Vi descriviamo le principali, in attesa di scoprire le altre.<\/p>\n<h3 id=\"PIAZZA MONTEGRAPPA\">Piazza Monte Grappa<\/h3>\n<p>L\u2019installazione in piazza Monte Grappa \u00e8 costituita da un <strong>complesso di nastri in materiale plastico<\/strong> che descrivono estese geometrie irregolari e disordinate. Fluttuando in cielo, queste<strong> geometrie tessili caotiche<\/strong> sovrastano gran parte della superficie della piazza, la quale diventa improvvisamente protagonista di un eterno conflitto tra ordine e disordine.<\/p>\n<p>Nella piazza saranno ospitate anche le tre piramidi realizzate da Leroy Merlin, per il secondo anno sponsor tecnico della manifestazione.<\/p>\n<h3 id=\"CORSO MATTEOTTI\">Corso Matteotti<\/h3>\n<p>Attraversando Corso Matteotti, l\u2019installazione trasforma parte della piazza in <strong>un giardino urbano come appello ad una crescita collettiva<\/strong> e ad una maggiore diffusione e cura del verde. In questo piccolo labirinto i cittadini sono invitati ad entrare ed interagire con la natura e con lo spazio stesso, vivendo un\u2019esperienza nuova, e differente e <strong>riscoprendo lo stupore di vivere la natura<\/strong> in citt\u00e0.<br \/>\nI <strong>pallet in legno riciclato<\/strong> vengono utilizzati come blocchi modulari impilati per formare posti a sedere o sostegni per i numerosi vasi di <strong>piante Nandin<\/strong>a domestica, posizionati sul perimetro dell\u2019installazione al fine di rendere pi\u00f9 intime le sedute. L\u2019allestimento, grazie al progetto di <strong>illuminazione,<\/strong> prende vita anche al calar del sole, diventando un punto di incontro e di condivisione anche serale.<\/p>\n<h3 id=\"PIAZZA SAN VITTORE\">Piazza San Vittore<\/h3>\n<p>L\u2019installazione di piazza San Vittore \u00e8 un <strong>grande palco quadrato costituito da 4 labirinti uguali e simmetrici<\/strong> e 4 attraversamenti chiusi ai lati da grandi arcobaleni. L\u2019intervento urbano diventa l\u2019occasione per percorrere a piedi i labirinti oppure attraversare gli arcobaleni per <strong>raggiungere in entrambi i casi il centro della piazza<\/strong>. Qui una <strong>superficie a specchio<\/strong> simbolegger\u00e0 il punto di arrivo e il punto di partenza per intraprendere un nuovo cammino ma con uno sguardo volto al paesaggio, al cielo e alle nuvole riflesse.<br \/>\nIl materiale scelto per l\u2019installazione \u00e8 il legno colorato, in bianco e nero per i labirinti e in 8 sfumature per i passaggi.<\/p>\n<h3 id=\"GIARDINI ESTENSI: \u201dGREEN LABYRINTH\u201d\">Giardini estensi: il \u201dgreen Labyrinth\u201d<\/h3>\n<p>Nella citt\u00e0 che per definizione \u00e8 un\u2019icona del verde e dei giardini non poteva mancare un <strong>labirinto green<\/strong>. Sar\u00e0 ospitato nello spettacolare <strong>scenario di Villa Mirabello<\/strong> e realizzato grazie alla collaborazione di uno degli sponsor tecnici della VDW, <em><strong>Archiverde,<\/strong><\/em> azienda varesina di fama internazionale con la specifica vocazione per la scenografica delle aree verdi. Green Labyrinth si snoder\u00e0 attraverso <strong>percorsi di bamb\u00f9 che condurranno a una scultura metafora della femminilit\u00e0<\/strong> e della libert\u00e0 della donna: l\u2019opera \u00e8 firmata dall\u2019artista <strong>Silvia Cibaldi<\/strong>.<\/p>\n<h3>IL PROGRAMMA DELLA VARESE DESIGN WEEK<\/h3>\n<p>Oltre alle installazioni non mancano eventi e convegni, come d&#8217;abitudine. Molti dei quali sono di assoluto interesse: come i giochi di magia e matematica che faranno il noto mago e comico<strong> Raul Cremona<\/strong> con la matematica <strong>Antonietta Mira<\/strong>. Oppure come il matin\u00e8 al cinema, con tanto di colazione, che ci si pu\u00f2 godere al <strong>teatro Nuovo<\/strong> dal titolo &#8220;Petit dejeuner au cinema&#8221; con la proiezione di &#8220;<strong>Moli\u00e8re in bicicletta<\/strong>&#8220;. O ancora la conversazione tra due grandi pensatori del design: <strong>Ettore Mocchetti<\/strong> e <strong>Carlo Rampazzi<\/strong>.\u00a0 O, infine, il concerto performance di <strong>Biava<\/strong>, giovane artista e dj varesino di grande talento.<\/p>\n<p><strong>Mercoled\u00ec 22 SETTEMBRE<\/strong><br \/>\nEvento collaterale<br \/>\nOre 10:30 \u2013 Varese Design Week &#8211; Tributo a Terence Tao da parte dell\u2019artista <strong>Vittore Frattini<\/strong><br \/>\n<em>Sede: Villa Toeplitz &#8211; Via G. B. Vico 46 &#8211; Varese<\/em><\/p>\n<p><strong>Gioved\u00ec 23 SETTEMBRE<\/strong><br \/>\nOre 11:00 \u2013 Inaugurazione delle installazioni alla presenza delle Autorit\u00e0<br \/>\nSede: Piazza Monte Grappa \u2013 Varese<br \/>\nCircuito:<br \/>\nIl Caos &#8211; Piazza Montegrappa<br \/>\nIl Giardino della condivisione &#8211; Piazza Podest\u00e0 Il Codice &#8211; Piazza S. Vittore<br \/>\nSospiro sospeso \u2013 Piazza Carducci La Rinascita \u2013 Giardini Estensi Green Labyrinth &#8211; Villa Mirabello<\/p>\n<p>Evento collaterale<br \/>\nOre 14:00\/16:30\u2013 Madworkshop Abroad: USIArchitects, ArtFeast in Casciago \u2013A cura dell\u2019Architetto <strong>Riccardo Blumer<\/strong><br \/>\n<em>Sede: Chiesa di San Giovanni, via Scalette 1 Casciago \u2013 Varese<\/em><\/p>\n<p>Ore 18:00 \u2013 Inaugurazione <strong>Temporary<\/strong>, mostra di prodotti di designer emergenti Approfondimento con i progettisti delle installazioni<br \/>\n<em>Sede: Banca Widiba, via Staurenghi 1 \u2013 Varese<\/em><\/p>\n<p>Ore 16: 00 \/18:00 &#8211; Visite allo showroom C&amp;F-Caielli e Ferrari<br \/>\n<em>Sede: Cortile Cattaneo \u2013 Via Carlo Cattaneo, 7 &#8211; Varese<\/em><\/p>\n<p><strong>Venerd\u00ec 24 SETTEMBRE<\/strong><br \/>\nOre 15.30 \u2013 Incontro con il designer <strong>Matteo Remuzzi<\/strong><br \/>\n<em>Sede: Fondazione Marcello Morandini, Via Francesco del Cairo, 41 Varese<\/em><\/p>\n<p>Ore 17.00 \u2013 <strong>Math is magic<\/strong> \u2013 Show di <strong>Antonietta Mira<\/strong> e <strong>Raul Cremona<\/strong> Ore 18.00 \u2013 Bridging to Varese Design Week<br \/>\n<em>Sede: Tensostruttura presso Giardini Estensi, Via Sacco 5 \u2013 Varese<\/em><\/p>\n<p>Ore 16: 00 \/18:00 &#8211; Visite allo showroom C&amp;F-Caielli e Ferrari<br \/>\n<em>Sede: Cortile Cattaneo \u2013 Via Carlo Cattaneo, 7 &#8211; Varese<\/em><\/p>\n<p>Ore 21:00 \u2013 DJ set e Concerto del cantante <strong>Biava<\/strong>\u00a0(Alessandro Biavaschi)\u2013 Finalizzato alla raccolta fondi a favore della Comunit\u00e0 Il Pezzettino<br \/>\n<em>Sede: Tensostruttura presso Giardini Estensi, Via Sacco 5 \u2013 Varese <\/em><\/p>\n<p>Ore 16: 00 \/18:00 Visite allo showroom C&amp;F-Caielli e Ferrari<br \/>\n<em>Sede: Cortile Cattaneo \u2013 Via Carlo Cattaneo, 7 &#8211; Varese<\/em><\/p>\n<p><strong>Sabato 25 SETTEMBRE<\/strong><br \/>\nOre 11:00 \u2013 Performance dell\u2019artista Fausto Roma<br \/>\n<em>Sede: Galleria di Piazza San Vittore<\/em><\/p>\n<p>Ore 18:30 \u2013 Tavola rotonda \u2013 <strong>Educazione finanziaria e Sostenibilit\u00e0<\/strong><br \/>\nIntervengono:<br \/>\nMichele Chiesa Direttore Leroy Merlin Solbiate Arno<br \/>\nMauro Capozzi Socio di Facility Gest Milano<br \/>\nAlessandro Ferrario di Archiverde<br \/>\nNicol\u00f2 Turri di Camiceria Turri<br \/>\nArch. Mauro Rivolta &#8211; Ecoarch<br \/>\n<em>Sede: Banca Widiba, via Staurenghi 1 \u2013 Varese<\/em><\/p>\n<p>Ore 16: 00 \/18:00 &#8211; Visite allo showroom C&amp;F-Caielli e Ferrari<br \/>\n<em>Sede: Cortile Cattaneo \u2013 Via Carlo Cattaneo, 7 &#8211; Varese<\/em><\/p>\n<p><strong>Domenica 26 SETTEMBRE<\/strong><br \/>\nOre 10.00 \u2013 <strong>Les petits d\u00e9jeuners du cin\u00e9ma<\/strong> della Varese Design Week<br \/>\nPrima colazione e visione del film: \u201c<strong>Moli\u00e8re in bicicletta<\/strong>\u201d<br \/>\n<em>Sede:\u00a0Cinema Nuovo<\/em><\/p>\n<p>Ore 15.00 \u2013 Incontro con <strong>Ettore Mocchetti<\/strong>, storico direttore della rivista AD e l\u2019archistar svizzero <strong>Carlo Rampazzi<\/strong><br \/>\n<em>Sede: Fondazione Marcello Morandini \u2013 Via Francesco del Cairo, 41 Varese<\/em><\/p>\n<p>Ore 18:00 \u2013 Incontro tra <strong>Riccardo Blumer e i designer protagonisti della Varese Design Week:\u00a0<\/strong>Eleonora Castagnetta, Valentina Del Motto, Maria Mastella, Mattia Milano, Tito Monestier,\u00a0Stefano Zellner<br \/>\n<em>Sede: Fondazione Marcello Morandini \u2013 Via Francesco del Cairo, 41 Varese<\/em><\/p>\n<p><strong>Dal 10 SETTEMBRE al 31 OTTOBRE<\/strong><br \/>\nIl Labirinto<br \/>\nDialogo con Minosse. Il disorientamento dell\u2019uomo<br \/>\nMostra collettiva dell\u2019Associazione Liberi Artisti della Provincia di Varese Aps \u2013 ALAPV <em>Sede:\u00a0Sala Veratti \u2013 Via Veratti, Varese<\/em><\/p>\n<p>Installazione site-specific dell&#8217;artista Giulio Locatelli &#8211; Progetto in occasione di \u201cVarese Design Week\u201d<br \/>\n<em>Sede: Galleria Ghiggini 1822 Via Albuzzi 17 Varese<\/em><\/p>\n","protected":false},"excerpt":{"rendered":"<p>\u00c8 l\u2019installazione di punta dell\u2019anno, che rende concreto il tema della sesta edizione: &#8220;Labirinth, la rinascita&#8221; dal 23 al 26 settembre<\/p>\n","protected":false},"author":48,"featured_media":0,"comment_status":"open","ping_status":"open","sticky":false,"template":"","format":"standard","meta":{"footnotes":""},"categories":[18,113031,21,2],"tags":[59806,116831],"acf":[],"yoast_head":"<!-- This site is optimized with the Yoast SEO plugin v20.1 - https:\/\/yoast.com\/wordpress\/plugins\/seo\/ -->\n<title>Un labirinto verde ai Giardini Estensi: arriva la Varese Design Week<\/title>\n<meta name=\"description\" content=\"\u00c8 l\u2019installazione di punta dell\u2019anno, che rende concreto il tema della sesta edizione: &quot;Labirinth, la rinascita&quot; dal 23 al 26 settembre\" \/>\n<meta name=\"robots\" content=\"noindex, follow, max-snippet:-1, max-image-preview:large, max-video-preview:-1\" \/>\n<meta property=\"og:locale\" content=\"it_IT\" \/>\n<meta property=\"og:type\" content=\"article\" \/>\n<meta property=\"og:title\" content=\"Un labirinto verde ai Giardini Estensi: arriva la Varese Design Week\" \/>\n<meta property=\"og:description\" content=\"\u00c8 l\u2019installazione di punta dell\u2019anno, che rende concreto il tema della sesta edizione: &quot;Labirinth, la rinascita&quot; dal 23 al 26 settembre\" \/>\n<meta property=\"og:url\" content=\"https:\/\/staging.varesenews.it\/2021\/09\/un-labirinto-verde-ai-giardini-estensi-arriva-la-varese-design-week\/1375581\/\" \/>\n<meta property=\"og:site_name\" content=\"VareseNews\" \/>\n<meta property=\"article:publisher\" content=\"https:\/\/www.facebook.com\/varesenews\" \/>\n<meta property=\"article:author\" content=\"https:\/\/www.facebook.com\/stefaniaradman\" \/>\n<meta property=\"article:published_time\" content=\"2021-09-07T10:45:14+00:00\" \/>\n<meta property=\"article:modified_time\" content=\"2021-09-07T13:39:22+00:00\" \/>\n<meta name=\"author\" content=\"Stefania Radman\" \/>\n<meta name=\"twitter:card\" content=\"summary_large_image\" \/>\n<meta name=\"twitter:creator\" content=\"@LaRadman\" \/>\n<meta name=\"twitter:site\" content=\"@varesenews\" \/>\n<meta name=\"twitter:label1\" content=\"Scritto da\" \/>\n\t<meta name=\"twitter:data1\" content=\"Stefania Radman\" \/>\n\t<meta name=\"twitter:label2\" content=\"Tempo di lettura stimato\" \/>\n\t<meta name=\"twitter:data2\" content=\"7 minuti\" \/>\n<script type=\"application\/ld+json\" class=\"yoast-schema-graph\">{\"@context\":\"https:\/\/schema.org\",\"@graph\":[{\"@type\":\"WebPage\",\"@id\":\"https:\/\/staging.varesenews.it\/2021\/09\/un-labirinto-verde-ai-giardini-estensi-arriva-la-varese-design-week\/1375581\/\",\"url\":\"https:\/\/staging.varesenews.it\/2021\/09\/un-labirinto-verde-ai-giardini-estensi-arriva-la-varese-design-week\/1375581\/\",\"name\":\"Un labirinto verde ai Giardini Estensi: arriva la Varese Design Week\",\"isPartOf\":{\"@id\":\"https:\/\/staging.varesenews.it\/#website\"},\"datePublished\":\"2021-09-07T10:45:14+00:00\",\"dateModified\":\"2021-09-07T13:39:22+00:00\",\"author\":{\"@id\":\"https:\/\/staging.varesenews.it\/#\/schema\/person\/995d2e6a31c67237a9a1bc1f0079f3aa\"},\"description\":\"\u00c8 l\u2019installazione di punta dell\u2019anno, che rende concreto il tema della sesta edizione: \\\"Labirinth, la rinascita\\\" dal 23 al 26 settembre\",\"breadcrumb\":{\"@id\":\"https:\/\/staging.varesenews.it\/2021\/09\/un-labirinto-verde-ai-giardini-estensi-arriva-la-varese-design-week\/1375581\/#breadcrumb\"},\"inLanguage\":\"it-IT\",\"potentialAction\":[{\"@type\":\"ReadAction\",\"target\":[\"https:\/\/staging.varesenews.it\/2021\/09\/un-labirinto-verde-ai-giardini-estensi-arriva-la-varese-design-week\/1375581\/\"]}]},{\"@type\":\"BreadcrumbList\",\"@id\":\"https:\/\/staging.varesenews.it\/2021\/09\/un-labirinto-verde-ai-giardini-estensi-arriva-la-varese-design-week\/1375581\/#breadcrumb\",\"itemListElement\":[{\"@type\":\"ListItem\",\"position\":1,\"name\":\"Home\",\"item\":\"https:\/\/www.varesenews.it\/\"},{\"@type\":\"ListItem\",\"position\":2,\"name\":\"Un labirinto verde ai Giardini Estensi: arriva la Varese Design Week\"}]},{\"@type\":\"WebSite\",\"@id\":\"https:\/\/staging.varesenews.it\/#website\",\"url\":\"https:\/\/staging.varesenews.it\/\",\"name\":\"VareseNews\",\"description\":\"\",\"potentialAction\":[{\"@type\":\"SearchAction\",\"target\":{\"@type\":\"EntryPoint\",\"urlTemplate\":\"https:\/\/staging.varesenews.it\/?s={search_term_string}\"},\"query-input\":\"required name=search_term_string\"}],\"inLanguage\":\"it-IT\"},{\"@type\":\"Person\",\"@id\":\"https:\/\/staging.varesenews.it\/#\/schema\/person\/995d2e6a31c67237a9a1bc1f0079f3aa\",\"name\":\"Stefania Radman\",\"image\":{\"@type\":\"ImageObject\",\"inLanguage\":\"it-IT\",\"@id\":\"https:\/\/staging.varesenews.it\/#\/schema\/person\/image\/\",\"url\":\"https:\/\/staging.varesenews.it\/wp-content\/uploads\/2020\/12\/stefania_radman_colori_500.jpg\",\"contentUrl\":\"https:\/\/staging.varesenews.it\/wp-content\/uploads\/2020\/12\/stefania_radman_colori_500.jpg\",\"caption\":\"Stefania Radman\"},\"description\":\"Varesina dal 1991, lavoro dal 2000 per Varesenews.it, prima come responsabile della pagina dell&rsquo;economia, poi della pagina life, ora della citt&agrave; di Varese.Ma sono (e sono stata) anche altro: per esempio, agli albori delle radio private ero dj in una radio milanese, Onda Radio. Da 20 anni sono corrispondente da Varese di Radio Popolare e ho collaborato con Espresso, Repubblica, Diario della Settimana, Italia Oggi. &ldquo;Smanettona&rdquo; da sempre, ho aperto il mio primo sito personale con Geocities nei primi anni novanta (chi se lo ricorda?) e i miei primi blog in Splinder all&rsquo;inizio del 2000. Ora sono sui social: qui quasi sempre sono semplicemente \\\"LaRadman&rdquo;.\",\"sameAs\":[\"http:\/\/laradman.blogspot.it\",\"https:\/\/www.facebook.com\/stefaniaradman\",\"@LaRadman\",\"https:\/\/www.linkedin.com\/in\/stefaniaradman\",\"https:\/\/twitter.com\/LaRadman\"],\"url\":\"https:\/\/staging.varesenews.it\/persona\/stefania-radman1\/\"}]}<\/script>\n<!-- \/ Yoast SEO plugin. -->","yoast_head_json":{"title":"Un labirinto verde ai Giardini Estensi: arriva la Varese Design Week","description":"\u00c8 l\u2019installazione di punta dell\u2019anno, che rende concreto il tema della sesta edizione: \"Labirinth, la rinascita\" dal 23 al 26 settembre","robots":{"index":"noindex","follow":"follow","max-snippet":"max-snippet:-1","max-image-preview":"max-image-preview:large","max-video-preview":"max-video-preview:-1"},"og_locale":"it_IT","og_type":"article","og_title":"Un labirinto verde ai Giardini Estensi: arriva la Varese Design Week","og_description":"\u00c8 l\u2019installazione di punta dell\u2019anno, che rende concreto il tema della sesta edizione: \"Labirinth, la rinascita\" dal 23 al 26 settembre","og_url":"https:\/\/staging.varesenews.it\/2021\/09\/un-labirinto-verde-ai-giardini-estensi-arriva-la-varese-design-week\/1375581\/","og_site_name":"VareseNews","article_publisher":"https:\/\/www.facebook.com\/varesenews","article_author":"https:\/\/www.facebook.com\/stefaniaradman","article_published_time":"2021-09-07T10:45:14+00:00","article_modified_time":"2021-09-07T13:39:22+00:00","author":"Stefania Radman","twitter_card":"summary_large_image","twitter_creator":"@LaRadman","twitter_site":"@varesenews","twitter_misc":{"Scritto da":"Stefania Radman","Tempo di lettura stimato":"7 minuti"},"schema":{"@context":"https:\/\/schema.org","@graph":[{"@type":"WebPage","@id":"https:\/\/staging.varesenews.it\/2021\/09\/un-labirinto-verde-ai-giardini-estensi-arriva-la-varese-design-week\/1375581\/","url":"https:\/\/staging.varesenews.it\/2021\/09\/un-labirinto-verde-ai-giardini-estensi-arriva-la-varese-design-week\/1375581\/","name":"Un labirinto verde ai Giardini Estensi: arriva la Varese Design Week","isPartOf":{"@id":"https:\/\/staging.varesenews.it\/#website"},"datePublished":"2021-09-07T10:45:14+00:00","dateModified":"2021-09-07T13:39:22+00:00","author":{"@id":"https:\/\/staging.varesenews.it\/#\/schema\/person\/995d2e6a31c67237a9a1bc1f0079f3aa"},"description":"\u00c8 l\u2019installazione di punta dell\u2019anno, che rende concreto il tema della sesta edizione: \"Labirinth, la rinascita\" dal 23 al 26 settembre","breadcrumb":{"@id":"https:\/\/staging.varesenews.it\/2021\/09\/un-labirinto-verde-ai-giardini-estensi-arriva-la-varese-design-week\/1375581\/#breadcrumb"},"inLanguage":"it-IT","potentialAction":[{"@type":"ReadAction","target":["https:\/\/staging.varesenews.it\/2021\/09\/un-labirinto-verde-ai-giardini-estensi-arriva-la-varese-design-week\/1375581\/"]}]},{"@type":"BreadcrumbList","@id":"https:\/\/staging.varesenews.it\/2021\/09\/un-labirinto-verde-ai-giardini-estensi-arriva-la-varese-design-week\/1375581\/#breadcrumb","itemListElement":[{"@type":"ListItem","position":1,"name":"Home","item":"https:\/\/www.varesenews.it\/"},{"@type":"ListItem","position":2,"name":"Un labirinto verde ai Giardini Estensi: arriva la Varese Design Week"}]},{"@type":"WebSite","@id":"https:\/\/staging.varesenews.it\/#website","url":"https:\/\/staging.varesenews.it\/","name":"VareseNews","description":"","potentialAction":[{"@type":"SearchAction","target":{"@type":"EntryPoint","urlTemplate":"https:\/\/staging.varesenews.it\/?s={search_term_string}"},"query-input":"required name=search_term_string"}],"inLanguage":"it-IT"},{"@type":"Person","@id":"https:\/\/staging.varesenews.it\/#\/schema\/person\/995d2e6a31c67237a9a1bc1f0079f3aa","name":"Stefania Radman","image":{"@type":"ImageObject","inLanguage":"it-IT","@id":"https:\/\/staging.varesenews.it\/#\/schema\/person\/image\/","url":"https:\/\/staging.varesenews.it\/wp-content\/uploads\/2020\/12\/stefania_radman_colori_500.jpg","contentUrl":"https:\/\/staging.varesenews.it\/wp-content\/uploads\/2020\/12\/stefania_radman_colori_500.jpg","caption":"Stefania Radman"},"description":"Varesina dal 1991, lavoro dal 2000 per Varesenews.it, prima come responsabile della pagina dell&rsquo;economia, poi della pagina life, ora della citt&agrave; di Varese.Ma sono (e sono stata) anche altro: per esempio, agli albori delle radio private ero dj in una radio milanese, Onda Radio. Da 20 anni sono corrispondente da Varese di Radio Popolare e ho collaborato con Espresso, Repubblica, Diario della Settimana, Italia Oggi. &ldquo;Smanettona&rdquo; da sempre, ho aperto il mio primo sito personale con Geocities nei primi anni novanta (chi se lo ricorda?) e i miei primi blog in Splinder all&rsquo;inizio del 2000. Ora sono sui social: qui quasi sempre sono semplicemente \"LaRadman&rdquo;.","sameAs":["http:\/\/laradman.blogspot.it","https:\/\/www.facebook.com\/stefaniaradman","@LaRadman","https:\/\/www.linkedin.com\/in\/stefaniaradman","https:\/\/twitter.com\/LaRadman"],"url":"https:\/\/staging.varesenews.it\/persona\/stefania-radman1\/"}]}},"post_meta":{"_edit_lock":"1631021843:48","_edit_last":"48","_category_permalink":"a:1:{s:8:\"category\";s:1:\"2\";}","argomento":"Varese","_yoast_wpseo_content_score":"30","_jd_tweet_this":"yes","foto":"1244626","_encloseme":"1","ratings_users":"0","ratings_score":"0","ratings_average":"0","_wpt_short_url":"https:\/\/www.varesenews.it\/2021\/09\/un-labirinto-verde-ai-giardini-estensi-arriva-la-varese-design-week\/1375581\/","_wp_jd_target":"https:\/\/www.varesenews.it\/2021\/09\/un-labirinto-verde-ai-giardini-estensi-arriva-la-varese-design-week\/1375581\/","_jd_wp_twitter":"a:1:{i:0;s:180:\"Un labirinto verde ai Giardini Estensi: arriva la Varese Design Week https:\/\/www.varesenews.it\/2021\/09\/un-labirinto-verde-ai-giardini-estensi-arriva-la-varese-design-week\/1375581\/ \";}","_wpt_status_message":"Tweet inviato con successo.","id_leggi_anche":"1378081,1378903,1381371"},"photos":[{"original":"https:\/\/staging.varesenews.it\/photogallery_new\/images\/2021\/09\/varese-design-week-2021-1244626.jpg","full":"https:\/\/staging.varesenews.it\/photogallery_new\/images\/2021\/09\/varese-design-week-2021-1244626.1024x768.jpg","large":"https:\/\/staging.varesenews.it\/photogallery_new\/images\/2021\/09\/varese-design-week-2021-1244626.610x431.jpg"}],"_links":{"self":[{"href":"https:\/\/staging.varesenews.it\/swgapi\/v1\/wp\/v2\/posts\/1375581"}],"collection":[{"href":"https:\/\/staging.varesenews.it\/swgapi\/v1\/wp\/v2\/posts"}],"about":[{"href":"https:\/\/staging.varesenews.it\/swgapi\/v1\/wp\/v2\/types\/post"}],"author":[{"embeddable":true,"href":"https:\/\/staging.varesenews.it\/swgapi\/v1\/wp\/v2\/users\/48"}],"replies":[{"embeddable":true,"href":"https:\/\/staging.varesenews.it\/swgapi\/v1\/wp\/v2\/comments?post=1375581"}],"version-history":[{"count":0,"href":"https:\/\/staging.varesenews.it\/swgapi\/v1\/wp\/v2\/posts\/1375581\/revisions"}],"wp:attachment":[{"href":"https:\/\/staging.varesenews.it\/swgapi\/v1\/wp\/v2\/media?parent=1375581"}],"wp:term":[{"taxonomy":"category","embeddable":true,"href":"https:\/\/staging.varesenews.it\/swgapi\/v1\/wp\/v2\/categories?post=1375581"},{"taxonomy":"post_tag","embeddable":true,"href":"https:\/\/staging.varesenews.it\/swgapi\/v1\/wp\/v2\/tags?post=1375581"}],"curies":[{"name":"wp","href":"https:\/\/api.w.org\/{rel}","templated":true}]}}