{"id":1375745,"date":"2021-09-07T17:16:07","date_gmt":"2021-09-07T15:16:07","guid":{"rendered":"https:\/\/www.varesenews.it\/?p=1375745"},"modified":"2021-09-15T14:24:09","modified_gmt":"2021-09-15T12:24:09","slug":"volandia-torna-vanni-oddera-la-mototerapia","status":"publish","type":"post","link":"https:\/\/staging.varesenews.it\/2021\/09\/volandia-torna-vanni-oddera-la-mototerapia\/1375745\/","title":{"rendered":"A Volandia torna Vanni Oddera con la mototerapia"},"content":{"rendered":"<p>Una giornata speciale ed emozionante aspetta molti ragazzi e ragazze a Volandia, insieme a <strong>Vanni Oddera<\/strong> e la mototerapia: l&#8217;appuntamento \u00e8 per domenica <strong>19 settembre<\/strong>, al museo del volo di <strong>Somma Lombardo,<\/strong> a partire dalle 10 con<strong> &#8220;Prendi il volo 2&#8221;<\/strong>, giunto alla seconda edizione.<\/p>\n<p>L&#8217;evento \u00e8 patrocinato dalla Provincia di Varese, dal Comune\u00a0di Busto Arsizio e da Asst Valle Olona, \u00e8 aperto a tutti coloro che desiderano\u00a0partecipare: \u00e8 gratuito per i ragazzi disabili e oncologici e per i loro accompagnatori mentre\u00a0prevede il regolare costo \u00a0non maggiorato) del biglietto di Volandia, per tutti gli altri pari a\u00a0euro 14 per gli adulti e a euro 6 per i bambini.<\/p>\n<p>La fototerapia sar\u00e0 alternata al Power Show di Oddera e il suo team, i <strong>Daboot<\/strong>, al famoso\u00a0Power Show\u00a0Acrobatico: potenza, adrenalina ed una energia contagiosa che\u00a0si vivono sulla pelle e nell\u2019anima.<\/p>\n<blockquote class=\"wp-embedded-content\" data-secret=\"WF3gixXvWw\"><p><a href=\"https:\/\/www.varesenews.it\/2020\/10\/mototerapia-vanni-oddera-emozionare-ragazzi-samarate\/969582\/\">Mototerapia: Vanni Oddera fa emozionare i ragazzi a Samarate<\/a><\/p><\/blockquote>\n<p><iframe class=\"wp-embedded-content\" sandbox=\"allow-scripts\" security=\"restricted\" style=\"position: absolute; clip: rect(1px, 1px, 1px, 1px);\" src=\"https:\/\/www.varesenews.it\/2020\/10\/mototerapia-vanni-oddera-emozionare-ragazzi-samarate\/969582\/embed\/#?secret=WF3gixXvWw\" data-secret=\"WF3gixXvWw\" width=\"500\" height=\"282\" title=\"&#8220;Mototerapia: Vanni Oddera fa emozionare i ragazzi a Samarate&#8221; &#8212; VareseNews\" frameborder=\"0\" marginwidth=\"0\" marginheight=\"0\" scrolling=\"no\"><\/iframe><\/p>\n<p>Per accedere all\u2019evento e\u2019 indispensabile essere in possesso di Green Pass.\u00a0All\u2019interno della manifestazione inoltre ci sar\u00e0 una vera e propria mostra con successiva\u00a0sfilata di rombanti Harley Davidson a cura di Motoclub Sempione 33 e Kustom Road.<br \/>\nPer accreditarsi alla Mototerapia di Vanni Oddera (fino esaurimento posti) \u00e8 possibile\u00a0chiamare i numeri 3668769505 oppure 3346285550.<\/p>\n<h3>Mai Paura scalda i motori<\/h3>\n<p>Settembre \u00e8 notoriamente il mese della ripartenza e <strong>Mai paura<\/strong>, la Onlus capitanata\u00a0da <strong>Emanuela Bossi<\/strong>, mette la quarta: Mai Paura apre il calendario della seconda met\u00e0 dell\u2019anno con la<strong> cena di beneficenza\u00a0finalizzata a raccogliere fondi per il \u201c Mai Paura Camp\u201d<\/strong>, uno spazio polifunzionale\u00a0in via Salvator Rosa a <strong>Busto Arsizio<\/strong>, \u00a0per i ragazzi delle 27 associazioni che sono diventate inseparabili compagni di viaggio.\u00a0La location della \u201c cena power\u201d \u00e8 ancora una volta Volandia, il Museo del Volo, che per\u00a0l\u2019occasione indosser\u00e0 un abito elegante: sabato<strong> 18 Settembre<\/strong> si svolger\u00e0 \u201c Salta la cena\u201d con protagonista Vanni Oddera.<\/p>\n<p>Mise en place e men\u00f9 saranno curati dalla classe e professionalit\u00e0 di Tondini Catering e\u00a0la colonna sonora sar\u00e0 curata dai Soldout Rock Cover Band.<\/p>\n<p>\u00c8 ancora possibile accreditarsi all\u2019esclusiva cena di beneficenza telefonando al numero\u00a03346258550.<\/p>\n","protected":false},"excerpt":{"rendered":"<p>Volandia ospiter\u00e0 due eventi con Vanni Oddera e la onlus Mai Paura: la cena di beneficenza a sostegno del &#8220;Mai Paura Camp&#8221; e la mototerapia <\/p>\n","protected":false},"author":15866,"featured_media":0,"comment_status":"open","ping_status":"open","sticky":false,"template":"","format":"standard","meta":{"footnotes":""},"categories":[23,18,3,21],"tags":[87200,103276,87906,88334,130,622,115695,158],"acf":[],"yoast_head":"<!-- This site is optimized with the Yoast SEO plugin v20.1 - https:\/\/yoast.com\/wordpress\/plugins\/seo\/ -->\n<title>A Volandia torna Vanni Oddera con la mototerapia<\/title>\n<meta name=\"description\" content=\"Volandia ospiter\u00e0 due eventi con Vanni Oddera e la onlus Mai Paura: la cena di beneficenza a sostegno del &quot;Mai Paura Camp&quot; e la mototerapia\" \/>\n<meta name=\"robots\" content=\"noindex, follow, max-snippet:-1, max-image-preview:large, max-video-preview:-1\" \/>\n<meta property=\"og:locale\" content=\"it_IT\" \/>\n<meta property=\"og:type\" content=\"article\" \/>\n<meta property=\"og:title\" content=\"A Volandia torna Vanni Oddera con la mototerapia\" \/>\n<meta property=\"og:description\" content=\"Volandia ospiter\u00e0 due eventi con Vanni Oddera e la onlus Mai Paura: la cena di beneficenza a sostegno del &quot;Mai Paura Camp&quot; e la mototerapia\" \/>\n<meta property=\"og:url\" content=\"https:\/\/staging.varesenews.it\/2021\/09\/volandia-torna-vanni-oddera-la-mototerapia\/1375745\/\" \/>\n<meta property=\"og:site_name\" content=\"VareseNews\" \/>\n<meta property=\"article:publisher\" content=\"https:\/\/www.facebook.com\/varesenews\" \/>\n<meta property=\"article:published_time\" content=\"2021-09-07T15:16:07+00:00\" \/>\n<meta property=\"article:modified_time\" content=\"2021-09-15T12:24:09+00:00\" \/>\n<meta name=\"author\" content=\"Nicole Erbetti\" \/>\n<meta name=\"twitter:card\" content=\"summary_large_image\" \/>\n<meta name=\"twitter:creator\" content=\"@varesenews\" \/>\n<meta name=\"twitter:site\" content=\"@varesenews\" \/>\n<meta name=\"twitter:label1\" content=\"Scritto da\" \/>\n\t<meta name=\"twitter:data1\" content=\"Nicole Erbetti\" \/>\n\t<meta name=\"twitter:label2\" content=\"Tempo di lettura stimato\" \/>\n\t<meta name=\"twitter:data2\" content=\"2 minuti\" \/>\n<script type=\"application\/ld+json\" class=\"yoast-schema-graph\">{\"@context\":\"https:\/\/schema.org\",\"@graph\":[{\"@type\":\"WebPage\",\"@id\":\"https:\/\/staging.varesenews.it\/2021\/09\/volandia-torna-vanni-oddera-la-mototerapia\/1375745\/\",\"url\":\"https:\/\/staging.varesenews.it\/2021\/09\/volandia-torna-vanni-oddera-la-mototerapia\/1375745\/\",\"name\":\"A Volandia torna Vanni Oddera con la mototerapia\",\"isPartOf\":{\"@id\":\"https:\/\/staging.varesenews.it\/#website\"},\"datePublished\":\"2021-09-07T15:16:07+00:00\",\"dateModified\":\"2021-09-15T12:24:09+00:00\",\"author\":{\"@id\":\"https:\/\/staging.varesenews.it\/#\/schema\/person\/8b180378471627e56865b54b75644650\"},\"description\":\"Volandia ospiter\u00e0 due eventi con Vanni Oddera e la onlus Mai Paura: la cena di beneficenza a sostegno del \\\"Mai Paura Camp\\\" e la mototerapia\",\"breadcrumb\":{\"@id\":\"https:\/\/staging.varesenews.it\/2021\/09\/volandia-torna-vanni-oddera-la-mototerapia\/1375745\/#breadcrumb\"},\"inLanguage\":\"it-IT\",\"potentialAction\":[{\"@type\":\"ReadAction\",\"target\":[\"https:\/\/staging.varesenews.it\/2021\/09\/volandia-torna-vanni-oddera-la-mototerapia\/1375745\/\"]}]},{\"@type\":\"BreadcrumbList\",\"@id\":\"https:\/\/staging.varesenews.it\/2021\/09\/volandia-torna-vanni-oddera-la-mototerapia\/1375745\/#breadcrumb\",\"itemListElement\":[{\"@type\":\"ListItem\",\"position\":1,\"name\":\"Home\",\"item\":\"https:\/\/www.varesenews.it\/\"},{\"@type\":\"ListItem\",\"position\":2,\"name\":\"A Volandia torna Vanni Oddera con la mototerapia\"}]},{\"@type\":\"WebSite\",\"@id\":\"https:\/\/staging.varesenews.it\/#website\",\"url\":\"https:\/\/staging.varesenews.it\/\",\"name\":\"VareseNews\",\"description\":\"\",\"potentialAction\":[{\"@type\":\"SearchAction\",\"target\":{\"@type\":\"EntryPoint\",\"urlTemplate\":\"https:\/\/staging.varesenews.it\/?s={search_term_string}\"},\"query-input\":\"required name=search_term_string\"}],\"inLanguage\":\"it-IT\"},{\"@type\":\"Person\",\"@id\":\"https:\/\/staging.varesenews.it\/#\/schema\/person\/8b180378471627e56865b54b75644650\",\"name\":\"Nicole Erbetti\",\"image\":{\"@type\":\"ImageObject\",\"inLanguage\":\"it-IT\",\"@id\":\"https:\/\/staging.varesenews.it\/#\/schema\/person\/image\/\",\"url\":\"https:\/\/staging.varesenews.it\/wp-content\/uploads\/2020\/12\/nicole_erbetti_colori_500.jpg\",\"contentUrl\":\"https:\/\/staging.varesenews.it\/wp-content\/uploads\/2020\/12\/nicole_erbetti_colori_500.jpg\",\"caption\":\"Nicole Erbetti\"},\"description\":\"Classe 1995 e una laurea in Lettere. \u201cNata\u201d a VareseNews nel 2019 e co-responsabile di MalpensaNews. Mi occupo di cronaca politica e di storie in quella biosfera a met\u00e0 tra la vecchia anima provinciale e la Milano metropolitana che \u00e8 il gallaratese: insomma, \u00e8 un po\u2019 in bilico come me. Quando non scrivo leggo, recito, contemplo il Lago Maggiore o scappo in un paesaggio alpino.\u00a0\",\"url\":\"https:\/\/staging.varesenews.it\/persona\/nicole-erbetti\/\"}]}<\/script>\n<!-- \/ Yoast SEO plugin. -->","yoast_head_json":{"title":"A Volandia torna Vanni Oddera con la mototerapia","description":"Volandia ospiter\u00e0 due eventi con Vanni Oddera e la onlus Mai Paura: la cena di beneficenza a sostegno del \"Mai Paura Camp\" e la mototerapia","robots":{"index":"noindex","follow":"follow","max-snippet":"max-snippet:-1","max-image-preview":"max-image-preview:large","max-video-preview":"max-video-preview:-1"},"og_locale":"it_IT","og_type":"article","og_title":"A Volandia torna Vanni Oddera con la mototerapia","og_description":"Volandia ospiter\u00e0 due eventi con Vanni Oddera e la onlus Mai Paura: la cena di beneficenza a sostegno del \"Mai Paura Camp\" e la mototerapia","og_url":"https:\/\/staging.varesenews.it\/2021\/09\/volandia-torna-vanni-oddera-la-mototerapia\/1375745\/","og_site_name":"VareseNews","article_publisher":"https:\/\/www.facebook.com\/varesenews","article_published_time":"2021-09-07T15:16:07+00:00","article_modified_time":"2021-09-15T12:24:09+00:00","author":"Nicole Erbetti","twitter_card":"summary_large_image","twitter_creator":"@varesenews","twitter_site":"@varesenews","twitter_misc":{"Scritto da":"Nicole Erbetti","Tempo di lettura stimato":"2 minuti"},"schema":{"@context":"https:\/\/schema.org","@graph":[{"@type":"WebPage","@id":"https:\/\/staging.varesenews.it\/2021\/09\/volandia-torna-vanni-oddera-la-mototerapia\/1375745\/","url":"https:\/\/staging.varesenews.it\/2021\/09\/volandia-torna-vanni-oddera-la-mototerapia\/1375745\/","name":"A Volandia torna Vanni Oddera con la mototerapia","isPartOf":{"@id":"https:\/\/staging.varesenews.it\/#website"},"datePublished":"2021-09-07T15:16:07+00:00","dateModified":"2021-09-15T12:24:09+00:00","author":{"@id":"https:\/\/staging.varesenews.it\/#\/schema\/person\/8b180378471627e56865b54b75644650"},"description":"Volandia ospiter\u00e0 due eventi con Vanni Oddera e la onlus Mai Paura: la cena di beneficenza a sostegno del \"Mai Paura Camp\" e la mototerapia","breadcrumb":{"@id":"https:\/\/staging.varesenews.it\/2021\/09\/volandia-torna-vanni-oddera-la-mototerapia\/1375745\/#breadcrumb"},"inLanguage":"it-IT","potentialAction":[{"@type":"ReadAction","target":["https:\/\/staging.varesenews.it\/2021\/09\/volandia-torna-vanni-oddera-la-mototerapia\/1375745\/"]}]},{"@type":"BreadcrumbList","@id":"https:\/\/staging.varesenews.it\/2021\/09\/volandia-torna-vanni-oddera-la-mototerapia\/1375745\/#breadcrumb","itemListElement":[{"@type":"ListItem","position":1,"name":"Home","item":"https:\/\/www.varesenews.it\/"},{"@type":"ListItem","position":2,"name":"A Volandia torna Vanni Oddera con la mototerapia"}]},{"@type":"WebSite","@id":"https:\/\/staging.varesenews.it\/#website","url":"https:\/\/staging.varesenews.it\/","name":"VareseNews","description":"","potentialAction":[{"@type":"SearchAction","target":{"@type":"EntryPoint","urlTemplate":"https:\/\/staging.varesenews.it\/?s={search_term_string}"},"query-input":"required name=search_term_string"}],"inLanguage":"it-IT"},{"@type":"Person","@id":"https:\/\/staging.varesenews.it\/#\/schema\/person\/8b180378471627e56865b54b75644650","name":"Nicole Erbetti","image":{"@type":"ImageObject","inLanguage":"it-IT","@id":"https:\/\/staging.varesenews.it\/#\/schema\/person\/image\/","url":"https:\/\/staging.varesenews.it\/wp-content\/uploads\/2020\/12\/nicole_erbetti_colori_500.jpg","contentUrl":"https:\/\/staging.varesenews.it\/wp-content\/uploads\/2020\/12\/nicole_erbetti_colori_500.jpg","caption":"Nicole Erbetti"},"description":"Classe 1995 e una laurea in Lettere. \u201cNata\u201d a VareseNews nel 2019 e co-responsabile di MalpensaNews. Mi occupo di cronaca politica e di storie in quella biosfera a met\u00e0 tra la vecchia anima provinciale e la Milano metropolitana che \u00e8 il gallaratese: insomma, \u00e8 un po\u2019 in bilico come me. Quando non scrivo leggo, recito, contemplo il Lago Maggiore o scappo in un paesaggio alpino.\u00a0","url":"https:\/\/staging.varesenews.it\/persona\/nicole-erbetti\/"}]}},"post_meta":{"_edit_lock":"1631717029:46","_edit_last":"46","_oembed_a889e8539c96dc13e576b56af0d77d84":"<blockquote class=\"wp-embedded-content\" data-secret=\"rt9T5x6UQ9\"><a href=\"https:\/\/www.varesenews.it\/2020\/10\/mototerapia-vanni-oddera-emozionare-ragazzi-samarate\/969582\/\">Mototerapia: Vanni Oddera fa emozionare i ragazzi a Samarate<\/a><\/blockquote><iframe class=\"wp-embedded-content\" sandbox=\"allow-scripts\" security=\"restricted\" style=\"position: absolute; clip: rect(1px, 1px, 1px, 1px);\" src=\"https:\/\/www.varesenews.it\/2020\/10\/mototerapia-vanni-oddera-emozionare-ragazzi-samarate\/969582\/embed\/#?secret=rt9T5x6UQ9\" data-secret=\"rt9T5x6UQ9\" width=\"600\" height=\"338\" title=\"&#8220;Mototerapia: Vanni Oddera fa emozionare i ragazzi a Samarate&#8221; &#8212; VareseNews\" frameborder=\"0\" marginwidth=\"0\" marginheight=\"0\" scrolling=\"no\"><\/iframe>","_oembed_time_a889e8539c96dc13e576b56af0d77d84":"1631026460","_category_permalink":"a:1:{s:8:\"category\";s:0:\"\";}","foto":"1176691","firma_come_redazione":"1","firma-personalizzata":"n.e.","argomento":"Somma Lombardo","_yoast_wpseo_focuskw_text_input":"Volandia","_yoast_wpseo_focuskw":"Volandia","_yoast_wpseo_linkdex":"73","_yoast_wpseo_content_score":"30","_jd_tweet_this":"yes","_oembed_2f639cb65e9dab1af973b1b81ac73204":"<blockquote class=\"wp-embedded-content\" data-secret=\"WF3gixXvWw\"><a href=\"https:\/\/www.varesenews.it\/2020\/10\/mototerapia-vanni-oddera-emozionare-ragazzi-samarate\/969582\/\">Mototerapia: Vanni Oddera fa emozionare i ragazzi a Samarate<\/a><\/blockquote><iframe class=\"wp-embedded-content\" sandbox=\"allow-scripts\" security=\"restricted\" style=\"position: absolute; clip: rect(1px, 1px, 1px, 1px);\" src=\"https:\/\/www.varesenews.it\/2020\/10\/mototerapia-vanni-oddera-emozionare-ragazzi-samarate\/969582\/embed\/#?secret=WF3gixXvWw\" data-secret=\"WF3gixXvWw\" width=\"500\" height=\"282\" title=\"&#8220;Mototerapia: Vanni Oddera fa emozionare i ragazzi a Samarate&#8221; &#8212; VareseNews\" frameborder=\"0\" marginwidth=\"0\" marginheight=\"0\" scrolling=\"no\"><\/iframe>","_oembed_time_2f639cb65e9dab1af973b1b81ac73204":"1631708665","_encloseme":"1","ratings_users":"0","ratings_score":"0","ratings_average":"0","_wpt_short_url":"https:\/\/www.varesenews.it\/2021\/09\/volandia-torna-vanni-oddera-la-mototerapia\/1375745\/","_wp_jd_target":"https:\/\/www.varesenews.it\/2021\/09\/volandia-torna-vanni-oddera-la-mototerapia\/1375745\/","_jd_wp_twitter":"a:1:{i:0;s:159:\"A Volandia torna Vanni Oddera con la mototerapia https:\/\/www.varesenews.it\/2021\/09\/volandia-torna-vanni-oddera-la-mototerapia\/1375745\/ #maipauraonlus #volandia\";}","_wpt_status_message":"Tweet inviato con successo.","_oembed_556bb51bf9b9746bf494d4330e7ce6bf":"<blockquote class=\"wp-embedded-content\" data-secret=\"LN3WVQc7eA\"><a href=\"https:\/\/www.varesenews.it\/2020\/10\/mototerapia-vanni-oddera-emozionare-ragazzi-samarate\/969582\/\">Mototerapia: Vanni Oddera fa emozionare i ragazzi a Samarate<\/a><\/blockquote><iframe class=\"wp-embedded-content\" sandbox=\"allow-scripts\" security=\"restricted\" style=\"position: absolute; clip: rect(1px, 1px, 1px, 1px);\" src=\"https:\/\/www.varesenews.it\/2020\/10\/mototerapia-vanni-oddera-emozionare-ragazzi-samarate\/969582\/embed\/#?secret=LN3WVQc7eA\" data-secret=\"LN3WVQc7eA\" width=\"600\" height=\"338\" title=\"&#8220;Mototerapia: Vanni Oddera fa emozionare i ragazzi a Samarate&#8221; &#8212; VareseNews\" frameborder=\"0\" marginwidth=\"0\" marginheight=\"0\" scrolling=\"no\"><\/iframe>","_oembed_time_556bb51bf9b9746bf494d4330e7ce6bf":"1631027794","_oembed_81383e64eb76bc0a5803563651d74bc3":"<blockquote class=\"wp-embedded-content\" data-secret=\"xSF7wAOeXA\"><a href=\"https:\/\/www.varesenews.it\/2021\/08\/green-pass-accedere-alla-mensa-aziendale-pasti-asporto-aree-esterne-attrezzate-non-ce-lha\/1371380\/\">Green pass per accedere alla mensa aziendale. Pasti da asporto per chi non ce l&#8217;ha<\/a><\/blockquote><iframe class=\"wp-embedded-content\" sandbox=\"allow-scripts\" security=\"restricted\" style=\"position: absolute; clip: rect(1px, 1px, 1px, 1px);\" src=\"https:\/\/www.varesenews.it\/2021\/08\/green-pass-accedere-alla-mensa-aziendale-pasti-asporto-aree-esterne-attrezzate-non-ce-lha\/1371380\/embed\/#?secret=xSF7wAOeXA\" data-secret=\"xSF7wAOeXA\" width=\"500\" height=\"282\" title=\"&#8220;Green pass per accedere alla mensa aziendale. Pasti da asporto per chi non ce l&#8217;ha&#8221; &#8212; VareseNews\" frameborder=\"0\" marginwidth=\"0\" marginheight=\"0\" scrolling=\"no\"><\/iframe>","_oembed_time_81383e64eb76bc0a5803563651d74bc3":"1631027813","_oembed_70fd2a72e91050e2a43f23fd7aec606e":"<blockquote class=\"wp-embedded-content\" data-secret=\"y2O82E1nuS\"><a href=\"https:\/\/www.varesenews.it\/2021\/09\/senza-mira-senza-gambe-senza-umilta-figuraccia-openjobmetis-cremona\/1375416\/\">Senza mira, senza gambe, senza umilt\u00e0: figuraccia Openjobmetis a Cremona<\/a><\/blockquote><iframe class=\"wp-embedded-content\" sandbox=\"allow-scripts\" security=\"restricted\" style=\"position: absolute; clip: rect(1px, 1px, 1px, 1px);\" src=\"https:\/\/www.varesenews.it\/2021\/09\/senza-mira-senza-gambe-senza-umilta-figuraccia-openjobmetis-cremona\/1375416\/embed\/#?secret=y2O82E1nuS\" data-secret=\"y2O82E1nuS\" width=\"500\" height=\"282\" title=\"&#8220;Senza mira, senza gambe, senza umilt\u00e0: figuraccia Openjobmetis a Cremona&#8221; &#8212; VareseNews\" frameborder=\"0\" marginwidth=\"0\" marginheight=\"0\" scrolling=\"no\"><\/iframe>","_oembed_time_70fd2a72e91050e2a43f23fd7aec606e":"1631027813","_oembed_7ec3678f37bff2b02e103f3c5d1779ac":"<blockquote class=\"wp-embedded-content\" data-secret=\"3nbk82eji5\"><a href=\"https:\/\/www.varesenews.it\/2021\/09\/openjobmetis-sconfitta-coach-vertemati-ci-bloccati-attacco\/1375414\/\">Openjobmetis sconfitta, coach Vertemati: &#8220;Ci siamo bloccati in attacco&#8221;<\/a><\/blockquote><iframe class=\"wp-embedded-content\" sandbox=\"allow-scripts\" security=\"restricted\" style=\"position: absolute; clip: rect(1px, 1px, 1px, 1px);\" src=\"https:\/\/www.varesenews.it\/2021\/09\/openjobmetis-sconfitta-coach-vertemati-ci-bloccati-attacco\/1375414\/embed\/#?secret=3nbk82eji5\" data-secret=\"3nbk82eji5\" width=\"500\" height=\"282\" title=\"&#8220;Openjobmetis sconfitta, coach Vertemati: &#8220;Ci siamo bloccati in attacco&#8221;&#8221; &#8212; VareseNews\" frameborder=\"0\" marginwidth=\"0\" marginheight=\"0\" scrolling=\"no\"><\/iframe>","_oembed_time_7ec3678f37bff2b02e103f3c5d1779ac":"1631027813","_oembed_163bce260dd883e1bdd0d9142f82e6a8":"<blockquote class=\"wp-embedded-content\" data-secret=\"2p1isztm6i\"><a href=\"https:\/\/www.varesenews.it\/2021\/08\/caffe-bond-spread-gli-studenti-della-liuc-fondano-club-della-finanza\/1373085\/\">Caff\u00e8, bond e spread: gli studenti della Liuc fondano il club della finanza<\/a><\/blockquote><iframe class=\"wp-embedded-content\" sandbox=\"allow-scripts\" security=\"restricted\" style=\"position: absolute; clip: rect(1px, 1px, 1px, 1px);\" src=\"https:\/\/www.varesenews.it\/2021\/08\/caffe-bond-spread-gli-studenti-della-liuc-fondano-club-della-finanza\/1373085\/embed\/#?secret=2p1isztm6i\" data-secret=\"2p1isztm6i\" width=\"500\" height=\"282\" title=\"&#8220;Caff\u00e8, bond e spread: gli studenti della Liuc fondano il club della finanza&#8221; &#8212; VareseNews\" frameborder=\"0\" marginwidth=\"0\" marginheight=\"0\" scrolling=\"no\"><\/iframe>","_oembed_time_163bce260dd883e1bdd0d9142f82e6a8":"1631028054","_oembed_1c0c45af350920ab104c79cbb2b27d73":"<blockquote class=\"wp-embedded-content\" data-secret=\"4W7c7vYV4H\"><a href=\"https:\/\/www.verbanonews.it\/canali-tematici\/turismo\/2021\/08\/27\/certificato-covid-per-ristoranti-e-musei-anche-la-svizzera-verso-lobbligo-del-green-pass\/934427\/\">Certificato Covid per ristoranti e musei, anche la Svizzera verso l&#8217;obbligo del green pass<\/a><\/blockquote><iframe class=\"wp-embedded-content\" sandbox=\"allow-scripts\" security=\"restricted\" style=\"position: absolute; clip: rect(1px, 1px, 1px, 1px);\" src=\"https:\/\/www.verbanonews.it\/canali-tematici\/turismo\/2021\/08\/27\/certificato-covid-per-ristoranti-e-musei-anche-la-svizzera-verso-lobbligo-del-green-pass\/934427\/embed\/#?secret=4W7c7vYV4H\" data-secret=\"4W7c7vYV4H\" width=\"500\" height=\"282\" title=\"&#8220;Certificato Covid per ristoranti e musei, anche la Svizzera verso l&#8217;obbligo del green pass&#8221; &#8212; VerbanoNews\" frameborder=\"0\" marginwidth=\"0\" marginheight=\"0\" scrolling=\"no\"><\/iframe>","_oembed_time_1c0c45af350920ab104c79cbb2b27d73":"1631028056","_oembed_c720fddf84faa5a36ec0cb6b9cbbf908":"<blockquote class=\"wp-embedded-content\" data-secret=\"sNVbgVXr5w\"><a href=\"https:\/\/www.varesenews.it\/2021\/09\/trasporti-green-pass-le-nuove-regole-vigore-oggi-1-settembre\/1373719\/\">Trasporti e green pass le nuove regole in vigore da oggi, 1\u00b0 settembre<\/a><\/blockquote><iframe class=\"wp-embedded-content\" sandbox=\"allow-scripts\" security=\"restricted\" style=\"position: absolute; clip: rect(1px, 1px, 1px, 1px);\" src=\"https:\/\/www.varesenews.it\/2021\/09\/trasporti-green-pass-le-nuove-regole-vigore-oggi-1-settembre\/1373719\/embed\/#?secret=sNVbgVXr5w\" data-secret=\"sNVbgVXr5w\" width=\"500\" height=\"282\" title=\"&#8220;Trasporti e green pass le nuove regole in vigore da oggi, 1\u00b0 settembre&#8221; &#8212; VareseNews\" frameborder=\"0\" marginwidth=\"0\" marginheight=\"0\" scrolling=\"no\"><\/iframe>","_oembed_time_c720fddf84faa5a36ec0cb6b9cbbf908":"1631028056","_oembed_ae2d5fbac7d78e234c719cc2f1a2eab7":"<blockquote class=\"wp-embedded-content\" data-secret=\"GiQRTmBtPJ\"><a href=\"https:\/\/www.varesenews.it\/2021\/08\/la-svizzera-valuta-nuove-restrizioni-sui-viaggi-allestero\/1373087\/\">La Svizzera valuta nuove restrizioni sui viaggi all&#8217;estero<\/a><\/blockquote><iframe class=\"wp-embedded-content\" sandbox=\"allow-scripts\" security=\"restricted\" style=\"position: absolute; clip: rect(1px, 1px, 1px, 1px);\" src=\"https:\/\/www.varesenews.it\/2021\/08\/la-svizzera-valuta-nuove-restrizioni-sui-viaggi-allestero\/1373087\/embed\/#?secret=GiQRTmBtPJ\" data-secret=\"GiQRTmBtPJ\" width=\"500\" height=\"282\" title=\"&#8220;La Svizzera valuta nuove restrizioni sui viaggi all&#8217;estero&#8221; &#8212; VareseNews\" frameborder=\"0\" marginwidth=\"0\" marginheight=\"0\" scrolling=\"no\"><\/iframe>","_oembed_time_ae2d5fbac7d78e234c719cc2f1a2eab7":"1631028056","_oembed_5dee8f48d282b8d3032021dd3df89b0e":"<blockquote class=\"wp-embedded-content\" data-secret=\"tsKp8gpdAp\"><a href=\"https:\/\/www.varesenews.it\/2021\/08\/certificato-covid-richiesto-svizzera\/1368931\/\">Certificato Covid, quando \u00e8 richiesto in Svizzera<\/a><\/blockquote><iframe class=\"wp-embedded-content\" sandbox=\"allow-scripts\" security=\"restricted\" style=\"position: absolute; clip: rect(1px, 1px, 1px, 1px);\" src=\"https:\/\/www.varesenews.it\/2021\/08\/certificato-covid-richiesto-svizzera\/1368931\/embed\/#?secret=tsKp8gpdAp\" data-secret=\"tsKp8gpdAp\" width=\"500\" height=\"282\" title=\"&#8220;Certificato Covid, quando \u00e8 richiesto in Svizzera&#8221; &#8212; VareseNews\" frameborder=\"0\" marginwidth=\"0\" marginheight=\"0\" scrolling=\"no\"><\/iframe>","_oembed_time_5dee8f48d282b8d3032021dd3df89b0e":"1631028056","_oembed_84659561dc99d5602ac697d60e09dd4f":"<blockquote class=\"wp-embedded-content\" data-secret=\"0p4JeheJuV\"><a href=\"https:\/\/www.verbanonews.it\/senza-categoria\/2021\/08\/18\/berna-apre-alla-vaccinazione-per-gli-svizzeri-allestero-e-i-frontalieri\/934205\/\">Berna apre alla vaccinazione per gli svizzeri all&#8217;estero e i frontalieri<\/a><\/blockquote><iframe class=\"wp-embedded-content\" sandbox=\"allow-scripts\" security=\"restricted\" style=\"position: absolute; clip: rect(1px, 1px, 1px, 1px);\" src=\"https:\/\/www.verbanonews.it\/senza-categoria\/2021\/08\/18\/berna-apre-alla-vaccinazione-per-gli-svizzeri-allestero-e-i-frontalieri\/934205\/embed\/#?secret=0p4JeheJuV\" data-secret=\"0p4JeheJuV\" width=\"500\" height=\"282\" title=\"&#8220;Berna apre alla vaccinazione per gli svizzeri all&#8217;estero e i frontalieri&#8221; &#8212; VerbanoNews\" frameborder=\"0\" marginwidth=\"0\" marginheight=\"0\" scrolling=\"no\"><\/iframe>","_oembed_time_84659561dc99d5602ac697d60e09dd4f":"1631028058","_oembed_8ee6f7d1888a40d8176487d533bfd3dd":"<blockquote class=\"wp-embedded-content\" data-secret=\"xgKbH7PpOD\"><a href=\"https:\/\/www.varesenews.it\/2021\/09\/arrivano-le-famiglie-afghane-si-prepara-laccoglienza\/1374258\/\">Arrivano le famiglie afghane, si prepara l&#8217;accoglienza<\/a><\/blockquote><iframe class=\"wp-embedded-content\" sandbox=\"allow-scripts\" security=\"restricted\" style=\"position: absolute; clip: rect(1px, 1px, 1px, 1px);\" src=\"https:\/\/www.varesenews.it\/2021\/09\/arrivano-le-famiglie-afghane-si-prepara-laccoglienza\/1374258\/embed\/#?secret=xgKbH7PpOD\" data-secret=\"xgKbH7PpOD\" width=\"500\" height=\"282\" title=\"&#8220;Arrivano le famiglie afghane, si prepara l&#8217;accoglienza&#8221; &#8212; VareseNews\" frameborder=\"0\" marginwidth=\"0\" marginheight=\"0\" scrolling=\"no\"><\/iframe>","_oembed_time_8ee6f7d1888a40d8176487d533bfd3dd":"1631028123","_oembed_afbeb0b7d493f9b58e6b37071e124f64":"<blockquote class=\"wp-embedded-content\" data-secret=\"8QhwbuLEY6\"><a href=\"https:\/\/www.varesenews.it\/2021\/09\/sindaci-servizi-chiudono-allospedale-somma-serve-un-confronto\/1374496\/\">I sindaci e i servizi che chiudono all&#8217;ospedale di Somma. &#8220;Serve un confronto&#8221;<\/a><\/blockquote><iframe class=\"wp-embedded-content\" sandbox=\"allow-scripts\" security=\"restricted\" style=\"position: absolute; clip: rect(1px, 1px, 1px, 1px);\" src=\"https:\/\/www.varesenews.it\/2021\/09\/sindaci-servizi-chiudono-allospedale-somma-serve-un-confronto\/1374496\/embed\/#?secret=8QhwbuLEY6\" data-secret=\"8QhwbuLEY6\" width=\"500\" height=\"282\" title=\"&#8220;I sindaci e i servizi che chiudono all&#8217;ospedale di Somma. &#8220;Serve un confronto&#8221;&#8221; &#8212; VareseNews\" frameborder=\"0\" marginwidth=\"0\" marginheight=\"0\" scrolling=\"no\"><\/iframe>","_oembed_time_afbeb0b7d493f9b58e6b37071e124f64":"1631028123","_oembed_6a079a71184fef29cde919b5eeb8483a":"<blockquote class=\"wp-embedded-content\" data-secret=\"tIgj5ZrYjG\"><a href=\"https:\/\/www.varesenews.it\/2021\/09\/addio-giorgio-nidoli\/1374966\/\">Addio a Giorgio Nidoli<\/a><\/blockquote><iframe class=\"wp-embedded-content\" sandbox=\"allow-scripts\" security=\"restricted\" style=\"position: absolute; clip: rect(1px, 1px, 1px, 1px);\" src=\"https:\/\/www.varesenews.it\/2021\/09\/addio-giorgio-nidoli\/1374966\/embed\/#?secret=tIgj5ZrYjG\" data-secret=\"tIgj5ZrYjG\" width=\"500\" height=\"282\" title=\"&#8220;Addio a Giorgio Nidoli&#8221; &#8212; VareseNews\" frameborder=\"0\" marginwidth=\"0\" marginheight=\"0\" scrolling=\"no\"><\/iframe>","_oembed_time_6a079a71184fef29cde919b5eeb8483a":"1631028137","_oembed_f3eac4b8ef15c295a57d2dd5edcd3943":"<blockquote class=\"wp-embedded-content\" data-secret=\"CBThfTjw2V\"><a href=\"https:\/\/www.varesenews.it\/2020\/09\/tigros-nella-classifica-dei-supermercati-piu-convenienti-altroconsumo\/961561\/\">Tigros \u00e8 il supermercato pi\u00f9 conveniente in Lombardia e Piemonte<\/a><\/blockquote><iframe class=\"wp-embedded-content\" sandbox=\"allow-scripts\" security=\"restricted\" style=\"position: absolute; clip: rect(1px, 1px, 1px, 1px);\" src=\"https:\/\/www.varesenews.it\/2020\/09\/tigros-nella-classifica-dei-supermercati-piu-convenienti-altroconsumo\/961561\/embed\/#?secret=CBThfTjw2V\" data-secret=\"CBThfTjw2V\" width=\"500\" height=\"282\" title=\"&#8220;Tigros \u00e8 il supermercato pi\u00f9 conveniente in Lombardia e Piemonte&#8221; &#8212; VareseNews\" frameborder=\"0\" marginwidth=\"0\" marginheight=\"0\" scrolling=\"no\"><\/iframe>","_oembed_time_f3eac4b8ef15c295a57d2dd5edcd3943":"1631028137","_oembed_bcfc159166e75f5c14b33e47e7899a51":"<blockquote class=\"wp-embedded-content\" data-secret=\"V3HGGOZN1k\"><a href=\"https:\/\/www.varesenews.it\/2020\/09\/junior-messias-dal-calcio-uisp-alla-serie-crotone\/963664\/\">Junior Messias, dal calcio Uisp alla Serie A con il Crotone<\/a><\/blockquote><iframe class=\"wp-embedded-content\" sandbox=\"allow-scripts\" security=\"restricted\" style=\"position: absolute; clip: rect(1px, 1px, 1px, 1px);\" src=\"https:\/\/www.varesenews.it\/2020\/09\/junior-messias-dal-calcio-uisp-alla-serie-crotone\/963664\/embed\/#?secret=V3HGGOZN1k\" data-secret=\"V3HGGOZN1k\" width=\"500\" height=\"282\" title=\"&#8220;Junior Messias, dal calcio Uisp alla Serie A con il Crotone&#8221; &#8212; VareseNews\" frameborder=\"0\" marginwidth=\"0\" marginheight=\"0\" scrolling=\"no\"><\/iframe>","_oembed_time_bcfc159166e75f5c14b33e47e7899a51":"1631028138","_oembed_7a28014423788ab76068233020e9af51":"<blockquote class=\"wp-embedded-content\" data-secret=\"gDjyciR29A\"><a href=\"https:\/\/www.varesenews.it\/2020\/10\/mototerapia-vanni-oddera-emozionare-ragazzi-samarate\/969582\/\">Mototerapia: Vanni Oddera fa emozionare i ragazzi a Samarate<\/a><\/blockquote><iframe class=\"wp-embedded-content\" sandbox=\"allow-scripts\" security=\"restricted\" style=\"position: absolute; clip: rect(1px, 1px, 1px, 1px);\" src=\"https:\/\/www.varesenews.it\/2020\/10\/mototerapia-vanni-oddera-emozionare-ragazzi-samarate\/969582\/embed\/#?secret=gDjyciR29A\" data-secret=\"gDjyciR29A\" width=\"600\" height=\"338\" title=\"&#8220;Mototerapia: Vanni Oddera fa emozionare i ragazzi a Samarate&#8221; &#8212; VareseNews\" frameborder=\"0\" marginwidth=\"0\" marginheight=\"0\" scrolling=\"no\"><\/iframe>","_oembed_time_7a28014423788ab76068233020e9af51":"1631094713","_oembed_95bf84e385325e6de252b36e086a9307":"<blockquote class=\"wp-embedded-content\" data-secret=\"kebgn5Trn3\"><a href=\"https:\/\/www.varesenews.it\/2020\/10\/mototerapia-vanni-oddera-emozionare-ragazzi-samarate\/969582\/\">Mototerapia: Vanni Oddera fa emozionare i ragazzi a Samarate<\/a><\/blockquote><iframe class=\"wp-embedded-content\" sandbox=\"allow-scripts\" security=\"restricted\" style=\"position: absolute; clip: rect(1px, 1px, 1px, 1px);\" src=\"https:\/\/www.varesenews.it\/2020\/10\/mototerapia-vanni-oddera-emozionare-ragazzi-samarate\/969582\/embed\/#?secret=kebgn5Trn3\" data-secret=\"kebgn5Trn3\" width=\"600\" height=\"338\" title=\"&#8220;Mototerapia: Vanni Oddera fa emozionare i ragazzi a Samarate&#8221; &#8212; VareseNews\" frameborder=\"0\" marginwidth=\"0\" marginheight=\"0\" scrolling=\"no\"><\/iframe>","_oembed_time_95bf84e385325e6de252b36e086a9307":"1631708638"},"photos":[{"original":"https:\/\/staging.varesenews.it\/photogallery_new\/images\/2020\/09\/vanni-oddera-mototerapia-mai-paura-onlus-1176691.jpg","full":"https:\/\/staging.varesenews.it\/photogallery_new\/images\/2020\/09\/vanni-oddera-mototerapia-mai-paura-onlus-1176691.1024x768.jpg","large":"https:\/\/staging.varesenews.it\/photogallery_new\/images\/2020\/09\/vanni-oddera-mototerapia-mai-paura-onlus-1176691.610x431.jpg"}],"_links":{"self":[{"href":"https:\/\/staging.varesenews.it\/swgapi\/v1\/wp\/v2\/posts\/1375745"}],"collection":[{"href":"https:\/\/staging.varesenews.it\/swgapi\/v1\/wp\/v2\/posts"}],"about":[{"href":"https:\/\/staging.varesenews.it\/swgapi\/v1\/wp\/v2\/types\/post"}],"author":[{"embeddable":true,"href":"https:\/\/staging.varesenews.it\/swgapi\/v1\/wp\/v2\/users\/15866"}],"replies":[{"embeddable":true,"href":"https:\/\/staging.varesenews.it\/swgapi\/v1\/wp\/v2\/comments?post=1375745"}],"version-history":[{"count":0,"href":"https:\/\/staging.varesenews.it\/swgapi\/v1\/wp\/v2\/posts\/1375745\/revisions"}],"wp:attachment":[{"href":"https:\/\/staging.varesenews.it\/swgapi\/v1\/wp\/v2\/media?parent=1375745"}],"wp:term":[{"taxonomy":"category","embeddable":true,"href":"https:\/\/staging.varesenews.it\/swgapi\/v1\/wp\/v2\/categories?post=1375745"},{"taxonomy":"post_tag","embeddable":true,"href":"https:\/\/staging.varesenews.it\/swgapi\/v1\/wp\/v2\/tags?post=1375745"}],"curies":[{"name":"wp","href":"https:\/\/api.w.org\/{rel}","templated":true}]}}