{"id":1375885,"date":"2021-09-08T10:01:08","date_gmt":"2021-09-08T08:01:08","guid":{"rendered":"https:\/\/www.varesenews.it\/?p=1375885"},"modified":"2021-09-08T10:08:47","modified_gmt":"2021-09-08T08:08:47","slug":"gianfranco-tassi-mostra-al-museo-parisi-valle-maccagno","status":"publish","type":"post","link":"https:\/\/staging.varesenews.it\/2021\/09\/gianfranco-tassi-mostra-al-museo-parisi-valle-maccagno\/1375885\/","title":{"rendered":"Gianfranco Tassi in mostra al Museo Parisi Valle di Maccagno"},"content":{"rendered":"<p><strong>\u201cCromatismi\u201d \u00e8 il titolo della mostra personale di Gianfranco Tassi<\/strong> aperta al Civico Museo Parisi Valle di Maccagno con Pino e Veddasca da sabato 24 luglio. La mostra dell\u2019autore di Carnago, che presenta al pubblico una ricca e vasta antologica di opere, molte delle quali inedite, rester\u00e0 aperta fino a domenica 3 ottobre.<\/p>\n<p>\u201cCon questa importante mostra desideriamo ribadire quanto l\u2019Arte e la Cultura rappresentino una parte essenziale dell\u2019identit\u00e0 della nostra comunit\u00e0, specialmente in tempi di incertezza come quelli che viviamo oggi. Il processo di ripresa delle nostre societ\u00e0 dopo la crisi covid-19 sar\u00e0 lungo e i Musei, come luoghi incomparabili di incontro e apprendimento per tutti, giocheranno un ruolo importante nel riparare e rafforzare il tessuto sociale delle comunit\u00e0 colpite. Tuttavia, sono tanti i segnali positivi di queste ultime settimane: possiamo dire con fiducia di poter tornare a frequentare in sicurezza musei, cinema e teatri, riappropriandoci del nostro tempo libero, convinti pi\u00f9 che mai del suo valore inestimabile\u201d, <strong>dichiarano il Sindaco Fabio Passera e l\u2019Assessore alla Cultura Elisabetta Cornol\u00f2<\/strong>.<\/p>\n<p><a class=\"ui-selectee\" title=\"Modifica Foto\" href=\"https:\/\/www.varesenews.it\/photogallery_new\/bridge\/photos-edit.php?ID=1244821\"><div class=\"photo-inside-post\"><img decoding=\"async\" loading=\"lazy\" fetchpriority=\"low\" width=\"610\" height=\"431\" src=\"https:\/\/staging.varesenews.it\/photogallery_new\/images\/2021\/09\/civico-museo-parisi-valle-1244821.610x431.jpg\" alt=\"Civico Museo Parisi Valle \"><\/div><\/a><\/p>\n<p>&#8220;Nel vivere un tempo di costrizioni e sofferenze, mi sono trovato a realizzare una serie di opere con forte prevalenza cromatica, a testimonianza del desiderio di tornare alla normalit\u00e0, al convivio, alla libert\u00e0. \u201cCromatismi\u201d \u00e8 un termine che porta con s\u00e8 un potenziale di arricchimento simbolico, che trovo indispensabile e arricchente in questo punto del mio cammino artistico&#8221;, <strong>cos\u00ec Gianfranco Tassi introduce il catalogo della sua personale.<\/strong><\/p>\n<p>\u201cAlla ricerca di una possibilit\u00e0 definitoria del proprio percorso e del proprio operato creativo, Tassi pare si possa collocare in un sentiero denso di influssi e rimandi riferibili all\u2019Astrazione informale, all&#8217;Art Brut, al Dadaismo, al neo-Cubismo ma anche ad una singolarit\u00e0 estetica che si dimostra autenticamente interessata al tema del Merzbau o alle sperimentazioni di Kurt Schwitters, Depero, Escher, Basquiat. Solo cos\u00ec appare dilatato ed esteso il concetto di cromatismo ben comprensibile tanto nel mondo della tridimensionalit\u00e0 scultorea di Tassi quanto nella sua produzione bidimensionale. Impossibilitato a collocare il proprio sentiero artistico all\u2019interno di una sola e ristretta definizione dogmatica, l\u2019autore predilige focalizzarsi sulla tattilit\u00e0 e materialit\u00e0, sulla contrapposizione grafica di colore e ombra, sullo studiato trattamento della superficie scultorea. Allontanandosi dalla pura figurazione, la composizione, tanto nella produzione grafica quanto in quella scultorea, pur affidandosi ad una presenza abbreviata e minimale, riconduce, spesso, ad una visione umanizzante della forma, che viene interpretata come archetipo fondamentale\u201d,<strong> spiega Clara Castaldo, curatrice della rassegna.<\/strong><\/p>\n<p><strong>Cromatismi<\/strong><br \/>\nMostra personale di Gianfranco Tassi<br \/>\nCivico Museo Parisi Valle<br \/>\nVia Leopoldo Giampaolo, 1<br \/>\nMaccagno con Pino e Veddasca (VA)<br \/>\nInaugurazione: sabato 24 luglio, ore 18,00<br \/>\nOrari per le visite: venerd\u00ec dalle 15.00 alle 19.00 &#8211; Sabato, domenica e festivi dalle 10.00 alle 12.00 e dalle 15.00 alle 19.00<br \/>\nLa mostra rester\u00e0 aperta al pubblico fino a domenica 3 ottobre 2021<br \/>\nIngresso gratuito con numero limitato &#8211; Gradita la prenotazione<br \/>\nDisponibilit\u00e0 di apertura per gruppi (min. 5 \u2013 max. 15 persone) previa comunicazione in Museo<br \/>\nCatalogo disponibile in Museo<\/p>\n","protected":false},"excerpt":{"rendered":"<p>L&#8217;esposizione, fino al 3 ottobre, presenta al pubblico una ricca e vasta antologica di opere, molte delle quali inedite<\/p>\n","protected":false},"author":32,"featured_media":0,"comment_status":"open","ping_status":"open","sticky":false,"template":"","format":"standard","meta":{"footnotes":""},"categories":[21,2],"tags":[10907],"acf":[],"yoast_head":"<!-- This site is optimized with the Yoast SEO plugin v20.1 - https:\/\/yoast.com\/wordpress\/plugins\/seo\/ -->\n<title>Gianfranco Tassi in mostra al Museo Parisi Valle di Maccagno<\/title>\n<meta name=\"description\" content=\"L&#039;esposizione, fino al 3 ottobre, presenta al pubblico una ricca e vasta antologica di opere, molte delle quali inedite\" \/>\n<meta name=\"robots\" content=\"noindex, follow, max-snippet:-1, max-image-preview:large, max-video-preview:-1\" \/>\n<meta property=\"og:locale\" content=\"it_IT\" \/>\n<meta property=\"og:type\" content=\"article\" \/>\n<meta property=\"og:title\" content=\"Gianfranco Tassi in mostra al Museo Parisi Valle di Maccagno\" \/>\n<meta property=\"og:description\" content=\"L&#039;esposizione, fino al 3 ottobre, presenta al pubblico una ricca e vasta antologica di opere, molte delle quali inedite\" \/>\n<meta property=\"og:url\" content=\"https:\/\/staging.varesenews.it\/2021\/09\/gianfranco-tassi-mostra-al-museo-parisi-valle-maccagno\/1375885\/\" \/>\n<meta property=\"og:site_name\" content=\"VareseNews\" \/>\n<meta property=\"article:publisher\" content=\"https:\/\/www.facebook.com\/varesenews\" \/>\n<meta property=\"article:published_time\" content=\"2021-09-08T08:01:08+00:00\" \/>\n<meta property=\"article:modified_time\" content=\"2021-09-08T08:08:47+00:00\" \/>\n<meta name=\"author\" content=\"Adelia Brigo\" \/>\n<meta name=\"twitter:card\" content=\"summary_large_image\" \/>\n<meta name=\"twitter:creator\" content=\"@AdeliaBrigo\" \/>\n<meta name=\"twitter:site\" content=\"@varesenews\" \/>\n<meta name=\"twitter:label1\" content=\"Scritto da\" \/>\n\t<meta name=\"twitter:data1\" content=\"Adelia Brigo\" \/>\n\t<meta name=\"twitter:label2\" content=\"Tempo di lettura stimato\" \/>\n\t<meta name=\"twitter:data2\" content=\"2 minuti\" \/>\n<script type=\"application\/ld+json\" class=\"yoast-schema-graph\">{\"@context\":\"https:\/\/schema.org\",\"@graph\":[{\"@type\":\"WebPage\",\"@id\":\"https:\/\/staging.varesenews.it\/2021\/09\/gianfranco-tassi-mostra-al-museo-parisi-valle-maccagno\/1375885\/\",\"url\":\"https:\/\/staging.varesenews.it\/2021\/09\/gianfranco-tassi-mostra-al-museo-parisi-valle-maccagno\/1375885\/\",\"name\":\"Gianfranco Tassi in mostra al Museo Parisi Valle di Maccagno\",\"isPartOf\":{\"@id\":\"https:\/\/staging.varesenews.it\/#website\"},\"datePublished\":\"2021-09-08T08:01:08+00:00\",\"dateModified\":\"2021-09-08T08:08:47+00:00\",\"author\":{\"@id\":\"https:\/\/staging.varesenews.it\/#\/schema\/person\/272ac0f5b2dbfd572218c2d86e013f1a\"},\"description\":\"L'esposizione, fino al 3 ottobre, presenta al pubblico una ricca e vasta antologica di opere, molte delle quali inedite\",\"breadcrumb\":{\"@id\":\"https:\/\/staging.varesenews.it\/2021\/09\/gianfranco-tassi-mostra-al-museo-parisi-valle-maccagno\/1375885\/#breadcrumb\"},\"inLanguage\":\"it-IT\",\"potentialAction\":[{\"@type\":\"ReadAction\",\"target\":[\"https:\/\/staging.varesenews.it\/2021\/09\/gianfranco-tassi-mostra-al-museo-parisi-valle-maccagno\/1375885\/\"]}]},{\"@type\":\"BreadcrumbList\",\"@id\":\"https:\/\/staging.varesenews.it\/2021\/09\/gianfranco-tassi-mostra-al-museo-parisi-valle-maccagno\/1375885\/#breadcrumb\",\"itemListElement\":[{\"@type\":\"ListItem\",\"position\":1,\"name\":\"Home\",\"item\":\"https:\/\/www.varesenews.it\/\"},{\"@type\":\"ListItem\",\"position\":2,\"name\":\"Gianfranco Tassi in mostra al Museo Parisi Valle di Maccagno\"}]},{\"@type\":\"WebSite\",\"@id\":\"https:\/\/staging.varesenews.it\/#website\",\"url\":\"https:\/\/staging.varesenews.it\/\",\"name\":\"VareseNews\",\"description\":\"\",\"potentialAction\":[{\"@type\":\"SearchAction\",\"target\":{\"@type\":\"EntryPoint\",\"urlTemplate\":\"https:\/\/staging.varesenews.it\/?s={search_term_string}\"},\"query-input\":\"required name=search_term_string\"}],\"inLanguage\":\"it-IT\"},{\"@type\":\"Person\",\"@id\":\"https:\/\/staging.varesenews.it\/#\/schema\/person\/272ac0f5b2dbfd572218c2d86e013f1a\",\"name\":\"Adelia Brigo\",\"image\":{\"@type\":\"ImageObject\",\"inLanguage\":\"it-IT\",\"@id\":\"https:\/\/staging.varesenews.it\/#\/schema\/person\/image\/\",\"url\":\"https:\/\/staging.varesenews.it\/wp-content\/uploads\/2020\/12\/adelia_brigo_colori_500.jpg\",\"contentUrl\":\"https:\/\/staging.varesenews.it\/wp-content\/uploads\/2020\/12\/adelia_brigo_colori_500.jpg\",\"caption\":\"Adelia Brigo\"},\"description\":\"Giornalista pubblicista, lavoro a VareseNews dal 2007 e mi occupo di cronaca locale e del settore dedicato alla cultura. In questi anni ho seguito diversi progetti di comunicazione, amo sperimentare strategie per i Social Network e raccontare storie. Varesina, classe 1984, sono laureata in Scienze della Comunicazione.&nbsp;\",\"sameAs\":[\"AdeliaBrigo\",\"https:\/\/twitter.com\/AdeliaBrigo\"],\"url\":\"https:\/\/staging.varesenews.it\/persona\/adelia_brigo\/\"}]}<\/script>\n<!-- \/ Yoast SEO plugin. -->","yoast_head_json":{"title":"Gianfranco Tassi in mostra al Museo Parisi Valle di Maccagno","description":"L'esposizione, fino al 3 ottobre, presenta al pubblico una ricca e vasta antologica di opere, molte delle quali inedite","robots":{"index":"noindex","follow":"follow","max-snippet":"max-snippet:-1","max-image-preview":"max-image-preview:large","max-video-preview":"max-video-preview:-1"},"og_locale":"it_IT","og_type":"article","og_title":"Gianfranco Tassi in mostra al Museo Parisi Valle di Maccagno","og_description":"L'esposizione, fino al 3 ottobre, presenta al pubblico una ricca e vasta antologica di opere, molte delle quali inedite","og_url":"https:\/\/staging.varesenews.it\/2021\/09\/gianfranco-tassi-mostra-al-museo-parisi-valle-maccagno\/1375885\/","og_site_name":"VareseNews","article_publisher":"https:\/\/www.facebook.com\/varesenews","article_published_time":"2021-09-08T08:01:08+00:00","article_modified_time":"2021-09-08T08:08:47+00:00","author":"Adelia Brigo","twitter_card":"summary_large_image","twitter_creator":"@AdeliaBrigo","twitter_site":"@varesenews","twitter_misc":{"Scritto da":"Adelia Brigo","Tempo di lettura stimato":"2 minuti"},"schema":{"@context":"https:\/\/schema.org","@graph":[{"@type":"WebPage","@id":"https:\/\/staging.varesenews.it\/2021\/09\/gianfranco-tassi-mostra-al-museo-parisi-valle-maccagno\/1375885\/","url":"https:\/\/staging.varesenews.it\/2021\/09\/gianfranco-tassi-mostra-al-museo-parisi-valle-maccagno\/1375885\/","name":"Gianfranco Tassi in mostra al Museo Parisi Valle di Maccagno","isPartOf":{"@id":"https:\/\/staging.varesenews.it\/#website"},"datePublished":"2021-09-08T08:01:08+00:00","dateModified":"2021-09-08T08:08:47+00:00","author":{"@id":"https:\/\/staging.varesenews.it\/#\/schema\/person\/272ac0f5b2dbfd572218c2d86e013f1a"},"description":"L'esposizione, fino al 3 ottobre, presenta al pubblico una ricca e vasta antologica di opere, molte delle quali inedite","breadcrumb":{"@id":"https:\/\/staging.varesenews.it\/2021\/09\/gianfranco-tassi-mostra-al-museo-parisi-valle-maccagno\/1375885\/#breadcrumb"},"inLanguage":"it-IT","potentialAction":[{"@type":"ReadAction","target":["https:\/\/staging.varesenews.it\/2021\/09\/gianfranco-tassi-mostra-al-museo-parisi-valle-maccagno\/1375885\/"]}]},{"@type":"BreadcrumbList","@id":"https:\/\/staging.varesenews.it\/2021\/09\/gianfranco-tassi-mostra-al-museo-parisi-valle-maccagno\/1375885\/#breadcrumb","itemListElement":[{"@type":"ListItem","position":1,"name":"Home","item":"https:\/\/www.varesenews.it\/"},{"@type":"ListItem","position":2,"name":"Gianfranco Tassi in mostra al Museo Parisi Valle di Maccagno"}]},{"@type":"WebSite","@id":"https:\/\/staging.varesenews.it\/#website","url":"https:\/\/staging.varesenews.it\/","name":"VareseNews","description":"","potentialAction":[{"@type":"SearchAction","target":{"@type":"EntryPoint","urlTemplate":"https:\/\/staging.varesenews.it\/?s={search_term_string}"},"query-input":"required name=search_term_string"}],"inLanguage":"it-IT"},{"@type":"Person","@id":"https:\/\/staging.varesenews.it\/#\/schema\/person\/272ac0f5b2dbfd572218c2d86e013f1a","name":"Adelia Brigo","image":{"@type":"ImageObject","inLanguage":"it-IT","@id":"https:\/\/staging.varesenews.it\/#\/schema\/person\/image\/","url":"https:\/\/staging.varesenews.it\/wp-content\/uploads\/2020\/12\/adelia_brigo_colori_500.jpg","contentUrl":"https:\/\/staging.varesenews.it\/wp-content\/uploads\/2020\/12\/adelia_brigo_colori_500.jpg","caption":"Adelia Brigo"},"description":"Giornalista pubblicista, lavoro a VareseNews dal 2007 e mi occupo di cronaca locale e del settore dedicato alla cultura. In questi anni ho seguito diversi progetti di comunicazione, amo sperimentare strategie per i Social Network e raccontare storie. Varesina, classe 1984, sono laureata in Scienze della Comunicazione.&nbsp;","sameAs":["AdeliaBrigo","https:\/\/twitter.com\/AdeliaBrigo"],"url":"https:\/\/staging.varesenews.it\/persona\/adelia_brigo\/"}]}},"post_meta":{"_edit_lock":"1631088502:32","_edit_last":"32","_category_permalink":"a:1:{s:8:\"category\";s:2:\"21\";}","_encloseme":"1","ratings_users":"0","ratings_score":"0","ratings_average":"0","foto":"1244820","firma_come_redazione":"1","argomento":"Maccagno con Pino e Veddasca","_yoast_wpseo_content_score":"30","_jd_tweet_this":"yes","_wpt_short_url":"https:\/\/www.varesenews.it\/2021\/09\/gianfranco-tassi-mostra-al-museo-parisi-valle-maccagno\/1375885\/","_wp_jd_target":"https:\/\/www.varesenews.it\/2021\/09\/gianfranco-tassi-mostra-al-museo-parisi-valle-maccagno\/1375885\/","_jd_wp_twitter":"a:1:{i:0;s:159:\"Gianfranco Tassi in mostra al Museo Parisi Valle di Maccagno https:\/\/www.varesenews.it\/2021\/09\/gianfranco-tassi-mostra-al-museo-parisi-valle-maccagno\/1375885\/ \";}","_wpt_status_message":"Tweet inviato con successo.","_oembed_163bce260dd883e1bdd0d9142f82e6a8":"<blockquote class=\"wp-embedded-content\" data-secret=\"LtzGl3ZFTU\"><a href=\"https:\/\/www.varesenews.it\/2021\/08\/caffe-bond-spread-gli-studenti-della-liuc-fondano-club-della-finanza\/1373085\/\">Caff\u00e8, bond e spread: gli studenti della Liuc fondano il club della finanza<\/a><\/blockquote><iframe class=\"wp-embedded-content\" sandbox=\"allow-scripts\" security=\"restricted\" style=\"position: absolute; clip: rect(1px, 1px, 1px, 1px);\" src=\"https:\/\/www.varesenews.it\/2021\/08\/caffe-bond-spread-gli-studenti-della-liuc-fondano-club-della-finanza\/1373085\/embed\/#?secret=LtzGl3ZFTU\" data-secret=\"LtzGl3ZFTU\" width=\"500\" height=\"282\" title=\"&#8220;Caff\u00e8, bond e spread: gli studenti della Liuc fondano il club della finanza&#8221; &#8212; VareseNews\" frameborder=\"0\" marginwidth=\"0\" marginheight=\"0\" scrolling=\"no\"><\/iframe>","_oembed_time_163bce260dd883e1bdd0d9142f82e6a8":"1631088122","_oembed_2f639cb65e9dab1af973b1b81ac73204":"<blockquote class=\"wp-embedded-content\" data-secret=\"EdXkvOsgJW\"><a href=\"https:\/\/www.varesenews.it\/2020\/10\/mototerapia-vanni-oddera-emozionare-ragazzi-samarate\/969582\/\">Mototerapia: Vanni Oddera fa emozionare i ragazzi a Samarate<\/a><\/blockquote><iframe class=\"wp-embedded-content\" sandbox=\"allow-scripts\" security=\"restricted\" style=\"position: absolute; clip: rect(1px, 1px, 1px, 1px);\" src=\"https:\/\/www.varesenews.it\/2020\/10\/mototerapia-vanni-oddera-emozionare-ragazzi-samarate\/969582\/embed\/#?secret=EdXkvOsgJW\" data-secret=\"EdXkvOsgJW\" width=\"500\" height=\"282\" title=\"&#8220;Mototerapia: Vanni Oddera fa emozionare i ragazzi a Samarate&#8221; &#8212; VareseNews\" frameborder=\"0\" marginwidth=\"0\" marginheight=\"0\" scrolling=\"no\"><\/iframe>","_oembed_time_2f639cb65e9dab1af973b1b81ac73204":"1631088124","_oembed_afbeb0b7d493f9b58e6b37071e124f64":"<blockquote class=\"wp-embedded-content\" data-secret=\"jZleKfgF2x\"><a href=\"https:\/\/www.varesenews.it\/2021\/09\/sindaci-servizi-chiudono-allospedale-somma-serve-un-confronto\/1374496\/\">I sindaci e i servizi che chiudono all&#8217;ospedale di Somma. &#8220;Serve un confronto&#8221;<\/a><\/blockquote><iframe class=\"wp-embedded-content\" sandbox=\"allow-scripts\" security=\"restricted\" style=\"position: absolute; clip: rect(1px, 1px, 1px, 1px);\" src=\"https:\/\/www.varesenews.it\/2021\/09\/sindaci-servizi-chiudono-allospedale-somma-serve-un-confronto\/1374496\/embed\/#?secret=jZleKfgF2x\" data-secret=\"jZleKfgF2x\" width=\"500\" height=\"282\" title=\"&#8220;I sindaci e i servizi che chiudono all&#8217;ospedale di Somma. &#8220;Serve un confronto&#8221;&#8221; &#8212; VareseNews\" frameborder=\"0\" marginwidth=\"0\" marginheight=\"0\" scrolling=\"no\"><\/iframe>","_oembed_time_afbeb0b7d493f9b58e6b37071e124f64":"1631088125","_oembed_6a079a71184fef29cde919b5eeb8483a":"<blockquote class=\"wp-embedded-content\" data-secret=\"I8HL3cxJAV\"><a href=\"https:\/\/www.varesenews.it\/2021\/09\/addio-giorgio-nidoli\/1374966\/\">Addio a Giorgio Nidoli<\/a><\/blockquote><iframe class=\"wp-embedded-content\" sandbox=\"allow-scripts\" security=\"restricted\" style=\"position: absolute; clip: rect(1px, 1px, 1px, 1px);\" src=\"https:\/\/www.varesenews.it\/2021\/09\/addio-giorgio-nidoli\/1374966\/embed\/#?secret=I8HL3cxJAV\" data-secret=\"I8HL3cxJAV\" width=\"500\" height=\"282\" title=\"&#8220;Addio a Giorgio Nidoli&#8221; &#8212; VareseNews\" frameborder=\"0\" marginwidth=\"0\" marginheight=\"0\" scrolling=\"no\"><\/iframe>","_oembed_time_6a079a71184fef29cde919b5eeb8483a":"1631088127","_oembed_f3eac4b8ef15c295a57d2dd5edcd3943":"<blockquote class=\"wp-embedded-content\" data-secret=\"73QEJXl2Vx\"><a href=\"https:\/\/www.varesenews.it\/2020\/09\/tigros-nella-classifica-dei-supermercati-piu-convenienti-altroconsumo\/961561\/\">Tigros \u00e8 il supermercato pi\u00f9 conveniente in Lombardia e Piemonte<\/a><\/blockquote><iframe class=\"wp-embedded-content\" sandbox=\"allow-scripts\" security=\"restricted\" style=\"position: absolute; clip: rect(1px, 1px, 1px, 1px);\" src=\"https:\/\/www.varesenews.it\/2020\/09\/tigros-nella-classifica-dei-supermercati-piu-convenienti-altroconsumo\/961561\/embed\/#?secret=73QEJXl2Vx\" data-secret=\"73QEJXl2Vx\" width=\"500\" height=\"282\" title=\"&#8220;Tigros \u00e8 il supermercato pi\u00f9 conveniente in Lombardia e Piemonte&#8221; &#8212; VareseNews\" frameborder=\"0\" marginwidth=\"0\" marginheight=\"0\" scrolling=\"no\"><\/iframe>","_oembed_time_f3eac4b8ef15c295a57d2dd5edcd3943":"1631088128"},"photos":[{"original":"https:\/\/staging.varesenews.it\/photogallery_new\/images\/2021\/09\/civico-museo-parisi-valle-1244820.jpg","full":"https:\/\/staging.varesenews.it\/photogallery_new\/images\/2021\/09\/civico-museo-parisi-valle-1244820.1024x768.jpg","large":"https:\/\/staging.varesenews.it\/photogallery_new\/images\/2021\/09\/civico-museo-parisi-valle-1244820.610x431.jpg"}],"_links":{"self":[{"href":"https:\/\/staging.varesenews.it\/swgapi\/v1\/wp\/v2\/posts\/1375885"}],"collection":[{"href":"https:\/\/staging.varesenews.it\/swgapi\/v1\/wp\/v2\/posts"}],"about":[{"href":"https:\/\/staging.varesenews.it\/swgapi\/v1\/wp\/v2\/types\/post"}],"author":[{"embeddable":true,"href":"https:\/\/staging.varesenews.it\/swgapi\/v1\/wp\/v2\/users\/32"}],"replies":[{"embeddable":true,"href":"https:\/\/staging.varesenews.it\/swgapi\/v1\/wp\/v2\/comments?post=1375885"}],"version-history":[{"count":0,"href":"https:\/\/staging.varesenews.it\/swgapi\/v1\/wp\/v2\/posts\/1375885\/revisions"}],"wp:attachment":[{"href":"https:\/\/staging.varesenews.it\/swgapi\/v1\/wp\/v2\/media?parent=1375885"}],"wp:term":[{"taxonomy":"category","embeddable":true,"href":"https:\/\/staging.varesenews.it\/swgapi\/v1\/wp\/v2\/categories?post=1375885"},{"taxonomy":"post_tag","embeddable":true,"href":"https:\/\/staging.varesenews.it\/swgapi\/v1\/wp\/v2\/tags?post=1375885"}],"curies":[{"name":"wp","href":"https:\/\/api.w.org\/{rel}","templated":true}]}}