{"id":1378659,"date":"2021-09-15T16:16:24","date_gmt":"2021-09-15T14:16:24","guid":{"rendered":"https:\/\/www.varesenews.it\/?p=1378659"},"modified":"2021-09-18T09:31:55","modified_gmt":"2021-09-18T07:31:55","slug":"ai-giardini-estensi-giornata-solidarieta-le-mense-dei-poveri-varese","status":"publish","type":"post","link":"https:\/\/staging.varesenews.it\/2021\/09\/ai-giardini-estensi-giornata-solidarieta-le-mense-dei-poveri-varese\/1378659\/","title":{"rendered":"Ai Giardini estensi una giornata di solidariet\u00e0 per le mense dei poveri di Varese"},"content":{"rendered":"<p><span style=\"color: #ff0000;\"><strong>L&#8217;EVENTO E&#8217; STATO ANNULLATO PER PIOGGIA E RIMANDATO A DATA DA DESTINARSI<\/strong><\/span><\/p>\n<p>Questa mattina, <strong>mercoled\u00ec 15 settembre,<\/strong> \u00e8 stata presentata la &#8220;settima&#8221; edizione di<strong> Varese Solidale,<\/strong> che quest&#8217;anno a causa delle restrizioni dovute dal Covid <strong>ha cambiato formula, rinunciando alla classica cena solidale, ma optando <del>per un&#8217;intera giornata, sabato 18 settembre<\/del><\/strong><del>,<\/del> completamente dedicata alla raccolta fondi da devolvere alla Mensa della casa della carit\u00e0 della Brunella, alla mensa delle suore della riparazione di via Luini, al banco di solidariet\u00e0 alimentare e alla mensa solidale della croce rossa che riaprir\u00e0 nei prossimi giorni.<\/p>\n<p>L&#8217;evento<strong>, &#8220;Aggiungi un pasto a tavola&#8221; si terr\u00e0 ai Giardini Estensi:<\/strong> &#8220;Modalit\u00e0 diversa ma finalit\u00e0 e spirito rimangono gli stessi &#8211; ha affermato <strong>Giuseppe Redaelli<\/strong> &#8211; in questi anni sono state pi\u00f9 di 50 le associazioni che hanno aderito. E tutti i cittadini, partecipando, insieme a noi e a tutte queste associazioni, ci aiuteranno a tenere alta la bandiera della solidariet\u00e0&#8221;.<\/p>\n<p>Il programma della giornata prevede dalle<strong> 10 alle 16.30 la presenza dei banchetti delle varie associazioni posizionati lungo via Sacco<\/strong> (la strada rimarr\u00e0 chiusa solo al trasporto pubblico). <strong>Dalle 10.30 alle 12 all&#8217;interno dei giardini si terranno delle gare di corsa<\/strong>: &#8220;Essendo una giornata di solidariet\u00e0 abbiamo organizzato delle corse di gruppo per i pi\u00f9 piccoli, che partiranno tutti insieme e taglieranno il traguardo tutti assieme, condividendo la fatica &#8211; ha raccontato<strong> Umberto Croci<\/strong>, rappresentante del gruppo Alpini di Varese &#8211; alla fine sar\u00e0 consegnata a tutti una medaglia e un pacco gara con alcuni gadget. I grandi percorreranno invece 1.8 km, fino in cima al giardino di villa Mirabello. Ci si iscrive al momento con un&#8217;offerta libera&#8221;.<\/p>\n<p><strong>Dopo le corse ci sar\u00e0 l&#8217;apertura degli spazi gastronomici,<\/strong> mentre sono tre le iniziative principali della serata: <strong>alle 15 e 16.30 nel Salone Estense <\/strong>si terr\u00e0 il \u201cIl Melologo\u201d parole, musica e immagini per famiglie e bambini con Anna Pedrazzini al pianoforte e Liliana Maffei; alle 18, invece, musica con i \u201cFi\u00f6 de la Serva\u201d e dalle 20 intrattenimento con Max Laudadio presso la tensostruttura dei Giardini.<\/p>\n<p><strong>Alle 21.30 si concluder\u00e0 la giornata con l&#8217;Estrazione dei biglietti della lotteria<\/strong>\u00a0i cui premi saranno opere di artisti famosi nel territorio di Varese. La lotteria nel 2019 aveva portato un&#8217;entrata consistente di 25.000 euro, raccolti e distribuiti. In cinque edizioni Varese Solidale \u00e8 riuscita a raccogliere pi\u00f9 di 100.000 euro poi devoluti per le famiglie in difficolt\u00e0.<\/p>\n<p>Dopo la pandemia nel Varesotto si \u00e8 registrato un incremento della fascia di povert\u00e0 relativa a persone che non sono mai state povere prima. <strong>La mensa della Casa della Carit\u00e0 ospitava 80 persone prima della pandemia, mentre durante la pandemia erano arrivati a 150. Ora il numero di ospiti rimane intorno ai 100.<\/strong> &#8220;E&#8217; Importante intervenire tempestivamente per evitare che queste situazioni non diventino stabili<\/p>\n","protected":false},"excerpt":{"rendered":"<p>Evento rinviato a data da destinarsi<\/p>\n","protected":false},"author":21860,"featured_media":0,"comment_status":"open","ping_status":"open","sticky":false,"template":"","format":"standard","meta":{"footnotes":""},"categories":[21,2],"tags":[43288,158],"acf":[],"yoast_head":"<!-- This site is optimized with the Yoast SEO plugin v20.1 - https:\/\/yoast.com\/wordpress\/plugins\/seo\/ -->\n<title>Ai Giardini estensi una giornata di solidariet\u00e0 per le mense dei poveri di Varese<\/title>\n<meta name=\"description\" content=\"Evento rinviato a data da destinarsi\" \/>\n<meta name=\"robots\" content=\"noindex, follow, max-snippet:-1, max-image-preview:large, max-video-preview:-1\" \/>\n<meta property=\"og:locale\" content=\"it_IT\" \/>\n<meta property=\"og:type\" content=\"article\" \/>\n<meta property=\"og:title\" content=\"Ai Giardini estensi una giornata di solidariet\u00e0 per le mense dei poveri di Varese\" \/>\n<meta property=\"og:description\" content=\"Evento rinviato a data da destinarsi\" \/>\n<meta property=\"og:url\" content=\"https:\/\/staging.varesenews.it\/2021\/09\/ai-giardini-estensi-giornata-solidarieta-le-mense-dei-poveri-varese\/1378659\/\" \/>\n<meta property=\"og:site_name\" content=\"VareseNews\" \/>\n<meta property=\"article:publisher\" content=\"https:\/\/www.facebook.com\/varesenews\" \/>\n<meta property=\"article:published_time\" content=\"2021-09-15T14:16:24+00:00\" \/>\n<meta property=\"article:modified_time\" content=\"2021-09-18T07:31:55+00:00\" \/>\n<meta name=\"author\" content=\"Francesca Marutti\" \/>\n<meta name=\"twitter:card\" content=\"summary_large_image\" \/>\n<meta name=\"twitter:creator\" content=\"@varesenews\" \/>\n<meta name=\"twitter:site\" content=\"@varesenews\" \/>\n<meta name=\"twitter:label1\" content=\"Scritto da\" \/>\n\t<meta name=\"twitter:data1\" content=\"Francesca Marutti\" \/>\n\t<meta name=\"twitter:label2\" content=\"Tempo di lettura stimato\" \/>\n\t<meta name=\"twitter:data2\" content=\"2 minuti\" \/>\n<script type=\"application\/ld+json\" class=\"yoast-schema-graph\">{\"@context\":\"https:\/\/schema.org\",\"@graph\":[{\"@type\":\"WebPage\",\"@id\":\"https:\/\/staging.varesenews.it\/2021\/09\/ai-giardini-estensi-giornata-solidarieta-le-mense-dei-poveri-varese\/1378659\/\",\"url\":\"https:\/\/staging.varesenews.it\/2021\/09\/ai-giardini-estensi-giornata-solidarieta-le-mense-dei-poveri-varese\/1378659\/\",\"name\":\"Ai Giardini estensi una giornata di solidariet\u00e0 per le mense dei poveri di Varese\",\"isPartOf\":{\"@id\":\"https:\/\/staging.varesenews.it\/#website\"},\"datePublished\":\"2021-09-15T14:16:24+00:00\",\"dateModified\":\"2021-09-18T07:31:55+00:00\",\"author\":{\"@id\":\"https:\/\/staging.varesenews.it\/#\/schema\/person\/e5bfa09f298528fa51a825030b185433\"},\"description\":\"Evento rinviato a data da destinarsi\",\"breadcrumb\":{\"@id\":\"https:\/\/staging.varesenews.it\/2021\/09\/ai-giardini-estensi-giornata-solidarieta-le-mense-dei-poveri-varese\/1378659\/#breadcrumb\"},\"inLanguage\":\"it-IT\",\"potentialAction\":[{\"@type\":\"ReadAction\",\"target\":[\"https:\/\/staging.varesenews.it\/2021\/09\/ai-giardini-estensi-giornata-solidarieta-le-mense-dei-poveri-varese\/1378659\/\"]}]},{\"@type\":\"BreadcrumbList\",\"@id\":\"https:\/\/staging.varesenews.it\/2021\/09\/ai-giardini-estensi-giornata-solidarieta-le-mense-dei-poveri-varese\/1378659\/#breadcrumb\",\"itemListElement\":[{\"@type\":\"ListItem\",\"position\":1,\"name\":\"Home\",\"item\":\"https:\/\/www.varesenews.it\/\"},{\"@type\":\"ListItem\",\"position\":2,\"name\":\"Ai Giardini estensi una giornata di solidariet\u00e0 per le mense dei poveri di Varese\"}]},{\"@type\":\"WebSite\",\"@id\":\"https:\/\/staging.varesenews.it\/#website\",\"url\":\"https:\/\/staging.varesenews.it\/\",\"name\":\"VareseNews\",\"description\":\"\",\"potentialAction\":[{\"@type\":\"SearchAction\",\"target\":{\"@type\":\"EntryPoint\",\"urlTemplate\":\"https:\/\/staging.varesenews.it\/?s={search_term_string}\"},\"query-input\":\"required name=search_term_string\"}],\"inLanguage\":\"it-IT\"},{\"@type\":\"Person\",\"@id\":\"https:\/\/staging.varesenews.it\/#\/schema\/person\/e5bfa09f298528fa51a825030b185433\",\"name\":\"Francesca Marutti\",\"image\":{\"@type\":\"ImageObject\",\"inLanguage\":\"it-IT\",\"@id\":\"https:\/\/staging.varesenews.it\/#\/schema\/person\/image\/\",\"url\":\"https:\/\/staging.varesenews.it\/wp-content\/uploads\/2015\/03\/mistery.jpg\",\"contentUrl\":\"https:\/\/staging.varesenews.it\/wp-content\/uploads\/2015\/03\/mistery.jpg\",\"caption\":\"Francesca Marutti\"},\"url\":\"https:\/\/staging.varesenews.it\/persona\/francesca-marutti\/\"}]}<\/script>\n<!-- \/ Yoast SEO plugin. -->","yoast_head_json":{"title":"Ai Giardini estensi una giornata di solidariet\u00e0 per le mense dei poveri di Varese","description":"Evento rinviato a data da destinarsi","robots":{"index":"noindex","follow":"follow","max-snippet":"max-snippet:-1","max-image-preview":"max-image-preview:large","max-video-preview":"max-video-preview:-1"},"og_locale":"it_IT","og_type":"article","og_title":"Ai Giardini estensi una giornata di solidariet\u00e0 per le mense dei poveri di Varese","og_description":"Evento rinviato a data da destinarsi","og_url":"https:\/\/staging.varesenews.it\/2021\/09\/ai-giardini-estensi-giornata-solidarieta-le-mense-dei-poveri-varese\/1378659\/","og_site_name":"VareseNews","article_publisher":"https:\/\/www.facebook.com\/varesenews","article_published_time":"2021-09-15T14:16:24+00:00","article_modified_time":"2021-09-18T07:31:55+00:00","author":"Francesca Marutti","twitter_card":"summary_large_image","twitter_creator":"@varesenews","twitter_site":"@varesenews","twitter_misc":{"Scritto da":"Francesca Marutti","Tempo di lettura stimato":"2 minuti"},"schema":{"@context":"https:\/\/schema.org","@graph":[{"@type":"WebPage","@id":"https:\/\/staging.varesenews.it\/2021\/09\/ai-giardini-estensi-giornata-solidarieta-le-mense-dei-poveri-varese\/1378659\/","url":"https:\/\/staging.varesenews.it\/2021\/09\/ai-giardini-estensi-giornata-solidarieta-le-mense-dei-poveri-varese\/1378659\/","name":"Ai Giardini estensi una giornata di solidariet\u00e0 per le mense dei poveri di Varese","isPartOf":{"@id":"https:\/\/staging.varesenews.it\/#website"},"datePublished":"2021-09-15T14:16:24+00:00","dateModified":"2021-09-18T07:31:55+00:00","author":{"@id":"https:\/\/staging.varesenews.it\/#\/schema\/person\/e5bfa09f298528fa51a825030b185433"},"description":"Evento rinviato a data da destinarsi","breadcrumb":{"@id":"https:\/\/staging.varesenews.it\/2021\/09\/ai-giardini-estensi-giornata-solidarieta-le-mense-dei-poveri-varese\/1378659\/#breadcrumb"},"inLanguage":"it-IT","potentialAction":[{"@type":"ReadAction","target":["https:\/\/staging.varesenews.it\/2021\/09\/ai-giardini-estensi-giornata-solidarieta-le-mense-dei-poveri-varese\/1378659\/"]}]},{"@type":"BreadcrumbList","@id":"https:\/\/staging.varesenews.it\/2021\/09\/ai-giardini-estensi-giornata-solidarieta-le-mense-dei-poveri-varese\/1378659\/#breadcrumb","itemListElement":[{"@type":"ListItem","position":1,"name":"Home","item":"https:\/\/www.varesenews.it\/"},{"@type":"ListItem","position":2,"name":"Ai Giardini estensi una giornata di solidariet\u00e0 per le mense dei poveri di Varese"}]},{"@type":"WebSite","@id":"https:\/\/staging.varesenews.it\/#website","url":"https:\/\/staging.varesenews.it\/","name":"VareseNews","description":"","potentialAction":[{"@type":"SearchAction","target":{"@type":"EntryPoint","urlTemplate":"https:\/\/staging.varesenews.it\/?s={search_term_string}"},"query-input":"required name=search_term_string"}],"inLanguage":"it-IT"},{"@type":"Person","@id":"https:\/\/staging.varesenews.it\/#\/schema\/person\/e5bfa09f298528fa51a825030b185433","name":"Francesca Marutti","image":{"@type":"ImageObject","inLanguage":"it-IT","@id":"https:\/\/staging.varesenews.it\/#\/schema\/person\/image\/","url":"https:\/\/staging.varesenews.it\/wp-content\/uploads\/2015\/03\/mistery.jpg","contentUrl":"https:\/\/staging.varesenews.it\/wp-content\/uploads\/2015\/03\/mistery.jpg","caption":"Francesca Marutti"},"url":"https:\/\/staging.varesenews.it\/persona\/francesca-marutti\/"}]}},"post_meta":{"_edit_lock":"1631950404:52","_edit_last":"52","_category_permalink":"a:1:{s:8:\"category\";s:0:\"\";}","_yoast_wpseo_content_score":"30","_jd_tweet_this":"yes","argomento":"Varese","foto":"1246728","_encloseme":"1","ratings_users":"0","ratings_score":"0","ratings_average":"0","_wpt_short_url":"https:\/\/www.varesenews.it\/2021\/09\/ai-giardini-estensi-giornata-solidarieta-le-mense-dei-poveri-varese\/1378659\/","_wp_jd_target":"https:\/\/www.varesenews.it\/2021\/09\/ai-giardini-estensi-giornata-solidarieta-le-mense-dei-poveri-varese\/1378659\/","_jd_wp_twitter":"a:1:{i:0;s:218:\"Ai Giardini estensi una giornata di solidariet\u00e0 per le mense dei poveri di Varese https:\/\/www.varesenews.it\/2021\/09\/ai-giardini-estensi-giornata-solidarieta-le-mense-dei-poveri-varese\/1378659\/ #varesesolidale #weekend\";}","_wpt_status_message":"Tweet inviato con successo.","_oembed_72a9693267dc8f414e0ad820893ad2bd":"<blockquote class=\"wp-embedded-content\" data-secret=\"o0TqwgO6DX\"><a href=\"https:\/\/www.varesenews.it\/2021\/09\/sposarsi-provincia-varese-laveno-tiene-battesimo-varese-wedding-destination\/1378418\/\">Sposarsi in provincia di Varese, Laveno tiene a battesimo \u201cVarese Wedding Destination\u201d<\/a><\/blockquote><iframe class=\"wp-embedded-content\" sandbox=\"allow-scripts\" security=\"restricted\" style=\"position: absolute; clip: rect(1px, 1px, 1px, 1px);\" src=\"https:\/\/www.varesenews.it\/2021\/09\/sposarsi-provincia-varese-laveno-tiene-battesimo-varese-wedding-destination\/1378418\/embed\/#?secret=o0TqwgO6DX\" data-secret=\"o0TqwgO6DX\" width=\"500\" height=\"282\" title=\"&#8220;Sposarsi in provincia di Varese, Laveno tiene a battesimo \u201cVarese Wedding Destination\u201d&#8221; &#8212; VareseNews\" frameborder=\"0\" marginwidth=\"0\" marginheight=\"0\" scrolling=\"no\"><\/iframe>","_oembed_time_72a9693267dc8f414e0ad820893ad2bd":"1631715418","_oembed_243a0d122023e299bde379424db5db58":"<blockquote class=\"wp-embedded-content\" data-secret=\"epaLoUoAcz\"><a href=\"https:\/\/www.varesenews.it\/2021\/09\/troppi-green-pass-controllare-sul-traghetto-laveno-intra-sindaco-lobbligo-gli-studenti-va-rivisto\/1377650\/\">Troppi green pass da controllare sul traghetto Laveno-Intra. Il sindaco: &#8220;L&#8217;obbligo per gli studenti va rivisto&#8221;<\/a><\/blockquote><iframe class=\"wp-embedded-content\" sandbox=\"allow-scripts\" security=\"restricted\" style=\"position: absolute; clip: rect(1px, 1px, 1px, 1px);\" src=\"https:\/\/www.varesenews.it\/2021\/09\/troppi-green-pass-controllare-sul-traghetto-laveno-intra-sindaco-lobbligo-gli-studenti-va-rivisto\/1377650\/embed\/#?secret=epaLoUoAcz\" data-secret=\"epaLoUoAcz\" width=\"500\" height=\"282\" title=\"&#8220;Troppi green pass da controllare sul traghetto Laveno-Intra. Il sindaco: &#8220;L&#8217;obbligo per gli studenti va rivisto&#8221;&#8221; &#8212; VareseNews\" frameborder=\"0\" marginwidth=\"0\" marginheight=\"0\" scrolling=\"no\"><\/iframe>","_oembed_time_243a0d122023e299bde379424db5db58":"1631715418","_oembed_7ebe06e698cb6d24f4bb4a41e8fe8d1b":"<blockquote class=\"wp-embedded-content\" data-secret=\"RXaI99HJMM\"><a href=\"https:\/\/www.varesenews.it\/2021\/09\/pallida-openjobmetis-perde-anche-sassari-chiude-supercoppa-senza-sorrisi\/1378397\/\">Una pallida Openjobmetis perde anche a Sassari e chiude una Supercoppa senza sorrisi<\/a><\/blockquote><iframe class=\"wp-embedded-content\" sandbox=\"allow-scripts\" security=\"restricted\" style=\"position: absolute; clip: rect(1px, 1px, 1px, 1px);\" src=\"https:\/\/www.varesenews.it\/2021\/09\/pallida-openjobmetis-perde-anche-sassari-chiude-supercoppa-senza-sorrisi\/1378397\/embed\/#?secret=RXaI99HJMM\" data-secret=\"RXaI99HJMM\" width=\"500\" height=\"282\" title=\"&#8220;Una pallida Openjobmetis perde anche a Sassari e chiude una Supercoppa senza sorrisi&#8221; &#8212; VareseNews\" frameborder=\"0\" marginwidth=\"0\" marginheight=\"0\" scrolling=\"no\"><\/iframe>","_oembed_time_7ebe06e698cb6d24f4bb4a41e8fe8d1b":"1631715419","_oembed_8bcb08126a668b828d431d39560e4802":"<blockquote class=\"wp-embedded-content\" data-secret=\"rDupbzXzIS\"><a href=\"https:\/\/www.varesenews.it\/2021\/09\/vertemati-partita-negativa-troppe-palle-perse\/1378406\/\">Vertemati: &#8220;Partita negativa, troppe palle perse&#8221;<\/a><\/blockquote><iframe class=\"wp-embedded-content\" sandbox=\"allow-scripts\" security=\"restricted\" style=\"position: absolute; clip: rect(1px, 1px, 1px, 1px);\" src=\"https:\/\/www.varesenews.it\/2021\/09\/vertemati-partita-negativa-troppe-palle-perse\/1378406\/embed\/#?secret=rDupbzXzIS\" data-secret=\"rDupbzXzIS\" width=\"500\" height=\"282\" title=\"&#8220;Vertemati: &#8220;Partita negativa, troppe palle perse&#8221;&#8221; &#8212; VareseNews\" frameborder=\"0\" marginwidth=\"0\" marginheight=\"0\" scrolling=\"no\"><\/iframe>","_oembed_time_8bcb08126a668b828d431d39560e4802":"1631715419"},"photos":[{"original":"https:\/\/staging.varesenews.it\/photogallery_new\/images\/2021\/09\/generica-2020-1246728.jpg","full":"https:\/\/staging.varesenews.it\/photogallery_new\/images\/2021\/09\/generica-2020-1246728.1024x768.jpg","large":"https:\/\/staging.varesenews.it\/photogallery_new\/images\/2021\/09\/generica-2020-1246728.610x431.jpg"}],"_links":{"self":[{"href":"https:\/\/staging.varesenews.it\/swgapi\/v1\/wp\/v2\/posts\/1378659"}],"collection":[{"href":"https:\/\/staging.varesenews.it\/swgapi\/v1\/wp\/v2\/posts"}],"about":[{"href":"https:\/\/staging.varesenews.it\/swgapi\/v1\/wp\/v2\/types\/post"}],"author":[{"embeddable":true,"href":"https:\/\/staging.varesenews.it\/swgapi\/v1\/wp\/v2\/users\/21860"}],"replies":[{"embeddable":true,"href":"https:\/\/staging.varesenews.it\/swgapi\/v1\/wp\/v2\/comments?post=1378659"}],"version-history":[{"count":0,"href":"https:\/\/staging.varesenews.it\/swgapi\/v1\/wp\/v2\/posts\/1378659\/revisions"}],"wp:attachment":[{"href":"https:\/\/staging.varesenews.it\/swgapi\/v1\/wp\/v2\/media?parent=1378659"}],"wp:term":[{"taxonomy":"category","embeddable":true,"href":"https:\/\/staging.varesenews.it\/swgapi\/v1\/wp\/v2\/categories?post=1378659"},{"taxonomy":"post_tag","embeddable":true,"href":"https:\/\/staging.varesenews.it\/swgapi\/v1\/wp\/v2\/tags?post=1378659"}],"curies":[{"name":"wp","href":"https:\/\/api.w.org\/{rel}","templated":true}]}}